{"id":99,"date":"2023-02-15T22:08:22","date_gmt":"2023-02-15T22:08:22","guid":{"rendered":"https:\/\/arealorcaradio.es\/?p=99"},"modified":"2025-01-15T16:22:45","modified_gmt":"2025-01-15T16:22:45","slug":"area-lorca-radio-realiza-el-programa-especial-carnaval-2023-desde-aguilas","status":"publish","type":"post","link":"https:\/\/arealorcaradio.es\/index.php\/2023\/02\/15\/area-lorca-radio-realiza-el-programa-especial-carnaval-2023-desde-aguilas\/","title":{"rendered":"\u00c1rea Lorca Radio realiza el programa especial Carnaval 2023 desde \u00c1guilas"},"content":{"rendered":"<p><strong>\u00c1REA LORCA RADIO. Marina S\u00e1nchez.<\/strong><\/p>\n<p>Durante el programa especial de Carnaval Paco S\u00e1nchez ha contado con la alcaldesa de \u00c1guilas Mari Carmen Moreno, el concejal de Carnaval Crist\u00f3bal Casado, la cantante aguile\u00f1a Cristina Ad\u00e1n con su tema \u00abVolveremos a Brillar\u00bb, el vicepresidente de la Federaci\u00f3n de Pe\u00f1as de Carnaval Gin\u00e9s Parra y los ocho personajes del Carnaval 2023, cuatro adultos y cuatro infantiles.<\/p>\n<p>Escucha aqu\u00ed el programa \u00abEspecial Carnaval 2023\u00bb de \u00c1rea Lorca Radio.<\/p>\n<audio class=\"wp-audio-shortcode\" id=\"audio-99-1\" preload=\"none\" style=\"width: 100%;\" controls=\"controls\"><source type=\"audio\/mpeg\" src=\"https:\/\/arealorcaradio.es\/wp-content\/uploads\/2023\/02\/150223-PROGRAMA-CARNAVAL-AGUILAS.-CORTADO-OK.mp3?_=1\" \/><a href=\"https:\/\/arealorcaradio.es\/wp-content\/uploads\/2023\/02\/150223-PROGRAMA-CARNAVAL-AGUILAS.-CORTADO-OK.mp3\">https:\/\/arealorcaradio.es\/wp-content\/uploads\/2023\/02\/150223-PROGRAMA-CARNAVAL-AGUILAS.-CORTADO-OK.mp3<\/a><\/audio>\n<p><img loading=\"lazy\" decoding=\"async\" class=\"alignnone size-medium wp-image-103\" src=\"https:\/\/arealorcaradio.es\/wp-content\/uploads\/2023\/02\/C5A2853-300x200.jpg\" alt=\"\" width=\"300\" height=\"200\" srcset=\"https:\/\/arealorcaradio.es\/wp-content\/uploads\/2023\/02\/C5A2853-300x200.jpg 300w, https:\/\/arealorcaradio.es\/wp-content\/uploads\/2023\/02\/C5A2853-1024x683.jpg 1024w, https:\/\/arealorcaradio.es\/wp-content\/uploads\/2023\/02\/C5A2853-768x512.jpg 768w, https:\/\/arealorcaradio.es\/wp-content\/uploads\/2023\/02\/C5A2853-1536x1024.jpg 1536w, https:\/\/arealorcaradio.es\/wp-content\/uploads\/2023\/02\/C5A2853-2048x1365.jpg 2048w\" sizes=\"auto, (max-width: 300px) 100vw, 300px\" \/> <img loading=\"lazy\" decoding=\"async\" class=\"alignnone size-medium wp-image-104\" src=\"https:\/\/arealorcaradio.es\/wp-content\/uploads\/2023\/02\/C5A3053-300x200.jpg\" alt=\"\" width=\"300\" height=\"200\" srcset=\"https:\/\/arealorcaradio.es\/wp-content\/uploads\/2023\/02\/C5A3053-300x200.jpg 300w, https:\/\/arealorcaradio.es\/wp-content\/uploads\/2023\/02\/C5A3053-1024x682.jpg 1024w, https:\/\/arealorcaradio.es\/wp-content\/uploads\/2023\/02\/C5A3053-768x512.jpg 768w, https:\/\/arealorcaradio.es\/wp-content\/uploads\/2023\/02\/C5A3053-1536x1024.jpg 1536w, https:\/\/arealorcaradio.es\/wp-content\/uploads\/2023\/02\/C5A3053.jpg 2000w\" sizes=\"auto, (max-width: 300px) 100vw, 300px\" \/><\/p>\n<p><img loading=\"lazy\" decoding=\"async\" class=\"alignnone size-medium wp-image-105\" src=\"https:\/\/arealorcaradio.es\/wp-content\/uploads\/2023\/02\/C5A3329-300x200.jpg\" alt=\"\" width=\"300\" height=\"200\" srcset=\"https:\/\/arealorcaradio.es\/wp-content\/uploads\/2023\/02\/C5A3329-300x200.jpg 300w, https:\/\/arealorcaradio.es\/wp-content\/uploads\/2023\/02\/C5A3329-1024x683.jpg 1024w, https:\/\/arealorcaradio.es\/wp-content\/uploads\/2023\/02\/C5A3329-768x512.jpg 768w, https:\/\/arealorcaradio.es\/wp-content\/uploads\/2023\/02\/C5A3329-1536x1024.jpg 1536w, https:\/\/arealorcaradio.es\/wp-content\/uploads\/2023\/02\/C5A3329-2048x1365.jpg 2048w\" sizes=\"auto, (max-width: 300px) 100vw, 300px\" \/> <img loading=\"lazy\" decoding=\"async\" class=\"alignnone size-medium wp-image-106\" src=\"https:\/\/arealorcaradio.es\/wp-content\/uploads\/2023\/02\/C5A3119-300x200.jpg\" alt=\"\" width=\"300\" height=\"200\" srcset=\"https:\/\/arealorcaradio.es\/wp-content\/uploads\/2023\/02\/C5A3119-300x200.jpg 300w, https:\/\/arealorcaradio.es\/wp-content\/uploads\/2023\/02\/C5A3119-1024x683.jpg 1024w, https:\/\/arealorcaradio.es\/wp-content\/uploads\/2023\/02\/C5A3119-768x512.jpg 768w, https:\/\/arealorcaradio.es\/wp-content\/uploads\/2023\/02\/C5A3119-1536x1024.jpg 1536w, https:\/\/arealorcaradio.es\/wp-content\/uploads\/2023\/02\/C5A3119-2048x1365.jpg 2048w\" sizes=\"auto, (max-width: 300px) 100vw, 300px\" \/><\/p>\n<p><img loading=\"lazy\" decoding=\"async\" class=\"alignnone size-medium wp-image-111\" src=\"https:\/\/arealorcaradio.es\/wp-content\/uploads\/2023\/02\/C5A3200-300x200.jpg\" alt=\"\" width=\"300\" height=\"200\" srcset=\"https:\/\/arealorcaradio.es\/wp-content\/uploads\/2023\/02\/C5A3200-300x200.jpg 300w, https:\/\/arealorcaradio.es\/wp-content\/uploads\/2023\/02\/C5A3200-1024x683.jpg 1024w, https:\/\/arealorcaradio.es\/wp-content\/uploads\/2023\/02\/C5A3200-768x512.jpg 768w, https:\/\/arealorcaradio.es\/wp-content\/uploads\/2023\/02\/C5A3200-1536x1024.jpg 1536w, https:\/\/arealorcaradio.es\/wp-content\/uploads\/2023\/02\/C5A3200-2048x1365.jpg 2048w\" sizes=\"auto, (max-width: 300px) 100vw, 300px\" \/>\u00a0<img loading=\"lazy\" decoding=\"async\" class=\"alignnone size-medium wp-image-107\" src=\"https:\/\/arealorcaradio.es\/wp-content\/uploads\/2023\/02\/C5A3231-300x200.jpg\" alt=\"\" width=\"300\" height=\"200\" srcset=\"https:\/\/arealorcaradio.es\/wp-content\/uploads\/2023\/02\/C5A3231-300x200.jpg 300w, https:\/\/arealorcaradio.es\/wp-content\/uploads\/2023\/02\/C5A3231-1024x683.jpg 1024w, https:\/\/arealorcaradio.es\/wp-content\/uploads\/2023\/02\/C5A3231-768x512.jpg 768w, https:\/\/arealorcaradio.es\/wp-content\/uploads\/2023\/02\/C5A3231-1536x1024.jpg 1536w, https:\/\/arealorcaradio.es\/wp-content\/uploads\/2023\/02\/C5A3231-2048x1365.jpg 2048w\" sizes=\"auto, (max-width: 300px) 100vw, 300px\" \/> <img loading=\"lazy\" decoding=\"async\" class=\"alignnone size-medium wp-image-108\" src=\"https:\/\/arealorcaradio.es\/wp-content\/uploads\/2023\/02\/C5A3305-300x200.jpg\" alt=\"\" width=\"300\" height=\"200\" srcset=\"https:\/\/arealorcaradio.es\/wp-content\/uploads\/2023\/02\/C5A3305-300x200.jpg 300w, https:\/\/arealorcaradio.es\/wp-content\/uploads\/2023\/02\/C5A3305-1024x683.jpg 1024w, https:\/\/arealorcaradio.es\/wp-content\/uploads\/2023\/02\/C5A3305-768x512.jpg 768w, https:\/\/arealorcaradio.es\/wp-content\/uploads\/2023\/02\/C5A3305-1536x1024.jpg 1536w, https:\/\/arealorcaradio.es\/wp-content\/uploads\/2023\/02\/C5A3305-2048x1365.jpg 2048w\" sizes=\"auto, (max-width: 300px) 100vw, 300px\" \/><\/p>\n","protected":false},"excerpt":{"rendered":"<p>\u00c1REA LORCA RADIO. Marina S\u00e1nchez. Durante el programa especial de Carnaval Paco S\u00e1nchez ha contado con la alcaldesa de \u00c1guilas Mari Carmen Moreno, el concejal de Carnaval Crist\u00f3bal Casado, la cantante aguile\u00f1a Cristina Ad\u00e1n con su tema \u00abVolveremos a Brillar\u00bb, el vicepresidente de la Federaci\u00f3n de Pe\u00f1as de Carnaval Gin\u00e9s Parra y los ocho personajes [&hellip;]<\/p>\n","protected":false},"author":1,"featured_media":113,"comment_status":"open","ping_status":"open","sticky":false,"template":"","format":"standard","meta":{"iawp_total_views":6,"footnotes":""},"categories":[5,8],"tags":[],"class_list":["post-99","post","type-post","status-publish","format-standard","has-post-thumbnail","hentry","category-actualidad","category-aguilas"],"yoast_head":"<!-- This site is optimized with the Yoast SEO plugin v27.5 - https:\/\/yoast.com\/product\/yoast-seo-wordpress\/ -->\n<title>\u00c1rea Lorca Radio realiza el programa especial Carnaval 2023 desde \u00c1guilas - AREA LORCA RADIO<\/title>\n<meta name=\"robots\" content=\"index, follow, max-snippet:-1, max-image-preview:large, max-video-preview:-1\" \/>\n<link rel=\"canonical\" href=\"https:\/\/arealorcaradio.es\/index.php\/2023\/02\/15\/area-lorca-radio-realiza-el-programa-especial-carnaval-2023-desde-aguilas\/\" \/>\n<meta property=\"og:locale\" content=\"es_ES\" \/>\n<meta property=\"og:type\" content=\"article\" \/>\n<meta property=\"og:title\" content=\"\u00c1rea Lorca Radio realiza el programa especial Carnaval 2023 desde \u00c1guilas - AREA LORCA RADIO\" \/>\n<meta property=\"og:description\" content=\"\u00c1REA LORCA RADIO. Marina S\u00e1nchez. Durante el programa especial de Carnaval Paco S\u00e1nchez ha contado con la alcaldesa de \u00c1guilas Mari Carmen Moreno, el concejal de Carnaval Crist\u00f3bal Casado, la cantante aguile\u00f1a Cristina Ad\u00e1n con su tema \u00abVolveremos a Brillar\u00bb, el vicepresidente de la Federaci\u00f3n de Pe\u00f1as de Carnaval Gin\u00e9s Parra y los ocho personajes [&hellip;]\" \/>\n<meta property=\"og:url\" content=\"https:\/\/arealorcaradio.es\/index.php\/2023\/02\/15\/area-lorca-radio-realiza-el-programa-especial-carnaval-2023-desde-aguilas\/\" \/>\n<meta property=\"og:site_name\" content=\"AREA LORCA RADIO\" \/>\n<meta property=\"article:published_time\" content=\"2023-02-15T22:08:22+00:00\" \/>\n<meta property=\"article:modified_time\" content=\"2025-01-15T16:22:45+00:00\" \/>\n<meta property=\"og:image\" content=\"https:\/\/arealorcaradio.es\/wp-content\/uploads\/2023\/02\/IMG-20230215-WA0012.jpg\" \/>\n\t<meta property=\"og:image:width\" content=\"1200\" \/>\n\t<meta property=\"og:image:height\" content=\"940\" \/>\n\t<meta property=\"og:image:type\" content=\"image\/jpeg\" \/>\n<meta name=\"author\" content=\"Paco S\u00e1nchez\" \/>\n<meta name=\"twitter:card\" content=\"summary_large_image\" \/>\n<meta name=\"twitter:label1\" content=\"Escrito por\" \/>\n\t<meta name=\"twitter:data1\" content=\"Paco S\u00e1nchez\" \/>\n\t<meta name=\"twitter:label2\" content=\"Tiempo de lectura\" \/>\n\t<meta name=\"twitter:data2\" content=\"2 minutos\" \/>\n<script type=\"application\/ld+json\" class=\"yoast-schema-graph\">{\"@context\":\"https:\\\/\\\/schema.org\",\"@graph\":[{\"@type\":\"Article\",\"@id\":\"https:\\\/\\\/arealorcaradio.es\\\/index.php\\\/2023\\\/02\\\/15\\\/area-lorca-radio-realiza-el-programa-especial-carnaval-2023-desde-aguilas\\\/#article\",\"isPartOf\":{\"@id\":\"https:\\\/\\\/arealorcaradio.es\\\/index.php\\\/2023\\\/02\\\/15\\\/area-lorca-radio-realiza-el-programa-especial-carnaval-2023-desde-aguilas\\\/\"},\"author\":{\"name\":\"Paco S\u00e1nchez\",\"@id\":\"https:\\\/\\\/arealorcaradio.es\\\/#\\\/schema\\\/person\\\/9fae605fc25b0f2c83c1ab207139bd27\"},\"headline\":\"\u00c1rea Lorca Radio realiza el programa especial Carnaval 2023 desde \u00c1guilas\",\"datePublished\":\"2023-02-15T22:08:22+00:00\",\"dateModified\":\"2025-01-15T16:22:45+00:00\",\"mainEntityOfPage\":{\"@id\":\"https:\\\/\\\/arealorcaradio.es\\\/index.php\\\/2023\\\/02\\\/15\\\/area-lorca-radio-realiza-el-programa-especial-carnaval-2023-desde-aguilas\\\/\"},\"wordCount\":101,\"commentCount\":0,\"image\":{\"@id\":\"https:\\\/\\\/arealorcaradio.es\\\/index.php\\\/2023\\\/02\\\/15\\\/area-lorca-radio-realiza-el-programa-especial-carnaval-2023-desde-aguilas\\\/#primaryimage\"},\"thumbnailUrl\":\"https:\\\/\\\/arealorcaradio.es\\\/wp-content\\\/uploads\\\/2023\\\/02\\\/IMG-20230215-WA0012.jpg\",\"articleSection\":[\"ACTUALIDAD\",\"\u00c1GUILAS\"],\"inLanguage\":\"es\",\"potentialAction\":[{\"@type\":\"CommentAction\",\"name\":\"Comment\",\"target\":[\"https:\\\/\\\/arealorcaradio.es\\\/index.php\\\/2023\\\/02\\\/15\\\/area-lorca-radio-realiza-el-programa-especial-carnaval-2023-desde-aguilas\\\/#respond\"]}]},{\"@type\":\"WebPage\",\"@id\":\"https:\\\/\\\/arealorcaradio.es\\\/index.php\\\/2023\\\/02\\\/15\\\/area-lorca-radio-realiza-el-programa-especial-carnaval-2023-desde-aguilas\\\/\",\"url\":\"https:\\\/\\\/arealorcaradio.es\\\/index.php\\\/2023\\\/02\\\/15\\\/area-lorca-radio-realiza-el-programa-especial-carnaval-2023-desde-aguilas\\\/\",\"name\":\"\u00c1rea Lorca Radio realiza el programa especial Carnaval 2023 desde \u00c1guilas - AREA LORCA RADIO\",\"isPartOf\":{\"@id\":\"https:\\\/\\\/arealorcaradio.es\\\/#website\"},\"primaryImageOfPage\":{\"@id\":\"https:\\\/\\\/arealorcaradio.es\\\/index.php\\\/2023\\\/02\\\/15\\\/area-lorca-radio-realiza-el-programa-especial-carnaval-2023-desde-aguilas\\\/#primaryimage\"},\"image\":{\"@id\":\"https:\\\/\\\/arealorcaradio.es\\\/index.php\\\/2023\\\/02\\\/15\\\/area-lorca-radio-realiza-el-programa-especial-carnaval-2023-desde-aguilas\\\/#primaryimage\"},\"thumbnailUrl\":\"https:\\\/\\\/arealorcaradio.es\\\/wp-content\\\/uploads\\\/2023\\\/02\\\/IMG-20230215-WA0012.jpg\",\"datePublished\":\"2023-02-15T22:08:22+00:00\",\"dateModified\":\"2025-01-15T16:22:45+00:00\",\"author\":{\"@id\":\"https:\\\/\\\/arealorcaradio.es\\\/#\\\/schema\\\/person\\\/9fae605fc25b0f2c83c1ab207139bd27\"},\"breadcrumb\":{\"@id\":\"https:\\\/\\\/arealorcaradio.es\\\/index.php\\\/2023\\\/02\\\/15\\\/area-lorca-radio-realiza-el-programa-especial-carnaval-2023-desde-aguilas\\\/#breadcrumb\"},\"inLanguage\":\"es\",\"potentialAction\":[{\"@type\":\"ReadAction\",\"target\":[\"https:\\\/\\\/arealorcaradio.es\\\/index.php\\\/2023\\\/02\\\/15\\\/area-lorca-radio-realiza-el-programa-especial-carnaval-2023-desde-aguilas\\\/\"]}]},{\"@type\":\"ImageObject\",\"inLanguage\":\"es\",\"@id\":\"https:\\\/\\\/arealorcaradio.es\\\/index.php\\\/2023\\\/02\\\/15\\\/area-lorca-radio-realiza-el-programa-especial-carnaval-2023-desde-aguilas\\\/#primaryimage\",\"url\":\"https:\\\/\\\/arealorcaradio.es\\\/wp-content\\\/uploads\\\/2023\\\/02\\\/IMG-20230215-WA0012.jpg\",\"contentUrl\":\"https:\\\/\\\/arealorcaradio.es\\\/wp-content\\\/uploads\\\/2023\\\/02\\\/IMG-20230215-WA0012.jpg\",\"width\":1200,\"height\":940},{\"@type\":\"BreadcrumbList\",\"@id\":\"https:\\\/\\\/arealorcaradio.es\\\/index.php\\\/2023\\\/02\\\/15\\\/area-lorca-radio-realiza-el-programa-especial-carnaval-2023-desde-aguilas\\\/#breadcrumb\",\"itemListElement\":[{\"@type\":\"ListItem\",\"position\":1,\"name\":\"Portada\",\"item\":\"https:\\\/\\\/arealorcaradio.es\\\/\"},{\"@type\":\"ListItem\",\"position\":2,\"name\":\"\u00c1rea Lorca Radio realiza el programa especial Carnaval 2023 desde \u00c1guilas\"}]},{\"@type\":\"WebSite\",\"@id\":\"https:\\\/\\\/arealorcaradio.es\\\/#website\",\"url\":\"https:\\\/\\\/arealorcaradio.es\\\/\",\"name\":\"AREA LORCA RADIO\",\"description\":\"Descubre la programaci\u00f3n actual en \u00c1rea Lorca Radio, tu fuente de entrenamiento y noticias locales. Sintoniza ahora y mantente conectado online.\",\"potentialAction\":[{\"@type\":\"SearchAction\",\"target\":{\"@type\":\"EntryPoint\",\"urlTemplate\":\"https:\\\/\\\/arealorcaradio.es\\\/?s={search_term_string}\"},\"query-input\":{\"@type\":\"PropertyValueSpecification\",\"valueRequired\":true,\"valueName\":\"search_term_string\"}}],\"inLanguage\":\"es\"},{\"@type\":\"Person\",\"@id\":\"https:\\\/\\\/arealorcaradio.es\\\/#\\\/schema\\\/person\\\/9fae605fc25b0f2c83c1ab207139bd27\",\"name\":\"Paco S\u00e1nchez\",\"image\":{\"@type\":\"ImageObject\",\"inLanguage\":\"es\",\"@id\":\"https:\\\/\\\/secure.gravatar.com\\\/avatar\\\/d67144e966420fb74aa84c9f2a0103be4724fd14db52b52d3b6bca749f257e79?s=96&d=mm&r=g\",\"url\":\"https:\\\/\\\/secure.gravatar.com\\\/avatar\\\/d67144e966420fb74aa84c9f2a0103be4724fd14db52b52d3b6bca749f257e79?s=96&d=mm&r=g\",\"contentUrl\":\"https:\\\/\\\/secure.gravatar.com\\\/avatar\\\/d67144e966420fb74aa84c9f2a0103be4724fd14db52b52d3b6bca749f257e79?s=96&d=mm&r=g\",\"caption\":\"Paco S\u00e1nchez\"},\"sameAs\":[\"https:\\\/\\\/arealorcaradio.es\"],\"url\":\"https:\\\/\\\/arealorcaradio.es\\\/index.php\\\/author\\\/admin_alorcaradio\\\/\"}]}<\/script>\n<!-- \/ Yoast SEO plugin. -->","yoast_head_json":{"title":"\u00c1rea Lorca Radio realiza el programa especial Carnaval 2023 desde \u00c1guilas - AREA LORCA RADIO","robots":{"index":"index","follow":"follow","max-snippet":"max-snippet:-1","max-image-preview":"max-image-preview:large","max-video-preview":"max-video-preview:-1"},"canonical":"https:\/\/arealorcaradio.es\/index.php\/2023\/02\/15\/area-lorca-radio-realiza-el-programa-especial-carnaval-2023-desde-aguilas\/","og_locale":"es_ES","og_type":"article","og_title":"\u00c1rea Lorca Radio realiza el programa especial Carnaval 2023 desde \u00c1guilas - AREA LORCA RADIO","og_description":"\u00c1REA LORCA RADIO. Marina S\u00e1nchez. Durante el programa especial de Carnaval Paco S\u00e1nchez ha contado con la alcaldesa de \u00c1guilas Mari Carmen Moreno, el concejal de Carnaval Crist\u00f3bal Casado, la cantante aguile\u00f1a Cristina Ad\u00e1n con su tema \u00abVolveremos a Brillar\u00bb, el vicepresidente de la Federaci\u00f3n de Pe\u00f1as de Carnaval Gin\u00e9s Parra y los ocho personajes [&hellip;]","og_url":"https:\/\/arealorcaradio.es\/index.php\/2023\/02\/15\/area-lorca-radio-realiza-el-programa-especial-carnaval-2023-desde-aguilas\/","og_site_name":"AREA LORCA RADIO","article_published_time":"2023-02-15T22:08:22+00:00","article_modified_time":"2025-01-15T16:22:45+00:00","og_image":[{"width":1200,"height":940,"url":"https:\/\/arealorcaradio.es\/wp-content\/uploads\/2023\/02\/IMG-20230215-WA0012.jpg","type":"image\/jpeg"}],"author":"Paco S\u00e1nchez","twitter_card":"summary_large_image","twitter_misc":{"Escrito por":"Paco S\u00e1nchez","Tiempo de lectura":"2 minutos"},"schema":{"@context":"https:\/\/schema.org","@graph":[{"@type":"Article","@id":"https:\/\/arealorcaradio.es\/index.php\/2023\/02\/15\/area-lorca-radio-realiza-el-programa-especial-carnaval-2023-desde-aguilas\/#article","isPartOf":{"@id":"https:\/\/arealorcaradio.es\/index.php\/2023\/02\/15\/area-lorca-radio-realiza-el-programa-especial-carnaval-2023-desde-aguilas\/"},"author":{"name":"Paco S\u00e1nchez","@id":"https:\/\/arealorcaradio.es\/#\/schema\/person\/9fae605fc25b0f2c83c1ab207139bd27"},"headline":"\u00c1rea Lorca Radio realiza el programa especial Carnaval 2023 desde \u00c1guilas","datePublished":"2023-02-15T22:08:22+00:00","dateModified":"2025-01-15T16:22:45+00:00","mainEntityOfPage":{"@id":"https:\/\/arealorcaradio.es\/index.php\/2023\/02\/15\/area-lorca-radio-realiza-el-programa-especial-carnaval-2023-desde-aguilas\/"},"wordCount":101,"commentCount":0,"image":{"@id":"https:\/\/arealorcaradio.es\/index.php\/2023\/02\/15\/area-lorca-radio-realiza-el-programa-especial-carnaval-2023-desde-aguilas\/#primaryimage"},"thumbnailUrl":"https:\/\/arealorcaradio.es\/wp-content\/uploads\/2023\/02\/IMG-20230215-WA0012.jpg","articleSection":["ACTUALIDAD","\u00c1GUILAS"],"inLanguage":"es","potentialAction":[{"@type":"CommentAction","name":"Comment","target":["https:\/\/arealorcaradio.es\/index.php\/2023\/02\/15\/area-lorca-radio-realiza-el-programa-especial-carnaval-2023-desde-aguilas\/#respond"]}]},{"@type":"WebPage","@id":"https:\/\/arealorcaradio.es\/index.php\/2023\/02\/15\/area-lorca-radio-realiza-el-programa-especial-carnaval-2023-desde-aguilas\/","url":"https:\/\/arealorcaradio.es\/index.php\/2023\/02\/15\/area-lorca-radio-realiza-el-programa-especial-carnaval-2023-desde-aguilas\/","name":"\u00c1rea Lorca Radio realiza el programa especial Carnaval 2023 desde \u00c1guilas - AREA LORCA RADIO","isPartOf":{"@id":"https:\/\/arealorcaradio.es\/#website"},"primaryImageOfPage":{"@id":"https:\/\/arealorcaradio.es\/index.php\/2023\/02\/15\/area-lorca-radio-realiza-el-programa-especial-carnaval-2023-desde-aguilas\/#primaryimage"},"image":{"@id":"https:\/\/arealorcaradio.es\/index.php\/2023\/02\/15\/area-lorca-radio-realiza-el-programa-especial-carnaval-2023-desde-aguilas\/#primaryimage"},"thumbnailUrl":"https:\/\/arealorcaradio.es\/wp-content\/uploads\/2023\/02\/IMG-20230215-WA0012.jpg","datePublished":"2023-02-15T22:08:22+00:00","dateModified":"2025-01-15T16:22:45+00:00","author":{"@id":"https:\/\/arealorcaradio.es\/#\/schema\/person\/9fae605fc25b0f2c83c1ab207139bd27"},"breadcrumb":{"@id":"https:\/\/arealorcaradio.es\/index.php\/2023\/02\/15\/area-lorca-radio-realiza-el-programa-especial-carnaval-2023-desde-aguilas\/#breadcrumb"},"inLanguage":"es","potentialAction":[{"@type":"ReadAction","target":["https:\/\/arealorcaradio.es\/index.php\/2023\/02\/15\/area-lorca-radio-realiza-el-programa-especial-carnaval-2023-desde-aguilas\/"]}]},{"@type":"ImageObject","inLanguage":"es","@id":"https:\/\/arealorcaradio.es\/index.php\/2023\/02\/15\/area-lorca-radio-realiza-el-programa-especial-carnaval-2023-desde-aguilas\/#primaryimage","url":"https:\/\/arealorcaradio.es\/wp-content\/uploads\/2023\/02\/IMG-20230215-WA0012.jpg","contentUrl":"https:\/\/arealorcaradio.es\/wp-content\/uploads\/2023\/02\/IMG-20230215-WA0012.jpg","width":1200,"height":940},{"@type":"BreadcrumbList","@id":"https:\/\/arealorcaradio.es\/index.php\/2023\/02\/15\/area-lorca-radio-realiza-el-programa-especial-carnaval-2023-desde-aguilas\/#breadcrumb","itemListElement":[{"@type":"ListItem","position":1,"name":"Portada","item":"https:\/\/arealorcaradio.es\/"},{"@type":"ListItem","position":2,"name":"\u00c1rea Lorca Radio realiza el programa especial Carnaval 2023 desde \u00c1guilas"}]},{"@type":"WebSite","@id":"https:\/\/arealorcaradio.es\/#website","url":"https:\/\/arealorcaradio.es\/","name":"AREA LORCA RADIO","description":"Descubre la programaci\u00f3n actual en \u00c1rea Lorca Radio, tu fuente de entrenamiento y noticias locales. Sintoniza ahora y mantente conectado online.","potentialAction":[{"@type":"SearchAction","target":{"@type":"EntryPoint","urlTemplate":"https:\/\/arealorcaradio.es\/?s={search_term_string}"},"query-input":{"@type":"PropertyValueSpecification","valueRequired":true,"valueName":"search_term_string"}}],"inLanguage":"es"},{"@type":"Person","@id":"https:\/\/arealorcaradio.es\/#\/schema\/person\/9fae605fc25b0f2c83c1ab207139bd27","name":"Paco S\u00e1nchez","image":{"@type":"ImageObject","inLanguage":"es","@id":"https:\/\/secure.gravatar.com\/avatar\/d67144e966420fb74aa84c9f2a0103be4724fd14db52b52d3b6bca749f257e79?s=96&d=mm&r=g","url":"https:\/\/secure.gravatar.com\/avatar\/d67144e966420fb74aa84c9f2a0103be4724fd14db52b52d3b6bca749f257e79?s=96&d=mm&r=g","contentUrl":"https:\/\/secure.gravatar.com\/avatar\/d67144e966420fb74aa84c9f2a0103be4724fd14db52b52d3b6bca749f257e79?s=96&d=mm&r=g","caption":"Paco S\u00e1nchez"},"sameAs":["https:\/\/arealorcaradio.es"],"url":"https:\/\/arealorcaradio.es\/index.php\/author\/admin_alorcaradio\/"}]}},"_links":{"self":[{"href":"https:\/\/arealorcaradio.es\/index.php\/wp-json\/wp\/v2\/posts\/99","targetHints":{"allow":["GET"]}}],"collection":[{"href":"https:\/\/arealorcaradio.es\/index.php\/wp-json\/wp\/v2\/posts"}],"about":[{"href":"https:\/\/arealorcaradio.es\/index.php\/wp-json\/wp\/v2\/types\/post"}],"author":[{"embeddable":true,"href":"https:\/\/arealorcaradio.es\/index.php\/wp-json\/wp\/v2\/users\/1"}],"replies":[{"embeddable":true,"href":"https:\/\/arealorcaradio.es\/index.php\/wp-json\/wp\/v2\/comments?post=99"}],"version-history":[{"count":4,"href":"https:\/\/arealorcaradio.es\/index.php\/wp-json\/wp\/v2\/posts\/99\/revisions"}],"predecessor-version":[{"id":5194,"href":"https:\/\/arealorcaradio.es\/index.php\/wp-json\/wp\/v2\/posts\/99\/revisions\/5194"}],"wp:featuredmedia":[{"embeddable":true,"href":"https:\/\/arealorcaradio.es\/index.php\/wp-json\/wp\/v2\/media\/113"}],"wp:attachment":[{"href":"https:\/\/arealorcaradio.es\/index.php\/wp-json\/wp\/v2\/media?parent=99"}],"wp:term":[{"taxonomy":"category","embeddable":true,"href":"https:\/\/arealorcaradio.es\/index.php\/wp-json\/wp\/v2\/categories?post=99"},{"taxonomy":"post_tag","embeddable":true,"href":"https:\/\/arealorcaradio.es\/index.php\/wp-json\/wp\/v2\/tags?post=99"}],"curies":[{"name":"wp","href":"https:\/\/api.w.org\/{rel}","templated":true}]}}