{"id":958,"date":"2023-05-30T16:57:58","date_gmt":"2023-05-30T16:57:58","guid":{"rendered":"https:\/\/arealorcaradio.es\/?p=958"},"modified":"2023-05-30T16:57:58","modified_gmt":"2023-05-30T16:57:58","slug":"el-partido-popular-de-lorca-escuchara-a-vox-pero-avisa-que-quiere-desarrollar-en-solitario-su-propio-programa-electoral","status":"publish","type":"post","link":"https:\/\/arealorcaradio.es\/index.php\/2023\/05\/30\/el-partido-popular-de-lorca-escuchara-a-vox-pero-avisa-que-quiere-desarrollar-en-solitario-su-propio-programa-electoral\/","title":{"rendered":"El Partido Popular de Lorca escuchar\u00e1 a Vox pero avisa que quiere desarrollar en solitario su propio programa electoral"},"content":{"rendered":"<p>\u00c1REA LORCA ACTUALIDAD.<\/p>\n<p>Escucha aqu\u00ed la entrevista que ha concedido a Paco S\u00e1nchez en el magazine \u00c1rea Lorca Actualidad la Secretaria General del Partido Popular en Lorca y N\u00ba2 en las listas de Fulgencio Gil, Rosa Mar\u00eda Medina, qui\u00e9n ha reconocido que desde el Partido Popular tienen la principal intenci\u00f3n de desarrollar su propio programa pol\u00edtico durante estos pr\u00f3ximos cuatro a\u00f1os en el Ayuntamiento de Lorca tras la consecuci\u00f3n de 11 concejales y el apoyo de m\u00e1s de 16000 lorquinos y lorquinas. Desde el Partido Popular esperan poder formar el gobierno municipal y por tanto la toma de posesi\u00f3n como alcalde de Lorca, Fulgencio Gil el pr\u00f3ximo s\u00e1bado 17 de junio.<\/p>\n<audio class=\"wp-audio-shortcode\" id=\"audio-958-1\" preload=\"none\" style=\"width: 100%;\" controls=\"controls\"><source type=\"audio\/mpeg\" src=\"https:\/\/arealorcaradio.es\/wp-content\/uploads\/2023\/05\/300523-ROSA-MARIA-MEDINA.-POST-ELECCIONES-28M.mp3?_=1\" \/><a href=\"https:\/\/arealorcaradio.es\/wp-content\/uploads\/2023\/05\/300523-ROSA-MARIA-MEDINA.-POST-ELECCIONES-28M.mp3\">https:\/\/arealorcaradio.es\/wp-content\/uploads\/2023\/05\/300523-ROSA-MARIA-MEDINA.-POST-ELECCIONES-28M.mp3<\/a><\/audio>\n","protected":false},"excerpt":{"rendered":"<p>\u00c1REA LORCA ACTUALIDAD. Escucha aqu\u00ed la entrevista que ha concedido a Paco S\u00e1nchez en el magazine \u00c1rea Lorca Actualidad la Secretaria General del Partido Popular en Lorca y N\u00ba2 en las listas de Fulgencio Gil, Rosa Mar\u00eda Medina, qui\u00e9n ha reconocido que desde el Partido Popular tienen la principal intenci\u00f3n de desarrollar su propio programa [&hellip;]<\/p>\n","protected":false},"author":1,"featured_media":960,"comment_status":"open","ping_status":"open","sticky":false,"template":"","format":"standard","meta":{"iawp_total_views":2,"footnotes":""},"categories":[5],"tags":[],"class_list":["post-958","post","type-post","status-publish","format-standard","has-post-thumbnail","hentry","category-actualidad"],"yoast_head":"<!-- This site is optimized with the Yoast SEO plugin v27.5 - https:\/\/yoast.com\/product\/yoast-seo-wordpress\/ -->\n<title>El Partido Popular de Lorca escuchar\u00e1 a Vox pero avisa que quiere desarrollar en solitario su propio programa electoral - AREA LORCA RADIO<\/title>\n<meta name=\"robots\" content=\"index, follow, max-snippet:-1, max-image-preview:large, max-video-preview:-1\" \/>\n<link rel=\"canonical\" href=\"https:\/\/arealorcaradio.es\/index.php\/2023\/05\/30\/el-partido-popular-de-lorca-escuchara-a-vox-pero-avisa-que-quiere-desarrollar-en-solitario-su-propio-programa-electoral\/\" \/>\n<meta property=\"og:locale\" content=\"es_ES\" \/>\n<meta property=\"og:type\" content=\"article\" \/>\n<meta property=\"og:title\" content=\"El Partido Popular de Lorca escuchar\u00e1 a Vox pero avisa que quiere desarrollar en solitario su propio programa electoral - AREA LORCA RADIO\" \/>\n<meta property=\"og:description\" content=\"\u00c1REA LORCA ACTUALIDAD. Escucha aqu\u00ed la entrevista que ha concedido a Paco S\u00e1nchez en el magazine \u00c1rea Lorca Actualidad la Secretaria General del Partido Popular en Lorca y N\u00ba2 en las listas de Fulgencio Gil, Rosa Mar\u00eda Medina, qui\u00e9n ha reconocido que desde el Partido Popular tienen la principal intenci\u00f3n de desarrollar su propio programa [&hellip;]\" \/>\n<meta property=\"og:url\" content=\"https:\/\/arealorcaradio.es\/index.php\/2023\/05\/30\/el-partido-popular-de-lorca-escuchara-a-vox-pero-avisa-que-quiere-desarrollar-en-solitario-su-propio-programa-electoral\/\" \/>\n<meta property=\"og:site_name\" content=\"AREA LORCA RADIO\" \/>\n<meta property=\"article:published_time\" content=\"2023-05-30T16:57:58+00:00\" \/>\n<meta property=\"og:image\" content=\"https:\/\/arealorcaradio.es\/wp-content\/uploads\/2023\/05\/20230530_164514-scaled.jpg\" \/>\n\t<meta property=\"og:image:width\" content=\"2560\" \/>\n\t<meta property=\"og:image:height\" content=\"1920\" \/>\n\t<meta property=\"og:image:type\" content=\"image\/jpeg\" \/>\n<meta name=\"author\" content=\"Paco S\u00e1nchez\" \/>\n<meta name=\"twitter:card\" content=\"summary_large_image\" \/>\n<meta name=\"twitter:label1\" content=\"Escrito por\" \/>\n\t<meta name=\"twitter:data1\" content=\"Paco S\u00e1nchez\" \/>\n\t<meta name=\"twitter:label2\" content=\"Tiempo de lectura\" \/>\n\t<meta name=\"twitter:data2\" content=\"1 minuto\" \/>\n<script type=\"application\/ld+json\" class=\"yoast-schema-graph\">{\"@context\":\"https:\\\/\\\/schema.org\",\"@graph\":[{\"@type\":\"Article\",\"@id\":\"https:\\\/\\\/arealorcaradio.es\\\/index.php\\\/2023\\\/05\\\/30\\\/el-partido-popular-de-lorca-escuchara-a-vox-pero-avisa-que-quiere-desarrollar-en-solitario-su-propio-programa-electoral\\\/#article\",\"isPartOf\":{\"@id\":\"https:\\\/\\\/arealorcaradio.es\\\/index.php\\\/2023\\\/05\\\/30\\\/el-partido-popular-de-lorca-escuchara-a-vox-pero-avisa-que-quiere-desarrollar-en-solitario-su-propio-programa-electoral\\\/\"},\"author\":{\"name\":\"Paco S\u00e1nchez\",\"@id\":\"https:\\\/\\\/arealorcaradio.es\\\/#\\\/schema\\\/person\\\/9fae605fc25b0f2c83c1ab207139bd27\"},\"headline\":\"El Partido Popular de Lorca escuchar\u00e1 a Vox pero avisa que quiere desarrollar en solitario su propio programa electoral\",\"datePublished\":\"2023-05-30T16:57:58+00:00\",\"mainEntityOfPage\":{\"@id\":\"https:\\\/\\\/arealorcaradio.es\\\/index.php\\\/2023\\\/05\\\/30\\\/el-partido-popular-de-lorca-escuchara-a-vox-pero-avisa-que-quiere-desarrollar-en-solitario-su-propio-programa-electoral\\\/\"},\"wordCount\":151,\"commentCount\":0,\"image\":{\"@id\":\"https:\\\/\\\/arealorcaradio.es\\\/index.php\\\/2023\\\/05\\\/30\\\/el-partido-popular-de-lorca-escuchara-a-vox-pero-avisa-que-quiere-desarrollar-en-solitario-su-propio-programa-electoral\\\/#primaryimage\"},\"thumbnailUrl\":\"https:\\\/\\\/arealorcaradio.es\\\/wp-content\\\/uploads\\\/2023\\\/05\\\/20230530_164514-scaled.jpg\",\"articleSection\":[\"ACTUALIDAD\"],\"inLanguage\":\"es\",\"potentialAction\":[{\"@type\":\"CommentAction\",\"name\":\"Comment\",\"target\":[\"https:\\\/\\\/arealorcaradio.es\\\/index.php\\\/2023\\\/05\\\/30\\\/el-partido-popular-de-lorca-escuchara-a-vox-pero-avisa-que-quiere-desarrollar-en-solitario-su-propio-programa-electoral\\\/#respond\"]}]},{\"@type\":\"WebPage\",\"@id\":\"https:\\\/\\\/arealorcaradio.es\\\/index.php\\\/2023\\\/05\\\/30\\\/el-partido-popular-de-lorca-escuchara-a-vox-pero-avisa-que-quiere-desarrollar-en-solitario-su-propio-programa-electoral\\\/\",\"url\":\"https:\\\/\\\/arealorcaradio.es\\\/index.php\\\/2023\\\/05\\\/30\\\/el-partido-popular-de-lorca-escuchara-a-vox-pero-avisa-que-quiere-desarrollar-en-solitario-su-propio-programa-electoral\\\/\",\"name\":\"El Partido Popular de Lorca escuchar\u00e1 a Vox pero avisa que quiere desarrollar en solitario su propio programa electoral - AREA LORCA RADIO\",\"isPartOf\":{\"@id\":\"https:\\\/\\\/arealorcaradio.es\\\/#website\"},\"primaryImageOfPage\":{\"@id\":\"https:\\\/\\\/arealorcaradio.es\\\/index.php\\\/2023\\\/05\\\/30\\\/el-partido-popular-de-lorca-escuchara-a-vox-pero-avisa-que-quiere-desarrollar-en-solitario-su-propio-programa-electoral\\\/#primaryimage\"},\"image\":{\"@id\":\"https:\\\/\\\/arealorcaradio.es\\\/index.php\\\/2023\\\/05\\\/30\\\/el-partido-popular-de-lorca-escuchara-a-vox-pero-avisa-que-quiere-desarrollar-en-solitario-su-propio-programa-electoral\\\/#primaryimage\"},\"thumbnailUrl\":\"https:\\\/\\\/arealorcaradio.es\\\/wp-content\\\/uploads\\\/2023\\\/05\\\/20230530_164514-scaled.jpg\",\"datePublished\":\"2023-05-30T16:57:58+00:00\",\"author\":{\"@id\":\"https:\\\/\\\/arealorcaradio.es\\\/#\\\/schema\\\/person\\\/9fae605fc25b0f2c83c1ab207139bd27\"},\"breadcrumb\":{\"@id\":\"https:\\\/\\\/arealorcaradio.es\\\/index.php\\\/2023\\\/05\\\/30\\\/el-partido-popular-de-lorca-escuchara-a-vox-pero-avisa-que-quiere-desarrollar-en-solitario-su-propio-programa-electoral\\\/#breadcrumb\"},\"inLanguage\":\"es\",\"potentialAction\":[{\"@type\":\"ReadAction\",\"target\":[\"https:\\\/\\\/arealorcaradio.es\\\/index.php\\\/2023\\\/05\\\/30\\\/el-partido-popular-de-lorca-escuchara-a-vox-pero-avisa-que-quiere-desarrollar-en-solitario-su-propio-programa-electoral\\\/\"]}]},{\"@type\":\"ImageObject\",\"inLanguage\":\"es\",\"@id\":\"https:\\\/\\\/arealorcaradio.es\\\/index.php\\\/2023\\\/05\\\/30\\\/el-partido-popular-de-lorca-escuchara-a-vox-pero-avisa-que-quiere-desarrollar-en-solitario-su-propio-programa-electoral\\\/#primaryimage\",\"url\":\"https:\\\/\\\/arealorcaradio.es\\\/wp-content\\\/uploads\\\/2023\\\/05\\\/20230530_164514-scaled.jpg\",\"contentUrl\":\"https:\\\/\\\/arealorcaradio.es\\\/wp-content\\\/uploads\\\/2023\\\/05\\\/20230530_164514-scaled.jpg\",\"width\":2560,\"height\":1920},{\"@type\":\"BreadcrumbList\",\"@id\":\"https:\\\/\\\/arealorcaradio.es\\\/index.php\\\/2023\\\/05\\\/30\\\/el-partido-popular-de-lorca-escuchara-a-vox-pero-avisa-que-quiere-desarrollar-en-solitario-su-propio-programa-electoral\\\/#breadcrumb\",\"itemListElement\":[{\"@type\":\"ListItem\",\"position\":1,\"name\":\"Portada\",\"item\":\"https:\\\/\\\/arealorcaradio.es\\\/\"},{\"@type\":\"ListItem\",\"position\":2,\"name\":\"El Partido Popular de Lorca escuchar\u00e1 a Vox pero avisa que quiere desarrollar en solitario su propio programa electoral\"}]},{\"@type\":\"WebSite\",\"@id\":\"https:\\\/\\\/arealorcaradio.es\\\/#website\",\"url\":\"https:\\\/\\\/arealorcaradio.es\\\/\",\"name\":\"AREA LORCA RADIO\",\"description\":\"Descubre la programaci\u00f3n actual en \u00c1rea Lorca Radio, tu fuente de entrenamiento y noticias locales. Sintoniza ahora y mantente conectado online.\",\"potentialAction\":[{\"@type\":\"SearchAction\",\"target\":{\"@type\":\"EntryPoint\",\"urlTemplate\":\"https:\\\/\\\/arealorcaradio.es\\\/?s={search_term_string}\"},\"query-input\":{\"@type\":\"PropertyValueSpecification\",\"valueRequired\":true,\"valueName\":\"search_term_string\"}}],\"inLanguage\":\"es\"},{\"@type\":\"Person\",\"@id\":\"https:\\\/\\\/arealorcaradio.es\\\/#\\\/schema\\\/person\\\/9fae605fc25b0f2c83c1ab207139bd27\",\"name\":\"Paco S\u00e1nchez\",\"image\":{\"@type\":\"ImageObject\",\"inLanguage\":\"es\",\"@id\":\"https:\\\/\\\/secure.gravatar.com\\\/avatar\\\/d67144e966420fb74aa84c9f2a0103be4724fd14db52b52d3b6bca749f257e79?s=96&d=mm&r=g\",\"url\":\"https:\\\/\\\/secure.gravatar.com\\\/avatar\\\/d67144e966420fb74aa84c9f2a0103be4724fd14db52b52d3b6bca749f257e79?s=96&d=mm&r=g\",\"contentUrl\":\"https:\\\/\\\/secure.gravatar.com\\\/avatar\\\/d67144e966420fb74aa84c9f2a0103be4724fd14db52b52d3b6bca749f257e79?s=96&d=mm&r=g\",\"caption\":\"Paco S\u00e1nchez\"},\"sameAs\":[\"https:\\\/\\\/arealorcaradio.es\"],\"url\":\"https:\\\/\\\/arealorcaradio.es\\\/index.php\\\/author\\\/admin_alorcaradio\\\/\"}]}<\/script>\n<!-- \/ Yoast SEO plugin. -->","yoast_head_json":{"title":"El Partido Popular de Lorca escuchar\u00e1 a Vox pero avisa que quiere desarrollar en solitario su propio programa electoral - AREA LORCA RADIO","robots":{"index":"index","follow":"follow","max-snippet":"max-snippet:-1","max-image-preview":"max-image-preview:large","max-video-preview":"max-video-preview:-1"},"canonical":"https:\/\/arealorcaradio.es\/index.php\/2023\/05\/30\/el-partido-popular-de-lorca-escuchara-a-vox-pero-avisa-que-quiere-desarrollar-en-solitario-su-propio-programa-electoral\/","og_locale":"es_ES","og_type":"article","og_title":"El Partido Popular de Lorca escuchar\u00e1 a Vox pero avisa que quiere desarrollar en solitario su propio programa electoral - AREA LORCA RADIO","og_description":"\u00c1REA LORCA ACTUALIDAD. Escucha aqu\u00ed la entrevista que ha concedido a Paco S\u00e1nchez en el magazine \u00c1rea Lorca Actualidad la Secretaria General del Partido Popular en Lorca y N\u00ba2 en las listas de Fulgencio Gil, Rosa Mar\u00eda Medina, qui\u00e9n ha reconocido que desde el Partido Popular tienen la principal intenci\u00f3n de desarrollar su propio programa [&hellip;]","og_url":"https:\/\/arealorcaradio.es\/index.php\/2023\/05\/30\/el-partido-popular-de-lorca-escuchara-a-vox-pero-avisa-que-quiere-desarrollar-en-solitario-su-propio-programa-electoral\/","og_site_name":"AREA LORCA RADIO","article_published_time":"2023-05-30T16:57:58+00:00","og_image":[{"width":2560,"height":1920,"url":"https:\/\/arealorcaradio.es\/wp-content\/uploads\/2023\/05\/20230530_164514-scaled.jpg","type":"image\/jpeg"}],"author":"Paco S\u00e1nchez","twitter_card":"summary_large_image","twitter_misc":{"Escrito por":"Paco S\u00e1nchez","Tiempo de lectura":"1 minuto"},"schema":{"@context":"https:\/\/schema.org","@graph":[{"@type":"Article","@id":"https:\/\/arealorcaradio.es\/index.php\/2023\/05\/30\/el-partido-popular-de-lorca-escuchara-a-vox-pero-avisa-que-quiere-desarrollar-en-solitario-su-propio-programa-electoral\/#article","isPartOf":{"@id":"https:\/\/arealorcaradio.es\/index.php\/2023\/05\/30\/el-partido-popular-de-lorca-escuchara-a-vox-pero-avisa-que-quiere-desarrollar-en-solitario-su-propio-programa-electoral\/"},"author":{"name":"Paco S\u00e1nchez","@id":"https:\/\/arealorcaradio.es\/#\/schema\/person\/9fae605fc25b0f2c83c1ab207139bd27"},"headline":"El Partido Popular de Lorca escuchar\u00e1 a Vox pero avisa que quiere desarrollar en solitario su propio programa electoral","datePublished":"2023-05-30T16:57:58+00:00","mainEntityOfPage":{"@id":"https:\/\/arealorcaradio.es\/index.php\/2023\/05\/30\/el-partido-popular-de-lorca-escuchara-a-vox-pero-avisa-que-quiere-desarrollar-en-solitario-su-propio-programa-electoral\/"},"wordCount":151,"commentCount":0,"image":{"@id":"https:\/\/arealorcaradio.es\/index.php\/2023\/05\/30\/el-partido-popular-de-lorca-escuchara-a-vox-pero-avisa-que-quiere-desarrollar-en-solitario-su-propio-programa-electoral\/#primaryimage"},"thumbnailUrl":"https:\/\/arealorcaradio.es\/wp-content\/uploads\/2023\/05\/20230530_164514-scaled.jpg","articleSection":["ACTUALIDAD"],"inLanguage":"es","potentialAction":[{"@type":"CommentAction","name":"Comment","target":["https:\/\/arealorcaradio.es\/index.php\/2023\/05\/30\/el-partido-popular-de-lorca-escuchara-a-vox-pero-avisa-que-quiere-desarrollar-en-solitario-su-propio-programa-electoral\/#respond"]}]},{"@type":"WebPage","@id":"https:\/\/arealorcaradio.es\/index.php\/2023\/05\/30\/el-partido-popular-de-lorca-escuchara-a-vox-pero-avisa-que-quiere-desarrollar-en-solitario-su-propio-programa-electoral\/","url":"https:\/\/arealorcaradio.es\/index.php\/2023\/05\/30\/el-partido-popular-de-lorca-escuchara-a-vox-pero-avisa-que-quiere-desarrollar-en-solitario-su-propio-programa-electoral\/","name":"El Partido Popular de Lorca escuchar\u00e1 a Vox pero avisa que quiere desarrollar en solitario su propio programa electoral - AREA LORCA RADIO","isPartOf":{"@id":"https:\/\/arealorcaradio.es\/#website"},"primaryImageOfPage":{"@id":"https:\/\/arealorcaradio.es\/index.php\/2023\/05\/30\/el-partido-popular-de-lorca-escuchara-a-vox-pero-avisa-que-quiere-desarrollar-en-solitario-su-propio-programa-electoral\/#primaryimage"},"image":{"@id":"https:\/\/arealorcaradio.es\/index.php\/2023\/05\/30\/el-partido-popular-de-lorca-escuchara-a-vox-pero-avisa-que-quiere-desarrollar-en-solitario-su-propio-programa-electoral\/#primaryimage"},"thumbnailUrl":"https:\/\/arealorcaradio.es\/wp-content\/uploads\/2023\/05\/20230530_164514-scaled.jpg","datePublished":"2023-05-30T16:57:58+00:00","author":{"@id":"https:\/\/arealorcaradio.es\/#\/schema\/person\/9fae605fc25b0f2c83c1ab207139bd27"},"breadcrumb":{"@id":"https:\/\/arealorcaradio.es\/index.php\/2023\/05\/30\/el-partido-popular-de-lorca-escuchara-a-vox-pero-avisa-que-quiere-desarrollar-en-solitario-su-propio-programa-electoral\/#breadcrumb"},"inLanguage":"es","potentialAction":[{"@type":"ReadAction","target":["https:\/\/arealorcaradio.es\/index.php\/2023\/05\/30\/el-partido-popular-de-lorca-escuchara-a-vox-pero-avisa-que-quiere-desarrollar-en-solitario-su-propio-programa-electoral\/"]}]},{"@type":"ImageObject","inLanguage":"es","@id":"https:\/\/arealorcaradio.es\/index.php\/2023\/05\/30\/el-partido-popular-de-lorca-escuchara-a-vox-pero-avisa-que-quiere-desarrollar-en-solitario-su-propio-programa-electoral\/#primaryimage","url":"https:\/\/arealorcaradio.es\/wp-content\/uploads\/2023\/05\/20230530_164514-scaled.jpg","contentUrl":"https:\/\/arealorcaradio.es\/wp-content\/uploads\/2023\/05\/20230530_164514-scaled.jpg","width":2560,"height":1920},{"@type":"BreadcrumbList","@id":"https:\/\/arealorcaradio.es\/index.php\/2023\/05\/30\/el-partido-popular-de-lorca-escuchara-a-vox-pero-avisa-que-quiere-desarrollar-en-solitario-su-propio-programa-electoral\/#breadcrumb","itemListElement":[{"@type":"ListItem","position":1,"name":"Portada","item":"https:\/\/arealorcaradio.es\/"},{"@type":"ListItem","position":2,"name":"El Partido Popular de Lorca escuchar\u00e1 a Vox pero avisa que quiere desarrollar en solitario su propio programa electoral"}]},{"@type":"WebSite","@id":"https:\/\/arealorcaradio.es\/#website","url":"https:\/\/arealorcaradio.es\/","name":"AREA LORCA RADIO","description":"Descubre la programaci\u00f3n actual en \u00c1rea Lorca Radio, tu fuente de entrenamiento y noticias locales. Sintoniza ahora y mantente conectado online.","potentialAction":[{"@type":"SearchAction","target":{"@type":"EntryPoint","urlTemplate":"https:\/\/arealorcaradio.es\/?s={search_term_string}"},"query-input":{"@type":"PropertyValueSpecification","valueRequired":true,"valueName":"search_term_string"}}],"inLanguage":"es"},{"@type":"Person","@id":"https:\/\/arealorcaradio.es\/#\/schema\/person\/9fae605fc25b0f2c83c1ab207139bd27","name":"Paco S\u00e1nchez","image":{"@type":"ImageObject","inLanguage":"es","@id":"https:\/\/secure.gravatar.com\/avatar\/d67144e966420fb74aa84c9f2a0103be4724fd14db52b52d3b6bca749f257e79?s=96&d=mm&r=g","url":"https:\/\/secure.gravatar.com\/avatar\/d67144e966420fb74aa84c9f2a0103be4724fd14db52b52d3b6bca749f257e79?s=96&d=mm&r=g","contentUrl":"https:\/\/secure.gravatar.com\/avatar\/d67144e966420fb74aa84c9f2a0103be4724fd14db52b52d3b6bca749f257e79?s=96&d=mm&r=g","caption":"Paco S\u00e1nchez"},"sameAs":["https:\/\/arealorcaradio.es"],"url":"https:\/\/arealorcaradio.es\/index.php\/author\/admin_alorcaradio\/"}]}},"_links":{"self":[{"href":"https:\/\/arealorcaradio.es\/index.php\/wp-json\/wp\/v2\/posts\/958","targetHints":{"allow":["GET"]}}],"collection":[{"href":"https:\/\/arealorcaradio.es\/index.php\/wp-json\/wp\/v2\/posts"}],"about":[{"href":"https:\/\/arealorcaradio.es\/index.php\/wp-json\/wp\/v2\/types\/post"}],"author":[{"embeddable":true,"href":"https:\/\/arealorcaradio.es\/index.php\/wp-json\/wp\/v2\/users\/1"}],"replies":[{"embeddable":true,"href":"https:\/\/arealorcaradio.es\/index.php\/wp-json\/wp\/v2\/comments?post=958"}],"version-history":[{"count":2,"href":"https:\/\/arealorcaradio.es\/index.php\/wp-json\/wp\/v2\/posts\/958\/revisions"}],"predecessor-version":[{"id":962,"href":"https:\/\/arealorcaradio.es\/index.php\/wp-json\/wp\/v2\/posts\/958\/revisions\/962"}],"wp:featuredmedia":[{"embeddable":true,"href":"https:\/\/arealorcaradio.es\/index.php\/wp-json\/wp\/v2\/media\/960"}],"wp:attachment":[{"href":"https:\/\/arealorcaradio.es\/index.php\/wp-json\/wp\/v2\/media?parent=958"}],"wp:term":[{"taxonomy":"category","embeddable":true,"href":"https:\/\/arealorcaradio.es\/index.php\/wp-json\/wp\/v2\/categories?post=958"},{"taxonomy":"post_tag","embeddable":true,"href":"https:\/\/arealorcaradio.es\/index.php\/wp-json\/wp\/v2\/tags?post=958"}],"curies":[{"name":"wp","href":"https:\/\/api.w.org\/{rel}","templated":true}]}}