{"id":9471,"date":"2026-05-01T18:39:21","date_gmt":"2026-05-01T18:39:21","guid":{"rendered":"https:\/\/arealorcaradio.es\/?p=9471"},"modified":"2026-05-01T18:39:21","modified_gmt":"2026-05-01T18:39:21","slug":"area-lorca-radio-celebra-la-gala-de-la-i-edicion-de-los-trofeos-el-mejor-del-lorca-deportiva","status":"publish","type":"post","link":"https:\/\/arealorcaradio.es\/index.php\/2026\/05\/01\/area-lorca-radio-celebra-la-gala-de-la-i-edicion-de-los-trofeos-el-mejor-del-lorca-deportiva\/","title":{"rendered":"\u00c1rea Lorca Radio celebra la Gala de la I edici\u00f3n de los trofeos \u00abEl mejor del Lorca Deportiva\u00bb"},"content":{"rendered":"<p><strong>\u00c1REA LORCA RADIO. Deportes.<\/strong><\/p>\n<p>Este jueves 30 de abril se realizaba la entrega de los trofeos \u00abEl mejor del Lorca Deportiva\u00bb, en su primera edici\u00f3n y en un marco incomparable como es el Palacio de Guevara.<\/p>\n<p>Con presencia del alcalde de Lorca, Fulgencio Gil, los concejales del Partido Popular, Rosa Mar\u00eda Medina, Mar\u00eda de las Huertas Garc\u00eda, Juan Miguel Bayonas y Antonio David S\u00e1nchez, la concejal de VOX, Mar\u00eda Castillo, las concejalas del PSOE, Isabel Mar\u00eda Casalduero y Antonia P\u00e9rez, adem\u00e1s de Pedro Sosa, concejal de IU Verdes. Estuvo tambi\u00e9n presente en el acto, el director del Instituto de Turismo de la Regi\u00f3n de Murcia (ITREM), Juan Francisco Mart\u00ednez, adem\u00e1s de los empresarios patrocinadores, jugadores premiados, el director deportivo y gerente del Lorca Deportiva, David Navarro \u00abPeki\u00bb y el t\u00e9cnico Sebas L\u00f3pez.<\/p>\n<p>Pasaban solo unos minutos de las 19 horas cuando dio comienzo el acto, presentado por Paco S\u00e1nchez, Director de Contenidos de \u00c1rea Lorca Radio.<\/p>\n<p><img loading=\"lazy\" decoding=\"async\" class=\"alignnone size-medium wp-image-9472\" src=\"https:\/\/arealorcaradio.es\/wp-content\/uploads\/2026\/05\/IMG_0079-300x200.jpg\" alt=\"\" width=\"300\" height=\"200\" srcset=\"https:\/\/arealorcaradio.es\/wp-content\/uploads\/2026\/05\/IMG_0079-300x200.jpg 300w, https:\/\/arealorcaradio.es\/wp-content\/uploads\/2026\/05\/IMG_0079-1024x683.jpg 1024w, https:\/\/arealorcaradio.es\/wp-content\/uploads\/2026\/05\/IMG_0079-768x512.jpg 768w, https:\/\/arealorcaradio.es\/wp-content\/uploads\/2026\/05\/IMG_0079-1536x1024.jpg 1536w, https:\/\/arealorcaradio.es\/wp-content\/uploads\/2026\/05\/IMG_0079.jpg 1920w\" sizes=\"auto, (max-width: 300px) 100vw, 300px\" \/><\/p>\n<p>El primero de los trofeos, premiaba al <strong>\u00abMejor jugador de la temporada\u00bb o MVP<\/strong>, patrocinado por la <strong>Concejal\u00eda de Talento Joven del Ayuntamiento de Lorca<\/strong>, trofeo que entregaba el concejal Antonio David S\u00e1nchez Alcaraz a el jugador <strong>Alex Mart\u00ednez \u00abPeque\u00bb<\/strong>.<\/p>\n<p><img loading=\"lazy\" decoding=\"async\" class=\"alignnone size-medium wp-image-9473\" src=\"https:\/\/arealorcaradio.es\/wp-content\/uploads\/2026\/05\/IMG_0124-300x200.jpg\" alt=\"\" width=\"300\" height=\"200\" srcset=\"https:\/\/arealorcaradio.es\/wp-content\/uploads\/2026\/05\/IMG_0124-300x200.jpg 300w, https:\/\/arealorcaradio.es\/wp-content\/uploads\/2026\/05\/IMG_0124-1024x683.jpg 1024w, https:\/\/arealorcaradio.es\/wp-content\/uploads\/2026\/05\/IMG_0124-768x512.jpg 768w, https:\/\/arealorcaradio.es\/wp-content\/uploads\/2026\/05\/IMG_0124-1536x1024.jpg 1536w, https:\/\/arealorcaradio.es\/wp-content\/uploads\/2026\/05\/IMG_0124.jpg 1920w\" sizes=\"auto, (max-width: 300px) 100vw, 300px\" \/> <img loading=\"lazy\" decoding=\"async\" class=\"alignnone size-medium wp-image-9474\" src=\"https:\/\/arealorcaradio.es\/wp-content\/uploads\/2026\/05\/Diseno-sin-titulo-7-300x200.png\" alt=\"\" width=\"300\" height=\"200\" srcset=\"https:\/\/arealorcaradio.es\/wp-content\/uploads\/2026\/05\/Diseno-sin-titulo-7-300x200.png 300w, https:\/\/arealorcaradio.es\/wp-content\/uploads\/2026\/05\/Diseno-sin-titulo-7-1024x683.png 1024w, https:\/\/arealorcaradio.es\/wp-content\/uploads\/2026\/05\/Diseno-sin-titulo-7-768x512.png 768w, https:\/\/arealorcaradio.es\/wp-content\/uploads\/2026\/05\/Diseno-sin-titulo-7-1536x1024.png 1536w, https:\/\/arealorcaradio.es\/wp-content\/uploads\/2026\/05\/Diseno-sin-titulo-7-2048x1365.png 2048w\" sizes=\"auto, (max-width: 300px) 100vw, 300px\" \/><\/p>\n<p>El trofeo al <strong>\u00abMejor defensa\u00bb<\/strong>, ha reca\u00eddo en el central Fromsa Mateo Lillo<strong> \u00abFromsa\u00bb<\/strong>, patrocinado por la empresa <strong>Aislamientos Lorca-SayCu<\/strong>. Hicieron entrega del trofeo los responsables de dicha empresa, Celestino S\u00e1nchez y Jos\u00e9 Antonio Cuadrado.<\/p>\n<p><img loading=\"lazy\" decoding=\"async\" class=\"alignnone size-medium wp-image-9475\" src=\"https:\/\/arealorcaradio.es\/wp-content\/uploads\/2026\/05\/IMG_0186-300x200.jpg\" alt=\"\" width=\"300\" height=\"200\" srcset=\"https:\/\/arealorcaradio.es\/wp-content\/uploads\/2026\/05\/IMG_0186-300x200.jpg 300w, https:\/\/arealorcaradio.es\/wp-content\/uploads\/2026\/05\/IMG_0186-1024x683.jpg 1024w, https:\/\/arealorcaradio.es\/wp-content\/uploads\/2026\/05\/IMG_0186-768x512.jpg 768w, https:\/\/arealorcaradio.es\/wp-content\/uploads\/2026\/05\/IMG_0186-1536x1024.jpg 1536w, https:\/\/arealorcaradio.es\/wp-content\/uploads\/2026\/05\/IMG_0186.jpg 1920w\" sizes=\"auto, (max-width: 300px) 100vw, 300px\" \/> <img loading=\"lazy\" decoding=\"async\" class=\"alignnone size-medium wp-image-9476\" src=\"https:\/\/arealorcaradio.es\/wp-content\/uploads\/2026\/05\/Diseno-sin-titulo-6-300x200.png\" alt=\"\" width=\"300\" height=\"200\" srcset=\"https:\/\/arealorcaradio.es\/wp-content\/uploads\/2026\/05\/Diseno-sin-titulo-6-300x200.png 300w, https:\/\/arealorcaradio.es\/wp-content\/uploads\/2026\/05\/Diseno-sin-titulo-6-1024x683.png 1024w, https:\/\/arealorcaradio.es\/wp-content\/uploads\/2026\/05\/Diseno-sin-titulo-6-768x512.png 768w, https:\/\/arealorcaradio.es\/wp-content\/uploads\/2026\/05\/Diseno-sin-titulo-6-1536x1024.png 1536w, https:\/\/arealorcaradio.es\/wp-content\/uploads\/2026\/05\/Diseno-sin-titulo-6-2048x1365.png 2048w\" sizes=\"auto, (max-width: 300px) 100vw, 300px\" \/><\/p>\n<p>El trofeo al <strong>\u00abMejor centrocampista\u00bb<\/strong> ha reca\u00eddo en el jugador Guillermo Ib\u00e1\u00f1ez<strong> \u00abWilly\u00bb<\/strong>, patrocinado por la empresa <strong>Contenedores J\u00f3se<\/strong>, entreg\u00f3 el galard\u00f3n su gerente Jos\u00e9 Cruz.<\/p>\n<p><img loading=\"lazy\" decoding=\"async\" class=\"alignnone size-medium wp-image-9477\" src=\"https:\/\/arealorcaradio.es\/wp-content\/uploads\/2026\/05\/IMG_0243-300x200.jpg\" alt=\"\" width=\"300\" height=\"200\" srcset=\"https:\/\/arealorcaradio.es\/wp-content\/uploads\/2026\/05\/IMG_0243-300x200.jpg 300w, https:\/\/arealorcaradio.es\/wp-content\/uploads\/2026\/05\/IMG_0243-1024x683.jpg 1024w, https:\/\/arealorcaradio.es\/wp-content\/uploads\/2026\/05\/IMG_0243-768x512.jpg 768w, https:\/\/arealorcaradio.es\/wp-content\/uploads\/2026\/05\/IMG_0243-1536x1024.jpg 1536w, https:\/\/arealorcaradio.es\/wp-content\/uploads\/2026\/05\/IMG_0243.jpg 1920w\" sizes=\"auto, (max-width: 300px) 100vw, 300px\" \/> <img loading=\"lazy\" decoding=\"async\" class=\"alignnone size-medium wp-image-9478\" src=\"https:\/\/arealorcaradio.es\/wp-content\/uploads\/2026\/05\/Diseno-sin-titulo-5-300x200.png\" alt=\"\" width=\"300\" height=\"200\" srcset=\"https:\/\/arealorcaradio.es\/wp-content\/uploads\/2026\/05\/Diseno-sin-titulo-5-300x200.png 300w, https:\/\/arealorcaradio.es\/wp-content\/uploads\/2026\/05\/Diseno-sin-titulo-5-1024x683.png 1024w, https:\/\/arealorcaradio.es\/wp-content\/uploads\/2026\/05\/Diseno-sin-titulo-5-768x512.png 768w, https:\/\/arealorcaradio.es\/wp-content\/uploads\/2026\/05\/Diseno-sin-titulo-5-1536x1024.png 1536w, https:\/\/arealorcaradio.es\/wp-content\/uploads\/2026\/05\/Diseno-sin-titulo-5-2048x1365.png 2048w\" sizes=\"auto, (max-width: 300px) 100vw, 300px\" \/><\/p>\n<p>El trofeo al <strong>\u00abMejor delantero\u00bb<\/strong> ha sido para Jos\u00e9 Manuel <strong>Naranjo<\/strong>, patrocinado por la empresa <strong>Gasmor e Hijos<\/strong>, hizo entrega del trofeo su gerente Jos\u00e9 Morales.<\/p>\n<p><img loading=\"lazy\" decoding=\"async\" class=\"alignnone size-medium wp-image-9479\" src=\"https:\/\/arealorcaradio.es\/wp-content\/uploads\/2026\/05\/IMG_0312-300x200.jpg\" alt=\"\" width=\"300\" height=\"200\" srcset=\"https:\/\/arealorcaradio.es\/wp-content\/uploads\/2026\/05\/IMG_0312-300x200.jpg 300w, https:\/\/arealorcaradio.es\/wp-content\/uploads\/2026\/05\/IMG_0312-1024x683.jpg 1024w, https:\/\/arealorcaradio.es\/wp-content\/uploads\/2026\/05\/IMG_0312-768x512.jpg 768w, https:\/\/arealorcaradio.es\/wp-content\/uploads\/2026\/05\/IMG_0312-1536x1024.jpg 1536w, https:\/\/arealorcaradio.es\/wp-content\/uploads\/2026\/05\/IMG_0312.jpg 1920w\" sizes=\"auto, (max-width: 300px) 100vw, 300px\" \/> <img loading=\"lazy\" decoding=\"async\" class=\"alignnone size-medium wp-image-9480\" src=\"https:\/\/arealorcaradio.es\/wp-content\/uploads\/2026\/05\/Diseno-sin-titulo-4-300x200.png\" alt=\"\" width=\"300\" height=\"200\" srcset=\"https:\/\/arealorcaradio.es\/wp-content\/uploads\/2026\/05\/Diseno-sin-titulo-4-300x200.png 300w, https:\/\/arealorcaradio.es\/wp-content\/uploads\/2026\/05\/Diseno-sin-titulo-4-1024x683.png 1024w, https:\/\/arealorcaradio.es\/wp-content\/uploads\/2026\/05\/Diseno-sin-titulo-4-768x512.png 768w, https:\/\/arealorcaradio.es\/wp-content\/uploads\/2026\/05\/Diseno-sin-titulo-4-1536x1024.png 1536w, https:\/\/arealorcaradio.es\/wp-content\/uploads\/2026\/05\/Diseno-sin-titulo-4-2048x1365.png 2048w\" sizes=\"auto, (max-width: 300px) 100vw, 300px\" \/><\/p>\n<p>El trofeo al <strong>\u00abJugador m\u00e1s en forma\u00bb<\/strong> ha reca\u00eddo en Sergio Fern\u00e1ndez Monteverde. \u00abSergi Monteverde\u00bb, galard\u00f3n patrocinado por la empresa<strong> FT Studio<\/strong>, cuyo gerente Fran Tom\u00e1s hizo entrega del trofeo.<\/p>\n<p><img loading=\"lazy\" decoding=\"async\" class=\"alignnone size-medium wp-image-9481\" src=\"https:\/\/arealorcaradio.es\/wp-content\/uploads\/2026\/05\/IMG_0366-300x200.jpg\" alt=\"\" width=\"300\" height=\"200\" srcset=\"https:\/\/arealorcaradio.es\/wp-content\/uploads\/2026\/05\/IMG_0366-300x200.jpg 300w, https:\/\/arealorcaradio.es\/wp-content\/uploads\/2026\/05\/IMG_0366-1024x683.jpg 1024w, https:\/\/arealorcaradio.es\/wp-content\/uploads\/2026\/05\/IMG_0366-768x512.jpg 768w, https:\/\/arealorcaradio.es\/wp-content\/uploads\/2026\/05\/IMG_0366-1536x1024.jpg 1536w, https:\/\/arealorcaradio.es\/wp-content\/uploads\/2026\/05\/IMG_0366.jpg 1920w\" sizes=\"auto, (max-width: 300px) 100vw, 300px\" \/> <img loading=\"lazy\" decoding=\"async\" class=\"alignnone size-medium wp-image-9482\" src=\"https:\/\/arealorcaradio.es\/wp-content\/uploads\/2026\/05\/39090fac-4480-457b-9c8f-7f4d821162a5-300x200.jpg\" alt=\"\" width=\"300\" height=\"200\" srcset=\"https:\/\/arealorcaradio.es\/wp-content\/uploads\/2026\/05\/39090fac-4480-457b-9c8f-7f4d821162a5-300x200.jpg 300w, https:\/\/arealorcaradio.es\/wp-content\/uploads\/2026\/05\/39090fac-4480-457b-9c8f-7f4d821162a5-1024x683.jpg 1024w, https:\/\/arealorcaradio.es\/wp-content\/uploads\/2026\/05\/39090fac-4480-457b-9c8f-7f4d821162a5-768x512.jpg 768w, https:\/\/arealorcaradio.es\/wp-content\/uploads\/2026\/05\/39090fac-4480-457b-9c8f-7f4d821162a5-1536x1024.jpg 1536w, https:\/\/arealorcaradio.es\/wp-content\/uploads\/2026\/05\/39090fac-4480-457b-9c8f-7f4d821162a5.jpg 1920w\" sizes=\"auto, (max-width: 300px) 100vw, 300px\" \/><\/p>\n<p>El trofeo al <strong>\u00abMotor del equipo\u00bb<\/strong> ha sido para <strong>\u00c1lvaro Mart\u00ednez,<\/strong> trofeo patrocinado por<strong> Dimovil Mercedes Benz Lorca, <\/strong>cuyo director de Postventa, Bernab\u00e9 Hern\u00e1ndez Cueto, entrego el trofeo.<\/p>\n<p><img loading=\"lazy\" decoding=\"async\" class=\"alignnone size-medium wp-image-9483\" src=\"https:\/\/arealorcaradio.es\/wp-content\/uploads\/2026\/05\/IMG_0419-300x200.jpg\" alt=\"\" width=\"300\" height=\"200\" srcset=\"https:\/\/arealorcaradio.es\/wp-content\/uploads\/2026\/05\/IMG_0419-300x200.jpg 300w, https:\/\/arealorcaradio.es\/wp-content\/uploads\/2026\/05\/IMG_0419-1024x683.jpg 1024w, https:\/\/arealorcaradio.es\/wp-content\/uploads\/2026\/05\/IMG_0419-768x512.jpg 768w, https:\/\/arealorcaradio.es\/wp-content\/uploads\/2026\/05\/IMG_0419-1536x1024.jpg 1536w, https:\/\/arealorcaradio.es\/wp-content\/uploads\/2026\/05\/IMG_0419.jpg 1920w\" sizes=\"auto, (max-width: 300px) 100vw, 300px\" \/> <img loading=\"lazy\" decoding=\"async\" class=\"alignnone size-medium wp-image-9484\" src=\"https:\/\/arealorcaradio.es\/wp-content\/uploads\/2026\/05\/Diseno-sin-titulo-2-300x200.png\" alt=\"\" width=\"300\" height=\"200\" srcset=\"https:\/\/arealorcaradio.es\/wp-content\/uploads\/2026\/05\/Diseno-sin-titulo-2-300x200.png 300w, https:\/\/arealorcaradio.es\/wp-content\/uploads\/2026\/05\/Diseno-sin-titulo-2-1024x683.png 1024w, https:\/\/arealorcaradio.es\/wp-content\/uploads\/2026\/05\/Diseno-sin-titulo-2-768x512.png 768w, https:\/\/arealorcaradio.es\/wp-content\/uploads\/2026\/05\/Diseno-sin-titulo-2-1536x1024.png 1536w, https:\/\/arealorcaradio.es\/wp-content\/uploads\/2026\/05\/Diseno-sin-titulo-2-2048x1365.png 2048w\" sizes=\"auto, (max-width: 300px) 100vw, 300px\" \/><\/p>\n<p>El trofeo <strong>\u00abLa jugada con sabor\u00bb<\/strong> ha sido para<strong> Naranjo<\/strong>, trofeo patrocinado por el Restaurante <strong>El Bocadill\u00f3n<\/strong>. Entreg\u00f3 el galard\u00f3n la Jefa de Sala de El Bocadill\u00f3n, Ana Padilla Gonz\u00e1lez.<\/p>\n<p><img loading=\"lazy\" decoding=\"async\" class=\"alignnone size-medium wp-image-9485\" src=\"https:\/\/arealorcaradio.es\/wp-content\/uploads\/2026\/05\/IMG_0469-300x200.jpg\" alt=\"\" width=\"300\" height=\"200\" srcset=\"https:\/\/arealorcaradio.es\/wp-content\/uploads\/2026\/05\/IMG_0469-300x200.jpg 300w, https:\/\/arealorcaradio.es\/wp-content\/uploads\/2026\/05\/IMG_0469-1024x683.jpg 1024w, https:\/\/arealorcaradio.es\/wp-content\/uploads\/2026\/05\/IMG_0469-768x512.jpg 768w, https:\/\/arealorcaradio.es\/wp-content\/uploads\/2026\/05\/IMG_0469-1536x1024.jpg 1536w, https:\/\/arealorcaradio.es\/wp-content\/uploads\/2026\/05\/IMG_0469.jpg 1920w\" sizes=\"auto, (max-width: 300px) 100vw, 300px\" \/><\/p>\n<p>El trofeo al<strong> \u00abJuego limpio\u00bb<\/strong> ha reca\u00eddo en<strong> Sergi Monteverde<\/strong>, trofeo patrocinado por<strong> Limusa<\/strong>. Entreg\u00f3 el galard\u00f3n el concejal de Limusa, Juan Miguel Bayonas.<\/p>\n<p><img loading=\"lazy\" decoding=\"async\" class=\"alignnone size-medium wp-image-9486\" src=\"https:\/\/arealorcaradio.es\/wp-content\/uploads\/2026\/05\/0485c75f-e8a5-44db-8b5c-2e89c85b092d-300x200.jpg\" alt=\"\" width=\"300\" height=\"200\" srcset=\"https:\/\/arealorcaradio.es\/wp-content\/uploads\/2026\/05\/0485c75f-e8a5-44db-8b5c-2e89c85b092d-300x200.jpg 300w, https:\/\/arealorcaradio.es\/wp-content\/uploads\/2026\/05\/0485c75f-e8a5-44db-8b5c-2e89c85b092d-1024x683.jpg 1024w, https:\/\/arealorcaradio.es\/wp-content\/uploads\/2026\/05\/0485c75f-e8a5-44db-8b5c-2e89c85b092d-768x512.jpg 768w, https:\/\/arealorcaradio.es\/wp-content\/uploads\/2026\/05\/0485c75f-e8a5-44db-8b5c-2e89c85b092d-1536x1024.jpg 1536w, https:\/\/arealorcaradio.es\/wp-content\/uploads\/2026\/05\/0485c75f-e8a5-44db-8b5c-2e89c85b092d.jpg 1920w\" sizes=\"auto, (max-width: 300px) 100vw, 300px\" \/><\/p>\n<p>El trofeo a la <strong>\u00abElegancia\u00bb<\/strong> ha sido para <strong>Adri Heredia<\/strong>, galard\u00f3n patrocinado por la empresa <strong>Color, sue\u00f1o y descanso<\/strong>. Su gerente Jos\u00e9 Miguel Molina Navarro entreg\u00f3 el trofeo.<\/p>\n<p><img loading=\"lazy\" decoding=\"async\" class=\"alignnone size-medium wp-image-9487\" src=\"https:\/\/arealorcaradio.es\/wp-content\/uploads\/2026\/05\/IMG_0524-300x200.jpg\" alt=\"\" width=\"300\" height=\"200\" srcset=\"https:\/\/arealorcaradio.es\/wp-content\/uploads\/2026\/05\/IMG_0524-300x200.jpg 300w, https:\/\/arealorcaradio.es\/wp-content\/uploads\/2026\/05\/IMG_0524-1024x683.jpg 1024w, https:\/\/arealorcaradio.es\/wp-content\/uploads\/2026\/05\/IMG_0524-768x512.jpg 768w, https:\/\/arealorcaradio.es\/wp-content\/uploads\/2026\/05\/IMG_0524-1536x1024.jpg 1536w, https:\/\/arealorcaradio.es\/wp-content\/uploads\/2026\/05\/IMG_0524.jpg 1920w\" sizes=\"auto, (max-width: 300px) 100vw, 300px\" \/><\/p>\n<p>El trofeo al <strong>\u00abJugador m\u00e1s seguro\u00bb<\/strong> ha reca\u00eddo en el portero <strong>Fran \u00c1rbol<\/strong>, patrocinado por la empresa <strong>Orbitalia<\/strong>. Entrego el galard\u00f3n, Vicente Mu\u00f1oz, Director de Operaciones del Grupo Orbitalia.<\/p>\n<p><img loading=\"lazy\" decoding=\"async\" class=\"alignnone size-medium wp-image-9488\" src=\"https:\/\/arealorcaradio.es\/wp-content\/uploads\/2026\/05\/IMG_0578-300x200.jpg\" alt=\"\" width=\"300\" height=\"200\" srcset=\"https:\/\/arealorcaradio.es\/wp-content\/uploads\/2026\/05\/IMG_0578-300x200.jpg 300w, https:\/\/arealorcaradio.es\/wp-content\/uploads\/2026\/05\/IMG_0578-1024x683.jpg 1024w, https:\/\/arealorcaradio.es\/wp-content\/uploads\/2026\/05\/IMG_0578-768x512.jpg 768w, https:\/\/arealorcaradio.es\/wp-content\/uploads\/2026\/05\/IMG_0578-1536x1024.jpg 1536w, https:\/\/arealorcaradio.es\/wp-content\/uploads\/2026\/05\/IMG_0578.jpg 1920w\" sizes=\"auto, (max-width: 300px) 100vw, 300px\" \/> <img loading=\"lazy\" decoding=\"async\" class=\"alignnone size-medium wp-image-9489\" src=\"https:\/\/arealorcaradio.es\/wp-content\/uploads\/2026\/05\/Diseno-sin-titulo-8-300x200.png\" alt=\"\" width=\"300\" height=\"200\" srcset=\"https:\/\/arealorcaradio.es\/wp-content\/uploads\/2026\/05\/Diseno-sin-titulo-8-300x200.png 300w, https:\/\/arealorcaradio.es\/wp-content\/uploads\/2026\/05\/Diseno-sin-titulo-8-1024x683.png 1024w, https:\/\/arealorcaradio.es\/wp-content\/uploads\/2026\/05\/Diseno-sin-titulo-8-768x512.png 768w, https:\/\/arealorcaradio.es\/wp-content\/uploads\/2026\/05\/Diseno-sin-titulo-8-1536x1024.png 1536w, https:\/\/arealorcaradio.es\/wp-content\/uploads\/2026\/05\/Diseno-sin-titulo-8-2048x1365.png 2048w\" sizes=\"auto, (max-width: 300px) 100vw, 300px\" \/><\/p>\n<p>El trofeo a <strong>\u00abLa Calidad\u00bb<\/strong> ha sido para <strong>Alex Mart\u00ednez \u00abPeque\u00bb<\/strong>, trofeo patrocinado por la <strong>Fundaci\u00f3n Juan Per\u00e1n-Grupo Pikolinos<\/strong>. Entreg\u00f3 el trofeo Juan Diego Ramos, primo del Juan Per\u00e1n Ramos, fundador de Pikolinos.<\/p>\n<p><img loading=\"lazy\" decoding=\"async\" class=\"alignnone size-medium wp-image-9490\" src=\"https:\/\/arealorcaradio.es\/wp-content\/uploads\/2026\/05\/IMG_0636-300x200.jpg\" alt=\"\" width=\"300\" height=\"200\" srcset=\"https:\/\/arealorcaradio.es\/wp-content\/uploads\/2026\/05\/IMG_0636-300x200.jpg 300w, https:\/\/arealorcaradio.es\/wp-content\/uploads\/2026\/05\/IMG_0636-1024x683.jpg 1024w, https:\/\/arealorcaradio.es\/wp-content\/uploads\/2026\/05\/IMG_0636-768x512.jpg 768w, https:\/\/arealorcaradio.es\/wp-content\/uploads\/2026\/05\/IMG_0636-1536x1024.jpg 1536w, https:\/\/arealorcaradio.es\/wp-content\/uploads\/2026\/05\/IMG_0636.jpg 1920w\" sizes=\"auto, (max-width: 300px) 100vw, 300px\" \/><\/p>\n<p>Una vez concluida la entrega de trofeos, se dirigi\u00f3 a los presentes el Gerente y Director Deportivo del Lorca Deportiva, David Navarro \u00abPeki\u00bb.<\/p>\n<p>Fue el encargado de cerrar el acto de entrega de los trofeos \u00abEl mejor del Lorca Deportiva\u00bb en su primera edici\u00f3n, el alcalde de Lorca Fulgencio Gil J\u00f3dar.<\/p>\n<p><img loading=\"lazy\" decoding=\"async\" class=\"alignnone size-medium wp-image-9491\" src=\"https:\/\/arealorcaradio.es\/wp-content\/uploads\/2026\/05\/IMG_0687-300x200.jpg\" alt=\"\" width=\"300\" height=\"200\" srcset=\"https:\/\/arealorcaradio.es\/wp-content\/uploads\/2026\/05\/IMG_0687-300x200.jpg 300w, https:\/\/arealorcaradio.es\/wp-content\/uploads\/2026\/05\/IMG_0687-1024x683.jpg 1024w, https:\/\/arealorcaradio.es\/wp-content\/uploads\/2026\/05\/IMG_0687-768x512.jpg 768w, https:\/\/arealorcaradio.es\/wp-content\/uploads\/2026\/05\/IMG_0687-1536x1024.jpg 1536w, https:\/\/arealorcaradio.es\/wp-content\/uploads\/2026\/05\/IMG_0687.jpg 1920w\" sizes=\"auto, (max-width: 300px) 100vw, 300px\" \/> <img loading=\"lazy\" decoding=\"async\" class=\"alignnone size-medium wp-image-9492\" src=\"https:\/\/arealorcaradio.es\/wp-content\/uploads\/2026\/05\/IMG_0765-300x200.jpg\" alt=\"\" width=\"300\" height=\"200\" srcset=\"https:\/\/arealorcaradio.es\/wp-content\/uploads\/2026\/05\/IMG_0765-300x200.jpg 300w, https:\/\/arealorcaradio.es\/wp-content\/uploads\/2026\/05\/IMG_0765-1024x683.jpg 1024w, https:\/\/arealorcaradio.es\/wp-content\/uploads\/2026\/05\/IMG_0765-768x512.jpg 768w, https:\/\/arealorcaradio.es\/wp-content\/uploads\/2026\/05\/IMG_0765-1536x1024.jpg 1536w, https:\/\/arealorcaradio.es\/wp-content\/uploads\/2026\/05\/IMG_0765.jpg 1920w\" sizes=\"auto, (max-width: 300px) 100vw, 300px\" \/><\/p>\n<p>Con la habitual foto de premiados por un lado, autoridades, empresarios y dem\u00e1s finaliz\u00f3 la Gala. Despu\u00e9s, los asistentes disfrutaron de un \u00c1gape en Restaurante La Alacena de Lorca.<\/p>\n<p><img loading=\"lazy\" decoding=\"async\" class=\"alignnone size-medium wp-image-9493\" src=\"https:\/\/arealorcaradio.es\/wp-content\/uploads\/2026\/05\/IMG_0793-300x200.jpg\" alt=\"\" width=\"300\" height=\"200\" srcset=\"https:\/\/arealorcaradio.es\/wp-content\/uploads\/2026\/05\/IMG_0793-300x200.jpg 300w, https:\/\/arealorcaradio.es\/wp-content\/uploads\/2026\/05\/IMG_0793-1024x683.jpg 1024w, https:\/\/arealorcaradio.es\/wp-content\/uploads\/2026\/05\/IMG_0793-768x512.jpg 768w, https:\/\/arealorcaradio.es\/wp-content\/uploads\/2026\/05\/IMG_0793-1536x1024.jpg 1536w, https:\/\/arealorcaradio.es\/wp-content\/uploads\/2026\/05\/IMG_0793.jpg 1920w\" sizes=\"auto, (max-width: 300px) 100vw, 300px\" \/> <img loading=\"lazy\" decoding=\"async\" class=\"alignnone size-medium wp-image-9494\" src=\"https:\/\/arealorcaradio.es\/wp-content\/uploads\/2026\/05\/IMG_0649-300x200.jpg\" alt=\"\" width=\"300\" height=\"200\" srcset=\"https:\/\/arealorcaradio.es\/wp-content\/uploads\/2026\/05\/IMG_0649-300x200.jpg 300w, https:\/\/arealorcaradio.es\/wp-content\/uploads\/2026\/05\/IMG_0649-1024x683.jpg 1024w, https:\/\/arealorcaradio.es\/wp-content\/uploads\/2026\/05\/IMG_0649-768x512.jpg 768w, https:\/\/arealorcaradio.es\/wp-content\/uploads\/2026\/05\/IMG_0649-1536x1024.jpg 1536w, https:\/\/arealorcaradio.es\/wp-content\/uploads\/2026\/05\/IMG_0649.jpg 1920w\" sizes=\"auto, (max-width: 300px) 100vw, 300px\" \/><\/p>\n<p><img loading=\"lazy\" decoding=\"async\" class=\"alignnone size-medium wp-image-9495\" src=\"https:\/\/arealorcaradio.es\/wp-content\/uploads\/2026\/05\/IMG_0833-300x200.jpg\" alt=\"\" width=\"300\" height=\"200\" srcset=\"https:\/\/arealorcaradio.es\/wp-content\/uploads\/2026\/05\/IMG_0833-300x200.jpg 300w, https:\/\/arealorcaradio.es\/wp-content\/uploads\/2026\/05\/IMG_0833-1024x683.jpg 1024w, https:\/\/arealorcaradio.es\/wp-content\/uploads\/2026\/05\/IMG_0833-768x512.jpg 768w, https:\/\/arealorcaradio.es\/wp-content\/uploads\/2026\/05\/IMG_0833-1536x1024.jpg 1536w, https:\/\/arealorcaradio.es\/wp-content\/uploads\/2026\/05\/IMG_0833.jpg 1920w\" sizes=\"auto, (max-width: 300px) 100vw, 300px\" \/> <img loading=\"lazy\" decoding=\"async\" class=\"alignnone size-medium wp-image-9496\" src=\"https:\/\/arealorcaradio.es\/wp-content\/uploads\/2026\/05\/IMG_0855-300x200.jpg\" alt=\"\" width=\"300\" height=\"200\" srcset=\"https:\/\/arealorcaradio.es\/wp-content\/uploads\/2026\/05\/IMG_0855-300x200.jpg 300w, https:\/\/arealorcaradio.es\/wp-content\/uploads\/2026\/05\/IMG_0855-1024x683.jpg 1024w, https:\/\/arealorcaradio.es\/wp-content\/uploads\/2026\/05\/IMG_0855-768x512.jpg 768w, https:\/\/arealorcaradio.es\/wp-content\/uploads\/2026\/05\/IMG_0855-1536x1024.jpg 1536w, https:\/\/arealorcaradio.es\/wp-content\/uploads\/2026\/05\/IMG_0855.jpg 1920w\" sizes=\"auto, (max-width: 300px) 100vw, 300px\" \/> <img loading=\"lazy\" decoding=\"async\" class=\"alignnone size-medium wp-image-9497\" src=\"https:\/\/arealorcaradio.es\/wp-content\/uploads\/2026\/05\/IMG_0866-300x200.jpg\" alt=\"\" width=\"300\" height=\"200\" srcset=\"https:\/\/arealorcaradio.es\/wp-content\/uploads\/2026\/05\/IMG_0866-300x200.jpg 300w, https:\/\/arealorcaradio.es\/wp-content\/uploads\/2026\/05\/IMG_0866-1024x683.jpg 1024w, https:\/\/arealorcaradio.es\/wp-content\/uploads\/2026\/05\/IMG_0866-768x512.jpg 768w, https:\/\/arealorcaradio.es\/wp-content\/uploads\/2026\/05\/IMG_0866-1536x1024.jpg 1536w, https:\/\/arealorcaradio.es\/wp-content\/uploads\/2026\/05\/IMG_0866.jpg 1920w\" sizes=\"auto, (max-width: 300px) 100vw, 300px\" \/><\/p>\n<p>Desde \u00c1rea Lorca Radio, agradecemos la confianza depositada por las empresas y entidades patrocinadoras de estos once trofeos otorgados este jueves 30 de abril, as\u00ed como a todos los asistentes al acto de entrega de los trofeos \u00abEl mejor del Lorca Deportiva\u00bb. Gracias.<\/p>\n","protected":false},"excerpt":{"rendered":"<p>\u00c1REA LORCA RADIO. Deportes. Este jueves 30 de abril se realizaba la entrega de los trofeos \u00abEl mejor del Lorca Deportiva\u00bb, en su primera edici\u00f3n y en un marco incomparable como es el Palacio de Guevara. Con presencia del alcalde de Lorca, Fulgencio Gil, los concejales del Partido Popular, Rosa Mar\u00eda Medina, Mar\u00eda de las [&hellip;]<\/p>\n","protected":false},"author":1,"featured_media":9498,"comment_status":"open","ping_status":"open","sticky":false,"template":"","format":"standard","meta":{"iawp_total_views":25,"footnotes":""},"categories":[4,7],"tags":[],"class_list":["post-9471","post","type-post","status-publish","format-standard","has-post-thumbnail","hentry","category-deportes","category-lorca"],"yoast_head":"<!-- This site is optimized with the Yoast SEO plugin v27.5 - https:\/\/yoast.com\/product\/yoast-seo-wordpress\/ -->\n<title>\u00c1rea Lorca Radio celebra la Gala de la I edici\u00f3n de los trofeos &quot;El mejor del Lorca Deportiva&quot; - AREA LORCA RADIO<\/title>\n<meta name=\"robots\" content=\"index, follow, max-snippet:-1, max-image-preview:large, max-video-preview:-1\" \/>\n<link rel=\"canonical\" href=\"https:\/\/arealorcaradio.es\/index.php\/2026\/05\/01\/area-lorca-radio-celebra-la-gala-de-la-i-edicion-de-los-trofeos-el-mejor-del-lorca-deportiva\/\" \/>\n<meta property=\"og:locale\" content=\"es_ES\" \/>\n<meta property=\"og:type\" content=\"article\" \/>\n<meta property=\"og:title\" content=\"\u00c1rea Lorca Radio celebra la Gala de la I edici\u00f3n de los trofeos &quot;El mejor del Lorca Deportiva&quot; - AREA LORCA RADIO\" \/>\n<meta property=\"og:description\" content=\"\u00c1REA LORCA RADIO. Deportes. Este jueves 30 de abril se realizaba la entrega de los trofeos \u00abEl mejor del Lorca Deportiva\u00bb, en su primera edici\u00f3n y en un marco incomparable como es el Palacio de Guevara. Con presencia del alcalde de Lorca, Fulgencio Gil, los concejales del Partido Popular, Rosa Mar\u00eda Medina, Mar\u00eda de las [&hellip;]\" \/>\n<meta property=\"og:url\" content=\"https:\/\/arealorcaradio.es\/index.php\/2026\/05\/01\/area-lorca-radio-celebra-la-gala-de-la-i-edicion-de-los-trofeos-el-mejor-del-lorca-deportiva\/\" \/>\n<meta property=\"og:site_name\" content=\"AREA LORCA RADIO\" \/>\n<meta property=\"article:published_time\" content=\"2026-05-01T18:39:21+00:00\" \/>\n<meta property=\"og:image\" content=\"https:\/\/arealorcaradio.es\/wp-content\/uploads\/2026\/05\/Diseno-sin-titulo-1-1024x683.png\" \/>\n\t<meta property=\"og:image:width\" content=\"1024\" \/>\n\t<meta property=\"og:image:height\" content=\"683\" \/>\n\t<meta property=\"og:image:type\" content=\"image\/png\" \/>\n<meta name=\"author\" content=\"Paco S\u00e1nchez\" \/>\n<meta name=\"twitter:card\" content=\"summary_large_image\" \/>\n<meta name=\"twitter:label1\" content=\"Escrito por\" \/>\n\t<meta name=\"twitter:data1\" content=\"Paco S\u00e1nchez\" \/>\n\t<meta name=\"twitter:label2\" content=\"Tiempo de lectura\" \/>\n\t<meta name=\"twitter:data2\" content=\"9 minutos\" \/>\n<script type=\"application\/ld+json\" class=\"yoast-schema-graph\">{\"@context\":\"https:\\\/\\\/schema.org\",\"@graph\":[{\"@type\":\"Article\",\"@id\":\"https:\\\/\\\/arealorcaradio.es\\\/index.php\\\/2026\\\/05\\\/01\\\/area-lorca-radio-celebra-la-gala-de-la-i-edicion-de-los-trofeos-el-mejor-del-lorca-deportiva\\\/#article\",\"isPartOf\":{\"@id\":\"https:\\\/\\\/arealorcaradio.es\\\/index.php\\\/2026\\\/05\\\/01\\\/area-lorca-radio-celebra-la-gala-de-la-i-edicion-de-los-trofeos-el-mejor-del-lorca-deportiva\\\/\"},\"author\":{\"name\":\"Paco S\u00e1nchez\",\"@id\":\"https:\\\/\\\/arealorcaradio.es\\\/#\\\/schema\\\/person\\\/9fae605fc25b0f2c83c1ab207139bd27\"},\"headline\":\"\u00c1rea Lorca Radio celebra la Gala de la I edici\u00f3n de los trofeos \u00abEl mejor del Lorca Deportiva\u00bb\",\"datePublished\":\"2026-05-01T18:39:21+00:00\",\"mainEntityOfPage\":{\"@id\":\"https:\\\/\\\/arealorcaradio.es\\\/index.php\\\/2026\\\/05\\\/01\\\/area-lorca-radio-celebra-la-gala-de-la-i-edicion-de-los-trofeos-el-mejor-del-lorca-deportiva\\\/\"},\"wordCount\":676,\"commentCount\":0,\"image\":{\"@id\":\"https:\\\/\\\/arealorcaradio.es\\\/index.php\\\/2026\\\/05\\\/01\\\/area-lorca-radio-celebra-la-gala-de-la-i-edicion-de-los-trofeos-el-mejor-del-lorca-deportiva\\\/#primaryimage\"},\"thumbnailUrl\":\"https:\\\/\\\/arealorcaradio.es\\\/wp-content\\\/uploads\\\/2026\\\/05\\\/Diseno-sin-titulo-1-scaled.png\",\"articleSection\":[\"DEPORTES\",\"LORCA\"],\"inLanguage\":\"es\",\"potentialAction\":[{\"@type\":\"CommentAction\",\"name\":\"Comment\",\"target\":[\"https:\\\/\\\/arealorcaradio.es\\\/index.php\\\/2026\\\/05\\\/01\\\/area-lorca-radio-celebra-la-gala-de-la-i-edicion-de-los-trofeos-el-mejor-del-lorca-deportiva\\\/#respond\"]}]},{\"@type\":\"WebPage\",\"@id\":\"https:\\\/\\\/arealorcaradio.es\\\/index.php\\\/2026\\\/05\\\/01\\\/area-lorca-radio-celebra-la-gala-de-la-i-edicion-de-los-trofeos-el-mejor-del-lorca-deportiva\\\/\",\"url\":\"https:\\\/\\\/arealorcaradio.es\\\/index.php\\\/2026\\\/05\\\/01\\\/area-lorca-radio-celebra-la-gala-de-la-i-edicion-de-los-trofeos-el-mejor-del-lorca-deportiva\\\/\",\"name\":\"\u00c1rea Lorca Radio celebra la Gala de la I edici\u00f3n de los trofeos \\\"El mejor del Lorca Deportiva\\\" - AREA LORCA RADIO\",\"isPartOf\":{\"@id\":\"https:\\\/\\\/arealorcaradio.es\\\/#website\"},\"primaryImageOfPage\":{\"@id\":\"https:\\\/\\\/arealorcaradio.es\\\/index.php\\\/2026\\\/05\\\/01\\\/area-lorca-radio-celebra-la-gala-de-la-i-edicion-de-los-trofeos-el-mejor-del-lorca-deportiva\\\/#primaryimage\"},\"image\":{\"@id\":\"https:\\\/\\\/arealorcaradio.es\\\/index.php\\\/2026\\\/05\\\/01\\\/area-lorca-radio-celebra-la-gala-de-la-i-edicion-de-los-trofeos-el-mejor-del-lorca-deportiva\\\/#primaryimage\"},\"thumbnailUrl\":\"https:\\\/\\\/arealorcaradio.es\\\/wp-content\\\/uploads\\\/2026\\\/05\\\/Diseno-sin-titulo-1-scaled.png\",\"datePublished\":\"2026-05-01T18:39:21+00:00\",\"author\":{\"@id\":\"https:\\\/\\\/arealorcaradio.es\\\/#\\\/schema\\\/person\\\/9fae605fc25b0f2c83c1ab207139bd27\"},\"breadcrumb\":{\"@id\":\"https:\\\/\\\/arealorcaradio.es\\\/index.php\\\/2026\\\/05\\\/01\\\/area-lorca-radio-celebra-la-gala-de-la-i-edicion-de-los-trofeos-el-mejor-del-lorca-deportiva\\\/#breadcrumb\"},\"inLanguage\":\"es\",\"potentialAction\":[{\"@type\":\"ReadAction\",\"target\":[\"https:\\\/\\\/arealorcaradio.es\\\/index.php\\\/2026\\\/05\\\/01\\\/area-lorca-radio-celebra-la-gala-de-la-i-edicion-de-los-trofeos-el-mejor-del-lorca-deportiva\\\/\"]}]},{\"@type\":\"ImageObject\",\"inLanguage\":\"es\",\"@id\":\"https:\\\/\\\/arealorcaradio.es\\\/index.php\\\/2026\\\/05\\\/01\\\/area-lorca-radio-celebra-la-gala-de-la-i-edicion-de-los-trofeos-el-mejor-del-lorca-deportiva\\\/#primaryimage\",\"url\":\"https:\\\/\\\/arealorcaradio.es\\\/wp-content\\\/uploads\\\/2026\\\/05\\\/Diseno-sin-titulo-1-scaled.png\",\"contentUrl\":\"https:\\\/\\\/arealorcaradio.es\\\/wp-content\\\/uploads\\\/2026\\\/05\\\/Diseno-sin-titulo-1-scaled.png\",\"width\":2560,\"height\":1707},{\"@type\":\"BreadcrumbList\",\"@id\":\"https:\\\/\\\/arealorcaradio.es\\\/index.php\\\/2026\\\/05\\\/01\\\/area-lorca-radio-celebra-la-gala-de-la-i-edicion-de-los-trofeos-el-mejor-del-lorca-deportiva\\\/#breadcrumb\",\"itemListElement\":[{\"@type\":\"ListItem\",\"position\":1,\"name\":\"Portada\",\"item\":\"https:\\\/\\\/arealorcaradio.es\\\/\"},{\"@type\":\"ListItem\",\"position\":2,\"name\":\"\u00c1rea Lorca Radio celebra la Gala de la I edici\u00f3n de los trofeos \u00abEl mejor del Lorca Deportiva\u00bb\"}]},{\"@type\":\"WebSite\",\"@id\":\"https:\\\/\\\/arealorcaradio.es\\\/#website\",\"url\":\"https:\\\/\\\/arealorcaradio.es\\\/\",\"name\":\"AREA LORCA RADIO\",\"description\":\"Descubre la programaci\u00f3n actual en \u00c1rea Lorca Radio, tu fuente de entrenamiento y noticias locales. Sintoniza ahora y mantente conectado online.\",\"potentialAction\":[{\"@type\":\"SearchAction\",\"target\":{\"@type\":\"EntryPoint\",\"urlTemplate\":\"https:\\\/\\\/arealorcaradio.es\\\/?s={search_term_string}\"},\"query-input\":{\"@type\":\"PropertyValueSpecification\",\"valueRequired\":true,\"valueName\":\"search_term_string\"}}],\"inLanguage\":\"es\"},{\"@type\":\"Person\",\"@id\":\"https:\\\/\\\/arealorcaradio.es\\\/#\\\/schema\\\/person\\\/9fae605fc25b0f2c83c1ab207139bd27\",\"name\":\"Paco S\u00e1nchez\",\"image\":{\"@type\":\"ImageObject\",\"inLanguage\":\"es\",\"@id\":\"https:\\\/\\\/secure.gravatar.com\\\/avatar\\\/d67144e966420fb74aa84c9f2a0103be4724fd14db52b52d3b6bca749f257e79?s=96&d=mm&r=g\",\"url\":\"https:\\\/\\\/secure.gravatar.com\\\/avatar\\\/d67144e966420fb74aa84c9f2a0103be4724fd14db52b52d3b6bca749f257e79?s=96&d=mm&r=g\",\"contentUrl\":\"https:\\\/\\\/secure.gravatar.com\\\/avatar\\\/d67144e966420fb74aa84c9f2a0103be4724fd14db52b52d3b6bca749f257e79?s=96&d=mm&r=g\",\"caption\":\"Paco S\u00e1nchez\"},\"sameAs\":[\"https:\\\/\\\/arealorcaradio.es\"],\"url\":\"https:\\\/\\\/arealorcaradio.es\\\/index.php\\\/author\\\/admin_alorcaradio\\\/\"}]}<\/script>\n<!-- \/ Yoast SEO plugin. -->","yoast_head_json":{"title":"\u00c1rea Lorca Radio celebra la Gala de la I edici\u00f3n de los trofeos \"El mejor del Lorca Deportiva\" - AREA LORCA RADIO","robots":{"index":"index","follow":"follow","max-snippet":"max-snippet:-1","max-image-preview":"max-image-preview:large","max-video-preview":"max-video-preview:-1"},"canonical":"https:\/\/arealorcaradio.es\/index.php\/2026\/05\/01\/area-lorca-radio-celebra-la-gala-de-la-i-edicion-de-los-trofeos-el-mejor-del-lorca-deportiva\/","og_locale":"es_ES","og_type":"article","og_title":"\u00c1rea Lorca Radio celebra la Gala de la I edici\u00f3n de los trofeos \"El mejor del Lorca Deportiva\" - AREA LORCA RADIO","og_description":"\u00c1REA LORCA RADIO. Deportes. Este jueves 30 de abril se realizaba la entrega de los trofeos \u00abEl mejor del Lorca Deportiva\u00bb, en su primera edici\u00f3n y en un marco incomparable como es el Palacio de Guevara. Con presencia del alcalde de Lorca, Fulgencio Gil, los concejales del Partido Popular, Rosa Mar\u00eda Medina, Mar\u00eda de las [&hellip;]","og_url":"https:\/\/arealorcaradio.es\/index.php\/2026\/05\/01\/area-lorca-radio-celebra-la-gala-de-la-i-edicion-de-los-trofeos-el-mejor-del-lorca-deportiva\/","og_site_name":"AREA LORCA RADIO","article_published_time":"2026-05-01T18:39:21+00:00","og_image":[{"width":1024,"height":683,"url":"https:\/\/arealorcaradio.es\/wp-content\/uploads\/2026\/05\/Diseno-sin-titulo-1-1024x683.png","type":"image\/png"}],"author":"Paco S\u00e1nchez","twitter_card":"summary_large_image","twitter_misc":{"Escrito por":"Paco S\u00e1nchez","Tiempo de lectura":"9 minutos"},"schema":{"@context":"https:\/\/schema.org","@graph":[{"@type":"Article","@id":"https:\/\/arealorcaradio.es\/index.php\/2026\/05\/01\/area-lorca-radio-celebra-la-gala-de-la-i-edicion-de-los-trofeos-el-mejor-del-lorca-deportiva\/#article","isPartOf":{"@id":"https:\/\/arealorcaradio.es\/index.php\/2026\/05\/01\/area-lorca-radio-celebra-la-gala-de-la-i-edicion-de-los-trofeos-el-mejor-del-lorca-deportiva\/"},"author":{"name":"Paco S\u00e1nchez","@id":"https:\/\/arealorcaradio.es\/#\/schema\/person\/9fae605fc25b0f2c83c1ab207139bd27"},"headline":"\u00c1rea Lorca Radio celebra la Gala de la I edici\u00f3n de los trofeos \u00abEl mejor del Lorca Deportiva\u00bb","datePublished":"2026-05-01T18:39:21+00:00","mainEntityOfPage":{"@id":"https:\/\/arealorcaradio.es\/index.php\/2026\/05\/01\/area-lorca-radio-celebra-la-gala-de-la-i-edicion-de-los-trofeos-el-mejor-del-lorca-deportiva\/"},"wordCount":676,"commentCount":0,"image":{"@id":"https:\/\/arealorcaradio.es\/index.php\/2026\/05\/01\/area-lorca-radio-celebra-la-gala-de-la-i-edicion-de-los-trofeos-el-mejor-del-lorca-deportiva\/#primaryimage"},"thumbnailUrl":"https:\/\/arealorcaradio.es\/wp-content\/uploads\/2026\/05\/Diseno-sin-titulo-1-scaled.png","articleSection":["DEPORTES","LORCA"],"inLanguage":"es","potentialAction":[{"@type":"CommentAction","name":"Comment","target":["https:\/\/arealorcaradio.es\/index.php\/2026\/05\/01\/area-lorca-radio-celebra-la-gala-de-la-i-edicion-de-los-trofeos-el-mejor-del-lorca-deportiva\/#respond"]}]},{"@type":"WebPage","@id":"https:\/\/arealorcaradio.es\/index.php\/2026\/05\/01\/area-lorca-radio-celebra-la-gala-de-la-i-edicion-de-los-trofeos-el-mejor-del-lorca-deportiva\/","url":"https:\/\/arealorcaradio.es\/index.php\/2026\/05\/01\/area-lorca-radio-celebra-la-gala-de-la-i-edicion-de-los-trofeos-el-mejor-del-lorca-deportiva\/","name":"\u00c1rea Lorca Radio celebra la Gala de la I edici\u00f3n de los trofeos \"El mejor del Lorca Deportiva\" - AREA LORCA RADIO","isPartOf":{"@id":"https:\/\/arealorcaradio.es\/#website"},"primaryImageOfPage":{"@id":"https:\/\/arealorcaradio.es\/index.php\/2026\/05\/01\/area-lorca-radio-celebra-la-gala-de-la-i-edicion-de-los-trofeos-el-mejor-del-lorca-deportiva\/#primaryimage"},"image":{"@id":"https:\/\/arealorcaradio.es\/index.php\/2026\/05\/01\/area-lorca-radio-celebra-la-gala-de-la-i-edicion-de-los-trofeos-el-mejor-del-lorca-deportiva\/#primaryimage"},"thumbnailUrl":"https:\/\/arealorcaradio.es\/wp-content\/uploads\/2026\/05\/Diseno-sin-titulo-1-scaled.png","datePublished":"2026-05-01T18:39:21+00:00","author":{"@id":"https:\/\/arealorcaradio.es\/#\/schema\/person\/9fae605fc25b0f2c83c1ab207139bd27"},"breadcrumb":{"@id":"https:\/\/arealorcaradio.es\/index.php\/2026\/05\/01\/area-lorca-radio-celebra-la-gala-de-la-i-edicion-de-los-trofeos-el-mejor-del-lorca-deportiva\/#breadcrumb"},"inLanguage":"es","potentialAction":[{"@type":"ReadAction","target":["https:\/\/arealorcaradio.es\/index.php\/2026\/05\/01\/area-lorca-radio-celebra-la-gala-de-la-i-edicion-de-los-trofeos-el-mejor-del-lorca-deportiva\/"]}]},{"@type":"ImageObject","inLanguage":"es","@id":"https:\/\/arealorcaradio.es\/index.php\/2026\/05\/01\/area-lorca-radio-celebra-la-gala-de-la-i-edicion-de-los-trofeos-el-mejor-del-lorca-deportiva\/#primaryimage","url":"https:\/\/arealorcaradio.es\/wp-content\/uploads\/2026\/05\/Diseno-sin-titulo-1-scaled.png","contentUrl":"https:\/\/arealorcaradio.es\/wp-content\/uploads\/2026\/05\/Diseno-sin-titulo-1-scaled.png","width":2560,"height":1707},{"@type":"BreadcrumbList","@id":"https:\/\/arealorcaradio.es\/index.php\/2026\/05\/01\/area-lorca-radio-celebra-la-gala-de-la-i-edicion-de-los-trofeos-el-mejor-del-lorca-deportiva\/#breadcrumb","itemListElement":[{"@type":"ListItem","position":1,"name":"Portada","item":"https:\/\/arealorcaradio.es\/"},{"@type":"ListItem","position":2,"name":"\u00c1rea Lorca Radio celebra la Gala de la I edici\u00f3n de los trofeos \u00abEl mejor del Lorca Deportiva\u00bb"}]},{"@type":"WebSite","@id":"https:\/\/arealorcaradio.es\/#website","url":"https:\/\/arealorcaradio.es\/","name":"AREA LORCA RADIO","description":"Descubre la programaci\u00f3n actual en \u00c1rea Lorca Radio, tu fuente de entrenamiento y noticias locales. Sintoniza ahora y mantente conectado online.","potentialAction":[{"@type":"SearchAction","target":{"@type":"EntryPoint","urlTemplate":"https:\/\/arealorcaradio.es\/?s={search_term_string}"},"query-input":{"@type":"PropertyValueSpecification","valueRequired":true,"valueName":"search_term_string"}}],"inLanguage":"es"},{"@type":"Person","@id":"https:\/\/arealorcaradio.es\/#\/schema\/person\/9fae605fc25b0f2c83c1ab207139bd27","name":"Paco S\u00e1nchez","image":{"@type":"ImageObject","inLanguage":"es","@id":"https:\/\/secure.gravatar.com\/avatar\/d67144e966420fb74aa84c9f2a0103be4724fd14db52b52d3b6bca749f257e79?s=96&d=mm&r=g","url":"https:\/\/secure.gravatar.com\/avatar\/d67144e966420fb74aa84c9f2a0103be4724fd14db52b52d3b6bca749f257e79?s=96&d=mm&r=g","contentUrl":"https:\/\/secure.gravatar.com\/avatar\/d67144e966420fb74aa84c9f2a0103be4724fd14db52b52d3b6bca749f257e79?s=96&d=mm&r=g","caption":"Paco S\u00e1nchez"},"sameAs":["https:\/\/arealorcaradio.es"],"url":"https:\/\/arealorcaradio.es\/index.php\/author\/admin_alorcaradio\/"}]}},"_links":{"self":[{"href":"https:\/\/arealorcaradio.es\/index.php\/wp-json\/wp\/v2\/posts\/9471","targetHints":{"allow":["GET"]}}],"collection":[{"href":"https:\/\/arealorcaradio.es\/index.php\/wp-json\/wp\/v2\/posts"}],"about":[{"href":"https:\/\/arealorcaradio.es\/index.php\/wp-json\/wp\/v2\/types\/post"}],"author":[{"embeddable":true,"href":"https:\/\/arealorcaradio.es\/index.php\/wp-json\/wp\/v2\/users\/1"}],"replies":[{"embeddable":true,"href":"https:\/\/arealorcaradio.es\/index.php\/wp-json\/wp\/v2\/comments?post=9471"}],"version-history":[{"count":1,"href":"https:\/\/arealorcaradio.es\/index.php\/wp-json\/wp\/v2\/posts\/9471\/revisions"}],"predecessor-version":[{"id":9499,"href":"https:\/\/arealorcaradio.es\/index.php\/wp-json\/wp\/v2\/posts\/9471\/revisions\/9499"}],"wp:featuredmedia":[{"embeddable":true,"href":"https:\/\/arealorcaradio.es\/index.php\/wp-json\/wp\/v2\/media\/9498"}],"wp:attachment":[{"href":"https:\/\/arealorcaradio.es\/index.php\/wp-json\/wp\/v2\/media?parent=9471"}],"wp:term":[{"taxonomy":"category","embeddable":true,"href":"https:\/\/arealorcaradio.es\/index.php\/wp-json\/wp\/v2\/categories?post=9471"},{"taxonomy":"post_tag","embeddable":true,"href":"https:\/\/arealorcaradio.es\/index.php\/wp-json\/wp\/v2\/tags?post=9471"}],"curies":[{"name":"wp","href":"https:\/\/api.w.org\/{rel}","templated":true}]}}