{"id":9457,"date":"2026-04-29T15:42:29","date_gmt":"2026-04-29T15:42:29","guid":{"rendered":"https:\/\/arealorcaradio.es\/?p=9457"},"modified":"2026-04-29T18:32:43","modified_gmt":"2026-04-29T18:32:43","slug":"fromsa-lo-conseguido-esta-temporada-por-el-lorca-deportiva-es-para-valorarlo-y-darle-la-importancia-que-realmente-tiene","status":"publish","type":"post","link":"https:\/\/arealorcaradio.es\/index.php\/2026\/04\/29\/fromsa-lo-conseguido-esta-temporada-por-el-lorca-deportiva-es-para-valorarlo-y-darle-la-importancia-que-realmente-tiene\/","title":{"rendered":"Fromsa: \u00abLo conseguido esta temporada por el Lorca Deportiva es para valorarlo y darle la importancia que realmente tiene\u00bb"},"content":{"rendered":"<p><strong>\u00c1REA LORCA RADIO. Deportes.<\/strong><\/p>\n<p>Escucha aqu\u00ed la entrevista que ha concedido a Paco S\u00e1nchez en el programa deportivo de \u00c1rea Lorca Radio, el central Fomsa Mateo Lillo, quien ha hecho balance de la temporada asegurando que le gustar\u00eda continuar para el pr\u00f3ximo ejercicio en el equipo blanquiazul. Para ello, en unos d\u00edas ha asegurado, se reunir\u00e1 con el director deportivo David Navarro \u00abPeki\u00bb.<\/p>\n<audio class=\"wp-audio-shortcode\" id=\"audio-9457-1\" preload=\"none\" style=\"width: 100%;\" controls=\"controls\"><source type=\"audio\/mpeg\" src=\"https:\/\/arealorcaradio.es\/wp-content\/uploads\/2026\/04\/290426-FROMSA-MATEO.-BALANCE-TEMPORADA.mp3?_=1\" \/><a href=\"https:\/\/arealorcaradio.es\/wp-content\/uploads\/2026\/04\/290426-FROMSA-MATEO.-BALANCE-TEMPORADA.mp3\">https:\/\/arealorcaradio.es\/wp-content\/uploads\/2026\/04\/290426-FROMSA-MATEO.-BALANCE-TEMPORADA.mp3<\/a><\/audio>\n<p><img loading=\"lazy\" decoding=\"async\" class=\"alignnone size-medium wp-image-9459\" src=\"https:\/\/arealorcaradio.es\/wp-content\/uploads\/2026\/04\/FB_IMG_1777473177999-300x200.jpg\" alt=\"\" width=\"300\" height=\"200\" srcset=\"https:\/\/arealorcaradio.es\/wp-content\/uploads\/2026\/04\/FB_IMG_1777473177999-300x200.jpg 300w, https:\/\/arealorcaradio.es\/wp-content\/uploads\/2026\/04\/FB_IMG_1777473177999-1024x682.jpg 1024w, https:\/\/arealorcaradio.es\/wp-content\/uploads\/2026\/04\/FB_IMG_1777473177999-768x511.jpg 768w, https:\/\/arealorcaradio.es\/wp-content\/uploads\/2026\/04\/FB_IMG_1777473177999.jpg 1440w\" sizes=\"auto, (max-width: 300px) 100vw, 300px\" \/><\/p>\n","protected":false},"excerpt":{"rendered":"<p>\u00c1REA LORCA RADIO. Deportes. Escucha aqu\u00ed la entrevista que ha concedido a Paco S\u00e1nchez en el programa deportivo de \u00c1rea Lorca Radio, el central Fomsa Mateo Lillo, quien ha hecho balance de la temporada asegurando que le gustar\u00eda continuar para el pr\u00f3ximo ejercicio en el equipo blanquiazul. Para ello, en unos d\u00edas ha asegurado, se [&hellip;]<\/p>\n","protected":false},"author":1,"featured_media":9460,"comment_status":"open","ping_status":"open","sticky":false,"template":"","format":"standard","meta":{"iawp_total_views":10,"footnotes":""},"categories":[4,7],"tags":[],"class_list":["post-9457","post","type-post","status-publish","format-standard","has-post-thumbnail","hentry","category-deportes","category-lorca"],"yoast_head":"<!-- This site is optimized with the Yoast SEO plugin v27.5 - https:\/\/yoast.com\/product\/yoast-seo-wordpress\/ -->\n<title>Fromsa: &quot;Lo conseguido esta temporada por el Lorca Deportiva es para valorarlo y darle la importancia que realmente tiene&quot; - AREA LORCA RADIO<\/title>\n<meta name=\"robots\" content=\"index, follow, max-snippet:-1, max-image-preview:large, max-video-preview:-1\" \/>\n<link rel=\"canonical\" href=\"https:\/\/arealorcaradio.es\/index.php\/2026\/04\/29\/fromsa-lo-conseguido-esta-temporada-por-el-lorca-deportiva-es-para-valorarlo-y-darle-la-importancia-que-realmente-tiene\/\" \/>\n<meta property=\"og:locale\" content=\"es_ES\" \/>\n<meta property=\"og:type\" content=\"article\" \/>\n<meta property=\"og:title\" content=\"Fromsa: &quot;Lo conseguido esta temporada por el Lorca Deportiva es para valorarlo y darle la importancia que realmente tiene&quot; - AREA LORCA RADIO\" \/>\n<meta property=\"og:description\" content=\"\u00c1REA LORCA RADIO. Deportes. Escucha aqu\u00ed la entrevista que ha concedido a Paco S\u00e1nchez en el programa deportivo de \u00c1rea Lorca Radio, el central Fomsa Mateo Lillo, quien ha hecho balance de la temporada asegurando que le gustar\u00eda continuar para el pr\u00f3ximo ejercicio en el equipo blanquiazul. Para ello, en unos d\u00edas ha asegurado, se [&hellip;]\" \/>\n<meta property=\"og:url\" content=\"https:\/\/arealorcaradio.es\/index.php\/2026\/04\/29\/fromsa-lo-conseguido-esta-temporada-por-el-lorca-deportiva-es-para-valorarlo-y-darle-la-importancia-que-realmente-tiene\/\" \/>\n<meta property=\"og:site_name\" content=\"AREA LORCA RADIO\" \/>\n<meta property=\"article:published_time\" content=\"2026-04-29T15:42:29+00:00\" \/>\n<meta property=\"article:modified_time\" content=\"2026-04-29T18:32:43+00:00\" \/>\n<meta property=\"og:image\" content=\"https:\/\/arealorcaradio.es\/wp-content\/uploads\/2026\/04\/Fomsa-en-estudio-abril-2026-scaled.jpg\" \/>\n\t<meta property=\"og:image:width\" content=\"2560\" \/>\n\t<meta property=\"og:image:height\" content=\"1920\" \/>\n\t<meta property=\"og:image:type\" content=\"image\/jpeg\" \/>\n<meta name=\"author\" content=\"Paco S\u00e1nchez\" \/>\n<meta name=\"twitter:card\" content=\"summary_large_image\" \/>\n<meta name=\"twitter:label1\" content=\"Escrito por\" \/>\n\t<meta name=\"twitter:data1\" content=\"Paco S\u00e1nchez\" \/>\n\t<meta name=\"twitter:label2\" content=\"Tiempo de lectura\" \/>\n\t<meta name=\"twitter:data2\" content=\"1 minuto\" \/>\n<script type=\"application\/ld+json\" class=\"yoast-schema-graph\">{\"@context\":\"https:\\\/\\\/schema.org\",\"@graph\":[{\"@type\":\"Article\",\"@id\":\"https:\\\/\\\/arealorcaradio.es\\\/index.php\\\/2026\\\/04\\\/29\\\/fromsa-lo-conseguido-esta-temporada-por-el-lorca-deportiva-es-para-valorarlo-y-darle-la-importancia-que-realmente-tiene\\\/#article\",\"isPartOf\":{\"@id\":\"https:\\\/\\\/arealorcaradio.es\\\/index.php\\\/2026\\\/04\\\/29\\\/fromsa-lo-conseguido-esta-temporada-por-el-lorca-deportiva-es-para-valorarlo-y-darle-la-importancia-que-realmente-tiene\\\/\"},\"author\":{\"name\":\"Paco S\u00e1nchez\",\"@id\":\"https:\\\/\\\/arealorcaradio.es\\\/#\\\/schema\\\/person\\\/9fae605fc25b0f2c83c1ab207139bd27\"},\"headline\":\"Fromsa: \u00abLo conseguido esta temporada por el Lorca Deportiva es para valorarlo y darle la importancia que realmente tiene\u00bb\",\"datePublished\":\"2026-04-29T15:42:29+00:00\",\"dateModified\":\"2026-04-29T18:32:43+00:00\",\"mainEntityOfPage\":{\"@id\":\"https:\\\/\\\/arealorcaradio.es\\\/index.php\\\/2026\\\/04\\\/29\\\/fromsa-lo-conseguido-esta-temporada-por-el-lorca-deportiva-es-para-valorarlo-y-darle-la-importancia-que-realmente-tiene\\\/\"},\"wordCount\":97,\"commentCount\":0,\"image\":{\"@id\":\"https:\\\/\\\/arealorcaradio.es\\\/index.php\\\/2026\\\/04\\\/29\\\/fromsa-lo-conseguido-esta-temporada-por-el-lorca-deportiva-es-para-valorarlo-y-darle-la-importancia-que-realmente-tiene\\\/#primaryimage\"},\"thumbnailUrl\":\"https:\\\/\\\/arealorcaradio.es\\\/wp-content\\\/uploads\\\/2026\\\/04\\\/Fomsa-en-estudio-abril-2026-scaled.jpg\",\"articleSection\":[\"DEPORTES\",\"LORCA\"],\"inLanguage\":\"es\",\"potentialAction\":[{\"@type\":\"CommentAction\",\"name\":\"Comment\",\"target\":[\"https:\\\/\\\/arealorcaradio.es\\\/index.php\\\/2026\\\/04\\\/29\\\/fromsa-lo-conseguido-esta-temporada-por-el-lorca-deportiva-es-para-valorarlo-y-darle-la-importancia-que-realmente-tiene\\\/#respond\"]}]},{\"@type\":\"WebPage\",\"@id\":\"https:\\\/\\\/arealorcaradio.es\\\/index.php\\\/2026\\\/04\\\/29\\\/fromsa-lo-conseguido-esta-temporada-por-el-lorca-deportiva-es-para-valorarlo-y-darle-la-importancia-que-realmente-tiene\\\/\",\"url\":\"https:\\\/\\\/arealorcaradio.es\\\/index.php\\\/2026\\\/04\\\/29\\\/fromsa-lo-conseguido-esta-temporada-por-el-lorca-deportiva-es-para-valorarlo-y-darle-la-importancia-que-realmente-tiene\\\/\",\"name\":\"Fromsa: \\\"Lo conseguido esta temporada por el Lorca Deportiva es para valorarlo y darle la importancia que realmente tiene\\\" - AREA LORCA RADIO\",\"isPartOf\":{\"@id\":\"https:\\\/\\\/arealorcaradio.es\\\/#website\"},\"primaryImageOfPage\":{\"@id\":\"https:\\\/\\\/arealorcaradio.es\\\/index.php\\\/2026\\\/04\\\/29\\\/fromsa-lo-conseguido-esta-temporada-por-el-lorca-deportiva-es-para-valorarlo-y-darle-la-importancia-que-realmente-tiene\\\/#primaryimage\"},\"image\":{\"@id\":\"https:\\\/\\\/arealorcaradio.es\\\/index.php\\\/2026\\\/04\\\/29\\\/fromsa-lo-conseguido-esta-temporada-por-el-lorca-deportiva-es-para-valorarlo-y-darle-la-importancia-que-realmente-tiene\\\/#primaryimage\"},\"thumbnailUrl\":\"https:\\\/\\\/arealorcaradio.es\\\/wp-content\\\/uploads\\\/2026\\\/04\\\/Fomsa-en-estudio-abril-2026-scaled.jpg\",\"datePublished\":\"2026-04-29T15:42:29+00:00\",\"dateModified\":\"2026-04-29T18:32:43+00:00\",\"author\":{\"@id\":\"https:\\\/\\\/arealorcaradio.es\\\/#\\\/schema\\\/person\\\/9fae605fc25b0f2c83c1ab207139bd27\"},\"breadcrumb\":{\"@id\":\"https:\\\/\\\/arealorcaradio.es\\\/index.php\\\/2026\\\/04\\\/29\\\/fromsa-lo-conseguido-esta-temporada-por-el-lorca-deportiva-es-para-valorarlo-y-darle-la-importancia-que-realmente-tiene\\\/#breadcrumb\"},\"inLanguage\":\"es\",\"potentialAction\":[{\"@type\":\"ReadAction\",\"target\":[\"https:\\\/\\\/arealorcaradio.es\\\/index.php\\\/2026\\\/04\\\/29\\\/fromsa-lo-conseguido-esta-temporada-por-el-lorca-deportiva-es-para-valorarlo-y-darle-la-importancia-que-realmente-tiene\\\/\"]}]},{\"@type\":\"ImageObject\",\"inLanguage\":\"es\",\"@id\":\"https:\\\/\\\/arealorcaradio.es\\\/index.php\\\/2026\\\/04\\\/29\\\/fromsa-lo-conseguido-esta-temporada-por-el-lorca-deportiva-es-para-valorarlo-y-darle-la-importancia-que-realmente-tiene\\\/#primaryimage\",\"url\":\"https:\\\/\\\/arealorcaradio.es\\\/wp-content\\\/uploads\\\/2026\\\/04\\\/Fomsa-en-estudio-abril-2026-scaled.jpg\",\"contentUrl\":\"https:\\\/\\\/arealorcaradio.es\\\/wp-content\\\/uploads\\\/2026\\\/04\\\/Fomsa-en-estudio-abril-2026-scaled.jpg\",\"width\":2560,\"height\":1920},{\"@type\":\"BreadcrumbList\",\"@id\":\"https:\\\/\\\/arealorcaradio.es\\\/index.php\\\/2026\\\/04\\\/29\\\/fromsa-lo-conseguido-esta-temporada-por-el-lorca-deportiva-es-para-valorarlo-y-darle-la-importancia-que-realmente-tiene\\\/#breadcrumb\",\"itemListElement\":[{\"@type\":\"ListItem\",\"position\":1,\"name\":\"Portada\",\"item\":\"https:\\\/\\\/arealorcaradio.es\\\/\"},{\"@type\":\"ListItem\",\"position\":2,\"name\":\"Fromsa: \u00abLo conseguido esta temporada por el Lorca Deportiva es para valorarlo y darle la importancia que realmente tiene\u00bb\"}]},{\"@type\":\"WebSite\",\"@id\":\"https:\\\/\\\/arealorcaradio.es\\\/#website\",\"url\":\"https:\\\/\\\/arealorcaradio.es\\\/\",\"name\":\"AREA LORCA RADIO\",\"description\":\"Descubre la programaci\u00f3n actual en \u00c1rea Lorca Radio, tu fuente de entrenamiento y noticias locales. Sintoniza ahora y mantente conectado online.\",\"potentialAction\":[{\"@type\":\"SearchAction\",\"target\":{\"@type\":\"EntryPoint\",\"urlTemplate\":\"https:\\\/\\\/arealorcaradio.es\\\/?s={search_term_string}\"},\"query-input\":{\"@type\":\"PropertyValueSpecification\",\"valueRequired\":true,\"valueName\":\"search_term_string\"}}],\"inLanguage\":\"es\"},{\"@type\":\"Person\",\"@id\":\"https:\\\/\\\/arealorcaradio.es\\\/#\\\/schema\\\/person\\\/9fae605fc25b0f2c83c1ab207139bd27\",\"name\":\"Paco S\u00e1nchez\",\"image\":{\"@type\":\"ImageObject\",\"inLanguage\":\"es\",\"@id\":\"https:\\\/\\\/secure.gravatar.com\\\/avatar\\\/d67144e966420fb74aa84c9f2a0103be4724fd14db52b52d3b6bca749f257e79?s=96&d=mm&r=g\",\"url\":\"https:\\\/\\\/secure.gravatar.com\\\/avatar\\\/d67144e966420fb74aa84c9f2a0103be4724fd14db52b52d3b6bca749f257e79?s=96&d=mm&r=g\",\"contentUrl\":\"https:\\\/\\\/secure.gravatar.com\\\/avatar\\\/d67144e966420fb74aa84c9f2a0103be4724fd14db52b52d3b6bca749f257e79?s=96&d=mm&r=g\",\"caption\":\"Paco S\u00e1nchez\"},\"sameAs\":[\"https:\\\/\\\/arealorcaradio.es\"],\"url\":\"https:\\\/\\\/arealorcaradio.es\\\/index.php\\\/author\\\/admin_alorcaradio\\\/\"}]}<\/script>\n<!-- \/ Yoast SEO plugin. -->","yoast_head_json":{"title":"Fromsa: \"Lo conseguido esta temporada por el Lorca Deportiva es para valorarlo y darle la importancia que realmente tiene\" - AREA LORCA RADIO","robots":{"index":"index","follow":"follow","max-snippet":"max-snippet:-1","max-image-preview":"max-image-preview:large","max-video-preview":"max-video-preview:-1"},"canonical":"https:\/\/arealorcaradio.es\/index.php\/2026\/04\/29\/fromsa-lo-conseguido-esta-temporada-por-el-lorca-deportiva-es-para-valorarlo-y-darle-la-importancia-que-realmente-tiene\/","og_locale":"es_ES","og_type":"article","og_title":"Fromsa: \"Lo conseguido esta temporada por el Lorca Deportiva es para valorarlo y darle la importancia que realmente tiene\" - AREA LORCA RADIO","og_description":"\u00c1REA LORCA RADIO. Deportes. Escucha aqu\u00ed la entrevista que ha concedido a Paco S\u00e1nchez en el programa deportivo de \u00c1rea Lorca Radio, el central Fomsa Mateo Lillo, quien ha hecho balance de la temporada asegurando que le gustar\u00eda continuar para el pr\u00f3ximo ejercicio en el equipo blanquiazul. Para ello, en unos d\u00edas ha asegurado, se [&hellip;]","og_url":"https:\/\/arealorcaradio.es\/index.php\/2026\/04\/29\/fromsa-lo-conseguido-esta-temporada-por-el-lorca-deportiva-es-para-valorarlo-y-darle-la-importancia-que-realmente-tiene\/","og_site_name":"AREA LORCA RADIO","article_published_time":"2026-04-29T15:42:29+00:00","article_modified_time":"2026-04-29T18:32:43+00:00","og_image":[{"width":2560,"height":1920,"url":"https:\/\/arealorcaradio.es\/wp-content\/uploads\/2026\/04\/Fomsa-en-estudio-abril-2026-scaled.jpg","type":"image\/jpeg"}],"author":"Paco S\u00e1nchez","twitter_card":"summary_large_image","twitter_misc":{"Escrito por":"Paco S\u00e1nchez","Tiempo de lectura":"1 minuto"},"schema":{"@context":"https:\/\/schema.org","@graph":[{"@type":"Article","@id":"https:\/\/arealorcaradio.es\/index.php\/2026\/04\/29\/fromsa-lo-conseguido-esta-temporada-por-el-lorca-deportiva-es-para-valorarlo-y-darle-la-importancia-que-realmente-tiene\/#article","isPartOf":{"@id":"https:\/\/arealorcaradio.es\/index.php\/2026\/04\/29\/fromsa-lo-conseguido-esta-temporada-por-el-lorca-deportiva-es-para-valorarlo-y-darle-la-importancia-que-realmente-tiene\/"},"author":{"name":"Paco S\u00e1nchez","@id":"https:\/\/arealorcaradio.es\/#\/schema\/person\/9fae605fc25b0f2c83c1ab207139bd27"},"headline":"Fromsa: \u00abLo conseguido esta temporada por el Lorca Deportiva es para valorarlo y darle la importancia que realmente tiene\u00bb","datePublished":"2026-04-29T15:42:29+00:00","dateModified":"2026-04-29T18:32:43+00:00","mainEntityOfPage":{"@id":"https:\/\/arealorcaradio.es\/index.php\/2026\/04\/29\/fromsa-lo-conseguido-esta-temporada-por-el-lorca-deportiva-es-para-valorarlo-y-darle-la-importancia-que-realmente-tiene\/"},"wordCount":97,"commentCount":0,"image":{"@id":"https:\/\/arealorcaradio.es\/index.php\/2026\/04\/29\/fromsa-lo-conseguido-esta-temporada-por-el-lorca-deportiva-es-para-valorarlo-y-darle-la-importancia-que-realmente-tiene\/#primaryimage"},"thumbnailUrl":"https:\/\/arealorcaradio.es\/wp-content\/uploads\/2026\/04\/Fomsa-en-estudio-abril-2026-scaled.jpg","articleSection":["DEPORTES","LORCA"],"inLanguage":"es","potentialAction":[{"@type":"CommentAction","name":"Comment","target":["https:\/\/arealorcaradio.es\/index.php\/2026\/04\/29\/fromsa-lo-conseguido-esta-temporada-por-el-lorca-deportiva-es-para-valorarlo-y-darle-la-importancia-que-realmente-tiene\/#respond"]}]},{"@type":"WebPage","@id":"https:\/\/arealorcaradio.es\/index.php\/2026\/04\/29\/fromsa-lo-conseguido-esta-temporada-por-el-lorca-deportiva-es-para-valorarlo-y-darle-la-importancia-que-realmente-tiene\/","url":"https:\/\/arealorcaradio.es\/index.php\/2026\/04\/29\/fromsa-lo-conseguido-esta-temporada-por-el-lorca-deportiva-es-para-valorarlo-y-darle-la-importancia-que-realmente-tiene\/","name":"Fromsa: \"Lo conseguido esta temporada por el Lorca Deportiva es para valorarlo y darle la importancia que realmente tiene\" - AREA LORCA RADIO","isPartOf":{"@id":"https:\/\/arealorcaradio.es\/#website"},"primaryImageOfPage":{"@id":"https:\/\/arealorcaradio.es\/index.php\/2026\/04\/29\/fromsa-lo-conseguido-esta-temporada-por-el-lorca-deportiva-es-para-valorarlo-y-darle-la-importancia-que-realmente-tiene\/#primaryimage"},"image":{"@id":"https:\/\/arealorcaradio.es\/index.php\/2026\/04\/29\/fromsa-lo-conseguido-esta-temporada-por-el-lorca-deportiva-es-para-valorarlo-y-darle-la-importancia-que-realmente-tiene\/#primaryimage"},"thumbnailUrl":"https:\/\/arealorcaradio.es\/wp-content\/uploads\/2026\/04\/Fomsa-en-estudio-abril-2026-scaled.jpg","datePublished":"2026-04-29T15:42:29+00:00","dateModified":"2026-04-29T18:32:43+00:00","author":{"@id":"https:\/\/arealorcaradio.es\/#\/schema\/person\/9fae605fc25b0f2c83c1ab207139bd27"},"breadcrumb":{"@id":"https:\/\/arealorcaradio.es\/index.php\/2026\/04\/29\/fromsa-lo-conseguido-esta-temporada-por-el-lorca-deportiva-es-para-valorarlo-y-darle-la-importancia-que-realmente-tiene\/#breadcrumb"},"inLanguage":"es","potentialAction":[{"@type":"ReadAction","target":["https:\/\/arealorcaradio.es\/index.php\/2026\/04\/29\/fromsa-lo-conseguido-esta-temporada-por-el-lorca-deportiva-es-para-valorarlo-y-darle-la-importancia-que-realmente-tiene\/"]}]},{"@type":"ImageObject","inLanguage":"es","@id":"https:\/\/arealorcaradio.es\/index.php\/2026\/04\/29\/fromsa-lo-conseguido-esta-temporada-por-el-lorca-deportiva-es-para-valorarlo-y-darle-la-importancia-que-realmente-tiene\/#primaryimage","url":"https:\/\/arealorcaradio.es\/wp-content\/uploads\/2026\/04\/Fomsa-en-estudio-abril-2026-scaled.jpg","contentUrl":"https:\/\/arealorcaradio.es\/wp-content\/uploads\/2026\/04\/Fomsa-en-estudio-abril-2026-scaled.jpg","width":2560,"height":1920},{"@type":"BreadcrumbList","@id":"https:\/\/arealorcaradio.es\/index.php\/2026\/04\/29\/fromsa-lo-conseguido-esta-temporada-por-el-lorca-deportiva-es-para-valorarlo-y-darle-la-importancia-que-realmente-tiene\/#breadcrumb","itemListElement":[{"@type":"ListItem","position":1,"name":"Portada","item":"https:\/\/arealorcaradio.es\/"},{"@type":"ListItem","position":2,"name":"Fromsa: \u00abLo conseguido esta temporada por el Lorca Deportiva es para valorarlo y darle la importancia que realmente tiene\u00bb"}]},{"@type":"WebSite","@id":"https:\/\/arealorcaradio.es\/#website","url":"https:\/\/arealorcaradio.es\/","name":"AREA LORCA RADIO","description":"Descubre la programaci\u00f3n actual en \u00c1rea Lorca Radio, tu fuente de entrenamiento y noticias locales. Sintoniza ahora y mantente conectado online.","potentialAction":[{"@type":"SearchAction","target":{"@type":"EntryPoint","urlTemplate":"https:\/\/arealorcaradio.es\/?s={search_term_string}"},"query-input":{"@type":"PropertyValueSpecification","valueRequired":true,"valueName":"search_term_string"}}],"inLanguage":"es"},{"@type":"Person","@id":"https:\/\/arealorcaradio.es\/#\/schema\/person\/9fae605fc25b0f2c83c1ab207139bd27","name":"Paco S\u00e1nchez","image":{"@type":"ImageObject","inLanguage":"es","@id":"https:\/\/secure.gravatar.com\/avatar\/d67144e966420fb74aa84c9f2a0103be4724fd14db52b52d3b6bca749f257e79?s=96&d=mm&r=g","url":"https:\/\/secure.gravatar.com\/avatar\/d67144e966420fb74aa84c9f2a0103be4724fd14db52b52d3b6bca749f257e79?s=96&d=mm&r=g","contentUrl":"https:\/\/secure.gravatar.com\/avatar\/d67144e966420fb74aa84c9f2a0103be4724fd14db52b52d3b6bca749f257e79?s=96&d=mm&r=g","caption":"Paco S\u00e1nchez"},"sameAs":["https:\/\/arealorcaradio.es"],"url":"https:\/\/arealorcaradio.es\/index.php\/author\/admin_alorcaradio\/"}]}},"_links":{"self":[{"href":"https:\/\/arealorcaradio.es\/index.php\/wp-json\/wp\/v2\/posts\/9457","targetHints":{"allow":["GET"]}}],"collection":[{"href":"https:\/\/arealorcaradio.es\/index.php\/wp-json\/wp\/v2\/posts"}],"about":[{"href":"https:\/\/arealorcaradio.es\/index.php\/wp-json\/wp\/v2\/types\/post"}],"author":[{"embeddable":true,"href":"https:\/\/arealorcaradio.es\/index.php\/wp-json\/wp\/v2\/users\/1"}],"replies":[{"embeddable":true,"href":"https:\/\/arealorcaradio.es\/index.php\/wp-json\/wp\/v2\/comments?post=9457"}],"version-history":[{"count":1,"href":"https:\/\/arealorcaradio.es\/index.php\/wp-json\/wp\/v2\/posts\/9457\/revisions"}],"predecessor-version":[{"id":9461,"href":"https:\/\/arealorcaradio.es\/index.php\/wp-json\/wp\/v2\/posts\/9457\/revisions\/9461"}],"wp:featuredmedia":[{"embeddable":true,"href":"https:\/\/arealorcaradio.es\/index.php\/wp-json\/wp\/v2\/media\/9460"}],"wp:attachment":[{"href":"https:\/\/arealorcaradio.es\/index.php\/wp-json\/wp\/v2\/media?parent=9457"}],"wp:term":[{"taxonomy":"category","embeddable":true,"href":"https:\/\/arealorcaradio.es\/index.php\/wp-json\/wp\/v2\/categories?post=9457"},{"taxonomy":"post_tag","embeddable":true,"href":"https:\/\/arealorcaradio.es\/index.php\/wp-json\/wp\/v2\/tags?post=9457"}],"curies":[{"name":"wp","href":"https:\/\/api.w.org\/{rel}","templated":true}]}}