{"id":9450,"date":"2026-04-28T16:13:48","date_gmt":"2026-04-28T16:13:48","guid":{"rendered":"https:\/\/arealorcaradio.es\/?p=9450"},"modified":"2026-04-28T16:13:48","modified_gmt":"2026-04-28T16:13:48","slug":"el-deportista-lorquino-jose-joaquin-sanchez-completa-con-exito-el-reto-15-dias-15-triatlones","status":"publish","type":"post","link":"https:\/\/arealorcaradio.es\/index.php\/2026\/04\/28\/el-deportista-lorquino-jose-joaquin-sanchez-completa-con-exito-el-reto-15-dias-15-triatlones\/","title":{"rendered":"El deportista lorquino Jos\u00e9 Joaqu\u00edn S\u00e1nchez completa con \u00e9xito el reto \u00ab15 d\u00edas, 15 triatlones\u00bb"},"content":{"rendered":"<p><strong>\u00c1REA LORCA RADIO. Actualidad.<\/strong><\/p>\n<p>Jos\u00e9 Joaqu\u00edn S\u00e1nchez Ruiz ha recorrido m\u00e1s de 630 kil\u00f3metros, a nado, en bicicleta y a pie por las provincias de M\u00e1laga, Badajoz, Toledo, Madrid, Valladolid, La Coru\u00f1a, Oviedo, Santander, Guip\u00fazcoa, Navarra, La Rioja, Huesca, Barcelona, Valencia y la \u00faltima \u00c1guilas -Lorca desde el 12 al 26 de abril. Ha completado 15 triatlones distancia ol\u00edmpica, 1,5 km a nado, 40 km en bicicleta y 10 km a pie diarios sin descanso, acompa\u00f1ado solo por su pareja.<\/p>\n<p>El presidente de la Asociaci\u00f3n Esclerosis M\u00faltiple \u00c1rea Regi\u00f3n de Murcia, Francisco Jos\u00e9 del Vas, ha acompa\u00f1ado en el estudio de \u00c1rea Lorca Radio al triatleta lorquino para agradecerle su reto p\u00fablicamente. Escucha aqu\u00ed la entrevista que ambos han concedido a Paco S\u00e1nchez.<\/p>\n<audio class=\"wp-audio-shortcode\" id=\"audio-9450-1\" preload=\"none\" style=\"width: 100%;\" controls=\"controls\"><source type=\"audio\/mpeg\" src=\"https:\/\/arealorcaradio.es\/wp-content\/uploads\/2026\/04\/280426-JOSE-JOAQUIN-Y-FCO-JOSE.-RETO-ESCLEROSIS.mp3?_=1\" \/><a href=\"https:\/\/arealorcaradio.es\/wp-content\/uploads\/2026\/04\/280426-JOSE-JOAQUIN-Y-FCO-JOSE.-RETO-ESCLEROSIS.mp3\">https:\/\/arealorcaradio.es\/wp-content\/uploads\/2026\/04\/280426-JOSE-JOAQUIN-Y-FCO-JOSE.-RETO-ESCLEROSIS.mp3<\/a><\/audio>\n<p><img loading=\"lazy\" decoding=\"async\" class=\"alignnone size-medium wp-image-9452\" src=\"https:\/\/arealorcaradio.es\/wp-content\/uploads\/2026\/04\/WhatsApp-Image-2026-04-28-at-17.49.10-300x225.jpeg\" alt=\"\" width=\"300\" height=\"225\" srcset=\"https:\/\/arealorcaradio.es\/wp-content\/uploads\/2026\/04\/WhatsApp-Image-2026-04-28-at-17.49.10-300x225.jpeg 300w, https:\/\/arealorcaradio.es\/wp-content\/uploads\/2026\/04\/WhatsApp-Image-2026-04-28-at-17.49.10-1024x768.jpeg 1024w, https:\/\/arealorcaradio.es\/wp-content\/uploads\/2026\/04\/WhatsApp-Image-2026-04-28-at-17.49.10-768x576.jpeg 768w, https:\/\/arealorcaradio.es\/wp-content\/uploads\/2026\/04\/WhatsApp-Image-2026-04-28-at-17.49.10-1536x1152.jpeg 1536w, https:\/\/arealorcaradio.es\/wp-content\/uploads\/2026\/04\/WhatsApp-Image-2026-04-28-at-17.49.10-86x64.jpeg 86w, https:\/\/arealorcaradio.es\/wp-content\/uploads\/2026\/04\/WhatsApp-Image-2026-04-28-at-17.49.10.jpeg 1600w\" sizes=\"auto, (max-width: 300px) 100vw, 300px\" \/> <img loading=\"lazy\" decoding=\"async\" class=\"alignnone size-medium wp-image-9453\" src=\"https:\/\/arealorcaradio.es\/wp-content\/uploads\/2026\/04\/WhatsApp-Image-2026-04-28-at-17.49.09-300x225.jpeg\" alt=\"\" width=\"300\" height=\"225\" srcset=\"https:\/\/arealorcaradio.es\/wp-content\/uploads\/2026\/04\/WhatsApp-Image-2026-04-28-at-17.49.09-300x225.jpeg 300w, https:\/\/arealorcaradio.es\/wp-content\/uploads\/2026\/04\/WhatsApp-Image-2026-04-28-at-17.49.09-1024x768.jpeg 1024w, https:\/\/arealorcaradio.es\/wp-content\/uploads\/2026\/04\/WhatsApp-Image-2026-04-28-at-17.49.09-768x576.jpeg 768w, https:\/\/arealorcaradio.es\/wp-content\/uploads\/2026\/04\/WhatsApp-Image-2026-04-28-at-17.49.09-1536x1152.jpeg 1536w, https:\/\/arealorcaradio.es\/wp-content\/uploads\/2026\/04\/WhatsApp-Image-2026-04-28-at-17.49.09-86x64.jpeg 86w, https:\/\/arealorcaradio.es\/wp-content\/uploads\/2026\/04\/WhatsApp-Image-2026-04-28-at-17.49.09.jpeg 1600w\" sizes=\"auto, (max-width: 300px) 100vw, 300px\" \/> <img loading=\"lazy\" decoding=\"async\" class=\"alignnone size-medium wp-image-9454\" src=\"https:\/\/arealorcaradio.es\/wp-content\/uploads\/2026\/04\/20260428_164607-1-225x300.jpg\" alt=\"\" width=\"225\" height=\"300\" srcset=\"https:\/\/arealorcaradio.es\/wp-content\/uploads\/2026\/04\/20260428_164607-1-225x300.jpg 225w, https:\/\/arealorcaradio.es\/wp-content\/uploads\/2026\/04\/20260428_164607-1-768x1024.jpg 768w, https:\/\/arealorcaradio.es\/wp-content\/uploads\/2026\/04\/20260428_164607-1-1152x1536.jpg 1152w, https:\/\/arealorcaradio.es\/wp-content\/uploads\/2026\/04\/20260428_164607-1-1536x2048.jpg 1536w, https:\/\/arealorcaradio.es\/wp-content\/uploads\/2026\/04\/20260428_164607-1-scaled.jpg 1920w\" sizes=\"auto, (max-width: 225px) 100vw, 225px\" \/><\/p>\n","protected":false},"excerpt":{"rendered":"<p>\u00c1REA LORCA RADIO. Actualidad. Jos\u00e9 Joaqu\u00edn S\u00e1nchez Ruiz ha recorrido m\u00e1s de 630 kil\u00f3metros, a nado, en bicicleta y a pie por las provincias de M\u00e1laga, Badajoz, Toledo, Madrid, Valladolid, La Coru\u00f1a, Oviedo, Santander, Guip\u00fazcoa, Navarra, La Rioja, Huesca, Barcelona, Valencia y la \u00faltima \u00c1guilas -Lorca desde el 12 al 26 de abril. Ha completado [&hellip;]<\/p>\n","protected":false},"author":1,"featured_media":9455,"comment_status":"open","ping_status":"open","sticky":false,"template":"","format":"standard","meta":{"iawp_total_views":56,"footnotes":""},"categories":[5,7],"tags":[],"class_list":["post-9450","post","type-post","status-publish","format-standard","has-post-thumbnail","hentry","category-actualidad","category-lorca"],"yoast_head":"<!-- This site is optimized with the Yoast SEO plugin v27.5 - https:\/\/yoast.com\/product\/yoast-seo-wordpress\/ -->\n<title>El deportista lorquino Jos\u00e9 Joaqu\u00edn S\u00e1nchez completa con \u00e9xito el reto &quot;15 d\u00edas, 15 triatlones&quot; - AREA LORCA RADIO<\/title>\n<meta name=\"robots\" content=\"index, follow, max-snippet:-1, max-image-preview:large, max-video-preview:-1\" \/>\n<link rel=\"canonical\" href=\"https:\/\/arealorcaradio.es\/index.php\/2026\/04\/28\/el-deportista-lorquino-jose-joaquin-sanchez-completa-con-exito-el-reto-15-dias-15-triatlones\/\" \/>\n<meta property=\"og:locale\" content=\"es_ES\" \/>\n<meta property=\"og:type\" content=\"article\" \/>\n<meta property=\"og:title\" content=\"El deportista lorquino Jos\u00e9 Joaqu\u00edn S\u00e1nchez completa con \u00e9xito el reto &quot;15 d\u00edas, 15 triatlones&quot; - AREA LORCA RADIO\" \/>\n<meta property=\"og:description\" content=\"\u00c1REA LORCA RADIO. Actualidad. Jos\u00e9 Joaqu\u00edn S\u00e1nchez Ruiz ha recorrido m\u00e1s de 630 kil\u00f3metros, a nado, en bicicleta y a pie por las provincias de M\u00e1laga, Badajoz, Toledo, Madrid, Valladolid, La Coru\u00f1a, Oviedo, Santander, Guip\u00fazcoa, Navarra, La Rioja, Huesca, Barcelona, Valencia y la \u00faltima \u00c1guilas -Lorca desde el 12 al 26 de abril. Ha completado [&hellip;]\" \/>\n<meta property=\"og:url\" content=\"https:\/\/arealorcaradio.es\/index.php\/2026\/04\/28\/el-deportista-lorquino-jose-joaquin-sanchez-completa-con-exito-el-reto-15-dias-15-triatlones\/\" \/>\n<meta property=\"og:site_name\" content=\"AREA LORCA RADIO\" \/>\n<meta property=\"article:published_time\" content=\"2026-04-28T16:13:48+00:00\" \/>\n<meta property=\"og:image\" content=\"https:\/\/arealorcaradio.es\/wp-content\/uploads\/2026\/04\/20260428_164540-scaled.jpg\" \/>\n\t<meta property=\"og:image:width\" content=\"2560\" \/>\n\t<meta property=\"og:image:height\" content=\"1920\" \/>\n\t<meta property=\"og:image:type\" content=\"image\/jpeg\" \/>\n<meta name=\"author\" content=\"Paco S\u00e1nchez\" \/>\n<meta name=\"twitter:card\" content=\"summary_large_image\" \/>\n<meta name=\"twitter:label1\" content=\"Escrito por\" \/>\n\t<meta name=\"twitter:data1\" content=\"Paco S\u00e1nchez\" \/>\n\t<meta name=\"twitter:label2\" content=\"Tiempo de lectura\" \/>\n\t<meta name=\"twitter:data2\" content=\"2 minutos\" \/>\n<script type=\"application\/ld+json\" class=\"yoast-schema-graph\">{\"@context\":\"https:\\\/\\\/schema.org\",\"@graph\":[{\"@type\":\"Article\",\"@id\":\"https:\\\/\\\/arealorcaradio.es\\\/index.php\\\/2026\\\/04\\\/28\\\/el-deportista-lorquino-jose-joaquin-sanchez-completa-con-exito-el-reto-15-dias-15-triatlones\\\/#article\",\"isPartOf\":{\"@id\":\"https:\\\/\\\/arealorcaradio.es\\\/index.php\\\/2026\\\/04\\\/28\\\/el-deportista-lorquino-jose-joaquin-sanchez-completa-con-exito-el-reto-15-dias-15-triatlones\\\/\"},\"author\":{\"name\":\"Paco S\u00e1nchez\",\"@id\":\"https:\\\/\\\/arealorcaradio.es\\\/#\\\/schema\\\/person\\\/9fae605fc25b0f2c83c1ab207139bd27\"},\"headline\":\"El deportista lorquino Jos\u00e9 Joaqu\u00edn S\u00e1nchez completa con \u00e9xito el reto \u00ab15 d\u00edas, 15 triatlones\u00bb\",\"datePublished\":\"2026-04-28T16:13:48+00:00\",\"mainEntityOfPage\":{\"@id\":\"https:\\\/\\\/arealorcaradio.es\\\/index.php\\\/2026\\\/04\\\/28\\\/el-deportista-lorquino-jose-joaquin-sanchez-completa-con-exito-el-reto-15-dias-15-triatlones\\\/\"},\"wordCount\":158,\"commentCount\":0,\"image\":{\"@id\":\"https:\\\/\\\/arealorcaradio.es\\\/index.php\\\/2026\\\/04\\\/28\\\/el-deportista-lorquino-jose-joaquin-sanchez-completa-con-exito-el-reto-15-dias-15-triatlones\\\/#primaryimage\"},\"thumbnailUrl\":\"https:\\\/\\\/arealorcaradio.es\\\/wp-content\\\/uploads\\\/2026\\\/04\\\/20260428_164540-scaled.jpg\",\"articleSection\":[\"ACTUALIDAD\",\"LORCA\"],\"inLanguage\":\"es\",\"potentialAction\":[{\"@type\":\"CommentAction\",\"name\":\"Comment\",\"target\":[\"https:\\\/\\\/arealorcaradio.es\\\/index.php\\\/2026\\\/04\\\/28\\\/el-deportista-lorquino-jose-joaquin-sanchez-completa-con-exito-el-reto-15-dias-15-triatlones\\\/#respond\"]}]},{\"@type\":\"WebPage\",\"@id\":\"https:\\\/\\\/arealorcaradio.es\\\/index.php\\\/2026\\\/04\\\/28\\\/el-deportista-lorquino-jose-joaquin-sanchez-completa-con-exito-el-reto-15-dias-15-triatlones\\\/\",\"url\":\"https:\\\/\\\/arealorcaradio.es\\\/index.php\\\/2026\\\/04\\\/28\\\/el-deportista-lorquino-jose-joaquin-sanchez-completa-con-exito-el-reto-15-dias-15-triatlones\\\/\",\"name\":\"El deportista lorquino Jos\u00e9 Joaqu\u00edn S\u00e1nchez completa con \u00e9xito el reto \\\"15 d\u00edas, 15 triatlones\\\" - AREA LORCA RADIO\",\"isPartOf\":{\"@id\":\"https:\\\/\\\/arealorcaradio.es\\\/#website\"},\"primaryImageOfPage\":{\"@id\":\"https:\\\/\\\/arealorcaradio.es\\\/index.php\\\/2026\\\/04\\\/28\\\/el-deportista-lorquino-jose-joaquin-sanchez-completa-con-exito-el-reto-15-dias-15-triatlones\\\/#primaryimage\"},\"image\":{\"@id\":\"https:\\\/\\\/arealorcaradio.es\\\/index.php\\\/2026\\\/04\\\/28\\\/el-deportista-lorquino-jose-joaquin-sanchez-completa-con-exito-el-reto-15-dias-15-triatlones\\\/#primaryimage\"},\"thumbnailUrl\":\"https:\\\/\\\/arealorcaradio.es\\\/wp-content\\\/uploads\\\/2026\\\/04\\\/20260428_164540-scaled.jpg\",\"datePublished\":\"2026-04-28T16:13:48+00:00\",\"author\":{\"@id\":\"https:\\\/\\\/arealorcaradio.es\\\/#\\\/schema\\\/person\\\/9fae605fc25b0f2c83c1ab207139bd27\"},\"breadcrumb\":{\"@id\":\"https:\\\/\\\/arealorcaradio.es\\\/index.php\\\/2026\\\/04\\\/28\\\/el-deportista-lorquino-jose-joaquin-sanchez-completa-con-exito-el-reto-15-dias-15-triatlones\\\/#breadcrumb\"},\"inLanguage\":\"es\",\"potentialAction\":[{\"@type\":\"ReadAction\",\"target\":[\"https:\\\/\\\/arealorcaradio.es\\\/index.php\\\/2026\\\/04\\\/28\\\/el-deportista-lorquino-jose-joaquin-sanchez-completa-con-exito-el-reto-15-dias-15-triatlones\\\/\"]}]},{\"@type\":\"ImageObject\",\"inLanguage\":\"es\",\"@id\":\"https:\\\/\\\/arealorcaradio.es\\\/index.php\\\/2026\\\/04\\\/28\\\/el-deportista-lorquino-jose-joaquin-sanchez-completa-con-exito-el-reto-15-dias-15-triatlones\\\/#primaryimage\",\"url\":\"https:\\\/\\\/arealorcaradio.es\\\/wp-content\\\/uploads\\\/2026\\\/04\\\/20260428_164540-scaled.jpg\",\"contentUrl\":\"https:\\\/\\\/arealorcaradio.es\\\/wp-content\\\/uploads\\\/2026\\\/04\\\/20260428_164540-scaled.jpg\",\"width\":2560,\"height\":1920},{\"@type\":\"BreadcrumbList\",\"@id\":\"https:\\\/\\\/arealorcaradio.es\\\/index.php\\\/2026\\\/04\\\/28\\\/el-deportista-lorquino-jose-joaquin-sanchez-completa-con-exito-el-reto-15-dias-15-triatlones\\\/#breadcrumb\",\"itemListElement\":[{\"@type\":\"ListItem\",\"position\":1,\"name\":\"Portada\",\"item\":\"https:\\\/\\\/arealorcaradio.es\\\/\"},{\"@type\":\"ListItem\",\"position\":2,\"name\":\"El deportista lorquino Jos\u00e9 Joaqu\u00edn S\u00e1nchez completa con \u00e9xito el reto \u00ab15 d\u00edas, 15 triatlones\u00bb\"}]},{\"@type\":\"WebSite\",\"@id\":\"https:\\\/\\\/arealorcaradio.es\\\/#website\",\"url\":\"https:\\\/\\\/arealorcaradio.es\\\/\",\"name\":\"AREA LORCA RADIO\",\"description\":\"Descubre la programaci\u00f3n actual en \u00c1rea Lorca Radio, tu fuente de entrenamiento y noticias locales. Sintoniza ahora y mantente conectado online.\",\"potentialAction\":[{\"@type\":\"SearchAction\",\"target\":{\"@type\":\"EntryPoint\",\"urlTemplate\":\"https:\\\/\\\/arealorcaradio.es\\\/?s={search_term_string}\"},\"query-input\":{\"@type\":\"PropertyValueSpecification\",\"valueRequired\":true,\"valueName\":\"search_term_string\"}}],\"inLanguage\":\"es\"},{\"@type\":\"Person\",\"@id\":\"https:\\\/\\\/arealorcaradio.es\\\/#\\\/schema\\\/person\\\/9fae605fc25b0f2c83c1ab207139bd27\",\"name\":\"Paco S\u00e1nchez\",\"image\":{\"@type\":\"ImageObject\",\"inLanguage\":\"es\",\"@id\":\"https:\\\/\\\/secure.gravatar.com\\\/avatar\\\/d67144e966420fb74aa84c9f2a0103be4724fd14db52b52d3b6bca749f257e79?s=96&d=mm&r=g\",\"url\":\"https:\\\/\\\/secure.gravatar.com\\\/avatar\\\/d67144e966420fb74aa84c9f2a0103be4724fd14db52b52d3b6bca749f257e79?s=96&d=mm&r=g\",\"contentUrl\":\"https:\\\/\\\/secure.gravatar.com\\\/avatar\\\/d67144e966420fb74aa84c9f2a0103be4724fd14db52b52d3b6bca749f257e79?s=96&d=mm&r=g\",\"caption\":\"Paco S\u00e1nchez\"},\"sameAs\":[\"https:\\\/\\\/arealorcaradio.es\"],\"url\":\"https:\\\/\\\/arealorcaradio.es\\\/index.php\\\/author\\\/admin_alorcaradio\\\/\"}]}<\/script>\n<!-- \/ Yoast SEO plugin. -->","yoast_head_json":{"title":"El deportista lorquino Jos\u00e9 Joaqu\u00edn S\u00e1nchez completa con \u00e9xito el reto \"15 d\u00edas, 15 triatlones\" - AREA LORCA RADIO","robots":{"index":"index","follow":"follow","max-snippet":"max-snippet:-1","max-image-preview":"max-image-preview:large","max-video-preview":"max-video-preview:-1"},"canonical":"https:\/\/arealorcaradio.es\/index.php\/2026\/04\/28\/el-deportista-lorquino-jose-joaquin-sanchez-completa-con-exito-el-reto-15-dias-15-triatlones\/","og_locale":"es_ES","og_type":"article","og_title":"El deportista lorquino Jos\u00e9 Joaqu\u00edn S\u00e1nchez completa con \u00e9xito el reto \"15 d\u00edas, 15 triatlones\" - AREA LORCA RADIO","og_description":"\u00c1REA LORCA RADIO. Actualidad. Jos\u00e9 Joaqu\u00edn S\u00e1nchez Ruiz ha recorrido m\u00e1s de 630 kil\u00f3metros, a nado, en bicicleta y a pie por las provincias de M\u00e1laga, Badajoz, Toledo, Madrid, Valladolid, La Coru\u00f1a, Oviedo, Santander, Guip\u00fazcoa, Navarra, La Rioja, Huesca, Barcelona, Valencia y la \u00faltima \u00c1guilas -Lorca desde el 12 al 26 de abril. Ha completado [&hellip;]","og_url":"https:\/\/arealorcaradio.es\/index.php\/2026\/04\/28\/el-deportista-lorquino-jose-joaquin-sanchez-completa-con-exito-el-reto-15-dias-15-triatlones\/","og_site_name":"AREA LORCA RADIO","article_published_time":"2026-04-28T16:13:48+00:00","og_image":[{"width":2560,"height":1920,"url":"https:\/\/arealorcaradio.es\/wp-content\/uploads\/2026\/04\/20260428_164540-scaled.jpg","type":"image\/jpeg"}],"author":"Paco S\u00e1nchez","twitter_card":"summary_large_image","twitter_misc":{"Escrito por":"Paco S\u00e1nchez","Tiempo de lectura":"2 minutos"},"schema":{"@context":"https:\/\/schema.org","@graph":[{"@type":"Article","@id":"https:\/\/arealorcaradio.es\/index.php\/2026\/04\/28\/el-deportista-lorquino-jose-joaquin-sanchez-completa-con-exito-el-reto-15-dias-15-triatlones\/#article","isPartOf":{"@id":"https:\/\/arealorcaradio.es\/index.php\/2026\/04\/28\/el-deportista-lorquino-jose-joaquin-sanchez-completa-con-exito-el-reto-15-dias-15-triatlones\/"},"author":{"name":"Paco S\u00e1nchez","@id":"https:\/\/arealorcaradio.es\/#\/schema\/person\/9fae605fc25b0f2c83c1ab207139bd27"},"headline":"El deportista lorquino Jos\u00e9 Joaqu\u00edn S\u00e1nchez completa con \u00e9xito el reto \u00ab15 d\u00edas, 15 triatlones\u00bb","datePublished":"2026-04-28T16:13:48+00:00","mainEntityOfPage":{"@id":"https:\/\/arealorcaradio.es\/index.php\/2026\/04\/28\/el-deportista-lorquino-jose-joaquin-sanchez-completa-con-exito-el-reto-15-dias-15-triatlones\/"},"wordCount":158,"commentCount":0,"image":{"@id":"https:\/\/arealorcaradio.es\/index.php\/2026\/04\/28\/el-deportista-lorquino-jose-joaquin-sanchez-completa-con-exito-el-reto-15-dias-15-triatlones\/#primaryimage"},"thumbnailUrl":"https:\/\/arealorcaradio.es\/wp-content\/uploads\/2026\/04\/20260428_164540-scaled.jpg","articleSection":["ACTUALIDAD","LORCA"],"inLanguage":"es","potentialAction":[{"@type":"CommentAction","name":"Comment","target":["https:\/\/arealorcaradio.es\/index.php\/2026\/04\/28\/el-deportista-lorquino-jose-joaquin-sanchez-completa-con-exito-el-reto-15-dias-15-triatlones\/#respond"]}]},{"@type":"WebPage","@id":"https:\/\/arealorcaradio.es\/index.php\/2026\/04\/28\/el-deportista-lorquino-jose-joaquin-sanchez-completa-con-exito-el-reto-15-dias-15-triatlones\/","url":"https:\/\/arealorcaradio.es\/index.php\/2026\/04\/28\/el-deportista-lorquino-jose-joaquin-sanchez-completa-con-exito-el-reto-15-dias-15-triatlones\/","name":"El deportista lorquino Jos\u00e9 Joaqu\u00edn S\u00e1nchez completa con \u00e9xito el reto \"15 d\u00edas, 15 triatlones\" - AREA LORCA RADIO","isPartOf":{"@id":"https:\/\/arealorcaradio.es\/#website"},"primaryImageOfPage":{"@id":"https:\/\/arealorcaradio.es\/index.php\/2026\/04\/28\/el-deportista-lorquino-jose-joaquin-sanchez-completa-con-exito-el-reto-15-dias-15-triatlones\/#primaryimage"},"image":{"@id":"https:\/\/arealorcaradio.es\/index.php\/2026\/04\/28\/el-deportista-lorquino-jose-joaquin-sanchez-completa-con-exito-el-reto-15-dias-15-triatlones\/#primaryimage"},"thumbnailUrl":"https:\/\/arealorcaradio.es\/wp-content\/uploads\/2026\/04\/20260428_164540-scaled.jpg","datePublished":"2026-04-28T16:13:48+00:00","author":{"@id":"https:\/\/arealorcaradio.es\/#\/schema\/person\/9fae605fc25b0f2c83c1ab207139bd27"},"breadcrumb":{"@id":"https:\/\/arealorcaradio.es\/index.php\/2026\/04\/28\/el-deportista-lorquino-jose-joaquin-sanchez-completa-con-exito-el-reto-15-dias-15-triatlones\/#breadcrumb"},"inLanguage":"es","potentialAction":[{"@type":"ReadAction","target":["https:\/\/arealorcaradio.es\/index.php\/2026\/04\/28\/el-deportista-lorquino-jose-joaquin-sanchez-completa-con-exito-el-reto-15-dias-15-triatlones\/"]}]},{"@type":"ImageObject","inLanguage":"es","@id":"https:\/\/arealorcaradio.es\/index.php\/2026\/04\/28\/el-deportista-lorquino-jose-joaquin-sanchez-completa-con-exito-el-reto-15-dias-15-triatlones\/#primaryimage","url":"https:\/\/arealorcaradio.es\/wp-content\/uploads\/2026\/04\/20260428_164540-scaled.jpg","contentUrl":"https:\/\/arealorcaradio.es\/wp-content\/uploads\/2026\/04\/20260428_164540-scaled.jpg","width":2560,"height":1920},{"@type":"BreadcrumbList","@id":"https:\/\/arealorcaradio.es\/index.php\/2026\/04\/28\/el-deportista-lorquino-jose-joaquin-sanchez-completa-con-exito-el-reto-15-dias-15-triatlones\/#breadcrumb","itemListElement":[{"@type":"ListItem","position":1,"name":"Portada","item":"https:\/\/arealorcaradio.es\/"},{"@type":"ListItem","position":2,"name":"El deportista lorquino Jos\u00e9 Joaqu\u00edn S\u00e1nchez completa con \u00e9xito el reto \u00ab15 d\u00edas, 15 triatlones\u00bb"}]},{"@type":"WebSite","@id":"https:\/\/arealorcaradio.es\/#website","url":"https:\/\/arealorcaradio.es\/","name":"AREA LORCA RADIO","description":"Descubre la programaci\u00f3n actual en \u00c1rea Lorca Radio, tu fuente de entrenamiento y noticias locales. Sintoniza ahora y mantente conectado online.","potentialAction":[{"@type":"SearchAction","target":{"@type":"EntryPoint","urlTemplate":"https:\/\/arealorcaradio.es\/?s={search_term_string}"},"query-input":{"@type":"PropertyValueSpecification","valueRequired":true,"valueName":"search_term_string"}}],"inLanguage":"es"},{"@type":"Person","@id":"https:\/\/arealorcaradio.es\/#\/schema\/person\/9fae605fc25b0f2c83c1ab207139bd27","name":"Paco S\u00e1nchez","image":{"@type":"ImageObject","inLanguage":"es","@id":"https:\/\/secure.gravatar.com\/avatar\/d67144e966420fb74aa84c9f2a0103be4724fd14db52b52d3b6bca749f257e79?s=96&d=mm&r=g","url":"https:\/\/secure.gravatar.com\/avatar\/d67144e966420fb74aa84c9f2a0103be4724fd14db52b52d3b6bca749f257e79?s=96&d=mm&r=g","contentUrl":"https:\/\/secure.gravatar.com\/avatar\/d67144e966420fb74aa84c9f2a0103be4724fd14db52b52d3b6bca749f257e79?s=96&d=mm&r=g","caption":"Paco S\u00e1nchez"},"sameAs":["https:\/\/arealorcaradio.es"],"url":"https:\/\/arealorcaradio.es\/index.php\/author\/admin_alorcaradio\/"}]}},"_links":{"self":[{"href":"https:\/\/arealorcaradio.es\/index.php\/wp-json\/wp\/v2\/posts\/9450","targetHints":{"allow":["GET"]}}],"collection":[{"href":"https:\/\/arealorcaradio.es\/index.php\/wp-json\/wp\/v2\/posts"}],"about":[{"href":"https:\/\/arealorcaradio.es\/index.php\/wp-json\/wp\/v2\/types\/post"}],"author":[{"embeddable":true,"href":"https:\/\/arealorcaradio.es\/index.php\/wp-json\/wp\/v2\/users\/1"}],"replies":[{"embeddable":true,"href":"https:\/\/arealorcaradio.es\/index.php\/wp-json\/wp\/v2\/comments?post=9450"}],"version-history":[{"count":1,"href":"https:\/\/arealorcaradio.es\/index.php\/wp-json\/wp\/v2\/posts\/9450\/revisions"}],"predecessor-version":[{"id":9456,"href":"https:\/\/arealorcaradio.es\/index.php\/wp-json\/wp\/v2\/posts\/9450\/revisions\/9456"}],"wp:featuredmedia":[{"embeddable":true,"href":"https:\/\/arealorcaradio.es\/index.php\/wp-json\/wp\/v2\/media\/9455"}],"wp:attachment":[{"href":"https:\/\/arealorcaradio.es\/index.php\/wp-json\/wp\/v2\/media?parent=9450"}],"wp:term":[{"taxonomy":"category","embeddable":true,"href":"https:\/\/arealorcaradio.es\/index.php\/wp-json\/wp\/v2\/categories?post=9450"},{"taxonomy":"post_tag","embeddable":true,"href":"https:\/\/arealorcaradio.es\/index.php\/wp-json\/wp\/v2\/tags?post=9450"}],"curies":[{"name":"wp","href":"https:\/\/api.w.org\/{rel}","templated":true}]}}