{"id":9433,"date":"2026-04-24T23:51:36","date_gmt":"2026-04-24T23:51:36","guid":{"rendered":"https:\/\/arealorcaradio.es\/?p=9433"},"modified":"2026-04-24T23:51:36","modified_gmt":"2026-04-24T23:51:36","slug":"la-gimnasta-de-8-anos-nerea-martinez-belmonte-del-club-ritmica-movilin-campeona-de-espana-base-prebenjamin","status":"publish","type":"post","link":"https:\/\/arealorcaradio.es\/index.php\/2026\/04\/24\/la-gimnasta-de-8-anos-nerea-martinez-belmonte-del-club-ritmica-movilin-campeona-de-espana-base-prebenjamin\/","title":{"rendered":"La gimnasta de 8 a\u00f1os Nerea Mart\u00ednez Belmonte, del Club R\u00edtmica Movilin, Campeona de Espa\u00f1a Base Prebenjam\u00edn"},"content":{"rendered":"<p><strong>\u00c1REA LORCA RADIO. Deportes.<\/strong><\/p>\n<p>Escucha aqu\u00ed la entrevista que han concedido a Paco S\u00e1nchez en el programa deportivo de \u00c1rea Lorca Radio, la entrenadora del Club R\u00edtmica Movilin, Raquel Jim\u00e9nez de Cisneros Montiel, las gimnastas Nerea Mart\u00ednez, flamante Campeona de Espa\u00f1a Prebenjam\u00edn, su madre Dolores Belmonte, Mar\u00eda L\u00f3pez, decima clasificada en categor\u00eda Alev\u00edn 2016 y su madre Mar\u00eda Dolores Parra.<\/p>\n<audio class=\"wp-audio-shortcode\" id=\"audio-9433-1\" preload=\"none\" style=\"width: 100%;\" controls=\"controls\"><source type=\"audio\/mpeg\" src=\"https:\/\/arealorcaradio.es\/wp-content\/uploads\/2026\/04\/GIMNASIA-RITMICA.mp3?_=1\" \/><a href=\"https:\/\/arealorcaradio.es\/wp-content\/uploads\/2026\/04\/GIMNASIA-RITMICA.mp3\">https:\/\/arealorcaradio.es\/wp-content\/uploads\/2026\/04\/GIMNASIA-RITMICA.mp3<\/a><\/audio>\n<p>La ciudad asturiana de Oviedo fue el escenario del 14 al 19 de abril, del Campeonato de Espa\u00f1a Base Individual de Gimnasia R\u00edtmica, al que el Club R\u00edtmica Movilin, cuya entrenadora es Raquel Jim\u00e9nez de Cisneros Montiel, asist\u00eda con un total de 8 gimnastas de diferentes categor\u00edas.<\/p>\n<p>La peque\u00f1a de 8 a\u00f1os Nerea Mart\u00ednez Belmonte, se hac\u00eda con la medalla de oro y Campeonato de Espa\u00f1a en categor\u00eda Prebenjam\u00edn, con una nota de 15.550.<\/p>\n<p><img loading=\"lazy\" decoding=\"async\" class=\"alignnone size-medium wp-image-9441\" src=\"https:\/\/arealorcaradio.es\/wp-content\/uploads\/2026\/04\/IMG-20260424-WA0013-1-1-235x300.jpg\" alt=\"\" width=\"235\" height=\"300\" srcset=\"https:\/\/arealorcaradio.es\/wp-content\/uploads\/2026\/04\/IMG-20260424-WA0013-1-1-235x300.jpg 235w, https:\/\/arealorcaradio.es\/wp-content\/uploads\/2026\/04\/IMG-20260424-WA0013-1-1-801x1024.jpg 801w, https:\/\/arealorcaradio.es\/wp-content\/uploads\/2026\/04\/IMG-20260424-WA0013-1-1-768x982.jpg 768w, https:\/\/arealorcaradio.es\/wp-content\/uploads\/2026\/04\/IMG-20260424-WA0013-1-1.jpg 1170w\" sizes=\"auto, (max-width: 235px) 100vw, 235px\" \/> <img loading=\"lazy\" decoding=\"async\" class=\"alignnone size-medium wp-image-9442\" src=\"https:\/\/arealorcaradio.es\/wp-content\/uploads\/2026\/04\/IMG-20260424-WA0014-1-300x225.jpg\" alt=\"\" width=\"300\" height=\"225\" srcset=\"https:\/\/arealorcaradio.es\/wp-content\/uploads\/2026\/04\/IMG-20260424-WA0014-1-300x225.jpg 300w, https:\/\/arealorcaradio.es\/wp-content\/uploads\/2026\/04\/IMG-20260424-WA0014-1-1024x768.jpg 1024w, https:\/\/arealorcaradio.es\/wp-content\/uploads\/2026\/04\/IMG-20260424-WA0014-1-768x576.jpg 768w, https:\/\/arealorcaradio.es\/wp-content\/uploads\/2026\/04\/IMG-20260424-WA0014-1-86x64.jpg 86w, https:\/\/arealorcaradio.es\/wp-content\/uploads\/2026\/04\/IMG-20260424-WA0014-1.jpg 1170w\" sizes=\"auto, (max-width: 300px) 100vw, 300px\" \/> <img loading=\"lazy\" decoding=\"async\" class=\"alignnone size-medium wp-image-9443\" src=\"https:\/\/arealorcaradio.es\/wp-content\/uploads\/2026\/04\/IMG-20260424-WA0012-300x227.jpg\" alt=\"\" width=\"300\" height=\"227\" srcset=\"https:\/\/arealorcaradio.es\/wp-content\/uploads\/2026\/04\/IMG-20260424-WA0012-300x227.jpg 300w, https:\/\/arealorcaradio.es\/wp-content\/uploads\/2026\/04\/IMG-20260424-WA0012-1024x774.jpg 1024w, https:\/\/arealorcaradio.es\/wp-content\/uploads\/2026\/04\/IMG-20260424-WA0012-768x580.jpg 768w, https:\/\/arealorcaradio.es\/wp-content\/uploads\/2026\/04\/IMG-20260424-WA0012-86x64.jpg 86w, https:\/\/arealorcaradio.es\/wp-content\/uploads\/2026\/04\/IMG-20260424-WA0012.jpg 1170w\" sizes=\"auto, (max-width: 300px) 100vw, 300px\" \/> <img loading=\"lazy\" decoding=\"async\" class=\"alignnone size-medium wp-image-9444\" src=\"https:\/\/arealorcaradio.es\/wp-content\/uploads\/2026\/04\/IMG-20260424-WA0011-300x229.jpg\" alt=\"\" width=\"300\" height=\"229\" srcset=\"https:\/\/arealorcaradio.es\/wp-content\/uploads\/2026\/04\/IMG-20260424-WA0011-300x229.jpg 300w, https:\/\/arealorcaradio.es\/wp-content\/uploads\/2026\/04\/IMG-20260424-WA0011-1024x781.jpg 1024w, https:\/\/arealorcaradio.es\/wp-content\/uploads\/2026\/04\/IMG-20260424-WA0011-768x586.jpg 768w, https:\/\/arealorcaradio.es\/wp-content\/uploads\/2026\/04\/IMG-20260424-WA0011.jpg 1170w\" sizes=\"auto, (max-width: 300px) 100vw, 300px\" \/><\/p>\n<p><img loading=\"lazy\" decoding=\"async\" class=\"alignnone size-medium wp-image-9445\" src=\"https:\/\/arealorcaradio.es\/wp-content\/uploads\/2026\/04\/IMG-20260424-WA0010-300x225.jpg\" alt=\"\" width=\"300\" height=\"225\" srcset=\"https:\/\/arealorcaradio.es\/wp-content\/uploads\/2026\/04\/IMG-20260424-WA0010-300x225.jpg 300w, https:\/\/arealorcaradio.es\/wp-content\/uploads\/2026\/04\/IMG-20260424-WA0010-1024x768.jpg 1024w, https:\/\/arealorcaradio.es\/wp-content\/uploads\/2026\/04\/IMG-20260424-WA0010-768x576.jpg 768w, https:\/\/arealorcaradio.es\/wp-content\/uploads\/2026\/04\/IMG-20260424-WA0010-86x64.jpg 86w, https:\/\/arealorcaradio.es\/wp-content\/uploads\/2026\/04\/IMG-20260424-WA0010.jpg 1170w\" sizes=\"auto, (max-width: 300px) 100vw, 300px\" \/> <img loading=\"lazy\" decoding=\"async\" class=\"alignnone size-medium wp-image-9446\" src=\"https:\/\/arealorcaradio.es\/wp-content\/uploads\/2026\/04\/20260424_1632100-225x300.jpg\" alt=\"\" width=\"225\" height=\"300\" srcset=\"https:\/\/arealorcaradio.es\/wp-content\/uploads\/2026\/04\/20260424_1632100-225x300.jpg 225w, https:\/\/arealorcaradio.es\/wp-content\/uploads\/2026\/04\/20260424_1632100-768x1024.jpg 768w, https:\/\/arealorcaradio.es\/wp-content\/uploads\/2026\/04\/20260424_1632100-1152x1536.jpg 1152w, https:\/\/arealorcaradio.es\/wp-content\/uploads\/2026\/04\/20260424_1632100-1536x2048.jpg 1536w, https:\/\/arealorcaradio.es\/wp-content\/uploads\/2026\/04\/20260424_1632100-scaled.jpg 1920w\" sizes=\"auto, (max-width: 225px) 100vw, 225px\" \/><\/p>\n<p>Su compa\u00f1era, Mar\u00eda L\u00f3pez Parra, se hac\u00eda con el decimo puesto en la categor\u00eda Alev\u00edn 2026, con el aparato de Aro. Se da la circunstancia que tambi\u00e9n fue decima clasificada el pasado a\u00f1o en categor\u00eda Benjam\u00edn.<\/p>\n<p><img loading=\"lazy\" decoding=\"async\" class=\"alignnone size-medium wp-image-9436\" src=\"https:\/\/arealorcaradio.es\/wp-content\/uploads\/2026\/04\/IMG-20260424-WA0008-300x232.jpg\" alt=\"\" width=\"300\" height=\"232\" srcset=\"https:\/\/arealorcaradio.es\/wp-content\/uploads\/2026\/04\/IMG-20260424-WA0008-300x232.jpg 300w, https:\/\/arealorcaradio.es\/wp-content\/uploads\/2026\/04\/IMG-20260424-WA0008-1024x791.jpg 1024w, https:\/\/arealorcaradio.es\/wp-content\/uploads\/2026\/04\/IMG-20260424-WA0008-768x593.jpg 768w, https:\/\/arealorcaradio.es\/wp-content\/uploads\/2026\/04\/IMG-20260424-WA0008-1536x1187.jpg 1536w, https:\/\/arealorcaradio.es\/wp-content\/uploads\/2026\/04\/IMG-20260424-WA0008.jpg 1800w\" sizes=\"auto, (max-width: 300px) 100vw, 300px\" \/> <img loading=\"lazy\" decoding=\"async\" class=\"alignnone size-medium wp-image-9437\" src=\"https:\/\/arealorcaradio.es\/wp-content\/uploads\/2026\/04\/IMG-20260424-WA0015-2-300x232.jpg\" alt=\"\" width=\"300\" height=\"232\" srcset=\"https:\/\/arealorcaradio.es\/wp-content\/uploads\/2026\/04\/IMG-20260424-WA0015-2-300x232.jpg 300w, https:\/\/arealorcaradio.es\/wp-content\/uploads\/2026\/04\/IMG-20260424-WA0015-2-1024x791.jpg 1024w, https:\/\/arealorcaradio.es\/wp-content\/uploads\/2026\/04\/IMG-20260424-WA0015-2-768x593.jpg 768w, https:\/\/arealorcaradio.es\/wp-content\/uploads\/2026\/04\/IMG-20260424-WA0015-2-1536x1187.jpg 1536w, https:\/\/arealorcaradio.es\/wp-content\/uploads\/2026\/04\/IMG-20260424-WA0015-2.jpg 1800w\" sizes=\"auto, (max-width: 300px) 100vw, 300px\" \/><\/p>\n<p><img loading=\"lazy\" decoding=\"async\" class=\"alignnone size-medium wp-image-9439\" src=\"https:\/\/arealorcaradio.es\/wp-content\/uploads\/2026\/04\/IMG-20260424-WA0009-300x232.jpg\" alt=\"\" width=\"300\" height=\"232\" srcset=\"https:\/\/arealorcaradio.es\/wp-content\/uploads\/2026\/04\/IMG-20260424-WA0009-300x232.jpg 300w, https:\/\/arealorcaradio.es\/wp-content\/uploads\/2026\/04\/IMG-20260424-WA0009-1024x791.jpg 1024w, https:\/\/arealorcaradio.es\/wp-content\/uploads\/2026\/04\/IMG-20260424-WA0009-768x593.jpg 768w, https:\/\/arealorcaradio.es\/wp-content\/uploads\/2026\/04\/IMG-20260424-WA0009-1536x1187.jpg 1536w, https:\/\/arealorcaradio.es\/wp-content\/uploads\/2026\/04\/IMG-20260424-WA0009.jpg 1800w\" sizes=\"auto, (max-width: 300px) 100vw, 300px\" \/> <img loading=\"lazy\" decoding=\"async\" class=\"alignnone size-medium wp-image-9440\" src=\"https:\/\/arealorcaradio.es\/wp-content\/uploads\/2026\/04\/20260424_1632320-225x300.jpg\" alt=\"\" width=\"225\" height=\"300\" srcset=\"https:\/\/arealorcaradio.es\/wp-content\/uploads\/2026\/04\/20260424_1632320-225x300.jpg 225w, https:\/\/arealorcaradio.es\/wp-content\/uploads\/2026\/04\/20260424_1632320-768x1024.jpg 768w, https:\/\/arealorcaradio.es\/wp-content\/uploads\/2026\/04\/20260424_1632320-1152x1536.jpg 1152w, https:\/\/arealorcaradio.es\/wp-content\/uploads\/2026\/04\/20260424_1632320-1536x2048.jpg 1536w, https:\/\/arealorcaradio.es\/wp-content\/uploads\/2026\/04\/20260424_1632320-scaled.jpg 1920w\" sizes=\"auto, (max-width: 225px) 100vw, 225px\" \/><\/p>\n<p>El resto de gimnastas que han representado al Club R\u00edtmica Movilin han sido: Ana Soler, Naiara L\u00f3pez, Alicia Ib\u00e1\u00f1ez, Mar\u00eda Plazas, Adriana Galindo y Nerea Garc\u00eda.<\/p>\n","protected":false},"excerpt":{"rendered":"<p>\u00c1REA LORCA RADIO. Deportes. Escucha aqu\u00ed la entrevista que han concedido a Paco S\u00e1nchez en el programa deportivo de \u00c1rea Lorca Radio, la entrenadora del Club R\u00edtmica Movilin, Raquel Jim\u00e9nez de Cisneros Montiel, las gimnastas Nerea Mart\u00ednez, flamante Campeona de Espa\u00f1a Prebenjam\u00edn, su madre Dolores Belmonte, Mar\u00eda L\u00f3pez, decima clasificada en categor\u00eda Alev\u00edn 2016 y [&hellip;]<\/p>\n","protected":false},"author":1,"featured_media":9435,"comment_status":"open","ping_status":"open","sticky":false,"template":"","format":"standard","meta":{"iawp_total_views":354,"footnotes":""},"categories":[4,7],"tags":[],"class_list":["post-9433","post","type-post","status-publish","format-standard","has-post-thumbnail","hentry","category-deportes","category-lorca"],"yoast_head":"<!-- This site is optimized with the Yoast SEO plugin v27.4 - https:\/\/yoast.com\/product\/yoast-seo-wordpress\/ -->\n<title>La gimnasta de 8 a\u00f1os Nerea Mart\u00ednez Belmonte, del Club R\u00edtmica Movilin, Campeona de Espa\u00f1a Base Prebenjam\u00edn - AREA LORCA RADIO<\/title>\n<meta name=\"robots\" content=\"index, follow, max-snippet:-1, max-image-preview:large, max-video-preview:-1\" \/>\n<link rel=\"canonical\" href=\"https:\/\/arealorcaradio.es\/index.php\/2026\/04\/24\/la-gimnasta-de-8-anos-nerea-martinez-belmonte-del-club-ritmica-movilin-campeona-de-espana-base-prebenjamin\/\" \/>\n<meta property=\"og:locale\" content=\"es_ES\" \/>\n<meta property=\"og:type\" content=\"article\" \/>\n<meta property=\"og:title\" content=\"La gimnasta de 8 a\u00f1os Nerea Mart\u00ednez Belmonte, del Club R\u00edtmica Movilin, Campeona de Espa\u00f1a Base Prebenjam\u00edn - AREA LORCA RADIO\" \/>\n<meta property=\"og:description\" content=\"\u00c1REA LORCA RADIO. Deportes. Escucha aqu\u00ed la entrevista que han concedido a Paco S\u00e1nchez en el programa deportivo de \u00c1rea Lorca Radio, la entrenadora del Club R\u00edtmica Movilin, Raquel Jim\u00e9nez de Cisneros Montiel, las gimnastas Nerea Mart\u00ednez, flamante Campeona de Espa\u00f1a Prebenjam\u00edn, su madre Dolores Belmonte, Mar\u00eda L\u00f3pez, decima clasificada en categor\u00eda Alev\u00edn 2016 y [&hellip;]\" \/>\n<meta property=\"og:url\" content=\"https:\/\/arealorcaradio.es\/index.php\/2026\/04\/24\/la-gimnasta-de-8-anos-nerea-martinez-belmonte-del-club-ritmica-movilin-campeona-de-espana-base-prebenjamin\/\" \/>\n<meta property=\"og:site_name\" content=\"AREA LORCA RADIO\" \/>\n<meta property=\"article:published_time\" content=\"2026-04-24T23:51:36+00:00\" \/>\n<meta property=\"og:image\" content=\"https:\/\/arealorcaradio.es\/wp-content\/uploads\/2026\/04\/20260424_163206-1-scaled.jpg\" \/>\n\t<meta property=\"og:image:width\" content=\"2560\" \/>\n\t<meta property=\"og:image:height\" content=\"1920\" \/>\n\t<meta property=\"og:image:type\" content=\"image\/jpeg\" \/>\n<meta name=\"author\" content=\"Paco S\u00e1nchez\" \/>\n<meta name=\"twitter:card\" content=\"summary_large_image\" \/>\n<meta name=\"twitter:label1\" content=\"Escrito por\" \/>\n\t<meta name=\"twitter:data1\" content=\"Paco S\u00e1nchez\" \/>\n\t<meta name=\"twitter:label2\" content=\"Tiempo de lectura\" \/>\n\t<meta name=\"twitter:data2\" content=\"4 minutos\" \/>\n<script type=\"application\/ld+json\" class=\"yoast-schema-graph\">{\"@context\":\"https:\\\/\\\/schema.org\",\"@graph\":[{\"@type\":\"Article\",\"@id\":\"https:\\\/\\\/arealorcaradio.es\\\/index.php\\\/2026\\\/04\\\/24\\\/la-gimnasta-de-8-anos-nerea-martinez-belmonte-del-club-ritmica-movilin-campeona-de-espana-base-prebenjamin\\\/#article\",\"isPartOf\":{\"@id\":\"https:\\\/\\\/arealorcaradio.es\\\/index.php\\\/2026\\\/04\\\/24\\\/la-gimnasta-de-8-anos-nerea-martinez-belmonte-del-club-ritmica-movilin-campeona-de-espana-base-prebenjamin\\\/\"},\"author\":{\"name\":\"Paco S\u00e1nchez\",\"@id\":\"https:\\\/\\\/arealorcaradio.es\\\/#\\\/schema\\\/person\\\/9fae605fc25b0f2c83c1ab207139bd27\"},\"headline\":\"La gimnasta de 8 a\u00f1os Nerea Mart\u00ednez Belmonte, del Club R\u00edtmica Movilin, Campeona de Espa\u00f1a Base Prebenjam\u00edn\",\"datePublished\":\"2026-04-24T23:51:36+00:00\",\"mainEntityOfPage\":{\"@id\":\"https:\\\/\\\/arealorcaradio.es\\\/index.php\\\/2026\\\/04\\\/24\\\/la-gimnasta-de-8-anos-nerea-martinez-belmonte-del-club-ritmica-movilin-campeona-de-espana-base-prebenjamin\\\/\"},\"wordCount\":259,\"commentCount\":0,\"image\":{\"@id\":\"https:\\\/\\\/arealorcaradio.es\\\/index.php\\\/2026\\\/04\\\/24\\\/la-gimnasta-de-8-anos-nerea-martinez-belmonte-del-club-ritmica-movilin-campeona-de-espana-base-prebenjamin\\\/#primaryimage\"},\"thumbnailUrl\":\"https:\\\/\\\/arealorcaradio.es\\\/wp-content\\\/uploads\\\/2026\\\/04\\\/20260424_163206-1-scaled.jpg\",\"articleSection\":[\"DEPORTES\",\"LORCA\"],\"inLanguage\":\"es\",\"potentialAction\":[{\"@type\":\"CommentAction\",\"name\":\"Comment\",\"target\":[\"https:\\\/\\\/arealorcaradio.es\\\/index.php\\\/2026\\\/04\\\/24\\\/la-gimnasta-de-8-anos-nerea-martinez-belmonte-del-club-ritmica-movilin-campeona-de-espana-base-prebenjamin\\\/#respond\"]}]},{\"@type\":\"WebPage\",\"@id\":\"https:\\\/\\\/arealorcaradio.es\\\/index.php\\\/2026\\\/04\\\/24\\\/la-gimnasta-de-8-anos-nerea-martinez-belmonte-del-club-ritmica-movilin-campeona-de-espana-base-prebenjamin\\\/\",\"url\":\"https:\\\/\\\/arealorcaradio.es\\\/index.php\\\/2026\\\/04\\\/24\\\/la-gimnasta-de-8-anos-nerea-martinez-belmonte-del-club-ritmica-movilin-campeona-de-espana-base-prebenjamin\\\/\",\"name\":\"La gimnasta de 8 a\u00f1os Nerea Mart\u00ednez Belmonte, del Club R\u00edtmica Movilin, Campeona de Espa\u00f1a Base Prebenjam\u00edn - AREA LORCA RADIO\",\"isPartOf\":{\"@id\":\"https:\\\/\\\/arealorcaradio.es\\\/#website\"},\"primaryImageOfPage\":{\"@id\":\"https:\\\/\\\/arealorcaradio.es\\\/index.php\\\/2026\\\/04\\\/24\\\/la-gimnasta-de-8-anos-nerea-martinez-belmonte-del-club-ritmica-movilin-campeona-de-espana-base-prebenjamin\\\/#primaryimage\"},\"image\":{\"@id\":\"https:\\\/\\\/arealorcaradio.es\\\/index.php\\\/2026\\\/04\\\/24\\\/la-gimnasta-de-8-anos-nerea-martinez-belmonte-del-club-ritmica-movilin-campeona-de-espana-base-prebenjamin\\\/#primaryimage\"},\"thumbnailUrl\":\"https:\\\/\\\/arealorcaradio.es\\\/wp-content\\\/uploads\\\/2026\\\/04\\\/20260424_163206-1-scaled.jpg\",\"datePublished\":\"2026-04-24T23:51:36+00:00\",\"author\":{\"@id\":\"https:\\\/\\\/arealorcaradio.es\\\/#\\\/schema\\\/person\\\/9fae605fc25b0f2c83c1ab207139bd27\"},\"breadcrumb\":{\"@id\":\"https:\\\/\\\/arealorcaradio.es\\\/index.php\\\/2026\\\/04\\\/24\\\/la-gimnasta-de-8-anos-nerea-martinez-belmonte-del-club-ritmica-movilin-campeona-de-espana-base-prebenjamin\\\/#breadcrumb\"},\"inLanguage\":\"es\",\"potentialAction\":[{\"@type\":\"ReadAction\",\"target\":[\"https:\\\/\\\/arealorcaradio.es\\\/index.php\\\/2026\\\/04\\\/24\\\/la-gimnasta-de-8-anos-nerea-martinez-belmonte-del-club-ritmica-movilin-campeona-de-espana-base-prebenjamin\\\/\"]}]},{\"@type\":\"ImageObject\",\"inLanguage\":\"es\",\"@id\":\"https:\\\/\\\/arealorcaradio.es\\\/index.php\\\/2026\\\/04\\\/24\\\/la-gimnasta-de-8-anos-nerea-martinez-belmonte-del-club-ritmica-movilin-campeona-de-espana-base-prebenjamin\\\/#primaryimage\",\"url\":\"https:\\\/\\\/arealorcaradio.es\\\/wp-content\\\/uploads\\\/2026\\\/04\\\/20260424_163206-1-scaled.jpg\",\"contentUrl\":\"https:\\\/\\\/arealorcaradio.es\\\/wp-content\\\/uploads\\\/2026\\\/04\\\/20260424_163206-1-scaled.jpg\",\"width\":2560,\"height\":1920},{\"@type\":\"BreadcrumbList\",\"@id\":\"https:\\\/\\\/arealorcaradio.es\\\/index.php\\\/2026\\\/04\\\/24\\\/la-gimnasta-de-8-anos-nerea-martinez-belmonte-del-club-ritmica-movilin-campeona-de-espana-base-prebenjamin\\\/#breadcrumb\",\"itemListElement\":[{\"@type\":\"ListItem\",\"position\":1,\"name\":\"Portada\",\"item\":\"https:\\\/\\\/arealorcaradio.es\\\/\"},{\"@type\":\"ListItem\",\"position\":2,\"name\":\"La gimnasta de 8 a\u00f1os Nerea Mart\u00ednez Belmonte, del Club R\u00edtmica Movilin, Campeona de Espa\u00f1a Base Prebenjam\u00edn\"}]},{\"@type\":\"WebSite\",\"@id\":\"https:\\\/\\\/arealorcaradio.es\\\/#website\",\"url\":\"https:\\\/\\\/arealorcaradio.es\\\/\",\"name\":\"AREA LORCA RADIO\",\"description\":\"Descubre la programaci\u00f3n actual en \u00c1rea Lorca Radio, tu fuente de entrenamiento y noticias locales. Sintoniza ahora y mantente conectado online.\",\"potentialAction\":[{\"@type\":\"SearchAction\",\"target\":{\"@type\":\"EntryPoint\",\"urlTemplate\":\"https:\\\/\\\/arealorcaradio.es\\\/?s={search_term_string}\"},\"query-input\":{\"@type\":\"PropertyValueSpecification\",\"valueRequired\":true,\"valueName\":\"search_term_string\"}}],\"inLanguage\":\"es\"},{\"@type\":\"Person\",\"@id\":\"https:\\\/\\\/arealorcaradio.es\\\/#\\\/schema\\\/person\\\/9fae605fc25b0f2c83c1ab207139bd27\",\"name\":\"Paco S\u00e1nchez\",\"image\":{\"@type\":\"ImageObject\",\"inLanguage\":\"es\",\"@id\":\"https:\\\/\\\/secure.gravatar.com\\\/avatar\\\/d67144e966420fb74aa84c9f2a0103be4724fd14db52b52d3b6bca749f257e79?s=96&d=mm&r=g\",\"url\":\"https:\\\/\\\/secure.gravatar.com\\\/avatar\\\/d67144e966420fb74aa84c9f2a0103be4724fd14db52b52d3b6bca749f257e79?s=96&d=mm&r=g\",\"contentUrl\":\"https:\\\/\\\/secure.gravatar.com\\\/avatar\\\/d67144e966420fb74aa84c9f2a0103be4724fd14db52b52d3b6bca749f257e79?s=96&d=mm&r=g\",\"caption\":\"Paco S\u00e1nchez\"},\"sameAs\":[\"https:\\\/\\\/arealorcaradio.es\"],\"url\":\"https:\\\/\\\/arealorcaradio.es\\\/index.php\\\/author\\\/admin_alorcaradio\\\/\"}]}<\/script>\n<!-- \/ Yoast SEO plugin. -->","yoast_head_json":{"title":"La gimnasta de 8 a\u00f1os Nerea Mart\u00ednez Belmonte, del Club R\u00edtmica Movilin, Campeona de Espa\u00f1a Base Prebenjam\u00edn - AREA LORCA RADIO","robots":{"index":"index","follow":"follow","max-snippet":"max-snippet:-1","max-image-preview":"max-image-preview:large","max-video-preview":"max-video-preview:-1"},"canonical":"https:\/\/arealorcaradio.es\/index.php\/2026\/04\/24\/la-gimnasta-de-8-anos-nerea-martinez-belmonte-del-club-ritmica-movilin-campeona-de-espana-base-prebenjamin\/","og_locale":"es_ES","og_type":"article","og_title":"La gimnasta de 8 a\u00f1os Nerea Mart\u00ednez Belmonte, del Club R\u00edtmica Movilin, Campeona de Espa\u00f1a Base Prebenjam\u00edn - AREA LORCA RADIO","og_description":"\u00c1REA LORCA RADIO. Deportes. Escucha aqu\u00ed la entrevista que han concedido a Paco S\u00e1nchez en el programa deportivo de \u00c1rea Lorca Radio, la entrenadora del Club R\u00edtmica Movilin, Raquel Jim\u00e9nez de Cisneros Montiel, las gimnastas Nerea Mart\u00ednez, flamante Campeona de Espa\u00f1a Prebenjam\u00edn, su madre Dolores Belmonte, Mar\u00eda L\u00f3pez, decima clasificada en categor\u00eda Alev\u00edn 2016 y [&hellip;]","og_url":"https:\/\/arealorcaradio.es\/index.php\/2026\/04\/24\/la-gimnasta-de-8-anos-nerea-martinez-belmonte-del-club-ritmica-movilin-campeona-de-espana-base-prebenjamin\/","og_site_name":"AREA LORCA RADIO","article_published_time":"2026-04-24T23:51:36+00:00","og_image":[{"width":2560,"height":1920,"url":"https:\/\/arealorcaradio.es\/wp-content\/uploads\/2026\/04\/20260424_163206-1-scaled.jpg","type":"image\/jpeg"}],"author":"Paco S\u00e1nchez","twitter_card":"summary_large_image","twitter_misc":{"Escrito por":"Paco S\u00e1nchez","Tiempo de lectura":"4 minutos"},"schema":{"@context":"https:\/\/schema.org","@graph":[{"@type":"Article","@id":"https:\/\/arealorcaradio.es\/index.php\/2026\/04\/24\/la-gimnasta-de-8-anos-nerea-martinez-belmonte-del-club-ritmica-movilin-campeona-de-espana-base-prebenjamin\/#article","isPartOf":{"@id":"https:\/\/arealorcaradio.es\/index.php\/2026\/04\/24\/la-gimnasta-de-8-anos-nerea-martinez-belmonte-del-club-ritmica-movilin-campeona-de-espana-base-prebenjamin\/"},"author":{"name":"Paco S\u00e1nchez","@id":"https:\/\/arealorcaradio.es\/#\/schema\/person\/9fae605fc25b0f2c83c1ab207139bd27"},"headline":"La gimnasta de 8 a\u00f1os Nerea Mart\u00ednez Belmonte, del Club R\u00edtmica Movilin, Campeona de Espa\u00f1a Base Prebenjam\u00edn","datePublished":"2026-04-24T23:51:36+00:00","mainEntityOfPage":{"@id":"https:\/\/arealorcaradio.es\/index.php\/2026\/04\/24\/la-gimnasta-de-8-anos-nerea-martinez-belmonte-del-club-ritmica-movilin-campeona-de-espana-base-prebenjamin\/"},"wordCount":259,"commentCount":0,"image":{"@id":"https:\/\/arealorcaradio.es\/index.php\/2026\/04\/24\/la-gimnasta-de-8-anos-nerea-martinez-belmonte-del-club-ritmica-movilin-campeona-de-espana-base-prebenjamin\/#primaryimage"},"thumbnailUrl":"https:\/\/arealorcaradio.es\/wp-content\/uploads\/2026\/04\/20260424_163206-1-scaled.jpg","articleSection":["DEPORTES","LORCA"],"inLanguage":"es","potentialAction":[{"@type":"CommentAction","name":"Comment","target":["https:\/\/arealorcaradio.es\/index.php\/2026\/04\/24\/la-gimnasta-de-8-anos-nerea-martinez-belmonte-del-club-ritmica-movilin-campeona-de-espana-base-prebenjamin\/#respond"]}]},{"@type":"WebPage","@id":"https:\/\/arealorcaradio.es\/index.php\/2026\/04\/24\/la-gimnasta-de-8-anos-nerea-martinez-belmonte-del-club-ritmica-movilin-campeona-de-espana-base-prebenjamin\/","url":"https:\/\/arealorcaradio.es\/index.php\/2026\/04\/24\/la-gimnasta-de-8-anos-nerea-martinez-belmonte-del-club-ritmica-movilin-campeona-de-espana-base-prebenjamin\/","name":"La gimnasta de 8 a\u00f1os Nerea Mart\u00ednez Belmonte, del Club R\u00edtmica Movilin, Campeona de Espa\u00f1a Base Prebenjam\u00edn - AREA LORCA RADIO","isPartOf":{"@id":"https:\/\/arealorcaradio.es\/#website"},"primaryImageOfPage":{"@id":"https:\/\/arealorcaradio.es\/index.php\/2026\/04\/24\/la-gimnasta-de-8-anos-nerea-martinez-belmonte-del-club-ritmica-movilin-campeona-de-espana-base-prebenjamin\/#primaryimage"},"image":{"@id":"https:\/\/arealorcaradio.es\/index.php\/2026\/04\/24\/la-gimnasta-de-8-anos-nerea-martinez-belmonte-del-club-ritmica-movilin-campeona-de-espana-base-prebenjamin\/#primaryimage"},"thumbnailUrl":"https:\/\/arealorcaradio.es\/wp-content\/uploads\/2026\/04\/20260424_163206-1-scaled.jpg","datePublished":"2026-04-24T23:51:36+00:00","author":{"@id":"https:\/\/arealorcaradio.es\/#\/schema\/person\/9fae605fc25b0f2c83c1ab207139bd27"},"breadcrumb":{"@id":"https:\/\/arealorcaradio.es\/index.php\/2026\/04\/24\/la-gimnasta-de-8-anos-nerea-martinez-belmonte-del-club-ritmica-movilin-campeona-de-espana-base-prebenjamin\/#breadcrumb"},"inLanguage":"es","potentialAction":[{"@type":"ReadAction","target":["https:\/\/arealorcaradio.es\/index.php\/2026\/04\/24\/la-gimnasta-de-8-anos-nerea-martinez-belmonte-del-club-ritmica-movilin-campeona-de-espana-base-prebenjamin\/"]}]},{"@type":"ImageObject","inLanguage":"es","@id":"https:\/\/arealorcaradio.es\/index.php\/2026\/04\/24\/la-gimnasta-de-8-anos-nerea-martinez-belmonte-del-club-ritmica-movilin-campeona-de-espana-base-prebenjamin\/#primaryimage","url":"https:\/\/arealorcaradio.es\/wp-content\/uploads\/2026\/04\/20260424_163206-1-scaled.jpg","contentUrl":"https:\/\/arealorcaradio.es\/wp-content\/uploads\/2026\/04\/20260424_163206-1-scaled.jpg","width":2560,"height":1920},{"@type":"BreadcrumbList","@id":"https:\/\/arealorcaradio.es\/index.php\/2026\/04\/24\/la-gimnasta-de-8-anos-nerea-martinez-belmonte-del-club-ritmica-movilin-campeona-de-espana-base-prebenjamin\/#breadcrumb","itemListElement":[{"@type":"ListItem","position":1,"name":"Portada","item":"https:\/\/arealorcaradio.es\/"},{"@type":"ListItem","position":2,"name":"La gimnasta de 8 a\u00f1os Nerea Mart\u00ednez Belmonte, del Club R\u00edtmica Movilin, Campeona de Espa\u00f1a Base Prebenjam\u00edn"}]},{"@type":"WebSite","@id":"https:\/\/arealorcaradio.es\/#website","url":"https:\/\/arealorcaradio.es\/","name":"AREA LORCA RADIO","description":"Descubre la programaci\u00f3n actual en \u00c1rea Lorca Radio, tu fuente de entrenamiento y noticias locales. Sintoniza ahora y mantente conectado online.","potentialAction":[{"@type":"SearchAction","target":{"@type":"EntryPoint","urlTemplate":"https:\/\/arealorcaradio.es\/?s={search_term_string}"},"query-input":{"@type":"PropertyValueSpecification","valueRequired":true,"valueName":"search_term_string"}}],"inLanguage":"es"},{"@type":"Person","@id":"https:\/\/arealorcaradio.es\/#\/schema\/person\/9fae605fc25b0f2c83c1ab207139bd27","name":"Paco S\u00e1nchez","image":{"@type":"ImageObject","inLanguage":"es","@id":"https:\/\/secure.gravatar.com\/avatar\/d67144e966420fb74aa84c9f2a0103be4724fd14db52b52d3b6bca749f257e79?s=96&d=mm&r=g","url":"https:\/\/secure.gravatar.com\/avatar\/d67144e966420fb74aa84c9f2a0103be4724fd14db52b52d3b6bca749f257e79?s=96&d=mm&r=g","contentUrl":"https:\/\/secure.gravatar.com\/avatar\/d67144e966420fb74aa84c9f2a0103be4724fd14db52b52d3b6bca749f257e79?s=96&d=mm&r=g","caption":"Paco S\u00e1nchez"},"sameAs":["https:\/\/arealorcaradio.es"],"url":"https:\/\/arealorcaradio.es\/index.php\/author\/admin_alorcaradio\/"}]}},"_links":{"self":[{"href":"https:\/\/arealorcaradio.es\/index.php\/wp-json\/wp\/v2\/posts\/9433","targetHints":{"allow":["GET"]}}],"collection":[{"href":"https:\/\/arealorcaradio.es\/index.php\/wp-json\/wp\/v2\/posts"}],"about":[{"href":"https:\/\/arealorcaradio.es\/index.php\/wp-json\/wp\/v2\/types\/post"}],"author":[{"embeddable":true,"href":"https:\/\/arealorcaradio.es\/index.php\/wp-json\/wp\/v2\/users\/1"}],"replies":[{"embeddable":true,"href":"https:\/\/arealorcaradio.es\/index.php\/wp-json\/wp\/v2\/comments?post=9433"}],"version-history":[{"count":3,"href":"https:\/\/arealorcaradio.es\/index.php\/wp-json\/wp\/v2\/posts\/9433\/revisions"}],"predecessor-version":[{"id":9449,"href":"https:\/\/arealorcaradio.es\/index.php\/wp-json\/wp\/v2\/posts\/9433\/revisions\/9449"}],"wp:featuredmedia":[{"embeddable":true,"href":"https:\/\/arealorcaradio.es\/index.php\/wp-json\/wp\/v2\/media\/9435"}],"wp:attachment":[{"href":"https:\/\/arealorcaradio.es\/index.php\/wp-json\/wp\/v2\/media?parent=9433"}],"wp:term":[{"taxonomy":"category","embeddable":true,"href":"https:\/\/arealorcaradio.es\/index.php\/wp-json\/wp\/v2\/categories?post=9433"},{"taxonomy":"post_tag","embeddable":true,"href":"https:\/\/arealorcaradio.es\/index.php\/wp-json\/wp\/v2\/tags?post=9433"}],"curies":[{"name":"wp","href":"https:\/\/api.w.org\/{rel}","templated":true}]}}