{"id":9413,"date":"2026-04-23T16:27:55","date_gmt":"2026-04-23T16:27:55","guid":{"rendered":"https:\/\/arealorcaradio.es\/?p=9413"},"modified":"2026-04-23T16:27:55","modified_gmt":"2026-04-23T16:27:55","slug":"la-coordinadora-en-defensa-de-la-bicicleta-conbici-otorga-su-premio-estatal-2026-al-colectivo-biciwomen-de-lorca","status":"publish","type":"post","link":"https:\/\/arealorcaradio.es\/index.php\/2026\/04\/23\/la-coordinadora-en-defensa-de-la-bicicleta-conbici-otorga-su-premio-estatal-2026-al-colectivo-biciwomen-de-lorca\/","title":{"rendered":"La Coordinadora en Defensa de la Bicicleta ConBici otorga su premio estatal 2026 al colectivo Biciwomen de Lorca"},"content":{"rendered":"<p><strong>\u00c1REA LORCA RADIO. Actualidad.<\/strong><\/p>\n<p>Escucha aqu\u00ed la entrevista que ha concedido a Paco S\u00e1nchez, la portavoz responsable del colectivo Biciwomen, Pascuala Pe\u00f1as, perteneciente a LorcaBiciudad.<\/p>\n<audio class=\"wp-audio-shortcode\" id=\"audio-9413-1\" preload=\"none\" style=\"width: 100%;\" controls=\"controls\"><source type=\"audio\/mpeg\" src=\"https:\/\/arealorcaradio.es\/wp-content\/uploads\/2026\/04\/230426-PASCUALA-PENAS.-PREMIO-BICIWOMAN.mp3?_=1\" \/><a href=\"https:\/\/arealorcaradio.es\/wp-content\/uploads\/2026\/04\/230426-PASCUALA-PENAS.-PREMIO-BICIWOMAN.mp3\">https:\/\/arealorcaradio.es\/wp-content\/uploads\/2026\/04\/230426-PASCUALA-PENAS.-PREMIO-BICIWOMAN.mp3<\/a><\/audio>\n<p>La Asamblea se ha celebrado en Alcorc\u00f3n, en el Centro C\u00edvico Mar\u00eda Bur\u00f3n en una jornada marcada por la participaci\u00f3n de las entidades socias y el impulso a nuevas iniciativas para el fomento de la bicicleta como medio de transporte y herramienta de transformaci\u00f3n social, en el marco de un fin de semana completo de actividades dedicadas a la movilidad activa.<\/p>\n<p><img loading=\"lazy\" decoding=\"async\" class=\"alignnone size-medium wp-image-9417\" src=\"https:\/\/arealorcaradio.es\/wp-content\/uploads\/2026\/04\/WhatsApp-Image-2026-04-20-at-10.33.34-225x300.jpeg\" alt=\"\" width=\"225\" height=\"300\" srcset=\"https:\/\/arealorcaradio.es\/wp-content\/uploads\/2026\/04\/WhatsApp-Image-2026-04-20-at-10.33.34-225x300.jpeg 225w, https:\/\/arealorcaradio.es\/wp-content\/uploads\/2026\/04\/WhatsApp-Image-2026-04-20-at-10.33.34-768x1024.jpeg 768w, https:\/\/arealorcaradio.es\/wp-content\/uploads\/2026\/04\/WhatsApp-Image-2026-04-20-at-10.33.34-1152x1536.jpeg 1152w, https:\/\/arealorcaradio.es\/wp-content\/uploads\/2026\/04\/WhatsApp-Image-2026-04-20-at-10.33.34.jpeg 1200w\" sizes=\"auto, (max-width: 225px) 100vw, 225px\" \/><\/p>\n<p>Las actividades de la Asamblea General ConBici 2026 comenzaron ya el viernes con un evento de networking l\u00fadico-festivo, que facilit\u00f3 el encuentro entre las entidades participantes y favoreci\u00f3 el intercambio de experiencias y proyectos. Durante este acto se firm\u00f3 el Manifiesto por la Movilidad Activa, en colaboraci\u00f3n con la organizaci\u00f3n Andando, reforzando la alianza entre colectivos que promueven los desplazamientos activos y saludables.<\/p>\n<p>Durante la jornada se present\u00f3 la Memoria 2025, en la que se recogieron las principales actividades, proyectos, campa\u00f1as y logros alcanzados por ConBici a lo largo del \u00faltimo a\u00f1o, as\u00ed como los retos futuros en materia de movilidad activa, seguridad vial y promoci\u00f3n del uso cotidiano de la bicicleta.<\/p>\n<p>En el apartado de eventos futuros, se inform\u00f3 de que los Encuentros Cicloturistas contin\u00faan abiertos a candidaturas, al no haberse presentado todav\u00eda ninguna propuesta para su organizaci\u00f3n. Asimismo, se anunci\u00f3 que la Asamblea General de ConBici 2027 se celebrar\u00e1 en Vitoria, ciudad que acoger\u00e1 el pr\u00f3ximo encuentro anual de la organizaci\u00f3n.<\/p>\n<p>La Asamblea concluy\u00f3 con una noticia destacada para la federaci\u00f3n: En bici sin edad Espa\u00f1a pasa a formar parte de ConBici, reforzando as\u00ed la red estatal de entidades comprometidas con la movilidad sostenible y la inclusi\u00f3n social a trav\u00e9s de la bicicleta.<\/p>\n<div>La jornada y el conjunto de actividades se han desarrollado en un ambiente de colaboraci\u00f3n y entusiasmo, reafirmando el compromiso colectivo de las asociaciones para seguir impulsando el uso de la bicicleta como herramienta esencial para la salud, el medio ambiente y la cohesi\u00f3n social.<\/div>\n<div><img loading=\"lazy\" decoding=\"async\" class=\"alignnone size-medium wp-image-9418\" src=\"https:\/\/arealorcaradio.es\/wp-content\/uploads\/2026\/04\/WhatsApp-Image-2026-04-23-at-18.20.17-1-300x225.jpeg\" alt=\"\" width=\"300\" height=\"225\" srcset=\"https:\/\/arealorcaradio.es\/wp-content\/uploads\/2026\/04\/WhatsApp-Image-2026-04-23-at-18.20.17-1-300x225.jpeg 300w, https:\/\/arealorcaradio.es\/wp-content\/uploads\/2026\/04\/WhatsApp-Image-2026-04-23-at-18.20.17-1-1024x768.jpeg 1024w, https:\/\/arealorcaradio.es\/wp-content\/uploads\/2026\/04\/WhatsApp-Image-2026-04-23-at-18.20.17-1-768x576.jpeg 768w, https:\/\/arealorcaradio.es\/wp-content\/uploads\/2026\/04\/WhatsApp-Image-2026-04-23-at-18.20.17-1-1536x1152.jpeg 1536w, https:\/\/arealorcaradio.es\/wp-content\/uploads\/2026\/04\/WhatsApp-Image-2026-04-23-at-18.20.17-1-86x64.jpeg 86w, https:\/\/arealorcaradio.es\/wp-content\/uploads\/2026\/04\/WhatsApp-Image-2026-04-23-at-18.20.17-1.jpeg 2000w\" sizes=\"auto, (max-width: 300px) 100vw, 300px\" \/> <img loading=\"lazy\" decoding=\"async\" class=\"alignnone size-medium wp-image-9419\" src=\"https:\/\/arealorcaradio.es\/wp-content\/uploads\/2026\/04\/WhatsApp-Image-2026-04-23-at-18.19.24-1-300x225.jpeg\" alt=\"\" width=\"300\" height=\"225\" srcset=\"https:\/\/arealorcaradio.es\/wp-content\/uploads\/2026\/04\/WhatsApp-Image-2026-04-23-at-18.19.24-1-300x225.jpeg 300w, https:\/\/arealorcaradio.es\/wp-content\/uploads\/2026\/04\/WhatsApp-Image-2026-04-23-at-18.19.24-1-1024x768.jpeg 1024w, https:\/\/arealorcaradio.es\/wp-content\/uploads\/2026\/04\/WhatsApp-Image-2026-04-23-at-18.19.24-1-768x576.jpeg 768w, https:\/\/arealorcaradio.es\/wp-content\/uploads\/2026\/04\/WhatsApp-Image-2026-04-23-at-18.19.24-1-1536x1152.jpeg 1536w, https:\/\/arealorcaradio.es\/wp-content\/uploads\/2026\/04\/WhatsApp-Image-2026-04-23-at-18.19.24-1-86x64.jpeg 86w, https:\/\/arealorcaradio.es\/wp-content\/uploads\/2026\/04\/WhatsApp-Image-2026-04-23-at-18.19.24-1.jpeg 2000w\" sizes=\"auto, (max-width: 300px) 100vw, 300px\" \/><\/div>\n","protected":false},"excerpt":{"rendered":"<p>\u00c1REA LORCA RADIO. Actualidad. Escucha aqu\u00ed la entrevista que ha concedido a Paco S\u00e1nchez, la portavoz responsable del colectivo Biciwomen, Pascuala Pe\u00f1as, perteneciente a LorcaBiciudad. La Asamblea se ha celebrado en Alcorc\u00f3n, en el Centro C\u00edvico Mar\u00eda Bur\u00f3n en una jornada marcada por la participaci\u00f3n de las entidades socias y el impulso a nuevas iniciativas [&hellip;]<\/p>\n","protected":false},"author":1,"featured_media":9420,"comment_status":"open","ping_status":"open","sticky":false,"template":"","format":"standard","meta":{"iawp_total_views":53,"footnotes":""},"categories":[5,7],"tags":[],"class_list":["post-9413","post","type-post","status-publish","format-standard","has-post-thumbnail","hentry","category-actualidad","category-lorca"],"yoast_head":"<!-- This site is optimized with the Yoast SEO plugin v27.4 - https:\/\/yoast.com\/product\/yoast-seo-wordpress\/ -->\n<title>La Coordinadora en Defensa de la Bicicleta ConBici otorga su premio estatal 2026 al colectivo Biciwomen de Lorca - AREA LORCA RADIO<\/title>\n<meta name=\"robots\" content=\"index, follow, max-snippet:-1, max-image-preview:large, max-video-preview:-1\" \/>\n<link rel=\"canonical\" href=\"https:\/\/arealorcaradio.es\/index.php\/2026\/04\/23\/la-coordinadora-en-defensa-de-la-bicicleta-conbici-otorga-su-premio-estatal-2026-al-colectivo-biciwomen-de-lorca\/\" \/>\n<meta property=\"og:locale\" content=\"es_ES\" \/>\n<meta property=\"og:type\" content=\"article\" \/>\n<meta property=\"og:title\" content=\"La Coordinadora en Defensa de la Bicicleta ConBici otorga su premio estatal 2026 al colectivo Biciwomen de Lorca - AREA LORCA RADIO\" \/>\n<meta property=\"og:description\" content=\"\u00c1REA LORCA RADIO. Actualidad. Escucha aqu\u00ed la entrevista que ha concedido a Paco S\u00e1nchez, la portavoz responsable del colectivo Biciwomen, Pascuala Pe\u00f1as, perteneciente a LorcaBiciudad. La Asamblea se ha celebrado en Alcorc\u00f3n, en el Centro C\u00edvico Mar\u00eda Bur\u00f3n en una jornada marcada por la participaci\u00f3n de las entidades socias y el impulso a nuevas iniciativas [&hellip;]\" \/>\n<meta property=\"og:url\" content=\"https:\/\/arealorcaradio.es\/index.php\/2026\/04\/23\/la-coordinadora-en-defensa-de-la-bicicleta-conbici-otorga-su-premio-estatal-2026-al-colectivo-biciwomen-de-lorca\/\" \/>\n<meta property=\"og:site_name\" content=\"AREA LORCA RADIO\" \/>\n<meta property=\"article:published_time\" content=\"2026-04-23T16:27:55+00:00\" \/>\n<meta property=\"og:image\" content=\"https:\/\/arealorcaradio.es\/wp-content\/uploads\/2026\/04\/WhatsApp-Image-2026-04-23-at-18.19.24.jpeg\" \/>\n\t<meta property=\"og:image:width\" content=\"2000\" \/>\n\t<meta property=\"og:image:height\" content=\"1500\" \/>\n\t<meta property=\"og:image:type\" content=\"image\/jpeg\" \/>\n<meta name=\"author\" content=\"Paco S\u00e1nchez\" \/>\n<meta name=\"twitter:card\" content=\"summary_large_image\" \/>\n<meta name=\"twitter:label1\" content=\"Escrito por\" \/>\n\t<meta name=\"twitter:data1\" content=\"Paco S\u00e1nchez\" \/>\n\t<meta name=\"twitter:label2\" content=\"Tiempo de lectura\" \/>\n\t<meta name=\"twitter:data2\" content=\"3 minutos\" \/>\n<script type=\"application\/ld+json\" class=\"yoast-schema-graph\">{\"@context\":\"https:\\\/\\\/schema.org\",\"@graph\":[{\"@type\":\"Article\",\"@id\":\"https:\\\/\\\/arealorcaradio.es\\\/index.php\\\/2026\\\/04\\\/23\\\/la-coordinadora-en-defensa-de-la-bicicleta-conbici-otorga-su-premio-estatal-2026-al-colectivo-biciwomen-de-lorca\\\/#article\",\"isPartOf\":{\"@id\":\"https:\\\/\\\/arealorcaradio.es\\\/index.php\\\/2026\\\/04\\\/23\\\/la-coordinadora-en-defensa-de-la-bicicleta-conbici-otorga-su-premio-estatal-2026-al-colectivo-biciwomen-de-lorca\\\/\"},\"author\":{\"name\":\"Paco S\u00e1nchez\",\"@id\":\"https:\\\/\\\/arealorcaradio.es\\\/#\\\/schema\\\/person\\\/9fae605fc25b0f2c83c1ab207139bd27\"},\"headline\":\"La Coordinadora en Defensa de la Bicicleta ConBici otorga su premio estatal 2026 al colectivo Biciwomen de Lorca\",\"datePublished\":\"2026-04-23T16:27:55+00:00\",\"mainEntityOfPage\":{\"@id\":\"https:\\\/\\\/arealorcaradio.es\\\/index.php\\\/2026\\\/04\\\/23\\\/la-coordinadora-en-defensa-de-la-bicicleta-conbici-otorga-su-premio-estatal-2026-al-colectivo-biciwomen-de-lorca\\\/\"},\"wordCount\":386,\"commentCount\":0,\"image\":{\"@id\":\"https:\\\/\\\/arealorcaradio.es\\\/index.php\\\/2026\\\/04\\\/23\\\/la-coordinadora-en-defensa-de-la-bicicleta-conbici-otorga-su-premio-estatal-2026-al-colectivo-biciwomen-de-lorca\\\/#primaryimage\"},\"thumbnailUrl\":\"https:\\\/\\\/arealorcaradio.es\\\/wp-content\\\/uploads\\\/2026\\\/04\\\/WhatsApp-Image-2026-04-23-at-18.19.24.jpeg\",\"articleSection\":[\"ACTUALIDAD\",\"LORCA\"],\"inLanguage\":\"es\",\"potentialAction\":[{\"@type\":\"CommentAction\",\"name\":\"Comment\",\"target\":[\"https:\\\/\\\/arealorcaradio.es\\\/index.php\\\/2026\\\/04\\\/23\\\/la-coordinadora-en-defensa-de-la-bicicleta-conbici-otorga-su-premio-estatal-2026-al-colectivo-biciwomen-de-lorca\\\/#respond\"]}]},{\"@type\":\"WebPage\",\"@id\":\"https:\\\/\\\/arealorcaradio.es\\\/index.php\\\/2026\\\/04\\\/23\\\/la-coordinadora-en-defensa-de-la-bicicleta-conbici-otorga-su-premio-estatal-2026-al-colectivo-biciwomen-de-lorca\\\/\",\"url\":\"https:\\\/\\\/arealorcaradio.es\\\/index.php\\\/2026\\\/04\\\/23\\\/la-coordinadora-en-defensa-de-la-bicicleta-conbici-otorga-su-premio-estatal-2026-al-colectivo-biciwomen-de-lorca\\\/\",\"name\":\"La Coordinadora en Defensa de la Bicicleta ConBici otorga su premio estatal 2026 al colectivo Biciwomen de Lorca - AREA LORCA RADIO\",\"isPartOf\":{\"@id\":\"https:\\\/\\\/arealorcaradio.es\\\/#website\"},\"primaryImageOfPage\":{\"@id\":\"https:\\\/\\\/arealorcaradio.es\\\/index.php\\\/2026\\\/04\\\/23\\\/la-coordinadora-en-defensa-de-la-bicicleta-conbici-otorga-su-premio-estatal-2026-al-colectivo-biciwomen-de-lorca\\\/#primaryimage\"},\"image\":{\"@id\":\"https:\\\/\\\/arealorcaradio.es\\\/index.php\\\/2026\\\/04\\\/23\\\/la-coordinadora-en-defensa-de-la-bicicleta-conbici-otorga-su-premio-estatal-2026-al-colectivo-biciwomen-de-lorca\\\/#primaryimage\"},\"thumbnailUrl\":\"https:\\\/\\\/arealorcaradio.es\\\/wp-content\\\/uploads\\\/2026\\\/04\\\/WhatsApp-Image-2026-04-23-at-18.19.24.jpeg\",\"datePublished\":\"2026-04-23T16:27:55+00:00\",\"author\":{\"@id\":\"https:\\\/\\\/arealorcaradio.es\\\/#\\\/schema\\\/person\\\/9fae605fc25b0f2c83c1ab207139bd27\"},\"breadcrumb\":{\"@id\":\"https:\\\/\\\/arealorcaradio.es\\\/index.php\\\/2026\\\/04\\\/23\\\/la-coordinadora-en-defensa-de-la-bicicleta-conbici-otorga-su-premio-estatal-2026-al-colectivo-biciwomen-de-lorca\\\/#breadcrumb\"},\"inLanguage\":\"es\",\"potentialAction\":[{\"@type\":\"ReadAction\",\"target\":[\"https:\\\/\\\/arealorcaradio.es\\\/index.php\\\/2026\\\/04\\\/23\\\/la-coordinadora-en-defensa-de-la-bicicleta-conbici-otorga-su-premio-estatal-2026-al-colectivo-biciwomen-de-lorca\\\/\"]}]},{\"@type\":\"ImageObject\",\"inLanguage\":\"es\",\"@id\":\"https:\\\/\\\/arealorcaradio.es\\\/index.php\\\/2026\\\/04\\\/23\\\/la-coordinadora-en-defensa-de-la-bicicleta-conbici-otorga-su-premio-estatal-2026-al-colectivo-biciwomen-de-lorca\\\/#primaryimage\",\"url\":\"https:\\\/\\\/arealorcaradio.es\\\/wp-content\\\/uploads\\\/2026\\\/04\\\/WhatsApp-Image-2026-04-23-at-18.19.24.jpeg\",\"contentUrl\":\"https:\\\/\\\/arealorcaradio.es\\\/wp-content\\\/uploads\\\/2026\\\/04\\\/WhatsApp-Image-2026-04-23-at-18.19.24.jpeg\",\"width\":2000,\"height\":1500},{\"@type\":\"BreadcrumbList\",\"@id\":\"https:\\\/\\\/arealorcaradio.es\\\/index.php\\\/2026\\\/04\\\/23\\\/la-coordinadora-en-defensa-de-la-bicicleta-conbici-otorga-su-premio-estatal-2026-al-colectivo-biciwomen-de-lorca\\\/#breadcrumb\",\"itemListElement\":[{\"@type\":\"ListItem\",\"position\":1,\"name\":\"Portada\",\"item\":\"https:\\\/\\\/arealorcaradio.es\\\/\"},{\"@type\":\"ListItem\",\"position\":2,\"name\":\"La Coordinadora en Defensa de la Bicicleta ConBici otorga su premio estatal 2026 al colectivo Biciwomen de Lorca\"}]},{\"@type\":\"WebSite\",\"@id\":\"https:\\\/\\\/arealorcaradio.es\\\/#website\",\"url\":\"https:\\\/\\\/arealorcaradio.es\\\/\",\"name\":\"AREA LORCA RADIO\",\"description\":\"Descubre la programaci\u00f3n actual en \u00c1rea Lorca Radio, tu fuente de entrenamiento y noticias locales. Sintoniza ahora y mantente conectado online.\",\"potentialAction\":[{\"@type\":\"SearchAction\",\"target\":{\"@type\":\"EntryPoint\",\"urlTemplate\":\"https:\\\/\\\/arealorcaradio.es\\\/?s={search_term_string}\"},\"query-input\":{\"@type\":\"PropertyValueSpecification\",\"valueRequired\":true,\"valueName\":\"search_term_string\"}}],\"inLanguage\":\"es\"},{\"@type\":\"Person\",\"@id\":\"https:\\\/\\\/arealorcaradio.es\\\/#\\\/schema\\\/person\\\/9fae605fc25b0f2c83c1ab207139bd27\",\"name\":\"Paco S\u00e1nchez\",\"image\":{\"@type\":\"ImageObject\",\"inLanguage\":\"es\",\"@id\":\"https:\\\/\\\/secure.gravatar.com\\\/avatar\\\/d67144e966420fb74aa84c9f2a0103be4724fd14db52b52d3b6bca749f257e79?s=96&d=mm&r=g\",\"url\":\"https:\\\/\\\/secure.gravatar.com\\\/avatar\\\/d67144e966420fb74aa84c9f2a0103be4724fd14db52b52d3b6bca749f257e79?s=96&d=mm&r=g\",\"contentUrl\":\"https:\\\/\\\/secure.gravatar.com\\\/avatar\\\/d67144e966420fb74aa84c9f2a0103be4724fd14db52b52d3b6bca749f257e79?s=96&d=mm&r=g\",\"caption\":\"Paco S\u00e1nchez\"},\"sameAs\":[\"https:\\\/\\\/arealorcaradio.es\"],\"url\":\"https:\\\/\\\/arealorcaradio.es\\\/index.php\\\/author\\\/admin_alorcaradio\\\/\"}]}<\/script>\n<!-- \/ Yoast SEO plugin. -->","yoast_head_json":{"title":"La Coordinadora en Defensa de la Bicicleta ConBici otorga su premio estatal 2026 al colectivo Biciwomen de Lorca - AREA LORCA RADIO","robots":{"index":"index","follow":"follow","max-snippet":"max-snippet:-1","max-image-preview":"max-image-preview:large","max-video-preview":"max-video-preview:-1"},"canonical":"https:\/\/arealorcaradio.es\/index.php\/2026\/04\/23\/la-coordinadora-en-defensa-de-la-bicicleta-conbici-otorga-su-premio-estatal-2026-al-colectivo-biciwomen-de-lorca\/","og_locale":"es_ES","og_type":"article","og_title":"La Coordinadora en Defensa de la Bicicleta ConBici otorga su premio estatal 2026 al colectivo Biciwomen de Lorca - AREA LORCA RADIO","og_description":"\u00c1REA LORCA RADIO. Actualidad. Escucha aqu\u00ed la entrevista que ha concedido a Paco S\u00e1nchez, la portavoz responsable del colectivo Biciwomen, Pascuala Pe\u00f1as, perteneciente a LorcaBiciudad. La Asamblea se ha celebrado en Alcorc\u00f3n, en el Centro C\u00edvico Mar\u00eda Bur\u00f3n en una jornada marcada por la participaci\u00f3n de las entidades socias y el impulso a nuevas iniciativas [&hellip;]","og_url":"https:\/\/arealorcaradio.es\/index.php\/2026\/04\/23\/la-coordinadora-en-defensa-de-la-bicicleta-conbici-otorga-su-premio-estatal-2026-al-colectivo-biciwomen-de-lorca\/","og_site_name":"AREA LORCA RADIO","article_published_time":"2026-04-23T16:27:55+00:00","og_image":[{"width":2000,"height":1500,"url":"https:\/\/arealorcaradio.es\/wp-content\/uploads\/2026\/04\/WhatsApp-Image-2026-04-23-at-18.19.24.jpeg","type":"image\/jpeg"}],"author":"Paco S\u00e1nchez","twitter_card":"summary_large_image","twitter_misc":{"Escrito por":"Paco S\u00e1nchez","Tiempo de lectura":"3 minutos"},"schema":{"@context":"https:\/\/schema.org","@graph":[{"@type":"Article","@id":"https:\/\/arealorcaradio.es\/index.php\/2026\/04\/23\/la-coordinadora-en-defensa-de-la-bicicleta-conbici-otorga-su-premio-estatal-2026-al-colectivo-biciwomen-de-lorca\/#article","isPartOf":{"@id":"https:\/\/arealorcaradio.es\/index.php\/2026\/04\/23\/la-coordinadora-en-defensa-de-la-bicicleta-conbici-otorga-su-premio-estatal-2026-al-colectivo-biciwomen-de-lorca\/"},"author":{"name":"Paco S\u00e1nchez","@id":"https:\/\/arealorcaradio.es\/#\/schema\/person\/9fae605fc25b0f2c83c1ab207139bd27"},"headline":"La Coordinadora en Defensa de la Bicicleta ConBici otorga su premio estatal 2026 al colectivo Biciwomen de Lorca","datePublished":"2026-04-23T16:27:55+00:00","mainEntityOfPage":{"@id":"https:\/\/arealorcaradio.es\/index.php\/2026\/04\/23\/la-coordinadora-en-defensa-de-la-bicicleta-conbici-otorga-su-premio-estatal-2026-al-colectivo-biciwomen-de-lorca\/"},"wordCount":386,"commentCount":0,"image":{"@id":"https:\/\/arealorcaradio.es\/index.php\/2026\/04\/23\/la-coordinadora-en-defensa-de-la-bicicleta-conbici-otorga-su-premio-estatal-2026-al-colectivo-biciwomen-de-lorca\/#primaryimage"},"thumbnailUrl":"https:\/\/arealorcaradio.es\/wp-content\/uploads\/2026\/04\/WhatsApp-Image-2026-04-23-at-18.19.24.jpeg","articleSection":["ACTUALIDAD","LORCA"],"inLanguage":"es","potentialAction":[{"@type":"CommentAction","name":"Comment","target":["https:\/\/arealorcaradio.es\/index.php\/2026\/04\/23\/la-coordinadora-en-defensa-de-la-bicicleta-conbici-otorga-su-premio-estatal-2026-al-colectivo-biciwomen-de-lorca\/#respond"]}]},{"@type":"WebPage","@id":"https:\/\/arealorcaradio.es\/index.php\/2026\/04\/23\/la-coordinadora-en-defensa-de-la-bicicleta-conbici-otorga-su-premio-estatal-2026-al-colectivo-biciwomen-de-lorca\/","url":"https:\/\/arealorcaradio.es\/index.php\/2026\/04\/23\/la-coordinadora-en-defensa-de-la-bicicleta-conbici-otorga-su-premio-estatal-2026-al-colectivo-biciwomen-de-lorca\/","name":"La Coordinadora en Defensa de la Bicicleta ConBici otorga su premio estatal 2026 al colectivo Biciwomen de Lorca - AREA LORCA RADIO","isPartOf":{"@id":"https:\/\/arealorcaradio.es\/#website"},"primaryImageOfPage":{"@id":"https:\/\/arealorcaradio.es\/index.php\/2026\/04\/23\/la-coordinadora-en-defensa-de-la-bicicleta-conbici-otorga-su-premio-estatal-2026-al-colectivo-biciwomen-de-lorca\/#primaryimage"},"image":{"@id":"https:\/\/arealorcaradio.es\/index.php\/2026\/04\/23\/la-coordinadora-en-defensa-de-la-bicicleta-conbici-otorga-su-premio-estatal-2026-al-colectivo-biciwomen-de-lorca\/#primaryimage"},"thumbnailUrl":"https:\/\/arealorcaradio.es\/wp-content\/uploads\/2026\/04\/WhatsApp-Image-2026-04-23-at-18.19.24.jpeg","datePublished":"2026-04-23T16:27:55+00:00","author":{"@id":"https:\/\/arealorcaradio.es\/#\/schema\/person\/9fae605fc25b0f2c83c1ab207139bd27"},"breadcrumb":{"@id":"https:\/\/arealorcaradio.es\/index.php\/2026\/04\/23\/la-coordinadora-en-defensa-de-la-bicicleta-conbici-otorga-su-premio-estatal-2026-al-colectivo-biciwomen-de-lorca\/#breadcrumb"},"inLanguage":"es","potentialAction":[{"@type":"ReadAction","target":["https:\/\/arealorcaradio.es\/index.php\/2026\/04\/23\/la-coordinadora-en-defensa-de-la-bicicleta-conbici-otorga-su-premio-estatal-2026-al-colectivo-biciwomen-de-lorca\/"]}]},{"@type":"ImageObject","inLanguage":"es","@id":"https:\/\/arealorcaradio.es\/index.php\/2026\/04\/23\/la-coordinadora-en-defensa-de-la-bicicleta-conbici-otorga-su-premio-estatal-2026-al-colectivo-biciwomen-de-lorca\/#primaryimage","url":"https:\/\/arealorcaradio.es\/wp-content\/uploads\/2026\/04\/WhatsApp-Image-2026-04-23-at-18.19.24.jpeg","contentUrl":"https:\/\/arealorcaradio.es\/wp-content\/uploads\/2026\/04\/WhatsApp-Image-2026-04-23-at-18.19.24.jpeg","width":2000,"height":1500},{"@type":"BreadcrumbList","@id":"https:\/\/arealorcaradio.es\/index.php\/2026\/04\/23\/la-coordinadora-en-defensa-de-la-bicicleta-conbici-otorga-su-premio-estatal-2026-al-colectivo-biciwomen-de-lorca\/#breadcrumb","itemListElement":[{"@type":"ListItem","position":1,"name":"Portada","item":"https:\/\/arealorcaradio.es\/"},{"@type":"ListItem","position":2,"name":"La Coordinadora en Defensa de la Bicicleta ConBici otorga su premio estatal 2026 al colectivo Biciwomen de Lorca"}]},{"@type":"WebSite","@id":"https:\/\/arealorcaradio.es\/#website","url":"https:\/\/arealorcaradio.es\/","name":"AREA LORCA RADIO","description":"Descubre la programaci\u00f3n actual en \u00c1rea Lorca Radio, tu fuente de entrenamiento y noticias locales. Sintoniza ahora y mantente conectado online.","potentialAction":[{"@type":"SearchAction","target":{"@type":"EntryPoint","urlTemplate":"https:\/\/arealorcaradio.es\/?s={search_term_string}"},"query-input":{"@type":"PropertyValueSpecification","valueRequired":true,"valueName":"search_term_string"}}],"inLanguage":"es"},{"@type":"Person","@id":"https:\/\/arealorcaradio.es\/#\/schema\/person\/9fae605fc25b0f2c83c1ab207139bd27","name":"Paco S\u00e1nchez","image":{"@type":"ImageObject","inLanguage":"es","@id":"https:\/\/secure.gravatar.com\/avatar\/d67144e966420fb74aa84c9f2a0103be4724fd14db52b52d3b6bca749f257e79?s=96&d=mm&r=g","url":"https:\/\/secure.gravatar.com\/avatar\/d67144e966420fb74aa84c9f2a0103be4724fd14db52b52d3b6bca749f257e79?s=96&d=mm&r=g","contentUrl":"https:\/\/secure.gravatar.com\/avatar\/d67144e966420fb74aa84c9f2a0103be4724fd14db52b52d3b6bca749f257e79?s=96&d=mm&r=g","caption":"Paco S\u00e1nchez"},"sameAs":["https:\/\/arealorcaradio.es"],"url":"https:\/\/arealorcaradio.es\/index.php\/author\/admin_alorcaradio\/"}]}},"_links":{"self":[{"href":"https:\/\/arealorcaradio.es\/index.php\/wp-json\/wp\/v2\/posts\/9413","targetHints":{"allow":["GET"]}}],"collection":[{"href":"https:\/\/arealorcaradio.es\/index.php\/wp-json\/wp\/v2\/posts"}],"about":[{"href":"https:\/\/arealorcaradio.es\/index.php\/wp-json\/wp\/v2\/types\/post"}],"author":[{"embeddable":true,"href":"https:\/\/arealorcaradio.es\/index.php\/wp-json\/wp\/v2\/users\/1"}],"replies":[{"embeddable":true,"href":"https:\/\/arealorcaradio.es\/index.php\/wp-json\/wp\/v2\/comments?post=9413"}],"version-history":[{"count":3,"href":"https:\/\/arealorcaradio.es\/index.php\/wp-json\/wp\/v2\/posts\/9413\/revisions"}],"predecessor-version":[{"id":9421,"href":"https:\/\/arealorcaradio.es\/index.php\/wp-json\/wp\/v2\/posts\/9413\/revisions\/9421"}],"wp:featuredmedia":[{"embeddable":true,"href":"https:\/\/arealorcaradio.es\/index.php\/wp-json\/wp\/v2\/media\/9420"}],"wp:attachment":[{"href":"https:\/\/arealorcaradio.es\/index.php\/wp-json\/wp\/v2\/media?parent=9413"}],"wp:term":[{"taxonomy":"category","embeddable":true,"href":"https:\/\/arealorcaradio.es\/index.php\/wp-json\/wp\/v2\/categories?post=9413"},{"taxonomy":"post_tag","embeddable":true,"href":"https:\/\/arealorcaradio.es\/index.php\/wp-json\/wp\/v2\/tags?post=9413"}],"curies":[{"name":"wp","href":"https:\/\/api.w.org\/{rel}","templated":true}]}}