{"id":938,"date":"2023-05-25T17:19:31","date_gmt":"2023-05-25T17:19:31","guid":{"rendered":"https:\/\/arealorcaradio.es\/?p=938"},"modified":"2023-05-25T17:25:34","modified_gmt":"2023-05-25T17:25:34","slug":"el-psoe-de-lorca-unica-formacion-politica-que-no-asiste-a-los-espacios-electorales-de-area-lorca-radio","status":"publish","type":"post","link":"https:\/\/arealorcaradio.es\/index.php\/2023\/05\/25\/el-psoe-de-lorca-unica-formacion-politica-que-no-asiste-a-los-espacios-electorales-de-area-lorca-radio\/","title":{"rendered":"El PSOE de Lorca, \u00fanica formaci\u00f3n pol\u00edtica que no asiste a los Espacios Electorales de \u00c1rea Lorca Radio."},"content":{"rendered":"<p>\u00c1REA LORCA RADIO.<\/p>\n<p>Durante las \u00faltimas semanas han pasado por nuestro estudio representantes de todas las formaciones pol\u00edticas que optan a la alcald\u00eda de Lorca a excepci\u00f3n del PSOE y su candidato Diego Jos\u00e9 Mateos.<\/p>\n<p>El pasado 9 de mayo fue el turno para el numero 2 de VOX Lorca, Jos\u00e9 Mart\u00ednez, ante la imposibilidad de asistir la candidata a la alcald\u00eda Carmen Mendui\u00f1a. Solo dos d\u00edas despues fue el turno para el candidato por Valores Lorca, Lenin Valarezo. El d\u00eda 16 fue el turno para los candidatos por Ciudadano Lorca, Francisco Morales y el candidato por Verdes Equo Mas Lorca, Pepe Rufete. El pasado d\u00eda 18 fue el turno del candidato por Izquierda Unida Podemos Alianza Verde, Pedro Sosa y el pasado martes 23 de mayo el candidato por el Partido Popular, Fulgencio Gil.<\/p>\n<p>Hoy era el turno del candidato socialista, pero este por motivos de agenda \u00abdicen desde su gabinete\u00bb ha declinado la visita a nuestro estudio, entrevista que hab\u00eda sido concertada el pasado 16 de mayo, eligiendo su gabinete la fecha de hoy d\u00eda 25, d\u00eda que no ha asistido.<\/p>\n<p>Son varios los meses que esta radio recibe continuos desplantes desde el PSOE de Lorca, en concreto desde el pasado mes de octubre a trav\u00e9s de sus concejales en el equipo de gobierno vigente en la actualidad. Se da el caso que estos han llegado incluso a no atender las distintas llamadas telef\u00f3nicas que se han producido durante estos meses, hasta el d\u00eda de hoy.<\/p>\n<p>Cabe recordar que todos los componentes del PSOE en el equipo de gobierno, alcalde y concejales han pasado con asiduidad por nuestro estudio desde el 1 de marzo de 2020 d\u00eda que se inauguro el estudio, hasta la fecha anteriormente indicada. Diego Jos\u00e9 Mateos como alcalde y sus concejales Isabel Casalduero, Isidro Abell\u00e1n, Jos\u00e9 Luis Ruiz, Antonia P\u00e9rez, Mar\u00eda Dolores Chumillas, Mar\u00eda \u00c1ngeles Mazuecos, Antonio Navarro y Jos\u00e9 \u00c1ngel Ponce, todos pasaron en distintas ocasiones por \u00c1rea Lorca Radio e excepci\u00f3n de la responsable de deportes.<\/p>\n<p>Hoy de nuevo, Diego Jos\u00e9 Mateos contaba con nuestro estudio, un micr\u00f3fono y una silla para hablarle a los lorquinos de su programa pol\u00edtico cara a los pr\u00f3ximos comicios electorales pero prefiri\u00f3 declinar la invitaci\u00f3n de \u00c1rea Lorca Radio.<\/p>\n<p>Desde \u00c1rea Lorca Radio agradecemos al resto de representantes pol\u00edticos y candidatos a la alcald\u00eda de Lorca por su deferencia con este medio de comunicaci\u00f3n asistiendo durante las \u00faltimas semanas a las entrevistas de Campa\u00f1a Electoral del 28 de mayo de 2023.<\/p>\n","protected":false},"excerpt":{"rendered":"<p>\u00c1REA LORCA RADIO. Durante las \u00faltimas semanas han pasado por nuestro estudio representantes de todas las formaciones pol\u00edticas que optan a la alcald\u00eda de Lorca a excepci\u00f3n del PSOE y su candidato Diego Jos\u00e9 Mateos. El pasado 9 de mayo fue el turno para el numero 2 de VOX Lorca, Jos\u00e9 Mart\u00ednez, ante la imposibilidad [&hellip;]<\/p>\n","protected":false},"author":1,"featured_media":939,"comment_status":"open","ping_status":"open","sticky":false,"template":"","format":"standard","meta":{"iawp_total_views":5,"footnotes":""},"categories":[11],"tags":[],"class_list":["post-938","post","type-post","status-publish","format-standard","has-post-thumbnail","hentry","category-campana-politica"],"yoast_head":"<!-- This site is optimized with the Yoast SEO plugin v27.5 - https:\/\/yoast.com\/product\/yoast-seo-wordpress\/ -->\n<title>El PSOE de Lorca, \u00fanica formaci\u00f3n pol\u00edtica que no asiste a los Espacios Electorales de \u00c1rea Lorca Radio. - AREA LORCA RADIO<\/title>\n<meta name=\"robots\" content=\"index, follow, max-snippet:-1, max-image-preview:large, max-video-preview:-1\" \/>\n<link rel=\"canonical\" href=\"https:\/\/arealorcaradio.es\/index.php\/2023\/05\/25\/el-psoe-de-lorca-unica-formacion-politica-que-no-asiste-a-los-espacios-electorales-de-area-lorca-radio\/\" \/>\n<meta property=\"og:locale\" content=\"es_ES\" \/>\n<meta property=\"og:type\" content=\"article\" \/>\n<meta property=\"og:title\" content=\"El PSOE de Lorca, \u00fanica formaci\u00f3n pol\u00edtica que no asiste a los Espacios Electorales de \u00c1rea Lorca Radio. - AREA LORCA RADIO\" \/>\n<meta property=\"og:description\" content=\"\u00c1REA LORCA RADIO. Durante las \u00faltimas semanas han pasado por nuestro estudio representantes de todas las formaciones pol\u00edticas que optan a la alcald\u00eda de Lorca a excepci\u00f3n del PSOE y su candidato Diego Jos\u00e9 Mateos. El pasado 9 de mayo fue el turno para el numero 2 de VOX Lorca, Jos\u00e9 Mart\u00ednez, ante la imposibilidad [&hellip;]\" \/>\n<meta property=\"og:url\" content=\"https:\/\/arealorcaradio.es\/index.php\/2023\/05\/25\/el-psoe-de-lorca-unica-formacion-politica-que-no-asiste-a-los-espacios-electorales-de-area-lorca-radio\/\" \/>\n<meta property=\"og:site_name\" content=\"AREA LORCA RADIO\" \/>\n<meta property=\"article:published_time\" content=\"2023-05-25T17:19:31+00:00\" \/>\n<meta property=\"article:modified_time\" content=\"2023-05-25T17:25:34+00:00\" \/>\n<meta property=\"og:image\" content=\"https:\/\/arealorcaradio.es\/wp-content\/uploads\/2023\/05\/IMG-20230525-WA0013.jpg\" \/>\n\t<meta property=\"og:image:width\" content=\"1732\" \/>\n\t<meta property=\"og:image:height\" content=\"975\" \/>\n\t<meta property=\"og:image:type\" content=\"image\/jpeg\" \/>\n<meta name=\"author\" content=\"Paco S\u00e1nchez\" \/>\n<meta name=\"twitter:card\" content=\"summary_large_image\" \/>\n<meta name=\"twitter:label1\" content=\"Escrito por\" \/>\n\t<meta name=\"twitter:data1\" content=\"Paco S\u00e1nchez\" \/>\n\t<meta name=\"twitter:label2\" content=\"Tiempo de lectura\" \/>\n\t<meta name=\"twitter:data2\" content=\"2 minutos\" \/>\n<script type=\"application\/ld+json\" class=\"yoast-schema-graph\">{\"@context\":\"https:\\\/\\\/schema.org\",\"@graph\":[{\"@type\":\"Article\",\"@id\":\"https:\\\/\\\/arealorcaradio.es\\\/index.php\\\/2023\\\/05\\\/25\\\/el-psoe-de-lorca-unica-formacion-politica-que-no-asiste-a-los-espacios-electorales-de-area-lorca-radio\\\/#article\",\"isPartOf\":{\"@id\":\"https:\\\/\\\/arealorcaradio.es\\\/index.php\\\/2023\\\/05\\\/25\\\/el-psoe-de-lorca-unica-formacion-politica-que-no-asiste-a-los-espacios-electorales-de-area-lorca-radio\\\/\"},\"author\":{\"name\":\"Paco S\u00e1nchez\",\"@id\":\"https:\\\/\\\/arealorcaradio.es\\\/#\\\/schema\\\/person\\\/9fae605fc25b0f2c83c1ab207139bd27\"},\"headline\":\"El PSOE de Lorca, \u00fanica formaci\u00f3n pol\u00edtica que no asiste a los Espacios Electorales de \u00c1rea Lorca Radio.\",\"datePublished\":\"2023-05-25T17:19:31+00:00\",\"dateModified\":\"2023-05-25T17:25:34+00:00\",\"mainEntityOfPage\":{\"@id\":\"https:\\\/\\\/arealorcaradio.es\\\/index.php\\\/2023\\\/05\\\/25\\\/el-psoe-de-lorca-unica-formacion-politica-que-no-asiste-a-los-espacios-electorales-de-area-lorca-radio\\\/\"},\"wordCount\":453,\"commentCount\":0,\"image\":{\"@id\":\"https:\\\/\\\/arealorcaradio.es\\\/index.php\\\/2023\\\/05\\\/25\\\/el-psoe-de-lorca-unica-formacion-politica-que-no-asiste-a-los-espacios-electorales-de-area-lorca-radio\\\/#primaryimage\"},\"thumbnailUrl\":\"https:\\\/\\\/arealorcaradio.es\\\/wp-content\\\/uploads\\\/2023\\\/05\\\/IMG-20230525-WA0013.jpg\",\"articleSection\":[\"CAMPA\u00d1A POLITICA\"],\"inLanguage\":\"es\",\"potentialAction\":[{\"@type\":\"CommentAction\",\"name\":\"Comment\",\"target\":[\"https:\\\/\\\/arealorcaradio.es\\\/index.php\\\/2023\\\/05\\\/25\\\/el-psoe-de-lorca-unica-formacion-politica-que-no-asiste-a-los-espacios-electorales-de-area-lorca-radio\\\/#respond\"]}]},{\"@type\":\"WebPage\",\"@id\":\"https:\\\/\\\/arealorcaradio.es\\\/index.php\\\/2023\\\/05\\\/25\\\/el-psoe-de-lorca-unica-formacion-politica-que-no-asiste-a-los-espacios-electorales-de-area-lorca-radio\\\/\",\"url\":\"https:\\\/\\\/arealorcaradio.es\\\/index.php\\\/2023\\\/05\\\/25\\\/el-psoe-de-lorca-unica-formacion-politica-que-no-asiste-a-los-espacios-electorales-de-area-lorca-radio\\\/\",\"name\":\"El PSOE de Lorca, \u00fanica formaci\u00f3n pol\u00edtica que no asiste a los Espacios Electorales de \u00c1rea Lorca Radio. - AREA LORCA RADIO\",\"isPartOf\":{\"@id\":\"https:\\\/\\\/arealorcaradio.es\\\/#website\"},\"primaryImageOfPage\":{\"@id\":\"https:\\\/\\\/arealorcaradio.es\\\/index.php\\\/2023\\\/05\\\/25\\\/el-psoe-de-lorca-unica-formacion-politica-que-no-asiste-a-los-espacios-electorales-de-area-lorca-radio\\\/#primaryimage\"},\"image\":{\"@id\":\"https:\\\/\\\/arealorcaradio.es\\\/index.php\\\/2023\\\/05\\\/25\\\/el-psoe-de-lorca-unica-formacion-politica-que-no-asiste-a-los-espacios-electorales-de-area-lorca-radio\\\/#primaryimage\"},\"thumbnailUrl\":\"https:\\\/\\\/arealorcaradio.es\\\/wp-content\\\/uploads\\\/2023\\\/05\\\/IMG-20230525-WA0013.jpg\",\"datePublished\":\"2023-05-25T17:19:31+00:00\",\"dateModified\":\"2023-05-25T17:25:34+00:00\",\"author\":{\"@id\":\"https:\\\/\\\/arealorcaradio.es\\\/#\\\/schema\\\/person\\\/9fae605fc25b0f2c83c1ab207139bd27\"},\"breadcrumb\":{\"@id\":\"https:\\\/\\\/arealorcaradio.es\\\/index.php\\\/2023\\\/05\\\/25\\\/el-psoe-de-lorca-unica-formacion-politica-que-no-asiste-a-los-espacios-electorales-de-area-lorca-radio\\\/#breadcrumb\"},\"inLanguage\":\"es\",\"potentialAction\":[{\"@type\":\"ReadAction\",\"target\":[\"https:\\\/\\\/arealorcaradio.es\\\/index.php\\\/2023\\\/05\\\/25\\\/el-psoe-de-lorca-unica-formacion-politica-que-no-asiste-a-los-espacios-electorales-de-area-lorca-radio\\\/\"]}]},{\"@type\":\"ImageObject\",\"inLanguage\":\"es\",\"@id\":\"https:\\\/\\\/arealorcaradio.es\\\/index.php\\\/2023\\\/05\\\/25\\\/el-psoe-de-lorca-unica-formacion-politica-que-no-asiste-a-los-espacios-electorales-de-area-lorca-radio\\\/#primaryimage\",\"url\":\"https:\\\/\\\/arealorcaradio.es\\\/wp-content\\\/uploads\\\/2023\\\/05\\\/IMG-20230525-WA0013.jpg\",\"contentUrl\":\"https:\\\/\\\/arealorcaradio.es\\\/wp-content\\\/uploads\\\/2023\\\/05\\\/IMG-20230525-WA0013.jpg\",\"width\":1732,\"height\":975},{\"@type\":\"BreadcrumbList\",\"@id\":\"https:\\\/\\\/arealorcaradio.es\\\/index.php\\\/2023\\\/05\\\/25\\\/el-psoe-de-lorca-unica-formacion-politica-que-no-asiste-a-los-espacios-electorales-de-area-lorca-radio\\\/#breadcrumb\",\"itemListElement\":[{\"@type\":\"ListItem\",\"position\":1,\"name\":\"Portada\",\"item\":\"https:\\\/\\\/arealorcaradio.es\\\/\"},{\"@type\":\"ListItem\",\"position\":2,\"name\":\"El PSOE de Lorca, \u00fanica formaci\u00f3n pol\u00edtica que no asiste a los Espacios Electorales de \u00c1rea Lorca Radio.\"}]},{\"@type\":\"WebSite\",\"@id\":\"https:\\\/\\\/arealorcaradio.es\\\/#website\",\"url\":\"https:\\\/\\\/arealorcaradio.es\\\/\",\"name\":\"AREA LORCA RADIO\",\"description\":\"Descubre la programaci\u00f3n actual en \u00c1rea Lorca Radio, tu fuente de entrenamiento y noticias locales. Sintoniza ahora y mantente conectado online.\",\"potentialAction\":[{\"@type\":\"SearchAction\",\"target\":{\"@type\":\"EntryPoint\",\"urlTemplate\":\"https:\\\/\\\/arealorcaradio.es\\\/?s={search_term_string}\"},\"query-input\":{\"@type\":\"PropertyValueSpecification\",\"valueRequired\":true,\"valueName\":\"search_term_string\"}}],\"inLanguage\":\"es\"},{\"@type\":\"Person\",\"@id\":\"https:\\\/\\\/arealorcaradio.es\\\/#\\\/schema\\\/person\\\/9fae605fc25b0f2c83c1ab207139bd27\",\"name\":\"Paco S\u00e1nchez\",\"image\":{\"@type\":\"ImageObject\",\"inLanguage\":\"es\",\"@id\":\"https:\\\/\\\/secure.gravatar.com\\\/avatar\\\/d67144e966420fb74aa84c9f2a0103be4724fd14db52b52d3b6bca749f257e79?s=96&d=mm&r=g\",\"url\":\"https:\\\/\\\/secure.gravatar.com\\\/avatar\\\/d67144e966420fb74aa84c9f2a0103be4724fd14db52b52d3b6bca749f257e79?s=96&d=mm&r=g\",\"contentUrl\":\"https:\\\/\\\/secure.gravatar.com\\\/avatar\\\/d67144e966420fb74aa84c9f2a0103be4724fd14db52b52d3b6bca749f257e79?s=96&d=mm&r=g\",\"caption\":\"Paco S\u00e1nchez\"},\"sameAs\":[\"https:\\\/\\\/arealorcaradio.es\"],\"url\":\"https:\\\/\\\/arealorcaradio.es\\\/index.php\\\/author\\\/admin_alorcaradio\\\/\"}]}<\/script>\n<!-- \/ Yoast SEO plugin. -->","yoast_head_json":{"title":"El PSOE de Lorca, \u00fanica formaci\u00f3n pol\u00edtica que no asiste a los Espacios Electorales de \u00c1rea Lorca Radio. - AREA LORCA RADIO","robots":{"index":"index","follow":"follow","max-snippet":"max-snippet:-1","max-image-preview":"max-image-preview:large","max-video-preview":"max-video-preview:-1"},"canonical":"https:\/\/arealorcaradio.es\/index.php\/2023\/05\/25\/el-psoe-de-lorca-unica-formacion-politica-que-no-asiste-a-los-espacios-electorales-de-area-lorca-radio\/","og_locale":"es_ES","og_type":"article","og_title":"El PSOE de Lorca, \u00fanica formaci\u00f3n pol\u00edtica que no asiste a los Espacios Electorales de \u00c1rea Lorca Radio. - AREA LORCA RADIO","og_description":"\u00c1REA LORCA RADIO. Durante las \u00faltimas semanas han pasado por nuestro estudio representantes de todas las formaciones pol\u00edticas que optan a la alcald\u00eda de Lorca a excepci\u00f3n del PSOE y su candidato Diego Jos\u00e9 Mateos. El pasado 9 de mayo fue el turno para el numero 2 de VOX Lorca, Jos\u00e9 Mart\u00ednez, ante la imposibilidad [&hellip;]","og_url":"https:\/\/arealorcaradio.es\/index.php\/2023\/05\/25\/el-psoe-de-lorca-unica-formacion-politica-que-no-asiste-a-los-espacios-electorales-de-area-lorca-radio\/","og_site_name":"AREA LORCA RADIO","article_published_time":"2023-05-25T17:19:31+00:00","article_modified_time":"2023-05-25T17:25:34+00:00","og_image":[{"width":1732,"height":975,"url":"https:\/\/arealorcaradio.es\/wp-content\/uploads\/2023\/05\/IMG-20230525-WA0013.jpg","type":"image\/jpeg"}],"author":"Paco S\u00e1nchez","twitter_card":"summary_large_image","twitter_misc":{"Escrito por":"Paco S\u00e1nchez","Tiempo de lectura":"2 minutos"},"schema":{"@context":"https:\/\/schema.org","@graph":[{"@type":"Article","@id":"https:\/\/arealorcaradio.es\/index.php\/2023\/05\/25\/el-psoe-de-lorca-unica-formacion-politica-que-no-asiste-a-los-espacios-electorales-de-area-lorca-radio\/#article","isPartOf":{"@id":"https:\/\/arealorcaradio.es\/index.php\/2023\/05\/25\/el-psoe-de-lorca-unica-formacion-politica-que-no-asiste-a-los-espacios-electorales-de-area-lorca-radio\/"},"author":{"name":"Paco S\u00e1nchez","@id":"https:\/\/arealorcaradio.es\/#\/schema\/person\/9fae605fc25b0f2c83c1ab207139bd27"},"headline":"El PSOE de Lorca, \u00fanica formaci\u00f3n pol\u00edtica que no asiste a los Espacios Electorales de \u00c1rea Lorca Radio.","datePublished":"2023-05-25T17:19:31+00:00","dateModified":"2023-05-25T17:25:34+00:00","mainEntityOfPage":{"@id":"https:\/\/arealorcaradio.es\/index.php\/2023\/05\/25\/el-psoe-de-lorca-unica-formacion-politica-que-no-asiste-a-los-espacios-electorales-de-area-lorca-radio\/"},"wordCount":453,"commentCount":0,"image":{"@id":"https:\/\/arealorcaradio.es\/index.php\/2023\/05\/25\/el-psoe-de-lorca-unica-formacion-politica-que-no-asiste-a-los-espacios-electorales-de-area-lorca-radio\/#primaryimage"},"thumbnailUrl":"https:\/\/arealorcaradio.es\/wp-content\/uploads\/2023\/05\/IMG-20230525-WA0013.jpg","articleSection":["CAMPA\u00d1A POLITICA"],"inLanguage":"es","potentialAction":[{"@type":"CommentAction","name":"Comment","target":["https:\/\/arealorcaradio.es\/index.php\/2023\/05\/25\/el-psoe-de-lorca-unica-formacion-politica-que-no-asiste-a-los-espacios-electorales-de-area-lorca-radio\/#respond"]}]},{"@type":"WebPage","@id":"https:\/\/arealorcaradio.es\/index.php\/2023\/05\/25\/el-psoe-de-lorca-unica-formacion-politica-que-no-asiste-a-los-espacios-electorales-de-area-lorca-radio\/","url":"https:\/\/arealorcaradio.es\/index.php\/2023\/05\/25\/el-psoe-de-lorca-unica-formacion-politica-que-no-asiste-a-los-espacios-electorales-de-area-lorca-radio\/","name":"El PSOE de Lorca, \u00fanica formaci\u00f3n pol\u00edtica que no asiste a los Espacios Electorales de \u00c1rea Lorca Radio. - AREA LORCA RADIO","isPartOf":{"@id":"https:\/\/arealorcaradio.es\/#website"},"primaryImageOfPage":{"@id":"https:\/\/arealorcaradio.es\/index.php\/2023\/05\/25\/el-psoe-de-lorca-unica-formacion-politica-que-no-asiste-a-los-espacios-electorales-de-area-lorca-radio\/#primaryimage"},"image":{"@id":"https:\/\/arealorcaradio.es\/index.php\/2023\/05\/25\/el-psoe-de-lorca-unica-formacion-politica-que-no-asiste-a-los-espacios-electorales-de-area-lorca-radio\/#primaryimage"},"thumbnailUrl":"https:\/\/arealorcaradio.es\/wp-content\/uploads\/2023\/05\/IMG-20230525-WA0013.jpg","datePublished":"2023-05-25T17:19:31+00:00","dateModified":"2023-05-25T17:25:34+00:00","author":{"@id":"https:\/\/arealorcaradio.es\/#\/schema\/person\/9fae605fc25b0f2c83c1ab207139bd27"},"breadcrumb":{"@id":"https:\/\/arealorcaradio.es\/index.php\/2023\/05\/25\/el-psoe-de-lorca-unica-formacion-politica-que-no-asiste-a-los-espacios-electorales-de-area-lorca-radio\/#breadcrumb"},"inLanguage":"es","potentialAction":[{"@type":"ReadAction","target":["https:\/\/arealorcaradio.es\/index.php\/2023\/05\/25\/el-psoe-de-lorca-unica-formacion-politica-que-no-asiste-a-los-espacios-electorales-de-area-lorca-radio\/"]}]},{"@type":"ImageObject","inLanguage":"es","@id":"https:\/\/arealorcaradio.es\/index.php\/2023\/05\/25\/el-psoe-de-lorca-unica-formacion-politica-que-no-asiste-a-los-espacios-electorales-de-area-lorca-radio\/#primaryimage","url":"https:\/\/arealorcaradio.es\/wp-content\/uploads\/2023\/05\/IMG-20230525-WA0013.jpg","contentUrl":"https:\/\/arealorcaradio.es\/wp-content\/uploads\/2023\/05\/IMG-20230525-WA0013.jpg","width":1732,"height":975},{"@type":"BreadcrumbList","@id":"https:\/\/arealorcaradio.es\/index.php\/2023\/05\/25\/el-psoe-de-lorca-unica-formacion-politica-que-no-asiste-a-los-espacios-electorales-de-area-lorca-radio\/#breadcrumb","itemListElement":[{"@type":"ListItem","position":1,"name":"Portada","item":"https:\/\/arealorcaradio.es\/"},{"@type":"ListItem","position":2,"name":"El PSOE de Lorca, \u00fanica formaci\u00f3n pol\u00edtica que no asiste a los Espacios Electorales de \u00c1rea Lorca Radio."}]},{"@type":"WebSite","@id":"https:\/\/arealorcaradio.es\/#website","url":"https:\/\/arealorcaradio.es\/","name":"AREA LORCA RADIO","description":"Descubre la programaci\u00f3n actual en \u00c1rea Lorca Radio, tu fuente de entrenamiento y noticias locales. Sintoniza ahora y mantente conectado online.","potentialAction":[{"@type":"SearchAction","target":{"@type":"EntryPoint","urlTemplate":"https:\/\/arealorcaradio.es\/?s={search_term_string}"},"query-input":{"@type":"PropertyValueSpecification","valueRequired":true,"valueName":"search_term_string"}}],"inLanguage":"es"},{"@type":"Person","@id":"https:\/\/arealorcaradio.es\/#\/schema\/person\/9fae605fc25b0f2c83c1ab207139bd27","name":"Paco S\u00e1nchez","image":{"@type":"ImageObject","inLanguage":"es","@id":"https:\/\/secure.gravatar.com\/avatar\/d67144e966420fb74aa84c9f2a0103be4724fd14db52b52d3b6bca749f257e79?s=96&d=mm&r=g","url":"https:\/\/secure.gravatar.com\/avatar\/d67144e966420fb74aa84c9f2a0103be4724fd14db52b52d3b6bca749f257e79?s=96&d=mm&r=g","contentUrl":"https:\/\/secure.gravatar.com\/avatar\/d67144e966420fb74aa84c9f2a0103be4724fd14db52b52d3b6bca749f257e79?s=96&d=mm&r=g","caption":"Paco S\u00e1nchez"},"sameAs":["https:\/\/arealorcaradio.es"],"url":"https:\/\/arealorcaradio.es\/index.php\/author\/admin_alorcaradio\/"}]}},"_links":{"self":[{"href":"https:\/\/arealorcaradio.es\/index.php\/wp-json\/wp\/v2\/posts\/938","targetHints":{"allow":["GET"]}}],"collection":[{"href":"https:\/\/arealorcaradio.es\/index.php\/wp-json\/wp\/v2\/posts"}],"about":[{"href":"https:\/\/arealorcaradio.es\/index.php\/wp-json\/wp\/v2\/types\/post"}],"author":[{"embeddable":true,"href":"https:\/\/arealorcaradio.es\/index.php\/wp-json\/wp\/v2\/users\/1"}],"replies":[{"embeddable":true,"href":"https:\/\/arealorcaradio.es\/index.php\/wp-json\/wp\/v2\/comments?post=938"}],"version-history":[{"count":1,"href":"https:\/\/arealorcaradio.es\/index.php\/wp-json\/wp\/v2\/posts\/938\/revisions"}],"predecessor-version":[{"id":940,"href":"https:\/\/arealorcaradio.es\/index.php\/wp-json\/wp\/v2\/posts\/938\/revisions\/940"}],"wp:featuredmedia":[{"embeddable":true,"href":"https:\/\/arealorcaradio.es\/index.php\/wp-json\/wp\/v2\/media\/939"}],"wp:attachment":[{"href":"https:\/\/arealorcaradio.es\/index.php\/wp-json\/wp\/v2\/media?parent=938"}],"wp:term":[{"taxonomy":"category","embeddable":true,"href":"https:\/\/arealorcaradio.es\/index.php\/wp-json\/wp\/v2\/categories?post=938"},{"taxonomy":"post_tag","embeddable":true,"href":"https:\/\/arealorcaradio.es\/index.php\/wp-json\/wp\/v2\/tags?post=938"}],"curies":[{"name":"wp","href":"https:\/\/api.w.org\/{rel}","templated":true}]}}