{"id":9146,"date":"2026-03-17T18:06:14","date_gmt":"2026-03-17T18:06:14","guid":{"rendered":"https:\/\/arealorcaradio.es\/?p=9146"},"modified":"2026-03-17T18:06:14","modified_gmt":"2026-03-17T18:06:14","slug":"la-hermandad-de-costaleros-del-santisimo-cristo-de-la-sangre-celebra-su-xxx-aniversario-con-una-exposicion-fotografica","status":"publish","type":"post","link":"https:\/\/arealorcaradio.es\/index.php\/2026\/03\/17\/la-hermandad-de-costaleros-del-santisimo-cristo-de-la-sangre-celebra-su-xxx-aniversario-con-una-exposicion-fotografica\/","title":{"rendered":"La Hermandad de Costaleros del Sant\u00edsimo Cristo de la Sangre celebra su XXX Aniversario con una exposici\u00f3n fotogr\u00e1fica"},"content":{"rendered":"<p><strong>\u00c1REA LORCA RADIO. Actualidad.<\/strong><\/p>\n<p>Escucha la entrevista que ha concedido a Paco S\u00e1nchez, el Hermano Mayor de la Hermandad de Costaleros del Sant\u00edsimo Cristo de la Sangre, Paso Encarnado, Francisco Jos\u00e9 Romera Guerrero.<\/p>\n<audio class=\"wp-audio-shortcode\" id=\"audio-9146-1\" preload=\"none\" style=\"width: 100%;\" controls=\"controls\"><source type=\"audio\/mpeg\" src=\"https:\/\/arealorcaradio.es\/wp-content\/uploads\/2026\/03\/170326-FRANCIS.-HERMANO-MAYOR-PASO-ENCARNADO.mp3?_=1\" \/><a href=\"https:\/\/arealorcaradio.es\/wp-content\/uploads\/2026\/03\/170326-FRANCIS.-HERMANO-MAYOR-PASO-ENCARNADO.mp3\">https:\/\/arealorcaradio.es\/wp-content\/uploads\/2026\/03\/170326-FRANCIS.-HERMANO-MAYOR-PASO-ENCARNADO.mp3<\/a><\/audio>\n<p><img loading=\"lazy\" decoding=\"async\" class=\"alignnone size-medium wp-image-9152\" src=\"https:\/\/arealorcaradio.es\/wp-content\/uploads\/2026\/03\/Screenshot_20260317_181842_OneDrive-1-211x300.jpg\" alt=\"\" width=\"211\" height=\"300\" srcset=\"https:\/\/arealorcaradio.es\/wp-content\/uploads\/2026\/03\/Screenshot_20260317_181842_OneDrive-1-211x300.jpg 211w, https:\/\/arealorcaradio.es\/wp-content\/uploads\/2026\/03\/Screenshot_20260317_181842_OneDrive-1-719x1024.jpg 719w, https:\/\/arealorcaradio.es\/wp-content\/uploads\/2026\/03\/Screenshot_20260317_181842_OneDrive-1-768x1093.jpg 768w, https:\/\/arealorcaradio.es\/wp-content\/uploads\/2026\/03\/Screenshot_20260317_181842_OneDrive-1.jpg 1079w\" sizes=\"auto, (max-width: 211px) 100vw, 211px\" \/> <img loading=\"lazy\" decoding=\"async\" class=\"alignnone size-medium wp-image-9155\" src=\"https:\/\/arealorcaradio.es\/wp-content\/uploads\/2026\/03\/IMG-20260317-WA0006-300x199.jpg\" alt=\"\" width=\"300\" height=\"199\" srcset=\"https:\/\/arealorcaradio.es\/wp-content\/uploads\/2026\/03\/IMG-20260317-WA0006-300x199.jpg 300w, https:\/\/arealorcaradio.es\/wp-content\/uploads\/2026\/03\/IMG-20260317-WA0006-1024x678.jpg 1024w, https:\/\/arealorcaradio.es\/wp-content\/uploads\/2026\/03\/IMG-20260317-WA0006-768x508.jpg 768w, https:\/\/arealorcaradio.es\/wp-content\/uploads\/2026\/03\/IMG-20260317-WA0006-1536x1017.jpg 1536w, https:\/\/arealorcaradio.es\/wp-content\/uploads\/2026\/03\/IMG-20260317-WA0006.jpg 1600w\" sizes=\"auto, (max-width: 300px) 100vw, 300px\" \/><\/p>\n<p>Esta exposici\u00f3n se podr\u00e1 ver en la Sala Barroca del Palacio de Guevara hasta la semana posterior a la conclusi\u00f3n de la Semana Santa de Lorca 2026.<\/p>\n<p>&nbsp;<\/p>\n","protected":false},"excerpt":{"rendered":"<p>\u00c1REA LORCA RADIO. Actualidad. Escucha la entrevista que ha concedido a Paco S\u00e1nchez, el Hermano Mayor de la Hermandad de Costaleros del Sant\u00edsimo Cristo de la Sangre, Paso Encarnado, Francisco Jos\u00e9 Romera Guerrero. Esta exposici\u00f3n se podr\u00e1 ver en la Sala Barroca del Palacio de Guevara hasta la semana posterior a la conclusi\u00f3n de la [&hellip;]<\/p>\n","protected":false},"author":1,"featured_media":9153,"comment_status":"open","ping_status":"open","sticky":false,"template":"","format":"standard","meta":{"iawp_total_views":54,"footnotes":""},"categories":[5,7],"tags":[],"class_list":["post-9146","post","type-post","status-publish","format-standard","has-post-thumbnail","hentry","category-actualidad","category-lorca"],"yoast_head":"<!-- This site is optimized with the Yoast SEO plugin v27.5 - https:\/\/yoast.com\/product\/yoast-seo-wordpress\/ -->\n<title>La Hermandad de Costaleros del Sant\u00edsimo Cristo de la Sangre celebra su XXX Aniversario con una exposici\u00f3n fotogr\u00e1fica - AREA LORCA RADIO<\/title>\n<meta name=\"robots\" content=\"index, follow, max-snippet:-1, max-image-preview:large, max-video-preview:-1\" \/>\n<link rel=\"canonical\" href=\"https:\/\/arealorcaradio.es\/index.php\/2026\/03\/17\/la-hermandad-de-costaleros-del-santisimo-cristo-de-la-sangre-celebra-su-xxx-aniversario-con-una-exposicion-fotografica\/\" \/>\n<meta property=\"og:locale\" content=\"es_ES\" \/>\n<meta property=\"og:type\" content=\"article\" \/>\n<meta property=\"og:title\" content=\"La Hermandad de Costaleros del Sant\u00edsimo Cristo de la Sangre celebra su XXX Aniversario con una exposici\u00f3n fotogr\u00e1fica - AREA LORCA RADIO\" \/>\n<meta property=\"og:description\" content=\"\u00c1REA LORCA RADIO. Actualidad. Escucha la entrevista que ha concedido a Paco S\u00e1nchez, el Hermano Mayor de la Hermandad de Costaleros del Sant\u00edsimo Cristo de la Sangre, Paso Encarnado, Francisco Jos\u00e9 Romera Guerrero. Esta exposici\u00f3n se podr\u00e1 ver en la Sala Barroca del Palacio de Guevara hasta la semana posterior a la conclusi\u00f3n de la [&hellip;]\" \/>\n<meta property=\"og:url\" content=\"https:\/\/arealorcaradio.es\/index.php\/2026\/03\/17\/la-hermandad-de-costaleros-del-santisimo-cristo-de-la-sangre-celebra-su-xxx-aniversario-con-una-exposicion-fotografica\/\" \/>\n<meta property=\"og:site_name\" content=\"AREA LORCA RADIO\" \/>\n<meta property=\"article:published_time\" content=\"2026-03-17T18:06:14+00:00\" \/>\n<meta property=\"og:image\" content=\"https:\/\/arealorcaradio.es\/wp-content\/uploads\/2026\/03\/IMG-20260317-WA0005.jpg\" \/>\n\t<meta property=\"og:image:width\" content=\"1600\" \/>\n\t<meta property=\"og:image:height\" content=\"900\" \/>\n\t<meta property=\"og:image:type\" content=\"image\/jpeg\" \/>\n<meta name=\"author\" content=\"Paco S\u00e1nchez\" \/>\n<meta name=\"twitter:card\" content=\"summary_large_image\" \/>\n<meta name=\"twitter:label1\" content=\"Escrito por\" \/>\n\t<meta name=\"twitter:data1\" content=\"Paco S\u00e1nchez\" \/>\n\t<meta name=\"twitter:label2\" content=\"Tiempo de lectura\" \/>\n\t<meta name=\"twitter:data2\" content=\"1 minuto\" \/>\n<script type=\"application\/ld+json\" class=\"yoast-schema-graph\">{\"@context\":\"https:\\\/\\\/schema.org\",\"@graph\":[{\"@type\":\"Article\",\"@id\":\"https:\\\/\\\/arealorcaradio.es\\\/index.php\\\/2026\\\/03\\\/17\\\/la-hermandad-de-costaleros-del-santisimo-cristo-de-la-sangre-celebra-su-xxx-aniversario-con-una-exposicion-fotografica\\\/#article\",\"isPartOf\":{\"@id\":\"https:\\\/\\\/arealorcaradio.es\\\/index.php\\\/2026\\\/03\\\/17\\\/la-hermandad-de-costaleros-del-santisimo-cristo-de-la-sangre-celebra-su-xxx-aniversario-con-una-exposicion-fotografica\\\/\"},\"author\":{\"name\":\"Paco S\u00e1nchez\",\"@id\":\"https:\\\/\\\/arealorcaradio.es\\\/#\\\/schema\\\/person\\\/9fae605fc25b0f2c83c1ab207139bd27\"},\"headline\":\"La Hermandad de Costaleros del Sant\u00edsimo Cristo de la Sangre celebra su XXX Aniversario con una exposici\u00f3n fotogr\u00e1fica\",\"datePublished\":\"2026-03-17T18:06:14+00:00\",\"mainEntityOfPage\":{\"@id\":\"https:\\\/\\\/arealorcaradio.es\\\/index.php\\\/2026\\\/03\\\/17\\\/la-hermandad-de-costaleros-del-santisimo-cristo-de-la-sangre-celebra-su-xxx-aniversario-con-una-exposicion-fotografica\\\/\"},\"wordCount\":96,\"commentCount\":0,\"image\":{\"@id\":\"https:\\\/\\\/arealorcaradio.es\\\/index.php\\\/2026\\\/03\\\/17\\\/la-hermandad-de-costaleros-del-santisimo-cristo-de-la-sangre-celebra-su-xxx-aniversario-con-una-exposicion-fotografica\\\/#primaryimage\"},\"thumbnailUrl\":\"https:\\\/\\\/arealorcaradio.es\\\/wp-content\\\/uploads\\\/2026\\\/03\\\/IMG-20260317-WA0005.jpg\",\"articleSection\":[\"ACTUALIDAD\",\"LORCA\"],\"inLanguage\":\"es\",\"potentialAction\":[{\"@type\":\"CommentAction\",\"name\":\"Comment\",\"target\":[\"https:\\\/\\\/arealorcaradio.es\\\/index.php\\\/2026\\\/03\\\/17\\\/la-hermandad-de-costaleros-del-santisimo-cristo-de-la-sangre-celebra-su-xxx-aniversario-con-una-exposicion-fotografica\\\/#respond\"]}]},{\"@type\":\"WebPage\",\"@id\":\"https:\\\/\\\/arealorcaradio.es\\\/index.php\\\/2026\\\/03\\\/17\\\/la-hermandad-de-costaleros-del-santisimo-cristo-de-la-sangre-celebra-su-xxx-aniversario-con-una-exposicion-fotografica\\\/\",\"url\":\"https:\\\/\\\/arealorcaradio.es\\\/index.php\\\/2026\\\/03\\\/17\\\/la-hermandad-de-costaleros-del-santisimo-cristo-de-la-sangre-celebra-su-xxx-aniversario-con-una-exposicion-fotografica\\\/\",\"name\":\"La Hermandad de Costaleros del Sant\u00edsimo Cristo de la Sangre celebra su XXX Aniversario con una exposici\u00f3n fotogr\u00e1fica - AREA LORCA RADIO\",\"isPartOf\":{\"@id\":\"https:\\\/\\\/arealorcaradio.es\\\/#website\"},\"primaryImageOfPage\":{\"@id\":\"https:\\\/\\\/arealorcaradio.es\\\/index.php\\\/2026\\\/03\\\/17\\\/la-hermandad-de-costaleros-del-santisimo-cristo-de-la-sangre-celebra-su-xxx-aniversario-con-una-exposicion-fotografica\\\/#primaryimage\"},\"image\":{\"@id\":\"https:\\\/\\\/arealorcaradio.es\\\/index.php\\\/2026\\\/03\\\/17\\\/la-hermandad-de-costaleros-del-santisimo-cristo-de-la-sangre-celebra-su-xxx-aniversario-con-una-exposicion-fotografica\\\/#primaryimage\"},\"thumbnailUrl\":\"https:\\\/\\\/arealorcaradio.es\\\/wp-content\\\/uploads\\\/2026\\\/03\\\/IMG-20260317-WA0005.jpg\",\"datePublished\":\"2026-03-17T18:06:14+00:00\",\"author\":{\"@id\":\"https:\\\/\\\/arealorcaradio.es\\\/#\\\/schema\\\/person\\\/9fae605fc25b0f2c83c1ab207139bd27\"},\"breadcrumb\":{\"@id\":\"https:\\\/\\\/arealorcaradio.es\\\/index.php\\\/2026\\\/03\\\/17\\\/la-hermandad-de-costaleros-del-santisimo-cristo-de-la-sangre-celebra-su-xxx-aniversario-con-una-exposicion-fotografica\\\/#breadcrumb\"},\"inLanguage\":\"es\",\"potentialAction\":[{\"@type\":\"ReadAction\",\"target\":[\"https:\\\/\\\/arealorcaradio.es\\\/index.php\\\/2026\\\/03\\\/17\\\/la-hermandad-de-costaleros-del-santisimo-cristo-de-la-sangre-celebra-su-xxx-aniversario-con-una-exposicion-fotografica\\\/\"]}]},{\"@type\":\"ImageObject\",\"inLanguage\":\"es\",\"@id\":\"https:\\\/\\\/arealorcaradio.es\\\/index.php\\\/2026\\\/03\\\/17\\\/la-hermandad-de-costaleros-del-santisimo-cristo-de-la-sangre-celebra-su-xxx-aniversario-con-una-exposicion-fotografica\\\/#primaryimage\",\"url\":\"https:\\\/\\\/arealorcaradio.es\\\/wp-content\\\/uploads\\\/2026\\\/03\\\/IMG-20260317-WA0005.jpg\",\"contentUrl\":\"https:\\\/\\\/arealorcaradio.es\\\/wp-content\\\/uploads\\\/2026\\\/03\\\/IMG-20260317-WA0005.jpg\",\"width\":1600,\"height\":900},{\"@type\":\"BreadcrumbList\",\"@id\":\"https:\\\/\\\/arealorcaradio.es\\\/index.php\\\/2026\\\/03\\\/17\\\/la-hermandad-de-costaleros-del-santisimo-cristo-de-la-sangre-celebra-su-xxx-aniversario-con-una-exposicion-fotografica\\\/#breadcrumb\",\"itemListElement\":[{\"@type\":\"ListItem\",\"position\":1,\"name\":\"Portada\",\"item\":\"https:\\\/\\\/arealorcaradio.es\\\/\"},{\"@type\":\"ListItem\",\"position\":2,\"name\":\"La Hermandad de Costaleros del Sant\u00edsimo Cristo de la Sangre celebra su XXX Aniversario con una exposici\u00f3n fotogr\u00e1fica\"}]},{\"@type\":\"WebSite\",\"@id\":\"https:\\\/\\\/arealorcaradio.es\\\/#website\",\"url\":\"https:\\\/\\\/arealorcaradio.es\\\/\",\"name\":\"AREA LORCA RADIO\",\"description\":\"Descubre la programaci\u00f3n actual en \u00c1rea Lorca Radio, tu fuente de entrenamiento y noticias locales. Sintoniza ahora y mantente conectado online.\",\"potentialAction\":[{\"@type\":\"SearchAction\",\"target\":{\"@type\":\"EntryPoint\",\"urlTemplate\":\"https:\\\/\\\/arealorcaradio.es\\\/?s={search_term_string}\"},\"query-input\":{\"@type\":\"PropertyValueSpecification\",\"valueRequired\":true,\"valueName\":\"search_term_string\"}}],\"inLanguage\":\"es\"},{\"@type\":\"Person\",\"@id\":\"https:\\\/\\\/arealorcaradio.es\\\/#\\\/schema\\\/person\\\/9fae605fc25b0f2c83c1ab207139bd27\",\"name\":\"Paco S\u00e1nchez\",\"image\":{\"@type\":\"ImageObject\",\"inLanguage\":\"es\",\"@id\":\"https:\\\/\\\/secure.gravatar.com\\\/avatar\\\/d67144e966420fb74aa84c9f2a0103be4724fd14db52b52d3b6bca749f257e79?s=96&d=mm&r=g\",\"url\":\"https:\\\/\\\/secure.gravatar.com\\\/avatar\\\/d67144e966420fb74aa84c9f2a0103be4724fd14db52b52d3b6bca749f257e79?s=96&d=mm&r=g\",\"contentUrl\":\"https:\\\/\\\/secure.gravatar.com\\\/avatar\\\/d67144e966420fb74aa84c9f2a0103be4724fd14db52b52d3b6bca749f257e79?s=96&d=mm&r=g\",\"caption\":\"Paco S\u00e1nchez\"},\"sameAs\":[\"https:\\\/\\\/arealorcaradio.es\"],\"url\":\"https:\\\/\\\/arealorcaradio.es\\\/index.php\\\/author\\\/admin_alorcaradio\\\/\"}]}<\/script>\n<!-- \/ Yoast SEO plugin. -->","yoast_head_json":{"title":"La Hermandad de Costaleros del Sant\u00edsimo Cristo de la Sangre celebra su XXX Aniversario con una exposici\u00f3n fotogr\u00e1fica - AREA LORCA RADIO","robots":{"index":"index","follow":"follow","max-snippet":"max-snippet:-1","max-image-preview":"max-image-preview:large","max-video-preview":"max-video-preview:-1"},"canonical":"https:\/\/arealorcaradio.es\/index.php\/2026\/03\/17\/la-hermandad-de-costaleros-del-santisimo-cristo-de-la-sangre-celebra-su-xxx-aniversario-con-una-exposicion-fotografica\/","og_locale":"es_ES","og_type":"article","og_title":"La Hermandad de Costaleros del Sant\u00edsimo Cristo de la Sangre celebra su XXX Aniversario con una exposici\u00f3n fotogr\u00e1fica - AREA LORCA RADIO","og_description":"\u00c1REA LORCA RADIO. Actualidad. Escucha la entrevista que ha concedido a Paco S\u00e1nchez, el Hermano Mayor de la Hermandad de Costaleros del Sant\u00edsimo Cristo de la Sangre, Paso Encarnado, Francisco Jos\u00e9 Romera Guerrero. Esta exposici\u00f3n se podr\u00e1 ver en la Sala Barroca del Palacio de Guevara hasta la semana posterior a la conclusi\u00f3n de la [&hellip;]","og_url":"https:\/\/arealorcaradio.es\/index.php\/2026\/03\/17\/la-hermandad-de-costaleros-del-santisimo-cristo-de-la-sangre-celebra-su-xxx-aniversario-con-una-exposicion-fotografica\/","og_site_name":"AREA LORCA RADIO","article_published_time":"2026-03-17T18:06:14+00:00","og_image":[{"width":1600,"height":900,"url":"https:\/\/arealorcaradio.es\/wp-content\/uploads\/2026\/03\/IMG-20260317-WA0005.jpg","type":"image\/jpeg"}],"author":"Paco S\u00e1nchez","twitter_card":"summary_large_image","twitter_misc":{"Escrito por":"Paco S\u00e1nchez","Tiempo de lectura":"1 minuto"},"schema":{"@context":"https:\/\/schema.org","@graph":[{"@type":"Article","@id":"https:\/\/arealorcaradio.es\/index.php\/2026\/03\/17\/la-hermandad-de-costaleros-del-santisimo-cristo-de-la-sangre-celebra-su-xxx-aniversario-con-una-exposicion-fotografica\/#article","isPartOf":{"@id":"https:\/\/arealorcaradio.es\/index.php\/2026\/03\/17\/la-hermandad-de-costaleros-del-santisimo-cristo-de-la-sangre-celebra-su-xxx-aniversario-con-una-exposicion-fotografica\/"},"author":{"name":"Paco S\u00e1nchez","@id":"https:\/\/arealorcaradio.es\/#\/schema\/person\/9fae605fc25b0f2c83c1ab207139bd27"},"headline":"La Hermandad de Costaleros del Sant\u00edsimo Cristo de la Sangre celebra su XXX Aniversario con una exposici\u00f3n fotogr\u00e1fica","datePublished":"2026-03-17T18:06:14+00:00","mainEntityOfPage":{"@id":"https:\/\/arealorcaradio.es\/index.php\/2026\/03\/17\/la-hermandad-de-costaleros-del-santisimo-cristo-de-la-sangre-celebra-su-xxx-aniversario-con-una-exposicion-fotografica\/"},"wordCount":96,"commentCount":0,"image":{"@id":"https:\/\/arealorcaradio.es\/index.php\/2026\/03\/17\/la-hermandad-de-costaleros-del-santisimo-cristo-de-la-sangre-celebra-su-xxx-aniversario-con-una-exposicion-fotografica\/#primaryimage"},"thumbnailUrl":"https:\/\/arealorcaradio.es\/wp-content\/uploads\/2026\/03\/IMG-20260317-WA0005.jpg","articleSection":["ACTUALIDAD","LORCA"],"inLanguage":"es","potentialAction":[{"@type":"CommentAction","name":"Comment","target":["https:\/\/arealorcaradio.es\/index.php\/2026\/03\/17\/la-hermandad-de-costaleros-del-santisimo-cristo-de-la-sangre-celebra-su-xxx-aniversario-con-una-exposicion-fotografica\/#respond"]}]},{"@type":"WebPage","@id":"https:\/\/arealorcaradio.es\/index.php\/2026\/03\/17\/la-hermandad-de-costaleros-del-santisimo-cristo-de-la-sangre-celebra-su-xxx-aniversario-con-una-exposicion-fotografica\/","url":"https:\/\/arealorcaradio.es\/index.php\/2026\/03\/17\/la-hermandad-de-costaleros-del-santisimo-cristo-de-la-sangre-celebra-su-xxx-aniversario-con-una-exposicion-fotografica\/","name":"La Hermandad de Costaleros del Sant\u00edsimo Cristo de la Sangre celebra su XXX Aniversario con una exposici\u00f3n fotogr\u00e1fica - AREA LORCA RADIO","isPartOf":{"@id":"https:\/\/arealorcaradio.es\/#website"},"primaryImageOfPage":{"@id":"https:\/\/arealorcaradio.es\/index.php\/2026\/03\/17\/la-hermandad-de-costaleros-del-santisimo-cristo-de-la-sangre-celebra-su-xxx-aniversario-con-una-exposicion-fotografica\/#primaryimage"},"image":{"@id":"https:\/\/arealorcaradio.es\/index.php\/2026\/03\/17\/la-hermandad-de-costaleros-del-santisimo-cristo-de-la-sangre-celebra-su-xxx-aniversario-con-una-exposicion-fotografica\/#primaryimage"},"thumbnailUrl":"https:\/\/arealorcaradio.es\/wp-content\/uploads\/2026\/03\/IMG-20260317-WA0005.jpg","datePublished":"2026-03-17T18:06:14+00:00","author":{"@id":"https:\/\/arealorcaradio.es\/#\/schema\/person\/9fae605fc25b0f2c83c1ab207139bd27"},"breadcrumb":{"@id":"https:\/\/arealorcaradio.es\/index.php\/2026\/03\/17\/la-hermandad-de-costaleros-del-santisimo-cristo-de-la-sangre-celebra-su-xxx-aniversario-con-una-exposicion-fotografica\/#breadcrumb"},"inLanguage":"es","potentialAction":[{"@type":"ReadAction","target":["https:\/\/arealorcaradio.es\/index.php\/2026\/03\/17\/la-hermandad-de-costaleros-del-santisimo-cristo-de-la-sangre-celebra-su-xxx-aniversario-con-una-exposicion-fotografica\/"]}]},{"@type":"ImageObject","inLanguage":"es","@id":"https:\/\/arealorcaradio.es\/index.php\/2026\/03\/17\/la-hermandad-de-costaleros-del-santisimo-cristo-de-la-sangre-celebra-su-xxx-aniversario-con-una-exposicion-fotografica\/#primaryimage","url":"https:\/\/arealorcaradio.es\/wp-content\/uploads\/2026\/03\/IMG-20260317-WA0005.jpg","contentUrl":"https:\/\/arealorcaradio.es\/wp-content\/uploads\/2026\/03\/IMG-20260317-WA0005.jpg","width":1600,"height":900},{"@type":"BreadcrumbList","@id":"https:\/\/arealorcaradio.es\/index.php\/2026\/03\/17\/la-hermandad-de-costaleros-del-santisimo-cristo-de-la-sangre-celebra-su-xxx-aniversario-con-una-exposicion-fotografica\/#breadcrumb","itemListElement":[{"@type":"ListItem","position":1,"name":"Portada","item":"https:\/\/arealorcaradio.es\/"},{"@type":"ListItem","position":2,"name":"La Hermandad de Costaleros del Sant\u00edsimo Cristo de la Sangre celebra su XXX Aniversario con una exposici\u00f3n fotogr\u00e1fica"}]},{"@type":"WebSite","@id":"https:\/\/arealorcaradio.es\/#website","url":"https:\/\/arealorcaradio.es\/","name":"AREA LORCA RADIO","description":"Descubre la programaci\u00f3n actual en \u00c1rea Lorca Radio, tu fuente de entrenamiento y noticias locales. Sintoniza ahora y mantente conectado online.","potentialAction":[{"@type":"SearchAction","target":{"@type":"EntryPoint","urlTemplate":"https:\/\/arealorcaradio.es\/?s={search_term_string}"},"query-input":{"@type":"PropertyValueSpecification","valueRequired":true,"valueName":"search_term_string"}}],"inLanguage":"es"},{"@type":"Person","@id":"https:\/\/arealorcaradio.es\/#\/schema\/person\/9fae605fc25b0f2c83c1ab207139bd27","name":"Paco S\u00e1nchez","image":{"@type":"ImageObject","inLanguage":"es","@id":"https:\/\/secure.gravatar.com\/avatar\/d67144e966420fb74aa84c9f2a0103be4724fd14db52b52d3b6bca749f257e79?s=96&d=mm&r=g","url":"https:\/\/secure.gravatar.com\/avatar\/d67144e966420fb74aa84c9f2a0103be4724fd14db52b52d3b6bca749f257e79?s=96&d=mm&r=g","contentUrl":"https:\/\/secure.gravatar.com\/avatar\/d67144e966420fb74aa84c9f2a0103be4724fd14db52b52d3b6bca749f257e79?s=96&d=mm&r=g","caption":"Paco S\u00e1nchez"},"sameAs":["https:\/\/arealorcaradio.es"],"url":"https:\/\/arealorcaradio.es\/index.php\/author\/admin_alorcaradio\/"}]}},"_links":{"self":[{"href":"https:\/\/arealorcaradio.es\/index.php\/wp-json\/wp\/v2\/posts\/9146","targetHints":{"allow":["GET"]}}],"collection":[{"href":"https:\/\/arealorcaradio.es\/index.php\/wp-json\/wp\/v2\/posts"}],"about":[{"href":"https:\/\/arealorcaradio.es\/index.php\/wp-json\/wp\/v2\/types\/post"}],"author":[{"embeddable":true,"href":"https:\/\/arealorcaradio.es\/index.php\/wp-json\/wp\/v2\/users\/1"}],"replies":[{"embeddable":true,"href":"https:\/\/arealorcaradio.es\/index.php\/wp-json\/wp\/v2\/comments?post=9146"}],"version-history":[{"count":3,"href":"https:\/\/arealorcaradio.es\/index.php\/wp-json\/wp\/v2\/posts\/9146\/revisions"}],"predecessor-version":[{"id":9156,"href":"https:\/\/arealorcaradio.es\/index.php\/wp-json\/wp\/v2\/posts\/9146\/revisions\/9156"}],"wp:featuredmedia":[{"embeddable":true,"href":"https:\/\/arealorcaradio.es\/index.php\/wp-json\/wp\/v2\/media\/9153"}],"wp:attachment":[{"href":"https:\/\/arealorcaradio.es\/index.php\/wp-json\/wp\/v2\/media?parent=9146"}],"wp:term":[{"taxonomy":"category","embeddable":true,"href":"https:\/\/arealorcaradio.es\/index.php\/wp-json\/wp\/v2\/categories?post=9146"},{"taxonomy":"post_tag","embeddable":true,"href":"https:\/\/arealorcaradio.es\/index.php\/wp-json\/wp\/v2\/tags?post=9146"}],"curies":[{"name":"wp","href":"https:\/\/api.w.org\/{rel}","templated":true}]}}