{"id":9138,"date":"2026-03-17T18:06:48","date_gmt":"2026-03-17T18:06:48","guid":{"rendered":"https:\/\/arealorcaradio.es\/?p=9138"},"modified":"2026-03-17T18:06:48","modified_gmt":"2026-03-17T18:06:48","slug":"la-hoya-se-prepara-para-vivir-su-semana-santa-con-las-vistas-puestas-en-la-noche-del-miercoles-santo","status":"publish","type":"post","link":"https:\/\/arealorcaradio.es\/index.php\/2026\/03\/17\/la-hoya-se-prepara-para-vivir-su-semana-santa-con-las-vistas-puestas-en-la-noche-del-miercoles-santo\/","title":{"rendered":"La Hoya se prepara para vivir su Semana Santa con las vistas puestas en la noche del \u00abMi\u00e9rcoles Santo\u00bb"},"content":{"rendered":"<p><strong>\u00c1REA LORCA RADIO. Actualidad.<\/strong><\/p>\n<p>Escucha aqu\u00ed la entrevista que ha concedido a Paco S\u00e1nchez en el programa magazine de \u00c1rea Lorca Radio, el cronista de La Hoya, Paco G\u00f3mez, qui\u00e9n nos ha contado el programa de actos de la Semana Santa de La Hoya.<\/p>\n<audio class=\"wp-audio-shortcode\" id=\"audio-9138-1\" preload=\"none\" style=\"width: 100%;\" controls=\"controls\"><source type=\"audio\/mpeg\" src=\"https:\/\/arealorcaradio.es\/wp-content\/uploads\/2026\/03\/170326-PACO-GOMEZ.-ACTOS-SS-LA-HOYA.mp3?_=1\" \/><a href=\"https:\/\/arealorcaradio.es\/wp-content\/uploads\/2026\/03\/170326-PACO-GOMEZ.-ACTOS-SS-LA-HOYA.mp3\">https:\/\/arealorcaradio.es\/wp-content\/uploads\/2026\/03\/170326-PACO-GOMEZ.-ACTOS-SS-LA-HOYA.mp3<\/a><\/audio>\n<p><strong>PROGRAMA DE ACTOS SEMANA SANTA DE LA HOYA 2026.<\/strong><\/p>\n<p><strong>6 de marzo *Viernes*<\/strong> Besa-Pie al Sant\u00edsimo Cristo de Medinaceli (la Iglesia permanecer\u00e1 abierta desde las 9,00 de la ma\u00f1ana hasta las 22,00 de la noche)<\/p>\n<p>21,00 noche: Santa Misa<\/p>\n<p><strong>14 de marzo *S\u00e1bado*<\/strong> 19,00 tarde: Santa Misa A continuaci\u00f3n, Preg\u00f3n de Semana Santa.<\/p>\n<p><strong><img loading=\"lazy\" decoding=\"async\" class=\"alignnone size-medium wp-image-9141\" src=\"https:\/\/arealorcaradio.es\/wp-content\/uploads\/2026\/03\/IMG-20260317-WA0012-1-300x211.jpg\" alt=\"\" width=\"300\" height=\"211\" srcset=\"https:\/\/arealorcaradio.es\/wp-content\/uploads\/2026\/03\/IMG-20260317-WA0012-1-300x211.jpg 300w, https:\/\/arealorcaradio.es\/wp-content\/uploads\/2026\/03\/IMG-20260317-WA0012-1-1024x721.jpg 1024w, https:\/\/arealorcaradio.es\/wp-content\/uploads\/2026\/03\/IMG-20260317-WA0012-1-768x541.jpg 768w, https:\/\/arealorcaradio.es\/wp-content\/uploads\/2026\/03\/IMG-20260317-WA0012-1.jpg 1512w\" sizes=\"auto, (max-width: 300px) 100vw, 300px\" \/><\/strong><\/p>\n<p><strong>Foto:<\/strong> Preg\u00f3n a cargo de Do\u00f1a \u00c1ngela Mula Vera, Gerente del Centro M\u00e9dico EL ED\u00c9N.<\/p>\n<p>Seguidamente actuaci\u00f3n de la Agrupaci\u00f3n Musical Sagrado Coraz\u00f3n de Jes\u00fas de La Hoya acompa\u00f1ados por la cantante Ver\u00f3nica Lozano.<\/p>\n<p><strong>27 de marzo *Viernes de Dolores *<\/strong> 20,00 noche: Santa Misa<\/p>\n<p><strong>28 de marzo *S\u00e1bado*<\/strong> 18,30 de la tarde: Santa Misa de bienvenida a los nuevos j\u00f3venes cofrades del Trono de la Cruz, con imposici\u00f3n de la Cruz.<\/p>\n<p><strong>29 de marzo *Domingo de Ramos*<\/strong> 10,30 ma\u00f1ana: Procesi\u00f3n de las Palmas acompa\u00f1ada por la A. M. Sagrado Coraz\u00f3n de Jes\u00fas de La Hoya (con el siguiente recorrido: salida desde la calle El Tranco, calle Doctor Garc\u00eda Periago, avenida Rey Juan Carlos I, Carretera Hinojar (RM-D-1), calle Mayor, hasta la Iglesia del Sagrado Coraz\u00f3n de Jes\u00fas), a continuaci\u00f3n, Santa Misa.<\/p>\n<p><strong>31 de marzo *Martes Santo*<\/strong> 18,30 noche: Santa Misa<\/p>\n<p><strong>1 de abril *Mi\u00e9rcoles Santo*<\/strong> 21,00 noche: Santa Misa<\/p>\n<p>21,30 noche: Procesi\u00f3n del Cristo del Prendimiento, acompa\u00f1ada por la Agrupaci\u00f3n Musical Sagrado Coraz\u00f3n de Jes\u00fas de La Hoya, Agrupaci\u00f3n Musical Hermandad La Flagelaci\u00f3n de Totana. (Con el siguiente recorrido: Salida desde la iglesia del Sagrado Coraz\u00f3n de Jes\u00fas, calle Mayor, calle La Salud, giro a la izquierda al entrar en la avenida Rey Juan Carlos I, carretera Hinojar (RM-D-1), calle Mayor, hasta la recogida en la Iglesia del Sagrado Coraz\u00f3n de Jes\u00fas) Durante el recorrido habr\u00e1 cante de Saetas en los siguientes lugares en calle La Salud Terraza de Rosa G\u00f3mez Alc\u00e1zar y en carretera Hinojar en la Pizzer\u00eda Yoani.<\/p>\n<p><strong>2 de abril *Jueves Santo*<\/strong> 19,00 tarde: Santos Oficios y celebraci\u00f3n de la Cena del Se\u00f1or. 20,00 noche: Hora Santa<\/p>\n<p><strong>3 de abril *Viernes Santo*<\/strong> 10,00 de la ma\u00f1ana: V\u00eda Crucis tradicional hasta el Santuario de La Salud. (Ser\u00e1 rezado por nuestra vecina JUANA ARCAS SANCHEZ) 19,00: Celebraci\u00f3n de la Muerte del Se\u00f1or.<\/p>\n<p><strong>4 de abril *S\u00e1bado Santo*<\/strong> 23,00 Procesi\u00f3n del encuentro, con la imagen del Resucitado y la Virgen de la Esperanza, acompa\u00f1ada por la Agrupaci\u00f3n Musical Sagrado Coraz\u00f3n de Jes\u00fas de La Hoya. (Con el siguiente recorrido: El Resucitado saldr\u00e1 de la Iglesia, calle Cartero, calle Sagrado Coraz\u00f3n de Jes\u00fas, calle Mayor. La Virgen de la Esperanza saldr\u00e1 del patio del colegio Juan Navarro, calle Mayor hasta la Iglesia.) Solemne Vigilia Pascual<\/p>\n<p><strong>5 de abril *Domingo de Resurrecci\u00f3n*<\/strong> 11,00 ma\u00f1ana: Misa Pascual en la Parroquia del Sagrado Coraz\u00f3n de Jes\u00fas.<\/p>\n<p><strong>NOTA:<\/strong> Todos los viernes de cuaresma, a las 17,45 de la tarde rezo del V\u00eda Crucis y al finalizar Santa Misa<\/p>\n","protected":false},"excerpt":{"rendered":"<p>\u00c1REA LORCA RADIO. Actualidad. Escucha aqu\u00ed la entrevista que ha concedido a Paco S\u00e1nchez en el programa magazine de \u00c1rea Lorca Radio, el cronista de La Hoya, Paco G\u00f3mez, qui\u00e9n nos ha contado el programa de actos de la Semana Santa de La Hoya. PROGRAMA DE ACTOS SEMANA SANTA DE LA HOYA 2026. 6 de [&hellip;]<\/p>\n","protected":false},"author":1,"featured_media":9143,"comment_status":"open","ping_status":"open","sticky":false,"template":"","format":"standard","meta":{"iawp_total_views":88,"footnotes":""},"categories":[5,7],"tags":[],"class_list":["post-9138","post","type-post","status-publish","format-standard","has-post-thumbnail","hentry","category-actualidad","category-lorca"],"yoast_head":"<!-- This site is optimized with the Yoast SEO plugin v27.5 - https:\/\/yoast.com\/product\/yoast-seo-wordpress\/ -->\n<title>La Hoya se prepara para vivir su Semana Santa con las vistas puestas en la noche del &quot;Mi\u00e9rcoles Santo&quot; - AREA LORCA RADIO<\/title>\n<meta name=\"robots\" content=\"index, follow, max-snippet:-1, max-image-preview:large, max-video-preview:-1\" \/>\n<link rel=\"canonical\" href=\"https:\/\/arealorcaradio.es\/index.php\/2026\/03\/17\/la-hoya-se-prepara-para-vivir-su-semana-santa-con-las-vistas-puestas-en-la-noche-del-miercoles-santo\/\" \/>\n<meta property=\"og:locale\" content=\"es_ES\" \/>\n<meta property=\"og:type\" content=\"article\" \/>\n<meta property=\"og:title\" content=\"La Hoya se prepara para vivir su Semana Santa con las vistas puestas en la noche del &quot;Mi\u00e9rcoles Santo&quot; - AREA LORCA RADIO\" \/>\n<meta property=\"og:description\" content=\"\u00c1REA LORCA RADIO. Actualidad. Escucha aqu\u00ed la entrevista que ha concedido a Paco S\u00e1nchez en el programa magazine de \u00c1rea Lorca Radio, el cronista de La Hoya, Paco G\u00f3mez, qui\u00e9n nos ha contado el programa de actos de la Semana Santa de La Hoya. PROGRAMA DE ACTOS SEMANA SANTA DE LA HOYA 2026. 6 de [&hellip;]\" \/>\n<meta property=\"og:url\" content=\"https:\/\/arealorcaradio.es\/index.php\/2026\/03\/17\/la-hoya-se-prepara-para-vivir-su-semana-santa-con-las-vistas-puestas-en-la-noche-del-miercoles-santo\/\" \/>\n<meta property=\"og:site_name\" content=\"AREA LORCA RADIO\" \/>\n<meta property=\"article:published_time\" content=\"2026-03-17T18:06:48+00:00\" \/>\n<meta property=\"og:image\" content=\"https:\/\/arealorcaradio.es\/wp-content\/uploads\/2026\/03\/IMG-20260317-WA0010-1-1.jpg\" \/>\n\t<meta property=\"og:image:width\" content=\"2016\" \/>\n\t<meta property=\"og:image:height\" content=\"1512\" \/>\n\t<meta property=\"og:image:type\" content=\"image\/jpeg\" \/>\n<meta name=\"author\" content=\"Paco S\u00e1nchez\" \/>\n<meta name=\"twitter:card\" content=\"summary_large_image\" \/>\n<meta name=\"twitter:label1\" content=\"Escrito por\" \/>\n\t<meta name=\"twitter:data1\" content=\"Paco S\u00e1nchez\" \/>\n\t<meta name=\"twitter:label2\" content=\"Tiempo de lectura\" \/>\n\t<meta name=\"twitter:data2\" content=\"3 minutos\" \/>\n<script type=\"application\/ld+json\" class=\"yoast-schema-graph\">{\"@context\":\"https:\\\/\\\/schema.org\",\"@graph\":[{\"@type\":\"Article\",\"@id\":\"https:\\\/\\\/arealorcaradio.es\\\/index.php\\\/2026\\\/03\\\/17\\\/la-hoya-se-prepara-para-vivir-su-semana-santa-con-las-vistas-puestas-en-la-noche-del-miercoles-santo\\\/#article\",\"isPartOf\":{\"@id\":\"https:\\\/\\\/arealorcaradio.es\\\/index.php\\\/2026\\\/03\\\/17\\\/la-hoya-se-prepara-para-vivir-su-semana-santa-con-las-vistas-puestas-en-la-noche-del-miercoles-santo\\\/\"},\"author\":{\"name\":\"Paco S\u00e1nchez\",\"@id\":\"https:\\\/\\\/arealorcaradio.es\\\/#\\\/schema\\\/person\\\/9fae605fc25b0f2c83c1ab207139bd27\"},\"headline\":\"La Hoya se prepara para vivir su Semana Santa con las vistas puestas en la noche del \u00abMi\u00e9rcoles Santo\u00bb\",\"datePublished\":\"2026-03-17T18:06:48+00:00\",\"mainEntityOfPage\":{\"@id\":\"https:\\\/\\\/arealorcaradio.es\\\/index.php\\\/2026\\\/03\\\/17\\\/la-hoya-se-prepara-para-vivir-su-semana-santa-con-las-vistas-puestas-en-la-noche-del-miercoles-santo\\\/\"},\"wordCount\":576,\"commentCount\":0,\"image\":{\"@id\":\"https:\\\/\\\/arealorcaradio.es\\\/index.php\\\/2026\\\/03\\\/17\\\/la-hoya-se-prepara-para-vivir-su-semana-santa-con-las-vistas-puestas-en-la-noche-del-miercoles-santo\\\/#primaryimage\"},\"thumbnailUrl\":\"https:\\\/\\\/arealorcaradio.es\\\/wp-content\\\/uploads\\\/2026\\\/03\\\/IMG-20260317-WA0010-1-1.jpg\",\"articleSection\":[\"ACTUALIDAD\",\"LORCA\"],\"inLanguage\":\"es\",\"potentialAction\":[{\"@type\":\"CommentAction\",\"name\":\"Comment\",\"target\":[\"https:\\\/\\\/arealorcaradio.es\\\/index.php\\\/2026\\\/03\\\/17\\\/la-hoya-se-prepara-para-vivir-su-semana-santa-con-las-vistas-puestas-en-la-noche-del-miercoles-santo\\\/#respond\"]}]},{\"@type\":\"WebPage\",\"@id\":\"https:\\\/\\\/arealorcaradio.es\\\/index.php\\\/2026\\\/03\\\/17\\\/la-hoya-se-prepara-para-vivir-su-semana-santa-con-las-vistas-puestas-en-la-noche-del-miercoles-santo\\\/\",\"url\":\"https:\\\/\\\/arealorcaradio.es\\\/index.php\\\/2026\\\/03\\\/17\\\/la-hoya-se-prepara-para-vivir-su-semana-santa-con-las-vistas-puestas-en-la-noche-del-miercoles-santo\\\/\",\"name\":\"La Hoya se prepara para vivir su Semana Santa con las vistas puestas en la noche del \\\"Mi\u00e9rcoles Santo\\\" - AREA LORCA RADIO\",\"isPartOf\":{\"@id\":\"https:\\\/\\\/arealorcaradio.es\\\/#website\"},\"primaryImageOfPage\":{\"@id\":\"https:\\\/\\\/arealorcaradio.es\\\/index.php\\\/2026\\\/03\\\/17\\\/la-hoya-se-prepara-para-vivir-su-semana-santa-con-las-vistas-puestas-en-la-noche-del-miercoles-santo\\\/#primaryimage\"},\"image\":{\"@id\":\"https:\\\/\\\/arealorcaradio.es\\\/index.php\\\/2026\\\/03\\\/17\\\/la-hoya-se-prepara-para-vivir-su-semana-santa-con-las-vistas-puestas-en-la-noche-del-miercoles-santo\\\/#primaryimage\"},\"thumbnailUrl\":\"https:\\\/\\\/arealorcaradio.es\\\/wp-content\\\/uploads\\\/2026\\\/03\\\/IMG-20260317-WA0010-1-1.jpg\",\"datePublished\":\"2026-03-17T18:06:48+00:00\",\"author\":{\"@id\":\"https:\\\/\\\/arealorcaradio.es\\\/#\\\/schema\\\/person\\\/9fae605fc25b0f2c83c1ab207139bd27\"},\"breadcrumb\":{\"@id\":\"https:\\\/\\\/arealorcaradio.es\\\/index.php\\\/2026\\\/03\\\/17\\\/la-hoya-se-prepara-para-vivir-su-semana-santa-con-las-vistas-puestas-en-la-noche-del-miercoles-santo\\\/#breadcrumb\"},\"inLanguage\":\"es\",\"potentialAction\":[{\"@type\":\"ReadAction\",\"target\":[\"https:\\\/\\\/arealorcaradio.es\\\/index.php\\\/2026\\\/03\\\/17\\\/la-hoya-se-prepara-para-vivir-su-semana-santa-con-las-vistas-puestas-en-la-noche-del-miercoles-santo\\\/\"]}]},{\"@type\":\"ImageObject\",\"inLanguage\":\"es\",\"@id\":\"https:\\\/\\\/arealorcaradio.es\\\/index.php\\\/2026\\\/03\\\/17\\\/la-hoya-se-prepara-para-vivir-su-semana-santa-con-las-vistas-puestas-en-la-noche-del-miercoles-santo\\\/#primaryimage\",\"url\":\"https:\\\/\\\/arealorcaradio.es\\\/wp-content\\\/uploads\\\/2026\\\/03\\\/IMG-20260317-WA0010-1-1.jpg\",\"contentUrl\":\"https:\\\/\\\/arealorcaradio.es\\\/wp-content\\\/uploads\\\/2026\\\/03\\\/IMG-20260317-WA0010-1-1.jpg\",\"width\":2016,\"height\":1512},{\"@type\":\"BreadcrumbList\",\"@id\":\"https:\\\/\\\/arealorcaradio.es\\\/index.php\\\/2026\\\/03\\\/17\\\/la-hoya-se-prepara-para-vivir-su-semana-santa-con-las-vistas-puestas-en-la-noche-del-miercoles-santo\\\/#breadcrumb\",\"itemListElement\":[{\"@type\":\"ListItem\",\"position\":1,\"name\":\"Portada\",\"item\":\"https:\\\/\\\/arealorcaradio.es\\\/\"},{\"@type\":\"ListItem\",\"position\":2,\"name\":\"La Hoya se prepara para vivir su Semana Santa con las vistas puestas en la noche del \u00abMi\u00e9rcoles Santo\u00bb\"}]},{\"@type\":\"WebSite\",\"@id\":\"https:\\\/\\\/arealorcaradio.es\\\/#website\",\"url\":\"https:\\\/\\\/arealorcaradio.es\\\/\",\"name\":\"AREA LORCA RADIO\",\"description\":\"Descubre la programaci\u00f3n actual en \u00c1rea Lorca Radio, tu fuente de entrenamiento y noticias locales. Sintoniza ahora y mantente conectado online.\",\"potentialAction\":[{\"@type\":\"SearchAction\",\"target\":{\"@type\":\"EntryPoint\",\"urlTemplate\":\"https:\\\/\\\/arealorcaradio.es\\\/?s={search_term_string}\"},\"query-input\":{\"@type\":\"PropertyValueSpecification\",\"valueRequired\":true,\"valueName\":\"search_term_string\"}}],\"inLanguage\":\"es\"},{\"@type\":\"Person\",\"@id\":\"https:\\\/\\\/arealorcaradio.es\\\/#\\\/schema\\\/person\\\/9fae605fc25b0f2c83c1ab207139bd27\",\"name\":\"Paco S\u00e1nchez\",\"image\":{\"@type\":\"ImageObject\",\"inLanguage\":\"es\",\"@id\":\"https:\\\/\\\/secure.gravatar.com\\\/avatar\\\/d67144e966420fb74aa84c9f2a0103be4724fd14db52b52d3b6bca749f257e79?s=96&d=mm&r=g\",\"url\":\"https:\\\/\\\/secure.gravatar.com\\\/avatar\\\/d67144e966420fb74aa84c9f2a0103be4724fd14db52b52d3b6bca749f257e79?s=96&d=mm&r=g\",\"contentUrl\":\"https:\\\/\\\/secure.gravatar.com\\\/avatar\\\/d67144e966420fb74aa84c9f2a0103be4724fd14db52b52d3b6bca749f257e79?s=96&d=mm&r=g\",\"caption\":\"Paco S\u00e1nchez\"},\"sameAs\":[\"https:\\\/\\\/arealorcaradio.es\"],\"url\":\"https:\\\/\\\/arealorcaradio.es\\\/index.php\\\/author\\\/admin_alorcaradio\\\/\"}]}<\/script>\n<!-- \/ Yoast SEO plugin. -->","yoast_head_json":{"title":"La Hoya se prepara para vivir su Semana Santa con las vistas puestas en la noche del \"Mi\u00e9rcoles Santo\" - AREA LORCA RADIO","robots":{"index":"index","follow":"follow","max-snippet":"max-snippet:-1","max-image-preview":"max-image-preview:large","max-video-preview":"max-video-preview:-1"},"canonical":"https:\/\/arealorcaradio.es\/index.php\/2026\/03\/17\/la-hoya-se-prepara-para-vivir-su-semana-santa-con-las-vistas-puestas-en-la-noche-del-miercoles-santo\/","og_locale":"es_ES","og_type":"article","og_title":"La Hoya se prepara para vivir su Semana Santa con las vistas puestas en la noche del \"Mi\u00e9rcoles Santo\" - AREA LORCA RADIO","og_description":"\u00c1REA LORCA RADIO. Actualidad. Escucha aqu\u00ed la entrevista que ha concedido a Paco S\u00e1nchez en el programa magazine de \u00c1rea Lorca Radio, el cronista de La Hoya, Paco G\u00f3mez, qui\u00e9n nos ha contado el programa de actos de la Semana Santa de La Hoya. PROGRAMA DE ACTOS SEMANA SANTA DE LA HOYA 2026. 6 de [&hellip;]","og_url":"https:\/\/arealorcaradio.es\/index.php\/2026\/03\/17\/la-hoya-se-prepara-para-vivir-su-semana-santa-con-las-vistas-puestas-en-la-noche-del-miercoles-santo\/","og_site_name":"AREA LORCA RADIO","article_published_time":"2026-03-17T18:06:48+00:00","og_image":[{"width":2016,"height":1512,"url":"https:\/\/arealorcaradio.es\/wp-content\/uploads\/2026\/03\/IMG-20260317-WA0010-1-1.jpg","type":"image\/jpeg"}],"author":"Paco S\u00e1nchez","twitter_card":"summary_large_image","twitter_misc":{"Escrito por":"Paco S\u00e1nchez","Tiempo de lectura":"3 minutos"},"schema":{"@context":"https:\/\/schema.org","@graph":[{"@type":"Article","@id":"https:\/\/arealorcaradio.es\/index.php\/2026\/03\/17\/la-hoya-se-prepara-para-vivir-su-semana-santa-con-las-vistas-puestas-en-la-noche-del-miercoles-santo\/#article","isPartOf":{"@id":"https:\/\/arealorcaradio.es\/index.php\/2026\/03\/17\/la-hoya-se-prepara-para-vivir-su-semana-santa-con-las-vistas-puestas-en-la-noche-del-miercoles-santo\/"},"author":{"name":"Paco S\u00e1nchez","@id":"https:\/\/arealorcaradio.es\/#\/schema\/person\/9fae605fc25b0f2c83c1ab207139bd27"},"headline":"La Hoya se prepara para vivir su Semana Santa con las vistas puestas en la noche del \u00abMi\u00e9rcoles Santo\u00bb","datePublished":"2026-03-17T18:06:48+00:00","mainEntityOfPage":{"@id":"https:\/\/arealorcaradio.es\/index.php\/2026\/03\/17\/la-hoya-se-prepara-para-vivir-su-semana-santa-con-las-vistas-puestas-en-la-noche-del-miercoles-santo\/"},"wordCount":576,"commentCount":0,"image":{"@id":"https:\/\/arealorcaradio.es\/index.php\/2026\/03\/17\/la-hoya-se-prepara-para-vivir-su-semana-santa-con-las-vistas-puestas-en-la-noche-del-miercoles-santo\/#primaryimage"},"thumbnailUrl":"https:\/\/arealorcaradio.es\/wp-content\/uploads\/2026\/03\/IMG-20260317-WA0010-1-1.jpg","articleSection":["ACTUALIDAD","LORCA"],"inLanguage":"es","potentialAction":[{"@type":"CommentAction","name":"Comment","target":["https:\/\/arealorcaradio.es\/index.php\/2026\/03\/17\/la-hoya-se-prepara-para-vivir-su-semana-santa-con-las-vistas-puestas-en-la-noche-del-miercoles-santo\/#respond"]}]},{"@type":"WebPage","@id":"https:\/\/arealorcaradio.es\/index.php\/2026\/03\/17\/la-hoya-se-prepara-para-vivir-su-semana-santa-con-las-vistas-puestas-en-la-noche-del-miercoles-santo\/","url":"https:\/\/arealorcaradio.es\/index.php\/2026\/03\/17\/la-hoya-se-prepara-para-vivir-su-semana-santa-con-las-vistas-puestas-en-la-noche-del-miercoles-santo\/","name":"La Hoya se prepara para vivir su Semana Santa con las vistas puestas en la noche del \"Mi\u00e9rcoles Santo\" - AREA LORCA RADIO","isPartOf":{"@id":"https:\/\/arealorcaradio.es\/#website"},"primaryImageOfPage":{"@id":"https:\/\/arealorcaradio.es\/index.php\/2026\/03\/17\/la-hoya-se-prepara-para-vivir-su-semana-santa-con-las-vistas-puestas-en-la-noche-del-miercoles-santo\/#primaryimage"},"image":{"@id":"https:\/\/arealorcaradio.es\/index.php\/2026\/03\/17\/la-hoya-se-prepara-para-vivir-su-semana-santa-con-las-vistas-puestas-en-la-noche-del-miercoles-santo\/#primaryimage"},"thumbnailUrl":"https:\/\/arealorcaradio.es\/wp-content\/uploads\/2026\/03\/IMG-20260317-WA0010-1-1.jpg","datePublished":"2026-03-17T18:06:48+00:00","author":{"@id":"https:\/\/arealorcaradio.es\/#\/schema\/person\/9fae605fc25b0f2c83c1ab207139bd27"},"breadcrumb":{"@id":"https:\/\/arealorcaradio.es\/index.php\/2026\/03\/17\/la-hoya-se-prepara-para-vivir-su-semana-santa-con-las-vistas-puestas-en-la-noche-del-miercoles-santo\/#breadcrumb"},"inLanguage":"es","potentialAction":[{"@type":"ReadAction","target":["https:\/\/arealorcaradio.es\/index.php\/2026\/03\/17\/la-hoya-se-prepara-para-vivir-su-semana-santa-con-las-vistas-puestas-en-la-noche-del-miercoles-santo\/"]}]},{"@type":"ImageObject","inLanguage":"es","@id":"https:\/\/arealorcaradio.es\/index.php\/2026\/03\/17\/la-hoya-se-prepara-para-vivir-su-semana-santa-con-las-vistas-puestas-en-la-noche-del-miercoles-santo\/#primaryimage","url":"https:\/\/arealorcaradio.es\/wp-content\/uploads\/2026\/03\/IMG-20260317-WA0010-1-1.jpg","contentUrl":"https:\/\/arealorcaradio.es\/wp-content\/uploads\/2026\/03\/IMG-20260317-WA0010-1-1.jpg","width":2016,"height":1512},{"@type":"BreadcrumbList","@id":"https:\/\/arealorcaradio.es\/index.php\/2026\/03\/17\/la-hoya-se-prepara-para-vivir-su-semana-santa-con-las-vistas-puestas-en-la-noche-del-miercoles-santo\/#breadcrumb","itemListElement":[{"@type":"ListItem","position":1,"name":"Portada","item":"https:\/\/arealorcaradio.es\/"},{"@type":"ListItem","position":2,"name":"La Hoya se prepara para vivir su Semana Santa con las vistas puestas en la noche del \u00abMi\u00e9rcoles Santo\u00bb"}]},{"@type":"WebSite","@id":"https:\/\/arealorcaradio.es\/#website","url":"https:\/\/arealorcaradio.es\/","name":"AREA LORCA RADIO","description":"Descubre la programaci\u00f3n actual en \u00c1rea Lorca Radio, tu fuente de entrenamiento y noticias locales. Sintoniza ahora y mantente conectado online.","potentialAction":[{"@type":"SearchAction","target":{"@type":"EntryPoint","urlTemplate":"https:\/\/arealorcaradio.es\/?s={search_term_string}"},"query-input":{"@type":"PropertyValueSpecification","valueRequired":true,"valueName":"search_term_string"}}],"inLanguage":"es"},{"@type":"Person","@id":"https:\/\/arealorcaradio.es\/#\/schema\/person\/9fae605fc25b0f2c83c1ab207139bd27","name":"Paco S\u00e1nchez","image":{"@type":"ImageObject","inLanguage":"es","@id":"https:\/\/secure.gravatar.com\/avatar\/d67144e966420fb74aa84c9f2a0103be4724fd14db52b52d3b6bca749f257e79?s=96&d=mm&r=g","url":"https:\/\/secure.gravatar.com\/avatar\/d67144e966420fb74aa84c9f2a0103be4724fd14db52b52d3b6bca749f257e79?s=96&d=mm&r=g","contentUrl":"https:\/\/secure.gravatar.com\/avatar\/d67144e966420fb74aa84c9f2a0103be4724fd14db52b52d3b6bca749f257e79?s=96&d=mm&r=g","caption":"Paco S\u00e1nchez"},"sameAs":["https:\/\/arealorcaradio.es"],"url":"https:\/\/arealorcaradio.es\/index.php\/author\/admin_alorcaradio\/"}]}},"_links":{"self":[{"href":"https:\/\/arealorcaradio.es\/index.php\/wp-json\/wp\/v2\/posts\/9138","targetHints":{"allow":["GET"]}}],"collection":[{"href":"https:\/\/arealorcaradio.es\/index.php\/wp-json\/wp\/v2\/posts"}],"about":[{"href":"https:\/\/arealorcaradio.es\/index.php\/wp-json\/wp\/v2\/types\/post"}],"author":[{"embeddable":true,"href":"https:\/\/arealorcaradio.es\/index.php\/wp-json\/wp\/v2\/users\/1"}],"replies":[{"embeddable":true,"href":"https:\/\/arealorcaradio.es\/index.php\/wp-json\/wp\/v2\/comments?post=9138"}],"version-history":[{"count":3,"href":"https:\/\/arealorcaradio.es\/index.php\/wp-json\/wp\/v2\/posts\/9138\/revisions"}],"predecessor-version":[{"id":9145,"href":"https:\/\/arealorcaradio.es\/index.php\/wp-json\/wp\/v2\/posts\/9138\/revisions\/9145"}],"wp:featuredmedia":[{"embeddable":true,"href":"https:\/\/arealorcaradio.es\/index.php\/wp-json\/wp\/v2\/media\/9143"}],"wp:attachment":[{"href":"https:\/\/arealorcaradio.es\/index.php\/wp-json\/wp\/v2\/media?parent=9138"}],"wp:term":[{"taxonomy":"category","embeddable":true,"href":"https:\/\/arealorcaradio.es\/index.php\/wp-json\/wp\/v2\/categories?post=9138"},{"taxonomy":"post_tag","embeddable":true,"href":"https:\/\/arealorcaradio.es\/index.php\/wp-json\/wp\/v2\/tags?post=9138"}],"curies":[{"name":"wp","href":"https:\/\/api.w.org\/{rel}","templated":true}]}}