{"id":9125,"date":"2026-03-12T17:54:52","date_gmt":"2026-03-12T17:54:52","guid":{"rendered":"https:\/\/arealorcaradio.es\/?p=9125"},"modified":"2026-03-12T17:54:52","modified_gmt":"2026-03-12T17:54:52","slug":"sofia-anton-en-los-ultimos-dias-del-ano-2024-me-cambio-mi-vida-tras-sufrir-un-fallo-hepatico","status":"publish","type":"post","link":"https:\/\/arealorcaradio.es\/index.php\/2026\/03\/12\/sofia-anton-en-los-ultimos-dias-del-ano-2024-me-cambio-mi-vida-tras-sufrir-un-fallo-hepatico\/","title":{"rendered":"Sof\u00eda Ant\u00f3n: \u00abEn los \u00faltimos d\u00edas del a\u00f1o 2024 me cambio mi vida tras sufrir un fallo hep\u00e1tico\u00bb"},"content":{"rendered":"<p><strong>\u00c1REA LORCA RADIO. Actualidad.<\/strong><\/p>\n<p>El d\u00eda 9 de enero de 2025, pocas fechas despu\u00e9s de esa importante intervenci\u00f3n de trasplante de h\u00edgado a Sof\u00eda Ant\u00f3n, el escritor lorquino Francisco Jos\u00e9 Motos, amigo de su familia, nos cont\u00f3 esta historia real como un \u00abmilagro de navidad\u00bb.<\/p>\n<p>Hoy un a\u00f1o y tres meses despu\u00e9s, Sof\u00eda Ant\u00f3n, nos ha contado su historia en primera persona, sobre todo para agradecer a todos aquellos que hicieron posible que hoy d\u00eda siga entre nosotros. Una historia de pel\u00edcula y muy interesante que habla mucho de la importancia de ser donante de \u00f3rganos.<\/p>\n<audio class=\"wp-audio-shortcode\" id=\"audio-9125-1\" preload=\"none\" style=\"width: 100%;\" controls=\"controls\"><source type=\"audio\/mpeg\" src=\"https:\/\/arealorcaradio.es\/wp-content\/uploads\/2026\/03\/120326-SOFIA-ANTON-Y-FRANCISCO-JOSE-MOTOS.mp3?_=1\" \/><a href=\"https:\/\/arealorcaradio.es\/wp-content\/uploads\/2026\/03\/120326-SOFIA-ANTON-Y-FRANCISCO-JOSE-MOTOS.mp3\">https:\/\/arealorcaradio.es\/wp-content\/uploads\/2026\/03\/120326-SOFIA-ANTON-Y-FRANCISCO-JOSE-MOTOS.mp3<\/a><\/audio>\n<p>Fotos: 1 Francisco Jos\u00e9 Motos, 2 Sof\u00eda con su pareja Rub\u00e9n, 3 Sof\u00eda en su 30 cumplea\u00f1os, 4 y 5 Sof\u00eda Ant\u00f3n de viaje en Andorra y Pisa.<\/p>\n<p><img loading=\"lazy\" decoding=\"async\" class=\"alignnone wp-image-9130\" src=\"https:\/\/arealorcaradio.es\/wp-content\/uploads\/2026\/03\/20260312_173219-300x225.jpg\" alt=\"\" width=\"279\" height=\"209\" srcset=\"https:\/\/arealorcaradio.es\/wp-content\/uploads\/2026\/03\/20260312_173219-300x225.jpg 300w, https:\/\/arealorcaradio.es\/wp-content\/uploads\/2026\/03\/20260312_173219-1024x768.jpg 1024w, https:\/\/arealorcaradio.es\/wp-content\/uploads\/2026\/03\/20260312_173219-768x576.jpg 768w, https:\/\/arealorcaradio.es\/wp-content\/uploads\/2026\/03\/20260312_173219-1536x1152.jpg 1536w, https:\/\/arealorcaradio.es\/wp-content\/uploads\/2026\/03\/20260312_173219-2048x1536.jpg 2048w, https:\/\/arealorcaradio.es\/wp-content\/uploads\/2026\/03\/20260312_173219-86x64.jpg 86w\" sizes=\"auto, (max-width: 279px) 100vw, 279px\" \/> <img loading=\"lazy\" decoding=\"async\" class=\"alignnone size-medium wp-image-9129\" src=\"https:\/\/arealorcaradio.es\/wp-content\/uploads\/2026\/03\/IMG-20260312-WA0015-300x211.jpg\" alt=\"\" width=\"300\" height=\"211\" srcset=\"https:\/\/arealorcaradio.es\/wp-content\/uploads\/2026\/03\/IMG-20260312-WA0015-300x211.jpg 300w, https:\/\/arealorcaradio.es\/wp-content\/uploads\/2026\/03\/IMG-20260312-WA0015-768x539.jpg 768w, https:\/\/arealorcaradio.es\/wp-content\/uploads\/2026\/03\/IMG-20260312-WA0015.jpg 999w\" sizes=\"auto, (max-width: 300px) 100vw, 300px\" \/> <img loading=\"lazy\" decoding=\"async\" class=\"alignnone wp-image-9131\" src=\"https:\/\/arealorcaradio.es\/wp-content\/uploads\/2026\/03\/IMG-20260312-WA0013-240x300.jpg\" alt=\"\" width=\"228\" height=\"285\" srcset=\"https:\/\/arealorcaradio.es\/wp-content\/uploads\/2026\/03\/IMG-20260312-WA0013-240x300.jpg 240w, https:\/\/arealorcaradio.es\/wp-content\/uploads\/2026\/03\/IMG-20260312-WA0013-819x1024.jpg 819w, https:\/\/arealorcaradio.es\/wp-content\/uploads\/2026\/03\/IMG-20260312-WA0013-768x960.jpg 768w, https:\/\/arealorcaradio.es\/wp-content\/uploads\/2026\/03\/IMG-20260312-WA0013-1229x1536.jpg 1229w, https:\/\/arealorcaradio.es\/wp-content\/uploads\/2026\/03\/IMG-20260312-WA0013.jpg 1536w\" sizes=\"auto, (max-width: 228px) 100vw, 228px\" \/> <img loading=\"lazy\" decoding=\"async\" class=\"alignnone wp-image-9132\" src=\"https:\/\/arealorcaradio.es\/wp-content\/uploads\/2026\/03\/IMG-20260312-WA0014-225x300.jpg\" alt=\"\" width=\"212\" height=\"283\" srcset=\"https:\/\/arealorcaradio.es\/wp-content\/uploads\/2026\/03\/IMG-20260312-WA0014-225x300.jpg 225w, https:\/\/arealorcaradio.es\/wp-content\/uploads\/2026\/03\/IMG-20260312-WA0014-768x1024.jpg 768w, https:\/\/arealorcaradio.es\/wp-content\/uploads\/2026\/03\/IMG-20260312-WA0014-1152x1536.jpg 1152w, https:\/\/arealorcaradio.es\/wp-content\/uploads\/2026\/03\/IMG-20260312-WA0014.jpg 1536w\" sizes=\"auto, (max-width: 212px) 100vw, 212px\" \/> <img loading=\"lazy\" decoding=\"async\" class=\"alignnone wp-image-9133\" src=\"https:\/\/arealorcaradio.es\/wp-content\/uploads\/2026\/03\/IMG-20260312-WA0012-240x300.jpg\" alt=\"\" width=\"225\" height=\"281\" srcset=\"https:\/\/arealorcaradio.es\/wp-content\/uploads\/2026\/03\/IMG-20260312-WA0012-240x300.jpg 240w, https:\/\/arealorcaradio.es\/wp-content\/uploads\/2026\/03\/IMG-20260312-WA0012-819x1024.jpg 819w, https:\/\/arealorcaradio.es\/wp-content\/uploads\/2026\/03\/IMG-20260312-WA0012-768x960.jpg 768w, https:\/\/arealorcaradio.es\/wp-content\/uploads\/2026\/03\/IMG-20260312-WA0012-1229x1536.jpg 1229w, https:\/\/arealorcaradio.es\/wp-content\/uploads\/2026\/03\/IMG-20260312-WA0012.jpg 1440w\" sizes=\"auto, (max-width: 225px) 100vw, 225px\" \/><\/p>\n","protected":false},"excerpt":{"rendered":"<p>\u00c1REA LORCA RADIO. Actualidad. El d\u00eda 9 de enero de 2025, pocas fechas despu\u00e9s de esa importante intervenci\u00f3n de trasplante de h\u00edgado a Sof\u00eda Ant\u00f3n, el escritor lorquino Francisco Jos\u00e9 Motos, amigo de su familia, nos cont\u00f3 esta historia real como un \u00abmilagro de navidad\u00bb. Hoy un a\u00f1o y tres meses despu\u00e9s, Sof\u00eda Ant\u00f3n, nos [&hellip;]<\/p>\n","protected":false},"author":1,"featured_media":9136,"comment_status":"open","ping_status":"open","sticky":false,"template":"","format":"standard","meta":{"iawp_total_views":846,"footnotes":""},"categories":[5,7],"tags":[],"class_list":["post-9125","post","type-post","status-publish","format-standard","has-post-thumbnail","hentry","category-actualidad","category-lorca"],"yoast_head":"<!-- This site is optimized with the Yoast SEO plugin v27.5 - https:\/\/yoast.com\/product\/yoast-seo-wordpress\/ -->\n<title>Sof\u00eda Ant\u00f3n: &quot;En los \u00faltimos d\u00edas del a\u00f1o 2024 me cambio mi vida tras sufrir un fallo hep\u00e1tico&quot; - AREA LORCA RADIO<\/title>\n<meta name=\"robots\" content=\"index, follow, max-snippet:-1, max-image-preview:large, max-video-preview:-1\" \/>\n<link rel=\"canonical\" href=\"https:\/\/arealorcaradio.es\/index.php\/2026\/03\/12\/sofia-anton-en-los-ultimos-dias-del-ano-2024-me-cambio-mi-vida-tras-sufrir-un-fallo-hepatico\/\" \/>\n<meta property=\"og:locale\" content=\"es_ES\" \/>\n<meta property=\"og:type\" content=\"article\" \/>\n<meta property=\"og:title\" content=\"Sof\u00eda Ant\u00f3n: &quot;En los \u00faltimos d\u00edas del a\u00f1o 2024 me cambio mi vida tras sufrir un fallo hep\u00e1tico&quot; - AREA LORCA RADIO\" \/>\n<meta property=\"og:description\" content=\"\u00c1REA LORCA RADIO. Actualidad. El d\u00eda 9 de enero de 2025, pocas fechas despu\u00e9s de esa importante intervenci\u00f3n de trasplante de h\u00edgado a Sof\u00eda Ant\u00f3n, el escritor lorquino Francisco Jos\u00e9 Motos, amigo de su familia, nos cont\u00f3 esta historia real como un \u00abmilagro de navidad\u00bb. Hoy un a\u00f1o y tres meses despu\u00e9s, Sof\u00eda Ant\u00f3n, nos [&hellip;]\" \/>\n<meta property=\"og:url\" content=\"https:\/\/arealorcaradio.es\/index.php\/2026\/03\/12\/sofia-anton-en-los-ultimos-dias-del-ano-2024-me-cambio-mi-vida-tras-sufrir-un-fallo-hepatico\/\" \/>\n<meta property=\"og:site_name\" content=\"AREA LORCA RADIO\" \/>\n<meta property=\"article:published_time\" content=\"2026-03-12T17:54:52+00:00\" \/>\n<meta property=\"og:image\" content=\"https:\/\/arealorcaradio.es\/wp-content\/uploads\/2026\/03\/IMG-20260312-WA0014-1.jpg\" \/>\n\t<meta property=\"og:image:width\" content=\"1536\" \/>\n\t<meta property=\"og:image:height\" content=\"1172\" \/>\n\t<meta property=\"og:image:type\" content=\"image\/jpeg\" \/>\n<meta name=\"author\" content=\"Paco S\u00e1nchez\" \/>\n<meta name=\"twitter:card\" content=\"summary_large_image\" \/>\n<meta name=\"twitter:label1\" content=\"Escrito por\" \/>\n\t<meta name=\"twitter:data1\" content=\"Paco S\u00e1nchez\" \/>\n\t<meta name=\"twitter:label2\" content=\"Tiempo de lectura\" \/>\n\t<meta name=\"twitter:data2\" content=\"2 minutos\" \/>\n<script type=\"application\/ld+json\" class=\"yoast-schema-graph\">{\"@context\":\"https:\\\/\\\/schema.org\",\"@graph\":[{\"@type\":\"Article\",\"@id\":\"https:\\\/\\\/arealorcaradio.es\\\/index.php\\\/2026\\\/03\\\/12\\\/sofia-anton-en-los-ultimos-dias-del-ano-2024-me-cambio-mi-vida-tras-sufrir-un-fallo-hepatico\\\/#article\",\"isPartOf\":{\"@id\":\"https:\\\/\\\/arealorcaradio.es\\\/index.php\\\/2026\\\/03\\\/12\\\/sofia-anton-en-los-ultimos-dias-del-ano-2024-me-cambio-mi-vida-tras-sufrir-un-fallo-hepatico\\\/\"},\"author\":{\"name\":\"Paco S\u00e1nchez\",\"@id\":\"https:\\\/\\\/arealorcaradio.es\\\/#\\\/schema\\\/person\\\/9fae605fc25b0f2c83c1ab207139bd27\"},\"headline\":\"Sof\u00eda Ant\u00f3n: \u00abEn los \u00faltimos d\u00edas del a\u00f1o 2024 me cambio mi vida tras sufrir un fallo hep\u00e1tico\u00bb\",\"datePublished\":\"2026-03-12T17:54:52+00:00\",\"mainEntityOfPage\":{\"@id\":\"https:\\\/\\\/arealorcaradio.es\\\/index.php\\\/2026\\\/03\\\/12\\\/sofia-anton-en-los-ultimos-dias-del-ano-2024-me-cambio-mi-vida-tras-sufrir-un-fallo-hepatico\\\/\"},\"wordCount\":166,\"commentCount\":0,\"image\":{\"@id\":\"https:\\\/\\\/arealorcaradio.es\\\/index.php\\\/2026\\\/03\\\/12\\\/sofia-anton-en-los-ultimos-dias-del-ano-2024-me-cambio-mi-vida-tras-sufrir-un-fallo-hepatico\\\/#primaryimage\"},\"thumbnailUrl\":\"https:\\\/\\\/arealorcaradio.es\\\/wp-content\\\/uploads\\\/2026\\\/03\\\/IMG-20260312-WA0014-1.jpg\",\"articleSection\":[\"ACTUALIDAD\",\"LORCA\"],\"inLanguage\":\"es\",\"potentialAction\":[{\"@type\":\"CommentAction\",\"name\":\"Comment\",\"target\":[\"https:\\\/\\\/arealorcaradio.es\\\/index.php\\\/2026\\\/03\\\/12\\\/sofia-anton-en-los-ultimos-dias-del-ano-2024-me-cambio-mi-vida-tras-sufrir-un-fallo-hepatico\\\/#respond\"]}]},{\"@type\":\"WebPage\",\"@id\":\"https:\\\/\\\/arealorcaradio.es\\\/index.php\\\/2026\\\/03\\\/12\\\/sofia-anton-en-los-ultimos-dias-del-ano-2024-me-cambio-mi-vida-tras-sufrir-un-fallo-hepatico\\\/\",\"url\":\"https:\\\/\\\/arealorcaradio.es\\\/index.php\\\/2026\\\/03\\\/12\\\/sofia-anton-en-los-ultimos-dias-del-ano-2024-me-cambio-mi-vida-tras-sufrir-un-fallo-hepatico\\\/\",\"name\":\"Sof\u00eda Ant\u00f3n: \\\"En los \u00faltimos d\u00edas del a\u00f1o 2024 me cambio mi vida tras sufrir un fallo hep\u00e1tico\\\" - AREA LORCA RADIO\",\"isPartOf\":{\"@id\":\"https:\\\/\\\/arealorcaradio.es\\\/#website\"},\"primaryImageOfPage\":{\"@id\":\"https:\\\/\\\/arealorcaradio.es\\\/index.php\\\/2026\\\/03\\\/12\\\/sofia-anton-en-los-ultimos-dias-del-ano-2024-me-cambio-mi-vida-tras-sufrir-un-fallo-hepatico\\\/#primaryimage\"},\"image\":{\"@id\":\"https:\\\/\\\/arealorcaradio.es\\\/index.php\\\/2026\\\/03\\\/12\\\/sofia-anton-en-los-ultimos-dias-del-ano-2024-me-cambio-mi-vida-tras-sufrir-un-fallo-hepatico\\\/#primaryimage\"},\"thumbnailUrl\":\"https:\\\/\\\/arealorcaradio.es\\\/wp-content\\\/uploads\\\/2026\\\/03\\\/IMG-20260312-WA0014-1.jpg\",\"datePublished\":\"2026-03-12T17:54:52+00:00\",\"author\":{\"@id\":\"https:\\\/\\\/arealorcaradio.es\\\/#\\\/schema\\\/person\\\/9fae605fc25b0f2c83c1ab207139bd27\"},\"breadcrumb\":{\"@id\":\"https:\\\/\\\/arealorcaradio.es\\\/index.php\\\/2026\\\/03\\\/12\\\/sofia-anton-en-los-ultimos-dias-del-ano-2024-me-cambio-mi-vida-tras-sufrir-un-fallo-hepatico\\\/#breadcrumb\"},\"inLanguage\":\"es\",\"potentialAction\":[{\"@type\":\"ReadAction\",\"target\":[\"https:\\\/\\\/arealorcaradio.es\\\/index.php\\\/2026\\\/03\\\/12\\\/sofia-anton-en-los-ultimos-dias-del-ano-2024-me-cambio-mi-vida-tras-sufrir-un-fallo-hepatico\\\/\"]}]},{\"@type\":\"ImageObject\",\"inLanguage\":\"es\",\"@id\":\"https:\\\/\\\/arealorcaradio.es\\\/index.php\\\/2026\\\/03\\\/12\\\/sofia-anton-en-los-ultimos-dias-del-ano-2024-me-cambio-mi-vida-tras-sufrir-un-fallo-hepatico\\\/#primaryimage\",\"url\":\"https:\\\/\\\/arealorcaradio.es\\\/wp-content\\\/uploads\\\/2026\\\/03\\\/IMG-20260312-WA0014-1.jpg\",\"contentUrl\":\"https:\\\/\\\/arealorcaradio.es\\\/wp-content\\\/uploads\\\/2026\\\/03\\\/IMG-20260312-WA0014-1.jpg\",\"width\":1536,\"height\":1172},{\"@type\":\"BreadcrumbList\",\"@id\":\"https:\\\/\\\/arealorcaradio.es\\\/index.php\\\/2026\\\/03\\\/12\\\/sofia-anton-en-los-ultimos-dias-del-ano-2024-me-cambio-mi-vida-tras-sufrir-un-fallo-hepatico\\\/#breadcrumb\",\"itemListElement\":[{\"@type\":\"ListItem\",\"position\":1,\"name\":\"Portada\",\"item\":\"https:\\\/\\\/arealorcaradio.es\\\/\"},{\"@type\":\"ListItem\",\"position\":2,\"name\":\"Sof\u00eda Ant\u00f3n: \u00abEn los \u00faltimos d\u00edas del a\u00f1o 2024 me cambio mi vida tras sufrir un fallo hep\u00e1tico\u00bb\"}]},{\"@type\":\"WebSite\",\"@id\":\"https:\\\/\\\/arealorcaradio.es\\\/#website\",\"url\":\"https:\\\/\\\/arealorcaradio.es\\\/\",\"name\":\"AREA LORCA RADIO\",\"description\":\"Descubre la programaci\u00f3n actual en \u00c1rea Lorca Radio, tu fuente de entrenamiento y noticias locales. Sintoniza ahora y mantente conectado online.\",\"potentialAction\":[{\"@type\":\"SearchAction\",\"target\":{\"@type\":\"EntryPoint\",\"urlTemplate\":\"https:\\\/\\\/arealorcaradio.es\\\/?s={search_term_string}\"},\"query-input\":{\"@type\":\"PropertyValueSpecification\",\"valueRequired\":true,\"valueName\":\"search_term_string\"}}],\"inLanguage\":\"es\"},{\"@type\":\"Person\",\"@id\":\"https:\\\/\\\/arealorcaradio.es\\\/#\\\/schema\\\/person\\\/9fae605fc25b0f2c83c1ab207139bd27\",\"name\":\"Paco S\u00e1nchez\",\"image\":{\"@type\":\"ImageObject\",\"inLanguage\":\"es\",\"@id\":\"https:\\\/\\\/secure.gravatar.com\\\/avatar\\\/d67144e966420fb74aa84c9f2a0103be4724fd14db52b52d3b6bca749f257e79?s=96&d=mm&r=g\",\"url\":\"https:\\\/\\\/secure.gravatar.com\\\/avatar\\\/d67144e966420fb74aa84c9f2a0103be4724fd14db52b52d3b6bca749f257e79?s=96&d=mm&r=g\",\"contentUrl\":\"https:\\\/\\\/secure.gravatar.com\\\/avatar\\\/d67144e966420fb74aa84c9f2a0103be4724fd14db52b52d3b6bca749f257e79?s=96&d=mm&r=g\",\"caption\":\"Paco S\u00e1nchez\"},\"sameAs\":[\"https:\\\/\\\/arealorcaradio.es\"],\"url\":\"https:\\\/\\\/arealorcaradio.es\\\/index.php\\\/author\\\/admin_alorcaradio\\\/\"}]}<\/script>\n<!-- \/ Yoast SEO plugin. -->","yoast_head_json":{"title":"Sof\u00eda Ant\u00f3n: \"En los \u00faltimos d\u00edas del a\u00f1o 2024 me cambio mi vida tras sufrir un fallo hep\u00e1tico\" - AREA LORCA RADIO","robots":{"index":"index","follow":"follow","max-snippet":"max-snippet:-1","max-image-preview":"max-image-preview:large","max-video-preview":"max-video-preview:-1"},"canonical":"https:\/\/arealorcaradio.es\/index.php\/2026\/03\/12\/sofia-anton-en-los-ultimos-dias-del-ano-2024-me-cambio-mi-vida-tras-sufrir-un-fallo-hepatico\/","og_locale":"es_ES","og_type":"article","og_title":"Sof\u00eda Ant\u00f3n: \"En los \u00faltimos d\u00edas del a\u00f1o 2024 me cambio mi vida tras sufrir un fallo hep\u00e1tico\" - AREA LORCA RADIO","og_description":"\u00c1REA LORCA RADIO. Actualidad. El d\u00eda 9 de enero de 2025, pocas fechas despu\u00e9s de esa importante intervenci\u00f3n de trasplante de h\u00edgado a Sof\u00eda Ant\u00f3n, el escritor lorquino Francisco Jos\u00e9 Motos, amigo de su familia, nos cont\u00f3 esta historia real como un \u00abmilagro de navidad\u00bb. Hoy un a\u00f1o y tres meses despu\u00e9s, Sof\u00eda Ant\u00f3n, nos [&hellip;]","og_url":"https:\/\/arealorcaradio.es\/index.php\/2026\/03\/12\/sofia-anton-en-los-ultimos-dias-del-ano-2024-me-cambio-mi-vida-tras-sufrir-un-fallo-hepatico\/","og_site_name":"AREA LORCA RADIO","article_published_time":"2026-03-12T17:54:52+00:00","og_image":[{"width":1536,"height":1172,"url":"https:\/\/arealorcaradio.es\/wp-content\/uploads\/2026\/03\/IMG-20260312-WA0014-1.jpg","type":"image\/jpeg"}],"author":"Paco S\u00e1nchez","twitter_card":"summary_large_image","twitter_misc":{"Escrito por":"Paco S\u00e1nchez","Tiempo de lectura":"2 minutos"},"schema":{"@context":"https:\/\/schema.org","@graph":[{"@type":"Article","@id":"https:\/\/arealorcaradio.es\/index.php\/2026\/03\/12\/sofia-anton-en-los-ultimos-dias-del-ano-2024-me-cambio-mi-vida-tras-sufrir-un-fallo-hepatico\/#article","isPartOf":{"@id":"https:\/\/arealorcaradio.es\/index.php\/2026\/03\/12\/sofia-anton-en-los-ultimos-dias-del-ano-2024-me-cambio-mi-vida-tras-sufrir-un-fallo-hepatico\/"},"author":{"name":"Paco S\u00e1nchez","@id":"https:\/\/arealorcaradio.es\/#\/schema\/person\/9fae605fc25b0f2c83c1ab207139bd27"},"headline":"Sof\u00eda Ant\u00f3n: \u00abEn los \u00faltimos d\u00edas del a\u00f1o 2024 me cambio mi vida tras sufrir un fallo hep\u00e1tico\u00bb","datePublished":"2026-03-12T17:54:52+00:00","mainEntityOfPage":{"@id":"https:\/\/arealorcaradio.es\/index.php\/2026\/03\/12\/sofia-anton-en-los-ultimos-dias-del-ano-2024-me-cambio-mi-vida-tras-sufrir-un-fallo-hepatico\/"},"wordCount":166,"commentCount":0,"image":{"@id":"https:\/\/arealorcaradio.es\/index.php\/2026\/03\/12\/sofia-anton-en-los-ultimos-dias-del-ano-2024-me-cambio-mi-vida-tras-sufrir-un-fallo-hepatico\/#primaryimage"},"thumbnailUrl":"https:\/\/arealorcaradio.es\/wp-content\/uploads\/2026\/03\/IMG-20260312-WA0014-1.jpg","articleSection":["ACTUALIDAD","LORCA"],"inLanguage":"es","potentialAction":[{"@type":"CommentAction","name":"Comment","target":["https:\/\/arealorcaradio.es\/index.php\/2026\/03\/12\/sofia-anton-en-los-ultimos-dias-del-ano-2024-me-cambio-mi-vida-tras-sufrir-un-fallo-hepatico\/#respond"]}]},{"@type":"WebPage","@id":"https:\/\/arealorcaradio.es\/index.php\/2026\/03\/12\/sofia-anton-en-los-ultimos-dias-del-ano-2024-me-cambio-mi-vida-tras-sufrir-un-fallo-hepatico\/","url":"https:\/\/arealorcaradio.es\/index.php\/2026\/03\/12\/sofia-anton-en-los-ultimos-dias-del-ano-2024-me-cambio-mi-vida-tras-sufrir-un-fallo-hepatico\/","name":"Sof\u00eda Ant\u00f3n: \"En los \u00faltimos d\u00edas del a\u00f1o 2024 me cambio mi vida tras sufrir un fallo hep\u00e1tico\" - AREA LORCA RADIO","isPartOf":{"@id":"https:\/\/arealorcaradio.es\/#website"},"primaryImageOfPage":{"@id":"https:\/\/arealorcaradio.es\/index.php\/2026\/03\/12\/sofia-anton-en-los-ultimos-dias-del-ano-2024-me-cambio-mi-vida-tras-sufrir-un-fallo-hepatico\/#primaryimage"},"image":{"@id":"https:\/\/arealorcaradio.es\/index.php\/2026\/03\/12\/sofia-anton-en-los-ultimos-dias-del-ano-2024-me-cambio-mi-vida-tras-sufrir-un-fallo-hepatico\/#primaryimage"},"thumbnailUrl":"https:\/\/arealorcaradio.es\/wp-content\/uploads\/2026\/03\/IMG-20260312-WA0014-1.jpg","datePublished":"2026-03-12T17:54:52+00:00","author":{"@id":"https:\/\/arealorcaradio.es\/#\/schema\/person\/9fae605fc25b0f2c83c1ab207139bd27"},"breadcrumb":{"@id":"https:\/\/arealorcaradio.es\/index.php\/2026\/03\/12\/sofia-anton-en-los-ultimos-dias-del-ano-2024-me-cambio-mi-vida-tras-sufrir-un-fallo-hepatico\/#breadcrumb"},"inLanguage":"es","potentialAction":[{"@type":"ReadAction","target":["https:\/\/arealorcaradio.es\/index.php\/2026\/03\/12\/sofia-anton-en-los-ultimos-dias-del-ano-2024-me-cambio-mi-vida-tras-sufrir-un-fallo-hepatico\/"]}]},{"@type":"ImageObject","inLanguage":"es","@id":"https:\/\/arealorcaradio.es\/index.php\/2026\/03\/12\/sofia-anton-en-los-ultimos-dias-del-ano-2024-me-cambio-mi-vida-tras-sufrir-un-fallo-hepatico\/#primaryimage","url":"https:\/\/arealorcaradio.es\/wp-content\/uploads\/2026\/03\/IMG-20260312-WA0014-1.jpg","contentUrl":"https:\/\/arealorcaradio.es\/wp-content\/uploads\/2026\/03\/IMG-20260312-WA0014-1.jpg","width":1536,"height":1172},{"@type":"BreadcrumbList","@id":"https:\/\/arealorcaradio.es\/index.php\/2026\/03\/12\/sofia-anton-en-los-ultimos-dias-del-ano-2024-me-cambio-mi-vida-tras-sufrir-un-fallo-hepatico\/#breadcrumb","itemListElement":[{"@type":"ListItem","position":1,"name":"Portada","item":"https:\/\/arealorcaradio.es\/"},{"@type":"ListItem","position":2,"name":"Sof\u00eda Ant\u00f3n: \u00abEn los \u00faltimos d\u00edas del a\u00f1o 2024 me cambio mi vida tras sufrir un fallo hep\u00e1tico\u00bb"}]},{"@type":"WebSite","@id":"https:\/\/arealorcaradio.es\/#website","url":"https:\/\/arealorcaradio.es\/","name":"AREA LORCA RADIO","description":"Descubre la programaci\u00f3n actual en \u00c1rea Lorca Radio, tu fuente de entrenamiento y noticias locales. Sintoniza ahora y mantente conectado online.","potentialAction":[{"@type":"SearchAction","target":{"@type":"EntryPoint","urlTemplate":"https:\/\/arealorcaradio.es\/?s={search_term_string}"},"query-input":{"@type":"PropertyValueSpecification","valueRequired":true,"valueName":"search_term_string"}}],"inLanguage":"es"},{"@type":"Person","@id":"https:\/\/arealorcaradio.es\/#\/schema\/person\/9fae605fc25b0f2c83c1ab207139bd27","name":"Paco S\u00e1nchez","image":{"@type":"ImageObject","inLanguage":"es","@id":"https:\/\/secure.gravatar.com\/avatar\/d67144e966420fb74aa84c9f2a0103be4724fd14db52b52d3b6bca749f257e79?s=96&d=mm&r=g","url":"https:\/\/secure.gravatar.com\/avatar\/d67144e966420fb74aa84c9f2a0103be4724fd14db52b52d3b6bca749f257e79?s=96&d=mm&r=g","contentUrl":"https:\/\/secure.gravatar.com\/avatar\/d67144e966420fb74aa84c9f2a0103be4724fd14db52b52d3b6bca749f257e79?s=96&d=mm&r=g","caption":"Paco S\u00e1nchez"},"sameAs":["https:\/\/arealorcaradio.es"],"url":"https:\/\/arealorcaradio.es\/index.php\/author\/admin_alorcaradio\/"}]}},"_links":{"self":[{"href":"https:\/\/arealorcaradio.es\/index.php\/wp-json\/wp\/v2\/posts\/9125","targetHints":{"allow":["GET"]}}],"collection":[{"href":"https:\/\/arealorcaradio.es\/index.php\/wp-json\/wp\/v2\/posts"}],"about":[{"href":"https:\/\/arealorcaradio.es\/index.php\/wp-json\/wp\/v2\/types\/post"}],"author":[{"embeddable":true,"href":"https:\/\/arealorcaradio.es\/index.php\/wp-json\/wp\/v2\/users\/1"}],"replies":[{"embeddable":true,"href":"https:\/\/arealorcaradio.es\/index.php\/wp-json\/wp\/v2\/comments?post=9125"}],"version-history":[{"count":3,"href":"https:\/\/arealorcaradio.es\/index.php\/wp-json\/wp\/v2\/posts\/9125\/revisions"}],"predecessor-version":[{"id":9137,"href":"https:\/\/arealorcaradio.es\/index.php\/wp-json\/wp\/v2\/posts\/9125\/revisions\/9137"}],"wp:featuredmedia":[{"embeddable":true,"href":"https:\/\/arealorcaradio.es\/index.php\/wp-json\/wp\/v2\/media\/9136"}],"wp:attachment":[{"href":"https:\/\/arealorcaradio.es\/index.php\/wp-json\/wp\/v2\/media?parent=9125"}],"wp:term":[{"taxonomy":"category","embeddable":true,"href":"https:\/\/arealorcaradio.es\/index.php\/wp-json\/wp\/v2\/categories?post=9125"},{"taxonomy":"post_tag","embeddable":true,"href":"https:\/\/arealorcaradio.es\/index.php\/wp-json\/wp\/v2\/tags?post=9125"}],"curies":[{"name":"wp","href":"https:\/\/api.w.org\/{rel}","templated":true}]}}