{"id":9119,"date":"2026-03-12T17:55:09","date_gmt":"2026-03-12T17:55:09","guid":{"rendered":"https:\/\/arealorcaradio.es\/?p=9119"},"modified":"2026-03-12T17:55:09","modified_gmt":"2026-03-12T17:55:09","slug":"fulgencio-gil-me-estan-llamando-racista-y-no-es-cuestion-de-racismo-sino-de-cumplir-la-ley-y-querer-lo-mejor-para-lorca","status":"publish","type":"post","link":"https:\/\/arealorcaradio.es\/index.php\/2026\/03\/12\/fulgencio-gil-me-estan-llamando-racista-y-no-es-cuestion-de-racismo-sino-de-cumplir-la-ley-y-querer-lo-mejor-para-lorca\/","title":{"rendered":"Fulgencio Gil: \u00abMe est\u00e1n llamando racista y no es cuesti\u00f3n de racismo, sino de cumplir la ley y querer lo mejor para Lorca\u00bb"},"content":{"rendered":"<p><strong>\u00c1REA LORCA RADIO. Actualidad.<\/strong><\/p>\n<p>Escucha aqu\u00ed la intervenci\u00f3n del alcalde de Lorca Fulgencio Gil J\u00f3dar en el programa magazine de \u00c1rea Lorca Radio, con Paco S\u00e1nchez. En su entrevista habla de temas tan importantes como las afecci\u00f3n de zonas de flujo preferente, inmigraci\u00f3n, seguridad, rehabilitaci\u00f3n del casco hist\u00f3rico de Lorca, agenda cultural, control del padr\u00f3n, Ifelor, Palacio de Ferias y Congresos y deportes.<\/p>\n<audio class=\"wp-audio-shortcode\" id=\"audio-9119-1\" preload=\"none\" style=\"width: 100%;\" controls=\"controls\"><source type=\"audio\/mpeg\" src=\"https:\/\/arealorcaradio.es\/wp-content\/uploads\/2026\/03\/120326-FULGENCIO-GIL-JODAR.-ALCALDE.mp3?_=1\" \/><a href=\"https:\/\/arealorcaradio.es\/wp-content\/uploads\/2026\/03\/120326-FULGENCIO-GIL-JODAR.-ALCALDE.mp3\">https:\/\/arealorcaradio.es\/wp-content\/uploads\/2026\/03\/120326-FULGENCIO-GIL-JODAR.-ALCALDE.mp3<\/a><\/audio>\n<p><img loading=\"lazy\" decoding=\"async\" class=\"alignnone size-medium wp-image-9122\" src=\"https:\/\/arealorcaradio.es\/wp-content\/uploads\/2026\/03\/Pencho-Gil-y-Paco-Sanchez-1-225x300.jpg\" alt=\"\" width=\"225\" height=\"300\" srcset=\"https:\/\/arealorcaradio.es\/wp-content\/uploads\/2026\/03\/Pencho-Gil-y-Paco-Sanchez-1-225x300.jpg 225w, https:\/\/arealorcaradio.es\/wp-content\/uploads\/2026\/03\/Pencho-Gil-y-Paco-Sanchez-1-768x1024.jpg 768w, https:\/\/arealorcaradio.es\/wp-content\/uploads\/2026\/03\/Pencho-Gil-y-Paco-Sanchez-1-1152x1536.jpg 1152w, https:\/\/arealorcaradio.es\/wp-content\/uploads\/2026\/03\/Pencho-Gil-y-Paco-Sanchez-1-1536x2048.jpg 1536w, https:\/\/arealorcaradio.es\/wp-content\/uploads\/2026\/03\/Pencho-Gil-y-Paco-Sanchez-1-scaled.jpg 1920w\" sizes=\"auto, (max-width: 225px) 100vw, 225px\" \/><\/p>\n","protected":false},"excerpt":{"rendered":"<p>\u00c1REA LORCA RADIO. Actualidad. Escucha aqu\u00ed la intervenci\u00f3n del alcalde de Lorca Fulgencio Gil J\u00f3dar en el programa magazine de \u00c1rea Lorca Radio, con Paco S\u00e1nchez. En su entrevista habla de temas tan importantes como las afecci\u00f3n de zonas de flujo preferente, inmigraci\u00f3n, seguridad, rehabilitaci\u00f3n del casco hist\u00f3rico de Lorca, agenda cultural, control del padr\u00f3n, [&hellip;]<\/p>\n","protected":false},"author":1,"featured_media":9121,"comment_status":"open","ping_status":"open","sticky":false,"template":"","format":"standard","meta":{"iawp_total_views":16,"footnotes":""},"categories":[5,7],"tags":[],"class_list":["post-9119","post","type-post","status-publish","format-standard","has-post-thumbnail","hentry","category-actualidad","category-lorca"],"yoast_head":"<!-- This site is optimized with the Yoast SEO plugin v27.5 - https:\/\/yoast.com\/product\/yoast-seo-wordpress\/ -->\n<title>Fulgencio Gil: &quot;Me est\u00e1n llamando racista y no es cuesti\u00f3n de racismo, sino de cumplir la ley y querer lo mejor para Lorca&quot; - AREA LORCA RADIO<\/title>\n<meta name=\"robots\" content=\"index, follow, max-snippet:-1, max-image-preview:large, max-video-preview:-1\" \/>\n<link rel=\"canonical\" href=\"https:\/\/arealorcaradio.es\/index.php\/2026\/03\/12\/fulgencio-gil-me-estan-llamando-racista-y-no-es-cuestion-de-racismo-sino-de-cumplir-la-ley-y-querer-lo-mejor-para-lorca\/\" \/>\n<meta property=\"og:locale\" content=\"es_ES\" \/>\n<meta property=\"og:type\" content=\"article\" \/>\n<meta property=\"og:title\" content=\"Fulgencio Gil: &quot;Me est\u00e1n llamando racista y no es cuesti\u00f3n de racismo, sino de cumplir la ley y querer lo mejor para Lorca&quot; - AREA LORCA RADIO\" \/>\n<meta property=\"og:description\" content=\"\u00c1REA LORCA RADIO. Actualidad. Escucha aqu\u00ed la intervenci\u00f3n del alcalde de Lorca Fulgencio Gil J\u00f3dar en el programa magazine de \u00c1rea Lorca Radio, con Paco S\u00e1nchez. En su entrevista habla de temas tan importantes como las afecci\u00f3n de zonas de flujo preferente, inmigraci\u00f3n, seguridad, rehabilitaci\u00f3n del casco hist\u00f3rico de Lorca, agenda cultural, control del padr\u00f3n, [&hellip;]\" \/>\n<meta property=\"og:url\" content=\"https:\/\/arealorcaradio.es\/index.php\/2026\/03\/12\/fulgencio-gil-me-estan-llamando-racista-y-no-es-cuestion-de-racismo-sino-de-cumplir-la-ley-y-querer-lo-mejor-para-lorca\/\" \/>\n<meta property=\"og:site_name\" content=\"AREA LORCA RADIO\" \/>\n<meta property=\"article:published_time\" content=\"2026-03-12T17:55:09+00:00\" \/>\n<meta property=\"og:image\" content=\"https:\/\/arealorcaradio.es\/wp-content\/uploads\/2026\/03\/Pencho-Gil-y-Paco-Sanchez-scaled.jpg\" \/>\n\t<meta property=\"og:image:width\" content=\"2560\" \/>\n\t<meta property=\"og:image:height\" content=\"1840\" \/>\n\t<meta property=\"og:image:type\" content=\"image\/jpeg\" \/>\n<meta name=\"author\" content=\"Paco S\u00e1nchez\" \/>\n<meta name=\"twitter:card\" content=\"summary_large_image\" \/>\n<meta name=\"twitter:label1\" content=\"Escrito por\" \/>\n\t<meta name=\"twitter:data1\" content=\"Paco S\u00e1nchez\" \/>\n\t<meta name=\"twitter:label2\" content=\"Tiempo de lectura\" \/>\n\t<meta name=\"twitter:data2\" content=\"1 minuto\" \/>\n<script type=\"application\/ld+json\" class=\"yoast-schema-graph\">{\"@context\":\"https:\\\/\\\/schema.org\",\"@graph\":[{\"@type\":\"Article\",\"@id\":\"https:\\\/\\\/arealorcaradio.es\\\/index.php\\\/2026\\\/03\\\/12\\\/fulgencio-gil-me-estan-llamando-racista-y-no-es-cuestion-de-racismo-sino-de-cumplir-la-ley-y-querer-lo-mejor-para-lorca\\\/#article\",\"isPartOf\":{\"@id\":\"https:\\\/\\\/arealorcaradio.es\\\/index.php\\\/2026\\\/03\\\/12\\\/fulgencio-gil-me-estan-llamando-racista-y-no-es-cuestion-de-racismo-sino-de-cumplir-la-ley-y-querer-lo-mejor-para-lorca\\\/\"},\"author\":{\"name\":\"Paco S\u00e1nchez\",\"@id\":\"https:\\\/\\\/arealorcaradio.es\\\/#\\\/schema\\\/person\\\/9fae605fc25b0f2c83c1ab207139bd27\"},\"headline\":\"Fulgencio Gil: \u00abMe est\u00e1n llamando racista y no es cuesti\u00f3n de racismo, sino de cumplir la ley y querer lo mejor para Lorca\u00bb\",\"datePublished\":\"2026-03-12T17:55:09+00:00\",\"mainEntityOfPage\":{\"@id\":\"https:\\\/\\\/arealorcaradio.es\\\/index.php\\\/2026\\\/03\\\/12\\\/fulgencio-gil-me-estan-llamando-racista-y-no-es-cuestion-de-racismo-sino-de-cumplir-la-ley-y-querer-lo-mejor-para-lorca\\\/\"},\"wordCount\":107,\"commentCount\":0,\"image\":{\"@id\":\"https:\\\/\\\/arealorcaradio.es\\\/index.php\\\/2026\\\/03\\\/12\\\/fulgencio-gil-me-estan-llamando-racista-y-no-es-cuestion-de-racismo-sino-de-cumplir-la-ley-y-querer-lo-mejor-para-lorca\\\/#primaryimage\"},\"thumbnailUrl\":\"https:\\\/\\\/arealorcaradio.es\\\/wp-content\\\/uploads\\\/2026\\\/03\\\/Pencho-Gil-y-Paco-Sanchez-scaled.jpg\",\"articleSection\":[\"ACTUALIDAD\",\"LORCA\"],\"inLanguage\":\"es\",\"potentialAction\":[{\"@type\":\"CommentAction\",\"name\":\"Comment\",\"target\":[\"https:\\\/\\\/arealorcaradio.es\\\/index.php\\\/2026\\\/03\\\/12\\\/fulgencio-gil-me-estan-llamando-racista-y-no-es-cuestion-de-racismo-sino-de-cumplir-la-ley-y-querer-lo-mejor-para-lorca\\\/#respond\"]}]},{\"@type\":\"WebPage\",\"@id\":\"https:\\\/\\\/arealorcaradio.es\\\/index.php\\\/2026\\\/03\\\/12\\\/fulgencio-gil-me-estan-llamando-racista-y-no-es-cuestion-de-racismo-sino-de-cumplir-la-ley-y-querer-lo-mejor-para-lorca\\\/\",\"url\":\"https:\\\/\\\/arealorcaradio.es\\\/index.php\\\/2026\\\/03\\\/12\\\/fulgencio-gil-me-estan-llamando-racista-y-no-es-cuestion-de-racismo-sino-de-cumplir-la-ley-y-querer-lo-mejor-para-lorca\\\/\",\"name\":\"Fulgencio Gil: \\\"Me est\u00e1n llamando racista y no es cuesti\u00f3n de racismo, sino de cumplir la ley y querer lo mejor para Lorca\\\" - AREA LORCA RADIO\",\"isPartOf\":{\"@id\":\"https:\\\/\\\/arealorcaradio.es\\\/#website\"},\"primaryImageOfPage\":{\"@id\":\"https:\\\/\\\/arealorcaradio.es\\\/index.php\\\/2026\\\/03\\\/12\\\/fulgencio-gil-me-estan-llamando-racista-y-no-es-cuestion-de-racismo-sino-de-cumplir-la-ley-y-querer-lo-mejor-para-lorca\\\/#primaryimage\"},\"image\":{\"@id\":\"https:\\\/\\\/arealorcaradio.es\\\/index.php\\\/2026\\\/03\\\/12\\\/fulgencio-gil-me-estan-llamando-racista-y-no-es-cuestion-de-racismo-sino-de-cumplir-la-ley-y-querer-lo-mejor-para-lorca\\\/#primaryimage\"},\"thumbnailUrl\":\"https:\\\/\\\/arealorcaradio.es\\\/wp-content\\\/uploads\\\/2026\\\/03\\\/Pencho-Gil-y-Paco-Sanchez-scaled.jpg\",\"datePublished\":\"2026-03-12T17:55:09+00:00\",\"author\":{\"@id\":\"https:\\\/\\\/arealorcaradio.es\\\/#\\\/schema\\\/person\\\/9fae605fc25b0f2c83c1ab207139bd27\"},\"breadcrumb\":{\"@id\":\"https:\\\/\\\/arealorcaradio.es\\\/index.php\\\/2026\\\/03\\\/12\\\/fulgencio-gil-me-estan-llamando-racista-y-no-es-cuestion-de-racismo-sino-de-cumplir-la-ley-y-querer-lo-mejor-para-lorca\\\/#breadcrumb\"},\"inLanguage\":\"es\",\"potentialAction\":[{\"@type\":\"ReadAction\",\"target\":[\"https:\\\/\\\/arealorcaradio.es\\\/index.php\\\/2026\\\/03\\\/12\\\/fulgencio-gil-me-estan-llamando-racista-y-no-es-cuestion-de-racismo-sino-de-cumplir-la-ley-y-querer-lo-mejor-para-lorca\\\/\"]}]},{\"@type\":\"ImageObject\",\"inLanguage\":\"es\",\"@id\":\"https:\\\/\\\/arealorcaradio.es\\\/index.php\\\/2026\\\/03\\\/12\\\/fulgencio-gil-me-estan-llamando-racista-y-no-es-cuestion-de-racismo-sino-de-cumplir-la-ley-y-querer-lo-mejor-para-lorca\\\/#primaryimage\",\"url\":\"https:\\\/\\\/arealorcaradio.es\\\/wp-content\\\/uploads\\\/2026\\\/03\\\/Pencho-Gil-y-Paco-Sanchez-scaled.jpg\",\"contentUrl\":\"https:\\\/\\\/arealorcaradio.es\\\/wp-content\\\/uploads\\\/2026\\\/03\\\/Pencho-Gil-y-Paco-Sanchez-scaled.jpg\",\"width\":2560,\"height\":1840},{\"@type\":\"BreadcrumbList\",\"@id\":\"https:\\\/\\\/arealorcaradio.es\\\/index.php\\\/2026\\\/03\\\/12\\\/fulgencio-gil-me-estan-llamando-racista-y-no-es-cuestion-de-racismo-sino-de-cumplir-la-ley-y-querer-lo-mejor-para-lorca\\\/#breadcrumb\",\"itemListElement\":[{\"@type\":\"ListItem\",\"position\":1,\"name\":\"Portada\",\"item\":\"https:\\\/\\\/arealorcaradio.es\\\/\"},{\"@type\":\"ListItem\",\"position\":2,\"name\":\"Fulgencio Gil: \u00abMe est\u00e1n llamando racista y no es cuesti\u00f3n de racismo, sino de cumplir la ley y querer lo mejor para Lorca\u00bb\"}]},{\"@type\":\"WebSite\",\"@id\":\"https:\\\/\\\/arealorcaradio.es\\\/#website\",\"url\":\"https:\\\/\\\/arealorcaradio.es\\\/\",\"name\":\"AREA LORCA RADIO\",\"description\":\"Descubre la programaci\u00f3n actual en \u00c1rea Lorca Radio, tu fuente de entrenamiento y noticias locales. Sintoniza ahora y mantente conectado online.\",\"potentialAction\":[{\"@type\":\"SearchAction\",\"target\":{\"@type\":\"EntryPoint\",\"urlTemplate\":\"https:\\\/\\\/arealorcaradio.es\\\/?s={search_term_string}\"},\"query-input\":{\"@type\":\"PropertyValueSpecification\",\"valueRequired\":true,\"valueName\":\"search_term_string\"}}],\"inLanguage\":\"es\"},{\"@type\":\"Person\",\"@id\":\"https:\\\/\\\/arealorcaradio.es\\\/#\\\/schema\\\/person\\\/9fae605fc25b0f2c83c1ab207139bd27\",\"name\":\"Paco S\u00e1nchez\",\"image\":{\"@type\":\"ImageObject\",\"inLanguage\":\"es\",\"@id\":\"https:\\\/\\\/secure.gravatar.com\\\/avatar\\\/d67144e966420fb74aa84c9f2a0103be4724fd14db52b52d3b6bca749f257e79?s=96&d=mm&r=g\",\"url\":\"https:\\\/\\\/secure.gravatar.com\\\/avatar\\\/d67144e966420fb74aa84c9f2a0103be4724fd14db52b52d3b6bca749f257e79?s=96&d=mm&r=g\",\"contentUrl\":\"https:\\\/\\\/secure.gravatar.com\\\/avatar\\\/d67144e966420fb74aa84c9f2a0103be4724fd14db52b52d3b6bca749f257e79?s=96&d=mm&r=g\",\"caption\":\"Paco S\u00e1nchez\"},\"sameAs\":[\"https:\\\/\\\/arealorcaradio.es\"],\"url\":\"https:\\\/\\\/arealorcaradio.es\\\/index.php\\\/author\\\/admin_alorcaradio\\\/\"}]}<\/script>\n<!-- \/ Yoast SEO plugin. -->","yoast_head_json":{"title":"Fulgencio Gil: \"Me est\u00e1n llamando racista y no es cuesti\u00f3n de racismo, sino de cumplir la ley y querer lo mejor para Lorca\" - AREA LORCA RADIO","robots":{"index":"index","follow":"follow","max-snippet":"max-snippet:-1","max-image-preview":"max-image-preview:large","max-video-preview":"max-video-preview:-1"},"canonical":"https:\/\/arealorcaradio.es\/index.php\/2026\/03\/12\/fulgencio-gil-me-estan-llamando-racista-y-no-es-cuestion-de-racismo-sino-de-cumplir-la-ley-y-querer-lo-mejor-para-lorca\/","og_locale":"es_ES","og_type":"article","og_title":"Fulgencio Gil: \"Me est\u00e1n llamando racista y no es cuesti\u00f3n de racismo, sino de cumplir la ley y querer lo mejor para Lorca\" - AREA LORCA RADIO","og_description":"\u00c1REA LORCA RADIO. Actualidad. Escucha aqu\u00ed la intervenci\u00f3n del alcalde de Lorca Fulgencio Gil J\u00f3dar en el programa magazine de \u00c1rea Lorca Radio, con Paco S\u00e1nchez. En su entrevista habla de temas tan importantes como las afecci\u00f3n de zonas de flujo preferente, inmigraci\u00f3n, seguridad, rehabilitaci\u00f3n del casco hist\u00f3rico de Lorca, agenda cultural, control del padr\u00f3n, [&hellip;]","og_url":"https:\/\/arealorcaradio.es\/index.php\/2026\/03\/12\/fulgencio-gil-me-estan-llamando-racista-y-no-es-cuestion-de-racismo-sino-de-cumplir-la-ley-y-querer-lo-mejor-para-lorca\/","og_site_name":"AREA LORCA RADIO","article_published_time":"2026-03-12T17:55:09+00:00","og_image":[{"width":2560,"height":1840,"url":"https:\/\/arealorcaradio.es\/wp-content\/uploads\/2026\/03\/Pencho-Gil-y-Paco-Sanchez-scaled.jpg","type":"image\/jpeg"}],"author":"Paco S\u00e1nchez","twitter_card":"summary_large_image","twitter_misc":{"Escrito por":"Paco S\u00e1nchez","Tiempo de lectura":"1 minuto"},"schema":{"@context":"https:\/\/schema.org","@graph":[{"@type":"Article","@id":"https:\/\/arealorcaradio.es\/index.php\/2026\/03\/12\/fulgencio-gil-me-estan-llamando-racista-y-no-es-cuestion-de-racismo-sino-de-cumplir-la-ley-y-querer-lo-mejor-para-lorca\/#article","isPartOf":{"@id":"https:\/\/arealorcaradio.es\/index.php\/2026\/03\/12\/fulgencio-gil-me-estan-llamando-racista-y-no-es-cuestion-de-racismo-sino-de-cumplir-la-ley-y-querer-lo-mejor-para-lorca\/"},"author":{"name":"Paco S\u00e1nchez","@id":"https:\/\/arealorcaradio.es\/#\/schema\/person\/9fae605fc25b0f2c83c1ab207139bd27"},"headline":"Fulgencio Gil: \u00abMe est\u00e1n llamando racista y no es cuesti\u00f3n de racismo, sino de cumplir la ley y querer lo mejor para Lorca\u00bb","datePublished":"2026-03-12T17:55:09+00:00","mainEntityOfPage":{"@id":"https:\/\/arealorcaradio.es\/index.php\/2026\/03\/12\/fulgencio-gil-me-estan-llamando-racista-y-no-es-cuestion-de-racismo-sino-de-cumplir-la-ley-y-querer-lo-mejor-para-lorca\/"},"wordCount":107,"commentCount":0,"image":{"@id":"https:\/\/arealorcaradio.es\/index.php\/2026\/03\/12\/fulgencio-gil-me-estan-llamando-racista-y-no-es-cuestion-de-racismo-sino-de-cumplir-la-ley-y-querer-lo-mejor-para-lorca\/#primaryimage"},"thumbnailUrl":"https:\/\/arealorcaradio.es\/wp-content\/uploads\/2026\/03\/Pencho-Gil-y-Paco-Sanchez-scaled.jpg","articleSection":["ACTUALIDAD","LORCA"],"inLanguage":"es","potentialAction":[{"@type":"CommentAction","name":"Comment","target":["https:\/\/arealorcaradio.es\/index.php\/2026\/03\/12\/fulgencio-gil-me-estan-llamando-racista-y-no-es-cuestion-de-racismo-sino-de-cumplir-la-ley-y-querer-lo-mejor-para-lorca\/#respond"]}]},{"@type":"WebPage","@id":"https:\/\/arealorcaradio.es\/index.php\/2026\/03\/12\/fulgencio-gil-me-estan-llamando-racista-y-no-es-cuestion-de-racismo-sino-de-cumplir-la-ley-y-querer-lo-mejor-para-lorca\/","url":"https:\/\/arealorcaradio.es\/index.php\/2026\/03\/12\/fulgencio-gil-me-estan-llamando-racista-y-no-es-cuestion-de-racismo-sino-de-cumplir-la-ley-y-querer-lo-mejor-para-lorca\/","name":"Fulgencio Gil: \"Me est\u00e1n llamando racista y no es cuesti\u00f3n de racismo, sino de cumplir la ley y querer lo mejor para Lorca\" - AREA LORCA RADIO","isPartOf":{"@id":"https:\/\/arealorcaradio.es\/#website"},"primaryImageOfPage":{"@id":"https:\/\/arealorcaradio.es\/index.php\/2026\/03\/12\/fulgencio-gil-me-estan-llamando-racista-y-no-es-cuestion-de-racismo-sino-de-cumplir-la-ley-y-querer-lo-mejor-para-lorca\/#primaryimage"},"image":{"@id":"https:\/\/arealorcaradio.es\/index.php\/2026\/03\/12\/fulgencio-gil-me-estan-llamando-racista-y-no-es-cuestion-de-racismo-sino-de-cumplir-la-ley-y-querer-lo-mejor-para-lorca\/#primaryimage"},"thumbnailUrl":"https:\/\/arealorcaradio.es\/wp-content\/uploads\/2026\/03\/Pencho-Gil-y-Paco-Sanchez-scaled.jpg","datePublished":"2026-03-12T17:55:09+00:00","author":{"@id":"https:\/\/arealorcaradio.es\/#\/schema\/person\/9fae605fc25b0f2c83c1ab207139bd27"},"breadcrumb":{"@id":"https:\/\/arealorcaradio.es\/index.php\/2026\/03\/12\/fulgencio-gil-me-estan-llamando-racista-y-no-es-cuestion-de-racismo-sino-de-cumplir-la-ley-y-querer-lo-mejor-para-lorca\/#breadcrumb"},"inLanguage":"es","potentialAction":[{"@type":"ReadAction","target":["https:\/\/arealorcaradio.es\/index.php\/2026\/03\/12\/fulgencio-gil-me-estan-llamando-racista-y-no-es-cuestion-de-racismo-sino-de-cumplir-la-ley-y-querer-lo-mejor-para-lorca\/"]}]},{"@type":"ImageObject","inLanguage":"es","@id":"https:\/\/arealorcaradio.es\/index.php\/2026\/03\/12\/fulgencio-gil-me-estan-llamando-racista-y-no-es-cuestion-de-racismo-sino-de-cumplir-la-ley-y-querer-lo-mejor-para-lorca\/#primaryimage","url":"https:\/\/arealorcaradio.es\/wp-content\/uploads\/2026\/03\/Pencho-Gil-y-Paco-Sanchez-scaled.jpg","contentUrl":"https:\/\/arealorcaradio.es\/wp-content\/uploads\/2026\/03\/Pencho-Gil-y-Paco-Sanchez-scaled.jpg","width":2560,"height":1840},{"@type":"BreadcrumbList","@id":"https:\/\/arealorcaradio.es\/index.php\/2026\/03\/12\/fulgencio-gil-me-estan-llamando-racista-y-no-es-cuestion-de-racismo-sino-de-cumplir-la-ley-y-querer-lo-mejor-para-lorca\/#breadcrumb","itemListElement":[{"@type":"ListItem","position":1,"name":"Portada","item":"https:\/\/arealorcaradio.es\/"},{"@type":"ListItem","position":2,"name":"Fulgencio Gil: \u00abMe est\u00e1n llamando racista y no es cuesti\u00f3n de racismo, sino de cumplir la ley y querer lo mejor para Lorca\u00bb"}]},{"@type":"WebSite","@id":"https:\/\/arealorcaradio.es\/#website","url":"https:\/\/arealorcaradio.es\/","name":"AREA LORCA RADIO","description":"Descubre la programaci\u00f3n actual en \u00c1rea Lorca Radio, tu fuente de entrenamiento y noticias locales. Sintoniza ahora y mantente conectado online.","potentialAction":[{"@type":"SearchAction","target":{"@type":"EntryPoint","urlTemplate":"https:\/\/arealorcaradio.es\/?s={search_term_string}"},"query-input":{"@type":"PropertyValueSpecification","valueRequired":true,"valueName":"search_term_string"}}],"inLanguage":"es"},{"@type":"Person","@id":"https:\/\/arealorcaradio.es\/#\/schema\/person\/9fae605fc25b0f2c83c1ab207139bd27","name":"Paco S\u00e1nchez","image":{"@type":"ImageObject","inLanguage":"es","@id":"https:\/\/secure.gravatar.com\/avatar\/d67144e966420fb74aa84c9f2a0103be4724fd14db52b52d3b6bca749f257e79?s=96&d=mm&r=g","url":"https:\/\/secure.gravatar.com\/avatar\/d67144e966420fb74aa84c9f2a0103be4724fd14db52b52d3b6bca749f257e79?s=96&d=mm&r=g","contentUrl":"https:\/\/secure.gravatar.com\/avatar\/d67144e966420fb74aa84c9f2a0103be4724fd14db52b52d3b6bca749f257e79?s=96&d=mm&r=g","caption":"Paco S\u00e1nchez"},"sameAs":["https:\/\/arealorcaradio.es"],"url":"https:\/\/arealorcaradio.es\/index.php\/author\/admin_alorcaradio\/"}]}},"_links":{"self":[{"href":"https:\/\/arealorcaradio.es\/index.php\/wp-json\/wp\/v2\/posts\/9119","targetHints":{"allow":["GET"]}}],"collection":[{"href":"https:\/\/arealorcaradio.es\/index.php\/wp-json\/wp\/v2\/posts"}],"about":[{"href":"https:\/\/arealorcaradio.es\/index.php\/wp-json\/wp\/v2\/types\/post"}],"author":[{"embeddable":true,"href":"https:\/\/arealorcaradio.es\/index.php\/wp-json\/wp\/v2\/users\/1"}],"replies":[{"embeddable":true,"href":"https:\/\/arealorcaradio.es\/index.php\/wp-json\/wp\/v2\/comments?post=9119"}],"version-history":[{"count":2,"href":"https:\/\/arealorcaradio.es\/index.php\/wp-json\/wp\/v2\/posts\/9119\/revisions"}],"predecessor-version":[{"id":9124,"href":"https:\/\/arealorcaradio.es\/index.php\/wp-json\/wp\/v2\/posts\/9119\/revisions\/9124"}],"wp:featuredmedia":[{"embeddable":true,"href":"https:\/\/arealorcaradio.es\/index.php\/wp-json\/wp\/v2\/media\/9121"}],"wp:attachment":[{"href":"https:\/\/arealorcaradio.es\/index.php\/wp-json\/wp\/v2\/media?parent=9119"}],"wp:term":[{"taxonomy":"category","embeddable":true,"href":"https:\/\/arealorcaradio.es\/index.php\/wp-json\/wp\/v2\/categories?post=9119"},{"taxonomy":"post_tag","embeddable":true,"href":"https:\/\/arealorcaradio.es\/index.php\/wp-json\/wp\/v2\/tags?post=9119"}],"curies":[{"name":"wp","href":"https:\/\/api.w.org\/{rel}","templated":true}]}}