{"id":911,"date":"2023-05-23T17:08:00","date_gmt":"2023-05-23T17:08:00","guid":{"rendered":"https:\/\/arealorcaradio.es\/?p=911"},"modified":"2023-05-29T19:34:58","modified_gmt":"2023-05-29T19:34:58","slug":"roque-martinez-gerente-de-avis-budget-una-empresa-que-continua-con-su-crecimiento-por-toda-la-geografia-nacional","status":"publish","type":"post","link":"https:\/\/arealorcaradio.es\/index.php\/2023\/05\/23\/roque-martinez-gerente-de-avis-budget-una-empresa-que-continua-con-su-crecimiento-por-toda-la-geografia-nacional\/","title":{"rendered":"Roque Mart\u00ednez dirige diez oficinas de Avis Budget repartidas por toda la geograf\u00eda nacional."},"content":{"rendered":"<p>\u00c1REA LORCA RADIO.<\/p>\n<p>Escucha aqu\u00ed la entrevista que ha concedido a Paco S\u00e1nchez el gerente de diez oficinas de Avis Budget y Limousine CC Roque Mart\u00ednez Gazquez, en la que nos habla de su andadura desde que se inici\u00f3 en este negocio con dos licencias de taxi hace ya m\u00e1s de treinta a\u00f1os.<\/p>\n<audio class=\"wp-audio-shortcode\" id=\"audio-911-1\" preload=\"none\" style=\"width: 100%;\" controls=\"controls\"><source type=\"audio\/mpeg\" src=\"https:\/\/arealorcaradio.es\/wp-content\/uploads\/2023\/05\/230523-ROQUE-MARTINEZ.-AVIS-BUDGET.mp3?_=1\" \/><a href=\"https:\/\/arealorcaradio.es\/wp-content\/uploads\/2023\/05\/230523-ROQUE-MARTINEZ.-AVIS-BUDGET.mp3\">https:\/\/arealorcaradio.es\/wp-content\/uploads\/2023\/05\/230523-ROQUE-MARTINEZ.-AVIS-BUDGET.mp3<\/a><\/audio>\n","protected":false},"excerpt":{"rendered":"<p>\u00c1REA LORCA RADIO. Escucha aqu\u00ed la entrevista que ha concedido a Paco S\u00e1nchez el gerente de diez oficinas de Avis Budget y Limousine CC Roque Mart\u00ednez Gazquez, en la que nos habla de su andadura desde que se inici\u00f3 en este negocio con dos licencias de taxi hace ya m\u00e1s de treinta a\u00f1os.<\/p>\n","protected":false},"author":1,"featured_media":913,"comment_status":"open","ping_status":"open","sticky":false,"template":"","format":"standard","meta":{"iawp_total_views":25,"footnotes":""},"categories":[5],"tags":[],"class_list":["post-911","post","type-post","status-publish","format-standard","has-post-thumbnail","hentry","category-actualidad"],"yoast_head":"<!-- This site is optimized with the Yoast SEO plugin v27.5 - https:\/\/yoast.com\/product\/yoast-seo-wordpress\/ -->\n<title>Roque Mart\u00ednez dirige diez oficinas de Avis Budget repartidas por toda la geograf\u00eda nacional. - AREA LORCA RADIO<\/title>\n<meta name=\"robots\" content=\"index, follow, max-snippet:-1, max-image-preview:large, max-video-preview:-1\" \/>\n<link rel=\"canonical\" href=\"https:\/\/arealorcaradio.es\/index.php\/2023\/05\/23\/roque-martinez-gerente-de-avis-budget-una-empresa-que-continua-con-su-crecimiento-por-toda-la-geografia-nacional\/\" \/>\n<meta property=\"og:locale\" content=\"es_ES\" \/>\n<meta property=\"og:type\" content=\"article\" \/>\n<meta property=\"og:title\" content=\"Roque Mart\u00ednez dirige diez oficinas de Avis Budget repartidas por toda la geograf\u00eda nacional. - AREA LORCA RADIO\" \/>\n<meta property=\"og:description\" content=\"\u00c1REA LORCA RADIO. Escucha aqu\u00ed la entrevista que ha concedido a Paco S\u00e1nchez el gerente de diez oficinas de Avis Budget y Limousine CC Roque Mart\u00ednez Gazquez, en la que nos habla de su andadura desde que se inici\u00f3 en este negocio con dos licencias de taxi hace ya m\u00e1s de treinta a\u00f1os.\" \/>\n<meta property=\"og:url\" content=\"https:\/\/arealorcaradio.es\/index.php\/2023\/05\/23\/roque-martinez-gerente-de-avis-budget-una-empresa-que-continua-con-su-crecimiento-por-toda-la-geografia-nacional\/\" \/>\n<meta property=\"og:site_name\" content=\"AREA LORCA RADIO\" \/>\n<meta property=\"article:published_time\" content=\"2023-05-23T17:08:00+00:00\" \/>\n<meta property=\"article:modified_time\" content=\"2023-05-29T19:34:58+00:00\" \/>\n<meta property=\"og:image\" content=\"https:\/\/arealorcaradio.es\/wp-content\/uploads\/2023\/05\/20230523_173916-scaled.jpg\" \/>\n\t<meta property=\"og:image:width\" content=\"2560\" \/>\n\t<meta property=\"og:image:height\" content=\"1920\" \/>\n\t<meta property=\"og:image:type\" content=\"image\/jpeg\" \/>\n<meta name=\"author\" content=\"Paco S\u00e1nchez\" \/>\n<meta name=\"twitter:card\" content=\"summary_large_image\" \/>\n<meta name=\"twitter:label1\" content=\"Escrito por\" \/>\n\t<meta name=\"twitter:data1\" content=\"Paco S\u00e1nchez\" \/>\n\t<meta name=\"twitter:label2\" content=\"Tiempo de lectura\" \/>\n\t<meta name=\"twitter:data2\" content=\"1 minuto\" \/>\n<script type=\"application\/ld+json\" class=\"yoast-schema-graph\">{\"@context\":\"https:\\\/\\\/schema.org\",\"@graph\":[{\"@type\":\"Article\",\"@id\":\"https:\\\/\\\/arealorcaradio.es\\\/index.php\\\/2023\\\/05\\\/23\\\/roque-martinez-gerente-de-avis-budget-una-empresa-que-continua-con-su-crecimiento-por-toda-la-geografia-nacional\\\/#article\",\"isPartOf\":{\"@id\":\"https:\\\/\\\/arealorcaradio.es\\\/index.php\\\/2023\\\/05\\\/23\\\/roque-martinez-gerente-de-avis-budget-una-empresa-que-continua-con-su-crecimiento-por-toda-la-geografia-nacional\\\/\"},\"author\":{\"name\":\"Paco S\u00e1nchez\",\"@id\":\"https:\\\/\\\/arealorcaradio.es\\\/#\\\/schema\\\/person\\\/9fae605fc25b0f2c83c1ab207139bd27\"},\"headline\":\"Roque Mart\u00ednez dirige diez oficinas de Avis Budget repartidas por toda la geograf\u00eda nacional.\",\"datePublished\":\"2023-05-23T17:08:00+00:00\",\"dateModified\":\"2023-05-29T19:34:58+00:00\",\"mainEntityOfPage\":{\"@id\":\"https:\\\/\\\/arealorcaradio.es\\\/index.php\\\/2023\\\/05\\\/23\\\/roque-martinez-gerente-de-avis-budget-una-empresa-que-continua-con-su-crecimiento-por-toda-la-geografia-nacional\\\/\"},\"wordCount\":84,\"commentCount\":0,\"image\":{\"@id\":\"https:\\\/\\\/arealorcaradio.es\\\/index.php\\\/2023\\\/05\\\/23\\\/roque-martinez-gerente-de-avis-budget-una-empresa-que-continua-con-su-crecimiento-por-toda-la-geografia-nacional\\\/#primaryimage\"},\"thumbnailUrl\":\"https:\\\/\\\/arealorcaradio.es\\\/wp-content\\\/uploads\\\/2023\\\/05\\\/20230523_173916-scaled.jpg\",\"articleSection\":[\"ACTUALIDAD\"],\"inLanguage\":\"es\",\"potentialAction\":[{\"@type\":\"CommentAction\",\"name\":\"Comment\",\"target\":[\"https:\\\/\\\/arealorcaradio.es\\\/index.php\\\/2023\\\/05\\\/23\\\/roque-martinez-gerente-de-avis-budget-una-empresa-que-continua-con-su-crecimiento-por-toda-la-geografia-nacional\\\/#respond\"]}]},{\"@type\":\"WebPage\",\"@id\":\"https:\\\/\\\/arealorcaradio.es\\\/index.php\\\/2023\\\/05\\\/23\\\/roque-martinez-gerente-de-avis-budget-una-empresa-que-continua-con-su-crecimiento-por-toda-la-geografia-nacional\\\/\",\"url\":\"https:\\\/\\\/arealorcaradio.es\\\/index.php\\\/2023\\\/05\\\/23\\\/roque-martinez-gerente-de-avis-budget-una-empresa-que-continua-con-su-crecimiento-por-toda-la-geografia-nacional\\\/\",\"name\":\"Roque Mart\u00ednez dirige diez oficinas de Avis Budget repartidas por toda la geograf\u00eda nacional. - AREA LORCA RADIO\",\"isPartOf\":{\"@id\":\"https:\\\/\\\/arealorcaradio.es\\\/#website\"},\"primaryImageOfPage\":{\"@id\":\"https:\\\/\\\/arealorcaradio.es\\\/index.php\\\/2023\\\/05\\\/23\\\/roque-martinez-gerente-de-avis-budget-una-empresa-que-continua-con-su-crecimiento-por-toda-la-geografia-nacional\\\/#primaryimage\"},\"image\":{\"@id\":\"https:\\\/\\\/arealorcaradio.es\\\/index.php\\\/2023\\\/05\\\/23\\\/roque-martinez-gerente-de-avis-budget-una-empresa-que-continua-con-su-crecimiento-por-toda-la-geografia-nacional\\\/#primaryimage\"},\"thumbnailUrl\":\"https:\\\/\\\/arealorcaradio.es\\\/wp-content\\\/uploads\\\/2023\\\/05\\\/20230523_173916-scaled.jpg\",\"datePublished\":\"2023-05-23T17:08:00+00:00\",\"dateModified\":\"2023-05-29T19:34:58+00:00\",\"author\":{\"@id\":\"https:\\\/\\\/arealorcaradio.es\\\/#\\\/schema\\\/person\\\/9fae605fc25b0f2c83c1ab207139bd27\"},\"breadcrumb\":{\"@id\":\"https:\\\/\\\/arealorcaradio.es\\\/index.php\\\/2023\\\/05\\\/23\\\/roque-martinez-gerente-de-avis-budget-una-empresa-que-continua-con-su-crecimiento-por-toda-la-geografia-nacional\\\/#breadcrumb\"},\"inLanguage\":\"es\",\"potentialAction\":[{\"@type\":\"ReadAction\",\"target\":[\"https:\\\/\\\/arealorcaradio.es\\\/index.php\\\/2023\\\/05\\\/23\\\/roque-martinez-gerente-de-avis-budget-una-empresa-que-continua-con-su-crecimiento-por-toda-la-geografia-nacional\\\/\"]}]},{\"@type\":\"ImageObject\",\"inLanguage\":\"es\",\"@id\":\"https:\\\/\\\/arealorcaradio.es\\\/index.php\\\/2023\\\/05\\\/23\\\/roque-martinez-gerente-de-avis-budget-una-empresa-que-continua-con-su-crecimiento-por-toda-la-geografia-nacional\\\/#primaryimage\",\"url\":\"https:\\\/\\\/arealorcaradio.es\\\/wp-content\\\/uploads\\\/2023\\\/05\\\/20230523_173916-scaled.jpg\",\"contentUrl\":\"https:\\\/\\\/arealorcaradio.es\\\/wp-content\\\/uploads\\\/2023\\\/05\\\/20230523_173916-scaled.jpg\",\"width\":2560,\"height\":1920},{\"@type\":\"BreadcrumbList\",\"@id\":\"https:\\\/\\\/arealorcaradio.es\\\/index.php\\\/2023\\\/05\\\/23\\\/roque-martinez-gerente-de-avis-budget-una-empresa-que-continua-con-su-crecimiento-por-toda-la-geografia-nacional\\\/#breadcrumb\",\"itemListElement\":[{\"@type\":\"ListItem\",\"position\":1,\"name\":\"Portada\",\"item\":\"https:\\\/\\\/arealorcaradio.es\\\/\"},{\"@type\":\"ListItem\",\"position\":2,\"name\":\"Roque Mart\u00ednez dirige diez oficinas de Avis Budget repartidas por toda la geograf\u00eda nacional.\"}]},{\"@type\":\"WebSite\",\"@id\":\"https:\\\/\\\/arealorcaradio.es\\\/#website\",\"url\":\"https:\\\/\\\/arealorcaradio.es\\\/\",\"name\":\"AREA LORCA RADIO\",\"description\":\"Descubre la programaci\u00f3n actual en \u00c1rea Lorca Radio, tu fuente de entrenamiento y noticias locales. Sintoniza ahora y mantente conectado online.\",\"potentialAction\":[{\"@type\":\"SearchAction\",\"target\":{\"@type\":\"EntryPoint\",\"urlTemplate\":\"https:\\\/\\\/arealorcaradio.es\\\/?s={search_term_string}\"},\"query-input\":{\"@type\":\"PropertyValueSpecification\",\"valueRequired\":true,\"valueName\":\"search_term_string\"}}],\"inLanguage\":\"es\"},{\"@type\":\"Person\",\"@id\":\"https:\\\/\\\/arealorcaradio.es\\\/#\\\/schema\\\/person\\\/9fae605fc25b0f2c83c1ab207139bd27\",\"name\":\"Paco S\u00e1nchez\",\"image\":{\"@type\":\"ImageObject\",\"inLanguage\":\"es\",\"@id\":\"https:\\\/\\\/secure.gravatar.com\\\/avatar\\\/d67144e966420fb74aa84c9f2a0103be4724fd14db52b52d3b6bca749f257e79?s=96&d=mm&r=g\",\"url\":\"https:\\\/\\\/secure.gravatar.com\\\/avatar\\\/d67144e966420fb74aa84c9f2a0103be4724fd14db52b52d3b6bca749f257e79?s=96&d=mm&r=g\",\"contentUrl\":\"https:\\\/\\\/secure.gravatar.com\\\/avatar\\\/d67144e966420fb74aa84c9f2a0103be4724fd14db52b52d3b6bca749f257e79?s=96&d=mm&r=g\",\"caption\":\"Paco S\u00e1nchez\"},\"sameAs\":[\"https:\\\/\\\/arealorcaradio.es\"],\"url\":\"https:\\\/\\\/arealorcaradio.es\\\/index.php\\\/author\\\/admin_alorcaradio\\\/\"}]}<\/script>\n<!-- \/ Yoast SEO plugin. -->","yoast_head_json":{"title":"Roque Mart\u00ednez dirige diez oficinas de Avis Budget repartidas por toda la geograf\u00eda nacional. - AREA LORCA RADIO","robots":{"index":"index","follow":"follow","max-snippet":"max-snippet:-1","max-image-preview":"max-image-preview:large","max-video-preview":"max-video-preview:-1"},"canonical":"https:\/\/arealorcaradio.es\/index.php\/2023\/05\/23\/roque-martinez-gerente-de-avis-budget-una-empresa-que-continua-con-su-crecimiento-por-toda-la-geografia-nacional\/","og_locale":"es_ES","og_type":"article","og_title":"Roque Mart\u00ednez dirige diez oficinas de Avis Budget repartidas por toda la geograf\u00eda nacional. - AREA LORCA RADIO","og_description":"\u00c1REA LORCA RADIO. Escucha aqu\u00ed la entrevista que ha concedido a Paco S\u00e1nchez el gerente de diez oficinas de Avis Budget y Limousine CC Roque Mart\u00ednez Gazquez, en la que nos habla de su andadura desde que se inici\u00f3 en este negocio con dos licencias de taxi hace ya m\u00e1s de treinta a\u00f1os.","og_url":"https:\/\/arealorcaradio.es\/index.php\/2023\/05\/23\/roque-martinez-gerente-de-avis-budget-una-empresa-que-continua-con-su-crecimiento-por-toda-la-geografia-nacional\/","og_site_name":"AREA LORCA RADIO","article_published_time":"2023-05-23T17:08:00+00:00","article_modified_time":"2023-05-29T19:34:58+00:00","og_image":[{"width":2560,"height":1920,"url":"https:\/\/arealorcaradio.es\/wp-content\/uploads\/2023\/05\/20230523_173916-scaled.jpg","type":"image\/jpeg"}],"author":"Paco S\u00e1nchez","twitter_card":"summary_large_image","twitter_misc":{"Escrito por":"Paco S\u00e1nchez","Tiempo de lectura":"1 minuto"},"schema":{"@context":"https:\/\/schema.org","@graph":[{"@type":"Article","@id":"https:\/\/arealorcaradio.es\/index.php\/2023\/05\/23\/roque-martinez-gerente-de-avis-budget-una-empresa-que-continua-con-su-crecimiento-por-toda-la-geografia-nacional\/#article","isPartOf":{"@id":"https:\/\/arealorcaradio.es\/index.php\/2023\/05\/23\/roque-martinez-gerente-de-avis-budget-una-empresa-que-continua-con-su-crecimiento-por-toda-la-geografia-nacional\/"},"author":{"name":"Paco S\u00e1nchez","@id":"https:\/\/arealorcaradio.es\/#\/schema\/person\/9fae605fc25b0f2c83c1ab207139bd27"},"headline":"Roque Mart\u00ednez dirige diez oficinas de Avis Budget repartidas por toda la geograf\u00eda nacional.","datePublished":"2023-05-23T17:08:00+00:00","dateModified":"2023-05-29T19:34:58+00:00","mainEntityOfPage":{"@id":"https:\/\/arealorcaradio.es\/index.php\/2023\/05\/23\/roque-martinez-gerente-de-avis-budget-una-empresa-que-continua-con-su-crecimiento-por-toda-la-geografia-nacional\/"},"wordCount":84,"commentCount":0,"image":{"@id":"https:\/\/arealorcaradio.es\/index.php\/2023\/05\/23\/roque-martinez-gerente-de-avis-budget-una-empresa-que-continua-con-su-crecimiento-por-toda-la-geografia-nacional\/#primaryimage"},"thumbnailUrl":"https:\/\/arealorcaradio.es\/wp-content\/uploads\/2023\/05\/20230523_173916-scaled.jpg","articleSection":["ACTUALIDAD"],"inLanguage":"es","potentialAction":[{"@type":"CommentAction","name":"Comment","target":["https:\/\/arealorcaradio.es\/index.php\/2023\/05\/23\/roque-martinez-gerente-de-avis-budget-una-empresa-que-continua-con-su-crecimiento-por-toda-la-geografia-nacional\/#respond"]}]},{"@type":"WebPage","@id":"https:\/\/arealorcaradio.es\/index.php\/2023\/05\/23\/roque-martinez-gerente-de-avis-budget-una-empresa-que-continua-con-su-crecimiento-por-toda-la-geografia-nacional\/","url":"https:\/\/arealorcaradio.es\/index.php\/2023\/05\/23\/roque-martinez-gerente-de-avis-budget-una-empresa-que-continua-con-su-crecimiento-por-toda-la-geografia-nacional\/","name":"Roque Mart\u00ednez dirige diez oficinas de Avis Budget repartidas por toda la geograf\u00eda nacional. - AREA LORCA RADIO","isPartOf":{"@id":"https:\/\/arealorcaradio.es\/#website"},"primaryImageOfPage":{"@id":"https:\/\/arealorcaradio.es\/index.php\/2023\/05\/23\/roque-martinez-gerente-de-avis-budget-una-empresa-que-continua-con-su-crecimiento-por-toda-la-geografia-nacional\/#primaryimage"},"image":{"@id":"https:\/\/arealorcaradio.es\/index.php\/2023\/05\/23\/roque-martinez-gerente-de-avis-budget-una-empresa-que-continua-con-su-crecimiento-por-toda-la-geografia-nacional\/#primaryimage"},"thumbnailUrl":"https:\/\/arealorcaradio.es\/wp-content\/uploads\/2023\/05\/20230523_173916-scaled.jpg","datePublished":"2023-05-23T17:08:00+00:00","dateModified":"2023-05-29T19:34:58+00:00","author":{"@id":"https:\/\/arealorcaradio.es\/#\/schema\/person\/9fae605fc25b0f2c83c1ab207139bd27"},"breadcrumb":{"@id":"https:\/\/arealorcaradio.es\/index.php\/2023\/05\/23\/roque-martinez-gerente-de-avis-budget-una-empresa-que-continua-con-su-crecimiento-por-toda-la-geografia-nacional\/#breadcrumb"},"inLanguage":"es","potentialAction":[{"@type":"ReadAction","target":["https:\/\/arealorcaradio.es\/index.php\/2023\/05\/23\/roque-martinez-gerente-de-avis-budget-una-empresa-que-continua-con-su-crecimiento-por-toda-la-geografia-nacional\/"]}]},{"@type":"ImageObject","inLanguage":"es","@id":"https:\/\/arealorcaradio.es\/index.php\/2023\/05\/23\/roque-martinez-gerente-de-avis-budget-una-empresa-que-continua-con-su-crecimiento-por-toda-la-geografia-nacional\/#primaryimage","url":"https:\/\/arealorcaradio.es\/wp-content\/uploads\/2023\/05\/20230523_173916-scaled.jpg","contentUrl":"https:\/\/arealorcaradio.es\/wp-content\/uploads\/2023\/05\/20230523_173916-scaled.jpg","width":2560,"height":1920},{"@type":"BreadcrumbList","@id":"https:\/\/arealorcaradio.es\/index.php\/2023\/05\/23\/roque-martinez-gerente-de-avis-budget-una-empresa-que-continua-con-su-crecimiento-por-toda-la-geografia-nacional\/#breadcrumb","itemListElement":[{"@type":"ListItem","position":1,"name":"Portada","item":"https:\/\/arealorcaradio.es\/"},{"@type":"ListItem","position":2,"name":"Roque Mart\u00ednez dirige diez oficinas de Avis Budget repartidas por toda la geograf\u00eda nacional."}]},{"@type":"WebSite","@id":"https:\/\/arealorcaradio.es\/#website","url":"https:\/\/arealorcaradio.es\/","name":"AREA LORCA RADIO","description":"Descubre la programaci\u00f3n actual en \u00c1rea Lorca Radio, tu fuente de entrenamiento y noticias locales. Sintoniza ahora y mantente conectado online.","potentialAction":[{"@type":"SearchAction","target":{"@type":"EntryPoint","urlTemplate":"https:\/\/arealorcaradio.es\/?s={search_term_string}"},"query-input":{"@type":"PropertyValueSpecification","valueRequired":true,"valueName":"search_term_string"}}],"inLanguage":"es"},{"@type":"Person","@id":"https:\/\/arealorcaradio.es\/#\/schema\/person\/9fae605fc25b0f2c83c1ab207139bd27","name":"Paco S\u00e1nchez","image":{"@type":"ImageObject","inLanguage":"es","@id":"https:\/\/secure.gravatar.com\/avatar\/d67144e966420fb74aa84c9f2a0103be4724fd14db52b52d3b6bca749f257e79?s=96&d=mm&r=g","url":"https:\/\/secure.gravatar.com\/avatar\/d67144e966420fb74aa84c9f2a0103be4724fd14db52b52d3b6bca749f257e79?s=96&d=mm&r=g","contentUrl":"https:\/\/secure.gravatar.com\/avatar\/d67144e966420fb74aa84c9f2a0103be4724fd14db52b52d3b6bca749f257e79?s=96&d=mm&r=g","caption":"Paco S\u00e1nchez"},"sameAs":["https:\/\/arealorcaradio.es"],"url":"https:\/\/arealorcaradio.es\/index.php\/author\/admin_alorcaradio\/"}]}},"_links":{"self":[{"href":"https:\/\/arealorcaradio.es\/index.php\/wp-json\/wp\/v2\/posts\/911","targetHints":{"allow":["GET"]}}],"collection":[{"href":"https:\/\/arealorcaradio.es\/index.php\/wp-json\/wp\/v2\/posts"}],"about":[{"href":"https:\/\/arealorcaradio.es\/index.php\/wp-json\/wp\/v2\/types\/post"}],"author":[{"embeddable":true,"href":"https:\/\/arealorcaradio.es\/index.php\/wp-json\/wp\/v2\/users\/1"}],"replies":[{"embeddable":true,"href":"https:\/\/arealorcaradio.es\/index.php\/wp-json\/wp\/v2\/comments?post=911"}],"version-history":[{"count":6,"href":"https:\/\/arealorcaradio.es\/index.php\/wp-json\/wp\/v2\/posts\/911\/revisions"}],"predecessor-version":[{"id":957,"href":"https:\/\/arealorcaradio.es\/index.php\/wp-json\/wp\/v2\/posts\/911\/revisions\/957"}],"wp:featuredmedia":[{"embeddable":true,"href":"https:\/\/arealorcaradio.es\/index.php\/wp-json\/wp\/v2\/media\/913"}],"wp:attachment":[{"href":"https:\/\/arealorcaradio.es\/index.php\/wp-json\/wp\/v2\/media?parent=911"}],"wp:term":[{"taxonomy":"category","embeddable":true,"href":"https:\/\/arealorcaradio.es\/index.php\/wp-json\/wp\/v2\/categories?post=911"},{"taxonomy":"post_tag","embeddable":true,"href":"https:\/\/arealorcaradio.es\/index.php\/wp-json\/wp\/v2\/tags?post=911"}],"curies":[{"name":"wp","href":"https:\/\/api.w.org\/{rel}","templated":true}]}}