{"id":9106,"date":"2026-03-11T21:00:35","date_gmt":"2026-03-11T21:00:35","guid":{"rendered":"https:\/\/arealorcaradio.es\/?p=9106"},"modified":"2026-03-11T21:00:35","modified_gmt":"2026-03-11T21:00:35","slug":"jonathan-ruiz-lorca-contara-con-un-circuito-de-karting-sin-precedentes-en-espana-capaz-de-albergar-todo-tipo-de-eventos-del-motor","status":"publish","type":"post","link":"https:\/\/arealorcaradio.es\/index.php\/2026\/03\/11\/jonathan-ruiz-lorca-contara-con-un-circuito-de-karting-sin-precedentes-en-espana-capaz-de-albergar-todo-tipo-de-eventos-del-motor\/","title":{"rendered":"Jonathan Ruiz: \u00abLorca contar\u00e1 con un circuito de Karting sin precedentes en Espa\u00f1a capaz de albergar todo tipo de eventos del motor\u00bb"},"content":{"rendered":"<p><strong>\u00c1REA LORCA RADIO. Deportes.<\/strong><\/p>\n<p>Escucha aqu\u00ed la entrevista que ha concedido a Paco S\u00e1nchez uno de los tres promotores de este proyecto y representante de la mercantil Tecno Machinery Levante S.L, Jonathan Ruiz, quien ha contado en el programa deportivo de \u00c1rea Lorca Radio los detalles del millonario proyecto.<\/p>\n<audio class=\"wp-audio-shortcode\" id=\"audio-9106-1\" preload=\"none\" style=\"width: 100%;\" controls=\"controls\"><source type=\"audio\/mpeg\" src=\"https:\/\/arealorcaradio.es\/wp-content\/uploads\/2026\/03\/110326-JONATHAN-RUIZ.-CIRCUITO-KARTING.mp3?_=1\" \/><a href=\"https:\/\/arealorcaradio.es\/wp-content\/uploads\/2026\/03\/110326-JONATHAN-RUIZ.-CIRCUITO-KARTING.mp3\">https:\/\/arealorcaradio.es\/wp-content\/uploads\/2026\/03\/110326-JONATHAN-RUIZ.-CIRCUITO-KARTING.mp3<\/a><\/audio>\n<p>&nbsp;<\/p>\n<p class=\"v1MsoNormal\"><b><span lang=\"es\">Lorca, 11 de marzo de 2026.<\/span><\/b><span lang=\"es\"> El alcalde de Lorca, Fulgencio Gil, anunciaba un nuevo proyecto de envergadura internacional que ser\u00e1 todo un hito en nuestro municipio dada la dimensi\u00f3n de la iniciativa, tras la aprobaci\u00f3n en Junta de Gobierno de la autorizaci\u00f3n excepcional de actuaci\u00f3n espec\u00edfica de inter\u00e9s p\u00fablico para las obras e instalaci\u00f3n de un circuito de karting y de velocidad y servicios anexos.<\/span><\/p>\n<p class=\"v1MsoNormal\"><span lang=\"es\"><img loading=\"lazy\" decoding=\"async\" class=\"alignnone size-medium wp-image-9110\" src=\"https:\/\/arealorcaradio.es\/wp-content\/uploads\/2026\/03\/20260311_171458-300x225.jpg\" alt=\"\" width=\"300\" height=\"225\" srcset=\"https:\/\/arealorcaradio.es\/wp-content\/uploads\/2026\/03\/20260311_171458-300x225.jpg 300w, https:\/\/arealorcaradio.es\/wp-content\/uploads\/2026\/03\/20260311_171458-1024x768.jpg 1024w, https:\/\/arealorcaradio.es\/wp-content\/uploads\/2026\/03\/20260311_171458-768x576.jpg 768w, https:\/\/arealorcaradio.es\/wp-content\/uploads\/2026\/03\/20260311_171458-1536x1152.jpg 1536w, https:\/\/arealorcaradio.es\/wp-content\/uploads\/2026\/03\/20260311_171458-2048x1536.jpg 2048w, https:\/\/arealorcaradio.es\/wp-content\/uploads\/2026\/03\/20260311_171458-86x64.jpg 86w\" sizes=\"auto, (max-width: 300px) 100vw, 300px\" \/> <img loading=\"lazy\" decoding=\"async\" class=\"alignnone size-medium wp-image-9111\" src=\"https:\/\/arealorcaradio.es\/wp-content\/uploads\/2026\/03\/FOTO2-45-300x225.jpeg\" alt=\"\" width=\"300\" height=\"225\" srcset=\"https:\/\/arealorcaradio.es\/wp-content\/uploads\/2026\/03\/FOTO2-45-300x225.jpeg 300w, https:\/\/arealorcaradio.es\/wp-content\/uploads\/2026\/03\/FOTO2-45-1024x768.jpeg 1024w, https:\/\/arealorcaradio.es\/wp-content\/uploads\/2026\/03\/FOTO2-45-768x576.jpeg 768w, https:\/\/arealorcaradio.es\/wp-content\/uploads\/2026\/03\/FOTO2-45-1536x1152.jpeg 1536w, https:\/\/arealorcaradio.es\/wp-content\/uploads\/2026\/03\/FOTO2-45-86x64.jpeg 86w, https:\/\/arealorcaradio.es\/wp-content\/uploads\/2026\/03\/FOTO2-45.jpeg 1600w\" sizes=\"auto, (max-width: 300px) 100vw, 300px\" \/><\/span><\/p>\n<p class=\"v1MsoNormal\"><span lang=\"es\">El Circuito Internacional &#8216;Roque Ruiz&#8217; nace como un proyecto de referencia mundial que combina deporte, cultura, turismo, gastronom\u00eda, ocio y desarrollo empresarial en un mismo emplazamiento, contribuyendo posicionamiento de Lorca como punto de referencia dentro del motorsport y del turismo de ocio, generando al mismo tiempo oportunidades econ\u00f3micas, culturales y sociales para el territorio.<\/span><\/p>\n<p class=\"v1MsoNormal\"><span lang=\"es\"><img loading=\"lazy\" decoding=\"async\" class=\"alignnone wp-image-9108\" src=\"https:\/\/arealorcaradio.es\/wp-content\/uploads\/2026\/03\/FOTO12-300x225.jpeg\" alt=\"\" width=\"288\" height=\"216\" srcset=\"https:\/\/arealorcaradio.es\/wp-content\/uploads\/2026\/03\/FOTO12-300x225.jpeg 300w, https:\/\/arealorcaradio.es\/wp-content\/uploads\/2026\/03\/FOTO12-1024x768.jpeg 1024w, https:\/\/arealorcaradio.es\/wp-content\/uploads\/2026\/03\/FOTO12-768x576.jpeg 768w, https:\/\/arealorcaradio.es\/wp-content\/uploads\/2026\/03\/FOTO12-1536x1152.jpeg 1536w, https:\/\/arealorcaradio.es\/wp-content\/uploads\/2026\/03\/FOTO12-86x64.jpeg 86w, https:\/\/arealorcaradio.es\/wp-content\/uploads\/2026\/03\/FOTO12.jpeg 1600w\" sizes=\"auto, (max-width: 288px) 100vw, 288px\" \/> <img loading=\"lazy\" decoding=\"async\" class=\"alignnone size-medium wp-image-9109\" src=\"https:\/\/arealorcaradio.es\/wp-content\/uploads\/2026\/03\/CIRCUITO-300x217.jpg\" alt=\"\" width=\"300\" height=\"217\" srcset=\"https:\/\/arealorcaradio.es\/wp-content\/uploads\/2026\/03\/CIRCUITO-300x217.jpg 300w, https:\/\/arealorcaradio.es\/wp-content\/uploads\/2026\/03\/CIRCUITO-1024x742.jpg 1024w, https:\/\/arealorcaradio.es\/wp-content\/uploads\/2026\/03\/CIRCUITO-768x556.jpg 768w, https:\/\/arealorcaradio.es\/wp-content\/uploads\/2026\/03\/CIRCUITO.jpg 1400w\" sizes=\"auto, (max-width: 300px) 100vw, 300px\" \/><\/span><\/p>\n<p class=\"v1MsoNormal\"><span lang=\"es\">Su origen parte de la creaci\u00f3n de un circuito de karting de alto nivel homologado por la CIKFIA (Comisi\u00f3n Internacional de Karting \/ Federaci\u00f3n Internacional del Autom\u00f3vil), pero su concepci\u00f3n va m\u00e1s all\u00e1 del \u00e1mbito deportivo: se proyecta como un espacio multidisciplinar capaz de albergar competiciones, conciertos, congresos, ferias, exposiciones, actividades educativas y recreativas, con una infraestructura moderna, segura y sostenible.<\/span><\/p>\n<p class=\"v1MsoNormal\"><span lang=\"es\">Estamos <\/span><span lang=\"es\"> ante un proyecto que combina, en definitiva: competici\u00f3n deportiva, ocio, cultura, comercio, restauraci\u00f3n, alejamiento, formaci\u00f3n y profesionalizaci\u00f3n, etc.; con espacios verdes y zonas de esparcimiento y recreo al aire libre; y que se suma a la apuesta del Gobierno de Lorca por el fomento del turismo, la innovaci\u00f3n tecnol\u00f3gica, la sostenibilidad medioambiental -atendiendo al necesario y eficiente aprovechamiento de los recursos h\u00eddricos-, y la formaci\u00f3n en seguridad vial, adem\u00e1s de la generaci\u00f3n de empleo y el desarrollo econ\u00f3mico de zonas rurales.<\/span><\/p>\n<p class=\"v1MsoNormal\"><span lang=\"es\">T<\/span><span lang=\"es\">odas las instalaciones est\u00e1n dise\u00f1adas bajo criterios de eficiencia energ\u00e9tica. Su ubicaci\u00f3n es totalmente estrat\u00e9gica, en una zona industrial pr\u00f3xima a la autov\u00eda de Lorca, reduciendo el impacto urbano. No existen edificaciones en la zona, siendo el uso residencial incompatible, lo que garantiza el que no se produzcan edificaciones que den origen a un n\u00facleo de poblaci\u00f3n, por lo que cumple con las condiciones de uso y los par\u00e1metros urban\u00edsticos establecidos en la Ficha Urban\u00edstica SUZNS-4.I del PGMO de Lorca.<\/span><\/p>\n<p class=\"v1MsoNormal\"><span lang=\"es\">Se trata de una actuaci\u00f3n de gran envergadura, promovida por la mercantil Tecno Machinery Levante S.L., que se desarrollar\u00e1, con un sobre una finca de 32 hect\u00e1reas, con una superficie total superior a 319.000 m\u00b2, y construida de 11474 m\u00b2, en Suelo Urbanizable No Sectorizado de Uso Industrial SUZNS-4I del PGMO de Lorca, en unos terrenos anejos a la Ctra. de Caravaca, en Torrealvilla, a 6,8 km de distancia del centro hist\u00f3rico de la ciudad, colindante con la carretera de Lorca-Caravaca RM-711, y que conectar\u00e1, a medio plazo, la Autov\u00eda del Mediterr\u00e1neo A-7 con la Autov\u00eda Cartagena- Albacete A-30 que comunica con Madrid.<\/span><\/p>\n<p class=\"v1MsoNormal\"><span lang=\"es\">El presupuesto de ejecuci\u00f3n material de todas actuaciones planteadas es de 5,5 millones de \u20ac y estas abarcan la implantaci\u00f3n de un complejo que incluye:<\/span><\/p>\n<p class=\"v1MsoNormal\"><b><span lang=\"es\">Circuito de karts<\/span><\/b><span lang=\"es\">\u00a0(1.630m.) con una pista de entrenamiento y alta competici\u00f3n, dise\u00f1ada para su uso en parte como pista de alquiler, cumpliendo los requisitos para pruebas internacionales; m\u00e1s espacio de zonas verdes y un jard\u00edn chill-out de m\u00e1s de 1.000 m\u00b2.\u00a0<\/span><\/p>\n<p class=\"v1MsoNormal\"><b><span lang=\"es\">Circuito de velocidad<\/span><\/b><span lang=\"es\">, perimetral a ese circuito principal, con una longitud de 2.380 m., tambi\u00e9n para veh\u00edculos y motos, homologable para pruebas nacionales.<\/span><\/p>\n<p class=\"v1MsoNormal\"><span lang=\"es\">Zona de\u00a0<b>aparcamientos<\/b>, con una superficie de 32.700 m\u00b2, con 549 plazas para coches, 34 motos, 18 veh\u00edculos de movilidad reducida, 18 el\u00e9ctricos y 26 autocaravanas.<\/span><\/p>\n<p class=\"v1MsoNormal\"><span lang=\"es\">M\u00e1s\u00a0<b>zonas verdes con arbolado y de esparcimiento al aire libre<\/b>\u00a0atendiendo a la preservaci\u00f3n de los h\u00e1bitats de la zona, con jardines, parque infantil, m\u00e1s 1.500\u00a0<\/span><span lang=\"es\">\u00e1rboles, etc.<\/span><\/p>\n<p class=\"v1MsoNormal\"><span lang=\"es\">Un\u00a0<b>edificio principal<\/b>, que contar\u00e1 de tres plantas, con una superficie total ocupada de 2.380 m\u00b2 y construida de 5.600 m\u00b2, destinado a alquiler de Kart, con caf\u00e9-bar y sal\u00f3n de celebraciones en planta baja y despachos y aulas de formaci\u00f3n para seguridad vial y materias relacionadas con el sector de la automoci\u00f3n en planta primera.<\/span><\/p>\n<p class=\"v1MsoNormal\"><span lang=\"es\">Se suman:\u00a0<b>dos edificios para boxes,<\/b>\u00a0uno para el circuito kart (14) y otro para el circuito de velocidad (10), ambos con grader\u00edo y sala de prensa; o<b>tro m\u00e1s que albergar\u00e1 hasta 40 apartamentos tur\u00edsticos<\/b>\u00a0con zonas verdes y piscina destinados a visitantes, competidores y familias y, finalmente, otro destinado\u00a0<b>al Museo de automoci\u00f3n y taller para formaci\u00f3n.<\/b><\/span><\/p>\n<p class=\"v1MsoNormal\"><span lang=\"es\">Se contar\u00e1, por tanto, con: servicio hostelero, hotelero, comercial, otros servicios recreativos para actividades ligadas al ocio y la relajaci\u00f3n; de formaci\u00f3n y pr\u00e1ctica, y una estaci\u00f3n de servicio de combustible, con dos surtidores y venta al p\u00fablico y tres boxes de lavado manual.<\/span><\/p>\n<p class=\"v1MsoNormal\"><span lang=\"es\">En cuanto al periodo de ejecuci\u00f3n de las obras, este se estima en dos fases: la primera que contempla el circuito de karts y el edificio principal destinado al alquiler de karts, caf\u00e9-bar, sal\u00f3n de celebraciones, despachos y aulas de formaci\u00f3n, con fecha prevista en mayo de 2027. Y una segunda, para el circuito de velocidad y el resto de edificios, para diciembre de 2028.<\/span><\/p>\n","protected":false},"excerpt":{"rendered":"<p>\u00c1REA LORCA RADIO. Deportes. Escucha aqu\u00ed la entrevista que ha concedido a Paco S\u00e1nchez uno de los tres promotores de este proyecto y representante de la mercantil Tecno Machinery Levante S.L, Jonathan Ruiz, quien ha contado en el programa deportivo de \u00c1rea Lorca Radio los detalles del millonario proyecto. &nbsp; Lorca, 11 de marzo de [&hellip;]<\/p>\n","protected":false},"author":1,"featured_media":9112,"comment_status":"open","ping_status":"open","sticky":false,"template":"","format":"standard","meta":{"iawp_total_views":167,"footnotes":""},"categories":[4,7],"tags":[],"class_list":["post-9106","post","type-post","status-publish","format-standard","has-post-thumbnail","hentry","category-deportes","category-lorca"],"yoast_head":"<!-- This site is optimized with the Yoast SEO plugin v27.5 - https:\/\/yoast.com\/product\/yoast-seo-wordpress\/ -->\n<title>Jonathan Ruiz: &quot;Lorca contar\u00e1 con un circuito de Karting sin precedentes en Espa\u00f1a capaz de albergar todo tipo de eventos del motor&quot; - AREA LORCA RADIO<\/title>\n<meta name=\"robots\" content=\"index, follow, max-snippet:-1, max-image-preview:large, max-video-preview:-1\" \/>\n<link rel=\"canonical\" href=\"https:\/\/arealorcaradio.es\/index.php\/2026\/03\/11\/jonathan-ruiz-lorca-contara-con-un-circuito-de-karting-sin-precedentes-en-espana-capaz-de-albergar-todo-tipo-de-eventos-del-motor\/\" \/>\n<meta property=\"og:locale\" content=\"es_ES\" \/>\n<meta property=\"og:type\" content=\"article\" \/>\n<meta property=\"og:title\" content=\"Jonathan Ruiz: &quot;Lorca contar\u00e1 con un circuito de Karting sin precedentes en Espa\u00f1a capaz de albergar todo tipo de eventos del motor&quot; - AREA LORCA RADIO\" \/>\n<meta property=\"og:description\" content=\"\u00c1REA LORCA RADIO. Deportes. Escucha aqu\u00ed la entrevista que ha concedido a Paco S\u00e1nchez uno de los tres promotores de este proyecto y representante de la mercantil Tecno Machinery Levante S.L, Jonathan Ruiz, quien ha contado en el programa deportivo de \u00c1rea Lorca Radio los detalles del millonario proyecto. &nbsp; Lorca, 11 de marzo de [&hellip;]\" \/>\n<meta property=\"og:url\" content=\"https:\/\/arealorcaradio.es\/index.php\/2026\/03\/11\/jonathan-ruiz-lorca-contara-con-un-circuito-de-karting-sin-precedentes-en-espana-capaz-de-albergar-todo-tipo-de-eventos-del-motor\/\" \/>\n<meta property=\"og:site_name\" content=\"AREA LORCA RADIO\" \/>\n<meta property=\"article:published_time\" content=\"2026-03-11T21:00:35+00:00\" \/>\n<meta property=\"og:image\" content=\"https:\/\/arealorcaradio.es\/wp-content\/uploads\/2026\/03\/20260311_171512-scaled.jpg\" \/>\n\t<meta property=\"og:image:width\" content=\"2560\" \/>\n\t<meta property=\"og:image:height\" content=\"1920\" \/>\n\t<meta property=\"og:image:type\" content=\"image\/jpeg\" \/>\n<meta name=\"author\" content=\"Paco S\u00e1nchez\" \/>\n<meta name=\"twitter:card\" content=\"summary_large_image\" \/>\n<meta name=\"twitter:label1\" content=\"Escrito por\" \/>\n\t<meta name=\"twitter:data1\" content=\"Paco S\u00e1nchez\" \/>\n\t<meta name=\"twitter:label2\" content=\"Tiempo de lectura\" \/>\n\t<meta name=\"twitter:data2\" content=\"5 minutos\" \/>\n<script type=\"application\/ld+json\" class=\"yoast-schema-graph\">{\"@context\":\"https:\\\/\\\/schema.org\",\"@graph\":[{\"@type\":\"Article\",\"@id\":\"https:\\\/\\\/arealorcaradio.es\\\/index.php\\\/2026\\\/03\\\/11\\\/jonathan-ruiz-lorca-contara-con-un-circuito-de-karting-sin-precedentes-en-espana-capaz-de-albergar-todo-tipo-de-eventos-del-motor\\\/#article\",\"isPartOf\":{\"@id\":\"https:\\\/\\\/arealorcaradio.es\\\/index.php\\\/2026\\\/03\\\/11\\\/jonathan-ruiz-lorca-contara-con-un-circuito-de-karting-sin-precedentes-en-espana-capaz-de-albergar-todo-tipo-de-eventos-del-motor\\\/\"},\"author\":{\"name\":\"Paco S\u00e1nchez\",\"@id\":\"https:\\\/\\\/arealorcaradio.es\\\/#\\\/schema\\\/person\\\/9fae605fc25b0f2c83c1ab207139bd27\"},\"headline\":\"Jonathan Ruiz: \u00abLorca contar\u00e1 con un circuito de Karting sin precedentes en Espa\u00f1a capaz de albergar todo tipo de eventos del motor\u00bb\",\"datePublished\":\"2026-03-11T21:00:35+00:00\",\"mainEntityOfPage\":{\"@id\":\"https:\\\/\\\/arealorcaradio.es\\\/index.php\\\/2026\\\/03\\\/11\\\/jonathan-ruiz-lorca-contara-con-un-circuito-de-karting-sin-precedentes-en-espana-capaz-de-albergar-todo-tipo-de-eventos-del-motor\\\/\"},\"wordCount\":957,\"commentCount\":0,\"image\":{\"@id\":\"https:\\\/\\\/arealorcaradio.es\\\/index.php\\\/2026\\\/03\\\/11\\\/jonathan-ruiz-lorca-contara-con-un-circuito-de-karting-sin-precedentes-en-espana-capaz-de-albergar-todo-tipo-de-eventos-del-motor\\\/#primaryimage\"},\"thumbnailUrl\":\"https:\\\/\\\/arealorcaradio.es\\\/wp-content\\\/uploads\\\/2026\\\/03\\\/20260311_171512-scaled.jpg\",\"articleSection\":[\"DEPORTES\",\"LORCA\"],\"inLanguage\":\"es\",\"potentialAction\":[{\"@type\":\"CommentAction\",\"name\":\"Comment\",\"target\":[\"https:\\\/\\\/arealorcaradio.es\\\/index.php\\\/2026\\\/03\\\/11\\\/jonathan-ruiz-lorca-contara-con-un-circuito-de-karting-sin-precedentes-en-espana-capaz-de-albergar-todo-tipo-de-eventos-del-motor\\\/#respond\"]}]},{\"@type\":\"WebPage\",\"@id\":\"https:\\\/\\\/arealorcaradio.es\\\/index.php\\\/2026\\\/03\\\/11\\\/jonathan-ruiz-lorca-contara-con-un-circuito-de-karting-sin-precedentes-en-espana-capaz-de-albergar-todo-tipo-de-eventos-del-motor\\\/\",\"url\":\"https:\\\/\\\/arealorcaradio.es\\\/index.php\\\/2026\\\/03\\\/11\\\/jonathan-ruiz-lorca-contara-con-un-circuito-de-karting-sin-precedentes-en-espana-capaz-de-albergar-todo-tipo-de-eventos-del-motor\\\/\",\"name\":\"Jonathan Ruiz: \\\"Lorca contar\u00e1 con un circuito de Karting sin precedentes en Espa\u00f1a capaz de albergar todo tipo de eventos del motor\\\" - AREA LORCA RADIO\",\"isPartOf\":{\"@id\":\"https:\\\/\\\/arealorcaradio.es\\\/#website\"},\"primaryImageOfPage\":{\"@id\":\"https:\\\/\\\/arealorcaradio.es\\\/index.php\\\/2026\\\/03\\\/11\\\/jonathan-ruiz-lorca-contara-con-un-circuito-de-karting-sin-precedentes-en-espana-capaz-de-albergar-todo-tipo-de-eventos-del-motor\\\/#primaryimage\"},\"image\":{\"@id\":\"https:\\\/\\\/arealorcaradio.es\\\/index.php\\\/2026\\\/03\\\/11\\\/jonathan-ruiz-lorca-contara-con-un-circuito-de-karting-sin-precedentes-en-espana-capaz-de-albergar-todo-tipo-de-eventos-del-motor\\\/#primaryimage\"},\"thumbnailUrl\":\"https:\\\/\\\/arealorcaradio.es\\\/wp-content\\\/uploads\\\/2026\\\/03\\\/20260311_171512-scaled.jpg\",\"datePublished\":\"2026-03-11T21:00:35+00:00\",\"author\":{\"@id\":\"https:\\\/\\\/arealorcaradio.es\\\/#\\\/schema\\\/person\\\/9fae605fc25b0f2c83c1ab207139bd27\"},\"breadcrumb\":{\"@id\":\"https:\\\/\\\/arealorcaradio.es\\\/index.php\\\/2026\\\/03\\\/11\\\/jonathan-ruiz-lorca-contara-con-un-circuito-de-karting-sin-precedentes-en-espana-capaz-de-albergar-todo-tipo-de-eventos-del-motor\\\/#breadcrumb\"},\"inLanguage\":\"es\",\"potentialAction\":[{\"@type\":\"ReadAction\",\"target\":[\"https:\\\/\\\/arealorcaradio.es\\\/index.php\\\/2026\\\/03\\\/11\\\/jonathan-ruiz-lorca-contara-con-un-circuito-de-karting-sin-precedentes-en-espana-capaz-de-albergar-todo-tipo-de-eventos-del-motor\\\/\"]}]},{\"@type\":\"ImageObject\",\"inLanguage\":\"es\",\"@id\":\"https:\\\/\\\/arealorcaradio.es\\\/index.php\\\/2026\\\/03\\\/11\\\/jonathan-ruiz-lorca-contara-con-un-circuito-de-karting-sin-precedentes-en-espana-capaz-de-albergar-todo-tipo-de-eventos-del-motor\\\/#primaryimage\",\"url\":\"https:\\\/\\\/arealorcaradio.es\\\/wp-content\\\/uploads\\\/2026\\\/03\\\/20260311_171512-scaled.jpg\",\"contentUrl\":\"https:\\\/\\\/arealorcaradio.es\\\/wp-content\\\/uploads\\\/2026\\\/03\\\/20260311_171512-scaled.jpg\",\"width\":2560,\"height\":1920},{\"@type\":\"BreadcrumbList\",\"@id\":\"https:\\\/\\\/arealorcaradio.es\\\/index.php\\\/2026\\\/03\\\/11\\\/jonathan-ruiz-lorca-contara-con-un-circuito-de-karting-sin-precedentes-en-espana-capaz-de-albergar-todo-tipo-de-eventos-del-motor\\\/#breadcrumb\",\"itemListElement\":[{\"@type\":\"ListItem\",\"position\":1,\"name\":\"Portada\",\"item\":\"https:\\\/\\\/arealorcaradio.es\\\/\"},{\"@type\":\"ListItem\",\"position\":2,\"name\":\"Jonathan Ruiz: \u00abLorca contar\u00e1 con un circuito de Karting sin precedentes en Espa\u00f1a capaz de albergar todo tipo de eventos del motor\u00bb\"}]},{\"@type\":\"WebSite\",\"@id\":\"https:\\\/\\\/arealorcaradio.es\\\/#website\",\"url\":\"https:\\\/\\\/arealorcaradio.es\\\/\",\"name\":\"AREA LORCA RADIO\",\"description\":\"Descubre la programaci\u00f3n actual en \u00c1rea Lorca Radio, tu fuente de entrenamiento y noticias locales. Sintoniza ahora y mantente conectado online.\",\"potentialAction\":[{\"@type\":\"SearchAction\",\"target\":{\"@type\":\"EntryPoint\",\"urlTemplate\":\"https:\\\/\\\/arealorcaradio.es\\\/?s={search_term_string}\"},\"query-input\":{\"@type\":\"PropertyValueSpecification\",\"valueRequired\":true,\"valueName\":\"search_term_string\"}}],\"inLanguage\":\"es\"},{\"@type\":\"Person\",\"@id\":\"https:\\\/\\\/arealorcaradio.es\\\/#\\\/schema\\\/person\\\/9fae605fc25b0f2c83c1ab207139bd27\",\"name\":\"Paco S\u00e1nchez\",\"image\":{\"@type\":\"ImageObject\",\"inLanguage\":\"es\",\"@id\":\"https:\\\/\\\/secure.gravatar.com\\\/avatar\\\/d67144e966420fb74aa84c9f2a0103be4724fd14db52b52d3b6bca749f257e79?s=96&d=mm&r=g\",\"url\":\"https:\\\/\\\/secure.gravatar.com\\\/avatar\\\/d67144e966420fb74aa84c9f2a0103be4724fd14db52b52d3b6bca749f257e79?s=96&d=mm&r=g\",\"contentUrl\":\"https:\\\/\\\/secure.gravatar.com\\\/avatar\\\/d67144e966420fb74aa84c9f2a0103be4724fd14db52b52d3b6bca749f257e79?s=96&d=mm&r=g\",\"caption\":\"Paco S\u00e1nchez\"},\"sameAs\":[\"https:\\\/\\\/arealorcaradio.es\"],\"url\":\"https:\\\/\\\/arealorcaradio.es\\\/index.php\\\/author\\\/admin_alorcaradio\\\/\"}]}<\/script>\n<!-- \/ Yoast SEO plugin. -->","yoast_head_json":{"title":"Jonathan Ruiz: \"Lorca contar\u00e1 con un circuito de Karting sin precedentes en Espa\u00f1a capaz de albergar todo tipo de eventos del motor\" - AREA LORCA RADIO","robots":{"index":"index","follow":"follow","max-snippet":"max-snippet:-1","max-image-preview":"max-image-preview:large","max-video-preview":"max-video-preview:-1"},"canonical":"https:\/\/arealorcaradio.es\/index.php\/2026\/03\/11\/jonathan-ruiz-lorca-contara-con-un-circuito-de-karting-sin-precedentes-en-espana-capaz-de-albergar-todo-tipo-de-eventos-del-motor\/","og_locale":"es_ES","og_type":"article","og_title":"Jonathan Ruiz: \"Lorca contar\u00e1 con un circuito de Karting sin precedentes en Espa\u00f1a capaz de albergar todo tipo de eventos del motor\" - AREA LORCA RADIO","og_description":"\u00c1REA LORCA RADIO. Deportes. Escucha aqu\u00ed la entrevista que ha concedido a Paco S\u00e1nchez uno de los tres promotores de este proyecto y representante de la mercantil Tecno Machinery Levante S.L, Jonathan Ruiz, quien ha contado en el programa deportivo de \u00c1rea Lorca Radio los detalles del millonario proyecto. &nbsp; Lorca, 11 de marzo de [&hellip;]","og_url":"https:\/\/arealorcaradio.es\/index.php\/2026\/03\/11\/jonathan-ruiz-lorca-contara-con-un-circuito-de-karting-sin-precedentes-en-espana-capaz-de-albergar-todo-tipo-de-eventos-del-motor\/","og_site_name":"AREA LORCA RADIO","article_published_time":"2026-03-11T21:00:35+00:00","og_image":[{"width":2560,"height":1920,"url":"https:\/\/arealorcaradio.es\/wp-content\/uploads\/2026\/03\/20260311_171512-scaled.jpg","type":"image\/jpeg"}],"author":"Paco S\u00e1nchez","twitter_card":"summary_large_image","twitter_misc":{"Escrito por":"Paco S\u00e1nchez","Tiempo de lectura":"5 minutos"},"schema":{"@context":"https:\/\/schema.org","@graph":[{"@type":"Article","@id":"https:\/\/arealorcaradio.es\/index.php\/2026\/03\/11\/jonathan-ruiz-lorca-contara-con-un-circuito-de-karting-sin-precedentes-en-espana-capaz-de-albergar-todo-tipo-de-eventos-del-motor\/#article","isPartOf":{"@id":"https:\/\/arealorcaradio.es\/index.php\/2026\/03\/11\/jonathan-ruiz-lorca-contara-con-un-circuito-de-karting-sin-precedentes-en-espana-capaz-de-albergar-todo-tipo-de-eventos-del-motor\/"},"author":{"name":"Paco S\u00e1nchez","@id":"https:\/\/arealorcaradio.es\/#\/schema\/person\/9fae605fc25b0f2c83c1ab207139bd27"},"headline":"Jonathan Ruiz: \u00abLorca contar\u00e1 con un circuito de Karting sin precedentes en Espa\u00f1a capaz de albergar todo tipo de eventos del motor\u00bb","datePublished":"2026-03-11T21:00:35+00:00","mainEntityOfPage":{"@id":"https:\/\/arealorcaradio.es\/index.php\/2026\/03\/11\/jonathan-ruiz-lorca-contara-con-un-circuito-de-karting-sin-precedentes-en-espana-capaz-de-albergar-todo-tipo-de-eventos-del-motor\/"},"wordCount":957,"commentCount":0,"image":{"@id":"https:\/\/arealorcaradio.es\/index.php\/2026\/03\/11\/jonathan-ruiz-lorca-contara-con-un-circuito-de-karting-sin-precedentes-en-espana-capaz-de-albergar-todo-tipo-de-eventos-del-motor\/#primaryimage"},"thumbnailUrl":"https:\/\/arealorcaradio.es\/wp-content\/uploads\/2026\/03\/20260311_171512-scaled.jpg","articleSection":["DEPORTES","LORCA"],"inLanguage":"es","potentialAction":[{"@type":"CommentAction","name":"Comment","target":["https:\/\/arealorcaradio.es\/index.php\/2026\/03\/11\/jonathan-ruiz-lorca-contara-con-un-circuito-de-karting-sin-precedentes-en-espana-capaz-de-albergar-todo-tipo-de-eventos-del-motor\/#respond"]}]},{"@type":"WebPage","@id":"https:\/\/arealorcaradio.es\/index.php\/2026\/03\/11\/jonathan-ruiz-lorca-contara-con-un-circuito-de-karting-sin-precedentes-en-espana-capaz-de-albergar-todo-tipo-de-eventos-del-motor\/","url":"https:\/\/arealorcaradio.es\/index.php\/2026\/03\/11\/jonathan-ruiz-lorca-contara-con-un-circuito-de-karting-sin-precedentes-en-espana-capaz-de-albergar-todo-tipo-de-eventos-del-motor\/","name":"Jonathan Ruiz: \"Lorca contar\u00e1 con un circuito de Karting sin precedentes en Espa\u00f1a capaz de albergar todo tipo de eventos del motor\" - AREA LORCA RADIO","isPartOf":{"@id":"https:\/\/arealorcaradio.es\/#website"},"primaryImageOfPage":{"@id":"https:\/\/arealorcaradio.es\/index.php\/2026\/03\/11\/jonathan-ruiz-lorca-contara-con-un-circuito-de-karting-sin-precedentes-en-espana-capaz-de-albergar-todo-tipo-de-eventos-del-motor\/#primaryimage"},"image":{"@id":"https:\/\/arealorcaradio.es\/index.php\/2026\/03\/11\/jonathan-ruiz-lorca-contara-con-un-circuito-de-karting-sin-precedentes-en-espana-capaz-de-albergar-todo-tipo-de-eventos-del-motor\/#primaryimage"},"thumbnailUrl":"https:\/\/arealorcaradio.es\/wp-content\/uploads\/2026\/03\/20260311_171512-scaled.jpg","datePublished":"2026-03-11T21:00:35+00:00","author":{"@id":"https:\/\/arealorcaradio.es\/#\/schema\/person\/9fae605fc25b0f2c83c1ab207139bd27"},"breadcrumb":{"@id":"https:\/\/arealorcaradio.es\/index.php\/2026\/03\/11\/jonathan-ruiz-lorca-contara-con-un-circuito-de-karting-sin-precedentes-en-espana-capaz-de-albergar-todo-tipo-de-eventos-del-motor\/#breadcrumb"},"inLanguage":"es","potentialAction":[{"@type":"ReadAction","target":["https:\/\/arealorcaradio.es\/index.php\/2026\/03\/11\/jonathan-ruiz-lorca-contara-con-un-circuito-de-karting-sin-precedentes-en-espana-capaz-de-albergar-todo-tipo-de-eventos-del-motor\/"]}]},{"@type":"ImageObject","inLanguage":"es","@id":"https:\/\/arealorcaradio.es\/index.php\/2026\/03\/11\/jonathan-ruiz-lorca-contara-con-un-circuito-de-karting-sin-precedentes-en-espana-capaz-de-albergar-todo-tipo-de-eventos-del-motor\/#primaryimage","url":"https:\/\/arealorcaradio.es\/wp-content\/uploads\/2026\/03\/20260311_171512-scaled.jpg","contentUrl":"https:\/\/arealorcaradio.es\/wp-content\/uploads\/2026\/03\/20260311_171512-scaled.jpg","width":2560,"height":1920},{"@type":"BreadcrumbList","@id":"https:\/\/arealorcaradio.es\/index.php\/2026\/03\/11\/jonathan-ruiz-lorca-contara-con-un-circuito-de-karting-sin-precedentes-en-espana-capaz-de-albergar-todo-tipo-de-eventos-del-motor\/#breadcrumb","itemListElement":[{"@type":"ListItem","position":1,"name":"Portada","item":"https:\/\/arealorcaradio.es\/"},{"@type":"ListItem","position":2,"name":"Jonathan Ruiz: \u00abLorca contar\u00e1 con un circuito de Karting sin precedentes en Espa\u00f1a capaz de albergar todo tipo de eventos del motor\u00bb"}]},{"@type":"WebSite","@id":"https:\/\/arealorcaradio.es\/#website","url":"https:\/\/arealorcaradio.es\/","name":"AREA LORCA RADIO","description":"Descubre la programaci\u00f3n actual en \u00c1rea Lorca Radio, tu fuente de entrenamiento y noticias locales. Sintoniza ahora y mantente conectado online.","potentialAction":[{"@type":"SearchAction","target":{"@type":"EntryPoint","urlTemplate":"https:\/\/arealorcaradio.es\/?s={search_term_string}"},"query-input":{"@type":"PropertyValueSpecification","valueRequired":true,"valueName":"search_term_string"}}],"inLanguage":"es"},{"@type":"Person","@id":"https:\/\/arealorcaradio.es\/#\/schema\/person\/9fae605fc25b0f2c83c1ab207139bd27","name":"Paco S\u00e1nchez","image":{"@type":"ImageObject","inLanguage":"es","@id":"https:\/\/secure.gravatar.com\/avatar\/d67144e966420fb74aa84c9f2a0103be4724fd14db52b52d3b6bca749f257e79?s=96&d=mm&r=g","url":"https:\/\/secure.gravatar.com\/avatar\/d67144e966420fb74aa84c9f2a0103be4724fd14db52b52d3b6bca749f257e79?s=96&d=mm&r=g","contentUrl":"https:\/\/secure.gravatar.com\/avatar\/d67144e966420fb74aa84c9f2a0103be4724fd14db52b52d3b6bca749f257e79?s=96&d=mm&r=g","caption":"Paco S\u00e1nchez"},"sameAs":["https:\/\/arealorcaradio.es"],"url":"https:\/\/arealorcaradio.es\/index.php\/author\/admin_alorcaradio\/"}]}},"_links":{"self":[{"href":"https:\/\/arealorcaradio.es\/index.php\/wp-json\/wp\/v2\/posts\/9106","targetHints":{"allow":["GET"]}}],"collection":[{"href":"https:\/\/arealorcaradio.es\/index.php\/wp-json\/wp\/v2\/posts"}],"about":[{"href":"https:\/\/arealorcaradio.es\/index.php\/wp-json\/wp\/v2\/types\/post"}],"author":[{"embeddable":true,"href":"https:\/\/arealorcaradio.es\/index.php\/wp-json\/wp\/v2\/users\/1"}],"replies":[{"embeddable":true,"href":"https:\/\/arealorcaradio.es\/index.php\/wp-json\/wp\/v2\/comments?post=9106"}],"version-history":[{"count":1,"href":"https:\/\/arealorcaradio.es\/index.php\/wp-json\/wp\/v2\/posts\/9106\/revisions"}],"predecessor-version":[{"id":9113,"href":"https:\/\/arealorcaradio.es\/index.php\/wp-json\/wp\/v2\/posts\/9106\/revisions\/9113"}],"wp:featuredmedia":[{"embeddable":true,"href":"https:\/\/arealorcaradio.es\/index.php\/wp-json\/wp\/v2\/media\/9112"}],"wp:attachment":[{"href":"https:\/\/arealorcaradio.es\/index.php\/wp-json\/wp\/v2\/media?parent=9106"}],"wp:term":[{"taxonomy":"category","embeddable":true,"href":"https:\/\/arealorcaradio.es\/index.php\/wp-json\/wp\/v2\/categories?post=9106"},{"taxonomy":"post_tag","embeddable":true,"href":"https:\/\/arealorcaradio.es\/index.php\/wp-json\/wp\/v2\/tags?post=9106"}],"curies":[{"name":"wp","href":"https:\/\/api.w.org\/{rel}","templated":true}]}}