{"id":9099,"date":"2026-03-10T14:53:27","date_gmt":"2026-03-10T14:53:27","guid":{"rendered":"https:\/\/arealorcaradio.es\/?p=9099"},"modified":"2026-03-10T14:53:27","modified_gmt":"2026-03-10T14:53:27","slug":"el-partido-popular-de-lorca-mantiene-una-reunion-de-trabajo-con-representantes-vecinales-de-las-pedanias-mas-perjudicadas-por-las-zonas-de-flujo-preferente-zfp","status":"publish","type":"post","link":"https:\/\/arealorcaradio.es\/index.php\/2026\/03\/10\/el-partido-popular-de-lorca-mantiene-una-reunion-de-trabajo-con-representantes-vecinales-de-las-pedanias-mas-perjudicadas-por-las-zonas-de-flujo-preferente-zfp\/","title":{"rendered":"El Partido Popular de Lorca mantiene una reuni\u00f3n de trabajo con representantes vecinales de las pedan\u00edas m\u00e1s perjudicadas por las Zonas de Flujo Preferente (ZFP)"},"content":{"rendered":"<p><strong>\u00c1REA LORCA RADIO. Actualidad.<\/strong><\/p>\n<p dir=\"ltr\"><strong>Lorca, 10 de marzo de 2026.<\/strong> Han transcurrido 6 a\u00f1os desde el inicio del procedimiento, y ni un solo vecino ha sido avisado de esta expropiaci\u00f3n masiva encubierta. De hecho, ni el Ministerio, ni la Confederaci\u00f3n, ni la Delegaci\u00f3n del Gobierno han mantenido ninguna reuni\u00f3n para informar a los miles de afectados de lo que est\u00e1 ocurriendo y de las graves consecuencias para los vecinos, que no podr\u00e1n realizar ning\u00fan tipo de obra o actividad en estos terrenos.<\/p>\n<p dir=\"ltr\">Escucha aqu\u00ed la noticia sobre este tema que tanto preocupa a los vecinos de varias pedan\u00edas del t\u00e9rmino municipal de Lorca. Declaraciones de la diputada lorquina Mari Carmen Ruiz, el concejal de Agricultura \u00c1ngel Meca y los presidentes de las AAVV de Torrecilla y Campillo, Cayetano Padilla y Joaqu\u00edn Giner.<\/p>\n<audio class=\"wp-audio-shortcode\" id=\"audio-9099-1\" preload=\"none\" style=\"width: 100%;\" controls=\"controls\"><source type=\"audio\/mpeg\" src=\"https:\/\/arealorcaradio.es\/wp-content\/uploads\/2026\/03\/100326-NOTICIA-MOCION-ZONAS-DE-FLUJO-PREF.mp3?_=1\" \/><a href=\"https:\/\/arealorcaradio.es\/wp-content\/uploads\/2026\/03\/100326-NOTICIA-MOCION-ZONAS-DE-FLUJO-PREF.mp3\">https:\/\/arealorcaradio.es\/wp-content\/uploads\/2026\/03\/100326-NOTICIA-MOCION-ZONAS-DE-FLUJO-PREF.mp3<\/a><\/audio>\n<p dir=\"ltr\">En el encuentro han participado alcaldes ped\u00e1neos y presidentes de las asociaciones de vecinos de Purias, Cazalla, Torrecilla y Campillo, junto a la diputada regional lorquina Mar\u00eda del Carmen Ruiz, el concejal de Agricultura en el Ayuntamiento de Lorca, \u00c1ngel Meca y la concejal de Urbanismo en el Ayuntamiento de Lorca, Mar\u00eda Hern\u00e1ndez.<\/p>\n<p dir=\"ltr\"><img loading=\"lazy\" decoding=\"async\" class=\"alignnone size-medium wp-image-9101\" src=\"https:\/\/arealorcaradio.es\/wp-content\/uploads\/2026\/03\/REUNION-MOCION-1-300x200.jpeg\" alt=\"\" width=\"300\" height=\"200\" srcset=\"https:\/\/arealorcaradio.es\/wp-content\/uploads\/2026\/03\/REUNION-MOCION-1-300x200.jpeg 300w, https:\/\/arealorcaradio.es\/wp-content\/uploads\/2026\/03\/REUNION-MOCION-1-1024x682.jpeg 1024w, https:\/\/arealorcaradio.es\/wp-content\/uploads\/2026\/03\/REUNION-MOCION-1-768x512.jpeg 768w, https:\/\/arealorcaradio.es\/wp-content\/uploads\/2026\/03\/REUNION-MOCION-1-1536x1023.jpeg 1536w, https:\/\/arealorcaradio.es\/wp-content\/uploads\/2026\/03\/REUNION-MOCION-1.jpeg 1600w\" sizes=\"auto, (max-width: 300px) 100vw, 300px\" \/><\/p>\n<p dir=\"ltr\">Durante la reuni\u00f3n se ha trasladado a los asistentes la repercusi\u00f3n que tiene la \u00faltima actualizaci\u00f3n de estos mapas de la CHS, que ampl\u00eda en m\u00e1s de un 50% las zonas que quedar\u00e1n inutilizadas en el municipio de Lorca, afectando directamente a miles de vecinos.<\/p>\n<p dir=\"ltr\">La diputada regional Mar\u00eda del Carmen Ruiz ha denunciado que \u00abel gobierno central, a trav\u00e9s de la CHS, cambia los mapas constantemente. De hecho, hasta el momento hemos contabilizado al menos cuatro versiones diferentes del mismo mapa de afecci\u00f3n. Se da la circunstancia de que el gobierno central no ha avisado en ning\u00fan momento a los afectados, sin dialogar ni con ellos ni con el Ayuntamiento.<\/p>\n<p dir=\"ltr\">Ruiz ha subrayado que \u00abeste proceso se ha convertido en una tortura, generando una incertidumbre total entre los vecinos y la propia administraci\u00f3n municipal, puesto que no se explica cu\u00e1les son los criterios que se aplican para pintar sobre los planos unas zonas u otras. Resulta incre\u00edble que estos mapas hayan cambiado en repetidas ocasiones cuando se supon\u00eda que estaban calculados para un periodo de 500 a\u00f1os. La falta de rigor es evidente.<\/p>\n<p dir=\"ltr\">La diputada regional lorquina ha reclamado suspender este proceso y \u00abresetear\u00bb toda la tramitaci\u00f3n, empezando desde cero con un nuevo proceso que se realice con transparencia, con criterios t\u00e9cnicos solventes y contando con los vecinos. Seguir adelante con este modelo es una torpeza y una terquedad porque existe consenso en Lorca sobre la necesidad de delimitar las Zonas de Flujo Preferente, pero con la seriedad e informaci\u00f3n directa que los ciudadanos merecen.<\/p>\n<p dir=\"ltr\">Por su parte, el concejal de Agricultura, Ganader\u00eda, Infraestructuras y Agua del Ayuntamiento de Lorca, \u00c1ngel Meca, ha se\u00f1alado que la propuesta actual \u00absupone un golpe dur\u00edsimo para el desarrollo del municipio, ya que podr\u00eda inutilizar m\u00e1s de 3.500 hect\u00e1reas de terreno y provocar p\u00e9rdidas estimadas en alrededor de 200 millones de euros\u00bb.<\/p>\n<p dir=\"ltr\">Meca ha criticado que \u00abse han trazado l\u00edneas arbitrarias que afectan a viviendas consolidadas, parcelas con licencia, explotaciones agr\u00edcolas productivas y negocios en funcionamiento, generando una enorme inseguridad jur\u00eddica para los propietarios\u00bb.<\/p>\n<p dir=\"ltr\">El edil ha insistido en que \u00abel Gobierno de Espa\u00f1a no puede seguir ignorando a los vecinos de Lorca ni mirar hacia otro lado mientras se bloquea el futuro de pedan\u00edas enteras\u00bb. Por ello, ha reclamado que \u00abse escuche a los afectados, se revisen los mapas con criterios t\u00e9cnicos rigurosos y se ejecuten de una vez las infraestructuras necesarias para proteger realmente a la poblaci\u00f3n frente a inundaciones\u00bb.<\/p>\n<p dir=\"ltr\"><strong>Presas de laminaci\u00f3n, canal de Biznaga y limpieza de ramblas.<\/strong><\/p>\n<p dir=\"ltr\">La diputada regional ha explicado que la moci\u00f3n presentada en la Asamblea Regional tambi\u00e9n reclama la ejecuci\u00f3n urgente de las infraestructuras hidr\u00e1ulicas previstas en el Plan de Defensa contra Inundaciones del Valle del Guadalent\u00edn, como las presas de laminaci\u00f3n y diques en las ramblas de B\u00e9jar, Nogalte y Torrecilla, el canal de desag\u00fce de la rambla de Biznaga y las actuaciones de limpieza y mantenimiento de cauces.<\/p>\n","protected":false},"excerpt":{"rendered":"<p>\u00c1REA LORCA RADIO. Actualidad. Lorca, 10 de marzo de 2026. Han transcurrido 6 a\u00f1os desde el inicio del procedimiento, y ni un solo vecino ha sido avisado de esta expropiaci\u00f3n masiva encubierta. De hecho, ni el Ministerio, ni la Confederaci\u00f3n, ni la Delegaci\u00f3n del Gobierno han mantenido ninguna reuni\u00f3n para informar a los miles de [&hellip;]<\/p>\n","protected":false},"author":1,"featured_media":9102,"comment_status":"open","ping_status":"open","sticky":false,"template":"","format":"standard","meta":{"iawp_total_views":18,"footnotes":""},"categories":[5,7],"tags":[],"class_list":["post-9099","post","type-post","status-publish","format-standard","has-post-thumbnail","hentry","category-actualidad","category-lorca"],"yoast_head":"<!-- This site is optimized with the Yoast SEO plugin v27.5 - https:\/\/yoast.com\/product\/yoast-seo-wordpress\/ -->\n<title>El Partido Popular de Lorca mantiene una reuni\u00f3n de trabajo con representantes vecinales de las pedan\u00edas m\u00e1s perjudicadas por las Zonas de Flujo Preferente (ZFP) - AREA LORCA RADIO<\/title>\n<meta name=\"robots\" content=\"index, follow, max-snippet:-1, max-image-preview:large, max-video-preview:-1\" \/>\n<link rel=\"canonical\" href=\"https:\/\/arealorcaradio.es\/index.php\/2026\/03\/10\/el-partido-popular-de-lorca-mantiene-una-reunion-de-trabajo-con-representantes-vecinales-de-las-pedanias-mas-perjudicadas-por-las-zonas-de-flujo-preferente-zfp\/\" \/>\n<meta property=\"og:locale\" content=\"es_ES\" \/>\n<meta property=\"og:type\" content=\"article\" \/>\n<meta property=\"og:title\" content=\"El Partido Popular de Lorca mantiene una reuni\u00f3n de trabajo con representantes vecinales de las pedan\u00edas m\u00e1s perjudicadas por las Zonas de Flujo Preferente (ZFP) - AREA LORCA RADIO\" \/>\n<meta property=\"og:description\" content=\"\u00c1REA LORCA RADIO. Actualidad. Lorca, 10 de marzo de 2026. Han transcurrido 6 a\u00f1os desde el inicio del procedimiento, y ni un solo vecino ha sido avisado de esta expropiaci\u00f3n masiva encubierta. De hecho, ni el Ministerio, ni la Confederaci\u00f3n, ni la Delegaci\u00f3n del Gobierno han mantenido ninguna reuni\u00f3n para informar a los miles de [&hellip;]\" \/>\n<meta property=\"og:url\" content=\"https:\/\/arealorcaradio.es\/index.php\/2026\/03\/10\/el-partido-popular-de-lorca-mantiene-una-reunion-de-trabajo-con-representantes-vecinales-de-las-pedanias-mas-perjudicadas-por-las-zonas-de-flujo-preferente-zfp\/\" \/>\n<meta property=\"og:site_name\" content=\"AREA LORCA RADIO\" \/>\n<meta property=\"article:published_time\" content=\"2026-03-10T14:53:27+00:00\" \/>\n<meta property=\"og:image\" content=\"https:\/\/arealorcaradio.es\/wp-content\/uploads\/2026\/03\/REUNION-MOCION-3.jpeg\" \/>\n\t<meta property=\"og:image:width\" content=\"1600\" \/>\n\t<meta property=\"og:image:height\" content=\"1066\" \/>\n\t<meta property=\"og:image:type\" content=\"image\/jpeg\" \/>\n<meta name=\"author\" content=\"Paco S\u00e1nchez\" \/>\n<meta name=\"twitter:card\" content=\"summary_large_image\" \/>\n<meta name=\"twitter:label1\" content=\"Escrito por\" \/>\n\t<meta name=\"twitter:data1\" content=\"Paco S\u00e1nchez\" \/>\n\t<meta name=\"twitter:label2\" content=\"Tiempo de lectura\" \/>\n\t<meta name=\"twitter:data2\" content=\"4 minutos\" \/>\n<script type=\"application\/ld+json\" class=\"yoast-schema-graph\">{\"@context\":\"https:\\\/\\\/schema.org\",\"@graph\":[{\"@type\":\"Article\",\"@id\":\"https:\\\/\\\/arealorcaradio.es\\\/index.php\\\/2026\\\/03\\\/10\\\/el-partido-popular-de-lorca-mantiene-una-reunion-de-trabajo-con-representantes-vecinales-de-las-pedanias-mas-perjudicadas-por-las-zonas-de-flujo-preferente-zfp\\\/#article\",\"isPartOf\":{\"@id\":\"https:\\\/\\\/arealorcaradio.es\\\/index.php\\\/2026\\\/03\\\/10\\\/el-partido-popular-de-lorca-mantiene-una-reunion-de-trabajo-con-representantes-vecinales-de-las-pedanias-mas-perjudicadas-por-las-zonas-de-flujo-preferente-zfp\\\/\"},\"author\":{\"name\":\"Paco S\u00e1nchez\",\"@id\":\"https:\\\/\\\/arealorcaradio.es\\\/#\\\/schema\\\/person\\\/9fae605fc25b0f2c83c1ab207139bd27\"},\"headline\":\"El Partido Popular de Lorca mantiene una reuni\u00f3n de trabajo con representantes vecinales de las pedan\u00edas m\u00e1s perjudicadas por las Zonas de Flujo Preferente (ZFP)\",\"datePublished\":\"2026-03-10T14:53:27+00:00\",\"mainEntityOfPage\":{\"@id\":\"https:\\\/\\\/arealorcaradio.es\\\/index.php\\\/2026\\\/03\\\/10\\\/el-partido-popular-de-lorca-mantiene-una-reunion-de-trabajo-con-representantes-vecinales-de-las-pedanias-mas-perjudicadas-por-las-zonas-de-flujo-preferente-zfp\\\/\"},\"wordCount\":757,\"commentCount\":0,\"image\":{\"@id\":\"https:\\\/\\\/arealorcaradio.es\\\/index.php\\\/2026\\\/03\\\/10\\\/el-partido-popular-de-lorca-mantiene-una-reunion-de-trabajo-con-representantes-vecinales-de-las-pedanias-mas-perjudicadas-por-las-zonas-de-flujo-preferente-zfp\\\/#primaryimage\"},\"thumbnailUrl\":\"https:\\\/\\\/arealorcaradio.es\\\/wp-content\\\/uploads\\\/2026\\\/03\\\/REUNION-MOCION-3.jpeg\",\"articleSection\":[\"ACTUALIDAD\",\"LORCA\"],\"inLanguage\":\"es\",\"potentialAction\":[{\"@type\":\"CommentAction\",\"name\":\"Comment\",\"target\":[\"https:\\\/\\\/arealorcaradio.es\\\/index.php\\\/2026\\\/03\\\/10\\\/el-partido-popular-de-lorca-mantiene-una-reunion-de-trabajo-con-representantes-vecinales-de-las-pedanias-mas-perjudicadas-por-las-zonas-de-flujo-preferente-zfp\\\/#respond\"]}]},{\"@type\":\"WebPage\",\"@id\":\"https:\\\/\\\/arealorcaradio.es\\\/index.php\\\/2026\\\/03\\\/10\\\/el-partido-popular-de-lorca-mantiene-una-reunion-de-trabajo-con-representantes-vecinales-de-las-pedanias-mas-perjudicadas-por-las-zonas-de-flujo-preferente-zfp\\\/\",\"url\":\"https:\\\/\\\/arealorcaradio.es\\\/index.php\\\/2026\\\/03\\\/10\\\/el-partido-popular-de-lorca-mantiene-una-reunion-de-trabajo-con-representantes-vecinales-de-las-pedanias-mas-perjudicadas-por-las-zonas-de-flujo-preferente-zfp\\\/\",\"name\":\"El Partido Popular de Lorca mantiene una reuni\u00f3n de trabajo con representantes vecinales de las pedan\u00edas m\u00e1s perjudicadas por las Zonas de Flujo Preferente (ZFP) - AREA LORCA RADIO\",\"isPartOf\":{\"@id\":\"https:\\\/\\\/arealorcaradio.es\\\/#website\"},\"primaryImageOfPage\":{\"@id\":\"https:\\\/\\\/arealorcaradio.es\\\/index.php\\\/2026\\\/03\\\/10\\\/el-partido-popular-de-lorca-mantiene-una-reunion-de-trabajo-con-representantes-vecinales-de-las-pedanias-mas-perjudicadas-por-las-zonas-de-flujo-preferente-zfp\\\/#primaryimage\"},\"image\":{\"@id\":\"https:\\\/\\\/arealorcaradio.es\\\/index.php\\\/2026\\\/03\\\/10\\\/el-partido-popular-de-lorca-mantiene-una-reunion-de-trabajo-con-representantes-vecinales-de-las-pedanias-mas-perjudicadas-por-las-zonas-de-flujo-preferente-zfp\\\/#primaryimage\"},\"thumbnailUrl\":\"https:\\\/\\\/arealorcaradio.es\\\/wp-content\\\/uploads\\\/2026\\\/03\\\/REUNION-MOCION-3.jpeg\",\"datePublished\":\"2026-03-10T14:53:27+00:00\",\"author\":{\"@id\":\"https:\\\/\\\/arealorcaradio.es\\\/#\\\/schema\\\/person\\\/9fae605fc25b0f2c83c1ab207139bd27\"},\"breadcrumb\":{\"@id\":\"https:\\\/\\\/arealorcaradio.es\\\/index.php\\\/2026\\\/03\\\/10\\\/el-partido-popular-de-lorca-mantiene-una-reunion-de-trabajo-con-representantes-vecinales-de-las-pedanias-mas-perjudicadas-por-las-zonas-de-flujo-preferente-zfp\\\/#breadcrumb\"},\"inLanguage\":\"es\",\"potentialAction\":[{\"@type\":\"ReadAction\",\"target\":[\"https:\\\/\\\/arealorcaradio.es\\\/index.php\\\/2026\\\/03\\\/10\\\/el-partido-popular-de-lorca-mantiene-una-reunion-de-trabajo-con-representantes-vecinales-de-las-pedanias-mas-perjudicadas-por-las-zonas-de-flujo-preferente-zfp\\\/\"]}]},{\"@type\":\"ImageObject\",\"inLanguage\":\"es\",\"@id\":\"https:\\\/\\\/arealorcaradio.es\\\/index.php\\\/2026\\\/03\\\/10\\\/el-partido-popular-de-lorca-mantiene-una-reunion-de-trabajo-con-representantes-vecinales-de-las-pedanias-mas-perjudicadas-por-las-zonas-de-flujo-preferente-zfp\\\/#primaryimage\",\"url\":\"https:\\\/\\\/arealorcaradio.es\\\/wp-content\\\/uploads\\\/2026\\\/03\\\/REUNION-MOCION-3.jpeg\",\"contentUrl\":\"https:\\\/\\\/arealorcaradio.es\\\/wp-content\\\/uploads\\\/2026\\\/03\\\/REUNION-MOCION-3.jpeg\",\"width\":1600,\"height\":1066},{\"@type\":\"BreadcrumbList\",\"@id\":\"https:\\\/\\\/arealorcaradio.es\\\/index.php\\\/2026\\\/03\\\/10\\\/el-partido-popular-de-lorca-mantiene-una-reunion-de-trabajo-con-representantes-vecinales-de-las-pedanias-mas-perjudicadas-por-las-zonas-de-flujo-preferente-zfp\\\/#breadcrumb\",\"itemListElement\":[{\"@type\":\"ListItem\",\"position\":1,\"name\":\"Portada\",\"item\":\"https:\\\/\\\/arealorcaradio.es\\\/\"},{\"@type\":\"ListItem\",\"position\":2,\"name\":\"El Partido Popular de Lorca mantiene una reuni\u00f3n de trabajo con representantes vecinales de las pedan\u00edas m\u00e1s perjudicadas por las Zonas de Flujo Preferente (ZFP)\"}]},{\"@type\":\"WebSite\",\"@id\":\"https:\\\/\\\/arealorcaradio.es\\\/#website\",\"url\":\"https:\\\/\\\/arealorcaradio.es\\\/\",\"name\":\"AREA LORCA RADIO\",\"description\":\"Descubre la programaci\u00f3n actual en \u00c1rea Lorca Radio, tu fuente de entrenamiento y noticias locales. Sintoniza ahora y mantente conectado online.\",\"potentialAction\":[{\"@type\":\"SearchAction\",\"target\":{\"@type\":\"EntryPoint\",\"urlTemplate\":\"https:\\\/\\\/arealorcaradio.es\\\/?s={search_term_string}\"},\"query-input\":{\"@type\":\"PropertyValueSpecification\",\"valueRequired\":true,\"valueName\":\"search_term_string\"}}],\"inLanguage\":\"es\"},{\"@type\":\"Person\",\"@id\":\"https:\\\/\\\/arealorcaradio.es\\\/#\\\/schema\\\/person\\\/9fae605fc25b0f2c83c1ab207139bd27\",\"name\":\"Paco S\u00e1nchez\",\"image\":{\"@type\":\"ImageObject\",\"inLanguage\":\"es\",\"@id\":\"https:\\\/\\\/secure.gravatar.com\\\/avatar\\\/d67144e966420fb74aa84c9f2a0103be4724fd14db52b52d3b6bca749f257e79?s=96&d=mm&r=g\",\"url\":\"https:\\\/\\\/secure.gravatar.com\\\/avatar\\\/d67144e966420fb74aa84c9f2a0103be4724fd14db52b52d3b6bca749f257e79?s=96&d=mm&r=g\",\"contentUrl\":\"https:\\\/\\\/secure.gravatar.com\\\/avatar\\\/d67144e966420fb74aa84c9f2a0103be4724fd14db52b52d3b6bca749f257e79?s=96&d=mm&r=g\",\"caption\":\"Paco S\u00e1nchez\"},\"sameAs\":[\"https:\\\/\\\/arealorcaradio.es\"],\"url\":\"https:\\\/\\\/arealorcaradio.es\\\/index.php\\\/author\\\/admin_alorcaradio\\\/\"}]}<\/script>\n<!-- \/ Yoast SEO plugin. -->","yoast_head_json":{"title":"El Partido Popular de Lorca mantiene una reuni\u00f3n de trabajo con representantes vecinales de las pedan\u00edas m\u00e1s perjudicadas por las Zonas de Flujo Preferente (ZFP) - AREA LORCA RADIO","robots":{"index":"index","follow":"follow","max-snippet":"max-snippet:-1","max-image-preview":"max-image-preview:large","max-video-preview":"max-video-preview:-1"},"canonical":"https:\/\/arealorcaradio.es\/index.php\/2026\/03\/10\/el-partido-popular-de-lorca-mantiene-una-reunion-de-trabajo-con-representantes-vecinales-de-las-pedanias-mas-perjudicadas-por-las-zonas-de-flujo-preferente-zfp\/","og_locale":"es_ES","og_type":"article","og_title":"El Partido Popular de Lorca mantiene una reuni\u00f3n de trabajo con representantes vecinales de las pedan\u00edas m\u00e1s perjudicadas por las Zonas de Flujo Preferente (ZFP) - AREA LORCA RADIO","og_description":"\u00c1REA LORCA RADIO. Actualidad. Lorca, 10 de marzo de 2026. Han transcurrido 6 a\u00f1os desde el inicio del procedimiento, y ni un solo vecino ha sido avisado de esta expropiaci\u00f3n masiva encubierta. De hecho, ni el Ministerio, ni la Confederaci\u00f3n, ni la Delegaci\u00f3n del Gobierno han mantenido ninguna reuni\u00f3n para informar a los miles de [&hellip;]","og_url":"https:\/\/arealorcaradio.es\/index.php\/2026\/03\/10\/el-partido-popular-de-lorca-mantiene-una-reunion-de-trabajo-con-representantes-vecinales-de-las-pedanias-mas-perjudicadas-por-las-zonas-de-flujo-preferente-zfp\/","og_site_name":"AREA LORCA RADIO","article_published_time":"2026-03-10T14:53:27+00:00","og_image":[{"width":1600,"height":1066,"url":"https:\/\/arealorcaradio.es\/wp-content\/uploads\/2026\/03\/REUNION-MOCION-3.jpeg","type":"image\/jpeg"}],"author":"Paco S\u00e1nchez","twitter_card":"summary_large_image","twitter_misc":{"Escrito por":"Paco S\u00e1nchez","Tiempo de lectura":"4 minutos"},"schema":{"@context":"https:\/\/schema.org","@graph":[{"@type":"Article","@id":"https:\/\/arealorcaradio.es\/index.php\/2026\/03\/10\/el-partido-popular-de-lorca-mantiene-una-reunion-de-trabajo-con-representantes-vecinales-de-las-pedanias-mas-perjudicadas-por-las-zonas-de-flujo-preferente-zfp\/#article","isPartOf":{"@id":"https:\/\/arealorcaradio.es\/index.php\/2026\/03\/10\/el-partido-popular-de-lorca-mantiene-una-reunion-de-trabajo-con-representantes-vecinales-de-las-pedanias-mas-perjudicadas-por-las-zonas-de-flujo-preferente-zfp\/"},"author":{"name":"Paco S\u00e1nchez","@id":"https:\/\/arealorcaradio.es\/#\/schema\/person\/9fae605fc25b0f2c83c1ab207139bd27"},"headline":"El Partido Popular de Lorca mantiene una reuni\u00f3n de trabajo con representantes vecinales de las pedan\u00edas m\u00e1s perjudicadas por las Zonas de Flujo Preferente (ZFP)","datePublished":"2026-03-10T14:53:27+00:00","mainEntityOfPage":{"@id":"https:\/\/arealorcaradio.es\/index.php\/2026\/03\/10\/el-partido-popular-de-lorca-mantiene-una-reunion-de-trabajo-con-representantes-vecinales-de-las-pedanias-mas-perjudicadas-por-las-zonas-de-flujo-preferente-zfp\/"},"wordCount":757,"commentCount":0,"image":{"@id":"https:\/\/arealorcaradio.es\/index.php\/2026\/03\/10\/el-partido-popular-de-lorca-mantiene-una-reunion-de-trabajo-con-representantes-vecinales-de-las-pedanias-mas-perjudicadas-por-las-zonas-de-flujo-preferente-zfp\/#primaryimage"},"thumbnailUrl":"https:\/\/arealorcaradio.es\/wp-content\/uploads\/2026\/03\/REUNION-MOCION-3.jpeg","articleSection":["ACTUALIDAD","LORCA"],"inLanguage":"es","potentialAction":[{"@type":"CommentAction","name":"Comment","target":["https:\/\/arealorcaradio.es\/index.php\/2026\/03\/10\/el-partido-popular-de-lorca-mantiene-una-reunion-de-trabajo-con-representantes-vecinales-de-las-pedanias-mas-perjudicadas-por-las-zonas-de-flujo-preferente-zfp\/#respond"]}]},{"@type":"WebPage","@id":"https:\/\/arealorcaradio.es\/index.php\/2026\/03\/10\/el-partido-popular-de-lorca-mantiene-una-reunion-de-trabajo-con-representantes-vecinales-de-las-pedanias-mas-perjudicadas-por-las-zonas-de-flujo-preferente-zfp\/","url":"https:\/\/arealorcaradio.es\/index.php\/2026\/03\/10\/el-partido-popular-de-lorca-mantiene-una-reunion-de-trabajo-con-representantes-vecinales-de-las-pedanias-mas-perjudicadas-por-las-zonas-de-flujo-preferente-zfp\/","name":"El Partido Popular de Lorca mantiene una reuni\u00f3n de trabajo con representantes vecinales de las pedan\u00edas m\u00e1s perjudicadas por las Zonas de Flujo Preferente (ZFP) - AREA LORCA RADIO","isPartOf":{"@id":"https:\/\/arealorcaradio.es\/#website"},"primaryImageOfPage":{"@id":"https:\/\/arealorcaradio.es\/index.php\/2026\/03\/10\/el-partido-popular-de-lorca-mantiene-una-reunion-de-trabajo-con-representantes-vecinales-de-las-pedanias-mas-perjudicadas-por-las-zonas-de-flujo-preferente-zfp\/#primaryimage"},"image":{"@id":"https:\/\/arealorcaradio.es\/index.php\/2026\/03\/10\/el-partido-popular-de-lorca-mantiene-una-reunion-de-trabajo-con-representantes-vecinales-de-las-pedanias-mas-perjudicadas-por-las-zonas-de-flujo-preferente-zfp\/#primaryimage"},"thumbnailUrl":"https:\/\/arealorcaradio.es\/wp-content\/uploads\/2026\/03\/REUNION-MOCION-3.jpeg","datePublished":"2026-03-10T14:53:27+00:00","author":{"@id":"https:\/\/arealorcaradio.es\/#\/schema\/person\/9fae605fc25b0f2c83c1ab207139bd27"},"breadcrumb":{"@id":"https:\/\/arealorcaradio.es\/index.php\/2026\/03\/10\/el-partido-popular-de-lorca-mantiene-una-reunion-de-trabajo-con-representantes-vecinales-de-las-pedanias-mas-perjudicadas-por-las-zonas-de-flujo-preferente-zfp\/#breadcrumb"},"inLanguage":"es","potentialAction":[{"@type":"ReadAction","target":["https:\/\/arealorcaradio.es\/index.php\/2026\/03\/10\/el-partido-popular-de-lorca-mantiene-una-reunion-de-trabajo-con-representantes-vecinales-de-las-pedanias-mas-perjudicadas-por-las-zonas-de-flujo-preferente-zfp\/"]}]},{"@type":"ImageObject","inLanguage":"es","@id":"https:\/\/arealorcaradio.es\/index.php\/2026\/03\/10\/el-partido-popular-de-lorca-mantiene-una-reunion-de-trabajo-con-representantes-vecinales-de-las-pedanias-mas-perjudicadas-por-las-zonas-de-flujo-preferente-zfp\/#primaryimage","url":"https:\/\/arealorcaradio.es\/wp-content\/uploads\/2026\/03\/REUNION-MOCION-3.jpeg","contentUrl":"https:\/\/arealorcaradio.es\/wp-content\/uploads\/2026\/03\/REUNION-MOCION-3.jpeg","width":1600,"height":1066},{"@type":"BreadcrumbList","@id":"https:\/\/arealorcaradio.es\/index.php\/2026\/03\/10\/el-partido-popular-de-lorca-mantiene-una-reunion-de-trabajo-con-representantes-vecinales-de-las-pedanias-mas-perjudicadas-por-las-zonas-de-flujo-preferente-zfp\/#breadcrumb","itemListElement":[{"@type":"ListItem","position":1,"name":"Portada","item":"https:\/\/arealorcaradio.es\/"},{"@type":"ListItem","position":2,"name":"El Partido Popular de Lorca mantiene una reuni\u00f3n de trabajo con representantes vecinales de las pedan\u00edas m\u00e1s perjudicadas por las Zonas de Flujo Preferente (ZFP)"}]},{"@type":"WebSite","@id":"https:\/\/arealorcaradio.es\/#website","url":"https:\/\/arealorcaradio.es\/","name":"AREA LORCA RADIO","description":"Descubre la programaci\u00f3n actual en \u00c1rea Lorca Radio, tu fuente de entrenamiento y noticias locales. Sintoniza ahora y mantente conectado online.","potentialAction":[{"@type":"SearchAction","target":{"@type":"EntryPoint","urlTemplate":"https:\/\/arealorcaradio.es\/?s={search_term_string}"},"query-input":{"@type":"PropertyValueSpecification","valueRequired":true,"valueName":"search_term_string"}}],"inLanguage":"es"},{"@type":"Person","@id":"https:\/\/arealorcaradio.es\/#\/schema\/person\/9fae605fc25b0f2c83c1ab207139bd27","name":"Paco S\u00e1nchez","image":{"@type":"ImageObject","inLanguage":"es","@id":"https:\/\/secure.gravatar.com\/avatar\/d67144e966420fb74aa84c9f2a0103be4724fd14db52b52d3b6bca749f257e79?s=96&d=mm&r=g","url":"https:\/\/secure.gravatar.com\/avatar\/d67144e966420fb74aa84c9f2a0103be4724fd14db52b52d3b6bca749f257e79?s=96&d=mm&r=g","contentUrl":"https:\/\/secure.gravatar.com\/avatar\/d67144e966420fb74aa84c9f2a0103be4724fd14db52b52d3b6bca749f257e79?s=96&d=mm&r=g","caption":"Paco S\u00e1nchez"},"sameAs":["https:\/\/arealorcaradio.es"],"url":"https:\/\/arealorcaradio.es\/index.php\/author\/admin_alorcaradio\/"}]}},"_links":{"self":[{"href":"https:\/\/arealorcaradio.es\/index.php\/wp-json\/wp\/v2\/posts\/9099","targetHints":{"allow":["GET"]}}],"collection":[{"href":"https:\/\/arealorcaradio.es\/index.php\/wp-json\/wp\/v2\/posts"}],"about":[{"href":"https:\/\/arealorcaradio.es\/index.php\/wp-json\/wp\/v2\/types\/post"}],"author":[{"embeddable":true,"href":"https:\/\/arealorcaradio.es\/index.php\/wp-json\/wp\/v2\/users\/1"}],"replies":[{"embeddable":true,"href":"https:\/\/arealorcaradio.es\/index.php\/wp-json\/wp\/v2\/comments?post=9099"}],"version-history":[{"count":3,"href":"https:\/\/arealorcaradio.es\/index.php\/wp-json\/wp\/v2\/posts\/9099\/revisions"}],"predecessor-version":[{"id":9105,"href":"https:\/\/arealorcaradio.es\/index.php\/wp-json\/wp\/v2\/posts\/9099\/revisions\/9105"}],"wp:featuredmedia":[{"embeddable":true,"href":"https:\/\/arealorcaradio.es\/index.php\/wp-json\/wp\/v2\/media\/9102"}],"wp:attachment":[{"href":"https:\/\/arealorcaradio.es\/index.php\/wp-json\/wp\/v2\/media?parent=9099"}],"wp:term":[{"taxonomy":"category","embeddable":true,"href":"https:\/\/arealorcaradio.es\/index.php\/wp-json\/wp\/v2\/categories?post=9099"},{"taxonomy":"post_tag","embeddable":true,"href":"https:\/\/arealorcaradio.es\/index.php\/wp-json\/wp\/v2\/tags?post=9099"}],"curies":[{"name":"wp","href":"https:\/\/api.w.org\/{rel}","templated":true}]}}