{"id":9092,"date":"2026-03-05T18:01:32","date_gmt":"2026-03-05T18:01:32","guid":{"rendered":"https:\/\/arealorcaradio.es\/?p=9092"},"modified":"2026-03-05T18:01:32","modified_gmt":"2026-03-05T18:01:32","slug":"juan-francisco-gomez-empresas-de-riegos-y-carnicas-del-guadalentin-que-operan-en-oriente-medio-ya-se-estan-viendo-afectadas","status":"publish","type":"post","link":"https:\/\/arealorcaradio.es\/index.php\/2026\/03\/05\/juan-francisco-gomez-empresas-de-riegos-y-carnicas-del-guadalentin-que-operan-en-oriente-medio-ya-se-estan-viendo-afectadas\/","title":{"rendered":"\u00abJuan Francisco G\u00f3mez: \u00abEmpresas de riegos y c\u00e1rnicas del Guadalent\u00edn que operan en Oriente Medio ya se est\u00e1n viendo afectadas\u00bb"},"content":{"rendered":"<p><strong>\u00c1REA LORCA RADIO. Actualidad.<\/strong><\/p>\n<p>El presidente de la C\u00e1mara de Comercio e Industria de Lorca ha intervenido en el magazine de \u00c1rea Lorca Radio para expresar su punto de vista sobre la afecci\u00f3n del conflicto b\u00e9lico de Oriente Media a empresas de nuestra comarca que operan en esa zona, como empresas de material de riego y c\u00e1rnicas.<\/p>\n<audio class=\"wp-audio-shortcode\" id=\"audio-9092-1\" preload=\"none\" style=\"width: 100%;\" controls=\"controls\"><source type=\"audio\/mpeg\" src=\"https:\/\/arealorcaradio.es\/wp-content\/uploads\/2026\/03\/050326-JUAN-FRANCISCO-GOMEZ.-CAMARA.-CONFLICTO-BELICO.mp3?_=1\" \/><a href=\"https:\/\/arealorcaradio.es\/wp-content\/uploads\/2026\/03\/050326-JUAN-FRANCISCO-GOMEZ.-CAMARA.-CONFLICTO-BELICO.mp3\">https:\/\/arealorcaradio.es\/wp-content\/uploads\/2026\/03\/050326-JUAN-FRANCISCO-GOMEZ.-CAMARA.-CONFLICTO-BELICO.mp3<\/a><\/audio>\n","protected":false},"excerpt":{"rendered":"<p>\u00c1REA LORCA RADIO. Actualidad. El presidente de la C\u00e1mara de Comercio e Industria de Lorca ha intervenido en el magazine de \u00c1rea Lorca Radio para expresar su punto de vista sobre la afecci\u00f3n del conflicto b\u00e9lico de Oriente Media a empresas de nuestra comarca que operan en esa zona, como empresas de material de riego [&hellip;]<\/p>\n","protected":false},"author":1,"featured_media":9094,"comment_status":"open","ping_status":"open","sticky":false,"template":"","format":"standard","meta":{"iawp_total_views":65,"footnotes":""},"categories":[5,7],"tags":[],"class_list":["post-9092","post","type-post","status-publish","format-standard","has-post-thumbnail","hentry","category-actualidad","category-lorca"],"yoast_head":"<!-- This site is optimized with the Yoast SEO plugin v27.5 - https:\/\/yoast.com\/product\/yoast-seo-wordpress\/ -->\n<title>&quot;Juan Francisco G\u00f3mez: &quot;Empresas de riegos y c\u00e1rnicas del Guadalent\u00edn que operan en Oriente Medio ya se est\u00e1n viendo afectadas&quot; - AREA LORCA RADIO<\/title>\n<meta name=\"robots\" content=\"index, follow, max-snippet:-1, max-image-preview:large, max-video-preview:-1\" \/>\n<link rel=\"canonical\" href=\"https:\/\/arealorcaradio.es\/index.php\/2026\/03\/05\/juan-francisco-gomez-empresas-de-riegos-y-carnicas-del-guadalentin-que-operan-en-oriente-medio-ya-se-estan-viendo-afectadas\/\" \/>\n<meta property=\"og:locale\" content=\"es_ES\" \/>\n<meta property=\"og:type\" content=\"article\" \/>\n<meta property=\"og:title\" content=\"&quot;Juan Francisco G\u00f3mez: &quot;Empresas de riegos y c\u00e1rnicas del Guadalent\u00edn que operan en Oriente Medio ya se est\u00e1n viendo afectadas&quot; - AREA LORCA RADIO\" \/>\n<meta property=\"og:description\" content=\"\u00c1REA LORCA RADIO. Actualidad. El presidente de la C\u00e1mara de Comercio e Industria de Lorca ha intervenido en el magazine de \u00c1rea Lorca Radio para expresar su punto de vista sobre la afecci\u00f3n del conflicto b\u00e9lico de Oriente Media a empresas de nuestra comarca que operan en esa zona, como empresas de material de riego [&hellip;]\" \/>\n<meta property=\"og:url\" content=\"https:\/\/arealorcaradio.es\/index.php\/2026\/03\/05\/juan-francisco-gomez-empresas-de-riegos-y-carnicas-del-guadalentin-que-operan-en-oriente-medio-ya-se-estan-viendo-afectadas\/\" \/>\n<meta property=\"og:site_name\" content=\"AREA LORCA RADIO\" \/>\n<meta property=\"article:published_time\" content=\"2026-03-05T18:01:32+00:00\" \/>\n<meta property=\"og:image\" content=\"https:\/\/arealorcaradio.es\/wp-content\/uploads\/2026\/03\/Juan-Francisco-Gomez.jpg\" \/>\n\t<meta property=\"og:image:width\" content=\"940\" \/>\n\t<meta property=\"og:image:height\" content=\"788\" \/>\n\t<meta property=\"og:image:type\" content=\"image\/jpeg\" \/>\n<meta name=\"author\" content=\"Paco S\u00e1nchez\" \/>\n<meta name=\"twitter:card\" content=\"summary_large_image\" \/>\n<meta name=\"twitter:label1\" content=\"Escrito por\" \/>\n\t<meta name=\"twitter:data1\" content=\"Paco S\u00e1nchez\" \/>\n\t<meta name=\"twitter:label2\" content=\"Tiempo de lectura\" \/>\n\t<meta name=\"twitter:data2\" content=\"1 minuto\" \/>\n<script type=\"application\/ld+json\" class=\"yoast-schema-graph\">{\"@context\":\"https:\\\/\\\/schema.org\",\"@graph\":[{\"@type\":\"Article\",\"@id\":\"https:\\\/\\\/arealorcaradio.es\\\/index.php\\\/2026\\\/03\\\/05\\\/juan-francisco-gomez-empresas-de-riegos-y-carnicas-del-guadalentin-que-operan-en-oriente-medio-ya-se-estan-viendo-afectadas\\\/#article\",\"isPartOf\":{\"@id\":\"https:\\\/\\\/arealorcaradio.es\\\/index.php\\\/2026\\\/03\\\/05\\\/juan-francisco-gomez-empresas-de-riegos-y-carnicas-del-guadalentin-que-operan-en-oriente-medio-ya-se-estan-viendo-afectadas\\\/\"},\"author\":{\"name\":\"Paco S\u00e1nchez\",\"@id\":\"https:\\\/\\\/arealorcaradio.es\\\/#\\\/schema\\\/person\\\/9fae605fc25b0f2c83c1ab207139bd27\"},\"headline\":\"\u00abJuan Francisco G\u00f3mez: \u00abEmpresas de riegos y c\u00e1rnicas del Guadalent\u00edn que operan en Oriente Medio ya se est\u00e1n viendo afectadas\u00bb\",\"datePublished\":\"2026-03-05T18:01:32+00:00\",\"mainEntityOfPage\":{\"@id\":\"https:\\\/\\\/arealorcaradio.es\\\/index.php\\\/2026\\\/03\\\/05\\\/juan-francisco-gomez-empresas-de-riegos-y-carnicas-del-guadalentin-que-operan-en-oriente-medio-ya-se-estan-viendo-afectadas\\\/\"},\"wordCount\":97,\"commentCount\":0,\"image\":{\"@id\":\"https:\\\/\\\/arealorcaradio.es\\\/index.php\\\/2026\\\/03\\\/05\\\/juan-francisco-gomez-empresas-de-riegos-y-carnicas-del-guadalentin-que-operan-en-oriente-medio-ya-se-estan-viendo-afectadas\\\/#primaryimage\"},\"thumbnailUrl\":\"https:\\\/\\\/arealorcaradio.es\\\/wp-content\\\/uploads\\\/2026\\\/03\\\/Juan-Francisco-Gomez.jpg\",\"articleSection\":[\"ACTUALIDAD\",\"LORCA\"],\"inLanguage\":\"es\",\"potentialAction\":[{\"@type\":\"CommentAction\",\"name\":\"Comment\",\"target\":[\"https:\\\/\\\/arealorcaradio.es\\\/index.php\\\/2026\\\/03\\\/05\\\/juan-francisco-gomez-empresas-de-riegos-y-carnicas-del-guadalentin-que-operan-en-oriente-medio-ya-se-estan-viendo-afectadas\\\/#respond\"]}]},{\"@type\":\"WebPage\",\"@id\":\"https:\\\/\\\/arealorcaradio.es\\\/index.php\\\/2026\\\/03\\\/05\\\/juan-francisco-gomez-empresas-de-riegos-y-carnicas-del-guadalentin-que-operan-en-oriente-medio-ya-se-estan-viendo-afectadas\\\/\",\"url\":\"https:\\\/\\\/arealorcaradio.es\\\/index.php\\\/2026\\\/03\\\/05\\\/juan-francisco-gomez-empresas-de-riegos-y-carnicas-del-guadalentin-que-operan-en-oriente-medio-ya-se-estan-viendo-afectadas\\\/\",\"name\":\"\\\"Juan Francisco G\u00f3mez: \\\"Empresas de riegos y c\u00e1rnicas del Guadalent\u00edn que operan en Oriente Medio ya se est\u00e1n viendo afectadas\\\" - AREA LORCA RADIO\",\"isPartOf\":{\"@id\":\"https:\\\/\\\/arealorcaradio.es\\\/#website\"},\"primaryImageOfPage\":{\"@id\":\"https:\\\/\\\/arealorcaradio.es\\\/index.php\\\/2026\\\/03\\\/05\\\/juan-francisco-gomez-empresas-de-riegos-y-carnicas-del-guadalentin-que-operan-en-oriente-medio-ya-se-estan-viendo-afectadas\\\/#primaryimage\"},\"image\":{\"@id\":\"https:\\\/\\\/arealorcaradio.es\\\/index.php\\\/2026\\\/03\\\/05\\\/juan-francisco-gomez-empresas-de-riegos-y-carnicas-del-guadalentin-que-operan-en-oriente-medio-ya-se-estan-viendo-afectadas\\\/#primaryimage\"},\"thumbnailUrl\":\"https:\\\/\\\/arealorcaradio.es\\\/wp-content\\\/uploads\\\/2026\\\/03\\\/Juan-Francisco-Gomez.jpg\",\"datePublished\":\"2026-03-05T18:01:32+00:00\",\"author\":{\"@id\":\"https:\\\/\\\/arealorcaradio.es\\\/#\\\/schema\\\/person\\\/9fae605fc25b0f2c83c1ab207139bd27\"},\"breadcrumb\":{\"@id\":\"https:\\\/\\\/arealorcaradio.es\\\/index.php\\\/2026\\\/03\\\/05\\\/juan-francisco-gomez-empresas-de-riegos-y-carnicas-del-guadalentin-que-operan-en-oriente-medio-ya-se-estan-viendo-afectadas\\\/#breadcrumb\"},\"inLanguage\":\"es\",\"potentialAction\":[{\"@type\":\"ReadAction\",\"target\":[\"https:\\\/\\\/arealorcaradio.es\\\/index.php\\\/2026\\\/03\\\/05\\\/juan-francisco-gomez-empresas-de-riegos-y-carnicas-del-guadalentin-que-operan-en-oriente-medio-ya-se-estan-viendo-afectadas\\\/\"]}]},{\"@type\":\"ImageObject\",\"inLanguage\":\"es\",\"@id\":\"https:\\\/\\\/arealorcaradio.es\\\/index.php\\\/2026\\\/03\\\/05\\\/juan-francisco-gomez-empresas-de-riegos-y-carnicas-del-guadalentin-que-operan-en-oriente-medio-ya-se-estan-viendo-afectadas\\\/#primaryimage\",\"url\":\"https:\\\/\\\/arealorcaradio.es\\\/wp-content\\\/uploads\\\/2026\\\/03\\\/Juan-Francisco-Gomez.jpg\",\"contentUrl\":\"https:\\\/\\\/arealorcaradio.es\\\/wp-content\\\/uploads\\\/2026\\\/03\\\/Juan-Francisco-Gomez.jpg\",\"width\":940,\"height\":788},{\"@type\":\"BreadcrumbList\",\"@id\":\"https:\\\/\\\/arealorcaradio.es\\\/index.php\\\/2026\\\/03\\\/05\\\/juan-francisco-gomez-empresas-de-riegos-y-carnicas-del-guadalentin-que-operan-en-oriente-medio-ya-se-estan-viendo-afectadas\\\/#breadcrumb\",\"itemListElement\":[{\"@type\":\"ListItem\",\"position\":1,\"name\":\"Portada\",\"item\":\"https:\\\/\\\/arealorcaradio.es\\\/\"},{\"@type\":\"ListItem\",\"position\":2,\"name\":\"\u00abJuan Francisco G\u00f3mez: \u00abEmpresas de riegos y c\u00e1rnicas del Guadalent\u00edn que operan en Oriente Medio ya se est\u00e1n viendo afectadas\u00bb\"}]},{\"@type\":\"WebSite\",\"@id\":\"https:\\\/\\\/arealorcaradio.es\\\/#website\",\"url\":\"https:\\\/\\\/arealorcaradio.es\\\/\",\"name\":\"AREA LORCA RADIO\",\"description\":\"Descubre la programaci\u00f3n actual en \u00c1rea Lorca Radio, tu fuente de entrenamiento y noticias locales. Sintoniza ahora y mantente conectado online.\",\"potentialAction\":[{\"@type\":\"SearchAction\",\"target\":{\"@type\":\"EntryPoint\",\"urlTemplate\":\"https:\\\/\\\/arealorcaradio.es\\\/?s={search_term_string}\"},\"query-input\":{\"@type\":\"PropertyValueSpecification\",\"valueRequired\":true,\"valueName\":\"search_term_string\"}}],\"inLanguage\":\"es\"},{\"@type\":\"Person\",\"@id\":\"https:\\\/\\\/arealorcaradio.es\\\/#\\\/schema\\\/person\\\/9fae605fc25b0f2c83c1ab207139bd27\",\"name\":\"Paco S\u00e1nchez\",\"image\":{\"@type\":\"ImageObject\",\"inLanguage\":\"es\",\"@id\":\"https:\\\/\\\/secure.gravatar.com\\\/avatar\\\/d67144e966420fb74aa84c9f2a0103be4724fd14db52b52d3b6bca749f257e79?s=96&d=mm&r=g\",\"url\":\"https:\\\/\\\/secure.gravatar.com\\\/avatar\\\/d67144e966420fb74aa84c9f2a0103be4724fd14db52b52d3b6bca749f257e79?s=96&d=mm&r=g\",\"contentUrl\":\"https:\\\/\\\/secure.gravatar.com\\\/avatar\\\/d67144e966420fb74aa84c9f2a0103be4724fd14db52b52d3b6bca749f257e79?s=96&d=mm&r=g\",\"caption\":\"Paco S\u00e1nchez\"},\"sameAs\":[\"https:\\\/\\\/arealorcaradio.es\"],\"url\":\"https:\\\/\\\/arealorcaradio.es\\\/index.php\\\/author\\\/admin_alorcaradio\\\/\"}]}<\/script>\n<!-- \/ Yoast SEO plugin. -->","yoast_head_json":{"title":"\"Juan Francisco G\u00f3mez: \"Empresas de riegos y c\u00e1rnicas del Guadalent\u00edn que operan en Oriente Medio ya se est\u00e1n viendo afectadas\" - AREA LORCA RADIO","robots":{"index":"index","follow":"follow","max-snippet":"max-snippet:-1","max-image-preview":"max-image-preview:large","max-video-preview":"max-video-preview:-1"},"canonical":"https:\/\/arealorcaradio.es\/index.php\/2026\/03\/05\/juan-francisco-gomez-empresas-de-riegos-y-carnicas-del-guadalentin-que-operan-en-oriente-medio-ya-se-estan-viendo-afectadas\/","og_locale":"es_ES","og_type":"article","og_title":"\"Juan Francisco G\u00f3mez: \"Empresas de riegos y c\u00e1rnicas del Guadalent\u00edn que operan en Oriente Medio ya se est\u00e1n viendo afectadas\" - AREA LORCA RADIO","og_description":"\u00c1REA LORCA RADIO. Actualidad. El presidente de la C\u00e1mara de Comercio e Industria de Lorca ha intervenido en el magazine de \u00c1rea Lorca Radio para expresar su punto de vista sobre la afecci\u00f3n del conflicto b\u00e9lico de Oriente Media a empresas de nuestra comarca que operan en esa zona, como empresas de material de riego [&hellip;]","og_url":"https:\/\/arealorcaradio.es\/index.php\/2026\/03\/05\/juan-francisco-gomez-empresas-de-riegos-y-carnicas-del-guadalentin-que-operan-en-oriente-medio-ya-se-estan-viendo-afectadas\/","og_site_name":"AREA LORCA RADIO","article_published_time":"2026-03-05T18:01:32+00:00","og_image":[{"width":940,"height":788,"url":"https:\/\/arealorcaradio.es\/wp-content\/uploads\/2026\/03\/Juan-Francisco-Gomez.jpg","type":"image\/jpeg"}],"author":"Paco S\u00e1nchez","twitter_card":"summary_large_image","twitter_misc":{"Escrito por":"Paco S\u00e1nchez","Tiempo de lectura":"1 minuto"},"schema":{"@context":"https:\/\/schema.org","@graph":[{"@type":"Article","@id":"https:\/\/arealorcaradio.es\/index.php\/2026\/03\/05\/juan-francisco-gomez-empresas-de-riegos-y-carnicas-del-guadalentin-que-operan-en-oriente-medio-ya-se-estan-viendo-afectadas\/#article","isPartOf":{"@id":"https:\/\/arealorcaradio.es\/index.php\/2026\/03\/05\/juan-francisco-gomez-empresas-de-riegos-y-carnicas-del-guadalentin-que-operan-en-oriente-medio-ya-se-estan-viendo-afectadas\/"},"author":{"name":"Paco S\u00e1nchez","@id":"https:\/\/arealorcaradio.es\/#\/schema\/person\/9fae605fc25b0f2c83c1ab207139bd27"},"headline":"\u00abJuan Francisco G\u00f3mez: \u00abEmpresas de riegos y c\u00e1rnicas del Guadalent\u00edn que operan en Oriente Medio ya se est\u00e1n viendo afectadas\u00bb","datePublished":"2026-03-05T18:01:32+00:00","mainEntityOfPage":{"@id":"https:\/\/arealorcaradio.es\/index.php\/2026\/03\/05\/juan-francisco-gomez-empresas-de-riegos-y-carnicas-del-guadalentin-que-operan-en-oriente-medio-ya-se-estan-viendo-afectadas\/"},"wordCount":97,"commentCount":0,"image":{"@id":"https:\/\/arealorcaradio.es\/index.php\/2026\/03\/05\/juan-francisco-gomez-empresas-de-riegos-y-carnicas-del-guadalentin-que-operan-en-oriente-medio-ya-se-estan-viendo-afectadas\/#primaryimage"},"thumbnailUrl":"https:\/\/arealorcaradio.es\/wp-content\/uploads\/2026\/03\/Juan-Francisco-Gomez.jpg","articleSection":["ACTUALIDAD","LORCA"],"inLanguage":"es","potentialAction":[{"@type":"CommentAction","name":"Comment","target":["https:\/\/arealorcaradio.es\/index.php\/2026\/03\/05\/juan-francisco-gomez-empresas-de-riegos-y-carnicas-del-guadalentin-que-operan-en-oriente-medio-ya-se-estan-viendo-afectadas\/#respond"]}]},{"@type":"WebPage","@id":"https:\/\/arealorcaradio.es\/index.php\/2026\/03\/05\/juan-francisco-gomez-empresas-de-riegos-y-carnicas-del-guadalentin-que-operan-en-oriente-medio-ya-se-estan-viendo-afectadas\/","url":"https:\/\/arealorcaradio.es\/index.php\/2026\/03\/05\/juan-francisco-gomez-empresas-de-riegos-y-carnicas-del-guadalentin-que-operan-en-oriente-medio-ya-se-estan-viendo-afectadas\/","name":"\"Juan Francisco G\u00f3mez: \"Empresas de riegos y c\u00e1rnicas del Guadalent\u00edn que operan en Oriente Medio ya se est\u00e1n viendo afectadas\" - AREA LORCA RADIO","isPartOf":{"@id":"https:\/\/arealorcaradio.es\/#website"},"primaryImageOfPage":{"@id":"https:\/\/arealorcaradio.es\/index.php\/2026\/03\/05\/juan-francisco-gomez-empresas-de-riegos-y-carnicas-del-guadalentin-que-operan-en-oriente-medio-ya-se-estan-viendo-afectadas\/#primaryimage"},"image":{"@id":"https:\/\/arealorcaradio.es\/index.php\/2026\/03\/05\/juan-francisco-gomez-empresas-de-riegos-y-carnicas-del-guadalentin-que-operan-en-oriente-medio-ya-se-estan-viendo-afectadas\/#primaryimage"},"thumbnailUrl":"https:\/\/arealorcaradio.es\/wp-content\/uploads\/2026\/03\/Juan-Francisco-Gomez.jpg","datePublished":"2026-03-05T18:01:32+00:00","author":{"@id":"https:\/\/arealorcaradio.es\/#\/schema\/person\/9fae605fc25b0f2c83c1ab207139bd27"},"breadcrumb":{"@id":"https:\/\/arealorcaradio.es\/index.php\/2026\/03\/05\/juan-francisco-gomez-empresas-de-riegos-y-carnicas-del-guadalentin-que-operan-en-oriente-medio-ya-se-estan-viendo-afectadas\/#breadcrumb"},"inLanguage":"es","potentialAction":[{"@type":"ReadAction","target":["https:\/\/arealorcaradio.es\/index.php\/2026\/03\/05\/juan-francisco-gomez-empresas-de-riegos-y-carnicas-del-guadalentin-que-operan-en-oriente-medio-ya-se-estan-viendo-afectadas\/"]}]},{"@type":"ImageObject","inLanguage":"es","@id":"https:\/\/arealorcaradio.es\/index.php\/2026\/03\/05\/juan-francisco-gomez-empresas-de-riegos-y-carnicas-del-guadalentin-que-operan-en-oriente-medio-ya-se-estan-viendo-afectadas\/#primaryimage","url":"https:\/\/arealorcaradio.es\/wp-content\/uploads\/2026\/03\/Juan-Francisco-Gomez.jpg","contentUrl":"https:\/\/arealorcaradio.es\/wp-content\/uploads\/2026\/03\/Juan-Francisco-Gomez.jpg","width":940,"height":788},{"@type":"BreadcrumbList","@id":"https:\/\/arealorcaradio.es\/index.php\/2026\/03\/05\/juan-francisco-gomez-empresas-de-riegos-y-carnicas-del-guadalentin-que-operan-en-oriente-medio-ya-se-estan-viendo-afectadas\/#breadcrumb","itemListElement":[{"@type":"ListItem","position":1,"name":"Portada","item":"https:\/\/arealorcaradio.es\/"},{"@type":"ListItem","position":2,"name":"\u00abJuan Francisco G\u00f3mez: \u00abEmpresas de riegos y c\u00e1rnicas del Guadalent\u00edn que operan en Oriente Medio ya se est\u00e1n viendo afectadas\u00bb"}]},{"@type":"WebSite","@id":"https:\/\/arealorcaradio.es\/#website","url":"https:\/\/arealorcaradio.es\/","name":"AREA LORCA RADIO","description":"Descubre la programaci\u00f3n actual en \u00c1rea Lorca Radio, tu fuente de entrenamiento y noticias locales. Sintoniza ahora y mantente conectado online.","potentialAction":[{"@type":"SearchAction","target":{"@type":"EntryPoint","urlTemplate":"https:\/\/arealorcaradio.es\/?s={search_term_string}"},"query-input":{"@type":"PropertyValueSpecification","valueRequired":true,"valueName":"search_term_string"}}],"inLanguage":"es"},{"@type":"Person","@id":"https:\/\/arealorcaradio.es\/#\/schema\/person\/9fae605fc25b0f2c83c1ab207139bd27","name":"Paco S\u00e1nchez","image":{"@type":"ImageObject","inLanguage":"es","@id":"https:\/\/secure.gravatar.com\/avatar\/d67144e966420fb74aa84c9f2a0103be4724fd14db52b52d3b6bca749f257e79?s=96&d=mm&r=g","url":"https:\/\/secure.gravatar.com\/avatar\/d67144e966420fb74aa84c9f2a0103be4724fd14db52b52d3b6bca749f257e79?s=96&d=mm&r=g","contentUrl":"https:\/\/secure.gravatar.com\/avatar\/d67144e966420fb74aa84c9f2a0103be4724fd14db52b52d3b6bca749f257e79?s=96&d=mm&r=g","caption":"Paco S\u00e1nchez"},"sameAs":["https:\/\/arealorcaradio.es"],"url":"https:\/\/arealorcaradio.es\/index.php\/author\/admin_alorcaradio\/"}]}},"_links":{"self":[{"href":"https:\/\/arealorcaradio.es\/index.php\/wp-json\/wp\/v2\/posts\/9092","targetHints":{"allow":["GET"]}}],"collection":[{"href":"https:\/\/arealorcaradio.es\/index.php\/wp-json\/wp\/v2\/posts"}],"about":[{"href":"https:\/\/arealorcaradio.es\/index.php\/wp-json\/wp\/v2\/types\/post"}],"author":[{"embeddable":true,"href":"https:\/\/arealorcaradio.es\/index.php\/wp-json\/wp\/v2\/users\/1"}],"replies":[{"embeddable":true,"href":"https:\/\/arealorcaradio.es\/index.php\/wp-json\/wp\/v2\/comments?post=9092"}],"version-history":[{"count":1,"href":"https:\/\/arealorcaradio.es\/index.php\/wp-json\/wp\/v2\/posts\/9092\/revisions"}],"predecessor-version":[{"id":9095,"href":"https:\/\/arealorcaradio.es\/index.php\/wp-json\/wp\/v2\/posts\/9092\/revisions\/9095"}],"wp:featuredmedia":[{"embeddable":true,"href":"https:\/\/arealorcaradio.es\/index.php\/wp-json\/wp\/v2\/media\/9094"}],"wp:attachment":[{"href":"https:\/\/arealorcaradio.es\/index.php\/wp-json\/wp\/v2\/media?parent=9092"}],"wp:term":[{"taxonomy":"category","embeddable":true,"href":"https:\/\/arealorcaradio.es\/index.php\/wp-json\/wp\/v2\/categories?post=9092"},{"taxonomy":"post_tag","embeddable":true,"href":"https:\/\/arealorcaradio.es\/index.php\/wp-json\/wp\/v2\/tags?post=9092"}],"curies":[{"name":"wp","href":"https:\/\/api.w.org\/{rel}","templated":true}]}}