{"id":9084,"date":"2026-03-05T08:54:20","date_gmt":"2026-03-05T08:54:20","guid":{"rendered":"https:\/\/arealorcaradio.es\/?p=9084"},"modified":"2026-03-05T08:56:51","modified_gmt":"2026-03-05T08:56:51","slug":"la-jornada-25-de-los-trofeos-el-mejor-del-lorca-deportiva-deja-a-adri-heredia-y-sergi-monteverde-como-los-mas-destacados","status":"publish","type":"post","link":"https:\/\/arealorcaradio.es\/index.php\/2026\/03\/05\/la-jornada-25-de-los-trofeos-el-mejor-del-lorca-deportiva-deja-a-adri-heredia-y-sergi-monteverde-como-los-mas-destacados\/","title":{"rendered":"La jornada 25 de los trofeos \u00abEl mejor del Lorca Deportiva\u00bb deja a Adri Heredia y Sergi Monteverde como los m\u00e1s destacados"},"content":{"rendered":"<p><strong>\u00c1REA LORCA RADIO. Deportes.<\/strong><\/p>\n<p>Escucha aqu\u00ed las clasificaciones de los once trofeos que esta temporada 2025-26 otorga \u00c1rea Lorca Radio gracias a la colaboraci\u00f3n y patrocino de empresas y entidades.<\/p>\n<audio class=\"wp-audio-shortcode\" id=\"audio-9084-1\" preload=\"none\" style=\"width: 100%;\" controls=\"controls\"><source type=\"audio\/mpeg\" src=\"https:\/\/arealorcaradio.es\/wp-content\/uploads\/2026\/03\/040326-TROFEOS-EL-MEJOR.-JORNADA-25.mp3?_=1\" \/><a href=\"https:\/\/arealorcaradio.es\/wp-content\/uploads\/2026\/03\/040326-TROFEOS-EL-MEJOR.-JORNADA-25.mp3\">https:\/\/arealorcaradio.es\/wp-content\/uploads\/2026\/03\/040326-TROFEOS-EL-MEJOR.-JORNADA-25.mp3<\/a><\/audio>\n","protected":false},"excerpt":{"rendered":"<p>\u00c1REA LORCA RADIO. Deportes. Escucha aqu\u00ed las clasificaciones de los once trofeos que esta temporada 2025-26 otorga \u00c1rea Lorca Radio gracias a la colaboraci\u00f3n y patrocino de empresas y entidades.<\/p>\n","protected":false},"author":1,"featured_media":9086,"comment_status":"open","ping_status":"open","sticky":false,"template":"","format":"standard","meta":{"iawp_total_views":31,"footnotes":""},"categories":[4,7],"tags":[],"class_list":["post-9084","post","type-post","status-publish","format-standard","has-post-thumbnail","hentry","category-deportes","category-lorca"],"yoast_head":"<!-- This site is optimized with the Yoast SEO plugin v27.5 - https:\/\/yoast.com\/product\/yoast-seo-wordpress\/ -->\n<title>La jornada 25 de los trofeos &quot;El mejor del Lorca Deportiva&quot; deja a Adri Heredia y Sergi Monteverde como los m\u00e1s destacados - AREA LORCA RADIO<\/title>\n<meta name=\"robots\" content=\"index, follow, max-snippet:-1, max-image-preview:large, max-video-preview:-1\" \/>\n<link rel=\"canonical\" href=\"https:\/\/arealorcaradio.es\/index.php\/2026\/03\/05\/la-jornada-25-de-los-trofeos-el-mejor-del-lorca-deportiva-deja-a-adri-heredia-y-sergi-monteverde-como-los-mas-destacados\/\" \/>\n<meta property=\"og:locale\" content=\"es_ES\" \/>\n<meta property=\"og:type\" content=\"article\" \/>\n<meta property=\"og:title\" content=\"La jornada 25 de los trofeos &quot;El mejor del Lorca Deportiva&quot; deja a Adri Heredia y Sergi Monteverde como los m\u00e1s destacados - AREA LORCA RADIO\" \/>\n<meta property=\"og:description\" content=\"\u00c1REA LORCA RADIO. Deportes. Escucha aqu\u00ed las clasificaciones de los once trofeos que esta temporada 2025-26 otorga \u00c1rea Lorca Radio gracias a la colaboraci\u00f3n y patrocino de empresas y entidades.\" \/>\n<meta property=\"og:url\" content=\"https:\/\/arealorcaradio.es\/index.php\/2026\/03\/05\/la-jornada-25-de-los-trofeos-el-mejor-del-lorca-deportiva-deja-a-adri-heredia-y-sergi-monteverde-como-los-mas-destacados\/\" \/>\n<meta property=\"og:site_name\" content=\"AREA LORCA RADIO\" \/>\n<meta property=\"article:published_time\" content=\"2026-03-05T08:54:20+00:00\" \/>\n<meta property=\"article:modified_time\" content=\"2026-03-05T08:56:51+00:00\" \/>\n<meta property=\"og:image\" content=\"https:\/\/arealorcaradio.es\/wp-content\/uploads\/2026\/03\/Portada-Trofeos-El-Mejor-25-26.jpg\" \/>\n\t<meta property=\"og:image:width\" content=\"2560\" \/>\n\t<meta property=\"og:image:height\" content=\"1200\" \/>\n\t<meta property=\"og:image:type\" content=\"image\/jpeg\" \/>\n<meta name=\"author\" content=\"Paco S\u00e1nchez\" \/>\n<meta name=\"twitter:card\" content=\"summary_large_image\" \/>\n<meta name=\"twitter:label1\" content=\"Escrito por\" \/>\n\t<meta name=\"twitter:data1\" content=\"Paco S\u00e1nchez\" \/>\n\t<meta name=\"twitter:label2\" content=\"Tiempo de lectura\" \/>\n\t<meta name=\"twitter:data2\" content=\"1 minuto\" \/>\n<script type=\"application\/ld+json\" class=\"yoast-schema-graph\">{\"@context\":\"https:\\\/\\\/schema.org\",\"@graph\":[{\"@type\":\"Article\",\"@id\":\"https:\\\/\\\/arealorcaradio.es\\\/index.php\\\/2026\\\/03\\\/05\\\/la-jornada-25-de-los-trofeos-el-mejor-del-lorca-deportiva-deja-a-adri-heredia-y-sergi-monteverde-como-los-mas-destacados\\\/#article\",\"isPartOf\":{\"@id\":\"https:\\\/\\\/arealorcaradio.es\\\/index.php\\\/2026\\\/03\\\/05\\\/la-jornada-25-de-los-trofeos-el-mejor-del-lorca-deportiva-deja-a-adri-heredia-y-sergi-monteverde-como-los-mas-destacados\\\/\"},\"author\":{\"name\":\"Paco S\u00e1nchez\",\"@id\":\"https:\\\/\\\/arealorcaradio.es\\\/#\\\/schema\\\/person\\\/9fae605fc25b0f2c83c1ab207139bd27\"},\"headline\":\"La jornada 25 de los trofeos \u00abEl mejor del Lorca Deportiva\u00bb deja a Adri Heredia y Sergi Monteverde como los m\u00e1s destacados\",\"datePublished\":\"2026-03-05T08:54:20+00:00\",\"dateModified\":\"2026-03-05T08:56:51+00:00\",\"mainEntityOfPage\":{\"@id\":\"https:\\\/\\\/arealorcaradio.es\\\/index.php\\\/2026\\\/03\\\/05\\\/la-jornada-25-de-los-trofeos-el-mejor-del-lorca-deportiva-deja-a-adri-heredia-y-sergi-monteverde-como-los-mas-destacados\\\/\"},\"wordCount\":64,\"commentCount\":0,\"image\":{\"@id\":\"https:\\\/\\\/arealorcaradio.es\\\/index.php\\\/2026\\\/03\\\/05\\\/la-jornada-25-de-los-trofeos-el-mejor-del-lorca-deportiva-deja-a-adri-heredia-y-sergi-monteverde-como-los-mas-destacados\\\/#primaryimage\"},\"thumbnailUrl\":\"https:\\\/\\\/arealorcaradio.es\\\/wp-content\\\/uploads\\\/2026\\\/03\\\/Portada-Trofeos-El-Mejor-25-26.jpg\",\"articleSection\":[\"DEPORTES\",\"LORCA\"],\"inLanguage\":\"es\",\"potentialAction\":[{\"@type\":\"CommentAction\",\"name\":\"Comment\",\"target\":[\"https:\\\/\\\/arealorcaradio.es\\\/index.php\\\/2026\\\/03\\\/05\\\/la-jornada-25-de-los-trofeos-el-mejor-del-lorca-deportiva-deja-a-adri-heredia-y-sergi-monteverde-como-los-mas-destacados\\\/#respond\"]}]},{\"@type\":\"WebPage\",\"@id\":\"https:\\\/\\\/arealorcaradio.es\\\/index.php\\\/2026\\\/03\\\/05\\\/la-jornada-25-de-los-trofeos-el-mejor-del-lorca-deportiva-deja-a-adri-heredia-y-sergi-monteverde-como-los-mas-destacados\\\/\",\"url\":\"https:\\\/\\\/arealorcaradio.es\\\/index.php\\\/2026\\\/03\\\/05\\\/la-jornada-25-de-los-trofeos-el-mejor-del-lorca-deportiva-deja-a-adri-heredia-y-sergi-monteverde-como-los-mas-destacados\\\/\",\"name\":\"La jornada 25 de los trofeos \\\"El mejor del Lorca Deportiva\\\" deja a Adri Heredia y Sergi Monteverde como los m\u00e1s destacados - AREA LORCA RADIO\",\"isPartOf\":{\"@id\":\"https:\\\/\\\/arealorcaradio.es\\\/#website\"},\"primaryImageOfPage\":{\"@id\":\"https:\\\/\\\/arealorcaradio.es\\\/index.php\\\/2026\\\/03\\\/05\\\/la-jornada-25-de-los-trofeos-el-mejor-del-lorca-deportiva-deja-a-adri-heredia-y-sergi-monteverde-como-los-mas-destacados\\\/#primaryimage\"},\"image\":{\"@id\":\"https:\\\/\\\/arealorcaradio.es\\\/index.php\\\/2026\\\/03\\\/05\\\/la-jornada-25-de-los-trofeos-el-mejor-del-lorca-deportiva-deja-a-adri-heredia-y-sergi-monteverde-como-los-mas-destacados\\\/#primaryimage\"},\"thumbnailUrl\":\"https:\\\/\\\/arealorcaradio.es\\\/wp-content\\\/uploads\\\/2026\\\/03\\\/Portada-Trofeos-El-Mejor-25-26.jpg\",\"datePublished\":\"2026-03-05T08:54:20+00:00\",\"dateModified\":\"2026-03-05T08:56:51+00:00\",\"author\":{\"@id\":\"https:\\\/\\\/arealorcaradio.es\\\/#\\\/schema\\\/person\\\/9fae605fc25b0f2c83c1ab207139bd27\"},\"breadcrumb\":{\"@id\":\"https:\\\/\\\/arealorcaradio.es\\\/index.php\\\/2026\\\/03\\\/05\\\/la-jornada-25-de-los-trofeos-el-mejor-del-lorca-deportiva-deja-a-adri-heredia-y-sergi-monteverde-como-los-mas-destacados\\\/#breadcrumb\"},\"inLanguage\":\"es\",\"potentialAction\":[{\"@type\":\"ReadAction\",\"target\":[\"https:\\\/\\\/arealorcaradio.es\\\/index.php\\\/2026\\\/03\\\/05\\\/la-jornada-25-de-los-trofeos-el-mejor-del-lorca-deportiva-deja-a-adri-heredia-y-sergi-monteverde-como-los-mas-destacados\\\/\"]}]},{\"@type\":\"ImageObject\",\"inLanguage\":\"es\",\"@id\":\"https:\\\/\\\/arealorcaradio.es\\\/index.php\\\/2026\\\/03\\\/05\\\/la-jornada-25-de-los-trofeos-el-mejor-del-lorca-deportiva-deja-a-adri-heredia-y-sergi-monteverde-como-los-mas-destacados\\\/#primaryimage\",\"url\":\"https:\\\/\\\/arealorcaradio.es\\\/wp-content\\\/uploads\\\/2026\\\/03\\\/Portada-Trofeos-El-Mejor-25-26.jpg\",\"contentUrl\":\"https:\\\/\\\/arealorcaradio.es\\\/wp-content\\\/uploads\\\/2026\\\/03\\\/Portada-Trofeos-El-Mejor-25-26.jpg\",\"width\":2560,\"height\":1200},{\"@type\":\"BreadcrumbList\",\"@id\":\"https:\\\/\\\/arealorcaradio.es\\\/index.php\\\/2026\\\/03\\\/05\\\/la-jornada-25-de-los-trofeos-el-mejor-del-lorca-deportiva-deja-a-adri-heredia-y-sergi-monteverde-como-los-mas-destacados\\\/#breadcrumb\",\"itemListElement\":[{\"@type\":\"ListItem\",\"position\":1,\"name\":\"Portada\",\"item\":\"https:\\\/\\\/arealorcaradio.es\\\/\"},{\"@type\":\"ListItem\",\"position\":2,\"name\":\"La jornada 25 de los trofeos \u00abEl mejor del Lorca Deportiva\u00bb deja a Adri Heredia y Sergi Monteverde como los m\u00e1s destacados\"}]},{\"@type\":\"WebSite\",\"@id\":\"https:\\\/\\\/arealorcaradio.es\\\/#website\",\"url\":\"https:\\\/\\\/arealorcaradio.es\\\/\",\"name\":\"AREA LORCA RADIO\",\"description\":\"Descubre la programaci\u00f3n actual en \u00c1rea Lorca Radio, tu fuente de entrenamiento y noticias locales. Sintoniza ahora y mantente conectado online.\",\"potentialAction\":[{\"@type\":\"SearchAction\",\"target\":{\"@type\":\"EntryPoint\",\"urlTemplate\":\"https:\\\/\\\/arealorcaradio.es\\\/?s={search_term_string}\"},\"query-input\":{\"@type\":\"PropertyValueSpecification\",\"valueRequired\":true,\"valueName\":\"search_term_string\"}}],\"inLanguage\":\"es\"},{\"@type\":\"Person\",\"@id\":\"https:\\\/\\\/arealorcaradio.es\\\/#\\\/schema\\\/person\\\/9fae605fc25b0f2c83c1ab207139bd27\",\"name\":\"Paco S\u00e1nchez\",\"image\":{\"@type\":\"ImageObject\",\"inLanguage\":\"es\",\"@id\":\"https:\\\/\\\/secure.gravatar.com\\\/avatar\\\/d67144e966420fb74aa84c9f2a0103be4724fd14db52b52d3b6bca749f257e79?s=96&d=mm&r=g\",\"url\":\"https:\\\/\\\/secure.gravatar.com\\\/avatar\\\/d67144e966420fb74aa84c9f2a0103be4724fd14db52b52d3b6bca749f257e79?s=96&d=mm&r=g\",\"contentUrl\":\"https:\\\/\\\/secure.gravatar.com\\\/avatar\\\/d67144e966420fb74aa84c9f2a0103be4724fd14db52b52d3b6bca749f257e79?s=96&d=mm&r=g\",\"caption\":\"Paco S\u00e1nchez\"},\"sameAs\":[\"https:\\\/\\\/arealorcaradio.es\"],\"url\":\"https:\\\/\\\/arealorcaradio.es\\\/index.php\\\/author\\\/admin_alorcaradio\\\/\"}]}<\/script>\n<!-- \/ Yoast SEO plugin. -->","yoast_head_json":{"title":"La jornada 25 de los trofeos \"El mejor del Lorca Deportiva\" deja a Adri Heredia y Sergi Monteverde como los m\u00e1s destacados - AREA LORCA RADIO","robots":{"index":"index","follow":"follow","max-snippet":"max-snippet:-1","max-image-preview":"max-image-preview:large","max-video-preview":"max-video-preview:-1"},"canonical":"https:\/\/arealorcaradio.es\/index.php\/2026\/03\/05\/la-jornada-25-de-los-trofeos-el-mejor-del-lorca-deportiva-deja-a-adri-heredia-y-sergi-monteverde-como-los-mas-destacados\/","og_locale":"es_ES","og_type":"article","og_title":"La jornada 25 de los trofeos \"El mejor del Lorca Deportiva\" deja a Adri Heredia y Sergi Monteverde como los m\u00e1s destacados - AREA LORCA RADIO","og_description":"\u00c1REA LORCA RADIO. Deportes. Escucha aqu\u00ed las clasificaciones de los once trofeos que esta temporada 2025-26 otorga \u00c1rea Lorca Radio gracias a la colaboraci\u00f3n y patrocino de empresas y entidades.","og_url":"https:\/\/arealorcaradio.es\/index.php\/2026\/03\/05\/la-jornada-25-de-los-trofeos-el-mejor-del-lorca-deportiva-deja-a-adri-heredia-y-sergi-monteverde-como-los-mas-destacados\/","og_site_name":"AREA LORCA RADIO","article_published_time":"2026-03-05T08:54:20+00:00","article_modified_time":"2026-03-05T08:56:51+00:00","og_image":[{"width":2560,"height":1200,"url":"https:\/\/arealorcaradio.es\/wp-content\/uploads\/2026\/03\/Portada-Trofeos-El-Mejor-25-26.jpg","type":"image\/jpeg"}],"author":"Paco S\u00e1nchez","twitter_card":"summary_large_image","twitter_misc":{"Escrito por":"Paco S\u00e1nchez","Tiempo de lectura":"1 minuto"},"schema":{"@context":"https:\/\/schema.org","@graph":[{"@type":"Article","@id":"https:\/\/arealorcaradio.es\/index.php\/2026\/03\/05\/la-jornada-25-de-los-trofeos-el-mejor-del-lorca-deportiva-deja-a-adri-heredia-y-sergi-monteverde-como-los-mas-destacados\/#article","isPartOf":{"@id":"https:\/\/arealorcaradio.es\/index.php\/2026\/03\/05\/la-jornada-25-de-los-trofeos-el-mejor-del-lorca-deportiva-deja-a-adri-heredia-y-sergi-monteverde-como-los-mas-destacados\/"},"author":{"name":"Paco S\u00e1nchez","@id":"https:\/\/arealorcaradio.es\/#\/schema\/person\/9fae605fc25b0f2c83c1ab207139bd27"},"headline":"La jornada 25 de los trofeos \u00abEl mejor del Lorca Deportiva\u00bb deja a Adri Heredia y Sergi Monteverde como los m\u00e1s destacados","datePublished":"2026-03-05T08:54:20+00:00","dateModified":"2026-03-05T08:56:51+00:00","mainEntityOfPage":{"@id":"https:\/\/arealorcaradio.es\/index.php\/2026\/03\/05\/la-jornada-25-de-los-trofeos-el-mejor-del-lorca-deportiva-deja-a-adri-heredia-y-sergi-monteverde-como-los-mas-destacados\/"},"wordCount":64,"commentCount":0,"image":{"@id":"https:\/\/arealorcaradio.es\/index.php\/2026\/03\/05\/la-jornada-25-de-los-trofeos-el-mejor-del-lorca-deportiva-deja-a-adri-heredia-y-sergi-monteverde-como-los-mas-destacados\/#primaryimage"},"thumbnailUrl":"https:\/\/arealorcaradio.es\/wp-content\/uploads\/2026\/03\/Portada-Trofeos-El-Mejor-25-26.jpg","articleSection":["DEPORTES","LORCA"],"inLanguage":"es","potentialAction":[{"@type":"CommentAction","name":"Comment","target":["https:\/\/arealorcaradio.es\/index.php\/2026\/03\/05\/la-jornada-25-de-los-trofeos-el-mejor-del-lorca-deportiva-deja-a-adri-heredia-y-sergi-monteverde-como-los-mas-destacados\/#respond"]}]},{"@type":"WebPage","@id":"https:\/\/arealorcaradio.es\/index.php\/2026\/03\/05\/la-jornada-25-de-los-trofeos-el-mejor-del-lorca-deportiva-deja-a-adri-heredia-y-sergi-monteverde-como-los-mas-destacados\/","url":"https:\/\/arealorcaradio.es\/index.php\/2026\/03\/05\/la-jornada-25-de-los-trofeos-el-mejor-del-lorca-deportiva-deja-a-adri-heredia-y-sergi-monteverde-como-los-mas-destacados\/","name":"La jornada 25 de los trofeos \"El mejor del Lorca Deportiva\" deja a Adri Heredia y Sergi Monteverde como los m\u00e1s destacados - AREA LORCA RADIO","isPartOf":{"@id":"https:\/\/arealorcaradio.es\/#website"},"primaryImageOfPage":{"@id":"https:\/\/arealorcaradio.es\/index.php\/2026\/03\/05\/la-jornada-25-de-los-trofeos-el-mejor-del-lorca-deportiva-deja-a-adri-heredia-y-sergi-monteverde-como-los-mas-destacados\/#primaryimage"},"image":{"@id":"https:\/\/arealorcaradio.es\/index.php\/2026\/03\/05\/la-jornada-25-de-los-trofeos-el-mejor-del-lorca-deportiva-deja-a-adri-heredia-y-sergi-monteverde-como-los-mas-destacados\/#primaryimage"},"thumbnailUrl":"https:\/\/arealorcaradio.es\/wp-content\/uploads\/2026\/03\/Portada-Trofeos-El-Mejor-25-26.jpg","datePublished":"2026-03-05T08:54:20+00:00","dateModified":"2026-03-05T08:56:51+00:00","author":{"@id":"https:\/\/arealorcaradio.es\/#\/schema\/person\/9fae605fc25b0f2c83c1ab207139bd27"},"breadcrumb":{"@id":"https:\/\/arealorcaradio.es\/index.php\/2026\/03\/05\/la-jornada-25-de-los-trofeos-el-mejor-del-lorca-deportiva-deja-a-adri-heredia-y-sergi-monteverde-como-los-mas-destacados\/#breadcrumb"},"inLanguage":"es","potentialAction":[{"@type":"ReadAction","target":["https:\/\/arealorcaradio.es\/index.php\/2026\/03\/05\/la-jornada-25-de-los-trofeos-el-mejor-del-lorca-deportiva-deja-a-adri-heredia-y-sergi-monteverde-como-los-mas-destacados\/"]}]},{"@type":"ImageObject","inLanguage":"es","@id":"https:\/\/arealorcaradio.es\/index.php\/2026\/03\/05\/la-jornada-25-de-los-trofeos-el-mejor-del-lorca-deportiva-deja-a-adri-heredia-y-sergi-monteverde-como-los-mas-destacados\/#primaryimage","url":"https:\/\/arealorcaradio.es\/wp-content\/uploads\/2026\/03\/Portada-Trofeos-El-Mejor-25-26.jpg","contentUrl":"https:\/\/arealorcaradio.es\/wp-content\/uploads\/2026\/03\/Portada-Trofeos-El-Mejor-25-26.jpg","width":2560,"height":1200},{"@type":"BreadcrumbList","@id":"https:\/\/arealorcaradio.es\/index.php\/2026\/03\/05\/la-jornada-25-de-los-trofeos-el-mejor-del-lorca-deportiva-deja-a-adri-heredia-y-sergi-monteverde-como-los-mas-destacados\/#breadcrumb","itemListElement":[{"@type":"ListItem","position":1,"name":"Portada","item":"https:\/\/arealorcaradio.es\/"},{"@type":"ListItem","position":2,"name":"La jornada 25 de los trofeos \u00abEl mejor del Lorca Deportiva\u00bb deja a Adri Heredia y Sergi Monteverde como los m\u00e1s destacados"}]},{"@type":"WebSite","@id":"https:\/\/arealorcaradio.es\/#website","url":"https:\/\/arealorcaradio.es\/","name":"AREA LORCA RADIO","description":"Descubre la programaci\u00f3n actual en \u00c1rea Lorca Radio, tu fuente de entrenamiento y noticias locales. Sintoniza ahora y mantente conectado online.","potentialAction":[{"@type":"SearchAction","target":{"@type":"EntryPoint","urlTemplate":"https:\/\/arealorcaradio.es\/?s={search_term_string}"},"query-input":{"@type":"PropertyValueSpecification","valueRequired":true,"valueName":"search_term_string"}}],"inLanguage":"es"},{"@type":"Person","@id":"https:\/\/arealorcaradio.es\/#\/schema\/person\/9fae605fc25b0f2c83c1ab207139bd27","name":"Paco S\u00e1nchez","image":{"@type":"ImageObject","inLanguage":"es","@id":"https:\/\/secure.gravatar.com\/avatar\/d67144e966420fb74aa84c9f2a0103be4724fd14db52b52d3b6bca749f257e79?s=96&d=mm&r=g","url":"https:\/\/secure.gravatar.com\/avatar\/d67144e966420fb74aa84c9f2a0103be4724fd14db52b52d3b6bca749f257e79?s=96&d=mm&r=g","contentUrl":"https:\/\/secure.gravatar.com\/avatar\/d67144e966420fb74aa84c9f2a0103be4724fd14db52b52d3b6bca749f257e79?s=96&d=mm&r=g","caption":"Paco S\u00e1nchez"},"sameAs":["https:\/\/arealorcaradio.es"],"url":"https:\/\/arealorcaradio.es\/index.php\/author\/admin_alorcaradio\/"}]}},"_links":{"self":[{"href":"https:\/\/arealorcaradio.es\/index.php\/wp-json\/wp\/v2\/posts\/9084","targetHints":{"allow":["GET"]}}],"collection":[{"href":"https:\/\/arealorcaradio.es\/index.php\/wp-json\/wp\/v2\/posts"}],"about":[{"href":"https:\/\/arealorcaradio.es\/index.php\/wp-json\/wp\/v2\/types\/post"}],"author":[{"embeddable":true,"href":"https:\/\/arealorcaradio.es\/index.php\/wp-json\/wp\/v2\/users\/1"}],"replies":[{"embeddable":true,"href":"https:\/\/arealorcaradio.es\/index.php\/wp-json\/wp\/v2\/comments?post=9084"}],"version-history":[{"count":1,"href":"https:\/\/arealorcaradio.es\/index.php\/wp-json\/wp\/v2\/posts\/9084\/revisions"}],"predecessor-version":[{"id":9087,"href":"https:\/\/arealorcaradio.es\/index.php\/wp-json\/wp\/v2\/posts\/9084\/revisions\/9087"}],"wp:featuredmedia":[{"embeddable":true,"href":"https:\/\/arealorcaradio.es\/index.php\/wp-json\/wp\/v2\/media\/9086"}],"wp:attachment":[{"href":"https:\/\/arealorcaradio.es\/index.php\/wp-json\/wp\/v2\/media?parent=9084"}],"wp:term":[{"taxonomy":"category","embeddable":true,"href":"https:\/\/arealorcaradio.es\/index.php\/wp-json\/wp\/v2\/categories?post=9084"},{"taxonomy":"post_tag","embeddable":true,"href":"https:\/\/arealorcaradio.es\/index.php\/wp-json\/wp\/v2\/tags?post=9084"}],"curies":[{"name":"wp","href":"https:\/\/api.w.org\/{rel}","templated":true}]}}