{"id":8760,"date":"2026-01-13T18:01:18","date_gmt":"2026-01-13T18:01:18","guid":{"rendered":"https:\/\/arealorcaradio.es\/?p=8760"},"modified":"2026-01-13T18:01:18","modified_gmt":"2026-01-13T18:01:18","slug":"la-asociacion-sonrisa-saharaui-pone-en-marcha-el-programa-de-acogida-de-ninos-y-ninas-saharauis-2026","status":"publish","type":"post","link":"https:\/\/arealorcaradio.es\/index.php\/2026\/01\/13\/la-asociacion-sonrisa-saharaui-pone-en-marcha-el-programa-de-acogida-de-ninos-y-ninas-saharauis-2026\/","title":{"rendered":"La Asociaci\u00f3n \u00abSonrisa Saharaui\u00bb pone en marcha el programa de acogida de ni\u00f1os y ni\u00f1as saharauis 2026"},"content":{"rendered":"<p><strong>\u00c1REA LORCA RADIO. Solidaridad.<\/strong><\/p>\n<div>La campa\u00f1a de acogida de ni\u00f1os y ni\u00f1as saharauis 2026 llega como siempre desde hace 30 a\u00f1os en Lorca y desde la Asociaci\u00f3n, su secretario Enrique Gonz\u00e1lez, ha hecho un llamamiento a trav\u00e9s del programa magazine de \u00c1rea Lorca Radio a aquellas familias interesadas, para que puedan acoger un ni\u00f1o o una ni\u00f1a de los campamentos de refugiados de Tinduf.<\/div>\n<div><\/div>\n<div>Escucha aqu\u00ed la entrevista que ha concedido Enrique Gonz\u00e1lez a Paco S\u00e1nchez.<\/div>\n<audio class=\"wp-audio-shortcode\" id=\"audio-8760-1\" preload=\"none\" style=\"width: 100%;\" controls=\"controls\"><source type=\"audio\/mpeg\" src=\"https:\/\/arealorcaradio.es\/wp-content\/uploads\/2026\/01\/130126-ENRIQUE-GONZALEZ.-ACOGIDA-SAHARAUIS.mp3?_=1\" \/><a href=\"https:\/\/arealorcaradio.es\/wp-content\/uploads\/2026\/01\/130126-ENRIQUE-GONZALEZ.-ACOGIDA-SAHARAUIS.mp3\">https:\/\/arealorcaradio.es\/wp-content\/uploads\/2026\/01\/130126-ENRIQUE-GONZALEZ.-ACOGIDA-SAHARAUIS.mp3<\/a><\/audio>\n<p><img loading=\"lazy\" decoding=\"async\" class=\"alignnone size-medium wp-image-8761\" src=\"https:\/\/arealorcaradio.es\/wp-content\/uploads\/2026\/01\/WhatsApp-Image-2026-01-09-at-21.31.48-1-240x300.jpeg\" alt=\"\" width=\"240\" height=\"300\" srcset=\"https:\/\/arealorcaradio.es\/wp-content\/uploads\/2026\/01\/WhatsApp-Image-2026-01-09-at-21.31.48-1-240x300.jpeg 240w, https:\/\/arealorcaradio.es\/wp-content\/uploads\/2026\/01\/WhatsApp-Image-2026-01-09-at-21.31.48-1-819x1024.jpeg 819w, https:\/\/arealorcaradio.es\/wp-content\/uploads\/2026\/01\/WhatsApp-Image-2026-01-09-at-21.31.48-1-768x960.jpeg 768w, https:\/\/arealorcaradio.es\/wp-content\/uploads\/2026\/01\/WhatsApp-Image-2026-01-09-at-21.31.48-1-1229x1536.jpeg 1229w, https:\/\/arealorcaradio.es\/wp-content\/uploads\/2026\/01\/WhatsApp-Image-2026-01-09-at-21.31.48-1.jpeg 1280w\" sizes=\"auto, (max-width: 240px) 100vw, 240px\" \/> <img loading=\"lazy\" decoding=\"async\" class=\"alignnone size-medium wp-image-8762\" src=\"https:\/\/arealorcaradio.es\/wp-content\/uploads\/2026\/01\/WhatsApp-Image-2026-01-09-at-21.31.48-240x300.jpeg\" alt=\"\" width=\"240\" height=\"300\" srcset=\"https:\/\/arealorcaradio.es\/wp-content\/uploads\/2026\/01\/WhatsApp-Image-2026-01-09-at-21.31.48-240x300.jpeg 240w, https:\/\/arealorcaradio.es\/wp-content\/uploads\/2026\/01\/WhatsApp-Image-2026-01-09-at-21.31.48-819x1024.jpeg 819w, https:\/\/arealorcaradio.es\/wp-content\/uploads\/2026\/01\/WhatsApp-Image-2026-01-09-at-21.31.48-768x960.jpeg 768w, https:\/\/arealorcaradio.es\/wp-content\/uploads\/2026\/01\/WhatsApp-Image-2026-01-09-at-21.31.48-1229x1536.jpeg 1229w, https:\/\/arealorcaradio.es\/wp-content\/uploads\/2026\/01\/WhatsApp-Image-2026-01-09-at-21.31.48.jpeg 1280w\" sizes=\"auto, (max-width: 240px) 100vw, 240px\" \/> <img loading=\"lazy\" decoding=\"async\" class=\"alignnone size-medium wp-image-8765\" src=\"https:\/\/arealorcaradio.es\/wp-content\/uploads\/2026\/01\/20260113_175237-300x225.jpg\" alt=\"\" width=\"300\" height=\"225\" srcset=\"https:\/\/arealorcaradio.es\/wp-content\/uploads\/2026\/01\/20260113_175237-300x225.jpg 300w, https:\/\/arealorcaradio.es\/wp-content\/uploads\/2026\/01\/20260113_175237-1024x768.jpg 1024w, https:\/\/arealorcaradio.es\/wp-content\/uploads\/2026\/01\/20260113_175237-768x576.jpg 768w, https:\/\/arealorcaradio.es\/wp-content\/uploads\/2026\/01\/20260113_175237-1536x1152.jpg 1536w, https:\/\/arealorcaradio.es\/wp-content\/uploads\/2026\/01\/20260113_175237-2048x1536.jpg 2048w, https:\/\/arealorcaradio.es\/wp-content\/uploads\/2026\/01\/20260113_175237-86x64.jpg 86w\" sizes=\"auto, (max-width: 300px) 100vw, 300px\" \/><\/p>\n","protected":false},"excerpt":{"rendered":"<p>\u00c1REA LORCA RADIO. Solidaridad. La campa\u00f1a de acogida de ni\u00f1os y ni\u00f1as saharauis 2026 llega como siempre desde hace 30 a\u00f1os en Lorca y desde la Asociaci\u00f3n, su secretario Enrique Gonz\u00e1lez, ha hecho un llamamiento a trav\u00e9s del programa magazine de \u00c1rea Lorca Radio a aquellas familias interesadas, para que puedan acoger un ni\u00f1o o [&hellip;]<\/p>\n","protected":false},"author":1,"featured_media":8764,"comment_status":"open","ping_status":"open","sticky":false,"template":"","format":"standard","meta":{"iawp_total_views":33,"footnotes":""},"categories":[5,7],"tags":[],"class_list":["post-8760","post","type-post","status-publish","format-standard","has-post-thumbnail","hentry","category-actualidad","category-lorca"],"yoast_head":"<!-- This site is optimized with the Yoast SEO plugin v27.5 - https:\/\/yoast.com\/product\/yoast-seo-wordpress\/ -->\n<title>La Asociaci\u00f3n &quot;Sonrisa Saharaui&quot; pone en marcha el programa de acogida de ni\u00f1os y ni\u00f1as saharauis 2026 - AREA LORCA RADIO<\/title>\n<meta name=\"robots\" content=\"index, follow, max-snippet:-1, max-image-preview:large, max-video-preview:-1\" \/>\n<link rel=\"canonical\" href=\"https:\/\/arealorcaradio.es\/index.php\/2026\/01\/13\/la-asociacion-sonrisa-saharaui-pone-en-marcha-el-programa-de-acogida-de-ninos-y-ninas-saharauis-2026\/\" \/>\n<meta property=\"og:locale\" content=\"es_ES\" \/>\n<meta property=\"og:type\" content=\"article\" \/>\n<meta property=\"og:title\" content=\"La Asociaci\u00f3n &quot;Sonrisa Saharaui&quot; pone en marcha el programa de acogida de ni\u00f1os y ni\u00f1as saharauis 2026 - AREA LORCA RADIO\" \/>\n<meta property=\"og:description\" content=\"\u00c1REA LORCA RADIO. Solidaridad. La campa\u00f1a de acogida de ni\u00f1os y ni\u00f1as saharauis 2026 llega como siempre desde hace 30 a\u00f1os en Lorca y desde la Asociaci\u00f3n, su secretario Enrique Gonz\u00e1lez, ha hecho un llamamiento a trav\u00e9s del programa magazine de \u00c1rea Lorca Radio a aquellas familias interesadas, para que puedan acoger un ni\u00f1o o [&hellip;]\" \/>\n<meta property=\"og:url\" content=\"https:\/\/arealorcaradio.es\/index.php\/2026\/01\/13\/la-asociacion-sonrisa-saharaui-pone-en-marcha-el-programa-de-acogida-de-ninos-y-ninas-saharauis-2026\/\" \/>\n<meta property=\"og:site_name\" content=\"AREA LORCA RADIO\" \/>\n<meta property=\"article:published_time\" content=\"2026-01-13T18:01:18+00:00\" \/>\n<meta property=\"og:image\" content=\"https:\/\/arealorcaradio.es\/wp-content\/uploads\/2026\/01\/20260113_175253-scaled.jpg\" \/>\n\t<meta property=\"og:image:width\" content=\"2560\" \/>\n\t<meta property=\"og:image:height\" content=\"1920\" \/>\n\t<meta property=\"og:image:type\" content=\"image\/jpeg\" \/>\n<meta name=\"author\" content=\"Paco S\u00e1nchez\" \/>\n<meta name=\"twitter:card\" content=\"summary_large_image\" \/>\n<meta name=\"twitter:label1\" content=\"Escrito por\" \/>\n\t<meta name=\"twitter:data1\" content=\"Paco S\u00e1nchez\" \/>\n\t<meta name=\"twitter:label2\" content=\"Tiempo de lectura\" \/>\n\t<meta name=\"twitter:data2\" content=\"2 minutos\" \/>\n<script type=\"application\/ld+json\" class=\"yoast-schema-graph\">{\"@context\":\"https:\\\/\\\/schema.org\",\"@graph\":[{\"@type\":\"Article\",\"@id\":\"https:\\\/\\\/arealorcaradio.es\\\/index.php\\\/2026\\\/01\\\/13\\\/la-asociacion-sonrisa-saharaui-pone-en-marcha-el-programa-de-acogida-de-ninos-y-ninas-saharauis-2026\\\/#article\",\"isPartOf\":{\"@id\":\"https:\\\/\\\/arealorcaradio.es\\\/index.php\\\/2026\\\/01\\\/13\\\/la-asociacion-sonrisa-saharaui-pone-en-marcha-el-programa-de-acogida-de-ninos-y-ninas-saharauis-2026\\\/\"},\"author\":{\"name\":\"Paco S\u00e1nchez\",\"@id\":\"https:\\\/\\\/arealorcaradio.es\\\/#\\\/schema\\\/person\\\/9fae605fc25b0f2c83c1ab207139bd27\"},\"headline\":\"La Asociaci\u00f3n \u00abSonrisa Saharaui\u00bb pone en marcha el programa de acogida de ni\u00f1os y ni\u00f1as saharauis 2026\",\"datePublished\":\"2026-01-13T18:01:18+00:00\",\"mainEntityOfPage\":{\"@id\":\"https:\\\/\\\/arealorcaradio.es\\\/index.php\\\/2026\\\/01\\\/13\\\/la-asociacion-sonrisa-saharaui-pone-en-marcha-el-programa-de-acogida-de-ninos-y-ninas-saharauis-2026\\\/\"},\"wordCount\":115,\"commentCount\":0,\"image\":{\"@id\":\"https:\\\/\\\/arealorcaradio.es\\\/index.php\\\/2026\\\/01\\\/13\\\/la-asociacion-sonrisa-saharaui-pone-en-marcha-el-programa-de-acogida-de-ninos-y-ninas-saharauis-2026\\\/#primaryimage\"},\"thumbnailUrl\":\"https:\\\/\\\/arealorcaradio.es\\\/wp-content\\\/uploads\\\/2026\\\/01\\\/20260113_175253-scaled.jpg\",\"articleSection\":[\"ACTUALIDAD\",\"LORCA\"],\"inLanguage\":\"es\",\"potentialAction\":[{\"@type\":\"CommentAction\",\"name\":\"Comment\",\"target\":[\"https:\\\/\\\/arealorcaradio.es\\\/index.php\\\/2026\\\/01\\\/13\\\/la-asociacion-sonrisa-saharaui-pone-en-marcha-el-programa-de-acogida-de-ninos-y-ninas-saharauis-2026\\\/#respond\"]}]},{\"@type\":\"WebPage\",\"@id\":\"https:\\\/\\\/arealorcaradio.es\\\/index.php\\\/2026\\\/01\\\/13\\\/la-asociacion-sonrisa-saharaui-pone-en-marcha-el-programa-de-acogida-de-ninos-y-ninas-saharauis-2026\\\/\",\"url\":\"https:\\\/\\\/arealorcaradio.es\\\/index.php\\\/2026\\\/01\\\/13\\\/la-asociacion-sonrisa-saharaui-pone-en-marcha-el-programa-de-acogida-de-ninos-y-ninas-saharauis-2026\\\/\",\"name\":\"La Asociaci\u00f3n \\\"Sonrisa Saharaui\\\" pone en marcha el programa de acogida de ni\u00f1os y ni\u00f1as saharauis 2026 - AREA LORCA RADIO\",\"isPartOf\":{\"@id\":\"https:\\\/\\\/arealorcaradio.es\\\/#website\"},\"primaryImageOfPage\":{\"@id\":\"https:\\\/\\\/arealorcaradio.es\\\/index.php\\\/2026\\\/01\\\/13\\\/la-asociacion-sonrisa-saharaui-pone-en-marcha-el-programa-de-acogida-de-ninos-y-ninas-saharauis-2026\\\/#primaryimage\"},\"image\":{\"@id\":\"https:\\\/\\\/arealorcaradio.es\\\/index.php\\\/2026\\\/01\\\/13\\\/la-asociacion-sonrisa-saharaui-pone-en-marcha-el-programa-de-acogida-de-ninos-y-ninas-saharauis-2026\\\/#primaryimage\"},\"thumbnailUrl\":\"https:\\\/\\\/arealorcaradio.es\\\/wp-content\\\/uploads\\\/2026\\\/01\\\/20260113_175253-scaled.jpg\",\"datePublished\":\"2026-01-13T18:01:18+00:00\",\"author\":{\"@id\":\"https:\\\/\\\/arealorcaradio.es\\\/#\\\/schema\\\/person\\\/9fae605fc25b0f2c83c1ab207139bd27\"},\"breadcrumb\":{\"@id\":\"https:\\\/\\\/arealorcaradio.es\\\/index.php\\\/2026\\\/01\\\/13\\\/la-asociacion-sonrisa-saharaui-pone-en-marcha-el-programa-de-acogida-de-ninos-y-ninas-saharauis-2026\\\/#breadcrumb\"},\"inLanguage\":\"es\",\"potentialAction\":[{\"@type\":\"ReadAction\",\"target\":[\"https:\\\/\\\/arealorcaradio.es\\\/index.php\\\/2026\\\/01\\\/13\\\/la-asociacion-sonrisa-saharaui-pone-en-marcha-el-programa-de-acogida-de-ninos-y-ninas-saharauis-2026\\\/\"]}]},{\"@type\":\"ImageObject\",\"inLanguage\":\"es\",\"@id\":\"https:\\\/\\\/arealorcaradio.es\\\/index.php\\\/2026\\\/01\\\/13\\\/la-asociacion-sonrisa-saharaui-pone-en-marcha-el-programa-de-acogida-de-ninos-y-ninas-saharauis-2026\\\/#primaryimage\",\"url\":\"https:\\\/\\\/arealorcaradio.es\\\/wp-content\\\/uploads\\\/2026\\\/01\\\/20260113_175253-scaled.jpg\",\"contentUrl\":\"https:\\\/\\\/arealorcaradio.es\\\/wp-content\\\/uploads\\\/2026\\\/01\\\/20260113_175253-scaled.jpg\",\"width\":2560,\"height\":1920},{\"@type\":\"BreadcrumbList\",\"@id\":\"https:\\\/\\\/arealorcaradio.es\\\/index.php\\\/2026\\\/01\\\/13\\\/la-asociacion-sonrisa-saharaui-pone-en-marcha-el-programa-de-acogida-de-ninos-y-ninas-saharauis-2026\\\/#breadcrumb\",\"itemListElement\":[{\"@type\":\"ListItem\",\"position\":1,\"name\":\"Portada\",\"item\":\"https:\\\/\\\/arealorcaradio.es\\\/\"},{\"@type\":\"ListItem\",\"position\":2,\"name\":\"La Asociaci\u00f3n \u00abSonrisa Saharaui\u00bb pone en marcha el programa de acogida de ni\u00f1os y ni\u00f1as saharauis 2026\"}]},{\"@type\":\"WebSite\",\"@id\":\"https:\\\/\\\/arealorcaradio.es\\\/#website\",\"url\":\"https:\\\/\\\/arealorcaradio.es\\\/\",\"name\":\"AREA LORCA RADIO\",\"description\":\"Descubre la programaci\u00f3n actual en \u00c1rea Lorca Radio, tu fuente de entrenamiento y noticias locales. Sintoniza ahora y mantente conectado online.\",\"potentialAction\":[{\"@type\":\"SearchAction\",\"target\":{\"@type\":\"EntryPoint\",\"urlTemplate\":\"https:\\\/\\\/arealorcaradio.es\\\/?s={search_term_string}\"},\"query-input\":{\"@type\":\"PropertyValueSpecification\",\"valueRequired\":true,\"valueName\":\"search_term_string\"}}],\"inLanguage\":\"es\"},{\"@type\":\"Person\",\"@id\":\"https:\\\/\\\/arealorcaradio.es\\\/#\\\/schema\\\/person\\\/9fae605fc25b0f2c83c1ab207139bd27\",\"name\":\"Paco S\u00e1nchez\",\"image\":{\"@type\":\"ImageObject\",\"inLanguage\":\"es\",\"@id\":\"https:\\\/\\\/secure.gravatar.com\\\/avatar\\\/d67144e966420fb74aa84c9f2a0103be4724fd14db52b52d3b6bca749f257e79?s=96&d=mm&r=g\",\"url\":\"https:\\\/\\\/secure.gravatar.com\\\/avatar\\\/d67144e966420fb74aa84c9f2a0103be4724fd14db52b52d3b6bca749f257e79?s=96&d=mm&r=g\",\"contentUrl\":\"https:\\\/\\\/secure.gravatar.com\\\/avatar\\\/d67144e966420fb74aa84c9f2a0103be4724fd14db52b52d3b6bca749f257e79?s=96&d=mm&r=g\",\"caption\":\"Paco S\u00e1nchez\"},\"sameAs\":[\"https:\\\/\\\/arealorcaradio.es\"],\"url\":\"https:\\\/\\\/arealorcaradio.es\\\/index.php\\\/author\\\/admin_alorcaradio\\\/\"}]}<\/script>\n<!-- \/ Yoast SEO plugin. -->","yoast_head_json":{"title":"La Asociaci\u00f3n \"Sonrisa Saharaui\" pone en marcha el programa de acogida de ni\u00f1os y ni\u00f1as saharauis 2026 - AREA LORCA RADIO","robots":{"index":"index","follow":"follow","max-snippet":"max-snippet:-1","max-image-preview":"max-image-preview:large","max-video-preview":"max-video-preview:-1"},"canonical":"https:\/\/arealorcaradio.es\/index.php\/2026\/01\/13\/la-asociacion-sonrisa-saharaui-pone-en-marcha-el-programa-de-acogida-de-ninos-y-ninas-saharauis-2026\/","og_locale":"es_ES","og_type":"article","og_title":"La Asociaci\u00f3n \"Sonrisa Saharaui\" pone en marcha el programa de acogida de ni\u00f1os y ni\u00f1as saharauis 2026 - AREA LORCA RADIO","og_description":"\u00c1REA LORCA RADIO. Solidaridad. La campa\u00f1a de acogida de ni\u00f1os y ni\u00f1as saharauis 2026 llega como siempre desde hace 30 a\u00f1os en Lorca y desde la Asociaci\u00f3n, su secretario Enrique Gonz\u00e1lez, ha hecho un llamamiento a trav\u00e9s del programa magazine de \u00c1rea Lorca Radio a aquellas familias interesadas, para que puedan acoger un ni\u00f1o o [&hellip;]","og_url":"https:\/\/arealorcaradio.es\/index.php\/2026\/01\/13\/la-asociacion-sonrisa-saharaui-pone-en-marcha-el-programa-de-acogida-de-ninos-y-ninas-saharauis-2026\/","og_site_name":"AREA LORCA RADIO","article_published_time":"2026-01-13T18:01:18+00:00","og_image":[{"width":2560,"height":1920,"url":"https:\/\/arealorcaradio.es\/wp-content\/uploads\/2026\/01\/20260113_175253-scaled.jpg","type":"image\/jpeg"}],"author":"Paco S\u00e1nchez","twitter_card":"summary_large_image","twitter_misc":{"Escrito por":"Paco S\u00e1nchez","Tiempo de lectura":"2 minutos"},"schema":{"@context":"https:\/\/schema.org","@graph":[{"@type":"Article","@id":"https:\/\/arealorcaradio.es\/index.php\/2026\/01\/13\/la-asociacion-sonrisa-saharaui-pone-en-marcha-el-programa-de-acogida-de-ninos-y-ninas-saharauis-2026\/#article","isPartOf":{"@id":"https:\/\/arealorcaradio.es\/index.php\/2026\/01\/13\/la-asociacion-sonrisa-saharaui-pone-en-marcha-el-programa-de-acogida-de-ninos-y-ninas-saharauis-2026\/"},"author":{"name":"Paco S\u00e1nchez","@id":"https:\/\/arealorcaradio.es\/#\/schema\/person\/9fae605fc25b0f2c83c1ab207139bd27"},"headline":"La Asociaci\u00f3n \u00abSonrisa Saharaui\u00bb pone en marcha el programa de acogida de ni\u00f1os y ni\u00f1as saharauis 2026","datePublished":"2026-01-13T18:01:18+00:00","mainEntityOfPage":{"@id":"https:\/\/arealorcaradio.es\/index.php\/2026\/01\/13\/la-asociacion-sonrisa-saharaui-pone-en-marcha-el-programa-de-acogida-de-ninos-y-ninas-saharauis-2026\/"},"wordCount":115,"commentCount":0,"image":{"@id":"https:\/\/arealorcaradio.es\/index.php\/2026\/01\/13\/la-asociacion-sonrisa-saharaui-pone-en-marcha-el-programa-de-acogida-de-ninos-y-ninas-saharauis-2026\/#primaryimage"},"thumbnailUrl":"https:\/\/arealorcaradio.es\/wp-content\/uploads\/2026\/01\/20260113_175253-scaled.jpg","articleSection":["ACTUALIDAD","LORCA"],"inLanguage":"es","potentialAction":[{"@type":"CommentAction","name":"Comment","target":["https:\/\/arealorcaradio.es\/index.php\/2026\/01\/13\/la-asociacion-sonrisa-saharaui-pone-en-marcha-el-programa-de-acogida-de-ninos-y-ninas-saharauis-2026\/#respond"]}]},{"@type":"WebPage","@id":"https:\/\/arealorcaradio.es\/index.php\/2026\/01\/13\/la-asociacion-sonrisa-saharaui-pone-en-marcha-el-programa-de-acogida-de-ninos-y-ninas-saharauis-2026\/","url":"https:\/\/arealorcaradio.es\/index.php\/2026\/01\/13\/la-asociacion-sonrisa-saharaui-pone-en-marcha-el-programa-de-acogida-de-ninos-y-ninas-saharauis-2026\/","name":"La Asociaci\u00f3n \"Sonrisa Saharaui\" pone en marcha el programa de acogida de ni\u00f1os y ni\u00f1as saharauis 2026 - AREA LORCA RADIO","isPartOf":{"@id":"https:\/\/arealorcaradio.es\/#website"},"primaryImageOfPage":{"@id":"https:\/\/arealorcaradio.es\/index.php\/2026\/01\/13\/la-asociacion-sonrisa-saharaui-pone-en-marcha-el-programa-de-acogida-de-ninos-y-ninas-saharauis-2026\/#primaryimage"},"image":{"@id":"https:\/\/arealorcaradio.es\/index.php\/2026\/01\/13\/la-asociacion-sonrisa-saharaui-pone-en-marcha-el-programa-de-acogida-de-ninos-y-ninas-saharauis-2026\/#primaryimage"},"thumbnailUrl":"https:\/\/arealorcaradio.es\/wp-content\/uploads\/2026\/01\/20260113_175253-scaled.jpg","datePublished":"2026-01-13T18:01:18+00:00","author":{"@id":"https:\/\/arealorcaradio.es\/#\/schema\/person\/9fae605fc25b0f2c83c1ab207139bd27"},"breadcrumb":{"@id":"https:\/\/arealorcaradio.es\/index.php\/2026\/01\/13\/la-asociacion-sonrisa-saharaui-pone-en-marcha-el-programa-de-acogida-de-ninos-y-ninas-saharauis-2026\/#breadcrumb"},"inLanguage":"es","potentialAction":[{"@type":"ReadAction","target":["https:\/\/arealorcaradio.es\/index.php\/2026\/01\/13\/la-asociacion-sonrisa-saharaui-pone-en-marcha-el-programa-de-acogida-de-ninos-y-ninas-saharauis-2026\/"]}]},{"@type":"ImageObject","inLanguage":"es","@id":"https:\/\/arealorcaradio.es\/index.php\/2026\/01\/13\/la-asociacion-sonrisa-saharaui-pone-en-marcha-el-programa-de-acogida-de-ninos-y-ninas-saharauis-2026\/#primaryimage","url":"https:\/\/arealorcaradio.es\/wp-content\/uploads\/2026\/01\/20260113_175253-scaled.jpg","contentUrl":"https:\/\/arealorcaradio.es\/wp-content\/uploads\/2026\/01\/20260113_175253-scaled.jpg","width":2560,"height":1920},{"@type":"BreadcrumbList","@id":"https:\/\/arealorcaradio.es\/index.php\/2026\/01\/13\/la-asociacion-sonrisa-saharaui-pone-en-marcha-el-programa-de-acogida-de-ninos-y-ninas-saharauis-2026\/#breadcrumb","itemListElement":[{"@type":"ListItem","position":1,"name":"Portada","item":"https:\/\/arealorcaradio.es\/"},{"@type":"ListItem","position":2,"name":"La Asociaci\u00f3n \u00abSonrisa Saharaui\u00bb pone en marcha el programa de acogida de ni\u00f1os y ni\u00f1as saharauis 2026"}]},{"@type":"WebSite","@id":"https:\/\/arealorcaradio.es\/#website","url":"https:\/\/arealorcaradio.es\/","name":"AREA LORCA RADIO","description":"Descubre la programaci\u00f3n actual en \u00c1rea Lorca Radio, tu fuente de entrenamiento y noticias locales. Sintoniza ahora y mantente conectado online.","potentialAction":[{"@type":"SearchAction","target":{"@type":"EntryPoint","urlTemplate":"https:\/\/arealorcaradio.es\/?s={search_term_string}"},"query-input":{"@type":"PropertyValueSpecification","valueRequired":true,"valueName":"search_term_string"}}],"inLanguage":"es"},{"@type":"Person","@id":"https:\/\/arealorcaradio.es\/#\/schema\/person\/9fae605fc25b0f2c83c1ab207139bd27","name":"Paco S\u00e1nchez","image":{"@type":"ImageObject","inLanguage":"es","@id":"https:\/\/secure.gravatar.com\/avatar\/d67144e966420fb74aa84c9f2a0103be4724fd14db52b52d3b6bca749f257e79?s=96&d=mm&r=g","url":"https:\/\/secure.gravatar.com\/avatar\/d67144e966420fb74aa84c9f2a0103be4724fd14db52b52d3b6bca749f257e79?s=96&d=mm&r=g","contentUrl":"https:\/\/secure.gravatar.com\/avatar\/d67144e966420fb74aa84c9f2a0103be4724fd14db52b52d3b6bca749f257e79?s=96&d=mm&r=g","caption":"Paco S\u00e1nchez"},"sameAs":["https:\/\/arealorcaradio.es"],"url":"https:\/\/arealorcaradio.es\/index.php\/author\/admin_alorcaradio\/"}]}},"_links":{"self":[{"href":"https:\/\/arealorcaradio.es\/index.php\/wp-json\/wp\/v2\/posts\/8760","targetHints":{"allow":["GET"]}}],"collection":[{"href":"https:\/\/arealorcaradio.es\/index.php\/wp-json\/wp\/v2\/posts"}],"about":[{"href":"https:\/\/arealorcaradio.es\/index.php\/wp-json\/wp\/v2\/types\/post"}],"author":[{"embeddable":true,"href":"https:\/\/arealorcaradio.es\/index.php\/wp-json\/wp\/v2\/users\/1"}],"replies":[{"embeddable":true,"href":"https:\/\/arealorcaradio.es\/index.php\/wp-json\/wp\/v2\/comments?post=8760"}],"version-history":[{"count":1,"href":"https:\/\/arealorcaradio.es\/index.php\/wp-json\/wp\/v2\/posts\/8760\/revisions"}],"predecessor-version":[{"id":8766,"href":"https:\/\/arealorcaradio.es\/index.php\/wp-json\/wp\/v2\/posts\/8760\/revisions\/8766"}],"wp:featuredmedia":[{"embeddable":true,"href":"https:\/\/arealorcaradio.es\/index.php\/wp-json\/wp\/v2\/media\/8764"}],"wp:attachment":[{"href":"https:\/\/arealorcaradio.es\/index.php\/wp-json\/wp\/v2\/media?parent=8760"}],"wp:term":[{"taxonomy":"category","embeddable":true,"href":"https:\/\/arealorcaradio.es\/index.php\/wp-json\/wp\/v2\/categories?post=8760"},{"taxonomy":"post_tag","embeddable":true,"href":"https:\/\/arealorcaradio.es\/index.php\/wp-json\/wp\/v2\/tags?post=8760"}],"curies":[{"name":"wp","href":"https:\/\/api.w.org\/{rel}","templated":true}]}}