{"id":8743,"date":"2026-01-08T19:01:24","date_gmt":"2026-01-08T19:01:24","guid":{"rendered":"https:\/\/arealorcaradio.es\/?p=8743"},"modified":"2026-01-08T19:01:24","modified_gmt":"2026-01-08T19:01:24","slug":"juan-antonio-fernandez-rubio-la-diputacion-de-la-culebrina-figura-entre-la-historia-negra-de-lorca-por-una-serie-de-crimenes-ocurridos-en-un-cortijo","status":"publish","type":"post","link":"https:\/\/arealorcaradio.es\/index.php\/2026\/01\/08\/juan-antonio-fernandez-rubio-la-diputacion-de-la-culebrina-figura-entre-la-historia-negra-de-lorca-por-una-serie-de-crimenes-ocurridos-en-un-cortijo\/","title":{"rendered":"Juan Antonio Fern\u00e1ndez Rubio: \u00abLa diputaci\u00f3n de La Culebrina figura entre la historia negra de Lorca por una serie de cr\u00edmenes ocurridos en un cortijo\u00bb"},"content":{"rendered":"<p><strong>\u00c1REA LORCA RADIO. Paco S\u00e1nchez.\u00a0<\/strong><\/p>\n<p>El profesor de historia, Juan Antonio Fern\u00e1ndez Rubio, ha tra\u00eddo al magazine de \u00c1rea Lorca Radio, la cronolog\u00eda del primero de una serie de cr\u00edmenes que se produjeron en un cortijo de la diputaci\u00f3n lorquina de La Culebrina. Sin duda, se trata de una historia que forma parte del pasado de Lorca, contada adem\u00e1s, con todo tipo de detalles por el Doctor en Historia, Fern\u00e1ndez Rubio.<\/p>\n<p>Escucha aqu\u00ed el que ha sido el primero de los cap\u00edtulos en referencia a esta serie de cr\u00edmenes acontecidos en Lorca hace mas de un siglo.<\/p>\n<audio class=\"wp-audio-shortcode\" id=\"audio-8743-1\" preload=\"none\" style=\"width: 100%;\" controls=\"controls\"><source type=\"audio\/mpeg\" src=\"https:\/\/arealorcaradio.es\/wp-content\/uploads\/2026\/01\/080126-JUAN-ANTONIO-FERNANDEZ.-CRIMEN-1-OK.mp3?_=1\" \/><a href=\"https:\/\/arealorcaradio.es\/wp-content\/uploads\/2026\/01\/080126-JUAN-ANTONIO-FERNANDEZ.-CRIMEN-1-OK.mp3\">https:\/\/arealorcaradio.es\/wp-content\/uploads\/2026\/01\/080126-JUAN-ANTONIO-FERNANDEZ.-CRIMEN-1-OK.mp3<\/a><\/audio>\n<p><img loading=\"lazy\" decoding=\"async\" class=\"alignnone size-medium wp-image-8745\" src=\"https:\/\/arealorcaradio.es\/wp-content\/uploads\/2026\/01\/Juan-Antonio-Fernandez-Rubio.-Crimenes-300x225.jpg\" alt=\"\" width=\"300\" height=\"225\" srcset=\"https:\/\/arealorcaradio.es\/wp-content\/uploads\/2026\/01\/Juan-Antonio-Fernandez-Rubio.-Crimenes-300x225.jpg 300w, https:\/\/arealorcaradio.es\/wp-content\/uploads\/2026\/01\/Juan-Antonio-Fernandez-Rubio.-Crimenes-1024x768.jpg 1024w, https:\/\/arealorcaradio.es\/wp-content\/uploads\/2026\/01\/Juan-Antonio-Fernandez-Rubio.-Crimenes-768x576.jpg 768w, https:\/\/arealorcaradio.es\/wp-content\/uploads\/2026\/01\/Juan-Antonio-Fernandez-Rubio.-Crimenes-1536x1152.jpg 1536w, https:\/\/arealorcaradio.es\/wp-content\/uploads\/2026\/01\/Juan-Antonio-Fernandez-Rubio.-Crimenes-2048x1536.jpg 2048w, https:\/\/arealorcaradio.es\/wp-content\/uploads\/2026\/01\/Juan-Antonio-Fernandez-Rubio.-Crimenes-86x64.jpg 86w\" sizes=\"auto, (max-width: 300px) 100vw, 300px\" \/> <img loading=\"lazy\" decoding=\"async\" class=\"alignnone size-medium wp-image-8747\" src=\"https:\/\/arealorcaradio.es\/wp-content\/uploads\/2026\/01\/WhatsApp-Image-2026-01-08-at-18.55.03-1-300x225.jpeg\" alt=\"\" width=\"300\" height=\"225\" srcset=\"https:\/\/arealorcaradio.es\/wp-content\/uploads\/2026\/01\/WhatsApp-Image-2026-01-08-at-18.55.03-1-300x225.jpeg 300w, https:\/\/arealorcaradio.es\/wp-content\/uploads\/2026\/01\/WhatsApp-Image-2026-01-08-at-18.55.03-1-1024x768.jpeg 1024w, https:\/\/arealorcaradio.es\/wp-content\/uploads\/2026\/01\/WhatsApp-Image-2026-01-08-at-18.55.03-1-768x576.jpeg 768w, https:\/\/arealorcaradio.es\/wp-content\/uploads\/2026\/01\/WhatsApp-Image-2026-01-08-at-18.55.03-1-1536x1152.jpeg 1536w, https:\/\/arealorcaradio.es\/wp-content\/uploads\/2026\/01\/WhatsApp-Image-2026-01-08-at-18.55.03-1-2048x1536.jpeg 2048w, https:\/\/arealorcaradio.es\/wp-content\/uploads\/2026\/01\/WhatsApp-Image-2026-01-08-at-18.55.03-1-86x64.jpeg 86w\" sizes=\"auto, (max-width: 300px) 100vw, 300px\" \/><\/p>\n","protected":false},"excerpt":{"rendered":"<p>\u00c1REA LORCA RADIO. Paco S\u00e1nchez.\u00a0 El profesor de historia, Juan Antonio Fern\u00e1ndez Rubio, ha tra\u00eddo al magazine de \u00c1rea Lorca Radio, la cronolog\u00eda del primero de una serie de cr\u00edmenes que se produjeron en un cortijo de la diputaci\u00f3n lorquina de La Culebrina. Sin duda, se trata de una historia que forma parte del pasado [&hellip;]<\/p>\n","protected":false},"author":1,"featured_media":8748,"comment_status":"open","ping_status":"open","sticky":false,"template":"","format":"standard","meta":{"iawp_total_views":1248,"footnotes":""},"categories":[7],"tags":[],"class_list":["post-8743","post","type-post","status-publish","format-standard","has-post-thumbnail","hentry","category-lorca"],"yoast_head":"<!-- This site is optimized with the Yoast SEO plugin v27.5 - https:\/\/yoast.com\/product\/yoast-seo-wordpress\/ -->\n<title>Juan Antonio Fern\u00e1ndez Rubio: &quot;La diputaci\u00f3n de La Culebrina figura entre la historia negra de Lorca por una serie de cr\u00edmenes ocurridos en un cortijo&quot; - AREA LORCA RADIO<\/title>\n<meta name=\"robots\" content=\"index, follow, max-snippet:-1, max-image-preview:large, max-video-preview:-1\" \/>\n<link rel=\"canonical\" href=\"https:\/\/arealorcaradio.es\/index.php\/2026\/01\/08\/juan-antonio-fernandez-rubio-la-diputacion-de-la-culebrina-figura-entre-la-historia-negra-de-lorca-por-una-serie-de-crimenes-ocurridos-en-un-cortijo\/\" \/>\n<meta property=\"og:locale\" content=\"es_ES\" \/>\n<meta property=\"og:type\" content=\"article\" \/>\n<meta property=\"og:title\" content=\"Juan Antonio Fern\u00e1ndez Rubio: &quot;La diputaci\u00f3n de La Culebrina figura entre la historia negra de Lorca por una serie de cr\u00edmenes ocurridos en un cortijo&quot; - AREA LORCA RADIO\" \/>\n<meta property=\"og:description\" content=\"\u00c1REA LORCA RADIO. Paco S\u00e1nchez.\u00a0 El profesor de historia, Juan Antonio Fern\u00e1ndez Rubio, ha tra\u00eddo al magazine de \u00c1rea Lorca Radio, la cronolog\u00eda del primero de una serie de cr\u00edmenes que se produjeron en un cortijo de la diputaci\u00f3n lorquina de La Culebrina. Sin duda, se trata de una historia que forma parte del pasado [&hellip;]\" \/>\n<meta property=\"og:url\" content=\"https:\/\/arealorcaradio.es\/index.php\/2026\/01\/08\/juan-antonio-fernandez-rubio-la-diputacion-de-la-culebrina-figura-entre-la-historia-negra-de-lorca-por-una-serie-de-crimenes-ocurridos-en-un-cortijo\/\" \/>\n<meta property=\"og:site_name\" content=\"AREA LORCA RADIO\" \/>\n<meta property=\"article:published_time\" content=\"2026-01-08T19:01:24+00:00\" \/>\n<meta property=\"og:image\" content=\"https:\/\/arealorcaradio.es\/wp-content\/uploads\/2026\/01\/WhatsApp-Image-2026-01-08-at-18.55.03-scaled.jpeg\" \/>\n\t<meta property=\"og:image:width\" content=\"2560\" \/>\n\t<meta property=\"og:image:height\" content=\"1920\" \/>\n\t<meta property=\"og:image:type\" content=\"image\/jpeg\" \/>\n<meta name=\"author\" content=\"Paco S\u00e1nchez\" \/>\n<meta name=\"twitter:card\" content=\"summary_large_image\" \/>\n<meta name=\"twitter:label1\" content=\"Escrito por\" \/>\n\t<meta name=\"twitter:data1\" content=\"Paco S\u00e1nchez\" \/>\n\t<meta name=\"twitter:label2\" content=\"Tiempo de lectura\" \/>\n\t<meta name=\"twitter:data2\" content=\"2 minutos\" \/>\n<script type=\"application\/ld+json\" class=\"yoast-schema-graph\">{\"@context\":\"https:\\\/\\\/schema.org\",\"@graph\":[{\"@type\":\"Article\",\"@id\":\"https:\\\/\\\/arealorcaradio.es\\\/index.php\\\/2026\\\/01\\\/08\\\/juan-antonio-fernandez-rubio-la-diputacion-de-la-culebrina-figura-entre-la-historia-negra-de-lorca-por-una-serie-de-crimenes-ocurridos-en-un-cortijo\\\/#article\",\"isPartOf\":{\"@id\":\"https:\\\/\\\/arealorcaradio.es\\\/index.php\\\/2026\\\/01\\\/08\\\/juan-antonio-fernandez-rubio-la-diputacion-de-la-culebrina-figura-entre-la-historia-negra-de-lorca-por-una-serie-de-crimenes-ocurridos-en-un-cortijo\\\/\"},\"author\":{\"name\":\"Paco S\u00e1nchez\",\"@id\":\"https:\\\/\\\/arealorcaradio.es\\\/#\\\/schema\\\/person\\\/9fae605fc25b0f2c83c1ab207139bd27\"},\"headline\":\"Juan Antonio Fern\u00e1ndez Rubio: \u00abLa diputaci\u00f3n de La Culebrina figura entre la historia negra de Lorca por una serie de cr\u00edmenes ocurridos en un cortijo\u00bb\",\"datePublished\":\"2026-01-08T19:01:24+00:00\",\"mainEntityOfPage\":{\"@id\":\"https:\\\/\\\/arealorcaradio.es\\\/index.php\\\/2026\\\/01\\\/08\\\/juan-antonio-fernandez-rubio-la-diputacion-de-la-culebrina-figura-entre-la-historia-negra-de-lorca-por-una-serie-de-crimenes-ocurridos-en-un-cortijo\\\/\"},\"wordCount\":147,\"commentCount\":0,\"image\":{\"@id\":\"https:\\\/\\\/arealorcaradio.es\\\/index.php\\\/2026\\\/01\\\/08\\\/juan-antonio-fernandez-rubio-la-diputacion-de-la-culebrina-figura-entre-la-historia-negra-de-lorca-por-una-serie-de-crimenes-ocurridos-en-un-cortijo\\\/#primaryimage\"},\"thumbnailUrl\":\"https:\\\/\\\/arealorcaradio.es\\\/wp-content\\\/uploads\\\/2026\\\/01\\\/WhatsApp-Image-2026-01-08-at-18.55.03-scaled.jpeg\",\"articleSection\":[\"LORCA\"],\"inLanguage\":\"es\",\"potentialAction\":[{\"@type\":\"CommentAction\",\"name\":\"Comment\",\"target\":[\"https:\\\/\\\/arealorcaradio.es\\\/index.php\\\/2026\\\/01\\\/08\\\/juan-antonio-fernandez-rubio-la-diputacion-de-la-culebrina-figura-entre-la-historia-negra-de-lorca-por-una-serie-de-crimenes-ocurridos-en-un-cortijo\\\/#respond\"]}]},{\"@type\":\"WebPage\",\"@id\":\"https:\\\/\\\/arealorcaradio.es\\\/index.php\\\/2026\\\/01\\\/08\\\/juan-antonio-fernandez-rubio-la-diputacion-de-la-culebrina-figura-entre-la-historia-negra-de-lorca-por-una-serie-de-crimenes-ocurridos-en-un-cortijo\\\/\",\"url\":\"https:\\\/\\\/arealorcaradio.es\\\/index.php\\\/2026\\\/01\\\/08\\\/juan-antonio-fernandez-rubio-la-diputacion-de-la-culebrina-figura-entre-la-historia-negra-de-lorca-por-una-serie-de-crimenes-ocurridos-en-un-cortijo\\\/\",\"name\":\"Juan Antonio Fern\u00e1ndez Rubio: \\\"La diputaci\u00f3n de La Culebrina figura entre la historia negra de Lorca por una serie de cr\u00edmenes ocurridos en un cortijo\\\" - AREA LORCA RADIO\",\"isPartOf\":{\"@id\":\"https:\\\/\\\/arealorcaradio.es\\\/#website\"},\"primaryImageOfPage\":{\"@id\":\"https:\\\/\\\/arealorcaradio.es\\\/index.php\\\/2026\\\/01\\\/08\\\/juan-antonio-fernandez-rubio-la-diputacion-de-la-culebrina-figura-entre-la-historia-negra-de-lorca-por-una-serie-de-crimenes-ocurridos-en-un-cortijo\\\/#primaryimage\"},\"image\":{\"@id\":\"https:\\\/\\\/arealorcaradio.es\\\/index.php\\\/2026\\\/01\\\/08\\\/juan-antonio-fernandez-rubio-la-diputacion-de-la-culebrina-figura-entre-la-historia-negra-de-lorca-por-una-serie-de-crimenes-ocurridos-en-un-cortijo\\\/#primaryimage\"},\"thumbnailUrl\":\"https:\\\/\\\/arealorcaradio.es\\\/wp-content\\\/uploads\\\/2026\\\/01\\\/WhatsApp-Image-2026-01-08-at-18.55.03-scaled.jpeg\",\"datePublished\":\"2026-01-08T19:01:24+00:00\",\"author\":{\"@id\":\"https:\\\/\\\/arealorcaradio.es\\\/#\\\/schema\\\/person\\\/9fae605fc25b0f2c83c1ab207139bd27\"},\"breadcrumb\":{\"@id\":\"https:\\\/\\\/arealorcaradio.es\\\/index.php\\\/2026\\\/01\\\/08\\\/juan-antonio-fernandez-rubio-la-diputacion-de-la-culebrina-figura-entre-la-historia-negra-de-lorca-por-una-serie-de-crimenes-ocurridos-en-un-cortijo\\\/#breadcrumb\"},\"inLanguage\":\"es\",\"potentialAction\":[{\"@type\":\"ReadAction\",\"target\":[\"https:\\\/\\\/arealorcaradio.es\\\/index.php\\\/2026\\\/01\\\/08\\\/juan-antonio-fernandez-rubio-la-diputacion-de-la-culebrina-figura-entre-la-historia-negra-de-lorca-por-una-serie-de-crimenes-ocurridos-en-un-cortijo\\\/\"]}]},{\"@type\":\"ImageObject\",\"inLanguage\":\"es\",\"@id\":\"https:\\\/\\\/arealorcaradio.es\\\/index.php\\\/2026\\\/01\\\/08\\\/juan-antonio-fernandez-rubio-la-diputacion-de-la-culebrina-figura-entre-la-historia-negra-de-lorca-por-una-serie-de-crimenes-ocurridos-en-un-cortijo\\\/#primaryimage\",\"url\":\"https:\\\/\\\/arealorcaradio.es\\\/wp-content\\\/uploads\\\/2026\\\/01\\\/WhatsApp-Image-2026-01-08-at-18.55.03-scaled.jpeg\",\"contentUrl\":\"https:\\\/\\\/arealorcaradio.es\\\/wp-content\\\/uploads\\\/2026\\\/01\\\/WhatsApp-Image-2026-01-08-at-18.55.03-scaled.jpeg\",\"width\":2560,\"height\":1920},{\"@type\":\"BreadcrumbList\",\"@id\":\"https:\\\/\\\/arealorcaradio.es\\\/index.php\\\/2026\\\/01\\\/08\\\/juan-antonio-fernandez-rubio-la-diputacion-de-la-culebrina-figura-entre-la-historia-negra-de-lorca-por-una-serie-de-crimenes-ocurridos-en-un-cortijo\\\/#breadcrumb\",\"itemListElement\":[{\"@type\":\"ListItem\",\"position\":1,\"name\":\"Portada\",\"item\":\"https:\\\/\\\/arealorcaradio.es\\\/\"},{\"@type\":\"ListItem\",\"position\":2,\"name\":\"Juan Antonio Fern\u00e1ndez Rubio: \u00abLa diputaci\u00f3n de La Culebrina figura entre la historia negra de Lorca por una serie de cr\u00edmenes ocurridos en un cortijo\u00bb\"}]},{\"@type\":\"WebSite\",\"@id\":\"https:\\\/\\\/arealorcaradio.es\\\/#website\",\"url\":\"https:\\\/\\\/arealorcaradio.es\\\/\",\"name\":\"AREA LORCA RADIO\",\"description\":\"Descubre la programaci\u00f3n actual en \u00c1rea Lorca Radio, tu fuente de entrenamiento y noticias locales. Sintoniza ahora y mantente conectado online.\",\"potentialAction\":[{\"@type\":\"SearchAction\",\"target\":{\"@type\":\"EntryPoint\",\"urlTemplate\":\"https:\\\/\\\/arealorcaradio.es\\\/?s={search_term_string}\"},\"query-input\":{\"@type\":\"PropertyValueSpecification\",\"valueRequired\":true,\"valueName\":\"search_term_string\"}}],\"inLanguage\":\"es\"},{\"@type\":\"Person\",\"@id\":\"https:\\\/\\\/arealorcaradio.es\\\/#\\\/schema\\\/person\\\/9fae605fc25b0f2c83c1ab207139bd27\",\"name\":\"Paco S\u00e1nchez\",\"image\":{\"@type\":\"ImageObject\",\"inLanguage\":\"es\",\"@id\":\"https:\\\/\\\/secure.gravatar.com\\\/avatar\\\/d67144e966420fb74aa84c9f2a0103be4724fd14db52b52d3b6bca749f257e79?s=96&d=mm&r=g\",\"url\":\"https:\\\/\\\/secure.gravatar.com\\\/avatar\\\/d67144e966420fb74aa84c9f2a0103be4724fd14db52b52d3b6bca749f257e79?s=96&d=mm&r=g\",\"contentUrl\":\"https:\\\/\\\/secure.gravatar.com\\\/avatar\\\/d67144e966420fb74aa84c9f2a0103be4724fd14db52b52d3b6bca749f257e79?s=96&d=mm&r=g\",\"caption\":\"Paco S\u00e1nchez\"},\"sameAs\":[\"https:\\\/\\\/arealorcaradio.es\"],\"url\":\"https:\\\/\\\/arealorcaradio.es\\\/index.php\\\/author\\\/admin_alorcaradio\\\/\"}]}<\/script>\n<!-- \/ Yoast SEO plugin. -->","yoast_head_json":{"title":"Juan Antonio Fern\u00e1ndez Rubio: \"La diputaci\u00f3n de La Culebrina figura entre la historia negra de Lorca por una serie de cr\u00edmenes ocurridos en un cortijo\" - AREA LORCA RADIO","robots":{"index":"index","follow":"follow","max-snippet":"max-snippet:-1","max-image-preview":"max-image-preview:large","max-video-preview":"max-video-preview:-1"},"canonical":"https:\/\/arealorcaradio.es\/index.php\/2026\/01\/08\/juan-antonio-fernandez-rubio-la-diputacion-de-la-culebrina-figura-entre-la-historia-negra-de-lorca-por-una-serie-de-crimenes-ocurridos-en-un-cortijo\/","og_locale":"es_ES","og_type":"article","og_title":"Juan Antonio Fern\u00e1ndez Rubio: \"La diputaci\u00f3n de La Culebrina figura entre la historia negra de Lorca por una serie de cr\u00edmenes ocurridos en un cortijo\" - AREA LORCA RADIO","og_description":"\u00c1REA LORCA RADIO. Paco S\u00e1nchez.\u00a0 El profesor de historia, Juan Antonio Fern\u00e1ndez Rubio, ha tra\u00eddo al magazine de \u00c1rea Lorca Radio, la cronolog\u00eda del primero de una serie de cr\u00edmenes que se produjeron en un cortijo de la diputaci\u00f3n lorquina de La Culebrina. Sin duda, se trata de una historia que forma parte del pasado [&hellip;]","og_url":"https:\/\/arealorcaradio.es\/index.php\/2026\/01\/08\/juan-antonio-fernandez-rubio-la-diputacion-de-la-culebrina-figura-entre-la-historia-negra-de-lorca-por-una-serie-de-crimenes-ocurridos-en-un-cortijo\/","og_site_name":"AREA LORCA RADIO","article_published_time":"2026-01-08T19:01:24+00:00","og_image":[{"width":2560,"height":1920,"url":"https:\/\/arealorcaradio.es\/wp-content\/uploads\/2026\/01\/WhatsApp-Image-2026-01-08-at-18.55.03-scaled.jpeg","type":"image\/jpeg"}],"author":"Paco S\u00e1nchez","twitter_card":"summary_large_image","twitter_misc":{"Escrito por":"Paco S\u00e1nchez","Tiempo de lectura":"2 minutos"},"schema":{"@context":"https:\/\/schema.org","@graph":[{"@type":"Article","@id":"https:\/\/arealorcaradio.es\/index.php\/2026\/01\/08\/juan-antonio-fernandez-rubio-la-diputacion-de-la-culebrina-figura-entre-la-historia-negra-de-lorca-por-una-serie-de-crimenes-ocurridos-en-un-cortijo\/#article","isPartOf":{"@id":"https:\/\/arealorcaradio.es\/index.php\/2026\/01\/08\/juan-antonio-fernandez-rubio-la-diputacion-de-la-culebrina-figura-entre-la-historia-negra-de-lorca-por-una-serie-de-crimenes-ocurridos-en-un-cortijo\/"},"author":{"name":"Paco S\u00e1nchez","@id":"https:\/\/arealorcaradio.es\/#\/schema\/person\/9fae605fc25b0f2c83c1ab207139bd27"},"headline":"Juan Antonio Fern\u00e1ndez Rubio: \u00abLa diputaci\u00f3n de La Culebrina figura entre la historia negra de Lorca por una serie de cr\u00edmenes ocurridos en un cortijo\u00bb","datePublished":"2026-01-08T19:01:24+00:00","mainEntityOfPage":{"@id":"https:\/\/arealorcaradio.es\/index.php\/2026\/01\/08\/juan-antonio-fernandez-rubio-la-diputacion-de-la-culebrina-figura-entre-la-historia-negra-de-lorca-por-una-serie-de-crimenes-ocurridos-en-un-cortijo\/"},"wordCount":147,"commentCount":0,"image":{"@id":"https:\/\/arealorcaradio.es\/index.php\/2026\/01\/08\/juan-antonio-fernandez-rubio-la-diputacion-de-la-culebrina-figura-entre-la-historia-negra-de-lorca-por-una-serie-de-crimenes-ocurridos-en-un-cortijo\/#primaryimage"},"thumbnailUrl":"https:\/\/arealorcaradio.es\/wp-content\/uploads\/2026\/01\/WhatsApp-Image-2026-01-08-at-18.55.03-scaled.jpeg","articleSection":["LORCA"],"inLanguage":"es","potentialAction":[{"@type":"CommentAction","name":"Comment","target":["https:\/\/arealorcaradio.es\/index.php\/2026\/01\/08\/juan-antonio-fernandez-rubio-la-diputacion-de-la-culebrina-figura-entre-la-historia-negra-de-lorca-por-una-serie-de-crimenes-ocurridos-en-un-cortijo\/#respond"]}]},{"@type":"WebPage","@id":"https:\/\/arealorcaradio.es\/index.php\/2026\/01\/08\/juan-antonio-fernandez-rubio-la-diputacion-de-la-culebrina-figura-entre-la-historia-negra-de-lorca-por-una-serie-de-crimenes-ocurridos-en-un-cortijo\/","url":"https:\/\/arealorcaradio.es\/index.php\/2026\/01\/08\/juan-antonio-fernandez-rubio-la-diputacion-de-la-culebrina-figura-entre-la-historia-negra-de-lorca-por-una-serie-de-crimenes-ocurridos-en-un-cortijo\/","name":"Juan Antonio Fern\u00e1ndez Rubio: \"La diputaci\u00f3n de La Culebrina figura entre la historia negra de Lorca por una serie de cr\u00edmenes ocurridos en un cortijo\" - AREA LORCA RADIO","isPartOf":{"@id":"https:\/\/arealorcaradio.es\/#website"},"primaryImageOfPage":{"@id":"https:\/\/arealorcaradio.es\/index.php\/2026\/01\/08\/juan-antonio-fernandez-rubio-la-diputacion-de-la-culebrina-figura-entre-la-historia-negra-de-lorca-por-una-serie-de-crimenes-ocurridos-en-un-cortijo\/#primaryimage"},"image":{"@id":"https:\/\/arealorcaradio.es\/index.php\/2026\/01\/08\/juan-antonio-fernandez-rubio-la-diputacion-de-la-culebrina-figura-entre-la-historia-negra-de-lorca-por-una-serie-de-crimenes-ocurridos-en-un-cortijo\/#primaryimage"},"thumbnailUrl":"https:\/\/arealorcaradio.es\/wp-content\/uploads\/2026\/01\/WhatsApp-Image-2026-01-08-at-18.55.03-scaled.jpeg","datePublished":"2026-01-08T19:01:24+00:00","author":{"@id":"https:\/\/arealorcaradio.es\/#\/schema\/person\/9fae605fc25b0f2c83c1ab207139bd27"},"breadcrumb":{"@id":"https:\/\/arealorcaradio.es\/index.php\/2026\/01\/08\/juan-antonio-fernandez-rubio-la-diputacion-de-la-culebrina-figura-entre-la-historia-negra-de-lorca-por-una-serie-de-crimenes-ocurridos-en-un-cortijo\/#breadcrumb"},"inLanguage":"es","potentialAction":[{"@type":"ReadAction","target":["https:\/\/arealorcaradio.es\/index.php\/2026\/01\/08\/juan-antonio-fernandez-rubio-la-diputacion-de-la-culebrina-figura-entre-la-historia-negra-de-lorca-por-una-serie-de-crimenes-ocurridos-en-un-cortijo\/"]}]},{"@type":"ImageObject","inLanguage":"es","@id":"https:\/\/arealorcaradio.es\/index.php\/2026\/01\/08\/juan-antonio-fernandez-rubio-la-diputacion-de-la-culebrina-figura-entre-la-historia-negra-de-lorca-por-una-serie-de-crimenes-ocurridos-en-un-cortijo\/#primaryimage","url":"https:\/\/arealorcaradio.es\/wp-content\/uploads\/2026\/01\/WhatsApp-Image-2026-01-08-at-18.55.03-scaled.jpeg","contentUrl":"https:\/\/arealorcaradio.es\/wp-content\/uploads\/2026\/01\/WhatsApp-Image-2026-01-08-at-18.55.03-scaled.jpeg","width":2560,"height":1920},{"@type":"BreadcrumbList","@id":"https:\/\/arealorcaradio.es\/index.php\/2026\/01\/08\/juan-antonio-fernandez-rubio-la-diputacion-de-la-culebrina-figura-entre-la-historia-negra-de-lorca-por-una-serie-de-crimenes-ocurridos-en-un-cortijo\/#breadcrumb","itemListElement":[{"@type":"ListItem","position":1,"name":"Portada","item":"https:\/\/arealorcaradio.es\/"},{"@type":"ListItem","position":2,"name":"Juan Antonio Fern\u00e1ndez Rubio: \u00abLa diputaci\u00f3n de La Culebrina figura entre la historia negra de Lorca por una serie de cr\u00edmenes ocurridos en un cortijo\u00bb"}]},{"@type":"WebSite","@id":"https:\/\/arealorcaradio.es\/#website","url":"https:\/\/arealorcaradio.es\/","name":"AREA LORCA RADIO","description":"Descubre la programaci\u00f3n actual en \u00c1rea Lorca Radio, tu fuente de entrenamiento y noticias locales. Sintoniza ahora y mantente conectado online.","potentialAction":[{"@type":"SearchAction","target":{"@type":"EntryPoint","urlTemplate":"https:\/\/arealorcaradio.es\/?s={search_term_string}"},"query-input":{"@type":"PropertyValueSpecification","valueRequired":true,"valueName":"search_term_string"}}],"inLanguage":"es"},{"@type":"Person","@id":"https:\/\/arealorcaradio.es\/#\/schema\/person\/9fae605fc25b0f2c83c1ab207139bd27","name":"Paco S\u00e1nchez","image":{"@type":"ImageObject","inLanguage":"es","@id":"https:\/\/secure.gravatar.com\/avatar\/d67144e966420fb74aa84c9f2a0103be4724fd14db52b52d3b6bca749f257e79?s=96&d=mm&r=g","url":"https:\/\/secure.gravatar.com\/avatar\/d67144e966420fb74aa84c9f2a0103be4724fd14db52b52d3b6bca749f257e79?s=96&d=mm&r=g","contentUrl":"https:\/\/secure.gravatar.com\/avatar\/d67144e966420fb74aa84c9f2a0103be4724fd14db52b52d3b6bca749f257e79?s=96&d=mm&r=g","caption":"Paco S\u00e1nchez"},"sameAs":["https:\/\/arealorcaradio.es"],"url":"https:\/\/arealorcaradio.es\/index.php\/author\/admin_alorcaradio\/"}]}},"_links":{"self":[{"href":"https:\/\/arealorcaradio.es\/index.php\/wp-json\/wp\/v2\/posts\/8743","targetHints":{"allow":["GET"]}}],"collection":[{"href":"https:\/\/arealorcaradio.es\/index.php\/wp-json\/wp\/v2\/posts"}],"about":[{"href":"https:\/\/arealorcaradio.es\/index.php\/wp-json\/wp\/v2\/types\/post"}],"author":[{"embeddable":true,"href":"https:\/\/arealorcaradio.es\/index.php\/wp-json\/wp\/v2\/users\/1"}],"replies":[{"embeddable":true,"href":"https:\/\/arealorcaradio.es\/index.php\/wp-json\/wp\/v2\/comments?post=8743"}],"version-history":[{"count":2,"href":"https:\/\/arealorcaradio.es\/index.php\/wp-json\/wp\/v2\/posts\/8743\/revisions"}],"predecessor-version":[{"id":8749,"href":"https:\/\/arealorcaradio.es\/index.php\/wp-json\/wp\/v2\/posts\/8743\/revisions\/8749"}],"wp:featuredmedia":[{"embeddable":true,"href":"https:\/\/arealorcaradio.es\/index.php\/wp-json\/wp\/v2\/media\/8748"}],"wp:attachment":[{"href":"https:\/\/arealorcaradio.es\/index.php\/wp-json\/wp\/v2\/media?parent=8743"}],"wp:term":[{"taxonomy":"category","embeddable":true,"href":"https:\/\/arealorcaradio.es\/index.php\/wp-json\/wp\/v2\/categories?post=8743"},{"taxonomy":"post_tag","embeddable":true,"href":"https:\/\/arealorcaradio.es\/index.php\/wp-json\/wp\/v2\/tags?post=8743"}],"curies":[{"name":"wp","href":"https:\/\/api.w.org\/{rel}","templated":true}]}}