{"id":8737,"date":"2026-01-08T19:01:59","date_gmt":"2026-01-08T19:01:59","guid":{"rendered":"https:\/\/arealorcaradio.es\/?p=8737"},"modified":"2026-01-08T19:01:59","modified_gmt":"2026-01-08T19:01:59","slug":"la-pedania-de-hinojar-celebra-este-fin-de-semana-un-encuentro-de-cuadrillas-y-trovo","status":"publish","type":"post","link":"https:\/\/arealorcaradio.es\/index.php\/2026\/01\/08\/la-pedania-de-hinojar-celebra-este-fin-de-semana-un-encuentro-de-cuadrillas-y-trovo\/","title":{"rendered":"La pedan\u00eda de Hinojar celebra este fin de semana un Encuentro de Cuadrillas y Trovo"},"content":{"rendered":"<p><strong>\u00c1REA LORCA RADIO. Paco S\u00e1nchez.<\/strong><\/p>\n<p>Las tradiciones regresan este fin de semana a Lorca a trav\u00e9s de un Encuentro de Cuadrillas donde se dar\u00e1n cita hasta cuatro de las m\u00e1s importantes del Valle del Guadalent\u00edn. A esta cita organizada por Ricardo Guerrero \u00abRiky Andaluz Chico\u00bb como promotor del evento, asistir\u00e1n las Cuadrillas de Campillo, Zarcilla de Ramos, Santa Gertrudis y la de El Raiguero.<\/p>\n<p>Teniendo en cuenta que se trata de tradiciones populares, no faltar\u00e1 el trovo a trav\u00e9s de Jos\u00e9 Antonio Guerrero G\u00e9mez \u00abEl Andaluz\u00bb, Miguel \u00c1ngel S\u00e1nchez \u00abEl Marqu\u00e9s\u00bb y Salvador Clemente \u00abEl Marinas\u00bb.<\/p>\n<p>La velada estar\u00e1 acompa\u00f1ada por una gran rifa, servicio de chiringuito y el reconocimiento a una familia del Hinojar por su compromiso con la pedan\u00eda.<\/p>\n<p>Escucha aqu\u00ed la entrevista que ha concedido a Paco S\u00e1nchez en el programa magazine de \u00c1rea Lorca Radio, el promotor de esta cita, Ricardo Guerrero \u00abRiky Andaluz Chico\u00bb.<\/p>\n<audio class=\"wp-audio-shortcode\" id=\"audio-8737-1\" preload=\"none\" style=\"width: 100%;\" controls=\"controls\"><source type=\"audio\/mpeg\" src=\"https:\/\/arealorcaradio.es\/wp-content\/uploads\/2026\/01\/080126-RICARDO-GUERRERO.-RIKI-ANDALUZ.mp3?_=1\" \/><a href=\"https:\/\/arealorcaradio.es\/wp-content\/uploads\/2026\/01\/080126-RICARDO-GUERRERO.-RIKI-ANDALUZ.mp3\">https:\/\/arealorcaradio.es\/wp-content\/uploads\/2026\/01\/080126-RICARDO-GUERRERO.-RIKI-ANDALUZ.mp3<\/a><\/audio>\n<p><img loading=\"lazy\" decoding=\"async\" class=\"alignnone size-medium wp-image-8740\" src=\"https:\/\/arealorcaradio.es\/wp-content\/uploads\/2026\/01\/63cd09c1ebc144dcbee2b0553aac1473-212x300.jpg\" alt=\"\" width=\"212\" height=\"300\" srcset=\"https:\/\/arealorcaradio.es\/wp-content\/uploads\/2026\/01\/63cd09c1ebc144dcbee2b0553aac1473-212x300.jpg 212w, https:\/\/arealorcaradio.es\/wp-content\/uploads\/2026\/01\/63cd09c1ebc144dcbee2b0553aac1473-724x1024.jpg 724w, https:\/\/arealorcaradio.es\/wp-content\/uploads\/2026\/01\/63cd09c1ebc144dcbee2b0553aac1473-768x1086.jpg 768w, https:\/\/arealorcaradio.es\/wp-content\/uploads\/2026\/01\/63cd09c1ebc144dcbee2b0553aac1473-1086x1536.jpg 1086w, https:\/\/arealorcaradio.es\/wp-content\/uploads\/2026\/01\/63cd09c1ebc144dcbee2b0553aac1473.jpg 1131w\" sizes=\"auto, (max-width: 212px) 100vw, 212px\" \/> <img loading=\"lazy\" decoding=\"async\" class=\"alignnone size-medium wp-image-8741\" src=\"https:\/\/arealorcaradio.es\/wp-content\/uploads\/2026\/01\/20260108_122119-300x225.jpg\" alt=\"\" width=\"300\" height=\"225\" srcset=\"https:\/\/arealorcaradio.es\/wp-content\/uploads\/2026\/01\/20260108_122119-300x225.jpg 300w, https:\/\/arealorcaradio.es\/wp-content\/uploads\/2026\/01\/20260108_122119-1024x768.jpg 1024w, https:\/\/arealorcaradio.es\/wp-content\/uploads\/2026\/01\/20260108_122119-768x576.jpg 768w, https:\/\/arealorcaradio.es\/wp-content\/uploads\/2026\/01\/20260108_122119-1536x1152.jpg 1536w, https:\/\/arealorcaradio.es\/wp-content\/uploads\/2026\/01\/20260108_122119-2048x1536.jpg 2048w, https:\/\/arealorcaradio.es\/wp-content\/uploads\/2026\/01\/20260108_122119-86x64.jpg 86w\" sizes=\"auto, (max-width: 300px) 100vw, 300px\" \/><\/p>\n","protected":false},"excerpt":{"rendered":"<p>\u00c1REA LORCA RADIO. Paco S\u00e1nchez. Las tradiciones regresan este fin de semana a Lorca a trav\u00e9s de un Encuentro de Cuadrillas donde se dar\u00e1n cita hasta cuatro de las m\u00e1s importantes del Valle del Guadalent\u00edn. A esta cita organizada por Ricardo Guerrero \u00abRiky Andaluz Chico\u00bb como promotor del evento, asistir\u00e1n las Cuadrillas de Campillo, Zarcilla [&hellip;]<\/p>\n","protected":false},"author":1,"featured_media":8739,"comment_status":"open","ping_status":"open","sticky":false,"template":"","format":"standard","meta":{"iawp_total_views":119,"footnotes":""},"categories":[5,7],"tags":[],"class_list":["post-8737","post","type-post","status-publish","format-standard","has-post-thumbnail","hentry","category-actualidad","category-lorca"],"yoast_head":"<!-- This site is optimized with the Yoast SEO plugin v27.5 - https:\/\/yoast.com\/product\/yoast-seo-wordpress\/ -->\n<title>La pedan\u00eda de Hinojar celebra este fin de semana un Encuentro de Cuadrillas y Trovo - AREA LORCA RADIO<\/title>\n<meta name=\"robots\" content=\"index, follow, max-snippet:-1, max-image-preview:large, max-video-preview:-1\" \/>\n<link rel=\"canonical\" href=\"https:\/\/arealorcaradio.es\/index.php\/2026\/01\/08\/la-pedania-de-hinojar-celebra-este-fin-de-semana-un-encuentro-de-cuadrillas-y-trovo\/\" \/>\n<meta property=\"og:locale\" content=\"es_ES\" \/>\n<meta property=\"og:type\" content=\"article\" \/>\n<meta property=\"og:title\" content=\"La pedan\u00eda de Hinojar celebra este fin de semana un Encuentro de Cuadrillas y Trovo - AREA LORCA RADIO\" \/>\n<meta property=\"og:description\" content=\"\u00c1REA LORCA RADIO. Paco S\u00e1nchez. Las tradiciones regresan este fin de semana a Lorca a trav\u00e9s de un Encuentro de Cuadrillas donde se dar\u00e1n cita hasta cuatro de las m\u00e1s importantes del Valle del Guadalent\u00edn. A esta cita organizada por Ricardo Guerrero \u00abRiky Andaluz Chico\u00bb como promotor del evento, asistir\u00e1n las Cuadrillas de Campillo, Zarcilla [&hellip;]\" \/>\n<meta property=\"og:url\" content=\"https:\/\/arealorcaradio.es\/index.php\/2026\/01\/08\/la-pedania-de-hinojar-celebra-este-fin-de-semana-un-encuentro-de-cuadrillas-y-trovo\/\" \/>\n<meta property=\"og:site_name\" content=\"AREA LORCA RADIO\" \/>\n<meta property=\"article:published_time\" content=\"2026-01-08T19:01:59+00:00\" \/>\n<meta property=\"og:image\" content=\"https:\/\/arealorcaradio.es\/wp-content\/uploads\/2026\/01\/20260108_122103-scaled.jpg\" \/>\n\t<meta property=\"og:image:width\" content=\"2560\" \/>\n\t<meta property=\"og:image:height\" content=\"1920\" \/>\n\t<meta property=\"og:image:type\" content=\"image\/jpeg\" \/>\n<meta name=\"author\" content=\"Paco S\u00e1nchez\" \/>\n<meta name=\"twitter:card\" content=\"summary_large_image\" \/>\n<meta name=\"twitter:label1\" content=\"Escrito por\" \/>\n\t<meta name=\"twitter:data1\" content=\"Paco S\u00e1nchez\" \/>\n\t<meta name=\"twitter:label2\" content=\"Tiempo de lectura\" \/>\n\t<meta name=\"twitter:data2\" content=\"2 minutos\" \/>\n<script type=\"application\/ld+json\" class=\"yoast-schema-graph\">{\"@context\":\"https:\\\/\\\/schema.org\",\"@graph\":[{\"@type\":\"Article\",\"@id\":\"https:\\\/\\\/arealorcaradio.es\\\/index.php\\\/2026\\\/01\\\/08\\\/la-pedania-de-hinojar-celebra-este-fin-de-semana-un-encuentro-de-cuadrillas-y-trovo\\\/#article\",\"isPartOf\":{\"@id\":\"https:\\\/\\\/arealorcaradio.es\\\/index.php\\\/2026\\\/01\\\/08\\\/la-pedania-de-hinojar-celebra-este-fin-de-semana-un-encuentro-de-cuadrillas-y-trovo\\\/\"},\"author\":{\"name\":\"Paco S\u00e1nchez\",\"@id\":\"https:\\\/\\\/arealorcaradio.es\\\/#\\\/schema\\\/person\\\/9fae605fc25b0f2c83c1ab207139bd27\"},\"headline\":\"La pedan\u00eda de Hinojar celebra este fin de semana un Encuentro de Cuadrillas y Trovo\",\"datePublished\":\"2026-01-08T19:01:59+00:00\",\"mainEntityOfPage\":{\"@id\":\"https:\\\/\\\/arealorcaradio.es\\\/index.php\\\/2026\\\/01\\\/08\\\/la-pedania-de-hinojar-celebra-este-fin-de-semana-un-encuentro-de-cuadrillas-y-trovo\\\/\"},\"wordCount\":189,\"commentCount\":0,\"image\":{\"@id\":\"https:\\\/\\\/arealorcaradio.es\\\/index.php\\\/2026\\\/01\\\/08\\\/la-pedania-de-hinojar-celebra-este-fin-de-semana-un-encuentro-de-cuadrillas-y-trovo\\\/#primaryimage\"},\"thumbnailUrl\":\"https:\\\/\\\/arealorcaradio.es\\\/wp-content\\\/uploads\\\/2026\\\/01\\\/20260108_122103-scaled.jpg\",\"articleSection\":[\"ACTUALIDAD\",\"LORCA\"],\"inLanguage\":\"es\",\"potentialAction\":[{\"@type\":\"CommentAction\",\"name\":\"Comment\",\"target\":[\"https:\\\/\\\/arealorcaradio.es\\\/index.php\\\/2026\\\/01\\\/08\\\/la-pedania-de-hinojar-celebra-este-fin-de-semana-un-encuentro-de-cuadrillas-y-trovo\\\/#respond\"]}]},{\"@type\":\"WebPage\",\"@id\":\"https:\\\/\\\/arealorcaradio.es\\\/index.php\\\/2026\\\/01\\\/08\\\/la-pedania-de-hinojar-celebra-este-fin-de-semana-un-encuentro-de-cuadrillas-y-trovo\\\/\",\"url\":\"https:\\\/\\\/arealorcaradio.es\\\/index.php\\\/2026\\\/01\\\/08\\\/la-pedania-de-hinojar-celebra-este-fin-de-semana-un-encuentro-de-cuadrillas-y-trovo\\\/\",\"name\":\"La pedan\u00eda de Hinojar celebra este fin de semana un Encuentro de Cuadrillas y Trovo - AREA LORCA RADIO\",\"isPartOf\":{\"@id\":\"https:\\\/\\\/arealorcaradio.es\\\/#website\"},\"primaryImageOfPage\":{\"@id\":\"https:\\\/\\\/arealorcaradio.es\\\/index.php\\\/2026\\\/01\\\/08\\\/la-pedania-de-hinojar-celebra-este-fin-de-semana-un-encuentro-de-cuadrillas-y-trovo\\\/#primaryimage\"},\"image\":{\"@id\":\"https:\\\/\\\/arealorcaradio.es\\\/index.php\\\/2026\\\/01\\\/08\\\/la-pedania-de-hinojar-celebra-este-fin-de-semana-un-encuentro-de-cuadrillas-y-trovo\\\/#primaryimage\"},\"thumbnailUrl\":\"https:\\\/\\\/arealorcaradio.es\\\/wp-content\\\/uploads\\\/2026\\\/01\\\/20260108_122103-scaled.jpg\",\"datePublished\":\"2026-01-08T19:01:59+00:00\",\"author\":{\"@id\":\"https:\\\/\\\/arealorcaradio.es\\\/#\\\/schema\\\/person\\\/9fae605fc25b0f2c83c1ab207139bd27\"},\"breadcrumb\":{\"@id\":\"https:\\\/\\\/arealorcaradio.es\\\/index.php\\\/2026\\\/01\\\/08\\\/la-pedania-de-hinojar-celebra-este-fin-de-semana-un-encuentro-de-cuadrillas-y-trovo\\\/#breadcrumb\"},\"inLanguage\":\"es\",\"potentialAction\":[{\"@type\":\"ReadAction\",\"target\":[\"https:\\\/\\\/arealorcaradio.es\\\/index.php\\\/2026\\\/01\\\/08\\\/la-pedania-de-hinojar-celebra-este-fin-de-semana-un-encuentro-de-cuadrillas-y-trovo\\\/\"]}]},{\"@type\":\"ImageObject\",\"inLanguage\":\"es\",\"@id\":\"https:\\\/\\\/arealorcaradio.es\\\/index.php\\\/2026\\\/01\\\/08\\\/la-pedania-de-hinojar-celebra-este-fin-de-semana-un-encuentro-de-cuadrillas-y-trovo\\\/#primaryimage\",\"url\":\"https:\\\/\\\/arealorcaradio.es\\\/wp-content\\\/uploads\\\/2026\\\/01\\\/20260108_122103-scaled.jpg\",\"contentUrl\":\"https:\\\/\\\/arealorcaradio.es\\\/wp-content\\\/uploads\\\/2026\\\/01\\\/20260108_122103-scaled.jpg\",\"width\":2560,\"height\":1920},{\"@type\":\"BreadcrumbList\",\"@id\":\"https:\\\/\\\/arealorcaradio.es\\\/index.php\\\/2026\\\/01\\\/08\\\/la-pedania-de-hinojar-celebra-este-fin-de-semana-un-encuentro-de-cuadrillas-y-trovo\\\/#breadcrumb\",\"itemListElement\":[{\"@type\":\"ListItem\",\"position\":1,\"name\":\"Portada\",\"item\":\"https:\\\/\\\/arealorcaradio.es\\\/\"},{\"@type\":\"ListItem\",\"position\":2,\"name\":\"La pedan\u00eda de Hinojar celebra este fin de semana un Encuentro de Cuadrillas y Trovo\"}]},{\"@type\":\"WebSite\",\"@id\":\"https:\\\/\\\/arealorcaradio.es\\\/#website\",\"url\":\"https:\\\/\\\/arealorcaradio.es\\\/\",\"name\":\"AREA LORCA RADIO\",\"description\":\"Descubre la programaci\u00f3n actual en \u00c1rea Lorca Radio, tu fuente de entrenamiento y noticias locales. Sintoniza ahora y mantente conectado online.\",\"potentialAction\":[{\"@type\":\"SearchAction\",\"target\":{\"@type\":\"EntryPoint\",\"urlTemplate\":\"https:\\\/\\\/arealorcaradio.es\\\/?s={search_term_string}\"},\"query-input\":{\"@type\":\"PropertyValueSpecification\",\"valueRequired\":true,\"valueName\":\"search_term_string\"}}],\"inLanguage\":\"es\"},{\"@type\":\"Person\",\"@id\":\"https:\\\/\\\/arealorcaradio.es\\\/#\\\/schema\\\/person\\\/9fae605fc25b0f2c83c1ab207139bd27\",\"name\":\"Paco S\u00e1nchez\",\"image\":{\"@type\":\"ImageObject\",\"inLanguage\":\"es\",\"@id\":\"https:\\\/\\\/secure.gravatar.com\\\/avatar\\\/d67144e966420fb74aa84c9f2a0103be4724fd14db52b52d3b6bca749f257e79?s=96&d=mm&r=g\",\"url\":\"https:\\\/\\\/secure.gravatar.com\\\/avatar\\\/d67144e966420fb74aa84c9f2a0103be4724fd14db52b52d3b6bca749f257e79?s=96&d=mm&r=g\",\"contentUrl\":\"https:\\\/\\\/secure.gravatar.com\\\/avatar\\\/d67144e966420fb74aa84c9f2a0103be4724fd14db52b52d3b6bca749f257e79?s=96&d=mm&r=g\",\"caption\":\"Paco S\u00e1nchez\"},\"sameAs\":[\"https:\\\/\\\/arealorcaradio.es\"],\"url\":\"https:\\\/\\\/arealorcaradio.es\\\/index.php\\\/author\\\/admin_alorcaradio\\\/\"}]}<\/script>\n<!-- \/ Yoast SEO plugin. -->","yoast_head_json":{"title":"La pedan\u00eda de Hinojar celebra este fin de semana un Encuentro de Cuadrillas y Trovo - AREA LORCA RADIO","robots":{"index":"index","follow":"follow","max-snippet":"max-snippet:-1","max-image-preview":"max-image-preview:large","max-video-preview":"max-video-preview:-1"},"canonical":"https:\/\/arealorcaradio.es\/index.php\/2026\/01\/08\/la-pedania-de-hinojar-celebra-este-fin-de-semana-un-encuentro-de-cuadrillas-y-trovo\/","og_locale":"es_ES","og_type":"article","og_title":"La pedan\u00eda de Hinojar celebra este fin de semana un Encuentro de Cuadrillas y Trovo - AREA LORCA RADIO","og_description":"\u00c1REA LORCA RADIO. Paco S\u00e1nchez. Las tradiciones regresan este fin de semana a Lorca a trav\u00e9s de un Encuentro de Cuadrillas donde se dar\u00e1n cita hasta cuatro de las m\u00e1s importantes del Valle del Guadalent\u00edn. A esta cita organizada por Ricardo Guerrero \u00abRiky Andaluz Chico\u00bb como promotor del evento, asistir\u00e1n las Cuadrillas de Campillo, Zarcilla [&hellip;]","og_url":"https:\/\/arealorcaradio.es\/index.php\/2026\/01\/08\/la-pedania-de-hinojar-celebra-este-fin-de-semana-un-encuentro-de-cuadrillas-y-trovo\/","og_site_name":"AREA LORCA RADIO","article_published_time":"2026-01-08T19:01:59+00:00","og_image":[{"width":2560,"height":1920,"url":"https:\/\/arealorcaradio.es\/wp-content\/uploads\/2026\/01\/20260108_122103-scaled.jpg","type":"image\/jpeg"}],"author":"Paco S\u00e1nchez","twitter_card":"summary_large_image","twitter_misc":{"Escrito por":"Paco S\u00e1nchez","Tiempo de lectura":"2 minutos"},"schema":{"@context":"https:\/\/schema.org","@graph":[{"@type":"Article","@id":"https:\/\/arealorcaradio.es\/index.php\/2026\/01\/08\/la-pedania-de-hinojar-celebra-este-fin-de-semana-un-encuentro-de-cuadrillas-y-trovo\/#article","isPartOf":{"@id":"https:\/\/arealorcaradio.es\/index.php\/2026\/01\/08\/la-pedania-de-hinojar-celebra-este-fin-de-semana-un-encuentro-de-cuadrillas-y-trovo\/"},"author":{"name":"Paco S\u00e1nchez","@id":"https:\/\/arealorcaradio.es\/#\/schema\/person\/9fae605fc25b0f2c83c1ab207139bd27"},"headline":"La pedan\u00eda de Hinojar celebra este fin de semana un Encuentro de Cuadrillas y Trovo","datePublished":"2026-01-08T19:01:59+00:00","mainEntityOfPage":{"@id":"https:\/\/arealorcaradio.es\/index.php\/2026\/01\/08\/la-pedania-de-hinojar-celebra-este-fin-de-semana-un-encuentro-de-cuadrillas-y-trovo\/"},"wordCount":189,"commentCount":0,"image":{"@id":"https:\/\/arealorcaradio.es\/index.php\/2026\/01\/08\/la-pedania-de-hinojar-celebra-este-fin-de-semana-un-encuentro-de-cuadrillas-y-trovo\/#primaryimage"},"thumbnailUrl":"https:\/\/arealorcaradio.es\/wp-content\/uploads\/2026\/01\/20260108_122103-scaled.jpg","articleSection":["ACTUALIDAD","LORCA"],"inLanguage":"es","potentialAction":[{"@type":"CommentAction","name":"Comment","target":["https:\/\/arealorcaradio.es\/index.php\/2026\/01\/08\/la-pedania-de-hinojar-celebra-este-fin-de-semana-un-encuentro-de-cuadrillas-y-trovo\/#respond"]}]},{"@type":"WebPage","@id":"https:\/\/arealorcaradio.es\/index.php\/2026\/01\/08\/la-pedania-de-hinojar-celebra-este-fin-de-semana-un-encuentro-de-cuadrillas-y-trovo\/","url":"https:\/\/arealorcaradio.es\/index.php\/2026\/01\/08\/la-pedania-de-hinojar-celebra-este-fin-de-semana-un-encuentro-de-cuadrillas-y-trovo\/","name":"La pedan\u00eda de Hinojar celebra este fin de semana un Encuentro de Cuadrillas y Trovo - AREA LORCA RADIO","isPartOf":{"@id":"https:\/\/arealorcaradio.es\/#website"},"primaryImageOfPage":{"@id":"https:\/\/arealorcaradio.es\/index.php\/2026\/01\/08\/la-pedania-de-hinojar-celebra-este-fin-de-semana-un-encuentro-de-cuadrillas-y-trovo\/#primaryimage"},"image":{"@id":"https:\/\/arealorcaradio.es\/index.php\/2026\/01\/08\/la-pedania-de-hinojar-celebra-este-fin-de-semana-un-encuentro-de-cuadrillas-y-trovo\/#primaryimage"},"thumbnailUrl":"https:\/\/arealorcaradio.es\/wp-content\/uploads\/2026\/01\/20260108_122103-scaled.jpg","datePublished":"2026-01-08T19:01:59+00:00","author":{"@id":"https:\/\/arealorcaradio.es\/#\/schema\/person\/9fae605fc25b0f2c83c1ab207139bd27"},"breadcrumb":{"@id":"https:\/\/arealorcaradio.es\/index.php\/2026\/01\/08\/la-pedania-de-hinojar-celebra-este-fin-de-semana-un-encuentro-de-cuadrillas-y-trovo\/#breadcrumb"},"inLanguage":"es","potentialAction":[{"@type":"ReadAction","target":["https:\/\/arealorcaradio.es\/index.php\/2026\/01\/08\/la-pedania-de-hinojar-celebra-este-fin-de-semana-un-encuentro-de-cuadrillas-y-trovo\/"]}]},{"@type":"ImageObject","inLanguage":"es","@id":"https:\/\/arealorcaradio.es\/index.php\/2026\/01\/08\/la-pedania-de-hinojar-celebra-este-fin-de-semana-un-encuentro-de-cuadrillas-y-trovo\/#primaryimage","url":"https:\/\/arealorcaradio.es\/wp-content\/uploads\/2026\/01\/20260108_122103-scaled.jpg","contentUrl":"https:\/\/arealorcaradio.es\/wp-content\/uploads\/2026\/01\/20260108_122103-scaled.jpg","width":2560,"height":1920},{"@type":"BreadcrumbList","@id":"https:\/\/arealorcaradio.es\/index.php\/2026\/01\/08\/la-pedania-de-hinojar-celebra-este-fin-de-semana-un-encuentro-de-cuadrillas-y-trovo\/#breadcrumb","itemListElement":[{"@type":"ListItem","position":1,"name":"Portada","item":"https:\/\/arealorcaradio.es\/"},{"@type":"ListItem","position":2,"name":"La pedan\u00eda de Hinojar celebra este fin de semana un Encuentro de Cuadrillas y Trovo"}]},{"@type":"WebSite","@id":"https:\/\/arealorcaradio.es\/#website","url":"https:\/\/arealorcaradio.es\/","name":"AREA LORCA RADIO","description":"Descubre la programaci\u00f3n actual en \u00c1rea Lorca Radio, tu fuente de entrenamiento y noticias locales. Sintoniza ahora y mantente conectado online.","potentialAction":[{"@type":"SearchAction","target":{"@type":"EntryPoint","urlTemplate":"https:\/\/arealorcaradio.es\/?s={search_term_string}"},"query-input":{"@type":"PropertyValueSpecification","valueRequired":true,"valueName":"search_term_string"}}],"inLanguage":"es"},{"@type":"Person","@id":"https:\/\/arealorcaradio.es\/#\/schema\/person\/9fae605fc25b0f2c83c1ab207139bd27","name":"Paco S\u00e1nchez","image":{"@type":"ImageObject","inLanguage":"es","@id":"https:\/\/secure.gravatar.com\/avatar\/d67144e966420fb74aa84c9f2a0103be4724fd14db52b52d3b6bca749f257e79?s=96&d=mm&r=g","url":"https:\/\/secure.gravatar.com\/avatar\/d67144e966420fb74aa84c9f2a0103be4724fd14db52b52d3b6bca749f257e79?s=96&d=mm&r=g","contentUrl":"https:\/\/secure.gravatar.com\/avatar\/d67144e966420fb74aa84c9f2a0103be4724fd14db52b52d3b6bca749f257e79?s=96&d=mm&r=g","caption":"Paco S\u00e1nchez"},"sameAs":["https:\/\/arealorcaradio.es"],"url":"https:\/\/arealorcaradio.es\/index.php\/author\/admin_alorcaradio\/"}]}},"_links":{"self":[{"href":"https:\/\/arealorcaradio.es\/index.php\/wp-json\/wp\/v2\/posts\/8737","targetHints":{"allow":["GET"]}}],"collection":[{"href":"https:\/\/arealorcaradio.es\/index.php\/wp-json\/wp\/v2\/posts"}],"about":[{"href":"https:\/\/arealorcaradio.es\/index.php\/wp-json\/wp\/v2\/types\/post"}],"author":[{"embeddable":true,"href":"https:\/\/arealorcaradio.es\/index.php\/wp-json\/wp\/v2\/users\/1"}],"replies":[{"embeddable":true,"href":"https:\/\/arealorcaradio.es\/index.php\/wp-json\/wp\/v2\/comments?post=8737"}],"version-history":[{"count":1,"href":"https:\/\/arealorcaradio.es\/index.php\/wp-json\/wp\/v2\/posts\/8737\/revisions"}],"predecessor-version":[{"id":8742,"href":"https:\/\/arealorcaradio.es\/index.php\/wp-json\/wp\/v2\/posts\/8737\/revisions\/8742"}],"wp:featuredmedia":[{"embeddable":true,"href":"https:\/\/arealorcaradio.es\/index.php\/wp-json\/wp\/v2\/media\/8739"}],"wp:attachment":[{"href":"https:\/\/arealorcaradio.es\/index.php\/wp-json\/wp\/v2\/media?parent=8737"}],"wp:term":[{"taxonomy":"category","embeddable":true,"href":"https:\/\/arealorcaradio.es\/index.php\/wp-json\/wp\/v2\/categories?post=8737"},{"taxonomy":"post_tag","embeddable":true,"href":"https:\/\/arealorcaradio.es\/index.php\/wp-json\/wp\/v2\/tags?post=8737"}],"curies":[{"name":"wp","href":"https:\/\/api.w.org\/{rel}","templated":true}]}}