{"id":8731,"date":"2026-01-07T18:00:10","date_gmt":"2026-01-07T18:00:10","guid":{"rendered":"https:\/\/arealorcaradio.es\/?p=8731"},"modified":"2026-01-07T18:02:09","modified_gmt":"2026-01-07T18:02:09","slug":"ernestas-y-fran-arbol-referentes-para-los-seguidores-del-lorca-deportiva-a-traves-de-area-lorca-radio-frente-al-xerez-deportivo-fc-y-ud-almeria-b","status":"publish","type":"post","link":"https:\/\/arealorcaradio.es\/index.php\/2026\/01\/07\/ernestas-y-fran-arbol-referentes-para-los-seguidores-del-lorca-deportiva-a-traves-de-area-lorca-radio-frente-al-xerez-deportivo-fc-y-ud-almeria-b\/","title":{"rendered":"Ernestas y Fran \u00c1rbol, referentes para los seguidores del Lorca Deportiva a trav\u00e9s de \u00c1rea Lorca Radio frente al Xerez Deportivo FC y UD Almer\u00eda B"},"content":{"rendered":"<p><strong>\u00c1REA LORCA DEPORTES. Paco S\u00e1nchez.<\/strong><\/p>\n<p>Escucha aqu\u00ed el repaso de los \u00abTrofeos el mejor del Lorca Deportiva\u00bb tras la disputa de las dos \u00faltimas jornadas de liga en Jerez de la Frontera frente al Xerez Deportivo FC y UD Almer\u00eda B, este pasado domingo en Lorca.<\/p>\n<audio class=\"wp-audio-shortcode\" id=\"audio-8731-1\" preload=\"none\" style=\"width: 100%;\" controls=\"controls\"><source type=\"audio\/mpeg\" src=\"https:\/\/arealorcaradio.es\/wp-content\/uploads\/2026\/01\/070126-TRROFEOS-EL-MEJOR.-JORNADAS-16-Y-17.mp3?_=1\" \/><a href=\"https:\/\/arealorcaradio.es\/wp-content\/uploads\/2026\/01\/070126-TRROFEOS-EL-MEJOR.-JORNADAS-16-Y-17.mp3\">https:\/\/arealorcaradio.es\/wp-content\/uploads\/2026\/01\/070126-TRROFEOS-EL-MEJOR.-JORNADAS-16-Y-17.mp3<\/a><\/audio>\n","protected":false},"excerpt":{"rendered":"<p>\u00c1REA LORCA DEPORTES. Paco S\u00e1nchez. Escucha aqu\u00ed el repaso de los \u00abTrofeos el mejor del Lorca Deportiva\u00bb tras la disputa de las dos \u00faltimas jornadas de liga en Jerez de la Frontera frente al Xerez Deportivo FC y UD Almer\u00eda B, este pasado domingo en Lorca.<\/p>\n","protected":false},"author":1,"featured_media":8733,"comment_status":"open","ping_status":"open","sticky":false,"template":"","format":"standard","meta":{"iawp_total_views":41,"footnotes":""},"categories":[4,7],"tags":[],"class_list":["post-8731","post","type-post","status-publish","format-standard","has-post-thumbnail","hentry","category-deportes","category-lorca"],"yoast_head":"<!-- This site is optimized with the Yoast SEO plugin v27.5 - https:\/\/yoast.com\/product\/yoast-seo-wordpress\/ -->\n<title>Ernestas y Fran \u00c1rbol, referentes para los seguidores del Lorca Deportiva a trav\u00e9s de \u00c1rea Lorca Radio frente al Xerez Deportivo FC y UD Almer\u00eda B - AREA LORCA RADIO<\/title>\n<meta name=\"robots\" content=\"index, follow, max-snippet:-1, max-image-preview:large, max-video-preview:-1\" \/>\n<link rel=\"canonical\" href=\"https:\/\/arealorcaradio.es\/index.php\/2026\/01\/07\/ernestas-y-fran-arbol-referentes-para-los-seguidores-del-lorca-deportiva-a-traves-de-area-lorca-radio-frente-al-xerez-deportivo-fc-y-ud-almeria-b\/\" \/>\n<meta property=\"og:locale\" content=\"es_ES\" \/>\n<meta property=\"og:type\" content=\"article\" \/>\n<meta property=\"og:title\" content=\"Ernestas y Fran \u00c1rbol, referentes para los seguidores del Lorca Deportiva a trav\u00e9s de \u00c1rea Lorca Radio frente al Xerez Deportivo FC y UD Almer\u00eda B - AREA LORCA RADIO\" \/>\n<meta property=\"og:description\" content=\"\u00c1REA LORCA DEPORTES. Paco S\u00e1nchez. Escucha aqu\u00ed el repaso de los \u00abTrofeos el mejor del Lorca Deportiva\u00bb tras la disputa de las dos \u00faltimas jornadas de liga en Jerez de la Frontera frente al Xerez Deportivo FC y UD Almer\u00eda B, este pasado domingo en Lorca.\" \/>\n<meta property=\"og:url\" content=\"https:\/\/arealorcaradio.es\/index.php\/2026\/01\/07\/ernestas-y-fran-arbol-referentes-para-los-seguidores-del-lorca-deportiva-a-traves-de-area-lorca-radio-frente-al-xerez-deportivo-fc-y-ud-almeria-b\/\" \/>\n<meta property=\"og:site_name\" content=\"AREA LORCA RADIO\" \/>\n<meta property=\"article:published_time\" content=\"2026-01-07T18:00:10+00:00\" \/>\n<meta property=\"article:modified_time\" content=\"2026-01-07T18:02:09+00:00\" \/>\n<meta property=\"og:image\" content=\"https:\/\/arealorcaradio.es\/wp-content\/uploads\/2026\/01\/Diseno-Trofeos-11-Patrocinadores-1024x480.png\" \/>\n\t<meta property=\"og:image:width\" content=\"1024\" \/>\n\t<meta property=\"og:image:height\" content=\"480\" \/>\n\t<meta property=\"og:image:type\" content=\"image\/png\" \/>\n<meta name=\"author\" content=\"Paco S\u00e1nchez\" \/>\n<meta name=\"twitter:card\" content=\"summary_large_image\" \/>\n<meta name=\"twitter:label1\" content=\"Escrito por\" \/>\n\t<meta name=\"twitter:data1\" content=\"Paco S\u00e1nchez\" \/>\n\t<meta name=\"twitter:label2\" content=\"Tiempo de lectura\" \/>\n\t<meta name=\"twitter:data2\" content=\"1 minuto\" \/>\n<script type=\"application\/ld+json\" class=\"yoast-schema-graph\">{\"@context\":\"https:\\\/\\\/schema.org\",\"@graph\":[{\"@type\":\"Article\",\"@id\":\"https:\\\/\\\/arealorcaradio.es\\\/index.php\\\/2026\\\/01\\\/07\\\/ernestas-y-fran-arbol-referentes-para-los-seguidores-del-lorca-deportiva-a-traves-de-area-lorca-radio-frente-al-xerez-deportivo-fc-y-ud-almeria-b\\\/#article\",\"isPartOf\":{\"@id\":\"https:\\\/\\\/arealorcaradio.es\\\/index.php\\\/2026\\\/01\\\/07\\\/ernestas-y-fran-arbol-referentes-para-los-seguidores-del-lorca-deportiva-a-traves-de-area-lorca-radio-frente-al-xerez-deportivo-fc-y-ud-almeria-b\\\/\"},\"author\":{\"name\":\"Paco S\u00e1nchez\",\"@id\":\"https:\\\/\\\/arealorcaradio.es\\\/#\\\/schema\\\/person\\\/9fae605fc25b0f2c83c1ab207139bd27\"},\"headline\":\"Ernestas y Fran \u00c1rbol, referentes para los seguidores del Lorca Deportiva a trav\u00e9s de \u00c1rea Lorca Radio frente al Xerez Deportivo FC y UD Almer\u00eda B\",\"datePublished\":\"2026-01-07T18:00:10+00:00\",\"dateModified\":\"2026-01-07T18:02:09+00:00\",\"mainEntityOfPage\":{\"@id\":\"https:\\\/\\\/arealorcaradio.es\\\/index.php\\\/2026\\\/01\\\/07\\\/ernestas-y-fran-arbol-referentes-para-los-seguidores-del-lorca-deportiva-a-traves-de-area-lorca-radio-frente-al-xerez-deportivo-fc-y-ud-almeria-b\\\/\"},\"wordCount\":88,\"commentCount\":0,\"image\":{\"@id\":\"https:\\\/\\\/arealorcaradio.es\\\/index.php\\\/2026\\\/01\\\/07\\\/ernestas-y-fran-arbol-referentes-para-los-seguidores-del-lorca-deportiva-a-traves-de-area-lorca-radio-frente-al-xerez-deportivo-fc-y-ud-almeria-b\\\/#primaryimage\"},\"thumbnailUrl\":\"https:\\\/\\\/arealorcaradio.es\\\/wp-content\\\/uploads\\\/2026\\\/01\\\/Diseno-Trofeos-11-Patrocinadores.png\",\"articleSection\":[\"DEPORTES\",\"LORCA\"],\"inLanguage\":\"es\",\"potentialAction\":[{\"@type\":\"CommentAction\",\"name\":\"Comment\",\"target\":[\"https:\\\/\\\/arealorcaradio.es\\\/index.php\\\/2026\\\/01\\\/07\\\/ernestas-y-fran-arbol-referentes-para-los-seguidores-del-lorca-deportiva-a-traves-de-area-lorca-radio-frente-al-xerez-deportivo-fc-y-ud-almeria-b\\\/#respond\"]}]},{\"@type\":\"WebPage\",\"@id\":\"https:\\\/\\\/arealorcaradio.es\\\/index.php\\\/2026\\\/01\\\/07\\\/ernestas-y-fran-arbol-referentes-para-los-seguidores-del-lorca-deportiva-a-traves-de-area-lorca-radio-frente-al-xerez-deportivo-fc-y-ud-almeria-b\\\/\",\"url\":\"https:\\\/\\\/arealorcaradio.es\\\/index.php\\\/2026\\\/01\\\/07\\\/ernestas-y-fran-arbol-referentes-para-los-seguidores-del-lorca-deportiva-a-traves-de-area-lorca-radio-frente-al-xerez-deportivo-fc-y-ud-almeria-b\\\/\",\"name\":\"Ernestas y Fran \u00c1rbol, referentes para los seguidores del Lorca Deportiva a trav\u00e9s de \u00c1rea Lorca Radio frente al Xerez Deportivo FC y UD Almer\u00eda B - AREA LORCA RADIO\",\"isPartOf\":{\"@id\":\"https:\\\/\\\/arealorcaradio.es\\\/#website\"},\"primaryImageOfPage\":{\"@id\":\"https:\\\/\\\/arealorcaradio.es\\\/index.php\\\/2026\\\/01\\\/07\\\/ernestas-y-fran-arbol-referentes-para-los-seguidores-del-lorca-deportiva-a-traves-de-area-lorca-radio-frente-al-xerez-deportivo-fc-y-ud-almeria-b\\\/#primaryimage\"},\"image\":{\"@id\":\"https:\\\/\\\/arealorcaradio.es\\\/index.php\\\/2026\\\/01\\\/07\\\/ernestas-y-fran-arbol-referentes-para-los-seguidores-del-lorca-deportiva-a-traves-de-area-lorca-radio-frente-al-xerez-deportivo-fc-y-ud-almeria-b\\\/#primaryimage\"},\"thumbnailUrl\":\"https:\\\/\\\/arealorcaradio.es\\\/wp-content\\\/uploads\\\/2026\\\/01\\\/Diseno-Trofeos-11-Patrocinadores.png\",\"datePublished\":\"2026-01-07T18:00:10+00:00\",\"dateModified\":\"2026-01-07T18:02:09+00:00\",\"author\":{\"@id\":\"https:\\\/\\\/arealorcaradio.es\\\/#\\\/schema\\\/person\\\/9fae605fc25b0f2c83c1ab207139bd27\"},\"breadcrumb\":{\"@id\":\"https:\\\/\\\/arealorcaradio.es\\\/index.php\\\/2026\\\/01\\\/07\\\/ernestas-y-fran-arbol-referentes-para-los-seguidores-del-lorca-deportiva-a-traves-de-area-lorca-radio-frente-al-xerez-deportivo-fc-y-ud-almeria-b\\\/#breadcrumb\"},\"inLanguage\":\"es\",\"potentialAction\":[{\"@type\":\"ReadAction\",\"target\":[\"https:\\\/\\\/arealorcaradio.es\\\/index.php\\\/2026\\\/01\\\/07\\\/ernestas-y-fran-arbol-referentes-para-los-seguidores-del-lorca-deportiva-a-traves-de-area-lorca-radio-frente-al-xerez-deportivo-fc-y-ud-almeria-b\\\/\"]}]},{\"@type\":\"ImageObject\",\"inLanguage\":\"es\",\"@id\":\"https:\\\/\\\/arealorcaradio.es\\\/index.php\\\/2026\\\/01\\\/07\\\/ernestas-y-fran-arbol-referentes-para-los-seguidores-del-lorca-deportiva-a-traves-de-area-lorca-radio-frente-al-xerez-deportivo-fc-y-ud-almeria-b\\\/#primaryimage\",\"url\":\"https:\\\/\\\/arealorcaradio.es\\\/wp-content\\\/uploads\\\/2026\\\/01\\\/Diseno-Trofeos-11-Patrocinadores.png\",\"contentUrl\":\"https:\\\/\\\/arealorcaradio.es\\\/wp-content\\\/uploads\\\/2026\\\/01\\\/Diseno-Trofeos-11-Patrocinadores.png\",\"width\":2560,\"height\":1200},{\"@type\":\"BreadcrumbList\",\"@id\":\"https:\\\/\\\/arealorcaradio.es\\\/index.php\\\/2026\\\/01\\\/07\\\/ernestas-y-fran-arbol-referentes-para-los-seguidores-del-lorca-deportiva-a-traves-de-area-lorca-radio-frente-al-xerez-deportivo-fc-y-ud-almeria-b\\\/#breadcrumb\",\"itemListElement\":[{\"@type\":\"ListItem\",\"position\":1,\"name\":\"Portada\",\"item\":\"https:\\\/\\\/arealorcaradio.es\\\/\"},{\"@type\":\"ListItem\",\"position\":2,\"name\":\"Ernestas y Fran \u00c1rbol, referentes para los seguidores del Lorca Deportiva a trav\u00e9s de \u00c1rea Lorca Radio frente al Xerez Deportivo FC y UD Almer\u00eda B\"}]},{\"@type\":\"WebSite\",\"@id\":\"https:\\\/\\\/arealorcaradio.es\\\/#website\",\"url\":\"https:\\\/\\\/arealorcaradio.es\\\/\",\"name\":\"AREA LORCA RADIO\",\"description\":\"Descubre la programaci\u00f3n actual en \u00c1rea Lorca Radio, tu fuente de entrenamiento y noticias locales. Sintoniza ahora y mantente conectado online.\",\"potentialAction\":[{\"@type\":\"SearchAction\",\"target\":{\"@type\":\"EntryPoint\",\"urlTemplate\":\"https:\\\/\\\/arealorcaradio.es\\\/?s={search_term_string}\"},\"query-input\":{\"@type\":\"PropertyValueSpecification\",\"valueRequired\":true,\"valueName\":\"search_term_string\"}}],\"inLanguage\":\"es\"},{\"@type\":\"Person\",\"@id\":\"https:\\\/\\\/arealorcaradio.es\\\/#\\\/schema\\\/person\\\/9fae605fc25b0f2c83c1ab207139bd27\",\"name\":\"Paco S\u00e1nchez\",\"image\":{\"@type\":\"ImageObject\",\"inLanguage\":\"es\",\"@id\":\"https:\\\/\\\/secure.gravatar.com\\\/avatar\\\/d67144e966420fb74aa84c9f2a0103be4724fd14db52b52d3b6bca749f257e79?s=96&d=mm&r=g\",\"url\":\"https:\\\/\\\/secure.gravatar.com\\\/avatar\\\/d67144e966420fb74aa84c9f2a0103be4724fd14db52b52d3b6bca749f257e79?s=96&d=mm&r=g\",\"contentUrl\":\"https:\\\/\\\/secure.gravatar.com\\\/avatar\\\/d67144e966420fb74aa84c9f2a0103be4724fd14db52b52d3b6bca749f257e79?s=96&d=mm&r=g\",\"caption\":\"Paco S\u00e1nchez\"},\"sameAs\":[\"https:\\\/\\\/arealorcaradio.es\"],\"url\":\"https:\\\/\\\/arealorcaradio.es\\\/index.php\\\/author\\\/admin_alorcaradio\\\/\"}]}<\/script>\n<!-- \/ Yoast SEO plugin. -->","yoast_head_json":{"title":"Ernestas y Fran \u00c1rbol, referentes para los seguidores del Lorca Deportiva a trav\u00e9s de \u00c1rea Lorca Radio frente al Xerez Deportivo FC y UD Almer\u00eda B - AREA LORCA RADIO","robots":{"index":"index","follow":"follow","max-snippet":"max-snippet:-1","max-image-preview":"max-image-preview:large","max-video-preview":"max-video-preview:-1"},"canonical":"https:\/\/arealorcaradio.es\/index.php\/2026\/01\/07\/ernestas-y-fran-arbol-referentes-para-los-seguidores-del-lorca-deportiva-a-traves-de-area-lorca-radio-frente-al-xerez-deportivo-fc-y-ud-almeria-b\/","og_locale":"es_ES","og_type":"article","og_title":"Ernestas y Fran \u00c1rbol, referentes para los seguidores del Lorca Deportiva a trav\u00e9s de \u00c1rea Lorca Radio frente al Xerez Deportivo FC y UD Almer\u00eda B - AREA LORCA RADIO","og_description":"\u00c1REA LORCA DEPORTES. Paco S\u00e1nchez. Escucha aqu\u00ed el repaso de los \u00abTrofeos el mejor del Lorca Deportiva\u00bb tras la disputa de las dos \u00faltimas jornadas de liga en Jerez de la Frontera frente al Xerez Deportivo FC y UD Almer\u00eda B, este pasado domingo en Lorca.","og_url":"https:\/\/arealorcaradio.es\/index.php\/2026\/01\/07\/ernestas-y-fran-arbol-referentes-para-los-seguidores-del-lorca-deportiva-a-traves-de-area-lorca-radio-frente-al-xerez-deportivo-fc-y-ud-almeria-b\/","og_site_name":"AREA LORCA RADIO","article_published_time":"2026-01-07T18:00:10+00:00","article_modified_time":"2026-01-07T18:02:09+00:00","og_image":[{"width":1024,"height":480,"url":"https:\/\/arealorcaradio.es\/wp-content\/uploads\/2026\/01\/Diseno-Trofeos-11-Patrocinadores-1024x480.png","type":"image\/png"}],"author":"Paco S\u00e1nchez","twitter_card":"summary_large_image","twitter_misc":{"Escrito por":"Paco S\u00e1nchez","Tiempo de lectura":"1 minuto"},"schema":{"@context":"https:\/\/schema.org","@graph":[{"@type":"Article","@id":"https:\/\/arealorcaradio.es\/index.php\/2026\/01\/07\/ernestas-y-fran-arbol-referentes-para-los-seguidores-del-lorca-deportiva-a-traves-de-area-lorca-radio-frente-al-xerez-deportivo-fc-y-ud-almeria-b\/#article","isPartOf":{"@id":"https:\/\/arealorcaradio.es\/index.php\/2026\/01\/07\/ernestas-y-fran-arbol-referentes-para-los-seguidores-del-lorca-deportiva-a-traves-de-area-lorca-radio-frente-al-xerez-deportivo-fc-y-ud-almeria-b\/"},"author":{"name":"Paco S\u00e1nchez","@id":"https:\/\/arealorcaradio.es\/#\/schema\/person\/9fae605fc25b0f2c83c1ab207139bd27"},"headline":"Ernestas y Fran \u00c1rbol, referentes para los seguidores del Lorca Deportiva a trav\u00e9s de \u00c1rea Lorca Radio frente al Xerez Deportivo FC y UD Almer\u00eda B","datePublished":"2026-01-07T18:00:10+00:00","dateModified":"2026-01-07T18:02:09+00:00","mainEntityOfPage":{"@id":"https:\/\/arealorcaradio.es\/index.php\/2026\/01\/07\/ernestas-y-fran-arbol-referentes-para-los-seguidores-del-lorca-deportiva-a-traves-de-area-lorca-radio-frente-al-xerez-deportivo-fc-y-ud-almeria-b\/"},"wordCount":88,"commentCount":0,"image":{"@id":"https:\/\/arealorcaradio.es\/index.php\/2026\/01\/07\/ernestas-y-fran-arbol-referentes-para-los-seguidores-del-lorca-deportiva-a-traves-de-area-lorca-radio-frente-al-xerez-deportivo-fc-y-ud-almeria-b\/#primaryimage"},"thumbnailUrl":"https:\/\/arealorcaradio.es\/wp-content\/uploads\/2026\/01\/Diseno-Trofeos-11-Patrocinadores.png","articleSection":["DEPORTES","LORCA"],"inLanguage":"es","potentialAction":[{"@type":"CommentAction","name":"Comment","target":["https:\/\/arealorcaradio.es\/index.php\/2026\/01\/07\/ernestas-y-fran-arbol-referentes-para-los-seguidores-del-lorca-deportiva-a-traves-de-area-lorca-radio-frente-al-xerez-deportivo-fc-y-ud-almeria-b\/#respond"]}]},{"@type":"WebPage","@id":"https:\/\/arealorcaradio.es\/index.php\/2026\/01\/07\/ernestas-y-fran-arbol-referentes-para-los-seguidores-del-lorca-deportiva-a-traves-de-area-lorca-radio-frente-al-xerez-deportivo-fc-y-ud-almeria-b\/","url":"https:\/\/arealorcaradio.es\/index.php\/2026\/01\/07\/ernestas-y-fran-arbol-referentes-para-los-seguidores-del-lorca-deportiva-a-traves-de-area-lorca-radio-frente-al-xerez-deportivo-fc-y-ud-almeria-b\/","name":"Ernestas y Fran \u00c1rbol, referentes para los seguidores del Lorca Deportiva a trav\u00e9s de \u00c1rea Lorca Radio frente al Xerez Deportivo FC y UD Almer\u00eda B - AREA LORCA RADIO","isPartOf":{"@id":"https:\/\/arealorcaradio.es\/#website"},"primaryImageOfPage":{"@id":"https:\/\/arealorcaradio.es\/index.php\/2026\/01\/07\/ernestas-y-fran-arbol-referentes-para-los-seguidores-del-lorca-deportiva-a-traves-de-area-lorca-radio-frente-al-xerez-deportivo-fc-y-ud-almeria-b\/#primaryimage"},"image":{"@id":"https:\/\/arealorcaradio.es\/index.php\/2026\/01\/07\/ernestas-y-fran-arbol-referentes-para-los-seguidores-del-lorca-deportiva-a-traves-de-area-lorca-radio-frente-al-xerez-deportivo-fc-y-ud-almeria-b\/#primaryimage"},"thumbnailUrl":"https:\/\/arealorcaradio.es\/wp-content\/uploads\/2026\/01\/Diseno-Trofeos-11-Patrocinadores.png","datePublished":"2026-01-07T18:00:10+00:00","dateModified":"2026-01-07T18:02:09+00:00","author":{"@id":"https:\/\/arealorcaradio.es\/#\/schema\/person\/9fae605fc25b0f2c83c1ab207139bd27"},"breadcrumb":{"@id":"https:\/\/arealorcaradio.es\/index.php\/2026\/01\/07\/ernestas-y-fran-arbol-referentes-para-los-seguidores-del-lorca-deportiva-a-traves-de-area-lorca-radio-frente-al-xerez-deportivo-fc-y-ud-almeria-b\/#breadcrumb"},"inLanguage":"es","potentialAction":[{"@type":"ReadAction","target":["https:\/\/arealorcaradio.es\/index.php\/2026\/01\/07\/ernestas-y-fran-arbol-referentes-para-los-seguidores-del-lorca-deportiva-a-traves-de-area-lorca-radio-frente-al-xerez-deportivo-fc-y-ud-almeria-b\/"]}]},{"@type":"ImageObject","inLanguage":"es","@id":"https:\/\/arealorcaradio.es\/index.php\/2026\/01\/07\/ernestas-y-fran-arbol-referentes-para-los-seguidores-del-lorca-deportiva-a-traves-de-area-lorca-radio-frente-al-xerez-deportivo-fc-y-ud-almeria-b\/#primaryimage","url":"https:\/\/arealorcaradio.es\/wp-content\/uploads\/2026\/01\/Diseno-Trofeos-11-Patrocinadores.png","contentUrl":"https:\/\/arealorcaradio.es\/wp-content\/uploads\/2026\/01\/Diseno-Trofeos-11-Patrocinadores.png","width":2560,"height":1200},{"@type":"BreadcrumbList","@id":"https:\/\/arealorcaradio.es\/index.php\/2026\/01\/07\/ernestas-y-fran-arbol-referentes-para-los-seguidores-del-lorca-deportiva-a-traves-de-area-lorca-radio-frente-al-xerez-deportivo-fc-y-ud-almeria-b\/#breadcrumb","itemListElement":[{"@type":"ListItem","position":1,"name":"Portada","item":"https:\/\/arealorcaradio.es\/"},{"@type":"ListItem","position":2,"name":"Ernestas y Fran \u00c1rbol, referentes para los seguidores del Lorca Deportiva a trav\u00e9s de \u00c1rea Lorca Radio frente al Xerez Deportivo FC y UD Almer\u00eda B"}]},{"@type":"WebSite","@id":"https:\/\/arealorcaradio.es\/#website","url":"https:\/\/arealorcaradio.es\/","name":"AREA LORCA RADIO","description":"Descubre la programaci\u00f3n actual en \u00c1rea Lorca Radio, tu fuente de entrenamiento y noticias locales. Sintoniza ahora y mantente conectado online.","potentialAction":[{"@type":"SearchAction","target":{"@type":"EntryPoint","urlTemplate":"https:\/\/arealorcaradio.es\/?s={search_term_string}"},"query-input":{"@type":"PropertyValueSpecification","valueRequired":true,"valueName":"search_term_string"}}],"inLanguage":"es"},{"@type":"Person","@id":"https:\/\/arealorcaradio.es\/#\/schema\/person\/9fae605fc25b0f2c83c1ab207139bd27","name":"Paco S\u00e1nchez","image":{"@type":"ImageObject","inLanguage":"es","@id":"https:\/\/secure.gravatar.com\/avatar\/d67144e966420fb74aa84c9f2a0103be4724fd14db52b52d3b6bca749f257e79?s=96&d=mm&r=g","url":"https:\/\/secure.gravatar.com\/avatar\/d67144e966420fb74aa84c9f2a0103be4724fd14db52b52d3b6bca749f257e79?s=96&d=mm&r=g","contentUrl":"https:\/\/secure.gravatar.com\/avatar\/d67144e966420fb74aa84c9f2a0103be4724fd14db52b52d3b6bca749f257e79?s=96&d=mm&r=g","caption":"Paco S\u00e1nchez"},"sameAs":["https:\/\/arealorcaradio.es"],"url":"https:\/\/arealorcaradio.es\/index.php\/author\/admin_alorcaradio\/"}]}},"_links":{"self":[{"href":"https:\/\/arealorcaradio.es\/index.php\/wp-json\/wp\/v2\/posts\/8731","targetHints":{"allow":["GET"]}}],"collection":[{"href":"https:\/\/arealorcaradio.es\/index.php\/wp-json\/wp\/v2\/posts"}],"about":[{"href":"https:\/\/arealorcaradio.es\/index.php\/wp-json\/wp\/v2\/types\/post"}],"author":[{"embeddable":true,"href":"https:\/\/arealorcaradio.es\/index.php\/wp-json\/wp\/v2\/users\/1"}],"replies":[{"embeddable":true,"href":"https:\/\/arealorcaradio.es\/index.php\/wp-json\/wp\/v2\/comments?post=8731"}],"version-history":[{"count":2,"href":"https:\/\/arealorcaradio.es\/index.php\/wp-json\/wp\/v2\/posts\/8731\/revisions"}],"predecessor-version":[{"id":8736,"href":"https:\/\/arealorcaradio.es\/index.php\/wp-json\/wp\/v2\/posts\/8731\/revisions\/8736"}],"wp:featuredmedia":[{"embeddable":true,"href":"https:\/\/arealorcaradio.es\/index.php\/wp-json\/wp\/v2\/media\/8733"}],"wp:attachment":[{"href":"https:\/\/arealorcaradio.es\/index.php\/wp-json\/wp\/v2\/media?parent=8731"}],"wp:term":[{"taxonomy":"category","embeddable":true,"href":"https:\/\/arealorcaradio.es\/index.php\/wp-json\/wp\/v2\/categories?post=8731"},{"taxonomy":"post_tag","embeddable":true,"href":"https:\/\/arealorcaradio.es\/index.php\/wp-json\/wp\/v2\/tags?post=8731"}],"curies":[{"name":"wp","href":"https:\/\/api.w.org\/{rel}","templated":true}]}}