{"id":8697,"date":"2026-01-02T17:04:31","date_gmt":"2026-01-02T17:04:31","guid":{"rendered":"https:\/\/arealorcaradio.es\/?p=8697"},"modified":"2026-01-02T17:20:08","modified_gmt":"2026-01-02T17:20:08","slug":"la-asociacion-nuevos-lorquinos-rinde-este-sabado-un-homenaje-simbolico-a-las-victimas-del-terrible-accidente-de-tren-ocurrido-el-miercoles-3-de-enero-2001","status":"publish","type":"post","link":"https:\/\/arealorcaradio.es\/index.php\/2026\/01\/02\/la-asociacion-nuevos-lorquinos-rinde-este-sabado-un-homenaje-simbolico-a-las-victimas-del-terrible-accidente-de-tren-ocurrido-el-miercoles-3-de-enero-2001\/","title":{"rendered":"La Asociaci\u00f3n nuevos Lorquinos rinde este s\u00e1bado a las 12 horas un homenaje simb\u00f3lico a las v\u00edctimas del terrible accidente de tren ocurrido el mi\u00e9rcoles 3 de enero 2001"},"content":{"rendered":"<p><strong>\u00c1REA LORCA RADIO. Aniversario.<\/strong><\/p>\n<p>La Asociaci\u00f3n nuevos Lorquinos rinde un homenaje simb\u00f3lico a las v\u00edctimas del terrible accidente de tren ocurrido el mi\u00e9rcoles 3 de enero 2001 cuando eras las 7:40 de la ma\u00f1ana en la que un tren arrollaba a una furgoneta en la que viajaban 14 personas de nacionalidad ecuatoriana en la que 12 personas perdieron la vida.<\/p>\n<p><img loading=\"lazy\" decoding=\"async\" class=\"alignnone size-medium wp-image-8699\" src=\"https:\/\/arealorcaradio.es\/wp-content\/uploads\/2026\/01\/WhatsApp-Image-2026-01-02-at-17.40.34-300x225.jpeg\" alt=\"\" width=\"300\" height=\"225\" srcset=\"https:\/\/arealorcaradio.es\/wp-content\/uploads\/2026\/01\/WhatsApp-Image-2026-01-02-at-17.40.34-300x225.jpeg 300w, https:\/\/arealorcaradio.es\/wp-content\/uploads\/2026\/01\/WhatsApp-Image-2026-01-02-at-17.40.34-1024x768.jpeg 1024w, https:\/\/arealorcaradio.es\/wp-content\/uploads\/2026\/01\/WhatsApp-Image-2026-01-02-at-17.40.34-768x576.jpeg 768w, https:\/\/arealorcaradio.es\/wp-content\/uploads\/2026\/01\/WhatsApp-Image-2026-01-02-at-17.40.34-1536x1152.jpeg 1536w, https:\/\/arealorcaradio.es\/wp-content\/uploads\/2026\/01\/WhatsApp-Image-2026-01-02-at-17.40.34-86x64.jpeg 86w, https:\/\/arealorcaradio.es\/wp-content\/uploads\/2026\/01\/WhatsApp-Image-2026-01-02-at-17.40.34.jpeg 1600w\" sizes=\"auto, (max-width: 300px) 100vw, 300px\" \/><br \/>\nEste s\u00e1bado con motivo de este triste aniversario, Lorca contar\u00e1 con la visita del C\u00f3nsul general del Ecuador en la regi\u00f3n de Murcia, Cesar Augusto Mantilla Cisneros que estar\u00e1 acompa\u00f1ado por Santiago Parra, Mayte Mart\u00ednez y \u00c1ngel Meca, concejales del equipo de gobierno del Ayuntamiento de Lorca VOX y concejales de PSOE.<\/p>\n<p>Participar\u00e1n Jos\u00e9 Rolando Suarez, qui\u00e9n leer\u00e1 una poes\u00eda en memorar\u00eda de las v\u00edctimas del a\u00f1o 2001 y Pepe Tom\u00e1s con la canci\u00f3n \u00abA veces me pregunto\u00bb.<\/p>\n<p>Durante el acto se realizar\u00e1 una Ofrenda floral y el encendido de 12 velas una por cada v\u00edctima. Antes del cierre de dicho acto se leer\u00e1 un manifiesto por parte del presidente de La Asociaci\u00f3n Nuevos Lorquinos, Mario Aguilar.<\/p>\n","protected":false},"excerpt":{"rendered":"<p>\u00c1REA LORCA RADIO. Aniversario. La Asociaci\u00f3n nuevos Lorquinos rinde un homenaje simb\u00f3lico a las v\u00edctimas del terrible accidente de tren ocurrido el mi\u00e9rcoles 3 de enero 2001 cuando eras las 7:40 de la ma\u00f1ana en la que un tren arrollaba a una furgoneta en la que viajaban 14 personas de nacionalidad ecuatoriana en la que [&hellip;]<\/p>\n","protected":false},"author":1,"featured_media":8700,"comment_status":"open","ping_status":"open","sticky":false,"template":"","format":"standard","meta":{"iawp_total_views":296,"footnotes":""},"categories":[5,7],"tags":[],"class_list":["post-8697","post","type-post","status-publish","format-standard","has-post-thumbnail","hentry","category-actualidad","category-lorca"],"yoast_head":"<!-- This site is optimized with the Yoast SEO plugin v27.5 - https:\/\/yoast.com\/product\/yoast-seo-wordpress\/ -->\n<title>La Asociaci\u00f3n nuevos Lorquinos rinde este s\u00e1bado a las 12 horas un homenaje simb\u00f3lico a las v\u00edctimas del terrible accidente de tren ocurrido el mi\u00e9rcoles 3 de enero 2001 - AREA LORCA RADIO<\/title>\n<meta name=\"robots\" content=\"index, follow, max-snippet:-1, max-image-preview:large, max-video-preview:-1\" \/>\n<link rel=\"canonical\" href=\"https:\/\/arealorcaradio.es\/index.php\/2026\/01\/02\/la-asociacion-nuevos-lorquinos-rinde-este-sabado-un-homenaje-simbolico-a-las-victimas-del-terrible-accidente-de-tren-ocurrido-el-miercoles-3-de-enero-2001\/\" \/>\n<meta property=\"og:locale\" content=\"es_ES\" \/>\n<meta property=\"og:type\" content=\"article\" \/>\n<meta property=\"og:title\" content=\"La Asociaci\u00f3n nuevos Lorquinos rinde este s\u00e1bado a las 12 horas un homenaje simb\u00f3lico a las v\u00edctimas del terrible accidente de tren ocurrido el mi\u00e9rcoles 3 de enero 2001 - AREA LORCA RADIO\" \/>\n<meta property=\"og:description\" content=\"\u00c1REA LORCA RADIO. Aniversario. La Asociaci\u00f3n nuevos Lorquinos rinde un homenaje simb\u00f3lico a las v\u00edctimas del terrible accidente de tren ocurrido el mi\u00e9rcoles 3 de enero 2001 cuando eras las 7:40 de la ma\u00f1ana en la que un tren arrollaba a una furgoneta en la que viajaban 14 personas de nacionalidad ecuatoriana en la que [&hellip;]\" \/>\n<meta property=\"og:url\" content=\"https:\/\/arealorcaradio.es\/index.php\/2026\/01\/02\/la-asociacion-nuevos-lorquinos-rinde-este-sabado-un-homenaje-simbolico-a-las-victimas-del-terrible-accidente-de-tren-ocurrido-el-miercoles-3-de-enero-2001\/\" \/>\n<meta property=\"og:site_name\" content=\"AREA LORCA RADIO\" \/>\n<meta property=\"article:published_time\" content=\"2026-01-02T17:04:31+00:00\" \/>\n<meta property=\"article:modified_time\" content=\"2026-01-02T17:20:08+00:00\" \/>\n<meta property=\"og:image\" content=\"https:\/\/arealorcaradio.es\/wp-content\/uploads\/2026\/01\/WhatsApp-Image-2026-01-02-at-17.39.41.jpeg\" \/>\n\t<meta property=\"og:image:width\" content=\"1200\" \/>\n\t<meta property=\"og:image:height\" content=\"798\" \/>\n\t<meta property=\"og:image:type\" content=\"image\/jpeg\" \/>\n<meta name=\"author\" content=\"Paco S\u00e1nchez\" \/>\n<meta name=\"twitter:card\" content=\"summary_large_image\" \/>\n<meta name=\"twitter:label1\" content=\"Escrito por\" \/>\n\t<meta name=\"twitter:data1\" content=\"Paco S\u00e1nchez\" \/>\n\t<meta name=\"twitter:label2\" content=\"Tiempo de lectura\" \/>\n\t<meta name=\"twitter:data2\" content=\"2 minutos\" \/>\n<script type=\"application\/ld+json\" class=\"yoast-schema-graph\">{\"@context\":\"https:\\\/\\\/schema.org\",\"@graph\":[{\"@type\":\"Article\",\"@id\":\"https:\\\/\\\/arealorcaradio.es\\\/index.php\\\/2026\\\/01\\\/02\\\/la-asociacion-nuevos-lorquinos-rinde-este-sabado-un-homenaje-simbolico-a-las-victimas-del-terrible-accidente-de-tren-ocurrido-el-miercoles-3-de-enero-2001\\\/#article\",\"isPartOf\":{\"@id\":\"https:\\\/\\\/arealorcaradio.es\\\/index.php\\\/2026\\\/01\\\/02\\\/la-asociacion-nuevos-lorquinos-rinde-este-sabado-un-homenaje-simbolico-a-las-victimas-del-terrible-accidente-de-tren-ocurrido-el-miercoles-3-de-enero-2001\\\/\"},\"author\":{\"name\":\"Paco S\u00e1nchez\",\"@id\":\"https:\\\/\\\/arealorcaradio.es\\\/#\\\/schema\\\/person\\\/9fae605fc25b0f2c83c1ab207139bd27\"},\"headline\":\"La Asociaci\u00f3n nuevos Lorquinos rinde este s\u00e1bado a las 12 horas un homenaje simb\u00f3lico a las v\u00edctimas del terrible accidente de tren ocurrido el mi\u00e9rcoles 3 de enero 2001\",\"datePublished\":\"2026-01-02T17:04:31+00:00\",\"dateModified\":\"2026-01-02T17:20:08+00:00\",\"mainEntityOfPage\":{\"@id\":\"https:\\\/\\\/arealorcaradio.es\\\/index.php\\\/2026\\\/01\\\/02\\\/la-asociacion-nuevos-lorquinos-rinde-este-sabado-un-homenaje-simbolico-a-las-victimas-del-terrible-accidente-de-tren-ocurrido-el-miercoles-3-de-enero-2001\\\/\"},\"wordCount\":221,\"commentCount\":0,\"image\":{\"@id\":\"https:\\\/\\\/arealorcaradio.es\\\/index.php\\\/2026\\\/01\\\/02\\\/la-asociacion-nuevos-lorquinos-rinde-este-sabado-un-homenaje-simbolico-a-las-victimas-del-terrible-accidente-de-tren-ocurrido-el-miercoles-3-de-enero-2001\\\/#primaryimage\"},\"thumbnailUrl\":\"https:\\\/\\\/arealorcaradio.es\\\/wp-content\\\/uploads\\\/2026\\\/01\\\/WhatsApp-Image-2026-01-02-at-17.39.41.jpeg\",\"articleSection\":[\"ACTUALIDAD\",\"LORCA\"],\"inLanguage\":\"es\",\"potentialAction\":[{\"@type\":\"CommentAction\",\"name\":\"Comment\",\"target\":[\"https:\\\/\\\/arealorcaradio.es\\\/index.php\\\/2026\\\/01\\\/02\\\/la-asociacion-nuevos-lorquinos-rinde-este-sabado-un-homenaje-simbolico-a-las-victimas-del-terrible-accidente-de-tren-ocurrido-el-miercoles-3-de-enero-2001\\\/#respond\"]}]},{\"@type\":\"WebPage\",\"@id\":\"https:\\\/\\\/arealorcaradio.es\\\/index.php\\\/2026\\\/01\\\/02\\\/la-asociacion-nuevos-lorquinos-rinde-este-sabado-un-homenaje-simbolico-a-las-victimas-del-terrible-accidente-de-tren-ocurrido-el-miercoles-3-de-enero-2001\\\/\",\"url\":\"https:\\\/\\\/arealorcaradio.es\\\/index.php\\\/2026\\\/01\\\/02\\\/la-asociacion-nuevos-lorquinos-rinde-este-sabado-un-homenaje-simbolico-a-las-victimas-del-terrible-accidente-de-tren-ocurrido-el-miercoles-3-de-enero-2001\\\/\",\"name\":\"La Asociaci\u00f3n nuevos Lorquinos rinde este s\u00e1bado a las 12 horas un homenaje simb\u00f3lico a las v\u00edctimas del terrible accidente de tren ocurrido el mi\u00e9rcoles 3 de enero 2001 - AREA LORCA RADIO\",\"isPartOf\":{\"@id\":\"https:\\\/\\\/arealorcaradio.es\\\/#website\"},\"primaryImageOfPage\":{\"@id\":\"https:\\\/\\\/arealorcaradio.es\\\/index.php\\\/2026\\\/01\\\/02\\\/la-asociacion-nuevos-lorquinos-rinde-este-sabado-un-homenaje-simbolico-a-las-victimas-del-terrible-accidente-de-tren-ocurrido-el-miercoles-3-de-enero-2001\\\/#primaryimage\"},\"image\":{\"@id\":\"https:\\\/\\\/arealorcaradio.es\\\/index.php\\\/2026\\\/01\\\/02\\\/la-asociacion-nuevos-lorquinos-rinde-este-sabado-un-homenaje-simbolico-a-las-victimas-del-terrible-accidente-de-tren-ocurrido-el-miercoles-3-de-enero-2001\\\/#primaryimage\"},\"thumbnailUrl\":\"https:\\\/\\\/arealorcaradio.es\\\/wp-content\\\/uploads\\\/2026\\\/01\\\/WhatsApp-Image-2026-01-02-at-17.39.41.jpeg\",\"datePublished\":\"2026-01-02T17:04:31+00:00\",\"dateModified\":\"2026-01-02T17:20:08+00:00\",\"author\":{\"@id\":\"https:\\\/\\\/arealorcaradio.es\\\/#\\\/schema\\\/person\\\/9fae605fc25b0f2c83c1ab207139bd27\"},\"breadcrumb\":{\"@id\":\"https:\\\/\\\/arealorcaradio.es\\\/index.php\\\/2026\\\/01\\\/02\\\/la-asociacion-nuevos-lorquinos-rinde-este-sabado-un-homenaje-simbolico-a-las-victimas-del-terrible-accidente-de-tren-ocurrido-el-miercoles-3-de-enero-2001\\\/#breadcrumb\"},\"inLanguage\":\"es\",\"potentialAction\":[{\"@type\":\"ReadAction\",\"target\":[\"https:\\\/\\\/arealorcaradio.es\\\/index.php\\\/2026\\\/01\\\/02\\\/la-asociacion-nuevos-lorquinos-rinde-este-sabado-un-homenaje-simbolico-a-las-victimas-del-terrible-accidente-de-tren-ocurrido-el-miercoles-3-de-enero-2001\\\/\"]}]},{\"@type\":\"ImageObject\",\"inLanguage\":\"es\",\"@id\":\"https:\\\/\\\/arealorcaradio.es\\\/index.php\\\/2026\\\/01\\\/02\\\/la-asociacion-nuevos-lorquinos-rinde-este-sabado-un-homenaje-simbolico-a-las-victimas-del-terrible-accidente-de-tren-ocurrido-el-miercoles-3-de-enero-2001\\\/#primaryimage\",\"url\":\"https:\\\/\\\/arealorcaradio.es\\\/wp-content\\\/uploads\\\/2026\\\/01\\\/WhatsApp-Image-2026-01-02-at-17.39.41.jpeg\",\"contentUrl\":\"https:\\\/\\\/arealorcaradio.es\\\/wp-content\\\/uploads\\\/2026\\\/01\\\/WhatsApp-Image-2026-01-02-at-17.39.41.jpeg\",\"width\":1200,\"height\":798},{\"@type\":\"BreadcrumbList\",\"@id\":\"https:\\\/\\\/arealorcaradio.es\\\/index.php\\\/2026\\\/01\\\/02\\\/la-asociacion-nuevos-lorquinos-rinde-este-sabado-un-homenaje-simbolico-a-las-victimas-del-terrible-accidente-de-tren-ocurrido-el-miercoles-3-de-enero-2001\\\/#breadcrumb\",\"itemListElement\":[{\"@type\":\"ListItem\",\"position\":1,\"name\":\"Portada\",\"item\":\"https:\\\/\\\/arealorcaradio.es\\\/\"},{\"@type\":\"ListItem\",\"position\":2,\"name\":\"La Asociaci\u00f3n nuevos Lorquinos rinde este s\u00e1bado a las 12 horas un homenaje simb\u00f3lico a las v\u00edctimas del terrible accidente de tren ocurrido el mi\u00e9rcoles 3 de enero 2001\"}]},{\"@type\":\"WebSite\",\"@id\":\"https:\\\/\\\/arealorcaradio.es\\\/#website\",\"url\":\"https:\\\/\\\/arealorcaradio.es\\\/\",\"name\":\"AREA LORCA RADIO\",\"description\":\"Descubre la programaci\u00f3n actual en \u00c1rea Lorca Radio, tu fuente de entrenamiento y noticias locales. Sintoniza ahora y mantente conectado online.\",\"potentialAction\":[{\"@type\":\"SearchAction\",\"target\":{\"@type\":\"EntryPoint\",\"urlTemplate\":\"https:\\\/\\\/arealorcaradio.es\\\/?s={search_term_string}\"},\"query-input\":{\"@type\":\"PropertyValueSpecification\",\"valueRequired\":true,\"valueName\":\"search_term_string\"}}],\"inLanguage\":\"es\"},{\"@type\":\"Person\",\"@id\":\"https:\\\/\\\/arealorcaradio.es\\\/#\\\/schema\\\/person\\\/9fae605fc25b0f2c83c1ab207139bd27\",\"name\":\"Paco S\u00e1nchez\",\"image\":{\"@type\":\"ImageObject\",\"inLanguage\":\"es\",\"@id\":\"https:\\\/\\\/secure.gravatar.com\\\/avatar\\\/d67144e966420fb74aa84c9f2a0103be4724fd14db52b52d3b6bca749f257e79?s=96&d=mm&r=g\",\"url\":\"https:\\\/\\\/secure.gravatar.com\\\/avatar\\\/d67144e966420fb74aa84c9f2a0103be4724fd14db52b52d3b6bca749f257e79?s=96&d=mm&r=g\",\"contentUrl\":\"https:\\\/\\\/secure.gravatar.com\\\/avatar\\\/d67144e966420fb74aa84c9f2a0103be4724fd14db52b52d3b6bca749f257e79?s=96&d=mm&r=g\",\"caption\":\"Paco S\u00e1nchez\"},\"sameAs\":[\"https:\\\/\\\/arealorcaradio.es\"],\"url\":\"https:\\\/\\\/arealorcaradio.es\\\/index.php\\\/author\\\/admin_alorcaradio\\\/\"}]}<\/script>\n<!-- \/ Yoast SEO plugin. -->","yoast_head_json":{"title":"La Asociaci\u00f3n nuevos Lorquinos rinde este s\u00e1bado a las 12 horas un homenaje simb\u00f3lico a las v\u00edctimas del terrible accidente de tren ocurrido el mi\u00e9rcoles 3 de enero 2001 - AREA LORCA RADIO","robots":{"index":"index","follow":"follow","max-snippet":"max-snippet:-1","max-image-preview":"max-image-preview:large","max-video-preview":"max-video-preview:-1"},"canonical":"https:\/\/arealorcaradio.es\/index.php\/2026\/01\/02\/la-asociacion-nuevos-lorquinos-rinde-este-sabado-un-homenaje-simbolico-a-las-victimas-del-terrible-accidente-de-tren-ocurrido-el-miercoles-3-de-enero-2001\/","og_locale":"es_ES","og_type":"article","og_title":"La Asociaci\u00f3n nuevos Lorquinos rinde este s\u00e1bado a las 12 horas un homenaje simb\u00f3lico a las v\u00edctimas del terrible accidente de tren ocurrido el mi\u00e9rcoles 3 de enero 2001 - AREA LORCA RADIO","og_description":"\u00c1REA LORCA RADIO. Aniversario. La Asociaci\u00f3n nuevos Lorquinos rinde un homenaje simb\u00f3lico a las v\u00edctimas del terrible accidente de tren ocurrido el mi\u00e9rcoles 3 de enero 2001 cuando eras las 7:40 de la ma\u00f1ana en la que un tren arrollaba a una furgoneta en la que viajaban 14 personas de nacionalidad ecuatoriana en la que [&hellip;]","og_url":"https:\/\/arealorcaradio.es\/index.php\/2026\/01\/02\/la-asociacion-nuevos-lorquinos-rinde-este-sabado-un-homenaje-simbolico-a-las-victimas-del-terrible-accidente-de-tren-ocurrido-el-miercoles-3-de-enero-2001\/","og_site_name":"AREA LORCA RADIO","article_published_time":"2026-01-02T17:04:31+00:00","article_modified_time":"2026-01-02T17:20:08+00:00","og_image":[{"width":1200,"height":798,"url":"https:\/\/arealorcaradio.es\/wp-content\/uploads\/2026\/01\/WhatsApp-Image-2026-01-02-at-17.39.41.jpeg","type":"image\/jpeg"}],"author":"Paco S\u00e1nchez","twitter_card":"summary_large_image","twitter_misc":{"Escrito por":"Paco S\u00e1nchez","Tiempo de lectura":"2 minutos"},"schema":{"@context":"https:\/\/schema.org","@graph":[{"@type":"Article","@id":"https:\/\/arealorcaradio.es\/index.php\/2026\/01\/02\/la-asociacion-nuevos-lorquinos-rinde-este-sabado-un-homenaje-simbolico-a-las-victimas-del-terrible-accidente-de-tren-ocurrido-el-miercoles-3-de-enero-2001\/#article","isPartOf":{"@id":"https:\/\/arealorcaradio.es\/index.php\/2026\/01\/02\/la-asociacion-nuevos-lorquinos-rinde-este-sabado-un-homenaje-simbolico-a-las-victimas-del-terrible-accidente-de-tren-ocurrido-el-miercoles-3-de-enero-2001\/"},"author":{"name":"Paco S\u00e1nchez","@id":"https:\/\/arealorcaradio.es\/#\/schema\/person\/9fae605fc25b0f2c83c1ab207139bd27"},"headline":"La Asociaci\u00f3n nuevos Lorquinos rinde este s\u00e1bado a las 12 horas un homenaje simb\u00f3lico a las v\u00edctimas del terrible accidente de tren ocurrido el mi\u00e9rcoles 3 de enero 2001","datePublished":"2026-01-02T17:04:31+00:00","dateModified":"2026-01-02T17:20:08+00:00","mainEntityOfPage":{"@id":"https:\/\/arealorcaradio.es\/index.php\/2026\/01\/02\/la-asociacion-nuevos-lorquinos-rinde-este-sabado-un-homenaje-simbolico-a-las-victimas-del-terrible-accidente-de-tren-ocurrido-el-miercoles-3-de-enero-2001\/"},"wordCount":221,"commentCount":0,"image":{"@id":"https:\/\/arealorcaradio.es\/index.php\/2026\/01\/02\/la-asociacion-nuevos-lorquinos-rinde-este-sabado-un-homenaje-simbolico-a-las-victimas-del-terrible-accidente-de-tren-ocurrido-el-miercoles-3-de-enero-2001\/#primaryimage"},"thumbnailUrl":"https:\/\/arealorcaradio.es\/wp-content\/uploads\/2026\/01\/WhatsApp-Image-2026-01-02-at-17.39.41.jpeg","articleSection":["ACTUALIDAD","LORCA"],"inLanguage":"es","potentialAction":[{"@type":"CommentAction","name":"Comment","target":["https:\/\/arealorcaradio.es\/index.php\/2026\/01\/02\/la-asociacion-nuevos-lorquinos-rinde-este-sabado-un-homenaje-simbolico-a-las-victimas-del-terrible-accidente-de-tren-ocurrido-el-miercoles-3-de-enero-2001\/#respond"]}]},{"@type":"WebPage","@id":"https:\/\/arealorcaradio.es\/index.php\/2026\/01\/02\/la-asociacion-nuevos-lorquinos-rinde-este-sabado-un-homenaje-simbolico-a-las-victimas-del-terrible-accidente-de-tren-ocurrido-el-miercoles-3-de-enero-2001\/","url":"https:\/\/arealorcaradio.es\/index.php\/2026\/01\/02\/la-asociacion-nuevos-lorquinos-rinde-este-sabado-un-homenaje-simbolico-a-las-victimas-del-terrible-accidente-de-tren-ocurrido-el-miercoles-3-de-enero-2001\/","name":"La Asociaci\u00f3n nuevos Lorquinos rinde este s\u00e1bado a las 12 horas un homenaje simb\u00f3lico a las v\u00edctimas del terrible accidente de tren ocurrido el mi\u00e9rcoles 3 de enero 2001 - AREA LORCA RADIO","isPartOf":{"@id":"https:\/\/arealorcaradio.es\/#website"},"primaryImageOfPage":{"@id":"https:\/\/arealorcaradio.es\/index.php\/2026\/01\/02\/la-asociacion-nuevos-lorquinos-rinde-este-sabado-un-homenaje-simbolico-a-las-victimas-del-terrible-accidente-de-tren-ocurrido-el-miercoles-3-de-enero-2001\/#primaryimage"},"image":{"@id":"https:\/\/arealorcaradio.es\/index.php\/2026\/01\/02\/la-asociacion-nuevos-lorquinos-rinde-este-sabado-un-homenaje-simbolico-a-las-victimas-del-terrible-accidente-de-tren-ocurrido-el-miercoles-3-de-enero-2001\/#primaryimage"},"thumbnailUrl":"https:\/\/arealorcaradio.es\/wp-content\/uploads\/2026\/01\/WhatsApp-Image-2026-01-02-at-17.39.41.jpeg","datePublished":"2026-01-02T17:04:31+00:00","dateModified":"2026-01-02T17:20:08+00:00","author":{"@id":"https:\/\/arealorcaradio.es\/#\/schema\/person\/9fae605fc25b0f2c83c1ab207139bd27"},"breadcrumb":{"@id":"https:\/\/arealorcaradio.es\/index.php\/2026\/01\/02\/la-asociacion-nuevos-lorquinos-rinde-este-sabado-un-homenaje-simbolico-a-las-victimas-del-terrible-accidente-de-tren-ocurrido-el-miercoles-3-de-enero-2001\/#breadcrumb"},"inLanguage":"es","potentialAction":[{"@type":"ReadAction","target":["https:\/\/arealorcaradio.es\/index.php\/2026\/01\/02\/la-asociacion-nuevos-lorquinos-rinde-este-sabado-un-homenaje-simbolico-a-las-victimas-del-terrible-accidente-de-tren-ocurrido-el-miercoles-3-de-enero-2001\/"]}]},{"@type":"ImageObject","inLanguage":"es","@id":"https:\/\/arealorcaradio.es\/index.php\/2026\/01\/02\/la-asociacion-nuevos-lorquinos-rinde-este-sabado-un-homenaje-simbolico-a-las-victimas-del-terrible-accidente-de-tren-ocurrido-el-miercoles-3-de-enero-2001\/#primaryimage","url":"https:\/\/arealorcaradio.es\/wp-content\/uploads\/2026\/01\/WhatsApp-Image-2026-01-02-at-17.39.41.jpeg","contentUrl":"https:\/\/arealorcaradio.es\/wp-content\/uploads\/2026\/01\/WhatsApp-Image-2026-01-02-at-17.39.41.jpeg","width":1200,"height":798},{"@type":"BreadcrumbList","@id":"https:\/\/arealorcaradio.es\/index.php\/2026\/01\/02\/la-asociacion-nuevos-lorquinos-rinde-este-sabado-un-homenaje-simbolico-a-las-victimas-del-terrible-accidente-de-tren-ocurrido-el-miercoles-3-de-enero-2001\/#breadcrumb","itemListElement":[{"@type":"ListItem","position":1,"name":"Portada","item":"https:\/\/arealorcaradio.es\/"},{"@type":"ListItem","position":2,"name":"La Asociaci\u00f3n nuevos Lorquinos rinde este s\u00e1bado a las 12 horas un homenaje simb\u00f3lico a las v\u00edctimas del terrible accidente de tren ocurrido el mi\u00e9rcoles 3 de enero 2001"}]},{"@type":"WebSite","@id":"https:\/\/arealorcaradio.es\/#website","url":"https:\/\/arealorcaradio.es\/","name":"AREA LORCA RADIO","description":"Descubre la programaci\u00f3n actual en \u00c1rea Lorca Radio, tu fuente de entrenamiento y noticias locales. Sintoniza ahora y mantente conectado online.","potentialAction":[{"@type":"SearchAction","target":{"@type":"EntryPoint","urlTemplate":"https:\/\/arealorcaradio.es\/?s={search_term_string}"},"query-input":{"@type":"PropertyValueSpecification","valueRequired":true,"valueName":"search_term_string"}}],"inLanguage":"es"},{"@type":"Person","@id":"https:\/\/arealorcaradio.es\/#\/schema\/person\/9fae605fc25b0f2c83c1ab207139bd27","name":"Paco S\u00e1nchez","image":{"@type":"ImageObject","inLanguage":"es","@id":"https:\/\/secure.gravatar.com\/avatar\/d67144e966420fb74aa84c9f2a0103be4724fd14db52b52d3b6bca749f257e79?s=96&d=mm&r=g","url":"https:\/\/secure.gravatar.com\/avatar\/d67144e966420fb74aa84c9f2a0103be4724fd14db52b52d3b6bca749f257e79?s=96&d=mm&r=g","contentUrl":"https:\/\/secure.gravatar.com\/avatar\/d67144e966420fb74aa84c9f2a0103be4724fd14db52b52d3b6bca749f257e79?s=96&d=mm&r=g","caption":"Paco S\u00e1nchez"},"sameAs":["https:\/\/arealorcaradio.es"],"url":"https:\/\/arealorcaradio.es\/index.php\/author\/admin_alorcaradio\/"}]}},"_links":{"self":[{"href":"https:\/\/arealorcaradio.es\/index.php\/wp-json\/wp\/v2\/posts\/8697","targetHints":{"allow":["GET"]}}],"collection":[{"href":"https:\/\/arealorcaradio.es\/index.php\/wp-json\/wp\/v2\/posts"}],"about":[{"href":"https:\/\/arealorcaradio.es\/index.php\/wp-json\/wp\/v2\/types\/post"}],"author":[{"embeddable":true,"href":"https:\/\/arealorcaradio.es\/index.php\/wp-json\/wp\/v2\/users\/1"}],"replies":[{"embeddable":true,"href":"https:\/\/arealorcaradio.es\/index.php\/wp-json\/wp\/v2\/comments?post=8697"}],"version-history":[{"count":2,"href":"https:\/\/arealorcaradio.es\/index.php\/wp-json\/wp\/v2\/posts\/8697\/revisions"}],"predecessor-version":[{"id":8710,"href":"https:\/\/arealorcaradio.es\/index.php\/wp-json\/wp\/v2\/posts\/8697\/revisions\/8710"}],"wp:featuredmedia":[{"embeddable":true,"href":"https:\/\/arealorcaradio.es\/index.php\/wp-json\/wp\/v2\/media\/8700"}],"wp:attachment":[{"href":"https:\/\/arealorcaradio.es\/index.php\/wp-json\/wp\/v2\/media?parent=8697"}],"wp:term":[{"taxonomy":"category","embeddable":true,"href":"https:\/\/arealorcaradio.es\/index.php\/wp-json\/wp\/v2\/categories?post=8697"},{"taxonomy":"post_tag","embeddable":true,"href":"https:\/\/arealorcaradio.es\/index.php\/wp-json\/wp\/v2\/tags?post=8697"}],"curies":[{"name":"wp","href":"https:\/\/api.w.org\/{rel}","templated":true}]}}