{"id":8659,"date":"2025-12-22T09:53:44","date_gmt":"2025-12-22T09:53:44","guid":{"rendered":"https:\/\/arealorcaradio.es\/?p=8659"},"modified":"2025-12-22T09:53:44","modified_gmt":"2025-12-22T09:53:44","slug":"area-lorca-radio-realiza-su-habitual-programa-especial-de-navidad-2025","status":"publish","type":"post","link":"https:\/\/arealorcaradio.es\/index.php\/2025\/12\/22\/area-lorca-radio-realiza-su-habitual-programa-especial-de-navidad-2025\/","title":{"rendered":"\u00c1rea Lorca Radio realiza su habitual programa especial de Navidad 2025"},"content":{"rendered":"<p><strong>\u00c1REA LORCA RADIO. Programa especial de Navidad 2025.<\/strong><\/p>\n<p>Escucha aqu\u00ed el programa de Navidad de \u00c1rea Lorca Radio que se celebr\u00f3 este viernes 19 de diciembre en el Palacete del Huerto Ruano de Lorca.<\/p>\n<p>Por el set de \u00c1rea Lorca Radio, estuvieron con Paco S\u00e1nchez el alcalde de Lorca, Fulgencio Gil J\u00f3dar, Mar\u00eda de las Huertas Garc\u00eda, concejala de Feria y Fiestas, Francisco Ib\u00e1\u00f1ez, presidente del Paso Encarnado, Miguel \u00c1ngel Hern\u00e1ndez, presidente de la Asociaci\u00f3n Belenista de Lorca, Rosa Per\u00e1n, presidenta de Hostelor, y Antonia Robles, presidenta de AFILOR, qui\u00e9n estuvo acompa\u00f1ada por una representaci\u00f3n de mujeres de la Asociaci\u00f3n para cantarnos su villancico en directo durante el programa.<\/p>\n<p>Adem\u00e1s, contamos con la colaboraci\u00f3n especial, como cada a\u00f1o, de Mari Paz G\u00f3mez. Tambi\u00e9n en este programa, contamos con la participaci\u00f3n del Coro del CEIP San Jos\u00e9 de Lorca, quienes nos hicieron llegar dos villancicos que escuchamos durante nuestro programa, todo ello gracias a su profesora, Mar\u00eda del Amor Mi\u00f1arro.<\/p>\n<audio class=\"wp-audio-shortcode\" id=\"audio-8659-1\" preload=\"none\" style=\"width: 100%;\" controls=\"controls\"><source type=\"audio\/mpeg\" src=\"https:\/\/arealorcaradio.es\/wp-content\/uploads\/2025\/12\/191225-PROGRAMA-ESPECIAL-DE-NAVIDAD.mp3?_=1\" \/><a href=\"https:\/\/arealorcaradio.es\/wp-content\/uploads\/2025\/12\/191225-PROGRAMA-ESPECIAL-DE-NAVIDAD.mp3\">https:\/\/arealorcaradio.es\/wp-content\/uploads\/2025\/12\/191225-PROGRAMA-ESPECIAL-DE-NAVIDAD.mp3<\/a><\/audio>\n<p><img loading=\"lazy\" decoding=\"async\" class=\"alignnone size-medium wp-image-8664\" src=\"https:\/\/arealorcaradio.es\/wp-content\/uploads\/2025\/12\/078c306e-2d8a-466d-a41e-395ffd6bba67-300x200.jpg\" alt=\"\" width=\"300\" height=\"200\" srcset=\"https:\/\/arealorcaradio.es\/wp-content\/uploads\/2025\/12\/078c306e-2d8a-466d-a41e-395ffd6bba67-300x200.jpg 300w, https:\/\/arealorcaradio.es\/wp-content\/uploads\/2025\/12\/078c306e-2d8a-466d-a41e-395ffd6bba67-1024x683.jpg 1024w, https:\/\/arealorcaradio.es\/wp-content\/uploads\/2025\/12\/078c306e-2d8a-466d-a41e-395ffd6bba67-768x512.jpg 768w, https:\/\/arealorcaradio.es\/wp-content\/uploads\/2025\/12\/078c306e-2d8a-466d-a41e-395ffd6bba67-1536x1024.jpg 1536w, https:\/\/arealorcaradio.es\/wp-content\/uploads\/2025\/12\/078c306e-2d8a-466d-a41e-395ffd6bba67.jpg 1725w\" sizes=\"auto, (max-width: 300px) 100vw, 300px\" \/> <img loading=\"lazy\" decoding=\"async\" class=\"alignnone size-medium wp-image-8665\" src=\"https:\/\/arealorcaradio.es\/wp-content\/uploads\/2025\/12\/6e35df2e-9455-44d7-b4d1-162778e89dfe-300x200.jpg\" alt=\"\" width=\"300\" height=\"200\" srcset=\"https:\/\/arealorcaradio.es\/wp-content\/uploads\/2025\/12\/6e35df2e-9455-44d7-b4d1-162778e89dfe-300x200.jpg 300w, https:\/\/arealorcaradio.es\/wp-content\/uploads\/2025\/12\/6e35df2e-9455-44d7-b4d1-162778e89dfe-1024x683.jpg 1024w, https:\/\/arealorcaradio.es\/wp-content\/uploads\/2025\/12\/6e35df2e-9455-44d7-b4d1-162778e89dfe-768x512.jpg 768w, https:\/\/arealorcaradio.es\/wp-content\/uploads\/2025\/12\/6e35df2e-9455-44d7-b4d1-162778e89dfe-1536x1024.jpg 1536w, https:\/\/arealorcaradio.es\/wp-content\/uploads\/2025\/12\/6e35df2e-9455-44d7-b4d1-162778e89dfe.jpg 1920w\" sizes=\"auto, (max-width: 300px) 100vw, 300px\" \/> <img loading=\"lazy\" decoding=\"async\" class=\"alignnone size-medium wp-image-8667\" src=\"https:\/\/arealorcaradio.es\/wp-content\/uploads\/2025\/12\/525aba7e-e94c-4e46-bde5-bffc3034effe-300x200.jpg\" alt=\"\" width=\"300\" height=\"200\" srcset=\"https:\/\/arealorcaradio.es\/wp-content\/uploads\/2025\/12\/525aba7e-e94c-4e46-bde5-bffc3034effe-300x200.jpg 300w, https:\/\/arealorcaradio.es\/wp-content\/uploads\/2025\/12\/525aba7e-e94c-4e46-bde5-bffc3034effe-1024x683.jpg 1024w, https:\/\/arealorcaradio.es\/wp-content\/uploads\/2025\/12\/525aba7e-e94c-4e46-bde5-bffc3034effe-768x512.jpg 768w, https:\/\/arealorcaradio.es\/wp-content\/uploads\/2025\/12\/525aba7e-e94c-4e46-bde5-bffc3034effe-1536x1024.jpg 1536w, https:\/\/arealorcaradio.es\/wp-content\/uploads\/2025\/12\/525aba7e-e94c-4e46-bde5-bffc3034effe.jpg 1663w\" sizes=\"auto, (max-width: 300px) 100vw, 300px\" \/> <img loading=\"lazy\" decoding=\"async\" class=\"alignnone size-medium wp-image-8668\" src=\"https:\/\/arealorcaradio.es\/wp-content\/uploads\/2025\/12\/WhatsApp-Image-2025-12-22-at-09.28.32-5-300x200.jpeg\" alt=\"\" width=\"300\" height=\"200\" srcset=\"https:\/\/arealorcaradio.es\/wp-content\/uploads\/2025\/12\/WhatsApp-Image-2025-12-22-at-09.28.32-5-300x200.jpeg 300w, https:\/\/arealorcaradio.es\/wp-content\/uploads\/2025\/12\/WhatsApp-Image-2025-12-22-at-09.28.32-5-1024x683.jpeg 1024w, https:\/\/arealorcaradio.es\/wp-content\/uploads\/2025\/12\/WhatsApp-Image-2025-12-22-at-09.28.32-5-768x512.jpeg 768w, https:\/\/arealorcaradio.es\/wp-content\/uploads\/2025\/12\/WhatsApp-Image-2025-12-22-at-09.28.32-5-1536x1024.jpeg 1536w, https:\/\/arealorcaradio.es\/wp-content\/uploads\/2025\/12\/WhatsApp-Image-2025-12-22-at-09.28.32-5.jpeg 1920w\" sizes=\"auto, (max-width: 300px) 100vw, 300px\" \/> <img loading=\"lazy\" decoding=\"async\" class=\"alignnone size-medium wp-image-8669\" src=\"https:\/\/arealorcaradio.es\/wp-content\/uploads\/2025\/12\/6f93139f-cb2c-4cb0-a9bb-ffb94de8a9c4-300x200.jpg\" alt=\"\" width=\"300\" height=\"200\" srcset=\"https:\/\/arealorcaradio.es\/wp-content\/uploads\/2025\/12\/6f93139f-cb2c-4cb0-a9bb-ffb94de8a9c4-300x200.jpg 300w, https:\/\/arealorcaradio.es\/wp-content\/uploads\/2025\/12\/6f93139f-cb2c-4cb0-a9bb-ffb94de8a9c4-1024x683.jpg 1024w, https:\/\/arealorcaradio.es\/wp-content\/uploads\/2025\/12\/6f93139f-cb2c-4cb0-a9bb-ffb94de8a9c4-768x512.jpg 768w, https:\/\/arealorcaradio.es\/wp-content\/uploads\/2025\/12\/6f93139f-cb2c-4cb0-a9bb-ffb94de8a9c4-1536x1024.jpg 1536w, https:\/\/arealorcaradio.es\/wp-content\/uploads\/2025\/12\/6f93139f-cb2c-4cb0-a9bb-ffb94de8a9c4.jpg 1920w\" sizes=\"auto, (max-width: 300px) 100vw, 300px\" \/> <img loading=\"lazy\" decoding=\"async\" class=\"alignnone size-medium wp-image-8672\" src=\"https:\/\/arealorcaradio.es\/wp-content\/uploads\/2025\/12\/175dc6fe-f44b-4999-8caa-b6f9da098c84-300x200.jpg\" alt=\"\" width=\"300\" height=\"200\" srcset=\"https:\/\/arealorcaradio.es\/wp-content\/uploads\/2025\/12\/175dc6fe-f44b-4999-8caa-b6f9da098c84-300x200.jpg 300w, https:\/\/arealorcaradio.es\/wp-content\/uploads\/2025\/12\/175dc6fe-f44b-4999-8caa-b6f9da098c84-1024x683.jpg 1024w, https:\/\/arealorcaradio.es\/wp-content\/uploads\/2025\/12\/175dc6fe-f44b-4999-8caa-b6f9da098c84-768x512.jpg 768w, https:\/\/arealorcaradio.es\/wp-content\/uploads\/2025\/12\/175dc6fe-f44b-4999-8caa-b6f9da098c84-1536x1024.jpg 1536w, https:\/\/arealorcaradio.es\/wp-content\/uploads\/2025\/12\/175dc6fe-f44b-4999-8caa-b6f9da098c84.jpg 1920w\" sizes=\"auto, (max-width: 300px) 100vw, 300px\" \/> <img loading=\"lazy\" decoding=\"async\" class=\"alignnone size-medium wp-image-8671\" src=\"https:\/\/arealorcaradio.es\/wp-content\/uploads\/2025\/12\/97ada5d7-442d-4d96-8c08-52e35414d966-300x200.jpg\" alt=\"\" width=\"300\" height=\"200\" srcset=\"https:\/\/arealorcaradio.es\/wp-content\/uploads\/2025\/12\/97ada5d7-442d-4d96-8c08-52e35414d966-300x200.jpg 300w, https:\/\/arealorcaradio.es\/wp-content\/uploads\/2025\/12\/97ada5d7-442d-4d96-8c08-52e35414d966-1024x683.jpg 1024w, https:\/\/arealorcaradio.es\/wp-content\/uploads\/2025\/12\/97ada5d7-442d-4d96-8c08-52e35414d966-768x512.jpg 768w, https:\/\/arealorcaradio.es\/wp-content\/uploads\/2025\/12\/97ada5d7-442d-4d96-8c08-52e35414d966-1536x1024.jpg 1536w, https:\/\/arealorcaradio.es\/wp-content\/uploads\/2025\/12\/97ada5d7-442d-4d96-8c08-52e35414d966.jpg 1920w\" sizes=\"auto, (max-width: 300px) 100vw, 300px\" \/> <img loading=\"lazy\" decoding=\"async\" class=\"alignnone size-medium wp-image-8673\" src=\"https:\/\/arealorcaradio.es\/wp-content\/uploads\/2025\/12\/77c59699-3f92-47e5-abab-302c37aedbee-300x200.jpg\" alt=\"\" width=\"300\" height=\"200\" srcset=\"https:\/\/arealorcaradio.es\/wp-content\/uploads\/2025\/12\/77c59699-3f92-47e5-abab-302c37aedbee-300x200.jpg 300w, https:\/\/arealorcaradio.es\/wp-content\/uploads\/2025\/12\/77c59699-3f92-47e5-abab-302c37aedbee-1024x683.jpg 1024w, https:\/\/arealorcaradio.es\/wp-content\/uploads\/2025\/12\/77c59699-3f92-47e5-abab-302c37aedbee-768x512.jpg 768w, https:\/\/arealorcaradio.es\/wp-content\/uploads\/2025\/12\/77c59699-3f92-47e5-abab-302c37aedbee-1536x1024.jpg 1536w, https:\/\/arealorcaradio.es\/wp-content\/uploads\/2025\/12\/77c59699-3f92-47e5-abab-302c37aedbee.jpg 1920w\" sizes=\"auto, (max-width: 300px) 100vw, 300px\" \/> <img loading=\"lazy\" decoding=\"async\" class=\"alignnone size-medium wp-image-8675\" src=\"https:\/\/arealorcaradio.es\/wp-content\/uploads\/2025\/12\/2acc1824-123c-428b-af5a-8e05dc4a4a02-300x200.jpg\" alt=\"\" width=\"300\" height=\"200\" srcset=\"https:\/\/arealorcaradio.es\/wp-content\/uploads\/2025\/12\/2acc1824-123c-428b-af5a-8e05dc4a4a02-300x200.jpg 300w, https:\/\/arealorcaradio.es\/wp-content\/uploads\/2025\/12\/2acc1824-123c-428b-af5a-8e05dc4a4a02-1024x683.jpg 1024w, https:\/\/arealorcaradio.es\/wp-content\/uploads\/2025\/12\/2acc1824-123c-428b-af5a-8e05dc4a4a02-768x512.jpg 768w, https:\/\/arealorcaradio.es\/wp-content\/uploads\/2025\/12\/2acc1824-123c-428b-af5a-8e05dc4a4a02-1536x1024.jpg 1536w, https:\/\/arealorcaradio.es\/wp-content\/uploads\/2025\/12\/2acc1824-123c-428b-af5a-8e05dc4a4a02.jpg 1920w\" sizes=\"auto, (max-width: 300px) 100vw, 300px\" \/> <img loading=\"lazy\" decoding=\"async\" class=\"alignnone size-medium wp-image-8676\" src=\"https:\/\/arealorcaradio.es\/wp-content\/uploads\/2025\/12\/832a9afb-a365-4989-9db3-82040416cfd9-300x200.jpg\" alt=\"\" width=\"300\" height=\"200\" srcset=\"https:\/\/arealorcaradio.es\/wp-content\/uploads\/2025\/12\/832a9afb-a365-4989-9db3-82040416cfd9-300x200.jpg 300w, https:\/\/arealorcaradio.es\/wp-content\/uploads\/2025\/12\/832a9afb-a365-4989-9db3-82040416cfd9-1024x683.jpg 1024w, https:\/\/arealorcaradio.es\/wp-content\/uploads\/2025\/12\/832a9afb-a365-4989-9db3-82040416cfd9-768x512.jpg 768w, https:\/\/arealorcaradio.es\/wp-content\/uploads\/2025\/12\/832a9afb-a365-4989-9db3-82040416cfd9-1536x1024.jpg 1536w, https:\/\/arealorcaradio.es\/wp-content\/uploads\/2025\/12\/832a9afb-a365-4989-9db3-82040416cfd9.jpg 1920w\" sizes=\"auto, (max-width: 300px) 100vw, 300px\" \/> <img loading=\"lazy\" decoding=\"async\" class=\"alignnone size-medium wp-image-8677\" src=\"https:\/\/arealorcaradio.es\/wp-content\/uploads\/2025\/12\/2065397f-64ca-45c7-8b1f-5bc012dd2fd9-300x200.jpg\" alt=\"\" width=\"300\" height=\"200\" srcset=\"https:\/\/arealorcaradio.es\/wp-content\/uploads\/2025\/12\/2065397f-64ca-45c7-8b1f-5bc012dd2fd9-300x200.jpg 300w, https:\/\/arealorcaradio.es\/wp-content\/uploads\/2025\/12\/2065397f-64ca-45c7-8b1f-5bc012dd2fd9-1024x683.jpg 1024w, https:\/\/arealorcaradio.es\/wp-content\/uploads\/2025\/12\/2065397f-64ca-45c7-8b1f-5bc012dd2fd9-768x512.jpg 768w, https:\/\/arealorcaradio.es\/wp-content\/uploads\/2025\/12\/2065397f-64ca-45c7-8b1f-5bc012dd2fd9-1536x1024.jpg 1536w, https:\/\/arealorcaradio.es\/wp-content\/uploads\/2025\/12\/2065397f-64ca-45c7-8b1f-5bc012dd2fd9.jpg 1920w\" sizes=\"auto, (max-width: 300px) 100vw, 300px\" \/> <img loading=\"lazy\" decoding=\"async\" class=\"alignnone size-medium wp-image-8678\" src=\"https:\/\/arealorcaradio.es\/wp-content\/uploads\/2025\/12\/1ba51eba-2456-4e24-862e-080012eca826-300x200.jpg\" alt=\"\" width=\"300\" height=\"200\" srcset=\"https:\/\/arealorcaradio.es\/wp-content\/uploads\/2025\/12\/1ba51eba-2456-4e24-862e-080012eca826-300x200.jpg 300w, https:\/\/arealorcaradio.es\/wp-content\/uploads\/2025\/12\/1ba51eba-2456-4e24-862e-080012eca826-1024x683.jpg 1024w, https:\/\/arealorcaradio.es\/wp-content\/uploads\/2025\/12\/1ba51eba-2456-4e24-862e-080012eca826-768x512.jpg 768w, https:\/\/arealorcaradio.es\/wp-content\/uploads\/2025\/12\/1ba51eba-2456-4e24-862e-080012eca826-1536x1024.jpg 1536w, https:\/\/arealorcaradio.es\/wp-content\/uploads\/2025\/12\/1ba51eba-2456-4e24-862e-080012eca826.jpg 1920w\" sizes=\"auto, (max-width: 300px) 100vw, 300px\" \/> <img loading=\"lazy\" decoding=\"async\" class=\"alignnone size-medium wp-image-8679\" src=\"https:\/\/arealorcaradio.es\/wp-content\/uploads\/2025\/12\/3c9d4a5a-67f7-4813-8cca-da2d354ada93-300x200.jpg\" alt=\"\" width=\"300\" height=\"200\" srcset=\"https:\/\/arealorcaradio.es\/wp-content\/uploads\/2025\/12\/3c9d4a5a-67f7-4813-8cca-da2d354ada93-300x200.jpg 300w, https:\/\/arealorcaradio.es\/wp-content\/uploads\/2025\/12\/3c9d4a5a-67f7-4813-8cca-da2d354ada93-1024x683.jpg 1024w, https:\/\/arealorcaradio.es\/wp-content\/uploads\/2025\/12\/3c9d4a5a-67f7-4813-8cca-da2d354ada93-768x512.jpg 768w, https:\/\/arealorcaradio.es\/wp-content\/uploads\/2025\/12\/3c9d4a5a-67f7-4813-8cca-da2d354ada93-1536x1024.jpg 1536w, https:\/\/arealorcaradio.es\/wp-content\/uploads\/2025\/12\/3c9d4a5a-67f7-4813-8cca-da2d354ada93.jpg 1920w\" sizes=\"auto, (max-width: 300px) 100vw, 300px\" \/> <img loading=\"lazy\" decoding=\"async\" class=\"alignnone size-medium wp-image-8680\" src=\"https:\/\/arealorcaradio.es\/wp-content\/uploads\/2025\/12\/a5c1a3ed-e9c8-48a1-8ff9-43b1ecc6102a-300x200.jpg\" alt=\"\" width=\"300\" height=\"200\" srcset=\"https:\/\/arealorcaradio.es\/wp-content\/uploads\/2025\/12\/a5c1a3ed-e9c8-48a1-8ff9-43b1ecc6102a-300x200.jpg 300w, https:\/\/arealorcaradio.es\/wp-content\/uploads\/2025\/12\/a5c1a3ed-e9c8-48a1-8ff9-43b1ecc6102a-1024x683.jpg 1024w, https:\/\/arealorcaradio.es\/wp-content\/uploads\/2025\/12\/a5c1a3ed-e9c8-48a1-8ff9-43b1ecc6102a-768x512.jpg 768w, https:\/\/arealorcaradio.es\/wp-content\/uploads\/2025\/12\/a5c1a3ed-e9c8-48a1-8ff9-43b1ecc6102a-1536x1024.jpg 1536w, https:\/\/arealorcaradio.es\/wp-content\/uploads\/2025\/12\/a5c1a3ed-e9c8-48a1-8ff9-43b1ecc6102a.jpg 1920w\" sizes=\"auto, (max-width: 300px) 100vw, 300px\" \/> <img loading=\"lazy\" decoding=\"async\" class=\"alignnone size-medium wp-image-8681\" src=\"https:\/\/arealorcaradio.es\/wp-content\/uploads\/2025\/12\/4adf64df-2b55-4591-89a0-a1b6e6b93de4-300x200.jpg\" alt=\"\" width=\"300\" height=\"200\" srcset=\"https:\/\/arealorcaradio.es\/wp-content\/uploads\/2025\/12\/4adf64df-2b55-4591-89a0-a1b6e6b93de4-300x200.jpg 300w, https:\/\/arealorcaradio.es\/wp-content\/uploads\/2025\/12\/4adf64df-2b55-4591-89a0-a1b6e6b93de4-1024x683.jpg 1024w, https:\/\/arealorcaradio.es\/wp-content\/uploads\/2025\/12\/4adf64df-2b55-4591-89a0-a1b6e6b93de4-768x512.jpg 768w, https:\/\/arealorcaradio.es\/wp-content\/uploads\/2025\/12\/4adf64df-2b55-4591-89a0-a1b6e6b93de4-1536x1024.jpg 1536w, https:\/\/arealorcaradio.es\/wp-content\/uploads\/2025\/12\/4adf64df-2b55-4591-89a0-a1b6e6b93de4.jpg 1920w\" sizes=\"auto, (max-width: 300px) 100vw, 300px\" \/> <img loading=\"lazy\" decoding=\"async\" class=\"alignnone size-medium wp-image-8682\" src=\"https:\/\/arealorcaradio.es\/wp-content\/uploads\/2025\/12\/eb9ad0be-1cfe-4ab9-b35e-b9b686be3b4a-300x200.jpg\" alt=\"\" width=\"300\" height=\"200\" srcset=\"https:\/\/arealorcaradio.es\/wp-content\/uploads\/2025\/12\/eb9ad0be-1cfe-4ab9-b35e-b9b686be3b4a-300x200.jpg 300w, https:\/\/arealorcaradio.es\/wp-content\/uploads\/2025\/12\/eb9ad0be-1cfe-4ab9-b35e-b9b686be3b4a-1024x683.jpg 1024w, https:\/\/arealorcaradio.es\/wp-content\/uploads\/2025\/12\/eb9ad0be-1cfe-4ab9-b35e-b9b686be3b4a-768x512.jpg 768w, https:\/\/arealorcaradio.es\/wp-content\/uploads\/2025\/12\/eb9ad0be-1cfe-4ab9-b35e-b9b686be3b4a-1536x1024.jpg 1536w, https:\/\/arealorcaradio.es\/wp-content\/uploads\/2025\/12\/eb9ad0be-1cfe-4ab9-b35e-b9b686be3b4a.jpg 1920w\" sizes=\"auto, (max-width: 300px) 100vw, 300px\" \/> <img loading=\"lazy\" decoding=\"async\" class=\"alignnone size-medium wp-image-8683\" src=\"https:\/\/arealorcaradio.es\/wp-content\/uploads\/2025\/12\/e65d4a6a-4b83-470a-abf4-695bc41600ae-300x200.jpg\" alt=\"\" width=\"300\" height=\"200\" srcset=\"https:\/\/arealorcaradio.es\/wp-content\/uploads\/2025\/12\/e65d4a6a-4b83-470a-abf4-695bc41600ae-300x200.jpg 300w, https:\/\/arealorcaradio.es\/wp-content\/uploads\/2025\/12\/e65d4a6a-4b83-470a-abf4-695bc41600ae-1024x683.jpg 1024w, https:\/\/arealorcaradio.es\/wp-content\/uploads\/2025\/12\/e65d4a6a-4b83-470a-abf4-695bc41600ae-768x512.jpg 768w, https:\/\/arealorcaradio.es\/wp-content\/uploads\/2025\/12\/e65d4a6a-4b83-470a-abf4-695bc41600ae-1536x1024.jpg 1536w, https:\/\/arealorcaradio.es\/wp-content\/uploads\/2025\/12\/e65d4a6a-4b83-470a-abf4-695bc41600ae.jpg 1920w\" sizes=\"auto, (max-width: 300px) 100vw, 300px\" \/> <img loading=\"lazy\" decoding=\"async\" class=\"alignnone size-medium wp-image-8684\" src=\"https:\/\/arealorcaradio.es\/wp-content\/uploads\/2025\/12\/fd033dc2-cc86-4003-a5ae-933655349dfc-300x200.jpg\" alt=\"\" width=\"300\" height=\"200\" srcset=\"https:\/\/arealorcaradio.es\/wp-content\/uploads\/2025\/12\/fd033dc2-cc86-4003-a5ae-933655349dfc-300x200.jpg 300w, https:\/\/arealorcaradio.es\/wp-content\/uploads\/2025\/12\/fd033dc2-cc86-4003-a5ae-933655349dfc-1024x683.jpg 1024w, https:\/\/arealorcaradio.es\/wp-content\/uploads\/2025\/12\/fd033dc2-cc86-4003-a5ae-933655349dfc-768x512.jpg 768w, https:\/\/arealorcaradio.es\/wp-content\/uploads\/2025\/12\/fd033dc2-cc86-4003-a5ae-933655349dfc-1536x1024.jpg 1536w, https:\/\/arealorcaradio.es\/wp-content\/uploads\/2025\/12\/fd033dc2-cc86-4003-a5ae-933655349dfc.jpg 1599w\" sizes=\"auto, (max-width: 300px) 100vw, 300px\" \/> <img loading=\"lazy\" decoding=\"async\" class=\"alignnone size-medium wp-image-8685\" src=\"https:\/\/arealorcaradio.es\/wp-content\/uploads\/2025\/12\/981e645c-1714-4377-9d9d-a1eef01c4e5a-300x200.jpg\" alt=\"\" width=\"300\" height=\"200\" srcset=\"https:\/\/arealorcaradio.es\/wp-content\/uploads\/2025\/12\/981e645c-1714-4377-9d9d-a1eef01c4e5a-300x200.jpg 300w, https:\/\/arealorcaradio.es\/wp-content\/uploads\/2025\/12\/981e645c-1714-4377-9d9d-a1eef01c4e5a-1024x683.jpg 1024w, https:\/\/arealorcaradio.es\/wp-content\/uploads\/2025\/12\/981e645c-1714-4377-9d9d-a1eef01c4e5a-768x512.jpg 768w, https:\/\/arealorcaradio.es\/wp-content\/uploads\/2025\/12\/981e645c-1714-4377-9d9d-a1eef01c4e5a-1536x1024.jpg 1536w, https:\/\/arealorcaradio.es\/wp-content\/uploads\/2025\/12\/981e645c-1714-4377-9d9d-a1eef01c4e5a.jpg 1599w\" sizes=\"auto, (max-width: 300px) 100vw, 300px\" \/> <img loading=\"lazy\" decoding=\"async\" class=\"alignnone size-medium wp-image-8686\" src=\"https:\/\/arealorcaradio.es\/wp-content\/uploads\/2025\/12\/93bfa095-9a51-4ffa-91f4-37f5c16d93ba-300x200.jpg\" alt=\"\" width=\"300\" height=\"200\" srcset=\"https:\/\/arealorcaradio.es\/wp-content\/uploads\/2025\/12\/93bfa095-9a51-4ffa-91f4-37f5c16d93ba-300x200.jpg 300w, https:\/\/arealorcaradio.es\/wp-content\/uploads\/2025\/12\/93bfa095-9a51-4ffa-91f4-37f5c16d93ba-1024x683.jpg 1024w, https:\/\/arealorcaradio.es\/wp-content\/uploads\/2025\/12\/93bfa095-9a51-4ffa-91f4-37f5c16d93ba-768x512.jpg 768w, https:\/\/arealorcaradio.es\/wp-content\/uploads\/2025\/12\/93bfa095-9a51-4ffa-91f4-37f5c16d93ba-1536x1024.jpg 1536w, https:\/\/arealorcaradio.es\/wp-content\/uploads\/2025\/12\/93bfa095-9a51-4ffa-91f4-37f5c16d93ba.jpg 1599w\" sizes=\"auto, (max-width: 300px) 100vw, 300px\" \/> <img loading=\"lazy\" decoding=\"async\" class=\"alignnone size-medium wp-image-8687\" src=\"https:\/\/arealorcaradio.es\/wp-content\/uploads\/2025\/12\/4e1cb534-fec0-4c56-92bd-f38772ca274c-300x200.jpg\" alt=\"\" width=\"300\" height=\"200\" srcset=\"https:\/\/arealorcaradio.es\/wp-content\/uploads\/2025\/12\/4e1cb534-fec0-4c56-92bd-f38772ca274c-300x200.jpg 300w, https:\/\/arealorcaradio.es\/wp-content\/uploads\/2025\/12\/4e1cb534-fec0-4c56-92bd-f38772ca274c-1024x683.jpg 1024w, https:\/\/arealorcaradio.es\/wp-content\/uploads\/2025\/12\/4e1cb534-fec0-4c56-92bd-f38772ca274c-768x512.jpg 768w, https:\/\/arealorcaradio.es\/wp-content\/uploads\/2025\/12\/4e1cb534-fec0-4c56-92bd-f38772ca274c-1536x1024.jpg 1536w, https:\/\/arealorcaradio.es\/wp-content\/uploads\/2025\/12\/4e1cb534-fec0-4c56-92bd-f38772ca274c.jpg 1920w\" sizes=\"auto, (max-width: 300px) 100vw, 300px\" \/> <img loading=\"lazy\" decoding=\"async\" class=\"alignnone size-medium wp-image-8688\" src=\"https:\/\/arealorcaradio.es\/wp-content\/uploads\/2025\/12\/a447af75-a3f5-436a-8283-e9e2c39f5d10-300x200.jpg\" alt=\"\" width=\"300\" height=\"200\" srcset=\"https:\/\/arealorcaradio.es\/wp-content\/uploads\/2025\/12\/a447af75-a3f5-436a-8283-e9e2c39f5d10-300x200.jpg 300w, https:\/\/arealorcaradio.es\/wp-content\/uploads\/2025\/12\/a447af75-a3f5-436a-8283-e9e2c39f5d10-1024x683.jpg 1024w, https:\/\/arealorcaradio.es\/wp-content\/uploads\/2025\/12\/a447af75-a3f5-436a-8283-e9e2c39f5d10-768x512.jpg 768w, https:\/\/arealorcaradio.es\/wp-content\/uploads\/2025\/12\/a447af75-a3f5-436a-8283-e9e2c39f5d10-1536x1024.jpg 1536w, https:\/\/arealorcaradio.es\/wp-content\/uploads\/2025\/12\/a447af75-a3f5-436a-8283-e9e2c39f5d10.jpg 1920w\" sizes=\"auto, (max-width: 300px) 100vw, 300px\" \/><\/p>\n","protected":false},"excerpt":{"rendered":"<p>\u00c1REA LORCA RADIO. Programa especial de Navidad 2025. Escucha aqu\u00ed el programa de Navidad de \u00c1rea Lorca Radio que se celebr\u00f3 este viernes 19 de diciembre en el Palacete del Huerto Ruano de Lorca. Por el set de \u00c1rea Lorca Radio, estuvieron con Paco S\u00e1nchez el alcalde de Lorca, Fulgencio Gil J\u00f3dar, Mar\u00eda de las [&hellip;]<\/p>\n","protected":false},"author":1,"featured_media":8662,"comment_status":"open","ping_status":"open","sticky":false,"template":"","format":"standard","meta":{"iawp_total_views":43,"footnotes":""},"categories":[5,7],"tags":[],"class_list":["post-8659","post","type-post","status-publish","format-standard","has-post-thumbnail","hentry","category-actualidad","category-lorca"],"yoast_head":"<!-- This site is optimized with the Yoast SEO plugin v27.5 - https:\/\/yoast.com\/product\/yoast-seo-wordpress\/ -->\n<title>\u00c1rea Lorca Radio realiza su habitual programa especial de Navidad 2025 - AREA LORCA RADIO<\/title>\n<meta name=\"robots\" content=\"index, follow, max-snippet:-1, max-image-preview:large, max-video-preview:-1\" \/>\n<link rel=\"canonical\" href=\"https:\/\/arealorcaradio.es\/index.php\/2025\/12\/22\/area-lorca-radio-realiza-su-habitual-programa-especial-de-navidad-2025\/\" \/>\n<meta property=\"og:locale\" content=\"es_ES\" \/>\n<meta property=\"og:type\" content=\"article\" \/>\n<meta property=\"og:title\" content=\"\u00c1rea Lorca Radio realiza su habitual programa especial de Navidad 2025 - AREA LORCA RADIO\" \/>\n<meta property=\"og:description\" content=\"\u00c1REA LORCA RADIO. Programa especial de Navidad 2025. Escucha aqu\u00ed el programa de Navidad de \u00c1rea Lorca Radio que se celebr\u00f3 este viernes 19 de diciembre en el Palacete del Huerto Ruano de Lorca. Por el set de \u00c1rea Lorca Radio, estuvieron con Paco S\u00e1nchez el alcalde de Lorca, Fulgencio Gil J\u00f3dar, Mar\u00eda de las [&hellip;]\" \/>\n<meta property=\"og:url\" content=\"https:\/\/arealorcaradio.es\/index.php\/2025\/12\/22\/area-lorca-radio-realiza-su-habitual-programa-especial-de-navidad-2025\/\" \/>\n<meta property=\"og:site_name\" content=\"AREA LORCA RADIO\" \/>\n<meta property=\"article:published_time\" content=\"2025-12-22T09:53:44+00:00\" \/>\n<meta property=\"og:image\" content=\"https:\/\/arealorcaradio.es\/wp-content\/uploads\/2025\/12\/5c9138f5-ebdf-4d87-8c5e-50bdc88f79ee.jpg\" \/>\n\t<meta property=\"og:image:width\" content=\"1920\" \/>\n\t<meta property=\"og:image:height\" content=\"1280\" \/>\n\t<meta property=\"og:image:type\" content=\"image\/jpeg\" \/>\n<meta name=\"author\" content=\"Paco S\u00e1nchez\" \/>\n<meta name=\"twitter:card\" content=\"summary_large_image\" \/>\n<meta name=\"twitter:label1\" content=\"Escrito por\" \/>\n\t<meta name=\"twitter:data1\" content=\"Paco S\u00e1nchez\" \/>\n\t<meta name=\"twitter:label2\" content=\"Tiempo de lectura\" \/>\n\t<meta name=\"twitter:data2\" content=\"6 minutos\" \/>\n<script type=\"application\/ld+json\" class=\"yoast-schema-graph\">{\"@context\":\"https:\\\/\\\/schema.org\",\"@graph\":[{\"@type\":\"Article\",\"@id\":\"https:\\\/\\\/arealorcaradio.es\\\/index.php\\\/2025\\\/12\\\/22\\\/area-lorca-radio-realiza-su-habitual-programa-especial-de-navidad-2025\\\/#article\",\"isPartOf\":{\"@id\":\"https:\\\/\\\/arealorcaradio.es\\\/index.php\\\/2025\\\/12\\\/22\\\/area-lorca-radio-realiza-su-habitual-programa-especial-de-navidad-2025\\\/\"},\"author\":{\"name\":\"Paco S\u00e1nchez\",\"@id\":\"https:\\\/\\\/arealorcaradio.es\\\/#\\\/schema\\\/person\\\/9fae605fc25b0f2c83c1ab207139bd27\"},\"headline\":\"\u00c1rea Lorca Radio realiza su habitual programa especial de Navidad 2025\",\"datePublished\":\"2025-12-22T09:53:44+00:00\",\"mainEntityOfPage\":{\"@id\":\"https:\\\/\\\/arealorcaradio.es\\\/index.php\\\/2025\\\/12\\\/22\\\/area-lorca-radio-realiza-su-habitual-programa-especial-de-navidad-2025\\\/\"},\"wordCount\":197,\"commentCount\":0,\"image\":{\"@id\":\"https:\\\/\\\/arealorcaradio.es\\\/index.php\\\/2025\\\/12\\\/22\\\/area-lorca-radio-realiza-su-habitual-programa-especial-de-navidad-2025\\\/#primaryimage\"},\"thumbnailUrl\":\"https:\\\/\\\/arealorcaradio.es\\\/wp-content\\\/uploads\\\/2025\\\/12\\\/5c9138f5-ebdf-4d87-8c5e-50bdc88f79ee.jpg\",\"articleSection\":[\"ACTUALIDAD\",\"LORCA\"],\"inLanguage\":\"es\",\"potentialAction\":[{\"@type\":\"CommentAction\",\"name\":\"Comment\",\"target\":[\"https:\\\/\\\/arealorcaradio.es\\\/index.php\\\/2025\\\/12\\\/22\\\/area-lorca-radio-realiza-su-habitual-programa-especial-de-navidad-2025\\\/#respond\"]}]},{\"@type\":\"WebPage\",\"@id\":\"https:\\\/\\\/arealorcaradio.es\\\/index.php\\\/2025\\\/12\\\/22\\\/area-lorca-radio-realiza-su-habitual-programa-especial-de-navidad-2025\\\/\",\"url\":\"https:\\\/\\\/arealorcaradio.es\\\/index.php\\\/2025\\\/12\\\/22\\\/area-lorca-radio-realiza-su-habitual-programa-especial-de-navidad-2025\\\/\",\"name\":\"\u00c1rea Lorca Radio realiza su habitual programa especial de Navidad 2025 - AREA LORCA RADIO\",\"isPartOf\":{\"@id\":\"https:\\\/\\\/arealorcaradio.es\\\/#website\"},\"primaryImageOfPage\":{\"@id\":\"https:\\\/\\\/arealorcaradio.es\\\/index.php\\\/2025\\\/12\\\/22\\\/area-lorca-radio-realiza-su-habitual-programa-especial-de-navidad-2025\\\/#primaryimage\"},\"image\":{\"@id\":\"https:\\\/\\\/arealorcaradio.es\\\/index.php\\\/2025\\\/12\\\/22\\\/area-lorca-radio-realiza-su-habitual-programa-especial-de-navidad-2025\\\/#primaryimage\"},\"thumbnailUrl\":\"https:\\\/\\\/arealorcaradio.es\\\/wp-content\\\/uploads\\\/2025\\\/12\\\/5c9138f5-ebdf-4d87-8c5e-50bdc88f79ee.jpg\",\"datePublished\":\"2025-12-22T09:53:44+00:00\",\"author\":{\"@id\":\"https:\\\/\\\/arealorcaradio.es\\\/#\\\/schema\\\/person\\\/9fae605fc25b0f2c83c1ab207139bd27\"},\"breadcrumb\":{\"@id\":\"https:\\\/\\\/arealorcaradio.es\\\/index.php\\\/2025\\\/12\\\/22\\\/area-lorca-radio-realiza-su-habitual-programa-especial-de-navidad-2025\\\/#breadcrumb\"},\"inLanguage\":\"es\",\"potentialAction\":[{\"@type\":\"ReadAction\",\"target\":[\"https:\\\/\\\/arealorcaradio.es\\\/index.php\\\/2025\\\/12\\\/22\\\/area-lorca-radio-realiza-su-habitual-programa-especial-de-navidad-2025\\\/\"]}]},{\"@type\":\"ImageObject\",\"inLanguage\":\"es\",\"@id\":\"https:\\\/\\\/arealorcaradio.es\\\/index.php\\\/2025\\\/12\\\/22\\\/area-lorca-radio-realiza-su-habitual-programa-especial-de-navidad-2025\\\/#primaryimage\",\"url\":\"https:\\\/\\\/arealorcaradio.es\\\/wp-content\\\/uploads\\\/2025\\\/12\\\/5c9138f5-ebdf-4d87-8c5e-50bdc88f79ee.jpg\",\"contentUrl\":\"https:\\\/\\\/arealorcaradio.es\\\/wp-content\\\/uploads\\\/2025\\\/12\\\/5c9138f5-ebdf-4d87-8c5e-50bdc88f79ee.jpg\",\"width\":1920,\"height\":1280},{\"@type\":\"BreadcrumbList\",\"@id\":\"https:\\\/\\\/arealorcaradio.es\\\/index.php\\\/2025\\\/12\\\/22\\\/area-lorca-radio-realiza-su-habitual-programa-especial-de-navidad-2025\\\/#breadcrumb\",\"itemListElement\":[{\"@type\":\"ListItem\",\"position\":1,\"name\":\"Portada\",\"item\":\"https:\\\/\\\/arealorcaradio.es\\\/\"},{\"@type\":\"ListItem\",\"position\":2,\"name\":\"\u00c1rea Lorca Radio realiza su habitual programa especial de Navidad 2025\"}]},{\"@type\":\"WebSite\",\"@id\":\"https:\\\/\\\/arealorcaradio.es\\\/#website\",\"url\":\"https:\\\/\\\/arealorcaradio.es\\\/\",\"name\":\"AREA LORCA RADIO\",\"description\":\"Descubre la programaci\u00f3n actual en \u00c1rea Lorca Radio, tu fuente de entrenamiento y noticias locales. Sintoniza ahora y mantente conectado online.\",\"potentialAction\":[{\"@type\":\"SearchAction\",\"target\":{\"@type\":\"EntryPoint\",\"urlTemplate\":\"https:\\\/\\\/arealorcaradio.es\\\/?s={search_term_string}\"},\"query-input\":{\"@type\":\"PropertyValueSpecification\",\"valueRequired\":true,\"valueName\":\"search_term_string\"}}],\"inLanguage\":\"es\"},{\"@type\":\"Person\",\"@id\":\"https:\\\/\\\/arealorcaradio.es\\\/#\\\/schema\\\/person\\\/9fae605fc25b0f2c83c1ab207139bd27\",\"name\":\"Paco S\u00e1nchez\",\"image\":{\"@type\":\"ImageObject\",\"inLanguage\":\"es\",\"@id\":\"https:\\\/\\\/secure.gravatar.com\\\/avatar\\\/d67144e966420fb74aa84c9f2a0103be4724fd14db52b52d3b6bca749f257e79?s=96&d=mm&r=g\",\"url\":\"https:\\\/\\\/secure.gravatar.com\\\/avatar\\\/d67144e966420fb74aa84c9f2a0103be4724fd14db52b52d3b6bca749f257e79?s=96&d=mm&r=g\",\"contentUrl\":\"https:\\\/\\\/secure.gravatar.com\\\/avatar\\\/d67144e966420fb74aa84c9f2a0103be4724fd14db52b52d3b6bca749f257e79?s=96&d=mm&r=g\",\"caption\":\"Paco S\u00e1nchez\"},\"sameAs\":[\"https:\\\/\\\/arealorcaradio.es\"],\"url\":\"https:\\\/\\\/arealorcaradio.es\\\/index.php\\\/author\\\/admin_alorcaradio\\\/\"}]}<\/script>\n<!-- \/ Yoast SEO plugin. -->","yoast_head_json":{"title":"\u00c1rea Lorca Radio realiza su habitual programa especial de Navidad 2025 - AREA LORCA RADIO","robots":{"index":"index","follow":"follow","max-snippet":"max-snippet:-1","max-image-preview":"max-image-preview:large","max-video-preview":"max-video-preview:-1"},"canonical":"https:\/\/arealorcaradio.es\/index.php\/2025\/12\/22\/area-lorca-radio-realiza-su-habitual-programa-especial-de-navidad-2025\/","og_locale":"es_ES","og_type":"article","og_title":"\u00c1rea Lorca Radio realiza su habitual programa especial de Navidad 2025 - AREA LORCA RADIO","og_description":"\u00c1REA LORCA RADIO. Programa especial de Navidad 2025. Escucha aqu\u00ed el programa de Navidad de \u00c1rea Lorca Radio que se celebr\u00f3 este viernes 19 de diciembre en el Palacete del Huerto Ruano de Lorca. Por el set de \u00c1rea Lorca Radio, estuvieron con Paco S\u00e1nchez el alcalde de Lorca, Fulgencio Gil J\u00f3dar, Mar\u00eda de las [&hellip;]","og_url":"https:\/\/arealorcaradio.es\/index.php\/2025\/12\/22\/area-lorca-radio-realiza-su-habitual-programa-especial-de-navidad-2025\/","og_site_name":"AREA LORCA RADIO","article_published_time":"2025-12-22T09:53:44+00:00","og_image":[{"width":1920,"height":1280,"url":"https:\/\/arealorcaradio.es\/wp-content\/uploads\/2025\/12\/5c9138f5-ebdf-4d87-8c5e-50bdc88f79ee.jpg","type":"image\/jpeg"}],"author":"Paco S\u00e1nchez","twitter_card":"summary_large_image","twitter_misc":{"Escrito por":"Paco S\u00e1nchez","Tiempo de lectura":"6 minutos"},"schema":{"@context":"https:\/\/schema.org","@graph":[{"@type":"Article","@id":"https:\/\/arealorcaradio.es\/index.php\/2025\/12\/22\/area-lorca-radio-realiza-su-habitual-programa-especial-de-navidad-2025\/#article","isPartOf":{"@id":"https:\/\/arealorcaradio.es\/index.php\/2025\/12\/22\/area-lorca-radio-realiza-su-habitual-programa-especial-de-navidad-2025\/"},"author":{"name":"Paco S\u00e1nchez","@id":"https:\/\/arealorcaradio.es\/#\/schema\/person\/9fae605fc25b0f2c83c1ab207139bd27"},"headline":"\u00c1rea Lorca Radio realiza su habitual programa especial de Navidad 2025","datePublished":"2025-12-22T09:53:44+00:00","mainEntityOfPage":{"@id":"https:\/\/arealorcaradio.es\/index.php\/2025\/12\/22\/area-lorca-radio-realiza-su-habitual-programa-especial-de-navidad-2025\/"},"wordCount":197,"commentCount":0,"image":{"@id":"https:\/\/arealorcaradio.es\/index.php\/2025\/12\/22\/area-lorca-radio-realiza-su-habitual-programa-especial-de-navidad-2025\/#primaryimage"},"thumbnailUrl":"https:\/\/arealorcaradio.es\/wp-content\/uploads\/2025\/12\/5c9138f5-ebdf-4d87-8c5e-50bdc88f79ee.jpg","articleSection":["ACTUALIDAD","LORCA"],"inLanguage":"es","potentialAction":[{"@type":"CommentAction","name":"Comment","target":["https:\/\/arealorcaradio.es\/index.php\/2025\/12\/22\/area-lorca-radio-realiza-su-habitual-programa-especial-de-navidad-2025\/#respond"]}]},{"@type":"WebPage","@id":"https:\/\/arealorcaradio.es\/index.php\/2025\/12\/22\/area-lorca-radio-realiza-su-habitual-programa-especial-de-navidad-2025\/","url":"https:\/\/arealorcaradio.es\/index.php\/2025\/12\/22\/area-lorca-radio-realiza-su-habitual-programa-especial-de-navidad-2025\/","name":"\u00c1rea Lorca Radio realiza su habitual programa especial de Navidad 2025 - AREA LORCA RADIO","isPartOf":{"@id":"https:\/\/arealorcaradio.es\/#website"},"primaryImageOfPage":{"@id":"https:\/\/arealorcaradio.es\/index.php\/2025\/12\/22\/area-lorca-radio-realiza-su-habitual-programa-especial-de-navidad-2025\/#primaryimage"},"image":{"@id":"https:\/\/arealorcaradio.es\/index.php\/2025\/12\/22\/area-lorca-radio-realiza-su-habitual-programa-especial-de-navidad-2025\/#primaryimage"},"thumbnailUrl":"https:\/\/arealorcaradio.es\/wp-content\/uploads\/2025\/12\/5c9138f5-ebdf-4d87-8c5e-50bdc88f79ee.jpg","datePublished":"2025-12-22T09:53:44+00:00","author":{"@id":"https:\/\/arealorcaradio.es\/#\/schema\/person\/9fae605fc25b0f2c83c1ab207139bd27"},"breadcrumb":{"@id":"https:\/\/arealorcaradio.es\/index.php\/2025\/12\/22\/area-lorca-radio-realiza-su-habitual-programa-especial-de-navidad-2025\/#breadcrumb"},"inLanguage":"es","potentialAction":[{"@type":"ReadAction","target":["https:\/\/arealorcaradio.es\/index.php\/2025\/12\/22\/area-lorca-radio-realiza-su-habitual-programa-especial-de-navidad-2025\/"]}]},{"@type":"ImageObject","inLanguage":"es","@id":"https:\/\/arealorcaradio.es\/index.php\/2025\/12\/22\/area-lorca-radio-realiza-su-habitual-programa-especial-de-navidad-2025\/#primaryimage","url":"https:\/\/arealorcaradio.es\/wp-content\/uploads\/2025\/12\/5c9138f5-ebdf-4d87-8c5e-50bdc88f79ee.jpg","contentUrl":"https:\/\/arealorcaradio.es\/wp-content\/uploads\/2025\/12\/5c9138f5-ebdf-4d87-8c5e-50bdc88f79ee.jpg","width":1920,"height":1280},{"@type":"BreadcrumbList","@id":"https:\/\/arealorcaradio.es\/index.php\/2025\/12\/22\/area-lorca-radio-realiza-su-habitual-programa-especial-de-navidad-2025\/#breadcrumb","itemListElement":[{"@type":"ListItem","position":1,"name":"Portada","item":"https:\/\/arealorcaradio.es\/"},{"@type":"ListItem","position":2,"name":"\u00c1rea Lorca Radio realiza su habitual programa especial de Navidad 2025"}]},{"@type":"WebSite","@id":"https:\/\/arealorcaradio.es\/#website","url":"https:\/\/arealorcaradio.es\/","name":"AREA LORCA RADIO","description":"Descubre la programaci\u00f3n actual en \u00c1rea Lorca Radio, tu fuente de entrenamiento y noticias locales. Sintoniza ahora y mantente conectado online.","potentialAction":[{"@type":"SearchAction","target":{"@type":"EntryPoint","urlTemplate":"https:\/\/arealorcaradio.es\/?s={search_term_string}"},"query-input":{"@type":"PropertyValueSpecification","valueRequired":true,"valueName":"search_term_string"}}],"inLanguage":"es"},{"@type":"Person","@id":"https:\/\/arealorcaradio.es\/#\/schema\/person\/9fae605fc25b0f2c83c1ab207139bd27","name":"Paco S\u00e1nchez","image":{"@type":"ImageObject","inLanguage":"es","@id":"https:\/\/secure.gravatar.com\/avatar\/d67144e966420fb74aa84c9f2a0103be4724fd14db52b52d3b6bca749f257e79?s=96&d=mm&r=g","url":"https:\/\/secure.gravatar.com\/avatar\/d67144e966420fb74aa84c9f2a0103be4724fd14db52b52d3b6bca749f257e79?s=96&d=mm&r=g","contentUrl":"https:\/\/secure.gravatar.com\/avatar\/d67144e966420fb74aa84c9f2a0103be4724fd14db52b52d3b6bca749f257e79?s=96&d=mm&r=g","caption":"Paco S\u00e1nchez"},"sameAs":["https:\/\/arealorcaradio.es"],"url":"https:\/\/arealorcaradio.es\/index.php\/author\/admin_alorcaradio\/"}]}},"_links":{"self":[{"href":"https:\/\/arealorcaradio.es\/index.php\/wp-json\/wp\/v2\/posts\/8659","targetHints":{"allow":["GET"]}}],"collection":[{"href":"https:\/\/arealorcaradio.es\/index.php\/wp-json\/wp\/v2\/posts"}],"about":[{"href":"https:\/\/arealorcaradio.es\/index.php\/wp-json\/wp\/v2\/types\/post"}],"author":[{"embeddable":true,"href":"https:\/\/arealorcaradio.es\/index.php\/wp-json\/wp\/v2\/users\/1"}],"replies":[{"embeddable":true,"href":"https:\/\/arealorcaradio.es\/index.php\/wp-json\/wp\/v2\/comments?post=8659"}],"version-history":[{"count":2,"href":"https:\/\/arealorcaradio.es\/index.php\/wp-json\/wp\/v2\/posts\/8659\/revisions"}],"predecessor-version":[{"id":8689,"href":"https:\/\/arealorcaradio.es\/index.php\/wp-json\/wp\/v2\/posts\/8659\/revisions\/8689"}],"wp:featuredmedia":[{"embeddable":true,"href":"https:\/\/arealorcaradio.es\/index.php\/wp-json\/wp\/v2\/media\/8662"}],"wp:attachment":[{"href":"https:\/\/arealorcaradio.es\/index.php\/wp-json\/wp\/v2\/media?parent=8659"}],"wp:term":[{"taxonomy":"category","embeddable":true,"href":"https:\/\/arealorcaradio.es\/index.php\/wp-json\/wp\/v2\/categories?post=8659"},{"taxonomy":"post_tag","embeddable":true,"href":"https:\/\/arealorcaradio.es\/index.php\/wp-json\/wp\/v2\/tags?post=8659"}],"curies":[{"name":"wp","href":"https:\/\/api.w.org\/{rel}","templated":true}]}}