{"id":8650,"date":"2025-12-18T08:48:14","date_gmt":"2025-12-18T08:48:14","guid":{"rendered":"https:\/\/arealorcaradio.es\/?p=8650"},"modified":"2025-12-18T08:56:47","modified_gmt":"2025-12-18T08:56:47","slug":"sergi-monteverde-y-adri-heredia-los-mejores-del-partido-frente-al-aguilas-fc-de-la-jornada-15","status":"publish","type":"post","link":"https:\/\/arealorcaradio.es\/index.php\/2025\/12\/18\/sergi-monteverde-y-adri-heredia-los-mejores-del-partido-frente-al-aguilas-fc-de-la-jornada-15\/","title":{"rendered":"Sergi Monteverde y Adri Heredia, los mejores del partido frente al \u00c1guilas FC de la jornada 15"},"content":{"rendered":"<p><strong>\u00c1REA LORCA RADIO. Deportes.<\/strong><\/p>\n<p>Escucha aqu\u00ed el repaso a los trofeos \u00abEl mejor del Lorca Deportiva\u00bb, correspondientes a la 15\u00aa jornada de liga de Segunda RFEF Grupo 4.<\/p>\n<audio class=\"wp-audio-shortcode\" id=\"audio-8650-1\" preload=\"none\" style=\"width: 100%;\" controls=\"controls\"><source type=\"audio\/mpeg\" src=\"https:\/\/arealorcaradio.es\/wp-content\/uploads\/2025\/12\/171225-TROFEOS-EL-MEJOR.-JORNADA-15.mp3?_=1\" \/><a href=\"https:\/\/arealorcaradio.es\/wp-content\/uploads\/2025\/12\/171225-TROFEOS-EL-MEJOR.-JORNADA-15.mp3\">https:\/\/arealorcaradio.es\/wp-content\/uploads\/2025\/12\/171225-TROFEOS-EL-MEJOR.-JORNADA-15.mp3<\/a><\/audio>\n<p><img loading=\"lazy\" decoding=\"async\" class=\"alignnone size-medium wp-image-8653\" src=\"https:\/\/arealorcaradio.es\/wp-content\/uploads\/2025\/12\/Sergi-Monteverde-3-OK-300x225.jpeg\" alt=\"\" width=\"300\" height=\"225\" srcset=\"https:\/\/arealorcaradio.es\/wp-content\/uploads\/2025\/12\/Sergi-Monteverde-3-OK-300x225.jpeg 300w, https:\/\/arealorcaradio.es\/wp-content\/uploads\/2025\/12\/Sergi-Monteverde-3-OK-1024x768.jpeg 1024w, https:\/\/arealorcaradio.es\/wp-content\/uploads\/2025\/12\/Sergi-Monteverde-3-OK-768x576.jpeg 768w, https:\/\/arealorcaradio.es\/wp-content\/uploads\/2025\/12\/Sergi-Monteverde-3-OK-1536x1152.jpeg 1536w, https:\/\/arealorcaradio.es\/wp-content\/uploads\/2025\/12\/Sergi-Monteverde-3-OK-86x64.jpeg 86w, https:\/\/arealorcaradio.es\/wp-content\/uploads\/2025\/12\/Sergi-Monteverde-3-OK.jpeg 1600w\" sizes=\"auto, (max-width: 300px) 100vw, 300px\" \/> <img loading=\"lazy\" decoding=\"async\" class=\"alignnone size-medium wp-image-8652\" src=\"https:\/\/arealorcaradio.es\/wp-content\/uploads\/2025\/12\/Adri-Heredia.-Lorca-Deportiva-25-300x225.jpg\" alt=\"\" width=\"300\" height=\"225\" srcset=\"https:\/\/arealorcaradio.es\/wp-content\/uploads\/2025\/12\/Adri-Heredia.-Lorca-Deportiva-25-300x225.jpg 300w, https:\/\/arealorcaradio.es\/wp-content\/uploads\/2025\/12\/Adri-Heredia.-Lorca-Deportiva-25-1024x768.jpg 1024w, https:\/\/arealorcaradio.es\/wp-content\/uploads\/2025\/12\/Adri-Heredia.-Lorca-Deportiva-25-768x576.jpg 768w, https:\/\/arealorcaradio.es\/wp-content\/uploads\/2025\/12\/Adri-Heredia.-Lorca-Deportiva-25-1536x1152.jpg 1536w, https:\/\/arealorcaradio.es\/wp-content\/uploads\/2025\/12\/Adri-Heredia.-Lorca-Deportiva-25-2048x1536.jpg 2048w, https:\/\/arealorcaradio.es\/wp-content\/uploads\/2025\/12\/Adri-Heredia.-Lorca-Deportiva-25-86x64.jpg 86w\" sizes=\"auto, (max-width: 300px) 100vw, 300px\" \/><\/p>\n","protected":false},"excerpt":{"rendered":"<p>\u00c1REA LORCA RADIO. Deportes. Escucha aqu\u00ed el repaso a los trofeos \u00abEl mejor del Lorca Deportiva\u00bb, correspondientes a la 15\u00aa jornada de liga de Segunda RFEF Grupo 4.<\/p>\n","protected":false},"author":1,"featured_media":8657,"comment_status":"open","ping_status":"open","sticky":false,"template":"","format":"standard","meta":{"iawp_total_views":50,"footnotes":""},"categories":[4,7],"tags":[],"class_list":["post-8650","post","type-post","status-publish","format-standard","has-post-thumbnail","hentry","category-deportes","category-lorca"],"yoast_head":"<!-- This site is optimized with the Yoast SEO plugin v27.4 - https:\/\/yoast.com\/product\/yoast-seo-wordpress\/ -->\n<title>Sergi Monteverde y Adri Heredia, los mejores del partido frente al \u00c1guilas FC de la jornada 15 - AREA LORCA RADIO<\/title>\n<meta name=\"robots\" content=\"index, follow, max-snippet:-1, max-image-preview:large, max-video-preview:-1\" \/>\n<link rel=\"canonical\" href=\"https:\/\/arealorcaradio.es\/index.php\/2025\/12\/18\/sergi-monteverde-y-adri-heredia-los-mejores-del-partido-frente-al-aguilas-fc-de-la-jornada-15\/\" \/>\n<meta property=\"og:locale\" content=\"es_ES\" \/>\n<meta property=\"og:type\" content=\"article\" \/>\n<meta property=\"og:title\" content=\"Sergi Monteverde y Adri Heredia, los mejores del partido frente al \u00c1guilas FC de la jornada 15 - AREA LORCA RADIO\" \/>\n<meta property=\"og:description\" content=\"\u00c1REA LORCA RADIO. Deportes. Escucha aqu\u00ed el repaso a los trofeos \u00abEl mejor del Lorca Deportiva\u00bb, correspondientes a la 15\u00aa jornada de liga de Segunda RFEF Grupo 4.\" \/>\n<meta property=\"og:url\" content=\"https:\/\/arealorcaradio.es\/index.php\/2025\/12\/18\/sergi-monteverde-y-adri-heredia-los-mejores-del-partido-frente-al-aguilas-fc-de-la-jornada-15\/\" \/>\n<meta property=\"og:site_name\" content=\"AREA LORCA RADIO\" \/>\n<meta property=\"article:published_time\" content=\"2025-12-18T08:48:14+00:00\" \/>\n<meta property=\"article:modified_time\" content=\"2025-12-18T08:56:47+00:00\" \/>\n<meta property=\"og:image\" content=\"https:\/\/arealorcaradio.es\/wp-content\/uploads\/2025\/12\/Diseno-Trofeos-11-Patrocinadores-3-1024x480.png\" \/>\n\t<meta property=\"og:image:width\" content=\"1024\" \/>\n\t<meta property=\"og:image:height\" content=\"480\" \/>\n\t<meta property=\"og:image:type\" content=\"image\/png\" \/>\n<meta name=\"author\" content=\"Paco S\u00e1nchez\" \/>\n<meta name=\"twitter:card\" content=\"summary_large_image\" \/>\n<meta name=\"twitter:label1\" content=\"Escrito por\" \/>\n\t<meta name=\"twitter:data1\" content=\"Paco S\u00e1nchez\" \/>\n\t<meta name=\"twitter:label2\" content=\"Tiempo de lectura\" \/>\n\t<meta name=\"twitter:data2\" content=\"1 minuto\" \/>\n<script type=\"application\/ld+json\" class=\"yoast-schema-graph\">{\"@context\":\"https:\\\/\\\/schema.org\",\"@graph\":[{\"@type\":\"Article\",\"@id\":\"https:\\\/\\\/arealorcaradio.es\\\/index.php\\\/2025\\\/12\\\/18\\\/sergi-monteverde-y-adri-heredia-los-mejores-del-partido-frente-al-aguilas-fc-de-la-jornada-15\\\/#article\",\"isPartOf\":{\"@id\":\"https:\\\/\\\/arealorcaradio.es\\\/index.php\\\/2025\\\/12\\\/18\\\/sergi-monteverde-y-adri-heredia-los-mejores-del-partido-frente-al-aguilas-fc-de-la-jornada-15\\\/\"},\"author\":{\"name\":\"Paco S\u00e1nchez\",\"@id\":\"https:\\\/\\\/arealorcaradio.es\\\/#\\\/schema\\\/person\\\/9fae605fc25b0f2c83c1ab207139bd27\"},\"headline\":\"Sergi Monteverde y Adri Heredia, los mejores del partido frente al \u00c1guilas FC de la jornada 15\",\"datePublished\":\"2025-12-18T08:48:14+00:00\",\"dateModified\":\"2025-12-18T08:56:47+00:00\",\"mainEntityOfPage\":{\"@id\":\"https:\\\/\\\/arealorcaradio.es\\\/index.php\\\/2025\\\/12\\\/18\\\/sergi-monteverde-y-adri-heredia-los-mejores-del-partido-frente-al-aguilas-fc-de-la-jornada-15\\\/\"},\"wordCount\":53,\"commentCount\":0,\"image\":{\"@id\":\"https:\\\/\\\/arealorcaradio.es\\\/index.php\\\/2025\\\/12\\\/18\\\/sergi-monteverde-y-adri-heredia-los-mejores-del-partido-frente-al-aguilas-fc-de-la-jornada-15\\\/#primaryimage\"},\"thumbnailUrl\":\"https:\\\/\\\/arealorcaradio.es\\\/wp-content\\\/uploads\\\/2025\\\/12\\\/Diseno-Trofeos-11-Patrocinadores-3.png\",\"articleSection\":[\"DEPORTES\",\"LORCA\"],\"inLanguage\":\"es\",\"potentialAction\":[{\"@type\":\"CommentAction\",\"name\":\"Comment\",\"target\":[\"https:\\\/\\\/arealorcaradio.es\\\/index.php\\\/2025\\\/12\\\/18\\\/sergi-monteverde-y-adri-heredia-los-mejores-del-partido-frente-al-aguilas-fc-de-la-jornada-15\\\/#respond\"]}]},{\"@type\":\"WebPage\",\"@id\":\"https:\\\/\\\/arealorcaradio.es\\\/index.php\\\/2025\\\/12\\\/18\\\/sergi-monteverde-y-adri-heredia-los-mejores-del-partido-frente-al-aguilas-fc-de-la-jornada-15\\\/\",\"url\":\"https:\\\/\\\/arealorcaradio.es\\\/index.php\\\/2025\\\/12\\\/18\\\/sergi-monteverde-y-adri-heredia-los-mejores-del-partido-frente-al-aguilas-fc-de-la-jornada-15\\\/\",\"name\":\"Sergi Monteverde y Adri Heredia, los mejores del partido frente al \u00c1guilas FC de la jornada 15 - AREA LORCA RADIO\",\"isPartOf\":{\"@id\":\"https:\\\/\\\/arealorcaradio.es\\\/#website\"},\"primaryImageOfPage\":{\"@id\":\"https:\\\/\\\/arealorcaradio.es\\\/index.php\\\/2025\\\/12\\\/18\\\/sergi-monteverde-y-adri-heredia-los-mejores-del-partido-frente-al-aguilas-fc-de-la-jornada-15\\\/#primaryimage\"},\"image\":{\"@id\":\"https:\\\/\\\/arealorcaradio.es\\\/index.php\\\/2025\\\/12\\\/18\\\/sergi-monteverde-y-adri-heredia-los-mejores-del-partido-frente-al-aguilas-fc-de-la-jornada-15\\\/#primaryimage\"},\"thumbnailUrl\":\"https:\\\/\\\/arealorcaradio.es\\\/wp-content\\\/uploads\\\/2025\\\/12\\\/Diseno-Trofeos-11-Patrocinadores-3.png\",\"datePublished\":\"2025-12-18T08:48:14+00:00\",\"dateModified\":\"2025-12-18T08:56:47+00:00\",\"author\":{\"@id\":\"https:\\\/\\\/arealorcaradio.es\\\/#\\\/schema\\\/person\\\/9fae605fc25b0f2c83c1ab207139bd27\"},\"breadcrumb\":{\"@id\":\"https:\\\/\\\/arealorcaradio.es\\\/index.php\\\/2025\\\/12\\\/18\\\/sergi-monteverde-y-adri-heredia-los-mejores-del-partido-frente-al-aguilas-fc-de-la-jornada-15\\\/#breadcrumb\"},\"inLanguage\":\"es\",\"potentialAction\":[{\"@type\":\"ReadAction\",\"target\":[\"https:\\\/\\\/arealorcaradio.es\\\/index.php\\\/2025\\\/12\\\/18\\\/sergi-monteverde-y-adri-heredia-los-mejores-del-partido-frente-al-aguilas-fc-de-la-jornada-15\\\/\"]}]},{\"@type\":\"ImageObject\",\"inLanguage\":\"es\",\"@id\":\"https:\\\/\\\/arealorcaradio.es\\\/index.php\\\/2025\\\/12\\\/18\\\/sergi-monteverde-y-adri-heredia-los-mejores-del-partido-frente-al-aguilas-fc-de-la-jornada-15\\\/#primaryimage\",\"url\":\"https:\\\/\\\/arealorcaradio.es\\\/wp-content\\\/uploads\\\/2025\\\/12\\\/Diseno-Trofeos-11-Patrocinadores-3.png\",\"contentUrl\":\"https:\\\/\\\/arealorcaradio.es\\\/wp-content\\\/uploads\\\/2025\\\/12\\\/Diseno-Trofeos-11-Patrocinadores-3.png\",\"width\":2560,\"height\":1200},{\"@type\":\"BreadcrumbList\",\"@id\":\"https:\\\/\\\/arealorcaradio.es\\\/index.php\\\/2025\\\/12\\\/18\\\/sergi-monteverde-y-adri-heredia-los-mejores-del-partido-frente-al-aguilas-fc-de-la-jornada-15\\\/#breadcrumb\",\"itemListElement\":[{\"@type\":\"ListItem\",\"position\":1,\"name\":\"Portada\",\"item\":\"https:\\\/\\\/arealorcaradio.es\\\/\"},{\"@type\":\"ListItem\",\"position\":2,\"name\":\"Sergi Monteverde y Adri Heredia, los mejores del partido frente al \u00c1guilas FC de la jornada 15\"}]},{\"@type\":\"WebSite\",\"@id\":\"https:\\\/\\\/arealorcaradio.es\\\/#website\",\"url\":\"https:\\\/\\\/arealorcaradio.es\\\/\",\"name\":\"AREA LORCA RADIO\",\"description\":\"Descubre la programaci\u00f3n actual en \u00c1rea Lorca Radio, tu fuente de entrenamiento y noticias locales. Sintoniza ahora y mantente conectado online.\",\"potentialAction\":[{\"@type\":\"SearchAction\",\"target\":{\"@type\":\"EntryPoint\",\"urlTemplate\":\"https:\\\/\\\/arealorcaradio.es\\\/?s={search_term_string}\"},\"query-input\":{\"@type\":\"PropertyValueSpecification\",\"valueRequired\":true,\"valueName\":\"search_term_string\"}}],\"inLanguage\":\"es\"},{\"@type\":\"Person\",\"@id\":\"https:\\\/\\\/arealorcaradio.es\\\/#\\\/schema\\\/person\\\/9fae605fc25b0f2c83c1ab207139bd27\",\"name\":\"Paco S\u00e1nchez\",\"image\":{\"@type\":\"ImageObject\",\"inLanguage\":\"es\",\"@id\":\"https:\\\/\\\/secure.gravatar.com\\\/avatar\\\/d67144e966420fb74aa84c9f2a0103be4724fd14db52b52d3b6bca749f257e79?s=96&d=mm&r=g\",\"url\":\"https:\\\/\\\/secure.gravatar.com\\\/avatar\\\/d67144e966420fb74aa84c9f2a0103be4724fd14db52b52d3b6bca749f257e79?s=96&d=mm&r=g\",\"contentUrl\":\"https:\\\/\\\/secure.gravatar.com\\\/avatar\\\/d67144e966420fb74aa84c9f2a0103be4724fd14db52b52d3b6bca749f257e79?s=96&d=mm&r=g\",\"caption\":\"Paco S\u00e1nchez\"},\"sameAs\":[\"https:\\\/\\\/arealorcaradio.es\"],\"url\":\"https:\\\/\\\/arealorcaradio.es\\\/index.php\\\/author\\\/admin_alorcaradio\\\/\"}]}<\/script>\n<!-- \/ Yoast SEO plugin. -->","yoast_head_json":{"title":"Sergi Monteverde y Adri Heredia, los mejores del partido frente al \u00c1guilas FC de la jornada 15 - AREA LORCA RADIO","robots":{"index":"index","follow":"follow","max-snippet":"max-snippet:-1","max-image-preview":"max-image-preview:large","max-video-preview":"max-video-preview:-1"},"canonical":"https:\/\/arealorcaradio.es\/index.php\/2025\/12\/18\/sergi-monteverde-y-adri-heredia-los-mejores-del-partido-frente-al-aguilas-fc-de-la-jornada-15\/","og_locale":"es_ES","og_type":"article","og_title":"Sergi Monteverde y Adri Heredia, los mejores del partido frente al \u00c1guilas FC de la jornada 15 - AREA LORCA RADIO","og_description":"\u00c1REA LORCA RADIO. Deportes. Escucha aqu\u00ed el repaso a los trofeos \u00abEl mejor del Lorca Deportiva\u00bb, correspondientes a la 15\u00aa jornada de liga de Segunda RFEF Grupo 4.","og_url":"https:\/\/arealorcaradio.es\/index.php\/2025\/12\/18\/sergi-monteverde-y-adri-heredia-los-mejores-del-partido-frente-al-aguilas-fc-de-la-jornada-15\/","og_site_name":"AREA LORCA RADIO","article_published_time":"2025-12-18T08:48:14+00:00","article_modified_time":"2025-12-18T08:56:47+00:00","og_image":[{"width":1024,"height":480,"url":"https:\/\/arealorcaradio.es\/wp-content\/uploads\/2025\/12\/Diseno-Trofeos-11-Patrocinadores-3-1024x480.png","type":"image\/png"}],"author":"Paco S\u00e1nchez","twitter_card":"summary_large_image","twitter_misc":{"Escrito por":"Paco S\u00e1nchez","Tiempo de lectura":"1 minuto"},"schema":{"@context":"https:\/\/schema.org","@graph":[{"@type":"Article","@id":"https:\/\/arealorcaradio.es\/index.php\/2025\/12\/18\/sergi-monteverde-y-adri-heredia-los-mejores-del-partido-frente-al-aguilas-fc-de-la-jornada-15\/#article","isPartOf":{"@id":"https:\/\/arealorcaradio.es\/index.php\/2025\/12\/18\/sergi-monteverde-y-adri-heredia-los-mejores-del-partido-frente-al-aguilas-fc-de-la-jornada-15\/"},"author":{"name":"Paco S\u00e1nchez","@id":"https:\/\/arealorcaradio.es\/#\/schema\/person\/9fae605fc25b0f2c83c1ab207139bd27"},"headline":"Sergi Monteverde y Adri Heredia, los mejores del partido frente al \u00c1guilas FC de la jornada 15","datePublished":"2025-12-18T08:48:14+00:00","dateModified":"2025-12-18T08:56:47+00:00","mainEntityOfPage":{"@id":"https:\/\/arealorcaradio.es\/index.php\/2025\/12\/18\/sergi-monteverde-y-adri-heredia-los-mejores-del-partido-frente-al-aguilas-fc-de-la-jornada-15\/"},"wordCount":53,"commentCount":0,"image":{"@id":"https:\/\/arealorcaradio.es\/index.php\/2025\/12\/18\/sergi-monteverde-y-adri-heredia-los-mejores-del-partido-frente-al-aguilas-fc-de-la-jornada-15\/#primaryimage"},"thumbnailUrl":"https:\/\/arealorcaradio.es\/wp-content\/uploads\/2025\/12\/Diseno-Trofeos-11-Patrocinadores-3.png","articleSection":["DEPORTES","LORCA"],"inLanguage":"es","potentialAction":[{"@type":"CommentAction","name":"Comment","target":["https:\/\/arealorcaradio.es\/index.php\/2025\/12\/18\/sergi-monteverde-y-adri-heredia-los-mejores-del-partido-frente-al-aguilas-fc-de-la-jornada-15\/#respond"]}]},{"@type":"WebPage","@id":"https:\/\/arealorcaradio.es\/index.php\/2025\/12\/18\/sergi-monteverde-y-adri-heredia-los-mejores-del-partido-frente-al-aguilas-fc-de-la-jornada-15\/","url":"https:\/\/arealorcaradio.es\/index.php\/2025\/12\/18\/sergi-monteverde-y-adri-heredia-los-mejores-del-partido-frente-al-aguilas-fc-de-la-jornada-15\/","name":"Sergi Monteverde y Adri Heredia, los mejores del partido frente al \u00c1guilas FC de la jornada 15 - AREA LORCA RADIO","isPartOf":{"@id":"https:\/\/arealorcaradio.es\/#website"},"primaryImageOfPage":{"@id":"https:\/\/arealorcaradio.es\/index.php\/2025\/12\/18\/sergi-monteverde-y-adri-heredia-los-mejores-del-partido-frente-al-aguilas-fc-de-la-jornada-15\/#primaryimage"},"image":{"@id":"https:\/\/arealorcaradio.es\/index.php\/2025\/12\/18\/sergi-monteverde-y-adri-heredia-los-mejores-del-partido-frente-al-aguilas-fc-de-la-jornada-15\/#primaryimage"},"thumbnailUrl":"https:\/\/arealorcaradio.es\/wp-content\/uploads\/2025\/12\/Diseno-Trofeos-11-Patrocinadores-3.png","datePublished":"2025-12-18T08:48:14+00:00","dateModified":"2025-12-18T08:56:47+00:00","author":{"@id":"https:\/\/arealorcaradio.es\/#\/schema\/person\/9fae605fc25b0f2c83c1ab207139bd27"},"breadcrumb":{"@id":"https:\/\/arealorcaradio.es\/index.php\/2025\/12\/18\/sergi-monteverde-y-adri-heredia-los-mejores-del-partido-frente-al-aguilas-fc-de-la-jornada-15\/#breadcrumb"},"inLanguage":"es","potentialAction":[{"@type":"ReadAction","target":["https:\/\/arealorcaradio.es\/index.php\/2025\/12\/18\/sergi-monteverde-y-adri-heredia-los-mejores-del-partido-frente-al-aguilas-fc-de-la-jornada-15\/"]}]},{"@type":"ImageObject","inLanguage":"es","@id":"https:\/\/arealorcaradio.es\/index.php\/2025\/12\/18\/sergi-monteverde-y-adri-heredia-los-mejores-del-partido-frente-al-aguilas-fc-de-la-jornada-15\/#primaryimage","url":"https:\/\/arealorcaradio.es\/wp-content\/uploads\/2025\/12\/Diseno-Trofeos-11-Patrocinadores-3.png","contentUrl":"https:\/\/arealorcaradio.es\/wp-content\/uploads\/2025\/12\/Diseno-Trofeos-11-Patrocinadores-3.png","width":2560,"height":1200},{"@type":"BreadcrumbList","@id":"https:\/\/arealorcaradio.es\/index.php\/2025\/12\/18\/sergi-monteverde-y-adri-heredia-los-mejores-del-partido-frente-al-aguilas-fc-de-la-jornada-15\/#breadcrumb","itemListElement":[{"@type":"ListItem","position":1,"name":"Portada","item":"https:\/\/arealorcaradio.es\/"},{"@type":"ListItem","position":2,"name":"Sergi Monteverde y Adri Heredia, los mejores del partido frente al \u00c1guilas FC de la jornada 15"}]},{"@type":"WebSite","@id":"https:\/\/arealorcaradio.es\/#website","url":"https:\/\/arealorcaradio.es\/","name":"AREA LORCA RADIO","description":"Descubre la programaci\u00f3n actual en \u00c1rea Lorca Radio, tu fuente de entrenamiento y noticias locales. Sintoniza ahora y mantente conectado online.","potentialAction":[{"@type":"SearchAction","target":{"@type":"EntryPoint","urlTemplate":"https:\/\/arealorcaradio.es\/?s={search_term_string}"},"query-input":{"@type":"PropertyValueSpecification","valueRequired":true,"valueName":"search_term_string"}}],"inLanguage":"es"},{"@type":"Person","@id":"https:\/\/arealorcaradio.es\/#\/schema\/person\/9fae605fc25b0f2c83c1ab207139bd27","name":"Paco S\u00e1nchez","image":{"@type":"ImageObject","inLanguage":"es","@id":"https:\/\/secure.gravatar.com\/avatar\/d67144e966420fb74aa84c9f2a0103be4724fd14db52b52d3b6bca749f257e79?s=96&d=mm&r=g","url":"https:\/\/secure.gravatar.com\/avatar\/d67144e966420fb74aa84c9f2a0103be4724fd14db52b52d3b6bca749f257e79?s=96&d=mm&r=g","contentUrl":"https:\/\/secure.gravatar.com\/avatar\/d67144e966420fb74aa84c9f2a0103be4724fd14db52b52d3b6bca749f257e79?s=96&d=mm&r=g","caption":"Paco S\u00e1nchez"},"sameAs":["https:\/\/arealorcaradio.es"],"url":"https:\/\/arealorcaradio.es\/index.php\/author\/admin_alorcaradio\/"}]}},"_links":{"self":[{"href":"https:\/\/arealorcaradio.es\/index.php\/wp-json\/wp\/v2\/posts\/8650","targetHints":{"allow":["GET"]}}],"collection":[{"href":"https:\/\/arealorcaradio.es\/index.php\/wp-json\/wp\/v2\/posts"}],"about":[{"href":"https:\/\/arealorcaradio.es\/index.php\/wp-json\/wp\/v2\/types\/post"}],"author":[{"embeddable":true,"href":"https:\/\/arealorcaradio.es\/index.php\/wp-json\/wp\/v2\/users\/1"}],"replies":[{"embeddable":true,"href":"https:\/\/arealorcaradio.es\/index.php\/wp-json\/wp\/v2\/comments?post=8650"}],"version-history":[{"count":2,"href":"https:\/\/arealorcaradio.es\/index.php\/wp-json\/wp\/v2\/posts\/8650\/revisions"}],"predecessor-version":[{"id":8658,"href":"https:\/\/arealorcaradio.es\/index.php\/wp-json\/wp\/v2\/posts\/8650\/revisions\/8658"}],"wp:featuredmedia":[{"embeddable":true,"href":"https:\/\/arealorcaradio.es\/index.php\/wp-json\/wp\/v2\/media\/8657"}],"wp:attachment":[{"href":"https:\/\/arealorcaradio.es\/index.php\/wp-json\/wp\/v2\/media?parent=8650"}],"wp:term":[{"taxonomy":"category","embeddable":true,"href":"https:\/\/arealorcaradio.es\/index.php\/wp-json\/wp\/v2\/categories?post=8650"},{"taxonomy":"post_tag","embeddable":true,"href":"https:\/\/arealorcaradio.es\/index.php\/wp-json\/wp\/v2\/tags?post=8650"}],"curies":[{"name":"wp","href":"https:\/\/api.w.org\/{rel}","templated":true}]}}