{"id":8646,"date":"2025-12-16T18:07:56","date_gmt":"2025-12-16T18:07:56","guid":{"rendered":"https:\/\/arealorcaradio.es\/?p=8646"},"modified":"2026-01-05T10:32:27","modified_gmt":"2026-01-05T10:32:27","slug":"arte-neon-y-vino-una-propuesta-gratuita-que-fomenta-la-creatividad-de-los-jovenes","status":"publish","type":"post","link":"https:\/\/arealorcaradio.es\/index.php\/2025\/12\/16\/arte-neon-y-vino-una-propuesta-gratuita-que-fomenta-la-creatividad-de-los-jovenes\/","title":{"rendered":"&#8216;Arte Ne\u00f3n y Vino&#8217;, una propuesta gratuita que fomenta la creatividad de los j\u00f3venes"},"content":{"rendered":"<p><strong>\u00c1REA LORCA RADIO. Paco S\u00e1nchez.<\/strong><\/p>\n<p>Escucha aqu\u00ed la entrevista que ha concedido a Paco S\u00e1nchez en el magazine de \u00c1rea Lorca Radio, el concejal de Talento Joven del Ayuntamiento de Lorca, Antonio David S\u00e1nchez Alcaraz.<\/p>\n<audio class=\"wp-audio-shortcode\" id=\"audio-8646-1\" preload=\"none\" style=\"width: 100%;\" controls=\"controls\"><source type=\"audio\/mpeg\" src=\"https:\/\/arealorcaradio.es\/wp-content\/uploads\/2025\/12\/161225-ANTONIO-DAVID-SANCHEZ.-INICIATIVAS-TALENTO-JOVEN.mp3?_=1\" \/><a href=\"https:\/\/arealorcaradio.es\/wp-content\/uploads\/2025\/12\/161225-ANTONIO-DAVID-SANCHEZ.-INICIATIVAS-TALENTO-JOVEN.mp3\">https:\/\/arealorcaradio.es\/wp-content\/uploads\/2025\/12\/161225-ANTONIO-DAVID-SANCHEZ.-INICIATIVAS-TALENTO-JOVEN.mp3<\/a><\/audio>\n<p class=\"v1MsoNormal\"><b><span lang=\"es\">Lorca, 16 de diciembre de 2025<\/span><\/b><span lang=\"es\">. El concejal de Talento Joven, Antonio David S\u00e1nchez, ha informado de la puesta en marcha de la actividad \u00abArte Ne\u00f3n y Vino\u00bb, una propuesta creativa y sensorial, dirigida a cualquier persona a partir de 18 a\u00f1os, que tendr\u00e1 lugar el pr\u00f3ximo 26 de diciembre, en horario de 19:00 a 21:00 horas, en la Casa del Artesano. La actividad ser\u00e1 gratuita, aunque contar\u00e1 con plazas limitadas.<\/span><\/p>\n<p class=\"v1MsoNormal\"><span lang=\"es\">\u00abArte Ne\u00f3n y Vino\u00bb ofrece a los participantes la oportunidad de crear su propio cuadro utilizando pinturas ne\u00f3n, en un espacio con iluminaci\u00f3n tenue especialmente dise\u00f1ado para resaltar los colores fluorescentes y generar una atm\u00f3sfera art\u00edstica \u00fanica. La sesi\u00f3n estar\u00e1 guiada paso a paso por una monitora especializada, por lo que no es necesario tener experiencia previa en pintura.<\/span><\/p>\n<p class=\"v1MsoNormal\"><span lang=\"es\">La actividad incluye todo el material de pintura ne\u00f3n, el acompa\u00f1amiento profesional durante toda la sesi\u00f3n, m\u00fasica ambiente, una copa de vino y el cuadro final, que cada participante podr\u00e1 llevarse a casa como recuerdo.<\/span><\/p>\n<p class=\"v1MsoNormal\"><span lang=\"es\">Antonio David S\u00e1nchez, ha destacado que \u00abcon iniciativas como Arte Ne\u00f3n y Vino queremos ofrecer a los j\u00f3venes de Lorca alternativas de ocio diferentes, creativas y de calidad, que fomenten la expresi\u00f3n art\u00edstica, la convivencia y el disfrute de la cultura en un entorno atractivo y accesible\u00bb.<\/span><\/p>\n<p class=\"v1MsoNormal\"><span lang=\"es\">El edil ha a\u00f1adido que \u00abesta actividad refleja la apuesta del Ayuntamiento por seguir impulsando propuestas innovadoras que conecten con los intereses de la juventud, creando espacios donde puedan desconectar, experimentar y desarrollar su talento\u00bb.<\/span><\/p>\n<p class=\"v1MsoNormal\"><span lang=\"es\">Las inscripciones se realizar\u00e1n mediante el tel\u00e9fono: 603672929, aunque las plazas son limitadas a 20 personas, por lo que se recomienda formalizar la inscripci\u00f3n con antelaci\u00f3n.<\/span><\/p>\n<p><strong>(Plazas completadas).<\/strong><\/p>\n","protected":false},"excerpt":{"rendered":"<p>\u00c1REA LORCA RADIO. Paco S\u00e1nchez. Escucha aqu\u00ed la entrevista que ha concedido a Paco S\u00e1nchez en el magazine de \u00c1rea Lorca Radio, el concejal de Talento Joven del Ayuntamiento de Lorca, Antonio David S\u00e1nchez Alcaraz. Lorca, 16 de diciembre de 2025. El concejal de Talento Joven, Antonio David S\u00e1nchez, ha informado de la puesta en [&hellip;]<\/p>\n","protected":false},"author":1,"featured_media":8648,"comment_status":"open","ping_status":"open","sticky":false,"template":"","format":"standard","meta":{"iawp_total_views":22,"footnotes":""},"categories":[5,7],"tags":[],"class_list":["post-8646","post","type-post","status-publish","format-standard","has-post-thumbnail","hentry","category-actualidad","category-lorca"],"yoast_head":"<!-- This site is optimized with the Yoast SEO plugin v27.4 - https:\/\/yoast.com\/product\/yoast-seo-wordpress\/ -->\n<title>&#039;Arte Ne\u00f3n y Vino&#039;, una propuesta gratuita que fomenta la creatividad de los j\u00f3venes - AREA LORCA RADIO<\/title>\n<meta name=\"robots\" content=\"index, follow, max-snippet:-1, max-image-preview:large, max-video-preview:-1\" \/>\n<link rel=\"canonical\" href=\"https:\/\/arealorcaradio.es\/index.php\/2025\/12\/16\/arte-neon-y-vino-una-propuesta-gratuita-que-fomenta-la-creatividad-de-los-jovenes\/\" \/>\n<meta property=\"og:locale\" content=\"es_ES\" \/>\n<meta property=\"og:type\" content=\"article\" \/>\n<meta property=\"og:title\" content=\"&#039;Arte Ne\u00f3n y Vino&#039;, una propuesta gratuita que fomenta la creatividad de los j\u00f3venes - AREA LORCA RADIO\" \/>\n<meta property=\"og:description\" content=\"\u00c1REA LORCA RADIO. Paco S\u00e1nchez. Escucha aqu\u00ed la entrevista que ha concedido a Paco S\u00e1nchez en el magazine de \u00c1rea Lorca Radio, el concejal de Talento Joven del Ayuntamiento de Lorca, Antonio David S\u00e1nchez Alcaraz. Lorca, 16 de diciembre de 2025. El concejal de Talento Joven, Antonio David S\u00e1nchez, ha informado de la puesta en [&hellip;]\" \/>\n<meta property=\"og:url\" content=\"https:\/\/arealorcaradio.es\/index.php\/2025\/12\/16\/arte-neon-y-vino-una-propuesta-gratuita-que-fomenta-la-creatividad-de-los-jovenes\/\" \/>\n<meta property=\"og:site_name\" content=\"AREA LORCA RADIO\" \/>\n<meta property=\"article:published_time\" content=\"2025-12-16T18:07:56+00:00\" \/>\n<meta property=\"article:modified_time\" content=\"2026-01-05T10:32:27+00:00\" \/>\n<meta property=\"og:image\" content=\"https:\/\/arealorcaradio.es\/wp-content\/uploads\/2025\/12\/IMG-20251216-WA0044.jpg\" \/>\n\t<meta property=\"og:image:width\" content=\"2048\" \/>\n\t<meta property=\"og:image:height\" content=\"1536\" \/>\n\t<meta property=\"og:image:type\" content=\"image\/jpeg\" \/>\n<meta name=\"author\" content=\"Paco S\u00e1nchez\" \/>\n<meta name=\"twitter:card\" content=\"summary_large_image\" \/>\n<meta name=\"twitter:label1\" content=\"Escrito por\" \/>\n\t<meta name=\"twitter:data1\" content=\"Paco S\u00e1nchez\" \/>\n\t<meta name=\"twitter:label2\" content=\"Tiempo de lectura\" \/>\n\t<meta name=\"twitter:data2\" content=\"2 minutos\" \/>\n<script type=\"application\/ld+json\" class=\"yoast-schema-graph\">{\"@context\":\"https:\\\/\\\/schema.org\",\"@graph\":[{\"@type\":\"Article\",\"@id\":\"https:\\\/\\\/arealorcaradio.es\\\/index.php\\\/2025\\\/12\\\/16\\\/arte-neon-y-vino-una-propuesta-gratuita-que-fomenta-la-creatividad-de-los-jovenes\\\/#article\",\"isPartOf\":{\"@id\":\"https:\\\/\\\/arealorcaradio.es\\\/index.php\\\/2025\\\/12\\\/16\\\/arte-neon-y-vino-una-propuesta-gratuita-que-fomenta-la-creatividad-de-los-jovenes\\\/\"},\"author\":{\"name\":\"Paco S\u00e1nchez\",\"@id\":\"https:\\\/\\\/arealorcaradio.es\\\/#\\\/schema\\\/person\\\/9fae605fc25b0f2c83c1ab207139bd27\"},\"headline\":\"&#8216;Arte Ne\u00f3n y Vino&#8217;, una propuesta gratuita que fomenta la creatividad de los j\u00f3venes\",\"datePublished\":\"2025-12-16T18:07:56+00:00\",\"dateModified\":\"2026-01-05T10:32:27+00:00\",\"mainEntityOfPage\":{\"@id\":\"https:\\\/\\\/arealorcaradio.es\\\/index.php\\\/2025\\\/12\\\/16\\\/arte-neon-y-vino-una-propuesta-gratuita-que-fomenta-la-creatividad-de-los-jovenes\\\/\"},\"wordCount\":357,\"commentCount\":0,\"image\":{\"@id\":\"https:\\\/\\\/arealorcaradio.es\\\/index.php\\\/2025\\\/12\\\/16\\\/arte-neon-y-vino-una-propuesta-gratuita-que-fomenta-la-creatividad-de-los-jovenes\\\/#primaryimage\"},\"thumbnailUrl\":\"https:\\\/\\\/arealorcaradio.es\\\/wp-content\\\/uploads\\\/2025\\\/12\\\/IMG-20251216-WA0044.jpg\",\"articleSection\":[\"ACTUALIDAD\",\"LORCA\"],\"inLanguage\":\"es\",\"potentialAction\":[{\"@type\":\"CommentAction\",\"name\":\"Comment\",\"target\":[\"https:\\\/\\\/arealorcaradio.es\\\/index.php\\\/2025\\\/12\\\/16\\\/arte-neon-y-vino-una-propuesta-gratuita-que-fomenta-la-creatividad-de-los-jovenes\\\/#respond\"]}]},{\"@type\":\"WebPage\",\"@id\":\"https:\\\/\\\/arealorcaradio.es\\\/index.php\\\/2025\\\/12\\\/16\\\/arte-neon-y-vino-una-propuesta-gratuita-que-fomenta-la-creatividad-de-los-jovenes\\\/\",\"url\":\"https:\\\/\\\/arealorcaradio.es\\\/index.php\\\/2025\\\/12\\\/16\\\/arte-neon-y-vino-una-propuesta-gratuita-que-fomenta-la-creatividad-de-los-jovenes\\\/\",\"name\":\"'Arte Ne\u00f3n y Vino', una propuesta gratuita que fomenta la creatividad de los j\u00f3venes - AREA LORCA RADIO\",\"isPartOf\":{\"@id\":\"https:\\\/\\\/arealorcaradio.es\\\/#website\"},\"primaryImageOfPage\":{\"@id\":\"https:\\\/\\\/arealorcaradio.es\\\/index.php\\\/2025\\\/12\\\/16\\\/arte-neon-y-vino-una-propuesta-gratuita-que-fomenta-la-creatividad-de-los-jovenes\\\/#primaryimage\"},\"image\":{\"@id\":\"https:\\\/\\\/arealorcaradio.es\\\/index.php\\\/2025\\\/12\\\/16\\\/arte-neon-y-vino-una-propuesta-gratuita-que-fomenta-la-creatividad-de-los-jovenes\\\/#primaryimage\"},\"thumbnailUrl\":\"https:\\\/\\\/arealorcaradio.es\\\/wp-content\\\/uploads\\\/2025\\\/12\\\/IMG-20251216-WA0044.jpg\",\"datePublished\":\"2025-12-16T18:07:56+00:00\",\"dateModified\":\"2026-01-05T10:32:27+00:00\",\"author\":{\"@id\":\"https:\\\/\\\/arealorcaradio.es\\\/#\\\/schema\\\/person\\\/9fae605fc25b0f2c83c1ab207139bd27\"},\"breadcrumb\":{\"@id\":\"https:\\\/\\\/arealorcaradio.es\\\/index.php\\\/2025\\\/12\\\/16\\\/arte-neon-y-vino-una-propuesta-gratuita-que-fomenta-la-creatividad-de-los-jovenes\\\/#breadcrumb\"},\"inLanguage\":\"es\",\"potentialAction\":[{\"@type\":\"ReadAction\",\"target\":[\"https:\\\/\\\/arealorcaradio.es\\\/index.php\\\/2025\\\/12\\\/16\\\/arte-neon-y-vino-una-propuesta-gratuita-que-fomenta-la-creatividad-de-los-jovenes\\\/\"]}]},{\"@type\":\"ImageObject\",\"inLanguage\":\"es\",\"@id\":\"https:\\\/\\\/arealorcaradio.es\\\/index.php\\\/2025\\\/12\\\/16\\\/arte-neon-y-vino-una-propuesta-gratuita-que-fomenta-la-creatividad-de-los-jovenes\\\/#primaryimage\",\"url\":\"https:\\\/\\\/arealorcaradio.es\\\/wp-content\\\/uploads\\\/2025\\\/12\\\/IMG-20251216-WA0044.jpg\",\"contentUrl\":\"https:\\\/\\\/arealorcaradio.es\\\/wp-content\\\/uploads\\\/2025\\\/12\\\/IMG-20251216-WA0044.jpg\",\"width\":2048,\"height\":1536},{\"@type\":\"BreadcrumbList\",\"@id\":\"https:\\\/\\\/arealorcaradio.es\\\/index.php\\\/2025\\\/12\\\/16\\\/arte-neon-y-vino-una-propuesta-gratuita-que-fomenta-la-creatividad-de-los-jovenes\\\/#breadcrumb\",\"itemListElement\":[{\"@type\":\"ListItem\",\"position\":1,\"name\":\"Portada\",\"item\":\"https:\\\/\\\/arealorcaradio.es\\\/\"},{\"@type\":\"ListItem\",\"position\":2,\"name\":\"&#8216;Arte Ne\u00f3n y Vino&#8217;, una propuesta gratuita que fomenta la creatividad de los j\u00f3venes\"}]},{\"@type\":\"WebSite\",\"@id\":\"https:\\\/\\\/arealorcaradio.es\\\/#website\",\"url\":\"https:\\\/\\\/arealorcaradio.es\\\/\",\"name\":\"AREA LORCA RADIO\",\"description\":\"Descubre la programaci\u00f3n actual en \u00c1rea Lorca Radio, tu fuente de entrenamiento y noticias locales. Sintoniza ahora y mantente conectado online.\",\"potentialAction\":[{\"@type\":\"SearchAction\",\"target\":{\"@type\":\"EntryPoint\",\"urlTemplate\":\"https:\\\/\\\/arealorcaradio.es\\\/?s={search_term_string}\"},\"query-input\":{\"@type\":\"PropertyValueSpecification\",\"valueRequired\":true,\"valueName\":\"search_term_string\"}}],\"inLanguage\":\"es\"},{\"@type\":\"Person\",\"@id\":\"https:\\\/\\\/arealorcaradio.es\\\/#\\\/schema\\\/person\\\/9fae605fc25b0f2c83c1ab207139bd27\",\"name\":\"Paco S\u00e1nchez\",\"image\":{\"@type\":\"ImageObject\",\"inLanguage\":\"es\",\"@id\":\"https:\\\/\\\/secure.gravatar.com\\\/avatar\\\/d67144e966420fb74aa84c9f2a0103be4724fd14db52b52d3b6bca749f257e79?s=96&d=mm&r=g\",\"url\":\"https:\\\/\\\/secure.gravatar.com\\\/avatar\\\/d67144e966420fb74aa84c9f2a0103be4724fd14db52b52d3b6bca749f257e79?s=96&d=mm&r=g\",\"contentUrl\":\"https:\\\/\\\/secure.gravatar.com\\\/avatar\\\/d67144e966420fb74aa84c9f2a0103be4724fd14db52b52d3b6bca749f257e79?s=96&d=mm&r=g\",\"caption\":\"Paco S\u00e1nchez\"},\"sameAs\":[\"https:\\\/\\\/arealorcaradio.es\"],\"url\":\"https:\\\/\\\/arealorcaradio.es\\\/index.php\\\/author\\\/admin_alorcaradio\\\/\"}]}<\/script>\n<!-- \/ Yoast SEO plugin. -->","yoast_head_json":{"title":"'Arte Ne\u00f3n y Vino', una propuesta gratuita que fomenta la creatividad de los j\u00f3venes - AREA LORCA RADIO","robots":{"index":"index","follow":"follow","max-snippet":"max-snippet:-1","max-image-preview":"max-image-preview:large","max-video-preview":"max-video-preview:-1"},"canonical":"https:\/\/arealorcaradio.es\/index.php\/2025\/12\/16\/arte-neon-y-vino-una-propuesta-gratuita-que-fomenta-la-creatividad-de-los-jovenes\/","og_locale":"es_ES","og_type":"article","og_title":"'Arte Ne\u00f3n y Vino', una propuesta gratuita que fomenta la creatividad de los j\u00f3venes - AREA LORCA RADIO","og_description":"\u00c1REA LORCA RADIO. Paco S\u00e1nchez. Escucha aqu\u00ed la entrevista que ha concedido a Paco S\u00e1nchez en el magazine de \u00c1rea Lorca Radio, el concejal de Talento Joven del Ayuntamiento de Lorca, Antonio David S\u00e1nchez Alcaraz. Lorca, 16 de diciembre de 2025. El concejal de Talento Joven, Antonio David S\u00e1nchez, ha informado de la puesta en [&hellip;]","og_url":"https:\/\/arealorcaradio.es\/index.php\/2025\/12\/16\/arte-neon-y-vino-una-propuesta-gratuita-que-fomenta-la-creatividad-de-los-jovenes\/","og_site_name":"AREA LORCA RADIO","article_published_time":"2025-12-16T18:07:56+00:00","article_modified_time":"2026-01-05T10:32:27+00:00","og_image":[{"width":2048,"height":1536,"url":"https:\/\/arealorcaradio.es\/wp-content\/uploads\/2025\/12\/IMG-20251216-WA0044.jpg","type":"image\/jpeg"}],"author":"Paco S\u00e1nchez","twitter_card":"summary_large_image","twitter_misc":{"Escrito por":"Paco S\u00e1nchez","Tiempo de lectura":"2 minutos"},"schema":{"@context":"https:\/\/schema.org","@graph":[{"@type":"Article","@id":"https:\/\/arealorcaradio.es\/index.php\/2025\/12\/16\/arte-neon-y-vino-una-propuesta-gratuita-que-fomenta-la-creatividad-de-los-jovenes\/#article","isPartOf":{"@id":"https:\/\/arealorcaradio.es\/index.php\/2025\/12\/16\/arte-neon-y-vino-una-propuesta-gratuita-que-fomenta-la-creatividad-de-los-jovenes\/"},"author":{"name":"Paco S\u00e1nchez","@id":"https:\/\/arealorcaradio.es\/#\/schema\/person\/9fae605fc25b0f2c83c1ab207139bd27"},"headline":"&#8216;Arte Ne\u00f3n y Vino&#8217;, una propuesta gratuita que fomenta la creatividad de los j\u00f3venes","datePublished":"2025-12-16T18:07:56+00:00","dateModified":"2026-01-05T10:32:27+00:00","mainEntityOfPage":{"@id":"https:\/\/arealorcaradio.es\/index.php\/2025\/12\/16\/arte-neon-y-vino-una-propuesta-gratuita-que-fomenta-la-creatividad-de-los-jovenes\/"},"wordCount":357,"commentCount":0,"image":{"@id":"https:\/\/arealorcaradio.es\/index.php\/2025\/12\/16\/arte-neon-y-vino-una-propuesta-gratuita-que-fomenta-la-creatividad-de-los-jovenes\/#primaryimage"},"thumbnailUrl":"https:\/\/arealorcaradio.es\/wp-content\/uploads\/2025\/12\/IMG-20251216-WA0044.jpg","articleSection":["ACTUALIDAD","LORCA"],"inLanguage":"es","potentialAction":[{"@type":"CommentAction","name":"Comment","target":["https:\/\/arealorcaradio.es\/index.php\/2025\/12\/16\/arte-neon-y-vino-una-propuesta-gratuita-que-fomenta-la-creatividad-de-los-jovenes\/#respond"]}]},{"@type":"WebPage","@id":"https:\/\/arealorcaradio.es\/index.php\/2025\/12\/16\/arte-neon-y-vino-una-propuesta-gratuita-que-fomenta-la-creatividad-de-los-jovenes\/","url":"https:\/\/arealorcaradio.es\/index.php\/2025\/12\/16\/arte-neon-y-vino-una-propuesta-gratuita-que-fomenta-la-creatividad-de-los-jovenes\/","name":"'Arte Ne\u00f3n y Vino', una propuesta gratuita que fomenta la creatividad de los j\u00f3venes - AREA LORCA RADIO","isPartOf":{"@id":"https:\/\/arealorcaradio.es\/#website"},"primaryImageOfPage":{"@id":"https:\/\/arealorcaradio.es\/index.php\/2025\/12\/16\/arte-neon-y-vino-una-propuesta-gratuita-que-fomenta-la-creatividad-de-los-jovenes\/#primaryimage"},"image":{"@id":"https:\/\/arealorcaradio.es\/index.php\/2025\/12\/16\/arte-neon-y-vino-una-propuesta-gratuita-que-fomenta-la-creatividad-de-los-jovenes\/#primaryimage"},"thumbnailUrl":"https:\/\/arealorcaradio.es\/wp-content\/uploads\/2025\/12\/IMG-20251216-WA0044.jpg","datePublished":"2025-12-16T18:07:56+00:00","dateModified":"2026-01-05T10:32:27+00:00","author":{"@id":"https:\/\/arealorcaradio.es\/#\/schema\/person\/9fae605fc25b0f2c83c1ab207139bd27"},"breadcrumb":{"@id":"https:\/\/arealorcaradio.es\/index.php\/2025\/12\/16\/arte-neon-y-vino-una-propuesta-gratuita-que-fomenta-la-creatividad-de-los-jovenes\/#breadcrumb"},"inLanguage":"es","potentialAction":[{"@type":"ReadAction","target":["https:\/\/arealorcaradio.es\/index.php\/2025\/12\/16\/arte-neon-y-vino-una-propuesta-gratuita-que-fomenta-la-creatividad-de-los-jovenes\/"]}]},{"@type":"ImageObject","inLanguage":"es","@id":"https:\/\/arealorcaradio.es\/index.php\/2025\/12\/16\/arte-neon-y-vino-una-propuesta-gratuita-que-fomenta-la-creatividad-de-los-jovenes\/#primaryimage","url":"https:\/\/arealorcaradio.es\/wp-content\/uploads\/2025\/12\/IMG-20251216-WA0044.jpg","contentUrl":"https:\/\/arealorcaradio.es\/wp-content\/uploads\/2025\/12\/IMG-20251216-WA0044.jpg","width":2048,"height":1536},{"@type":"BreadcrumbList","@id":"https:\/\/arealorcaradio.es\/index.php\/2025\/12\/16\/arte-neon-y-vino-una-propuesta-gratuita-que-fomenta-la-creatividad-de-los-jovenes\/#breadcrumb","itemListElement":[{"@type":"ListItem","position":1,"name":"Portada","item":"https:\/\/arealorcaradio.es\/"},{"@type":"ListItem","position":2,"name":"&#8216;Arte Ne\u00f3n y Vino&#8217;, una propuesta gratuita que fomenta la creatividad de los j\u00f3venes"}]},{"@type":"WebSite","@id":"https:\/\/arealorcaradio.es\/#website","url":"https:\/\/arealorcaradio.es\/","name":"AREA LORCA RADIO","description":"Descubre la programaci\u00f3n actual en \u00c1rea Lorca Radio, tu fuente de entrenamiento y noticias locales. Sintoniza ahora y mantente conectado online.","potentialAction":[{"@type":"SearchAction","target":{"@type":"EntryPoint","urlTemplate":"https:\/\/arealorcaradio.es\/?s={search_term_string}"},"query-input":{"@type":"PropertyValueSpecification","valueRequired":true,"valueName":"search_term_string"}}],"inLanguage":"es"},{"@type":"Person","@id":"https:\/\/arealorcaradio.es\/#\/schema\/person\/9fae605fc25b0f2c83c1ab207139bd27","name":"Paco S\u00e1nchez","image":{"@type":"ImageObject","inLanguage":"es","@id":"https:\/\/secure.gravatar.com\/avatar\/d67144e966420fb74aa84c9f2a0103be4724fd14db52b52d3b6bca749f257e79?s=96&d=mm&r=g","url":"https:\/\/secure.gravatar.com\/avatar\/d67144e966420fb74aa84c9f2a0103be4724fd14db52b52d3b6bca749f257e79?s=96&d=mm&r=g","contentUrl":"https:\/\/secure.gravatar.com\/avatar\/d67144e966420fb74aa84c9f2a0103be4724fd14db52b52d3b6bca749f257e79?s=96&d=mm&r=g","caption":"Paco S\u00e1nchez"},"sameAs":["https:\/\/arealorcaradio.es"],"url":"https:\/\/arealorcaradio.es\/index.php\/author\/admin_alorcaradio\/"}]}},"_links":{"self":[{"href":"https:\/\/arealorcaradio.es\/index.php\/wp-json\/wp\/v2\/posts\/8646","targetHints":{"allow":["GET"]}}],"collection":[{"href":"https:\/\/arealorcaradio.es\/index.php\/wp-json\/wp\/v2\/posts"}],"about":[{"href":"https:\/\/arealorcaradio.es\/index.php\/wp-json\/wp\/v2\/types\/post"}],"author":[{"embeddable":true,"href":"https:\/\/arealorcaradio.es\/index.php\/wp-json\/wp\/v2\/users\/1"}],"replies":[{"embeddable":true,"href":"https:\/\/arealorcaradio.es\/index.php\/wp-json\/wp\/v2\/comments?post=8646"}],"version-history":[{"count":3,"href":"https:\/\/arealorcaradio.es\/index.php\/wp-json\/wp\/v2\/posts\/8646\/revisions"}],"predecessor-version":[{"id":8713,"href":"https:\/\/arealorcaradio.es\/index.php\/wp-json\/wp\/v2\/posts\/8646\/revisions\/8713"}],"wp:featuredmedia":[{"embeddable":true,"href":"https:\/\/arealorcaradio.es\/index.php\/wp-json\/wp\/v2\/media\/8648"}],"wp:attachment":[{"href":"https:\/\/arealorcaradio.es\/index.php\/wp-json\/wp\/v2\/media?parent=8646"}],"wp:term":[{"taxonomy":"category","embeddable":true,"href":"https:\/\/arealorcaradio.es\/index.php\/wp-json\/wp\/v2\/categories?post=8646"},{"taxonomy":"post_tag","embeddable":true,"href":"https:\/\/arealorcaradio.es\/index.php\/wp-json\/wp\/v2\/tags?post=8646"}],"curies":[{"name":"wp","href":"https:\/\/api.w.org\/{rel}","templated":true}]}}