{"id":8642,"date":"2025-12-16T18:02:05","date_gmt":"2025-12-16T18:02:05","guid":{"rendered":"https:\/\/arealorcaradio.es\/?p=8642"},"modified":"2026-01-05T10:34:07","modified_gmt":"2026-01-05T10:34:07","slug":"el-auditorio-margarita-lozano-acoge-la-gala-de-navidad-de-la-academia-alma-dance-a-beneficio-de-la-asociacion-princesa-rett","status":"publish","type":"post","link":"https:\/\/arealorcaradio.es\/index.php\/2025\/12\/16\/el-auditorio-margarita-lozano-acoge-la-gala-de-navidad-de-la-academia-alma-dance-a-beneficio-de-la-asociacion-princesa-rett\/","title":{"rendered":"El Auditorio Margarita Lozano acoge la Gala de Navidad de la academia Alma Dance a beneficio de la Asociaci\u00f3n Princesa Rett"},"content":{"rendered":"<p><strong>\u00c1REA LORCA RADIO. <span lang=\"es\">Paco S\u00e1nchez.<\/span><\/strong><\/p>\n<p>Escucha aqu\u00ed la entrevista que han concedido a Paco S\u00e1nchez en el programa magazine de \u00c1rea Lorca Radio, e<span lang=\"es\">l presidente de la Asociaci\u00f3n Princesa Rett Levante, Daniel Gonz\u00e1lez, y la directora de la academia Alma Dance, Gemma Reverte.<\/span><\/p>\n<audio class=\"wp-audio-shortcode\" id=\"audio-8642-1\" preload=\"none\" style=\"width: 100%;\" controls=\"controls\"><source type=\"audio\/mpeg\" src=\"https:\/\/arealorcaradio.es\/wp-content\/uploads\/2025\/12\/161225-GEMMA-REVERTE-Y-DANIEL-GARCIA.mp3?_=1\" \/><a href=\"https:\/\/arealorcaradio.es\/wp-content\/uploads\/2025\/12\/161225-GEMMA-REVERTE-Y-DANIEL-GARCIA.mp3\">https:\/\/arealorcaradio.es\/wp-content\/uploads\/2025\/12\/161225-GEMMA-REVERTE-Y-DANIEL-GARCIA.mp3<\/a><\/audio>\n<p class=\"v1MsoNormal\"><b><span lang=\"es\"><img loading=\"lazy\" decoding=\"async\" class=\"alignnone size-medium wp-image-8644\" src=\"https:\/\/arealorcaradio.es\/wp-content\/uploads\/2025\/12\/20251216_165914-300x225.jpg\" alt=\"\" width=\"300\" height=\"225\" srcset=\"https:\/\/arealorcaradio.es\/wp-content\/uploads\/2025\/12\/20251216_165914-300x225.jpg 300w, https:\/\/arealorcaradio.es\/wp-content\/uploads\/2025\/12\/20251216_165914-1024x768.jpg 1024w, https:\/\/arealorcaradio.es\/wp-content\/uploads\/2025\/12\/20251216_165914-768x576.jpg 768w, https:\/\/arealorcaradio.es\/wp-content\/uploads\/2025\/12\/20251216_165914-1536x1152.jpg 1536w, https:\/\/arealorcaradio.es\/wp-content\/uploads\/2025\/12\/20251216_165914-2048x1536.jpg 2048w, https:\/\/arealorcaradio.es\/wp-content\/uploads\/2025\/12\/20251216_165914-86x64.jpg 86w\" sizes=\"auto, (max-width: 300px) 100vw, 300px\" \/><\/span><\/b><\/p>\n<p class=\"v1MsoNormal\"><b><span lang=\"es\">Lorca, 16 de diciembre de 2025<\/span><\/b><span lang=\"es\">. El concejal de Cultura, Santiago Parra, ha anunciado el regreso, un a\u00f1o m\u00e1s, de la iniciativa de calado solidario de la academia Alma Dance en beneficio de la Asociaci\u00f3n Mi Princesa Rett, y que tendr\u00e1 lugar en el Auditorio Margarita Lozano, el pr\u00f3ximo 28 de diciembre, a las 18:00 horas.<\/span><\/p>\n<p class=\"v1MsoNormal\"><span lang=\"es\">Lo ha hecho junto al presidente de la Asociaci\u00f3n, Daniel Gonz\u00e1lez, y la directora de la academia de danza, Gemma Reverte, resaltando la cita \u00abcomo un evento solidario donde la danza, la tradici\u00f3n y la cultura se unen con un fin com\u00fan: apoyar a la Asociaci\u00f3n Mi Princesa Rett; \u00a0invitando \u00aba todos a participar, y as\u00ed poder contribuir a su fin solidario\u00bb.<\/span><\/p>\n<p class=\"v1MsoNormal\"><span lang=\"es\">La gala, en la que colabora el Ayuntamiento de Lorca, estar\u00e1 presentada por Israel Gonz\u00e1lez e incluir\u00e1 una actuaci\u00f3n especial del grupo La Pe\u00f1a La Jarapa, que interpretar\u00e1 villancicos tradicionales, aportando un momento cargado de identidad cultural y esp\u00edritu navide\u00f1o.<\/span><\/p>\n<p class=\"v1MsoNormal\"><span lang=\"es\">Durante el espect\u00e1culo, las alumnas de Alma Dance ofrecer\u00e1n coreograf\u00edas de estilo flamenco y moderno, inspiradas en la Navidad, combinando tradici\u00f3n y actualidad sobre el escenario y mostrando el trabajo art\u00edstico desarrollado a lo largo del curso.<\/span><\/p>\n<p class=\"v1MsoNormal\"><span lang=\"es\">Y es que este evento va mucho m\u00e1s all\u00e1 de una exhibici\u00f3n art\u00edstica. \u00abEn su trabajo diario con las alumnas, adem\u00e1s de la t\u00e9cnica, se fomenta un crecimiento personal basado en la solidaridad y los valores, ense\u00f1\u00e1ndoles que la danza siempre debe tener un prop\u00f3sito. En esta ocasi\u00f3n, ese prop\u00f3sito es ayudar a ni\u00f1as y familias afectadas por el S\u00edndrome de Rett\u00bb, ha trasladado Gemma Reverte.<\/span><\/p>\n<p class=\"v1MsoNormal\"><span lang=\"es\">Se realiza especialmente en apoyo a Daniela, una ni\u00f1a lorquina afectada por esta enfermedad, y a su familia. \u00abPara las familias que convivimos con el S\u00edndrome de Rett, gestos como este significan mucho m\u00e1s de lo que se puede imaginar. Sentir el apoyo de la ciudad, del arte y de personas comprometidas nos da fuerza para seguir adelante\u00bb, ha indicado Daniel Gonz\u00e1lez.<\/span><\/p>\n<p class=\"v1MsoNormal\"><span lang=\"es\">Las entradas, con un precio de 6 euros, estar\u00e1n a la venta desde hoy mismo, 15 de diciembre en los siguientes puntos:<\/span><\/p>\n<p class=\"v1gmail-MsoListParagraph\"><span lang=\"es\">\u00a7\u00a0\u00a0<\/span><span lang=\"es\">Academia ALMADANCE, Calle Infante Juan Manuel s\/n, La Vi\u00f1a<\/span><\/p>\n<p class=\"v1gmail-MsoListParagraph\"><span lang=\"es\">\u00a7\u00a0\u00a0<\/span><span lang=\"es\">A trav\u00e9s de las redes sociales de la academia @alma_dancegrvt<\/span><\/p>\n<p class=\"v1gmail-MsoListParagraph\"><span lang=\"es\">\u00a7\u00a0\u00a0<\/span><span lang=\"es\">En las redes sociales de Daniel, padre de Daniela, @dani.gg85<\/span><\/p>\n<p class=\"v1gmail-MsoListParagraph\"><span lang=\"es\">\u00a7\u00a0\u00a0<\/span><span lang=\"es\">En la taquilla del Auditorio Margarita Lozano el mismo d\u00eda de la gala<\/span><\/p>\n","protected":false},"excerpt":{"rendered":"<p>\u00c1REA LORCA RADIO. Paco S\u00e1nchez. Escucha aqu\u00ed la entrevista que han concedido a Paco S\u00e1nchez en el programa magazine de \u00c1rea Lorca Radio, el presidente de la Asociaci\u00f3n Princesa Rett Levante, Daniel Gonz\u00e1lez, y la directora de la academia Alma Dance, Gemma Reverte. Lorca, 16 de diciembre de 2025. El concejal de Cultura, Santiago Parra, [&hellip;]<\/p>\n","protected":false},"author":1,"featured_media":8644,"comment_status":"open","ping_status":"open","sticky":false,"template":"","format":"standard","meta":{"iawp_total_views":31,"footnotes":""},"categories":[5,7],"tags":[],"class_list":["post-8642","post","type-post","status-publish","format-standard","has-post-thumbnail","hentry","category-actualidad","category-lorca"],"yoast_head":"<!-- This site is optimized with the Yoast SEO plugin v27.4 - https:\/\/yoast.com\/product\/yoast-seo-wordpress\/ -->\n<title>El Auditorio Margarita Lozano acoge la Gala de Navidad de la academia Alma Dance a beneficio de la Asociaci\u00f3n Princesa Rett - AREA LORCA RADIO<\/title>\n<meta name=\"robots\" content=\"index, follow, max-snippet:-1, max-image-preview:large, max-video-preview:-1\" \/>\n<link rel=\"canonical\" href=\"https:\/\/arealorcaradio.es\/index.php\/2025\/12\/16\/el-auditorio-margarita-lozano-acoge-la-gala-de-navidad-de-la-academia-alma-dance-a-beneficio-de-la-asociacion-princesa-rett\/\" \/>\n<meta property=\"og:locale\" content=\"es_ES\" \/>\n<meta property=\"og:type\" content=\"article\" \/>\n<meta property=\"og:title\" content=\"El Auditorio Margarita Lozano acoge la Gala de Navidad de la academia Alma Dance a beneficio de la Asociaci\u00f3n Princesa Rett - AREA LORCA RADIO\" \/>\n<meta property=\"og:description\" content=\"\u00c1REA LORCA RADIO. Paco S\u00e1nchez. Escucha aqu\u00ed la entrevista que han concedido a Paco S\u00e1nchez en el programa magazine de \u00c1rea Lorca Radio, el presidente de la Asociaci\u00f3n Princesa Rett Levante, Daniel Gonz\u00e1lez, y la directora de la academia Alma Dance, Gemma Reverte. Lorca, 16 de diciembre de 2025. El concejal de Cultura, Santiago Parra, [&hellip;]\" \/>\n<meta property=\"og:url\" content=\"https:\/\/arealorcaradio.es\/index.php\/2025\/12\/16\/el-auditorio-margarita-lozano-acoge-la-gala-de-navidad-de-la-academia-alma-dance-a-beneficio-de-la-asociacion-princesa-rett\/\" \/>\n<meta property=\"og:site_name\" content=\"AREA LORCA RADIO\" \/>\n<meta property=\"article:published_time\" content=\"2025-12-16T18:02:05+00:00\" \/>\n<meta property=\"article:modified_time\" content=\"2026-01-05T10:34:07+00:00\" \/>\n<meta property=\"og:image\" content=\"https:\/\/arealorcaradio.es\/wp-content\/uploads\/2025\/12\/20251216_165914-scaled.jpg\" \/>\n\t<meta property=\"og:image:width\" content=\"2560\" \/>\n\t<meta property=\"og:image:height\" content=\"1920\" \/>\n\t<meta property=\"og:image:type\" content=\"image\/jpeg\" \/>\n<meta name=\"author\" content=\"Paco S\u00e1nchez\" \/>\n<meta name=\"twitter:card\" content=\"summary_large_image\" \/>\n<meta name=\"twitter:label1\" content=\"Escrito por\" \/>\n\t<meta name=\"twitter:data1\" content=\"Paco S\u00e1nchez\" \/>\n\t<meta name=\"twitter:label2\" content=\"Tiempo de lectura\" \/>\n\t<meta name=\"twitter:data2\" content=\"3 minutos\" \/>\n<script type=\"application\/ld+json\" class=\"yoast-schema-graph\">{\"@context\":\"https:\\\/\\\/schema.org\",\"@graph\":[{\"@type\":\"Article\",\"@id\":\"https:\\\/\\\/arealorcaradio.es\\\/index.php\\\/2025\\\/12\\\/16\\\/el-auditorio-margarita-lozano-acoge-la-gala-de-navidad-de-la-academia-alma-dance-a-beneficio-de-la-asociacion-princesa-rett\\\/#article\",\"isPartOf\":{\"@id\":\"https:\\\/\\\/arealorcaradio.es\\\/index.php\\\/2025\\\/12\\\/16\\\/el-auditorio-margarita-lozano-acoge-la-gala-de-navidad-de-la-academia-alma-dance-a-beneficio-de-la-asociacion-princesa-rett\\\/\"},\"author\":{\"name\":\"Paco S\u00e1nchez\",\"@id\":\"https:\\\/\\\/arealorcaradio.es\\\/#\\\/schema\\\/person\\\/9fae605fc25b0f2c83c1ab207139bd27\"},\"headline\":\"El Auditorio Margarita Lozano acoge la Gala de Navidad de la academia Alma Dance a beneficio de la Asociaci\u00f3n Princesa Rett\",\"datePublished\":\"2025-12-16T18:02:05+00:00\",\"dateModified\":\"2026-01-05T10:34:07+00:00\",\"mainEntityOfPage\":{\"@id\":\"https:\\\/\\\/arealorcaradio.es\\\/index.php\\\/2025\\\/12\\\/16\\\/el-auditorio-margarita-lozano-acoge-la-gala-de-navidad-de-la-academia-alma-dance-a-beneficio-de-la-asociacion-princesa-rett\\\/\"},\"wordCount\":501,\"commentCount\":0,\"image\":{\"@id\":\"https:\\\/\\\/arealorcaradio.es\\\/index.php\\\/2025\\\/12\\\/16\\\/el-auditorio-margarita-lozano-acoge-la-gala-de-navidad-de-la-academia-alma-dance-a-beneficio-de-la-asociacion-princesa-rett\\\/#primaryimage\"},\"thumbnailUrl\":\"https:\\\/\\\/arealorcaradio.es\\\/wp-content\\\/uploads\\\/2025\\\/12\\\/20251216_165914-scaled.jpg\",\"articleSection\":[\"ACTUALIDAD\",\"LORCA\"],\"inLanguage\":\"es\",\"potentialAction\":[{\"@type\":\"CommentAction\",\"name\":\"Comment\",\"target\":[\"https:\\\/\\\/arealorcaradio.es\\\/index.php\\\/2025\\\/12\\\/16\\\/el-auditorio-margarita-lozano-acoge-la-gala-de-navidad-de-la-academia-alma-dance-a-beneficio-de-la-asociacion-princesa-rett\\\/#respond\"]}]},{\"@type\":\"WebPage\",\"@id\":\"https:\\\/\\\/arealorcaradio.es\\\/index.php\\\/2025\\\/12\\\/16\\\/el-auditorio-margarita-lozano-acoge-la-gala-de-navidad-de-la-academia-alma-dance-a-beneficio-de-la-asociacion-princesa-rett\\\/\",\"url\":\"https:\\\/\\\/arealorcaradio.es\\\/index.php\\\/2025\\\/12\\\/16\\\/el-auditorio-margarita-lozano-acoge-la-gala-de-navidad-de-la-academia-alma-dance-a-beneficio-de-la-asociacion-princesa-rett\\\/\",\"name\":\"El Auditorio Margarita Lozano acoge la Gala de Navidad de la academia Alma Dance a beneficio de la Asociaci\u00f3n Princesa Rett - AREA LORCA RADIO\",\"isPartOf\":{\"@id\":\"https:\\\/\\\/arealorcaradio.es\\\/#website\"},\"primaryImageOfPage\":{\"@id\":\"https:\\\/\\\/arealorcaradio.es\\\/index.php\\\/2025\\\/12\\\/16\\\/el-auditorio-margarita-lozano-acoge-la-gala-de-navidad-de-la-academia-alma-dance-a-beneficio-de-la-asociacion-princesa-rett\\\/#primaryimage\"},\"image\":{\"@id\":\"https:\\\/\\\/arealorcaradio.es\\\/index.php\\\/2025\\\/12\\\/16\\\/el-auditorio-margarita-lozano-acoge-la-gala-de-navidad-de-la-academia-alma-dance-a-beneficio-de-la-asociacion-princesa-rett\\\/#primaryimage\"},\"thumbnailUrl\":\"https:\\\/\\\/arealorcaradio.es\\\/wp-content\\\/uploads\\\/2025\\\/12\\\/20251216_165914-scaled.jpg\",\"datePublished\":\"2025-12-16T18:02:05+00:00\",\"dateModified\":\"2026-01-05T10:34:07+00:00\",\"author\":{\"@id\":\"https:\\\/\\\/arealorcaradio.es\\\/#\\\/schema\\\/person\\\/9fae605fc25b0f2c83c1ab207139bd27\"},\"breadcrumb\":{\"@id\":\"https:\\\/\\\/arealorcaradio.es\\\/index.php\\\/2025\\\/12\\\/16\\\/el-auditorio-margarita-lozano-acoge-la-gala-de-navidad-de-la-academia-alma-dance-a-beneficio-de-la-asociacion-princesa-rett\\\/#breadcrumb\"},\"inLanguage\":\"es\",\"potentialAction\":[{\"@type\":\"ReadAction\",\"target\":[\"https:\\\/\\\/arealorcaradio.es\\\/index.php\\\/2025\\\/12\\\/16\\\/el-auditorio-margarita-lozano-acoge-la-gala-de-navidad-de-la-academia-alma-dance-a-beneficio-de-la-asociacion-princesa-rett\\\/\"]}]},{\"@type\":\"ImageObject\",\"inLanguage\":\"es\",\"@id\":\"https:\\\/\\\/arealorcaradio.es\\\/index.php\\\/2025\\\/12\\\/16\\\/el-auditorio-margarita-lozano-acoge-la-gala-de-navidad-de-la-academia-alma-dance-a-beneficio-de-la-asociacion-princesa-rett\\\/#primaryimage\",\"url\":\"https:\\\/\\\/arealorcaradio.es\\\/wp-content\\\/uploads\\\/2025\\\/12\\\/20251216_165914-scaled.jpg\",\"contentUrl\":\"https:\\\/\\\/arealorcaradio.es\\\/wp-content\\\/uploads\\\/2025\\\/12\\\/20251216_165914-scaled.jpg\",\"width\":2560,\"height\":1920},{\"@type\":\"BreadcrumbList\",\"@id\":\"https:\\\/\\\/arealorcaradio.es\\\/index.php\\\/2025\\\/12\\\/16\\\/el-auditorio-margarita-lozano-acoge-la-gala-de-navidad-de-la-academia-alma-dance-a-beneficio-de-la-asociacion-princesa-rett\\\/#breadcrumb\",\"itemListElement\":[{\"@type\":\"ListItem\",\"position\":1,\"name\":\"Portada\",\"item\":\"https:\\\/\\\/arealorcaradio.es\\\/\"},{\"@type\":\"ListItem\",\"position\":2,\"name\":\"El Auditorio Margarita Lozano acoge la Gala de Navidad de la academia Alma Dance a beneficio de la Asociaci\u00f3n Princesa Rett\"}]},{\"@type\":\"WebSite\",\"@id\":\"https:\\\/\\\/arealorcaradio.es\\\/#website\",\"url\":\"https:\\\/\\\/arealorcaradio.es\\\/\",\"name\":\"AREA LORCA RADIO\",\"description\":\"Descubre la programaci\u00f3n actual en \u00c1rea Lorca Radio, tu fuente de entrenamiento y noticias locales. Sintoniza ahora y mantente conectado online.\",\"potentialAction\":[{\"@type\":\"SearchAction\",\"target\":{\"@type\":\"EntryPoint\",\"urlTemplate\":\"https:\\\/\\\/arealorcaradio.es\\\/?s={search_term_string}\"},\"query-input\":{\"@type\":\"PropertyValueSpecification\",\"valueRequired\":true,\"valueName\":\"search_term_string\"}}],\"inLanguage\":\"es\"},{\"@type\":\"Person\",\"@id\":\"https:\\\/\\\/arealorcaradio.es\\\/#\\\/schema\\\/person\\\/9fae605fc25b0f2c83c1ab207139bd27\",\"name\":\"Paco S\u00e1nchez\",\"image\":{\"@type\":\"ImageObject\",\"inLanguage\":\"es\",\"@id\":\"https:\\\/\\\/secure.gravatar.com\\\/avatar\\\/d67144e966420fb74aa84c9f2a0103be4724fd14db52b52d3b6bca749f257e79?s=96&d=mm&r=g\",\"url\":\"https:\\\/\\\/secure.gravatar.com\\\/avatar\\\/d67144e966420fb74aa84c9f2a0103be4724fd14db52b52d3b6bca749f257e79?s=96&d=mm&r=g\",\"contentUrl\":\"https:\\\/\\\/secure.gravatar.com\\\/avatar\\\/d67144e966420fb74aa84c9f2a0103be4724fd14db52b52d3b6bca749f257e79?s=96&d=mm&r=g\",\"caption\":\"Paco S\u00e1nchez\"},\"sameAs\":[\"https:\\\/\\\/arealorcaradio.es\"],\"url\":\"https:\\\/\\\/arealorcaradio.es\\\/index.php\\\/author\\\/admin_alorcaradio\\\/\"}]}<\/script>\n<!-- \/ Yoast SEO plugin. -->","yoast_head_json":{"title":"El Auditorio Margarita Lozano acoge la Gala de Navidad de la academia Alma Dance a beneficio de la Asociaci\u00f3n Princesa Rett - AREA LORCA RADIO","robots":{"index":"index","follow":"follow","max-snippet":"max-snippet:-1","max-image-preview":"max-image-preview:large","max-video-preview":"max-video-preview:-1"},"canonical":"https:\/\/arealorcaradio.es\/index.php\/2025\/12\/16\/el-auditorio-margarita-lozano-acoge-la-gala-de-navidad-de-la-academia-alma-dance-a-beneficio-de-la-asociacion-princesa-rett\/","og_locale":"es_ES","og_type":"article","og_title":"El Auditorio Margarita Lozano acoge la Gala de Navidad de la academia Alma Dance a beneficio de la Asociaci\u00f3n Princesa Rett - AREA LORCA RADIO","og_description":"\u00c1REA LORCA RADIO. Paco S\u00e1nchez. Escucha aqu\u00ed la entrevista que han concedido a Paco S\u00e1nchez en el programa magazine de \u00c1rea Lorca Radio, el presidente de la Asociaci\u00f3n Princesa Rett Levante, Daniel Gonz\u00e1lez, y la directora de la academia Alma Dance, Gemma Reverte. Lorca, 16 de diciembre de 2025. El concejal de Cultura, Santiago Parra, [&hellip;]","og_url":"https:\/\/arealorcaradio.es\/index.php\/2025\/12\/16\/el-auditorio-margarita-lozano-acoge-la-gala-de-navidad-de-la-academia-alma-dance-a-beneficio-de-la-asociacion-princesa-rett\/","og_site_name":"AREA LORCA RADIO","article_published_time":"2025-12-16T18:02:05+00:00","article_modified_time":"2026-01-05T10:34:07+00:00","og_image":[{"width":2560,"height":1920,"url":"https:\/\/arealorcaradio.es\/wp-content\/uploads\/2025\/12\/20251216_165914-scaled.jpg","type":"image\/jpeg"}],"author":"Paco S\u00e1nchez","twitter_card":"summary_large_image","twitter_misc":{"Escrito por":"Paco S\u00e1nchez","Tiempo de lectura":"3 minutos"},"schema":{"@context":"https:\/\/schema.org","@graph":[{"@type":"Article","@id":"https:\/\/arealorcaradio.es\/index.php\/2025\/12\/16\/el-auditorio-margarita-lozano-acoge-la-gala-de-navidad-de-la-academia-alma-dance-a-beneficio-de-la-asociacion-princesa-rett\/#article","isPartOf":{"@id":"https:\/\/arealorcaradio.es\/index.php\/2025\/12\/16\/el-auditorio-margarita-lozano-acoge-la-gala-de-navidad-de-la-academia-alma-dance-a-beneficio-de-la-asociacion-princesa-rett\/"},"author":{"name":"Paco S\u00e1nchez","@id":"https:\/\/arealorcaradio.es\/#\/schema\/person\/9fae605fc25b0f2c83c1ab207139bd27"},"headline":"El Auditorio Margarita Lozano acoge la Gala de Navidad de la academia Alma Dance a beneficio de la Asociaci\u00f3n Princesa Rett","datePublished":"2025-12-16T18:02:05+00:00","dateModified":"2026-01-05T10:34:07+00:00","mainEntityOfPage":{"@id":"https:\/\/arealorcaradio.es\/index.php\/2025\/12\/16\/el-auditorio-margarita-lozano-acoge-la-gala-de-navidad-de-la-academia-alma-dance-a-beneficio-de-la-asociacion-princesa-rett\/"},"wordCount":501,"commentCount":0,"image":{"@id":"https:\/\/arealorcaradio.es\/index.php\/2025\/12\/16\/el-auditorio-margarita-lozano-acoge-la-gala-de-navidad-de-la-academia-alma-dance-a-beneficio-de-la-asociacion-princesa-rett\/#primaryimage"},"thumbnailUrl":"https:\/\/arealorcaradio.es\/wp-content\/uploads\/2025\/12\/20251216_165914-scaled.jpg","articleSection":["ACTUALIDAD","LORCA"],"inLanguage":"es","potentialAction":[{"@type":"CommentAction","name":"Comment","target":["https:\/\/arealorcaradio.es\/index.php\/2025\/12\/16\/el-auditorio-margarita-lozano-acoge-la-gala-de-navidad-de-la-academia-alma-dance-a-beneficio-de-la-asociacion-princesa-rett\/#respond"]}]},{"@type":"WebPage","@id":"https:\/\/arealorcaradio.es\/index.php\/2025\/12\/16\/el-auditorio-margarita-lozano-acoge-la-gala-de-navidad-de-la-academia-alma-dance-a-beneficio-de-la-asociacion-princesa-rett\/","url":"https:\/\/arealorcaradio.es\/index.php\/2025\/12\/16\/el-auditorio-margarita-lozano-acoge-la-gala-de-navidad-de-la-academia-alma-dance-a-beneficio-de-la-asociacion-princesa-rett\/","name":"El Auditorio Margarita Lozano acoge la Gala de Navidad de la academia Alma Dance a beneficio de la Asociaci\u00f3n Princesa Rett - AREA LORCA RADIO","isPartOf":{"@id":"https:\/\/arealorcaradio.es\/#website"},"primaryImageOfPage":{"@id":"https:\/\/arealorcaradio.es\/index.php\/2025\/12\/16\/el-auditorio-margarita-lozano-acoge-la-gala-de-navidad-de-la-academia-alma-dance-a-beneficio-de-la-asociacion-princesa-rett\/#primaryimage"},"image":{"@id":"https:\/\/arealorcaradio.es\/index.php\/2025\/12\/16\/el-auditorio-margarita-lozano-acoge-la-gala-de-navidad-de-la-academia-alma-dance-a-beneficio-de-la-asociacion-princesa-rett\/#primaryimage"},"thumbnailUrl":"https:\/\/arealorcaradio.es\/wp-content\/uploads\/2025\/12\/20251216_165914-scaled.jpg","datePublished":"2025-12-16T18:02:05+00:00","dateModified":"2026-01-05T10:34:07+00:00","author":{"@id":"https:\/\/arealorcaradio.es\/#\/schema\/person\/9fae605fc25b0f2c83c1ab207139bd27"},"breadcrumb":{"@id":"https:\/\/arealorcaradio.es\/index.php\/2025\/12\/16\/el-auditorio-margarita-lozano-acoge-la-gala-de-navidad-de-la-academia-alma-dance-a-beneficio-de-la-asociacion-princesa-rett\/#breadcrumb"},"inLanguage":"es","potentialAction":[{"@type":"ReadAction","target":["https:\/\/arealorcaradio.es\/index.php\/2025\/12\/16\/el-auditorio-margarita-lozano-acoge-la-gala-de-navidad-de-la-academia-alma-dance-a-beneficio-de-la-asociacion-princesa-rett\/"]}]},{"@type":"ImageObject","inLanguage":"es","@id":"https:\/\/arealorcaradio.es\/index.php\/2025\/12\/16\/el-auditorio-margarita-lozano-acoge-la-gala-de-navidad-de-la-academia-alma-dance-a-beneficio-de-la-asociacion-princesa-rett\/#primaryimage","url":"https:\/\/arealorcaradio.es\/wp-content\/uploads\/2025\/12\/20251216_165914-scaled.jpg","contentUrl":"https:\/\/arealorcaradio.es\/wp-content\/uploads\/2025\/12\/20251216_165914-scaled.jpg","width":2560,"height":1920},{"@type":"BreadcrumbList","@id":"https:\/\/arealorcaradio.es\/index.php\/2025\/12\/16\/el-auditorio-margarita-lozano-acoge-la-gala-de-navidad-de-la-academia-alma-dance-a-beneficio-de-la-asociacion-princesa-rett\/#breadcrumb","itemListElement":[{"@type":"ListItem","position":1,"name":"Portada","item":"https:\/\/arealorcaradio.es\/"},{"@type":"ListItem","position":2,"name":"El Auditorio Margarita Lozano acoge la Gala de Navidad de la academia Alma Dance a beneficio de la Asociaci\u00f3n Princesa Rett"}]},{"@type":"WebSite","@id":"https:\/\/arealorcaradio.es\/#website","url":"https:\/\/arealorcaradio.es\/","name":"AREA LORCA RADIO","description":"Descubre la programaci\u00f3n actual en \u00c1rea Lorca Radio, tu fuente de entrenamiento y noticias locales. Sintoniza ahora y mantente conectado online.","potentialAction":[{"@type":"SearchAction","target":{"@type":"EntryPoint","urlTemplate":"https:\/\/arealorcaradio.es\/?s={search_term_string}"},"query-input":{"@type":"PropertyValueSpecification","valueRequired":true,"valueName":"search_term_string"}}],"inLanguage":"es"},{"@type":"Person","@id":"https:\/\/arealorcaradio.es\/#\/schema\/person\/9fae605fc25b0f2c83c1ab207139bd27","name":"Paco S\u00e1nchez","image":{"@type":"ImageObject","inLanguage":"es","@id":"https:\/\/secure.gravatar.com\/avatar\/d67144e966420fb74aa84c9f2a0103be4724fd14db52b52d3b6bca749f257e79?s=96&d=mm&r=g","url":"https:\/\/secure.gravatar.com\/avatar\/d67144e966420fb74aa84c9f2a0103be4724fd14db52b52d3b6bca749f257e79?s=96&d=mm&r=g","contentUrl":"https:\/\/secure.gravatar.com\/avatar\/d67144e966420fb74aa84c9f2a0103be4724fd14db52b52d3b6bca749f257e79?s=96&d=mm&r=g","caption":"Paco S\u00e1nchez"},"sameAs":["https:\/\/arealorcaradio.es"],"url":"https:\/\/arealorcaradio.es\/index.php\/author\/admin_alorcaradio\/"}]}},"_links":{"self":[{"href":"https:\/\/arealorcaradio.es\/index.php\/wp-json\/wp\/v2\/posts\/8642","targetHints":{"allow":["GET"]}}],"collection":[{"href":"https:\/\/arealorcaradio.es\/index.php\/wp-json\/wp\/v2\/posts"}],"about":[{"href":"https:\/\/arealorcaradio.es\/index.php\/wp-json\/wp\/v2\/types\/post"}],"author":[{"embeddable":true,"href":"https:\/\/arealorcaradio.es\/index.php\/wp-json\/wp\/v2\/users\/1"}],"replies":[{"embeddable":true,"href":"https:\/\/arealorcaradio.es\/index.php\/wp-json\/wp\/v2\/comments?post=8642"}],"version-history":[{"count":3,"href":"https:\/\/arealorcaradio.es\/index.php\/wp-json\/wp\/v2\/posts\/8642\/revisions"}],"predecessor-version":[{"id":8715,"href":"https:\/\/arealorcaradio.es\/index.php\/wp-json\/wp\/v2\/posts\/8642\/revisions\/8715"}],"wp:featuredmedia":[{"embeddable":true,"href":"https:\/\/arealorcaradio.es\/index.php\/wp-json\/wp\/v2\/media\/8644"}],"wp:attachment":[{"href":"https:\/\/arealorcaradio.es\/index.php\/wp-json\/wp\/v2\/media?parent=8642"}],"wp:term":[{"taxonomy":"category","embeddable":true,"href":"https:\/\/arealorcaradio.es\/index.php\/wp-json\/wp\/v2\/categories?post=8642"},{"taxonomy":"post_tag","embeddable":true,"href":"https:\/\/arealorcaradio.es\/index.php\/wp-json\/wp\/v2\/tags?post=8642"}],"curies":[{"name":"wp","href":"https:\/\/api.w.org\/{rel}","templated":true}]}}