{"id":8635,"date":"2025-12-15T17:35:25","date_gmt":"2025-12-15T17:35:25","guid":{"rendered":"https:\/\/arealorcaradio.es\/?p=8635"},"modified":"2025-12-15T17:35:25","modified_gmt":"2025-12-15T17:35:25","slug":"una-nueva-inversion-de-3-millones-de-euros-en-el-casco-historico-permitira-construyendo-un-edificio-municipal-de-1-000-metros-cuadrados-que-sera-la-nueva-sede-de-aguas-de-lorca","status":"publish","type":"post","link":"https:\/\/arealorcaradio.es\/index.php\/2025\/12\/15\/una-nueva-inversion-de-3-millones-de-euros-en-el-casco-historico-permitira-construyendo-un-edificio-municipal-de-1-000-metros-cuadrados-que-sera-la-nueva-sede-de-aguas-de-lorca\/","title":{"rendered":"Una nueva inversi\u00f3n de 3 millones de euros en el casco hist\u00f3rico permitir\u00e1 construyendo un edificio municipal de 1.000 metros cuadrados que ser\u00e1 la nueva sede de Aguas de Lorca\u00a0"},"content":{"rendered":"<p><strong>\u00c1REA LORCA RADIO. Urbanismo.<\/strong><\/p>\n<p class=\"v1MsoNormal\"><b><span lang=\"es\">Lorca, 15 de diciembre de 2025.\u00a0<\/span><\/b><span lang=\"es\">El alcalde de Lorca, Fulgencio Gil, ha informado de una nueva inversi\u00f3n cercana a los tres millones de euros que va a permitir la regeneraci\u00f3n de un espacio urbano ubicado entre las calles Zorrilla y Fernando El Santo, en pleno coraz\u00f3n del casco hist\u00f3rico, que va a posibilitar la construcci\u00f3n de un nuevo edificio municipal de 1.000 metros cuadros de superficie total. Escuchamos la intervenci\u00f3n de Gil J\u00f3dar.<\/span><\/p>\n<audio class=\"wp-audio-shortcode\" id=\"audio-8635-1\" preload=\"none\" style=\"width: 100%;\" controls=\"controls\"><source type=\"audio\/mpeg\" src=\"https:\/\/arealorcaradio.es\/wp-content\/uploads\/2025\/12\/151225-FULGENCIO-GIL.-NUEVA-SEDE-AGUAS-DE-LORCA.mp3?_=1\" \/><a href=\"https:\/\/arealorcaradio.es\/wp-content\/uploads\/2025\/12\/151225-FULGENCIO-GIL.-NUEVA-SEDE-AGUAS-DE-LORCA.mp3\">https:\/\/arealorcaradio.es\/wp-content\/uploads\/2025\/12\/151225-FULGENCIO-GIL.-NUEVA-SEDE-AGUAS-DE-LORCA.mp3<\/a><\/audio>\n<p class=\"v1MsoNormal\"><span lang=\"es\"><img loading=\"lazy\" decoding=\"async\" class=\"alignnone size-medium wp-image-8637\" src=\"https:\/\/arealorcaradio.es\/wp-content\/uploads\/2025\/12\/FOTO2-44-300x225.jpeg\" alt=\"\" width=\"300\" height=\"225\" srcset=\"https:\/\/arealorcaradio.es\/wp-content\/uploads\/2025\/12\/FOTO2-44-300x225.jpeg 300w, https:\/\/arealorcaradio.es\/wp-content\/uploads\/2025\/12\/FOTO2-44-1024x768.jpeg 1024w, https:\/\/arealorcaradio.es\/wp-content\/uploads\/2025\/12\/FOTO2-44-768x576.jpeg 768w, https:\/\/arealorcaradio.es\/wp-content\/uploads\/2025\/12\/FOTO2-44-1536x1152.jpeg 1536w, https:\/\/arealorcaradio.es\/wp-content\/uploads\/2025\/12\/FOTO2-44-2048x1536.jpeg 2048w, https:\/\/arealorcaradio.es\/wp-content\/uploads\/2025\/12\/FOTO2-44-86x64.jpeg 86w\" sizes=\"auto, (max-width: 300px) 100vw, 300px\" \/> <img loading=\"lazy\" decoding=\"async\" class=\"alignnone size-medium wp-image-8638\" src=\"https:\/\/arealorcaradio.es\/wp-content\/uploads\/2025\/12\/FOTO5-11-300x225.jpeg\" alt=\"\" width=\"300\" height=\"225\" srcset=\"https:\/\/arealorcaradio.es\/wp-content\/uploads\/2025\/12\/FOTO5-11-300x225.jpeg 300w, https:\/\/arealorcaradio.es\/wp-content\/uploads\/2025\/12\/FOTO5-11-1024x768.jpeg 1024w, https:\/\/arealorcaradio.es\/wp-content\/uploads\/2025\/12\/FOTO5-11-768x576.jpeg 768w, https:\/\/arealorcaradio.es\/wp-content\/uploads\/2025\/12\/FOTO5-11-1536x1152.jpeg 1536w, https:\/\/arealorcaradio.es\/wp-content\/uploads\/2025\/12\/FOTO5-11-2048x1536.jpeg 2048w, https:\/\/arealorcaradio.es\/wp-content\/uploads\/2025\/12\/FOTO5-11-86x64.jpeg 86w\" sizes=\"auto, (max-width: 300px) 100vw, 300px\" \/><\/span><\/p>\n<p class=\"v1MsoNormal\"><span lang=\"es\">Se trata de un proyecto valorado en tres millones de euros que incluye la adquisici\u00f3n de la parcela y la construcci\u00f3n del edificio con un plazo estimado de 24 meses, <strong>una inversi\u00f3n que ser\u00e1 sufragada con los 100.000\u20ac anuales que -a d\u00eda de hoy- se tienen que abonar por el alquiler de las oficinas, sin afectar a las inversiones previstas para renovaci\u00f3n, mantenimiento y mejora de redes de suministro en nuestro t\u00e9rmino municipal<\/strong>.<b><\/b><\/span><\/p>\n<p class=\"v1MsoNormal\"><span lang=\"es\">Fulgencio Gil ha subrayado que \u00abesta decisi\u00f3n es una excelente noticia para Lorca y, muy especialmente, para nuestro casco hist\u00f3rico. Transformamos un gasto en alquileres en una inversi\u00f3n productiva que genera patrimonio municipal, mejora el servicio de agua y refuerza la vida del centro hist\u00f3rico. Estamos hablando de una oportunidad de regeneraci\u00f3n urbana en el casco hist\u00f3rico que no podemos dejar escapar y que vamos a aprovechar para otorgar un nuevo impulso a nuestra zona monumental. Ponemos a disposici\u00f3n de los lorquinos un inmueble de propiedad municipal, con un espacio polivalente de casi 200 m<sup>2<\/sup>\u00a0en pleno centro del casco hist\u00f3rico\u00bb.<\/span><\/p>\n<p class=\"v1MsoNormal\"><span lang=\"es\">El primer edil ha a\u00f1adido que \u00abnuestra apuesta por el casco hist\u00f3rico no es solo urban\u00edstica: es una apuesta por devolver vida al coraz\u00f3n de Lorca. Esta inversi\u00f3n, con un edificio moderno, eficiente y abierto a la ciudadan\u00eda, es un ejemplo claro del modelo de ciudad que estamos construyendo: un centro vivo, \u00fatil y din\u00e1mico, preparado para el futuro. Dijimos que hab\u00eda llegado el momento de recuperar el casco hist\u00f3rico, y estamos cumpliendo\u00bb.<\/span><\/p>\n<p class=\"v1MsoNormal\"><a name=\"v1_heading=h.xj0z9is2iehw\"><\/a><span lang=\"es\">La parcela en cuesti\u00f3n cuenta con m\u00e1s de 350 m<sup>2\u00a0<\/sup>y permitir\u00e1 levantar un edificio de m\u00e1s de 1.000 m<sup>2<\/sup>, distribuido en planta baja y dos plantas superiores. En la planta baja se ubicar\u00e1 la oficina de atenci\u00f3n al p\u00fablico y una sala multiusos que estar\u00e1 tambi\u00e9n a disposici\u00f3n del tejido asociativo y social de Lorca, mientras que las plantas superiores acoger\u00e1n las \u00e1reas t\u00e9cnicas, administrativas y de direcci\u00f3n.<\/span><\/p>\n<p class=\"v1MsoNormal\"><span lang=\"es\">El nuevo inmueble se proyectar\u00e1 bajo criterios de eficiencia energ\u00e9tica, sostenibilidad y accesibilidad universal, respondiendo a las necesidades actuales y futuras del servicio y proporcionando espacios de trabajo m\u00e1s funcionales y modernos para la plantilla.<\/span><\/p>\n<p class=\"v1MsoNormal\"><span lang=\"es\">Este nuevo recurso se configura como un punto de encuentro, un lugar accesible, moderno y cercano. La sala multiusos estar\u00e1 disponible para asociaciones y colectivos del municipio, porque entendemos que el servicio p\u00fablico tiene que ir m\u00e1s all\u00e1 de la gesti\u00f3n del agua: debe contribuir a fortalecer el tejido social y la vida del casco hist\u00f3rico.<\/span><\/p>\n<p class=\"v1MsoNormal\"><span lang=\"es\">Gil ha destacado que \u00abesta actuaci\u00f3n es un paso decisivo en la revitalizaci\u00f3n de nuestro casco hist\u00f3rico, un espacio que estamos transformando desde la planificaci\u00f3n, la inversi\u00f3n p\u00fablica y la colaboraci\u00f3n con agentes privados para devolver vida, actividad y servicios a este coraz\u00f3n de ciudad que es el motor de nuestra identidad urbana\u00bb.<\/span><\/p>\n<h4><a name=\"v1_heading=h.f7m6hwoqc1w0\"><\/a><span lang=\"es\">Un paso decisivo en la estrategia de revitalizaci\u00f3n integral del casco hist\u00f3rico<\/span><\/h4>\n<p class=\"v1MsoNormal\"><span lang=\"es\">Este nuevo inmueble se suma a la bater\u00eda de actuaciones que el Ayuntamiento viene impulsando para recuperar y dinamizar el casco hist\u00f3rico, tanto desde el punto de vista residencial y urbano como cultural, tur\u00edstico y econ\u00f3mico, entre ellas la construcci\u00f3n de vivienda p\u00fablica en las calles Leones, Selgas y \u00c1lamo, la pr\u00f3xima reapertura de la C\u00e1mara Agraria, la rehabilitaci\u00f3n de calles como Santiago, Selgas, Vicente Ruiz Llamas o Fernando el Santo, la musealizaci\u00f3n del Palacio de Guevara, la hoja de ruta para la rehabilitaci\u00f3n integral del Teatro Guerra, la instalaci\u00f3n de casi 200 luminarias LED y la creaci\u00f3n de nuevos espacios como la sala de estudio 24 horas y el centro tecnol\u00f3gico Nube en la Corredera.\u00a0\u00a0\u00a0\u00a0\u00a0<\/span><\/p>\n<p class=\"v1MsoNormal\"><span lang=\"es\">Estas actuaciones, junto con la promoci\u00f3n de eventos culturales, mercados, ferias, conciertos y actividades gastron\u00f3micas en el casco hist\u00f3rico, reflejan una estrategia integral para que el centro de Lorca no solo sea un lugar de patrimonio conservado, sino un espacio vivo, din\u00e1mico y habitado.<\/span><\/p>\n<p class=\"v1MsoNormal\"><span lang=\"es\">El alcalde de Lorca ha subrayado que \u00aben los \u00faltimos a\u00f1os se est\u00e1 haciendo m\u00e1s que nunca en el casco hist\u00f3rico y eso se est\u00e1 notando. Estamos recuperando edificios emblem\u00e1ticos, mejorando calles, impulsando vivienda y llenando el casco hist\u00f3rico de actividad cultural, comercial y social. La nueva sede de Aguas de Lorca confirma que el centro vuelve a atraer proyectos y oportunidades\u00bb.<\/span><\/p>\n<p class=\"v1MsoNormal\"><span lang=\"es\">La ubicaci\u00f3n de la sede en el casco hist\u00f3rico convertir\u00e1 a Aguas de Lorca en la primera empresa en trasladar su actividad a esta zona, reforzando su papel como agente activo en el desarrollo urbano y social del centro. La nueva sede de la empresa mixta, que sustituir\u00e1 a las actuales oficinas donde Aguas de Lorca lleva 27 a\u00f1os, permitir\u00e1 resolver las necesidades de espacio, accesibilidad y operatividad del servicio, concentrando en un \u00fanico inmueble las \u00e1reas de atenci\u00f3n al p\u00fablico, t\u00e9cnicas, administrativas y de direcci\u00f3n.<\/span><\/p>\n<p class=\"v1MsoNormal\"><span lang=\"es\">Francisco Reyes, gerente de Aguas de Lorca ha afirmado que \u00abuno de los prop\u00f3sitos fundamentales de la empresa mixta es formar parte activa de la dinamizaci\u00f3n, transformaci\u00f3n y evoluci\u00f3n del municipio. Con esta nueva sede damos un paso decisivo en esa direcci\u00f3n, porque no solo mejoramos nuestros espacios de trabajo y la atenci\u00f3n al cliente, sino que abrimos a la ciudadan\u00eda un edificio que queremos que sientan como propio\u00bb.<\/span><\/p>\n","protected":false},"excerpt":{"rendered":"<p>\u00c1REA LORCA RADIO. Urbanismo. Lorca, 15 de diciembre de 2025.\u00a0El alcalde de Lorca, Fulgencio Gil, ha informado de una nueva inversi\u00f3n cercana a los tres millones de euros que va a permitir la regeneraci\u00f3n de un espacio urbano ubicado entre las calles Zorrilla y Fernando El Santo, en pleno coraz\u00f3n del casco hist\u00f3rico, que va [&hellip;]<\/p>\n","protected":false},"author":1,"featured_media":8639,"comment_status":"open","ping_status":"open","sticky":false,"template":"","format":"standard","meta":{"iawp_total_views":18,"footnotes":""},"categories":[5,7],"tags":[],"class_list":["post-8635","post","type-post","status-publish","format-standard","has-post-thumbnail","hentry","category-actualidad","category-lorca"],"yoast_head":"<!-- This site is optimized with the Yoast SEO plugin v27.4 - https:\/\/yoast.com\/product\/yoast-seo-wordpress\/ -->\n<title>Una nueva inversi\u00f3n de 3 millones de euros en el casco hist\u00f3rico permitir\u00e1 construyendo un edificio municipal de 1.000 metros cuadrados que ser\u00e1 la nueva sede de Aguas de Lorca\u00a0 - AREA LORCA RADIO<\/title>\n<meta name=\"robots\" content=\"index, follow, max-snippet:-1, max-image-preview:large, max-video-preview:-1\" \/>\n<link rel=\"canonical\" href=\"https:\/\/arealorcaradio.es\/index.php\/2025\/12\/15\/una-nueva-inversion-de-3-millones-de-euros-en-el-casco-historico-permitira-construyendo-un-edificio-municipal-de-1-000-metros-cuadrados-que-sera-la-nueva-sede-de-aguas-de-lorca\/\" \/>\n<meta property=\"og:locale\" content=\"es_ES\" \/>\n<meta property=\"og:type\" content=\"article\" \/>\n<meta property=\"og:title\" content=\"Una nueva inversi\u00f3n de 3 millones de euros en el casco hist\u00f3rico permitir\u00e1 construyendo un edificio municipal de 1.000 metros cuadrados que ser\u00e1 la nueva sede de Aguas de Lorca\u00a0 - AREA LORCA RADIO\" \/>\n<meta property=\"og:description\" content=\"\u00c1REA LORCA RADIO. Urbanismo. Lorca, 15 de diciembre de 2025.\u00a0El alcalde de Lorca, Fulgencio Gil, ha informado de una nueva inversi\u00f3n cercana a los tres millones de euros que va a permitir la regeneraci\u00f3n de un espacio urbano ubicado entre las calles Zorrilla y Fernando El Santo, en pleno coraz\u00f3n del casco hist\u00f3rico, que va [&hellip;]\" \/>\n<meta property=\"og:url\" content=\"https:\/\/arealorcaradio.es\/index.php\/2025\/12\/15\/una-nueva-inversion-de-3-millones-de-euros-en-el-casco-historico-permitira-construyendo-un-edificio-municipal-de-1-000-metros-cuadrados-que-sera-la-nueva-sede-de-aguas-de-lorca\/\" \/>\n<meta property=\"og:site_name\" content=\"AREA LORCA RADIO\" \/>\n<meta property=\"article:published_time\" content=\"2025-12-15T17:35:25+00:00\" \/>\n<meta property=\"og:image\" content=\"https:\/\/arealorcaradio.es\/wp-content\/uploads\/2025\/12\/FOTO4-29-scaled.jpeg\" \/>\n\t<meta property=\"og:image:width\" content=\"2560\" \/>\n\t<meta property=\"og:image:height\" content=\"1920\" \/>\n\t<meta property=\"og:image:type\" content=\"image\/jpeg\" \/>\n<meta name=\"author\" content=\"Paco S\u00e1nchez\" \/>\n<meta name=\"twitter:card\" content=\"summary_large_image\" \/>\n<meta name=\"twitter:label1\" content=\"Escrito por\" \/>\n\t<meta name=\"twitter:data1\" content=\"Paco S\u00e1nchez\" \/>\n\t<meta name=\"twitter:label2\" content=\"Tiempo de lectura\" \/>\n\t<meta name=\"twitter:data2\" content=\"5 minutos\" \/>\n<script type=\"application\/ld+json\" class=\"yoast-schema-graph\">{\"@context\":\"https:\\\/\\\/schema.org\",\"@graph\":[{\"@type\":\"Article\",\"@id\":\"https:\\\/\\\/arealorcaradio.es\\\/index.php\\\/2025\\\/12\\\/15\\\/una-nueva-inversion-de-3-millones-de-euros-en-el-casco-historico-permitira-construyendo-un-edificio-municipal-de-1-000-metros-cuadrados-que-sera-la-nueva-sede-de-aguas-de-lorca\\\/#article\",\"isPartOf\":{\"@id\":\"https:\\\/\\\/arealorcaradio.es\\\/index.php\\\/2025\\\/12\\\/15\\\/una-nueva-inversion-de-3-millones-de-euros-en-el-casco-historico-permitira-construyendo-un-edificio-municipal-de-1-000-metros-cuadrados-que-sera-la-nueva-sede-de-aguas-de-lorca\\\/\"},\"author\":{\"name\":\"Paco S\u00e1nchez\",\"@id\":\"https:\\\/\\\/arealorcaradio.es\\\/#\\\/schema\\\/person\\\/9fae605fc25b0f2c83c1ab207139bd27\"},\"headline\":\"Una nueva inversi\u00f3n de 3 millones de euros en el casco hist\u00f3rico permitir\u00e1 construyendo un edificio municipal de 1.000 metros cuadrados que ser\u00e1 la nueva sede de Aguas de Lorca\u00a0\",\"datePublished\":\"2025-12-15T17:35:25+00:00\",\"mainEntityOfPage\":{\"@id\":\"https:\\\/\\\/arealorcaradio.es\\\/index.php\\\/2025\\\/12\\\/15\\\/una-nueva-inversion-de-3-millones-de-euros-en-el-casco-historico-permitira-construyendo-un-edificio-municipal-de-1-000-metros-cuadrados-que-sera-la-nueva-sede-de-aguas-de-lorca\\\/\"},\"wordCount\":1050,\"commentCount\":0,\"image\":{\"@id\":\"https:\\\/\\\/arealorcaradio.es\\\/index.php\\\/2025\\\/12\\\/15\\\/una-nueva-inversion-de-3-millones-de-euros-en-el-casco-historico-permitira-construyendo-un-edificio-municipal-de-1-000-metros-cuadrados-que-sera-la-nueva-sede-de-aguas-de-lorca\\\/#primaryimage\"},\"thumbnailUrl\":\"https:\\\/\\\/arealorcaradio.es\\\/wp-content\\\/uploads\\\/2025\\\/12\\\/FOTO4-29-scaled.jpeg\",\"articleSection\":[\"ACTUALIDAD\",\"LORCA\"],\"inLanguage\":\"es\",\"potentialAction\":[{\"@type\":\"CommentAction\",\"name\":\"Comment\",\"target\":[\"https:\\\/\\\/arealorcaradio.es\\\/index.php\\\/2025\\\/12\\\/15\\\/una-nueva-inversion-de-3-millones-de-euros-en-el-casco-historico-permitira-construyendo-un-edificio-municipal-de-1-000-metros-cuadrados-que-sera-la-nueva-sede-de-aguas-de-lorca\\\/#respond\"]}]},{\"@type\":\"WebPage\",\"@id\":\"https:\\\/\\\/arealorcaradio.es\\\/index.php\\\/2025\\\/12\\\/15\\\/una-nueva-inversion-de-3-millones-de-euros-en-el-casco-historico-permitira-construyendo-un-edificio-municipal-de-1-000-metros-cuadrados-que-sera-la-nueva-sede-de-aguas-de-lorca\\\/\",\"url\":\"https:\\\/\\\/arealorcaradio.es\\\/index.php\\\/2025\\\/12\\\/15\\\/una-nueva-inversion-de-3-millones-de-euros-en-el-casco-historico-permitira-construyendo-un-edificio-municipal-de-1-000-metros-cuadrados-que-sera-la-nueva-sede-de-aguas-de-lorca\\\/\",\"name\":\"Una nueva inversi\u00f3n de 3 millones de euros en el casco hist\u00f3rico permitir\u00e1 construyendo un edificio municipal de 1.000 metros cuadrados que ser\u00e1 la nueva sede de Aguas de Lorca\u00a0 - AREA LORCA RADIO\",\"isPartOf\":{\"@id\":\"https:\\\/\\\/arealorcaradio.es\\\/#website\"},\"primaryImageOfPage\":{\"@id\":\"https:\\\/\\\/arealorcaradio.es\\\/index.php\\\/2025\\\/12\\\/15\\\/una-nueva-inversion-de-3-millones-de-euros-en-el-casco-historico-permitira-construyendo-un-edificio-municipal-de-1-000-metros-cuadrados-que-sera-la-nueva-sede-de-aguas-de-lorca\\\/#primaryimage\"},\"image\":{\"@id\":\"https:\\\/\\\/arealorcaradio.es\\\/index.php\\\/2025\\\/12\\\/15\\\/una-nueva-inversion-de-3-millones-de-euros-en-el-casco-historico-permitira-construyendo-un-edificio-municipal-de-1-000-metros-cuadrados-que-sera-la-nueva-sede-de-aguas-de-lorca\\\/#primaryimage\"},\"thumbnailUrl\":\"https:\\\/\\\/arealorcaradio.es\\\/wp-content\\\/uploads\\\/2025\\\/12\\\/FOTO4-29-scaled.jpeg\",\"datePublished\":\"2025-12-15T17:35:25+00:00\",\"author\":{\"@id\":\"https:\\\/\\\/arealorcaradio.es\\\/#\\\/schema\\\/person\\\/9fae605fc25b0f2c83c1ab207139bd27\"},\"breadcrumb\":{\"@id\":\"https:\\\/\\\/arealorcaradio.es\\\/index.php\\\/2025\\\/12\\\/15\\\/una-nueva-inversion-de-3-millones-de-euros-en-el-casco-historico-permitira-construyendo-un-edificio-municipal-de-1-000-metros-cuadrados-que-sera-la-nueva-sede-de-aguas-de-lorca\\\/#breadcrumb\"},\"inLanguage\":\"es\",\"potentialAction\":[{\"@type\":\"ReadAction\",\"target\":[\"https:\\\/\\\/arealorcaradio.es\\\/index.php\\\/2025\\\/12\\\/15\\\/una-nueva-inversion-de-3-millones-de-euros-en-el-casco-historico-permitira-construyendo-un-edificio-municipal-de-1-000-metros-cuadrados-que-sera-la-nueva-sede-de-aguas-de-lorca\\\/\"]}]},{\"@type\":\"ImageObject\",\"inLanguage\":\"es\",\"@id\":\"https:\\\/\\\/arealorcaradio.es\\\/index.php\\\/2025\\\/12\\\/15\\\/una-nueva-inversion-de-3-millones-de-euros-en-el-casco-historico-permitira-construyendo-un-edificio-municipal-de-1-000-metros-cuadrados-que-sera-la-nueva-sede-de-aguas-de-lorca\\\/#primaryimage\",\"url\":\"https:\\\/\\\/arealorcaradio.es\\\/wp-content\\\/uploads\\\/2025\\\/12\\\/FOTO4-29-scaled.jpeg\",\"contentUrl\":\"https:\\\/\\\/arealorcaradio.es\\\/wp-content\\\/uploads\\\/2025\\\/12\\\/FOTO4-29-scaled.jpeg\",\"width\":2560,\"height\":1920},{\"@type\":\"BreadcrumbList\",\"@id\":\"https:\\\/\\\/arealorcaradio.es\\\/index.php\\\/2025\\\/12\\\/15\\\/una-nueva-inversion-de-3-millones-de-euros-en-el-casco-historico-permitira-construyendo-un-edificio-municipal-de-1-000-metros-cuadrados-que-sera-la-nueva-sede-de-aguas-de-lorca\\\/#breadcrumb\",\"itemListElement\":[{\"@type\":\"ListItem\",\"position\":1,\"name\":\"Portada\",\"item\":\"https:\\\/\\\/arealorcaradio.es\\\/\"},{\"@type\":\"ListItem\",\"position\":2,\"name\":\"Una nueva inversi\u00f3n de 3 millones de euros en el casco hist\u00f3rico permitir\u00e1 construyendo un edificio municipal de 1.000 metros cuadrados que ser\u00e1 la nueva sede de Aguas de Lorca\u00a0\"}]},{\"@type\":\"WebSite\",\"@id\":\"https:\\\/\\\/arealorcaradio.es\\\/#website\",\"url\":\"https:\\\/\\\/arealorcaradio.es\\\/\",\"name\":\"AREA LORCA RADIO\",\"description\":\"Descubre la programaci\u00f3n actual en \u00c1rea Lorca Radio, tu fuente de entrenamiento y noticias locales. Sintoniza ahora y mantente conectado online.\",\"potentialAction\":[{\"@type\":\"SearchAction\",\"target\":{\"@type\":\"EntryPoint\",\"urlTemplate\":\"https:\\\/\\\/arealorcaradio.es\\\/?s={search_term_string}\"},\"query-input\":{\"@type\":\"PropertyValueSpecification\",\"valueRequired\":true,\"valueName\":\"search_term_string\"}}],\"inLanguage\":\"es\"},{\"@type\":\"Person\",\"@id\":\"https:\\\/\\\/arealorcaradio.es\\\/#\\\/schema\\\/person\\\/9fae605fc25b0f2c83c1ab207139bd27\",\"name\":\"Paco S\u00e1nchez\",\"image\":{\"@type\":\"ImageObject\",\"inLanguage\":\"es\",\"@id\":\"https:\\\/\\\/secure.gravatar.com\\\/avatar\\\/d67144e966420fb74aa84c9f2a0103be4724fd14db52b52d3b6bca749f257e79?s=96&d=mm&r=g\",\"url\":\"https:\\\/\\\/secure.gravatar.com\\\/avatar\\\/d67144e966420fb74aa84c9f2a0103be4724fd14db52b52d3b6bca749f257e79?s=96&d=mm&r=g\",\"contentUrl\":\"https:\\\/\\\/secure.gravatar.com\\\/avatar\\\/d67144e966420fb74aa84c9f2a0103be4724fd14db52b52d3b6bca749f257e79?s=96&d=mm&r=g\",\"caption\":\"Paco S\u00e1nchez\"},\"sameAs\":[\"https:\\\/\\\/arealorcaradio.es\"],\"url\":\"https:\\\/\\\/arealorcaradio.es\\\/index.php\\\/author\\\/admin_alorcaradio\\\/\"}]}<\/script>\n<!-- \/ Yoast SEO plugin. -->","yoast_head_json":{"title":"Una nueva inversi\u00f3n de 3 millones de euros en el casco hist\u00f3rico permitir\u00e1 construyendo un edificio municipal de 1.000 metros cuadrados que ser\u00e1 la nueva sede de Aguas de Lorca\u00a0 - AREA LORCA RADIO","robots":{"index":"index","follow":"follow","max-snippet":"max-snippet:-1","max-image-preview":"max-image-preview:large","max-video-preview":"max-video-preview:-1"},"canonical":"https:\/\/arealorcaradio.es\/index.php\/2025\/12\/15\/una-nueva-inversion-de-3-millones-de-euros-en-el-casco-historico-permitira-construyendo-un-edificio-municipal-de-1-000-metros-cuadrados-que-sera-la-nueva-sede-de-aguas-de-lorca\/","og_locale":"es_ES","og_type":"article","og_title":"Una nueva inversi\u00f3n de 3 millones de euros en el casco hist\u00f3rico permitir\u00e1 construyendo un edificio municipal de 1.000 metros cuadrados que ser\u00e1 la nueva sede de Aguas de Lorca\u00a0 - AREA LORCA RADIO","og_description":"\u00c1REA LORCA RADIO. Urbanismo. Lorca, 15 de diciembre de 2025.\u00a0El alcalde de Lorca, Fulgencio Gil, ha informado de una nueva inversi\u00f3n cercana a los tres millones de euros que va a permitir la regeneraci\u00f3n de un espacio urbano ubicado entre las calles Zorrilla y Fernando El Santo, en pleno coraz\u00f3n del casco hist\u00f3rico, que va [&hellip;]","og_url":"https:\/\/arealorcaradio.es\/index.php\/2025\/12\/15\/una-nueva-inversion-de-3-millones-de-euros-en-el-casco-historico-permitira-construyendo-un-edificio-municipal-de-1-000-metros-cuadrados-que-sera-la-nueva-sede-de-aguas-de-lorca\/","og_site_name":"AREA LORCA RADIO","article_published_time":"2025-12-15T17:35:25+00:00","og_image":[{"width":2560,"height":1920,"url":"https:\/\/arealorcaradio.es\/wp-content\/uploads\/2025\/12\/FOTO4-29-scaled.jpeg","type":"image\/jpeg"}],"author":"Paco S\u00e1nchez","twitter_card":"summary_large_image","twitter_misc":{"Escrito por":"Paco S\u00e1nchez","Tiempo de lectura":"5 minutos"},"schema":{"@context":"https:\/\/schema.org","@graph":[{"@type":"Article","@id":"https:\/\/arealorcaradio.es\/index.php\/2025\/12\/15\/una-nueva-inversion-de-3-millones-de-euros-en-el-casco-historico-permitira-construyendo-un-edificio-municipal-de-1-000-metros-cuadrados-que-sera-la-nueva-sede-de-aguas-de-lorca\/#article","isPartOf":{"@id":"https:\/\/arealorcaradio.es\/index.php\/2025\/12\/15\/una-nueva-inversion-de-3-millones-de-euros-en-el-casco-historico-permitira-construyendo-un-edificio-municipal-de-1-000-metros-cuadrados-que-sera-la-nueva-sede-de-aguas-de-lorca\/"},"author":{"name":"Paco S\u00e1nchez","@id":"https:\/\/arealorcaradio.es\/#\/schema\/person\/9fae605fc25b0f2c83c1ab207139bd27"},"headline":"Una nueva inversi\u00f3n de 3 millones de euros en el casco hist\u00f3rico permitir\u00e1 construyendo un edificio municipal de 1.000 metros cuadrados que ser\u00e1 la nueva sede de Aguas de Lorca\u00a0","datePublished":"2025-12-15T17:35:25+00:00","mainEntityOfPage":{"@id":"https:\/\/arealorcaradio.es\/index.php\/2025\/12\/15\/una-nueva-inversion-de-3-millones-de-euros-en-el-casco-historico-permitira-construyendo-un-edificio-municipal-de-1-000-metros-cuadrados-que-sera-la-nueva-sede-de-aguas-de-lorca\/"},"wordCount":1050,"commentCount":0,"image":{"@id":"https:\/\/arealorcaradio.es\/index.php\/2025\/12\/15\/una-nueva-inversion-de-3-millones-de-euros-en-el-casco-historico-permitira-construyendo-un-edificio-municipal-de-1-000-metros-cuadrados-que-sera-la-nueva-sede-de-aguas-de-lorca\/#primaryimage"},"thumbnailUrl":"https:\/\/arealorcaradio.es\/wp-content\/uploads\/2025\/12\/FOTO4-29-scaled.jpeg","articleSection":["ACTUALIDAD","LORCA"],"inLanguage":"es","potentialAction":[{"@type":"CommentAction","name":"Comment","target":["https:\/\/arealorcaradio.es\/index.php\/2025\/12\/15\/una-nueva-inversion-de-3-millones-de-euros-en-el-casco-historico-permitira-construyendo-un-edificio-municipal-de-1-000-metros-cuadrados-que-sera-la-nueva-sede-de-aguas-de-lorca\/#respond"]}]},{"@type":"WebPage","@id":"https:\/\/arealorcaradio.es\/index.php\/2025\/12\/15\/una-nueva-inversion-de-3-millones-de-euros-en-el-casco-historico-permitira-construyendo-un-edificio-municipal-de-1-000-metros-cuadrados-que-sera-la-nueva-sede-de-aguas-de-lorca\/","url":"https:\/\/arealorcaradio.es\/index.php\/2025\/12\/15\/una-nueva-inversion-de-3-millones-de-euros-en-el-casco-historico-permitira-construyendo-un-edificio-municipal-de-1-000-metros-cuadrados-que-sera-la-nueva-sede-de-aguas-de-lorca\/","name":"Una nueva inversi\u00f3n de 3 millones de euros en el casco hist\u00f3rico permitir\u00e1 construyendo un edificio municipal de 1.000 metros cuadrados que ser\u00e1 la nueva sede de Aguas de Lorca\u00a0 - AREA LORCA RADIO","isPartOf":{"@id":"https:\/\/arealorcaradio.es\/#website"},"primaryImageOfPage":{"@id":"https:\/\/arealorcaradio.es\/index.php\/2025\/12\/15\/una-nueva-inversion-de-3-millones-de-euros-en-el-casco-historico-permitira-construyendo-un-edificio-municipal-de-1-000-metros-cuadrados-que-sera-la-nueva-sede-de-aguas-de-lorca\/#primaryimage"},"image":{"@id":"https:\/\/arealorcaradio.es\/index.php\/2025\/12\/15\/una-nueva-inversion-de-3-millones-de-euros-en-el-casco-historico-permitira-construyendo-un-edificio-municipal-de-1-000-metros-cuadrados-que-sera-la-nueva-sede-de-aguas-de-lorca\/#primaryimage"},"thumbnailUrl":"https:\/\/arealorcaradio.es\/wp-content\/uploads\/2025\/12\/FOTO4-29-scaled.jpeg","datePublished":"2025-12-15T17:35:25+00:00","author":{"@id":"https:\/\/arealorcaradio.es\/#\/schema\/person\/9fae605fc25b0f2c83c1ab207139bd27"},"breadcrumb":{"@id":"https:\/\/arealorcaradio.es\/index.php\/2025\/12\/15\/una-nueva-inversion-de-3-millones-de-euros-en-el-casco-historico-permitira-construyendo-un-edificio-municipal-de-1-000-metros-cuadrados-que-sera-la-nueva-sede-de-aguas-de-lorca\/#breadcrumb"},"inLanguage":"es","potentialAction":[{"@type":"ReadAction","target":["https:\/\/arealorcaradio.es\/index.php\/2025\/12\/15\/una-nueva-inversion-de-3-millones-de-euros-en-el-casco-historico-permitira-construyendo-un-edificio-municipal-de-1-000-metros-cuadrados-que-sera-la-nueva-sede-de-aguas-de-lorca\/"]}]},{"@type":"ImageObject","inLanguage":"es","@id":"https:\/\/arealorcaradio.es\/index.php\/2025\/12\/15\/una-nueva-inversion-de-3-millones-de-euros-en-el-casco-historico-permitira-construyendo-un-edificio-municipal-de-1-000-metros-cuadrados-que-sera-la-nueva-sede-de-aguas-de-lorca\/#primaryimage","url":"https:\/\/arealorcaradio.es\/wp-content\/uploads\/2025\/12\/FOTO4-29-scaled.jpeg","contentUrl":"https:\/\/arealorcaradio.es\/wp-content\/uploads\/2025\/12\/FOTO4-29-scaled.jpeg","width":2560,"height":1920},{"@type":"BreadcrumbList","@id":"https:\/\/arealorcaradio.es\/index.php\/2025\/12\/15\/una-nueva-inversion-de-3-millones-de-euros-en-el-casco-historico-permitira-construyendo-un-edificio-municipal-de-1-000-metros-cuadrados-que-sera-la-nueva-sede-de-aguas-de-lorca\/#breadcrumb","itemListElement":[{"@type":"ListItem","position":1,"name":"Portada","item":"https:\/\/arealorcaradio.es\/"},{"@type":"ListItem","position":2,"name":"Una nueva inversi\u00f3n de 3 millones de euros en el casco hist\u00f3rico permitir\u00e1 construyendo un edificio municipal de 1.000 metros cuadrados que ser\u00e1 la nueva sede de Aguas de Lorca\u00a0"}]},{"@type":"WebSite","@id":"https:\/\/arealorcaradio.es\/#website","url":"https:\/\/arealorcaradio.es\/","name":"AREA LORCA RADIO","description":"Descubre la programaci\u00f3n actual en \u00c1rea Lorca Radio, tu fuente de entrenamiento y noticias locales. Sintoniza ahora y mantente conectado online.","potentialAction":[{"@type":"SearchAction","target":{"@type":"EntryPoint","urlTemplate":"https:\/\/arealorcaradio.es\/?s={search_term_string}"},"query-input":{"@type":"PropertyValueSpecification","valueRequired":true,"valueName":"search_term_string"}}],"inLanguage":"es"},{"@type":"Person","@id":"https:\/\/arealorcaradio.es\/#\/schema\/person\/9fae605fc25b0f2c83c1ab207139bd27","name":"Paco S\u00e1nchez","image":{"@type":"ImageObject","inLanguage":"es","@id":"https:\/\/secure.gravatar.com\/avatar\/d67144e966420fb74aa84c9f2a0103be4724fd14db52b52d3b6bca749f257e79?s=96&d=mm&r=g","url":"https:\/\/secure.gravatar.com\/avatar\/d67144e966420fb74aa84c9f2a0103be4724fd14db52b52d3b6bca749f257e79?s=96&d=mm&r=g","contentUrl":"https:\/\/secure.gravatar.com\/avatar\/d67144e966420fb74aa84c9f2a0103be4724fd14db52b52d3b6bca749f257e79?s=96&d=mm&r=g","caption":"Paco S\u00e1nchez"},"sameAs":["https:\/\/arealorcaradio.es"],"url":"https:\/\/arealorcaradio.es\/index.php\/author\/admin_alorcaradio\/"}]}},"_links":{"self":[{"href":"https:\/\/arealorcaradio.es\/index.php\/wp-json\/wp\/v2\/posts\/8635","targetHints":{"allow":["GET"]}}],"collection":[{"href":"https:\/\/arealorcaradio.es\/index.php\/wp-json\/wp\/v2\/posts"}],"about":[{"href":"https:\/\/arealorcaradio.es\/index.php\/wp-json\/wp\/v2\/types\/post"}],"author":[{"embeddable":true,"href":"https:\/\/arealorcaradio.es\/index.php\/wp-json\/wp\/v2\/users\/1"}],"replies":[{"embeddable":true,"href":"https:\/\/arealorcaradio.es\/index.php\/wp-json\/wp\/v2\/comments?post=8635"}],"version-history":[{"count":1,"href":"https:\/\/arealorcaradio.es\/index.php\/wp-json\/wp\/v2\/posts\/8635\/revisions"}],"predecessor-version":[{"id":8640,"href":"https:\/\/arealorcaradio.es\/index.php\/wp-json\/wp\/v2\/posts\/8635\/revisions\/8640"}],"wp:featuredmedia":[{"embeddable":true,"href":"https:\/\/arealorcaradio.es\/index.php\/wp-json\/wp\/v2\/media\/8639"}],"wp:attachment":[{"href":"https:\/\/arealorcaradio.es\/index.php\/wp-json\/wp\/v2\/media?parent=8635"}],"wp:term":[{"taxonomy":"category","embeddable":true,"href":"https:\/\/arealorcaradio.es\/index.php\/wp-json\/wp\/v2\/categories?post=8635"},{"taxonomy":"post_tag","embeddable":true,"href":"https:\/\/arealorcaradio.es\/index.php\/wp-json\/wp\/v2\/tags?post=8635"}],"curies":[{"name":"wp","href":"https:\/\/api.w.org\/{rel}","templated":true}]}}