{"id":8615,"date":"2025-12-11T12:29:52","date_gmt":"2025-12-11T12:29:52","guid":{"rendered":"https:\/\/arealorcaradio.es\/?p=8615"},"modified":"2025-12-11T12:29:52","modified_gmt":"2025-12-11T12:29:52","slug":"el-proyecto-de-presupuesto-para-2026-consolida-la-estabilidad-financiera-y-la-fortaleza-economica-del-municipio-y-se-situa-en-1208-millones-12-mas-que-este-ano","status":"publish","type":"post","link":"https:\/\/arealorcaradio.es\/index.php\/2025\/12\/11\/el-proyecto-de-presupuesto-para-2026-consolida-la-estabilidad-financiera-y-la-fortaleza-economica-del-municipio-y-se-situa-en-1208-millones-12-mas-que-este-ano\/","title":{"rendered":"El proyecto de presupuesto para 2026 consolida la estabilidad financiera y la fortaleza econ\u00f3mica del municipio y se sit\u00faa en 120,8 millones, 1,2 m\u00e1s que este a\u00f1o"},"content":{"rendered":"<p><strong>\u00c1REA LORCA RADIO. Presupuestos municipales.<\/strong><\/p>\n<div>\n<p class=\"v1gmail-Cuerpo\"><span class=\"v1gmail-Ninguno\"><b>Lorca, 11 de diciembre de 2025.\u00a0<\/b>El Gobierno de Lorca vuelve a ser ejemplo de una Administraci\u00f3n local comprometida, capaz de asumir su responsabilidad, con tres presupuestos en tres mandatos, y un proyecto de presupuestos para este pr\u00f3ximo 2026 que consolida la estabilidad financiera y la fortaleza econ\u00f3mica del Ayuntamiento. \u00abEs la primera vez desde 2019 que se presenta el proyecto de presupuesto del a\u00f1o siguiente antes de que se inicie\u00bb.<\/span><\/p>\n<p class=\"v1gmail-Cuerpo\"><span class=\"v1gmail-Ninguno\">As\u00ed lo ha trasladado el alcalde de Lorca, Fulgencio Gil, junto a la primera teniente de alcalde, Carmen Mendui\u00f1a y la concejal de Econom\u00eda y Hacienda, Mar\u00eda Bel\u00e9n P\u00e9rez, en la presentaci\u00f3n del proyecto de presupuesto municipal para el pr\u00f3ximo a\u00f1o, una previsi\u00f3n econ\u00f3mica que ser\u00e1 elevada a Pleno antes de que concluya este a\u00f1o para iniciar el a\u00f1o ya con un presupuesto aprobado, en marcha y a disposici\u00f3n de las necesidades de todos los lorquinos. Escuchamos a Fulgencio Gil Jodar.<\/span><\/p>\n<audio class=\"wp-audio-shortcode\" id=\"audio-8615-1\" preload=\"none\" style=\"width: 100%;\" controls=\"controls\"><source type=\"audio\/mpeg\" src=\"https:\/\/arealorcaradio.es\/wp-content\/uploads\/2025\/12\/AUDIO-ALCALDE-1.mp3?_=1\" \/><a href=\"https:\/\/arealorcaradio.es\/wp-content\/uploads\/2025\/12\/AUDIO-ALCALDE-1.mp3\">https:\/\/arealorcaradio.es\/wp-content\/uploads\/2025\/12\/AUDIO-ALCALDE-1.mp3<\/a><\/audio>\n<p class=\"v1gmail-Cuerpo\"><span class=\"v1gmail-Ninguno\"><img loading=\"lazy\" decoding=\"async\" class=\"alignnone size-medium wp-image-8618\" src=\"https:\/\/arealorcaradio.es\/wp-content\/uploads\/2025\/12\/WhatsApp-Image-2025-12-11-at-13.20.43-300x225.jpeg\" alt=\"\" width=\"300\" height=\"225\" srcset=\"https:\/\/arealorcaradio.es\/wp-content\/uploads\/2025\/12\/WhatsApp-Image-2025-12-11-at-13.20.43-300x225.jpeg 300w, https:\/\/arealorcaradio.es\/wp-content\/uploads\/2025\/12\/WhatsApp-Image-2025-12-11-at-13.20.43-1024x768.jpeg 1024w, https:\/\/arealorcaradio.es\/wp-content\/uploads\/2025\/12\/WhatsApp-Image-2025-12-11-at-13.20.43-768x576.jpeg 768w, https:\/\/arealorcaradio.es\/wp-content\/uploads\/2025\/12\/WhatsApp-Image-2025-12-11-at-13.20.43-1536x1152.jpeg 1536w, https:\/\/arealorcaradio.es\/wp-content\/uploads\/2025\/12\/WhatsApp-Image-2025-12-11-at-13.20.43-86x64.jpeg 86w, https:\/\/arealorcaradio.es\/wp-content\/uploads\/2025\/12\/WhatsApp-Image-2025-12-11-at-13.20.43.jpeg 1600w\" sizes=\"auto, (max-width: 300px) 100vw, 300px\" \/><\/span><\/p>\n<p class=\"v1gmail-Cuerpo\"><span class=\"v1gmail-Ninguno\">\u00abSeguimos la senda de estabilidad econ\u00f3mica y solidez financiera emprendida por este Gobierno, dotando al municipio de unos presupuestos con los que podremos ofrecer mejores infraestructuras, comunicaciones, equipamientos y servicios a los ciudadanos, dando una respuesta contundente a las demandas de los vecinos y a las prioridades de nuestro municipio, agilizando los procesos de atenci\u00f3n y de gesti\u00f3n administrativa y econ\u00f3mica en todo el territorio\u00bb, ha rese\u00f1ado el alcalde, Fulgencio Gil.<\/span><\/p>\n<p class=\"v1gmail-Cuerpo\"><span class=\"v1gmail-Ninguno\"><span dir=\"RTL\" lang=\"AR-SA\">\u00ab<\/span>Los ciudadanos pueden estar tranquilos porque ahora s\u00ed cuentan con una Administraci\u00f3n local estable y diligente, que proyecta la fiabilidad y seguridad que Lorca necesita.\u00a0Con un balance que demuestra que la econom\u00eda municipal se ha recuperado de un pasado de incertidumbre y retroceso, en el que primaban el d\u00e9ficit, los impuestos y el despilfarro, para pasar a tener todas las magnitudes en positivo, congelando impuestos y haciendo que el dinero se quede en el bolsillo de los lorquinos\u00bb, ha manifestado la primera teniente de alcalde, Carmen Mendui\u00f1a.<\/span><\/p>\n<p class=\"v1gmail-Cuerpo\"><span class=\"v1gmail-Ninguno\"><span dir=\"RTL\" lang=\"AR-SA\">\u00ab<\/span>Ahora hay reducci\u00f3n de deuda, contenci\u00f3n del gasto, y responsabilidad, variables que certifican la l\u00ednea de crecimiento iniciada en 2023, a\u00fan con una regla de gasto impuesta por el Gobierno de Pedro S\u00e1nchez que estrangula a los Ayuntamientos\u00bb, ha a\u00f1adido.<\/span><\/p>\n<p class=\"v1gmail-Cuerpo\"><span class=\"v1gmail-Ninguno\">Gil J\u00f3dar ha querido recalcar que \u00abel\u00a0Gobierno de Lorca vuelve a dar ejemplo, con unos presupuestos que se centran\u00a0en el bienestar y en mejorar la calidad de vida de los lorquinos, independientemente del lugar donde residan, atendiendo a cada rinc\u00f3n y cada enclave, porque este es el mandato de las pedan\u00edas. As\u00ed entendemos nuestro modelo de municipio, y por ese camino vamos a seguir. Esforz\u00e1ndonos y trabajando porque todos los vecinos de todo el t\u00e9rmino municipal tengan los mismos derechos y las mismas oportunidades, apostando por la prosperidad y el desarrollo en toda nuestra localidad\u00bb.<\/span><\/p>\n<p class=\"v1gmail-Cuerpo\"><span class=\"v1gmail-Ninguno\">Concretamente, el montante presupuestado asciende a\u00a0<b><u>120.839.044.40 euros<\/u><\/b>,\u00a0incluyendo a sus entes dependientes (organismos aut\u00f3nomos y sociedades mercantiles), lo que supone una inversi\u00f3n<b>\u00a0por habitante de 1.221 euros. Cada d\u00eda se destinar\u00e1n 331.066 euros para atender las necesidades de los lorquinos.<\/b><b><\/b><\/span><\/p>\n<p class=\"v1gmail-Cuerpo\"><span class=\"v1gmail-Ninguno\">Se refuerzan variables tan destacadas como la\u00a0<b>seguridad ciudadana<\/b>, que ve incrementada su partida en m\u00e1s de un 24% con respecto a 2025, con m\u00e1s de 11,7 millones de euros. A lo que hay que sumar el incremento de la plantilla con 8 nuevos agentes, m\u00e1s otras cinco plazas previstas; adem\u00e1s vi\u00e9ndose dotados los efectivos de m\u00e1s recursos, equipamientos y medios.<\/span><\/p>\n<p class=\"v1gmail-Cuerpo\"><span class=\"v1gmail-Ninguno\">Aspecto crucial aqu\u00ed es la lucha contra la\u00a0<b>infravivienda<\/b>. Seguiremos reforzando nuestra defensa por los derechos de las personas que se ven sometidas a vivir en condiciones infrahumanas, luchando contra aquellos que cometen fraudes frente al Padr\u00f3n, adecu\u00e1ndolo a la realidad de nuestro municipio. La Unidad de Control del Padr\u00f3n sumar\u00e1 para ello otros dos agentes censales.<\/span><\/p>\n<p class=\"v1gmail-Cuerpo\"><span class=\"v1gmail-Ninguno\">El presupuesto de\u00a0<b>limpieza<\/b>\u00a0supera los 21,7 millones, implementando todo un abanico de recursos dirigidos a la correcta gesti\u00f3n de residuos en todo el municipio, con especial atenci\u00f3n a la econom\u00eda circular, nuevos enclaves y dep\u00f3sitos para el reciclaje y campa\u00f1as de concienciaci\u00f3n.<\/span><\/p>\n<p class=\"v1gmail-Cuerpo\"><span class=\"v1gmail-Ninguno\">Fundamental en este proyecto, la\u00a0<b>vivienda<\/b>, con m\u00e1s de 703.000, a los que se sumar\u00e1n inversiones municipales y subvenciones, que permitir\u00e1n seguir aumentando el parque residencial en Lorca, facilitando el acceso a la vivienda de los m\u00e1s j\u00f3venes,\u00a0avanzando en la reconstrucci\u00f3n y recuperaci\u00f3n del conjunto hist\u00f3rico-art\u00edstico de Lorca y todo su entorno. Como, por ejemplo, la rehabilitaci\u00f3n de la vieja c\u00e1rcel, que cuenta con una inversi\u00f3n municipal de 150.000 euros, o dentro del apartado patrimonial el Teatro Guerra, al que ir\u00e1n destinados m\u00e1s de 400.000 euros de las arcas municipales.<\/span><\/p>\n<p class=\"v1gmail-Cuerpo\"><span class=\"v1gmail-Ninguno\">Otros 250.000 euros ir\u00e1n dirigidos a la rehabilitaci\u00f3n del\u00a0<\/span><span class=\"v1gmail-Ninguno\"><span dir=\"RTL\" lang=\"AR-SA\">\u00ab<\/span>Centro Cultural Jos\u00e9 Mar\u00eda Campoy Camacho\u00bb y otros 300.000 euros a la continuidad del Plan de Sostenibilidad Tur\u00edstica en destino, uno de los ejes principales para la promoci\u00f3n tur\u00edstica de la ciudad a todos los niveles.<\/span><\/p>\n<p class=\"v1gmail-Cuerpo\"><span class=\"v1gmail-Ninguno\">A ello, se suman otros 125.000 euros de inversi\u00f3n municipal para instalaciones deportivas y 122.000 euros dirigidos a reformas en instalaciones el\u00e9ctricas y mejora de la eficiencia energ\u00e9tica para reducir el consumo en edificios municipales. Sin olvidar la partida espec\u00edfica de 100.000 euros dirigida a las reformas de instalaciones el\u00e9ctricas en colegios p\u00fablicos, para adecuarlos a la normativa legal, los 516.000 \u20ac para gesti\u00f3n y mantenimiento de escuelas infantiles del municipio.<\/span><\/p>\n<p class=\"v1gmail-Cuerpo\"><span class=\"v1gmail-Ninguno\">Importante en estos presupuestos,\u00a0<b>Emergencias<\/b>, cuyo montante asciende a 1.268.000 euros, un 6,5% m\u00e1s que en 2025.<\/span><\/p>\n<p class=\"v1gmail-Cuerpo\"><span class=\"v1gmail-Ninguno\">Destaca tambi\u00e9n el montante dirigido a la generaci\u00f3n de\u00a0<b>Empleo y programas de Desarroll<\/b><\/span><span class=\"v1gmail-Ninguno\"><b>o Local<\/b><\/span><span class=\"v1gmail-Ninguno\">, incrementado en 2026 un 15%, alcanzando los 5.175.000 euros.\u00a0<\/span><span class=\"v1gmail-Ninguno\">O Servicios Sociales con 967.000 euros.<\/span><\/p>\n<p class=\"v1gmail-Cuerpo\"><span class=\"v1gmail-Ninguno\">Y como partida destacada:\u00a0<b>Pedan\u00edas<\/b>, uno de los baluartes de este mandato, con numerosas concejal\u00edas implicadas para su proyecci\u00f3n, y cuyos esfuerzos se dirigen a la vertebraci\u00f3n, la lucha contra la despoblaci\u00f3n y la dotaci\u00f3n de servicios y mejora de infraestructuras y conexiones, con infinidad de trabajos en caminos, calles, plazas, red de alumbrados, de abastecimiento de agua, adecuaci\u00f3n de locales sociales, fomento del empleo y el emprendimiento, de integraci\u00f3n de nuevas tecnolog\u00edas, planes de\u00a0Impulso Demogr\u00e1fico, como PEVIDLOR&#8230;, y un largo etc\u00e9tera; en definitiva, un esfuerzo municipal que, entre partidas e inversiones, suma m\u00e1s de 1,7 millones, que se ver\u00e1n incrementados por subvenciones complementarias.<\/span><\/p>\n<p class=\"v1gmail-Cuerpo\"><span class=\"v1gmail-Ninguno\">Para concluir, el primer edil ha querido agradecer, tanto a todas las distintas concejal\u00edas, como a los funcionarios del \u00e1rea econ\u00f3mica del Ayuntamiento, su gran trabajo y esfuerzo continuos, tambi\u00e9n de cara a contar con unos presupuestos que no hacen sino reforzar el impulso que queremos para Lorca en los pr\u00f3ximos a\u00f1os.\u00a0<\/span><\/p>\n<\/div>\n<div><\/div>\n","protected":false},"excerpt":{"rendered":"<p>\u00c1REA LORCA RADIO. Presupuestos municipales. Lorca, 11 de diciembre de 2025.\u00a0El Gobierno de Lorca vuelve a ser ejemplo de una Administraci\u00f3n local comprometida, capaz de asumir su responsabilidad, con tres presupuestos en tres mandatos, y un proyecto de presupuestos para este pr\u00f3ximo 2026 que consolida la estabilidad financiera y la fortaleza econ\u00f3mica del Ayuntamiento. \u00abEs [&hellip;]<\/p>\n","protected":false},"author":1,"featured_media":8617,"comment_status":"open","ping_status":"open","sticky":false,"template":"","format":"standard","meta":{"iawp_total_views":13,"footnotes":""},"categories":[5,7],"tags":[],"class_list":["post-8615","post","type-post","status-publish","format-standard","has-post-thumbnail","hentry","category-actualidad","category-lorca"],"yoast_head":"<!-- This site is optimized with the Yoast SEO plugin v27.4 - https:\/\/yoast.com\/product\/yoast-seo-wordpress\/ -->\n<title>El proyecto de presupuesto para 2026 consolida la estabilidad financiera y la fortaleza econ\u00f3mica del municipio y se sit\u00faa en 120,8 millones, 1,2 m\u00e1s que este a\u00f1o - AREA LORCA RADIO<\/title>\n<meta name=\"robots\" content=\"index, follow, max-snippet:-1, max-image-preview:large, max-video-preview:-1\" \/>\n<link rel=\"canonical\" href=\"https:\/\/arealorcaradio.es\/index.php\/2025\/12\/11\/el-proyecto-de-presupuesto-para-2026-consolida-la-estabilidad-financiera-y-la-fortaleza-economica-del-municipio-y-se-situa-en-1208-millones-12-mas-que-este-ano\/\" \/>\n<meta property=\"og:locale\" content=\"es_ES\" \/>\n<meta property=\"og:type\" content=\"article\" \/>\n<meta property=\"og:title\" content=\"El proyecto de presupuesto para 2026 consolida la estabilidad financiera y la fortaleza econ\u00f3mica del municipio y se sit\u00faa en 120,8 millones, 1,2 m\u00e1s que este a\u00f1o - AREA LORCA RADIO\" \/>\n<meta property=\"og:description\" content=\"\u00c1REA LORCA RADIO. Presupuestos municipales. Lorca, 11 de diciembre de 2025.\u00a0El Gobierno de Lorca vuelve a ser ejemplo de una Administraci\u00f3n local comprometida, capaz de asumir su responsabilidad, con tres presupuestos en tres mandatos, y un proyecto de presupuestos para este pr\u00f3ximo 2026 que consolida la estabilidad financiera y la fortaleza econ\u00f3mica del Ayuntamiento. \u00abEs [&hellip;]\" \/>\n<meta property=\"og:url\" content=\"https:\/\/arealorcaradio.es\/index.php\/2025\/12\/11\/el-proyecto-de-presupuesto-para-2026-consolida-la-estabilidad-financiera-y-la-fortaleza-economica-del-municipio-y-se-situa-en-1208-millones-12-mas-que-este-ano\/\" \/>\n<meta property=\"og:site_name\" content=\"AREA LORCA RADIO\" \/>\n<meta property=\"article:published_time\" content=\"2025-12-11T12:29:52+00:00\" \/>\n<meta property=\"og:image\" content=\"https:\/\/arealorcaradio.es\/wp-content\/uploads\/2025\/12\/WhatsApp-Image-2025-12-11-at-13.20.43-1.jpeg\" \/>\n\t<meta property=\"og:image:width\" content=\"1600\" \/>\n\t<meta property=\"og:image:height\" content=\"1200\" \/>\n\t<meta property=\"og:image:type\" content=\"image\/jpeg\" \/>\n<meta name=\"author\" content=\"Paco S\u00e1nchez\" \/>\n<meta name=\"twitter:card\" content=\"summary_large_image\" \/>\n<meta name=\"twitter:label1\" content=\"Escrito por\" \/>\n\t<meta name=\"twitter:data1\" content=\"Paco S\u00e1nchez\" \/>\n\t<meta name=\"twitter:label2\" content=\"Tiempo de lectura\" \/>\n\t<meta name=\"twitter:data2\" content=\"6 minutos\" \/>\n<script type=\"application\/ld+json\" class=\"yoast-schema-graph\">{\"@context\":\"https:\\\/\\\/schema.org\",\"@graph\":[{\"@type\":\"Article\",\"@id\":\"https:\\\/\\\/arealorcaradio.es\\\/index.php\\\/2025\\\/12\\\/11\\\/el-proyecto-de-presupuesto-para-2026-consolida-la-estabilidad-financiera-y-la-fortaleza-economica-del-municipio-y-se-situa-en-1208-millones-12-mas-que-este-ano\\\/#article\",\"isPartOf\":{\"@id\":\"https:\\\/\\\/arealorcaradio.es\\\/index.php\\\/2025\\\/12\\\/11\\\/el-proyecto-de-presupuesto-para-2026-consolida-la-estabilidad-financiera-y-la-fortaleza-economica-del-municipio-y-se-situa-en-1208-millones-12-mas-que-este-ano\\\/\"},\"author\":{\"name\":\"Paco S\u00e1nchez\",\"@id\":\"https:\\\/\\\/arealorcaradio.es\\\/#\\\/schema\\\/person\\\/9fae605fc25b0f2c83c1ab207139bd27\"},\"headline\":\"El proyecto de presupuesto para 2026 consolida la estabilidad financiera y la fortaleza econ\u00f3mica del municipio y se sit\u00faa en 120,8 millones, 1,2 m\u00e1s que este a\u00f1o\",\"datePublished\":\"2025-12-11T12:29:52+00:00\",\"mainEntityOfPage\":{\"@id\":\"https:\\\/\\\/arealorcaradio.es\\\/index.php\\\/2025\\\/12\\\/11\\\/el-proyecto-de-presupuesto-para-2026-consolida-la-estabilidad-financiera-y-la-fortaleza-economica-del-municipio-y-se-situa-en-1208-millones-12-mas-que-este-ano\\\/\"},\"wordCount\":1178,\"commentCount\":0,\"image\":{\"@id\":\"https:\\\/\\\/arealorcaradio.es\\\/index.php\\\/2025\\\/12\\\/11\\\/el-proyecto-de-presupuesto-para-2026-consolida-la-estabilidad-financiera-y-la-fortaleza-economica-del-municipio-y-se-situa-en-1208-millones-12-mas-que-este-ano\\\/#primaryimage\"},\"thumbnailUrl\":\"https:\\\/\\\/arealorcaradio.es\\\/wp-content\\\/uploads\\\/2025\\\/12\\\/WhatsApp-Image-2025-12-11-at-13.20.43-1.jpeg\",\"articleSection\":[\"ACTUALIDAD\",\"LORCA\"],\"inLanguage\":\"es\",\"potentialAction\":[{\"@type\":\"CommentAction\",\"name\":\"Comment\",\"target\":[\"https:\\\/\\\/arealorcaradio.es\\\/index.php\\\/2025\\\/12\\\/11\\\/el-proyecto-de-presupuesto-para-2026-consolida-la-estabilidad-financiera-y-la-fortaleza-economica-del-municipio-y-se-situa-en-1208-millones-12-mas-que-este-ano\\\/#respond\"]}]},{\"@type\":\"WebPage\",\"@id\":\"https:\\\/\\\/arealorcaradio.es\\\/index.php\\\/2025\\\/12\\\/11\\\/el-proyecto-de-presupuesto-para-2026-consolida-la-estabilidad-financiera-y-la-fortaleza-economica-del-municipio-y-se-situa-en-1208-millones-12-mas-que-este-ano\\\/\",\"url\":\"https:\\\/\\\/arealorcaradio.es\\\/index.php\\\/2025\\\/12\\\/11\\\/el-proyecto-de-presupuesto-para-2026-consolida-la-estabilidad-financiera-y-la-fortaleza-economica-del-municipio-y-se-situa-en-1208-millones-12-mas-que-este-ano\\\/\",\"name\":\"El proyecto de presupuesto para 2026 consolida la estabilidad financiera y la fortaleza econ\u00f3mica del municipio y se sit\u00faa en 120,8 millones, 1,2 m\u00e1s que este a\u00f1o - AREA LORCA RADIO\",\"isPartOf\":{\"@id\":\"https:\\\/\\\/arealorcaradio.es\\\/#website\"},\"primaryImageOfPage\":{\"@id\":\"https:\\\/\\\/arealorcaradio.es\\\/index.php\\\/2025\\\/12\\\/11\\\/el-proyecto-de-presupuesto-para-2026-consolida-la-estabilidad-financiera-y-la-fortaleza-economica-del-municipio-y-se-situa-en-1208-millones-12-mas-que-este-ano\\\/#primaryimage\"},\"image\":{\"@id\":\"https:\\\/\\\/arealorcaradio.es\\\/index.php\\\/2025\\\/12\\\/11\\\/el-proyecto-de-presupuesto-para-2026-consolida-la-estabilidad-financiera-y-la-fortaleza-economica-del-municipio-y-se-situa-en-1208-millones-12-mas-que-este-ano\\\/#primaryimage\"},\"thumbnailUrl\":\"https:\\\/\\\/arealorcaradio.es\\\/wp-content\\\/uploads\\\/2025\\\/12\\\/WhatsApp-Image-2025-12-11-at-13.20.43-1.jpeg\",\"datePublished\":\"2025-12-11T12:29:52+00:00\",\"author\":{\"@id\":\"https:\\\/\\\/arealorcaradio.es\\\/#\\\/schema\\\/person\\\/9fae605fc25b0f2c83c1ab207139bd27\"},\"breadcrumb\":{\"@id\":\"https:\\\/\\\/arealorcaradio.es\\\/index.php\\\/2025\\\/12\\\/11\\\/el-proyecto-de-presupuesto-para-2026-consolida-la-estabilidad-financiera-y-la-fortaleza-economica-del-municipio-y-se-situa-en-1208-millones-12-mas-que-este-ano\\\/#breadcrumb\"},\"inLanguage\":\"es\",\"potentialAction\":[{\"@type\":\"ReadAction\",\"target\":[\"https:\\\/\\\/arealorcaradio.es\\\/index.php\\\/2025\\\/12\\\/11\\\/el-proyecto-de-presupuesto-para-2026-consolida-la-estabilidad-financiera-y-la-fortaleza-economica-del-municipio-y-se-situa-en-1208-millones-12-mas-que-este-ano\\\/\"]}]},{\"@type\":\"ImageObject\",\"inLanguage\":\"es\",\"@id\":\"https:\\\/\\\/arealorcaradio.es\\\/index.php\\\/2025\\\/12\\\/11\\\/el-proyecto-de-presupuesto-para-2026-consolida-la-estabilidad-financiera-y-la-fortaleza-economica-del-municipio-y-se-situa-en-1208-millones-12-mas-que-este-ano\\\/#primaryimage\",\"url\":\"https:\\\/\\\/arealorcaradio.es\\\/wp-content\\\/uploads\\\/2025\\\/12\\\/WhatsApp-Image-2025-12-11-at-13.20.43-1.jpeg\",\"contentUrl\":\"https:\\\/\\\/arealorcaradio.es\\\/wp-content\\\/uploads\\\/2025\\\/12\\\/WhatsApp-Image-2025-12-11-at-13.20.43-1.jpeg\",\"width\":1600,\"height\":1200},{\"@type\":\"BreadcrumbList\",\"@id\":\"https:\\\/\\\/arealorcaradio.es\\\/index.php\\\/2025\\\/12\\\/11\\\/el-proyecto-de-presupuesto-para-2026-consolida-la-estabilidad-financiera-y-la-fortaleza-economica-del-municipio-y-se-situa-en-1208-millones-12-mas-que-este-ano\\\/#breadcrumb\",\"itemListElement\":[{\"@type\":\"ListItem\",\"position\":1,\"name\":\"Portada\",\"item\":\"https:\\\/\\\/arealorcaradio.es\\\/\"},{\"@type\":\"ListItem\",\"position\":2,\"name\":\"El proyecto de presupuesto para 2026 consolida la estabilidad financiera y la fortaleza econ\u00f3mica del municipio y se sit\u00faa en 120,8 millones, 1,2 m\u00e1s que este a\u00f1o\"}]},{\"@type\":\"WebSite\",\"@id\":\"https:\\\/\\\/arealorcaradio.es\\\/#website\",\"url\":\"https:\\\/\\\/arealorcaradio.es\\\/\",\"name\":\"AREA LORCA RADIO\",\"description\":\"Descubre la programaci\u00f3n actual en \u00c1rea Lorca Radio, tu fuente de entrenamiento y noticias locales. Sintoniza ahora y mantente conectado online.\",\"potentialAction\":[{\"@type\":\"SearchAction\",\"target\":{\"@type\":\"EntryPoint\",\"urlTemplate\":\"https:\\\/\\\/arealorcaradio.es\\\/?s={search_term_string}\"},\"query-input\":{\"@type\":\"PropertyValueSpecification\",\"valueRequired\":true,\"valueName\":\"search_term_string\"}}],\"inLanguage\":\"es\"},{\"@type\":\"Person\",\"@id\":\"https:\\\/\\\/arealorcaradio.es\\\/#\\\/schema\\\/person\\\/9fae605fc25b0f2c83c1ab207139bd27\",\"name\":\"Paco S\u00e1nchez\",\"image\":{\"@type\":\"ImageObject\",\"inLanguage\":\"es\",\"@id\":\"https:\\\/\\\/secure.gravatar.com\\\/avatar\\\/d67144e966420fb74aa84c9f2a0103be4724fd14db52b52d3b6bca749f257e79?s=96&d=mm&r=g\",\"url\":\"https:\\\/\\\/secure.gravatar.com\\\/avatar\\\/d67144e966420fb74aa84c9f2a0103be4724fd14db52b52d3b6bca749f257e79?s=96&d=mm&r=g\",\"contentUrl\":\"https:\\\/\\\/secure.gravatar.com\\\/avatar\\\/d67144e966420fb74aa84c9f2a0103be4724fd14db52b52d3b6bca749f257e79?s=96&d=mm&r=g\",\"caption\":\"Paco S\u00e1nchez\"},\"sameAs\":[\"https:\\\/\\\/arealorcaradio.es\"],\"url\":\"https:\\\/\\\/arealorcaradio.es\\\/index.php\\\/author\\\/admin_alorcaradio\\\/\"}]}<\/script>\n<!-- \/ Yoast SEO plugin. -->","yoast_head_json":{"title":"El proyecto de presupuesto para 2026 consolida la estabilidad financiera y la fortaleza econ\u00f3mica del municipio y se sit\u00faa en 120,8 millones, 1,2 m\u00e1s que este a\u00f1o - AREA LORCA RADIO","robots":{"index":"index","follow":"follow","max-snippet":"max-snippet:-1","max-image-preview":"max-image-preview:large","max-video-preview":"max-video-preview:-1"},"canonical":"https:\/\/arealorcaradio.es\/index.php\/2025\/12\/11\/el-proyecto-de-presupuesto-para-2026-consolida-la-estabilidad-financiera-y-la-fortaleza-economica-del-municipio-y-se-situa-en-1208-millones-12-mas-que-este-ano\/","og_locale":"es_ES","og_type":"article","og_title":"El proyecto de presupuesto para 2026 consolida la estabilidad financiera y la fortaleza econ\u00f3mica del municipio y se sit\u00faa en 120,8 millones, 1,2 m\u00e1s que este a\u00f1o - AREA LORCA RADIO","og_description":"\u00c1REA LORCA RADIO. Presupuestos municipales. Lorca, 11 de diciembre de 2025.\u00a0El Gobierno de Lorca vuelve a ser ejemplo de una Administraci\u00f3n local comprometida, capaz de asumir su responsabilidad, con tres presupuestos en tres mandatos, y un proyecto de presupuestos para este pr\u00f3ximo 2026 que consolida la estabilidad financiera y la fortaleza econ\u00f3mica del Ayuntamiento. \u00abEs [&hellip;]","og_url":"https:\/\/arealorcaradio.es\/index.php\/2025\/12\/11\/el-proyecto-de-presupuesto-para-2026-consolida-la-estabilidad-financiera-y-la-fortaleza-economica-del-municipio-y-se-situa-en-1208-millones-12-mas-que-este-ano\/","og_site_name":"AREA LORCA RADIO","article_published_time":"2025-12-11T12:29:52+00:00","og_image":[{"width":1600,"height":1200,"url":"https:\/\/arealorcaradio.es\/wp-content\/uploads\/2025\/12\/WhatsApp-Image-2025-12-11-at-13.20.43-1.jpeg","type":"image\/jpeg"}],"author":"Paco S\u00e1nchez","twitter_card":"summary_large_image","twitter_misc":{"Escrito por":"Paco S\u00e1nchez","Tiempo de lectura":"6 minutos"},"schema":{"@context":"https:\/\/schema.org","@graph":[{"@type":"Article","@id":"https:\/\/arealorcaradio.es\/index.php\/2025\/12\/11\/el-proyecto-de-presupuesto-para-2026-consolida-la-estabilidad-financiera-y-la-fortaleza-economica-del-municipio-y-se-situa-en-1208-millones-12-mas-que-este-ano\/#article","isPartOf":{"@id":"https:\/\/arealorcaradio.es\/index.php\/2025\/12\/11\/el-proyecto-de-presupuesto-para-2026-consolida-la-estabilidad-financiera-y-la-fortaleza-economica-del-municipio-y-se-situa-en-1208-millones-12-mas-que-este-ano\/"},"author":{"name":"Paco S\u00e1nchez","@id":"https:\/\/arealorcaradio.es\/#\/schema\/person\/9fae605fc25b0f2c83c1ab207139bd27"},"headline":"El proyecto de presupuesto para 2026 consolida la estabilidad financiera y la fortaleza econ\u00f3mica del municipio y se sit\u00faa en 120,8 millones, 1,2 m\u00e1s que este a\u00f1o","datePublished":"2025-12-11T12:29:52+00:00","mainEntityOfPage":{"@id":"https:\/\/arealorcaradio.es\/index.php\/2025\/12\/11\/el-proyecto-de-presupuesto-para-2026-consolida-la-estabilidad-financiera-y-la-fortaleza-economica-del-municipio-y-se-situa-en-1208-millones-12-mas-que-este-ano\/"},"wordCount":1178,"commentCount":0,"image":{"@id":"https:\/\/arealorcaradio.es\/index.php\/2025\/12\/11\/el-proyecto-de-presupuesto-para-2026-consolida-la-estabilidad-financiera-y-la-fortaleza-economica-del-municipio-y-se-situa-en-1208-millones-12-mas-que-este-ano\/#primaryimage"},"thumbnailUrl":"https:\/\/arealorcaradio.es\/wp-content\/uploads\/2025\/12\/WhatsApp-Image-2025-12-11-at-13.20.43-1.jpeg","articleSection":["ACTUALIDAD","LORCA"],"inLanguage":"es","potentialAction":[{"@type":"CommentAction","name":"Comment","target":["https:\/\/arealorcaradio.es\/index.php\/2025\/12\/11\/el-proyecto-de-presupuesto-para-2026-consolida-la-estabilidad-financiera-y-la-fortaleza-economica-del-municipio-y-se-situa-en-1208-millones-12-mas-que-este-ano\/#respond"]}]},{"@type":"WebPage","@id":"https:\/\/arealorcaradio.es\/index.php\/2025\/12\/11\/el-proyecto-de-presupuesto-para-2026-consolida-la-estabilidad-financiera-y-la-fortaleza-economica-del-municipio-y-se-situa-en-1208-millones-12-mas-que-este-ano\/","url":"https:\/\/arealorcaradio.es\/index.php\/2025\/12\/11\/el-proyecto-de-presupuesto-para-2026-consolida-la-estabilidad-financiera-y-la-fortaleza-economica-del-municipio-y-se-situa-en-1208-millones-12-mas-que-este-ano\/","name":"El proyecto de presupuesto para 2026 consolida la estabilidad financiera y la fortaleza econ\u00f3mica del municipio y se sit\u00faa en 120,8 millones, 1,2 m\u00e1s que este a\u00f1o - AREA LORCA RADIO","isPartOf":{"@id":"https:\/\/arealorcaradio.es\/#website"},"primaryImageOfPage":{"@id":"https:\/\/arealorcaradio.es\/index.php\/2025\/12\/11\/el-proyecto-de-presupuesto-para-2026-consolida-la-estabilidad-financiera-y-la-fortaleza-economica-del-municipio-y-se-situa-en-1208-millones-12-mas-que-este-ano\/#primaryimage"},"image":{"@id":"https:\/\/arealorcaradio.es\/index.php\/2025\/12\/11\/el-proyecto-de-presupuesto-para-2026-consolida-la-estabilidad-financiera-y-la-fortaleza-economica-del-municipio-y-se-situa-en-1208-millones-12-mas-que-este-ano\/#primaryimage"},"thumbnailUrl":"https:\/\/arealorcaradio.es\/wp-content\/uploads\/2025\/12\/WhatsApp-Image-2025-12-11-at-13.20.43-1.jpeg","datePublished":"2025-12-11T12:29:52+00:00","author":{"@id":"https:\/\/arealorcaradio.es\/#\/schema\/person\/9fae605fc25b0f2c83c1ab207139bd27"},"breadcrumb":{"@id":"https:\/\/arealorcaradio.es\/index.php\/2025\/12\/11\/el-proyecto-de-presupuesto-para-2026-consolida-la-estabilidad-financiera-y-la-fortaleza-economica-del-municipio-y-se-situa-en-1208-millones-12-mas-que-este-ano\/#breadcrumb"},"inLanguage":"es","potentialAction":[{"@type":"ReadAction","target":["https:\/\/arealorcaradio.es\/index.php\/2025\/12\/11\/el-proyecto-de-presupuesto-para-2026-consolida-la-estabilidad-financiera-y-la-fortaleza-economica-del-municipio-y-se-situa-en-1208-millones-12-mas-que-este-ano\/"]}]},{"@type":"ImageObject","inLanguage":"es","@id":"https:\/\/arealorcaradio.es\/index.php\/2025\/12\/11\/el-proyecto-de-presupuesto-para-2026-consolida-la-estabilidad-financiera-y-la-fortaleza-economica-del-municipio-y-se-situa-en-1208-millones-12-mas-que-este-ano\/#primaryimage","url":"https:\/\/arealorcaradio.es\/wp-content\/uploads\/2025\/12\/WhatsApp-Image-2025-12-11-at-13.20.43-1.jpeg","contentUrl":"https:\/\/arealorcaradio.es\/wp-content\/uploads\/2025\/12\/WhatsApp-Image-2025-12-11-at-13.20.43-1.jpeg","width":1600,"height":1200},{"@type":"BreadcrumbList","@id":"https:\/\/arealorcaradio.es\/index.php\/2025\/12\/11\/el-proyecto-de-presupuesto-para-2026-consolida-la-estabilidad-financiera-y-la-fortaleza-economica-del-municipio-y-se-situa-en-1208-millones-12-mas-que-este-ano\/#breadcrumb","itemListElement":[{"@type":"ListItem","position":1,"name":"Portada","item":"https:\/\/arealorcaradio.es\/"},{"@type":"ListItem","position":2,"name":"El proyecto de presupuesto para 2026 consolida la estabilidad financiera y la fortaleza econ\u00f3mica del municipio y se sit\u00faa en 120,8 millones, 1,2 m\u00e1s que este a\u00f1o"}]},{"@type":"WebSite","@id":"https:\/\/arealorcaradio.es\/#website","url":"https:\/\/arealorcaradio.es\/","name":"AREA LORCA RADIO","description":"Descubre la programaci\u00f3n actual en \u00c1rea Lorca Radio, tu fuente de entrenamiento y noticias locales. Sintoniza ahora y mantente conectado online.","potentialAction":[{"@type":"SearchAction","target":{"@type":"EntryPoint","urlTemplate":"https:\/\/arealorcaradio.es\/?s={search_term_string}"},"query-input":{"@type":"PropertyValueSpecification","valueRequired":true,"valueName":"search_term_string"}}],"inLanguage":"es"},{"@type":"Person","@id":"https:\/\/arealorcaradio.es\/#\/schema\/person\/9fae605fc25b0f2c83c1ab207139bd27","name":"Paco S\u00e1nchez","image":{"@type":"ImageObject","inLanguage":"es","@id":"https:\/\/secure.gravatar.com\/avatar\/d67144e966420fb74aa84c9f2a0103be4724fd14db52b52d3b6bca749f257e79?s=96&d=mm&r=g","url":"https:\/\/secure.gravatar.com\/avatar\/d67144e966420fb74aa84c9f2a0103be4724fd14db52b52d3b6bca749f257e79?s=96&d=mm&r=g","contentUrl":"https:\/\/secure.gravatar.com\/avatar\/d67144e966420fb74aa84c9f2a0103be4724fd14db52b52d3b6bca749f257e79?s=96&d=mm&r=g","caption":"Paco S\u00e1nchez"},"sameAs":["https:\/\/arealorcaradio.es"],"url":"https:\/\/arealorcaradio.es\/index.php\/author\/admin_alorcaradio\/"}]}},"_links":{"self":[{"href":"https:\/\/arealorcaradio.es\/index.php\/wp-json\/wp\/v2\/posts\/8615","targetHints":{"allow":["GET"]}}],"collection":[{"href":"https:\/\/arealorcaradio.es\/index.php\/wp-json\/wp\/v2\/posts"}],"about":[{"href":"https:\/\/arealorcaradio.es\/index.php\/wp-json\/wp\/v2\/types\/post"}],"author":[{"embeddable":true,"href":"https:\/\/arealorcaradio.es\/index.php\/wp-json\/wp\/v2\/users\/1"}],"replies":[{"embeddable":true,"href":"https:\/\/arealorcaradio.es\/index.php\/wp-json\/wp\/v2\/comments?post=8615"}],"version-history":[{"count":3,"href":"https:\/\/arealorcaradio.es\/index.php\/wp-json\/wp\/v2\/posts\/8615\/revisions"}],"predecessor-version":[{"id":8623,"href":"https:\/\/arealorcaradio.es\/index.php\/wp-json\/wp\/v2\/posts\/8615\/revisions\/8623"}],"wp:featuredmedia":[{"embeddable":true,"href":"https:\/\/arealorcaradio.es\/index.php\/wp-json\/wp\/v2\/media\/8617"}],"wp:attachment":[{"href":"https:\/\/arealorcaradio.es\/index.php\/wp-json\/wp\/v2\/media?parent=8615"}],"wp:term":[{"taxonomy":"category","embeddable":true,"href":"https:\/\/arealorcaradio.es\/index.php\/wp-json\/wp\/v2\/categories?post=8615"},{"taxonomy":"post_tag","embeddable":true,"href":"https:\/\/arealorcaradio.es\/index.php\/wp-json\/wp\/v2\/tags?post=8615"}],"curies":[{"name":"wp","href":"https:\/\/api.w.org\/{rel}","templated":true}]}}