{"id":8578,"date":"2025-12-04T19:43:55","date_gmt":"2025-12-04T19:43:55","guid":{"rendered":"https:\/\/arealorcaradio.es\/?p=8578"},"modified":"2025-12-04T19:43:55","modified_gmt":"2025-12-04T19:43:55","slug":"el-club-de-lectura-plena-inclusion-formado-por-usuarios-de-apandis-visita-area-lorca-radio","status":"publish","type":"post","link":"https:\/\/arealorcaradio.es\/index.php\/2025\/12\/04\/el-club-de-lectura-plena-inclusion-formado-por-usuarios-de-apandis-visita-area-lorca-radio\/","title":{"rendered":"El club de lectura Plena Inclusi\u00f3n, formado por usuarios de Apandis, visita \u00c1rea Lorca Radio"},"content":{"rendered":"<p><strong>\u00c1REA LORCA RADIO. Inclusi\u00f3n.<\/strong><\/p>\n<p>Escucha aqu\u00ed la entrevista que han concedido a Paco S\u00e1nchez en el magazine de \u00c1rea Lorca Radio, una amplia representaci\u00f3n del club de lectura, Plena Inclusi\u00f3n, formado principalmente por usuarios de Apandis. Al frente de este grupo est\u00e1, Mari Paz G\u00f3mez como dinamizadora, y lo forman entre otros Vanesa Beas, Paco Garc\u00eda, Conchi Zabala, Diego Alberto Fern\u00e1ndez, Francisco Jos\u00e9 L\u00f3pez Lario, Jos\u00e9 Antonio Garc\u00eda, Pedro Jos\u00e9 Llamas y Natalia Garc\u00eda, quienes nos han acompa\u00f1ado en el estudio de radio, d\u00e1ndonos una magistral lecci\u00f3n en todos los sentidos.<\/p>\n<audio class=\"wp-audio-shortcode\" id=\"audio-8578-1\" preload=\"none\" style=\"width: 100%;\" controls=\"controls\"><source type=\"audio\/mpeg\" src=\"https:\/\/arealorcaradio.es\/wp-content\/uploads\/2025\/12\/041225-APANDIS.mp3?_=1\" \/><a href=\"https:\/\/arealorcaradio.es\/wp-content\/uploads\/2025\/12\/041225-APANDIS.mp3\">https:\/\/arealorcaradio.es\/wp-content\/uploads\/2025\/12\/041225-APANDIS.mp3<\/a><\/audio>\n","protected":false},"excerpt":{"rendered":"<p>\u00c1REA LORCA RADIO. Inclusi\u00f3n. Escucha aqu\u00ed la entrevista que han concedido a Paco S\u00e1nchez en el magazine de \u00c1rea Lorca Radio, una amplia representaci\u00f3n del club de lectura, Plena Inclusi\u00f3n, formado principalmente por usuarios de Apandis. Al frente de este grupo est\u00e1, Mari Paz G\u00f3mez como dinamizadora, y lo forman entre otros Vanesa Beas, Paco [&hellip;]<\/p>\n","protected":false},"author":1,"featured_media":8580,"comment_status":"open","ping_status":"open","sticky":false,"template":"","format":"standard","meta":{"iawp_total_views":77,"footnotes":""},"categories":[5,7],"tags":[],"class_list":["post-8578","post","type-post","status-publish","format-standard","has-post-thumbnail","hentry","category-actualidad","category-lorca"],"yoast_head":"<!-- This site is optimized with the Yoast SEO plugin v27.5 - https:\/\/yoast.com\/product\/yoast-seo-wordpress\/ -->\n<title>El club de lectura Plena Inclusi\u00f3n, formado por usuarios de Apandis, visita \u00c1rea Lorca Radio - AREA LORCA RADIO<\/title>\n<meta name=\"robots\" content=\"index, follow, max-snippet:-1, max-image-preview:large, max-video-preview:-1\" \/>\n<link rel=\"canonical\" href=\"https:\/\/arealorcaradio.es\/index.php\/2025\/12\/04\/el-club-de-lectura-plena-inclusion-formado-por-usuarios-de-apandis-visita-area-lorca-radio\/\" \/>\n<meta property=\"og:locale\" content=\"es_ES\" \/>\n<meta property=\"og:type\" content=\"article\" \/>\n<meta property=\"og:title\" content=\"El club de lectura Plena Inclusi\u00f3n, formado por usuarios de Apandis, visita \u00c1rea Lorca Radio - AREA LORCA RADIO\" \/>\n<meta property=\"og:description\" content=\"\u00c1REA LORCA RADIO. Inclusi\u00f3n. Escucha aqu\u00ed la entrevista que han concedido a Paco S\u00e1nchez en el magazine de \u00c1rea Lorca Radio, una amplia representaci\u00f3n del club de lectura, Plena Inclusi\u00f3n, formado principalmente por usuarios de Apandis. Al frente de este grupo est\u00e1, Mari Paz G\u00f3mez como dinamizadora, y lo forman entre otros Vanesa Beas, Paco [&hellip;]\" \/>\n<meta property=\"og:url\" content=\"https:\/\/arealorcaradio.es\/index.php\/2025\/12\/04\/el-club-de-lectura-plena-inclusion-formado-por-usuarios-de-apandis-visita-area-lorca-radio\/\" \/>\n<meta property=\"og:site_name\" content=\"AREA LORCA RADIO\" \/>\n<meta property=\"article:published_time\" content=\"2025-12-04T19:43:55+00:00\" \/>\n<meta property=\"og:image\" content=\"https:\/\/arealorcaradio.es\/wp-content\/uploads\/2025\/12\/20251204_180211-scaled.jpg\" \/>\n\t<meta property=\"og:image:width\" content=\"2560\" \/>\n\t<meta property=\"og:image:height\" content=\"1920\" \/>\n\t<meta property=\"og:image:type\" content=\"image\/jpeg\" \/>\n<meta name=\"author\" content=\"Paco S\u00e1nchez\" \/>\n<meta name=\"twitter:card\" content=\"summary_large_image\" \/>\n<meta name=\"twitter:label1\" content=\"Escrito por\" \/>\n\t<meta name=\"twitter:data1\" content=\"Paco S\u00e1nchez\" \/>\n\t<meta name=\"twitter:label2\" content=\"Tiempo de lectura\" \/>\n\t<meta name=\"twitter:data2\" content=\"1 minuto\" \/>\n<script type=\"application\/ld+json\" class=\"yoast-schema-graph\">{\"@context\":\"https:\\\/\\\/schema.org\",\"@graph\":[{\"@type\":\"Article\",\"@id\":\"https:\\\/\\\/arealorcaradio.es\\\/index.php\\\/2025\\\/12\\\/04\\\/el-club-de-lectura-plena-inclusion-formado-por-usuarios-de-apandis-visita-area-lorca-radio\\\/#article\",\"isPartOf\":{\"@id\":\"https:\\\/\\\/arealorcaradio.es\\\/index.php\\\/2025\\\/12\\\/04\\\/el-club-de-lectura-plena-inclusion-formado-por-usuarios-de-apandis-visita-area-lorca-radio\\\/\"},\"author\":{\"name\":\"Paco S\u00e1nchez\",\"@id\":\"https:\\\/\\\/arealorcaradio.es\\\/#\\\/schema\\\/person\\\/9fae605fc25b0f2c83c1ab207139bd27\"},\"headline\":\"El club de lectura Plena Inclusi\u00f3n, formado por usuarios de Apandis, visita \u00c1rea Lorca Radio\",\"datePublished\":\"2025-12-04T19:43:55+00:00\",\"mainEntityOfPage\":{\"@id\":\"https:\\\/\\\/arealorcaradio.es\\\/index.php\\\/2025\\\/12\\\/04\\\/el-club-de-lectura-plena-inclusion-formado-por-usuarios-de-apandis-visita-area-lorca-radio\\\/\"},\"wordCount\":130,\"commentCount\":0,\"image\":{\"@id\":\"https:\\\/\\\/arealorcaradio.es\\\/index.php\\\/2025\\\/12\\\/04\\\/el-club-de-lectura-plena-inclusion-formado-por-usuarios-de-apandis-visita-area-lorca-radio\\\/#primaryimage\"},\"thumbnailUrl\":\"https:\\\/\\\/arealorcaradio.es\\\/wp-content\\\/uploads\\\/2025\\\/12\\\/20251204_180211-scaled.jpg\",\"articleSection\":[\"ACTUALIDAD\",\"LORCA\"],\"inLanguage\":\"es\",\"potentialAction\":[{\"@type\":\"CommentAction\",\"name\":\"Comment\",\"target\":[\"https:\\\/\\\/arealorcaradio.es\\\/index.php\\\/2025\\\/12\\\/04\\\/el-club-de-lectura-plena-inclusion-formado-por-usuarios-de-apandis-visita-area-lorca-radio\\\/#respond\"]}]},{\"@type\":\"WebPage\",\"@id\":\"https:\\\/\\\/arealorcaradio.es\\\/index.php\\\/2025\\\/12\\\/04\\\/el-club-de-lectura-plena-inclusion-formado-por-usuarios-de-apandis-visita-area-lorca-radio\\\/\",\"url\":\"https:\\\/\\\/arealorcaradio.es\\\/index.php\\\/2025\\\/12\\\/04\\\/el-club-de-lectura-plena-inclusion-formado-por-usuarios-de-apandis-visita-area-lorca-radio\\\/\",\"name\":\"El club de lectura Plena Inclusi\u00f3n, formado por usuarios de Apandis, visita \u00c1rea Lorca Radio - AREA LORCA RADIO\",\"isPartOf\":{\"@id\":\"https:\\\/\\\/arealorcaradio.es\\\/#website\"},\"primaryImageOfPage\":{\"@id\":\"https:\\\/\\\/arealorcaradio.es\\\/index.php\\\/2025\\\/12\\\/04\\\/el-club-de-lectura-plena-inclusion-formado-por-usuarios-de-apandis-visita-area-lorca-radio\\\/#primaryimage\"},\"image\":{\"@id\":\"https:\\\/\\\/arealorcaradio.es\\\/index.php\\\/2025\\\/12\\\/04\\\/el-club-de-lectura-plena-inclusion-formado-por-usuarios-de-apandis-visita-area-lorca-radio\\\/#primaryimage\"},\"thumbnailUrl\":\"https:\\\/\\\/arealorcaradio.es\\\/wp-content\\\/uploads\\\/2025\\\/12\\\/20251204_180211-scaled.jpg\",\"datePublished\":\"2025-12-04T19:43:55+00:00\",\"author\":{\"@id\":\"https:\\\/\\\/arealorcaradio.es\\\/#\\\/schema\\\/person\\\/9fae605fc25b0f2c83c1ab207139bd27\"},\"breadcrumb\":{\"@id\":\"https:\\\/\\\/arealorcaradio.es\\\/index.php\\\/2025\\\/12\\\/04\\\/el-club-de-lectura-plena-inclusion-formado-por-usuarios-de-apandis-visita-area-lorca-radio\\\/#breadcrumb\"},\"inLanguage\":\"es\",\"potentialAction\":[{\"@type\":\"ReadAction\",\"target\":[\"https:\\\/\\\/arealorcaradio.es\\\/index.php\\\/2025\\\/12\\\/04\\\/el-club-de-lectura-plena-inclusion-formado-por-usuarios-de-apandis-visita-area-lorca-radio\\\/\"]}]},{\"@type\":\"ImageObject\",\"inLanguage\":\"es\",\"@id\":\"https:\\\/\\\/arealorcaradio.es\\\/index.php\\\/2025\\\/12\\\/04\\\/el-club-de-lectura-plena-inclusion-formado-por-usuarios-de-apandis-visita-area-lorca-radio\\\/#primaryimage\",\"url\":\"https:\\\/\\\/arealorcaradio.es\\\/wp-content\\\/uploads\\\/2025\\\/12\\\/20251204_180211-scaled.jpg\",\"contentUrl\":\"https:\\\/\\\/arealorcaradio.es\\\/wp-content\\\/uploads\\\/2025\\\/12\\\/20251204_180211-scaled.jpg\",\"width\":2560,\"height\":1920},{\"@type\":\"BreadcrumbList\",\"@id\":\"https:\\\/\\\/arealorcaradio.es\\\/index.php\\\/2025\\\/12\\\/04\\\/el-club-de-lectura-plena-inclusion-formado-por-usuarios-de-apandis-visita-area-lorca-radio\\\/#breadcrumb\",\"itemListElement\":[{\"@type\":\"ListItem\",\"position\":1,\"name\":\"Portada\",\"item\":\"https:\\\/\\\/arealorcaradio.es\\\/\"},{\"@type\":\"ListItem\",\"position\":2,\"name\":\"El club de lectura Plena Inclusi\u00f3n, formado por usuarios de Apandis, visita \u00c1rea Lorca Radio\"}]},{\"@type\":\"WebSite\",\"@id\":\"https:\\\/\\\/arealorcaradio.es\\\/#website\",\"url\":\"https:\\\/\\\/arealorcaradio.es\\\/\",\"name\":\"AREA LORCA RADIO\",\"description\":\"Descubre la programaci\u00f3n actual en \u00c1rea Lorca Radio, tu fuente de entrenamiento y noticias locales. Sintoniza ahora y mantente conectado online.\",\"potentialAction\":[{\"@type\":\"SearchAction\",\"target\":{\"@type\":\"EntryPoint\",\"urlTemplate\":\"https:\\\/\\\/arealorcaradio.es\\\/?s={search_term_string}\"},\"query-input\":{\"@type\":\"PropertyValueSpecification\",\"valueRequired\":true,\"valueName\":\"search_term_string\"}}],\"inLanguage\":\"es\"},{\"@type\":\"Person\",\"@id\":\"https:\\\/\\\/arealorcaradio.es\\\/#\\\/schema\\\/person\\\/9fae605fc25b0f2c83c1ab207139bd27\",\"name\":\"Paco S\u00e1nchez\",\"image\":{\"@type\":\"ImageObject\",\"inLanguage\":\"es\",\"@id\":\"https:\\\/\\\/secure.gravatar.com\\\/avatar\\\/d67144e966420fb74aa84c9f2a0103be4724fd14db52b52d3b6bca749f257e79?s=96&d=mm&r=g\",\"url\":\"https:\\\/\\\/secure.gravatar.com\\\/avatar\\\/d67144e966420fb74aa84c9f2a0103be4724fd14db52b52d3b6bca749f257e79?s=96&d=mm&r=g\",\"contentUrl\":\"https:\\\/\\\/secure.gravatar.com\\\/avatar\\\/d67144e966420fb74aa84c9f2a0103be4724fd14db52b52d3b6bca749f257e79?s=96&d=mm&r=g\",\"caption\":\"Paco S\u00e1nchez\"},\"sameAs\":[\"https:\\\/\\\/arealorcaradio.es\"],\"url\":\"https:\\\/\\\/arealorcaradio.es\\\/index.php\\\/author\\\/admin_alorcaradio\\\/\"}]}<\/script>\n<!-- \/ Yoast SEO plugin. -->","yoast_head_json":{"title":"El club de lectura Plena Inclusi\u00f3n, formado por usuarios de Apandis, visita \u00c1rea Lorca Radio - AREA LORCA RADIO","robots":{"index":"index","follow":"follow","max-snippet":"max-snippet:-1","max-image-preview":"max-image-preview:large","max-video-preview":"max-video-preview:-1"},"canonical":"https:\/\/arealorcaradio.es\/index.php\/2025\/12\/04\/el-club-de-lectura-plena-inclusion-formado-por-usuarios-de-apandis-visita-area-lorca-radio\/","og_locale":"es_ES","og_type":"article","og_title":"El club de lectura Plena Inclusi\u00f3n, formado por usuarios de Apandis, visita \u00c1rea Lorca Radio - AREA LORCA RADIO","og_description":"\u00c1REA LORCA RADIO. Inclusi\u00f3n. Escucha aqu\u00ed la entrevista que han concedido a Paco S\u00e1nchez en el magazine de \u00c1rea Lorca Radio, una amplia representaci\u00f3n del club de lectura, Plena Inclusi\u00f3n, formado principalmente por usuarios de Apandis. Al frente de este grupo est\u00e1, Mari Paz G\u00f3mez como dinamizadora, y lo forman entre otros Vanesa Beas, Paco [&hellip;]","og_url":"https:\/\/arealorcaradio.es\/index.php\/2025\/12\/04\/el-club-de-lectura-plena-inclusion-formado-por-usuarios-de-apandis-visita-area-lorca-radio\/","og_site_name":"AREA LORCA RADIO","article_published_time":"2025-12-04T19:43:55+00:00","og_image":[{"width":2560,"height":1920,"url":"https:\/\/arealorcaradio.es\/wp-content\/uploads\/2025\/12\/20251204_180211-scaled.jpg","type":"image\/jpeg"}],"author":"Paco S\u00e1nchez","twitter_card":"summary_large_image","twitter_misc":{"Escrito por":"Paco S\u00e1nchez","Tiempo de lectura":"1 minuto"},"schema":{"@context":"https:\/\/schema.org","@graph":[{"@type":"Article","@id":"https:\/\/arealorcaradio.es\/index.php\/2025\/12\/04\/el-club-de-lectura-plena-inclusion-formado-por-usuarios-de-apandis-visita-area-lorca-radio\/#article","isPartOf":{"@id":"https:\/\/arealorcaradio.es\/index.php\/2025\/12\/04\/el-club-de-lectura-plena-inclusion-formado-por-usuarios-de-apandis-visita-area-lorca-radio\/"},"author":{"name":"Paco S\u00e1nchez","@id":"https:\/\/arealorcaradio.es\/#\/schema\/person\/9fae605fc25b0f2c83c1ab207139bd27"},"headline":"El club de lectura Plena Inclusi\u00f3n, formado por usuarios de Apandis, visita \u00c1rea Lorca Radio","datePublished":"2025-12-04T19:43:55+00:00","mainEntityOfPage":{"@id":"https:\/\/arealorcaradio.es\/index.php\/2025\/12\/04\/el-club-de-lectura-plena-inclusion-formado-por-usuarios-de-apandis-visita-area-lorca-radio\/"},"wordCount":130,"commentCount":0,"image":{"@id":"https:\/\/arealorcaradio.es\/index.php\/2025\/12\/04\/el-club-de-lectura-plena-inclusion-formado-por-usuarios-de-apandis-visita-area-lorca-radio\/#primaryimage"},"thumbnailUrl":"https:\/\/arealorcaradio.es\/wp-content\/uploads\/2025\/12\/20251204_180211-scaled.jpg","articleSection":["ACTUALIDAD","LORCA"],"inLanguage":"es","potentialAction":[{"@type":"CommentAction","name":"Comment","target":["https:\/\/arealorcaradio.es\/index.php\/2025\/12\/04\/el-club-de-lectura-plena-inclusion-formado-por-usuarios-de-apandis-visita-area-lorca-radio\/#respond"]}]},{"@type":"WebPage","@id":"https:\/\/arealorcaradio.es\/index.php\/2025\/12\/04\/el-club-de-lectura-plena-inclusion-formado-por-usuarios-de-apandis-visita-area-lorca-radio\/","url":"https:\/\/arealorcaradio.es\/index.php\/2025\/12\/04\/el-club-de-lectura-plena-inclusion-formado-por-usuarios-de-apandis-visita-area-lorca-radio\/","name":"El club de lectura Plena Inclusi\u00f3n, formado por usuarios de Apandis, visita \u00c1rea Lorca Radio - AREA LORCA RADIO","isPartOf":{"@id":"https:\/\/arealorcaradio.es\/#website"},"primaryImageOfPage":{"@id":"https:\/\/arealorcaradio.es\/index.php\/2025\/12\/04\/el-club-de-lectura-plena-inclusion-formado-por-usuarios-de-apandis-visita-area-lorca-radio\/#primaryimage"},"image":{"@id":"https:\/\/arealorcaradio.es\/index.php\/2025\/12\/04\/el-club-de-lectura-plena-inclusion-formado-por-usuarios-de-apandis-visita-area-lorca-radio\/#primaryimage"},"thumbnailUrl":"https:\/\/arealorcaradio.es\/wp-content\/uploads\/2025\/12\/20251204_180211-scaled.jpg","datePublished":"2025-12-04T19:43:55+00:00","author":{"@id":"https:\/\/arealorcaradio.es\/#\/schema\/person\/9fae605fc25b0f2c83c1ab207139bd27"},"breadcrumb":{"@id":"https:\/\/arealorcaradio.es\/index.php\/2025\/12\/04\/el-club-de-lectura-plena-inclusion-formado-por-usuarios-de-apandis-visita-area-lorca-radio\/#breadcrumb"},"inLanguage":"es","potentialAction":[{"@type":"ReadAction","target":["https:\/\/arealorcaradio.es\/index.php\/2025\/12\/04\/el-club-de-lectura-plena-inclusion-formado-por-usuarios-de-apandis-visita-area-lorca-radio\/"]}]},{"@type":"ImageObject","inLanguage":"es","@id":"https:\/\/arealorcaradio.es\/index.php\/2025\/12\/04\/el-club-de-lectura-plena-inclusion-formado-por-usuarios-de-apandis-visita-area-lorca-radio\/#primaryimage","url":"https:\/\/arealorcaradio.es\/wp-content\/uploads\/2025\/12\/20251204_180211-scaled.jpg","contentUrl":"https:\/\/arealorcaradio.es\/wp-content\/uploads\/2025\/12\/20251204_180211-scaled.jpg","width":2560,"height":1920},{"@type":"BreadcrumbList","@id":"https:\/\/arealorcaradio.es\/index.php\/2025\/12\/04\/el-club-de-lectura-plena-inclusion-formado-por-usuarios-de-apandis-visita-area-lorca-radio\/#breadcrumb","itemListElement":[{"@type":"ListItem","position":1,"name":"Portada","item":"https:\/\/arealorcaradio.es\/"},{"@type":"ListItem","position":2,"name":"El club de lectura Plena Inclusi\u00f3n, formado por usuarios de Apandis, visita \u00c1rea Lorca Radio"}]},{"@type":"WebSite","@id":"https:\/\/arealorcaradio.es\/#website","url":"https:\/\/arealorcaradio.es\/","name":"AREA LORCA RADIO","description":"Descubre la programaci\u00f3n actual en \u00c1rea Lorca Radio, tu fuente de entrenamiento y noticias locales. Sintoniza ahora y mantente conectado online.","potentialAction":[{"@type":"SearchAction","target":{"@type":"EntryPoint","urlTemplate":"https:\/\/arealorcaradio.es\/?s={search_term_string}"},"query-input":{"@type":"PropertyValueSpecification","valueRequired":true,"valueName":"search_term_string"}}],"inLanguage":"es"},{"@type":"Person","@id":"https:\/\/arealorcaradio.es\/#\/schema\/person\/9fae605fc25b0f2c83c1ab207139bd27","name":"Paco S\u00e1nchez","image":{"@type":"ImageObject","inLanguage":"es","@id":"https:\/\/secure.gravatar.com\/avatar\/d67144e966420fb74aa84c9f2a0103be4724fd14db52b52d3b6bca749f257e79?s=96&d=mm&r=g","url":"https:\/\/secure.gravatar.com\/avatar\/d67144e966420fb74aa84c9f2a0103be4724fd14db52b52d3b6bca749f257e79?s=96&d=mm&r=g","contentUrl":"https:\/\/secure.gravatar.com\/avatar\/d67144e966420fb74aa84c9f2a0103be4724fd14db52b52d3b6bca749f257e79?s=96&d=mm&r=g","caption":"Paco S\u00e1nchez"},"sameAs":["https:\/\/arealorcaradio.es"],"url":"https:\/\/arealorcaradio.es\/index.php\/author\/admin_alorcaradio\/"}]}},"_links":{"self":[{"href":"https:\/\/arealorcaradio.es\/index.php\/wp-json\/wp\/v2\/posts\/8578","targetHints":{"allow":["GET"]}}],"collection":[{"href":"https:\/\/arealorcaradio.es\/index.php\/wp-json\/wp\/v2\/posts"}],"about":[{"href":"https:\/\/arealorcaradio.es\/index.php\/wp-json\/wp\/v2\/types\/post"}],"author":[{"embeddable":true,"href":"https:\/\/arealorcaradio.es\/index.php\/wp-json\/wp\/v2\/users\/1"}],"replies":[{"embeddable":true,"href":"https:\/\/arealorcaradio.es\/index.php\/wp-json\/wp\/v2\/comments?post=8578"}],"version-history":[{"count":1,"href":"https:\/\/arealorcaradio.es\/index.php\/wp-json\/wp\/v2\/posts\/8578\/revisions"}],"predecessor-version":[{"id":8581,"href":"https:\/\/arealorcaradio.es\/index.php\/wp-json\/wp\/v2\/posts\/8578\/revisions\/8581"}],"wp:featuredmedia":[{"embeddable":true,"href":"https:\/\/arealorcaradio.es\/index.php\/wp-json\/wp\/v2\/media\/8580"}],"wp:attachment":[{"href":"https:\/\/arealorcaradio.es\/index.php\/wp-json\/wp\/v2\/media?parent=8578"}],"wp:term":[{"taxonomy":"category","embeddable":true,"href":"https:\/\/arealorcaradio.es\/index.php\/wp-json\/wp\/v2\/categories?post=8578"},{"taxonomy":"post_tag","embeddable":true,"href":"https:\/\/arealorcaradio.es\/index.php\/wp-json\/wp\/v2\/tags?post=8578"}],"curies":[{"name":"wp","href":"https:\/\/api.w.org\/{rel}","templated":true}]}}