{"id":8574,"date":"2025-12-04T19:31:37","date_gmt":"2025-12-04T19:31:37","guid":{"rendered":"https:\/\/arealorcaradio.es\/?p=8574"},"modified":"2025-12-04T19:31:37","modified_gmt":"2025-12-04T19:31:37","slug":"el-ayuntamiento-de-lorca-y-ceclor-ponen-en-marcha-un-estudio-para-optimizar-la-generacion-de-empleo-y-adaptar-la-oferta-profesional-a-la-demanda-real-de-las-empresas","status":"publish","type":"post","link":"https:\/\/arealorcaradio.es\/index.php\/2025\/12\/04\/el-ayuntamiento-de-lorca-y-ceclor-ponen-en-marcha-un-estudio-para-optimizar-la-generacion-de-empleo-y-adaptar-la-oferta-profesional-a-la-demanda-real-de-las-empresas\/","title":{"rendered":"El Ayuntamiento de Lorca y CECLOR ponen en marcha un estudio para optimizar la generaci\u00f3n de empleo y adaptar la oferta profesional a la demanda real de las empresas"},"content":{"rendered":"<p><strong>\u00c1REA LORCA RADIO. Empleo y Casco Hist\u00f3rico.<\/strong><\/p>\n<p>Escucha aqu\u00ed la entrevista que ha concedido a Paco S\u00e1nchez en el magazine de \u00c1rea Lorca Radio, el presidente de CECLOR, Juan J\u00f3dar qui\u00e9n habla durante la entrevista de empleo y Casco Hist\u00f3rico de Lorca.<\/p>\n<audio class=\"wp-audio-shortcode\" id=\"audio-8574-1\" preload=\"none\" style=\"width: 100%;\" controls=\"controls\"><source type=\"audio\/mpeg\" src=\"https:\/\/arealorcaradio.es\/wp-content\/uploads\/2025\/12\/041225-JUAN-JODAR.-ESTUDIO-DEMANDA-Y-CASCO.mp3?_=1\" \/><a href=\"https:\/\/arealorcaradio.es\/wp-content\/uploads\/2025\/12\/041225-JUAN-JODAR.-ESTUDIO-DEMANDA-Y-CASCO.mp3\">https:\/\/arealorcaradio.es\/wp-content\/uploads\/2025\/12\/041225-JUAN-JODAR.-ESTUDIO-DEMANDA-Y-CASCO.mp3<\/a><\/audio>\n<p class=\"v1MsoNormal\"><b><span lang=\"es\">Lorca, 4 de diciembre de 2025<\/span><\/b><span lang=\"es\">. La concejal de Empleo y Desarrollo Local, Rosa Mar\u00eda Medina, junto con el presidente de la Confederaci\u00f3n Comarcal de Organizaciones Empresariales de Lorca, CECLOR, Juan J\u00f3dar, y Javier L\u00f3pez, CEO de la Consultora Bacofis, han anunciado en la ma\u00f1ana de este jueves la puesta en marcha por ambas entidades de un estudio con cuyo objetivo final es el de orientar la pol\u00edtica de generaci\u00f3n de empleo de tal manera que se puedan cubrir las necesidades reales de las empresas del municipio atendiendo a los perfiles profesionales m\u00e1s demandados.<\/span><\/p>\n<p class=\"v1MsoNormal\"><span lang=\"es\"><img loading=\"lazy\" decoding=\"async\" class=\"alignnone size-medium wp-image-8585\" src=\"https:\/\/arealorcaradio.es\/wp-content\/uploads\/2025\/12\/FOTO1-71-300x200.jpeg\" alt=\"\" width=\"300\" height=\"200\" srcset=\"https:\/\/arealorcaradio.es\/wp-content\/uploads\/2025\/12\/FOTO1-71-300x200.jpeg 300w, https:\/\/arealorcaradio.es\/wp-content\/uploads\/2025\/12\/FOTO1-71-1024x683.jpeg 1024w, https:\/\/arealorcaradio.es\/wp-content\/uploads\/2025\/12\/FOTO1-71-768x512.jpeg 768w, https:\/\/arealorcaradio.es\/wp-content\/uploads\/2025\/12\/FOTO1-71-1536x1025.jpeg 1536w, https:\/\/arealorcaradio.es\/wp-content\/uploads\/2025\/12\/FOTO1-71.jpeg 2048w\" sizes=\"auto, (max-width: 300px) 100vw, 300px\" \/><\/span><\/p>\n<p class=\"v1MsoNormal\"><span lang=\"es\">Juan J\u00f3dar ha trasladado que los sectores traccionadores (industria, agroindustria, log\u00edstica, comercio) manifiestan problemas crecientes para encontrar personal cualificado, existiendo desajustes estructurales por cualificaci\u00f3n y especializaci\u00f3n, no s\u00f3lo por volumen de mano de obra. La estructura social y demogr\u00e1fica muestra colectivos vulnerables que necesitan programas ajustados a la realidad econ\u00f3mica. De ah\u00ed que creamos que el proyecto es necesario, sobre todo para: identificar de manera precisa qu\u00e9 perfiles profesionales faltan en Lorca, cuantificar el desajuste entre oferta y demanda por ocupaci\u00f3n y sector y proyectar as\u00ed la demanda futura.<\/span><\/p>\n<p class=\"v1MsoNormal\"><span lang=\"es\">Concretamente, el estudio se va a desarrollar combinando an\u00e1lisis estad\u00edsticos, t\u00e9cnicas de modelizaci\u00f3n econ\u00f3mica, en particular el modelo Shift-Share Regional, y trabajo directo con el tejido empresarial de Lorca. El objetivo: identificar con precisi\u00f3n qu\u00e9 perfiles profesionales faltan en el municipio y por qu\u00e9.<\/span><\/p>\n<p class=\"v1MsoNormal\"><span lang=\"es\">En primer lugar, se analizar\u00e1 en profundidad toda la informaci\u00f3n estad\u00edstica disponible en fuentes oficiales. Se utilizar\u00e1n datos del CREM, del SEPE y del INE sobre paro registrado, contrataci\u00f3n, evoluci\u00f3n del empleo por sectores, estructura productiva y composici\u00f3n de la poblaci\u00f3n activa. Esto permitir\u00e1 establecer una imagen clara de la situaci\u00f3n actual del mercado laboral de Lorca y de su estructura econ\u00f3mica. Tambi\u00e9n se revisar\u00e1 informaci\u00f3n sectorial relevante, como la distribuci\u00f3n de empresas y el peso de cada actividad en el municipio.<\/span><\/p>\n<p class=\"v1MsoNormal\"><span lang=\"es\">El resultado de todo este proceso ser\u00e1 la elaboraci\u00f3n de una matriz de desajuste profesional que identificar\u00e1 de forma clara los perfiles con d\u00e9ficit en Lorca tanto desde un punto de vista cuantitativo (skill shortage) como cualitativo (skill gap), permitiendo priorizar sectores, definir necesidades formativas y orientar las activaciones de empleo y desarrollo econ\u00f3mico bajo criterios basados en datos contrastados.<\/span><\/p>\n","protected":false},"excerpt":{"rendered":"<p>\u00c1REA LORCA RADIO. Empleo y Casco Hist\u00f3rico. Escucha aqu\u00ed la entrevista que ha concedido a Paco S\u00e1nchez en el magazine de \u00c1rea Lorca Radio, el presidente de CECLOR, Juan J\u00f3dar qui\u00e9n habla durante la entrevista de empleo y Casco Hist\u00f3rico de Lorca. Lorca, 4 de diciembre de 2025. La concejal de Empleo y Desarrollo Local, [&hellip;]<\/p>\n","protected":false},"author":1,"featured_media":8583,"comment_status":"open","ping_status":"open","sticky":false,"template":"","format":"standard","meta":{"iawp_total_views":14,"footnotes":""},"categories":[5,7],"tags":[],"class_list":["post-8574","post","type-post","status-publish","format-standard","has-post-thumbnail","hentry","category-actualidad","category-lorca"],"yoast_head":"<!-- This site is optimized with the Yoast SEO plugin v27.5 - https:\/\/yoast.com\/product\/yoast-seo-wordpress\/ -->\n<title>El Ayuntamiento de Lorca y CECLOR ponen en marcha un estudio para optimizar la generaci\u00f3n de empleo y adaptar la oferta profesional a la demanda real de las empresas - AREA LORCA RADIO<\/title>\n<meta name=\"robots\" content=\"index, follow, max-snippet:-1, max-image-preview:large, max-video-preview:-1\" \/>\n<link rel=\"canonical\" href=\"https:\/\/arealorcaradio.es\/index.php\/2025\/12\/04\/el-ayuntamiento-de-lorca-y-ceclor-ponen-en-marcha-un-estudio-para-optimizar-la-generacion-de-empleo-y-adaptar-la-oferta-profesional-a-la-demanda-real-de-las-empresas\/\" \/>\n<meta property=\"og:locale\" content=\"es_ES\" \/>\n<meta property=\"og:type\" content=\"article\" \/>\n<meta property=\"og:title\" content=\"El Ayuntamiento de Lorca y CECLOR ponen en marcha un estudio para optimizar la generaci\u00f3n de empleo y adaptar la oferta profesional a la demanda real de las empresas - AREA LORCA RADIO\" \/>\n<meta property=\"og:description\" content=\"\u00c1REA LORCA RADIO. Empleo y Casco Hist\u00f3rico. Escucha aqu\u00ed la entrevista que ha concedido a Paco S\u00e1nchez en el magazine de \u00c1rea Lorca Radio, el presidente de CECLOR, Juan J\u00f3dar qui\u00e9n habla durante la entrevista de empleo y Casco Hist\u00f3rico de Lorca. Lorca, 4 de diciembre de 2025. La concejal de Empleo y Desarrollo Local, [&hellip;]\" \/>\n<meta property=\"og:url\" content=\"https:\/\/arealorcaradio.es\/index.php\/2025\/12\/04\/el-ayuntamiento-de-lorca-y-ceclor-ponen-en-marcha-un-estudio-para-optimizar-la-generacion-de-empleo-y-adaptar-la-oferta-profesional-a-la-demanda-real-de-las-empresas\/\" \/>\n<meta property=\"og:site_name\" content=\"AREA LORCA RADIO\" \/>\n<meta property=\"article:published_time\" content=\"2025-12-04T19:31:37+00:00\" \/>\n<meta property=\"og:image\" content=\"https:\/\/arealorcaradio.es\/wp-content\/uploads\/2025\/12\/FOTO3-46.jpeg\" \/>\n\t<meta property=\"og:image:width\" content=\"2048\" \/>\n\t<meta property=\"og:image:height\" content=\"1366\" \/>\n\t<meta property=\"og:image:type\" content=\"image\/jpeg\" \/>\n<meta name=\"author\" content=\"Paco S\u00e1nchez\" \/>\n<meta name=\"twitter:card\" content=\"summary_large_image\" \/>\n<meta name=\"twitter:label1\" content=\"Escrito por\" \/>\n\t<meta name=\"twitter:data1\" content=\"Paco S\u00e1nchez\" \/>\n\t<meta name=\"twitter:label2\" content=\"Tiempo de lectura\" \/>\n\t<meta name=\"twitter:data2\" content=\"3 minutos\" \/>\n<script type=\"application\/ld+json\" class=\"yoast-schema-graph\">{\"@context\":\"https:\\\/\\\/schema.org\",\"@graph\":[{\"@type\":\"Article\",\"@id\":\"https:\\\/\\\/arealorcaradio.es\\\/index.php\\\/2025\\\/12\\\/04\\\/el-ayuntamiento-de-lorca-y-ceclor-ponen-en-marcha-un-estudio-para-optimizar-la-generacion-de-empleo-y-adaptar-la-oferta-profesional-a-la-demanda-real-de-las-empresas\\\/#article\",\"isPartOf\":{\"@id\":\"https:\\\/\\\/arealorcaradio.es\\\/index.php\\\/2025\\\/12\\\/04\\\/el-ayuntamiento-de-lorca-y-ceclor-ponen-en-marcha-un-estudio-para-optimizar-la-generacion-de-empleo-y-adaptar-la-oferta-profesional-a-la-demanda-real-de-las-empresas\\\/\"},\"author\":{\"name\":\"Paco S\u00e1nchez\",\"@id\":\"https:\\\/\\\/arealorcaradio.es\\\/#\\\/schema\\\/person\\\/9fae605fc25b0f2c83c1ab207139bd27\"},\"headline\":\"El Ayuntamiento de Lorca y CECLOR ponen en marcha un estudio para optimizar la generaci\u00f3n de empleo y adaptar la oferta profesional a la demanda real de las empresas\",\"datePublished\":\"2025-12-04T19:31:37+00:00\",\"mainEntityOfPage\":{\"@id\":\"https:\\\/\\\/arealorcaradio.es\\\/index.php\\\/2025\\\/12\\\/04\\\/el-ayuntamiento-de-lorca-y-ceclor-ponen-en-marcha-un-estudio-para-optimizar-la-generacion-de-empleo-y-adaptar-la-oferta-profesional-a-la-demanda-real-de-las-empresas\\\/\"},\"wordCount\":492,\"commentCount\":0,\"image\":{\"@id\":\"https:\\\/\\\/arealorcaradio.es\\\/index.php\\\/2025\\\/12\\\/04\\\/el-ayuntamiento-de-lorca-y-ceclor-ponen-en-marcha-un-estudio-para-optimizar-la-generacion-de-empleo-y-adaptar-la-oferta-profesional-a-la-demanda-real-de-las-empresas\\\/#primaryimage\"},\"thumbnailUrl\":\"https:\\\/\\\/arealorcaradio.es\\\/wp-content\\\/uploads\\\/2025\\\/12\\\/FOTO3-46.jpeg\",\"articleSection\":[\"ACTUALIDAD\",\"LORCA\"],\"inLanguage\":\"es\",\"potentialAction\":[{\"@type\":\"CommentAction\",\"name\":\"Comment\",\"target\":[\"https:\\\/\\\/arealorcaradio.es\\\/index.php\\\/2025\\\/12\\\/04\\\/el-ayuntamiento-de-lorca-y-ceclor-ponen-en-marcha-un-estudio-para-optimizar-la-generacion-de-empleo-y-adaptar-la-oferta-profesional-a-la-demanda-real-de-las-empresas\\\/#respond\"]}]},{\"@type\":\"WebPage\",\"@id\":\"https:\\\/\\\/arealorcaradio.es\\\/index.php\\\/2025\\\/12\\\/04\\\/el-ayuntamiento-de-lorca-y-ceclor-ponen-en-marcha-un-estudio-para-optimizar-la-generacion-de-empleo-y-adaptar-la-oferta-profesional-a-la-demanda-real-de-las-empresas\\\/\",\"url\":\"https:\\\/\\\/arealorcaradio.es\\\/index.php\\\/2025\\\/12\\\/04\\\/el-ayuntamiento-de-lorca-y-ceclor-ponen-en-marcha-un-estudio-para-optimizar-la-generacion-de-empleo-y-adaptar-la-oferta-profesional-a-la-demanda-real-de-las-empresas\\\/\",\"name\":\"El Ayuntamiento de Lorca y CECLOR ponen en marcha un estudio para optimizar la generaci\u00f3n de empleo y adaptar la oferta profesional a la demanda real de las empresas - AREA LORCA RADIO\",\"isPartOf\":{\"@id\":\"https:\\\/\\\/arealorcaradio.es\\\/#website\"},\"primaryImageOfPage\":{\"@id\":\"https:\\\/\\\/arealorcaradio.es\\\/index.php\\\/2025\\\/12\\\/04\\\/el-ayuntamiento-de-lorca-y-ceclor-ponen-en-marcha-un-estudio-para-optimizar-la-generacion-de-empleo-y-adaptar-la-oferta-profesional-a-la-demanda-real-de-las-empresas\\\/#primaryimage\"},\"image\":{\"@id\":\"https:\\\/\\\/arealorcaradio.es\\\/index.php\\\/2025\\\/12\\\/04\\\/el-ayuntamiento-de-lorca-y-ceclor-ponen-en-marcha-un-estudio-para-optimizar-la-generacion-de-empleo-y-adaptar-la-oferta-profesional-a-la-demanda-real-de-las-empresas\\\/#primaryimage\"},\"thumbnailUrl\":\"https:\\\/\\\/arealorcaradio.es\\\/wp-content\\\/uploads\\\/2025\\\/12\\\/FOTO3-46.jpeg\",\"datePublished\":\"2025-12-04T19:31:37+00:00\",\"author\":{\"@id\":\"https:\\\/\\\/arealorcaradio.es\\\/#\\\/schema\\\/person\\\/9fae605fc25b0f2c83c1ab207139bd27\"},\"breadcrumb\":{\"@id\":\"https:\\\/\\\/arealorcaradio.es\\\/index.php\\\/2025\\\/12\\\/04\\\/el-ayuntamiento-de-lorca-y-ceclor-ponen-en-marcha-un-estudio-para-optimizar-la-generacion-de-empleo-y-adaptar-la-oferta-profesional-a-la-demanda-real-de-las-empresas\\\/#breadcrumb\"},\"inLanguage\":\"es\",\"potentialAction\":[{\"@type\":\"ReadAction\",\"target\":[\"https:\\\/\\\/arealorcaradio.es\\\/index.php\\\/2025\\\/12\\\/04\\\/el-ayuntamiento-de-lorca-y-ceclor-ponen-en-marcha-un-estudio-para-optimizar-la-generacion-de-empleo-y-adaptar-la-oferta-profesional-a-la-demanda-real-de-las-empresas\\\/\"]}]},{\"@type\":\"ImageObject\",\"inLanguage\":\"es\",\"@id\":\"https:\\\/\\\/arealorcaradio.es\\\/index.php\\\/2025\\\/12\\\/04\\\/el-ayuntamiento-de-lorca-y-ceclor-ponen-en-marcha-un-estudio-para-optimizar-la-generacion-de-empleo-y-adaptar-la-oferta-profesional-a-la-demanda-real-de-las-empresas\\\/#primaryimage\",\"url\":\"https:\\\/\\\/arealorcaradio.es\\\/wp-content\\\/uploads\\\/2025\\\/12\\\/FOTO3-46.jpeg\",\"contentUrl\":\"https:\\\/\\\/arealorcaradio.es\\\/wp-content\\\/uploads\\\/2025\\\/12\\\/FOTO3-46.jpeg\",\"width\":2048,\"height\":1366},{\"@type\":\"BreadcrumbList\",\"@id\":\"https:\\\/\\\/arealorcaradio.es\\\/index.php\\\/2025\\\/12\\\/04\\\/el-ayuntamiento-de-lorca-y-ceclor-ponen-en-marcha-un-estudio-para-optimizar-la-generacion-de-empleo-y-adaptar-la-oferta-profesional-a-la-demanda-real-de-las-empresas\\\/#breadcrumb\",\"itemListElement\":[{\"@type\":\"ListItem\",\"position\":1,\"name\":\"Portada\",\"item\":\"https:\\\/\\\/arealorcaradio.es\\\/\"},{\"@type\":\"ListItem\",\"position\":2,\"name\":\"El Ayuntamiento de Lorca y CECLOR ponen en marcha un estudio para optimizar la generaci\u00f3n de empleo y adaptar la oferta profesional a la demanda real de las empresas\"}]},{\"@type\":\"WebSite\",\"@id\":\"https:\\\/\\\/arealorcaradio.es\\\/#website\",\"url\":\"https:\\\/\\\/arealorcaradio.es\\\/\",\"name\":\"AREA LORCA RADIO\",\"description\":\"Descubre la programaci\u00f3n actual en \u00c1rea Lorca Radio, tu fuente de entrenamiento y noticias locales. Sintoniza ahora y mantente conectado online.\",\"potentialAction\":[{\"@type\":\"SearchAction\",\"target\":{\"@type\":\"EntryPoint\",\"urlTemplate\":\"https:\\\/\\\/arealorcaradio.es\\\/?s={search_term_string}\"},\"query-input\":{\"@type\":\"PropertyValueSpecification\",\"valueRequired\":true,\"valueName\":\"search_term_string\"}}],\"inLanguage\":\"es\"},{\"@type\":\"Person\",\"@id\":\"https:\\\/\\\/arealorcaradio.es\\\/#\\\/schema\\\/person\\\/9fae605fc25b0f2c83c1ab207139bd27\",\"name\":\"Paco S\u00e1nchez\",\"image\":{\"@type\":\"ImageObject\",\"inLanguage\":\"es\",\"@id\":\"https:\\\/\\\/secure.gravatar.com\\\/avatar\\\/d67144e966420fb74aa84c9f2a0103be4724fd14db52b52d3b6bca749f257e79?s=96&d=mm&r=g\",\"url\":\"https:\\\/\\\/secure.gravatar.com\\\/avatar\\\/d67144e966420fb74aa84c9f2a0103be4724fd14db52b52d3b6bca749f257e79?s=96&d=mm&r=g\",\"contentUrl\":\"https:\\\/\\\/secure.gravatar.com\\\/avatar\\\/d67144e966420fb74aa84c9f2a0103be4724fd14db52b52d3b6bca749f257e79?s=96&d=mm&r=g\",\"caption\":\"Paco S\u00e1nchez\"},\"sameAs\":[\"https:\\\/\\\/arealorcaradio.es\"],\"url\":\"https:\\\/\\\/arealorcaradio.es\\\/index.php\\\/author\\\/admin_alorcaradio\\\/\"}]}<\/script>\n<!-- \/ Yoast SEO plugin. -->","yoast_head_json":{"title":"El Ayuntamiento de Lorca y CECLOR ponen en marcha un estudio para optimizar la generaci\u00f3n de empleo y adaptar la oferta profesional a la demanda real de las empresas - AREA LORCA RADIO","robots":{"index":"index","follow":"follow","max-snippet":"max-snippet:-1","max-image-preview":"max-image-preview:large","max-video-preview":"max-video-preview:-1"},"canonical":"https:\/\/arealorcaradio.es\/index.php\/2025\/12\/04\/el-ayuntamiento-de-lorca-y-ceclor-ponen-en-marcha-un-estudio-para-optimizar-la-generacion-de-empleo-y-adaptar-la-oferta-profesional-a-la-demanda-real-de-las-empresas\/","og_locale":"es_ES","og_type":"article","og_title":"El Ayuntamiento de Lorca y CECLOR ponen en marcha un estudio para optimizar la generaci\u00f3n de empleo y adaptar la oferta profesional a la demanda real de las empresas - AREA LORCA RADIO","og_description":"\u00c1REA LORCA RADIO. Empleo y Casco Hist\u00f3rico. Escucha aqu\u00ed la entrevista que ha concedido a Paco S\u00e1nchez en el magazine de \u00c1rea Lorca Radio, el presidente de CECLOR, Juan J\u00f3dar qui\u00e9n habla durante la entrevista de empleo y Casco Hist\u00f3rico de Lorca. Lorca, 4 de diciembre de 2025. La concejal de Empleo y Desarrollo Local, [&hellip;]","og_url":"https:\/\/arealorcaradio.es\/index.php\/2025\/12\/04\/el-ayuntamiento-de-lorca-y-ceclor-ponen-en-marcha-un-estudio-para-optimizar-la-generacion-de-empleo-y-adaptar-la-oferta-profesional-a-la-demanda-real-de-las-empresas\/","og_site_name":"AREA LORCA RADIO","article_published_time":"2025-12-04T19:31:37+00:00","og_image":[{"width":2048,"height":1366,"url":"https:\/\/arealorcaradio.es\/wp-content\/uploads\/2025\/12\/FOTO3-46.jpeg","type":"image\/jpeg"}],"author":"Paco S\u00e1nchez","twitter_card":"summary_large_image","twitter_misc":{"Escrito por":"Paco S\u00e1nchez","Tiempo de lectura":"3 minutos"},"schema":{"@context":"https:\/\/schema.org","@graph":[{"@type":"Article","@id":"https:\/\/arealorcaradio.es\/index.php\/2025\/12\/04\/el-ayuntamiento-de-lorca-y-ceclor-ponen-en-marcha-un-estudio-para-optimizar-la-generacion-de-empleo-y-adaptar-la-oferta-profesional-a-la-demanda-real-de-las-empresas\/#article","isPartOf":{"@id":"https:\/\/arealorcaradio.es\/index.php\/2025\/12\/04\/el-ayuntamiento-de-lorca-y-ceclor-ponen-en-marcha-un-estudio-para-optimizar-la-generacion-de-empleo-y-adaptar-la-oferta-profesional-a-la-demanda-real-de-las-empresas\/"},"author":{"name":"Paco S\u00e1nchez","@id":"https:\/\/arealorcaradio.es\/#\/schema\/person\/9fae605fc25b0f2c83c1ab207139bd27"},"headline":"El Ayuntamiento de Lorca y CECLOR ponen en marcha un estudio para optimizar la generaci\u00f3n de empleo y adaptar la oferta profesional a la demanda real de las empresas","datePublished":"2025-12-04T19:31:37+00:00","mainEntityOfPage":{"@id":"https:\/\/arealorcaradio.es\/index.php\/2025\/12\/04\/el-ayuntamiento-de-lorca-y-ceclor-ponen-en-marcha-un-estudio-para-optimizar-la-generacion-de-empleo-y-adaptar-la-oferta-profesional-a-la-demanda-real-de-las-empresas\/"},"wordCount":492,"commentCount":0,"image":{"@id":"https:\/\/arealorcaradio.es\/index.php\/2025\/12\/04\/el-ayuntamiento-de-lorca-y-ceclor-ponen-en-marcha-un-estudio-para-optimizar-la-generacion-de-empleo-y-adaptar-la-oferta-profesional-a-la-demanda-real-de-las-empresas\/#primaryimage"},"thumbnailUrl":"https:\/\/arealorcaradio.es\/wp-content\/uploads\/2025\/12\/FOTO3-46.jpeg","articleSection":["ACTUALIDAD","LORCA"],"inLanguage":"es","potentialAction":[{"@type":"CommentAction","name":"Comment","target":["https:\/\/arealorcaradio.es\/index.php\/2025\/12\/04\/el-ayuntamiento-de-lorca-y-ceclor-ponen-en-marcha-un-estudio-para-optimizar-la-generacion-de-empleo-y-adaptar-la-oferta-profesional-a-la-demanda-real-de-las-empresas\/#respond"]}]},{"@type":"WebPage","@id":"https:\/\/arealorcaradio.es\/index.php\/2025\/12\/04\/el-ayuntamiento-de-lorca-y-ceclor-ponen-en-marcha-un-estudio-para-optimizar-la-generacion-de-empleo-y-adaptar-la-oferta-profesional-a-la-demanda-real-de-las-empresas\/","url":"https:\/\/arealorcaradio.es\/index.php\/2025\/12\/04\/el-ayuntamiento-de-lorca-y-ceclor-ponen-en-marcha-un-estudio-para-optimizar-la-generacion-de-empleo-y-adaptar-la-oferta-profesional-a-la-demanda-real-de-las-empresas\/","name":"El Ayuntamiento de Lorca y CECLOR ponen en marcha un estudio para optimizar la generaci\u00f3n de empleo y adaptar la oferta profesional a la demanda real de las empresas - AREA LORCA RADIO","isPartOf":{"@id":"https:\/\/arealorcaradio.es\/#website"},"primaryImageOfPage":{"@id":"https:\/\/arealorcaradio.es\/index.php\/2025\/12\/04\/el-ayuntamiento-de-lorca-y-ceclor-ponen-en-marcha-un-estudio-para-optimizar-la-generacion-de-empleo-y-adaptar-la-oferta-profesional-a-la-demanda-real-de-las-empresas\/#primaryimage"},"image":{"@id":"https:\/\/arealorcaradio.es\/index.php\/2025\/12\/04\/el-ayuntamiento-de-lorca-y-ceclor-ponen-en-marcha-un-estudio-para-optimizar-la-generacion-de-empleo-y-adaptar-la-oferta-profesional-a-la-demanda-real-de-las-empresas\/#primaryimage"},"thumbnailUrl":"https:\/\/arealorcaradio.es\/wp-content\/uploads\/2025\/12\/FOTO3-46.jpeg","datePublished":"2025-12-04T19:31:37+00:00","author":{"@id":"https:\/\/arealorcaradio.es\/#\/schema\/person\/9fae605fc25b0f2c83c1ab207139bd27"},"breadcrumb":{"@id":"https:\/\/arealorcaradio.es\/index.php\/2025\/12\/04\/el-ayuntamiento-de-lorca-y-ceclor-ponen-en-marcha-un-estudio-para-optimizar-la-generacion-de-empleo-y-adaptar-la-oferta-profesional-a-la-demanda-real-de-las-empresas\/#breadcrumb"},"inLanguage":"es","potentialAction":[{"@type":"ReadAction","target":["https:\/\/arealorcaradio.es\/index.php\/2025\/12\/04\/el-ayuntamiento-de-lorca-y-ceclor-ponen-en-marcha-un-estudio-para-optimizar-la-generacion-de-empleo-y-adaptar-la-oferta-profesional-a-la-demanda-real-de-las-empresas\/"]}]},{"@type":"ImageObject","inLanguage":"es","@id":"https:\/\/arealorcaradio.es\/index.php\/2025\/12\/04\/el-ayuntamiento-de-lorca-y-ceclor-ponen-en-marcha-un-estudio-para-optimizar-la-generacion-de-empleo-y-adaptar-la-oferta-profesional-a-la-demanda-real-de-las-empresas\/#primaryimage","url":"https:\/\/arealorcaradio.es\/wp-content\/uploads\/2025\/12\/FOTO3-46.jpeg","contentUrl":"https:\/\/arealorcaradio.es\/wp-content\/uploads\/2025\/12\/FOTO3-46.jpeg","width":2048,"height":1366},{"@type":"BreadcrumbList","@id":"https:\/\/arealorcaradio.es\/index.php\/2025\/12\/04\/el-ayuntamiento-de-lorca-y-ceclor-ponen-en-marcha-un-estudio-para-optimizar-la-generacion-de-empleo-y-adaptar-la-oferta-profesional-a-la-demanda-real-de-las-empresas\/#breadcrumb","itemListElement":[{"@type":"ListItem","position":1,"name":"Portada","item":"https:\/\/arealorcaradio.es\/"},{"@type":"ListItem","position":2,"name":"El Ayuntamiento de Lorca y CECLOR ponen en marcha un estudio para optimizar la generaci\u00f3n de empleo y adaptar la oferta profesional a la demanda real de las empresas"}]},{"@type":"WebSite","@id":"https:\/\/arealorcaradio.es\/#website","url":"https:\/\/arealorcaradio.es\/","name":"AREA LORCA RADIO","description":"Descubre la programaci\u00f3n actual en \u00c1rea Lorca Radio, tu fuente de entrenamiento y noticias locales. Sintoniza ahora y mantente conectado online.","potentialAction":[{"@type":"SearchAction","target":{"@type":"EntryPoint","urlTemplate":"https:\/\/arealorcaradio.es\/?s={search_term_string}"},"query-input":{"@type":"PropertyValueSpecification","valueRequired":true,"valueName":"search_term_string"}}],"inLanguage":"es"},{"@type":"Person","@id":"https:\/\/arealorcaradio.es\/#\/schema\/person\/9fae605fc25b0f2c83c1ab207139bd27","name":"Paco S\u00e1nchez","image":{"@type":"ImageObject","inLanguage":"es","@id":"https:\/\/secure.gravatar.com\/avatar\/d67144e966420fb74aa84c9f2a0103be4724fd14db52b52d3b6bca749f257e79?s=96&d=mm&r=g","url":"https:\/\/secure.gravatar.com\/avatar\/d67144e966420fb74aa84c9f2a0103be4724fd14db52b52d3b6bca749f257e79?s=96&d=mm&r=g","contentUrl":"https:\/\/secure.gravatar.com\/avatar\/d67144e966420fb74aa84c9f2a0103be4724fd14db52b52d3b6bca749f257e79?s=96&d=mm&r=g","caption":"Paco S\u00e1nchez"},"sameAs":["https:\/\/arealorcaradio.es"],"url":"https:\/\/arealorcaradio.es\/index.php\/author\/admin_alorcaradio\/"}]}},"_links":{"self":[{"href":"https:\/\/arealorcaradio.es\/index.php\/wp-json\/wp\/v2\/posts\/8574","targetHints":{"allow":["GET"]}}],"collection":[{"href":"https:\/\/arealorcaradio.es\/index.php\/wp-json\/wp\/v2\/posts"}],"about":[{"href":"https:\/\/arealorcaradio.es\/index.php\/wp-json\/wp\/v2\/types\/post"}],"author":[{"embeddable":true,"href":"https:\/\/arealorcaradio.es\/index.php\/wp-json\/wp\/v2\/users\/1"}],"replies":[{"embeddable":true,"href":"https:\/\/arealorcaradio.es\/index.php\/wp-json\/wp\/v2\/comments?post=8574"}],"version-history":[{"count":3,"href":"https:\/\/arealorcaradio.es\/index.php\/wp-json\/wp\/v2\/posts\/8574\/revisions"}],"predecessor-version":[{"id":8586,"href":"https:\/\/arealorcaradio.es\/index.php\/wp-json\/wp\/v2\/posts\/8574\/revisions\/8586"}],"wp:featuredmedia":[{"embeddable":true,"href":"https:\/\/arealorcaradio.es\/index.php\/wp-json\/wp\/v2\/media\/8583"}],"wp:attachment":[{"href":"https:\/\/arealorcaradio.es\/index.php\/wp-json\/wp\/v2\/media?parent=8574"}],"wp:term":[{"taxonomy":"category","embeddable":true,"href":"https:\/\/arealorcaradio.es\/index.php\/wp-json\/wp\/v2\/categories?post=8574"},{"taxonomy":"post_tag","embeddable":true,"href":"https:\/\/arealorcaradio.es\/index.php\/wp-json\/wp\/v2\/tags?post=8574"}],"curies":[{"name":"wp","href":"https:\/\/api.w.org\/{rel}","templated":true}]}}