{"id":8538,"date":"2025-12-02T16:59:12","date_gmt":"2025-12-02T16:59:12","guid":{"rendered":"https:\/\/arealorcaradio.es\/?p=8538"},"modified":"2025-12-02T16:59:12","modified_gmt":"2025-12-02T16:59:12","slug":"las-asociacion-t-elevamos-y-aavv-san-jose-organizan-este-viernes-en-lorca-un-mercadillo-solidario-a-beneficio-del-cancer-infantil","status":"publish","type":"post","link":"https:\/\/arealorcaradio.es\/index.php\/2025\/12\/02\/las-asociacion-t-elevamos-y-aavv-san-jose-organizan-este-viernes-en-lorca-un-mercadillo-solidario-a-beneficio-del-cancer-infantil\/","title":{"rendered":"Las Asociaci\u00f3n t.elevamos y AAVV San Jos\u00e9 organizan este viernes en Lorca un Mercadillo Solidario a beneficio del C\u00e1ncer Infantil"},"content":{"rendered":"<p><strong>\u00c1REA LORCA RADIO. Solidaridad.<\/strong><\/p>\n<p>Escucha aqu\u00ed la entrevista que ha concedido a Paco S\u00e1nchez en el magazine de \u00c1rea Lorca Radio, Adriana Ramos, presidenta de la Asociaci\u00f3n t.elevamos, qui\u00e9n ha confirmado que ya ha sido todo un \u00e9xito en cuanto a lo que se refiere a donaciones de empresas y particulares, quienes han querido aportar su granito de arena para recaudar fondos. Importante tambi\u00e9n el papel que desarrolla en esta iniciativa la AAVV de San Jos\u00e9, quienes se han volcado con la causa.<\/p>\n<p>El horario previsto para este Mercadillo Solidario que se celebrar\u00e1 este viernes d\u00eda 5 de diciembre es de 10:00 a 20:00 horas en el Parque de San Jos\u00e9.<\/p>\n<audio class=\"wp-audio-shortcode\" id=\"audio-8538-1\" preload=\"none\" style=\"width: 100%;\" controls=\"controls\"><source type=\"audio\/mpeg\" src=\"https:\/\/arealorcaradio.es\/wp-content\/uploads\/2025\/12\/021225-ADRIANA-RAMOS.-MERCADILLO-SOLIDARIO.mp3?_=1\" \/><a href=\"https:\/\/arealorcaradio.es\/wp-content\/uploads\/2025\/12\/021225-ADRIANA-RAMOS.-MERCADILLO-SOLIDARIO.mp3\">https:\/\/arealorcaradio.es\/wp-content\/uploads\/2025\/12\/021225-ADRIANA-RAMOS.-MERCADILLO-SOLIDARIO.mp3<\/a><\/audio>\n<p><img loading=\"lazy\" decoding=\"async\" class=\"alignnone size-medium wp-image-8540\" src=\"https:\/\/arealorcaradio.es\/wp-content\/uploads\/2025\/12\/Mercadillo-1-300x300.jpeg\" alt=\"\" width=\"300\" height=\"300\" srcset=\"https:\/\/arealorcaradio.es\/wp-content\/uploads\/2025\/12\/Mercadillo-1-300x300.jpeg 300w, https:\/\/arealorcaradio.es\/wp-content\/uploads\/2025\/12\/Mercadillo-1-1024x1024.jpeg 1024w, https:\/\/arealorcaradio.es\/wp-content\/uploads\/2025\/12\/Mercadillo-1-150x150.jpeg 150w, https:\/\/arealorcaradio.es\/wp-content\/uploads\/2025\/12\/Mercadillo-1-768x768.jpeg 768w, https:\/\/arealorcaradio.es\/wp-content\/uploads\/2025\/12\/Mercadillo-1.jpeg 1080w\" sizes=\"auto, (max-width: 300px) 100vw, 300px\" \/> <img loading=\"lazy\" decoding=\"async\" class=\"alignnone size-medium wp-image-8541\" src=\"https:\/\/arealorcaradio.es\/wp-content\/uploads\/2025\/12\/Mercadillo-2-300x300.jpeg\" alt=\"\" width=\"300\" height=\"300\" srcset=\"https:\/\/arealorcaradio.es\/wp-content\/uploads\/2025\/12\/Mercadillo-2-300x300.jpeg 300w, https:\/\/arealorcaradio.es\/wp-content\/uploads\/2025\/12\/Mercadillo-2-1024x1024.jpeg 1024w, https:\/\/arealorcaradio.es\/wp-content\/uploads\/2025\/12\/Mercadillo-2-150x150.jpeg 150w, https:\/\/arealorcaradio.es\/wp-content\/uploads\/2025\/12\/Mercadillo-2-768x768.jpeg 768w, https:\/\/arealorcaradio.es\/wp-content\/uploads\/2025\/12\/Mercadillo-2.jpeg 1080w\" sizes=\"auto, (max-width: 300px) 100vw, 300px\" \/><\/p>\n","protected":false},"excerpt":{"rendered":"<p>\u00c1REA LORCA RADIO. Solidaridad. Escucha aqu\u00ed la entrevista que ha concedido a Paco S\u00e1nchez en el magazine de \u00c1rea Lorca Radio, Adriana Ramos, presidenta de la Asociaci\u00f3n t.elevamos, qui\u00e9n ha confirmado que ya ha sido todo un \u00e9xito en cuanto a lo que se refiere a donaciones de empresas y particulares, quienes han querido aportar [&hellip;]<\/p>\n","protected":false},"author":1,"featured_media":8542,"comment_status":"open","ping_status":"open","sticky":false,"template":"","format":"standard","meta":{"iawp_total_views":20,"footnotes":""},"categories":[5,7],"tags":[],"class_list":["post-8538","post","type-post","status-publish","format-standard","has-post-thumbnail","hentry","category-actualidad","category-lorca"],"yoast_head":"<!-- This site is optimized with the Yoast SEO plugin v27.5 - https:\/\/yoast.com\/product\/yoast-seo-wordpress\/ -->\n<title>Las Asociaci\u00f3n t.elevamos y AAVV San Jos\u00e9 organizan este viernes en Lorca un Mercadillo Solidario a beneficio del C\u00e1ncer Infantil - AREA LORCA RADIO<\/title>\n<meta name=\"robots\" content=\"index, follow, max-snippet:-1, max-image-preview:large, max-video-preview:-1\" \/>\n<link rel=\"canonical\" href=\"https:\/\/arealorcaradio.es\/index.php\/2025\/12\/02\/las-asociacion-t-elevamos-y-aavv-san-jose-organizan-este-viernes-en-lorca-un-mercadillo-solidario-a-beneficio-del-cancer-infantil\/\" \/>\n<meta property=\"og:locale\" content=\"es_ES\" \/>\n<meta property=\"og:type\" content=\"article\" \/>\n<meta property=\"og:title\" content=\"Las Asociaci\u00f3n t.elevamos y AAVV San Jos\u00e9 organizan este viernes en Lorca un Mercadillo Solidario a beneficio del C\u00e1ncer Infantil - AREA LORCA RADIO\" \/>\n<meta property=\"og:description\" content=\"\u00c1REA LORCA RADIO. Solidaridad. Escucha aqu\u00ed la entrevista que ha concedido a Paco S\u00e1nchez en el magazine de \u00c1rea Lorca Radio, Adriana Ramos, presidenta de la Asociaci\u00f3n t.elevamos, qui\u00e9n ha confirmado que ya ha sido todo un \u00e9xito en cuanto a lo que se refiere a donaciones de empresas y particulares, quienes han querido aportar [&hellip;]\" \/>\n<meta property=\"og:url\" content=\"https:\/\/arealorcaradio.es\/index.php\/2025\/12\/02\/las-asociacion-t-elevamos-y-aavv-san-jose-organizan-este-viernes-en-lorca-un-mercadillo-solidario-a-beneficio-del-cancer-infantil\/\" \/>\n<meta property=\"og:site_name\" content=\"AREA LORCA RADIO\" \/>\n<meta property=\"article:published_time\" content=\"2025-12-02T16:59:12+00:00\" \/>\n<meta property=\"og:image\" content=\"https:\/\/arealorcaradio.es\/wp-content\/uploads\/2025\/12\/Adriana-Ramos.-Mercadillo-1-scaled.jpg\" \/>\n\t<meta property=\"og:image:width\" content=\"2560\" \/>\n\t<meta property=\"og:image:height\" content=\"1920\" \/>\n\t<meta property=\"og:image:type\" content=\"image\/jpeg\" \/>\n<meta name=\"author\" content=\"Paco S\u00e1nchez\" \/>\n<meta name=\"twitter:card\" content=\"summary_large_image\" \/>\n<meta name=\"twitter:label1\" content=\"Escrito por\" \/>\n\t<meta name=\"twitter:data1\" content=\"Paco S\u00e1nchez\" \/>\n\t<meta name=\"twitter:label2\" content=\"Tiempo de lectura\" \/>\n\t<meta name=\"twitter:data2\" content=\"2 minutos\" \/>\n<script type=\"application\/ld+json\" class=\"yoast-schema-graph\">{\"@context\":\"https:\\\/\\\/schema.org\",\"@graph\":[{\"@type\":\"Article\",\"@id\":\"https:\\\/\\\/arealorcaradio.es\\\/index.php\\\/2025\\\/12\\\/02\\\/las-asociacion-t-elevamos-y-aavv-san-jose-organizan-este-viernes-en-lorca-un-mercadillo-solidario-a-beneficio-del-cancer-infantil\\\/#article\",\"isPartOf\":{\"@id\":\"https:\\\/\\\/arealorcaradio.es\\\/index.php\\\/2025\\\/12\\\/02\\\/las-asociacion-t-elevamos-y-aavv-san-jose-organizan-este-viernes-en-lorca-un-mercadillo-solidario-a-beneficio-del-cancer-infantil\\\/\"},\"author\":{\"name\":\"Paco S\u00e1nchez\",\"@id\":\"https:\\\/\\\/arealorcaradio.es\\\/#\\\/schema\\\/person\\\/9fae605fc25b0f2c83c1ab207139bd27\"},\"headline\":\"Las Asociaci\u00f3n t.elevamos y AAVV San Jos\u00e9 organizan este viernes en Lorca un Mercadillo Solidario a beneficio del C\u00e1ncer Infantil\",\"datePublished\":\"2025-12-02T16:59:12+00:00\",\"mainEntityOfPage\":{\"@id\":\"https:\\\/\\\/arealorcaradio.es\\\/index.php\\\/2025\\\/12\\\/02\\\/las-asociacion-t-elevamos-y-aavv-san-jose-organizan-este-viernes-en-lorca-un-mercadillo-solidario-a-beneficio-del-cancer-infantil\\\/\"},\"wordCount\":148,\"commentCount\":0,\"image\":{\"@id\":\"https:\\\/\\\/arealorcaradio.es\\\/index.php\\\/2025\\\/12\\\/02\\\/las-asociacion-t-elevamos-y-aavv-san-jose-organizan-este-viernes-en-lorca-un-mercadillo-solidario-a-beneficio-del-cancer-infantil\\\/#primaryimage\"},\"thumbnailUrl\":\"https:\\\/\\\/arealorcaradio.es\\\/wp-content\\\/uploads\\\/2025\\\/12\\\/Adriana-Ramos.-Mercadillo-1-scaled.jpg\",\"articleSection\":[\"ACTUALIDAD\",\"LORCA\"],\"inLanguage\":\"es\",\"potentialAction\":[{\"@type\":\"CommentAction\",\"name\":\"Comment\",\"target\":[\"https:\\\/\\\/arealorcaradio.es\\\/index.php\\\/2025\\\/12\\\/02\\\/las-asociacion-t-elevamos-y-aavv-san-jose-organizan-este-viernes-en-lorca-un-mercadillo-solidario-a-beneficio-del-cancer-infantil\\\/#respond\"]}]},{\"@type\":\"WebPage\",\"@id\":\"https:\\\/\\\/arealorcaradio.es\\\/index.php\\\/2025\\\/12\\\/02\\\/las-asociacion-t-elevamos-y-aavv-san-jose-organizan-este-viernes-en-lorca-un-mercadillo-solidario-a-beneficio-del-cancer-infantil\\\/\",\"url\":\"https:\\\/\\\/arealorcaradio.es\\\/index.php\\\/2025\\\/12\\\/02\\\/las-asociacion-t-elevamos-y-aavv-san-jose-organizan-este-viernes-en-lorca-un-mercadillo-solidario-a-beneficio-del-cancer-infantil\\\/\",\"name\":\"Las Asociaci\u00f3n t.elevamos y AAVV San Jos\u00e9 organizan este viernes en Lorca un Mercadillo Solidario a beneficio del C\u00e1ncer Infantil - AREA LORCA RADIO\",\"isPartOf\":{\"@id\":\"https:\\\/\\\/arealorcaradio.es\\\/#website\"},\"primaryImageOfPage\":{\"@id\":\"https:\\\/\\\/arealorcaradio.es\\\/index.php\\\/2025\\\/12\\\/02\\\/las-asociacion-t-elevamos-y-aavv-san-jose-organizan-este-viernes-en-lorca-un-mercadillo-solidario-a-beneficio-del-cancer-infantil\\\/#primaryimage\"},\"image\":{\"@id\":\"https:\\\/\\\/arealorcaradio.es\\\/index.php\\\/2025\\\/12\\\/02\\\/las-asociacion-t-elevamos-y-aavv-san-jose-organizan-este-viernes-en-lorca-un-mercadillo-solidario-a-beneficio-del-cancer-infantil\\\/#primaryimage\"},\"thumbnailUrl\":\"https:\\\/\\\/arealorcaradio.es\\\/wp-content\\\/uploads\\\/2025\\\/12\\\/Adriana-Ramos.-Mercadillo-1-scaled.jpg\",\"datePublished\":\"2025-12-02T16:59:12+00:00\",\"author\":{\"@id\":\"https:\\\/\\\/arealorcaradio.es\\\/#\\\/schema\\\/person\\\/9fae605fc25b0f2c83c1ab207139bd27\"},\"breadcrumb\":{\"@id\":\"https:\\\/\\\/arealorcaradio.es\\\/index.php\\\/2025\\\/12\\\/02\\\/las-asociacion-t-elevamos-y-aavv-san-jose-organizan-este-viernes-en-lorca-un-mercadillo-solidario-a-beneficio-del-cancer-infantil\\\/#breadcrumb\"},\"inLanguage\":\"es\",\"potentialAction\":[{\"@type\":\"ReadAction\",\"target\":[\"https:\\\/\\\/arealorcaradio.es\\\/index.php\\\/2025\\\/12\\\/02\\\/las-asociacion-t-elevamos-y-aavv-san-jose-organizan-este-viernes-en-lorca-un-mercadillo-solidario-a-beneficio-del-cancer-infantil\\\/\"]}]},{\"@type\":\"ImageObject\",\"inLanguage\":\"es\",\"@id\":\"https:\\\/\\\/arealorcaradio.es\\\/index.php\\\/2025\\\/12\\\/02\\\/las-asociacion-t-elevamos-y-aavv-san-jose-organizan-este-viernes-en-lorca-un-mercadillo-solidario-a-beneficio-del-cancer-infantil\\\/#primaryimage\",\"url\":\"https:\\\/\\\/arealorcaradio.es\\\/wp-content\\\/uploads\\\/2025\\\/12\\\/Adriana-Ramos.-Mercadillo-1-scaled.jpg\",\"contentUrl\":\"https:\\\/\\\/arealorcaradio.es\\\/wp-content\\\/uploads\\\/2025\\\/12\\\/Adriana-Ramos.-Mercadillo-1-scaled.jpg\",\"width\":2560,\"height\":1920},{\"@type\":\"BreadcrumbList\",\"@id\":\"https:\\\/\\\/arealorcaradio.es\\\/index.php\\\/2025\\\/12\\\/02\\\/las-asociacion-t-elevamos-y-aavv-san-jose-organizan-este-viernes-en-lorca-un-mercadillo-solidario-a-beneficio-del-cancer-infantil\\\/#breadcrumb\",\"itemListElement\":[{\"@type\":\"ListItem\",\"position\":1,\"name\":\"Portada\",\"item\":\"https:\\\/\\\/arealorcaradio.es\\\/\"},{\"@type\":\"ListItem\",\"position\":2,\"name\":\"Las Asociaci\u00f3n t.elevamos y AAVV San Jos\u00e9 organizan este viernes en Lorca un Mercadillo Solidario a beneficio del C\u00e1ncer Infantil\"}]},{\"@type\":\"WebSite\",\"@id\":\"https:\\\/\\\/arealorcaradio.es\\\/#website\",\"url\":\"https:\\\/\\\/arealorcaradio.es\\\/\",\"name\":\"AREA LORCA RADIO\",\"description\":\"Descubre la programaci\u00f3n actual en \u00c1rea Lorca Radio, tu fuente de entrenamiento y noticias locales. Sintoniza ahora y mantente conectado online.\",\"potentialAction\":[{\"@type\":\"SearchAction\",\"target\":{\"@type\":\"EntryPoint\",\"urlTemplate\":\"https:\\\/\\\/arealorcaradio.es\\\/?s={search_term_string}\"},\"query-input\":{\"@type\":\"PropertyValueSpecification\",\"valueRequired\":true,\"valueName\":\"search_term_string\"}}],\"inLanguage\":\"es\"},{\"@type\":\"Person\",\"@id\":\"https:\\\/\\\/arealorcaradio.es\\\/#\\\/schema\\\/person\\\/9fae605fc25b0f2c83c1ab207139bd27\",\"name\":\"Paco S\u00e1nchez\",\"image\":{\"@type\":\"ImageObject\",\"inLanguage\":\"es\",\"@id\":\"https:\\\/\\\/secure.gravatar.com\\\/avatar\\\/d67144e966420fb74aa84c9f2a0103be4724fd14db52b52d3b6bca749f257e79?s=96&d=mm&r=g\",\"url\":\"https:\\\/\\\/secure.gravatar.com\\\/avatar\\\/d67144e966420fb74aa84c9f2a0103be4724fd14db52b52d3b6bca749f257e79?s=96&d=mm&r=g\",\"contentUrl\":\"https:\\\/\\\/secure.gravatar.com\\\/avatar\\\/d67144e966420fb74aa84c9f2a0103be4724fd14db52b52d3b6bca749f257e79?s=96&d=mm&r=g\",\"caption\":\"Paco S\u00e1nchez\"},\"sameAs\":[\"https:\\\/\\\/arealorcaradio.es\"],\"url\":\"https:\\\/\\\/arealorcaradio.es\\\/index.php\\\/author\\\/admin_alorcaradio\\\/\"}]}<\/script>\n<!-- \/ Yoast SEO plugin. -->","yoast_head_json":{"title":"Las Asociaci\u00f3n t.elevamos y AAVV San Jos\u00e9 organizan este viernes en Lorca un Mercadillo Solidario a beneficio del C\u00e1ncer Infantil - AREA LORCA RADIO","robots":{"index":"index","follow":"follow","max-snippet":"max-snippet:-1","max-image-preview":"max-image-preview:large","max-video-preview":"max-video-preview:-1"},"canonical":"https:\/\/arealorcaradio.es\/index.php\/2025\/12\/02\/las-asociacion-t-elevamos-y-aavv-san-jose-organizan-este-viernes-en-lorca-un-mercadillo-solidario-a-beneficio-del-cancer-infantil\/","og_locale":"es_ES","og_type":"article","og_title":"Las Asociaci\u00f3n t.elevamos y AAVV San Jos\u00e9 organizan este viernes en Lorca un Mercadillo Solidario a beneficio del C\u00e1ncer Infantil - AREA LORCA RADIO","og_description":"\u00c1REA LORCA RADIO. Solidaridad. Escucha aqu\u00ed la entrevista que ha concedido a Paco S\u00e1nchez en el magazine de \u00c1rea Lorca Radio, Adriana Ramos, presidenta de la Asociaci\u00f3n t.elevamos, qui\u00e9n ha confirmado que ya ha sido todo un \u00e9xito en cuanto a lo que se refiere a donaciones de empresas y particulares, quienes han querido aportar [&hellip;]","og_url":"https:\/\/arealorcaradio.es\/index.php\/2025\/12\/02\/las-asociacion-t-elevamos-y-aavv-san-jose-organizan-este-viernes-en-lorca-un-mercadillo-solidario-a-beneficio-del-cancer-infantil\/","og_site_name":"AREA LORCA RADIO","article_published_time":"2025-12-02T16:59:12+00:00","og_image":[{"width":2560,"height":1920,"url":"https:\/\/arealorcaradio.es\/wp-content\/uploads\/2025\/12\/Adriana-Ramos.-Mercadillo-1-scaled.jpg","type":"image\/jpeg"}],"author":"Paco S\u00e1nchez","twitter_card":"summary_large_image","twitter_misc":{"Escrito por":"Paco S\u00e1nchez","Tiempo de lectura":"2 minutos"},"schema":{"@context":"https:\/\/schema.org","@graph":[{"@type":"Article","@id":"https:\/\/arealorcaradio.es\/index.php\/2025\/12\/02\/las-asociacion-t-elevamos-y-aavv-san-jose-organizan-este-viernes-en-lorca-un-mercadillo-solidario-a-beneficio-del-cancer-infantil\/#article","isPartOf":{"@id":"https:\/\/arealorcaradio.es\/index.php\/2025\/12\/02\/las-asociacion-t-elevamos-y-aavv-san-jose-organizan-este-viernes-en-lorca-un-mercadillo-solidario-a-beneficio-del-cancer-infantil\/"},"author":{"name":"Paco S\u00e1nchez","@id":"https:\/\/arealorcaradio.es\/#\/schema\/person\/9fae605fc25b0f2c83c1ab207139bd27"},"headline":"Las Asociaci\u00f3n t.elevamos y AAVV San Jos\u00e9 organizan este viernes en Lorca un Mercadillo Solidario a beneficio del C\u00e1ncer Infantil","datePublished":"2025-12-02T16:59:12+00:00","mainEntityOfPage":{"@id":"https:\/\/arealorcaradio.es\/index.php\/2025\/12\/02\/las-asociacion-t-elevamos-y-aavv-san-jose-organizan-este-viernes-en-lorca-un-mercadillo-solidario-a-beneficio-del-cancer-infantil\/"},"wordCount":148,"commentCount":0,"image":{"@id":"https:\/\/arealorcaradio.es\/index.php\/2025\/12\/02\/las-asociacion-t-elevamos-y-aavv-san-jose-organizan-este-viernes-en-lorca-un-mercadillo-solidario-a-beneficio-del-cancer-infantil\/#primaryimage"},"thumbnailUrl":"https:\/\/arealorcaradio.es\/wp-content\/uploads\/2025\/12\/Adriana-Ramos.-Mercadillo-1-scaled.jpg","articleSection":["ACTUALIDAD","LORCA"],"inLanguage":"es","potentialAction":[{"@type":"CommentAction","name":"Comment","target":["https:\/\/arealorcaradio.es\/index.php\/2025\/12\/02\/las-asociacion-t-elevamos-y-aavv-san-jose-organizan-este-viernes-en-lorca-un-mercadillo-solidario-a-beneficio-del-cancer-infantil\/#respond"]}]},{"@type":"WebPage","@id":"https:\/\/arealorcaradio.es\/index.php\/2025\/12\/02\/las-asociacion-t-elevamos-y-aavv-san-jose-organizan-este-viernes-en-lorca-un-mercadillo-solidario-a-beneficio-del-cancer-infantil\/","url":"https:\/\/arealorcaradio.es\/index.php\/2025\/12\/02\/las-asociacion-t-elevamos-y-aavv-san-jose-organizan-este-viernes-en-lorca-un-mercadillo-solidario-a-beneficio-del-cancer-infantil\/","name":"Las Asociaci\u00f3n t.elevamos y AAVV San Jos\u00e9 organizan este viernes en Lorca un Mercadillo Solidario a beneficio del C\u00e1ncer Infantil - AREA LORCA RADIO","isPartOf":{"@id":"https:\/\/arealorcaradio.es\/#website"},"primaryImageOfPage":{"@id":"https:\/\/arealorcaradio.es\/index.php\/2025\/12\/02\/las-asociacion-t-elevamos-y-aavv-san-jose-organizan-este-viernes-en-lorca-un-mercadillo-solidario-a-beneficio-del-cancer-infantil\/#primaryimage"},"image":{"@id":"https:\/\/arealorcaradio.es\/index.php\/2025\/12\/02\/las-asociacion-t-elevamos-y-aavv-san-jose-organizan-este-viernes-en-lorca-un-mercadillo-solidario-a-beneficio-del-cancer-infantil\/#primaryimage"},"thumbnailUrl":"https:\/\/arealorcaradio.es\/wp-content\/uploads\/2025\/12\/Adriana-Ramos.-Mercadillo-1-scaled.jpg","datePublished":"2025-12-02T16:59:12+00:00","author":{"@id":"https:\/\/arealorcaradio.es\/#\/schema\/person\/9fae605fc25b0f2c83c1ab207139bd27"},"breadcrumb":{"@id":"https:\/\/arealorcaradio.es\/index.php\/2025\/12\/02\/las-asociacion-t-elevamos-y-aavv-san-jose-organizan-este-viernes-en-lorca-un-mercadillo-solidario-a-beneficio-del-cancer-infantil\/#breadcrumb"},"inLanguage":"es","potentialAction":[{"@type":"ReadAction","target":["https:\/\/arealorcaradio.es\/index.php\/2025\/12\/02\/las-asociacion-t-elevamos-y-aavv-san-jose-organizan-este-viernes-en-lorca-un-mercadillo-solidario-a-beneficio-del-cancer-infantil\/"]}]},{"@type":"ImageObject","inLanguage":"es","@id":"https:\/\/arealorcaradio.es\/index.php\/2025\/12\/02\/las-asociacion-t-elevamos-y-aavv-san-jose-organizan-este-viernes-en-lorca-un-mercadillo-solidario-a-beneficio-del-cancer-infantil\/#primaryimage","url":"https:\/\/arealorcaradio.es\/wp-content\/uploads\/2025\/12\/Adriana-Ramos.-Mercadillo-1-scaled.jpg","contentUrl":"https:\/\/arealorcaradio.es\/wp-content\/uploads\/2025\/12\/Adriana-Ramos.-Mercadillo-1-scaled.jpg","width":2560,"height":1920},{"@type":"BreadcrumbList","@id":"https:\/\/arealorcaradio.es\/index.php\/2025\/12\/02\/las-asociacion-t-elevamos-y-aavv-san-jose-organizan-este-viernes-en-lorca-un-mercadillo-solidario-a-beneficio-del-cancer-infantil\/#breadcrumb","itemListElement":[{"@type":"ListItem","position":1,"name":"Portada","item":"https:\/\/arealorcaradio.es\/"},{"@type":"ListItem","position":2,"name":"Las Asociaci\u00f3n t.elevamos y AAVV San Jos\u00e9 organizan este viernes en Lorca un Mercadillo Solidario a beneficio del C\u00e1ncer Infantil"}]},{"@type":"WebSite","@id":"https:\/\/arealorcaradio.es\/#website","url":"https:\/\/arealorcaradio.es\/","name":"AREA LORCA RADIO","description":"Descubre la programaci\u00f3n actual en \u00c1rea Lorca Radio, tu fuente de entrenamiento y noticias locales. Sintoniza ahora y mantente conectado online.","potentialAction":[{"@type":"SearchAction","target":{"@type":"EntryPoint","urlTemplate":"https:\/\/arealorcaradio.es\/?s={search_term_string}"},"query-input":{"@type":"PropertyValueSpecification","valueRequired":true,"valueName":"search_term_string"}}],"inLanguage":"es"},{"@type":"Person","@id":"https:\/\/arealorcaradio.es\/#\/schema\/person\/9fae605fc25b0f2c83c1ab207139bd27","name":"Paco S\u00e1nchez","image":{"@type":"ImageObject","inLanguage":"es","@id":"https:\/\/secure.gravatar.com\/avatar\/d67144e966420fb74aa84c9f2a0103be4724fd14db52b52d3b6bca749f257e79?s=96&d=mm&r=g","url":"https:\/\/secure.gravatar.com\/avatar\/d67144e966420fb74aa84c9f2a0103be4724fd14db52b52d3b6bca749f257e79?s=96&d=mm&r=g","contentUrl":"https:\/\/secure.gravatar.com\/avatar\/d67144e966420fb74aa84c9f2a0103be4724fd14db52b52d3b6bca749f257e79?s=96&d=mm&r=g","caption":"Paco S\u00e1nchez"},"sameAs":["https:\/\/arealorcaradio.es"],"url":"https:\/\/arealorcaradio.es\/index.php\/author\/admin_alorcaradio\/"}]}},"_links":{"self":[{"href":"https:\/\/arealorcaradio.es\/index.php\/wp-json\/wp\/v2\/posts\/8538","targetHints":{"allow":["GET"]}}],"collection":[{"href":"https:\/\/arealorcaradio.es\/index.php\/wp-json\/wp\/v2\/posts"}],"about":[{"href":"https:\/\/arealorcaradio.es\/index.php\/wp-json\/wp\/v2\/types\/post"}],"author":[{"embeddable":true,"href":"https:\/\/arealorcaradio.es\/index.php\/wp-json\/wp\/v2\/users\/1"}],"replies":[{"embeddable":true,"href":"https:\/\/arealorcaradio.es\/index.php\/wp-json\/wp\/v2\/comments?post=8538"}],"version-history":[{"count":2,"href":"https:\/\/arealorcaradio.es\/index.php\/wp-json\/wp\/v2\/posts\/8538\/revisions"}],"predecessor-version":[{"id":8544,"href":"https:\/\/arealorcaradio.es\/index.php\/wp-json\/wp\/v2\/posts\/8538\/revisions\/8544"}],"wp:featuredmedia":[{"embeddable":true,"href":"https:\/\/arealorcaradio.es\/index.php\/wp-json\/wp\/v2\/media\/8542"}],"wp:attachment":[{"href":"https:\/\/arealorcaradio.es\/index.php\/wp-json\/wp\/v2\/media?parent=8538"}],"wp:term":[{"taxonomy":"category","embeddable":true,"href":"https:\/\/arealorcaradio.es\/index.php\/wp-json\/wp\/v2\/categories?post=8538"},{"taxonomy":"post_tag","embeddable":true,"href":"https:\/\/arealorcaradio.es\/index.php\/wp-json\/wp\/v2\/tags?post=8538"}],"curies":[{"name":"wp","href":"https:\/\/api.w.org\/{rel}","templated":true}]}}