{"id":8534,"date":"2025-12-02T16:43:20","date_gmt":"2025-12-02T16:43:20","guid":{"rendered":"https:\/\/arealorcaradio.es\/?p=8534"},"modified":"2025-12-02T17:00:56","modified_gmt":"2025-12-02T17:00:56","slug":"lorca-acoge-del-5-al-8-de-diciembre-el-congreso-nacional-anual-de-festifolk-espana-2025-organizado-por-coros-y-danzas-virgen-de-las-huertas","status":"publish","type":"post","link":"https:\/\/arealorcaradio.es\/index.php\/2025\/12\/02\/lorca-acoge-del-5-al-8-de-diciembre-el-congreso-nacional-anual-de-festifolk-espana-2025-organizado-por-coros-y-danzas-virgen-de-las-huertas\/","title":{"rendered":"Lorca acoge del 5 al 8 de diciembre el Congreso Nacional Anual de Festifolk Espa\u00f1a 2025, organizado por Coros y Danzas Virgen de las Huertas"},"content":{"rendered":"<p><strong>\u00c1REA LORCA RADIO. Tradiciones.<\/strong><\/p>\n<p>Escucha aqu\u00ed la entrevista que ha concedido a Paco S\u00e1nchez en el magazine de \u00c1rea Lorca Radio, el presidente de\u00a0 Coros y Danzas Virgen de las Huertas, Luis Gonz\u00e1lez.<\/p>\n<audio class=\"wp-audio-shortcode\" id=\"audio-8534-1\" preload=\"none\" style=\"width: 100%;\" controls=\"controls\"><source type=\"audio\/mpeg\" src=\"https:\/\/arealorcaradio.es\/wp-content\/uploads\/2025\/12\/021225-LUIS-GONZALEZ.-FESTIFOLCK-25.mp3?_=1\" \/><a href=\"https:\/\/arealorcaradio.es\/wp-content\/uploads\/2025\/12\/021225-LUIS-GONZALEZ.-FESTIFOLCK-25.mp3\">https:\/\/arealorcaradio.es\/wp-content\/uploads\/2025\/12\/021225-LUIS-GONZALEZ.-FESTIFOLCK-25.mp3<\/a><\/audio>\n<p><strong>Lorca, 2 de diciembre de 2025. FESTIFOLK-ESPA\u00d1A<\/strong>\u00a0se trata de una asociaci\u00f3n de organizadores de festivales internacionales de folklore en Espa\u00f1a, formada por una treintena de Festivales Internacionales de Folklore repartidos por toda la geograf\u00eda nacional y tienen por finalidad, promover la organizaci\u00f3n de festivales de folklore dentro de su \u00e1mbito de actuaci\u00f3n, ayudar y asesorar a sus asociados a mejorar la organizaci\u00f3n de sus respectivos festivales, desarrollar los sentimientos de amistad y compresi\u00f3n mutuos as\u00ed como los lazos de hermandad y cooperaci\u00f3n internacional entre todos los participantes en festivales de folklore y encuentros folkl\u00f3ricos y contribuir al mejoramiento de intercambios mutuos de informaci\u00f3n concerniente a los grupos folkl\u00f3ricos nacionales e internacionales y colaborar con otros festivales que se celebren en Espa\u00f1a, sin perjuicio de la prioridad que ostentan los festivales asociados.<\/p>\n<p><img loading=\"lazy\" decoding=\"async\" class=\"alignnone size-medium wp-image-8536\" src=\"https:\/\/arealorcaradio.es\/wp-content\/uploads\/2025\/12\/Cartel-Festifolk-Espana-212x300.jpeg\" alt=\"\" width=\"212\" height=\"300\" srcset=\"https:\/\/arealorcaradio.es\/wp-content\/uploads\/2025\/12\/Cartel-Festifolk-Espana-212x300.jpeg 212w, https:\/\/arealorcaradio.es\/wp-content\/uploads\/2025\/12\/Cartel-Festifolk-Espana-724x1024.jpeg 724w, https:\/\/arealorcaradio.es\/wp-content\/uploads\/2025\/12\/Cartel-Festifolk-Espana-768x1086.jpeg 768w, https:\/\/arealorcaradio.es\/wp-content\/uploads\/2025\/12\/Cartel-Festifolk-Espana-1086x1536.jpeg 1086w, https:\/\/arealorcaradio.es\/wp-content\/uploads\/2025\/12\/Cartel-Festifolk-Espana.jpeg 1131w\" sizes=\"auto, (max-width: 212px) 100vw, 212px\" \/><\/p>\n<p>Este congreso se celebra siempre en torno al puente de diciembre, llev\u00e1ndose a cabo cada a\u00f1o en una localidad diferente de Espa\u00f1a, donde existe Festival Internacional de Folklore miembro de pleno derecho de Festifolk. Este a\u00f1o son celebradas en Lorca, localidad de la Regi\u00f3n de Murcia, sede del Festival Internacional de Folklore Virgen de las Huertas, gracias a la colaboraci\u00f3n Coros y Danzas Virgen de las Huertas, como preludio de su 40 aniversario y el Exmo. Ayuntamiento de Lorca. Concretamente, en el Palacete del Huerto Ruano.<\/p>\n<p>Durante estos d\u00edas proceder\u00e1n a analizar el circuito 2025 celebrado el pasado verano, detallando los aspectos econ\u00f3micos y organizativos, as\u00ed como la preparaci\u00f3n del circuito para el pr\u00f3ximo a\u00f1o 2026. Otros temas ser\u00e1n los convenios con empresas colaboradoras, la realizaci\u00f3n de seguros de responsabilidad civil. para los festivales y el estado en el que se encuentra Festifolk World. Hay que resaltar que Festifolk Espa\u00f1a actualmente est\u00e1 formada por una treintena de festivales de pleno derecho, pero nutre de grupos folcl\u00f3ricos procedentes de todo el mundo a m\u00e1s de 50 festivales tanto en la geograf\u00eda espa\u00f1ola como en el vecino pa\u00eds de Portugal.<\/p>\n<p>Adem\u00e1s, se realizar\u00e1n de forma paralela diversas actividades culturales y visitas tur\u00edsticas para conocer la ciudad de Lorca, tendr\u00e1n degustaciones gastron\u00f3micas y conocer\u00e1n de primera mano el folklore m\u00e1s puro del municipio de la mano de las cuadrillas. por la comarca anfitriona.<\/p>\n<p>Los festivales de pleno derecho participantes en esta ocasi\u00f3n son:<\/p>\n<ol>\n<li>Muestra Internacional de Folklore \u00abCiudad de Albacete\u00bb.<\/li>\n<li>Festival Internacional de Fregenal de la Sierra.<\/li>\n<li>Festival Folkl\u00f3rico Internacional de la Baja Extremadura. Ribera del Fresno.<\/li>\n<li>Festival Folcl\u00f3rico Internacional \u00abJacinto Sarmiento\u00bb. Miranda de Ebro.<\/li>\n<li>Festival Internacional de Folklore de Baza.<\/li>\n<li>Herri Arteko Folklore Jaialdia. Urretxu.<\/li>\n<li>Festival Internacional de Folklore Villa de Fortuna.<\/li>\n<li>Festival Internacional de Folklore Virgen de Las Huertas. Lorca.<\/li>\n<li>Semana Internacional de La Huerta del Mar de los Alc\u00e1zares.<\/li>\n<li>Festival Internacional de Folklore de Torreaguera.<\/li>\n<li>Festival Folcl\u00f3rico Internacional Concello de Vigo.<\/li>\n<li>Festival Internacional de Folklore \u00abAires del Tajo\u00bb. Toledo.<\/li>\n<li>Festival Internacional de Folklore Abanilla.<\/li>\n<li>Jornades Internacionals Folkl\u00f2riques de Catalunya.<\/li>\n<li>Festival Internacional de Folclore de Villena.<\/li>\n<li>Festival Internacional de Folclore de Nar\u00f3n.<\/li>\n<\/ol>\n<p>Tras la celebraci\u00f3n de estas jornadas, donde se inician los trabajos de cara a la participaci\u00f3n de grupos procedentes de los cinco continentes en los festivales internacionales de Espa\u00f1a, se reunir\u00e1n de nuevo en la Asamblea General Ordinaria y Extraordinaria que tendr\u00e1 lugar el \u00faltimo fin de semana de enero del pr\u00f3ximo a\u00f1o, que se celebrar\u00e1 como es habitual en Madrid y el pr\u00f3ximo Congreso d Festifolk World durante el mes de Febrero con sede en Uruguay.<\/p>\n","protected":false},"excerpt":{"rendered":"<p>\u00c1REA LORCA RADIO. Tradiciones. Escucha aqu\u00ed la entrevista que ha concedido a Paco S\u00e1nchez en el magazine de \u00c1rea Lorca Radio, el presidente de\u00a0 Coros y Danzas Virgen de las Huertas, Luis Gonz\u00e1lez. Lorca, 2 de diciembre de 2025. FESTIFOLK-ESPA\u00d1A\u00a0se trata de una asociaci\u00f3n de organizadores de festivales internacionales de folklore en Espa\u00f1a, formada por [&hellip;]<\/p>\n","protected":false},"author":1,"featured_media":8535,"comment_status":"open","ping_status":"open","sticky":false,"template":"","format":"standard","meta":{"iawp_total_views":21,"footnotes":""},"categories":[5,7],"tags":[],"class_list":["post-8534","post","type-post","status-publish","format-standard","has-post-thumbnail","hentry","category-actualidad","category-lorca"],"yoast_head":"<!-- This site is optimized with the Yoast SEO plugin v27.5 - https:\/\/yoast.com\/product\/yoast-seo-wordpress\/ -->\n<title>Lorca acoge del 5 al 8 de diciembre el Congreso Nacional Anual de Festifolk Espa\u00f1a 2025, organizado por Coros y Danzas Virgen de las Huertas - AREA LORCA RADIO<\/title>\n<meta name=\"robots\" content=\"index, follow, max-snippet:-1, max-image-preview:large, max-video-preview:-1\" \/>\n<link rel=\"canonical\" href=\"https:\/\/arealorcaradio.es\/index.php\/2025\/12\/02\/lorca-acoge-del-5-al-8-de-diciembre-el-congreso-nacional-anual-de-festifolk-espana-2025-organizado-por-coros-y-danzas-virgen-de-las-huertas\/\" \/>\n<meta property=\"og:locale\" content=\"es_ES\" \/>\n<meta property=\"og:type\" content=\"article\" \/>\n<meta property=\"og:title\" content=\"Lorca acoge del 5 al 8 de diciembre el Congreso Nacional Anual de Festifolk Espa\u00f1a 2025, organizado por Coros y Danzas Virgen de las Huertas - AREA LORCA RADIO\" \/>\n<meta property=\"og:description\" content=\"\u00c1REA LORCA RADIO. Tradiciones. Escucha aqu\u00ed la entrevista que ha concedido a Paco S\u00e1nchez en el magazine de \u00c1rea Lorca Radio, el presidente de\u00a0 Coros y Danzas Virgen de las Huertas, Luis Gonz\u00e1lez. Lorca, 2 de diciembre de 2025. FESTIFOLK-ESPA\u00d1A\u00a0se trata de una asociaci\u00f3n de organizadores de festivales internacionales de folklore en Espa\u00f1a, formada por [&hellip;]\" \/>\n<meta property=\"og:url\" content=\"https:\/\/arealorcaradio.es\/index.php\/2025\/12\/02\/lorca-acoge-del-5-al-8-de-diciembre-el-congreso-nacional-anual-de-festifolk-espana-2025-organizado-por-coros-y-danzas-virgen-de-las-huertas\/\" \/>\n<meta property=\"og:site_name\" content=\"AREA LORCA RADIO\" \/>\n<meta property=\"article:published_time\" content=\"2025-12-02T16:43:20+00:00\" \/>\n<meta property=\"article:modified_time\" content=\"2025-12-02T17:00:56+00:00\" \/>\n<meta property=\"og:image\" content=\"https:\/\/arealorcaradio.es\/wp-content\/uploads\/2025\/12\/Luis-Gonzalez.-Coros-Virgen-Huertas-scaled.jpg\" \/>\n\t<meta property=\"og:image:width\" content=\"2560\" \/>\n\t<meta property=\"og:image:height\" content=\"1920\" \/>\n\t<meta property=\"og:image:type\" content=\"image\/jpeg\" \/>\n<meta name=\"author\" content=\"Paco S\u00e1nchez\" \/>\n<meta name=\"twitter:card\" content=\"summary_large_image\" \/>\n<meta name=\"twitter:label1\" content=\"Escrito por\" \/>\n\t<meta name=\"twitter:data1\" content=\"Paco S\u00e1nchez\" \/>\n\t<meta name=\"twitter:label2\" content=\"Tiempo de lectura\" \/>\n\t<meta name=\"twitter:data2\" content=\"4 minutos\" \/>\n<script type=\"application\/ld+json\" class=\"yoast-schema-graph\">{\"@context\":\"https:\\\/\\\/schema.org\",\"@graph\":[{\"@type\":\"Article\",\"@id\":\"https:\\\/\\\/arealorcaradio.es\\\/index.php\\\/2025\\\/12\\\/02\\\/lorca-acoge-del-5-al-8-de-diciembre-el-congreso-nacional-anual-de-festifolk-espana-2025-organizado-por-coros-y-danzas-virgen-de-las-huertas\\\/#article\",\"isPartOf\":{\"@id\":\"https:\\\/\\\/arealorcaradio.es\\\/index.php\\\/2025\\\/12\\\/02\\\/lorca-acoge-del-5-al-8-de-diciembre-el-congreso-nacional-anual-de-festifolk-espana-2025-organizado-por-coros-y-danzas-virgen-de-las-huertas\\\/\"},\"author\":{\"name\":\"Paco S\u00e1nchez\",\"@id\":\"https:\\\/\\\/arealorcaradio.es\\\/#\\\/schema\\\/person\\\/9fae605fc25b0f2c83c1ab207139bd27\"},\"headline\":\"Lorca acoge del 5 al 8 de diciembre el Congreso Nacional Anual de Festifolk Espa\u00f1a 2025, organizado por Coros y Danzas Virgen de las Huertas\",\"datePublished\":\"2025-12-02T16:43:20+00:00\",\"dateModified\":\"2025-12-02T17:00:56+00:00\",\"mainEntityOfPage\":{\"@id\":\"https:\\\/\\\/arealorcaradio.es\\\/index.php\\\/2025\\\/12\\\/02\\\/lorca-acoge-del-5-al-8-de-diciembre-el-congreso-nacional-anual-de-festifolk-espana-2025-organizado-por-coros-y-danzas-virgen-de-las-huertas\\\/\"},\"wordCount\":677,\"commentCount\":0,\"image\":{\"@id\":\"https:\\\/\\\/arealorcaradio.es\\\/index.php\\\/2025\\\/12\\\/02\\\/lorca-acoge-del-5-al-8-de-diciembre-el-congreso-nacional-anual-de-festifolk-espana-2025-organizado-por-coros-y-danzas-virgen-de-las-huertas\\\/#primaryimage\"},\"thumbnailUrl\":\"https:\\\/\\\/arealorcaradio.es\\\/wp-content\\\/uploads\\\/2025\\\/12\\\/Luis-Gonzalez.-Coros-Virgen-Huertas-scaled.jpg\",\"articleSection\":[\"ACTUALIDAD\",\"LORCA\"],\"inLanguage\":\"es\",\"potentialAction\":[{\"@type\":\"CommentAction\",\"name\":\"Comment\",\"target\":[\"https:\\\/\\\/arealorcaradio.es\\\/index.php\\\/2025\\\/12\\\/02\\\/lorca-acoge-del-5-al-8-de-diciembre-el-congreso-nacional-anual-de-festifolk-espana-2025-organizado-por-coros-y-danzas-virgen-de-las-huertas\\\/#respond\"]}]},{\"@type\":\"WebPage\",\"@id\":\"https:\\\/\\\/arealorcaradio.es\\\/index.php\\\/2025\\\/12\\\/02\\\/lorca-acoge-del-5-al-8-de-diciembre-el-congreso-nacional-anual-de-festifolk-espana-2025-organizado-por-coros-y-danzas-virgen-de-las-huertas\\\/\",\"url\":\"https:\\\/\\\/arealorcaradio.es\\\/index.php\\\/2025\\\/12\\\/02\\\/lorca-acoge-del-5-al-8-de-diciembre-el-congreso-nacional-anual-de-festifolk-espana-2025-organizado-por-coros-y-danzas-virgen-de-las-huertas\\\/\",\"name\":\"Lorca acoge del 5 al 8 de diciembre el Congreso Nacional Anual de Festifolk Espa\u00f1a 2025, organizado por Coros y Danzas Virgen de las Huertas - AREA LORCA RADIO\",\"isPartOf\":{\"@id\":\"https:\\\/\\\/arealorcaradio.es\\\/#website\"},\"primaryImageOfPage\":{\"@id\":\"https:\\\/\\\/arealorcaradio.es\\\/index.php\\\/2025\\\/12\\\/02\\\/lorca-acoge-del-5-al-8-de-diciembre-el-congreso-nacional-anual-de-festifolk-espana-2025-organizado-por-coros-y-danzas-virgen-de-las-huertas\\\/#primaryimage\"},\"image\":{\"@id\":\"https:\\\/\\\/arealorcaradio.es\\\/index.php\\\/2025\\\/12\\\/02\\\/lorca-acoge-del-5-al-8-de-diciembre-el-congreso-nacional-anual-de-festifolk-espana-2025-organizado-por-coros-y-danzas-virgen-de-las-huertas\\\/#primaryimage\"},\"thumbnailUrl\":\"https:\\\/\\\/arealorcaradio.es\\\/wp-content\\\/uploads\\\/2025\\\/12\\\/Luis-Gonzalez.-Coros-Virgen-Huertas-scaled.jpg\",\"datePublished\":\"2025-12-02T16:43:20+00:00\",\"dateModified\":\"2025-12-02T17:00:56+00:00\",\"author\":{\"@id\":\"https:\\\/\\\/arealorcaradio.es\\\/#\\\/schema\\\/person\\\/9fae605fc25b0f2c83c1ab207139bd27\"},\"breadcrumb\":{\"@id\":\"https:\\\/\\\/arealorcaradio.es\\\/index.php\\\/2025\\\/12\\\/02\\\/lorca-acoge-del-5-al-8-de-diciembre-el-congreso-nacional-anual-de-festifolk-espana-2025-organizado-por-coros-y-danzas-virgen-de-las-huertas\\\/#breadcrumb\"},\"inLanguage\":\"es\",\"potentialAction\":[{\"@type\":\"ReadAction\",\"target\":[\"https:\\\/\\\/arealorcaradio.es\\\/index.php\\\/2025\\\/12\\\/02\\\/lorca-acoge-del-5-al-8-de-diciembre-el-congreso-nacional-anual-de-festifolk-espana-2025-organizado-por-coros-y-danzas-virgen-de-las-huertas\\\/\"]}]},{\"@type\":\"ImageObject\",\"inLanguage\":\"es\",\"@id\":\"https:\\\/\\\/arealorcaradio.es\\\/index.php\\\/2025\\\/12\\\/02\\\/lorca-acoge-del-5-al-8-de-diciembre-el-congreso-nacional-anual-de-festifolk-espana-2025-organizado-por-coros-y-danzas-virgen-de-las-huertas\\\/#primaryimage\",\"url\":\"https:\\\/\\\/arealorcaradio.es\\\/wp-content\\\/uploads\\\/2025\\\/12\\\/Luis-Gonzalez.-Coros-Virgen-Huertas-scaled.jpg\",\"contentUrl\":\"https:\\\/\\\/arealorcaradio.es\\\/wp-content\\\/uploads\\\/2025\\\/12\\\/Luis-Gonzalez.-Coros-Virgen-Huertas-scaled.jpg\",\"width\":2560,\"height\":1920},{\"@type\":\"BreadcrumbList\",\"@id\":\"https:\\\/\\\/arealorcaradio.es\\\/index.php\\\/2025\\\/12\\\/02\\\/lorca-acoge-del-5-al-8-de-diciembre-el-congreso-nacional-anual-de-festifolk-espana-2025-organizado-por-coros-y-danzas-virgen-de-las-huertas\\\/#breadcrumb\",\"itemListElement\":[{\"@type\":\"ListItem\",\"position\":1,\"name\":\"Portada\",\"item\":\"https:\\\/\\\/arealorcaradio.es\\\/\"},{\"@type\":\"ListItem\",\"position\":2,\"name\":\"Lorca acoge del 5 al 8 de diciembre el Congreso Nacional Anual de Festifolk Espa\u00f1a 2025, organizado por Coros y Danzas Virgen de las Huertas\"}]},{\"@type\":\"WebSite\",\"@id\":\"https:\\\/\\\/arealorcaradio.es\\\/#website\",\"url\":\"https:\\\/\\\/arealorcaradio.es\\\/\",\"name\":\"AREA LORCA RADIO\",\"description\":\"Descubre la programaci\u00f3n actual en \u00c1rea Lorca Radio, tu fuente de entrenamiento y noticias locales. Sintoniza ahora y mantente conectado online.\",\"potentialAction\":[{\"@type\":\"SearchAction\",\"target\":{\"@type\":\"EntryPoint\",\"urlTemplate\":\"https:\\\/\\\/arealorcaradio.es\\\/?s={search_term_string}\"},\"query-input\":{\"@type\":\"PropertyValueSpecification\",\"valueRequired\":true,\"valueName\":\"search_term_string\"}}],\"inLanguage\":\"es\"},{\"@type\":\"Person\",\"@id\":\"https:\\\/\\\/arealorcaradio.es\\\/#\\\/schema\\\/person\\\/9fae605fc25b0f2c83c1ab207139bd27\",\"name\":\"Paco S\u00e1nchez\",\"image\":{\"@type\":\"ImageObject\",\"inLanguage\":\"es\",\"@id\":\"https:\\\/\\\/secure.gravatar.com\\\/avatar\\\/d67144e966420fb74aa84c9f2a0103be4724fd14db52b52d3b6bca749f257e79?s=96&d=mm&r=g\",\"url\":\"https:\\\/\\\/secure.gravatar.com\\\/avatar\\\/d67144e966420fb74aa84c9f2a0103be4724fd14db52b52d3b6bca749f257e79?s=96&d=mm&r=g\",\"contentUrl\":\"https:\\\/\\\/secure.gravatar.com\\\/avatar\\\/d67144e966420fb74aa84c9f2a0103be4724fd14db52b52d3b6bca749f257e79?s=96&d=mm&r=g\",\"caption\":\"Paco S\u00e1nchez\"},\"sameAs\":[\"https:\\\/\\\/arealorcaradio.es\"],\"url\":\"https:\\\/\\\/arealorcaradio.es\\\/index.php\\\/author\\\/admin_alorcaradio\\\/\"}]}<\/script>\n<!-- \/ Yoast SEO plugin. -->","yoast_head_json":{"title":"Lorca acoge del 5 al 8 de diciembre el Congreso Nacional Anual de Festifolk Espa\u00f1a 2025, organizado por Coros y Danzas Virgen de las Huertas - AREA LORCA RADIO","robots":{"index":"index","follow":"follow","max-snippet":"max-snippet:-1","max-image-preview":"max-image-preview:large","max-video-preview":"max-video-preview:-1"},"canonical":"https:\/\/arealorcaradio.es\/index.php\/2025\/12\/02\/lorca-acoge-del-5-al-8-de-diciembre-el-congreso-nacional-anual-de-festifolk-espana-2025-organizado-por-coros-y-danzas-virgen-de-las-huertas\/","og_locale":"es_ES","og_type":"article","og_title":"Lorca acoge del 5 al 8 de diciembre el Congreso Nacional Anual de Festifolk Espa\u00f1a 2025, organizado por Coros y Danzas Virgen de las Huertas - AREA LORCA RADIO","og_description":"\u00c1REA LORCA RADIO. Tradiciones. Escucha aqu\u00ed la entrevista que ha concedido a Paco S\u00e1nchez en el magazine de \u00c1rea Lorca Radio, el presidente de\u00a0 Coros y Danzas Virgen de las Huertas, Luis Gonz\u00e1lez. Lorca, 2 de diciembre de 2025. FESTIFOLK-ESPA\u00d1A\u00a0se trata de una asociaci\u00f3n de organizadores de festivales internacionales de folklore en Espa\u00f1a, formada por [&hellip;]","og_url":"https:\/\/arealorcaradio.es\/index.php\/2025\/12\/02\/lorca-acoge-del-5-al-8-de-diciembre-el-congreso-nacional-anual-de-festifolk-espana-2025-organizado-por-coros-y-danzas-virgen-de-las-huertas\/","og_site_name":"AREA LORCA RADIO","article_published_time":"2025-12-02T16:43:20+00:00","article_modified_time":"2025-12-02T17:00:56+00:00","og_image":[{"width":2560,"height":1920,"url":"https:\/\/arealorcaradio.es\/wp-content\/uploads\/2025\/12\/Luis-Gonzalez.-Coros-Virgen-Huertas-scaled.jpg","type":"image\/jpeg"}],"author":"Paco S\u00e1nchez","twitter_card":"summary_large_image","twitter_misc":{"Escrito por":"Paco S\u00e1nchez","Tiempo de lectura":"4 minutos"},"schema":{"@context":"https:\/\/schema.org","@graph":[{"@type":"Article","@id":"https:\/\/arealorcaradio.es\/index.php\/2025\/12\/02\/lorca-acoge-del-5-al-8-de-diciembre-el-congreso-nacional-anual-de-festifolk-espana-2025-organizado-por-coros-y-danzas-virgen-de-las-huertas\/#article","isPartOf":{"@id":"https:\/\/arealorcaradio.es\/index.php\/2025\/12\/02\/lorca-acoge-del-5-al-8-de-diciembre-el-congreso-nacional-anual-de-festifolk-espana-2025-organizado-por-coros-y-danzas-virgen-de-las-huertas\/"},"author":{"name":"Paco S\u00e1nchez","@id":"https:\/\/arealorcaradio.es\/#\/schema\/person\/9fae605fc25b0f2c83c1ab207139bd27"},"headline":"Lorca acoge del 5 al 8 de diciembre el Congreso Nacional Anual de Festifolk Espa\u00f1a 2025, organizado por Coros y Danzas Virgen de las Huertas","datePublished":"2025-12-02T16:43:20+00:00","dateModified":"2025-12-02T17:00:56+00:00","mainEntityOfPage":{"@id":"https:\/\/arealorcaradio.es\/index.php\/2025\/12\/02\/lorca-acoge-del-5-al-8-de-diciembre-el-congreso-nacional-anual-de-festifolk-espana-2025-organizado-por-coros-y-danzas-virgen-de-las-huertas\/"},"wordCount":677,"commentCount":0,"image":{"@id":"https:\/\/arealorcaradio.es\/index.php\/2025\/12\/02\/lorca-acoge-del-5-al-8-de-diciembre-el-congreso-nacional-anual-de-festifolk-espana-2025-organizado-por-coros-y-danzas-virgen-de-las-huertas\/#primaryimage"},"thumbnailUrl":"https:\/\/arealorcaradio.es\/wp-content\/uploads\/2025\/12\/Luis-Gonzalez.-Coros-Virgen-Huertas-scaled.jpg","articleSection":["ACTUALIDAD","LORCA"],"inLanguage":"es","potentialAction":[{"@type":"CommentAction","name":"Comment","target":["https:\/\/arealorcaradio.es\/index.php\/2025\/12\/02\/lorca-acoge-del-5-al-8-de-diciembre-el-congreso-nacional-anual-de-festifolk-espana-2025-organizado-por-coros-y-danzas-virgen-de-las-huertas\/#respond"]}]},{"@type":"WebPage","@id":"https:\/\/arealorcaradio.es\/index.php\/2025\/12\/02\/lorca-acoge-del-5-al-8-de-diciembre-el-congreso-nacional-anual-de-festifolk-espana-2025-organizado-por-coros-y-danzas-virgen-de-las-huertas\/","url":"https:\/\/arealorcaradio.es\/index.php\/2025\/12\/02\/lorca-acoge-del-5-al-8-de-diciembre-el-congreso-nacional-anual-de-festifolk-espana-2025-organizado-por-coros-y-danzas-virgen-de-las-huertas\/","name":"Lorca acoge del 5 al 8 de diciembre el Congreso Nacional Anual de Festifolk Espa\u00f1a 2025, organizado por Coros y Danzas Virgen de las Huertas - AREA LORCA RADIO","isPartOf":{"@id":"https:\/\/arealorcaradio.es\/#website"},"primaryImageOfPage":{"@id":"https:\/\/arealorcaradio.es\/index.php\/2025\/12\/02\/lorca-acoge-del-5-al-8-de-diciembre-el-congreso-nacional-anual-de-festifolk-espana-2025-organizado-por-coros-y-danzas-virgen-de-las-huertas\/#primaryimage"},"image":{"@id":"https:\/\/arealorcaradio.es\/index.php\/2025\/12\/02\/lorca-acoge-del-5-al-8-de-diciembre-el-congreso-nacional-anual-de-festifolk-espana-2025-organizado-por-coros-y-danzas-virgen-de-las-huertas\/#primaryimage"},"thumbnailUrl":"https:\/\/arealorcaradio.es\/wp-content\/uploads\/2025\/12\/Luis-Gonzalez.-Coros-Virgen-Huertas-scaled.jpg","datePublished":"2025-12-02T16:43:20+00:00","dateModified":"2025-12-02T17:00:56+00:00","author":{"@id":"https:\/\/arealorcaradio.es\/#\/schema\/person\/9fae605fc25b0f2c83c1ab207139bd27"},"breadcrumb":{"@id":"https:\/\/arealorcaradio.es\/index.php\/2025\/12\/02\/lorca-acoge-del-5-al-8-de-diciembre-el-congreso-nacional-anual-de-festifolk-espana-2025-organizado-por-coros-y-danzas-virgen-de-las-huertas\/#breadcrumb"},"inLanguage":"es","potentialAction":[{"@type":"ReadAction","target":["https:\/\/arealorcaradio.es\/index.php\/2025\/12\/02\/lorca-acoge-del-5-al-8-de-diciembre-el-congreso-nacional-anual-de-festifolk-espana-2025-organizado-por-coros-y-danzas-virgen-de-las-huertas\/"]}]},{"@type":"ImageObject","inLanguage":"es","@id":"https:\/\/arealorcaradio.es\/index.php\/2025\/12\/02\/lorca-acoge-del-5-al-8-de-diciembre-el-congreso-nacional-anual-de-festifolk-espana-2025-organizado-por-coros-y-danzas-virgen-de-las-huertas\/#primaryimage","url":"https:\/\/arealorcaradio.es\/wp-content\/uploads\/2025\/12\/Luis-Gonzalez.-Coros-Virgen-Huertas-scaled.jpg","contentUrl":"https:\/\/arealorcaradio.es\/wp-content\/uploads\/2025\/12\/Luis-Gonzalez.-Coros-Virgen-Huertas-scaled.jpg","width":2560,"height":1920},{"@type":"BreadcrumbList","@id":"https:\/\/arealorcaradio.es\/index.php\/2025\/12\/02\/lorca-acoge-del-5-al-8-de-diciembre-el-congreso-nacional-anual-de-festifolk-espana-2025-organizado-por-coros-y-danzas-virgen-de-las-huertas\/#breadcrumb","itemListElement":[{"@type":"ListItem","position":1,"name":"Portada","item":"https:\/\/arealorcaradio.es\/"},{"@type":"ListItem","position":2,"name":"Lorca acoge del 5 al 8 de diciembre el Congreso Nacional Anual de Festifolk Espa\u00f1a 2025, organizado por Coros y Danzas Virgen de las Huertas"}]},{"@type":"WebSite","@id":"https:\/\/arealorcaradio.es\/#website","url":"https:\/\/arealorcaradio.es\/","name":"AREA LORCA RADIO","description":"Descubre la programaci\u00f3n actual en \u00c1rea Lorca Radio, tu fuente de entrenamiento y noticias locales. Sintoniza ahora y mantente conectado online.","potentialAction":[{"@type":"SearchAction","target":{"@type":"EntryPoint","urlTemplate":"https:\/\/arealorcaradio.es\/?s={search_term_string}"},"query-input":{"@type":"PropertyValueSpecification","valueRequired":true,"valueName":"search_term_string"}}],"inLanguage":"es"},{"@type":"Person","@id":"https:\/\/arealorcaradio.es\/#\/schema\/person\/9fae605fc25b0f2c83c1ab207139bd27","name":"Paco S\u00e1nchez","image":{"@type":"ImageObject","inLanguage":"es","@id":"https:\/\/secure.gravatar.com\/avatar\/d67144e966420fb74aa84c9f2a0103be4724fd14db52b52d3b6bca749f257e79?s=96&d=mm&r=g","url":"https:\/\/secure.gravatar.com\/avatar\/d67144e966420fb74aa84c9f2a0103be4724fd14db52b52d3b6bca749f257e79?s=96&d=mm&r=g","contentUrl":"https:\/\/secure.gravatar.com\/avatar\/d67144e966420fb74aa84c9f2a0103be4724fd14db52b52d3b6bca749f257e79?s=96&d=mm&r=g","caption":"Paco S\u00e1nchez"},"sameAs":["https:\/\/arealorcaradio.es"],"url":"https:\/\/arealorcaradio.es\/index.php\/author\/admin_alorcaradio\/"}]}},"_links":{"self":[{"href":"https:\/\/arealorcaradio.es\/index.php\/wp-json\/wp\/v2\/posts\/8534","targetHints":{"allow":["GET"]}}],"collection":[{"href":"https:\/\/arealorcaradio.es\/index.php\/wp-json\/wp\/v2\/posts"}],"about":[{"href":"https:\/\/arealorcaradio.es\/index.php\/wp-json\/wp\/v2\/types\/post"}],"author":[{"embeddable":true,"href":"https:\/\/arealorcaradio.es\/index.php\/wp-json\/wp\/v2\/users\/1"}],"replies":[{"embeddable":true,"href":"https:\/\/arealorcaradio.es\/index.php\/wp-json\/wp\/v2\/comments?post=8534"}],"version-history":[{"count":3,"href":"https:\/\/arealorcaradio.es\/index.php\/wp-json\/wp\/v2\/posts\/8534\/revisions"}],"predecessor-version":[{"id":8547,"href":"https:\/\/arealorcaradio.es\/index.php\/wp-json\/wp\/v2\/posts\/8534\/revisions\/8547"}],"wp:featuredmedia":[{"embeddable":true,"href":"https:\/\/arealorcaradio.es\/index.php\/wp-json\/wp\/v2\/media\/8535"}],"wp:attachment":[{"href":"https:\/\/arealorcaradio.es\/index.php\/wp-json\/wp\/v2\/media?parent=8534"}],"wp:term":[{"taxonomy":"category","embeddable":true,"href":"https:\/\/arealorcaradio.es\/index.php\/wp-json\/wp\/v2\/categories?post=8534"},{"taxonomy":"post_tag","embeddable":true,"href":"https:\/\/arealorcaradio.es\/index.php\/wp-json\/wp\/v2\/tags?post=8534"}],"curies":[{"name":"wp","href":"https:\/\/api.w.org\/{rel}","templated":true}]}}