{"id":8525,"date":"2025-12-01T18:51:53","date_gmt":"2025-12-01T18:51:53","guid":{"rendered":"https:\/\/arealorcaradio.es\/?p=8525"},"modified":"2025-12-01T18:51:53","modified_gmt":"2025-12-01T18:51:53","slug":"dani-albiar-estoy-convencido-de-que-estaremos-muy-arriba-en-la-clasificacion","status":"publish","type":"post","link":"https:\/\/arealorcaradio.es\/index.php\/2025\/12\/01\/dani-albiar-estoy-convencido-de-que-estaremos-muy-arriba-en-la-clasificacion\/","title":{"rendered":"Dani Albiar: \u00abEstoy convencido de que estaremos muy arriba en la clasificaci\u00f3n\u00bb"},"content":{"rendered":"<p><strong>\u00c1REA LORCA RADIO. Deportes.<\/strong><\/p>\n<p>Escucha aqu\u00ed la entrevista que ha concedido Dani Albiar a Paco S\u00e1nchez en el programa deportivo de \u00c1rea Lorca Radio. El centrocampista acumula 136 minutos en seis partidos de lo que va de temporada, con un balance de cuatro victorias, un empate y una derrota.<\/p>\n<audio class=\"wp-audio-shortcode\" id=\"audio-8525-1\" preload=\"none\" style=\"width: 100%;\" controls=\"controls\"><source type=\"audio\/mpeg\" src=\"https:\/\/arealorcaradio.es\/wp-content\/uploads\/2025\/12\/011225-DANI-ALBIAR.-POST-AT.-MALAGUENO.mp3?_=1\" \/><a href=\"https:\/\/arealorcaradio.es\/wp-content\/uploads\/2025\/12\/011225-DANI-ALBIAR.-POST-AT.-MALAGUENO.mp3\">https:\/\/arealorcaradio.es\/wp-content\/uploads\/2025\/12\/011225-DANI-ALBIAR.-POST-AT.-MALAGUENO.mp3<\/a><\/audio>\n<p><img loading=\"lazy\" decoding=\"async\" class=\"alignnone size-medium wp-image-8528\" src=\"https:\/\/arealorcaradio.es\/wp-content\/uploads\/2025\/12\/WhatsApp-Image-2025-12-01-at-16.10.41-4-225x300.jpeg\" alt=\"\" width=\"225\" height=\"300\" srcset=\"https:\/\/arealorcaradio.es\/wp-content\/uploads\/2025\/12\/WhatsApp-Image-2025-12-01-at-16.10.41-4-225x300.jpeg 225w, https:\/\/arealorcaradio.es\/wp-content\/uploads\/2025\/12\/WhatsApp-Image-2025-12-01-at-16.10.41-4-768x1024.jpeg 768w, https:\/\/arealorcaradio.es\/wp-content\/uploads\/2025\/12\/WhatsApp-Image-2025-12-01-at-16.10.41-4-1152x1536.jpeg 1152w, https:\/\/arealorcaradio.es\/wp-content\/uploads\/2025\/12\/WhatsApp-Image-2025-12-01-at-16.10.41-4.jpeg 1200w\" sizes=\"auto, (max-width: 225px) 100vw, 225px\" \/> <img loading=\"lazy\" decoding=\"async\" class=\"alignnone size-medium wp-image-8529\" src=\"https:\/\/arealorcaradio.es\/wp-content\/uploads\/2025\/12\/WhatsApp-Image-2025-12-01-at-16.10.41-1-200x300.jpeg\" alt=\"\" width=\"200\" height=\"300\" srcset=\"https:\/\/arealorcaradio.es\/wp-content\/uploads\/2025\/12\/WhatsApp-Image-2025-12-01-at-16.10.41-1-200x300.jpeg 200w, https:\/\/arealorcaradio.es\/wp-content\/uploads\/2025\/12\/WhatsApp-Image-2025-12-01-at-16.10.41-1-682x1024.jpeg 682w, https:\/\/arealorcaradio.es\/wp-content\/uploads\/2025\/12\/WhatsApp-Image-2025-12-01-at-16.10.41-1-768x1153.jpeg 768w, https:\/\/arealorcaradio.es\/wp-content\/uploads\/2025\/12\/WhatsApp-Image-2025-12-01-at-16.10.41-1-1023x1536.jpeg 1023w, https:\/\/arealorcaradio.es\/wp-content\/uploads\/2025\/12\/WhatsApp-Image-2025-12-01-at-16.10.41-1.jpeg 1066w\" sizes=\"auto, (max-width: 200px) 100vw, 200px\" \/> <img loading=\"lazy\" decoding=\"async\" class=\"alignnone size-medium wp-image-8530\" src=\"https:\/\/arealorcaradio.es\/wp-content\/uploads\/2025\/12\/WhatsApp-Image-2025-12-01-at-16.10.41-2-200x300.jpeg\" alt=\"\" width=\"200\" height=\"300\" srcset=\"https:\/\/arealorcaradio.es\/wp-content\/uploads\/2025\/12\/WhatsApp-Image-2025-12-01-at-16.10.41-2-200x300.jpeg 200w, https:\/\/arealorcaradio.es\/wp-content\/uploads\/2025\/12\/WhatsApp-Image-2025-12-01-at-16.10.41-2-682x1024.jpeg 682w, https:\/\/arealorcaradio.es\/wp-content\/uploads\/2025\/12\/WhatsApp-Image-2025-12-01-at-16.10.41-2-768x1153.jpeg 768w, https:\/\/arealorcaradio.es\/wp-content\/uploads\/2025\/12\/WhatsApp-Image-2025-12-01-at-16.10.41-2-1023x1536.jpeg 1023w, https:\/\/arealorcaradio.es\/wp-content\/uploads\/2025\/12\/WhatsApp-Image-2025-12-01-at-16.10.41-2.jpeg 1066w\" sizes=\"auto, (max-width: 200px) 100vw, 200px\" \/><img loading=\"lazy\" decoding=\"async\" class=\"alignnone size-medium wp-image-8531\" src=\"https:\/\/arealorcaradio.es\/wp-content\/uploads\/2025\/12\/WhatsApp-Image-2025-12-01-at-16.10.41-3-200x300.jpeg\" alt=\"\" width=\"200\" height=\"300\" srcset=\"https:\/\/arealorcaradio.es\/wp-content\/uploads\/2025\/12\/WhatsApp-Image-2025-12-01-at-16.10.41-3-200x300.jpeg 200w, https:\/\/arealorcaradio.es\/wp-content\/uploads\/2025\/12\/WhatsApp-Image-2025-12-01-at-16.10.41-3-682x1024.jpeg 682w, https:\/\/arealorcaradio.es\/wp-content\/uploads\/2025\/12\/WhatsApp-Image-2025-12-01-at-16.10.41-3-768x1153.jpeg 768w, https:\/\/arealorcaradio.es\/wp-content\/uploads\/2025\/12\/WhatsApp-Image-2025-12-01-at-16.10.41-3-1023x1536.jpeg 1023w, https:\/\/arealorcaradio.es\/wp-content\/uploads\/2025\/12\/WhatsApp-Image-2025-12-01-at-16.10.41-3.jpeg 1066w\" sizes=\"auto, (max-width: 200px) 100vw, 200px\" \/> <img loading=\"lazy\" decoding=\"async\" class=\"alignnone size-medium wp-image-8532\" src=\"https:\/\/arealorcaradio.es\/wp-content\/uploads\/2025\/12\/WhatsApp-Image-2025-12-01-at-16.10.41-300x200.jpeg\" alt=\"\" width=\"300\" height=\"200\" srcset=\"https:\/\/arealorcaradio.es\/wp-content\/uploads\/2025\/12\/WhatsApp-Image-2025-12-01-at-16.10.41-300x200.jpeg 300w, https:\/\/arealorcaradio.es\/wp-content\/uploads\/2025\/12\/WhatsApp-Image-2025-12-01-at-16.10.41-1024x683.jpeg 1024w, https:\/\/arealorcaradio.es\/wp-content\/uploads\/2025\/12\/WhatsApp-Image-2025-12-01-at-16.10.41-768x512.jpeg 768w, https:\/\/arealorcaradio.es\/wp-content\/uploads\/2025\/12\/WhatsApp-Image-2025-12-01-at-16.10.41-1536x1024.jpeg 1536w, https:\/\/arealorcaradio.es\/wp-content\/uploads\/2025\/12\/WhatsApp-Image-2025-12-01-at-16.10.41.jpeg 1920w\" sizes=\"auto, (max-width: 300px) 100vw, 300px\" \/><\/p>\n","protected":false},"excerpt":{"rendered":"<p>\u00c1REA LORCA RADIO. Deportes. Escucha aqu\u00ed la entrevista que ha concedido Dani Albiar a Paco S\u00e1nchez en el programa deportivo de \u00c1rea Lorca Radio. El centrocampista acumula 136 minutos en seis partidos de lo que va de temporada, con un balance de cuatro victorias, un empate y una derrota.<\/p>\n","protected":false},"author":1,"featured_media":8527,"comment_status":"open","ping_status":"open","sticky":false,"template":"","format":"standard","meta":{"iawp_total_views":76,"footnotes":""},"categories":[4,7],"tags":[],"class_list":["post-8525","post","type-post","status-publish","format-standard","has-post-thumbnail","hentry","category-deportes","category-lorca"],"yoast_head":"<!-- This site is optimized with the Yoast SEO plugin v27.5 - https:\/\/yoast.com\/product\/yoast-seo-wordpress\/ -->\n<title>Dani Albiar: &quot;Estoy convencido de que estaremos muy arriba en la clasificaci\u00f3n&quot; - AREA LORCA RADIO<\/title>\n<meta name=\"robots\" content=\"index, follow, max-snippet:-1, max-image-preview:large, max-video-preview:-1\" \/>\n<link rel=\"canonical\" href=\"https:\/\/arealorcaradio.es\/index.php\/2025\/12\/01\/dani-albiar-estoy-convencido-de-que-estaremos-muy-arriba-en-la-clasificacion\/\" \/>\n<meta property=\"og:locale\" content=\"es_ES\" \/>\n<meta property=\"og:type\" content=\"article\" \/>\n<meta property=\"og:title\" content=\"Dani Albiar: &quot;Estoy convencido de que estaremos muy arriba en la clasificaci\u00f3n&quot; - AREA LORCA RADIO\" \/>\n<meta property=\"og:description\" content=\"\u00c1REA LORCA RADIO. Deportes. Escucha aqu\u00ed la entrevista que ha concedido Dani Albiar a Paco S\u00e1nchez en el programa deportivo de \u00c1rea Lorca Radio. El centrocampista acumula 136 minutos en seis partidos de lo que va de temporada, con un balance de cuatro victorias, un empate y una derrota.\" \/>\n<meta property=\"og:url\" content=\"https:\/\/arealorcaradio.es\/index.php\/2025\/12\/01\/dani-albiar-estoy-convencido-de-que-estaremos-muy-arriba-en-la-clasificacion\/\" \/>\n<meta property=\"og:site_name\" content=\"AREA LORCA RADIO\" \/>\n<meta property=\"article:published_time\" content=\"2025-12-01T18:51:53+00:00\" \/>\n<meta property=\"og:image\" content=\"https:\/\/arealorcaradio.es\/wp-content\/uploads\/2025\/12\/WhatsApp-Image-2025-12-01-at-16.10.41-5.jpeg\" \/>\n\t<meta property=\"og:image:width\" content=\"1600\" \/>\n\t<meta property=\"og:image:height\" content=\"1200\" \/>\n\t<meta property=\"og:image:type\" content=\"image\/jpeg\" \/>\n<meta name=\"author\" content=\"Paco S\u00e1nchez\" \/>\n<meta name=\"twitter:card\" content=\"summary_large_image\" \/>\n<meta name=\"twitter:label1\" content=\"Escrito por\" \/>\n\t<meta name=\"twitter:data1\" content=\"Paco S\u00e1nchez\" \/>\n\t<meta name=\"twitter:label2\" content=\"Tiempo de lectura\" \/>\n\t<meta name=\"twitter:data2\" content=\"2 minutos\" \/>\n<script type=\"application\/ld+json\" class=\"yoast-schema-graph\">{\"@context\":\"https:\\\/\\\/schema.org\",\"@graph\":[{\"@type\":\"Article\",\"@id\":\"https:\\\/\\\/arealorcaradio.es\\\/index.php\\\/2025\\\/12\\\/01\\\/dani-albiar-estoy-convencido-de-que-estaremos-muy-arriba-en-la-clasificacion\\\/#article\",\"isPartOf\":{\"@id\":\"https:\\\/\\\/arealorcaradio.es\\\/index.php\\\/2025\\\/12\\\/01\\\/dani-albiar-estoy-convencido-de-que-estaremos-muy-arriba-en-la-clasificacion\\\/\"},\"author\":{\"name\":\"Paco S\u00e1nchez\",\"@id\":\"https:\\\/\\\/arealorcaradio.es\\\/#\\\/schema\\\/person\\\/9fae605fc25b0f2c83c1ab207139bd27\"},\"headline\":\"Dani Albiar: \u00abEstoy convencido de que estaremos muy arriba en la clasificaci\u00f3n\u00bb\",\"datePublished\":\"2025-12-01T18:51:53+00:00\",\"mainEntityOfPage\":{\"@id\":\"https:\\\/\\\/arealorcaradio.es\\\/index.php\\\/2025\\\/12\\\/01\\\/dani-albiar-estoy-convencido-de-que-estaremos-muy-arriba-en-la-clasificacion\\\/\"},\"wordCount\":74,\"commentCount\":0,\"image\":{\"@id\":\"https:\\\/\\\/arealorcaradio.es\\\/index.php\\\/2025\\\/12\\\/01\\\/dani-albiar-estoy-convencido-de-que-estaremos-muy-arriba-en-la-clasificacion\\\/#primaryimage\"},\"thumbnailUrl\":\"https:\\\/\\\/arealorcaradio.es\\\/wp-content\\\/uploads\\\/2025\\\/12\\\/WhatsApp-Image-2025-12-01-at-16.10.41-5.jpeg\",\"articleSection\":[\"DEPORTES\",\"LORCA\"],\"inLanguage\":\"es\",\"potentialAction\":[{\"@type\":\"CommentAction\",\"name\":\"Comment\",\"target\":[\"https:\\\/\\\/arealorcaradio.es\\\/index.php\\\/2025\\\/12\\\/01\\\/dani-albiar-estoy-convencido-de-que-estaremos-muy-arriba-en-la-clasificacion\\\/#respond\"]}]},{\"@type\":\"WebPage\",\"@id\":\"https:\\\/\\\/arealorcaradio.es\\\/index.php\\\/2025\\\/12\\\/01\\\/dani-albiar-estoy-convencido-de-que-estaremos-muy-arriba-en-la-clasificacion\\\/\",\"url\":\"https:\\\/\\\/arealorcaradio.es\\\/index.php\\\/2025\\\/12\\\/01\\\/dani-albiar-estoy-convencido-de-que-estaremos-muy-arriba-en-la-clasificacion\\\/\",\"name\":\"Dani Albiar: \\\"Estoy convencido de que estaremos muy arriba en la clasificaci\u00f3n\\\" - AREA LORCA RADIO\",\"isPartOf\":{\"@id\":\"https:\\\/\\\/arealorcaradio.es\\\/#website\"},\"primaryImageOfPage\":{\"@id\":\"https:\\\/\\\/arealorcaradio.es\\\/index.php\\\/2025\\\/12\\\/01\\\/dani-albiar-estoy-convencido-de-que-estaremos-muy-arriba-en-la-clasificacion\\\/#primaryimage\"},\"image\":{\"@id\":\"https:\\\/\\\/arealorcaradio.es\\\/index.php\\\/2025\\\/12\\\/01\\\/dani-albiar-estoy-convencido-de-que-estaremos-muy-arriba-en-la-clasificacion\\\/#primaryimage\"},\"thumbnailUrl\":\"https:\\\/\\\/arealorcaradio.es\\\/wp-content\\\/uploads\\\/2025\\\/12\\\/WhatsApp-Image-2025-12-01-at-16.10.41-5.jpeg\",\"datePublished\":\"2025-12-01T18:51:53+00:00\",\"author\":{\"@id\":\"https:\\\/\\\/arealorcaradio.es\\\/#\\\/schema\\\/person\\\/9fae605fc25b0f2c83c1ab207139bd27\"},\"breadcrumb\":{\"@id\":\"https:\\\/\\\/arealorcaradio.es\\\/index.php\\\/2025\\\/12\\\/01\\\/dani-albiar-estoy-convencido-de-que-estaremos-muy-arriba-en-la-clasificacion\\\/#breadcrumb\"},\"inLanguage\":\"es\",\"potentialAction\":[{\"@type\":\"ReadAction\",\"target\":[\"https:\\\/\\\/arealorcaradio.es\\\/index.php\\\/2025\\\/12\\\/01\\\/dani-albiar-estoy-convencido-de-que-estaremos-muy-arriba-en-la-clasificacion\\\/\"]}]},{\"@type\":\"ImageObject\",\"inLanguage\":\"es\",\"@id\":\"https:\\\/\\\/arealorcaradio.es\\\/index.php\\\/2025\\\/12\\\/01\\\/dani-albiar-estoy-convencido-de-que-estaremos-muy-arriba-en-la-clasificacion\\\/#primaryimage\",\"url\":\"https:\\\/\\\/arealorcaradio.es\\\/wp-content\\\/uploads\\\/2025\\\/12\\\/WhatsApp-Image-2025-12-01-at-16.10.41-5.jpeg\",\"contentUrl\":\"https:\\\/\\\/arealorcaradio.es\\\/wp-content\\\/uploads\\\/2025\\\/12\\\/WhatsApp-Image-2025-12-01-at-16.10.41-5.jpeg\",\"width\":1600,\"height\":1200},{\"@type\":\"BreadcrumbList\",\"@id\":\"https:\\\/\\\/arealorcaradio.es\\\/index.php\\\/2025\\\/12\\\/01\\\/dani-albiar-estoy-convencido-de-que-estaremos-muy-arriba-en-la-clasificacion\\\/#breadcrumb\",\"itemListElement\":[{\"@type\":\"ListItem\",\"position\":1,\"name\":\"Portada\",\"item\":\"https:\\\/\\\/arealorcaradio.es\\\/\"},{\"@type\":\"ListItem\",\"position\":2,\"name\":\"Dani Albiar: \u00abEstoy convencido de que estaremos muy arriba en la clasificaci\u00f3n\u00bb\"}]},{\"@type\":\"WebSite\",\"@id\":\"https:\\\/\\\/arealorcaradio.es\\\/#website\",\"url\":\"https:\\\/\\\/arealorcaradio.es\\\/\",\"name\":\"AREA LORCA RADIO\",\"description\":\"Descubre la programaci\u00f3n actual en \u00c1rea Lorca Radio, tu fuente de entrenamiento y noticias locales. Sintoniza ahora y mantente conectado online.\",\"potentialAction\":[{\"@type\":\"SearchAction\",\"target\":{\"@type\":\"EntryPoint\",\"urlTemplate\":\"https:\\\/\\\/arealorcaradio.es\\\/?s={search_term_string}\"},\"query-input\":{\"@type\":\"PropertyValueSpecification\",\"valueRequired\":true,\"valueName\":\"search_term_string\"}}],\"inLanguage\":\"es\"},{\"@type\":\"Person\",\"@id\":\"https:\\\/\\\/arealorcaradio.es\\\/#\\\/schema\\\/person\\\/9fae605fc25b0f2c83c1ab207139bd27\",\"name\":\"Paco S\u00e1nchez\",\"image\":{\"@type\":\"ImageObject\",\"inLanguage\":\"es\",\"@id\":\"https:\\\/\\\/secure.gravatar.com\\\/avatar\\\/d67144e966420fb74aa84c9f2a0103be4724fd14db52b52d3b6bca749f257e79?s=96&d=mm&r=g\",\"url\":\"https:\\\/\\\/secure.gravatar.com\\\/avatar\\\/d67144e966420fb74aa84c9f2a0103be4724fd14db52b52d3b6bca749f257e79?s=96&d=mm&r=g\",\"contentUrl\":\"https:\\\/\\\/secure.gravatar.com\\\/avatar\\\/d67144e966420fb74aa84c9f2a0103be4724fd14db52b52d3b6bca749f257e79?s=96&d=mm&r=g\",\"caption\":\"Paco S\u00e1nchez\"},\"sameAs\":[\"https:\\\/\\\/arealorcaradio.es\"],\"url\":\"https:\\\/\\\/arealorcaradio.es\\\/index.php\\\/author\\\/admin_alorcaradio\\\/\"}]}<\/script>\n<!-- \/ Yoast SEO plugin. -->","yoast_head_json":{"title":"Dani Albiar: \"Estoy convencido de que estaremos muy arriba en la clasificaci\u00f3n\" - AREA LORCA RADIO","robots":{"index":"index","follow":"follow","max-snippet":"max-snippet:-1","max-image-preview":"max-image-preview:large","max-video-preview":"max-video-preview:-1"},"canonical":"https:\/\/arealorcaradio.es\/index.php\/2025\/12\/01\/dani-albiar-estoy-convencido-de-que-estaremos-muy-arriba-en-la-clasificacion\/","og_locale":"es_ES","og_type":"article","og_title":"Dani Albiar: \"Estoy convencido de que estaremos muy arriba en la clasificaci\u00f3n\" - AREA LORCA RADIO","og_description":"\u00c1REA LORCA RADIO. Deportes. Escucha aqu\u00ed la entrevista que ha concedido Dani Albiar a Paco S\u00e1nchez en el programa deportivo de \u00c1rea Lorca Radio. El centrocampista acumula 136 minutos en seis partidos de lo que va de temporada, con un balance de cuatro victorias, un empate y una derrota.","og_url":"https:\/\/arealorcaradio.es\/index.php\/2025\/12\/01\/dani-albiar-estoy-convencido-de-que-estaremos-muy-arriba-en-la-clasificacion\/","og_site_name":"AREA LORCA RADIO","article_published_time":"2025-12-01T18:51:53+00:00","og_image":[{"width":1600,"height":1200,"url":"https:\/\/arealorcaradio.es\/wp-content\/uploads\/2025\/12\/WhatsApp-Image-2025-12-01-at-16.10.41-5.jpeg","type":"image\/jpeg"}],"author":"Paco S\u00e1nchez","twitter_card":"summary_large_image","twitter_misc":{"Escrito por":"Paco S\u00e1nchez","Tiempo de lectura":"2 minutos"},"schema":{"@context":"https:\/\/schema.org","@graph":[{"@type":"Article","@id":"https:\/\/arealorcaradio.es\/index.php\/2025\/12\/01\/dani-albiar-estoy-convencido-de-que-estaremos-muy-arriba-en-la-clasificacion\/#article","isPartOf":{"@id":"https:\/\/arealorcaradio.es\/index.php\/2025\/12\/01\/dani-albiar-estoy-convencido-de-que-estaremos-muy-arriba-en-la-clasificacion\/"},"author":{"name":"Paco S\u00e1nchez","@id":"https:\/\/arealorcaradio.es\/#\/schema\/person\/9fae605fc25b0f2c83c1ab207139bd27"},"headline":"Dani Albiar: \u00abEstoy convencido de que estaremos muy arriba en la clasificaci\u00f3n\u00bb","datePublished":"2025-12-01T18:51:53+00:00","mainEntityOfPage":{"@id":"https:\/\/arealorcaradio.es\/index.php\/2025\/12\/01\/dani-albiar-estoy-convencido-de-que-estaremos-muy-arriba-en-la-clasificacion\/"},"wordCount":74,"commentCount":0,"image":{"@id":"https:\/\/arealorcaradio.es\/index.php\/2025\/12\/01\/dani-albiar-estoy-convencido-de-que-estaremos-muy-arriba-en-la-clasificacion\/#primaryimage"},"thumbnailUrl":"https:\/\/arealorcaradio.es\/wp-content\/uploads\/2025\/12\/WhatsApp-Image-2025-12-01-at-16.10.41-5.jpeg","articleSection":["DEPORTES","LORCA"],"inLanguage":"es","potentialAction":[{"@type":"CommentAction","name":"Comment","target":["https:\/\/arealorcaradio.es\/index.php\/2025\/12\/01\/dani-albiar-estoy-convencido-de-que-estaremos-muy-arriba-en-la-clasificacion\/#respond"]}]},{"@type":"WebPage","@id":"https:\/\/arealorcaradio.es\/index.php\/2025\/12\/01\/dani-albiar-estoy-convencido-de-que-estaremos-muy-arriba-en-la-clasificacion\/","url":"https:\/\/arealorcaradio.es\/index.php\/2025\/12\/01\/dani-albiar-estoy-convencido-de-que-estaremos-muy-arriba-en-la-clasificacion\/","name":"Dani Albiar: \"Estoy convencido de que estaremos muy arriba en la clasificaci\u00f3n\" - AREA LORCA RADIO","isPartOf":{"@id":"https:\/\/arealorcaradio.es\/#website"},"primaryImageOfPage":{"@id":"https:\/\/arealorcaradio.es\/index.php\/2025\/12\/01\/dani-albiar-estoy-convencido-de-que-estaremos-muy-arriba-en-la-clasificacion\/#primaryimage"},"image":{"@id":"https:\/\/arealorcaradio.es\/index.php\/2025\/12\/01\/dani-albiar-estoy-convencido-de-que-estaremos-muy-arriba-en-la-clasificacion\/#primaryimage"},"thumbnailUrl":"https:\/\/arealorcaradio.es\/wp-content\/uploads\/2025\/12\/WhatsApp-Image-2025-12-01-at-16.10.41-5.jpeg","datePublished":"2025-12-01T18:51:53+00:00","author":{"@id":"https:\/\/arealorcaradio.es\/#\/schema\/person\/9fae605fc25b0f2c83c1ab207139bd27"},"breadcrumb":{"@id":"https:\/\/arealorcaradio.es\/index.php\/2025\/12\/01\/dani-albiar-estoy-convencido-de-que-estaremos-muy-arriba-en-la-clasificacion\/#breadcrumb"},"inLanguage":"es","potentialAction":[{"@type":"ReadAction","target":["https:\/\/arealorcaradio.es\/index.php\/2025\/12\/01\/dani-albiar-estoy-convencido-de-que-estaremos-muy-arriba-en-la-clasificacion\/"]}]},{"@type":"ImageObject","inLanguage":"es","@id":"https:\/\/arealorcaradio.es\/index.php\/2025\/12\/01\/dani-albiar-estoy-convencido-de-que-estaremos-muy-arriba-en-la-clasificacion\/#primaryimage","url":"https:\/\/arealorcaradio.es\/wp-content\/uploads\/2025\/12\/WhatsApp-Image-2025-12-01-at-16.10.41-5.jpeg","contentUrl":"https:\/\/arealorcaradio.es\/wp-content\/uploads\/2025\/12\/WhatsApp-Image-2025-12-01-at-16.10.41-5.jpeg","width":1600,"height":1200},{"@type":"BreadcrumbList","@id":"https:\/\/arealorcaradio.es\/index.php\/2025\/12\/01\/dani-albiar-estoy-convencido-de-que-estaremos-muy-arriba-en-la-clasificacion\/#breadcrumb","itemListElement":[{"@type":"ListItem","position":1,"name":"Portada","item":"https:\/\/arealorcaradio.es\/"},{"@type":"ListItem","position":2,"name":"Dani Albiar: \u00abEstoy convencido de que estaremos muy arriba en la clasificaci\u00f3n\u00bb"}]},{"@type":"WebSite","@id":"https:\/\/arealorcaradio.es\/#website","url":"https:\/\/arealorcaradio.es\/","name":"AREA LORCA RADIO","description":"Descubre la programaci\u00f3n actual en \u00c1rea Lorca Radio, tu fuente de entrenamiento y noticias locales. Sintoniza ahora y mantente conectado online.","potentialAction":[{"@type":"SearchAction","target":{"@type":"EntryPoint","urlTemplate":"https:\/\/arealorcaradio.es\/?s={search_term_string}"},"query-input":{"@type":"PropertyValueSpecification","valueRequired":true,"valueName":"search_term_string"}}],"inLanguage":"es"},{"@type":"Person","@id":"https:\/\/arealorcaradio.es\/#\/schema\/person\/9fae605fc25b0f2c83c1ab207139bd27","name":"Paco S\u00e1nchez","image":{"@type":"ImageObject","inLanguage":"es","@id":"https:\/\/secure.gravatar.com\/avatar\/d67144e966420fb74aa84c9f2a0103be4724fd14db52b52d3b6bca749f257e79?s=96&d=mm&r=g","url":"https:\/\/secure.gravatar.com\/avatar\/d67144e966420fb74aa84c9f2a0103be4724fd14db52b52d3b6bca749f257e79?s=96&d=mm&r=g","contentUrl":"https:\/\/secure.gravatar.com\/avatar\/d67144e966420fb74aa84c9f2a0103be4724fd14db52b52d3b6bca749f257e79?s=96&d=mm&r=g","caption":"Paco S\u00e1nchez"},"sameAs":["https:\/\/arealorcaradio.es"],"url":"https:\/\/arealorcaradio.es\/index.php\/author\/admin_alorcaradio\/"}]}},"_links":{"self":[{"href":"https:\/\/arealorcaradio.es\/index.php\/wp-json\/wp\/v2\/posts\/8525","targetHints":{"allow":["GET"]}}],"collection":[{"href":"https:\/\/arealorcaradio.es\/index.php\/wp-json\/wp\/v2\/posts"}],"about":[{"href":"https:\/\/arealorcaradio.es\/index.php\/wp-json\/wp\/v2\/types\/post"}],"author":[{"embeddable":true,"href":"https:\/\/arealorcaradio.es\/index.php\/wp-json\/wp\/v2\/users\/1"}],"replies":[{"embeddable":true,"href":"https:\/\/arealorcaradio.es\/index.php\/wp-json\/wp\/v2\/comments?post=8525"}],"version-history":[{"count":1,"href":"https:\/\/arealorcaradio.es\/index.php\/wp-json\/wp\/v2\/posts\/8525\/revisions"}],"predecessor-version":[{"id":8533,"href":"https:\/\/arealorcaradio.es\/index.php\/wp-json\/wp\/v2\/posts\/8525\/revisions\/8533"}],"wp:featuredmedia":[{"embeddable":true,"href":"https:\/\/arealorcaradio.es\/index.php\/wp-json\/wp\/v2\/media\/8527"}],"wp:attachment":[{"href":"https:\/\/arealorcaradio.es\/index.php\/wp-json\/wp\/v2\/media?parent=8525"}],"wp:term":[{"taxonomy":"category","embeddable":true,"href":"https:\/\/arealorcaradio.es\/index.php\/wp-json\/wp\/v2\/categories?post=8525"},{"taxonomy":"post_tag","embeddable":true,"href":"https:\/\/arealorcaradio.es\/index.php\/wp-json\/wp\/v2\/tags?post=8525"}],"curies":[{"name":"wp","href":"https:\/\/api.w.org\/{rel}","templated":true}]}}