{"id":8511,"date":"2025-11-27T17:53:52","date_gmt":"2025-11-27T17:53:52","guid":{"rendered":"https:\/\/arealorcaradio.es\/?p=8511"},"modified":"2025-11-27T17:53:52","modified_gmt":"2025-11-27T17:53:52","slug":"el-ayuntamiento-nombra-al-historiador-manuel-munoz-clares-y-al-arqueologo-andres-martinez-rodriguez-cronistas-oficiales-de-lorca","status":"publish","type":"post","link":"https:\/\/arealorcaradio.es\/index.php\/2025\/11\/27\/el-ayuntamiento-nombra-al-historiador-manuel-munoz-clares-y-al-arqueologo-andres-martinez-rodriguez-cronistas-oficiales-de-lorca\/","title":{"rendered":"El Ayuntamiento nombra al historiador Manuel Mu\u00f1oz Clares y al arque\u00f3logo Andr\u00e9s Mart\u00ednez Rodr\u00edguez, cronistas oficiales de Lorca"},"content":{"rendered":"<p><strong>\u00c1REA LORCA RADIO. Reconocimientos.<\/strong><\/p>\n<p class=\"v1MsoNormal\">Escucha aqu\u00ed la entrevista que han concedido a Paco S\u00e1nchez en el programa magazine de \u00c1rea Lorca Radio, los nuevos cronistas de la ciudad de Lorca, Manuel Mu\u00f1oz Clares y Andr\u00e9s Mart\u00ednez Rodr\u00edguez.<\/p>\n<audio class=\"wp-audio-shortcode\" id=\"audio-8511-1\" preload=\"none\" style=\"width: 100%;\" controls=\"controls\"><source type=\"audio\/mpeg\" src=\"https:\/\/arealorcaradio.es\/wp-content\/uploads\/2025\/11\/271125-MANUEL-MUNOZ-Y-ANDRES-MARTINEZ.mp3?_=1\" \/><a href=\"https:\/\/arealorcaradio.es\/wp-content\/uploads\/2025\/11\/271125-MANUEL-MUNOZ-Y-ANDRES-MARTINEZ.mp3\">https:\/\/arealorcaradio.es\/wp-content\/uploads\/2025\/11\/271125-MANUEL-MUNOZ-Y-ANDRES-MARTINEZ.mp3<\/a><\/audio>\n<p class=\"v1MsoNormal\"><b>Lorca, 27 de noviembre de 2025. <\/b>Manuel Mu\u00f1oz Clares y Andr\u00e9s Mart\u00ednez Rodr\u00edguez han sido nombrados cronistas oficiales de Lorca por el Pleno municipal, en el transcurso de la sesi\u00f3n extraordinaria que se ha celebrado este pasado mi\u00e9rcoles en la Casa Consistorial y que se oficializar\u00e1 p\u00fablicamente en un acto solemne que tendr\u00e1 lugar el pr\u00f3ximo 12 de diciembre, a las 20 horas, al que acudir\u00e1 la corporaci\u00f3n municipal y que tendr\u00e1 como escenario la antigua Colegial de San Patricio en los pr\u00f3ximos d\u00edas. As\u00ed lo ha anunciado el alcalde, Fulgencio Gil J\u00f3dar, quien ha recordado que la ciudad permanec\u00eda en &#8216;sede vacante&#8217; desde el fallecimiento del \u00faltimo cronista oficial de Lorca, el que fuera archivero municipal Juan Guirao Garc\u00eda, en agosto de 2020.<\/p>\n<p class=\"v1MsoNormal\"><img loading=\"lazy\" decoding=\"async\" class=\"alignnone size-medium wp-image-8515\" src=\"https:\/\/arealorcaradio.es\/wp-content\/uploads\/2025\/11\/Nuevos-cronistas-de-Lorca-1-300x200.jpeg\" alt=\"\" width=\"300\" height=\"200\" srcset=\"https:\/\/arealorcaradio.es\/wp-content\/uploads\/2025\/11\/Nuevos-cronistas-de-Lorca-1-300x200.jpeg 300w, https:\/\/arealorcaradio.es\/wp-content\/uploads\/2025\/11\/Nuevos-cronistas-de-Lorca-1-1024x682.jpeg 1024w, https:\/\/arealorcaradio.es\/wp-content\/uploads\/2025\/11\/Nuevos-cronistas-de-Lorca-1-768x512.jpeg 768w, https:\/\/arealorcaradio.es\/wp-content\/uploads\/2025\/11\/Nuevos-cronistas-de-Lorca-1-1536x1023.jpeg 1536w, https:\/\/arealorcaradio.es\/wp-content\/uploads\/2025\/11\/Nuevos-cronistas-de-Lorca-1.jpeg 1600w\" sizes=\"auto, (max-width: 300px) 100vw, 300px\" \/> <img loading=\"lazy\" decoding=\"async\" class=\"alignnone size-medium wp-image-8516\" src=\"https:\/\/arealorcaradio.es\/wp-content\/uploads\/2025\/11\/Nuevos-cronistas-de-Lorca-4-300x200.jpeg\" alt=\"\" width=\"300\" height=\"200\" srcset=\"https:\/\/arealorcaradio.es\/wp-content\/uploads\/2025\/11\/Nuevos-cronistas-de-Lorca-4-300x200.jpeg 300w, https:\/\/arealorcaradio.es\/wp-content\/uploads\/2025\/11\/Nuevos-cronistas-de-Lorca-4-1024x682.jpeg 1024w, https:\/\/arealorcaradio.es\/wp-content\/uploads\/2025\/11\/Nuevos-cronistas-de-Lorca-4-768x512.jpeg 768w, https:\/\/arealorcaradio.es\/wp-content\/uploads\/2025\/11\/Nuevos-cronistas-de-Lorca-4-1536x1023.jpeg 1536w, https:\/\/arealorcaradio.es\/wp-content\/uploads\/2025\/11\/Nuevos-cronistas-de-Lorca-4.jpeg 1600w\" sizes=\"auto, (max-width: 300px) 100vw, 300px\" \/><\/p>\n<p class=\"v1MsoNormal\">\u00abNombrarlos cronistas oficiales no s\u00f3lo es un reconocimiento justo a la labor de ambos, sino tambi\u00e9n una garant\u00eda de que la historia de Lorca seguir\u00e1 siendo contada con la sensibilidad, el rigor y el amor que exige\u00bb, ha dicho el alcalde, quien ha destacado \u00absus acreditadas y extensas labores de estudio, investigaci\u00f3n, divulgaci\u00f3n del patrimonio y aspectos hist\u00f3ricos, y su compromiso continuado con la preservaci\u00f3n y proyecci\u00f3n de la memoria colectiva de la ciudad\u00bb.<\/p>\n<p class=\"v1MsoNormal\">Gil J\u00f3dar ha se\u00f1alado que la figura del cronista est\u00e1 \u00abprofundamente arraigada en la identidad cultural de cada localidad. Su nombramiento por parte de las Entidades Locales responde a las cualidades personales y al profundo conocimiento que el candidato posee sobre el municipio en el que reside. Esta labor, de car\u00e1cter honor\u00edfico, se ejerce movida por el afecto y la entrega hacia el municipio, constituyendo una aut\u00e9ntica dedicaci\u00f3n &#8216;gratia et amore&#8217;, tan escasa y valiosa en los tiempos que corren\u00bb.<\/p>\n<p class=\"v1MsoNormal\">Y ha a\u00f1adido que \u00abal cronista oficial se le encomienda la misi\u00f3n de preservar y difundir los valores culturales del municipio, fomentar la investigaci\u00f3n hist\u00f3rica y patrimonial, y ofrecer asesoramiento a las autoridades y organismos de la Administraci\u00f3n en todas aquellas cuestiones relacionadas con la memoria colectiva y el legado local. Tras m\u00e1s de cinco a\u00f1os desde el fallecimiento de Juan Guirao Garc\u00eda, \u00faltimo cronista oficial de Lorca, parec\u00eda llegado el momento de designar a un nuevo \u2013o nuevos- cronistas que contin\u00faen esta noble tarea en un municipio reconocido por su relevancia hist\u00f3rica y patrimonial\u00bb.<\/p>\n<p class=\"v1MsoNormal\"><strong><img loading=\"lazy\" decoding=\"async\" class=\"alignnone size-medium wp-image-8517\" src=\"https:\/\/arealorcaradio.es\/wp-content\/uploads\/2025\/11\/Nuevos-cronistas-de-Lorca-3-300x200.jpeg\" alt=\"\" width=\"300\" height=\"200\" srcset=\"https:\/\/arealorcaradio.es\/wp-content\/uploads\/2025\/11\/Nuevos-cronistas-de-Lorca-3-300x200.jpeg 300w, https:\/\/arealorcaradio.es\/wp-content\/uploads\/2025\/11\/Nuevos-cronistas-de-Lorca-3-1024x682.jpeg 1024w, https:\/\/arealorcaradio.es\/wp-content\/uploads\/2025\/11\/Nuevos-cronistas-de-Lorca-3-768x512.jpeg 768w, https:\/\/arealorcaradio.es\/wp-content\/uploads\/2025\/11\/Nuevos-cronistas-de-Lorca-3-1536x1023.jpeg 1536w, https:\/\/arealorcaradio.es\/wp-content\/uploads\/2025\/11\/Nuevos-cronistas-de-Lorca-3.jpeg 1600w\" sizes=\"auto, (max-width: 300px) 100vw, 300px\" \/> <img loading=\"lazy\" decoding=\"async\" class=\"alignnone size-medium wp-image-8518\" src=\"https:\/\/arealorcaradio.es\/wp-content\/uploads\/2025\/11\/Nuevos-cronistas-de-Lorca-2-300x200.jpeg\" alt=\"\" width=\"300\" height=\"200\" srcset=\"https:\/\/arealorcaradio.es\/wp-content\/uploads\/2025\/11\/Nuevos-cronistas-de-Lorca-2-300x200.jpeg 300w, https:\/\/arealorcaradio.es\/wp-content\/uploads\/2025\/11\/Nuevos-cronistas-de-Lorca-2-1024x682.jpeg 1024w, https:\/\/arealorcaradio.es\/wp-content\/uploads\/2025\/11\/Nuevos-cronistas-de-Lorca-2-768x512.jpeg 768w, https:\/\/arealorcaradio.es\/wp-content\/uploads\/2025\/11\/Nuevos-cronistas-de-Lorca-2-1536x1023.jpeg 1536w, https:\/\/arealorcaradio.es\/wp-content\/uploads\/2025\/11\/Nuevos-cronistas-de-Lorca-2.jpeg 1600w\" sizes=\"auto, (max-width: 300px) 100vw, 300px\" \/><\/strong><\/p>\n<p class=\"v1MsoNormal\"><strong>Manuel Mu\u00f1oz Clares<\/strong>, nacido en Murcia, en 1959, ha aportado que es licenciado en Geograf\u00eda e Historia, con especialidad en Historia del Arte por la Universidad de Murcia. Desde 1987 desarrolla su labor profesional en el Archivo Municipal de Lorca como funcionario del Ayuntamiento, donde ha combinado su trabajo con una intensa actividad investigadora centrada en la historia del arte regional, especialmente en la pintura de los siglos XVI al XVIII. \u00abSu primer estudio, dedicado al pintor lorquino Pedro Camacho Felices de Alis\u00e9n, marc\u00f3 el inicio de una trayectoria acad\u00e9mica que ha dado lugar a numerosas monograf\u00edas, art\u00edculos y conferencias\u00bb.<\/p>\n<p class=\"v1MsoNormal\">Su campo de estudio se ha extendido tambi\u00e9n a otras localidades murcianas como Mula, Bullas, Mazarr\u00f3n o Caravaca, abordando temas como la iconograf\u00eda, el grabado y la fotograf\u00eda. Ha sido colaborador de la Gran Enciclopedia de la Regi\u00f3n de Murcia, miembro del comit\u00e9 cient\u00edfico del proyecto &#8216;Huellas&#8217;, y profesor invitado en el m\u00e1ster de Patrimonio Hist\u00f3rico de la Universidad de Murcia. Desde 1998 es Acad\u00e9mico Correspondiente de la Real Academia Alfonso X el Sabio.<\/p>\n<p class=\"v1MsoNormal\">Buena parte de su producci\u00f3n se centra en Lorca, con especial atenci\u00f3n a su patrimonio art\u00edstico y monumental, y a la Semana Santa, sobre la que ha investigado aspectos como las Procesiones B\u00edblico Pasionales y la arquitectura de las sedes de las cofrad\u00edas de blancos y azules. Ha coordinado publicaciones como Cuadernos Esp\u00edn y codirige la revista Clavis. Y ha dedicado parte de su labor a la edici\u00f3n y recuperaci\u00f3n de textos cl\u00e1sicos de la historiograf\u00eda local, como los manuscritos de Esp\u00edn Rael o las obras de Vargas, Escobar Barber\u00e1n y Montoya Lillo.<\/p>\n<p class=\"v1MsoNormal\">Entre sus investigaciones destacan trabajos sobre el Castillo de Lorca, el Teatro Guerra, las iglesias del Carmen y San Francisco, la capilla del Rosario, el convento de clarisas y los \u00f3rganos hist\u00f3ricos de la ciudad. Su obra m\u00e1s difundida es el libro sobre el santuario de la Virgen de las Huertas, que ya cuenta con dos ediciones.<\/p>\n<p class=\"v1MsoNormal\">\u00abResulta evidente que Manuel Mu\u00f1oz Clares representa con solvencia y merecimiento la figura del cronista oficial que Lorca necesita. Su extensa trayectoria como investigador, divulgador y defensor del patrimonio hist\u00f3rico-art\u00edstico del municipio ha dejado una huella profunda en la vida cultural de la ciudad. Su conocimiento riguroso del arte lorquino, su dedicaci\u00f3n al estudio de sus monumentos, tradiciones y personajes, y su capacidad para transmitirlo con claridad y sensibilidad lo convierten en un referente indiscutible\u00bb, ha resaltado.<\/p>\n<p class=\"v1MsoNormal\"><strong>Andr\u00e9s Mart\u00ednez Rodr\u00edguez<\/strong>, lorquino, nacido en 1959, ha recordado que es arque\u00f3logo e historiador \u00abcon una trayectoria profesional estrechamente ligada al estudio, la conservaci\u00f3n y la divulgaci\u00f3n del patrimonio cultural de su ciudad natal\u00bb. Desde 1985 ha estado vinculado al Ayuntamiento de Lorca como arque\u00f3logo municipal, \u00abdesempe\u00f1ando una labor clave en el desarrollo de la normativa de excavaciones arqueol\u00f3gicas en colaboraci\u00f3n con el Servicio de Patrimonio Hist\u00f3rico de la Comunidad Aut\u00f3noma de la Regi\u00f3n de Murcia. Su compromiso con el conocimiento y la protecci\u00f3n del pasado local se ha traducido en una intensa actividad investigadora, centrada en la arqueolog\u00eda, la museolog\u00eda y la historia de Lorca\u00bb, ha agregado.<\/p>\n<p class=\"v1MsoNormal\">A lo largo de su carrera ha dirigido o codirigido m\u00e1s de cuarenta proyectos de excavaci\u00f3n arqueol\u00f3gica preventiva en el casco urbano y el t\u00e9rmino municipal de Lorca, \u00abentre los que destacan intervenciones en la juder\u00eda del Castillo, el palacio califal bajo el convento de la Virgen de las Huertas, yacimientos como venta Ossete, Torre de Sancho Manuel, Los Cipreses o La Quintilla, as\u00ed como enclaves como Torralba, Pe\u00f1a Mar\u00eda, el castillo de Xiquena o la Balsa de la Reina Mora. Estas investigaciones han contado con la colaboraci\u00f3n de destacados especialistas de la Universidad de Murcia y otros profesionales del \u00e1mbito arqueol\u00f3gico\u00bb, ha enumerado el alcalde.<\/p>\n<p class=\"v1MsoNormal\">Uno de sus logros m\u00e1s significativos ha sido la direcci\u00f3n del Museo Arqueol\u00f3gico Municipal de Lorca, inaugurado en 1992, \u00abcuyo proyecto museol\u00f3gico y museogr\u00e1fico redact\u00f3 personalmente\u00bb, ha recordado Gil J\u00f3dar, para significar que, desde entonces, ha estado al frente de esta instituci\u00f3n, convirti\u00e9ndola en un referente para la difusi\u00f3n del patrimonio local. \u00abSu labor ha sido reconocida con su participaci\u00f3n como vocal en el Consejo de Museos de la Regi\u00f3n de Murcia en dos periodos distintos\u00bb.<\/p>\n<p class=\"v1MsoNormal\">En el \u00e1mbito acad\u00e9mico, Andr\u00e9s Mart\u00ednez, es licenciado en Historia del Arte y en Historia Antigua y Arqueolog\u00eda por la Universidad de Murcia. Y en 2012 alcanz\u00f3 el grado de doctor en Historia Medieval con una tesis cum laude sobre las fuentes arqueol\u00f3gicas para la reconstrucci\u00f3n hist\u00f3rica de Lorca entre los siglos XII y XIII, dirigida por el profesor Juan Francisco Jim\u00e9nez Alc\u00e1zar.<\/p>\n<p class=\"v1MsoNormal\">Adem\u00e1s, de su labor investigadora y muse\u00edstica, \u00abha desarrollado una intensa actividad divulgadora. Es autor de m\u00e1s de diez libros y numerosas publicaciones, y ha impartido conferencias en universidades e instituciones culturales. Su enfoque se basa en contar el pasado con sencillez, claridad y rigor, convencido de que estos son los pilares fundamentales para facilitar la comprensi\u00f3n y la proyecci\u00f3n cultural de la historia local\u00bb, ha contado.<\/p>\n<p class=\"v1MsoNormal\">Ha considerado, que \u00abresulta evidente que Andr\u00e9s Mart\u00ednez Rodr\u00edguez encarna con plenitud la figura del cronista oficial que Lorca merece. Su trayectoria profesional, marcada por el rigor acad\u00e9mico, la entrega institucional y una profunda vocaci\u00f3n divulgadora, ha contribuido de forma decisiva a preservar y proyectar la memoria hist\u00f3rica del municipio. Su conocimiento exhaustivo del patrimonio local, su capacidad para comunicarlo con claridad y pasi\u00f3n, y su compromiso sostenido durante d\u00e9cadas con la ciudad lo convierten en el candidato id\u00f3neo para asumir esta responsabilidad honor\u00edfica\u00bb.<\/p>\n<p class=\"v1MsoNormal\">Por \u00faltimo, ha reiterado que el nombramiento oficial de Manuel Mu\u00f1oz Clares y Andr\u00e9s Mart\u00ednez Rodr\u00edguez como cronistas oficiales de Lorca tendr\u00e1 lugar en un acto solemne que se celebrar\u00e1 en la antigua Colegial de San Patricio el pr\u00f3ximo 12 de diciembre, al que asistir\u00e1 la corporaci\u00f3n municipal.<\/p>\n","protected":false},"excerpt":{"rendered":"<p>\u00c1REA LORCA RADIO. Reconocimientos. Escucha aqu\u00ed la entrevista que han concedido a Paco S\u00e1nchez en el programa magazine de \u00c1rea Lorca Radio, los nuevos cronistas de la ciudad de Lorca, Manuel Mu\u00f1oz Clares y Andr\u00e9s Mart\u00ednez Rodr\u00edguez. Lorca, 27 de noviembre de 2025. Manuel Mu\u00f1oz Clares y Andr\u00e9s Mart\u00ednez Rodr\u00edguez han sido nombrados cronistas oficiales [&hellip;]<\/p>\n","protected":false},"author":1,"featured_media":8513,"comment_status":"open","ping_status":"open","sticky":false,"template":"","format":"standard","meta":{"iawp_total_views":10,"footnotes":""},"categories":[5,7],"tags":[],"class_list":["post-8511","post","type-post","status-publish","format-standard","has-post-thumbnail","hentry","category-actualidad","category-lorca"],"yoast_head":"<!-- This site is optimized with the Yoast SEO plugin v27.5 - https:\/\/yoast.com\/product\/yoast-seo-wordpress\/ -->\n<title>El Ayuntamiento nombra al historiador Manuel Mu\u00f1oz Clares y al arque\u00f3logo Andr\u00e9s Mart\u00ednez Rodr\u00edguez, cronistas oficiales de Lorca - AREA LORCA RADIO<\/title>\n<meta name=\"robots\" content=\"index, follow, max-snippet:-1, max-image-preview:large, max-video-preview:-1\" \/>\n<link rel=\"canonical\" href=\"https:\/\/arealorcaradio.es\/index.php\/2025\/11\/27\/el-ayuntamiento-nombra-al-historiador-manuel-munoz-clares-y-al-arqueologo-andres-martinez-rodriguez-cronistas-oficiales-de-lorca\/\" \/>\n<meta property=\"og:locale\" content=\"es_ES\" \/>\n<meta property=\"og:type\" content=\"article\" \/>\n<meta property=\"og:title\" content=\"El Ayuntamiento nombra al historiador Manuel Mu\u00f1oz Clares y al arque\u00f3logo Andr\u00e9s Mart\u00ednez Rodr\u00edguez, cronistas oficiales de Lorca - AREA LORCA RADIO\" \/>\n<meta property=\"og:description\" content=\"\u00c1REA LORCA RADIO. Reconocimientos. Escucha aqu\u00ed la entrevista que han concedido a Paco S\u00e1nchez en el programa magazine de \u00c1rea Lorca Radio, los nuevos cronistas de la ciudad de Lorca, Manuel Mu\u00f1oz Clares y Andr\u00e9s Mart\u00ednez Rodr\u00edguez. Lorca, 27 de noviembre de 2025. Manuel Mu\u00f1oz Clares y Andr\u00e9s Mart\u00ednez Rodr\u00edguez han sido nombrados cronistas oficiales [&hellip;]\" \/>\n<meta property=\"og:url\" content=\"https:\/\/arealorcaradio.es\/index.php\/2025\/11\/27\/el-ayuntamiento-nombra-al-historiador-manuel-munoz-clares-y-al-arqueologo-andres-martinez-rodriguez-cronistas-oficiales-de-lorca\/\" \/>\n<meta property=\"og:site_name\" content=\"AREA LORCA RADIO\" \/>\n<meta property=\"article:published_time\" content=\"2025-11-27T17:53:52+00:00\" \/>\n<meta property=\"og:image\" content=\"https:\/\/arealorcaradio.es\/wp-content\/uploads\/2025\/11\/20251127_173352-scaled.jpg\" \/>\n\t<meta property=\"og:image:width\" content=\"2560\" \/>\n\t<meta property=\"og:image:height\" content=\"1920\" \/>\n\t<meta property=\"og:image:type\" content=\"image\/jpeg\" \/>\n<meta name=\"author\" content=\"Paco S\u00e1nchez\" \/>\n<meta name=\"twitter:card\" content=\"summary_large_image\" \/>\n<meta name=\"twitter:label1\" content=\"Escrito por\" \/>\n\t<meta name=\"twitter:data1\" content=\"Paco S\u00e1nchez\" \/>\n\t<meta name=\"twitter:label2\" content=\"Tiempo de lectura\" \/>\n\t<meta name=\"twitter:data2\" content=\"8 minutos\" \/>\n<script type=\"application\/ld+json\" class=\"yoast-schema-graph\">{\"@context\":\"https:\\\/\\\/schema.org\",\"@graph\":[{\"@type\":\"Article\",\"@id\":\"https:\\\/\\\/arealorcaradio.es\\\/index.php\\\/2025\\\/11\\\/27\\\/el-ayuntamiento-nombra-al-historiador-manuel-munoz-clares-y-al-arqueologo-andres-martinez-rodriguez-cronistas-oficiales-de-lorca\\\/#article\",\"isPartOf\":{\"@id\":\"https:\\\/\\\/arealorcaradio.es\\\/index.php\\\/2025\\\/11\\\/27\\\/el-ayuntamiento-nombra-al-historiador-manuel-munoz-clares-y-al-arqueologo-andres-martinez-rodriguez-cronistas-oficiales-de-lorca\\\/\"},\"author\":{\"name\":\"Paco S\u00e1nchez\",\"@id\":\"https:\\\/\\\/arealorcaradio.es\\\/#\\\/schema\\\/person\\\/9fae605fc25b0f2c83c1ab207139bd27\"},\"headline\":\"El Ayuntamiento nombra al historiador Manuel Mu\u00f1oz Clares y al arque\u00f3logo Andr\u00e9s Mart\u00ednez Rodr\u00edguez, cronistas oficiales de Lorca\",\"datePublished\":\"2025-11-27T17:53:52+00:00\",\"mainEntityOfPage\":{\"@id\":\"https:\\\/\\\/arealorcaradio.es\\\/index.php\\\/2025\\\/11\\\/27\\\/el-ayuntamiento-nombra-al-historiador-manuel-munoz-clares-y-al-arqueologo-andres-martinez-rodriguez-cronistas-oficiales-de-lorca\\\/\"},\"wordCount\":1526,\"commentCount\":0,\"image\":{\"@id\":\"https:\\\/\\\/arealorcaradio.es\\\/index.php\\\/2025\\\/11\\\/27\\\/el-ayuntamiento-nombra-al-historiador-manuel-munoz-clares-y-al-arqueologo-andres-martinez-rodriguez-cronistas-oficiales-de-lorca\\\/#primaryimage\"},\"thumbnailUrl\":\"https:\\\/\\\/arealorcaradio.es\\\/wp-content\\\/uploads\\\/2025\\\/11\\\/20251127_173352-scaled.jpg\",\"articleSection\":[\"ACTUALIDAD\",\"LORCA\"],\"inLanguage\":\"es\",\"potentialAction\":[{\"@type\":\"CommentAction\",\"name\":\"Comment\",\"target\":[\"https:\\\/\\\/arealorcaradio.es\\\/index.php\\\/2025\\\/11\\\/27\\\/el-ayuntamiento-nombra-al-historiador-manuel-munoz-clares-y-al-arqueologo-andres-martinez-rodriguez-cronistas-oficiales-de-lorca\\\/#respond\"]}]},{\"@type\":\"WebPage\",\"@id\":\"https:\\\/\\\/arealorcaradio.es\\\/index.php\\\/2025\\\/11\\\/27\\\/el-ayuntamiento-nombra-al-historiador-manuel-munoz-clares-y-al-arqueologo-andres-martinez-rodriguez-cronistas-oficiales-de-lorca\\\/\",\"url\":\"https:\\\/\\\/arealorcaradio.es\\\/index.php\\\/2025\\\/11\\\/27\\\/el-ayuntamiento-nombra-al-historiador-manuel-munoz-clares-y-al-arqueologo-andres-martinez-rodriguez-cronistas-oficiales-de-lorca\\\/\",\"name\":\"El Ayuntamiento nombra al historiador Manuel Mu\u00f1oz Clares y al arque\u00f3logo Andr\u00e9s Mart\u00ednez Rodr\u00edguez, cronistas oficiales de Lorca - AREA LORCA RADIO\",\"isPartOf\":{\"@id\":\"https:\\\/\\\/arealorcaradio.es\\\/#website\"},\"primaryImageOfPage\":{\"@id\":\"https:\\\/\\\/arealorcaradio.es\\\/index.php\\\/2025\\\/11\\\/27\\\/el-ayuntamiento-nombra-al-historiador-manuel-munoz-clares-y-al-arqueologo-andres-martinez-rodriguez-cronistas-oficiales-de-lorca\\\/#primaryimage\"},\"image\":{\"@id\":\"https:\\\/\\\/arealorcaradio.es\\\/index.php\\\/2025\\\/11\\\/27\\\/el-ayuntamiento-nombra-al-historiador-manuel-munoz-clares-y-al-arqueologo-andres-martinez-rodriguez-cronistas-oficiales-de-lorca\\\/#primaryimage\"},\"thumbnailUrl\":\"https:\\\/\\\/arealorcaradio.es\\\/wp-content\\\/uploads\\\/2025\\\/11\\\/20251127_173352-scaled.jpg\",\"datePublished\":\"2025-11-27T17:53:52+00:00\",\"author\":{\"@id\":\"https:\\\/\\\/arealorcaradio.es\\\/#\\\/schema\\\/person\\\/9fae605fc25b0f2c83c1ab207139bd27\"},\"breadcrumb\":{\"@id\":\"https:\\\/\\\/arealorcaradio.es\\\/index.php\\\/2025\\\/11\\\/27\\\/el-ayuntamiento-nombra-al-historiador-manuel-munoz-clares-y-al-arqueologo-andres-martinez-rodriguez-cronistas-oficiales-de-lorca\\\/#breadcrumb\"},\"inLanguage\":\"es\",\"potentialAction\":[{\"@type\":\"ReadAction\",\"target\":[\"https:\\\/\\\/arealorcaradio.es\\\/index.php\\\/2025\\\/11\\\/27\\\/el-ayuntamiento-nombra-al-historiador-manuel-munoz-clares-y-al-arqueologo-andres-martinez-rodriguez-cronistas-oficiales-de-lorca\\\/\"]}]},{\"@type\":\"ImageObject\",\"inLanguage\":\"es\",\"@id\":\"https:\\\/\\\/arealorcaradio.es\\\/index.php\\\/2025\\\/11\\\/27\\\/el-ayuntamiento-nombra-al-historiador-manuel-munoz-clares-y-al-arqueologo-andres-martinez-rodriguez-cronistas-oficiales-de-lorca\\\/#primaryimage\",\"url\":\"https:\\\/\\\/arealorcaradio.es\\\/wp-content\\\/uploads\\\/2025\\\/11\\\/20251127_173352-scaled.jpg\",\"contentUrl\":\"https:\\\/\\\/arealorcaradio.es\\\/wp-content\\\/uploads\\\/2025\\\/11\\\/20251127_173352-scaled.jpg\",\"width\":2560,\"height\":1920},{\"@type\":\"BreadcrumbList\",\"@id\":\"https:\\\/\\\/arealorcaradio.es\\\/index.php\\\/2025\\\/11\\\/27\\\/el-ayuntamiento-nombra-al-historiador-manuel-munoz-clares-y-al-arqueologo-andres-martinez-rodriguez-cronistas-oficiales-de-lorca\\\/#breadcrumb\",\"itemListElement\":[{\"@type\":\"ListItem\",\"position\":1,\"name\":\"Portada\",\"item\":\"https:\\\/\\\/arealorcaradio.es\\\/\"},{\"@type\":\"ListItem\",\"position\":2,\"name\":\"El Ayuntamiento nombra al historiador Manuel Mu\u00f1oz Clares y al arque\u00f3logo Andr\u00e9s Mart\u00ednez Rodr\u00edguez, cronistas oficiales de Lorca\"}]},{\"@type\":\"WebSite\",\"@id\":\"https:\\\/\\\/arealorcaradio.es\\\/#website\",\"url\":\"https:\\\/\\\/arealorcaradio.es\\\/\",\"name\":\"AREA LORCA RADIO\",\"description\":\"Descubre la programaci\u00f3n actual en \u00c1rea Lorca Radio, tu fuente de entrenamiento y noticias locales. Sintoniza ahora y mantente conectado online.\",\"potentialAction\":[{\"@type\":\"SearchAction\",\"target\":{\"@type\":\"EntryPoint\",\"urlTemplate\":\"https:\\\/\\\/arealorcaradio.es\\\/?s={search_term_string}\"},\"query-input\":{\"@type\":\"PropertyValueSpecification\",\"valueRequired\":true,\"valueName\":\"search_term_string\"}}],\"inLanguage\":\"es\"},{\"@type\":\"Person\",\"@id\":\"https:\\\/\\\/arealorcaradio.es\\\/#\\\/schema\\\/person\\\/9fae605fc25b0f2c83c1ab207139bd27\",\"name\":\"Paco S\u00e1nchez\",\"image\":{\"@type\":\"ImageObject\",\"inLanguage\":\"es\",\"@id\":\"https:\\\/\\\/secure.gravatar.com\\\/avatar\\\/d67144e966420fb74aa84c9f2a0103be4724fd14db52b52d3b6bca749f257e79?s=96&d=mm&r=g\",\"url\":\"https:\\\/\\\/secure.gravatar.com\\\/avatar\\\/d67144e966420fb74aa84c9f2a0103be4724fd14db52b52d3b6bca749f257e79?s=96&d=mm&r=g\",\"contentUrl\":\"https:\\\/\\\/secure.gravatar.com\\\/avatar\\\/d67144e966420fb74aa84c9f2a0103be4724fd14db52b52d3b6bca749f257e79?s=96&d=mm&r=g\",\"caption\":\"Paco S\u00e1nchez\"},\"sameAs\":[\"https:\\\/\\\/arealorcaradio.es\"],\"url\":\"https:\\\/\\\/arealorcaradio.es\\\/index.php\\\/author\\\/admin_alorcaradio\\\/\"}]}<\/script>\n<!-- \/ Yoast SEO plugin. -->","yoast_head_json":{"title":"El Ayuntamiento nombra al historiador Manuel Mu\u00f1oz Clares y al arque\u00f3logo Andr\u00e9s Mart\u00ednez Rodr\u00edguez, cronistas oficiales de Lorca - AREA LORCA RADIO","robots":{"index":"index","follow":"follow","max-snippet":"max-snippet:-1","max-image-preview":"max-image-preview:large","max-video-preview":"max-video-preview:-1"},"canonical":"https:\/\/arealorcaradio.es\/index.php\/2025\/11\/27\/el-ayuntamiento-nombra-al-historiador-manuel-munoz-clares-y-al-arqueologo-andres-martinez-rodriguez-cronistas-oficiales-de-lorca\/","og_locale":"es_ES","og_type":"article","og_title":"El Ayuntamiento nombra al historiador Manuel Mu\u00f1oz Clares y al arque\u00f3logo Andr\u00e9s Mart\u00ednez Rodr\u00edguez, cronistas oficiales de Lorca - AREA LORCA RADIO","og_description":"\u00c1REA LORCA RADIO. Reconocimientos. Escucha aqu\u00ed la entrevista que han concedido a Paco S\u00e1nchez en el programa magazine de \u00c1rea Lorca Radio, los nuevos cronistas de la ciudad de Lorca, Manuel Mu\u00f1oz Clares y Andr\u00e9s Mart\u00ednez Rodr\u00edguez. Lorca, 27 de noviembre de 2025. Manuel Mu\u00f1oz Clares y Andr\u00e9s Mart\u00ednez Rodr\u00edguez han sido nombrados cronistas oficiales [&hellip;]","og_url":"https:\/\/arealorcaradio.es\/index.php\/2025\/11\/27\/el-ayuntamiento-nombra-al-historiador-manuel-munoz-clares-y-al-arqueologo-andres-martinez-rodriguez-cronistas-oficiales-de-lorca\/","og_site_name":"AREA LORCA RADIO","article_published_time":"2025-11-27T17:53:52+00:00","og_image":[{"width":2560,"height":1920,"url":"https:\/\/arealorcaradio.es\/wp-content\/uploads\/2025\/11\/20251127_173352-scaled.jpg","type":"image\/jpeg"}],"author":"Paco S\u00e1nchez","twitter_card":"summary_large_image","twitter_misc":{"Escrito por":"Paco S\u00e1nchez","Tiempo de lectura":"8 minutos"},"schema":{"@context":"https:\/\/schema.org","@graph":[{"@type":"Article","@id":"https:\/\/arealorcaradio.es\/index.php\/2025\/11\/27\/el-ayuntamiento-nombra-al-historiador-manuel-munoz-clares-y-al-arqueologo-andres-martinez-rodriguez-cronistas-oficiales-de-lorca\/#article","isPartOf":{"@id":"https:\/\/arealorcaradio.es\/index.php\/2025\/11\/27\/el-ayuntamiento-nombra-al-historiador-manuel-munoz-clares-y-al-arqueologo-andres-martinez-rodriguez-cronistas-oficiales-de-lorca\/"},"author":{"name":"Paco S\u00e1nchez","@id":"https:\/\/arealorcaradio.es\/#\/schema\/person\/9fae605fc25b0f2c83c1ab207139bd27"},"headline":"El Ayuntamiento nombra al historiador Manuel Mu\u00f1oz Clares y al arque\u00f3logo Andr\u00e9s Mart\u00ednez Rodr\u00edguez, cronistas oficiales de Lorca","datePublished":"2025-11-27T17:53:52+00:00","mainEntityOfPage":{"@id":"https:\/\/arealorcaradio.es\/index.php\/2025\/11\/27\/el-ayuntamiento-nombra-al-historiador-manuel-munoz-clares-y-al-arqueologo-andres-martinez-rodriguez-cronistas-oficiales-de-lorca\/"},"wordCount":1526,"commentCount":0,"image":{"@id":"https:\/\/arealorcaradio.es\/index.php\/2025\/11\/27\/el-ayuntamiento-nombra-al-historiador-manuel-munoz-clares-y-al-arqueologo-andres-martinez-rodriguez-cronistas-oficiales-de-lorca\/#primaryimage"},"thumbnailUrl":"https:\/\/arealorcaradio.es\/wp-content\/uploads\/2025\/11\/20251127_173352-scaled.jpg","articleSection":["ACTUALIDAD","LORCA"],"inLanguage":"es","potentialAction":[{"@type":"CommentAction","name":"Comment","target":["https:\/\/arealorcaradio.es\/index.php\/2025\/11\/27\/el-ayuntamiento-nombra-al-historiador-manuel-munoz-clares-y-al-arqueologo-andres-martinez-rodriguez-cronistas-oficiales-de-lorca\/#respond"]}]},{"@type":"WebPage","@id":"https:\/\/arealorcaradio.es\/index.php\/2025\/11\/27\/el-ayuntamiento-nombra-al-historiador-manuel-munoz-clares-y-al-arqueologo-andres-martinez-rodriguez-cronistas-oficiales-de-lorca\/","url":"https:\/\/arealorcaradio.es\/index.php\/2025\/11\/27\/el-ayuntamiento-nombra-al-historiador-manuel-munoz-clares-y-al-arqueologo-andres-martinez-rodriguez-cronistas-oficiales-de-lorca\/","name":"El Ayuntamiento nombra al historiador Manuel Mu\u00f1oz Clares y al arque\u00f3logo Andr\u00e9s Mart\u00ednez Rodr\u00edguez, cronistas oficiales de Lorca - AREA LORCA RADIO","isPartOf":{"@id":"https:\/\/arealorcaradio.es\/#website"},"primaryImageOfPage":{"@id":"https:\/\/arealorcaradio.es\/index.php\/2025\/11\/27\/el-ayuntamiento-nombra-al-historiador-manuel-munoz-clares-y-al-arqueologo-andres-martinez-rodriguez-cronistas-oficiales-de-lorca\/#primaryimage"},"image":{"@id":"https:\/\/arealorcaradio.es\/index.php\/2025\/11\/27\/el-ayuntamiento-nombra-al-historiador-manuel-munoz-clares-y-al-arqueologo-andres-martinez-rodriguez-cronistas-oficiales-de-lorca\/#primaryimage"},"thumbnailUrl":"https:\/\/arealorcaradio.es\/wp-content\/uploads\/2025\/11\/20251127_173352-scaled.jpg","datePublished":"2025-11-27T17:53:52+00:00","author":{"@id":"https:\/\/arealorcaradio.es\/#\/schema\/person\/9fae605fc25b0f2c83c1ab207139bd27"},"breadcrumb":{"@id":"https:\/\/arealorcaradio.es\/index.php\/2025\/11\/27\/el-ayuntamiento-nombra-al-historiador-manuel-munoz-clares-y-al-arqueologo-andres-martinez-rodriguez-cronistas-oficiales-de-lorca\/#breadcrumb"},"inLanguage":"es","potentialAction":[{"@type":"ReadAction","target":["https:\/\/arealorcaradio.es\/index.php\/2025\/11\/27\/el-ayuntamiento-nombra-al-historiador-manuel-munoz-clares-y-al-arqueologo-andres-martinez-rodriguez-cronistas-oficiales-de-lorca\/"]}]},{"@type":"ImageObject","inLanguage":"es","@id":"https:\/\/arealorcaradio.es\/index.php\/2025\/11\/27\/el-ayuntamiento-nombra-al-historiador-manuel-munoz-clares-y-al-arqueologo-andres-martinez-rodriguez-cronistas-oficiales-de-lorca\/#primaryimage","url":"https:\/\/arealorcaradio.es\/wp-content\/uploads\/2025\/11\/20251127_173352-scaled.jpg","contentUrl":"https:\/\/arealorcaradio.es\/wp-content\/uploads\/2025\/11\/20251127_173352-scaled.jpg","width":2560,"height":1920},{"@type":"BreadcrumbList","@id":"https:\/\/arealorcaradio.es\/index.php\/2025\/11\/27\/el-ayuntamiento-nombra-al-historiador-manuel-munoz-clares-y-al-arqueologo-andres-martinez-rodriguez-cronistas-oficiales-de-lorca\/#breadcrumb","itemListElement":[{"@type":"ListItem","position":1,"name":"Portada","item":"https:\/\/arealorcaradio.es\/"},{"@type":"ListItem","position":2,"name":"El Ayuntamiento nombra al historiador Manuel Mu\u00f1oz Clares y al arque\u00f3logo Andr\u00e9s Mart\u00ednez Rodr\u00edguez, cronistas oficiales de Lorca"}]},{"@type":"WebSite","@id":"https:\/\/arealorcaradio.es\/#website","url":"https:\/\/arealorcaradio.es\/","name":"AREA LORCA RADIO","description":"Descubre la programaci\u00f3n actual en \u00c1rea Lorca Radio, tu fuente de entrenamiento y noticias locales. Sintoniza ahora y mantente conectado online.","potentialAction":[{"@type":"SearchAction","target":{"@type":"EntryPoint","urlTemplate":"https:\/\/arealorcaradio.es\/?s={search_term_string}"},"query-input":{"@type":"PropertyValueSpecification","valueRequired":true,"valueName":"search_term_string"}}],"inLanguage":"es"},{"@type":"Person","@id":"https:\/\/arealorcaradio.es\/#\/schema\/person\/9fae605fc25b0f2c83c1ab207139bd27","name":"Paco S\u00e1nchez","image":{"@type":"ImageObject","inLanguage":"es","@id":"https:\/\/secure.gravatar.com\/avatar\/d67144e966420fb74aa84c9f2a0103be4724fd14db52b52d3b6bca749f257e79?s=96&d=mm&r=g","url":"https:\/\/secure.gravatar.com\/avatar\/d67144e966420fb74aa84c9f2a0103be4724fd14db52b52d3b6bca749f257e79?s=96&d=mm&r=g","contentUrl":"https:\/\/secure.gravatar.com\/avatar\/d67144e966420fb74aa84c9f2a0103be4724fd14db52b52d3b6bca749f257e79?s=96&d=mm&r=g","caption":"Paco S\u00e1nchez"},"sameAs":["https:\/\/arealorcaradio.es"],"url":"https:\/\/arealorcaradio.es\/index.php\/author\/admin_alorcaradio\/"}]}},"_links":{"self":[{"href":"https:\/\/arealorcaradio.es\/index.php\/wp-json\/wp\/v2\/posts\/8511","targetHints":{"allow":["GET"]}}],"collection":[{"href":"https:\/\/arealorcaradio.es\/index.php\/wp-json\/wp\/v2\/posts"}],"about":[{"href":"https:\/\/arealorcaradio.es\/index.php\/wp-json\/wp\/v2\/types\/post"}],"author":[{"embeddable":true,"href":"https:\/\/arealorcaradio.es\/index.php\/wp-json\/wp\/v2\/users\/1"}],"replies":[{"embeddable":true,"href":"https:\/\/arealorcaradio.es\/index.php\/wp-json\/wp\/v2\/comments?post=8511"}],"version-history":[{"count":2,"href":"https:\/\/arealorcaradio.es\/index.php\/wp-json\/wp\/v2\/posts\/8511\/revisions"}],"predecessor-version":[{"id":8519,"href":"https:\/\/arealorcaradio.es\/index.php\/wp-json\/wp\/v2\/posts\/8511\/revisions\/8519"}],"wp:featuredmedia":[{"embeddable":true,"href":"https:\/\/arealorcaradio.es\/index.php\/wp-json\/wp\/v2\/media\/8513"}],"wp:attachment":[{"href":"https:\/\/arealorcaradio.es\/index.php\/wp-json\/wp\/v2\/media?parent=8511"}],"wp:term":[{"taxonomy":"category","embeddable":true,"href":"https:\/\/arealorcaradio.es\/index.php\/wp-json\/wp\/v2\/categories?post=8511"},{"taxonomy":"post_tag","embeddable":true,"href":"https:\/\/arealorcaradio.es\/index.php\/wp-json\/wp\/v2\/tags?post=8511"}],"curies":[{"name":"wp","href":"https:\/\/api.w.org\/{rel}","templated":true}]}}