{"id":8497,"date":"2025-11-26T16:39:00","date_gmt":"2025-11-26T16:39:00","guid":{"rendered":"https:\/\/arealorcaradio.es\/?p=8497"},"modified":"2025-11-26T16:39:00","modified_gmt":"2025-11-26T16:39:00","slug":"sergi-monteverde-como-lorquino-me-gustaria-ver-a-mucha-mas-aficion-comprometida-con-el-equipo-en-el-artes-carrasco","status":"publish","type":"post","link":"https:\/\/arealorcaradio.es\/index.php\/2025\/11\/26\/sergi-monteverde-como-lorquino-me-gustaria-ver-a-mucha-mas-aficion-comprometida-con-el-equipo-en-el-artes-carrasco\/","title":{"rendered":"Sergi Monteverde: \u00abComo lorquino, me gustar\u00eda ver a mucha m\u00e1s afici\u00f3n comprometida con el equipo en el Artes Carrasco\u00bb"},"content":{"rendered":"<p><strong>\u00c1REA LORCA RADIO. Deportes.<\/strong><\/p>\n<p>Escucha aqu\u00ed la entrevista que ha concedido a Paco S\u00e1nchez, uno de los estandartes de la plantilla blanquiazul, su capit\u00e1n Sergi Monteverde, qui\u00e9n ha asegurado que todos est\u00e1n haciendo un gran esfuerzo por conseguir los objetivos, pero para poder hacerlo necesitan del apoyo de la afici\u00f3n lorquina. Sergi ha asegurado que \u00abahora es el momento de asistir en masa al Artes Carrasco\u00bb.<\/p>\n<audio class=\"wp-audio-shortcode\" id=\"audio-8497-1\" preload=\"none\" style=\"width: 100%;\" controls=\"controls\"><source type=\"audio\/mpeg\" src=\"https:\/\/arealorcaradio.es\/wp-content\/uploads\/2025\/11\/261125-SERGI-MONTEVERDE.-PRE-MALAGUENO.mp3?_=1\" \/><a href=\"https:\/\/arealorcaradio.es\/wp-content\/uploads\/2025\/11\/261125-SERGI-MONTEVERDE.-PRE-MALAGUENO.mp3\">https:\/\/arealorcaradio.es\/wp-content\/uploads\/2025\/11\/261125-SERGI-MONTEVERDE.-PRE-MALAGUENO.mp3<\/a><\/audio>\n<p><img loading=\"lazy\" decoding=\"async\" class=\"alignnone size-medium wp-image-8501\" src=\"https:\/\/arealorcaradio.es\/wp-content\/uploads\/2025\/11\/Sergi-frente-al-ID-Almeria-300x200.jpeg\" alt=\"\" width=\"300\" height=\"200\" srcset=\"https:\/\/arealorcaradio.es\/wp-content\/uploads\/2025\/11\/Sergi-frente-al-ID-Almeria-300x200.jpeg 300w, https:\/\/arealorcaradio.es\/wp-content\/uploads\/2025\/11\/Sergi-frente-al-ID-Almeria-1024x683.jpeg 1024w, https:\/\/arealorcaradio.es\/wp-content\/uploads\/2025\/11\/Sergi-frente-al-ID-Almeria-768x512.jpeg 768w, https:\/\/arealorcaradio.es\/wp-content\/uploads\/2025\/11\/Sergi-frente-al-ID-Almeria-1536x1024.jpeg 1536w, https:\/\/arealorcaradio.es\/wp-content\/uploads\/2025\/11\/Sergi-frente-al-ID-Almeria.jpeg 1920w\" sizes=\"auto, (max-width: 300px) 100vw, 300px\" \/><\/p>\n","protected":false},"excerpt":{"rendered":"<p>\u00c1REA LORCA RADIO. Deportes. Escucha aqu\u00ed la entrevista que ha concedido a Paco S\u00e1nchez, uno de los estandartes de la plantilla blanquiazul, su capit\u00e1n Sergi Monteverde, qui\u00e9n ha asegurado que todos est\u00e1n haciendo un gran esfuerzo por conseguir los objetivos, pero para poder hacerlo necesitan del apoyo de la afici\u00f3n lorquina. Sergi ha asegurado que [&hellip;]<\/p>\n","protected":false},"author":1,"featured_media":8499,"comment_status":"open","ping_status":"open","sticky":false,"template":"","format":"standard","meta":{"iawp_total_views":120,"footnotes":""},"categories":[4,7],"tags":[],"class_list":["post-8497","post","type-post","status-publish","format-standard","has-post-thumbnail","hentry","category-deportes","category-lorca"],"yoast_head":"<!-- This site is optimized with the Yoast SEO plugin v27.5 - https:\/\/yoast.com\/product\/yoast-seo-wordpress\/ -->\n<title>Sergi Monteverde: &quot;Como lorquino, me gustar\u00eda ver a mucha m\u00e1s afici\u00f3n comprometida con el equipo en el Artes Carrasco&quot; - AREA LORCA RADIO<\/title>\n<meta name=\"robots\" content=\"index, follow, max-snippet:-1, max-image-preview:large, max-video-preview:-1\" \/>\n<link rel=\"canonical\" href=\"https:\/\/arealorcaradio.es\/index.php\/2025\/11\/26\/sergi-monteverde-como-lorquino-me-gustaria-ver-a-mucha-mas-aficion-comprometida-con-el-equipo-en-el-artes-carrasco\/\" \/>\n<meta property=\"og:locale\" content=\"es_ES\" \/>\n<meta property=\"og:type\" content=\"article\" \/>\n<meta property=\"og:title\" content=\"Sergi Monteverde: &quot;Como lorquino, me gustar\u00eda ver a mucha m\u00e1s afici\u00f3n comprometida con el equipo en el Artes Carrasco&quot; - AREA LORCA RADIO\" \/>\n<meta property=\"og:description\" content=\"\u00c1REA LORCA RADIO. Deportes. Escucha aqu\u00ed la entrevista que ha concedido a Paco S\u00e1nchez, uno de los estandartes de la plantilla blanquiazul, su capit\u00e1n Sergi Monteverde, qui\u00e9n ha asegurado que todos est\u00e1n haciendo un gran esfuerzo por conseguir los objetivos, pero para poder hacerlo necesitan del apoyo de la afici\u00f3n lorquina. Sergi ha asegurado que [&hellip;]\" \/>\n<meta property=\"og:url\" content=\"https:\/\/arealorcaradio.es\/index.php\/2025\/11\/26\/sergi-monteverde-como-lorquino-me-gustaria-ver-a-mucha-mas-aficion-comprometida-con-el-equipo-en-el-artes-carrasco\/\" \/>\n<meta property=\"og:site_name\" content=\"AREA LORCA RADIO\" \/>\n<meta property=\"article:published_time\" content=\"2025-11-26T16:39:00+00:00\" \/>\n<meta property=\"og:image\" content=\"https:\/\/arealorcaradio.es\/wp-content\/uploads\/2025\/11\/Sergi-Monteverde-3-OK.jpeg\" \/>\n\t<meta property=\"og:image:width\" content=\"1600\" \/>\n\t<meta property=\"og:image:height\" content=\"1200\" \/>\n\t<meta property=\"og:image:type\" content=\"image\/jpeg\" \/>\n<meta name=\"author\" content=\"Paco S\u00e1nchez\" \/>\n<meta name=\"twitter:card\" content=\"summary_large_image\" \/>\n<meta name=\"twitter:label1\" content=\"Escrito por\" \/>\n\t<meta name=\"twitter:data1\" content=\"Paco S\u00e1nchez\" \/>\n\t<meta name=\"twitter:label2\" content=\"Tiempo de lectura\" \/>\n\t<meta name=\"twitter:data2\" content=\"1 minuto\" \/>\n<script type=\"application\/ld+json\" class=\"yoast-schema-graph\">{\"@context\":\"https:\\\/\\\/schema.org\",\"@graph\":[{\"@type\":\"Article\",\"@id\":\"https:\\\/\\\/arealorcaradio.es\\\/index.php\\\/2025\\\/11\\\/26\\\/sergi-monteverde-como-lorquino-me-gustaria-ver-a-mucha-mas-aficion-comprometida-con-el-equipo-en-el-artes-carrasco\\\/#article\",\"isPartOf\":{\"@id\":\"https:\\\/\\\/arealorcaradio.es\\\/index.php\\\/2025\\\/11\\\/26\\\/sergi-monteverde-como-lorquino-me-gustaria-ver-a-mucha-mas-aficion-comprometida-con-el-equipo-en-el-artes-carrasco\\\/\"},\"author\":{\"name\":\"Paco S\u00e1nchez\",\"@id\":\"https:\\\/\\\/arealorcaradio.es\\\/#\\\/schema\\\/person\\\/9fae605fc25b0f2c83c1ab207139bd27\"},\"headline\":\"Sergi Monteverde: \u00abComo lorquino, me gustar\u00eda ver a mucha m\u00e1s afici\u00f3n comprometida con el equipo en el Artes Carrasco\u00bb\",\"datePublished\":\"2025-11-26T16:39:00+00:00\",\"mainEntityOfPage\":{\"@id\":\"https:\\\/\\\/arealorcaradio.es\\\/index.php\\\/2025\\\/11\\\/26\\\/sergi-monteverde-como-lorquino-me-gustaria-ver-a-mucha-mas-aficion-comprometida-con-el-equipo-en-el-artes-carrasco\\\/\"},\"wordCount\":104,\"commentCount\":0,\"image\":{\"@id\":\"https:\\\/\\\/arealorcaradio.es\\\/index.php\\\/2025\\\/11\\\/26\\\/sergi-monteverde-como-lorquino-me-gustaria-ver-a-mucha-mas-aficion-comprometida-con-el-equipo-en-el-artes-carrasco\\\/#primaryimage\"},\"thumbnailUrl\":\"https:\\\/\\\/arealorcaradio.es\\\/wp-content\\\/uploads\\\/2025\\\/11\\\/Sergi-Monteverde-3-OK.jpeg\",\"articleSection\":[\"DEPORTES\",\"LORCA\"],\"inLanguage\":\"es\",\"potentialAction\":[{\"@type\":\"CommentAction\",\"name\":\"Comment\",\"target\":[\"https:\\\/\\\/arealorcaradio.es\\\/index.php\\\/2025\\\/11\\\/26\\\/sergi-monteverde-como-lorquino-me-gustaria-ver-a-mucha-mas-aficion-comprometida-con-el-equipo-en-el-artes-carrasco\\\/#respond\"]}]},{\"@type\":\"WebPage\",\"@id\":\"https:\\\/\\\/arealorcaradio.es\\\/index.php\\\/2025\\\/11\\\/26\\\/sergi-monteverde-como-lorquino-me-gustaria-ver-a-mucha-mas-aficion-comprometida-con-el-equipo-en-el-artes-carrasco\\\/\",\"url\":\"https:\\\/\\\/arealorcaradio.es\\\/index.php\\\/2025\\\/11\\\/26\\\/sergi-monteverde-como-lorquino-me-gustaria-ver-a-mucha-mas-aficion-comprometida-con-el-equipo-en-el-artes-carrasco\\\/\",\"name\":\"Sergi Monteverde: \\\"Como lorquino, me gustar\u00eda ver a mucha m\u00e1s afici\u00f3n comprometida con el equipo en el Artes Carrasco\\\" - AREA LORCA RADIO\",\"isPartOf\":{\"@id\":\"https:\\\/\\\/arealorcaradio.es\\\/#website\"},\"primaryImageOfPage\":{\"@id\":\"https:\\\/\\\/arealorcaradio.es\\\/index.php\\\/2025\\\/11\\\/26\\\/sergi-monteverde-como-lorquino-me-gustaria-ver-a-mucha-mas-aficion-comprometida-con-el-equipo-en-el-artes-carrasco\\\/#primaryimage\"},\"image\":{\"@id\":\"https:\\\/\\\/arealorcaradio.es\\\/index.php\\\/2025\\\/11\\\/26\\\/sergi-monteverde-como-lorquino-me-gustaria-ver-a-mucha-mas-aficion-comprometida-con-el-equipo-en-el-artes-carrasco\\\/#primaryimage\"},\"thumbnailUrl\":\"https:\\\/\\\/arealorcaradio.es\\\/wp-content\\\/uploads\\\/2025\\\/11\\\/Sergi-Monteverde-3-OK.jpeg\",\"datePublished\":\"2025-11-26T16:39:00+00:00\",\"author\":{\"@id\":\"https:\\\/\\\/arealorcaradio.es\\\/#\\\/schema\\\/person\\\/9fae605fc25b0f2c83c1ab207139bd27\"},\"breadcrumb\":{\"@id\":\"https:\\\/\\\/arealorcaradio.es\\\/index.php\\\/2025\\\/11\\\/26\\\/sergi-monteverde-como-lorquino-me-gustaria-ver-a-mucha-mas-aficion-comprometida-con-el-equipo-en-el-artes-carrasco\\\/#breadcrumb\"},\"inLanguage\":\"es\",\"potentialAction\":[{\"@type\":\"ReadAction\",\"target\":[\"https:\\\/\\\/arealorcaradio.es\\\/index.php\\\/2025\\\/11\\\/26\\\/sergi-monteverde-como-lorquino-me-gustaria-ver-a-mucha-mas-aficion-comprometida-con-el-equipo-en-el-artes-carrasco\\\/\"]}]},{\"@type\":\"ImageObject\",\"inLanguage\":\"es\",\"@id\":\"https:\\\/\\\/arealorcaradio.es\\\/index.php\\\/2025\\\/11\\\/26\\\/sergi-monteverde-como-lorquino-me-gustaria-ver-a-mucha-mas-aficion-comprometida-con-el-equipo-en-el-artes-carrasco\\\/#primaryimage\",\"url\":\"https:\\\/\\\/arealorcaradio.es\\\/wp-content\\\/uploads\\\/2025\\\/11\\\/Sergi-Monteverde-3-OK.jpeg\",\"contentUrl\":\"https:\\\/\\\/arealorcaradio.es\\\/wp-content\\\/uploads\\\/2025\\\/11\\\/Sergi-Monteverde-3-OK.jpeg\",\"width\":1600,\"height\":1200},{\"@type\":\"BreadcrumbList\",\"@id\":\"https:\\\/\\\/arealorcaradio.es\\\/index.php\\\/2025\\\/11\\\/26\\\/sergi-monteverde-como-lorquino-me-gustaria-ver-a-mucha-mas-aficion-comprometida-con-el-equipo-en-el-artes-carrasco\\\/#breadcrumb\",\"itemListElement\":[{\"@type\":\"ListItem\",\"position\":1,\"name\":\"Portada\",\"item\":\"https:\\\/\\\/arealorcaradio.es\\\/\"},{\"@type\":\"ListItem\",\"position\":2,\"name\":\"Sergi Monteverde: \u00abComo lorquino, me gustar\u00eda ver a mucha m\u00e1s afici\u00f3n comprometida con el equipo en el Artes Carrasco\u00bb\"}]},{\"@type\":\"WebSite\",\"@id\":\"https:\\\/\\\/arealorcaradio.es\\\/#website\",\"url\":\"https:\\\/\\\/arealorcaradio.es\\\/\",\"name\":\"AREA LORCA RADIO\",\"description\":\"Descubre la programaci\u00f3n actual en \u00c1rea Lorca Radio, tu fuente de entrenamiento y noticias locales. Sintoniza ahora y mantente conectado online.\",\"potentialAction\":[{\"@type\":\"SearchAction\",\"target\":{\"@type\":\"EntryPoint\",\"urlTemplate\":\"https:\\\/\\\/arealorcaradio.es\\\/?s={search_term_string}\"},\"query-input\":{\"@type\":\"PropertyValueSpecification\",\"valueRequired\":true,\"valueName\":\"search_term_string\"}}],\"inLanguage\":\"es\"},{\"@type\":\"Person\",\"@id\":\"https:\\\/\\\/arealorcaradio.es\\\/#\\\/schema\\\/person\\\/9fae605fc25b0f2c83c1ab207139bd27\",\"name\":\"Paco S\u00e1nchez\",\"image\":{\"@type\":\"ImageObject\",\"inLanguage\":\"es\",\"@id\":\"https:\\\/\\\/secure.gravatar.com\\\/avatar\\\/d67144e966420fb74aa84c9f2a0103be4724fd14db52b52d3b6bca749f257e79?s=96&d=mm&r=g\",\"url\":\"https:\\\/\\\/secure.gravatar.com\\\/avatar\\\/d67144e966420fb74aa84c9f2a0103be4724fd14db52b52d3b6bca749f257e79?s=96&d=mm&r=g\",\"contentUrl\":\"https:\\\/\\\/secure.gravatar.com\\\/avatar\\\/d67144e966420fb74aa84c9f2a0103be4724fd14db52b52d3b6bca749f257e79?s=96&d=mm&r=g\",\"caption\":\"Paco S\u00e1nchez\"},\"sameAs\":[\"https:\\\/\\\/arealorcaradio.es\"],\"url\":\"https:\\\/\\\/arealorcaradio.es\\\/index.php\\\/author\\\/admin_alorcaradio\\\/\"}]}<\/script>\n<!-- \/ Yoast SEO plugin. -->","yoast_head_json":{"title":"Sergi Monteverde: \"Como lorquino, me gustar\u00eda ver a mucha m\u00e1s afici\u00f3n comprometida con el equipo en el Artes Carrasco\" - AREA LORCA RADIO","robots":{"index":"index","follow":"follow","max-snippet":"max-snippet:-1","max-image-preview":"max-image-preview:large","max-video-preview":"max-video-preview:-1"},"canonical":"https:\/\/arealorcaradio.es\/index.php\/2025\/11\/26\/sergi-monteverde-como-lorquino-me-gustaria-ver-a-mucha-mas-aficion-comprometida-con-el-equipo-en-el-artes-carrasco\/","og_locale":"es_ES","og_type":"article","og_title":"Sergi Monteverde: \"Como lorquino, me gustar\u00eda ver a mucha m\u00e1s afici\u00f3n comprometida con el equipo en el Artes Carrasco\" - AREA LORCA RADIO","og_description":"\u00c1REA LORCA RADIO. Deportes. Escucha aqu\u00ed la entrevista que ha concedido a Paco S\u00e1nchez, uno de los estandartes de la plantilla blanquiazul, su capit\u00e1n Sergi Monteverde, qui\u00e9n ha asegurado que todos est\u00e1n haciendo un gran esfuerzo por conseguir los objetivos, pero para poder hacerlo necesitan del apoyo de la afici\u00f3n lorquina. Sergi ha asegurado que [&hellip;]","og_url":"https:\/\/arealorcaradio.es\/index.php\/2025\/11\/26\/sergi-monteverde-como-lorquino-me-gustaria-ver-a-mucha-mas-aficion-comprometida-con-el-equipo-en-el-artes-carrasco\/","og_site_name":"AREA LORCA RADIO","article_published_time":"2025-11-26T16:39:00+00:00","og_image":[{"width":1600,"height":1200,"url":"https:\/\/arealorcaradio.es\/wp-content\/uploads\/2025\/11\/Sergi-Monteverde-3-OK.jpeg","type":"image\/jpeg"}],"author":"Paco S\u00e1nchez","twitter_card":"summary_large_image","twitter_misc":{"Escrito por":"Paco S\u00e1nchez","Tiempo de lectura":"1 minuto"},"schema":{"@context":"https:\/\/schema.org","@graph":[{"@type":"Article","@id":"https:\/\/arealorcaradio.es\/index.php\/2025\/11\/26\/sergi-monteverde-como-lorquino-me-gustaria-ver-a-mucha-mas-aficion-comprometida-con-el-equipo-en-el-artes-carrasco\/#article","isPartOf":{"@id":"https:\/\/arealorcaradio.es\/index.php\/2025\/11\/26\/sergi-monteverde-como-lorquino-me-gustaria-ver-a-mucha-mas-aficion-comprometida-con-el-equipo-en-el-artes-carrasco\/"},"author":{"name":"Paco S\u00e1nchez","@id":"https:\/\/arealorcaradio.es\/#\/schema\/person\/9fae605fc25b0f2c83c1ab207139bd27"},"headline":"Sergi Monteverde: \u00abComo lorquino, me gustar\u00eda ver a mucha m\u00e1s afici\u00f3n comprometida con el equipo en el Artes Carrasco\u00bb","datePublished":"2025-11-26T16:39:00+00:00","mainEntityOfPage":{"@id":"https:\/\/arealorcaradio.es\/index.php\/2025\/11\/26\/sergi-monteverde-como-lorquino-me-gustaria-ver-a-mucha-mas-aficion-comprometida-con-el-equipo-en-el-artes-carrasco\/"},"wordCount":104,"commentCount":0,"image":{"@id":"https:\/\/arealorcaradio.es\/index.php\/2025\/11\/26\/sergi-monteverde-como-lorquino-me-gustaria-ver-a-mucha-mas-aficion-comprometida-con-el-equipo-en-el-artes-carrasco\/#primaryimage"},"thumbnailUrl":"https:\/\/arealorcaradio.es\/wp-content\/uploads\/2025\/11\/Sergi-Monteverde-3-OK.jpeg","articleSection":["DEPORTES","LORCA"],"inLanguage":"es","potentialAction":[{"@type":"CommentAction","name":"Comment","target":["https:\/\/arealorcaradio.es\/index.php\/2025\/11\/26\/sergi-monteverde-como-lorquino-me-gustaria-ver-a-mucha-mas-aficion-comprometida-con-el-equipo-en-el-artes-carrasco\/#respond"]}]},{"@type":"WebPage","@id":"https:\/\/arealorcaradio.es\/index.php\/2025\/11\/26\/sergi-monteverde-como-lorquino-me-gustaria-ver-a-mucha-mas-aficion-comprometida-con-el-equipo-en-el-artes-carrasco\/","url":"https:\/\/arealorcaradio.es\/index.php\/2025\/11\/26\/sergi-monteverde-como-lorquino-me-gustaria-ver-a-mucha-mas-aficion-comprometida-con-el-equipo-en-el-artes-carrasco\/","name":"Sergi Monteverde: \"Como lorquino, me gustar\u00eda ver a mucha m\u00e1s afici\u00f3n comprometida con el equipo en el Artes Carrasco\" - AREA LORCA RADIO","isPartOf":{"@id":"https:\/\/arealorcaradio.es\/#website"},"primaryImageOfPage":{"@id":"https:\/\/arealorcaradio.es\/index.php\/2025\/11\/26\/sergi-monteverde-como-lorquino-me-gustaria-ver-a-mucha-mas-aficion-comprometida-con-el-equipo-en-el-artes-carrasco\/#primaryimage"},"image":{"@id":"https:\/\/arealorcaradio.es\/index.php\/2025\/11\/26\/sergi-monteverde-como-lorquino-me-gustaria-ver-a-mucha-mas-aficion-comprometida-con-el-equipo-en-el-artes-carrasco\/#primaryimage"},"thumbnailUrl":"https:\/\/arealorcaradio.es\/wp-content\/uploads\/2025\/11\/Sergi-Monteverde-3-OK.jpeg","datePublished":"2025-11-26T16:39:00+00:00","author":{"@id":"https:\/\/arealorcaradio.es\/#\/schema\/person\/9fae605fc25b0f2c83c1ab207139bd27"},"breadcrumb":{"@id":"https:\/\/arealorcaradio.es\/index.php\/2025\/11\/26\/sergi-monteverde-como-lorquino-me-gustaria-ver-a-mucha-mas-aficion-comprometida-con-el-equipo-en-el-artes-carrasco\/#breadcrumb"},"inLanguage":"es","potentialAction":[{"@type":"ReadAction","target":["https:\/\/arealorcaradio.es\/index.php\/2025\/11\/26\/sergi-monteverde-como-lorquino-me-gustaria-ver-a-mucha-mas-aficion-comprometida-con-el-equipo-en-el-artes-carrasco\/"]}]},{"@type":"ImageObject","inLanguage":"es","@id":"https:\/\/arealorcaradio.es\/index.php\/2025\/11\/26\/sergi-monteverde-como-lorquino-me-gustaria-ver-a-mucha-mas-aficion-comprometida-con-el-equipo-en-el-artes-carrasco\/#primaryimage","url":"https:\/\/arealorcaradio.es\/wp-content\/uploads\/2025\/11\/Sergi-Monteverde-3-OK.jpeg","contentUrl":"https:\/\/arealorcaradio.es\/wp-content\/uploads\/2025\/11\/Sergi-Monteverde-3-OK.jpeg","width":1600,"height":1200},{"@type":"BreadcrumbList","@id":"https:\/\/arealorcaradio.es\/index.php\/2025\/11\/26\/sergi-monteverde-como-lorquino-me-gustaria-ver-a-mucha-mas-aficion-comprometida-con-el-equipo-en-el-artes-carrasco\/#breadcrumb","itemListElement":[{"@type":"ListItem","position":1,"name":"Portada","item":"https:\/\/arealorcaradio.es\/"},{"@type":"ListItem","position":2,"name":"Sergi Monteverde: \u00abComo lorquino, me gustar\u00eda ver a mucha m\u00e1s afici\u00f3n comprometida con el equipo en el Artes Carrasco\u00bb"}]},{"@type":"WebSite","@id":"https:\/\/arealorcaradio.es\/#website","url":"https:\/\/arealorcaradio.es\/","name":"AREA LORCA RADIO","description":"Descubre la programaci\u00f3n actual en \u00c1rea Lorca Radio, tu fuente de entrenamiento y noticias locales. Sintoniza ahora y mantente conectado online.","potentialAction":[{"@type":"SearchAction","target":{"@type":"EntryPoint","urlTemplate":"https:\/\/arealorcaradio.es\/?s={search_term_string}"},"query-input":{"@type":"PropertyValueSpecification","valueRequired":true,"valueName":"search_term_string"}}],"inLanguage":"es"},{"@type":"Person","@id":"https:\/\/arealorcaradio.es\/#\/schema\/person\/9fae605fc25b0f2c83c1ab207139bd27","name":"Paco S\u00e1nchez","image":{"@type":"ImageObject","inLanguage":"es","@id":"https:\/\/secure.gravatar.com\/avatar\/d67144e966420fb74aa84c9f2a0103be4724fd14db52b52d3b6bca749f257e79?s=96&d=mm&r=g","url":"https:\/\/secure.gravatar.com\/avatar\/d67144e966420fb74aa84c9f2a0103be4724fd14db52b52d3b6bca749f257e79?s=96&d=mm&r=g","contentUrl":"https:\/\/secure.gravatar.com\/avatar\/d67144e966420fb74aa84c9f2a0103be4724fd14db52b52d3b6bca749f257e79?s=96&d=mm&r=g","caption":"Paco S\u00e1nchez"},"sameAs":["https:\/\/arealorcaradio.es"],"url":"https:\/\/arealorcaradio.es\/index.php\/author\/admin_alorcaradio\/"}]}},"_links":{"self":[{"href":"https:\/\/arealorcaradio.es\/index.php\/wp-json\/wp\/v2\/posts\/8497","targetHints":{"allow":["GET"]}}],"collection":[{"href":"https:\/\/arealorcaradio.es\/index.php\/wp-json\/wp\/v2\/posts"}],"about":[{"href":"https:\/\/arealorcaradio.es\/index.php\/wp-json\/wp\/v2\/types\/post"}],"author":[{"embeddable":true,"href":"https:\/\/arealorcaradio.es\/index.php\/wp-json\/wp\/v2\/users\/1"}],"replies":[{"embeddable":true,"href":"https:\/\/arealorcaradio.es\/index.php\/wp-json\/wp\/v2\/comments?post=8497"}],"version-history":[{"count":3,"href":"https:\/\/arealorcaradio.es\/index.php\/wp-json\/wp\/v2\/posts\/8497\/revisions"}],"predecessor-version":[{"id":8503,"href":"https:\/\/arealorcaradio.es\/index.php\/wp-json\/wp\/v2\/posts\/8497\/revisions\/8503"}],"wp:featuredmedia":[{"embeddable":true,"href":"https:\/\/arealorcaradio.es\/index.php\/wp-json\/wp\/v2\/media\/8499"}],"wp:attachment":[{"href":"https:\/\/arealorcaradio.es\/index.php\/wp-json\/wp\/v2\/media?parent=8497"}],"wp:term":[{"taxonomy":"category","embeddable":true,"href":"https:\/\/arealorcaradio.es\/index.php\/wp-json\/wp\/v2\/categories?post=8497"},{"taxonomy":"post_tag","embeddable":true,"href":"https:\/\/arealorcaradio.es\/index.php\/wp-json\/wp\/v2\/tags?post=8497"}],"curies":[{"name":"wp","href":"https:\/\/api.w.org\/{rel}","templated":true}]}}