{"id":8447,"date":"2025-11-19T18:08:37","date_gmt":"2025-11-19T18:08:37","guid":{"rendered":"https:\/\/arealorcaradio.es\/?p=8447"},"modified":"2025-11-19T18:08:37","modified_gmt":"2025-11-19T18:08:37","slug":"mario-mondejar-se-proclama-campeon-de-la-copa-de-espana-de-kickboxing-k1-en-la-categoria-71-kg","status":"publish","type":"post","link":"https:\/\/arealorcaradio.es\/index.php\/2025\/11\/19\/mario-mondejar-se-proclama-campeon-de-la-copa-de-espana-de-kickboxing-k1-en-la-categoria-71-kg\/","title":{"rendered":"Mario Mondejar, se proclama campe\u00f3n de la Copa de Espa\u00f1a de Kickboxing K1 en la categor\u00eda -71 Kg"},"content":{"rendered":"<p><strong>\u00c1REA LORCA RADIO. Deportes.\u00a0<\/strong><\/p>\n<p>Escucha aqu\u00ed la entrevista que ha concedido a Paco S\u00e1nchez el luchador lorquino de 19 a\u00f1os, Mario Mondejar, qui\u00e9n ha estado acompa\u00f1ado en el estudio de \u00c1rea Lorca Radio por su entrenador Antonio Cabrera, director del Gimnasio Bangkok.<\/p>\n<p>En la modalidad de KickBoxing, Lorca tiene desde este pasado fin de semana al campe\u00f3n de la Copa de Espa\u00f1a K1 en la categor\u00eda de menos de 71 kilos.<\/p>\n<audio class=\"wp-audio-shortcode\" id=\"audio-8447-1\" preload=\"none\" style=\"width: 100%;\" controls=\"controls\"><source type=\"audio\/mpeg\" src=\"https:\/\/arealorcaradio.es\/wp-content\/uploads\/2025\/11\/191125-ANTONIO-CABRERA-Y-MARIO-MONDEJAR.-KICK-BOXING.mp3?_=1\" \/><a href=\"https:\/\/arealorcaradio.es\/wp-content\/uploads\/2025\/11\/191125-ANTONIO-CABRERA-Y-MARIO-MONDEJAR.-KICK-BOXING.mp3\">https:\/\/arealorcaradio.es\/wp-content\/uploads\/2025\/11\/191125-ANTONIO-CABRERA-Y-MARIO-MONDEJAR.-KICK-BOXING.mp3<\/a><\/audio>\n<p><img loading=\"lazy\" decoding=\"async\" class=\"alignnone size-medium wp-image-8449\" src=\"https:\/\/arealorcaradio.es\/wp-content\/uploads\/2025\/11\/20251119_163653-300x225.jpg\" alt=\"\" width=\"300\" height=\"225\" srcset=\"https:\/\/arealorcaradio.es\/wp-content\/uploads\/2025\/11\/20251119_163653-300x225.jpg 300w, https:\/\/arealorcaradio.es\/wp-content\/uploads\/2025\/11\/20251119_163653-1024x768.jpg 1024w, https:\/\/arealorcaradio.es\/wp-content\/uploads\/2025\/11\/20251119_163653-768x576.jpg 768w, https:\/\/arealorcaradio.es\/wp-content\/uploads\/2025\/11\/20251119_163653-1536x1152.jpg 1536w, https:\/\/arealorcaradio.es\/wp-content\/uploads\/2025\/11\/20251119_163653-2048x1536.jpg 2048w, https:\/\/arealorcaradio.es\/wp-content\/uploads\/2025\/11\/20251119_163653-86x64.jpg 86w\" sizes=\"auto, (max-width: 300px) 100vw, 300px\" \/> <img loading=\"lazy\" decoding=\"async\" class=\"alignnone size-medium wp-image-8450\" src=\"https:\/\/arealorcaradio.es\/wp-content\/uploads\/2025\/11\/IMG-20251119-WA0176-300x152.jpg\" alt=\"\" width=\"300\" height=\"152\" srcset=\"https:\/\/arealorcaradio.es\/wp-content\/uploads\/2025\/11\/IMG-20251119-WA0176-300x152.jpg 300w, https:\/\/arealorcaradio.es\/wp-content\/uploads\/2025\/11\/IMG-20251119-WA0176-768x389.jpg 768w, https:\/\/arealorcaradio.es\/wp-content\/uploads\/2025\/11\/IMG-20251119-WA0176.jpg 958w\" sizes=\"auto, (max-width: 300px) 100vw, 300px\" \/> <img loading=\"lazy\" decoding=\"async\" class=\"alignnone size-medium wp-image-8451\" src=\"https:\/\/arealorcaradio.es\/wp-content\/uploads\/2025\/11\/IMG-20251119-WA0177-300x170.jpg\" alt=\"\" width=\"300\" height=\"170\" srcset=\"https:\/\/arealorcaradio.es\/wp-content\/uploads\/2025\/11\/IMG-20251119-WA0177-300x170.jpg 300w, https:\/\/arealorcaradio.es\/wp-content\/uploads\/2025\/11\/IMG-20251119-WA0177-768x436.jpg 768w, https:\/\/arealorcaradio.es\/wp-content\/uploads\/2025\/11\/IMG-20251119-WA0177.jpg 945w\" sizes=\"auto, (max-width: 300px) 100vw, 300px\" \/> <img loading=\"lazy\" decoding=\"async\" class=\"alignnone size-medium wp-image-8452\" src=\"https:\/\/arealorcaradio.es\/wp-content\/uploads\/2025\/11\/20251119_163604-300x225.jpg\" alt=\"\" width=\"300\" height=\"225\" srcset=\"https:\/\/arealorcaradio.es\/wp-content\/uploads\/2025\/11\/20251119_163604-300x225.jpg 300w, https:\/\/arealorcaradio.es\/wp-content\/uploads\/2025\/11\/20251119_163604-1024x768.jpg 1024w, https:\/\/arealorcaradio.es\/wp-content\/uploads\/2025\/11\/20251119_163604-768x576.jpg 768w, https:\/\/arealorcaradio.es\/wp-content\/uploads\/2025\/11\/20251119_163604-1536x1152.jpg 1536w, https:\/\/arealorcaradio.es\/wp-content\/uploads\/2025\/11\/20251119_163604-2048x1536.jpg 2048w, https:\/\/arealorcaradio.es\/wp-content\/uploads\/2025\/11\/20251119_163604-86x64.jpg 86w\" sizes=\"auto, (max-width: 300px) 100vw, 300px\" \/><\/p>\n<p><img loading=\"lazy\" decoding=\"async\" class=\"alignnone size-medium wp-image-8453\" src=\"https:\/\/arealorcaradio.es\/wp-content\/uploads\/2025\/11\/20251119_163542-225x300.jpg\" alt=\"\" width=\"225\" height=\"300\" srcset=\"https:\/\/arealorcaradio.es\/wp-content\/uploads\/2025\/11\/20251119_163542-225x300.jpg 225w, https:\/\/arealorcaradio.es\/wp-content\/uploads\/2025\/11\/20251119_163542-768x1024.jpg 768w, https:\/\/arealorcaradio.es\/wp-content\/uploads\/2025\/11\/20251119_163542-1152x1536.jpg 1152w, https:\/\/arealorcaradio.es\/wp-content\/uploads\/2025\/11\/20251119_163542-1536x2048.jpg 1536w, https:\/\/arealorcaradio.es\/wp-content\/uploads\/2025\/11\/20251119_163542-scaled.jpg 1920w\" sizes=\"auto, (max-width: 225px) 100vw, 225px\" \/> <img loading=\"lazy\" decoding=\"async\" class=\"alignnone size-medium wp-image-8454\" src=\"https:\/\/arealorcaradio.es\/wp-content\/uploads\/2025\/11\/20251119_163550-225x300.jpg\" alt=\"\" width=\"225\" height=\"300\" srcset=\"https:\/\/arealorcaradio.es\/wp-content\/uploads\/2025\/11\/20251119_163550-225x300.jpg 225w, https:\/\/arealorcaradio.es\/wp-content\/uploads\/2025\/11\/20251119_163550-768x1024.jpg 768w, https:\/\/arealorcaradio.es\/wp-content\/uploads\/2025\/11\/20251119_163550-1152x1536.jpg 1152w, https:\/\/arealorcaradio.es\/wp-content\/uploads\/2025\/11\/20251119_163550-1536x2048.jpg 1536w, https:\/\/arealorcaradio.es\/wp-content\/uploads\/2025\/11\/20251119_163550-scaled.jpg 1920w\" sizes=\"auto, (max-width: 225px) 100vw, 225px\" \/><\/p>\n","protected":false},"excerpt":{"rendered":"<p>\u00c1REA LORCA RADIO. Deportes.\u00a0 Escucha aqu\u00ed la entrevista que ha concedido a Paco S\u00e1nchez el luchador lorquino de 19 a\u00f1os, Mario Mondejar, qui\u00e9n ha estado acompa\u00f1ado en el estudio de \u00c1rea Lorca Radio por su entrenador Antonio Cabrera, director del Gimnasio Bangkok. En la modalidad de KickBoxing, Lorca tiene desde este pasado fin de semana [&hellip;]<\/p>\n","protected":false},"author":1,"featured_media":8455,"comment_status":"open","ping_status":"open","sticky":false,"template":"","format":"standard","meta":{"iawp_total_views":87,"footnotes":""},"categories":[4,7],"tags":[],"class_list":["post-8447","post","type-post","status-publish","format-standard","has-post-thumbnail","hentry","category-deportes","category-lorca"],"yoast_head":"<!-- This site is optimized with the Yoast SEO plugin v27.5 - https:\/\/yoast.com\/product\/yoast-seo-wordpress\/ -->\n<title>Mario Mondejar, se proclama campe\u00f3n de la Copa de Espa\u00f1a de Kickboxing K1 en la categor\u00eda -71 Kg - AREA LORCA RADIO<\/title>\n<meta name=\"robots\" content=\"index, follow, max-snippet:-1, max-image-preview:large, max-video-preview:-1\" \/>\n<link rel=\"canonical\" href=\"https:\/\/arealorcaradio.es\/index.php\/2025\/11\/19\/mario-mondejar-se-proclama-campeon-de-la-copa-de-espana-de-kickboxing-k1-en-la-categoria-71-kg\/\" \/>\n<meta property=\"og:locale\" content=\"es_ES\" \/>\n<meta property=\"og:type\" content=\"article\" \/>\n<meta property=\"og:title\" content=\"Mario Mondejar, se proclama campe\u00f3n de la Copa de Espa\u00f1a de Kickboxing K1 en la categor\u00eda -71 Kg - AREA LORCA RADIO\" \/>\n<meta property=\"og:description\" content=\"\u00c1REA LORCA RADIO. Deportes.\u00a0 Escucha aqu\u00ed la entrevista que ha concedido a Paco S\u00e1nchez el luchador lorquino de 19 a\u00f1os, Mario Mondejar, qui\u00e9n ha estado acompa\u00f1ado en el estudio de \u00c1rea Lorca Radio por su entrenador Antonio Cabrera, director del Gimnasio Bangkok. En la modalidad de KickBoxing, Lorca tiene desde este pasado fin de semana [&hellip;]\" \/>\n<meta property=\"og:url\" content=\"https:\/\/arealorcaradio.es\/index.php\/2025\/11\/19\/mario-mondejar-se-proclama-campeon-de-la-copa-de-espana-de-kickboxing-k1-en-la-categoria-71-kg\/\" \/>\n<meta property=\"og:site_name\" content=\"AREA LORCA RADIO\" \/>\n<meta property=\"article:published_time\" content=\"2025-11-19T18:08:37+00:00\" \/>\n<meta property=\"og:image\" content=\"https:\/\/arealorcaradio.es\/wp-content\/uploads\/2025\/11\/IMG-20251119-WA0176-1.jpg\" \/>\n\t<meta property=\"og:image:width\" content=\"958\" \/>\n\t<meta property=\"og:image:height\" content=\"485\" \/>\n\t<meta property=\"og:image:type\" content=\"image\/jpeg\" \/>\n<meta name=\"author\" content=\"Paco S\u00e1nchez\" \/>\n<meta name=\"twitter:card\" content=\"summary_large_image\" \/>\n<meta name=\"twitter:label1\" content=\"Escrito por\" \/>\n\t<meta name=\"twitter:data1\" content=\"Paco S\u00e1nchez\" \/>\n\t<meta name=\"twitter:label2\" content=\"Tiempo de lectura\" \/>\n\t<meta name=\"twitter:data2\" content=\"2 minutos\" \/>\n<script type=\"application\/ld+json\" class=\"yoast-schema-graph\">{\"@context\":\"https:\\\/\\\/schema.org\",\"@graph\":[{\"@type\":\"Article\",\"@id\":\"https:\\\/\\\/arealorcaradio.es\\\/index.php\\\/2025\\\/11\\\/19\\\/mario-mondejar-se-proclama-campeon-de-la-copa-de-espana-de-kickboxing-k1-en-la-categoria-71-kg\\\/#article\",\"isPartOf\":{\"@id\":\"https:\\\/\\\/arealorcaradio.es\\\/index.php\\\/2025\\\/11\\\/19\\\/mario-mondejar-se-proclama-campeon-de-la-copa-de-espana-de-kickboxing-k1-en-la-categoria-71-kg\\\/\"},\"author\":{\"name\":\"Paco S\u00e1nchez\",\"@id\":\"https:\\\/\\\/arealorcaradio.es\\\/#\\\/schema\\\/person\\\/9fae605fc25b0f2c83c1ab207139bd27\"},\"headline\":\"Mario Mondejar, se proclama campe\u00f3n de la Copa de Espa\u00f1a de Kickboxing K1 en la categor\u00eda -71 Kg\",\"datePublished\":\"2025-11-19T18:08:37+00:00\",\"mainEntityOfPage\":{\"@id\":\"https:\\\/\\\/arealorcaradio.es\\\/index.php\\\/2025\\\/11\\\/19\\\/mario-mondejar-se-proclama-campeon-de-la-copa-de-espana-de-kickboxing-k1-en-la-categoria-71-kg\\\/\"},\"wordCount\":108,\"commentCount\":0,\"image\":{\"@id\":\"https:\\\/\\\/arealorcaradio.es\\\/index.php\\\/2025\\\/11\\\/19\\\/mario-mondejar-se-proclama-campeon-de-la-copa-de-espana-de-kickboxing-k1-en-la-categoria-71-kg\\\/#primaryimage\"},\"thumbnailUrl\":\"https:\\\/\\\/arealorcaradio.es\\\/wp-content\\\/uploads\\\/2025\\\/11\\\/IMG-20251119-WA0176-1.jpg\",\"articleSection\":[\"DEPORTES\",\"LORCA\"],\"inLanguage\":\"es\",\"potentialAction\":[{\"@type\":\"CommentAction\",\"name\":\"Comment\",\"target\":[\"https:\\\/\\\/arealorcaradio.es\\\/index.php\\\/2025\\\/11\\\/19\\\/mario-mondejar-se-proclama-campeon-de-la-copa-de-espana-de-kickboxing-k1-en-la-categoria-71-kg\\\/#respond\"]}]},{\"@type\":\"WebPage\",\"@id\":\"https:\\\/\\\/arealorcaradio.es\\\/index.php\\\/2025\\\/11\\\/19\\\/mario-mondejar-se-proclama-campeon-de-la-copa-de-espana-de-kickboxing-k1-en-la-categoria-71-kg\\\/\",\"url\":\"https:\\\/\\\/arealorcaradio.es\\\/index.php\\\/2025\\\/11\\\/19\\\/mario-mondejar-se-proclama-campeon-de-la-copa-de-espana-de-kickboxing-k1-en-la-categoria-71-kg\\\/\",\"name\":\"Mario Mondejar, se proclama campe\u00f3n de la Copa de Espa\u00f1a de Kickboxing K1 en la categor\u00eda -71 Kg - AREA LORCA RADIO\",\"isPartOf\":{\"@id\":\"https:\\\/\\\/arealorcaradio.es\\\/#website\"},\"primaryImageOfPage\":{\"@id\":\"https:\\\/\\\/arealorcaradio.es\\\/index.php\\\/2025\\\/11\\\/19\\\/mario-mondejar-se-proclama-campeon-de-la-copa-de-espana-de-kickboxing-k1-en-la-categoria-71-kg\\\/#primaryimage\"},\"image\":{\"@id\":\"https:\\\/\\\/arealorcaradio.es\\\/index.php\\\/2025\\\/11\\\/19\\\/mario-mondejar-se-proclama-campeon-de-la-copa-de-espana-de-kickboxing-k1-en-la-categoria-71-kg\\\/#primaryimage\"},\"thumbnailUrl\":\"https:\\\/\\\/arealorcaradio.es\\\/wp-content\\\/uploads\\\/2025\\\/11\\\/IMG-20251119-WA0176-1.jpg\",\"datePublished\":\"2025-11-19T18:08:37+00:00\",\"author\":{\"@id\":\"https:\\\/\\\/arealorcaradio.es\\\/#\\\/schema\\\/person\\\/9fae605fc25b0f2c83c1ab207139bd27\"},\"breadcrumb\":{\"@id\":\"https:\\\/\\\/arealorcaradio.es\\\/index.php\\\/2025\\\/11\\\/19\\\/mario-mondejar-se-proclama-campeon-de-la-copa-de-espana-de-kickboxing-k1-en-la-categoria-71-kg\\\/#breadcrumb\"},\"inLanguage\":\"es\",\"potentialAction\":[{\"@type\":\"ReadAction\",\"target\":[\"https:\\\/\\\/arealorcaradio.es\\\/index.php\\\/2025\\\/11\\\/19\\\/mario-mondejar-se-proclama-campeon-de-la-copa-de-espana-de-kickboxing-k1-en-la-categoria-71-kg\\\/\"]}]},{\"@type\":\"ImageObject\",\"inLanguage\":\"es\",\"@id\":\"https:\\\/\\\/arealorcaradio.es\\\/index.php\\\/2025\\\/11\\\/19\\\/mario-mondejar-se-proclama-campeon-de-la-copa-de-espana-de-kickboxing-k1-en-la-categoria-71-kg\\\/#primaryimage\",\"url\":\"https:\\\/\\\/arealorcaradio.es\\\/wp-content\\\/uploads\\\/2025\\\/11\\\/IMG-20251119-WA0176-1.jpg\",\"contentUrl\":\"https:\\\/\\\/arealorcaradio.es\\\/wp-content\\\/uploads\\\/2025\\\/11\\\/IMG-20251119-WA0176-1.jpg\",\"width\":958,\"height\":485},{\"@type\":\"BreadcrumbList\",\"@id\":\"https:\\\/\\\/arealorcaradio.es\\\/index.php\\\/2025\\\/11\\\/19\\\/mario-mondejar-se-proclama-campeon-de-la-copa-de-espana-de-kickboxing-k1-en-la-categoria-71-kg\\\/#breadcrumb\",\"itemListElement\":[{\"@type\":\"ListItem\",\"position\":1,\"name\":\"Portada\",\"item\":\"https:\\\/\\\/arealorcaradio.es\\\/\"},{\"@type\":\"ListItem\",\"position\":2,\"name\":\"Mario Mondejar, se proclama campe\u00f3n de la Copa de Espa\u00f1a de Kickboxing K1 en la categor\u00eda -71 Kg\"}]},{\"@type\":\"WebSite\",\"@id\":\"https:\\\/\\\/arealorcaradio.es\\\/#website\",\"url\":\"https:\\\/\\\/arealorcaradio.es\\\/\",\"name\":\"AREA LORCA RADIO\",\"description\":\"Descubre la programaci\u00f3n actual en \u00c1rea Lorca Radio, tu fuente de entrenamiento y noticias locales. Sintoniza ahora y mantente conectado online.\",\"potentialAction\":[{\"@type\":\"SearchAction\",\"target\":{\"@type\":\"EntryPoint\",\"urlTemplate\":\"https:\\\/\\\/arealorcaradio.es\\\/?s={search_term_string}\"},\"query-input\":{\"@type\":\"PropertyValueSpecification\",\"valueRequired\":true,\"valueName\":\"search_term_string\"}}],\"inLanguage\":\"es\"},{\"@type\":\"Person\",\"@id\":\"https:\\\/\\\/arealorcaradio.es\\\/#\\\/schema\\\/person\\\/9fae605fc25b0f2c83c1ab207139bd27\",\"name\":\"Paco S\u00e1nchez\",\"image\":{\"@type\":\"ImageObject\",\"inLanguage\":\"es\",\"@id\":\"https:\\\/\\\/secure.gravatar.com\\\/avatar\\\/d67144e966420fb74aa84c9f2a0103be4724fd14db52b52d3b6bca749f257e79?s=96&d=mm&r=g\",\"url\":\"https:\\\/\\\/secure.gravatar.com\\\/avatar\\\/d67144e966420fb74aa84c9f2a0103be4724fd14db52b52d3b6bca749f257e79?s=96&d=mm&r=g\",\"contentUrl\":\"https:\\\/\\\/secure.gravatar.com\\\/avatar\\\/d67144e966420fb74aa84c9f2a0103be4724fd14db52b52d3b6bca749f257e79?s=96&d=mm&r=g\",\"caption\":\"Paco S\u00e1nchez\"},\"sameAs\":[\"https:\\\/\\\/arealorcaradio.es\"],\"url\":\"https:\\\/\\\/arealorcaradio.es\\\/index.php\\\/author\\\/admin_alorcaradio\\\/\"}]}<\/script>\n<!-- \/ Yoast SEO plugin. -->","yoast_head_json":{"title":"Mario Mondejar, se proclama campe\u00f3n de la Copa de Espa\u00f1a de Kickboxing K1 en la categor\u00eda -71 Kg - AREA LORCA RADIO","robots":{"index":"index","follow":"follow","max-snippet":"max-snippet:-1","max-image-preview":"max-image-preview:large","max-video-preview":"max-video-preview:-1"},"canonical":"https:\/\/arealorcaradio.es\/index.php\/2025\/11\/19\/mario-mondejar-se-proclama-campeon-de-la-copa-de-espana-de-kickboxing-k1-en-la-categoria-71-kg\/","og_locale":"es_ES","og_type":"article","og_title":"Mario Mondejar, se proclama campe\u00f3n de la Copa de Espa\u00f1a de Kickboxing K1 en la categor\u00eda -71 Kg - AREA LORCA RADIO","og_description":"\u00c1REA LORCA RADIO. Deportes.\u00a0 Escucha aqu\u00ed la entrevista que ha concedido a Paco S\u00e1nchez el luchador lorquino de 19 a\u00f1os, Mario Mondejar, qui\u00e9n ha estado acompa\u00f1ado en el estudio de \u00c1rea Lorca Radio por su entrenador Antonio Cabrera, director del Gimnasio Bangkok. En la modalidad de KickBoxing, Lorca tiene desde este pasado fin de semana [&hellip;]","og_url":"https:\/\/arealorcaradio.es\/index.php\/2025\/11\/19\/mario-mondejar-se-proclama-campeon-de-la-copa-de-espana-de-kickboxing-k1-en-la-categoria-71-kg\/","og_site_name":"AREA LORCA RADIO","article_published_time":"2025-11-19T18:08:37+00:00","og_image":[{"width":958,"height":485,"url":"https:\/\/arealorcaradio.es\/wp-content\/uploads\/2025\/11\/IMG-20251119-WA0176-1.jpg","type":"image\/jpeg"}],"author":"Paco S\u00e1nchez","twitter_card":"summary_large_image","twitter_misc":{"Escrito por":"Paco S\u00e1nchez","Tiempo de lectura":"2 minutos"},"schema":{"@context":"https:\/\/schema.org","@graph":[{"@type":"Article","@id":"https:\/\/arealorcaradio.es\/index.php\/2025\/11\/19\/mario-mondejar-se-proclama-campeon-de-la-copa-de-espana-de-kickboxing-k1-en-la-categoria-71-kg\/#article","isPartOf":{"@id":"https:\/\/arealorcaradio.es\/index.php\/2025\/11\/19\/mario-mondejar-se-proclama-campeon-de-la-copa-de-espana-de-kickboxing-k1-en-la-categoria-71-kg\/"},"author":{"name":"Paco S\u00e1nchez","@id":"https:\/\/arealorcaradio.es\/#\/schema\/person\/9fae605fc25b0f2c83c1ab207139bd27"},"headline":"Mario Mondejar, se proclama campe\u00f3n de la Copa de Espa\u00f1a de Kickboxing K1 en la categor\u00eda -71 Kg","datePublished":"2025-11-19T18:08:37+00:00","mainEntityOfPage":{"@id":"https:\/\/arealorcaradio.es\/index.php\/2025\/11\/19\/mario-mondejar-se-proclama-campeon-de-la-copa-de-espana-de-kickboxing-k1-en-la-categoria-71-kg\/"},"wordCount":108,"commentCount":0,"image":{"@id":"https:\/\/arealorcaradio.es\/index.php\/2025\/11\/19\/mario-mondejar-se-proclama-campeon-de-la-copa-de-espana-de-kickboxing-k1-en-la-categoria-71-kg\/#primaryimage"},"thumbnailUrl":"https:\/\/arealorcaradio.es\/wp-content\/uploads\/2025\/11\/IMG-20251119-WA0176-1.jpg","articleSection":["DEPORTES","LORCA"],"inLanguage":"es","potentialAction":[{"@type":"CommentAction","name":"Comment","target":["https:\/\/arealorcaradio.es\/index.php\/2025\/11\/19\/mario-mondejar-se-proclama-campeon-de-la-copa-de-espana-de-kickboxing-k1-en-la-categoria-71-kg\/#respond"]}]},{"@type":"WebPage","@id":"https:\/\/arealorcaradio.es\/index.php\/2025\/11\/19\/mario-mondejar-se-proclama-campeon-de-la-copa-de-espana-de-kickboxing-k1-en-la-categoria-71-kg\/","url":"https:\/\/arealorcaradio.es\/index.php\/2025\/11\/19\/mario-mondejar-se-proclama-campeon-de-la-copa-de-espana-de-kickboxing-k1-en-la-categoria-71-kg\/","name":"Mario Mondejar, se proclama campe\u00f3n de la Copa de Espa\u00f1a de Kickboxing K1 en la categor\u00eda -71 Kg - AREA LORCA RADIO","isPartOf":{"@id":"https:\/\/arealorcaradio.es\/#website"},"primaryImageOfPage":{"@id":"https:\/\/arealorcaradio.es\/index.php\/2025\/11\/19\/mario-mondejar-se-proclama-campeon-de-la-copa-de-espana-de-kickboxing-k1-en-la-categoria-71-kg\/#primaryimage"},"image":{"@id":"https:\/\/arealorcaradio.es\/index.php\/2025\/11\/19\/mario-mondejar-se-proclama-campeon-de-la-copa-de-espana-de-kickboxing-k1-en-la-categoria-71-kg\/#primaryimage"},"thumbnailUrl":"https:\/\/arealorcaradio.es\/wp-content\/uploads\/2025\/11\/IMG-20251119-WA0176-1.jpg","datePublished":"2025-11-19T18:08:37+00:00","author":{"@id":"https:\/\/arealorcaradio.es\/#\/schema\/person\/9fae605fc25b0f2c83c1ab207139bd27"},"breadcrumb":{"@id":"https:\/\/arealorcaradio.es\/index.php\/2025\/11\/19\/mario-mondejar-se-proclama-campeon-de-la-copa-de-espana-de-kickboxing-k1-en-la-categoria-71-kg\/#breadcrumb"},"inLanguage":"es","potentialAction":[{"@type":"ReadAction","target":["https:\/\/arealorcaradio.es\/index.php\/2025\/11\/19\/mario-mondejar-se-proclama-campeon-de-la-copa-de-espana-de-kickboxing-k1-en-la-categoria-71-kg\/"]}]},{"@type":"ImageObject","inLanguage":"es","@id":"https:\/\/arealorcaradio.es\/index.php\/2025\/11\/19\/mario-mondejar-se-proclama-campeon-de-la-copa-de-espana-de-kickboxing-k1-en-la-categoria-71-kg\/#primaryimage","url":"https:\/\/arealorcaradio.es\/wp-content\/uploads\/2025\/11\/IMG-20251119-WA0176-1.jpg","contentUrl":"https:\/\/arealorcaradio.es\/wp-content\/uploads\/2025\/11\/IMG-20251119-WA0176-1.jpg","width":958,"height":485},{"@type":"BreadcrumbList","@id":"https:\/\/arealorcaradio.es\/index.php\/2025\/11\/19\/mario-mondejar-se-proclama-campeon-de-la-copa-de-espana-de-kickboxing-k1-en-la-categoria-71-kg\/#breadcrumb","itemListElement":[{"@type":"ListItem","position":1,"name":"Portada","item":"https:\/\/arealorcaradio.es\/"},{"@type":"ListItem","position":2,"name":"Mario Mondejar, se proclama campe\u00f3n de la Copa de Espa\u00f1a de Kickboxing K1 en la categor\u00eda -71 Kg"}]},{"@type":"WebSite","@id":"https:\/\/arealorcaradio.es\/#website","url":"https:\/\/arealorcaradio.es\/","name":"AREA LORCA RADIO","description":"Descubre la programaci\u00f3n actual en \u00c1rea Lorca Radio, tu fuente de entrenamiento y noticias locales. Sintoniza ahora y mantente conectado online.","potentialAction":[{"@type":"SearchAction","target":{"@type":"EntryPoint","urlTemplate":"https:\/\/arealorcaradio.es\/?s={search_term_string}"},"query-input":{"@type":"PropertyValueSpecification","valueRequired":true,"valueName":"search_term_string"}}],"inLanguage":"es"},{"@type":"Person","@id":"https:\/\/arealorcaradio.es\/#\/schema\/person\/9fae605fc25b0f2c83c1ab207139bd27","name":"Paco S\u00e1nchez","image":{"@type":"ImageObject","inLanguage":"es","@id":"https:\/\/secure.gravatar.com\/avatar\/d67144e966420fb74aa84c9f2a0103be4724fd14db52b52d3b6bca749f257e79?s=96&d=mm&r=g","url":"https:\/\/secure.gravatar.com\/avatar\/d67144e966420fb74aa84c9f2a0103be4724fd14db52b52d3b6bca749f257e79?s=96&d=mm&r=g","contentUrl":"https:\/\/secure.gravatar.com\/avatar\/d67144e966420fb74aa84c9f2a0103be4724fd14db52b52d3b6bca749f257e79?s=96&d=mm&r=g","caption":"Paco S\u00e1nchez"},"sameAs":["https:\/\/arealorcaradio.es"],"url":"https:\/\/arealorcaradio.es\/index.php\/author\/admin_alorcaradio\/"}]}},"_links":{"self":[{"href":"https:\/\/arealorcaradio.es\/index.php\/wp-json\/wp\/v2\/posts\/8447","targetHints":{"allow":["GET"]}}],"collection":[{"href":"https:\/\/arealorcaradio.es\/index.php\/wp-json\/wp\/v2\/posts"}],"about":[{"href":"https:\/\/arealorcaradio.es\/index.php\/wp-json\/wp\/v2\/types\/post"}],"author":[{"embeddable":true,"href":"https:\/\/arealorcaradio.es\/index.php\/wp-json\/wp\/v2\/users\/1"}],"replies":[{"embeddable":true,"href":"https:\/\/arealorcaradio.es\/index.php\/wp-json\/wp\/v2\/comments?post=8447"}],"version-history":[{"count":2,"href":"https:\/\/arealorcaradio.es\/index.php\/wp-json\/wp\/v2\/posts\/8447\/revisions"}],"predecessor-version":[{"id":8457,"href":"https:\/\/arealorcaradio.es\/index.php\/wp-json\/wp\/v2\/posts\/8447\/revisions\/8457"}],"wp:featuredmedia":[{"embeddable":true,"href":"https:\/\/arealorcaradio.es\/index.php\/wp-json\/wp\/v2\/media\/8455"}],"wp:attachment":[{"href":"https:\/\/arealorcaradio.es\/index.php\/wp-json\/wp\/v2\/media?parent=8447"}],"wp:term":[{"taxonomy":"category","embeddable":true,"href":"https:\/\/arealorcaradio.es\/index.php\/wp-json\/wp\/v2\/categories?post=8447"},{"taxonomy":"post_tag","embeddable":true,"href":"https:\/\/arealorcaradio.es\/index.php\/wp-json\/wp\/v2\/tags?post=8447"}],"curies":[{"name":"wp","href":"https:\/\/api.w.org\/{rel}","templated":true}]}}