{"id":8425,"date":"2025-11-18T17:12:07","date_gmt":"2025-11-18T17:12:07","guid":{"rendered":"https:\/\/arealorcaradio.es\/?p=8425"},"modified":"2025-11-18T17:12:31","modified_gmt":"2025-11-18T17:12:31","slug":"la-queseria-lorquina-quesos-el-roano-consigue-4-premios-en-los-world-cheese-awards-2025-de-berna-suiza","status":"publish","type":"post","link":"https:\/\/arealorcaradio.es\/index.php\/2025\/11\/18\/la-queseria-lorquina-quesos-el-roano-consigue-4-premios-en-los-world-cheese-awards-2025-de-berna-suiza\/","title":{"rendered":"La Queser\u00eda lorquina \u201cQuesos El Roano\u201d consigue\u00a04 premios en los World Cheese Awards 2025 de Berna, Suiza"},"content":{"rendered":"<p><strong>\u00c1REA LORCA RADIO. Actualidad.<\/strong><\/p>\n<p>Escucha aqu\u00ed la entrevista que ha concedido a Paco S\u00e1nchez en el magazine de \u00c1rea Lorca Radio, Victoria Morales, gerente comercial de esta empresa familiar ubicada en la pedan\u00eda de Purias, cuyo gerente es Pedro Giner. En la actualidad cuentan con mas de 1200 cabras, que dan la leche con la que realizan estos fant\u00e1sticos quesos que durante a\u00f1os vienen consiguiendo premios de car\u00e1cter mundial.<\/p>\n<p><img loading=\"lazy\" decoding=\"async\" class=\"alignnone size-medium wp-image-8438\" src=\"https:\/\/arealorcaradio.es\/wp-content\/uploads\/2025\/11\/IMG-20251118-WA0091-300x123.jpg\" alt=\"\" width=\"300\" height=\"123\" srcset=\"https:\/\/arealorcaradio.es\/wp-content\/uploads\/2025\/11\/IMG-20251118-WA0091-300x123.jpg 300w, https:\/\/arealorcaradio.es\/wp-content\/uploads\/2025\/11\/IMG-20251118-WA0091-1024x419.jpg 1024w, https:\/\/arealorcaradio.es\/wp-content\/uploads\/2025\/11\/IMG-20251118-WA0091-768x314.jpg 768w, https:\/\/arealorcaradio.es\/wp-content\/uploads\/2025\/11\/IMG-20251118-WA0091-1536x629.jpg 1536w, https:\/\/arealorcaradio.es\/wp-content\/uploads\/2025\/11\/IMG-20251118-WA0091.jpg 1600w\" sizes=\"auto, (max-width: 300px) 100vw, 300px\" \/>\u00a0 <img loading=\"lazy\" decoding=\"async\" class=\"alignnone size-medium wp-image-8439\" src=\"https:\/\/arealorcaradio.es\/wp-content\/uploads\/2025\/11\/IMG-20251118-WA0092-300x123.jpg\" alt=\"\" width=\"300\" height=\"123\" srcset=\"https:\/\/arealorcaradio.es\/wp-content\/uploads\/2025\/11\/IMG-20251118-WA0092-300x123.jpg 300w, https:\/\/arealorcaradio.es\/wp-content\/uploads\/2025\/11\/IMG-20251118-WA0092-1024x419.jpg 1024w, https:\/\/arealorcaradio.es\/wp-content\/uploads\/2025\/11\/IMG-20251118-WA0092-768x314.jpg 768w, https:\/\/arealorcaradio.es\/wp-content\/uploads\/2025\/11\/IMG-20251118-WA0092-1536x629.jpg 1536w, https:\/\/arealorcaradio.es\/wp-content\/uploads\/2025\/11\/IMG-20251118-WA0092.jpg 1600w\" sizes=\"auto, (max-width: 300px) 100vw, 300px\" \/><\/p>\n<p>La \u00faltima cita ha sido en Berna, Suiza, desde donde se han tra\u00eddo para Lorca un <strong>SUPER ORO<\/strong> para el Queso Curado El Roano, <strong>ORO<\/strong> para el Queso de leche cruda de Cabra Oro, <strong>PLATA<\/strong> para el Queso de Trufa Curado y P<strong>LATA<\/strong> para Oro El Roano curaci\u00f3n 7 meses.<\/p>\n<audio class=\"wp-audio-shortcode\" id=\"audio-8425-1\" preload=\"none\" style=\"width: 100%;\" controls=\"controls\"><source type=\"audio\/mpeg\" src=\"https:\/\/arealorcaradio.es\/wp-content\/uploads\/2025\/11\/181125-VICTORIA-MORALES.-EL-ROANO.mp3?_=1\" \/><a href=\"https:\/\/arealorcaradio.es\/wp-content\/uploads\/2025\/11\/181125-VICTORIA-MORALES.-EL-ROANO.mp3\">https:\/\/arealorcaradio.es\/wp-content\/uploads\/2025\/11\/181125-VICTORIA-MORALES.-EL-ROANO.mp3<\/a><\/audio>\n<p><img loading=\"lazy\" decoding=\"async\" class=\"alignnone size-medium wp-image-8441\" src=\"https:\/\/arealorcaradio.es\/wp-content\/uploads\/2025\/11\/Screenshot_20251118-180048_OneDrive-214x300.jpg\" alt=\"\" width=\"214\" height=\"300\" srcset=\"https:\/\/arealorcaradio.es\/wp-content\/uploads\/2025\/11\/Screenshot_20251118-180048_OneDrive-214x300.jpg 214w, https:\/\/arealorcaradio.es\/wp-content\/uploads\/2025\/11\/Screenshot_20251118-180048_OneDrive.jpg 720w\" sizes=\"auto, (max-width: 214px) 100vw, 214px\" \/> <img loading=\"lazy\" decoding=\"async\" class=\"alignnone size-medium wp-image-8442\" src=\"https:\/\/arealorcaradio.es\/wp-content\/uploads\/2025\/11\/Screenshot_20251118-180058_OneDrive-214x300.jpg\" alt=\"\" width=\"214\" height=\"300\" srcset=\"https:\/\/arealorcaradio.es\/wp-content\/uploads\/2025\/11\/Screenshot_20251118-180058_OneDrive-214x300.jpg 214w, https:\/\/arealorcaradio.es\/wp-content\/uploads\/2025\/11\/Screenshot_20251118-180058_OneDrive.jpg 711w\" sizes=\"auto, (max-width: 214px) 100vw, 214px\" \/> <img loading=\"lazy\" decoding=\"async\" class=\"alignnone size-medium wp-image-8443\" src=\"https:\/\/arealorcaradio.es\/wp-content\/uploads\/2025\/11\/Screenshot_20251118-180112_OneDrive-216x300.jpg\" alt=\"\" width=\"216\" height=\"300\" srcset=\"https:\/\/arealorcaradio.es\/wp-content\/uploads\/2025\/11\/Screenshot_20251118-180112_OneDrive-216x300.jpg 216w, https:\/\/arealorcaradio.es\/wp-content\/uploads\/2025\/11\/Screenshot_20251118-180112_OneDrive.jpg 720w\" sizes=\"auto, (max-width: 216px) 100vw, 216px\" \/><\/p>\n<p><img loading=\"lazy\" decoding=\"async\" class=\"alignnone size-medium wp-image-8444\" src=\"https:\/\/arealorcaradio.es\/wp-content\/uploads\/2025\/11\/Screenshot_20251118-180124_OneDrive-214x300.jpg\" alt=\"\" width=\"214\" height=\"300\" srcset=\"https:\/\/arealorcaradio.es\/wp-content\/uploads\/2025\/11\/Screenshot_20251118-180124_OneDrive-214x300.jpg 214w, https:\/\/arealorcaradio.es\/wp-content\/uploads\/2025\/11\/Screenshot_20251118-180124_OneDrive.jpg 715w\" sizes=\"auto, (max-width: 214px) 100vw, 214px\" \/> \u00a0<img loading=\"lazy\" decoding=\"async\" class=\"alignnone size-medium wp-image-8429\" src=\"https:\/\/arealorcaradio.es\/wp-content\/uploads\/2025\/11\/IMG-20251118-WA0089-300x169.jpg\" alt=\"\" width=\"300\" height=\"169\" srcset=\"https:\/\/arealorcaradio.es\/wp-content\/uploads\/2025\/11\/IMG-20251118-WA0089-300x169.jpg 300w, https:\/\/arealorcaradio.es\/wp-content\/uploads\/2025\/11\/IMG-20251118-WA0089-1024x576.jpg 1024w, https:\/\/arealorcaradio.es\/wp-content\/uploads\/2025\/11\/IMG-20251118-WA0089-768x432.jpg 768w, https:\/\/arealorcaradio.es\/wp-content\/uploads\/2025\/11\/IMG-20251118-WA0089-1536x864.jpg 1536w, https:\/\/arealorcaradio.es\/wp-content\/uploads\/2025\/11\/IMG-20251118-WA0089.jpg 1600w\" sizes=\"auto, (max-width: 300px) 100vw, 300px\" \/> \u00a0<img loading=\"lazy\" decoding=\"async\" class=\"alignnone size-medium wp-image-8430\" src=\"https:\/\/arealorcaradio.es\/wp-content\/uploads\/2025\/11\/IMG-20251118-WA0090-300x294.jpg\" alt=\"\" width=\"300\" height=\"294\" srcset=\"https:\/\/arealorcaradio.es\/wp-content\/uploads\/2025\/11\/IMG-20251118-WA0090-300x294.jpg 300w, https:\/\/arealorcaradio.es\/wp-content\/uploads\/2025\/11\/IMG-20251118-WA0090-768x752.jpg 768w, https:\/\/arealorcaradio.es\/wp-content\/uploads\/2025\/11\/IMG-20251118-WA0090.jpg 828w\" sizes=\"auto, (max-width: 300px) 100vw, 300px\" \/> \u00a0<img loading=\"lazy\" decoding=\"async\" class=\"alignnone wp-image-8431\" src=\"https:\/\/arealorcaradio.es\/wp-content\/uploads\/2025\/11\/ROANO-1-225x300.jpg\" alt=\"\" width=\"226\" height=\"301\" srcset=\"https:\/\/arealorcaradio.es\/wp-content\/uploads\/2025\/11\/ROANO-1-225x300.jpg 225w, https:\/\/arealorcaradio.es\/wp-content\/uploads\/2025\/11\/ROANO-1-768x1024.jpg 768w, https:\/\/arealorcaradio.es\/wp-content\/uploads\/2025\/11\/ROANO-1-1152x1536.jpg 1152w, https:\/\/arealorcaradio.es\/wp-content\/uploads\/2025\/11\/ROANO-1.jpg 1200w\" sizes=\"auto, (max-width: 226px) 100vw, 226px\" \/> \u00a0 <img loading=\"lazy\" decoding=\"async\" class=\"alignnone wp-image-8432\" src=\"https:\/\/arealorcaradio.es\/wp-content\/uploads\/2025\/11\/ROANO-2-169x300.jpg\" alt=\"\" width=\"169\" height=\"300\" srcset=\"https:\/\/arealorcaradio.es\/wp-content\/uploads\/2025\/11\/ROANO-2-169x300.jpg 169w, https:\/\/arealorcaradio.es\/wp-content\/uploads\/2025\/11\/ROANO-2-576x1024.jpg 576w, https:\/\/arealorcaradio.es\/wp-content\/uploads\/2025\/11\/ROANO-2-768x1365.jpg 768w, https:\/\/arealorcaradio.es\/wp-content\/uploads\/2025\/11\/ROANO-2-864x1536.jpg 864w, https:\/\/arealorcaradio.es\/wp-content\/uploads\/2025\/11\/ROANO-2.jpg 1152w\" sizes=\"auto, (max-width: 169px) 100vw, 169px\" \/> \u00a0<img loading=\"lazy\" decoding=\"async\" class=\"alignnone size-medium wp-image-8433\" src=\"https:\/\/arealorcaradio.es\/wp-content\/uploads\/2025\/11\/ROANO-3-150x300.jpg\" alt=\"\" width=\"150\" height=\"300\" srcset=\"https:\/\/arealorcaradio.es\/wp-content\/uploads\/2025\/11\/ROANO-3-150x300.jpg 150w, https:\/\/arealorcaradio.es\/wp-content\/uploads\/2025\/11\/ROANO-3-512x1024.jpg 512w, https:\/\/arealorcaradio.es\/wp-content\/uploads\/2025\/11\/ROANO-3-768x1536.jpg 768w, https:\/\/arealorcaradio.es\/wp-content\/uploads\/2025\/11\/ROANO-3.jpg 800w\" sizes=\"auto, (max-width: 150px) 100vw, 150px\" \/>\u00a0 <img loading=\"lazy\" decoding=\"async\" class=\"alignnone size-medium wp-image-8434\" src=\"https:\/\/arealorcaradio.es\/wp-content\/uploads\/2025\/11\/ROANO-4-225x300.jpg\" alt=\"\" width=\"225\" height=\"300\" srcset=\"https:\/\/arealorcaradio.es\/wp-content\/uploads\/2025\/11\/ROANO-4-225x300.jpg 225w, https:\/\/arealorcaradio.es\/wp-content\/uploads\/2025\/11\/ROANO-4-768x1024.jpg 768w, https:\/\/arealorcaradio.es\/wp-content\/uploads\/2025\/11\/ROANO-4-1152x1536.jpg 1152w, https:\/\/arealorcaradio.es\/wp-content\/uploads\/2025\/11\/ROANO-4.jpg 1200w\" sizes=\"auto, (max-width: 225px) 100vw, 225px\" \/> \u00a0<img loading=\"lazy\" decoding=\"async\" class=\"alignnone size-medium wp-image-8435\" src=\"https:\/\/arealorcaradio.es\/wp-content\/uploads\/2025\/11\/ROANO-5-233x300.jpg\" alt=\"\" width=\"233\" height=\"300\" srcset=\"https:\/\/arealorcaradio.es\/wp-content\/uploads\/2025\/11\/ROANO-5-233x300.jpg 233w, https:\/\/arealorcaradio.es\/wp-content\/uploads\/2025\/11\/ROANO-5-794x1024.jpg 794w, https:\/\/arealorcaradio.es\/wp-content\/uploads\/2025\/11\/ROANO-5-768x990.jpg 768w, https:\/\/arealorcaradio.es\/wp-content\/uploads\/2025\/11\/ROANO-5-1191x1536.jpg 1191w, https:\/\/arealorcaradio.es\/wp-content\/uploads\/2025\/11\/ROANO-5.jpg 1290w\" sizes=\"auto, (max-width: 233px) 100vw, 233px\" \/><\/p>\n","protected":false},"excerpt":{"rendered":"<p>\u00c1REA LORCA RADIO. Actualidad. Escucha aqu\u00ed la entrevista que ha concedido a Paco S\u00e1nchez en el magazine de \u00c1rea Lorca Radio, Victoria Morales, gerente comercial de esta empresa familiar ubicada en la pedan\u00eda de Purias, cuyo gerente es Pedro Giner. En la actualidad cuentan con mas de 1200 cabras, que dan la leche con la [&hellip;]<\/p>\n","protected":false},"author":1,"featured_media":8436,"comment_status":"open","ping_status":"open","sticky":false,"template":"","format":"standard","meta":{"iawp_total_views":46,"footnotes":""},"categories":[5,7],"tags":[],"class_list":["post-8425","post","type-post","status-publish","format-standard","has-post-thumbnail","hentry","category-actualidad","category-lorca"],"yoast_head":"<!-- This site is optimized with the Yoast SEO plugin v27.5 - https:\/\/yoast.com\/product\/yoast-seo-wordpress\/ -->\n<title>La Queser\u00eda lorquina \u201cQuesos El Roano\u201d consigue\u00a04 premios en los World Cheese Awards 2025 de Berna, Suiza - AREA LORCA RADIO<\/title>\n<meta name=\"robots\" content=\"index, follow, max-snippet:-1, max-image-preview:large, max-video-preview:-1\" \/>\n<link rel=\"canonical\" href=\"https:\/\/arealorcaradio.es\/index.php\/2025\/11\/18\/la-queseria-lorquina-quesos-el-roano-consigue-4-premios-en-los-world-cheese-awards-2025-de-berna-suiza\/\" \/>\n<meta property=\"og:locale\" content=\"es_ES\" \/>\n<meta property=\"og:type\" content=\"article\" \/>\n<meta property=\"og:title\" content=\"La Queser\u00eda lorquina \u201cQuesos El Roano\u201d consigue\u00a04 premios en los World Cheese Awards 2025 de Berna, Suiza - AREA LORCA RADIO\" \/>\n<meta property=\"og:description\" content=\"\u00c1REA LORCA RADIO. Actualidad. Escucha aqu\u00ed la entrevista que ha concedido a Paco S\u00e1nchez en el magazine de \u00c1rea Lorca Radio, Victoria Morales, gerente comercial de esta empresa familiar ubicada en la pedan\u00eda de Purias, cuyo gerente es Pedro Giner. En la actualidad cuentan con mas de 1200 cabras, que dan la leche con la [&hellip;]\" \/>\n<meta property=\"og:url\" content=\"https:\/\/arealorcaradio.es\/index.php\/2025\/11\/18\/la-queseria-lorquina-quesos-el-roano-consigue-4-premios-en-los-world-cheese-awards-2025-de-berna-suiza\/\" \/>\n<meta property=\"og:site_name\" content=\"AREA LORCA RADIO\" \/>\n<meta property=\"article:published_time\" content=\"2025-11-18T17:12:07+00:00\" \/>\n<meta property=\"article:modified_time\" content=\"2025-11-18T17:12:31+00:00\" \/>\n<meta property=\"og:image\" content=\"https:\/\/arealorcaradio.es\/wp-content\/uploads\/2025\/11\/20251118_130232-scaled.jpg\" \/>\n\t<meta property=\"og:image:width\" content=\"2560\" \/>\n\t<meta property=\"og:image:height\" content=\"1920\" \/>\n\t<meta property=\"og:image:type\" content=\"image\/jpeg\" \/>\n<meta name=\"author\" content=\"Paco S\u00e1nchez\" \/>\n<meta name=\"twitter:card\" content=\"summary_large_image\" \/>\n<meta name=\"twitter:label1\" content=\"Escrito por\" \/>\n\t<meta name=\"twitter:data1\" content=\"Paco S\u00e1nchez\" \/>\n\t<meta name=\"twitter:label2\" content=\"Tiempo de lectura\" \/>\n\t<meta name=\"twitter:data2\" content=\"4 minutos\" \/>\n<script type=\"application\/ld+json\" class=\"yoast-schema-graph\">{\"@context\":\"https:\\\/\\\/schema.org\",\"@graph\":[{\"@type\":\"Article\",\"@id\":\"https:\\\/\\\/arealorcaradio.es\\\/index.php\\\/2025\\\/11\\\/18\\\/la-queseria-lorquina-quesos-el-roano-consigue-4-premios-en-los-world-cheese-awards-2025-de-berna-suiza\\\/#article\",\"isPartOf\":{\"@id\":\"https:\\\/\\\/arealorcaradio.es\\\/index.php\\\/2025\\\/11\\\/18\\\/la-queseria-lorquina-quesos-el-roano-consigue-4-premios-en-los-world-cheese-awards-2025-de-berna-suiza\\\/\"},\"author\":{\"name\":\"Paco S\u00e1nchez\",\"@id\":\"https:\\\/\\\/arealorcaradio.es\\\/#\\\/schema\\\/person\\\/9fae605fc25b0f2c83c1ab207139bd27\"},\"headline\":\"La Queser\u00eda lorquina \u201cQuesos El Roano\u201d consigue\u00a04 premios en los World Cheese Awards 2025 de Berna, Suiza\",\"datePublished\":\"2025-11-18T17:12:07+00:00\",\"dateModified\":\"2025-11-18T17:12:31+00:00\",\"mainEntityOfPage\":{\"@id\":\"https:\\\/\\\/arealorcaradio.es\\\/index.php\\\/2025\\\/11\\\/18\\\/la-queseria-lorquina-quesos-el-roano-consigue-4-premios-en-los-world-cheese-awards-2025-de-berna-suiza\\\/\"},\"wordCount\":152,\"commentCount\":0,\"image\":{\"@id\":\"https:\\\/\\\/arealorcaradio.es\\\/index.php\\\/2025\\\/11\\\/18\\\/la-queseria-lorquina-quesos-el-roano-consigue-4-premios-en-los-world-cheese-awards-2025-de-berna-suiza\\\/#primaryimage\"},\"thumbnailUrl\":\"https:\\\/\\\/arealorcaradio.es\\\/wp-content\\\/uploads\\\/2025\\\/11\\\/20251118_130232-scaled.jpg\",\"articleSection\":[\"ACTUALIDAD\",\"LORCA\"],\"inLanguage\":\"es\",\"potentialAction\":[{\"@type\":\"CommentAction\",\"name\":\"Comment\",\"target\":[\"https:\\\/\\\/arealorcaradio.es\\\/index.php\\\/2025\\\/11\\\/18\\\/la-queseria-lorquina-quesos-el-roano-consigue-4-premios-en-los-world-cheese-awards-2025-de-berna-suiza\\\/#respond\"]}]},{\"@type\":\"WebPage\",\"@id\":\"https:\\\/\\\/arealorcaradio.es\\\/index.php\\\/2025\\\/11\\\/18\\\/la-queseria-lorquina-quesos-el-roano-consigue-4-premios-en-los-world-cheese-awards-2025-de-berna-suiza\\\/\",\"url\":\"https:\\\/\\\/arealorcaradio.es\\\/index.php\\\/2025\\\/11\\\/18\\\/la-queseria-lorquina-quesos-el-roano-consigue-4-premios-en-los-world-cheese-awards-2025-de-berna-suiza\\\/\",\"name\":\"La Queser\u00eda lorquina \u201cQuesos El Roano\u201d consigue\u00a04 premios en los World Cheese Awards 2025 de Berna, Suiza - AREA LORCA RADIO\",\"isPartOf\":{\"@id\":\"https:\\\/\\\/arealorcaradio.es\\\/#website\"},\"primaryImageOfPage\":{\"@id\":\"https:\\\/\\\/arealorcaradio.es\\\/index.php\\\/2025\\\/11\\\/18\\\/la-queseria-lorquina-quesos-el-roano-consigue-4-premios-en-los-world-cheese-awards-2025-de-berna-suiza\\\/#primaryimage\"},\"image\":{\"@id\":\"https:\\\/\\\/arealorcaradio.es\\\/index.php\\\/2025\\\/11\\\/18\\\/la-queseria-lorquina-quesos-el-roano-consigue-4-premios-en-los-world-cheese-awards-2025-de-berna-suiza\\\/#primaryimage\"},\"thumbnailUrl\":\"https:\\\/\\\/arealorcaradio.es\\\/wp-content\\\/uploads\\\/2025\\\/11\\\/20251118_130232-scaled.jpg\",\"datePublished\":\"2025-11-18T17:12:07+00:00\",\"dateModified\":\"2025-11-18T17:12:31+00:00\",\"author\":{\"@id\":\"https:\\\/\\\/arealorcaradio.es\\\/#\\\/schema\\\/person\\\/9fae605fc25b0f2c83c1ab207139bd27\"},\"breadcrumb\":{\"@id\":\"https:\\\/\\\/arealorcaradio.es\\\/index.php\\\/2025\\\/11\\\/18\\\/la-queseria-lorquina-quesos-el-roano-consigue-4-premios-en-los-world-cheese-awards-2025-de-berna-suiza\\\/#breadcrumb\"},\"inLanguage\":\"es\",\"potentialAction\":[{\"@type\":\"ReadAction\",\"target\":[\"https:\\\/\\\/arealorcaradio.es\\\/index.php\\\/2025\\\/11\\\/18\\\/la-queseria-lorquina-quesos-el-roano-consigue-4-premios-en-los-world-cheese-awards-2025-de-berna-suiza\\\/\"]}]},{\"@type\":\"ImageObject\",\"inLanguage\":\"es\",\"@id\":\"https:\\\/\\\/arealorcaradio.es\\\/index.php\\\/2025\\\/11\\\/18\\\/la-queseria-lorquina-quesos-el-roano-consigue-4-premios-en-los-world-cheese-awards-2025-de-berna-suiza\\\/#primaryimage\",\"url\":\"https:\\\/\\\/arealorcaradio.es\\\/wp-content\\\/uploads\\\/2025\\\/11\\\/20251118_130232-scaled.jpg\",\"contentUrl\":\"https:\\\/\\\/arealorcaradio.es\\\/wp-content\\\/uploads\\\/2025\\\/11\\\/20251118_130232-scaled.jpg\",\"width\":2560,\"height\":1920},{\"@type\":\"BreadcrumbList\",\"@id\":\"https:\\\/\\\/arealorcaradio.es\\\/index.php\\\/2025\\\/11\\\/18\\\/la-queseria-lorquina-quesos-el-roano-consigue-4-premios-en-los-world-cheese-awards-2025-de-berna-suiza\\\/#breadcrumb\",\"itemListElement\":[{\"@type\":\"ListItem\",\"position\":1,\"name\":\"Portada\",\"item\":\"https:\\\/\\\/arealorcaradio.es\\\/\"},{\"@type\":\"ListItem\",\"position\":2,\"name\":\"La Queser\u00eda lorquina \u201cQuesos El Roano\u201d consigue\u00a04 premios en los World Cheese Awards 2025 de Berna, Suiza\"}]},{\"@type\":\"WebSite\",\"@id\":\"https:\\\/\\\/arealorcaradio.es\\\/#website\",\"url\":\"https:\\\/\\\/arealorcaradio.es\\\/\",\"name\":\"AREA LORCA RADIO\",\"description\":\"Descubre la programaci\u00f3n actual en \u00c1rea Lorca Radio, tu fuente de entrenamiento y noticias locales. Sintoniza ahora y mantente conectado online.\",\"potentialAction\":[{\"@type\":\"SearchAction\",\"target\":{\"@type\":\"EntryPoint\",\"urlTemplate\":\"https:\\\/\\\/arealorcaradio.es\\\/?s={search_term_string}\"},\"query-input\":{\"@type\":\"PropertyValueSpecification\",\"valueRequired\":true,\"valueName\":\"search_term_string\"}}],\"inLanguage\":\"es\"},{\"@type\":\"Person\",\"@id\":\"https:\\\/\\\/arealorcaradio.es\\\/#\\\/schema\\\/person\\\/9fae605fc25b0f2c83c1ab207139bd27\",\"name\":\"Paco S\u00e1nchez\",\"image\":{\"@type\":\"ImageObject\",\"inLanguage\":\"es\",\"@id\":\"https:\\\/\\\/secure.gravatar.com\\\/avatar\\\/d67144e966420fb74aa84c9f2a0103be4724fd14db52b52d3b6bca749f257e79?s=96&d=mm&r=g\",\"url\":\"https:\\\/\\\/secure.gravatar.com\\\/avatar\\\/d67144e966420fb74aa84c9f2a0103be4724fd14db52b52d3b6bca749f257e79?s=96&d=mm&r=g\",\"contentUrl\":\"https:\\\/\\\/secure.gravatar.com\\\/avatar\\\/d67144e966420fb74aa84c9f2a0103be4724fd14db52b52d3b6bca749f257e79?s=96&d=mm&r=g\",\"caption\":\"Paco S\u00e1nchez\"},\"sameAs\":[\"https:\\\/\\\/arealorcaradio.es\"],\"url\":\"https:\\\/\\\/arealorcaradio.es\\\/index.php\\\/author\\\/admin_alorcaradio\\\/\"}]}<\/script>\n<!-- \/ Yoast SEO plugin. -->","yoast_head_json":{"title":"La Queser\u00eda lorquina \u201cQuesos El Roano\u201d consigue\u00a04 premios en los World Cheese Awards 2025 de Berna, Suiza - AREA LORCA RADIO","robots":{"index":"index","follow":"follow","max-snippet":"max-snippet:-1","max-image-preview":"max-image-preview:large","max-video-preview":"max-video-preview:-1"},"canonical":"https:\/\/arealorcaradio.es\/index.php\/2025\/11\/18\/la-queseria-lorquina-quesos-el-roano-consigue-4-premios-en-los-world-cheese-awards-2025-de-berna-suiza\/","og_locale":"es_ES","og_type":"article","og_title":"La Queser\u00eda lorquina \u201cQuesos El Roano\u201d consigue\u00a04 premios en los World Cheese Awards 2025 de Berna, Suiza - AREA LORCA RADIO","og_description":"\u00c1REA LORCA RADIO. Actualidad. Escucha aqu\u00ed la entrevista que ha concedido a Paco S\u00e1nchez en el magazine de \u00c1rea Lorca Radio, Victoria Morales, gerente comercial de esta empresa familiar ubicada en la pedan\u00eda de Purias, cuyo gerente es Pedro Giner. En la actualidad cuentan con mas de 1200 cabras, que dan la leche con la [&hellip;]","og_url":"https:\/\/arealorcaradio.es\/index.php\/2025\/11\/18\/la-queseria-lorquina-quesos-el-roano-consigue-4-premios-en-los-world-cheese-awards-2025-de-berna-suiza\/","og_site_name":"AREA LORCA RADIO","article_published_time":"2025-11-18T17:12:07+00:00","article_modified_time":"2025-11-18T17:12:31+00:00","og_image":[{"width":2560,"height":1920,"url":"https:\/\/arealorcaradio.es\/wp-content\/uploads\/2025\/11\/20251118_130232-scaled.jpg","type":"image\/jpeg"}],"author":"Paco S\u00e1nchez","twitter_card":"summary_large_image","twitter_misc":{"Escrito por":"Paco S\u00e1nchez","Tiempo de lectura":"4 minutos"},"schema":{"@context":"https:\/\/schema.org","@graph":[{"@type":"Article","@id":"https:\/\/arealorcaradio.es\/index.php\/2025\/11\/18\/la-queseria-lorquina-quesos-el-roano-consigue-4-premios-en-los-world-cheese-awards-2025-de-berna-suiza\/#article","isPartOf":{"@id":"https:\/\/arealorcaradio.es\/index.php\/2025\/11\/18\/la-queseria-lorquina-quesos-el-roano-consigue-4-premios-en-los-world-cheese-awards-2025-de-berna-suiza\/"},"author":{"name":"Paco S\u00e1nchez","@id":"https:\/\/arealorcaradio.es\/#\/schema\/person\/9fae605fc25b0f2c83c1ab207139bd27"},"headline":"La Queser\u00eda lorquina \u201cQuesos El Roano\u201d consigue\u00a04 premios en los World Cheese Awards 2025 de Berna, Suiza","datePublished":"2025-11-18T17:12:07+00:00","dateModified":"2025-11-18T17:12:31+00:00","mainEntityOfPage":{"@id":"https:\/\/arealorcaradio.es\/index.php\/2025\/11\/18\/la-queseria-lorquina-quesos-el-roano-consigue-4-premios-en-los-world-cheese-awards-2025-de-berna-suiza\/"},"wordCount":152,"commentCount":0,"image":{"@id":"https:\/\/arealorcaradio.es\/index.php\/2025\/11\/18\/la-queseria-lorquina-quesos-el-roano-consigue-4-premios-en-los-world-cheese-awards-2025-de-berna-suiza\/#primaryimage"},"thumbnailUrl":"https:\/\/arealorcaradio.es\/wp-content\/uploads\/2025\/11\/20251118_130232-scaled.jpg","articleSection":["ACTUALIDAD","LORCA"],"inLanguage":"es","potentialAction":[{"@type":"CommentAction","name":"Comment","target":["https:\/\/arealorcaradio.es\/index.php\/2025\/11\/18\/la-queseria-lorquina-quesos-el-roano-consigue-4-premios-en-los-world-cheese-awards-2025-de-berna-suiza\/#respond"]}]},{"@type":"WebPage","@id":"https:\/\/arealorcaradio.es\/index.php\/2025\/11\/18\/la-queseria-lorquina-quesos-el-roano-consigue-4-premios-en-los-world-cheese-awards-2025-de-berna-suiza\/","url":"https:\/\/arealorcaradio.es\/index.php\/2025\/11\/18\/la-queseria-lorquina-quesos-el-roano-consigue-4-premios-en-los-world-cheese-awards-2025-de-berna-suiza\/","name":"La Queser\u00eda lorquina \u201cQuesos El Roano\u201d consigue\u00a04 premios en los World Cheese Awards 2025 de Berna, Suiza - AREA LORCA RADIO","isPartOf":{"@id":"https:\/\/arealorcaradio.es\/#website"},"primaryImageOfPage":{"@id":"https:\/\/arealorcaradio.es\/index.php\/2025\/11\/18\/la-queseria-lorquina-quesos-el-roano-consigue-4-premios-en-los-world-cheese-awards-2025-de-berna-suiza\/#primaryimage"},"image":{"@id":"https:\/\/arealorcaradio.es\/index.php\/2025\/11\/18\/la-queseria-lorquina-quesos-el-roano-consigue-4-premios-en-los-world-cheese-awards-2025-de-berna-suiza\/#primaryimage"},"thumbnailUrl":"https:\/\/arealorcaradio.es\/wp-content\/uploads\/2025\/11\/20251118_130232-scaled.jpg","datePublished":"2025-11-18T17:12:07+00:00","dateModified":"2025-11-18T17:12:31+00:00","author":{"@id":"https:\/\/arealorcaradio.es\/#\/schema\/person\/9fae605fc25b0f2c83c1ab207139bd27"},"breadcrumb":{"@id":"https:\/\/arealorcaradio.es\/index.php\/2025\/11\/18\/la-queseria-lorquina-quesos-el-roano-consigue-4-premios-en-los-world-cheese-awards-2025-de-berna-suiza\/#breadcrumb"},"inLanguage":"es","potentialAction":[{"@type":"ReadAction","target":["https:\/\/arealorcaradio.es\/index.php\/2025\/11\/18\/la-queseria-lorquina-quesos-el-roano-consigue-4-premios-en-los-world-cheese-awards-2025-de-berna-suiza\/"]}]},{"@type":"ImageObject","inLanguage":"es","@id":"https:\/\/arealorcaradio.es\/index.php\/2025\/11\/18\/la-queseria-lorquina-quesos-el-roano-consigue-4-premios-en-los-world-cheese-awards-2025-de-berna-suiza\/#primaryimage","url":"https:\/\/arealorcaradio.es\/wp-content\/uploads\/2025\/11\/20251118_130232-scaled.jpg","contentUrl":"https:\/\/arealorcaradio.es\/wp-content\/uploads\/2025\/11\/20251118_130232-scaled.jpg","width":2560,"height":1920},{"@type":"BreadcrumbList","@id":"https:\/\/arealorcaradio.es\/index.php\/2025\/11\/18\/la-queseria-lorquina-quesos-el-roano-consigue-4-premios-en-los-world-cheese-awards-2025-de-berna-suiza\/#breadcrumb","itemListElement":[{"@type":"ListItem","position":1,"name":"Portada","item":"https:\/\/arealorcaradio.es\/"},{"@type":"ListItem","position":2,"name":"La Queser\u00eda lorquina \u201cQuesos El Roano\u201d consigue\u00a04 premios en los World Cheese Awards 2025 de Berna, Suiza"}]},{"@type":"WebSite","@id":"https:\/\/arealorcaradio.es\/#website","url":"https:\/\/arealorcaradio.es\/","name":"AREA LORCA RADIO","description":"Descubre la programaci\u00f3n actual en \u00c1rea Lorca Radio, tu fuente de entrenamiento y noticias locales. Sintoniza ahora y mantente conectado online.","potentialAction":[{"@type":"SearchAction","target":{"@type":"EntryPoint","urlTemplate":"https:\/\/arealorcaradio.es\/?s={search_term_string}"},"query-input":{"@type":"PropertyValueSpecification","valueRequired":true,"valueName":"search_term_string"}}],"inLanguage":"es"},{"@type":"Person","@id":"https:\/\/arealorcaradio.es\/#\/schema\/person\/9fae605fc25b0f2c83c1ab207139bd27","name":"Paco S\u00e1nchez","image":{"@type":"ImageObject","inLanguage":"es","@id":"https:\/\/secure.gravatar.com\/avatar\/d67144e966420fb74aa84c9f2a0103be4724fd14db52b52d3b6bca749f257e79?s=96&d=mm&r=g","url":"https:\/\/secure.gravatar.com\/avatar\/d67144e966420fb74aa84c9f2a0103be4724fd14db52b52d3b6bca749f257e79?s=96&d=mm&r=g","contentUrl":"https:\/\/secure.gravatar.com\/avatar\/d67144e966420fb74aa84c9f2a0103be4724fd14db52b52d3b6bca749f257e79?s=96&d=mm&r=g","caption":"Paco S\u00e1nchez"},"sameAs":["https:\/\/arealorcaradio.es"],"url":"https:\/\/arealorcaradio.es\/index.php\/author\/admin_alorcaradio\/"}]}},"_links":{"self":[{"href":"https:\/\/arealorcaradio.es\/index.php\/wp-json\/wp\/v2\/posts\/8425","targetHints":{"allow":["GET"]}}],"collection":[{"href":"https:\/\/arealorcaradio.es\/index.php\/wp-json\/wp\/v2\/posts"}],"about":[{"href":"https:\/\/arealorcaradio.es\/index.php\/wp-json\/wp\/v2\/types\/post"}],"author":[{"embeddable":true,"href":"https:\/\/arealorcaradio.es\/index.php\/wp-json\/wp\/v2\/users\/1"}],"replies":[{"embeddable":true,"href":"https:\/\/arealorcaradio.es\/index.php\/wp-json\/wp\/v2\/comments?post=8425"}],"version-history":[{"count":3,"href":"https:\/\/arealorcaradio.es\/index.php\/wp-json\/wp\/v2\/posts\/8425\/revisions"}],"predecessor-version":[{"id":8446,"href":"https:\/\/arealorcaradio.es\/index.php\/wp-json\/wp\/v2\/posts\/8425\/revisions\/8446"}],"wp:featuredmedia":[{"embeddable":true,"href":"https:\/\/arealorcaradio.es\/index.php\/wp-json\/wp\/v2\/media\/8436"}],"wp:attachment":[{"href":"https:\/\/arealorcaradio.es\/index.php\/wp-json\/wp\/v2\/media?parent=8425"}],"wp:term":[{"taxonomy":"category","embeddable":true,"href":"https:\/\/arealorcaradio.es\/index.php\/wp-json\/wp\/v2\/categories?post=8425"},{"taxonomy":"post_tag","embeddable":true,"href":"https:\/\/arealorcaradio.es\/index.php\/wp-json\/wp\/v2\/tags?post=8425"}],"curies":[{"name":"wp","href":"https:\/\/api.w.org\/{rel}","templated":true}]}}