{"id":8413,"date":"2025-11-13T16:50:16","date_gmt":"2025-11-13T16:50:16","guid":{"rendered":"https:\/\/arealorcaradio.es\/?p=8413"},"modified":"2025-11-13T16:50:16","modified_gmt":"2025-11-13T16:50:16","slug":"el-presidente-de-adif-luis-pedro-marco-de-la-pena-se-reune-con-los-vecinos-de-la-torrecilla-y-campillo","status":"publish","type":"post","link":"https:\/\/arealorcaradio.es\/index.php\/2025\/11\/13\/el-presidente-de-adif-luis-pedro-marco-de-la-pena-se-reune-con-los-vecinos-de-la-torrecilla-y-campillo\/","title":{"rendered":"El presidente de Adif, Luis Pedro Marco de la Pe\u00f1a se re\u00fane con los vecinos de La Torrecilla y Campillo"},"content":{"rendered":"<p><strong>\u00c1REA LORCA RADIO. Infraestructuras.<\/strong><\/p>\n<p>Escucha aqu\u00ed la pieza de \u00c1rea Lorca Radio, en la que intervienen el presidente de Adif, Luis Pedro Marco de la Pe\u00f1a, el alcalde de Lorca, Fulgencio Gil, el Delegado del Gobierno de la Regi\u00f3n de Murcia, Francisco Lucas y el presidente de la AAVV de La Torrecilla, Cayetano Padilla.<\/p>\n<audio class=\"wp-audio-shortcode\" id=\"audio-8413-1\" preload=\"none\" style=\"width: 100%;\" controls=\"controls\"><source type=\"audio\/mpeg\" src=\"https:\/\/arealorcaradio.es\/wp-content\/uploads\/2025\/11\/131125-PIEZA-REUNION-PRESIDENTE-ADIF.mp3?_=1\" \/><a href=\"https:\/\/arealorcaradio.es\/wp-content\/uploads\/2025\/11\/131125-PIEZA-REUNION-PRESIDENTE-ADIF.mp3\">https:\/\/arealorcaradio.es\/wp-content\/uploads\/2025\/11\/131125-PIEZA-REUNION-PRESIDENTE-ADIF.mp3<\/a><\/audio>\n<p class=\"v1MsoNormal\"><b><img loading=\"lazy\" decoding=\"async\" class=\"alignnone size-medium wp-image-8415\" src=\"https:\/\/arealorcaradio.es\/wp-content\/uploads\/2025\/11\/foto1-70-300x225.jpeg\" alt=\"\" width=\"300\" height=\"225\" srcset=\"https:\/\/arealorcaradio.es\/wp-content\/uploads\/2025\/11\/foto1-70-300x225.jpeg 300w, https:\/\/arealorcaradio.es\/wp-content\/uploads\/2025\/11\/foto1-70-768x576.jpeg 768w, https:\/\/arealorcaradio.es\/wp-content\/uploads\/2025\/11\/foto1-70-86x64.jpeg 86w, https:\/\/arealorcaradio.es\/wp-content\/uploads\/2025\/11\/foto1-70.jpeg 1000w\" sizes=\"auto, (max-width: 300px) 100vw, 300px\" \/><\/b><\/p>\n<p class=\"v1MsoNormal\"><b>Lorca, 13 de noviembre de 2025.\u00a0<\/b>La propuesta del Administrador de Infraestructuras Ferroviarias, Adif, no ha convencido a los vecinos de Torrecilla y Campillo que han insistido en la ampliaci\u00f3n del viaducto del Ave.<\/p>\n<p class=\"v1MsoNormal\">La propuesta del Administrador de Infraestructuras Ferroviarias mejora el proyecto actual, pero no soluciona los problemas de los damnificados. Ellos mejor que nadie conocen el terreno y la historia. Una historia que est\u00e1 sustentada por sucesos dram\u00e1ticos. Apoyamos sus decisiones. Sus reivindicaciones son las nuestras\u00bb, ha a\u00f1adido.<\/p>\n<p class=\"v1MsoNormal\">La reuni\u00f3n se zanjaba plante\u00e1ndose un nuevo encuentro con t\u00e9cnicos de la Confederaci\u00f3n Hidrogr\u00e1fica del Segura para tener en cuenta los nuevos mapas de Zonas de Flujo Preferente.<\/p>\n<p class=\"v1MsoNormal\">Y ha recordado que el 28 de septiembre de 2012 la pluviometr\u00eda alcanz\u00f3 la cifra m\u00e1xima diaria de 179 litros por metro cuadrado, con una intensidad de 17 litros por metro cuadrado en cinco minutos. Las precipitaciones se concentraron en el entorno de los r\u00edos Guadalent\u00edn y Mula, desencadenando unos caudales punta de avenida de 4.500 metros c\u00fabicos por segundo en Valdeinfierno y unos 2.500 metros c\u00fabicos por segundo en la Rambla de Nogalte.<\/p>\n<p class=\"v1MsoNormal\">\n","protected":false},"excerpt":{"rendered":"<p>\u00c1REA LORCA RADIO. Infraestructuras. Escucha aqu\u00ed la pieza de \u00c1rea Lorca Radio, en la que intervienen el presidente de Adif, Luis Pedro Marco de la Pe\u00f1a, el alcalde de Lorca, Fulgencio Gil, el Delegado del Gobierno de la Regi\u00f3n de Murcia, Francisco Lucas y el presidente de la AAVV de La Torrecilla, Cayetano Padilla. Lorca, [&hellip;]<\/p>\n","protected":false},"author":1,"featured_media":8416,"comment_status":"open","ping_status":"open","sticky":false,"template":"","format":"standard","meta":{"iawp_total_views":22,"footnotes":""},"categories":[5,7],"tags":[],"class_list":["post-8413","post","type-post","status-publish","format-standard","has-post-thumbnail","hentry","category-actualidad","category-lorca"],"yoast_head":"<!-- This site is optimized with the Yoast SEO plugin v27.5 - https:\/\/yoast.com\/product\/yoast-seo-wordpress\/ -->\n<title>El presidente de Adif, Luis Pedro Marco de la Pe\u00f1a se re\u00fane con los vecinos de La Torrecilla y Campillo - AREA LORCA RADIO<\/title>\n<meta name=\"robots\" content=\"index, follow, max-snippet:-1, max-image-preview:large, max-video-preview:-1\" \/>\n<link rel=\"canonical\" href=\"https:\/\/arealorcaradio.es\/index.php\/2025\/11\/13\/el-presidente-de-adif-luis-pedro-marco-de-la-pena-se-reune-con-los-vecinos-de-la-torrecilla-y-campillo\/\" \/>\n<meta property=\"og:locale\" content=\"es_ES\" \/>\n<meta property=\"og:type\" content=\"article\" \/>\n<meta property=\"og:title\" content=\"El presidente de Adif, Luis Pedro Marco de la Pe\u00f1a se re\u00fane con los vecinos de La Torrecilla y Campillo - AREA LORCA RADIO\" \/>\n<meta property=\"og:description\" content=\"\u00c1REA LORCA RADIO. Infraestructuras. Escucha aqu\u00ed la pieza de \u00c1rea Lorca Radio, en la que intervienen el presidente de Adif, Luis Pedro Marco de la Pe\u00f1a, el alcalde de Lorca, Fulgencio Gil, el Delegado del Gobierno de la Regi\u00f3n de Murcia, Francisco Lucas y el presidente de la AAVV de La Torrecilla, Cayetano Padilla. Lorca, [&hellip;]\" \/>\n<meta property=\"og:url\" content=\"https:\/\/arealorcaradio.es\/index.php\/2025\/11\/13\/el-presidente-de-adif-luis-pedro-marco-de-la-pena-se-reune-con-los-vecinos-de-la-torrecilla-y-campillo\/\" \/>\n<meta property=\"og:site_name\" content=\"AREA LORCA RADIO\" \/>\n<meta property=\"article:published_time\" content=\"2025-11-13T16:50:16+00:00\" \/>\n<meta property=\"og:image\" content=\"https:\/\/arealorcaradio.es\/wp-content\/uploads\/2025\/11\/foto3-45.jpeg\" \/>\n\t<meta property=\"og:image:width\" content=\"1000\" \/>\n\t<meta property=\"og:image:height\" content=\"750\" \/>\n\t<meta property=\"og:image:type\" content=\"image\/jpeg\" \/>\n<meta name=\"author\" content=\"Paco S\u00e1nchez\" \/>\n<meta name=\"twitter:card\" content=\"summary_large_image\" \/>\n<meta name=\"twitter:label1\" content=\"Escrito por\" \/>\n\t<meta name=\"twitter:data1\" content=\"Paco S\u00e1nchez\" \/>\n\t<meta name=\"twitter:label2\" content=\"Tiempo de lectura\" \/>\n\t<meta name=\"twitter:data2\" content=\"2 minutos\" \/>\n<script type=\"application\/ld+json\" class=\"yoast-schema-graph\">{\"@context\":\"https:\\\/\\\/schema.org\",\"@graph\":[{\"@type\":\"Article\",\"@id\":\"https:\\\/\\\/arealorcaradio.es\\\/index.php\\\/2025\\\/11\\\/13\\\/el-presidente-de-adif-luis-pedro-marco-de-la-pena-se-reune-con-los-vecinos-de-la-torrecilla-y-campillo\\\/#article\",\"isPartOf\":{\"@id\":\"https:\\\/\\\/arealorcaradio.es\\\/index.php\\\/2025\\\/11\\\/13\\\/el-presidente-de-adif-luis-pedro-marco-de-la-pena-se-reune-con-los-vecinos-de-la-torrecilla-y-campillo\\\/\"},\"author\":{\"name\":\"Paco S\u00e1nchez\",\"@id\":\"https:\\\/\\\/arealorcaradio.es\\\/#\\\/schema\\\/person\\\/9fae605fc25b0f2c83c1ab207139bd27\"},\"headline\":\"El presidente de Adif, Luis Pedro Marco de la Pe\u00f1a se re\u00fane con los vecinos de La Torrecilla y Campillo\",\"datePublished\":\"2025-11-13T16:50:16+00:00\",\"mainEntityOfPage\":{\"@id\":\"https:\\\/\\\/arealorcaradio.es\\\/index.php\\\/2025\\\/11\\\/13\\\/el-presidente-de-adif-luis-pedro-marco-de-la-pena-se-reune-con-los-vecinos-de-la-torrecilla-y-campillo\\\/\"},\"wordCount\":277,\"commentCount\":0,\"image\":{\"@id\":\"https:\\\/\\\/arealorcaradio.es\\\/index.php\\\/2025\\\/11\\\/13\\\/el-presidente-de-adif-luis-pedro-marco-de-la-pena-se-reune-con-los-vecinos-de-la-torrecilla-y-campillo\\\/#primaryimage\"},\"thumbnailUrl\":\"https:\\\/\\\/arealorcaradio.es\\\/wp-content\\\/uploads\\\/2025\\\/11\\\/foto3-45.jpeg\",\"articleSection\":[\"ACTUALIDAD\",\"LORCA\"],\"inLanguage\":\"es\",\"potentialAction\":[{\"@type\":\"CommentAction\",\"name\":\"Comment\",\"target\":[\"https:\\\/\\\/arealorcaradio.es\\\/index.php\\\/2025\\\/11\\\/13\\\/el-presidente-de-adif-luis-pedro-marco-de-la-pena-se-reune-con-los-vecinos-de-la-torrecilla-y-campillo\\\/#respond\"]}]},{\"@type\":\"WebPage\",\"@id\":\"https:\\\/\\\/arealorcaradio.es\\\/index.php\\\/2025\\\/11\\\/13\\\/el-presidente-de-adif-luis-pedro-marco-de-la-pena-se-reune-con-los-vecinos-de-la-torrecilla-y-campillo\\\/\",\"url\":\"https:\\\/\\\/arealorcaradio.es\\\/index.php\\\/2025\\\/11\\\/13\\\/el-presidente-de-adif-luis-pedro-marco-de-la-pena-se-reune-con-los-vecinos-de-la-torrecilla-y-campillo\\\/\",\"name\":\"El presidente de Adif, Luis Pedro Marco de la Pe\u00f1a se re\u00fane con los vecinos de La Torrecilla y Campillo - AREA LORCA RADIO\",\"isPartOf\":{\"@id\":\"https:\\\/\\\/arealorcaradio.es\\\/#website\"},\"primaryImageOfPage\":{\"@id\":\"https:\\\/\\\/arealorcaradio.es\\\/index.php\\\/2025\\\/11\\\/13\\\/el-presidente-de-adif-luis-pedro-marco-de-la-pena-se-reune-con-los-vecinos-de-la-torrecilla-y-campillo\\\/#primaryimage\"},\"image\":{\"@id\":\"https:\\\/\\\/arealorcaradio.es\\\/index.php\\\/2025\\\/11\\\/13\\\/el-presidente-de-adif-luis-pedro-marco-de-la-pena-se-reune-con-los-vecinos-de-la-torrecilla-y-campillo\\\/#primaryimage\"},\"thumbnailUrl\":\"https:\\\/\\\/arealorcaradio.es\\\/wp-content\\\/uploads\\\/2025\\\/11\\\/foto3-45.jpeg\",\"datePublished\":\"2025-11-13T16:50:16+00:00\",\"author\":{\"@id\":\"https:\\\/\\\/arealorcaradio.es\\\/#\\\/schema\\\/person\\\/9fae605fc25b0f2c83c1ab207139bd27\"},\"breadcrumb\":{\"@id\":\"https:\\\/\\\/arealorcaradio.es\\\/index.php\\\/2025\\\/11\\\/13\\\/el-presidente-de-adif-luis-pedro-marco-de-la-pena-se-reune-con-los-vecinos-de-la-torrecilla-y-campillo\\\/#breadcrumb\"},\"inLanguage\":\"es\",\"potentialAction\":[{\"@type\":\"ReadAction\",\"target\":[\"https:\\\/\\\/arealorcaradio.es\\\/index.php\\\/2025\\\/11\\\/13\\\/el-presidente-de-adif-luis-pedro-marco-de-la-pena-se-reune-con-los-vecinos-de-la-torrecilla-y-campillo\\\/\"]}]},{\"@type\":\"ImageObject\",\"inLanguage\":\"es\",\"@id\":\"https:\\\/\\\/arealorcaradio.es\\\/index.php\\\/2025\\\/11\\\/13\\\/el-presidente-de-adif-luis-pedro-marco-de-la-pena-se-reune-con-los-vecinos-de-la-torrecilla-y-campillo\\\/#primaryimage\",\"url\":\"https:\\\/\\\/arealorcaradio.es\\\/wp-content\\\/uploads\\\/2025\\\/11\\\/foto3-45.jpeg\",\"contentUrl\":\"https:\\\/\\\/arealorcaradio.es\\\/wp-content\\\/uploads\\\/2025\\\/11\\\/foto3-45.jpeg\",\"width\":1000,\"height\":750},{\"@type\":\"BreadcrumbList\",\"@id\":\"https:\\\/\\\/arealorcaradio.es\\\/index.php\\\/2025\\\/11\\\/13\\\/el-presidente-de-adif-luis-pedro-marco-de-la-pena-se-reune-con-los-vecinos-de-la-torrecilla-y-campillo\\\/#breadcrumb\",\"itemListElement\":[{\"@type\":\"ListItem\",\"position\":1,\"name\":\"Portada\",\"item\":\"https:\\\/\\\/arealorcaradio.es\\\/\"},{\"@type\":\"ListItem\",\"position\":2,\"name\":\"El presidente de Adif, Luis Pedro Marco de la Pe\u00f1a se re\u00fane con los vecinos de La Torrecilla y Campillo\"}]},{\"@type\":\"WebSite\",\"@id\":\"https:\\\/\\\/arealorcaradio.es\\\/#website\",\"url\":\"https:\\\/\\\/arealorcaradio.es\\\/\",\"name\":\"AREA LORCA RADIO\",\"description\":\"Descubre la programaci\u00f3n actual en \u00c1rea Lorca Radio, tu fuente de entrenamiento y noticias locales. Sintoniza ahora y mantente conectado online.\",\"potentialAction\":[{\"@type\":\"SearchAction\",\"target\":{\"@type\":\"EntryPoint\",\"urlTemplate\":\"https:\\\/\\\/arealorcaradio.es\\\/?s={search_term_string}\"},\"query-input\":{\"@type\":\"PropertyValueSpecification\",\"valueRequired\":true,\"valueName\":\"search_term_string\"}}],\"inLanguage\":\"es\"},{\"@type\":\"Person\",\"@id\":\"https:\\\/\\\/arealorcaradio.es\\\/#\\\/schema\\\/person\\\/9fae605fc25b0f2c83c1ab207139bd27\",\"name\":\"Paco S\u00e1nchez\",\"image\":{\"@type\":\"ImageObject\",\"inLanguage\":\"es\",\"@id\":\"https:\\\/\\\/secure.gravatar.com\\\/avatar\\\/d67144e966420fb74aa84c9f2a0103be4724fd14db52b52d3b6bca749f257e79?s=96&d=mm&r=g\",\"url\":\"https:\\\/\\\/secure.gravatar.com\\\/avatar\\\/d67144e966420fb74aa84c9f2a0103be4724fd14db52b52d3b6bca749f257e79?s=96&d=mm&r=g\",\"contentUrl\":\"https:\\\/\\\/secure.gravatar.com\\\/avatar\\\/d67144e966420fb74aa84c9f2a0103be4724fd14db52b52d3b6bca749f257e79?s=96&d=mm&r=g\",\"caption\":\"Paco S\u00e1nchez\"},\"sameAs\":[\"https:\\\/\\\/arealorcaradio.es\"],\"url\":\"https:\\\/\\\/arealorcaradio.es\\\/index.php\\\/author\\\/admin_alorcaradio\\\/\"}]}<\/script>\n<!-- \/ Yoast SEO plugin. -->","yoast_head_json":{"title":"El presidente de Adif, Luis Pedro Marco de la Pe\u00f1a se re\u00fane con los vecinos de La Torrecilla y Campillo - AREA LORCA RADIO","robots":{"index":"index","follow":"follow","max-snippet":"max-snippet:-1","max-image-preview":"max-image-preview:large","max-video-preview":"max-video-preview:-1"},"canonical":"https:\/\/arealorcaradio.es\/index.php\/2025\/11\/13\/el-presidente-de-adif-luis-pedro-marco-de-la-pena-se-reune-con-los-vecinos-de-la-torrecilla-y-campillo\/","og_locale":"es_ES","og_type":"article","og_title":"El presidente de Adif, Luis Pedro Marco de la Pe\u00f1a se re\u00fane con los vecinos de La Torrecilla y Campillo - AREA LORCA RADIO","og_description":"\u00c1REA LORCA RADIO. Infraestructuras. Escucha aqu\u00ed la pieza de \u00c1rea Lorca Radio, en la que intervienen el presidente de Adif, Luis Pedro Marco de la Pe\u00f1a, el alcalde de Lorca, Fulgencio Gil, el Delegado del Gobierno de la Regi\u00f3n de Murcia, Francisco Lucas y el presidente de la AAVV de La Torrecilla, Cayetano Padilla. Lorca, [&hellip;]","og_url":"https:\/\/arealorcaradio.es\/index.php\/2025\/11\/13\/el-presidente-de-adif-luis-pedro-marco-de-la-pena-se-reune-con-los-vecinos-de-la-torrecilla-y-campillo\/","og_site_name":"AREA LORCA RADIO","article_published_time":"2025-11-13T16:50:16+00:00","og_image":[{"width":1000,"height":750,"url":"https:\/\/arealorcaradio.es\/wp-content\/uploads\/2025\/11\/foto3-45.jpeg","type":"image\/jpeg"}],"author":"Paco S\u00e1nchez","twitter_card":"summary_large_image","twitter_misc":{"Escrito por":"Paco S\u00e1nchez","Tiempo de lectura":"2 minutos"},"schema":{"@context":"https:\/\/schema.org","@graph":[{"@type":"Article","@id":"https:\/\/arealorcaradio.es\/index.php\/2025\/11\/13\/el-presidente-de-adif-luis-pedro-marco-de-la-pena-se-reune-con-los-vecinos-de-la-torrecilla-y-campillo\/#article","isPartOf":{"@id":"https:\/\/arealorcaradio.es\/index.php\/2025\/11\/13\/el-presidente-de-adif-luis-pedro-marco-de-la-pena-se-reune-con-los-vecinos-de-la-torrecilla-y-campillo\/"},"author":{"name":"Paco S\u00e1nchez","@id":"https:\/\/arealorcaradio.es\/#\/schema\/person\/9fae605fc25b0f2c83c1ab207139bd27"},"headline":"El presidente de Adif, Luis Pedro Marco de la Pe\u00f1a se re\u00fane con los vecinos de La Torrecilla y Campillo","datePublished":"2025-11-13T16:50:16+00:00","mainEntityOfPage":{"@id":"https:\/\/arealorcaradio.es\/index.php\/2025\/11\/13\/el-presidente-de-adif-luis-pedro-marco-de-la-pena-se-reune-con-los-vecinos-de-la-torrecilla-y-campillo\/"},"wordCount":277,"commentCount":0,"image":{"@id":"https:\/\/arealorcaradio.es\/index.php\/2025\/11\/13\/el-presidente-de-adif-luis-pedro-marco-de-la-pena-se-reune-con-los-vecinos-de-la-torrecilla-y-campillo\/#primaryimage"},"thumbnailUrl":"https:\/\/arealorcaradio.es\/wp-content\/uploads\/2025\/11\/foto3-45.jpeg","articleSection":["ACTUALIDAD","LORCA"],"inLanguage":"es","potentialAction":[{"@type":"CommentAction","name":"Comment","target":["https:\/\/arealorcaradio.es\/index.php\/2025\/11\/13\/el-presidente-de-adif-luis-pedro-marco-de-la-pena-se-reune-con-los-vecinos-de-la-torrecilla-y-campillo\/#respond"]}]},{"@type":"WebPage","@id":"https:\/\/arealorcaradio.es\/index.php\/2025\/11\/13\/el-presidente-de-adif-luis-pedro-marco-de-la-pena-se-reune-con-los-vecinos-de-la-torrecilla-y-campillo\/","url":"https:\/\/arealorcaradio.es\/index.php\/2025\/11\/13\/el-presidente-de-adif-luis-pedro-marco-de-la-pena-se-reune-con-los-vecinos-de-la-torrecilla-y-campillo\/","name":"El presidente de Adif, Luis Pedro Marco de la Pe\u00f1a se re\u00fane con los vecinos de La Torrecilla y Campillo - AREA LORCA RADIO","isPartOf":{"@id":"https:\/\/arealorcaradio.es\/#website"},"primaryImageOfPage":{"@id":"https:\/\/arealorcaradio.es\/index.php\/2025\/11\/13\/el-presidente-de-adif-luis-pedro-marco-de-la-pena-se-reune-con-los-vecinos-de-la-torrecilla-y-campillo\/#primaryimage"},"image":{"@id":"https:\/\/arealorcaradio.es\/index.php\/2025\/11\/13\/el-presidente-de-adif-luis-pedro-marco-de-la-pena-se-reune-con-los-vecinos-de-la-torrecilla-y-campillo\/#primaryimage"},"thumbnailUrl":"https:\/\/arealorcaradio.es\/wp-content\/uploads\/2025\/11\/foto3-45.jpeg","datePublished":"2025-11-13T16:50:16+00:00","author":{"@id":"https:\/\/arealorcaradio.es\/#\/schema\/person\/9fae605fc25b0f2c83c1ab207139bd27"},"breadcrumb":{"@id":"https:\/\/arealorcaradio.es\/index.php\/2025\/11\/13\/el-presidente-de-adif-luis-pedro-marco-de-la-pena-se-reune-con-los-vecinos-de-la-torrecilla-y-campillo\/#breadcrumb"},"inLanguage":"es","potentialAction":[{"@type":"ReadAction","target":["https:\/\/arealorcaradio.es\/index.php\/2025\/11\/13\/el-presidente-de-adif-luis-pedro-marco-de-la-pena-se-reune-con-los-vecinos-de-la-torrecilla-y-campillo\/"]}]},{"@type":"ImageObject","inLanguage":"es","@id":"https:\/\/arealorcaradio.es\/index.php\/2025\/11\/13\/el-presidente-de-adif-luis-pedro-marco-de-la-pena-se-reune-con-los-vecinos-de-la-torrecilla-y-campillo\/#primaryimage","url":"https:\/\/arealorcaradio.es\/wp-content\/uploads\/2025\/11\/foto3-45.jpeg","contentUrl":"https:\/\/arealorcaradio.es\/wp-content\/uploads\/2025\/11\/foto3-45.jpeg","width":1000,"height":750},{"@type":"BreadcrumbList","@id":"https:\/\/arealorcaradio.es\/index.php\/2025\/11\/13\/el-presidente-de-adif-luis-pedro-marco-de-la-pena-se-reune-con-los-vecinos-de-la-torrecilla-y-campillo\/#breadcrumb","itemListElement":[{"@type":"ListItem","position":1,"name":"Portada","item":"https:\/\/arealorcaradio.es\/"},{"@type":"ListItem","position":2,"name":"El presidente de Adif, Luis Pedro Marco de la Pe\u00f1a se re\u00fane con los vecinos de La Torrecilla y Campillo"}]},{"@type":"WebSite","@id":"https:\/\/arealorcaradio.es\/#website","url":"https:\/\/arealorcaradio.es\/","name":"AREA LORCA RADIO","description":"Descubre la programaci\u00f3n actual en \u00c1rea Lorca Radio, tu fuente de entrenamiento y noticias locales. Sintoniza ahora y mantente conectado online.","potentialAction":[{"@type":"SearchAction","target":{"@type":"EntryPoint","urlTemplate":"https:\/\/arealorcaradio.es\/?s={search_term_string}"},"query-input":{"@type":"PropertyValueSpecification","valueRequired":true,"valueName":"search_term_string"}}],"inLanguage":"es"},{"@type":"Person","@id":"https:\/\/arealorcaradio.es\/#\/schema\/person\/9fae605fc25b0f2c83c1ab207139bd27","name":"Paco S\u00e1nchez","image":{"@type":"ImageObject","inLanguage":"es","@id":"https:\/\/secure.gravatar.com\/avatar\/d67144e966420fb74aa84c9f2a0103be4724fd14db52b52d3b6bca749f257e79?s=96&d=mm&r=g","url":"https:\/\/secure.gravatar.com\/avatar\/d67144e966420fb74aa84c9f2a0103be4724fd14db52b52d3b6bca749f257e79?s=96&d=mm&r=g","contentUrl":"https:\/\/secure.gravatar.com\/avatar\/d67144e966420fb74aa84c9f2a0103be4724fd14db52b52d3b6bca749f257e79?s=96&d=mm&r=g","caption":"Paco S\u00e1nchez"},"sameAs":["https:\/\/arealorcaradio.es"],"url":"https:\/\/arealorcaradio.es\/index.php\/author\/admin_alorcaradio\/"}]}},"_links":{"self":[{"href":"https:\/\/arealorcaradio.es\/index.php\/wp-json\/wp\/v2\/posts\/8413","targetHints":{"allow":["GET"]}}],"collection":[{"href":"https:\/\/arealorcaradio.es\/index.php\/wp-json\/wp\/v2\/posts"}],"about":[{"href":"https:\/\/arealorcaradio.es\/index.php\/wp-json\/wp\/v2\/types\/post"}],"author":[{"embeddable":true,"href":"https:\/\/arealorcaradio.es\/index.php\/wp-json\/wp\/v2\/users\/1"}],"replies":[{"embeddable":true,"href":"https:\/\/arealorcaradio.es\/index.php\/wp-json\/wp\/v2\/comments?post=8413"}],"version-history":[{"count":1,"href":"https:\/\/arealorcaradio.es\/index.php\/wp-json\/wp\/v2\/posts\/8413\/revisions"}],"predecessor-version":[{"id":8417,"href":"https:\/\/arealorcaradio.es\/index.php\/wp-json\/wp\/v2\/posts\/8413\/revisions\/8417"}],"wp:featuredmedia":[{"embeddable":true,"href":"https:\/\/arealorcaradio.es\/index.php\/wp-json\/wp\/v2\/media\/8416"}],"wp:attachment":[{"href":"https:\/\/arealorcaradio.es\/index.php\/wp-json\/wp\/v2\/media?parent=8413"}],"wp:term":[{"taxonomy":"category","embeddable":true,"href":"https:\/\/arealorcaradio.es\/index.php\/wp-json\/wp\/v2\/categories?post=8413"},{"taxonomy":"post_tag","embeddable":true,"href":"https:\/\/arealorcaradio.es\/index.php\/wp-json\/wp\/v2\/tags?post=8413"}],"curies":[{"name":"wp","href":"https:\/\/api.w.org\/{rel}","templated":true}]}}