{"id":8398,"date":"2025-11-12T19:19:50","date_gmt":"2025-11-12T19:19:50","guid":{"rendered":"https:\/\/arealorcaradio.es\/?p=8398"},"modified":"2025-11-12T19:19:50","modified_gmt":"2025-11-12T19:19:50","slug":"el-lorca-deportiva-vence-al-puente-genil-y-suma-su-quinto-partido-sin-conocer-la-derrota","status":"publish","type":"post","link":"https:\/\/arealorcaradio.es\/index.php\/2025\/11\/12\/el-lorca-deportiva-vence-al-puente-genil-y-suma-su-quinto-partido-sin-conocer-la-derrota\/","title":{"rendered":"El Lorca Deportiva vence al Puente Genil y suma su quinto partido sin conocer la derrota"},"content":{"rendered":"<p><strong>\u00c1REA LORCA RADIO. Deportes.<\/strong><\/p>\n<p><strong>Lorca, 12 de noviembre de 2025. <\/strong>El Estadio Artes Carrasco de Lorca ha acogido el partido aplazado de la octava jornada de Liga de Segunda RFEF Grupo IV, que ha enfrentado al Lorca Deportiva y Salerm Puente Genil.<\/p>\n<p>El horario impuesto por la RFEF, 17 horas, ha impedido que muchos seguidores lorquinos hayan podido acompa\u00f1ar a su equipo, en un partido que ha finalizado con el resultado de 1-0 para los locales.<\/p>\n<p>A\u00fan as\u00ed, las iniciativas llevadas a cabo por el club blanquiazul, como que cada socio pod\u00eda llevar a un acompa\u00f1ante gratis, o el acceso gratuito para los ni\u00f1os y ni\u00f1as de cualquiera de los clubes deportivos de Lorca y Escuelas Deportivas, han dado su resultado y la asistencia de p\u00fablico a estado en torno al millar de espectadores.<\/p>\n<p><img loading=\"lazy\" decoding=\"async\" class=\"alignnone size-medium wp-image-8410\" src=\"https:\/\/arealorcaradio.es\/wp-content\/uploads\/2025\/11\/IMG-20251112-WA0055-300x169.jpg\" alt=\"\" width=\"300\" height=\"169\" srcset=\"https:\/\/arealorcaradio.es\/wp-content\/uploads\/2025\/11\/IMG-20251112-WA0055-300x169.jpg 300w, https:\/\/arealorcaradio.es\/wp-content\/uploads\/2025\/11\/IMG-20251112-WA0055-1024x576.jpg 1024w, https:\/\/arealorcaradio.es\/wp-content\/uploads\/2025\/11\/IMG-20251112-WA0055-768x432.jpg 768w, https:\/\/arealorcaradio.es\/wp-content\/uploads\/2025\/11\/IMG-20251112-WA0055-1536x864.jpg 1536w, https:\/\/arealorcaradio.es\/wp-content\/uploads\/2025\/11\/IMG-20251112-WA0055-2048x1152.jpg 2048w\" sizes=\"auto, (max-width: 300px) 100vw, 300px\" \/> <img loading=\"lazy\" decoding=\"async\" class=\"alignnone  wp-image-8408\" src=\"https:\/\/arealorcaradio.es\/wp-content\/uploads\/2025\/11\/IMG-20251112-WA0057-300x200.jpg\" alt=\"\" width=\"258\" height=\"172\" srcset=\"https:\/\/arealorcaradio.es\/wp-content\/uploads\/2025\/11\/IMG-20251112-WA0057-300x200.jpg 300w, https:\/\/arealorcaradio.es\/wp-content\/uploads\/2025\/11\/IMG-20251112-WA0057-1024x683.jpg 1024w, https:\/\/arealorcaradio.es\/wp-content\/uploads\/2025\/11\/IMG-20251112-WA0057-768x512.jpg 768w, https:\/\/arealorcaradio.es\/wp-content\/uploads\/2025\/11\/IMG-20251112-WA0057-1536x1024.jpg 1536w, https:\/\/arealorcaradio.es\/wp-content\/uploads\/2025\/11\/IMG-20251112-WA0057-2048x1365.jpg 2048w\" sizes=\"auto, (max-width: 258px) 100vw, 258px\" \/><\/p>\n<p>El partido comenz\u00f3 con dos equipos que desde pitido inicial quisieron hacerse con el dominio del bal\u00f3n en la zona ancha. A los 11 minutos Escobar juega para Gabri L\u00f3pez en banda derecha pero su centro al \u00e1rea peque\u00f1a tras tocar en un defensor, lo ataja el portero Benito.<\/p>\n<p>En el minuto 17 los locales tocan bien por banda izquierda, saca un buen centro Juanma Acevedo que es rematado por Naranjo al fondo de la red junto al palo izquierdo, inaugurando el marcador y poniendo por delante a los lorquinos. Desde ese instante el conjunto local mando y este hizo que el t\u00e9cnico visitante \u00c1lvaro Cejudo hiciera dos cambios a la media hora de partido, dejando el terreno de juego Azael y\u00a0 Diego Merino, entrando en su lugar Salva Vegas y Carlos Ram\u00edrez. Se estiro el Puente Genil hasta el descanso pero no lleg\u00f3 a inquietar la puerta de Fran \u00c1rbol.<\/p>\n<p>Ya desde el inicio de la segunda parte, \u00c1lvaro Cejudo, dio entrada al centrocampista Carlos Ram\u00edrez y al delantero Montenegro y en el primer minuto Salva Vegas oblig\u00f3 a meter los pu\u00f1os a Fran \u00c1rbol, evitando este el empate en el marcador. en el minuto 4, Alan cruza demasiado saliendo el bal\u00f3n lamiendo el palo izquierdo de la puerta lorquina.<\/p>\n<p>La respuesta local lleg\u00f3 en el minuto 53 con un doble centro al \u00e1rea del conjunto cordob\u00e9s donde Naranjo no lleg\u00f3 por muy poco a dos inclusiones de Escobar por banda derecha.<\/p>\n<p><img loading=\"lazy\" decoding=\"async\" class=\"alignnone size-medium wp-image-8409\" src=\"https:\/\/arealorcaradio.es\/wp-content\/uploads\/2025\/11\/IMG-20251112-WA0050-300x200.jpg\" alt=\"\" width=\"300\" height=\"200\" srcset=\"https:\/\/arealorcaradio.es\/wp-content\/uploads\/2025\/11\/IMG-20251112-WA0050-300x200.jpg 300w, https:\/\/arealorcaradio.es\/wp-content\/uploads\/2025\/11\/IMG-20251112-WA0050-1024x683.jpg 1024w, https:\/\/arealorcaradio.es\/wp-content\/uploads\/2025\/11\/IMG-20251112-WA0050-768x512.jpg 768w, https:\/\/arealorcaradio.es\/wp-content\/uploads\/2025\/11\/IMG-20251112-WA0050-1536x1024.jpg 1536w, https:\/\/arealorcaradio.es\/wp-content\/uploads\/2025\/11\/IMG-20251112-WA0050.jpg 1920w\" sizes=\"auto, (max-width: 300px) 100vw, 300px\" \/><\/p>\n<p>En el minuto 73, una falta botada desde la banda derecha del ataque del Puente Genil, la remato de cabeza Montenegro saliendo el bal\u00f3n muy cerca del palo derecho de la puerta de Fran \u00c1rbol.<\/p>\n<p>El susto de la tarde lleg\u00f3 en el minuto 82, cuando Zaca se plant\u00f3 en el \u00e1rea cruzando con pierna derecha evitando el empate Fran \u00c1rbol, tocando con la yema de sus manos para enviar a c\u00f3rner y salvar a su equipo.<\/p>\n<p>El \u00faltimo remate del partido lleg\u00f3 a cargo de Montenegro de cabeza, parando con seguridad Fran \u00c1rbol.<\/p>\n<p>Los lorquinos lo pasaron mal en los minutos finales ante en empuje de los cordobeses. Tres puntos de oro para el Lorca Deportiva que se coloca en la zona media de la clasificaci\u00f3n.<\/p>\n<p><img loading=\"lazy\" decoding=\"async\" class=\"alignnone size-medium wp-image-8411\" src=\"https:\/\/arealorcaradio.es\/wp-content\/uploads\/2025\/11\/IMG-20251112-WA0048-225x300.jpg\" alt=\"\" width=\"225\" height=\"300\" srcset=\"https:\/\/arealorcaradio.es\/wp-content\/uploads\/2025\/11\/IMG-20251112-WA0048-225x300.jpg 225w, https:\/\/arealorcaradio.es\/wp-content\/uploads\/2025\/11\/IMG-20251112-WA0048-768x1024.jpg 768w, https:\/\/arealorcaradio.es\/wp-content\/uploads\/2025\/11\/IMG-20251112-WA0048-1152x1536.jpg 1152w, https:\/\/arealorcaradio.es\/wp-content\/uploads\/2025\/11\/IMG-20251112-WA0048-1536x2048.jpg 1536w, https:\/\/arealorcaradio.es\/wp-content\/uploads\/2025\/11\/IMG-20251112-WA0048-scaled.jpg 1920w\" sizes=\"auto, (max-width: 225px) 100vw, 225px\" \/><\/p>\n<p><strong>Ficha t\u00e9cnica:<\/strong><\/p>\n<p><strong>Lorca Deportiva:<\/strong> Fran \u00c1rbol; Escobar, Fromsa, Sergi Monteverde, Kiko (Morros 80\u00b4); \u00c1lvaro Mart\u00ednez, Willy (Tom\u00e1s Ingl\u00e9s 72\u00b4), Gabri L\u00f3pez (Soler 60\u00b4), Juanma Acevedo; Adri Heredia (Fran Tafalla 60\u00b4) y Naranjo (Saturday 80\u00b4).<\/p>\n<p><strong>Salerm Puente Genil:<\/strong> Benito; Polaco, Marcos P\u00e9rez, Iv\u00e1n Vela (Zaca 74,\u00b4), Juanjo Carmona; Joel Armengol, Lalo Hern\u00e1ndez (Montenegro 46\u00b4), Cacho (Alan 46\u00b4), Azael (Salva Vegas 30\u00b4); Diego Merino (Carlos Ram\u00edrez 30\u00b4) e Isma.<\/p>\n<p><strong>Gol:<\/strong> 1-0 Naranjo 17\u00b4<\/p>\n<p><strong>\u00c1rbitro:\u00a0<\/strong> Javier Villaescusa Alarc\u00f3n; Luis L\u00f3pez, Samuel El\u00edas P\u00e9rez. (Colegio Valenciano).<\/p>\n<p>Amonest\u00f3 por parte local a Willy y Kiko y al visitante Salva Vegas.<\/p>\n<p><strong>Incidencias: <\/strong>Estadio Francisco Artes Carrasco. 1000 Espectadores.<\/p>\n<p><strong>El dato:<\/strong> El Lorca Deportiva afrontar\u00e1 el pr\u00f3ximo domingo a las 18:00 horas en Jerez de la Frontera el partido correspondiente a la jornada 11 de liga de Segunda RFEF que le enfrentar\u00e1 en el Estadio de Chap\u00edn al Xerez CD.<\/p>\n","protected":false},"excerpt":{"rendered":"<p>\u00c1REA LORCA RADIO. Deportes. Lorca, 12 de noviembre de 2025. El Estadio Artes Carrasco de Lorca ha acogido el partido aplazado de la octava jornada de Liga de Segunda RFEF Grupo IV, que ha enfrentado al Lorca Deportiva y Salerm Puente Genil. El horario impuesto por la RFEF, 17 horas, ha impedido que muchos seguidores [&hellip;]<\/p>\n","protected":false},"author":1,"featured_media":8407,"comment_status":"open","ping_status":"open","sticky":false,"template":"","format":"standard","meta":{"iawp_total_views":104,"footnotes":""},"categories":[4,7],"tags":[],"class_list":["post-8398","post","type-post","status-publish","format-standard","has-post-thumbnail","hentry","category-deportes","category-lorca"],"yoast_head":"<!-- This site is optimized with the Yoast SEO plugin v27.5 - https:\/\/yoast.com\/product\/yoast-seo-wordpress\/ -->\n<title>El Lorca Deportiva vence al Puente Genil y suma su quinto partido sin conocer la derrota - AREA LORCA RADIO<\/title>\n<meta name=\"robots\" content=\"index, follow, max-snippet:-1, max-image-preview:large, max-video-preview:-1\" \/>\n<link rel=\"canonical\" href=\"https:\/\/arealorcaradio.es\/index.php\/2025\/11\/12\/el-lorca-deportiva-vence-al-puente-genil-y-suma-su-quinto-partido-sin-conocer-la-derrota\/\" \/>\n<meta property=\"og:locale\" content=\"es_ES\" \/>\n<meta property=\"og:type\" content=\"article\" \/>\n<meta property=\"og:title\" content=\"El Lorca Deportiva vence al Puente Genil y suma su quinto partido sin conocer la derrota - AREA LORCA RADIO\" \/>\n<meta property=\"og:description\" content=\"\u00c1REA LORCA RADIO. Deportes. Lorca, 12 de noviembre de 2025. El Estadio Artes Carrasco de Lorca ha acogido el partido aplazado de la octava jornada de Liga de Segunda RFEF Grupo IV, que ha enfrentado al Lorca Deportiva y Salerm Puente Genil. El horario impuesto por la RFEF, 17 horas, ha impedido que muchos seguidores [&hellip;]\" \/>\n<meta property=\"og:url\" content=\"https:\/\/arealorcaradio.es\/index.php\/2025\/11\/12\/el-lorca-deportiva-vence-al-puente-genil-y-suma-su-quinto-partido-sin-conocer-la-derrota\/\" \/>\n<meta property=\"og:site_name\" content=\"AREA LORCA RADIO\" \/>\n<meta property=\"article:published_time\" content=\"2025-11-12T19:19:50+00:00\" \/>\n<meta property=\"og:image\" content=\"https:\/\/arealorcaradio.es\/wp-content\/uploads\/2025\/11\/IMG-20251112-WA0052-1.jpg\" \/>\n\t<meta property=\"og:image:width\" content=\"1920\" \/>\n\t<meta property=\"og:image:height\" content=\"1280\" \/>\n\t<meta property=\"og:image:type\" content=\"image\/jpeg\" \/>\n<meta name=\"author\" content=\"Paco S\u00e1nchez\" \/>\n<meta name=\"twitter:card\" content=\"summary_large_image\" \/>\n<meta name=\"twitter:label1\" content=\"Escrito por\" \/>\n\t<meta name=\"twitter:data1\" content=\"Paco S\u00e1nchez\" \/>\n\t<meta name=\"twitter:label2\" content=\"Tiempo de lectura\" \/>\n\t<meta name=\"twitter:data2\" content=\"4 minutos\" \/>\n<script type=\"application\/ld+json\" class=\"yoast-schema-graph\">{\"@context\":\"https:\\\/\\\/schema.org\",\"@graph\":[{\"@type\":\"Article\",\"@id\":\"https:\\\/\\\/arealorcaradio.es\\\/index.php\\\/2025\\\/11\\\/12\\\/el-lorca-deportiva-vence-al-puente-genil-y-suma-su-quinto-partido-sin-conocer-la-derrota\\\/#article\",\"isPartOf\":{\"@id\":\"https:\\\/\\\/arealorcaradio.es\\\/index.php\\\/2025\\\/11\\\/12\\\/el-lorca-deportiva-vence-al-puente-genil-y-suma-su-quinto-partido-sin-conocer-la-derrota\\\/\"},\"author\":{\"name\":\"Paco S\u00e1nchez\",\"@id\":\"https:\\\/\\\/arealorcaradio.es\\\/#\\\/schema\\\/person\\\/9fae605fc25b0f2c83c1ab207139bd27\"},\"headline\":\"El Lorca Deportiva vence al Puente Genil y suma su quinto partido sin conocer la derrota\",\"datePublished\":\"2025-11-12T19:19:50+00:00\",\"mainEntityOfPage\":{\"@id\":\"https:\\\/\\\/arealorcaradio.es\\\/index.php\\\/2025\\\/11\\\/12\\\/el-lorca-deportiva-vence-al-puente-genil-y-suma-su-quinto-partido-sin-conocer-la-derrota\\\/\"},\"wordCount\":674,\"commentCount\":0,\"image\":{\"@id\":\"https:\\\/\\\/arealorcaradio.es\\\/index.php\\\/2025\\\/11\\\/12\\\/el-lorca-deportiva-vence-al-puente-genil-y-suma-su-quinto-partido-sin-conocer-la-derrota\\\/#primaryimage\"},\"thumbnailUrl\":\"https:\\\/\\\/arealorcaradio.es\\\/wp-content\\\/uploads\\\/2025\\\/11\\\/IMG-20251112-WA0052-1.jpg\",\"articleSection\":[\"DEPORTES\",\"LORCA\"],\"inLanguage\":\"es\",\"potentialAction\":[{\"@type\":\"CommentAction\",\"name\":\"Comment\",\"target\":[\"https:\\\/\\\/arealorcaradio.es\\\/index.php\\\/2025\\\/11\\\/12\\\/el-lorca-deportiva-vence-al-puente-genil-y-suma-su-quinto-partido-sin-conocer-la-derrota\\\/#respond\"]}]},{\"@type\":\"WebPage\",\"@id\":\"https:\\\/\\\/arealorcaradio.es\\\/index.php\\\/2025\\\/11\\\/12\\\/el-lorca-deportiva-vence-al-puente-genil-y-suma-su-quinto-partido-sin-conocer-la-derrota\\\/\",\"url\":\"https:\\\/\\\/arealorcaradio.es\\\/index.php\\\/2025\\\/11\\\/12\\\/el-lorca-deportiva-vence-al-puente-genil-y-suma-su-quinto-partido-sin-conocer-la-derrota\\\/\",\"name\":\"El Lorca Deportiva vence al Puente Genil y suma su quinto partido sin conocer la derrota - AREA LORCA RADIO\",\"isPartOf\":{\"@id\":\"https:\\\/\\\/arealorcaradio.es\\\/#website\"},\"primaryImageOfPage\":{\"@id\":\"https:\\\/\\\/arealorcaradio.es\\\/index.php\\\/2025\\\/11\\\/12\\\/el-lorca-deportiva-vence-al-puente-genil-y-suma-su-quinto-partido-sin-conocer-la-derrota\\\/#primaryimage\"},\"image\":{\"@id\":\"https:\\\/\\\/arealorcaradio.es\\\/index.php\\\/2025\\\/11\\\/12\\\/el-lorca-deportiva-vence-al-puente-genil-y-suma-su-quinto-partido-sin-conocer-la-derrota\\\/#primaryimage\"},\"thumbnailUrl\":\"https:\\\/\\\/arealorcaradio.es\\\/wp-content\\\/uploads\\\/2025\\\/11\\\/IMG-20251112-WA0052-1.jpg\",\"datePublished\":\"2025-11-12T19:19:50+00:00\",\"author\":{\"@id\":\"https:\\\/\\\/arealorcaradio.es\\\/#\\\/schema\\\/person\\\/9fae605fc25b0f2c83c1ab207139bd27\"},\"breadcrumb\":{\"@id\":\"https:\\\/\\\/arealorcaradio.es\\\/index.php\\\/2025\\\/11\\\/12\\\/el-lorca-deportiva-vence-al-puente-genil-y-suma-su-quinto-partido-sin-conocer-la-derrota\\\/#breadcrumb\"},\"inLanguage\":\"es\",\"potentialAction\":[{\"@type\":\"ReadAction\",\"target\":[\"https:\\\/\\\/arealorcaradio.es\\\/index.php\\\/2025\\\/11\\\/12\\\/el-lorca-deportiva-vence-al-puente-genil-y-suma-su-quinto-partido-sin-conocer-la-derrota\\\/\"]}]},{\"@type\":\"ImageObject\",\"inLanguage\":\"es\",\"@id\":\"https:\\\/\\\/arealorcaradio.es\\\/index.php\\\/2025\\\/11\\\/12\\\/el-lorca-deportiva-vence-al-puente-genil-y-suma-su-quinto-partido-sin-conocer-la-derrota\\\/#primaryimage\",\"url\":\"https:\\\/\\\/arealorcaradio.es\\\/wp-content\\\/uploads\\\/2025\\\/11\\\/IMG-20251112-WA0052-1.jpg\",\"contentUrl\":\"https:\\\/\\\/arealorcaradio.es\\\/wp-content\\\/uploads\\\/2025\\\/11\\\/IMG-20251112-WA0052-1.jpg\",\"width\":1920,\"height\":1280},{\"@type\":\"BreadcrumbList\",\"@id\":\"https:\\\/\\\/arealorcaradio.es\\\/index.php\\\/2025\\\/11\\\/12\\\/el-lorca-deportiva-vence-al-puente-genil-y-suma-su-quinto-partido-sin-conocer-la-derrota\\\/#breadcrumb\",\"itemListElement\":[{\"@type\":\"ListItem\",\"position\":1,\"name\":\"Portada\",\"item\":\"https:\\\/\\\/arealorcaradio.es\\\/\"},{\"@type\":\"ListItem\",\"position\":2,\"name\":\"El Lorca Deportiva vence al Puente Genil y suma su quinto partido sin conocer la derrota\"}]},{\"@type\":\"WebSite\",\"@id\":\"https:\\\/\\\/arealorcaradio.es\\\/#website\",\"url\":\"https:\\\/\\\/arealorcaradio.es\\\/\",\"name\":\"AREA LORCA RADIO\",\"description\":\"Descubre la programaci\u00f3n actual en \u00c1rea Lorca Radio, tu fuente de entrenamiento y noticias locales. Sintoniza ahora y mantente conectado online.\",\"potentialAction\":[{\"@type\":\"SearchAction\",\"target\":{\"@type\":\"EntryPoint\",\"urlTemplate\":\"https:\\\/\\\/arealorcaradio.es\\\/?s={search_term_string}\"},\"query-input\":{\"@type\":\"PropertyValueSpecification\",\"valueRequired\":true,\"valueName\":\"search_term_string\"}}],\"inLanguage\":\"es\"},{\"@type\":\"Person\",\"@id\":\"https:\\\/\\\/arealorcaradio.es\\\/#\\\/schema\\\/person\\\/9fae605fc25b0f2c83c1ab207139bd27\",\"name\":\"Paco S\u00e1nchez\",\"image\":{\"@type\":\"ImageObject\",\"inLanguage\":\"es\",\"@id\":\"https:\\\/\\\/secure.gravatar.com\\\/avatar\\\/d67144e966420fb74aa84c9f2a0103be4724fd14db52b52d3b6bca749f257e79?s=96&d=mm&r=g\",\"url\":\"https:\\\/\\\/secure.gravatar.com\\\/avatar\\\/d67144e966420fb74aa84c9f2a0103be4724fd14db52b52d3b6bca749f257e79?s=96&d=mm&r=g\",\"contentUrl\":\"https:\\\/\\\/secure.gravatar.com\\\/avatar\\\/d67144e966420fb74aa84c9f2a0103be4724fd14db52b52d3b6bca749f257e79?s=96&d=mm&r=g\",\"caption\":\"Paco S\u00e1nchez\"},\"sameAs\":[\"https:\\\/\\\/arealorcaradio.es\"],\"url\":\"https:\\\/\\\/arealorcaradio.es\\\/index.php\\\/author\\\/admin_alorcaradio\\\/\"}]}<\/script>\n<!-- \/ Yoast SEO plugin. -->","yoast_head_json":{"title":"El Lorca Deportiva vence al Puente Genil y suma su quinto partido sin conocer la derrota - AREA LORCA RADIO","robots":{"index":"index","follow":"follow","max-snippet":"max-snippet:-1","max-image-preview":"max-image-preview:large","max-video-preview":"max-video-preview:-1"},"canonical":"https:\/\/arealorcaradio.es\/index.php\/2025\/11\/12\/el-lorca-deportiva-vence-al-puente-genil-y-suma-su-quinto-partido-sin-conocer-la-derrota\/","og_locale":"es_ES","og_type":"article","og_title":"El Lorca Deportiva vence al Puente Genil y suma su quinto partido sin conocer la derrota - AREA LORCA RADIO","og_description":"\u00c1REA LORCA RADIO. Deportes. Lorca, 12 de noviembre de 2025. El Estadio Artes Carrasco de Lorca ha acogido el partido aplazado de la octava jornada de Liga de Segunda RFEF Grupo IV, que ha enfrentado al Lorca Deportiva y Salerm Puente Genil. El horario impuesto por la RFEF, 17 horas, ha impedido que muchos seguidores [&hellip;]","og_url":"https:\/\/arealorcaradio.es\/index.php\/2025\/11\/12\/el-lorca-deportiva-vence-al-puente-genil-y-suma-su-quinto-partido-sin-conocer-la-derrota\/","og_site_name":"AREA LORCA RADIO","article_published_time":"2025-11-12T19:19:50+00:00","og_image":[{"width":1920,"height":1280,"url":"https:\/\/arealorcaradio.es\/wp-content\/uploads\/2025\/11\/IMG-20251112-WA0052-1.jpg","type":"image\/jpeg"}],"author":"Paco S\u00e1nchez","twitter_card":"summary_large_image","twitter_misc":{"Escrito por":"Paco S\u00e1nchez","Tiempo de lectura":"4 minutos"},"schema":{"@context":"https:\/\/schema.org","@graph":[{"@type":"Article","@id":"https:\/\/arealorcaradio.es\/index.php\/2025\/11\/12\/el-lorca-deportiva-vence-al-puente-genil-y-suma-su-quinto-partido-sin-conocer-la-derrota\/#article","isPartOf":{"@id":"https:\/\/arealorcaradio.es\/index.php\/2025\/11\/12\/el-lorca-deportiva-vence-al-puente-genil-y-suma-su-quinto-partido-sin-conocer-la-derrota\/"},"author":{"name":"Paco S\u00e1nchez","@id":"https:\/\/arealorcaradio.es\/#\/schema\/person\/9fae605fc25b0f2c83c1ab207139bd27"},"headline":"El Lorca Deportiva vence al Puente Genil y suma su quinto partido sin conocer la derrota","datePublished":"2025-11-12T19:19:50+00:00","mainEntityOfPage":{"@id":"https:\/\/arealorcaradio.es\/index.php\/2025\/11\/12\/el-lorca-deportiva-vence-al-puente-genil-y-suma-su-quinto-partido-sin-conocer-la-derrota\/"},"wordCount":674,"commentCount":0,"image":{"@id":"https:\/\/arealorcaradio.es\/index.php\/2025\/11\/12\/el-lorca-deportiva-vence-al-puente-genil-y-suma-su-quinto-partido-sin-conocer-la-derrota\/#primaryimage"},"thumbnailUrl":"https:\/\/arealorcaradio.es\/wp-content\/uploads\/2025\/11\/IMG-20251112-WA0052-1.jpg","articleSection":["DEPORTES","LORCA"],"inLanguage":"es","potentialAction":[{"@type":"CommentAction","name":"Comment","target":["https:\/\/arealorcaradio.es\/index.php\/2025\/11\/12\/el-lorca-deportiva-vence-al-puente-genil-y-suma-su-quinto-partido-sin-conocer-la-derrota\/#respond"]}]},{"@type":"WebPage","@id":"https:\/\/arealorcaradio.es\/index.php\/2025\/11\/12\/el-lorca-deportiva-vence-al-puente-genil-y-suma-su-quinto-partido-sin-conocer-la-derrota\/","url":"https:\/\/arealorcaradio.es\/index.php\/2025\/11\/12\/el-lorca-deportiva-vence-al-puente-genil-y-suma-su-quinto-partido-sin-conocer-la-derrota\/","name":"El Lorca Deportiva vence al Puente Genil y suma su quinto partido sin conocer la derrota - AREA LORCA RADIO","isPartOf":{"@id":"https:\/\/arealorcaradio.es\/#website"},"primaryImageOfPage":{"@id":"https:\/\/arealorcaradio.es\/index.php\/2025\/11\/12\/el-lorca-deportiva-vence-al-puente-genil-y-suma-su-quinto-partido-sin-conocer-la-derrota\/#primaryimage"},"image":{"@id":"https:\/\/arealorcaradio.es\/index.php\/2025\/11\/12\/el-lorca-deportiva-vence-al-puente-genil-y-suma-su-quinto-partido-sin-conocer-la-derrota\/#primaryimage"},"thumbnailUrl":"https:\/\/arealorcaradio.es\/wp-content\/uploads\/2025\/11\/IMG-20251112-WA0052-1.jpg","datePublished":"2025-11-12T19:19:50+00:00","author":{"@id":"https:\/\/arealorcaradio.es\/#\/schema\/person\/9fae605fc25b0f2c83c1ab207139bd27"},"breadcrumb":{"@id":"https:\/\/arealorcaradio.es\/index.php\/2025\/11\/12\/el-lorca-deportiva-vence-al-puente-genil-y-suma-su-quinto-partido-sin-conocer-la-derrota\/#breadcrumb"},"inLanguage":"es","potentialAction":[{"@type":"ReadAction","target":["https:\/\/arealorcaradio.es\/index.php\/2025\/11\/12\/el-lorca-deportiva-vence-al-puente-genil-y-suma-su-quinto-partido-sin-conocer-la-derrota\/"]}]},{"@type":"ImageObject","inLanguage":"es","@id":"https:\/\/arealorcaradio.es\/index.php\/2025\/11\/12\/el-lorca-deportiva-vence-al-puente-genil-y-suma-su-quinto-partido-sin-conocer-la-derrota\/#primaryimage","url":"https:\/\/arealorcaradio.es\/wp-content\/uploads\/2025\/11\/IMG-20251112-WA0052-1.jpg","contentUrl":"https:\/\/arealorcaradio.es\/wp-content\/uploads\/2025\/11\/IMG-20251112-WA0052-1.jpg","width":1920,"height":1280},{"@type":"BreadcrumbList","@id":"https:\/\/arealorcaradio.es\/index.php\/2025\/11\/12\/el-lorca-deportiva-vence-al-puente-genil-y-suma-su-quinto-partido-sin-conocer-la-derrota\/#breadcrumb","itemListElement":[{"@type":"ListItem","position":1,"name":"Portada","item":"https:\/\/arealorcaradio.es\/"},{"@type":"ListItem","position":2,"name":"El Lorca Deportiva vence al Puente Genil y suma su quinto partido sin conocer la derrota"}]},{"@type":"WebSite","@id":"https:\/\/arealorcaradio.es\/#website","url":"https:\/\/arealorcaradio.es\/","name":"AREA LORCA RADIO","description":"Descubre la programaci\u00f3n actual en \u00c1rea Lorca Radio, tu fuente de entrenamiento y noticias locales. Sintoniza ahora y mantente conectado online.","potentialAction":[{"@type":"SearchAction","target":{"@type":"EntryPoint","urlTemplate":"https:\/\/arealorcaradio.es\/?s={search_term_string}"},"query-input":{"@type":"PropertyValueSpecification","valueRequired":true,"valueName":"search_term_string"}}],"inLanguage":"es"},{"@type":"Person","@id":"https:\/\/arealorcaradio.es\/#\/schema\/person\/9fae605fc25b0f2c83c1ab207139bd27","name":"Paco S\u00e1nchez","image":{"@type":"ImageObject","inLanguage":"es","@id":"https:\/\/secure.gravatar.com\/avatar\/d67144e966420fb74aa84c9f2a0103be4724fd14db52b52d3b6bca749f257e79?s=96&d=mm&r=g","url":"https:\/\/secure.gravatar.com\/avatar\/d67144e966420fb74aa84c9f2a0103be4724fd14db52b52d3b6bca749f257e79?s=96&d=mm&r=g","contentUrl":"https:\/\/secure.gravatar.com\/avatar\/d67144e966420fb74aa84c9f2a0103be4724fd14db52b52d3b6bca749f257e79?s=96&d=mm&r=g","caption":"Paco S\u00e1nchez"},"sameAs":["https:\/\/arealorcaradio.es"],"url":"https:\/\/arealorcaradio.es\/index.php\/author\/admin_alorcaradio\/"}]}},"_links":{"self":[{"href":"https:\/\/arealorcaradio.es\/index.php\/wp-json\/wp\/v2\/posts\/8398","targetHints":{"allow":["GET"]}}],"collection":[{"href":"https:\/\/arealorcaradio.es\/index.php\/wp-json\/wp\/v2\/posts"}],"about":[{"href":"https:\/\/arealorcaradio.es\/index.php\/wp-json\/wp\/v2\/types\/post"}],"author":[{"embeddable":true,"href":"https:\/\/arealorcaradio.es\/index.php\/wp-json\/wp\/v2\/users\/1"}],"replies":[{"embeddable":true,"href":"https:\/\/arealorcaradio.es\/index.php\/wp-json\/wp\/v2\/comments?post=8398"}],"version-history":[{"count":5,"href":"https:\/\/arealorcaradio.es\/index.php\/wp-json\/wp\/v2\/posts\/8398\/revisions"}],"predecessor-version":[{"id":8412,"href":"https:\/\/arealorcaradio.es\/index.php\/wp-json\/wp\/v2\/posts\/8398\/revisions\/8412"}],"wp:featuredmedia":[{"embeddable":true,"href":"https:\/\/arealorcaradio.es\/index.php\/wp-json\/wp\/v2\/media\/8407"}],"wp:attachment":[{"href":"https:\/\/arealorcaradio.es\/index.php\/wp-json\/wp\/v2\/media?parent=8398"}],"wp:term":[{"taxonomy":"category","embeddable":true,"href":"https:\/\/arealorcaradio.es\/index.php\/wp-json\/wp\/v2\/categories?post=8398"},{"taxonomy":"post_tag","embeddable":true,"href":"https:\/\/arealorcaradio.es\/index.php\/wp-json\/wp\/v2\/tags?post=8398"}],"curies":[{"name":"wp","href":"https:\/\/api.w.org\/{rel}","templated":true}]}}