{"id":8369,"date":"2025-11-10T14:28:37","date_gmt":"2025-11-10T14:28:37","guid":{"rendered":"https:\/\/arealorcaradio.es\/?p=8369"},"modified":"2025-11-10T14:30:26","modified_gmt":"2025-11-10T14:30:26","slug":"jaime-escobar-estoy-contento-en-lo-personal-pero-lo-mas-importante-son-los-resultados-colectivos-que-comienzan-a-dar-sus-frutos","status":"publish","type":"post","link":"https:\/\/arealorcaradio.es\/index.php\/2025\/11\/10\/jaime-escobar-estoy-contento-en-lo-personal-pero-lo-mas-importante-son-los-resultados-colectivos-que-comienzan-a-dar-sus-frutos\/","title":{"rendered":"Jaime Escobar: \u00abEstoy contento en lo personal pero lo m\u00e1s importante son los resultados colectivos que comienzan a dar sus frutos\u00bb"},"content":{"rendered":"<p><strong>\u00c1REA LORCA RADIO. Deportes.<\/strong><\/p>\n<p>El jugador del Lorca Deportiva Jaime Escobar ha pasado por el estudio de \u00c1rea Lorca Radio para hablar con Paco S\u00e1nchez en el programa deportivo de la importante victoria del pasado s\u00e1bado en el Artes Carrasco frente a la Deportiva Minera (2-1), lo que ha llevado a los lorquinos a ocupar plaza de promoci\u00f3n de descenso, con un partido menos y tras conseguir estar invicto cuatro jornadas consecutivas tras el empate frente al l\u00edder Extremadura, las victorias a domicilio en Linares y Estepona y la reciente victoria en casa frente al equipo minero.<\/p>\n<p>Escucha aqu\u00ed la entrevista que ha concedido Jaime Escobar a Paco S\u00e1nchez en el programa \u00c1rea Lorca Deportes.<\/p>\n<audio class=\"wp-audio-shortcode\" id=\"audio-8369-1\" preload=\"none\" style=\"width: 100%;\" controls=\"controls\"><source type=\"audio\/mpeg\" src=\"https:\/\/arealorcaradio.es\/wp-content\/uploads\/2025\/11\/101125-JAIME-ESCOBAR.-POST-MINERA.mp3?_=1\" \/><a href=\"https:\/\/arealorcaradio.es\/wp-content\/uploads\/2025\/11\/101125-JAIME-ESCOBAR.-POST-MINERA.mp3\">https:\/\/arealorcaradio.es\/wp-content\/uploads\/2025\/11\/101125-JAIME-ESCOBAR.-POST-MINERA.mp3<\/a><\/audio>\n<p><img loading=\"lazy\" decoding=\"async\" class=\"alignnone wp-image-8371\" src=\"https:\/\/arealorcaradio.es\/wp-content\/uploads\/2025\/11\/20251110_124136-300x225.jpg\" alt=\"\" width=\"271\" height=\"203\" srcset=\"https:\/\/arealorcaradio.es\/wp-content\/uploads\/2025\/11\/20251110_124136-300x225.jpg 300w, https:\/\/arealorcaradio.es\/wp-content\/uploads\/2025\/11\/20251110_124136-1024x768.jpg 1024w, https:\/\/arealorcaradio.es\/wp-content\/uploads\/2025\/11\/20251110_124136-768x576.jpg 768w, https:\/\/arealorcaradio.es\/wp-content\/uploads\/2025\/11\/20251110_124136-1536x1152.jpg 1536w, https:\/\/arealorcaradio.es\/wp-content\/uploads\/2025\/11\/20251110_124136-2048x1536.jpg 2048w, https:\/\/arealorcaradio.es\/wp-content\/uploads\/2025\/11\/20251110_124136-86x64.jpg 86w\" sizes=\"auto, (max-width: 271px) 100vw, 271px\" \/> <img loading=\"lazy\" decoding=\"async\" class=\"alignnone wp-image-8372\" src=\"https:\/\/arealorcaradio.es\/wp-content\/uploads\/2025\/11\/IMG-20251110-WA0029-300x200.jpg\" alt=\"\" width=\"303\" height=\"202\" srcset=\"https:\/\/arealorcaradio.es\/wp-content\/uploads\/2025\/11\/IMG-20251110-WA0029-300x200.jpg 300w, https:\/\/arealorcaradio.es\/wp-content\/uploads\/2025\/11\/IMG-20251110-WA0029-1024x683.jpg 1024w, https:\/\/arealorcaradio.es\/wp-content\/uploads\/2025\/11\/IMG-20251110-WA0029-768x512.jpg 768w, https:\/\/arealorcaradio.es\/wp-content\/uploads\/2025\/11\/IMG-20251110-WA0029-1536x1024.jpg 1536w, https:\/\/arealorcaradio.es\/wp-content\/uploads\/2025\/11\/IMG-20251110-WA0029.jpg 1674w\" sizes=\"auto, (max-width: 303px) 100vw, 303px\" \/><\/p>\n<p><img loading=\"lazy\" decoding=\"async\" class=\"alignnone size-medium wp-image-8373\" src=\"https:\/\/arealorcaradio.es\/wp-content\/uploads\/2025\/11\/IMG-20251110-WA0030-300x200.jpg\" alt=\"\" width=\"300\" height=\"200\" srcset=\"https:\/\/arealorcaradio.es\/wp-content\/uploads\/2025\/11\/IMG-20251110-WA0030-300x200.jpg 300w, https:\/\/arealorcaradio.es\/wp-content\/uploads\/2025\/11\/IMG-20251110-WA0030-1024x683.jpg 1024w, https:\/\/arealorcaradio.es\/wp-content\/uploads\/2025\/11\/IMG-20251110-WA0030-768x512.jpg 768w, https:\/\/arealorcaradio.es\/wp-content\/uploads\/2025\/11\/IMG-20251110-WA0030-1536x1024.jpg 1536w, https:\/\/arealorcaradio.es\/wp-content\/uploads\/2025\/11\/IMG-20251110-WA0030.jpg 1920w\" sizes=\"auto, (max-width: 300px) 100vw, 300px\" \/> <img loading=\"lazy\" decoding=\"async\" class=\"alignnone size-medium wp-image-8377\" src=\"https:\/\/arealorcaradio.es\/wp-content\/uploads\/2025\/11\/IMG-20251110-WA0028-300x200.jpg\" alt=\"\" width=\"300\" height=\"200\" srcset=\"https:\/\/arealorcaradio.es\/wp-content\/uploads\/2025\/11\/IMG-20251110-WA0028-300x200.jpg 300w, https:\/\/arealorcaradio.es\/wp-content\/uploads\/2025\/11\/IMG-20251110-WA0028-1024x683.jpg 1024w, https:\/\/arealorcaradio.es\/wp-content\/uploads\/2025\/11\/IMG-20251110-WA0028-768x512.jpg 768w, https:\/\/arealorcaradio.es\/wp-content\/uploads\/2025\/11\/IMG-20251110-WA0028-1536x1024.jpg 1536w, https:\/\/arealorcaradio.es\/wp-content\/uploads\/2025\/11\/IMG-20251110-WA0028.jpg 1920w\" sizes=\"auto, (max-width: 300px) 100vw, 300px\" \/>\u00a0 <img loading=\"lazy\" decoding=\"async\" class=\"alignnone size-medium wp-image-8376\" src=\"https:\/\/arealorcaradio.es\/wp-content\/uploads\/2025\/11\/IMG-20251110-WA0031-200x300.jpg\" alt=\"\" width=\"200\" height=\"300\" srcset=\"https:\/\/arealorcaradio.es\/wp-content\/uploads\/2025\/11\/IMG-20251110-WA0031-200x300.jpg 200w, https:\/\/arealorcaradio.es\/wp-content\/uploads\/2025\/11\/IMG-20251110-WA0031-683x1024.jpg 683w, https:\/\/arealorcaradio.es\/wp-content\/uploads\/2025\/11\/IMG-20251110-WA0031-768x1152.jpg 768w, https:\/\/arealorcaradio.es\/wp-content\/uploads\/2025\/11\/IMG-20251110-WA0031-1024x1536.jpg 1024w, https:\/\/arealorcaradio.es\/wp-content\/uploads\/2025\/11\/IMG-20251110-WA0031.jpg 1058w\" sizes=\"auto, (max-width: 200px) 100vw, 200px\" \/><\/p>\n<p>&nbsp;<\/p>\n","protected":false},"excerpt":{"rendered":"<p>\u00c1REA LORCA RADIO. Deportes. El jugador del Lorca Deportiva Jaime Escobar ha pasado por el estudio de \u00c1rea Lorca Radio para hablar con Paco S\u00e1nchez en el programa deportivo de la importante victoria del pasado s\u00e1bado en el Artes Carrasco frente a la Deportiva Minera (2-1), lo que ha llevado a los lorquinos a ocupar [&hellip;]<\/p>\n","protected":false},"author":1,"featured_media":8378,"comment_status":"open","ping_status":"open","sticky":false,"template":"","format":"standard","meta":{"iawp_total_views":115,"footnotes":""},"categories":[4,7],"tags":[],"class_list":["post-8369","post","type-post","status-publish","format-standard","has-post-thumbnail","hentry","category-deportes","category-lorca"],"yoast_head":"<!-- This site is optimized with the Yoast SEO plugin v27.5 - https:\/\/yoast.com\/product\/yoast-seo-wordpress\/ -->\n<title>Jaime Escobar: &quot;Estoy contento en lo personal pero lo m\u00e1s importante son los resultados colectivos que comienzan a dar sus frutos&quot; - AREA LORCA RADIO<\/title>\n<meta name=\"robots\" content=\"index, follow, max-snippet:-1, max-image-preview:large, max-video-preview:-1\" \/>\n<link rel=\"canonical\" href=\"https:\/\/arealorcaradio.es\/index.php\/2025\/11\/10\/jaime-escobar-estoy-contento-en-lo-personal-pero-lo-mas-importante-son-los-resultados-colectivos-que-comienzan-a-dar-sus-frutos\/\" \/>\n<meta property=\"og:locale\" content=\"es_ES\" \/>\n<meta property=\"og:type\" content=\"article\" \/>\n<meta property=\"og:title\" content=\"Jaime Escobar: &quot;Estoy contento en lo personal pero lo m\u00e1s importante son los resultados colectivos que comienzan a dar sus frutos&quot; - AREA LORCA RADIO\" \/>\n<meta property=\"og:description\" content=\"\u00c1REA LORCA RADIO. Deportes. El jugador del Lorca Deportiva Jaime Escobar ha pasado por el estudio de \u00c1rea Lorca Radio para hablar con Paco S\u00e1nchez en el programa deportivo de la importante victoria del pasado s\u00e1bado en el Artes Carrasco frente a la Deportiva Minera (2-1), lo que ha llevado a los lorquinos a ocupar [&hellip;]\" \/>\n<meta property=\"og:url\" content=\"https:\/\/arealorcaradio.es\/index.php\/2025\/11\/10\/jaime-escobar-estoy-contento-en-lo-personal-pero-lo-mas-importante-son-los-resultados-colectivos-que-comienzan-a-dar-sus-frutos\/\" \/>\n<meta property=\"og:site_name\" content=\"AREA LORCA RADIO\" \/>\n<meta property=\"article:published_time\" content=\"2025-11-10T14:28:37+00:00\" \/>\n<meta property=\"article:modified_time\" content=\"2025-11-10T14:30:26+00:00\" \/>\n<meta property=\"og:image\" content=\"https:\/\/arealorcaradio.es\/wp-content\/uploads\/2025\/11\/IMG-20251110-WA0026.jpg\" \/>\n\t<meta property=\"og:image:width\" content=\"1920\" \/>\n\t<meta property=\"og:image:height\" content=\"1280\" \/>\n\t<meta property=\"og:image:type\" content=\"image\/jpeg\" \/>\n<meta name=\"author\" content=\"Paco S\u00e1nchez\" \/>\n<meta name=\"twitter:card\" content=\"summary_large_image\" \/>\n<meta name=\"twitter:label1\" content=\"Escrito por\" \/>\n\t<meta name=\"twitter:data1\" content=\"Paco S\u00e1nchez\" \/>\n\t<meta name=\"twitter:label2\" content=\"Tiempo de lectura\" \/>\n\t<meta name=\"twitter:data2\" content=\"2 minutos\" \/>\n<script type=\"application\/ld+json\" class=\"yoast-schema-graph\">{\"@context\":\"https:\\\/\\\/schema.org\",\"@graph\":[{\"@type\":\"Article\",\"@id\":\"https:\\\/\\\/arealorcaradio.es\\\/index.php\\\/2025\\\/11\\\/10\\\/jaime-escobar-estoy-contento-en-lo-personal-pero-lo-mas-importante-son-los-resultados-colectivos-que-comienzan-a-dar-sus-frutos\\\/#article\",\"isPartOf\":{\"@id\":\"https:\\\/\\\/arealorcaradio.es\\\/index.php\\\/2025\\\/11\\\/10\\\/jaime-escobar-estoy-contento-en-lo-personal-pero-lo-mas-importante-son-los-resultados-colectivos-que-comienzan-a-dar-sus-frutos\\\/\"},\"author\":{\"name\":\"Paco S\u00e1nchez\",\"@id\":\"https:\\\/\\\/arealorcaradio.es\\\/#\\\/schema\\\/person\\\/9fae605fc25b0f2c83c1ab207139bd27\"},\"headline\":\"Jaime Escobar: \u00abEstoy contento en lo personal pero lo m\u00e1s importante son los resultados colectivos que comienzan a dar sus frutos\u00bb\",\"datePublished\":\"2025-11-10T14:28:37+00:00\",\"dateModified\":\"2025-11-10T14:30:26+00:00\",\"mainEntityOfPage\":{\"@id\":\"https:\\\/\\\/arealorcaradio.es\\\/index.php\\\/2025\\\/11\\\/10\\\/jaime-escobar-estoy-contento-en-lo-personal-pero-lo-mas-importante-son-los-resultados-colectivos-que-comienzan-a-dar-sus-frutos\\\/\"},\"wordCount\":154,\"commentCount\":0,\"image\":{\"@id\":\"https:\\\/\\\/arealorcaradio.es\\\/index.php\\\/2025\\\/11\\\/10\\\/jaime-escobar-estoy-contento-en-lo-personal-pero-lo-mas-importante-son-los-resultados-colectivos-que-comienzan-a-dar-sus-frutos\\\/#primaryimage\"},\"thumbnailUrl\":\"https:\\\/\\\/arealorcaradio.es\\\/wp-content\\\/uploads\\\/2025\\\/11\\\/IMG-20251110-WA0026.jpg\",\"articleSection\":[\"DEPORTES\",\"LORCA\"],\"inLanguage\":\"es\",\"potentialAction\":[{\"@type\":\"CommentAction\",\"name\":\"Comment\",\"target\":[\"https:\\\/\\\/arealorcaradio.es\\\/index.php\\\/2025\\\/11\\\/10\\\/jaime-escobar-estoy-contento-en-lo-personal-pero-lo-mas-importante-son-los-resultados-colectivos-que-comienzan-a-dar-sus-frutos\\\/#respond\"]}]},{\"@type\":\"WebPage\",\"@id\":\"https:\\\/\\\/arealorcaradio.es\\\/index.php\\\/2025\\\/11\\\/10\\\/jaime-escobar-estoy-contento-en-lo-personal-pero-lo-mas-importante-son-los-resultados-colectivos-que-comienzan-a-dar-sus-frutos\\\/\",\"url\":\"https:\\\/\\\/arealorcaradio.es\\\/index.php\\\/2025\\\/11\\\/10\\\/jaime-escobar-estoy-contento-en-lo-personal-pero-lo-mas-importante-son-los-resultados-colectivos-que-comienzan-a-dar-sus-frutos\\\/\",\"name\":\"Jaime Escobar: \\\"Estoy contento en lo personal pero lo m\u00e1s importante son los resultados colectivos que comienzan a dar sus frutos\\\" - AREA LORCA RADIO\",\"isPartOf\":{\"@id\":\"https:\\\/\\\/arealorcaradio.es\\\/#website\"},\"primaryImageOfPage\":{\"@id\":\"https:\\\/\\\/arealorcaradio.es\\\/index.php\\\/2025\\\/11\\\/10\\\/jaime-escobar-estoy-contento-en-lo-personal-pero-lo-mas-importante-son-los-resultados-colectivos-que-comienzan-a-dar-sus-frutos\\\/#primaryimage\"},\"image\":{\"@id\":\"https:\\\/\\\/arealorcaradio.es\\\/index.php\\\/2025\\\/11\\\/10\\\/jaime-escobar-estoy-contento-en-lo-personal-pero-lo-mas-importante-son-los-resultados-colectivos-que-comienzan-a-dar-sus-frutos\\\/#primaryimage\"},\"thumbnailUrl\":\"https:\\\/\\\/arealorcaradio.es\\\/wp-content\\\/uploads\\\/2025\\\/11\\\/IMG-20251110-WA0026.jpg\",\"datePublished\":\"2025-11-10T14:28:37+00:00\",\"dateModified\":\"2025-11-10T14:30:26+00:00\",\"author\":{\"@id\":\"https:\\\/\\\/arealorcaradio.es\\\/#\\\/schema\\\/person\\\/9fae605fc25b0f2c83c1ab207139bd27\"},\"breadcrumb\":{\"@id\":\"https:\\\/\\\/arealorcaradio.es\\\/index.php\\\/2025\\\/11\\\/10\\\/jaime-escobar-estoy-contento-en-lo-personal-pero-lo-mas-importante-son-los-resultados-colectivos-que-comienzan-a-dar-sus-frutos\\\/#breadcrumb\"},\"inLanguage\":\"es\",\"potentialAction\":[{\"@type\":\"ReadAction\",\"target\":[\"https:\\\/\\\/arealorcaradio.es\\\/index.php\\\/2025\\\/11\\\/10\\\/jaime-escobar-estoy-contento-en-lo-personal-pero-lo-mas-importante-son-los-resultados-colectivos-que-comienzan-a-dar-sus-frutos\\\/\"]}]},{\"@type\":\"ImageObject\",\"inLanguage\":\"es\",\"@id\":\"https:\\\/\\\/arealorcaradio.es\\\/index.php\\\/2025\\\/11\\\/10\\\/jaime-escobar-estoy-contento-en-lo-personal-pero-lo-mas-importante-son-los-resultados-colectivos-que-comienzan-a-dar-sus-frutos\\\/#primaryimage\",\"url\":\"https:\\\/\\\/arealorcaradio.es\\\/wp-content\\\/uploads\\\/2025\\\/11\\\/IMG-20251110-WA0026.jpg\",\"contentUrl\":\"https:\\\/\\\/arealorcaradio.es\\\/wp-content\\\/uploads\\\/2025\\\/11\\\/IMG-20251110-WA0026.jpg\",\"width\":1920,\"height\":1280},{\"@type\":\"BreadcrumbList\",\"@id\":\"https:\\\/\\\/arealorcaradio.es\\\/index.php\\\/2025\\\/11\\\/10\\\/jaime-escobar-estoy-contento-en-lo-personal-pero-lo-mas-importante-son-los-resultados-colectivos-que-comienzan-a-dar-sus-frutos\\\/#breadcrumb\",\"itemListElement\":[{\"@type\":\"ListItem\",\"position\":1,\"name\":\"Portada\",\"item\":\"https:\\\/\\\/arealorcaradio.es\\\/\"},{\"@type\":\"ListItem\",\"position\":2,\"name\":\"Jaime Escobar: \u00abEstoy contento en lo personal pero lo m\u00e1s importante son los resultados colectivos que comienzan a dar sus frutos\u00bb\"}]},{\"@type\":\"WebSite\",\"@id\":\"https:\\\/\\\/arealorcaradio.es\\\/#website\",\"url\":\"https:\\\/\\\/arealorcaradio.es\\\/\",\"name\":\"AREA LORCA RADIO\",\"description\":\"Descubre la programaci\u00f3n actual en \u00c1rea Lorca Radio, tu fuente de entrenamiento y noticias locales. Sintoniza ahora y mantente conectado online.\",\"potentialAction\":[{\"@type\":\"SearchAction\",\"target\":{\"@type\":\"EntryPoint\",\"urlTemplate\":\"https:\\\/\\\/arealorcaradio.es\\\/?s={search_term_string}\"},\"query-input\":{\"@type\":\"PropertyValueSpecification\",\"valueRequired\":true,\"valueName\":\"search_term_string\"}}],\"inLanguage\":\"es\"},{\"@type\":\"Person\",\"@id\":\"https:\\\/\\\/arealorcaradio.es\\\/#\\\/schema\\\/person\\\/9fae605fc25b0f2c83c1ab207139bd27\",\"name\":\"Paco S\u00e1nchez\",\"image\":{\"@type\":\"ImageObject\",\"inLanguage\":\"es\",\"@id\":\"https:\\\/\\\/secure.gravatar.com\\\/avatar\\\/d67144e966420fb74aa84c9f2a0103be4724fd14db52b52d3b6bca749f257e79?s=96&d=mm&r=g\",\"url\":\"https:\\\/\\\/secure.gravatar.com\\\/avatar\\\/d67144e966420fb74aa84c9f2a0103be4724fd14db52b52d3b6bca749f257e79?s=96&d=mm&r=g\",\"contentUrl\":\"https:\\\/\\\/secure.gravatar.com\\\/avatar\\\/d67144e966420fb74aa84c9f2a0103be4724fd14db52b52d3b6bca749f257e79?s=96&d=mm&r=g\",\"caption\":\"Paco S\u00e1nchez\"},\"sameAs\":[\"https:\\\/\\\/arealorcaradio.es\"],\"url\":\"https:\\\/\\\/arealorcaradio.es\\\/index.php\\\/author\\\/admin_alorcaradio\\\/\"}]}<\/script>\n<!-- \/ Yoast SEO plugin. -->","yoast_head_json":{"title":"Jaime Escobar: \"Estoy contento en lo personal pero lo m\u00e1s importante son los resultados colectivos que comienzan a dar sus frutos\" - AREA LORCA RADIO","robots":{"index":"index","follow":"follow","max-snippet":"max-snippet:-1","max-image-preview":"max-image-preview:large","max-video-preview":"max-video-preview:-1"},"canonical":"https:\/\/arealorcaradio.es\/index.php\/2025\/11\/10\/jaime-escobar-estoy-contento-en-lo-personal-pero-lo-mas-importante-son-los-resultados-colectivos-que-comienzan-a-dar-sus-frutos\/","og_locale":"es_ES","og_type":"article","og_title":"Jaime Escobar: \"Estoy contento en lo personal pero lo m\u00e1s importante son los resultados colectivos que comienzan a dar sus frutos\" - AREA LORCA RADIO","og_description":"\u00c1REA LORCA RADIO. Deportes. El jugador del Lorca Deportiva Jaime Escobar ha pasado por el estudio de \u00c1rea Lorca Radio para hablar con Paco S\u00e1nchez en el programa deportivo de la importante victoria del pasado s\u00e1bado en el Artes Carrasco frente a la Deportiva Minera (2-1), lo que ha llevado a los lorquinos a ocupar [&hellip;]","og_url":"https:\/\/arealorcaradio.es\/index.php\/2025\/11\/10\/jaime-escobar-estoy-contento-en-lo-personal-pero-lo-mas-importante-son-los-resultados-colectivos-que-comienzan-a-dar-sus-frutos\/","og_site_name":"AREA LORCA RADIO","article_published_time":"2025-11-10T14:28:37+00:00","article_modified_time":"2025-11-10T14:30:26+00:00","og_image":[{"width":1920,"height":1280,"url":"https:\/\/arealorcaradio.es\/wp-content\/uploads\/2025\/11\/IMG-20251110-WA0026.jpg","type":"image\/jpeg"}],"author":"Paco S\u00e1nchez","twitter_card":"summary_large_image","twitter_misc":{"Escrito por":"Paco S\u00e1nchez","Tiempo de lectura":"2 minutos"},"schema":{"@context":"https:\/\/schema.org","@graph":[{"@type":"Article","@id":"https:\/\/arealorcaradio.es\/index.php\/2025\/11\/10\/jaime-escobar-estoy-contento-en-lo-personal-pero-lo-mas-importante-son-los-resultados-colectivos-que-comienzan-a-dar-sus-frutos\/#article","isPartOf":{"@id":"https:\/\/arealorcaradio.es\/index.php\/2025\/11\/10\/jaime-escobar-estoy-contento-en-lo-personal-pero-lo-mas-importante-son-los-resultados-colectivos-que-comienzan-a-dar-sus-frutos\/"},"author":{"name":"Paco S\u00e1nchez","@id":"https:\/\/arealorcaradio.es\/#\/schema\/person\/9fae605fc25b0f2c83c1ab207139bd27"},"headline":"Jaime Escobar: \u00abEstoy contento en lo personal pero lo m\u00e1s importante son los resultados colectivos que comienzan a dar sus frutos\u00bb","datePublished":"2025-11-10T14:28:37+00:00","dateModified":"2025-11-10T14:30:26+00:00","mainEntityOfPage":{"@id":"https:\/\/arealorcaradio.es\/index.php\/2025\/11\/10\/jaime-escobar-estoy-contento-en-lo-personal-pero-lo-mas-importante-son-los-resultados-colectivos-que-comienzan-a-dar-sus-frutos\/"},"wordCount":154,"commentCount":0,"image":{"@id":"https:\/\/arealorcaradio.es\/index.php\/2025\/11\/10\/jaime-escobar-estoy-contento-en-lo-personal-pero-lo-mas-importante-son-los-resultados-colectivos-que-comienzan-a-dar-sus-frutos\/#primaryimage"},"thumbnailUrl":"https:\/\/arealorcaradio.es\/wp-content\/uploads\/2025\/11\/IMG-20251110-WA0026.jpg","articleSection":["DEPORTES","LORCA"],"inLanguage":"es","potentialAction":[{"@type":"CommentAction","name":"Comment","target":["https:\/\/arealorcaradio.es\/index.php\/2025\/11\/10\/jaime-escobar-estoy-contento-en-lo-personal-pero-lo-mas-importante-son-los-resultados-colectivos-que-comienzan-a-dar-sus-frutos\/#respond"]}]},{"@type":"WebPage","@id":"https:\/\/arealorcaradio.es\/index.php\/2025\/11\/10\/jaime-escobar-estoy-contento-en-lo-personal-pero-lo-mas-importante-son-los-resultados-colectivos-que-comienzan-a-dar-sus-frutos\/","url":"https:\/\/arealorcaradio.es\/index.php\/2025\/11\/10\/jaime-escobar-estoy-contento-en-lo-personal-pero-lo-mas-importante-son-los-resultados-colectivos-que-comienzan-a-dar-sus-frutos\/","name":"Jaime Escobar: \"Estoy contento en lo personal pero lo m\u00e1s importante son los resultados colectivos que comienzan a dar sus frutos\" - AREA LORCA RADIO","isPartOf":{"@id":"https:\/\/arealorcaradio.es\/#website"},"primaryImageOfPage":{"@id":"https:\/\/arealorcaradio.es\/index.php\/2025\/11\/10\/jaime-escobar-estoy-contento-en-lo-personal-pero-lo-mas-importante-son-los-resultados-colectivos-que-comienzan-a-dar-sus-frutos\/#primaryimage"},"image":{"@id":"https:\/\/arealorcaradio.es\/index.php\/2025\/11\/10\/jaime-escobar-estoy-contento-en-lo-personal-pero-lo-mas-importante-son-los-resultados-colectivos-que-comienzan-a-dar-sus-frutos\/#primaryimage"},"thumbnailUrl":"https:\/\/arealorcaradio.es\/wp-content\/uploads\/2025\/11\/IMG-20251110-WA0026.jpg","datePublished":"2025-11-10T14:28:37+00:00","dateModified":"2025-11-10T14:30:26+00:00","author":{"@id":"https:\/\/arealorcaradio.es\/#\/schema\/person\/9fae605fc25b0f2c83c1ab207139bd27"},"breadcrumb":{"@id":"https:\/\/arealorcaradio.es\/index.php\/2025\/11\/10\/jaime-escobar-estoy-contento-en-lo-personal-pero-lo-mas-importante-son-los-resultados-colectivos-que-comienzan-a-dar-sus-frutos\/#breadcrumb"},"inLanguage":"es","potentialAction":[{"@type":"ReadAction","target":["https:\/\/arealorcaradio.es\/index.php\/2025\/11\/10\/jaime-escobar-estoy-contento-en-lo-personal-pero-lo-mas-importante-son-los-resultados-colectivos-que-comienzan-a-dar-sus-frutos\/"]}]},{"@type":"ImageObject","inLanguage":"es","@id":"https:\/\/arealorcaradio.es\/index.php\/2025\/11\/10\/jaime-escobar-estoy-contento-en-lo-personal-pero-lo-mas-importante-son-los-resultados-colectivos-que-comienzan-a-dar-sus-frutos\/#primaryimage","url":"https:\/\/arealorcaradio.es\/wp-content\/uploads\/2025\/11\/IMG-20251110-WA0026.jpg","contentUrl":"https:\/\/arealorcaradio.es\/wp-content\/uploads\/2025\/11\/IMG-20251110-WA0026.jpg","width":1920,"height":1280},{"@type":"BreadcrumbList","@id":"https:\/\/arealorcaradio.es\/index.php\/2025\/11\/10\/jaime-escobar-estoy-contento-en-lo-personal-pero-lo-mas-importante-son-los-resultados-colectivos-que-comienzan-a-dar-sus-frutos\/#breadcrumb","itemListElement":[{"@type":"ListItem","position":1,"name":"Portada","item":"https:\/\/arealorcaradio.es\/"},{"@type":"ListItem","position":2,"name":"Jaime Escobar: \u00abEstoy contento en lo personal pero lo m\u00e1s importante son los resultados colectivos que comienzan a dar sus frutos\u00bb"}]},{"@type":"WebSite","@id":"https:\/\/arealorcaradio.es\/#website","url":"https:\/\/arealorcaradio.es\/","name":"AREA LORCA RADIO","description":"Descubre la programaci\u00f3n actual en \u00c1rea Lorca Radio, tu fuente de entrenamiento y noticias locales. Sintoniza ahora y mantente conectado online.","potentialAction":[{"@type":"SearchAction","target":{"@type":"EntryPoint","urlTemplate":"https:\/\/arealorcaradio.es\/?s={search_term_string}"},"query-input":{"@type":"PropertyValueSpecification","valueRequired":true,"valueName":"search_term_string"}}],"inLanguage":"es"},{"@type":"Person","@id":"https:\/\/arealorcaradio.es\/#\/schema\/person\/9fae605fc25b0f2c83c1ab207139bd27","name":"Paco S\u00e1nchez","image":{"@type":"ImageObject","inLanguage":"es","@id":"https:\/\/secure.gravatar.com\/avatar\/d67144e966420fb74aa84c9f2a0103be4724fd14db52b52d3b6bca749f257e79?s=96&d=mm&r=g","url":"https:\/\/secure.gravatar.com\/avatar\/d67144e966420fb74aa84c9f2a0103be4724fd14db52b52d3b6bca749f257e79?s=96&d=mm&r=g","contentUrl":"https:\/\/secure.gravatar.com\/avatar\/d67144e966420fb74aa84c9f2a0103be4724fd14db52b52d3b6bca749f257e79?s=96&d=mm&r=g","caption":"Paco S\u00e1nchez"},"sameAs":["https:\/\/arealorcaradio.es"],"url":"https:\/\/arealorcaradio.es\/index.php\/author\/admin_alorcaradio\/"}]}},"_links":{"self":[{"href":"https:\/\/arealorcaradio.es\/index.php\/wp-json\/wp\/v2\/posts\/8369","targetHints":{"allow":["GET"]}}],"collection":[{"href":"https:\/\/arealorcaradio.es\/index.php\/wp-json\/wp\/v2\/posts"}],"about":[{"href":"https:\/\/arealorcaradio.es\/index.php\/wp-json\/wp\/v2\/types\/post"}],"author":[{"embeddable":true,"href":"https:\/\/arealorcaradio.es\/index.php\/wp-json\/wp\/v2\/users\/1"}],"replies":[{"embeddable":true,"href":"https:\/\/arealorcaradio.es\/index.php\/wp-json\/wp\/v2\/comments?post=8369"}],"version-history":[{"count":2,"href":"https:\/\/arealorcaradio.es\/index.php\/wp-json\/wp\/v2\/posts\/8369\/revisions"}],"predecessor-version":[{"id":8380,"href":"https:\/\/arealorcaradio.es\/index.php\/wp-json\/wp\/v2\/posts\/8369\/revisions\/8380"}],"wp:featuredmedia":[{"embeddable":true,"href":"https:\/\/arealorcaradio.es\/index.php\/wp-json\/wp\/v2\/media\/8378"}],"wp:attachment":[{"href":"https:\/\/arealorcaradio.es\/index.php\/wp-json\/wp\/v2\/media?parent=8369"}],"wp:term":[{"taxonomy":"category","embeddable":true,"href":"https:\/\/arealorcaradio.es\/index.php\/wp-json\/wp\/v2\/categories?post=8369"},{"taxonomy":"post_tag","embeddable":true,"href":"https:\/\/arealorcaradio.es\/index.php\/wp-json\/wp\/v2\/tags?post=8369"}],"curies":[{"name":"wp","href":"https:\/\/api.w.org\/{rel}","templated":true}]}}