{"id":8358,"date":"2025-11-06T17:33:35","date_gmt":"2025-11-06T17:33:35","guid":{"rendered":"https:\/\/arealorcaradio.es\/?p=8358"},"modified":"2025-11-06T17:34:58","modified_gmt":"2025-11-06T17:34:58","slug":"cristina-hoyos-madrina-de-honor-del-festival-internacional-de-cante-flamenco-ciudad-del-sol-que-alcanza-su-34o-edicion","status":"publish","type":"post","link":"https:\/\/arealorcaradio.es\/index.php\/2025\/11\/06\/cristina-hoyos-madrina-de-honor-del-festival-internacional-de-cante-flamenco-ciudad-del-sol-que-alcanza-su-34o-edicion\/","title":{"rendered":"Cristina Hoyos,\u00a0&#8216;Madrina de Honor&#8217; del\u00a0Festival Internacional de Cante Flamenco &#8216;Ciudad del Sol&#8217;, que alcanza su 34\u00ba edici\u00f3n"},"content":{"rendered":"<p><strong>\u00c1REA LORCA RADIO. Actualidad.<\/strong><\/p>\n<p>Escucha aqu\u00ed la entrevista que ha realizado Paco S\u00e1nchez a Cristina Hoyos en el magazine de \u00c1rea Lorca Radio. Curiosamente, el pregonero de esta edici\u00f3n del Festival, entrevista a la Madrina de Honor de dicho Festival y toda una estrella del flamenco.<\/p>\n<audio class=\"wp-audio-shortcode\" id=\"audio-8358-1\" preload=\"none\" style=\"width: 100%;\" controls=\"controls\"><source type=\"audio\/mpeg\" src=\"https:\/\/arealorcaradio.es\/wp-content\/uploads\/2025\/11\/061125-CRISTINA-HOYOS.-BAILAORA-MADRINA-FESTIVAL.mp3?_=1\" \/><a href=\"https:\/\/arealorcaradio.es\/wp-content\/uploads\/2025\/11\/061125-CRISTINA-HOYOS.-BAILAORA-MADRINA-FESTIVAL.mp3\">https:\/\/arealorcaradio.es\/wp-content\/uploads\/2025\/11\/061125-CRISTINA-HOYOS.-BAILAORA-MADRINA-FESTIVAL.mp3<\/a><\/audio>\n<p>&nbsp;<\/p>\n<p class=\"v1MsoNormal\"><b><span lang=\"es\"><img loading=\"lazy\" decoding=\"async\" class=\"alignnone size-medium wp-image-8362\" src=\"https:\/\/arealorcaradio.es\/wp-content\/uploads\/2025\/11\/FOTO1-69-222x300.jpeg\" alt=\"\" width=\"222\" height=\"300\" srcset=\"https:\/\/arealorcaradio.es\/wp-content\/uploads\/2025\/11\/FOTO1-69-222x300.jpeg 222w, https:\/\/arealorcaradio.es\/wp-content\/uploads\/2025\/11\/FOTO1-69-758x1024.jpeg 758w, https:\/\/arealorcaradio.es\/wp-content\/uploads\/2025\/11\/FOTO1-69-768x1038.jpeg 768w, https:\/\/arealorcaradio.es\/wp-content\/uploads\/2025\/11\/FOTO1-69-1137x1536.jpeg 1137w, https:\/\/arealorcaradio.es\/wp-content\/uploads\/2025\/11\/FOTO1-69.jpeg 1184w\" sizes=\"auto, (max-width: 222px) 100vw, 222px\" \/> <img loading=\"lazy\" decoding=\"async\" class=\"alignnone size-medium wp-image-8363\" src=\"https:\/\/arealorcaradio.es\/wp-content\/uploads\/2025\/11\/MG_7582-240x300.jpg\" alt=\"\" width=\"240\" height=\"300\" srcset=\"https:\/\/arealorcaradio.es\/wp-content\/uploads\/2025\/11\/MG_7582-240x300.jpg 240w, https:\/\/arealorcaradio.es\/wp-content\/uploads\/2025\/11\/MG_7582-819x1024.jpg 819w, https:\/\/arealorcaradio.es\/wp-content\/uploads\/2025\/11\/MG_7582-768x960.jpg 768w, https:\/\/arealorcaradio.es\/wp-content\/uploads\/2025\/11\/MG_7582-1229x1536.jpg 1229w, https:\/\/arealorcaradio.es\/wp-content\/uploads\/2025\/11\/MG_7582-1638x2048.jpg 1638w, https:\/\/arealorcaradio.es\/wp-content\/uploads\/2025\/11\/MG_7582.jpg 2000w\" sizes=\"auto, (max-width: 240px) 100vw, 240px\" \/> <img loading=\"lazy\" decoding=\"async\" class=\"alignnone size-medium wp-image-8364\" src=\"https:\/\/arealorcaradio.es\/wp-content\/uploads\/2025\/11\/IMG_0497r-200x300.jpg\" alt=\"\" width=\"200\" height=\"300\" srcset=\"https:\/\/arealorcaradio.es\/wp-content\/uploads\/2025\/11\/IMG_0497r-200x300.jpg 200w, https:\/\/arealorcaradio.es\/wp-content\/uploads\/2025\/11\/IMG_0497r-683x1024.jpg 683w, https:\/\/arealorcaradio.es\/wp-content\/uploads\/2025\/11\/IMG_0497r-768x1152.jpg 768w, https:\/\/arealorcaradio.es\/wp-content\/uploads\/2025\/11\/IMG_0497r-1024x1536.jpg 1024w, https:\/\/arealorcaradio.es\/wp-content\/uploads\/2025\/11\/IMG_0497r-1365x2048.jpg 1365w, https:\/\/arealorcaradio.es\/wp-content\/uploads\/2025\/11\/IMG_0497r-scaled.jpg 1707w\" sizes=\"auto, (max-width: 200px) 100vw, 200px\" \/><\/span><\/b><\/p>\n<p class=\"v1MsoNormal\"><b><span lang=\"es\">Lorca, 6 de noviembre de 2025. <\/span><\/b><span lang=\"es\">El Ayuntamiento de Lorca\u00a0ha dado a conocer, de la mano de la\u00a0Pe\u00f1a Cultural Flamenca \u00abCiudad del Sol\u00bb, el detalle de los actos programados con motivo del\u00a0XXXIV Festival Internacional de Cante Flamenco \u00abCiudad del Sol\u00bb, que se celebrar\u00e1 en\u00a0Lorca los d\u00edas 6, 8 y 9 de noviembre de 2025, con sede principal en el\u00a0Auditorio Margarita Lozano de Lorca.<\/span><\/p>\n<p class=\"v1MsoNormal\"><span lang=\"es\">El certamen, organizado en colaboraci\u00f3n con el Ayuntamiento de Lorca\u00a0y el\u00a0Instituto de las Industrias Culturales y de las Artes (ICA)\u00a0de la Regi\u00f3n de Murcia, constituye una de las citas m\u00e1s relevantes del \u00e1mbito flamenco nacional.<\/span><\/p>\n<p class=\"v1MsoNormal\"><span lang=\"es\">Seg\u00fan ha trasladado el concejal de Cultura, Santiago Parra, en el marco del Festival se celebrar\u00e1n los siguientes actos:<\/span><\/p>\n<p class=\"v1MsoNormal\"><span lang=\"es\">\u25cf\u00a0\u00a0\u00a0\u00a0\u00a0\u00a0\u00a0\u00a0<\/span><span lang=\"es\">Jueves, 6 de noviembre \u2013 19:00 h. Conferencia \u00abEl Flamenco en Estado Puro\u00bb, a cargo de\u00a0Luis Terry, en la\u00a0Casa del Artesano.<\/span><span lang=\"es\">\u00a0<\/span><\/p>\n<p class=\"v1MsoNormal\"><span lang=\"es\">\u25cf\u00a0\u00a0\u00a0\u00a0\u00a0\u00a0\u00a0\u00a0<\/span><span lang=\"es\">S\u00e1bado, 8 de noviembre \u2013 12:00 h. Charla-coloquio con\u00a0Cristina Hoyos\u00a0en la\u00a0Casa del Artesano.<\/span><\/p>\n<p class=\"v1MsoNormal\"><span lang=\"es\">\u25cf\u00a0\u00a0\u00a0\u00a0\u00a0\u00a0\u00a0\u00a0<\/span><span lang=\"es\">S\u00e1bado, 8 de noviembre \u2013 17:00 h.\u00a0<b>Preg\u00f3n inaugural, a cargo de Paco S\u00e1nchez,<\/b>\u00a0director de \u00c1rea Lorca Radio, y\u00a0SEMIFINAL\u00a0del certamen\u00a0en el\u00a0Auditorio Margarita Lozano,\u00a0<b>con la presencia de\u00a0Cristina Hoyos,\u00a0que ser\u00e1 nombrada\u00a0Madrina de Honor del Festival<\/b>\u00a0y las actuaciones de la\u00a0Escuela de baile\u00a0Ciudad del Sol\u00a0y el\u00a0Ballet Espa\u00f1ol Antares.<\/span><\/p>\n<p class=\"v1MsoNormal\"><span lang=\"es\">\u25cf\u00a0\u00a0\u00a0\u00a0\u00a0\u00a0\u00a0\u00a0<\/span><span lang=\"es\">Domingo, 9 de noviembre \u2013 17:00 h. Gala Final y Entrega de Premios, con la participaci\u00f3n de los\u00a0FINALISTAS\u00a0y los <strong>homenajes a la\u00a0Pe\u00f1a Juan Breva de M\u00e1laga, al socio\u00a0\u00c1lvaro Molina\u00a0y a la\u00a0bailaora\u00a0Cristina Hoyos.<\/strong><\/span><\/p>\n<p><img loading=\"lazy\" decoding=\"async\" class=\"alignnone wp-image-8366\" src=\"https:\/\/arealorcaradio.es\/wp-content\/uploads\/2025\/11\/RETRATO-Cristina-Hoyos-214x300.jpg\" alt=\"\" width=\"196\" height=\"274\" srcset=\"https:\/\/arealorcaradio.es\/wp-content\/uploads\/2025\/11\/RETRATO-Cristina-Hoyos-214x300.jpg 214w, https:\/\/arealorcaradio.es\/wp-content\/uploads\/2025\/11\/RETRATO-Cristina-Hoyos-731x1024.jpg 731w, https:\/\/arealorcaradio.es\/wp-content\/uploads\/2025\/11\/RETRATO-Cristina-Hoyos-768x1076.jpg 768w, https:\/\/arealorcaradio.es\/wp-content\/uploads\/2025\/11\/RETRATO-Cristina-Hoyos.jpg 855w\" sizes=\"auto, (max-width: 196px) 100vw, 196px\" \/><\/p>\n<p class=\"v1MsoNormal\"><span lang=\"es\">La jornada contar\u00e1 tambi\u00e9n con nuevas intervenciones de la\u00a0<i>escuela de Baile Ciudad del Sol<\/i>\u00a0y del\u00a0<i>Ballet Espa\u00f1ol Antares acompa\u00f1ado de su cuadro flamenco<\/i>, que ofrecer\u00e1n una selecci\u00f3n especial de su repertorio flamenco.<\/span><span lang=\"es\">\u00a0<\/span><\/p>\n<p class=\"v1MsoNormal\"><span lang=\"es\">Asimismo, contin\u00faa abierta hasta el\u00a09 de noviembre\u00a0la exposici\u00f3n fotogr\u00e1fica\u00a0\u00abCumbres del Arte Flamenco\u00bb, del artista\u00a0Juan Ballester, en la\u00a0Casa del Artesano, coordinada por la escultora\u00a0Lola Arcas.<\/span><\/p>\n<p class=\"v1MsoNormal\"><span lang=\"es\">Parra ha querido agradecer a la Pe\u00f1a Cultural Flamenca\u00a0<\/span><span lang=\"es\">&#8216;Ciudad del Sol&#8217; \u00absu esfuerzo por mantener la proyecci\u00f3n de este certamen a lo largo de los a\u00f1os, ya que , desde su puesta en marcha en 1989, la cita ha logrado un gran prestigio y reconocimiento en el mundo del\u00a0flamenco, tanto por el n\u00famero de ediciones como por las cualidades de los concursantes, promoviendo de este modo el legado cultural lorquino\u00bb.<\/span><\/p>\n<p class=\"v1MsoNormal\"><span lang=\"es\">\u00abDesde aqu\u00ed animo a todos a sumarse y disfrutar de esta programaci\u00f3n, especialmente dirigida a los amantes del flamenco pero en la que tienen cabida -sin duda- por su calidad todos los p\u00fablicos\u00bb. Ha concluido,<\/span><\/p>\n<p class=\"v1MsoNormal\"><span lang=\"es\">Toda la informaci\u00f3n se puede consultar y descargar en\u00a0<a href=\"http:\/\/www.flamencolorca.es\/\" target=\"_blank\" rel=\"noopener noreferrer\">www.flamencolorca.es<\/a>. Adem\u00e1s, cualquier interesado puede solicitar informaci\u00f3n a trav\u00e9s del mail de contacto\u00a0<a href=\"mailto:info@flamencolorca.es\" rel=\"noreferrer\">info@flamencolorca.es<\/a>, o el tel\u00e9fono 649 00 77 26.<b><\/b><\/span><\/p>\n<p class=\"v1MsoNormal\"><span lang=\"es\">Lorca se convierte, un a\u00f1o m\u00e1s, en capital del flamenco de la mano del XXXIV Festival Internacional de Cante Flamenco &#8216;Ciudad del Sol&#8217;, uno de los acontecimientos m\u00e1s destacados de la &#8216;Agenda Anual de Eventos&#8217; en nuestro municipio, que llega precedido del gran \u00e9xito de cr\u00edtica y p\u00fablico de todas y cada una de las ediciones anteriores y que convierte a nuestro municipio -nuevamente- en epicentro de grandes citas de calado cultural y art\u00edstico, poniendo de manifiesto nuestro potencial como ciudad de Ferias y Congresos.<\/span><\/p>\n<p class=\"v1MsoNormal\"><span lang=\"es\">A ello, contribuye tambi\u00e9n la nueva sede escogida por la organizaci\u00f3n para la realizaci\u00f3n de su fase final, el Auditorio Margarita Lozano, un espacio especialmente dise\u00f1ado para ofrecer una ac\u00fastica excepcional y equipado con tecnolog\u00eda de vanguardia, logrando una experiencia \u00fanica al p\u00fablico asistente.<\/span><\/p>\n<p class=\"v1MsoNormal\"><span lang=\"es\">As\u00ed lo ha trasladado el alcalde de Lorca, Fulgencio Gil, que, junto al edil de Cultura, Santiago Parra y el presidente de la Pe\u00f1a Flamenca &#8216;Ciudad del Sol&#8217;, Cayetano Padilla, ha ofrecido el detalle de la programaci\u00f3n prevista, con menci\u00f3n especial para el cartel anunciador.<\/span><\/p>\n<p class=\"v1MsoNormal\"><strong><span lang=\"es\">Los candidatos, cabe recordar, optan a tres grandes galardones: el Sol de Oro, primer premio con una dotaci\u00f3n de 4.000 euros; el Sol de Plata, segundo premio dotado con 2.500 euros; y el Sol de Bronce, el tercer premio de 1.500 euros. Adem\u00e1s, habr\u00e1 dos acc\u00e9sits de 500 euros.<\/span><\/strong><\/p>\n<p class=\"v1MsoNormal\"><span lang=\"es\">El certamen, organizado por la Pe\u00f1a Cultural Flamenca de Lorca en colaboraci\u00f3n con el Ayuntamiento, cuenta con dos fases principales: la preliminar, con cuatro pruebas de clasificaci\u00f3n, que tendr\u00e1n lugar los s\u00e1bados 4, 11, 18 y 25 octubre, (d\u00eda 4, en la AAVV de Torrecilla, d\u00eda 11, en la AAVV de Aguaderas, d\u00eda 18, en la AAVV de R\u00edo y d\u00eda 25, en el Centro C\u00edvico Alfonso X El Sabio). Todas las pruebas ser\u00e1n a las 21:00h.; y la fase final, que tomar\u00e1 como escenario el Auditorio Margarita Lozano. Esta fase final ser\u00e1 los d\u00edas 8 y 9 de noviembre, e incluye incluye la inauguraci\u00f3n, el preg\u00f3n y dos sesiones (a las 17 horas).<\/span><\/p>\n<p class=\"v1MsoNormal\"><span lang=\"es\">Ambas jornadas contar\u00e1n tambi\u00e9n con actuaciones de baile, interpretadas por un cuadro flamenco y por alumnas de la Escuela Ciudad del Sol. Como es tradicional, en el apartado de homenajes se rendir\u00e1 tributo, con entrega de placa, a uno de los socios en reconocimiento a su trayectoria y aportaci\u00f3n a la Pe\u00f1a Cultural Flamenca &#8216;Ciudad del Sol&#8217; y\u00a0 a su Festival. Asimismo, se dedicar\u00e1 un segundo homenaje, con entrega de la insignia de oro del Festival, a la Pe\u00f1a Flamenca Juan Breva de M\u00e1laga, fundada en 1958 y decana de las pe\u00f1as flamencas de Espa\u00f1a, en reconocimiento a su contribuci\u00f3n a la promoci\u00f3n y difusi\u00f3n del arte flamenco.<\/span><\/p>\n<p class=\"v1MsoNormal\"><span lang=\"es\">Por supuesto, se celebrar\u00e1 la entrega de premios, donde se anunciar\u00e1 al ganador del Sol de Oro, al segundo clasificado con el Sol de Plata y al tercero con el Sol de Bronce. Asimismo, se otorgar\u00e1n sendos acc\u00e9sits a los dos semifinalistas, dando por clausurada esta edici\u00f3n del Festival.<\/span><\/p>\n<p class=\"v1MsoNormal\"><b><span lang=\"es\">Fulgencio Gil, ha querido tener una menci\u00f3n especial para el cartel anunciador de este a\u00f1o<\/span><\/b><span lang=\"es\">, titulado \u00abDuende en Lorca\u00bb, obra del pintor cartagenero, Javier Lorente, ya conocido en nuestra ciudad por haber sido el autor de la exposici\u00f3n que se realiz\u00f3 con motivo de la pasada edici\u00f3n del Festival.<\/span><\/p>\n<p class=\"v1MsoNormal\"><span lang=\"es\">Dentro del Certamen Flamenco Ciudad del Sol, siguiendo con la tradici\u00f3n de a\u00f1os anteriores,\u00a0 est\u00e1n previstos tambi\u00e9n otros actos de car\u00e1cter cultural como son:<\/span><\/p>\n<p class=\"v1MsoNormal\"><span lang=\"es\">&#8211;\u00a0\u00a0\u00a0\u00a0\u00a0\u00a0\u00a0\u00a0\u00a0<\/span><span lang=\"es\">Una exposici\u00f3n de fotograf\u00eda del artista murciano Juan Ballester titulada\u00a0<b>\u00abCumbres del Arte Flamenco\u00bb<\/b>\u00a0con im\u00e1genes captadas durante las actuaciones de artistas flamencos a su paso por los diferentes festivales y ciclos flamencos celebrados en la Regi\u00f3n de Murcia. La muestra, coordinada y dirigida\u00a0 un a\u00f1o m\u00e1s por la escultora loquina Lola Arcas, se inaugurar\u00e1 el viernes, 10 de octubre, en la Casa del Artesano de Lorca, a las 19:30h.; y va a estar expuesta al p\u00fablico hasta 8 de noviembre.\u00a0<\/span><\/p>\n<p class=\"v1MsoNormal\"><span lang=\"es\">&#8211;\u00a0\u00a0\u00a0\u00a0\u00a0\u00a0\u00a0\u00a0\u00a0<\/span><span lang=\"es\">Dos conferencias de tem\u00e1tica flamenca: una\u00a0 a cargo de la bailaora Cristina Hoyos, el s\u00e1bado, 8 de noviembre, las 12:00 h.; y otra, del especialistas Luis Terry, el jueves, 6 de noviembre, a las 19:00 h. Ambas en la Casa del Artesano.<\/span><\/p>\n<p class=\"v1MsoNormal\"><span lang=\"es\">&#8211;\u00a0\u00a0\u00a0\u00a0\u00a0\u00a0\u00a0\u00a0\u00a0<\/span><span lang=\"es\">Una actuaci\u00f3n de flamenco del ganador de la edici\u00f3n 2024\u00a0<\/span><span lang=\"es\">del festival,\u00a0Jos\u00e9\u00a0Olmo Carrasco, de Sevilla, que ser\u00e1 el viernes, 17 de noviembre, a las 20:00 h. en la Casa del Artesano.<\/span><\/p>\n<p class=\"v1MsoNormal\"><span lang=\"es\">El primer edil ha concluido aludiendo a \u00abla proyecci\u00f3n alcanzada por este concurso que<\/span><\/p>\n<p class=\"v1MsoNormal\"><span lang=\"es\">Al igual que en los \u00faltimos a\u00f1os, el Festival se presentar\u00e1 en Murcia. La fecha por el momento est\u00e1 sin confirmar, aunque ser\u00e1 la semana del 13 al 17 de octubre, las 11:00 h., en las instalaciones del ICA, y acompa\u00f1ada por una muestra de flamenco con cante y guitarra.<\/span><\/p>\n<p class=\"v1MsoNormal\"><span lang=\"es\">Toda la informaci\u00f3n se puede consultar y descargar en\u00a0<a href=\"http:\/\/www.flamencolorca.es\/\" target=\"_blank\" rel=\"noopener noreferrer\">www.flamencolorca.es<\/a>. Adem\u00e1s, cualquier interesado puede solicitar informaci\u00f3n a trav\u00e9s del mail de contacto\u00a0<a href=\"mailto:info@flamencolorca.es\" rel=\"noreferrer\">info@flamencolorca.es<\/a>, o el tel\u00e9fono 649 00 77 26.<\/span><\/p>\n","protected":false},"excerpt":{"rendered":"<p>\u00c1REA LORCA RADIO. Actualidad. Escucha aqu\u00ed la entrevista que ha realizado Paco S\u00e1nchez a Cristina Hoyos en el magazine de \u00c1rea Lorca Radio. Curiosamente, el pregonero de esta edici\u00f3n del Festival, entrevista a la Madrina de Honor de dicho Festival y toda una estrella del flamenco. &nbsp; Lorca, 6 de noviembre de 2025. El Ayuntamiento [&hellip;]<\/p>\n","protected":false},"author":1,"featured_media":8360,"comment_status":"open","ping_status":"open","sticky":false,"template":"","format":"standard","meta":{"iawp_total_views":23,"footnotes":""},"categories":[5,7],"tags":[],"class_list":["post-8358","post","type-post","status-publish","format-standard","has-post-thumbnail","hentry","category-actualidad","category-lorca"],"yoast_head":"<!-- This site is optimized with the Yoast SEO plugin v27.5 - https:\/\/yoast.com\/product\/yoast-seo-wordpress\/ -->\n<title>Cristina Hoyos,\u00a0&#039;Madrina de Honor&#039; del\u00a0Festival Internacional de Cante Flamenco &#039;Ciudad del Sol&#039;, que alcanza su 34\u00ba edici\u00f3n - AREA LORCA RADIO<\/title>\n<meta name=\"robots\" content=\"index, follow, max-snippet:-1, max-image-preview:large, max-video-preview:-1\" \/>\n<link rel=\"canonical\" href=\"https:\/\/arealorcaradio.es\/index.php\/2025\/11\/06\/cristina-hoyos-madrina-de-honor-del-festival-internacional-de-cante-flamenco-ciudad-del-sol-que-alcanza-su-34o-edicion\/\" \/>\n<meta property=\"og:locale\" content=\"es_ES\" \/>\n<meta property=\"og:type\" content=\"article\" \/>\n<meta property=\"og:title\" content=\"Cristina Hoyos,\u00a0&#039;Madrina de Honor&#039; del\u00a0Festival Internacional de Cante Flamenco &#039;Ciudad del Sol&#039;, que alcanza su 34\u00ba edici\u00f3n - AREA LORCA RADIO\" \/>\n<meta property=\"og:description\" content=\"\u00c1REA LORCA RADIO. Actualidad. Escucha aqu\u00ed la entrevista que ha realizado Paco S\u00e1nchez a Cristina Hoyos en el magazine de \u00c1rea Lorca Radio. Curiosamente, el pregonero de esta edici\u00f3n del Festival, entrevista a la Madrina de Honor de dicho Festival y toda una estrella del flamenco. &nbsp; Lorca, 6 de noviembre de 2025. El Ayuntamiento [&hellip;]\" \/>\n<meta property=\"og:url\" content=\"https:\/\/arealorcaradio.es\/index.php\/2025\/11\/06\/cristina-hoyos-madrina-de-honor-del-festival-internacional-de-cante-flamenco-ciudad-del-sol-que-alcanza-su-34o-edicion\/\" \/>\n<meta property=\"og:site_name\" content=\"AREA LORCA RADIO\" \/>\n<meta property=\"article:published_time\" content=\"2025-11-06T17:33:35+00:00\" \/>\n<meta property=\"article:modified_time\" content=\"2025-11-06T17:34:58+00:00\" \/>\n<meta property=\"og:image\" content=\"https:\/\/arealorcaradio.es\/wp-content\/uploads\/2025\/11\/Cristina-Hoyos-2.jpg\" \/>\n\t<meta property=\"og:image:width\" content=\"2560\" \/>\n\t<meta property=\"og:image:height\" content=\"1707\" \/>\n\t<meta property=\"og:image:type\" content=\"image\/jpeg\" \/>\n<meta name=\"author\" content=\"Paco S\u00e1nchez\" \/>\n<meta name=\"twitter:card\" content=\"summary_large_image\" \/>\n<meta name=\"twitter:label1\" content=\"Escrito por\" \/>\n\t<meta name=\"twitter:data1\" content=\"Paco S\u00e1nchez\" \/>\n\t<meta name=\"twitter:label2\" content=\"Tiempo de lectura\" \/>\n\t<meta name=\"twitter:data2\" content=\"8 minutos\" \/>\n<script type=\"application\/ld+json\" class=\"yoast-schema-graph\">{\"@context\":\"https:\\\/\\\/schema.org\",\"@graph\":[{\"@type\":\"Article\",\"@id\":\"https:\\\/\\\/arealorcaradio.es\\\/index.php\\\/2025\\\/11\\\/06\\\/cristina-hoyos-madrina-de-honor-del-festival-internacional-de-cante-flamenco-ciudad-del-sol-que-alcanza-su-34o-edicion\\\/#article\",\"isPartOf\":{\"@id\":\"https:\\\/\\\/arealorcaradio.es\\\/index.php\\\/2025\\\/11\\\/06\\\/cristina-hoyos-madrina-de-honor-del-festival-internacional-de-cante-flamenco-ciudad-del-sol-que-alcanza-su-34o-edicion\\\/\"},\"author\":{\"name\":\"Paco S\u00e1nchez\",\"@id\":\"https:\\\/\\\/arealorcaradio.es\\\/#\\\/schema\\\/person\\\/9fae605fc25b0f2c83c1ab207139bd27\"},\"headline\":\"Cristina Hoyos,\u00a0&#8216;Madrina de Honor&#8217; del\u00a0Festival Internacional de Cante Flamenco &#8216;Ciudad del Sol&#8217;, que alcanza su 34\u00ba edici\u00f3n\",\"datePublished\":\"2025-11-06T17:33:35+00:00\",\"dateModified\":\"2025-11-06T17:34:58+00:00\",\"mainEntityOfPage\":{\"@id\":\"https:\\\/\\\/arealorcaradio.es\\\/index.php\\\/2025\\\/11\\\/06\\\/cristina-hoyos-madrina-de-honor-del-festival-internacional-de-cante-flamenco-ciudad-del-sol-que-alcanza-su-34o-edicion\\\/\"},\"wordCount\":1422,\"commentCount\":0,\"image\":{\"@id\":\"https:\\\/\\\/arealorcaradio.es\\\/index.php\\\/2025\\\/11\\\/06\\\/cristina-hoyos-madrina-de-honor-del-festival-internacional-de-cante-flamenco-ciudad-del-sol-que-alcanza-su-34o-edicion\\\/#primaryimage\"},\"thumbnailUrl\":\"https:\\\/\\\/arealorcaradio.es\\\/wp-content\\\/uploads\\\/2025\\\/11\\\/Cristina-Hoyos-2.jpg\",\"articleSection\":[\"ACTUALIDAD\",\"LORCA\"],\"inLanguage\":\"es\",\"potentialAction\":[{\"@type\":\"CommentAction\",\"name\":\"Comment\",\"target\":[\"https:\\\/\\\/arealorcaradio.es\\\/index.php\\\/2025\\\/11\\\/06\\\/cristina-hoyos-madrina-de-honor-del-festival-internacional-de-cante-flamenco-ciudad-del-sol-que-alcanza-su-34o-edicion\\\/#respond\"]}]},{\"@type\":\"WebPage\",\"@id\":\"https:\\\/\\\/arealorcaradio.es\\\/index.php\\\/2025\\\/11\\\/06\\\/cristina-hoyos-madrina-de-honor-del-festival-internacional-de-cante-flamenco-ciudad-del-sol-que-alcanza-su-34o-edicion\\\/\",\"url\":\"https:\\\/\\\/arealorcaradio.es\\\/index.php\\\/2025\\\/11\\\/06\\\/cristina-hoyos-madrina-de-honor-del-festival-internacional-de-cante-flamenco-ciudad-del-sol-que-alcanza-su-34o-edicion\\\/\",\"name\":\"Cristina Hoyos,\u00a0'Madrina de Honor' del\u00a0Festival Internacional de Cante Flamenco 'Ciudad del Sol', que alcanza su 34\u00ba edici\u00f3n - AREA LORCA RADIO\",\"isPartOf\":{\"@id\":\"https:\\\/\\\/arealorcaradio.es\\\/#website\"},\"primaryImageOfPage\":{\"@id\":\"https:\\\/\\\/arealorcaradio.es\\\/index.php\\\/2025\\\/11\\\/06\\\/cristina-hoyos-madrina-de-honor-del-festival-internacional-de-cante-flamenco-ciudad-del-sol-que-alcanza-su-34o-edicion\\\/#primaryimage\"},\"image\":{\"@id\":\"https:\\\/\\\/arealorcaradio.es\\\/index.php\\\/2025\\\/11\\\/06\\\/cristina-hoyos-madrina-de-honor-del-festival-internacional-de-cante-flamenco-ciudad-del-sol-que-alcanza-su-34o-edicion\\\/#primaryimage\"},\"thumbnailUrl\":\"https:\\\/\\\/arealorcaradio.es\\\/wp-content\\\/uploads\\\/2025\\\/11\\\/Cristina-Hoyos-2.jpg\",\"datePublished\":\"2025-11-06T17:33:35+00:00\",\"dateModified\":\"2025-11-06T17:34:58+00:00\",\"author\":{\"@id\":\"https:\\\/\\\/arealorcaradio.es\\\/#\\\/schema\\\/person\\\/9fae605fc25b0f2c83c1ab207139bd27\"},\"breadcrumb\":{\"@id\":\"https:\\\/\\\/arealorcaradio.es\\\/index.php\\\/2025\\\/11\\\/06\\\/cristina-hoyos-madrina-de-honor-del-festival-internacional-de-cante-flamenco-ciudad-del-sol-que-alcanza-su-34o-edicion\\\/#breadcrumb\"},\"inLanguage\":\"es\",\"potentialAction\":[{\"@type\":\"ReadAction\",\"target\":[\"https:\\\/\\\/arealorcaradio.es\\\/index.php\\\/2025\\\/11\\\/06\\\/cristina-hoyos-madrina-de-honor-del-festival-internacional-de-cante-flamenco-ciudad-del-sol-que-alcanza-su-34o-edicion\\\/\"]}]},{\"@type\":\"ImageObject\",\"inLanguage\":\"es\",\"@id\":\"https:\\\/\\\/arealorcaradio.es\\\/index.php\\\/2025\\\/11\\\/06\\\/cristina-hoyos-madrina-de-honor-del-festival-internacional-de-cante-flamenco-ciudad-del-sol-que-alcanza-su-34o-edicion\\\/#primaryimage\",\"url\":\"https:\\\/\\\/arealorcaradio.es\\\/wp-content\\\/uploads\\\/2025\\\/11\\\/Cristina-Hoyos-2.jpg\",\"contentUrl\":\"https:\\\/\\\/arealorcaradio.es\\\/wp-content\\\/uploads\\\/2025\\\/11\\\/Cristina-Hoyos-2.jpg\",\"width\":2560,\"height\":1707},{\"@type\":\"BreadcrumbList\",\"@id\":\"https:\\\/\\\/arealorcaradio.es\\\/index.php\\\/2025\\\/11\\\/06\\\/cristina-hoyos-madrina-de-honor-del-festival-internacional-de-cante-flamenco-ciudad-del-sol-que-alcanza-su-34o-edicion\\\/#breadcrumb\",\"itemListElement\":[{\"@type\":\"ListItem\",\"position\":1,\"name\":\"Portada\",\"item\":\"https:\\\/\\\/arealorcaradio.es\\\/\"},{\"@type\":\"ListItem\",\"position\":2,\"name\":\"Cristina Hoyos,\u00a0&#8216;Madrina de Honor&#8217; del\u00a0Festival Internacional de Cante Flamenco &#8216;Ciudad del Sol&#8217;, que alcanza su 34\u00ba edici\u00f3n\"}]},{\"@type\":\"WebSite\",\"@id\":\"https:\\\/\\\/arealorcaradio.es\\\/#website\",\"url\":\"https:\\\/\\\/arealorcaradio.es\\\/\",\"name\":\"AREA LORCA RADIO\",\"description\":\"Descubre la programaci\u00f3n actual en \u00c1rea Lorca Radio, tu fuente de entrenamiento y noticias locales. Sintoniza ahora y mantente conectado online.\",\"potentialAction\":[{\"@type\":\"SearchAction\",\"target\":{\"@type\":\"EntryPoint\",\"urlTemplate\":\"https:\\\/\\\/arealorcaradio.es\\\/?s={search_term_string}\"},\"query-input\":{\"@type\":\"PropertyValueSpecification\",\"valueRequired\":true,\"valueName\":\"search_term_string\"}}],\"inLanguage\":\"es\"},{\"@type\":\"Person\",\"@id\":\"https:\\\/\\\/arealorcaradio.es\\\/#\\\/schema\\\/person\\\/9fae605fc25b0f2c83c1ab207139bd27\",\"name\":\"Paco S\u00e1nchez\",\"image\":{\"@type\":\"ImageObject\",\"inLanguage\":\"es\",\"@id\":\"https:\\\/\\\/secure.gravatar.com\\\/avatar\\\/d67144e966420fb74aa84c9f2a0103be4724fd14db52b52d3b6bca749f257e79?s=96&d=mm&r=g\",\"url\":\"https:\\\/\\\/secure.gravatar.com\\\/avatar\\\/d67144e966420fb74aa84c9f2a0103be4724fd14db52b52d3b6bca749f257e79?s=96&d=mm&r=g\",\"contentUrl\":\"https:\\\/\\\/secure.gravatar.com\\\/avatar\\\/d67144e966420fb74aa84c9f2a0103be4724fd14db52b52d3b6bca749f257e79?s=96&d=mm&r=g\",\"caption\":\"Paco S\u00e1nchez\"},\"sameAs\":[\"https:\\\/\\\/arealorcaradio.es\"],\"url\":\"https:\\\/\\\/arealorcaradio.es\\\/index.php\\\/author\\\/admin_alorcaradio\\\/\"}]}<\/script>\n<!-- \/ Yoast SEO plugin. -->","yoast_head_json":{"title":"Cristina Hoyos,\u00a0'Madrina de Honor' del\u00a0Festival Internacional de Cante Flamenco 'Ciudad del Sol', que alcanza su 34\u00ba edici\u00f3n - AREA LORCA RADIO","robots":{"index":"index","follow":"follow","max-snippet":"max-snippet:-1","max-image-preview":"max-image-preview:large","max-video-preview":"max-video-preview:-1"},"canonical":"https:\/\/arealorcaradio.es\/index.php\/2025\/11\/06\/cristina-hoyos-madrina-de-honor-del-festival-internacional-de-cante-flamenco-ciudad-del-sol-que-alcanza-su-34o-edicion\/","og_locale":"es_ES","og_type":"article","og_title":"Cristina Hoyos,\u00a0'Madrina de Honor' del\u00a0Festival Internacional de Cante Flamenco 'Ciudad del Sol', que alcanza su 34\u00ba edici\u00f3n - AREA LORCA RADIO","og_description":"\u00c1REA LORCA RADIO. Actualidad. Escucha aqu\u00ed la entrevista que ha realizado Paco S\u00e1nchez a Cristina Hoyos en el magazine de \u00c1rea Lorca Radio. Curiosamente, el pregonero de esta edici\u00f3n del Festival, entrevista a la Madrina de Honor de dicho Festival y toda una estrella del flamenco. &nbsp; Lorca, 6 de noviembre de 2025. El Ayuntamiento [&hellip;]","og_url":"https:\/\/arealorcaradio.es\/index.php\/2025\/11\/06\/cristina-hoyos-madrina-de-honor-del-festival-internacional-de-cante-flamenco-ciudad-del-sol-que-alcanza-su-34o-edicion\/","og_site_name":"AREA LORCA RADIO","article_published_time":"2025-11-06T17:33:35+00:00","article_modified_time":"2025-11-06T17:34:58+00:00","og_image":[{"width":2560,"height":1707,"url":"https:\/\/arealorcaradio.es\/wp-content\/uploads\/2025\/11\/Cristina-Hoyos-2.jpg","type":"image\/jpeg"}],"author":"Paco S\u00e1nchez","twitter_card":"summary_large_image","twitter_misc":{"Escrito por":"Paco S\u00e1nchez","Tiempo de lectura":"8 minutos"},"schema":{"@context":"https:\/\/schema.org","@graph":[{"@type":"Article","@id":"https:\/\/arealorcaradio.es\/index.php\/2025\/11\/06\/cristina-hoyos-madrina-de-honor-del-festival-internacional-de-cante-flamenco-ciudad-del-sol-que-alcanza-su-34o-edicion\/#article","isPartOf":{"@id":"https:\/\/arealorcaradio.es\/index.php\/2025\/11\/06\/cristina-hoyos-madrina-de-honor-del-festival-internacional-de-cante-flamenco-ciudad-del-sol-que-alcanza-su-34o-edicion\/"},"author":{"name":"Paco S\u00e1nchez","@id":"https:\/\/arealorcaradio.es\/#\/schema\/person\/9fae605fc25b0f2c83c1ab207139bd27"},"headline":"Cristina Hoyos,\u00a0&#8216;Madrina de Honor&#8217; del\u00a0Festival Internacional de Cante Flamenco &#8216;Ciudad del Sol&#8217;, que alcanza su 34\u00ba edici\u00f3n","datePublished":"2025-11-06T17:33:35+00:00","dateModified":"2025-11-06T17:34:58+00:00","mainEntityOfPage":{"@id":"https:\/\/arealorcaradio.es\/index.php\/2025\/11\/06\/cristina-hoyos-madrina-de-honor-del-festival-internacional-de-cante-flamenco-ciudad-del-sol-que-alcanza-su-34o-edicion\/"},"wordCount":1422,"commentCount":0,"image":{"@id":"https:\/\/arealorcaradio.es\/index.php\/2025\/11\/06\/cristina-hoyos-madrina-de-honor-del-festival-internacional-de-cante-flamenco-ciudad-del-sol-que-alcanza-su-34o-edicion\/#primaryimage"},"thumbnailUrl":"https:\/\/arealorcaradio.es\/wp-content\/uploads\/2025\/11\/Cristina-Hoyos-2.jpg","articleSection":["ACTUALIDAD","LORCA"],"inLanguage":"es","potentialAction":[{"@type":"CommentAction","name":"Comment","target":["https:\/\/arealorcaradio.es\/index.php\/2025\/11\/06\/cristina-hoyos-madrina-de-honor-del-festival-internacional-de-cante-flamenco-ciudad-del-sol-que-alcanza-su-34o-edicion\/#respond"]}]},{"@type":"WebPage","@id":"https:\/\/arealorcaradio.es\/index.php\/2025\/11\/06\/cristina-hoyos-madrina-de-honor-del-festival-internacional-de-cante-flamenco-ciudad-del-sol-que-alcanza-su-34o-edicion\/","url":"https:\/\/arealorcaradio.es\/index.php\/2025\/11\/06\/cristina-hoyos-madrina-de-honor-del-festival-internacional-de-cante-flamenco-ciudad-del-sol-que-alcanza-su-34o-edicion\/","name":"Cristina Hoyos,\u00a0'Madrina de Honor' del\u00a0Festival Internacional de Cante Flamenco 'Ciudad del Sol', que alcanza su 34\u00ba edici\u00f3n - AREA LORCA RADIO","isPartOf":{"@id":"https:\/\/arealorcaradio.es\/#website"},"primaryImageOfPage":{"@id":"https:\/\/arealorcaradio.es\/index.php\/2025\/11\/06\/cristina-hoyos-madrina-de-honor-del-festival-internacional-de-cante-flamenco-ciudad-del-sol-que-alcanza-su-34o-edicion\/#primaryimage"},"image":{"@id":"https:\/\/arealorcaradio.es\/index.php\/2025\/11\/06\/cristina-hoyos-madrina-de-honor-del-festival-internacional-de-cante-flamenco-ciudad-del-sol-que-alcanza-su-34o-edicion\/#primaryimage"},"thumbnailUrl":"https:\/\/arealorcaradio.es\/wp-content\/uploads\/2025\/11\/Cristina-Hoyos-2.jpg","datePublished":"2025-11-06T17:33:35+00:00","dateModified":"2025-11-06T17:34:58+00:00","author":{"@id":"https:\/\/arealorcaradio.es\/#\/schema\/person\/9fae605fc25b0f2c83c1ab207139bd27"},"breadcrumb":{"@id":"https:\/\/arealorcaradio.es\/index.php\/2025\/11\/06\/cristina-hoyos-madrina-de-honor-del-festival-internacional-de-cante-flamenco-ciudad-del-sol-que-alcanza-su-34o-edicion\/#breadcrumb"},"inLanguage":"es","potentialAction":[{"@type":"ReadAction","target":["https:\/\/arealorcaradio.es\/index.php\/2025\/11\/06\/cristina-hoyos-madrina-de-honor-del-festival-internacional-de-cante-flamenco-ciudad-del-sol-que-alcanza-su-34o-edicion\/"]}]},{"@type":"ImageObject","inLanguage":"es","@id":"https:\/\/arealorcaradio.es\/index.php\/2025\/11\/06\/cristina-hoyos-madrina-de-honor-del-festival-internacional-de-cante-flamenco-ciudad-del-sol-que-alcanza-su-34o-edicion\/#primaryimage","url":"https:\/\/arealorcaradio.es\/wp-content\/uploads\/2025\/11\/Cristina-Hoyos-2.jpg","contentUrl":"https:\/\/arealorcaradio.es\/wp-content\/uploads\/2025\/11\/Cristina-Hoyos-2.jpg","width":2560,"height":1707},{"@type":"BreadcrumbList","@id":"https:\/\/arealorcaradio.es\/index.php\/2025\/11\/06\/cristina-hoyos-madrina-de-honor-del-festival-internacional-de-cante-flamenco-ciudad-del-sol-que-alcanza-su-34o-edicion\/#breadcrumb","itemListElement":[{"@type":"ListItem","position":1,"name":"Portada","item":"https:\/\/arealorcaradio.es\/"},{"@type":"ListItem","position":2,"name":"Cristina Hoyos,\u00a0&#8216;Madrina de Honor&#8217; del\u00a0Festival Internacional de Cante Flamenco &#8216;Ciudad del Sol&#8217;, que alcanza su 34\u00ba edici\u00f3n"}]},{"@type":"WebSite","@id":"https:\/\/arealorcaradio.es\/#website","url":"https:\/\/arealorcaradio.es\/","name":"AREA LORCA RADIO","description":"Descubre la programaci\u00f3n actual en \u00c1rea Lorca Radio, tu fuente de entrenamiento y noticias locales. Sintoniza ahora y mantente conectado online.","potentialAction":[{"@type":"SearchAction","target":{"@type":"EntryPoint","urlTemplate":"https:\/\/arealorcaradio.es\/?s={search_term_string}"},"query-input":{"@type":"PropertyValueSpecification","valueRequired":true,"valueName":"search_term_string"}}],"inLanguage":"es"},{"@type":"Person","@id":"https:\/\/arealorcaradio.es\/#\/schema\/person\/9fae605fc25b0f2c83c1ab207139bd27","name":"Paco S\u00e1nchez","image":{"@type":"ImageObject","inLanguage":"es","@id":"https:\/\/secure.gravatar.com\/avatar\/d67144e966420fb74aa84c9f2a0103be4724fd14db52b52d3b6bca749f257e79?s=96&d=mm&r=g","url":"https:\/\/secure.gravatar.com\/avatar\/d67144e966420fb74aa84c9f2a0103be4724fd14db52b52d3b6bca749f257e79?s=96&d=mm&r=g","contentUrl":"https:\/\/secure.gravatar.com\/avatar\/d67144e966420fb74aa84c9f2a0103be4724fd14db52b52d3b6bca749f257e79?s=96&d=mm&r=g","caption":"Paco S\u00e1nchez"},"sameAs":["https:\/\/arealorcaradio.es"],"url":"https:\/\/arealorcaradio.es\/index.php\/author\/admin_alorcaradio\/"}]}},"_links":{"self":[{"href":"https:\/\/arealorcaradio.es\/index.php\/wp-json\/wp\/v2\/posts\/8358","targetHints":{"allow":["GET"]}}],"collection":[{"href":"https:\/\/arealorcaradio.es\/index.php\/wp-json\/wp\/v2\/posts"}],"about":[{"href":"https:\/\/arealorcaradio.es\/index.php\/wp-json\/wp\/v2\/types\/post"}],"author":[{"embeddable":true,"href":"https:\/\/arealorcaradio.es\/index.php\/wp-json\/wp\/v2\/users\/1"}],"replies":[{"embeddable":true,"href":"https:\/\/arealorcaradio.es\/index.php\/wp-json\/wp\/v2\/comments?post=8358"}],"version-history":[{"count":3,"href":"https:\/\/arealorcaradio.es\/index.php\/wp-json\/wp\/v2\/posts\/8358\/revisions"}],"predecessor-version":[{"id":8368,"href":"https:\/\/arealorcaradio.es\/index.php\/wp-json\/wp\/v2\/posts\/8358\/revisions\/8368"}],"wp:featuredmedia":[{"embeddable":true,"href":"https:\/\/arealorcaradio.es\/index.php\/wp-json\/wp\/v2\/media\/8360"}],"wp:attachment":[{"href":"https:\/\/arealorcaradio.es\/index.php\/wp-json\/wp\/v2\/media?parent=8358"}],"wp:term":[{"taxonomy":"category","embeddable":true,"href":"https:\/\/arealorcaradio.es\/index.php\/wp-json\/wp\/v2\/categories?post=8358"},{"taxonomy":"post_tag","embeddable":true,"href":"https:\/\/arealorcaradio.es\/index.php\/wp-json\/wp\/v2\/tags?post=8358"}],"curies":[{"name":"wp","href":"https:\/\/api.w.org\/{rel}","templated":true}]}}