{"id":8349,"date":"2025-11-06T16:38:23","date_gmt":"2025-11-06T16:38:23","guid":{"rendered":"https:\/\/arealorcaradio.es\/?p=8349"},"modified":"2025-11-06T16:39:22","modified_gmt":"2025-11-06T16:39:22","slug":"la-unidad-de-control-del-padron-detecta-nuevas-irregularidades-y-alcanza-los-267-000-euros-en-multas-desde-su-puesta-en-marcha","status":"publish","type":"post","link":"https:\/\/arealorcaradio.es\/index.php\/2025\/11\/06\/la-unidad-de-control-del-padron-detecta-nuevas-irregularidades-y-alcanza-los-267-000-euros-en-multas-desde-su-puesta-en-marcha\/","title":{"rendered":"La Unidad de Control del Padr\u00f3n detecta nuevas irregularidades y alcanza los 267.000 euros en multas desde su puesta en marcha"},"content":{"rendered":"<p><strong>\u00c1REA LORCA RADIO. Actualidad.<\/strong><\/p>\n<p>Escucha aqu\u00ed la intervenci\u00f3n de la edil del Padr\u00f3n, Bel\u00e9n P\u00e9rez, en el programa magazine de \u00c1rea Lorca Radio, donde ha contado a Paco S\u00e1nchez y oyentes todas las medidas que se est\u00e1n llevando a cabo desde la Unidad de Control del Padr\u00f3n en el Ayuntamiento de Lorca.<\/p>\n<audio class=\"wp-audio-shortcode\" id=\"audio-8349-1\" preload=\"none\" style=\"width: 100%;\" controls=\"controls\"><source type=\"audio\/mpeg\" src=\"https:\/\/arealorcaradio.es\/wp-content\/uploads\/2025\/11\/061125-BELEN-PEREZ.-CONTROL-DEL-PADRON.mp3?_=1\" \/><a href=\"https:\/\/arealorcaradio.es\/wp-content\/uploads\/2025\/11\/061125-BELEN-PEREZ.-CONTROL-DEL-PADRON.mp3\">https:\/\/arealorcaradio.es\/wp-content\/uploads\/2025\/11\/061125-BELEN-PEREZ.-CONTROL-DEL-PADRON.mp3<\/a><\/audio>\n<p class=\"v1MsoNormal\"><b><span lang=\"es\">Lorca, 6 de noviembre de 2025. <\/span><\/b><span lang=\"es\">\u00d3rdenes de paralizaci\u00f3n, de demolici\u00f3n, inscripci\u00f3n de la carga en el Registro de la Propiedad, ejecuciones subsidiarias por el Ayuntamiento a costa del obligado, multas\u00a0<\/span><span lang=\"es\">que ascienden a 267.000 euros\u00a0y\u00a0ahora el incremento del recibo del IBI de un total de 36 expedientes,\u00a0sumando otros 391.253 euros.<\/span><\/p>\n<p class=\"v1MsoNormal\"><span lang=\"es\">\u00abSon personas que han modificado su propiedad de manera indebida en detrimento de los derechos de las personas y que ahora tienen que hacer frente a los cargos pertinentes. Punto que no exime, adem\u00e1s, de la obligaci\u00f3n de demoler lo construido de forma ilegal; algo que de no hacer el propietario ser\u00e1 el propio Ayuntamiento quien lo ejecute a su costa\u00bb.<\/span><\/p>\n<p class=\"v1MsoNormal\"><span lang=\"es\">\u00abTodas estas medidas son consecuencia de las inspecciones que peri\u00f3dicamente llevan a cabo funcionarios del \u00d3rgano de Control de Padr\u00f3n, bien de oficio o bien por denuncia, y que han permitido la detecci\u00f3n de\u00a0<\/span><span lang=\"es\">numerosos\u00a0incumplimientos en inmuebles,\u00a0tanto del n\u00facleo urbano como de pedan\u00edas\u00bb.<\/span><\/p>\n<p class=\"v1MsoNormal\"><span lang=\"es\">La inspecci\u00f3n del \u00f3rgano de control est\u00e1 revelando en el caso urbano\u00a0<\/span><span lang=\"es\">diversos\u00a0casos de viviendas unifamiliares, almacenes, trasteros, garajes y locales comerciales convertidos en infraviviendas que carecen de las condiciones m\u00ednimas de habitabilidad. Y en zonas de huerta y pedan\u00edas,\u00a0instalaciones con uso agr\u00edcola y ganadero transformadas tambi\u00e9n en infraviviendas.<\/span><\/p>\n<p class=\"v1MsoNormal\"><a name=\"v1_heading=h.v4u745b3darm\"><\/a><span lang=\"es\"> \u00a0<img loading=\"lazy\" decoding=\"async\" class=\"alignnone size-medium wp-image-8354\" src=\"https:\/\/arealorcaradio.es\/wp-content\/uploads\/2025\/11\/FOTO4-28-300x225.jpeg\" alt=\"\" width=\"300\" height=\"225\" srcset=\"https:\/\/arealorcaradio.es\/wp-content\/uploads\/2025\/11\/FOTO4-28-300x225.jpeg 300w, https:\/\/arealorcaradio.es\/wp-content\/uploads\/2025\/11\/FOTO4-28-1024x768.jpeg 1024w, https:\/\/arealorcaradio.es\/wp-content\/uploads\/2025\/11\/FOTO4-28-768x576.jpeg 768w, https:\/\/arealorcaradio.es\/wp-content\/uploads\/2025\/11\/FOTO4-28-1536x1152.jpeg 1536w, https:\/\/arealorcaradio.es\/wp-content\/uploads\/2025\/11\/FOTO4-28-86x64.jpeg 86w, https:\/\/arealorcaradio.es\/wp-content\/uploads\/2025\/11\/FOTO4-28.jpeg 1600w\" sizes=\"auto, (max-width: 300px) 100vw, 300px\" \/> \u00a0 <img loading=\"lazy\" decoding=\"async\" class=\"alignnone size-medium wp-image-8355\" src=\"https:\/\/arealorcaradio.es\/wp-content\/uploads\/2025\/11\/FOTO1-68-300x225.jpeg\" alt=\"\" width=\"300\" height=\"225\" srcset=\"https:\/\/arealorcaradio.es\/wp-content\/uploads\/2025\/11\/FOTO1-68-300x225.jpeg 300w, https:\/\/arealorcaradio.es\/wp-content\/uploads\/2025\/11\/FOTO1-68-1024x768.jpeg 1024w, https:\/\/arealorcaradio.es\/wp-content\/uploads\/2025\/11\/FOTO1-68-768x576.jpeg 768w, https:\/\/arealorcaradio.es\/wp-content\/uploads\/2025\/11\/FOTO1-68-1536x1152.jpeg 1536w, https:\/\/arealorcaradio.es\/wp-content\/uploads\/2025\/11\/FOTO1-68-86x64.jpeg 86w, https:\/\/arealorcaradio.es\/wp-content\/uploads\/2025\/11\/FOTO1-68.jpeg 1600w\" sizes=\"auto, (max-width: 300px) 100vw, 300px\" \/><\/span><\/p>\n<p>&nbsp;<\/p>\n<p class=\"v1MsoNormal\"><span lang=\"es\">Tal es el caso, ha recordado la edil del Padr\u00f3n, Bel\u00e9n P\u00e9rez, de los dos almacenes convertidos en siete infraviviendas detectadas en una zona de huerta que, tras ser desestimado el recurso interpuesto por el infractor, se\u00a0<b>va a proceder a su demolici\u00f3n<\/b>.<\/span><\/p>\n<p class=\"v1MsoNormal\"><span lang=\"es\">Adem\u00e1s, el Ayuntamiento se ha dirigido hasta en\u00a0<b>10 ocasiones a los Juzgados<\/b>\u00a0debido a que los propietarios se han negado a consentir el acceso de los funcionarios municipales a los inmuebles para su inspecci\u00f3n.<\/span><\/p>\n<p class=\"v1MsoNormal\"><span lang=\"es\">De igual form<\/span><span lang=\"es\">a,\u00a0se han remitido\u00a0<b>cuatro expedientes administrativos a Fiscal\u00eda<\/b>\u00a0por la posible comisi\u00f3n de delitos contra la ordenaci\u00f3n del territorio.<\/span><\/p>\n<p class=\"v1MsoNormal\"><span lang=\"es\">Cabe destacar que, en lo que va de a\u00f1o, el \u00d3rgano ha tramitado un total de\u00a0<b>56 expedientes sancionadores por vulneraci\u00f3n del ordenamiento urban\u00edstico y 74 por infracci\u00f3n de la ordenanza reguladora de control<\/b>\u00a0del Padr\u00f3n donde las multas -recordemos- pueden alcanzar los 3.000 euros dependiendo de la gravedad de la infracci\u00f3n.<\/span><\/p>\n<p class=\"v1MsoNormal\"><span lang=\"es\">Asimismo, se han dictado\u00a0<b>10 \u00f3rdenes de ejecuci\u00f3n en viviendas<\/b>\u00a0que incumplen condiciones m\u00ednimas de habitabilidad con graves deficiencias en cuanto a seguridad y salubridad.<\/span><\/p>\n<p class=\"v1MsoNormal\"><span lang=\"es\">\u00abComo vemos, de manera continua se materializan las actuaciones llevadas a cabo por parte de la Unidad de Control del Padr\u00f3n, un servicio pionero puesto en marcha por el Gobierno de Lorca, con el alcalde, Fulgencio Gil a la cabeza, que contin\u00faa avanzando en su lucha contra la infravivienda en Lorca, frente aquellos que deciden hacinar a personas en viviendas, combatiendo el fraude en relaci\u00f3n al Padr\u00f3n de habitantes, adecu\u00e1ndolo a la realidad del municipio y respondiendo con ello a las demandas de nuestras ciudad, dejando atr\u00e1s el modelo de ciudad dormitorio que imperaba en nuestro municipio\u00bb.<\/span><\/p>\n<p class=\"v1MsoNormal\"><span lang=\"es\">\u00abLas personas son lo primero y todos aquellos que cometan este tipo de infracciones, ser\u00e1n perseguidos. No podemos permitir estas situaciones. Y seguir\u00e1n llegando sanciones para todos aquellos que incumplan sus obligaciones en relaci\u00f3n al Padr\u00f3n. Y seguiremos buscando, adem\u00e1s, que el empadronamiento fraudulento sea tipificado espec\u00edficamente como delito en el ordenamiento jur\u00eddico espa\u00f1ol, y se contemplen penas de privaci\u00f3n de libertad y sanciones econ\u00f3micas, procesando a quienes se lucran con estas pr\u00e1cticas y a quienes participen en su comisi\u00f3n\u00bb.<\/span><\/p>\n<p class=\"v1MsoNormal\"><b><span lang=\"es\">Actuaciones reales por la defensa de los derechos de las personas<\/span><\/b><\/p>\n<p class=\"v1MsoNormal\"><span lang=\"es\">Todo esto no es sino consecuencia de las diferentes actuaciones y novedades continuas puestas en marcha por el Ayuntamiento de Lorca en relaci\u00f3n a la Unidad del Padr\u00f3n. Si primero destac\u00e1bamos su\u00a0<b>car\u00e1cter transversal, cabe destacar que este se ha intensificado<\/b>\u00a0desde\u00a0<\/span><span lang=\"es\">su activaci\u00f3n. Hablamos de la implicaci\u00f3n de Polic\u00eda Nacional, Polic\u00eda Local, Guardia Civil, Registro, Catastro, Delegaci\u00f3n del Gobierno, la Agencia Estatal de la Administraci\u00f3n Tributaria, Servicios Sociales, Sanidad o, incluso, el estamento judicial, entre otros.<\/span><\/p>\n<p class=\"v1MsoNormal\"><span lang=\"es\">Adem\u00e1s, la Unidad se ha enriquecido con la\u00a0<b>incorporaci\u00f3n del director de la Asesor\u00eda Jur\u00eddica del Ayuntamiento de Lorca, as\u00ed como de un nuevo Arquitecto T\u00e9cnico<\/b>, en este \u00faltimo caso con el objeto de incrementar las inspecciones en aquellos inmuebles. A ellos, hay q<\/span><span lang=\"es\">ue a\u00f1adir la oferta de empleo p\u00fablico prevista en los presupuestos de este a\u00f1o, donde van recogidas las plazas de\u00a0<b>dos agentes censales.<\/b><\/span><\/p>\n<p class=\"v1MsoNormal\"><span lang=\"es\">Ha implementado\u00a0<b>una l\u00ednea de WhatsApp,<\/b>\u00a0poniendo a disposici\u00f3n de los ciudadanos un n\u00famero para que puedan trasladar de manera \u00e1gil y r\u00e1pida conductas sospechosas (608 87 72 04); haciendo as\u00ed part<\/span><span lang=\"es\">\u00edcipe a los lorquinos para \u00abque nos ayuden a proteger nuestra ciudad ante el problema de la infravivienda\u00bb.<\/span><\/p>\n<p class=\"v1MsoNormal\"><span lang=\"es\">\u00abAhora, recordemos, todas las &#8216;trasgresiones&#8217; cometidas en esta materia constar\u00e1n en el\u00a0<b>Registro de la Propiedad<\/b>\u00a0y se traducir\u00e1n en una carga para el inmueble afectado, protegiendo con ello a terceros adquirentes de buena fe.<\/span><\/p>\n<p class=\"v1MsoNormal\"><span lang=\"es\">A ello se suma la reciente\u00a0<b>modificaci\u00f3n de la Ordenanza Municipal del Padr\u00f3n,<\/b>\u00a0ampliando las tipolog\u00edas infractoras tras atender, desde el arranque de la Unidad, en junio de 2023, con el nuevo equipo de Gobierno, a nuevas casu\u00edsticas que, hasta ahora al no tener previsi\u00f3n legal, se escapaban al control municipal.<\/span><\/p>\n<p class=\"v1MsoNormal\"><span lang=\"es\">\u00abHitos que refuerzan la posici\u00f3n referente de esta Unidad en el \u00e1mbito nacional, siendo numerosos los Ayuntamientos que han\u00a0<b>contactado con el Consistorio lorquino<\/b>\u00a0para seguir nuestros pasos en la lucha frente a la infravivienda\u00bb, ha rese\u00f1ado Bel\u00e9n P\u00e9rez.<\/span><\/p>\n<p>&nbsp;<\/p>\n<p><strong>Unidad del Control del Padr\u00f3n en cifras:<\/strong><\/p>\n<p><span lang=\"es\">Desde su puesta en marcha, este \u00f3rgano ha realizado 782 requerimientos a propietarios y residentes, inici\u00e1ndose 327 expedientes de baja de oficio y gener\u00e1ndose 251 cambios de domicilio, adem\u00e1s de 88 altas, identific\u00e1ndose, por parte de la polic\u00eda local, a m\u00e1s de 2.000 personas residentes en los domicilios sometidos a informaci\u00f3n o comprobaci\u00f3n previa y no habiendo podido hacerlo con m\u00e1s de 450 personas por no residir en los domicilios donde figuran empadronados<\/span><\/p>\n","protected":false},"excerpt":{"rendered":"<p>\u00c1REA LORCA RADIO. Actualidad. Escucha aqu\u00ed la intervenci\u00f3n de la edil del Padr\u00f3n, Bel\u00e9n P\u00e9rez, en el programa magazine de \u00c1rea Lorca Radio, donde ha contado a Paco S\u00e1nchez y oyentes todas las medidas que se est\u00e1n llevando a cabo desde la Unidad de Control del Padr\u00f3n en el Ayuntamiento de Lorca. Lorca, 6 de [&hellip;]<\/p>\n","protected":false},"author":1,"featured_media":8353,"comment_status":"open","ping_status":"open","sticky":false,"template":"","format":"standard","meta":{"iawp_total_views":2,"footnotes":""},"categories":[5,7],"tags":[],"class_list":["post-8349","post","type-post","status-publish","format-standard","has-post-thumbnail","hentry","category-actualidad","category-lorca"],"yoast_head":"<!-- This site is optimized with the Yoast SEO plugin v27.5 - https:\/\/yoast.com\/product\/yoast-seo-wordpress\/ -->\n<title>La Unidad de Control del Padr\u00f3n detecta nuevas irregularidades y alcanza los 267.000 euros en multas desde su puesta en marcha - AREA LORCA RADIO<\/title>\n<meta name=\"robots\" content=\"index, follow, max-snippet:-1, max-image-preview:large, max-video-preview:-1\" \/>\n<link rel=\"canonical\" href=\"https:\/\/arealorcaradio.es\/index.php\/2025\/11\/06\/la-unidad-de-control-del-padron-detecta-nuevas-irregularidades-y-alcanza-los-267-000-euros-en-multas-desde-su-puesta-en-marcha\/\" \/>\n<meta property=\"og:locale\" content=\"es_ES\" \/>\n<meta property=\"og:type\" content=\"article\" \/>\n<meta property=\"og:title\" content=\"La Unidad de Control del Padr\u00f3n detecta nuevas irregularidades y alcanza los 267.000 euros en multas desde su puesta en marcha - AREA LORCA RADIO\" \/>\n<meta property=\"og:description\" content=\"\u00c1REA LORCA RADIO. Actualidad. Escucha aqu\u00ed la intervenci\u00f3n de la edil del Padr\u00f3n, Bel\u00e9n P\u00e9rez, en el programa magazine de \u00c1rea Lorca Radio, donde ha contado a Paco S\u00e1nchez y oyentes todas las medidas que se est\u00e1n llevando a cabo desde la Unidad de Control del Padr\u00f3n en el Ayuntamiento de Lorca. Lorca, 6 de [&hellip;]\" \/>\n<meta property=\"og:url\" content=\"https:\/\/arealorcaradio.es\/index.php\/2025\/11\/06\/la-unidad-de-control-del-padron-detecta-nuevas-irregularidades-y-alcanza-los-267-000-euros-en-multas-desde-su-puesta-en-marcha\/\" \/>\n<meta property=\"og:site_name\" content=\"AREA LORCA RADIO\" \/>\n<meta property=\"article:published_time\" content=\"2025-11-06T16:38:23+00:00\" \/>\n<meta property=\"article:modified_time\" content=\"2025-11-06T16:39:22+00:00\" \/>\n<meta property=\"og:image\" content=\"https:\/\/arealorcaradio.es\/wp-content\/uploads\/2025\/11\/FOTO3-44.jpeg\" \/>\n\t<meta property=\"og:image:width\" content=\"1600\" \/>\n\t<meta property=\"og:image:height\" content=\"1200\" \/>\n\t<meta property=\"og:image:type\" content=\"image\/jpeg\" \/>\n<meta name=\"author\" content=\"Paco S\u00e1nchez\" \/>\n<meta name=\"twitter:card\" content=\"summary_large_image\" \/>\n<meta name=\"twitter:label1\" content=\"Escrito por\" \/>\n\t<meta name=\"twitter:data1\" content=\"Paco S\u00e1nchez\" \/>\n\t<meta name=\"twitter:label2\" content=\"Tiempo de lectura\" \/>\n\t<meta name=\"twitter:data2\" content=\"6 minutos\" \/>\n<script type=\"application\/ld+json\" class=\"yoast-schema-graph\">{\"@context\":\"https:\\\/\\\/schema.org\",\"@graph\":[{\"@type\":\"Article\",\"@id\":\"https:\\\/\\\/arealorcaradio.es\\\/index.php\\\/2025\\\/11\\\/06\\\/la-unidad-de-control-del-padron-detecta-nuevas-irregularidades-y-alcanza-los-267-000-euros-en-multas-desde-su-puesta-en-marcha\\\/#article\",\"isPartOf\":{\"@id\":\"https:\\\/\\\/arealorcaradio.es\\\/index.php\\\/2025\\\/11\\\/06\\\/la-unidad-de-control-del-padron-detecta-nuevas-irregularidades-y-alcanza-los-267-000-euros-en-multas-desde-su-puesta-en-marcha\\\/\"},\"author\":{\"name\":\"Paco S\u00e1nchez\",\"@id\":\"https:\\\/\\\/arealorcaradio.es\\\/#\\\/schema\\\/person\\\/9fae605fc25b0f2c83c1ab207139bd27\"},\"headline\":\"La Unidad de Control del Padr\u00f3n detecta nuevas irregularidades y alcanza los 267.000 euros en multas desde su puesta en marcha\",\"datePublished\":\"2025-11-06T16:38:23+00:00\",\"dateModified\":\"2025-11-06T16:39:22+00:00\",\"mainEntityOfPage\":{\"@id\":\"https:\\\/\\\/arealorcaradio.es\\\/index.php\\\/2025\\\/11\\\/06\\\/la-unidad-de-control-del-padron-detecta-nuevas-irregularidades-y-alcanza-los-267-000-euros-en-multas-desde-su-puesta-en-marcha\\\/\"},\"wordCount\":1141,\"commentCount\":0,\"image\":{\"@id\":\"https:\\\/\\\/arealorcaradio.es\\\/index.php\\\/2025\\\/11\\\/06\\\/la-unidad-de-control-del-padron-detecta-nuevas-irregularidades-y-alcanza-los-267-000-euros-en-multas-desde-su-puesta-en-marcha\\\/#primaryimage\"},\"thumbnailUrl\":\"https:\\\/\\\/arealorcaradio.es\\\/wp-content\\\/uploads\\\/2025\\\/11\\\/FOTO3-44.jpeg\",\"articleSection\":[\"ACTUALIDAD\",\"LORCA\"],\"inLanguage\":\"es\",\"potentialAction\":[{\"@type\":\"CommentAction\",\"name\":\"Comment\",\"target\":[\"https:\\\/\\\/arealorcaradio.es\\\/index.php\\\/2025\\\/11\\\/06\\\/la-unidad-de-control-del-padron-detecta-nuevas-irregularidades-y-alcanza-los-267-000-euros-en-multas-desde-su-puesta-en-marcha\\\/#respond\"]}]},{\"@type\":\"WebPage\",\"@id\":\"https:\\\/\\\/arealorcaradio.es\\\/index.php\\\/2025\\\/11\\\/06\\\/la-unidad-de-control-del-padron-detecta-nuevas-irregularidades-y-alcanza-los-267-000-euros-en-multas-desde-su-puesta-en-marcha\\\/\",\"url\":\"https:\\\/\\\/arealorcaradio.es\\\/index.php\\\/2025\\\/11\\\/06\\\/la-unidad-de-control-del-padron-detecta-nuevas-irregularidades-y-alcanza-los-267-000-euros-en-multas-desde-su-puesta-en-marcha\\\/\",\"name\":\"La Unidad de Control del Padr\u00f3n detecta nuevas irregularidades y alcanza los 267.000 euros en multas desde su puesta en marcha - AREA LORCA RADIO\",\"isPartOf\":{\"@id\":\"https:\\\/\\\/arealorcaradio.es\\\/#website\"},\"primaryImageOfPage\":{\"@id\":\"https:\\\/\\\/arealorcaradio.es\\\/index.php\\\/2025\\\/11\\\/06\\\/la-unidad-de-control-del-padron-detecta-nuevas-irregularidades-y-alcanza-los-267-000-euros-en-multas-desde-su-puesta-en-marcha\\\/#primaryimage\"},\"image\":{\"@id\":\"https:\\\/\\\/arealorcaradio.es\\\/index.php\\\/2025\\\/11\\\/06\\\/la-unidad-de-control-del-padron-detecta-nuevas-irregularidades-y-alcanza-los-267-000-euros-en-multas-desde-su-puesta-en-marcha\\\/#primaryimage\"},\"thumbnailUrl\":\"https:\\\/\\\/arealorcaradio.es\\\/wp-content\\\/uploads\\\/2025\\\/11\\\/FOTO3-44.jpeg\",\"datePublished\":\"2025-11-06T16:38:23+00:00\",\"dateModified\":\"2025-11-06T16:39:22+00:00\",\"author\":{\"@id\":\"https:\\\/\\\/arealorcaradio.es\\\/#\\\/schema\\\/person\\\/9fae605fc25b0f2c83c1ab207139bd27\"},\"breadcrumb\":{\"@id\":\"https:\\\/\\\/arealorcaradio.es\\\/index.php\\\/2025\\\/11\\\/06\\\/la-unidad-de-control-del-padron-detecta-nuevas-irregularidades-y-alcanza-los-267-000-euros-en-multas-desde-su-puesta-en-marcha\\\/#breadcrumb\"},\"inLanguage\":\"es\",\"potentialAction\":[{\"@type\":\"ReadAction\",\"target\":[\"https:\\\/\\\/arealorcaradio.es\\\/index.php\\\/2025\\\/11\\\/06\\\/la-unidad-de-control-del-padron-detecta-nuevas-irregularidades-y-alcanza-los-267-000-euros-en-multas-desde-su-puesta-en-marcha\\\/\"]}]},{\"@type\":\"ImageObject\",\"inLanguage\":\"es\",\"@id\":\"https:\\\/\\\/arealorcaradio.es\\\/index.php\\\/2025\\\/11\\\/06\\\/la-unidad-de-control-del-padron-detecta-nuevas-irregularidades-y-alcanza-los-267-000-euros-en-multas-desde-su-puesta-en-marcha\\\/#primaryimage\",\"url\":\"https:\\\/\\\/arealorcaradio.es\\\/wp-content\\\/uploads\\\/2025\\\/11\\\/FOTO3-44.jpeg\",\"contentUrl\":\"https:\\\/\\\/arealorcaradio.es\\\/wp-content\\\/uploads\\\/2025\\\/11\\\/FOTO3-44.jpeg\",\"width\":1600,\"height\":1200},{\"@type\":\"BreadcrumbList\",\"@id\":\"https:\\\/\\\/arealorcaradio.es\\\/index.php\\\/2025\\\/11\\\/06\\\/la-unidad-de-control-del-padron-detecta-nuevas-irregularidades-y-alcanza-los-267-000-euros-en-multas-desde-su-puesta-en-marcha\\\/#breadcrumb\",\"itemListElement\":[{\"@type\":\"ListItem\",\"position\":1,\"name\":\"Portada\",\"item\":\"https:\\\/\\\/arealorcaradio.es\\\/\"},{\"@type\":\"ListItem\",\"position\":2,\"name\":\"La Unidad de Control del Padr\u00f3n detecta nuevas irregularidades y alcanza los 267.000 euros en multas desde su puesta en marcha\"}]},{\"@type\":\"WebSite\",\"@id\":\"https:\\\/\\\/arealorcaradio.es\\\/#website\",\"url\":\"https:\\\/\\\/arealorcaradio.es\\\/\",\"name\":\"AREA LORCA RADIO\",\"description\":\"Descubre la programaci\u00f3n actual en \u00c1rea Lorca Radio, tu fuente de entrenamiento y noticias locales. Sintoniza ahora y mantente conectado online.\",\"potentialAction\":[{\"@type\":\"SearchAction\",\"target\":{\"@type\":\"EntryPoint\",\"urlTemplate\":\"https:\\\/\\\/arealorcaradio.es\\\/?s={search_term_string}\"},\"query-input\":{\"@type\":\"PropertyValueSpecification\",\"valueRequired\":true,\"valueName\":\"search_term_string\"}}],\"inLanguage\":\"es\"},{\"@type\":\"Person\",\"@id\":\"https:\\\/\\\/arealorcaradio.es\\\/#\\\/schema\\\/person\\\/9fae605fc25b0f2c83c1ab207139bd27\",\"name\":\"Paco S\u00e1nchez\",\"image\":{\"@type\":\"ImageObject\",\"inLanguage\":\"es\",\"@id\":\"https:\\\/\\\/secure.gravatar.com\\\/avatar\\\/d67144e966420fb74aa84c9f2a0103be4724fd14db52b52d3b6bca749f257e79?s=96&d=mm&r=g\",\"url\":\"https:\\\/\\\/secure.gravatar.com\\\/avatar\\\/d67144e966420fb74aa84c9f2a0103be4724fd14db52b52d3b6bca749f257e79?s=96&d=mm&r=g\",\"contentUrl\":\"https:\\\/\\\/secure.gravatar.com\\\/avatar\\\/d67144e966420fb74aa84c9f2a0103be4724fd14db52b52d3b6bca749f257e79?s=96&d=mm&r=g\",\"caption\":\"Paco S\u00e1nchez\"},\"sameAs\":[\"https:\\\/\\\/arealorcaradio.es\"],\"url\":\"https:\\\/\\\/arealorcaradio.es\\\/index.php\\\/author\\\/admin_alorcaradio\\\/\"}]}<\/script>\n<!-- \/ Yoast SEO plugin. -->","yoast_head_json":{"title":"La Unidad de Control del Padr\u00f3n detecta nuevas irregularidades y alcanza los 267.000 euros en multas desde su puesta en marcha - AREA LORCA RADIO","robots":{"index":"index","follow":"follow","max-snippet":"max-snippet:-1","max-image-preview":"max-image-preview:large","max-video-preview":"max-video-preview:-1"},"canonical":"https:\/\/arealorcaradio.es\/index.php\/2025\/11\/06\/la-unidad-de-control-del-padron-detecta-nuevas-irregularidades-y-alcanza-los-267-000-euros-en-multas-desde-su-puesta-en-marcha\/","og_locale":"es_ES","og_type":"article","og_title":"La Unidad de Control del Padr\u00f3n detecta nuevas irregularidades y alcanza los 267.000 euros en multas desde su puesta en marcha - AREA LORCA RADIO","og_description":"\u00c1REA LORCA RADIO. Actualidad. Escucha aqu\u00ed la intervenci\u00f3n de la edil del Padr\u00f3n, Bel\u00e9n P\u00e9rez, en el programa magazine de \u00c1rea Lorca Radio, donde ha contado a Paco S\u00e1nchez y oyentes todas las medidas que se est\u00e1n llevando a cabo desde la Unidad de Control del Padr\u00f3n en el Ayuntamiento de Lorca. Lorca, 6 de [&hellip;]","og_url":"https:\/\/arealorcaradio.es\/index.php\/2025\/11\/06\/la-unidad-de-control-del-padron-detecta-nuevas-irregularidades-y-alcanza-los-267-000-euros-en-multas-desde-su-puesta-en-marcha\/","og_site_name":"AREA LORCA RADIO","article_published_time":"2025-11-06T16:38:23+00:00","article_modified_time":"2025-11-06T16:39:22+00:00","og_image":[{"width":1600,"height":1200,"url":"https:\/\/arealorcaradio.es\/wp-content\/uploads\/2025\/11\/FOTO3-44.jpeg","type":"image\/jpeg"}],"author":"Paco S\u00e1nchez","twitter_card":"summary_large_image","twitter_misc":{"Escrito por":"Paco S\u00e1nchez","Tiempo de lectura":"6 minutos"},"schema":{"@context":"https:\/\/schema.org","@graph":[{"@type":"Article","@id":"https:\/\/arealorcaradio.es\/index.php\/2025\/11\/06\/la-unidad-de-control-del-padron-detecta-nuevas-irregularidades-y-alcanza-los-267-000-euros-en-multas-desde-su-puesta-en-marcha\/#article","isPartOf":{"@id":"https:\/\/arealorcaradio.es\/index.php\/2025\/11\/06\/la-unidad-de-control-del-padron-detecta-nuevas-irregularidades-y-alcanza-los-267-000-euros-en-multas-desde-su-puesta-en-marcha\/"},"author":{"name":"Paco S\u00e1nchez","@id":"https:\/\/arealorcaradio.es\/#\/schema\/person\/9fae605fc25b0f2c83c1ab207139bd27"},"headline":"La Unidad de Control del Padr\u00f3n detecta nuevas irregularidades y alcanza los 267.000 euros en multas desde su puesta en marcha","datePublished":"2025-11-06T16:38:23+00:00","dateModified":"2025-11-06T16:39:22+00:00","mainEntityOfPage":{"@id":"https:\/\/arealorcaradio.es\/index.php\/2025\/11\/06\/la-unidad-de-control-del-padron-detecta-nuevas-irregularidades-y-alcanza-los-267-000-euros-en-multas-desde-su-puesta-en-marcha\/"},"wordCount":1141,"commentCount":0,"image":{"@id":"https:\/\/arealorcaradio.es\/index.php\/2025\/11\/06\/la-unidad-de-control-del-padron-detecta-nuevas-irregularidades-y-alcanza-los-267-000-euros-en-multas-desde-su-puesta-en-marcha\/#primaryimage"},"thumbnailUrl":"https:\/\/arealorcaradio.es\/wp-content\/uploads\/2025\/11\/FOTO3-44.jpeg","articleSection":["ACTUALIDAD","LORCA"],"inLanguage":"es","potentialAction":[{"@type":"CommentAction","name":"Comment","target":["https:\/\/arealorcaradio.es\/index.php\/2025\/11\/06\/la-unidad-de-control-del-padron-detecta-nuevas-irregularidades-y-alcanza-los-267-000-euros-en-multas-desde-su-puesta-en-marcha\/#respond"]}]},{"@type":"WebPage","@id":"https:\/\/arealorcaradio.es\/index.php\/2025\/11\/06\/la-unidad-de-control-del-padron-detecta-nuevas-irregularidades-y-alcanza-los-267-000-euros-en-multas-desde-su-puesta-en-marcha\/","url":"https:\/\/arealorcaradio.es\/index.php\/2025\/11\/06\/la-unidad-de-control-del-padron-detecta-nuevas-irregularidades-y-alcanza-los-267-000-euros-en-multas-desde-su-puesta-en-marcha\/","name":"La Unidad de Control del Padr\u00f3n detecta nuevas irregularidades y alcanza los 267.000 euros en multas desde su puesta en marcha - AREA LORCA RADIO","isPartOf":{"@id":"https:\/\/arealorcaradio.es\/#website"},"primaryImageOfPage":{"@id":"https:\/\/arealorcaradio.es\/index.php\/2025\/11\/06\/la-unidad-de-control-del-padron-detecta-nuevas-irregularidades-y-alcanza-los-267-000-euros-en-multas-desde-su-puesta-en-marcha\/#primaryimage"},"image":{"@id":"https:\/\/arealorcaradio.es\/index.php\/2025\/11\/06\/la-unidad-de-control-del-padron-detecta-nuevas-irregularidades-y-alcanza-los-267-000-euros-en-multas-desde-su-puesta-en-marcha\/#primaryimage"},"thumbnailUrl":"https:\/\/arealorcaradio.es\/wp-content\/uploads\/2025\/11\/FOTO3-44.jpeg","datePublished":"2025-11-06T16:38:23+00:00","dateModified":"2025-11-06T16:39:22+00:00","author":{"@id":"https:\/\/arealorcaradio.es\/#\/schema\/person\/9fae605fc25b0f2c83c1ab207139bd27"},"breadcrumb":{"@id":"https:\/\/arealorcaradio.es\/index.php\/2025\/11\/06\/la-unidad-de-control-del-padron-detecta-nuevas-irregularidades-y-alcanza-los-267-000-euros-en-multas-desde-su-puesta-en-marcha\/#breadcrumb"},"inLanguage":"es","potentialAction":[{"@type":"ReadAction","target":["https:\/\/arealorcaradio.es\/index.php\/2025\/11\/06\/la-unidad-de-control-del-padron-detecta-nuevas-irregularidades-y-alcanza-los-267-000-euros-en-multas-desde-su-puesta-en-marcha\/"]}]},{"@type":"ImageObject","inLanguage":"es","@id":"https:\/\/arealorcaradio.es\/index.php\/2025\/11\/06\/la-unidad-de-control-del-padron-detecta-nuevas-irregularidades-y-alcanza-los-267-000-euros-en-multas-desde-su-puesta-en-marcha\/#primaryimage","url":"https:\/\/arealorcaradio.es\/wp-content\/uploads\/2025\/11\/FOTO3-44.jpeg","contentUrl":"https:\/\/arealorcaradio.es\/wp-content\/uploads\/2025\/11\/FOTO3-44.jpeg","width":1600,"height":1200},{"@type":"BreadcrumbList","@id":"https:\/\/arealorcaradio.es\/index.php\/2025\/11\/06\/la-unidad-de-control-del-padron-detecta-nuevas-irregularidades-y-alcanza-los-267-000-euros-en-multas-desde-su-puesta-en-marcha\/#breadcrumb","itemListElement":[{"@type":"ListItem","position":1,"name":"Portada","item":"https:\/\/arealorcaradio.es\/"},{"@type":"ListItem","position":2,"name":"La Unidad de Control del Padr\u00f3n detecta nuevas irregularidades y alcanza los 267.000 euros en multas desde su puesta en marcha"}]},{"@type":"WebSite","@id":"https:\/\/arealorcaradio.es\/#website","url":"https:\/\/arealorcaradio.es\/","name":"AREA LORCA RADIO","description":"Descubre la programaci\u00f3n actual en \u00c1rea Lorca Radio, tu fuente de entrenamiento y noticias locales. Sintoniza ahora y mantente conectado online.","potentialAction":[{"@type":"SearchAction","target":{"@type":"EntryPoint","urlTemplate":"https:\/\/arealorcaradio.es\/?s={search_term_string}"},"query-input":{"@type":"PropertyValueSpecification","valueRequired":true,"valueName":"search_term_string"}}],"inLanguage":"es"},{"@type":"Person","@id":"https:\/\/arealorcaradio.es\/#\/schema\/person\/9fae605fc25b0f2c83c1ab207139bd27","name":"Paco S\u00e1nchez","image":{"@type":"ImageObject","inLanguage":"es","@id":"https:\/\/secure.gravatar.com\/avatar\/d67144e966420fb74aa84c9f2a0103be4724fd14db52b52d3b6bca749f257e79?s=96&d=mm&r=g","url":"https:\/\/secure.gravatar.com\/avatar\/d67144e966420fb74aa84c9f2a0103be4724fd14db52b52d3b6bca749f257e79?s=96&d=mm&r=g","contentUrl":"https:\/\/secure.gravatar.com\/avatar\/d67144e966420fb74aa84c9f2a0103be4724fd14db52b52d3b6bca749f257e79?s=96&d=mm&r=g","caption":"Paco S\u00e1nchez"},"sameAs":["https:\/\/arealorcaradio.es"],"url":"https:\/\/arealorcaradio.es\/index.php\/author\/admin_alorcaradio\/"}]}},"_links":{"self":[{"href":"https:\/\/arealorcaradio.es\/index.php\/wp-json\/wp\/v2\/posts\/8349","targetHints":{"allow":["GET"]}}],"collection":[{"href":"https:\/\/arealorcaradio.es\/index.php\/wp-json\/wp\/v2\/posts"}],"about":[{"href":"https:\/\/arealorcaradio.es\/index.php\/wp-json\/wp\/v2\/types\/post"}],"author":[{"embeddable":true,"href":"https:\/\/arealorcaradio.es\/index.php\/wp-json\/wp\/v2\/users\/1"}],"replies":[{"embeddable":true,"href":"https:\/\/arealorcaradio.es\/index.php\/wp-json\/wp\/v2\/comments?post=8349"}],"version-history":[{"count":3,"href":"https:\/\/arealorcaradio.es\/index.php\/wp-json\/wp\/v2\/posts\/8349\/revisions"}],"predecessor-version":[{"id":8357,"href":"https:\/\/arealorcaradio.es\/index.php\/wp-json\/wp\/v2\/posts\/8349\/revisions\/8357"}],"wp:featuredmedia":[{"embeddable":true,"href":"https:\/\/arealorcaradio.es\/index.php\/wp-json\/wp\/v2\/media\/8353"}],"wp:attachment":[{"href":"https:\/\/arealorcaradio.es\/index.php\/wp-json\/wp\/v2\/media?parent=8349"}],"wp:term":[{"taxonomy":"category","embeddable":true,"href":"https:\/\/arealorcaradio.es\/index.php\/wp-json\/wp\/v2\/categories?post=8349"},{"taxonomy":"post_tag","embeddable":true,"href":"https:\/\/arealorcaradio.es\/index.php\/wp-json\/wp\/v2\/tags?post=8349"}],"curies":[{"name":"wp","href":"https:\/\/api.w.org\/{rel}","templated":true}]}}