{"id":8329,"date":"2025-11-05T17:44:55","date_gmt":"2025-11-05T17:44:55","guid":{"rendered":"https:\/\/arealorcaradio.es\/?p=8329"},"modified":"2025-11-05T17:44:55","modified_gmt":"2025-11-05T17:44:55","slug":"pablo-segura-demuestra-su-velocidad-mundial-en-las-iame-world-finals-de-valencia","status":"publish","type":"post","link":"https:\/\/arealorcaradio.es\/index.php\/2025\/11\/05\/pablo-segura-demuestra-su-velocidad-mundial-en-las-iame-world-finals-de-valencia\/","title":{"rendered":"Pablo Segura demuestra su velocidad mundial en las IAME World Finals de Valencia"},"content":{"rendered":"<p><strong>\u00c1REA LORCA RADIO. Deportes.\u00a0<\/strong><\/p>\n<p>Escucha aqu\u00ed la entrevista que ha concedido Pablo Segura a Paco S\u00e1nchez en el programa deportivo de \u00c1rea Lorca Radio.<\/p>\n<audio class=\"wp-audio-shortcode\" id=\"audio-8329-1\" preload=\"none\" style=\"width: 100%;\" controls=\"controls\"><source type=\"audio\/mpeg\" src=\"https:\/\/arealorcaradio.es\/wp-content\/uploads\/2025\/11\/051125-PABLO-SEGURA.-PILOTO-OK.mp3?_=1\" \/><a href=\"https:\/\/arealorcaradio.es\/wp-content\/uploads\/2025\/11\/051125-PABLO-SEGURA.-PILOTO-OK.mp3\">https:\/\/arealorcaradio.es\/wp-content\/uploads\/2025\/11\/051125-PABLO-SEGURA.-PILOTO-OK.mp3<\/a><\/audio>\n<p>&nbsp;<\/p>\n<p><b><img loading=\"lazy\" decoding=\"async\" class=\"alignnone wp-image-8330\" src=\"https:\/\/arealorcaradio.es\/wp-content\/uploads\/2025\/11\/20251105_164645-300x225.jpg\" alt=\"\" width=\"268\" height=\"201\" srcset=\"https:\/\/arealorcaradio.es\/wp-content\/uploads\/2025\/11\/20251105_164645-300x225.jpg 300w, https:\/\/arealorcaradio.es\/wp-content\/uploads\/2025\/11\/20251105_164645-1024x768.jpg 1024w, https:\/\/arealorcaradio.es\/wp-content\/uploads\/2025\/11\/20251105_164645-768x576.jpg 768w, https:\/\/arealorcaradio.es\/wp-content\/uploads\/2025\/11\/20251105_164645-1536x1152.jpg 1536w, https:\/\/arealorcaradio.es\/wp-content\/uploads\/2025\/11\/20251105_164645-2048x1536.jpg 2048w, https:\/\/arealorcaradio.es\/wp-content\/uploads\/2025\/11\/20251105_164645-86x64.jpg 86w\" sizes=\"auto, (max-width: 268px) 100vw, 268px\" \/> <img loading=\"lazy\" decoding=\"async\" class=\"alignnone wp-image-8332\" src=\"https:\/\/arealorcaradio.es\/wp-content\/uploads\/2025\/11\/ft8700000541_5-300x200.jpg\" alt=\"\" width=\"302\" height=\"201\" srcset=\"https:\/\/arealorcaradio.es\/wp-content\/uploads\/2025\/11\/ft8700000541_5-300x200.jpg 300w, https:\/\/arealorcaradio.es\/wp-content\/uploads\/2025\/11\/ft8700000541_5-1024x683.jpg 1024w, https:\/\/arealorcaradio.es\/wp-content\/uploads\/2025\/11\/ft8700000541_5-768x512.jpg 768w, https:\/\/arealorcaradio.es\/wp-content\/uploads\/2025\/11\/ft8700000541_5-1536x1024.jpg 1536w, https:\/\/arealorcaradio.es\/wp-content\/uploads\/2025\/11\/ft8700000541_5.jpg 1819w\" sizes=\"auto, (max-width: 302px) 100vw, 302px\" \/><\/b><\/p>\n<p><b>Lorca<\/b><strong> 5 de noviembre de 2025. <\/strong>\u00a0El piloto lorquino Pablo Segura ha dejado una huella de su velocidad y tenacidad en las IAME World Finals (IWF) 2025.<\/p>\n<p>La prestigiosa cita mundial de IAME Motorsport, celebrada en Valencia del 27 de octubre al 1 de noviembre, ha servido para confirmar el alt\u00edsimo nivel del murciano.<\/p>\n<p>Aunque el resultado num\u00e9rico final (55\u00ba) no refleja el potencial exhibido, el piloto del Kal\u00ec Kart Racing by Jorge Pescador demostr\u00f3 durante toda la semana estar a la altura de los mejores, rodando constantemente en el Top 15.<\/p>\n<p>El punto \u00e1lgido de la semana lleg\u00f3 en la sesi\u00f3n de clasificaci\u00f3n (&#8216;crono&#8217;). Sobre una parrilla de 108 pilotos de todo el mundo, Pablo Segura marc\u00f3 el 14\u00ba mejor tiempo absoluto de toda la competici\u00f3n. Este registro, que le situ\u00f3 como el segundo mejor espa\u00f1ol de la parrilla, le dej\u00f3 a tan solo dos d\u00e9cimas del l\u00edder, confirmando las \u00abbuenas sensaciones\u00bb con las que llegaba el equipo.<\/p>\n<p>Incluso tras los contratiempos, el lorquino demostr\u00f3 su capacidad de lucha y su ritmo real en la pista. El viernes, tras un intenso trabajo del equipo y del psic\u00f3logo deportivo, Segura protagoniz\u00f3 una gran remontada en las mangas, firmando dos carreras espectaculares: un 9\u00ba y un 7\u00ba puesto, luchando de t\u00fa a t\u00fa en el grupo de cabeza.<\/p>\n<p><strong>La mala fortuna impide un resultado brillante<\/strong><\/p>\n<p>La progresi\u00f3n del piloto se vio truncada por la mala fortuna en momentos clave. En la primera manga clasificatoria, un fuerte golpe le provoc\u00f3 un vuelco, dej\u00e1ndole con un \u00abcero\u00bb que lastr\u00f3 su clasificaci\u00f3n general.<\/p>\n<p>Posteriormente, tras lograr clasificarse para la Super Heat (reservada a los 72 mejores), la suerte le fue de nuevo esquiva. Un impacto inevitable contra un kart parado en mitad de una chicane le provoc\u00f3 la rotura del chasis, poniendo fin a sus opciones.<\/p>\n<p>El equipo se va de Valencia con un \u00absabor agridulce\u00bb, pero con la certeza de que el ritmo para estar en el Top 15 mundial es real. Como se destaca desde el entorno del piloto: \u00absi la suerte hubiera acompa\u00f1ado, hubi\u00e9ramos tenido un muy buen resultado\u00bb.<\/p>\n","protected":false},"excerpt":{"rendered":"<p>\u00c1REA LORCA RADIO. Deportes.\u00a0 Escucha aqu\u00ed la entrevista que ha concedido Pablo Segura a Paco S\u00e1nchez en el programa deportivo de \u00c1rea Lorca Radio. &nbsp; Lorca 5 de noviembre de 2025. \u00a0El piloto lorquino Pablo Segura ha dejado una huella de su velocidad y tenacidad en las IAME World Finals (IWF) 2025. La prestigiosa cita [&hellip;]<\/p>\n","protected":false},"author":1,"featured_media":8331,"comment_status":"open","ping_status":"open","sticky":false,"template":"","format":"standard","meta":{"iawp_total_views":32,"footnotes":""},"categories":[4,7],"tags":[],"class_list":["post-8329","post","type-post","status-publish","format-standard","has-post-thumbnail","hentry","category-deportes","category-lorca"],"yoast_head":"<!-- This site is optimized with the Yoast SEO plugin v27.5 - https:\/\/yoast.com\/product\/yoast-seo-wordpress\/ -->\n<title>Pablo Segura demuestra su velocidad mundial en las IAME World Finals de Valencia - AREA LORCA RADIO<\/title>\n<meta name=\"robots\" content=\"index, follow, max-snippet:-1, max-image-preview:large, max-video-preview:-1\" \/>\n<link rel=\"canonical\" href=\"https:\/\/arealorcaradio.es\/index.php\/2025\/11\/05\/pablo-segura-demuestra-su-velocidad-mundial-en-las-iame-world-finals-de-valencia\/\" \/>\n<meta property=\"og:locale\" content=\"es_ES\" \/>\n<meta property=\"og:type\" content=\"article\" \/>\n<meta property=\"og:title\" content=\"Pablo Segura demuestra su velocidad mundial en las IAME World Finals de Valencia - AREA LORCA RADIO\" \/>\n<meta property=\"og:description\" content=\"\u00c1REA LORCA RADIO. Deportes.\u00a0 Escucha aqu\u00ed la entrevista que ha concedido Pablo Segura a Paco S\u00e1nchez en el programa deportivo de \u00c1rea Lorca Radio. &nbsp; Lorca 5 de noviembre de 2025. \u00a0El piloto lorquino Pablo Segura ha dejado una huella de su velocidad y tenacidad en las IAME World Finals (IWF) 2025. La prestigiosa cita [&hellip;]\" \/>\n<meta property=\"og:url\" content=\"https:\/\/arealorcaradio.es\/index.php\/2025\/11\/05\/pablo-segura-demuestra-su-velocidad-mundial-en-las-iame-world-finals-de-valencia\/\" \/>\n<meta property=\"og:site_name\" content=\"AREA LORCA RADIO\" \/>\n<meta property=\"article:published_time\" content=\"2025-11-05T17:44:55+00:00\" \/>\n<meta property=\"og:image\" content=\"https:\/\/arealorcaradio.es\/wp-content\/uploads\/2025\/11\/ft33700000541_4.jpg\" \/>\n\t<meta property=\"og:image:width\" content=\"1772\" \/>\n\t<meta property=\"og:image:height\" content=\"1181\" \/>\n\t<meta property=\"og:image:type\" content=\"image\/jpeg\" \/>\n<meta name=\"author\" content=\"Paco S\u00e1nchez\" \/>\n<meta name=\"twitter:card\" content=\"summary_large_image\" \/>\n<meta name=\"twitter:label1\" content=\"Escrito por\" \/>\n\t<meta name=\"twitter:data1\" content=\"Paco S\u00e1nchez\" \/>\n\t<meta name=\"twitter:label2\" content=\"Tiempo de lectura\" \/>\n\t<meta name=\"twitter:data2\" content=\"3 minutos\" \/>\n<script type=\"application\/ld+json\" class=\"yoast-schema-graph\">{\"@context\":\"https:\\\/\\\/schema.org\",\"@graph\":[{\"@type\":\"Article\",\"@id\":\"https:\\\/\\\/arealorcaradio.es\\\/index.php\\\/2025\\\/11\\\/05\\\/pablo-segura-demuestra-su-velocidad-mundial-en-las-iame-world-finals-de-valencia\\\/#article\",\"isPartOf\":{\"@id\":\"https:\\\/\\\/arealorcaradio.es\\\/index.php\\\/2025\\\/11\\\/05\\\/pablo-segura-demuestra-su-velocidad-mundial-en-las-iame-world-finals-de-valencia\\\/\"},\"author\":{\"name\":\"Paco S\u00e1nchez\",\"@id\":\"https:\\\/\\\/arealorcaradio.es\\\/#\\\/schema\\\/person\\\/9fae605fc25b0f2c83c1ab207139bd27\"},\"headline\":\"Pablo Segura demuestra su velocidad mundial en las IAME World Finals de Valencia\",\"datePublished\":\"2025-11-05T17:44:55+00:00\",\"mainEntityOfPage\":{\"@id\":\"https:\\\/\\\/arealorcaradio.es\\\/index.php\\\/2025\\\/11\\\/05\\\/pablo-segura-demuestra-su-velocidad-mundial-en-las-iame-world-finals-de-valencia\\\/\"},\"wordCount\":399,\"commentCount\":0,\"image\":{\"@id\":\"https:\\\/\\\/arealorcaradio.es\\\/index.php\\\/2025\\\/11\\\/05\\\/pablo-segura-demuestra-su-velocidad-mundial-en-las-iame-world-finals-de-valencia\\\/#primaryimage\"},\"thumbnailUrl\":\"https:\\\/\\\/arealorcaradio.es\\\/wp-content\\\/uploads\\\/2025\\\/11\\\/ft33700000541_4.jpg\",\"articleSection\":[\"DEPORTES\",\"LORCA\"],\"inLanguage\":\"es\",\"potentialAction\":[{\"@type\":\"CommentAction\",\"name\":\"Comment\",\"target\":[\"https:\\\/\\\/arealorcaradio.es\\\/index.php\\\/2025\\\/11\\\/05\\\/pablo-segura-demuestra-su-velocidad-mundial-en-las-iame-world-finals-de-valencia\\\/#respond\"]}]},{\"@type\":\"WebPage\",\"@id\":\"https:\\\/\\\/arealorcaradio.es\\\/index.php\\\/2025\\\/11\\\/05\\\/pablo-segura-demuestra-su-velocidad-mundial-en-las-iame-world-finals-de-valencia\\\/\",\"url\":\"https:\\\/\\\/arealorcaradio.es\\\/index.php\\\/2025\\\/11\\\/05\\\/pablo-segura-demuestra-su-velocidad-mundial-en-las-iame-world-finals-de-valencia\\\/\",\"name\":\"Pablo Segura demuestra su velocidad mundial en las IAME World Finals de Valencia - AREA LORCA RADIO\",\"isPartOf\":{\"@id\":\"https:\\\/\\\/arealorcaradio.es\\\/#website\"},\"primaryImageOfPage\":{\"@id\":\"https:\\\/\\\/arealorcaradio.es\\\/index.php\\\/2025\\\/11\\\/05\\\/pablo-segura-demuestra-su-velocidad-mundial-en-las-iame-world-finals-de-valencia\\\/#primaryimage\"},\"image\":{\"@id\":\"https:\\\/\\\/arealorcaradio.es\\\/index.php\\\/2025\\\/11\\\/05\\\/pablo-segura-demuestra-su-velocidad-mundial-en-las-iame-world-finals-de-valencia\\\/#primaryimage\"},\"thumbnailUrl\":\"https:\\\/\\\/arealorcaradio.es\\\/wp-content\\\/uploads\\\/2025\\\/11\\\/ft33700000541_4.jpg\",\"datePublished\":\"2025-11-05T17:44:55+00:00\",\"author\":{\"@id\":\"https:\\\/\\\/arealorcaradio.es\\\/#\\\/schema\\\/person\\\/9fae605fc25b0f2c83c1ab207139bd27\"},\"breadcrumb\":{\"@id\":\"https:\\\/\\\/arealorcaradio.es\\\/index.php\\\/2025\\\/11\\\/05\\\/pablo-segura-demuestra-su-velocidad-mundial-en-las-iame-world-finals-de-valencia\\\/#breadcrumb\"},\"inLanguage\":\"es\",\"potentialAction\":[{\"@type\":\"ReadAction\",\"target\":[\"https:\\\/\\\/arealorcaradio.es\\\/index.php\\\/2025\\\/11\\\/05\\\/pablo-segura-demuestra-su-velocidad-mundial-en-las-iame-world-finals-de-valencia\\\/\"]}]},{\"@type\":\"ImageObject\",\"inLanguage\":\"es\",\"@id\":\"https:\\\/\\\/arealorcaradio.es\\\/index.php\\\/2025\\\/11\\\/05\\\/pablo-segura-demuestra-su-velocidad-mundial-en-las-iame-world-finals-de-valencia\\\/#primaryimage\",\"url\":\"https:\\\/\\\/arealorcaradio.es\\\/wp-content\\\/uploads\\\/2025\\\/11\\\/ft33700000541_4.jpg\",\"contentUrl\":\"https:\\\/\\\/arealorcaradio.es\\\/wp-content\\\/uploads\\\/2025\\\/11\\\/ft33700000541_4.jpg\",\"width\":1772,\"height\":1181},{\"@type\":\"BreadcrumbList\",\"@id\":\"https:\\\/\\\/arealorcaradio.es\\\/index.php\\\/2025\\\/11\\\/05\\\/pablo-segura-demuestra-su-velocidad-mundial-en-las-iame-world-finals-de-valencia\\\/#breadcrumb\",\"itemListElement\":[{\"@type\":\"ListItem\",\"position\":1,\"name\":\"Portada\",\"item\":\"https:\\\/\\\/arealorcaradio.es\\\/\"},{\"@type\":\"ListItem\",\"position\":2,\"name\":\"Pablo Segura demuestra su velocidad mundial en las IAME World Finals de Valencia\"}]},{\"@type\":\"WebSite\",\"@id\":\"https:\\\/\\\/arealorcaradio.es\\\/#website\",\"url\":\"https:\\\/\\\/arealorcaradio.es\\\/\",\"name\":\"AREA LORCA RADIO\",\"description\":\"Descubre la programaci\u00f3n actual en \u00c1rea Lorca Radio, tu fuente de entrenamiento y noticias locales. Sintoniza ahora y mantente conectado online.\",\"potentialAction\":[{\"@type\":\"SearchAction\",\"target\":{\"@type\":\"EntryPoint\",\"urlTemplate\":\"https:\\\/\\\/arealorcaradio.es\\\/?s={search_term_string}\"},\"query-input\":{\"@type\":\"PropertyValueSpecification\",\"valueRequired\":true,\"valueName\":\"search_term_string\"}}],\"inLanguage\":\"es\"},{\"@type\":\"Person\",\"@id\":\"https:\\\/\\\/arealorcaradio.es\\\/#\\\/schema\\\/person\\\/9fae605fc25b0f2c83c1ab207139bd27\",\"name\":\"Paco S\u00e1nchez\",\"image\":{\"@type\":\"ImageObject\",\"inLanguage\":\"es\",\"@id\":\"https:\\\/\\\/secure.gravatar.com\\\/avatar\\\/d67144e966420fb74aa84c9f2a0103be4724fd14db52b52d3b6bca749f257e79?s=96&d=mm&r=g\",\"url\":\"https:\\\/\\\/secure.gravatar.com\\\/avatar\\\/d67144e966420fb74aa84c9f2a0103be4724fd14db52b52d3b6bca749f257e79?s=96&d=mm&r=g\",\"contentUrl\":\"https:\\\/\\\/secure.gravatar.com\\\/avatar\\\/d67144e966420fb74aa84c9f2a0103be4724fd14db52b52d3b6bca749f257e79?s=96&d=mm&r=g\",\"caption\":\"Paco S\u00e1nchez\"},\"sameAs\":[\"https:\\\/\\\/arealorcaradio.es\"],\"url\":\"https:\\\/\\\/arealorcaradio.es\\\/index.php\\\/author\\\/admin_alorcaradio\\\/\"}]}<\/script>\n<!-- \/ Yoast SEO plugin. -->","yoast_head_json":{"title":"Pablo Segura demuestra su velocidad mundial en las IAME World Finals de Valencia - AREA LORCA RADIO","robots":{"index":"index","follow":"follow","max-snippet":"max-snippet:-1","max-image-preview":"max-image-preview:large","max-video-preview":"max-video-preview:-1"},"canonical":"https:\/\/arealorcaradio.es\/index.php\/2025\/11\/05\/pablo-segura-demuestra-su-velocidad-mundial-en-las-iame-world-finals-de-valencia\/","og_locale":"es_ES","og_type":"article","og_title":"Pablo Segura demuestra su velocidad mundial en las IAME World Finals de Valencia - AREA LORCA RADIO","og_description":"\u00c1REA LORCA RADIO. Deportes.\u00a0 Escucha aqu\u00ed la entrevista que ha concedido Pablo Segura a Paco S\u00e1nchez en el programa deportivo de \u00c1rea Lorca Radio. &nbsp; Lorca 5 de noviembre de 2025. \u00a0El piloto lorquino Pablo Segura ha dejado una huella de su velocidad y tenacidad en las IAME World Finals (IWF) 2025. La prestigiosa cita [&hellip;]","og_url":"https:\/\/arealorcaradio.es\/index.php\/2025\/11\/05\/pablo-segura-demuestra-su-velocidad-mundial-en-las-iame-world-finals-de-valencia\/","og_site_name":"AREA LORCA RADIO","article_published_time":"2025-11-05T17:44:55+00:00","og_image":[{"width":1772,"height":1181,"url":"https:\/\/arealorcaradio.es\/wp-content\/uploads\/2025\/11\/ft33700000541_4.jpg","type":"image\/jpeg"}],"author":"Paco S\u00e1nchez","twitter_card":"summary_large_image","twitter_misc":{"Escrito por":"Paco S\u00e1nchez","Tiempo de lectura":"3 minutos"},"schema":{"@context":"https:\/\/schema.org","@graph":[{"@type":"Article","@id":"https:\/\/arealorcaradio.es\/index.php\/2025\/11\/05\/pablo-segura-demuestra-su-velocidad-mundial-en-las-iame-world-finals-de-valencia\/#article","isPartOf":{"@id":"https:\/\/arealorcaradio.es\/index.php\/2025\/11\/05\/pablo-segura-demuestra-su-velocidad-mundial-en-las-iame-world-finals-de-valencia\/"},"author":{"name":"Paco S\u00e1nchez","@id":"https:\/\/arealorcaradio.es\/#\/schema\/person\/9fae605fc25b0f2c83c1ab207139bd27"},"headline":"Pablo Segura demuestra su velocidad mundial en las IAME World Finals de Valencia","datePublished":"2025-11-05T17:44:55+00:00","mainEntityOfPage":{"@id":"https:\/\/arealorcaradio.es\/index.php\/2025\/11\/05\/pablo-segura-demuestra-su-velocidad-mundial-en-las-iame-world-finals-de-valencia\/"},"wordCount":399,"commentCount":0,"image":{"@id":"https:\/\/arealorcaradio.es\/index.php\/2025\/11\/05\/pablo-segura-demuestra-su-velocidad-mundial-en-las-iame-world-finals-de-valencia\/#primaryimage"},"thumbnailUrl":"https:\/\/arealorcaradio.es\/wp-content\/uploads\/2025\/11\/ft33700000541_4.jpg","articleSection":["DEPORTES","LORCA"],"inLanguage":"es","potentialAction":[{"@type":"CommentAction","name":"Comment","target":["https:\/\/arealorcaradio.es\/index.php\/2025\/11\/05\/pablo-segura-demuestra-su-velocidad-mundial-en-las-iame-world-finals-de-valencia\/#respond"]}]},{"@type":"WebPage","@id":"https:\/\/arealorcaradio.es\/index.php\/2025\/11\/05\/pablo-segura-demuestra-su-velocidad-mundial-en-las-iame-world-finals-de-valencia\/","url":"https:\/\/arealorcaradio.es\/index.php\/2025\/11\/05\/pablo-segura-demuestra-su-velocidad-mundial-en-las-iame-world-finals-de-valencia\/","name":"Pablo Segura demuestra su velocidad mundial en las IAME World Finals de Valencia - AREA LORCA RADIO","isPartOf":{"@id":"https:\/\/arealorcaradio.es\/#website"},"primaryImageOfPage":{"@id":"https:\/\/arealorcaradio.es\/index.php\/2025\/11\/05\/pablo-segura-demuestra-su-velocidad-mundial-en-las-iame-world-finals-de-valencia\/#primaryimage"},"image":{"@id":"https:\/\/arealorcaradio.es\/index.php\/2025\/11\/05\/pablo-segura-demuestra-su-velocidad-mundial-en-las-iame-world-finals-de-valencia\/#primaryimage"},"thumbnailUrl":"https:\/\/arealorcaradio.es\/wp-content\/uploads\/2025\/11\/ft33700000541_4.jpg","datePublished":"2025-11-05T17:44:55+00:00","author":{"@id":"https:\/\/arealorcaradio.es\/#\/schema\/person\/9fae605fc25b0f2c83c1ab207139bd27"},"breadcrumb":{"@id":"https:\/\/arealorcaradio.es\/index.php\/2025\/11\/05\/pablo-segura-demuestra-su-velocidad-mundial-en-las-iame-world-finals-de-valencia\/#breadcrumb"},"inLanguage":"es","potentialAction":[{"@type":"ReadAction","target":["https:\/\/arealorcaradio.es\/index.php\/2025\/11\/05\/pablo-segura-demuestra-su-velocidad-mundial-en-las-iame-world-finals-de-valencia\/"]}]},{"@type":"ImageObject","inLanguage":"es","@id":"https:\/\/arealorcaradio.es\/index.php\/2025\/11\/05\/pablo-segura-demuestra-su-velocidad-mundial-en-las-iame-world-finals-de-valencia\/#primaryimage","url":"https:\/\/arealorcaradio.es\/wp-content\/uploads\/2025\/11\/ft33700000541_4.jpg","contentUrl":"https:\/\/arealorcaradio.es\/wp-content\/uploads\/2025\/11\/ft33700000541_4.jpg","width":1772,"height":1181},{"@type":"BreadcrumbList","@id":"https:\/\/arealorcaradio.es\/index.php\/2025\/11\/05\/pablo-segura-demuestra-su-velocidad-mundial-en-las-iame-world-finals-de-valencia\/#breadcrumb","itemListElement":[{"@type":"ListItem","position":1,"name":"Portada","item":"https:\/\/arealorcaradio.es\/"},{"@type":"ListItem","position":2,"name":"Pablo Segura demuestra su velocidad mundial en las IAME World Finals de Valencia"}]},{"@type":"WebSite","@id":"https:\/\/arealorcaradio.es\/#website","url":"https:\/\/arealorcaradio.es\/","name":"AREA LORCA RADIO","description":"Descubre la programaci\u00f3n actual en \u00c1rea Lorca Radio, tu fuente de entrenamiento y noticias locales. Sintoniza ahora y mantente conectado online.","potentialAction":[{"@type":"SearchAction","target":{"@type":"EntryPoint","urlTemplate":"https:\/\/arealorcaradio.es\/?s={search_term_string}"},"query-input":{"@type":"PropertyValueSpecification","valueRequired":true,"valueName":"search_term_string"}}],"inLanguage":"es"},{"@type":"Person","@id":"https:\/\/arealorcaradio.es\/#\/schema\/person\/9fae605fc25b0f2c83c1ab207139bd27","name":"Paco S\u00e1nchez","image":{"@type":"ImageObject","inLanguage":"es","@id":"https:\/\/secure.gravatar.com\/avatar\/d67144e966420fb74aa84c9f2a0103be4724fd14db52b52d3b6bca749f257e79?s=96&d=mm&r=g","url":"https:\/\/secure.gravatar.com\/avatar\/d67144e966420fb74aa84c9f2a0103be4724fd14db52b52d3b6bca749f257e79?s=96&d=mm&r=g","contentUrl":"https:\/\/secure.gravatar.com\/avatar\/d67144e966420fb74aa84c9f2a0103be4724fd14db52b52d3b6bca749f257e79?s=96&d=mm&r=g","caption":"Paco S\u00e1nchez"},"sameAs":["https:\/\/arealorcaradio.es"],"url":"https:\/\/arealorcaradio.es\/index.php\/author\/admin_alorcaradio\/"}]}},"_links":{"self":[{"href":"https:\/\/arealorcaradio.es\/index.php\/wp-json\/wp\/v2\/posts\/8329","targetHints":{"allow":["GET"]}}],"collection":[{"href":"https:\/\/arealorcaradio.es\/index.php\/wp-json\/wp\/v2\/posts"}],"about":[{"href":"https:\/\/arealorcaradio.es\/index.php\/wp-json\/wp\/v2\/types\/post"}],"author":[{"embeddable":true,"href":"https:\/\/arealorcaradio.es\/index.php\/wp-json\/wp\/v2\/users\/1"}],"replies":[{"embeddable":true,"href":"https:\/\/arealorcaradio.es\/index.php\/wp-json\/wp\/v2\/comments?post=8329"}],"version-history":[{"count":1,"href":"https:\/\/arealorcaradio.es\/index.php\/wp-json\/wp\/v2\/posts\/8329\/revisions"}],"predecessor-version":[{"id":8334,"href":"https:\/\/arealorcaradio.es\/index.php\/wp-json\/wp\/v2\/posts\/8329\/revisions\/8334"}],"wp:featuredmedia":[{"embeddable":true,"href":"https:\/\/arealorcaradio.es\/index.php\/wp-json\/wp\/v2\/media\/8331"}],"wp:attachment":[{"href":"https:\/\/arealorcaradio.es\/index.php\/wp-json\/wp\/v2\/media?parent=8329"}],"wp:term":[{"taxonomy":"category","embeddable":true,"href":"https:\/\/arealorcaradio.es\/index.php\/wp-json\/wp\/v2\/categories?post=8329"},{"taxonomy":"post_tag","embeddable":true,"href":"https:\/\/arealorcaradio.es\/index.php\/wp-json\/wp\/v2\/tags?post=8329"}],"curies":[{"name":"wp","href":"https:\/\/api.w.org\/{rel}","templated":true}]}}