{"id":8308,"date":"2025-11-03T16:56:44","date_gmt":"2025-11-03T16:56:44","guid":{"rendered":"https:\/\/arealorcaradio.es\/?p=8308"},"modified":"2025-11-03T17:13:33","modified_gmt":"2025-11-03T17:13:33","slug":"adri-heredia-es-verdad-que-de-chico-he-jugado-al-futbol-en-la-calle-en-mi-barrio-y-solo-pienso-en-desarrollar-lo-que-llevo-dentro","status":"publish","type":"post","link":"https:\/\/arealorcaradio.es\/index.php\/2025\/11\/03\/adri-heredia-es-verdad-que-de-chico-he-jugado-al-futbol-en-la-calle-en-mi-barrio-y-solo-pienso-en-desarrollar-lo-que-llevo-dentro\/","title":{"rendered":"Adri Heredia: \u00abEs verdad que de chico he jugado al f\u00fatbol en la calle, en mi barrio y solo pienso en desarrollar lo que llevo dentro\u00bb"},"content":{"rendered":"<p><strong>\u00c1REA LORCA RADIO. Deportes.<\/strong><\/p>\n<p>Adri\u00e1n Heredia Pereira, naci\u00f3 en Granada hace 19 a\u00f1os y su desparpajo le ha llevado a jugar en el equipo de Sebas L\u00f3pez. Se inicio en el Ciudad de Granada, donde estuvo hasta los 14 a\u00f1os, cuando pas\u00f3 a formar parte de las bases del Granada CF. En ese club ha jugado en cadetes, juveniles, en el filial en Primera Federaci\u00f3n siendo juvenil, en Segunda Federaci\u00f3n y ahora de nuevo repite en esa categor\u00eda vistiendo la camiseta del Lorca Deportiva.<\/p>\n<p>Escucha aqu\u00ed la entrevista que ha concedido Adri Heredia a Paco S\u00e1nchez en el programa deportivo de \u00c1rea Lorca Radio.<\/p>\n<audio class=\"wp-audio-shortcode\" id=\"audio-8308-1\" preload=\"none\" style=\"width: 100%;\" controls=\"controls\"><source type=\"audio\/mpeg\" src=\"https:\/\/arealorcaradio.es\/wp-content\/uploads\/2025\/11\/031125-ADRI-HEREDIA.-LORCA-DEPORTIVA.mp3?_=1\" \/><a href=\"https:\/\/arealorcaradio.es\/wp-content\/uploads\/2025\/11\/031125-ADRI-HEREDIA.-LORCA-DEPORTIVA.mp3\">https:\/\/arealorcaradio.es\/wp-content\/uploads\/2025\/11\/031125-ADRI-HEREDIA.-LORCA-DEPORTIVA.mp3<\/a><\/audio>\n<p>&nbsp;<\/p>\n<p><img loading=\"lazy\" decoding=\"async\" class=\"alignnone wp-image-8310\" src=\"https:\/\/arealorcaradio.es\/wp-content\/uploads\/2025\/11\/20251103_133721-300x225.jpg\" alt=\"\" width=\"269\" height=\"202\" srcset=\"https:\/\/arealorcaradio.es\/wp-content\/uploads\/2025\/11\/20251103_133721-300x225.jpg 300w, https:\/\/arealorcaradio.es\/wp-content\/uploads\/2025\/11\/20251103_133721-1024x768.jpg 1024w, https:\/\/arealorcaradio.es\/wp-content\/uploads\/2025\/11\/20251103_133721-768x576.jpg 768w, https:\/\/arealorcaradio.es\/wp-content\/uploads\/2025\/11\/20251103_133721-1536x1152.jpg 1536w, https:\/\/arealorcaradio.es\/wp-content\/uploads\/2025\/11\/20251103_133721-2048x1536.jpg 2048w, https:\/\/arealorcaradio.es\/wp-content\/uploads\/2025\/11\/20251103_133721-86x64.jpg 86w\" sizes=\"auto, (max-width: 269px) 100vw, 269px\" \/> <img loading=\"lazy\" decoding=\"async\" class=\"alignnone size-medium wp-image-8312\" src=\"https:\/\/arealorcaradio.es\/wp-content\/uploads\/2025\/11\/IMG-20251103-WA0051-300x200.jpg\" alt=\"\" width=\"300\" height=\"200\" srcset=\"https:\/\/arealorcaradio.es\/wp-content\/uploads\/2025\/11\/IMG-20251103-WA0051-300x200.jpg 300w, https:\/\/arealorcaradio.es\/wp-content\/uploads\/2025\/11\/IMG-20251103-WA0051-1024x683.jpg 1024w, https:\/\/arealorcaradio.es\/wp-content\/uploads\/2025\/11\/IMG-20251103-WA0051-768x512.jpg 768w, https:\/\/arealorcaradio.es\/wp-content\/uploads\/2025\/11\/IMG-20251103-WA0051.jpg 1372w\" sizes=\"auto, (max-width: 300px) 100vw, 300px\" \/> <img loading=\"lazy\" decoding=\"async\" class=\"alignnone size-medium wp-image-8317\" src=\"https:\/\/arealorcaradio.es\/wp-content\/uploads\/2025\/11\/IMG-20251103-WA0050-300x200.jpg\" alt=\"\" width=\"300\" height=\"200\" srcset=\"https:\/\/arealorcaradio.es\/wp-content\/uploads\/2025\/11\/IMG-20251103-WA0050-300x200.jpg 300w, https:\/\/arealorcaradio.es\/wp-content\/uploads\/2025\/11\/IMG-20251103-WA0050-1024x683.jpg 1024w, https:\/\/arealorcaradio.es\/wp-content\/uploads\/2025\/11\/IMG-20251103-WA0050-768x512.jpg 768w, https:\/\/arealorcaradio.es\/wp-content\/uploads\/2025\/11\/IMG-20251103-WA0050.jpg 1483w\" sizes=\"auto, (max-width: 300px) 100vw, 300px\" \/><\/p>\n","protected":false},"excerpt":{"rendered":"<p>\u00c1REA LORCA RADIO. Deportes. Adri\u00e1n Heredia Pereira, naci\u00f3 en Granada hace 19 a\u00f1os y su desparpajo le ha llevado a jugar en el equipo de Sebas L\u00f3pez. Se inicio en el Ciudad de Granada, donde estuvo hasta los 14 a\u00f1os, cuando pas\u00f3 a formar parte de las bases del Granada CF. En ese club ha [&hellip;]<\/p>\n","protected":false},"author":1,"featured_media":8311,"comment_status":"open","ping_status":"open","sticky":false,"template":"","format":"standard","meta":{"iawp_total_views":289,"footnotes":""},"categories":[4,7],"tags":[],"class_list":["post-8308","post","type-post","status-publish","format-standard","has-post-thumbnail","hentry","category-deportes","category-lorca"],"yoast_head":"<!-- This site is optimized with the Yoast SEO plugin v27.5 - https:\/\/yoast.com\/product\/yoast-seo-wordpress\/ -->\n<title>Adri Heredia: &quot;Es verdad que de chico he jugado al f\u00fatbol en la calle, en mi barrio y solo pienso en desarrollar lo que llevo dentro&quot; - AREA LORCA RADIO<\/title>\n<meta name=\"robots\" content=\"index, follow, max-snippet:-1, max-image-preview:large, max-video-preview:-1\" \/>\n<link rel=\"canonical\" href=\"https:\/\/arealorcaradio.es\/index.php\/2025\/11\/03\/adri-heredia-es-verdad-que-de-chico-he-jugado-al-futbol-en-la-calle-en-mi-barrio-y-solo-pienso-en-desarrollar-lo-que-llevo-dentro\/\" \/>\n<meta property=\"og:locale\" content=\"es_ES\" \/>\n<meta property=\"og:type\" content=\"article\" \/>\n<meta property=\"og:title\" content=\"Adri Heredia: &quot;Es verdad que de chico he jugado al f\u00fatbol en la calle, en mi barrio y solo pienso en desarrollar lo que llevo dentro&quot; - AREA LORCA RADIO\" \/>\n<meta property=\"og:description\" content=\"\u00c1REA LORCA RADIO. Deportes. Adri\u00e1n Heredia Pereira, naci\u00f3 en Granada hace 19 a\u00f1os y su desparpajo le ha llevado a jugar en el equipo de Sebas L\u00f3pez. Se inicio en el Ciudad de Granada, donde estuvo hasta los 14 a\u00f1os, cuando pas\u00f3 a formar parte de las bases del Granada CF. En ese club ha [&hellip;]\" \/>\n<meta property=\"og:url\" content=\"https:\/\/arealorcaradio.es\/index.php\/2025\/11\/03\/adri-heredia-es-verdad-que-de-chico-he-jugado-al-futbol-en-la-calle-en-mi-barrio-y-solo-pienso-en-desarrollar-lo-que-llevo-dentro\/\" \/>\n<meta property=\"og:site_name\" content=\"AREA LORCA RADIO\" \/>\n<meta property=\"article:published_time\" content=\"2025-11-03T16:56:44+00:00\" \/>\n<meta property=\"article:modified_time\" content=\"2025-11-03T17:13:33+00:00\" \/>\n<meta property=\"og:image\" content=\"https:\/\/arealorcaradio.es\/wp-content\/uploads\/2025\/11\/IMG-20251103-WA0049.jpg\" \/>\n\t<meta property=\"og:image:width\" content=\"1516\" \/>\n\t<meta property=\"og:image:height\" content=\"1011\" \/>\n\t<meta property=\"og:image:type\" content=\"image\/jpeg\" \/>\n<meta name=\"author\" content=\"Paco S\u00e1nchez\" \/>\n<meta name=\"twitter:card\" content=\"summary_large_image\" \/>\n<meta name=\"twitter:label1\" content=\"Escrito por\" \/>\n\t<meta name=\"twitter:data1\" content=\"Paco S\u00e1nchez\" \/>\n\t<meta name=\"twitter:label2\" content=\"Tiempo de lectura\" \/>\n\t<meta name=\"twitter:data2\" content=\"2 minutos\" \/>\n<script type=\"application\/ld+json\" class=\"yoast-schema-graph\">{\"@context\":\"https:\\\/\\\/schema.org\",\"@graph\":[{\"@type\":\"Article\",\"@id\":\"https:\\\/\\\/arealorcaradio.es\\\/index.php\\\/2025\\\/11\\\/03\\\/adri-heredia-es-verdad-que-de-chico-he-jugado-al-futbol-en-la-calle-en-mi-barrio-y-solo-pienso-en-desarrollar-lo-que-llevo-dentro\\\/#article\",\"isPartOf\":{\"@id\":\"https:\\\/\\\/arealorcaradio.es\\\/index.php\\\/2025\\\/11\\\/03\\\/adri-heredia-es-verdad-que-de-chico-he-jugado-al-futbol-en-la-calle-en-mi-barrio-y-solo-pienso-en-desarrollar-lo-que-llevo-dentro\\\/\"},\"author\":{\"name\":\"Paco S\u00e1nchez\",\"@id\":\"https:\\\/\\\/arealorcaradio.es\\\/#\\\/schema\\\/person\\\/9fae605fc25b0f2c83c1ab207139bd27\"},\"headline\":\"Adri Heredia: \u00abEs verdad que de chico he jugado al f\u00fatbol en la calle, en mi barrio y solo pienso en desarrollar lo que llevo dentro\u00bb\",\"datePublished\":\"2025-11-03T16:56:44+00:00\",\"dateModified\":\"2025-11-03T17:13:33+00:00\",\"mainEntityOfPage\":{\"@id\":\"https:\\\/\\\/arealorcaradio.es\\\/index.php\\\/2025\\\/11\\\/03\\\/adri-heredia-es-verdad-que-de-chico-he-jugado-al-futbol-en-la-calle-en-mi-barrio-y-solo-pienso-en-desarrollar-lo-que-llevo-dentro\\\/\"},\"wordCount\":149,\"commentCount\":0,\"image\":{\"@id\":\"https:\\\/\\\/arealorcaradio.es\\\/index.php\\\/2025\\\/11\\\/03\\\/adri-heredia-es-verdad-que-de-chico-he-jugado-al-futbol-en-la-calle-en-mi-barrio-y-solo-pienso-en-desarrollar-lo-que-llevo-dentro\\\/#primaryimage\"},\"thumbnailUrl\":\"https:\\\/\\\/arealorcaradio.es\\\/wp-content\\\/uploads\\\/2025\\\/11\\\/IMG-20251103-WA0049.jpg\",\"articleSection\":[\"DEPORTES\",\"LORCA\"],\"inLanguage\":\"es\",\"potentialAction\":[{\"@type\":\"CommentAction\",\"name\":\"Comment\",\"target\":[\"https:\\\/\\\/arealorcaradio.es\\\/index.php\\\/2025\\\/11\\\/03\\\/adri-heredia-es-verdad-que-de-chico-he-jugado-al-futbol-en-la-calle-en-mi-barrio-y-solo-pienso-en-desarrollar-lo-que-llevo-dentro\\\/#respond\"]}]},{\"@type\":\"WebPage\",\"@id\":\"https:\\\/\\\/arealorcaradio.es\\\/index.php\\\/2025\\\/11\\\/03\\\/adri-heredia-es-verdad-que-de-chico-he-jugado-al-futbol-en-la-calle-en-mi-barrio-y-solo-pienso-en-desarrollar-lo-que-llevo-dentro\\\/\",\"url\":\"https:\\\/\\\/arealorcaradio.es\\\/index.php\\\/2025\\\/11\\\/03\\\/adri-heredia-es-verdad-que-de-chico-he-jugado-al-futbol-en-la-calle-en-mi-barrio-y-solo-pienso-en-desarrollar-lo-que-llevo-dentro\\\/\",\"name\":\"Adri Heredia: \\\"Es verdad que de chico he jugado al f\u00fatbol en la calle, en mi barrio y solo pienso en desarrollar lo que llevo dentro\\\" - AREA LORCA RADIO\",\"isPartOf\":{\"@id\":\"https:\\\/\\\/arealorcaradio.es\\\/#website\"},\"primaryImageOfPage\":{\"@id\":\"https:\\\/\\\/arealorcaradio.es\\\/index.php\\\/2025\\\/11\\\/03\\\/adri-heredia-es-verdad-que-de-chico-he-jugado-al-futbol-en-la-calle-en-mi-barrio-y-solo-pienso-en-desarrollar-lo-que-llevo-dentro\\\/#primaryimage\"},\"image\":{\"@id\":\"https:\\\/\\\/arealorcaradio.es\\\/index.php\\\/2025\\\/11\\\/03\\\/adri-heredia-es-verdad-que-de-chico-he-jugado-al-futbol-en-la-calle-en-mi-barrio-y-solo-pienso-en-desarrollar-lo-que-llevo-dentro\\\/#primaryimage\"},\"thumbnailUrl\":\"https:\\\/\\\/arealorcaradio.es\\\/wp-content\\\/uploads\\\/2025\\\/11\\\/IMG-20251103-WA0049.jpg\",\"datePublished\":\"2025-11-03T16:56:44+00:00\",\"dateModified\":\"2025-11-03T17:13:33+00:00\",\"author\":{\"@id\":\"https:\\\/\\\/arealorcaradio.es\\\/#\\\/schema\\\/person\\\/9fae605fc25b0f2c83c1ab207139bd27\"},\"breadcrumb\":{\"@id\":\"https:\\\/\\\/arealorcaradio.es\\\/index.php\\\/2025\\\/11\\\/03\\\/adri-heredia-es-verdad-que-de-chico-he-jugado-al-futbol-en-la-calle-en-mi-barrio-y-solo-pienso-en-desarrollar-lo-que-llevo-dentro\\\/#breadcrumb\"},\"inLanguage\":\"es\",\"potentialAction\":[{\"@type\":\"ReadAction\",\"target\":[\"https:\\\/\\\/arealorcaradio.es\\\/index.php\\\/2025\\\/11\\\/03\\\/adri-heredia-es-verdad-que-de-chico-he-jugado-al-futbol-en-la-calle-en-mi-barrio-y-solo-pienso-en-desarrollar-lo-que-llevo-dentro\\\/\"]}]},{\"@type\":\"ImageObject\",\"inLanguage\":\"es\",\"@id\":\"https:\\\/\\\/arealorcaradio.es\\\/index.php\\\/2025\\\/11\\\/03\\\/adri-heredia-es-verdad-que-de-chico-he-jugado-al-futbol-en-la-calle-en-mi-barrio-y-solo-pienso-en-desarrollar-lo-que-llevo-dentro\\\/#primaryimage\",\"url\":\"https:\\\/\\\/arealorcaradio.es\\\/wp-content\\\/uploads\\\/2025\\\/11\\\/IMG-20251103-WA0049.jpg\",\"contentUrl\":\"https:\\\/\\\/arealorcaradio.es\\\/wp-content\\\/uploads\\\/2025\\\/11\\\/IMG-20251103-WA0049.jpg\",\"width\":1516,\"height\":1011},{\"@type\":\"BreadcrumbList\",\"@id\":\"https:\\\/\\\/arealorcaradio.es\\\/index.php\\\/2025\\\/11\\\/03\\\/adri-heredia-es-verdad-que-de-chico-he-jugado-al-futbol-en-la-calle-en-mi-barrio-y-solo-pienso-en-desarrollar-lo-que-llevo-dentro\\\/#breadcrumb\",\"itemListElement\":[{\"@type\":\"ListItem\",\"position\":1,\"name\":\"Portada\",\"item\":\"https:\\\/\\\/arealorcaradio.es\\\/\"},{\"@type\":\"ListItem\",\"position\":2,\"name\":\"Adri Heredia: \u00abEs verdad que de chico he jugado al f\u00fatbol en la calle, en mi barrio y solo pienso en desarrollar lo que llevo dentro\u00bb\"}]},{\"@type\":\"WebSite\",\"@id\":\"https:\\\/\\\/arealorcaradio.es\\\/#website\",\"url\":\"https:\\\/\\\/arealorcaradio.es\\\/\",\"name\":\"AREA LORCA RADIO\",\"description\":\"Descubre la programaci\u00f3n actual en \u00c1rea Lorca Radio, tu fuente de entrenamiento y noticias locales. Sintoniza ahora y mantente conectado online.\",\"potentialAction\":[{\"@type\":\"SearchAction\",\"target\":{\"@type\":\"EntryPoint\",\"urlTemplate\":\"https:\\\/\\\/arealorcaradio.es\\\/?s={search_term_string}\"},\"query-input\":{\"@type\":\"PropertyValueSpecification\",\"valueRequired\":true,\"valueName\":\"search_term_string\"}}],\"inLanguage\":\"es\"},{\"@type\":\"Person\",\"@id\":\"https:\\\/\\\/arealorcaradio.es\\\/#\\\/schema\\\/person\\\/9fae605fc25b0f2c83c1ab207139bd27\",\"name\":\"Paco S\u00e1nchez\",\"image\":{\"@type\":\"ImageObject\",\"inLanguage\":\"es\",\"@id\":\"https:\\\/\\\/secure.gravatar.com\\\/avatar\\\/d67144e966420fb74aa84c9f2a0103be4724fd14db52b52d3b6bca749f257e79?s=96&d=mm&r=g\",\"url\":\"https:\\\/\\\/secure.gravatar.com\\\/avatar\\\/d67144e966420fb74aa84c9f2a0103be4724fd14db52b52d3b6bca749f257e79?s=96&d=mm&r=g\",\"contentUrl\":\"https:\\\/\\\/secure.gravatar.com\\\/avatar\\\/d67144e966420fb74aa84c9f2a0103be4724fd14db52b52d3b6bca749f257e79?s=96&d=mm&r=g\",\"caption\":\"Paco S\u00e1nchez\"},\"sameAs\":[\"https:\\\/\\\/arealorcaradio.es\"],\"url\":\"https:\\\/\\\/arealorcaradio.es\\\/index.php\\\/author\\\/admin_alorcaradio\\\/\"}]}<\/script>\n<!-- \/ Yoast SEO plugin. -->","yoast_head_json":{"title":"Adri Heredia: \"Es verdad que de chico he jugado al f\u00fatbol en la calle, en mi barrio y solo pienso en desarrollar lo que llevo dentro\" - AREA LORCA RADIO","robots":{"index":"index","follow":"follow","max-snippet":"max-snippet:-1","max-image-preview":"max-image-preview:large","max-video-preview":"max-video-preview:-1"},"canonical":"https:\/\/arealorcaradio.es\/index.php\/2025\/11\/03\/adri-heredia-es-verdad-que-de-chico-he-jugado-al-futbol-en-la-calle-en-mi-barrio-y-solo-pienso-en-desarrollar-lo-que-llevo-dentro\/","og_locale":"es_ES","og_type":"article","og_title":"Adri Heredia: \"Es verdad que de chico he jugado al f\u00fatbol en la calle, en mi barrio y solo pienso en desarrollar lo que llevo dentro\" - AREA LORCA RADIO","og_description":"\u00c1REA LORCA RADIO. Deportes. Adri\u00e1n Heredia Pereira, naci\u00f3 en Granada hace 19 a\u00f1os y su desparpajo le ha llevado a jugar en el equipo de Sebas L\u00f3pez. Se inicio en el Ciudad de Granada, donde estuvo hasta los 14 a\u00f1os, cuando pas\u00f3 a formar parte de las bases del Granada CF. En ese club ha [&hellip;]","og_url":"https:\/\/arealorcaradio.es\/index.php\/2025\/11\/03\/adri-heredia-es-verdad-que-de-chico-he-jugado-al-futbol-en-la-calle-en-mi-barrio-y-solo-pienso-en-desarrollar-lo-que-llevo-dentro\/","og_site_name":"AREA LORCA RADIO","article_published_time":"2025-11-03T16:56:44+00:00","article_modified_time":"2025-11-03T17:13:33+00:00","og_image":[{"width":1516,"height":1011,"url":"https:\/\/arealorcaradio.es\/wp-content\/uploads\/2025\/11\/IMG-20251103-WA0049.jpg","type":"image\/jpeg"}],"author":"Paco S\u00e1nchez","twitter_card":"summary_large_image","twitter_misc":{"Escrito por":"Paco S\u00e1nchez","Tiempo de lectura":"2 minutos"},"schema":{"@context":"https:\/\/schema.org","@graph":[{"@type":"Article","@id":"https:\/\/arealorcaradio.es\/index.php\/2025\/11\/03\/adri-heredia-es-verdad-que-de-chico-he-jugado-al-futbol-en-la-calle-en-mi-barrio-y-solo-pienso-en-desarrollar-lo-que-llevo-dentro\/#article","isPartOf":{"@id":"https:\/\/arealorcaradio.es\/index.php\/2025\/11\/03\/adri-heredia-es-verdad-que-de-chico-he-jugado-al-futbol-en-la-calle-en-mi-barrio-y-solo-pienso-en-desarrollar-lo-que-llevo-dentro\/"},"author":{"name":"Paco S\u00e1nchez","@id":"https:\/\/arealorcaradio.es\/#\/schema\/person\/9fae605fc25b0f2c83c1ab207139bd27"},"headline":"Adri Heredia: \u00abEs verdad que de chico he jugado al f\u00fatbol en la calle, en mi barrio y solo pienso en desarrollar lo que llevo dentro\u00bb","datePublished":"2025-11-03T16:56:44+00:00","dateModified":"2025-11-03T17:13:33+00:00","mainEntityOfPage":{"@id":"https:\/\/arealorcaradio.es\/index.php\/2025\/11\/03\/adri-heredia-es-verdad-que-de-chico-he-jugado-al-futbol-en-la-calle-en-mi-barrio-y-solo-pienso-en-desarrollar-lo-que-llevo-dentro\/"},"wordCount":149,"commentCount":0,"image":{"@id":"https:\/\/arealorcaradio.es\/index.php\/2025\/11\/03\/adri-heredia-es-verdad-que-de-chico-he-jugado-al-futbol-en-la-calle-en-mi-barrio-y-solo-pienso-en-desarrollar-lo-que-llevo-dentro\/#primaryimage"},"thumbnailUrl":"https:\/\/arealorcaradio.es\/wp-content\/uploads\/2025\/11\/IMG-20251103-WA0049.jpg","articleSection":["DEPORTES","LORCA"],"inLanguage":"es","potentialAction":[{"@type":"CommentAction","name":"Comment","target":["https:\/\/arealorcaradio.es\/index.php\/2025\/11\/03\/adri-heredia-es-verdad-que-de-chico-he-jugado-al-futbol-en-la-calle-en-mi-barrio-y-solo-pienso-en-desarrollar-lo-que-llevo-dentro\/#respond"]}]},{"@type":"WebPage","@id":"https:\/\/arealorcaradio.es\/index.php\/2025\/11\/03\/adri-heredia-es-verdad-que-de-chico-he-jugado-al-futbol-en-la-calle-en-mi-barrio-y-solo-pienso-en-desarrollar-lo-que-llevo-dentro\/","url":"https:\/\/arealorcaradio.es\/index.php\/2025\/11\/03\/adri-heredia-es-verdad-que-de-chico-he-jugado-al-futbol-en-la-calle-en-mi-barrio-y-solo-pienso-en-desarrollar-lo-que-llevo-dentro\/","name":"Adri Heredia: \"Es verdad que de chico he jugado al f\u00fatbol en la calle, en mi barrio y solo pienso en desarrollar lo que llevo dentro\" - AREA LORCA RADIO","isPartOf":{"@id":"https:\/\/arealorcaradio.es\/#website"},"primaryImageOfPage":{"@id":"https:\/\/arealorcaradio.es\/index.php\/2025\/11\/03\/adri-heredia-es-verdad-que-de-chico-he-jugado-al-futbol-en-la-calle-en-mi-barrio-y-solo-pienso-en-desarrollar-lo-que-llevo-dentro\/#primaryimage"},"image":{"@id":"https:\/\/arealorcaradio.es\/index.php\/2025\/11\/03\/adri-heredia-es-verdad-que-de-chico-he-jugado-al-futbol-en-la-calle-en-mi-barrio-y-solo-pienso-en-desarrollar-lo-que-llevo-dentro\/#primaryimage"},"thumbnailUrl":"https:\/\/arealorcaradio.es\/wp-content\/uploads\/2025\/11\/IMG-20251103-WA0049.jpg","datePublished":"2025-11-03T16:56:44+00:00","dateModified":"2025-11-03T17:13:33+00:00","author":{"@id":"https:\/\/arealorcaradio.es\/#\/schema\/person\/9fae605fc25b0f2c83c1ab207139bd27"},"breadcrumb":{"@id":"https:\/\/arealorcaradio.es\/index.php\/2025\/11\/03\/adri-heredia-es-verdad-que-de-chico-he-jugado-al-futbol-en-la-calle-en-mi-barrio-y-solo-pienso-en-desarrollar-lo-que-llevo-dentro\/#breadcrumb"},"inLanguage":"es","potentialAction":[{"@type":"ReadAction","target":["https:\/\/arealorcaradio.es\/index.php\/2025\/11\/03\/adri-heredia-es-verdad-que-de-chico-he-jugado-al-futbol-en-la-calle-en-mi-barrio-y-solo-pienso-en-desarrollar-lo-que-llevo-dentro\/"]}]},{"@type":"ImageObject","inLanguage":"es","@id":"https:\/\/arealorcaradio.es\/index.php\/2025\/11\/03\/adri-heredia-es-verdad-que-de-chico-he-jugado-al-futbol-en-la-calle-en-mi-barrio-y-solo-pienso-en-desarrollar-lo-que-llevo-dentro\/#primaryimage","url":"https:\/\/arealorcaradio.es\/wp-content\/uploads\/2025\/11\/IMG-20251103-WA0049.jpg","contentUrl":"https:\/\/arealorcaradio.es\/wp-content\/uploads\/2025\/11\/IMG-20251103-WA0049.jpg","width":1516,"height":1011},{"@type":"BreadcrumbList","@id":"https:\/\/arealorcaradio.es\/index.php\/2025\/11\/03\/adri-heredia-es-verdad-que-de-chico-he-jugado-al-futbol-en-la-calle-en-mi-barrio-y-solo-pienso-en-desarrollar-lo-que-llevo-dentro\/#breadcrumb","itemListElement":[{"@type":"ListItem","position":1,"name":"Portada","item":"https:\/\/arealorcaradio.es\/"},{"@type":"ListItem","position":2,"name":"Adri Heredia: \u00abEs verdad que de chico he jugado al f\u00fatbol en la calle, en mi barrio y solo pienso en desarrollar lo que llevo dentro\u00bb"}]},{"@type":"WebSite","@id":"https:\/\/arealorcaradio.es\/#website","url":"https:\/\/arealorcaradio.es\/","name":"AREA LORCA RADIO","description":"Descubre la programaci\u00f3n actual en \u00c1rea Lorca Radio, tu fuente de entrenamiento y noticias locales. Sintoniza ahora y mantente conectado online.","potentialAction":[{"@type":"SearchAction","target":{"@type":"EntryPoint","urlTemplate":"https:\/\/arealorcaradio.es\/?s={search_term_string}"},"query-input":{"@type":"PropertyValueSpecification","valueRequired":true,"valueName":"search_term_string"}}],"inLanguage":"es"},{"@type":"Person","@id":"https:\/\/arealorcaradio.es\/#\/schema\/person\/9fae605fc25b0f2c83c1ab207139bd27","name":"Paco S\u00e1nchez","image":{"@type":"ImageObject","inLanguage":"es","@id":"https:\/\/secure.gravatar.com\/avatar\/d67144e966420fb74aa84c9f2a0103be4724fd14db52b52d3b6bca749f257e79?s=96&d=mm&r=g","url":"https:\/\/secure.gravatar.com\/avatar\/d67144e966420fb74aa84c9f2a0103be4724fd14db52b52d3b6bca749f257e79?s=96&d=mm&r=g","contentUrl":"https:\/\/secure.gravatar.com\/avatar\/d67144e966420fb74aa84c9f2a0103be4724fd14db52b52d3b6bca749f257e79?s=96&d=mm&r=g","caption":"Paco S\u00e1nchez"},"sameAs":["https:\/\/arealorcaradio.es"],"url":"https:\/\/arealorcaradio.es\/index.php\/author\/admin_alorcaradio\/"}]}},"_links":{"self":[{"href":"https:\/\/arealorcaradio.es\/index.php\/wp-json\/wp\/v2\/posts\/8308","targetHints":{"allow":["GET"]}}],"collection":[{"href":"https:\/\/arealorcaradio.es\/index.php\/wp-json\/wp\/v2\/posts"}],"about":[{"href":"https:\/\/arealorcaradio.es\/index.php\/wp-json\/wp\/v2\/types\/post"}],"author":[{"embeddable":true,"href":"https:\/\/arealorcaradio.es\/index.php\/wp-json\/wp\/v2\/users\/1"}],"replies":[{"embeddable":true,"href":"https:\/\/arealorcaradio.es\/index.php\/wp-json\/wp\/v2\/comments?post=8308"}],"version-history":[{"count":4,"href":"https:\/\/arealorcaradio.es\/index.php\/wp-json\/wp\/v2\/posts\/8308\/revisions"}],"predecessor-version":[{"id":8319,"href":"https:\/\/arealorcaradio.es\/index.php\/wp-json\/wp\/v2\/posts\/8308\/revisions\/8319"}],"wp:featuredmedia":[{"embeddable":true,"href":"https:\/\/arealorcaradio.es\/index.php\/wp-json\/wp\/v2\/media\/8311"}],"wp:attachment":[{"href":"https:\/\/arealorcaradio.es\/index.php\/wp-json\/wp\/v2\/media?parent=8308"}],"wp:term":[{"taxonomy":"category","embeddable":true,"href":"https:\/\/arealorcaradio.es\/index.php\/wp-json\/wp\/v2\/categories?post=8308"},{"taxonomy":"post_tag","embeddable":true,"href":"https:\/\/arealorcaradio.es\/index.php\/wp-json\/wp\/v2\/tags?post=8308"}],"curies":[{"name":"wp","href":"https:\/\/api.w.org\/{rel}","templated":true}]}}