{"id":8295,"date":"2025-10-29T22:48:55","date_gmt":"2025-10-29T22:48:55","guid":{"rendered":"https:\/\/arealorcaradio.es\/?p=8295"},"modified":"2025-10-29T22:48:55","modified_gmt":"2025-10-29T22:48:55","slug":"el-lorca-deportiva-cae-con-honra-en-copa-del-rey-frente-al-ud-almeria-0-2","status":"publish","type":"post","link":"https:\/\/arealorcaradio.es\/index.php\/2025\/10\/29\/el-lorca-deportiva-cae-con-honra-en-copa-del-rey-frente-al-ud-almeria-0-2\/","title":{"rendered":"El Lorca Deportiva cae con honra en Copa del Rey frente al UD Almer\u00eda (0-2)"},"content":{"rendered":"<p>\u00c1REA LORCA RADIO.\u00a0 Deportes.<\/p>\n<p>El partido de la primera ronda de la Copa del Rey\u00a0 jugado en el Artes Carrasco de Lorca congreg\u00f3 a unos 4.500 espectadores, m\u00e1s de 1.300 llegados desde Almer\u00eda. Los de Rubi, demostraron ser un equipo con mucha pegada, haciendo intervenir al portero local Fran \u00c1rbol hasta en media docena de ocasiones en las que estuvo a gran nivel, siendo sin duda el MVP del partido.<\/p>\n<p>Los goles llegaron en el \u00faltimo minuto de ambas mitades, el primero llev\u00f3 la firma de Perovic y el segundo, obra de Adri\u00e1n Embarba, tras un fallo defensivo en el minuto 89 de partido.<\/p>\n<p><img loading=\"lazy\" decoding=\"async\" class=\"alignnone size-medium wp-image-8298\" src=\"https:\/\/arealorcaradio.es\/wp-content\/uploads\/2025\/10\/IMG-20251029-WA0151-300x200.jpg\" alt=\"\" width=\"300\" height=\"200\" srcset=\"https:\/\/arealorcaradio.es\/wp-content\/uploads\/2025\/10\/IMG-20251029-WA0151-300x200.jpg 300w, https:\/\/arealorcaradio.es\/wp-content\/uploads\/2025\/10\/IMG-20251029-WA0151-1024x683.jpg 1024w, https:\/\/arealorcaradio.es\/wp-content\/uploads\/2025\/10\/IMG-20251029-WA0151-768x512.jpg 768w, https:\/\/arealorcaradio.es\/wp-content\/uploads\/2025\/10\/IMG-20251029-WA0151-1536x1024.jpg 1536w, https:\/\/arealorcaradio.es\/wp-content\/uploads\/2025\/10\/IMG-20251029-WA0151.jpg 1920w\" sizes=\"auto, (max-width: 300px) 100vw, 300px\" \/> <img loading=\"lazy\" decoding=\"async\" class=\"alignnone size-medium wp-image-8299\" src=\"https:\/\/arealorcaradio.es\/wp-content\/uploads\/2025\/10\/IMG-20251029-WA0148-300x200.jpg\" alt=\"\" width=\"300\" height=\"200\" srcset=\"https:\/\/arealorcaradio.es\/wp-content\/uploads\/2025\/10\/IMG-20251029-WA0148-300x200.jpg 300w, https:\/\/arealorcaradio.es\/wp-content\/uploads\/2025\/10\/IMG-20251029-WA0148-1024x683.jpg 1024w, https:\/\/arealorcaradio.es\/wp-content\/uploads\/2025\/10\/IMG-20251029-WA0148-768x512.jpg 768w, https:\/\/arealorcaradio.es\/wp-content\/uploads\/2025\/10\/IMG-20251029-WA0148-1536x1024.jpg 1536w, https:\/\/arealorcaradio.es\/wp-content\/uploads\/2025\/10\/IMG-20251029-WA0148.jpg 1920w\" sizes=\"auto, (max-width: 300px) 100vw, 300px\" \/> <img loading=\"lazy\" decoding=\"async\" class=\"alignnone size-medium wp-image-8300\" src=\"https:\/\/arealorcaradio.es\/wp-content\/uploads\/2025\/10\/IMG-20251029-WA0149-300x200.jpg\" alt=\"\" width=\"300\" height=\"200\" srcset=\"https:\/\/arealorcaradio.es\/wp-content\/uploads\/2025\/10\/IMG-20251029-WA0149-300x200.jpg 300w, https:\/\/arealorcaradio.es\/wp-content\/uploads\/2025\/10\/IMG-20251029-WA0149-1024x683.jpg 1024w, https:\/\/arealorcaradio.es\/wp-content\/uploads\/2025\/10\/IMG-20251029-WA0149-768x512.jpg 768w, https:\/\/arealorcaradio.es\/wp-content\/uploads\/2025\/10\/IMG-20251029-WA0149-1536x1024.jpg 1536w, https:\/\/arealorcaradio.es\/wp-content\/uploads\/2025\/10\/IMG-20251029-WA0149.jpg 1920w\" sizes=\"auto, (max-width: 300px) 100vw, 300px\" \/> <img loading=\"lazy\" decoding=\"async\" class=\"alignnone size-medium wp-image-8301\" src=\"https:\/\/arealorcaradio.es\/wp-content\/uploads\/2025\/10\/IMG-20251029-WA0147-300x200.jpg\" alt=\"\" width=\"300\" height=\"200\" srcset=\"https:\/\/arealorcaradio.es\/wp-content\/uploads\/2025\/10\/IMG-20251029-WA0147-300x200.jpg 300w, https:\/\/arealorcaradio.es\/wp-content\/uploads\/2025\/10\/IMG-20251029-WA0147-1024x683.jpg 1024w, https:\/\/arealorcaradio.es\/wp-content\/uploads\/2025\/10\/IMG-20251029-WA0147-768x512.jpg 768w, https:\/\/arealorcaradio.es\/wp-content\/uploads\/2025\/10\/IMG-20251029-WA0147-1536x1024.jpg 1536w, https:\/\/arealorcaradio.es\/wp-content\/uploads\/2025\/10\/IMG-20251029-WA0147.jpg 1920w\" sizes=\"auto, (max-width: 300px) 100vw, 300px\" \/> <img loading=\"lazy\" decoding=\"async\" class=\"alignnone size-medium wp-image-8302\" src=\"https:\/\/arealorcaradio.es\/wp-content\/uploads\/2025\/10\/IMG-20251029-WA0100-300x225.jpg\" alt=\"\" width=\"300\" height=\"225\" srcset=\"https:\/\/arealorcaradio.es\/wp-content\/uploads\/2025\/10\/IMG-20251029-WA0100-300x225.jpg 300w, https:\/\/arealorcaradio.es\/wp-content\/uploads\/2025\/10\/IMG-20251029-WA0100-1024x768.jpg 1024w, https:\/\/arealorcaradio.es\/wp-content\/uploads\/2025\/10\/IMG-20251029-WA0100-768x576.jpg 768w, https:\/\/arealorcaradio.es\/wp-content\/uploads\/2025\/10\/IMG-20251029-WA0100-1536x1152.jpg 1536w, https:\/\/arealorcaradio.es\/wp-content\/uploads\/2025\/10\/IMG-20251029-WA0100-2048x1536.jpg 2048w, https:\/\/arealorcaradio.es\/wp-content\/uploads\/2025\/10\/IMG-20251029-WA0100-86x64.jpg 86w\" sizes=\"auto, (max-width: 300px) 100vw, 300px\" \/> <img loading=\"lazy\" decoding=\"async\" class=\"alignnone size-medium wp-image-8303\" src=\"https:\/\/arealorcaradio.es\/wp-content\/uploads\/2025\/10\/IMG-20251029-WA0150-300x200.jpg\" alt=\"\" width=\"300\" height=\"200\" srcset=\"https:\/\/arealorcaradio.es\/wp-content\/uploads\/2025\/10\/IMG-20251029-WA0150-300x200.jpg 300w, https:\/\/arealorcaradio.es\/wp-content\/uploads\/2025\/10\/IMG-20251029-WA0150-1024x683.jpg 1024w, https:\/\/arealorcaradio.es\/wp-content\/uploads\/2025\/10\/IMG-20251029-WA0150-768x512.jpg 768w, https:\/\/arealorcaradio.es\/wp-content\/uploads\/2025\/10\/IMG-20251029-WA0150-1536x1024.jpg 1536w, https:\/\/arealorcaradio.es\/wp-content\/uploads\/2025\/10\/IMG-20251029-WA0150.jpg 1920w\" sizes=\"auto, (max-width: 300px) 100vw, 300px\" \/> <img loading=\"lazy\" decoding=\"async\" class=\"alignnone size-medium wp-image-8304\" src=\"https:\/\/arealorcaradio.es\/wp-content\/uploads\/2025\/10\/IMG-20251029-WA0110-300x225.jpg\" alt=\"\" width=\"300\" height=\"225\" srcset=\"https:\/\/arealorcaradio.es\/wp-content\/uploads\/2025\/10\/IMG-20251029-WA0110-300x225.jpg 300w, https:\/\/arealorcaradio.es\/wp-content\/uploads\/2025\/10\/IMG-20251029-WA0110-1024x768.jpg 1024w, https:\/\/arealorcaradio.es\/wp-content\/uploads\/2025\/10\/IMG-20251029-WA0110-768x576.jpg 768w, https:\/\/arealorcaradio.es\/wp-content\/uploads\/2025\/10\/IMG-20251029-WA0110-1536x1152.jpg 1536w, https:\/\/arealorcaradio.es\/wp-content\/uploads\/2025\/10\/IMG-20251029-WA0110-86x64.jpg 86w, https:\/\/arealorcaradio.es\/wp-content\/uploads\/2025\/10\/IMG-20251029-WA0110.jpg 2048w\" sizes=\"auto, (max-width: 300px) 100vw, 300px\" \/> <img loading=\"lazy\" decoding=\"async\" class=\"alignnone size-medium wp-image-8305\" src=\"https:\/\/arealorcaradio.es\/wp-content\/uploads\/2025\/10\/IMG-20251029-WA0136-300x225.jpg\" alt=\"\" width=\"300\" height=\"225\" srcset=\"https:\/\/arealorcaradio.es\/wp-content\/uploads\/2025\/10\/IMG-20251029-WA0136-300x225.jpg 300w, https:\/\/arealorcaradio.es\/wp-content\/uploads\/2025\/10\/IMG-20251029-WA0136-1024x768.jpg 1024w, https:\/\/arealorcaradio.es\/wp-content\/uploads\/2025\/10\/IMG-20251029-WA0136-768x576.jpg 768w, https:\/\/arealorcaradio.es\/wp-content\/uploads\/2025\/10\/IMG-20251029-WA0136-1536x1152.jpg 1536w, https:\/\/arealorcaradio.es\/wp-content\/uploads\/2025\/10\/IMG-20251029-WA0136-2048x1536.jpg 2048w, https:\/\/arealorcaradio.es\/wp-content\/uploads\/2025\/10\/IMG-20251029-WA0136-86x64.jpg 86w\" sizes=\"auto, (max-width: 300px) 100vw, 300px\" \/><\/p>\n","protected":false},"excerpt":{"rendered":"<p>\u00c1REA LORCA RADIO.\u00a0 Deportes. El partido de la primera ronda de la Copa del Rey\u00a0 jugado en el Artes Carrasco de Lorca congreg\u00f3 a unos 4.500 espectadores, m\u00e1s de 1.300 llegados desde Almer\u00eda. Los de Rubi, demostraron ser un equipo con mucha pegada, haciendo intervenir al portero local Fran \u00c1rbol hasta en media docena de [&hellip;]<\/p>\n","protected":false},"author":1,"featured_media":8296,"comment_status":"open","ping_status":"open","sticky":false,"template":"","format":"standard","meta":{"iawp_total_views":32,"footnotes":""},"categories":[4,7],"tags":[],"class_list":["post-8295","post","type-post","status-publish","format-standard","has-post-thumbnail","hentry","category-deportes","category-lorca"],"yoast_head":"<!-- This site is optimized with the Yoast SEO plugin v27.5 - https:\/\/yoast.com\/product\/yoast-seo-wordpress\/ -->\n<title>El Lorca Deportiva cae con honra en Copa del Rey frente al UD Almer\u00eda (0-2) - AREA LORCA RADIO<\/title>\n<meta name=\"robots\" content=\"index, follow, max-snippet:-1, max-image-preview:large, max-video-preview:-1\" \/>\n<link rel=\"canonical\" href=\"https:\/\/arealorcaradio.es\/index.php\/2025\/10\/29\/el-lorca-deportiva-cae-con-honra-en-copa-del-rey-frente-al-ud-almeria-0-2\/\" \/>\n<meta property=\"og:locale\" content=\"es_ES\" \/>\n<meta property=\"og:type\" content=\"article\" \/>\n<meta property=\"og:title\" content=\"El Lorca Deportiva cae con honra en Copa del Rey frente al UD Almer\u00eda (0-2) - AREA LORCA RADIO\" \/>\n<meta property=\"og:description\" content=\"\u00c1REA LORCA RADIO.\u00a0 Deportes. El partido de la primera ronda de la Copa del Rey\u00a0 jugado en el Artes Carrasco de Lorca congreg\u00f3 a unos 4.500 espectadores, m\u00e1s de 1.300 llegados desde Almer\u00eda. Los de Rubi, demostraron ser un equipo con mucha pegada, haciendo intervenir al portero local Fran \u00c1rbol hasta en media docena de [&hellip;]\" \/>\n<meta property=\"og:url\" content=\"https:\/\/arealorcaradio.es\/index.php\/2025\/10\/29\/el-lorca-deportiva-cae-con-honra-en-copa-del-rey-frente-al-ud-almeria-0-2\/\" \/>\n<meta property=\"og:site_name\" content=\"AREA LORCA RADIO\" \/>\n<meta property=\"article:published_time\" content=\"2025-10-29T22:48:55+00:00\" \/>\n<meta property=\"og:image\" content=\"https:\/\/arealorcaradio.es\/wp-content\/uploads\/2025\/10\/IMG-20251029-WA0146.jpg\" \/>\n\t<meta property=\"og:image:width\" content=\"1920\" \/>\n\t<meta property=\"og:image:height\" content=\"1280\" \/>\n\t<meta property=\"og:image:type\" content=\"image\/jpeg\" \/>\n<meta name=\"author\" content=\"Paco S\u00e1nchez\" \/>\n<meta name=\"twitter:card\" content=\"summary_large_image\" \/>\n<meta name=\"twitter:label1\" content=\"Escrito por\" \/>\n\t<meta name=\"twitter:data1\" content=\"Paco S\u00e1nchez\" \/>\n\t<meta name=\"twitter:label2\" content=\"Tiempo de lectura\" \/>\n\t<meta name=\"twitter:data2\" content=\"3 minutos\" \/>\n<script type=\"application\/ld+json\" class=\"yoast-schema-graph\">{\"@context\":\"https:\\\/\\\/schema.org\",\"@graph\":[{\"@type\":\"Article\",\"@id\":\"https:\\\/\\\/arealorcaradio.es\\\/index.php\\\/2025\\\/10\\\/29\\\/el-lorca-deportiva-cae-con-honra-en-copa-del-rey-frente-al-ud-almeria-0-2\\\/#article\",\"isPartOf\":{\"@id\":\"https:\\\/\\\/arealorcaradio.es\\\/index.php\\\/2025\\\/10\\\/29\\\/el-lorca-deportiva-cae-con-honra-en-copa-del-rey-frente-al-ud-almeria-0-2\\\/\"},\"author\":{\"name\":\"Paco S\u00e1nchez\",\"@id\":\"https:\\\/\\\/arealorcaradio.es\\\/#\\\/schema\\\/person\\\/9fae605fc25b0f2c83c1ab207139bd27\"},\"headline\":\"El Lorca Deportiva cae con honra en Copa del Rey frente al UD Almer\u00eda (0-2)\",\"datePublished\":\"2025-10-29T22:48:55+00:00\",\"mainEntityOfPage\":{\"@id\":\"https:\\\/\\\/arealorcaradio.es\\\/index.php\\\/2025\\\/10\\\/29\\\/el-lorca-deportiva-cae-con-honra-en-copa-del-rey-frente-al-ud-almeria-0-2\\\/\"},\"wordCount\":120,\"commentCount\":0,\"image\":{\"@id\":\"https:\\\/\\\/arealorcaradio.es\\\/index.php\\\/2025\\\/10\\\/29\\\/el-lorca-deportiva-cae-con-honra-en-copa-del-rey-frente-al-ud-almeria-0-2\\\/#primaryimage\"},\"thumbnailUrl\":\"https:\\\/\\\/arealorcaradio.es\\\/wp-content\\\/uploads\\\/2025\\\/10\\\/IMG-20251029-WA0146.jpg\",\"articleSection\":[\"DEPORTES\",\"LORCA\"],\"inLanguage\":\"es\",\"potentialAction\":[{\"@type\":\"CommentAction\",\"name\":\"Comment\",\"target\":[\"https:\\\/\\\/arealorcaradio.es\\\/index.php\\\/2025\\\/10\\\/29\\\/el-lorca-deportiva-cae-con-honra-en-copa-del-rey-frente-al-ud-almeria-0-2\\\/#respond\"]}]},{\"@type\":\"WebPage\",\"@id\":\"https:\\\/\\\/arealorcaradio.es\\\/index.php\\\/2025\\\/10\\\/29\\\/el-lorca-deportiva-cae-con-honra-en-copa-del-rey-frente-al-ud-almeria-0-2\\\/\",\"url\":\"https:\\\/\\\/arealorcaradio.es\\\/index.php\\\/2025\\\/10\\\/29\\\/el-lorca-deportiva-cae-con-honra-en-copa-del-rey-frente-al-ud-almeria-0-2\\\/\",\"name\":\"El Lorca Deportiva cae con honra en Copa del Rey frente al UD Almer\u00eda (0-2) - AREA LORCA RADIO\",\"isPartOf\":{\"@id\":\"https:\\\/\\\/arealorcaradio.es\\\/#website\"},\"primaryImageOfPage\":{\"@id\":\"https:\\\/\\\/arealorcaradio.es\\\/index.php\\\/2025\\\/10\\\/29\\\/el-lorca-deportiva-cae-con-honra-en-copa-del-rey-frente-al-ud-almeria-0-2\\\/#primaryimage\"},\"image\":{\"@id\":\"https:\\\/\\\/arealorcaradio.es\\\/index.php\\\/2025\\\/10\\\/29\\\/el-lorca-deportiva-cae-con-honra-en-copa-del-rey-frente-al-ud-almeria-0-2\\\/#primaryimage\"},\"thumbnailUrl\":\"https:\\\/\\\/arealorcaradio.es\\\/wp-content\\\/uploads\\\/2025\\\/10\\\/IMG-20251029-WA0146.jpg\",\"datePublished\":\"2025-10-29T22:48:55+00:00\",\"author\":{\"@id\":\"https:\\\/\\\/arealorcaradio.es\\\/#\\\/schema\\\/person\\\/9fae605fc25b0f2c83c1ab207139bd27\"},\"breadcrumb\":{\"@id\":\"https:\\\/\\\/arealorcaradio.es\\\/index.php\\\/2025\\\/10\\\/29\\\/el-lorca-deportiva-cae-con-honra-en-copa-del-rey-frente-al-ud-almeria-0-2\\\/#breadcrumb\"},\"inLanguage\":\"es\",\"potentialAction\":[{\"@type\":\"ReadAction\",\"target\":[\"https:\\\/\\\/arealorcaradio.es\\\/index.php\\\/2025\\\/10\\\/29\\\/el-lorca-deportiva-cae-con-honra-en-copa-del-rey-frente-al-ud-almeria-0-2\\\/\"]}]},{\"@type\":\"ImageObject\",\"inLanguage\":\"es\",\"@id\":\"https:\\\/\\\/arealorcaradio.es\\\/index.php\\\/2025\\\/10\\\/29\\\/el-lorca-deportiva-cae-con-honra-en-copa-del-rey-frente-al-ud-almeria-0-2\\\/#primaryimage\",\"url\":\"https:\\\/\\\/arealorcaradio.es\\\/wp-content\\\/uploads\\\/2025\\\/10\\\/IMG-20251029-WA0146.jpg\",\"contentUrl\":\"https:\\\/\\\/arealorcaradio.es\\\/wp-content\\\/uploads\\\/2025\\\/10\\\/IMG-20251029-WA0146.jpg\",\"width\":1920,\"height\":1280},{\"@type\":\"BreadcrumbList\",\"@id\":\"https:\\\/\\\/arealorcaradio.es\\\/index.php\\\/2025\\\/10\\\/29\\\/el-lorca-deportiva-cae-con-honra-en-copa-del-rey-frente-al-ud-almeria-0-2\\\/#breadcrumb\",\"itemListElement\":[{\"@type\":\"ListItem\",\"position\":1,\"name\":\"Portada\",\"item\":\"https:\\\/\\\/arealorcaradio.es\\\/\"},{\"@type\":\"ListItem\",\"position\":2,\"name\":\"El Lorca Deportiva cae con honra en Copa del Rey frente al UD Almer\u00eda (0-2)\"}]},{\"@type\":\"WebSite\",\"@id\":\"https:\\\/\\\/arealorcaradio.es\\\/#website\",\"url\":\"https:\\\/\\\/arealorcaradio.es\\\/\",\"name\":\"AREA LORCA RADIO\",\"description\":\"Descubre la programaci\u00f3n actual en \u00c1rea Lorca Radio, tu fuente de entrenamiento y noticias locales. Sintoniza ahora y mantente conectado online.\",\"potentialAction\":[{\"@type\":\"SearchAction\",\"target\":{\"@type\":\"EntryPoint\",\"urlTemplate\":\"https:\\\/\\\/arealorcaradio.es\\\/?s={search_term_string}\"},\"query-input\":{\"@type\":\"PropertyValueSpecification\",\"valueRequired\":true,\"valueName\":\"search_term_string\"}}],\"inLanguage\":\"es\"},{\"@type\":\"Person\",\"@id\":\"https:\\\/\\\/arealorcaradio.es\\\/#\\\/schema\\\/person\\\/9fae605fc25b0f2c83c1ab207139bd27\",\"name\":\"Paco S\u00e1nchez\",\"image\":{\"@type\":\"ImageObject\",\"inLanguage\":\"es\",\"@id\":\"https:\\\/\\\/secure.gravatar.com\\\/avatar\\\/d67144e966420fb74aa84c9f2a0103be4724fd14db52b52d3b6bca749f257e79?s=96&d=mm&r=g\",\"url\":\"https:\\\/\\\/secure.gravatar.com\\\/avatar\\\/d67144e966420fb74aa84c9f2a0103be4724fd14db52b52d3b6bca749f257e79?s=96&d=mm&r=g\",\"contentUrl\":\"https:\\\/\\\/secure.gravatar.com\\\/avatar\\\/d67144e966420fb74aa84c9f2a0103be4724fd14db52b52d3b6bca749f257e79?s=96&d=mm&r=g\",\"caption\":\"Paco S\u00e1nchez\"},\"sameAs\":[\"https:\\\/\\\/arealorcaradio.es\"],\"url\":\"https:\\\/\\\/arealorcaradio.es\\\/index.php\\\/author\\\/admin_alorcaradio\\\/\"}]}<\/script>\n<!-- \/ Yoast SEO plugin. -->","yoast_head_json":{"title":"El Lorca Deportiva cae con honra en Copa del Rey frente al UD Almer\u00eda (0-2) - AREA LORCA RADIO","robots":{"index":"index","follow":"follow","max-snippet":"max-snippet:-1","max-image-preview":"max-image-preview:large","max-video-preview":"max-video-preview:-1"},"canonical":"https:\/\/arealorcaradio.es\/index.php\/2025\/10\/29\/el-lorca-deportiva-cae-con-honra-en-copa-del-rey-frente-al-ud-almeria-0-2\/","og_locale":"es_ES","og_type":"article","og_title":"El Lorca Deportiva cae con honra en Copa del Rey frente al UD Almer\u00eda (0-2) - AREA LORCA RADIO","og_description":"\u00c1REA LORCA RADIO.\u00a0 Deportes. El partido de la primera ronda de la Copa del Rey\u00a0 jugado en el Artes Carrasco de Lorca congreg\u00f3 a unos 4.500 espectadores, m\u00e1s de 1.300 llegados desde Almer\u00eda. Los de Rubi, demostraron ser un equipo con mucha pegada, haciendo intervenir al portero local Fran \u00c1rbol hasta en media docena de [&hellip;]","og_url":"https:\/\/arealorcaradio.es\/index.php\/2025\/10\/29\/el-lorca-deportiva-cae-con-honra-en-copa-del-rey-frente-al-ud-almeria-0-2\/","og_site_name":"AREA LORCA RADIO","article_published_time":"2025-10-29T22:48:55+00:00","og_image":[{"width":1920,"height":1280,"url":"https:\/\/arealorcaradio.es\/wp-content\/uploads\/2025\/10\/IMG-20251029-WA0146.jpg","type":"image\/jpeg"}],"author":"Paco S\u00e1nchez","twitter_card":"summary_large_image","twitter_misc":{"Escrito por":"Paco S\u00e1nchez","Tiempo de lectura":"3 minutos"},"schema":{"@context":"https:\/\/schema.org","@graph":[{"@type":"Article","@id":"https:\/\/arealorcaradio.es\/index.php\/2025\/10\/29\/el-lorca-deportiva-cae-con-honra-en-copa-del-rey-frente-al-ud-almeria-0-2\/#article","isPartOf":{"@id":"https:\/\/arealorcaradio.es\/index.php\/2025\/10\/29\/el-lorca-deportiva-cae-con-honra-en-copa-del-rey-frente-al-ud-almeria-0-2\/"},"author":{"name":"Paco S\u00e1nchez","@id":"https:\/\/arealorcaradio.es\/#\/schema\/person\/9fae605fc25b0f2c83c1ab207139bd27"},"headline":"El Lorca Deportiva cae con honra en Copa del Rey frente al UD Almer\u00eda (0-2)","datePublished":"2025-10-29T22:48:55+00:00","mainEntityOfPage":{"@id":"https:\/\/arealorcaradio.es\/index.php\/2025\/10\/29\/el-lorca-deportiva-cae-con-honra-en-copa-del-rey-frente-al-ud-almeria-0-2\/"},"wordCount":120,"commentCount":0,"image":{"@id":"https:\/\/arealorcaradio.es\/index.php\/2025\/10\/29\/el-lorca-deportiva-cae-con-honra-en-copa-del-rey-frente-al-ud-almeria-0-2\/#primaryimage"},"thumbnailUrl":"https:\/\/arealorcaradio.es\/wp-content\/uploads\/2025\/10\/IMG-20251029-WA0146.jpg","articleSection":["DEPORTES","LORCA"],"inLanguage":"es","potentialAction":[{"@type":"CommentAction","name":"Comment","target":["https:\/\/arealorcaradio.es\/index.php\/2025\/10\/29\/el-lorca-deportiva-cae-con-honra-en-copa-del-rey-frente-al-ud-almeria-0-2\/#respond"]}]},{"@type":"WebPage","@id":"https:\/\/arealorcaradio.es\/index.php\/2025\/10\/29\/el-lorca-deportiva-cae-con-honra-en-copa-del-rey-frente-al-ud-almeria-0-2\/","url":"https:\/\/arealorcaradio.es\/index.php\/2025\/10\/29\/el-lorca-deportiva-cae-con-honra-en-copa-del-rey-frente-al-ud-almeria-0-2\/","name":"El Lorca Deportiva cae con honra en Copa del Rey frente al UD Almer\u00eda (0-2) - AREA LORCA RADIO","isPartOf":{"@id":"https:\/\/arealorcaradio.es\/#website"},"primaryImageOfPage":{"@id":"https:\/\/arealorcaradio.es\/index.php\/2025\/10\/29\/el-lorca-deportiva-cae-con-honra-en-copa-del-rey-frente-al-ud-almeria-0-2\/#primaryimage"},"image":{"@id":"https:\/\/arealorcaradio.es\/index.php\/2025\/10\/29\/el-lorca-deportiva-cae-con-honra-en-copa-del-rey-frente-al-ud-almeria-0-2\/#primaryimage"},"thumbnailUrl":"https:\/\/arealorcaradio.es\/wp-content\/uploads\/2025\/10\/IMG-20251029-WA0146.jpg","datePublished":"2025-10-29T22:48:55+00:00","author":{"@id":"https:\/\/arealorcaradio.es\/#\/schema\/person\/9fae605fc25b0f2c83c1ab207139bd27"},"breadcrumb":{"@id":"https:\/\/arealorcaradio.es\/index.php\/2025\/10\/29\/el-lorca-deportiva-cae-con-honra-en-copa-del-rey-frente-al-ud-almeria-0-2\/#breadcrumb"},"inLanguage":"es","potentialAction":[{"@type":"ReadAction","target":["https:\/\/arealorcaradio.es\/index.php\/2025\/10\/29\/el-lorca-deportiva-cae-con-honra-en-copa-del-rey-frente-al-ud-almeria-0-2\/"]}]},{"@type":"ImageObject","inLanguage":"es","@id":"https:\/\/arealorcaradio.es\/index.php\/2025\/10\/29\/el-lorca-deportiva-cae-con-honra-en-copa-del-rey-frente-al-ud-almeria-0-2\/#primaryimage","url":"https:\/\/arealorcaradio.es\/wp-content\/uploads\/2025\/10\/IMG-20251029-WA0146.jpg","contentUrl":"https:\/\/arealorcaradio.es\/wp-content\/uploads\/2025\/10\/IMG-20251029-WA0146.jpg","width":1920,"height":1280},{"@type":"BreadcrumbList","@id":"https:\/\/arealorcaradio.es\/index.php\/2025\/10\/29\/el-lorca-deportiva-cae-con-honra-en-copa-del-rey-frente-al-ud-almeria-0-2\/#breadcrumb","itemListElement":[{"@type":"ListItem","position":1,"name":"Portada","item":"https:\/\/arealorcaradio.es\/"},{"@type":"ListItem","position":2,"name":"El Lorca Deportiva cae con honra en Copa del Rey frente al UD Almer\u00eda (0-2)"}]},{"@type":"WebSite","@id":"https:\/\/arealorcaradio.es\/#website","url":"https:\/\/arealorcaradio.es\/","name":"AREA LORCA RADIO","description":"Descubre la programaci\u00f3n actual en \u00c1rea Lorca Radio, tu fuente de entrenamiento y noticias locales. Sintoniza ahora y mantente conectado online.","potentialAction":[{"@type":"SearchAction","target":{"@type":"EntryPoint","urlTemplate":"https:\/\/arealorcaradio.es\/?s={search_term_string}"},"query-input":{"@type":"PropertyValueSpecification","valueRequired":true,"valueName":"search_term_string"}}],"inLanguage":"es"},{"@type":"Person","@id":"https:\/\/arealorcaradio.es\/#\/schema\/person\/9fae605fc25b0f2c83c1ab207139bd27","name":"Paco S\u00e1nchez","image":{"@type":"ImageObject","inLanguage":"es","@id":"https:\/\/secure.gravatar.com\/avatar\/d67144e966420fb74aa84c9f2a0103be4724fd14db52b52d3b6bca749f257e79?s=96&d=mm&r=g","url":"https:\/\/secure.gravatar.com\/avatar\/d67144e966420fb74aa84c9f2a0103be4724fd14db52b52d3b6bca749f257e79?s=96&d=mm&r=g","contentUrl":"https:\/\/secure.gravatar.com\/avatar\/d67144e966420fb74aa84c9f2a0103be4724fd14db52b52d3b6bca749f257e79?s=96&d=mm&r=g","caption":"Paco S\u00e1nchez"},"sameAs":["https:\/\/arealorcaradio.es"],"url":"https:\/\/arealorcaradio.es\/index.php\/author\/admin_alorcaradio\/"}]}},"_links":{"self":[{"href":"https:\/\/arealorcaradio.es\/index.php\/wp-json\/wp\/v2\/posts\/8295","targetHints":{"allow":["GET"]}}],"collection":[{"href":"https:\/\/arealorcaradio.es\/index.php\/wp-json\/wp\/v2\/posts"}],"about":[{"href":"https:\/\/arealorcaradio.es\/index.php\/wp-json\/wp\/v2\/types\/post"}],"author":[{"embeddable":true,"href":"https:\/\/arealorcaradio.es\/index.php\/wp-json\/wp\/v2\/users\/1"}],"replies":[{"embeddable":true,"href":"https:\/\/arealorcaradio.es\/index.php\/wp-json\/wp\/v2\/comments?post=8295"}],"version-history":[{"count":2,"href":"https:\/\/arealorcaradio.es\/index.php\/wp-json\/wp\/v2\/posts\/8295\/revisions"}],"predecessor-version":[{"id":8306,"href":"https:\/\/arealorcaradio.es\/index.php\/wp-json\/wp\/v2\/posts\/8295\/revisions\/8306"}],"wp:featuredmedia":[{"embeddable":true,"href":"https:\/\/arealorcaradio.es\/index.php\/wp-json\/wp\/v2\/media\/8296"}],"wp:attachment":[{"href":"https:\/\/arealorcaradio.es\/index.php\/wp-json\/wp\/v2\/media?parent=8295"}],"wp:term":[{"taxonomy":"category","embeddable":true,"href":"https:\/\/arealorcaradio.es\/index.php\/wp-json\/wp\/v2\/categories?post=8295"},{"taxonomy":"post_tag","embeddable":true,"href":"https:\/\/arealorcaradio.es\/index.php\/wp-json\/wp\/v2\/tags?post=8295"}],"curies":[{"name":"wp","href":"https:\/\/api.w.org\/{rel}","templated":true}]}}