{"id":8159,"date":"2025-10-14T16:55:08","date_gmt":"2025-10-14T16:55:08","guid":{"rendered":"https:\/\/arealorcaradio.es\/?p=8159"},"modified":"2025-10-14T16:58:41","modified_gmt":"2025-10-14T16:58:41","slug":"el-ayuntamiento-de-lorca-exige-que-las-zonas-de-flujo-preferente-no-se-establezcan-hasta-que-se-ejecuten-las-obras-del-plan-de-defensa-de-inundaciones","status":"publish","type":"post","link":"https:\/\/arealorcaradio.es\/index.php\/2025\/10\/14\/el-ayuntamiento-de-lorca-exige-que-las-zonas-de-flujo-preferente-no-se-establezcan-hasta-que-se-ejecuten-las-obras-del-plan-de-defensa-de-inundaciones\/","title":{"rendered":"El Ayuntamiento de Lorca exige que las Zonas de Flujo Preferente no se establezcan hasta que se ejecuten las obras del Plan de Defensa de Inundaciones\u00a0"},"content":{"rendered":"<p><strong>\u00c1REA LORCA RADIO. Agua y agricultura.<\/strong><\/p>\n<p class=\"v1MsoNormal\">Escucha aqu\u00ed la entrevista que ha concedido el concejal de Agua y Agricultura del Ayuntamiento de Lorca, \u00c1ngel Meca a Paco S\u00e1nchez en el magazine de \u00c1rea Lorca Radio. Meca Ruzafa se ha mostrado contundente ante la negativa del Ministerio a construir las presas y diques de laminaci\u00f3n para proteger a los ciudadanos de las pedan\u00edas m\u00e1s afectadas.<\/p>\n<audio class=\"wp-audio-shortcode\" id=\"audio-8159-1\" preload=\"none\" style=\"width: 100%;\" controls=\"controls\"><source type=\"audio\/mpeg\" src=\"https:\/\/arealorcaradio.es\/wp-content\/uploads\/2025\/10\/141025-ANGEL-MECA.-ZONAS-DE-FLUJO-PREFERENTE.mp3?_=1\" \/><a href=\"https:\/\/arealorcaradio.es\/wp-content\/uploads\/2025\/10\/141025-ANGEL-MECA.-ZONAS-DE-FLUJO-PREFERENTE.mp3\">https:\/\/arealorcaradio.es\/wp-content\/uploads\/2025\/10\/141025-ANGEL-MECA.-ZONAS-DE-FLUJO-PREFERENTE.mp3<\/a><\/audio>\n<p class=\"v1MsoNormal\"><b>Lorca, 13 de octubre de 2025.\u00a0<\/b>El concejal de Agricultura y Agua en el Ayuntamiento de Lorca, \u00c1ngel Meca, ha exigido al gobierno central que no se proceda a delimitar las Zonas de Flujo Preferente en la comarca de Lorca hasta que no se ejecuten las inversiones previstas en el Plan de Defensa de Inundaciones. Se trata, principalmente, de las presas y diques de laminaci\u00f3n para proteger a los ciudadanos de las riadas provocadas por las ramblas de B\u00e9jar, Nogalte y Torrecilla, as\u00ed como el Canal de Biznaga.<\/p>\n<p class=\"v1MsoNormal\"><img loading=\"lazy\" decoding=\"async\" class=\"alignnone size-medium wp-image-8161\" src=\"https:\/\/arealorcaradio.es\/wp-content\/uploads\/2025\/10\/FOTO2-41-300x225.jpeg\" alt=\"\" width=\"300\" height=\"225\" srcset=\"https:\/\/arealorcaradio.es\/wp-content\/uploads\/2025\/10\/FOTO2-41-300x225.jpeg 300w, https:\/\/arealorcaradio.es\/wp-content\/uploads\/2025\/10\/FOTO2-41-1024x768.jpeg 1024w, https:\/\/arealorcaradio.es\/wp-content\/uploads\/2025\/10\/FOTO2-41-768x576.jpeg 768w, https:\/\/arealorcaradio.es\/wp-content\/uploads\/2025\/10\/FOTO2-41-1536x1152.jpeg 1536w, https:\/\/arealorcaradio.es\/wp-content\/uploads\/2025\/10\/FOTO2-41-86x64.jpeg 86w, https:\/\/arealorcaradio.es\/wp-content\/uploads\/2025\/10\/FOTO2-41.jpeg 1600w\" sizes=\"auto, (max-width: 300px) 100vw, 300px\" \/><\/p>\n<p class=\"v1MsoNormal\">\u00c1ngel Meca ha manifestado que imponer las restricciones antes de llevar a cabo estas obras es un doble castigo hacia los vecinos, que lo que necesitan es que el gobierno central les proteja, no que les arruine aplic\u00e1ndoles una expropiaci\u00f3n encubierta de sus hogares, terrenos y negocios. La realidad es que la situaci\u00f3n es absolutamente dram\u00e1tica para cientos de familias lorquinas, que nos trasladan su absoluta incredulidad ante estos hechos, puesto que no han recibido ninguna notificaci\u00f3n por parte del gobierno central, en la que se les comunique la reclasificaci\u00f3n de sus casas y parcelas. No estamos hablando de grandes propietarios, sino de familias que est\u00e1n pagando una hipoteca por una parcela, o que llevan viviendo en el mismo sitio desde hace generaciones, y de repente se enteran que han gastado su vida pagando una propiedad cuyo valor real pasa a ser cero.<\/p>\n<p class=\"v1MsoNormal\">Desde el Consistorio Municipal se reclama que las restricciones y efectos del establecimiento de los mapas de Zonas de Flujo Preferente que el gobierno de Pedro S\u00e1nchez viene imponiendo desde 2020 queden autom\u00e1ticamente sin efecto, y que no se definan sobre plano hasta que esa administraci\u00f3n no ejecute las obras de defensa ante inundaciones que ten\u00edan que est\u00e1n ya ejecutadas para proteger a los vecinos de Campillo, Purias, Torrecilla y el resto de pedan\u00edas afectadas por este proceso, que se ha convertido en \u00abuna pesadilla\u00bb.<\/p>\n<p class=\"v1MsoNormal\">\u00c1ngel Meca ha subrayado que lo que Lorca necesita en este sentido por parte del Ministerio \u00abson inversiones, no mapas de ruina\u00bb, y ha recordado que estos mapas se han establecido unilateralmente por esa administraci\u00f3n, sin consultar ni a los vecinos, ni al Ayuntamiento ni al gobierno regional, ocultando los hipot\u00e9ticos criterios t\u00e9cnicos empleados para su confecci\u00f3n, dando lugar a una \u00abgran chapuza\u00bb, que, en vez de ayudar a la gente, les arruina la vida. En lugar de colores sobre un mapa, exigimos infraestructuras que les protejan.<\/p>\n<p class=\"v1MsoNormal\">El concejal de Agricultura ha querido dejar claro que este Ayuntamiento asume su gesti\u00f3n ante los ciudadanos y la respuesta operativa municipal cada vez que se registran precipitaciones, pero que todo el mundo tenga bien claro que la responsabilidad exclusiva de lo que ocurra en esta zona de Lorca por no ejecutar las obras de defensa ante inundaciones cae directamente sobre el Ministerio de Transici\u00f3n Ecol\u00f3gica. Estamos hartos de denunciar lo que est\u00e1 pasando y m\u00e1s hartos a\u00fan de ver c\u00f3mo pasan los a\u00f1os y pierden el tiempo. Es indignante tener que enterarnos a estas alturas por los medios de comunicaci\u00f3n de que la construcci\u00f3n de las presas de laminaci\u00f3n en las ramblas de B\u00e9jar, Torrecilla y Nogalte sigue sin licitarse, y que la de B\u00e9jar tambi\u00e9n permanece bloqueada y no saldr\u00e1 a licitaci\u00f3n al menos hasta 2026. En resumen, todo enmara\u00f1ado y sin avances, s\u00f3lo l\u00edos administrativos tras los que esconderse entre flagrantes incumplimientos de los planes de gesti\u00f3n de riesgos, junto a ciclos de planificaci\u00f3n manifiestamente in\u00fatiles.<\/p>\n","protected":false},"excerpt":{"rendered":"<p>\u00c1REA LORCA RADIO. Agua y agricultura. Escucha aqu\u00ed la entrevista que ha concedido el concejal de Agua y Agricultura del Ayuntamiento de Lorca, \u00c1ngel Meca a Paco S\u00e1nchez en el magazine de \u00c1rea Lorca Radio. Meca Ruzafa se ha mostrado contundente ante la negativa del Ministerio a construir las presas y diques de laminaci\u00f3n para [&hellip;]<\/p>\n","protected":false},"author":1,"featured_media":8162,"comment_status":"open","ping_status":"open","sticky":false,"template":"","format":"standard","meta":{"iawp_total_views":27,"footnotes":""},"categories":[5,7],"tags":[],"class_list":["post-8159","post","type-post","status-publish","format-standard","has-post-thumbnail","hentry","category-actualidad","category-lorca"],"yoast_head":"<!-- This site is optimized with the Yoast SEO plugin v27.5 - https:\/\/yoast.com\/product\/yoast-seo-wordpress\/ -->\n<title>El Ayuntamiento de Lorca exige que las Zonas de Flujo Preferente no se establezcan hasta que se ejecuten las obras del Plan de Defensa de Inundaciones\u00a0 - AREA LORCA RADIO<\/title>\n<meta name=\"robots\" content=\"index, follow, max-snippet:-1, max-image-preview:large, max-video-preview:-1\" \/>\n<link rel=\"canonical\" href=\"https:\/\/arealorcaradio.es\/index.php\/2025\/10\/14\/el-ayuntamiento-de-lorca-exige-que-las-zonas-de-flujo-preferente-no-se-establezcan-hasta-que-se-ejecuten-las-obras-del-plan-de-defensa-de-inundaciones\/\" \/>\n<meta property=\"og:locale\" content=\"es_ES\" \/>\n<meta property=\"og:type\" content=\"article\" \/>\n<meta property=\"og:title\" content=\"El Ayuntamiento de Lorca exige que las Zonas de Flujo Preferente no se establezcan hasta que se ejecuten las obras del Plan de Defensa de Inundaciones\u00a0 - AREA LORCA RADIO\" \/>\n<meta property=\"og:description\" content=\"\u00c1REA LORCA RADIO. Agua y agricultura. Escucha aqu\u00ed la entrevista que ha concedido el concejal de Agua y Agricultura del Ayuntamiento de Lorca, \u00c1ngel Meca a Paco S\u00e1nchez en el magazine de \u00c1rea Lorca Radio. Meca Ruzafa se ha mostrado contundente ante la negativa del Ministerio a construir las presas y diques de laminaci\u00f3n para [&hellip;]\" \/>\n<meta property=\"og:url\" content=\"https:\/\/arealorcaradio.es\/index.php\/2025\/10\/14\/el-ayuntamiento-de-lorca-exige-que-las-zonas-de-flujo-preferente-no-se-establezcan-hasta-que-se-ejecuten-las-obras-del-plan-de-defensa-de-inundaciones\/\" \/>\n<meta property=\"og:site_name\" content=\"AREA LORCA RADIO\" \/>\n<meta property=\"article:published_time\" content=\"2025-10-14T16:55:08+00:00\" \/>\n<meta property=\"article:modified_time\" content=\"2025-10-14T16:58:41+00:00\" \/>\n<meta property=\"og:image\" content=\"https:\/\/arealorcaradio.es\/wp-content\/uploads\/2025\/10\/20251014_172752-scaled.jpg\" \/>\n\t<meta property=\"og:image:width\" content=\"2560\" \/>\n\t<meta property=\"og:image:height\" content=\"1920\" \/>\n\t<meta property=\"og:image:type\" content=\"image\/jpeg\" \/>\n<meta name=\"author\" content=\"Paco S\u00e1nchez\" \/>\n<meta name=\"twitter:card\" content=\"summary_large_image\" \/>\n<meta name=\"twitter:label1\" content=\"Escrito por\" \/>\n\t<meta name=\"twitter:data1\" content=\"Paco S\u00e1nchez\" \/>\n\t<meta name=\"twitter:label2\" content=\"Tiempo de lectura\" \/>\n\t<meta name=\"twitter:data2\" content=\"4 minutos\" \/>\n<script type=\"application\/ld+json\" class=\"yoast-schema-graph\">{\"@context\":\"https:\\\/\\\/schema.org\",\"@graph\":[{\"@type\":\"Article\",\"@id\":\"https:\\\/\\\/arealorcaradio.es\\\/index.php\\\/2025\\\/10\\\/14\\\/el-ayuntamiento-de-lorca-exige-que-las-zonas-de-flujo-preferente-no-se-establezcan-hasta-que-se-ejecuten-las-obras-del-plan-de-defensa-de-inundaciones\\\/#article\",\"isPartOf\":{\"@id\":\"https:\\\/\\\/arealorcaradio.es\\\/index.php\\\/2025\\\/10\\\/14\\\/el-ayuntamiento-de-lorca-exige-que-las-zonas-de-flujo-preferente-no-se-establezcan-hasta-que-se-ejecuten-las-obras-del-plan-de-defensa-de-inundaciones\\\/\"},\"author\":{\"name\":\"Paco S\u00e1nchez\",\"@id\":\"https:\\\/\\\/arealorcaradio.es\\\/#\\\/schema\\\/person\\\/9fae605fc25b0f2c83c1ab207139bd27\"},\"headline\":\"El Ayuntamiento de Lorca exige que las Zonas de Flujo Preferente no se establezcan hasta que se ejecuten las obras del Plan de Defensa de Inundaciones\u00a0\",\"datePublished\":\"2025-10-14T16:55:08+00:00\",\"dateModified\":\"2025-10-14T16:58:41+00:00\",\"mainEntityOfPage\":{\"@id\":\"https:\\\/\\\/arealorcaradio.es\\\/index.php\\\/2025\\\/10\\\/14\\\/el-ayuntamiento-de-lorca-exige-que-las-zonas-de-flujo-preferente-no-se-establezcan-hasta-que-se-ejecuten-las-obras-del-plan-de-defensa-de-inundaciones\\\/\"},\"wordCount\":712,\"commentCount\":0,\"image\":{\"@id\":\"https:\\\/\\\/arealorcaradio.es\\\/index.php\\\/2025\\\/10\\\/14\\\/el-ayuntamiento-de-lorca-exige-que-las-zonas-de-flujo-preferente-no-se-establezcan-hasta-que-se-ejecuten-las-obras-del-plan-de-defensa-de-inundaciones\\\/#primaryimage\"},\"thumbnailUrl\":\"https:\\\/\\\/arealorcaradio.es\\\/wp-content\\\/uploads\\\/2025\\\/10\\\/20251014_172752-scaled.jpg\",\"articleSection\":[\"ACTUALIDAD\",\"LORCA\"],\"inLanguage\":\"es\",\"potentialAction\":[{\"@type\":\"CommentAction\",\"name\":\"Comment\",\"target\":[\"https:\\\/\\\/arealorcaradio.es\\\/index.php\\\/2025\\\/10\\\/14\\\/el-ayuntamiento-de-lorca-exige-que-las-zonas-de-flujo-preferente-no-se-establezcan-hasta-que-se-ejecuten-las-obras-del-plan-de-defensa-de-inundaciones\\\/#respond\"]}]},{\"@type\":\"WebPage\",\"@id\":\"https:\\\/\\\/arealorcaradio.es\\\/index.php\\\/2025\\\/10\\\/14\\\/el-ayuntamiento-de-lorca-exige-que-las-zonas-de-flujo-preferente-no-se-establezcan-hasta-que-se-ejecuten-las-obras-del-plan-de-defensa-de-inundaciones\\\/\",\"url\":\"https:\\\/\\\/arealorcaradio.es\\\/index.php\\\/2025\\\/10\\\/14\\\/el-ayuntamiento-de-lorca-exige-que-las-zonas-de-flujo-preferente-no-se-establezcan-hasta-que-se-ejecuten-las-obras-del-plan-de-defensa-de-inundaciones\\\/\",\"name\":\"El Ayuntamiento de Lorca exige que las Zonas de Flujo Preferente no se establezcan hasta que se ejecuten las obras del Plan de Defensa de Inundaciones\u00a0 - AREA LORCA RADIO\",\"isPartOf\":{\"@id\":\"https:\\\/\\\/arealorcaradio.es\\\/#website\"},\"primaryImageOfPage\":{\"@id\":\"https:\\\/\\\/arealorcaradio.es\\\/index.php\\\/2025\\\/10\\\/14\\\/el-ayuntamiento-de-lorca-exige-que-las-zonas-de-flujo-preferente-no-se-establezcan-hasta-que-se-ejecuten-las-obras-del-plan-de-defensa-de-inundaciones\\\/#primaryimage\"},\"image\":{\"@id\":\"https:\\\/\\\/arealorcaradio.es\\\/index.php\\\/2025\\\/10\\\/14\\\/el-ayuntamiento-de-lorca-exige-que-las-zonas-de-flujo-preferente-no-se-establezcan-hasta-que-se-ejecuten-las-obras-del-plan-de-defensa-de-inundaciones\\\/#primaryimage\"},\"thumbnailUrl\":\"https:\\\/\\\/arealorcaradio.es\\\/wp-content\\\/uploads\\\/2025\\\/10\\\/20251014_172752-scaled.jpg\",\"datePublished\":\"2025-10-14T16:55:08+00:00\",\"dateModified\":\"2025-10-14T16:58:41+00:00\",\"author\":{\"@id\":\"https:\\\/\\\/arealorcaradio.es\\\/#\\\/schema\\\/person\\\/9fae605fc25b0f2c83c1ab207139bd27\"},\"breadcrumb\":{\"@id\":\"https:\\\/\\\/arealorcaradio.es\\\/index.php\\\/2025\\\/10\\\/14\\\/el-ayuntamiento-de-lorca-exige-que-las-zonas-de-flujo-preferente-no-se-establezcan-hasta-que-se-ejecuten-las-obras-del-plan-de-defensa-de-inundaciones\\\/#breadcrumb\"},\"inLanguage\":\"es\",\"potentialAction\":[{\"@type\":\"ReadAction\",\"target\":[\"https:\\\/\\\/arealorcaradio.es\\\/index.php\\\/2025\\\/10\\\/14\\\/el-ayuntamiento-de-lorca-exige-que-las-zonas-de-flujo-preferente-no-se-establezcan-hasta-que-se-ejecuten-las-obras-del-plan-de-defensa-de-inundaciones\\\/\"]}]},{\"@type\":\"ImageObject\",\"inLanguage\":\"es\",\"@id\":\"https:\\\/\\\/arealorcaradio.es\\\/index.php\\\/2025\\\/10\\\/14\\\/el-ayuntamiento-de-lorca-exige-que-las-zonas-de-flujo-preferente-no-se-establezcan-hasta-que-se-ejecuten-las-obras-del-plan-de-defensa-de-inundaciones\\\/#primaryimage\",\"url\":\"https:\\\/\\\/arealorcaradio.es\\\/wp-content\\\/uploads\\\/2025\\\/10\\\/20251014_172752-scaled.jpg\",\"contentUrl\":\"https:\\\/\\\/arealorcaradio.es\\\/wp-content\\\/uploads\\\/2025\\\/10\\\/20251014_172752-scaled.jpg\",\"width\":2560,\"height\":1920},{\"@type\":\"BreadcrumbList\",\"@id\":\"https:\\\/\\\/arealorcaradio.es\\\/index.php\\\/2025\\\/10\\\/14\\\/el-ayuntamiento-de-lorca-exige-que-las-zonas-de-flujo-preferente-no-se-establezcan-hasta-que-se-ejecuten-las-obras-del-plan-de-defensa-de-inundaciones\\\/#breadcrumb\",\"itemListElement\":[{\"@type\":\"ListItem\",\"position\":1,\"name\":\"Portada\",\"item\":\"https:\\\/\\\/arealorcaradio.es\\\/\"},{\"@type\":\"ListItem\",\"position\":2,\"name\":\"El Ayuntamiento de Lorca exige que las Zonas de Flujo Preferente no se establezcan hasta que se ejecuten las obras del Plan de Defensa de Inundaciones\u00a0\"}]},{\"@type\":\"WebSite\",\"@id\":\"https:\\\/\\\/arealorcaradio.es\\\/#website\",\"url\":\"https:\\\/\\\/arealorcaradio.es\\\/\",\"name\":\"AREA LORCA RADIO\",\"description\":\"Descubre la programaci\u00f3n actual en \u00c1rea Lorca Radio, tu fuente de entrenamiento y noticias locales. Sintoniza ahora y mantente conectado online.\",\"potentialAction\":[{\"@type\":\"SearchAction\",\"target\":{\"@type\":\"EntryPoint\",\"urlTemplate\":\"https:\\\/\\\/arealorcaradio.es\\\/?s={search_term_string}\"},\"query-input\":{\"@type\":\"PropertyValueSpecification\",\"valueRequired\":true,\"valueName\":\"search_term_string\"}}],\"inLanguage\":\"es\"},{\"@type\":\"Person\",\"@id\":\"https:\\\/\\\/arealorcaradio.es\\\/#\\\/schema\\\/person\\\/9fae605fc25b0f2c83c1ab207139bd27\",\"name\":\"Paco S\u00e1nchez\",\"image\":{\"@type\":\"ImageObject\",\"inLanguage\":\"es\",\"@id\":\"https:\\\/\\\/secure.gravatar.com\\\/avatar\\\/d67144e966420fb74aa84c9f2a0103be4724fd14db52b52d3b6bca749f257e79?s=96&d=mm&r=g\",\"url\":\"https:\\\/\\\/secure.gravatar.com\\\/avatar\\\/d67144e966420fb74aa84c9f2a0103be4724fd14db52b52d3b6bca749f257e79?s=96&d=mm&r=g\",\"contentUrl\":\"https:\\\/\\\/secure.gravatar.com\\\/avatar\\\/d67144e966420fb74aa84c9f2a0103be4724fd14db52b52d3b6bca749f257e79?s=96&d=mm&r=g\",\"caption\":\"Paco S\u00e1nchez\"},\"sameAs\":[\"https:\\\/\\\/arealorcaradio.es\"],\"url\":\"https:\\\/\\\/arealorcaradio.es\\\/index.php\\\/author\\\/admin_alorcaradio\\\/\"}]}<\/script>\n<!-- \/ Yoast SEO plugin. -->","yoast_head_json":{"title":"El Ayuntamiento de Lorca exige que las Zonas de Flujo Preferente no se establezcan hasta que se ejecuten las obras del Plan de Defensa de Inundaciones\u00a0 - AREA LORCA RADIO","robots":{"index":"index","follow":"follow","max-snippet":"max-snippet:-1","max-image-preview":"max-image-preview:large","max-video-preview":"max-video-preview:-1"},"canonical":"https:\/\/arealorcaradio.es\/index.php\/2025\/10\/14\/el-ayuntamiento-de-lorca-exige-que-las-zonas-de-flujo-preferente-no-se-establezcan-hasta-que-se-ejecuten-las-obras-del-plan-de-defensa-de-inundaciones\/","og_locale":"es_ES","og_type":"article","og_title":"El Ayuntamiento de Lorca exige que las Zonas de Flujo Preferente no se establezcan hasta que se ejecuten las obras del Plan de Defensa de Inundaciones\u00a0 - AREA LORCA RADIO","og_description":"\u00c1REA LORCA RADIO. Agua y agricultura. Escucha aqu\u00ed la entrevista que ha concedido el concejal de Agua y Agricultura del Ayuntamiento de Lorca, \u00c1ngel Meca a Paco S\u00e1nchez en el magazine de \u00c1rea Lorca Radio. Meca Ruzafa se ha mostrado contundente ante la negativa del Ministerio a construir las presas y diques de laminaci\u00f3n para [&hellip;]","og_url":"https:\/\/arealorcaradio.es\/index.php\/2025\/10\/14\/el-ayuntamiento-de-lorca-exige-que-las-zonas-de-flujo-preferente-no-se-establezcan-hasta-que-se-ejecuten-las-obras-del-plan-de-defensa-de-inundaciones\/","og_site_name":"AREA LORCA RADIO","article_published_time":"2025-10-14T16:55:08+00:00","article_modified_time":"2025-10-14T16:58:41+00:00","og_image":[{"width":2560,"height":1920,"url":"https:\/\/arealorcaradio.es\/wp-content\/uploads\/2025\/10\/20251014_172752-scaled.jpg","type":"image\/jpeg"}],"author":"Paco S\u00e1nchez","twitter_card":"summary_large_image","twitter_misc":{"Escrito por":"Paco S\u00e1nchez","Tiempo de lectura":"4 minutos"},"schema":{"@context":"https:\/\/schema.org","@graph":[{"@type":"Article","@id":"https:\/\/arealorcaradio.es\/index.php\/2025\/10\/14\/el-ayuntamiento-de-lorca-exige-que-las-zonas-de-flujo-preferente-no-se-establezcan-hasta-que-se-ejecuten-las-obras-del-plan-de-defensa-de-inundaciones\/#article","isPartOf":{"@id":"https:\/\/arealorcaradio.es\/index.php\/2025\/10\/14\/el-ayuntamiento-de-lorca-exige-que-las-zonas-de-flujo-preferente-no-se-establezcan-hasta-que-se-ejecuten-las-obras-del-plan-de-defensa-de-inundaciones\/"},"author":{"name":"Paco S\u00e1nchez","@id":"https:\/\/arealorcaradio.es\/#\/schema\/person\/9fae605fc25b0f2c83c1ab207139bd27"},"headline":"El Ayuntamiento de Lorca exige que las Zonas de Flujo Preferente no se establezcan hasta que se ejecuten las obras del Plan de Defensa de Inundaciones\u00a0","datePublished":"2025-10-14T16:55:08+00:00","dateModified":"2025-10-14T16:58:41+00:00","mainEntityOfPage":{"@id":"https:\/\/arealorcaradio.es\/index.php\/2025\/10\/14\/el-ayuntamiento-de-lorca-exige-que-las-zonas-de-flujo-preferente-no-se-establezcan-hasta-que-se-ejecuten-las-obras-del-plan-de-defensa-de-inundaciones\/"},"wordCount":712,"commentCount":0,"image":{"@id":"https:\/\/arealorcaradio.es\/index.php\/2025\/10\/14\/el-ayuntamiento-de-lorca-exige-que-las-zonas-de-flujo-preferente-no-se-establezcan-hasta-que-se-ejecuten-las-obras-del-plan-de-defensa-de-inundaciones\/#primaryimage"},"thumbnailUrl":"https:\/\/arealorcaradio.es\/wp-content\/uploads\/2025\/10\/20251014_172752-scaled.jpg","articleSection":["ACTUALIDAD","LORCA"],"inLanguage":"es","potentialAction":[{"@type":"CommentAction","name":"Comment","target":["https:\/\/arealorcaradio.es\/index.php\/2025\/10\/14\/el-ayuntamiento-de-lorca-exige-que-las-zonas-de-flujo-preferente-no-se-establezcan-hasta-que-se-ejecuten-las-obras-del-plan-de-defensa-de-inundaciones\/#respond"]}]},{"@type":"WebPage","@id":"https:\/\/arealorcaradio.es\/index.php\/2025\/10\/14\/el-ayuntamiento-de-lorca-exige-que-las-zonas-de-flujo-preferente-no-se-establezcan-hasta-que-se-ejecuten-las-obras-del-plan-de-defensa-de-inundaciones\/","url":"https:\/\/arealorcaradio.es\/index.php\/2025\/10\/14\/el-ayuntamiento-de-lorca-exige-que-las-zonas-de-flujo-preferente-no-se-establezcan-hasta-que-se-ejecuten-las-obras-del-plan-de-defensa-de-inundaciones\/","name":"El Ayuntamiento de Lorca exige que las Zonas de Flujo Preferente no se establezcan hasta que se ejecuten las obras del Plan de Defensa de Inundaciones\u00a0 - AREA LORCA RADIO","isPartOf":{"@id":"https:\/\/arealorcaradio.es\/#website"},"primaryImageOfPage":{"@id":"https:\/\/arealorcaradio.es\/index.php\/2025\/10\/14\/el-ayuntamiento-de-lorca-exige-que-las-zonas-de-flujo-preferente-no-se-establezcan-hasta-que-se-ejecuten-las-obras-del-plan-de-defensa-de-inundaciones\/#primaryimage"},"image":{"@id":"https:\/\/arealorcaradio.es\/index.php\/2025\/10\/14\/el-ayuntamiento-de-lorca-exige-que-las-zonas-de-flujo-preferente-no-se-establezcan-hasta-que-se-ejecuten-las-obras-del-plan-de-defensa-de-inundaciones\/#primaryimage"},"thumbnailUrl":"https:\/\/arealorcaradio.es\/wp-content\/uploads\/2025\/10\/20251014_172752-scaled.jpg","datePublished":"2025-10-14T16:55:08+00:00","dateModified":"2025-10-14T16:58:41+00:00","author":{"@id":"https:\/\/arealorcaradio.es\/#\/schema\/person\/9fae605fc25b0f2c83c1ab207139bd27"},"breadcrumb":{"@id":"https:\/\/arealorcaradio.es\/index.php\/2025\/10\/14\/el-ayuntamiento-de-lorca-exige-que-las-zonas-de-flujo-preferente-no-se-establezcan-hasta-que-se-ejecuten-las-obras-del-plan-de-defensa-de-inundaciones\/#breadcrumb"},"inLanguage":"es","potentialAction":[{"@type":"ReadAction","target":["https:\/\/arealorcaradio.es\/index.php\/2025\/10\/14\/el-ayuntamiento-de-lorca-exige-que-las-zonas-de-flujo-preferente-no-se-establezcan-hasta-que-se-ejecuten-las-obras-del-plan-de-defensa-de-inundaciones\/"]}]},{"@type":"ImageObject","inLanguage":"es","@id":"https:\/\/arealorcaradio.es\/index.php\/2025\/10\/14\/el-ayuntamiento-de-lorca-exige-que-las-zonas-de-flujo-preferente-no-se-establezcan-hasta-que-se-ejecuten-las-obras-del-plan-de-defensa-de-inundaciones\/#primaryimage","url":"https:\/\/arealorcaradio.es\/wp-content\/uploads\/2025\/10\/20251014_172752-scaled.jpg","contentUrl":"https:\/\/arealorcaradio.es\/wp-content\/uploads\/2025\/10\/20251014_172752-scaled.jpg","width":2560,"height":1920},{"@type":"BreadcrumbList","@id":"https:\/\/arealorcaradio.es\/index.php\/2025\/10\/14\/el-ayuntamiento-de-lorca-exige-que-las-zonas-de-flujo-preferente-no-se-establezcan-hasta-que-se-ejecuten-las-obras-del-plan-de-defensa-de-inundaciones\/#breadcrumb","itemListElement":[{"@type":"ListItem","position":1,"name":"Portada","item":"https:\/\/arealorcaradio.es\/"},{"@type":"ListItem","position":2,"name":"El Ayuntamiento de Lorca exige que las Zonas de Flujo Preferente no se establezcan hasta que se ejecuten las obras del Plan de Defensa de Inundaciones\u00a0"}]},{"@type":"WebSite","@id":"https:\/\/arealorcaradio.es\/#website","url":"https:\/\/arealorcaradio.es\/","name":"AREA LORCA RADIO","description":"Descubre la programaci\u00f3n actual en \u00c1rea Lorca Radio, tu fuente de entrenamiento y noticias locales. Sintoniza ahora y mantente conectado online.","potentialAction":[{"@type":"SearchAction","target":{"@type":"EntryPoint","urlTemplate":"https:\/\/arealorcaradio.es\/?s={search_term_string}"},"query-input":{"@type":"PropertyValueSpecification","valueRequired":true,"valueName":"search_term_string"}}],"inLanguage":"es"},{"@type":"Person","@id":"https:\/\/arealorcaradio.es\/#\/schema\/person\/9fae605fc25b0f2c83c1ab207139bd27","name":"Paco S\u00e1nchez","image":{"@type":"ImageObject","inLanguage":"es","@id":"https:\/\/secure.gravatar.com\/avatar\/d67144e966420fb74aa84c9f2a0103be4724fd14db52b52d3b6bca749f257e79?s=96&d=mm&r=g","url":"https:\/\/secure.gravatar.com\/avatar\/d67144e966420fb74aa84c9f2a0103be4724fd14db52b52d3b6bca749f257e79?s=96&d=mm&r=g","contentUrl":"https:\/\/secure.gravatar.com\/avatar\/d67144e966420fb74aa84c9f2a0103be4724fd14db52b52d3b6bca749f257e79?s=96&d=mm&r=g","caption":"Paco S\u00e1nchez"},"sameAs":["https:\/\/arealorcaradio.es"],"url":"https:\/\/arealorcaradio.es\/index.php\/author\/admin_alorcaradio\/"}]}},"_links":{"self":[{"href":"https:\/\/arealorcaradio.es\/index.php\/wp-json\/wp\/v2\/posts\/8159","targetHints":{"allow":["GET"]}}],"collection":[{"href":"https:\/\/arealorcaradio.es\/index.php\/wp-json\/wp\/v2\/posts"}],"about":[{"href":"https:\/\/arealorcaradio.es\/index.php\/wp-json\/wp\/v2\/types\/post"}],"author":[{"embeddable":true,"href":"https:\/\/arealorcaradio.es\/index.php\/wp-json\/wp\/v2\/users\/1"}],"replies":[{"embeddable":true,"href":"https:\/\/arealorcaradio.es\/index.php\/wp-json\/wp\/v2\/comments?post=8159"}],"version-history":[{"count":1,"href":"https:\/\/arealorcaradio.es\/index.php\/wp-json\/wp\/v2\/posts\/8159\/revisions"}],"predecessor-version":[{"id":8163,"href":"https:\/\/arealorcaradio.es\/index.php\/wp-json\/wp\/v2\/posts\/8159\/revisions\/8163"}],"wp:featuredmedia":[{"embeddable":true,"href":"https:\/\/arealorcaradio.es\/index.php\/wp-json\/wp\/v2\/media\/8162"}],"wp:attachment":[{"href":"https:\/\/arealorcaradio.es\/index.php\/wp-json\/wp\/v2\/media?parent=8159"}],"wp:term":[{"taxonomy":"category","embeddable":true,"href":"https:\/\/arealorcaradio.es\/index.php\/wp-json\/wp\/v2\/categories?post=8159"},{"taxonomy":"post_tag","embeddable":true,"href":"https:\/\/arealorcaradio.es\/index.php\/wp-json\/wp\/v2\/tags?post=8159"}],"curies":[{"name":"wp","href":"https:\/\/api.w.org\/{rel}","templated":true}]}}