{"id":8136,"date":"2025-10-09T16:56:15","date_gmt":"2025-10-09T16:56:15","guid":{"rendered":"https:\/\/arealorcaradio.es\/?p=8136"},"modified":"2025-10-09T16:58:35","modified_gmt":"2025-10-09T16:58:35","slug":"fulgencio-gil-lorca-necesita-una-actuacion-contundente-en-materia-de-inmigracion-los-inmigrantes-que-estan-en-situacion-irregular-y-los-que-comentan-delitos-deben-ser-expulsados-del-pais","status":"publish","type":"post","link":"https:\/\/arealorcaradio.es\/index.php\/2025\/10\/09\/fulgencio-gil-lorca-necesita-una-actuacion-contundente-en-materia-de-inmigracion-los-inmigrantes-que-estan-en-situacion-irregular-y-los-que-comentan-delitos-deben-ser-expulsados-del-pais\/","title":{"rendered":"Fulgencio Gil: \u00abLorca necesita una actuaci\u00f3n contundente en materia de inmigraci\u00f3n, los inmigrantes que est\u00e1n en situaci\u00f3n irregular y los que comentan delitos deben ser expulsados del pa\u00eds\u00bb"},"content":{"rendered":"<p><strong>\u00c1REA LORCA RADIO. Actualidad.<\/strong><\/p>\n<p>El alcalde de Lorca, Fulgencio Gil J\u00f3dar atend\u00eda a Paco S\u00e1nchez en su despacho de alcald\u00eda para hablar de temas de inter\u00e9s de los lorquinos en este arranque de curso pol\u00edtico tras las vacaciones estivales y la Feria y Fiestas de Lorca. Escucha aqu\u00ed la entrevista.<\/p>\n<audio class=\"wp-audio-shortcode\" id=\"audio-8136-1\" preload=\"none\" style=\"width: 100%;\" controls=\"controls\"><source type=\"audio\/mpeg\" src=\"https:\/\/arealorcaradio.es\/wp-content\/uploads\/2025\/10\/091025-FULGENCIO-GIL.-ENTREVISTA-EN-ALCALDIA.mp3?_=1\" \/><a href=\"https:\/\/arealorcaradio.es\/wp-content\/uploads\/2025\/10\/091025-FULGENCIO-GIL.-ENTREVISTA-EN-ALCALDIA.mp3\">https:\/\/arealorcaradio.es\/wp-content\/uploads\/2025\/10\/091025-FULGENCIO-GIL.-ENTREVISTA-EN-ALCALDIA.mp3<\/a><\/audio>\n<p><strong>Lorca 9 de octubre de 2025.<\/strong> Gil J\u00f3dar, ha hablado de la preocupaci\u00f3n que tienen miles de lorquinos afectados por las zonas de flujo preferente en varias pedan\u00edas de Lorca.<\/p>\n<p>Otro de los temas tratados ha sido la inmigraci\u00f3n y en este sentido el alcalde de Lorca ha mostrado su profunda preocupaci\u00f3n en este sentido, asegurando que \u00abLorca necesita una actuaci\u00f3n contundente en materia de extranjer\u00eda, Lorca lo esta sufriendo de manera permanente, tenemos una situaci\u00f3n dram\u00e1tica y la legislaci\u00f3n y la ley esta para cumplirla, aquellos inmigrantes que se encuentran en situaci\u00f3n irregular deben ser expulsados y los que cometen delitos deben ser expulsados al igual que est\u00e1n haciendo otros pa\u00edses\u00bb.<\/p>\n<p>Otros temas de los que ha hablado el alcalde de Lorca han sido: el soterramiento de la Alta Velocidad y el Corredor Mediterr\u00e1neo, la recuperaci\u00f3n del Casco Hist\u00f3rico, respecto a la soluci\u00f3n al arreglo de la carretera RM C-22 que une La Parroquia con la localidad almeriense de V\u00e9lez Rubio ha sido optimista, no tanto con el arreglo de la carretera que discurre entre Almendricos y La Campana.<\/p>\n","protected":false},"excerpt":{"rendered":"<p>\u00c1REA LORCA RADIO. Actualidad. El alcalde de Lorca, Fulgencio Gil J\u00f3dar atend\u00eda a Paco S\u00e1nchez en su despacho de alcald\u00eda para hablar de temas de inter\u00e9s de los lorquinos en este arranque de curso pol\u00edtico tras las vacaciones estivales y la Feria y Fiestas de Lorca. Escucha aqu\u00ed la entrevista. Lorca 9 de octubre de [&hellip;]<\/p>\n","protected":false},"author":1,"featured_media":8139,"comment_status":"open","ping_status":"open","sticky":false,"template":"","format":"standard","meta":{"iawp_total_views":69,"footnotes":""},"categories":[5,7],"tags":[],"class_list":["post-8136","post","type-post","status-publish","format-standard","has-post-thumbnail","hentry","category-actualidad","category-lorca"],"yoast_head":"<!-- This site is optimized with the Yoast SEO plugin v27.5 - https:\/\/yoast.com\/product\/yoast-seo-wordpress\/ -->\n<title>Fulgencio Gil: &quot;Lorca necesita una actuaci\u00f3n contundente en materia de inmigraci\u00f3n, los inmigrantes que est\u00e1n en situaci\u00f3n irregular y los que comentan delitos deben ser expulsados del pa\u00eds&quot; - AREA LORCA RADIO<\/title>\n<meta name=\"robots\" content=\"index, follow, max-snippet:-1, max-image-preview:large, max-video-preview:-1\" \/>\n<link rel=\"canonical\" href=\"https:\/\/arealorcaradio.es\/index.php\/2025\/10\/09\/fulgencio-gil-lorca-necesita-una-actuacion-contundente-en-materia-de-inmigracion-los-inmigrantes-que-estan-en-situacion-irregular-y-los-que-comentan-delitos-deben-ser-expulsados-del-pais\/\" \/>\n<meta property=\"og:locale\" content=\"es_ES\" \/>\n<meta property=\"og:type\" content=\"article\" \/>\n<meta property=\"og:title\" content=\"Fulgencio Gil: &quot;Lorca necesita una actuaci\u00f3n contundente en materia de inmigraci\u00f3n, los inmigrantes que est\u00e1n en situaci\u00f3n irregular y los que comentan delitos deben ser expulsados del pa\u00eds&quot; - AREA LORCA RADIO\" \/>\n<meta property=\"og:description\" content=\"\u00c1REA LORCA RADIO. Actualidad. El alcalde de Lorca, Fulgencio Gil J\u00f3dar atend\u00eda a Paco S\u00e1nchez en su despacho de alcald\u00eda para hablar de temas de inter\u00e9s de los lorquinos en este arranque de curso pol\u00edtico tras las vacaciones estivales y la Feria y Fiestas de Lorca. Escucha aqu\u00ed la entrevista. Lorca 9 de octubre de [&hellip;]\" \/>\n<meta property=\"og:url\" content=\"https:\/\/arealorcaradio.es\/index.php\/2025\/10\/09\/fulgencio-gil-lorca-necesita-una-actuacion-contundente-en-materia-de-inmigracion-los-inmigrantes-que-estan-en-situacion-irregular-y-los-que-comentan-delitos-deben-ser-expulsados-del-pais\/\" \/>\n<meta property=\"og:site_name\" content=\"AREA LORCA RADIO\" \/>\n<meta property=\"article:published_time\" content=\"2025-10-09T16:56:15+00:00\" \/>\n<meta property=\"article:modified_time\" content=\"2025-10-09T16:58:35+00:00\" \/>\n<meta property=\"og:image\" content=\"https:\/\/arealorcaradio.es\/wp-content\/uploads\/2025\/10\/20251009_130201-1-scaled.jpg\" \/>\n\t<meta property=\"og:image:width\" content=\"2560\" \/>\n\t<meta property=\"og:image:height\" content=\"1920\" \/>\n\t<meta property=\"og:image:type\" content=\"image\/jpeg\" \/>\n<meta name=\"author\" content=\"Paco S\u00e1nchez\" \/>\n<meta name=\"twitter:card\" content=\"summary_large_image\" \/>\n<meta name=\"twitter:label1\" content=\"Escrito por\" \/>\n\t<meta name=\"twitter:data1\" content=\"Paco S\u00e1nchez\" \/>\n\t<meta name=\"twitter:label2\" content=\"Tiempo de lectura\" \/>\n\t<meta name=\"twitter:data2\" content=\"2 minutos\" \/>\n<script type=\"application\/ld+json\" class=\"yoast-schema-graph\">{\"@context\":\"https:\\\/\\\/schema.org\",\"@graph\":[{\"@type\":\"Article\",\"@id\":\"https:\\\/\\\/arealorcaradio.es\\\/index.php\\\/2025\\\/10\\\/09\\\/fulgencio-gil-lorca-necesita-una-actuacion-contundente-en-materia-de-inmigracion-los-inmigrantes-que-estan-en-situacion-irregular-y-los-que-comentan-delitos-deben-ser-expulsados-del-pais\\\/#article\",\"isPartOf\":{\"@id\":\"https:\\\/\\\/arealorcaradio.es\\\/index.php\\\/2025\\\/10\\\/09\\\/fulgencio-gil-lorca-necesita-una-actuacion-contundente-en-materia-de-inmigracion-los-inmigrantes-que-estan-en-situacion-irregular-y-los-que-comentan-delitos-deben-ser-expulsados-del-pais\\\/\"},\"author\":{\"name\":\"Paco S\u00e1nchez\",\"@id\":\"https:\\\/\\\/arealorcaradio.es\\\/#\\\/schema\\\/person\\\/9fae605fc25b0f2c83c1ab207139bd27\"},\"headline\":\"Fulgencio Gil: \u00abLorca necesita una actuaci\u00f3n contundente en materia de inmigraci\u00f3n, los inmigrantes que est\u00e1n en situaci\u00f3n irregular y los que comentan delitos deben ser expulsados del pa\u00eds\u00bb\",\"datePublished\":\"2025-10-09T16:56:15+00:00\",\"dateModified\":\"2025-10-09T16:58:35+00:00\",\"mainEntityOfPage\":{\"@id\":\"https:\\\/\\\/arealorcaradio.es\\\/index.php\\\/2025\\\/10\\\/09\\\/fulgencio-gil-lorca-necesita-una-actuacion-contundente-en-materia-de-inmigracion-los-inmigrantes-que-estan-en-situacion-irregular-y-los-que-comentan-delitos-deben-ser-expulsados-del-pais\\\/\"},\"wordCount\":296,\"commentCount\":0,\"image\":{\"@id\":\"https:\\\/\\\/arealorcaradio.es\\\/index.php\\\/2025\\\/10\\\/09\\\/fulgencio-gil-lorca-necesita-una-actuacion-contundente-en-materia-de-inmigracion-los-inmigrantes-que-estan-en-situacion-irregular-y-los-que-comentan-delitos-deben-ser-expulsados-del-pais\\\/#primaryimage\"},\"thumbnailUrl\":\"https:\\\/\\\/arealorcaradio.es\\\/wp-content\\\/uploads\\\/2025\\\/10\\\/20251009_130201-1-scaled.jpg\",\"articleSection\":[\"ACTUALIDAD\",\"LORCA\"],\"inLanguage\":\"es\",\"potentialAction\":[{\"@type\":\"CommentAction\",\"name\":\"Comment\",\"target\":[\"https:\\\/\\\/arealorcaradio.es\\\/index.php\\\/2025\\\/10\\\/09\\\/fulgencio-gil-lorca-necesita-una-actuacion-contundente-en-materia-de-inmigracion-los-inmigrantes-que-estan-en-situacion-irregular-y-los-que-comentan-delitos-deben-ser-expulsados-del-pais\\\/#respond\"]}]},{\"@type\":\"WebPage\",\"@id\":\"https:\\\/\\\/arealorcaradio.es\\\/index.php\\\/2025\\\/10\\\/09\\\/fulgencio-gil-lorca-necesita-una-actuacion-contundente-en-materia-de-inmigracion-los-inmigrantes-que-estan-en-situacion-irregular-y-los-que-comentan-delitos-deben-ser-expulsados-del-pais\\\/\",\"url\":\"https:\\\/\\\/arealorcaradio.es\\\/index.php\\\/2025\\\/10\\\/09\\\/fulgencio-gil-lorca-necesita-una-actuacion-contundente-en-materia-de-inmigracion-los-inmigrantes-que-estan-en-situacion-irregular-y-los-que-comentan-delitos-deben-ser-expulsados-del-pais\\\/\",\"name\":\"Fulgencio Gil: \\\"Lorca necesita una actuaci\u00f3n contundente en materia de inmigraci\u00f3n, los inmigrantes que est\u00e1n en situaci\u00f3n irregular y los que comentan delitos deben ser expulsados del pa\u00eds\\\" - AREA LORCA RADIO\",\"isPartOf\":{\"@id\":\"https:\\\/\\\/arealorcaradio.es\\\/#website\"},\"primaryImageOfPage\":{\"@id\":\"https:\\\/\\\/arealorcaradio.es\\\/index.php\\\/2025\\\/10\\\/09\\\/fulgencio-gil-lorca-necesita-una-actuacion-contundente-en-materia-de-inmigracion-los-inmigrantes-que-estan-en-situacion-irregular-y-los-que-comentan-delitos-deben-ser-expulsados-del-pais\\\/#primaryimage\"},\"image\":{\"@id\":\"https:\\\/\\\/arealorcaradio.es\\\/index.php\\\/2025\\\/10\\\/09\\\/fulgencio-gil-lorca-necesita-una-actuacion-contundente-en-materia-de-inmigracion-los-inmigrantes-que-estan-en-situacion-irregular-y-los-que-comentan-delitos-deben-ser-expulsados-del-pais\\\/#primaryimage\"},\"thumbnailUrl\":\"https:\\\/\\\/arealorcaradio.es\\\/wp-content\\\/uploads\\\/2025\\\/10\\\/20251009_130201-1-scaled.jpg\",\"datePublished\":\"2025-10-09T16:56:15+00:00\",\"dateModified\":\"2025-10-09T16:58:35+00:00\",\"author\":{\"@id\":\"https:\\\/\\\/arealorcaradio.es\\\/#\\\/schema\\\/person\\\/9fae605fc25b0f2c83c1ab207139bd27\"},\"breadcrumb\":{\"@id\":\"https:\\\/\\\/arealorcaradio.es\\\/index.php\\\/2025\\\/10\\\/09\\\/fulgencio-gil-lorca-necesita-una-actuacion-contundente-en-materia-de-inmigracion-los-inmigrantes-que-estan-en-situacion-irregular-y-los-que-comentan-delitos-deben-ser-expulsados-del-pais\\\/#breadcrumb\"},\"inLanguage\":\"es\",\"potentialAction\":[{\"@type\":\"ReadAction\",\"target\":[\"https:\\\/\\\/arealorcaradio.es\\\/index.php\\\/2025\\\/10\\\/09\\\/fulgencio-gil-lorca-necesita-una-actuacion-contundente-en-materia-de-inmigracion-los-inmigrantes-que-estan-en-situacion-irregular-y-los-que-comentan-delitos-deben-ser-expulsados-del-pais\\\/\"]}]},{\"@type\":\"ImageObject\",\"inLanguage\":\"es\",\"@id\":\"https:\\\/\\\/arealorcaradio.es\\\/index.php\\\/2025\\\/10\\\/09\\\/fulgencio-gil-lorca-necesita-una-actuacion-contundente-en-materia-de-inmigracion-los-inmigrantes-que-estan-en-situacion-irregular-y-los-que-comentan-delitos-deben-ser-expulsados-del-pais\\\/#primaryimage\",\"url\":\"https:\\\/\\\/arealorcaradio.es\\\/wp-content\\\/uploads\\\/2025\\\/10\\\/20251009_130201-1-scaled.jpg\",\"contentUrl\":\"https:\\\/\\\/arealorcaradio.es\\\/wp-content\\\/uploads\\\/2025\\\/10\\\/20251009_130201-1-scaled.jpg\",\"width\":2560,\"height\":1920},{\"@type\":\"BreadcrumbList\",\"@id\":\"https:\\\/\\\/arealorcaradio.es\\\/index.php\\\/2025\\\/10\\\/09\\\/fulgencio-gil-lorca-necesita-una-actuacion-contundente-en-materia-de-inmigracion-los-inmigrantes-que-estan-en-situacion-irregular-y-los-que-comentan-delitos-deben-ser-expulsados-del-pais\\\/#breadcrumb\",\"itemListElement\":[{\"@type\":\"ListItem\",\"position\":1,\"name\":\"Portada\",\"item\":\"https:\\\/\\\/arealorcaradio.es\\\/\"},{\"@type\":\"ListItem\",\"position\":2,\"name\":\"Fulgencio Gil: \u00abLorca necesita una actuaci\u00f3n contundente en materia de inmigraci\u00f3n, los inmigrantes que est\u00e1n en situaci\u00f3n irregular y los que comentan delitos deben ser expulsados del pa\u00eds\u00bb\"}]},{\"@type\":\"WebSite\",\"@id\":\"https:\\\/\\\/arealorcaradio.es\\\/#website\",\"url\":\"https:\\\/\\\/arealorcaradio.es\\\/\",\"name\":\"AREA LORCA RADIO\",\"description\":\"Descubre la programaci\u00f3n actual en \u00c1rea Lorca Radio, tu fuente de entrenamiento y noticias locales. Sintoniza ahora y mantente conectado online.\",\"potentialAction\":[{\"@type\":\"SearchAction\",\"target\":{\"@type\":\"EntryPoint\",\"urlTemplate\":\"https:\\\/\\\/arealorcaradio.es\\\/?s={search_term_string}\"},\"query-input\":{\"@type\":\"PropertyValueSpecification\",\"valueRequired\":true,\"valueName\":\"search_term_string\"}}],\"inLanguage\":\"es\"},{\"@type\":\"Person\",\"@id\":\"https:\\\/\\\/arealorcaradio.es\\\/#\\\/schema\\\/person\\\/9fae605fc25b0f2c83c1ab207139bd27\",\"name\":\"Paco S\u00e1nchez\",\"image\":{\"@type\":\"ImageObject\",\"inLanguage\":\"es\",\"@id\":\"https:\\\/\\\/secure.gravatar.com\\\/avatar\\\/d67144e966420fb74aa84c9f2a0103be4724fd14db52b52d3b6bca749f257e79?s=96&d=mm&r=g\",\"url\":\"https:\\\/\\\/secure.gravatar.com\\\/avatar\\\/d67144e966420fb74aa84c9f2a0103be4724fd14db52b52d3b6bca749f257e79?s=96&d=mm&r=g\",\"contentUrl\":\"https:\\\/\\\/secure.gravatar.com\\\/avatar\\\/d67144e966420fb74aa84c9f2a0103be4724fd14db52b52d3b6bca749f257e79?s=96&d=mm&r=g\",\"caption\":\"Paco S\u00e1nchez\"},\"sameAs\":[\"https:\\\/\\\/arealorcaradio.es\"],\"url\":\"https:\\\/\\\/arealorcaradio.es\\\/index.php\\\/author\\\/admin_alorcaradio\\\/\"}]}<\/script>\n<!-- \/ Yoast SEO plugin. -->","yoast_head_json":{"title":"Fulgencio Gil: \"Lorca necesita una actuaci\u00f3n contundente en materia de inmigraci\u00f3n, los inmigrantes que est\u00e1n en situaci\u00f3n irregular y los que comentan delitos deben ser expulsados del pa\u00eds\" - AREA LORCA RADIO","robots":{"index":"index","follow":"follow","max-snippet":"max-snippet:-1","max-image-preview":"max-image-preview:large","max-video-preview":"max-video-preview:-1"},"canonical":"https:\/\/arealorcaradio.es\/index.php\/2025\/10\/09\/fulgencio-gil-lorca-necesita-una-actuacion-contundente-en-materia-de-inmigracion-los-inmigrantes-que-estan-en-situacion-irregular-y-los-que-comentan-delitos-deben-ser-expulsados-del-pais\/","og_locale":"es_ES","og_type":"article","og_title":"Fulgencio Gil: \"Lorca necesita una actuaci\u00f3n contundente en materia de inmigraci\u00f3n, los inmigrantes que est\u00e1n en situaci\u00f3n irregular y los que comentan delitos deben ser expulsados del pa\u00eds\" - AREA LORCA RADIO","og_description":"\u00c1REA LORCA RADIO. Actualidad. El alcalde de Lorca, Fulgencio Gil J\u00f3dar atend\u00eda a Paco S\u00e1nchez en su despacho de alcald\u00eda para hablar de temas de inter\u00e9s de los lorquinos en este arranque de curso pol\u00edtico tras las vacaciones estivales y la Feria y Fiestas de Lorca. Escucha aqu\u00ed la entrevista. Lorca 9 de octubre de [&hellip;]","og_url":"https:\/\/arealorcaradio.es\/index.php\/2025\/10\/09\/fulgencio-gil-lorca-necesita-una-actuacion-contundente-en-materia-de-inmigracion-los-inmigrantes-que-estan-en-situacion-irregular-y-los-que-comentan-delitos-deben-ser-expulsados-del-pais\/","og_site_name":"AREA LORCA RADIO","article_published_time":"2025-10-09T16:56:15+00:00","article_modified_time":"2025-10-09T16:58:35+00:00","og_image":[{"width":2560,"height":1920,"url":"https:\/\/arealorcaradio.es\/wp-content\/uploads\/2025\/10\/20251009_130201-1-scaled.jpg","type":"image\/jpeg"}],"author":"Paco S\u00e1nchez","twitter_card":"summary_large_image","twitter_misc":{"Escrito por":"Paco S\u00e1nchez","Tiempo de lectura":"2 minutos"},"schema":{"@context":"https:\/\/schema.org","@graph":[{"@type":"Article","@id":"https:\/\/arealorcaradio.es\/index.php\/2025\/10\/09\/fulgencio-gil-lorca-necesita-una-actuacion-contundente-en-materia-de-inmigracion-los-inmigrantes-que-estan-en-situacion-irregular-y-los-que-comentan-delitos-deben-ser-expulsados-del-pais\/#article","isPartOf":{"@id":"https:\/\/arealorcaradio.es\/index.php\/2025\/10\/09\/fulgencio-gil-lorca-necesita-una-actuacion-contundente-en-materia-de-inmigracion-los-inmigrantes-que-estan-en-situacion-irregular-y-los-que-comentan-delitos-deben-ser-expulsados-del-pais\/"},"author":{"name":"Paco S\u00e1nchez","@id":"https:\/\/arealorcaradio.es\/#\/schema\/person\/9fae605fc25b0f2c83c1ab207139bd27"},"headline":"Fulgencio Gil: \u00abLorca necesita una actuaci\u00f3n contundente en materia de inmigraci\u00f3n, los inmigrantes que est\u00e1n en situaci\u00f3n irregular y los que comentan delitos deben ser expulsados del pa\u00eds\u00bb","datePublished":"2025-10-09T16:56:15+00:00","dateModified":"2025-10-09T16:58:35+00:00","mainEntityOfPage":{"@id":"https:\/\/arealorcaradio.es\/index.php\/2025\/10\/09\/fulgencio-gil-lorca-necesita-una-actuacion-contundente-en-materia-de-inmigracion-los-inmigrantes-que-estan-en-situacion-irregular-y-los-que-comentan-delitos-deben-ser-expulsados-del-pais\/"},"wordCount":296,"commentCount":0,"image":{"@id":"https:\/\/arealorcaradio.es\/index.php\/2025\/10\/09\/fulgencio-gil-lorca-necesita-una-actuacion-contundente-en-materia-de-inmigracion-los-inmigrantes-que-estan-en-situacion-irregular-y-los-que-comentan-delitos-deben-ser-expulsados-del-pais\/#primaryimage"},"thumbnailUrl":"https:\/\/arealorcaradio.es\/wp-content\/uploads\/2025\/10\/20251009_130201-1-scaled.jpg","articleSection":["ACTUALIDAD","LORCA"],"inLanguage":"es","potentialAction":[{"@type":"CommentAction","name":"Comment","target":["https:\/\/arealorcaradio.es\/index.php\/2025\/10\/09\/fulgencio-gil-lorca-necesita-una-actuacion-contundente-en-materia-de-inmigracion-los-inmigrantes-que-estan-en-situacion-irregular-y-los-que-comentan-delitos-deben-ser-expulsados-del-pais\/#respond"]}]},{"@type":"WebPage","@id":"https:\/\/arealorcaradio.es\/index.php\/2025\/10\/09\/fulgencio-gil-lorca-necesita-una-actuacion-contundente-en-materia-de-inmigracion-los-inmigrantes-que-estan-en-situacion-irregular-y-los-que-comentan-delitos-deben-ser-expulsados-del-pais\/","url":"https:\/\/arealorcaradio.es\/index.php\/2025\/10\/09\/fulgencio-gil-lorca-necesita-una-actuacion-contundente-en-materia-de-inmigracion-los-inmigrantes-que-estan-en-situacion-irregular-y-los-que-comentan-delitos-deben-ser-expulsados-del-pais\/","name":"Fulgencio Gil: \"Lorca necesita una actuaci\u00f3n contundente en materia de inmigraci\u00f3n, los inmigrantes que est\u00e1n en situaci\u00f3n irregular y los que comentan delitos deben ser expulsados del pa\u00eds\" - AREA LORCA RADIO","isPartOf":{"@id":"https:\/\/arealorcaradio.es\/#website"},"primaryImageOfPage":{"@id":"https:\/\/arealorcaradio.es\/index.php\/2025\/10\/09\/fulgencio-gil-lorca-necesita-una-actuacion-contundente-en-materia-de-inmigracion-los-inmigrantes-que-estan-en-situacion-irregular-y-los-que-comentan-delitos-deben-ser-expulsados-del-pais\/#primaryimage"},"image":{"@id":"https:\/\/arealorcaradio.es\/index.php\/2025\/10\/09\/fulgencio-gil-lorca-necesita-una-actuacion-contundente-en-materia-de-inmigracion-los-inmigrantes-que-estan-en-situacion-irregular-y-los-que-comentan-delitos-deben-ser-expulsados-del-pais\/#primaryimage"},"thumbnailUrl":"https:\/\/arealorcaradio.es\/wp-content\/uploads\/2025\/10\/20251009_130201-1-scaled.jpg","datePublished":"2025-10-09T16:56:15+00:00","dateModified":"2025-10-09T16:58:35+00:00","author":{"@id":"https:\/\/arealorcaradio.es\/#\/schema\/person\/9fae605fc25b0f2c83c1ab207139bd27"},"breadcrumb":{"@id":"https:\/\/arealorcaradio.es\/index.php\/2025\/10\/09\/fulgencio-gil-lorca-necesita-una-actuacion-contundente-en-materia-de-inmigracion-los-inmigrantes-que-estan-en-situacion-irregular-y-los-que-comentan-delitos-deben-ser-expulsados-del-pais\/#breadcrumb"},"inLanguage":"es","potentialAction":[{"@type":"ReadAction","target":["https:\/\/arealorcaradio.es\/index.php\/2025\/10\/09\/fulgencio-gil-lorca-necesita-una-actuacion-contundente-en-materia-de-inmigracion-los-inmigrantes-que-estan-en-situacion-irregular-y-los-que-comentan-delitos-deben-ser-expulsados-del-pais\/"]}]},{"@type":"ImageObject","inLanguage":"es","@id":"https:\/\/arealorcaradio.es\/index.php\/2025\/10\/09\/fulgencio-gil-lorca-necesita-una-actuacion-contundente-en-materia-de-inmigracion-los-inmigrantes-que-estan-en-situacion-irregular-y-los-que-comentan-delitos-deben-ser-expulsados-del-pais\/#primaryimage","url":"https:\/\/arealorcaradio.es\/wp-content\/uploads\/2025\/10\/20251009_130201-1-scaled.jpg","contentUrl":"https:\/\/arealorcaradio.es\/wp-content\/uploads\/2025\/10\/20251009_130201-1-scaled.jpg","width":2560,"height":1920},{"@type":"BreadcrumbList","@id":"https:\/\/arealorcaradio.es\/index.php\/2025\/10\/09\/fulgencio-gil-lorca-necesita-una-actuacion-contundente-en-materia-de-inmigracion-los-inmigrantes-que-estan-en-situacion-irregular-y-los-que-comentan-delitos-deben-ser-expulsados-del-pais\/#breadcrumb","itemListElement":[{"@type":"ListItem","position":1,"name":"Portada","item":"https:\/\/arealorcaradio.es\/"},{"@type":"ListItem","position":2,"name":"Fulgencio Gil: \u00abLorca necesita una actuaci\u00f3n contundente en materia de inmigraci\u00f3n, los inmigrantes que est\u00e1n en situaci\u00f3n irregular y los que comentan delitos deben ser expulsados del pa\u00eds\u00bb"}]},{"@type":"WebSite","@id":"https:\/\/arealorcaradio.es\/#website","url":"https:\/\/arealorcaradio.es\/","name":"AREA LORCA RADIO","description":"Descubre la programaci\u00f3n actual en \u00c1rea Lorca Radio, tu fuente de entrenamiento y noticias locales. Sintoniza ahora y mantente conectado online.","potentialAction":[{"@type":"SearchAction","target":{"@type":"EntryPoint","urlTemplate":"https:\/\/arealorcaradio.es\/?s={search_term_string}"},"query-input":{"@type":"PropertyValueSpecification","valueRequired":true,"valueName":"search_term_string"}}],"inLanguage":"es"},{"@type":"Person","@id":"https:\/\/arealorcaradio.es\/#\/schema\/person\/9fae605fc25b0f2c83c1ab207139bd27","name":"Paco S\u00e1nchez","image":{"@type":"ImageObject","inLanguage":"es","@id":"https:\/\/secure.gravatar.com\/avatar\/d67144e966420fb74aa84c9f2a0103be4724fd14db52b52d3b6bca749f257e79?s=96&d=mm&r=g","url":"https:\/\/secure.gravatar.com\/avatar\/d67144e966420fb74aa84c9f2a0103be4724fd14db52b52d3b6bca749f257e79?s=96&d=mm&r=g","contentUrl":"https:\/\/secure.gravatar.com\/avatar\/d67144e966420fb74aa84c9f2a0103be4724fd14db52b52d3b6bca749f257e79?s=96&d=mm&r=g","caption":"Paco S\u00e1nchez"},"sameAs":["https:\/\/arealorcaradio.es"],"url":"https:\/\/arealorcaradio.es\/index.php\/author\/admin_alorcaradio\/"}]}},"_links":{"self":[{"href":"https:\/\/arealorcaradio.es\/index.php\/wp-json\/wp\/v2\/posts\/8136","targetHints":{"allow":["GET"]}}],"collection":[{"href":"https:\/\/arealorcaradio.es\/index.php\/wp-json\/wp\/v2\/posts"}],"about":[{"href":"https:\/\/arealorcaradio.es\/index.php\/wp-json\/wp\/v2\/types\/post"}],"author":[{"embeddable":true,"href":"https:\/\/arealorcaradio.es\/index.php\/wp-json\/wp\/v2\/users\/1"}],"replies":[{"embeddable":true,"href":"https:\/\/arealorcaradio.es\/index.php\/wp-json\/wp\/v2\/comments?post=8136"}],"version-history":[{"count":2,"href":"https:\/\/arealorcaradio.es\/index.php\/wp-json\/wp\/v2\/posts\/8136\/revisions"}],"predecessor-version":[{"id":8141,"href":"https:\/\/arealorcaradio.es\/index.php\/wp-json\/wp\/v2\/posts\/8136\/revisions\/8141"}],"wp:featuredmedia":[{"embeddable":true,"href":"https:\/\/arealorcaradio.es\/index.php\/wp-json\/wp\/v2\/media\/8139"}],"wp:attachment":[{"href":"https:\/\/arealorcaradio.es\/index.php\/wp-json\/wp\/v2\/media?parent=8136"}],"wp:term":[{"taxonomy":"category","embeddable":true,"href":"https:\/\/arealorcaradio.es\/index.php\/wp-json\/wp\/v2\/categories?post=8136"},{"taxonomy":"post_tag","embeddable":true,"href":"https:\/\/arealorcaradio.es\/index.php\/wp-json\/wp\/v2\/tags?post=8136"}],"curies":[{"name":"wp","href":"https:\/\/api.w.org\/{rel}","templated":true}]}}