{"id":8129,"date":"2025-10-09T16:55:43","date_gmt":"2025-10-09T16:55:43","guid":{"rendered":"https:\/\/arealorcaradio.es\/?p=8129"},"modified":"2025-10-09T16:55:43","modified_gmt":"2025-10-09T16:55:43","slug":"este-viernes-10-de-octubre-se-conmemora-el-dia-mundial-de-la-salud-mental-con-actividades-de-sensibilizacion-de-la-mano-de-asofem","status":"publish","type":"post","link":"https:\/\/arealorcaradio.es\/index.php\/2025\/10\/09\/este-viernes-10-de-octubre-se-conmemora-el-dia-mundial-de-la-salud-mental-con-actividades-de-sensibilizacion-de-la-mano-de-asofem\/","title":{"rendered":"Este viernes 10 de octubre se conmemora el D\u00eda Mundial de la Salud Mental con actividades de sensibilizaci\u00f3n de la mano de ASOFEM"},"content":{"rendered":"<p><strong>\u00c1REA LORCA RADIO. Actualidad.<\/strong><\/p>\n<p>Escucha aqu\u00ed la entrevista que ha concedido a Paco S\u00e1nchez en el magazine de \u00c1rea Lorca Radio, el <strong>presidente de ASOFEM, Domingo P\u00e9rez Ruiz<\/strong>.<\/p>\n<audio class=\"wp-audio-shortcode\" id=\"audio-8129-1\" preload=\"none\" style=\"width: 100%;\" controls=\"controls\"><source type=\"audio\/mpeg\" src=\"https:\/\/arealorcaradio.es\/wp-content\/uploads\/2025\/10\/091025-DOMINGO-PEREZ.-ASOFEM.mp3?_=1\" \/><a href=\"https:\/\/arealorcaradio.es\/wp-content\/uploads\/2025\/10\/091025-DOMINGO-PEREZ.-ASOFEM.mp3\">https:\/\/arealorcaradio.es\/wp-content\/uploads\/2025\/10\/091025-DOMINGO-PEREZ.-ASOFEM.mp3<\/a><\/audio>\n<p class=\"v1MsoNormal\"><b><span lang=\"es\">Lorca, 9 de octubre de 2025.<\/span><\/b><span lang=\"es\"> Hoy han dado comienzo las iniciativas organizadas por ASOFEM Salud Mental Lorca en la Alameda de la Constituci\u00f3n con motivo de la celebraci\u00f3n del D\u00eda Mundial de la Salud Mental, el cual se conmemora el 10 de octubre, con la finalidad de reforzar la concienciaci\u00f3n social y dar mayor difusi\u00f3n a las acciones programadas por la entidad en esta jornada conmemorativa.<\/span><\/p>\n<p class=\"v1MsoNormal\"><span lang=\"es\">Las mesas informativas, petitorias y de apoyo, que permanecer\u00e1n abiertas este jueves, 9 de octubre, de 10 a 13 horas, en las Columnas y en la calle Corredera, forman parte del calendario de actividades previstas. Hoy a las 20:00 horas, estaba prevista a la lectura de la Proclama y del Manifiesto en la Pasarela de Lorca, que se iba a iluminar especialmente para dar visibilidad a la causa, un acto que finalmente ha sido cancelado por la lluvia y la previsi\u00f3n desfavorable para esta hora del d\u00eda.<\/span><\/p>\n<p class=\"v1MsoNormal\"><span lang=\"es\"><img loading=\"lazy\" decoding=\"async\" class=\"alignnone size-medium wp-image-8133\" src=\"https:\/\/arealorcaradio.es\/wp-content\/uploads\/2025\/10\/IMG-20251009-WA0081-300x225.jpg\" alt=\"\" width=\"300\" height=\"225\" srcset=\"https:\/\/arealorcaradio.es\/wp-content\/uploads\/2025\/10\/IMG-20251009-WA0081-300x225.jpg 300w, https:\/\/arealorcaradio.es\/wp-content\/uploads\/2025\/10\/IMG-20251009-WA0081-1024x768.jpg 1024w, https:\/\/arealorcaradio.es\/wp-content\/uploads\/2025\/10\/IMG-20251009-WA0081-768x576.jpg 768w, https:\/\/arealorcaradio.es\/wp-content\/uploads\/2025\/10\/IMG-20251009-WA0081-1536x1152.jpg 1536w, https:\/\/arealorcaradio.es\/wp-content\/uploads\/2025\/10\/IMG-20251009-WA0081-86x64.jpg 86w, https:\/\/arealorcaradio.es\/wp-content\/uploads\/2025\/10\/IMG-20251009-WA0081.jpg 1600w\" sizes=\"auto, (max-width: 300px) 100vw, 300px\" \/> <img loading=\"lazy\" decoding=\"async\" class=\"alignnone size-medium wp-image-8134\" src=\"https:\/\/arealorcaradio.es\/wp-content\/uploads\/2025\/10\/IMG-20251009-WA0079-300x225.jpg\" alt=\"\" width=\"300\" height=\"225\" srcset=\"https:\/\/arealorcaradio.es\/wp-content\/uploads\/2025\/10\/IMG-20251009-WA0079-300x225.jpg 300w, https:\/\/arealorcaradio.es\/wp-content\/uploads\/2025\/10\/IMG-20251009-WA0079-1024x768.jpg 1024w, https:\/\/arealorcaradio.es\/wp-content\/uploads\/2025\/10\/IMG-20251009-WA0079-768x576.jpg 768w, https:\/\/arealorcaradio.es\/wp-content\/uploads\/2025\/10\/IMG-20251009-WA0079-1536x1152.jpg 1536w, https:\/\/arealorcaradio.es\/wp-content\/uploads\/2025\/10\/IMG-20251009-WA0079-86x64.jpg 86w, https:\/\/arealorcaradio.es\/wp-content\/uploads\/2025\/10\/IMG-20251009-WA0079.jpg 1600w\" sizes=\"auto, (max-width: 300px) 100vw, 300px\" \/><\/span><\/p>\n<p class=\"v1MsoNormal\"><span lang=\"es\">Como cierre de la programaci\u00f3n, el domingo 9 de noviembre tendr\u00e1 lugar una comida solidaria en los Salones El Faroli, a partir de las 13:30 horas, para la que ser\u00e1 necesaria reserva previa.<\/span><\/p>\n<p class=\"v1MsoNormal\"><span lang=\"es\">La iniciativa se celebra este a\u00f1o bajo el lema \u00abCompartimos vulnerabilidad, defendamos nuestra salud mental\u00bb, con el que se pretende subrayar que todas las personas podemos vernos afectadas por crisis, cat\u00e1strofes naturales, emergencias sanitarias o conflictos, y que estas situaciones tienen un impacto directo en nuestro equilibrio emocional y psicol\u00f3gico. La salud mental no entiende de fronteras ni de circunstancias, todos somos vulnerables en alg\u00fan momento de nuestras vidas. Por eso es tan importante visibilizar esta realidad y acompa\u00f1ar a quienes atraviesan momentos dif\u00edciles.\u00a0<\/span><\/p>\n<p class=\"v1MsoNormal\"><span lang=\"es\">Desde la Asociaci\u00f3n se marcan varias reivindicaciones prioritarias: el incremento de los recursos p\u00fablicos destinados a salud mental; la creaci\u00f3n de una red psicosocial especializada en emergencias, capaz de ofrecer acompa\u00f1amiento inmediato y eficaz; la puesta en marcha de intervenciones tempranas basadas en la escucha activa y el apoyo emocional; y la incorporaci\u00f3n de sistemas de evaluaci\u00f3n post-emergencia que permitan identificar las necesidades reales de la poblaci\u00f3n tras cada crisis y darles respuesta.<\/span><\/p>\n<p class=\"v1MsoNormal\"><span lang=\"es\">ASOFEM Salud Mental Lorca se suma de este modo a la llamada de la Confederaci\u00f3n Salud Mental Espa\u00f1a para que la salud mental no quede relegada ni invisibilizada en las situaciones de emergencia, defendiendo el derecho a la protecci\u00f3n emocional de todas las personas, con especial atenci\u00f3n a aquellas que ya presentan problemas de salud mental y que son m\u00e1s vulnerables en contextos de vivencia extrema.<\/span><\/p>\n<p class=\"v1MsoNormal\"><span lang=\"es\">El objetivo de este lema es doble: por una parte, visibilizar la vulnerabilidad compartida que todos experimentamos en determinados momentos de la vida y, por otra, reivindicar la necesidad de redes comunitarias s\u00f3lidas, recursos accesibles y respuestas coordinadas que aseguren que la salud mental sea un derecho protegido en cualquier circunstancia.<\/span><\/p>\n<p class=\"v1MsoNormal\"><span lang=\"es\">ASOFEM Salud Mental Lorca, miembro de la Federaci\u00f3n Salud Mental de la Regi\u00f3n de Murcia, y \u00e9sta a su vez de la Confederaci\u00f3n Salud Mental Espa\u00f1a, celebra la efem\u00e9ride junto a todas las asociaciones de toda la Regi\u00f3n, una conmemoraci\u00f3n a la que se suma el Ayuntamiento de Lorca.<\/span><\/p>\n<p class=\"v1MsoNormal\"><b><span lang=\"es\">Sobre ASOFEM Salud Mental Lorca<\/span><\/b><\/p>\n<p class=\"v1MsoNormal\"><span lang=\"es\">Es una Asociaci\u00f3n de Familiares y Personas con problemas de Salud Mental de Lorca y Comarca (MURCIA) constituida en 1997. La Asociaci\u00f3n es un cauce para la defensa de los derechos, la participaci\u00f3n de las familias y la mejora de las condiciones de vida de las personas afectadas y sus familias.<\/span><\/p>\n","protected":false},"excerpt":{"rendered":"<p>\u00c1REA LORCA RADIO. Actualidad. Escucha aqu\u00ed la entrevista que ha concedido a Paco S\u00e1nchez en el magazine de \u00c1rea Lorca Radio, el presidente de ASOFEM, Domingo P\u00e9rez Ruiz. Lorca, 9 de octubre de 2025. Hoy han dado comienzo las iniciativas organizadas por ASOFEM Salud Mental Lorca en la Alameda de la Constituci\u00f3n con motivo de [&hellip;]<\/p>\n","protected":false},"author":1,"featured_media":8130,"comment_status":"open","ping_status":"open","sticky":false,"template":"","format":"standard","meta":{"iawp_total_views":47,"footnotes":""},"categories":[5,7],"tags":[],"class_list":["post-8129","post","type-post","status-publish","format-standard","has-post-thumbnail","hentry","category-actualidad","category-lorca"],"yoast_head":"<!-- This site is optimized with the Yoast SEO plugin v27.5 - https:\/\/yoast.com\/product\/yoast-seo-wordpress\/ -->\n<title>Este viernes 10 de octubre se conmemora el D\u00eda Mundial de la Salud Mental con actividades de sensibilizaci\u00f3n de la mano de ASOFEM - AREA LORCA RADIO<\/title>\n<meta name=\"robots\" content=\"index, follow, max-snippet:-1, max-image-preview:large, max-video-preview:-1\" \/>\n<link rel=\"canonical\" href=\"https:\/\/arealorcaradio.es\/index.php\/2025\/10\/09\/este-viernes-10-de-octubre-se-conmemora-el-dia-mundial-de-la-salud-mental-con-actividades-de-sensibilizacion-de-la-mano-de-asofem\/\" \/>\n<meta property=\"og:locale\" content=\"es_ES\" \/>\n<meta property=\"og:type\" content=\"article\" \/>\n<meta property=\"og:title\" content=\"Este viernes 10 de octubre se conmemora el D\u00eda Mundial de la Salud Mental con actividades de sensibilizaci\u00f3n de la mano de ASOFEM - AREA LORCA RADIO\" \/>\n<meta property=\"og:description\" content=\"\u00c1REA LORCA RADIO. Actualidad. Escucha aqu\u00ed la entrevista que ha concedido a Paco S\u00e1nchez en el magazine de \u00c1rea Lorca Radio, el presidente de ASOFEM, Domingo P\u00e9rez Ruiz. Lorca, 9 de octubre de 2025. Hoy han dado comienzo las iniciativas organizadas por ASOFEM Salud Mental Lorca en la Alameda de la Constituci\u00f3n con motivo de [&hellip;]\" \/>\n<meta property=\"og:url\" content=\"https:\/\/arealorcaradio.es\/index.php\/2025\/10\/09\/este-viernes-10-de-octubre-se-conmemora-el-dia-mundial-de-la-salud-mental-con-actividades-de-sensibilizacion-de-la-mano-de-asofem\/\" \/>\n<meta property=\"og:site_name\" content=\"AREA LORCA RADIO\" \/>\n<meta property=\"article:published_time\" content=\"2025-10-09T16:55:43+00:00\" \/>\n<meta property=\"og:image\" content=\"https:\/\/arealorcaradio.es\/wp-content\/uploads\/2025\/10\/IMG-20251009-WA0078.jpg\" \/>\n\t<meta property=\"og:image:width\" content=\"1600\" \/>\n\t<meta property=\"og:image:height\" content=\"1486\" \/>\n\t<meta property=\"og:image:type\" content=\"image\/jpeg\" \/>\n<meta name=\"author\" content=\"Paco S\u00e1nchez\" \/>\n<meta name=\"twitter:card\" content=\"summary_large_image\" \/>\n<meta name=\"twitter:label1\" content=\"Escrito por\" \/>\n\t<meta name=\"twitter:data1\" content=\"Paco S\u00e1nchez\" \/>\n\t<meta name=\"twitter:label2\" content=\"Tiempo de lectura\" \/>\n\t<meta name=\"twitter:data2\" content=\"4 minutos\" \/>\n<script type=\"application\/ld+json\" class=\"yoast-schema-graph\">{\"@context\":\"https:\\\/\\\/schema.org\",\"@graph\":[{\"@type\":\"Article\",\"@id\":\"https:\\\/\\\/arealorcaradio.es\\\/index.php\\\/2025\\\/10\\\/09\\\/este-viernes-10-de-octubre-se-conmemora-el-dia-mundial-de-la-salud-mental-con-actividades-de-sensibilizacion-de-la-mano-de-asofem\\\/#article\",\"isPartOf\":{\"@id\":\"https:\\\/\\\/arealorcaradio.es\\\/index.php\\\/2025\\\/10\\\/09\\\/este-viernes-10-de-octubre-se-conmemora-el-dia-mundial-de-la-salud-mental-con-actividades-de-sensibilizacion-de-la-mano-de-asofem\\\/\"},\"author\":{\"name\":\"Paco S\u00e1nchez\",\"@id\":\"https:\\\/\\\/arealorcaradio.es\\\/#\\\/schema\\\/person\\\/9fae605fc25b0f2c83c1ab207139bd27\"},\"headline\":\"Este viernes 10 de octubre se conmemora el D\u00eda Mundial de la Salud Mental con actividades de sensibilizaci\u00f3n de la mano de ASOFEM\",\"datePublished\":\"2025-10-09T16:55:43+00:00\",\"mainEntityOfPage\":{\"@id\":\"https:\\\/\\\/arealorcaradio.es\\\/index.php\\\/2025\\\/10\\\/09\\\/este-viernes-10-de-octubre-se-conmemora-el-dia-mundial-de-la-salud-mental-con-actividades-de-sensibilizacion-de-la-mano-de-asofem\\\/\"},\"wordCount\":659,\"commentCount\":0,\"image\":{\"@id\":\"https:\\\/\\\/arealorcaradio.es\\\/index.php\\\/2025\\\/10\\\/09\\\/este-viernes-10-de-octubre-se-conmemora-el-dia-mundial-de-la-salud-mental-con-actividades-de-sensibilizacion-de-la-mano-de-asofem\\\/#primaryimage\"},\"thumbnailUrl\":\"https:\\\/\\\/arealorcaradio.es\\\/wp-content\\\/uploads\\\/2025\\\/10\\\/IMG-20251009-WA0078.jpg\",\"articleSection\":[\"ACTUALIDAD\",\"LORCA\"],\"inLanguage\":\"es\",\"potentialAction\":[{\"@type\":\"CommentAction\",\"name\":\"Comment\",\"target\":[\"https:\\\/\\\/arealorcaradio.es\\\/index.php\\\/2025\\\/10\\\/09\\\/este-viernes-10-de-octubre-se-conmemora-el-dia-mundial-de-la-salud-mental-con-actividades-de-sensibilizacion-de-la-mano-de-asofem\\\/#respond\"]}]},{\"@type\":\"WebPage\",\"@id\":\"https:\\\/\\\/arealorcaradio.es\\\/index.php\\\/2025\\\/10\\\/09\\\/este-viernes-10-de-octubre-se-conmemora-el-dia-mundial-de-la-salud-mental-con-actividades-de-sensibilizacion-de-la-mano-de-asofem\\\/\",\"url\":\"https:\\\/\\\/arealorcaradio.es\\\/index.php\\\/2025\\\/10\\\/09\\\/este-viernes-10-de-octubre-se-conmemora-el-dia-mundial-de-la-salud-mental-con-actividades-de-sensibilizacion-de-la-mano-de-asofem\\\/\",\"name\":\"Este viernes 10 de octubre se conmemora el D\u00eda Mundial de la Salud Mental con actividades de sensibilizaci\u00f3n de la mano de ASOFEM - AREA LORCA RADIO\",\"isPartOf\":{\"@id\":\"https:\\\/\\\/arealorcaradio.es\\\/#website\"},\"primaryImageOfPage\":{\"@id\":\"https:\\\/\\\/arealorcaradio.es\\\/index.php\\\/2025\\\/10\\\/09\\\/este-viernes-10-de-octubre-se-conmemora-el-dia-mundial-de-la-salud-mental-con-actividades-de-sensibilizacion-de-la-mano-de-asofem\\\/#primaryimage\"},\"image\":{\"@id\":\"https:\\\/\\\/arealorcaradio.es\\\/index.php\\\/2025\\\/10\\\/09\\\/este-viernes-10-de-octubre-se-conmemora-el-dia-mundial-de-la-salud-mental-con-actividades-de-sensibilizacion-de-la-mano-de-asofem\\\/#primaryimage\"},\"thumbnailUrl\":\"https:\\\/\\\/arealorcaradio.es\\\/wp-content\\\/uploads\\\/2025\\\/10\\\/IMG-20251009-WA0078.jpg\",\"datePublished\":\"2025-10-09T16:55:43+00:00\",\"author\":{\"@id\":\"https:\\\/\\\/arealorcaradio.es\\\/#\\\/schema\\\/person\\\/9fae605fc25b0f2c83c1ab207139bd27\"},\"breadcrumb\":{\"@id\":\"https:\\\/\\\/arealorcaradio.es\\\/index.php\\\/2025\\\/10\\\/09\\\/este-viernes-10-de-octubre-se-conmemora-el-dia-mundial-de-la-salud-mental-con-actividades-de-sensibilizacion-de-la-mano-de-asofem\\\/#breadcrumb\"},\"inLanguage\":\"es\",\"potentialAction\":[{\"@type\":\"ReadAction\",\"target\":[\"https:\\\/\\\/arealorcaradio.es\\\/index.php\\\/2025\\\/10\\\/09\\\/este-viernes-10-de-octubre-se-conmemora-el-dia-mundial-de-la-salud-mental-con-actividades-de-sensibilizacion-de-la-mano-de-asofem\\\/\"]}]},{\"@type\":\"ImageObject\",\"inLanguage\":\"es\",\"@id\":\"https:\\\/\\\/arealorcaradio.es\\\/index.php\\\/2025\\\/10\\\/09\\\/este-viernes-10-de-octubre-se-conmemora-el-dia-mundial-de-la-salud-mental-con-actividades-de-sensibilizacion-de-la-mano-de-asofem\\\/#primaryimage\",\"url\":\"https:\\\/\\\/arealorcaradio.es\\\/wp-content\\\/uploads\\\/2025\\\/10\\\/IMG-20251009-WA0078.jpg\",\"contentUrl\":\"https:\\\/\\\/arealorcaradio.es\\\/wp-content\\\/uploads\\\/2025\\\/10\\\/IMG-20251009-WA0078.jpg\",\"width\":1600,\"height\":1486},{\"@type\":\"BreadcrumbList\",\"@id\":\"https:\\\/\\\/arealorcaradio.es\\\/index.php\\\/2025\\\/10\\\/09\\\/este-viernes-10-de-octubre-se-conmemora-el-dia-mundial-de-la-salud-mental-con-actividades-de-sensibilizacion-de-la-mano-de-asofem\\\/#breadcrumb\",\"itemListElement\":[{\"@type\":\"ListItem\",\"position\":1,\"name\":\"Portada\",\"item\":\"https:\\\/\\\/arealorcaradio.es\\\/\"},{\"@type\":\"ListItem\",\"position\":2,\"name\":\"Este viernes 10 de octubre se conmemora el D\u00eda Mundial de la Salud Mental con actividades de sensibilizaci\u00f3n de la mano de ASOFEM\"}]},{\"@type\":\"WebSite\",\"@id\":\"https:\\\/\\\/arealorcaradio.es\\\/#website\",\"url\":\"https:\\\/\\\/arealorcaradio.es\\\/\",\"name\":\"AREA LORCA RADIO\",\"description\":\"Descubre la programaci\u00f3n actual en \u00c1rea Lorca Radio, tu fuente de entrenamiento y noticias locales. Sintoniza ahora y mantente conectado online.\",\"potentialAction\":[{\"@type\":\"SearchAction\",\"target\":{\"@type\":\"EntryPoint\",\"urlTemplate\":\"https:\\\/\\\/arealorcaradio.es\\\/?s={search_term_string}\"},\"query-input\":{\"@type\":\"PropertyValueSpecification\",\"valueRequired\":true,\"valueName\":\"search_term_string\"}}],\"inLanguage\":\"es\"},{\"@type\":\"Person\",\"@id\":\"https:\\\/\\\/arealorcaradio.es\\\/#\\\/schema\\\/person\\\/9fae605fc25b0f2c83c1ab207139bd27\",\"name\":\"Paco S\u00e1nchez\",\"image\":{\"@type\":\"ImageObject\",\"inLanguage\":\"es\",\"@id\":\"https:\\\/\\\/secure.gravatar.com\\\/avatar\\\/d67144e966420fb74aa84c9f2a0103be4724fd14db52b52d3b6bca749f257e79?s=96&d=mm&r=g\",\"url\":\"https:\\\/\\\/secure.gravatar.com\\\/avatar\\\/d67144e966420fb74aa84c9f2a0103be4724fd14db52b52d3b6bca749f257e79?s=96&d=mm&r=g\",\"contentUrl\":\"https:\\\/\\\/secure.gravatar.com\\\/avatar\\\/d67144e966420fb74aa84c9f2a0103be4724fd14db52b52d3b6bca749f257e79?s=96&d=mm&r=g\",\"caption\":\"Paco S\u00e1nchez\"},\"sameAs\":[\"https:\\\/\\\/arealorcaradio.es\"],\"url\":\"https:\\\/\\\/arealorcaradio.es\\\/index.php\\\/author\\\/admin_alorcaradio\\\/\"}]}<\/script>\n<!-- \/ Yoast SEO plugin. -->","yoast_head_json":{"title":"Este viernes 10 de octubre se conmemora el D\u00eda Mundial de la Salud Mental con actividades de sensibilizaci\u00f3n de la mano de ASOFEM - AREA LORCA RADIO","robots":{"index":"index","follow":"follow","max-snippet":"max-snippet:-1","max-image-preview":"max-image-preview:large","max-video-preview":"max-video-preview:-1"},"canonical":"https:\/\/arealorcaradio.es\/index.php\/2025\/10\/09\/este-viernes-10-de-octubre-se-conmemora-el-dia-mundial-de-la-salud-mental-con-actividades-de-sensibilizacion-de-la-mano-de-asofem\/","og_locale":"es_ES","og_type":"article","og_title":"Este viernes 10 de octubre se conmemora el D\u00eda Mundial de la Salud Mental con actividades de sensibilizaci\u00f3n de la mano de ASOFEM - AREA LORCA RADIO","og_description":"\u00c1REA LORCA RADIO. Actualidad. Escucha aqu\u00ed la entrevista que ha concedido a Paco S\u00e1nchez en el magazine de \u00c1rea Lorca Radio, el presidente de ASOFEM, Domingo P\u00e9rez Ruiz. Lorca, 9 de octubre de 2025. Hoy han dado comienzo las iniciativas organizadas por ASOFEM Salud Mental Lorca en la Alameda de la Constituci\u00f3n con motivo de [&hellip;]","og_url":"https:\/\/arealorcaradio.es\/index.php\/2025\/10\/09\/este-viernes-10-de-octubre-se-conmemora-el-dia-mundial-de-la-salud-mental-con-actividades-de-sensibilizacion-de-la-mano-de-asofem\/","og_site_name":"AREA LORCA RADIO","article_published_time":"2025-10-09T16:55:43+00:00","og_image":[{"width":1600,"height":1486,"url":"https:\/\/arealorcaradio.es\/wp-content\/uploads\/2025\/10\/IMG-20251009-WA0078.jpg","type":"image\/jpeg"}],"author":"Paco S\u00e1nchez","twitter_card":"summary_large_image","twitter_misc":{"Escrito por":"Paco S\u00e1nchez","Tiempo de lectura":"4 minutos"},"schema":{"@context":"https:\/\/schema.org","@graph":[{"@type":"Article","@id":"https:\/\/arealorcaradio.es\/index.php\/2025\/10\/09\/este-viernes-10-de-octubre-se-conmemora-el-dia-mundial-de-la-salud-mental-con-actividades-de-sensibilizacion-de-la-mano-de-asofem\/#article","isPartOf":{"@id":"https:\/\/arealorcaradio.es\/index.php\/2025\/10\/09\/este-viernes-10-de-octubre-se-conmemora-el-dia-mundial-de-la-salud-mental-con-actividades-de-sensibilizacion-de-la-mano-de-asofem\/"},"author":{"name":"Paco S\u00e1nchez","@id":"https:\/\/arealorcaradio.es\/#\/schema\/person\/9fae605fc25b0f2c83c1ab207139bd27"},"headline":"Este viernes 10 de octubre se conmemora el D\u00eda Mundial de la Salud Mental con actividades de sensibilizaci\u00f3n de la mano de ASOFEM","datePublished":"2025-10-09T16:55:43+00:00","mainEntityOfPage":{"@id":"https:\/\/arealorcaradio.es\/index.php\/2025\/10\/09\/este-viernes-10-de-octubre-se-conmemora-el-dia-mundial-de-la-salud-mental-con-actividades-de-sensibilizacion-de-la-mano-de-asofem\/"},"wordCount":659,"commentCount":0,"image":{"@id":"https:\/\/arealorcaradio.es\/index.php\/2025\/10\/09\/este-viernes-10-de-octubre-se-conmemora-el-dia-mundial-de-la-salud-mental-con-actividades-de-sensibilizacion-de-la-mano-de-asofem\/#primaryimage"},"thumbnailUrl":"https:\/\/arealorcaradio.es\/wp-content\/uploads\/2025\/10\/IMG-20251009-WA0078.jpg","articleSection":["ACTUALIDAD","LORCA"],"inLanguage":"es","potentialAction":[{"@type":"CommentAction","name":"Comment","target":["https:\/\/arealorcaradio.es\/index.php\/2025\/10\/09\/este-viernes-10-de-octubre-se-conmemora-el-dia-mundial-de-la-salud-mental-con-actividades-de-sensibilizacion-de-la-mano-de-asofem\/#respond"]}]},{"@type":"WebPage","@id":"https:\/\/arealorcaradio.es\/index.php\/2025\/10\/09\/este-viernes-10-de-octubre-se-conmemora-el-dia-mundial-de-la-salud-mental-con-actividades-de-sensibilizacion-de-la-mano-de-asofem\/","url":"https:\/\/arealorcaradio.es\/index.php\/2025\/10\/09\/este-viernes-10-de-octubre-se-conmemora-el-dia-mundial-de-la-salud-mental-con-actividades-de-sensibilizacion-de-la-mano-de-asofem\/","name":"Este viernes 10 de octubre se conmemora el D\u00eda Mundial de la Salud Mental con actividades de sensibilizaci\u00f3n de la mano de ASOFEM - AREA LORCA RADIO","isPartOf":{"@id":"https:\/\/arealorcaradio.es\/#website"},"primaryImageOfPage":{"@id":"https:\/\/arealorcaradio.es\/index.php\/2025\/10\/09\/este-viernes-10-de-octubre-se-conmemora-el-dia-mundial-de-la-salud-mental-con-actividades-de-sensibilizacion-de-la-mano-de-asofem\/#primaryimage"},"image":{"@id":"https:\/\/arealorcaradio.es\/index.php\/2025\/10\/09\/este-viernes-10-de-octubre-se-conmemora-el-dia-mundial-de-la-salud-mental-con-actividades-de-sensibilizacion-de-la-mano-de-asofem\/#primaryimage"},"thumbnailUrl":"https:\/\/arealorcaradio.es\/wp-content\/uploads\/2025\/10\/IMG-20251009-WA0078.jpg","datePublished":"2025-10-09T16:55:43+00:00","author":{"@id":"https:\/\/arealorcaradio.es\/#\/schema\/person\/9fae605fc25b0f2c83c1ab207139bd27"},"breadcrumb":{"@id":"https:\/\/arealorcaradio.es\/index.php\/2025\/10\/09\/este-viernes-10-de-octubre-se-conmemora-el-dia-mundial-de-la-salud-mental-con-actividades-de-sensibilizacion-de-la-mano-de-asofem\/#breadcrumb"},"inLanguage":"es","potentialAction":[{"@type":"ReadAction","target":["https:\/\/arealorcaradio.es\/index.php\/2025\/10\/09\/este-viernes-10-de-octubre-se-conmemora-el-dia-mundial-de-la-salud-mental-con-actividades-de-sensibilizacion-de-la-mano-de-asofem\/"]}]},{"@type":"ImageObject","inLanguage":"es","@id":"https:\/\/arealorcaradio.es\/index.php\/2025\/10\/09\/este-viernes-10-de-octubre-se-conmemora-el-dia-mundial-de-la-salud-mental-con-actividades-de-sensibilizacion-de-la-mano-de-asofem\/#primaryimage","url":"https:\/\/arealorcaradio.es\/wp-content\/uploads\/2025\/10\/IMG-20251009-WA0078.jpg","contentUrl":"https:\/\/arealorcaradio.es\/wp-content\/uploads\/2025\/10\/IMG-20251009-WA0078.jpg","width":1600,"height":1486},{"@type":"BreadcrumbList","@id":"https:\/\/arealorcaradio.es\/index.php\/2025\/10\/09\/este-viernes-10-de-octubre-se-conmemora-el-dia-mundial-de-la-salud-mental-con-actividades-de-sensibilizacion-de-la-mano-de-asofem\/#breadcrumb","itemListElement":[{"@type":"ListItem","position":1,"name":"Portada","item":"https:\/\/arealorcaradio.es\/"},{"@type":"ListItem","position":2,"name":"Este viernes 10 de octubre se conmemora el D\u00eda Mundial de la Salud Mental con actividades de sensibilizaci\u00f3n de la mano de ASOFEM"}]},{"@type":"WebSite","@id":"https:\/\/arealorcaradio.es\/#website","url":"https:\/\/arealorcaradio.es\/","name":"AREA LORCA RADIO","description":"Descubre la programaci\u00f3n actual en \u00c1rea Lorca Radio, tu fuente de entrenamiento y noticias locales. Sintoniza ahora y mantente conectado online.","potentialAction":[{"@type":"SearchAction","target":{"@type":"EntryPoint","urlTemplate":"https:\/\/arealorcaradio.es\/?s={search_term_string}"},"query-input":{"@type":"PropertyValueSpecification","valueRequired":true,"valueName":"search_term_string"}}],"inLanguage":"es"},{"@type":"Person","@id":"https:\/\/arealorcaradio.es\/#\/schema\/person\/9fae605fc25b0f2c83c1ab207139bd27","name":"Paco S\u00e1nchez","image":{"@type":"ImageObject","inLanguage":"es","@id":"https:\/\/secure.gravatar.com\/avatar\/d67144e966420fb74aa84c9f2a0103be4724fd14db52b52d3b6bca749f257e79?s=96&d=mm&r=g","url":"https:\/\/secure.gravatar.com\/avatar\/d67144e966420fb74aa84c9f2a0103be4724fd14db52b52d3b6bca749f257e79?s=96&d=mm&r=g","contentUrl":"https:\/\/secure.gravatar.com\/avatar\/d67144e966420fb74aa84c9f2a0103be4724fd14db52b52d3b6bca749f257e79?s=96&d=mm&r=g","caption":"Paco S\u00e1nchez"},"sameAs":["https:\/\/arealorcaradio.es"],"url":"https:\/\/arealorcaradio.es\/index.php\/author\/admin_alorcaradio\/"}]}},"_links":{"self":[{"href":"https:\/\/arealorcaradio.es\/index.php\/wp-json\/wp\/v2\/posts\/8129","targetHints":{"allow":["GET"]}}],"collection":[{"href":"https:\/\/arealorcaradio.es\/index.php\/wp-json\/wp\/v2\/posts"}],"about":[{"href":"https:\/\/arealorcaradio.es\/index.php\/wp-json\/wp\/v2\/types\/post"}],"author":[{"embeddable":true,"href":"https:\/\/arealorcaradio.es\/index.php\/wp-json\/wp\/v2\/users\/1"}],"replies":[{"embeddable":true,"href":"https:\/\/arealorcaradio.es\/index.php\/wp-json\/wp\/v2\/comments?post=8129"}],"version-history":[{"count":2,"href":"https:\/\/arealorcaradio.es\/index.php\/wp-json\/wp\/v2\/posts\/8129\/revisions"}],"predecessor-version":[{"id":8135,"href":"https:\/\/arealorcaradio.es\/index.php\/wp-json\/wp\/v2\/posts\/8129\/revisions\/8135"}],"wp:featuredmedia":[{"embeddable":true,"href":"https:\/\/arealorcaradio.es\/index.php\/wp-json\/wp\/v2\/media\/8130"}],"wp:attachment":[{"href":"https:\/\/arealorcaradio.es\/index.php\/wp-json\/wp\/v2\/media?parent=8129"}],"wp:term":[{"taxonomy":"category","embeddable":true,"href":"https:\/\/arealorcaradio.es\/index.php\/wp-json\/wp\/v2\/categories?post=8129"},{"taxonomy":"post_tag","embeddable":true,"href":"https:\/\/arealorcaradio.es\/index.php\/wp-json\/wp\/v2\/tags?post=8129"}],"curies":[{"name":"wp","href":"https:\/\/api.w.org\/{rel}","templated":true}]}}