{"id":8121,"date":"2025-10-08T16:44:01","date_gmt":"2025-10-08T16:44:01","guid":{"rendered":"https:\/\/arealorcaradio.es\/?p=8121"},"modified":"2025-10-08T16:44:01","modified_gmt":"2025-10-08T16:44:01","slug":"el-fin-de-semana-para-el-balonmano-eliocroca-se-salda-con-tres-victorias-un-empate-y-una-derrota","status":"publish","type":"post","link":"https:\/\/arealorcaradio.es\/index.php\/2025\/10\/08\/el-fin-de-semana-para-el-balonmano-eliocroca-se-salda-con-tres-victorias-un-empate-y-una-derrota\/","title":{"rendered":"El fin de semana para el Balonmano Eliocroca se salda con tres victorias, un empate y una derrota"},"content":{"rendered":"<p><strong>\u00c1REA LORCA RADIO. Deportes.<\/strong><\/p>\n<p>Escucha aqu\u00ed la entrevista que ha realizado Paco S\u00e1nchez a Miguel Olivares, jugador del equipo senior y entrenador del juvenil masculino.<\/p>\n<audio class=\"wp-audio-shortcode\" id=\"audio-8121-1\" preload=\"none\" style=\"width: 100%;\" controls=\"controls\"><source type=\"audio\/mpeg\" src=\"https:\/\/arealorcaradio.es\/wp-content\/uploads\/2025\/10\/081025-MIGUEL-OLIVARES.-BALONMANO.mp3?_=1\" \/><a href=\"https:\/\/arealorcaradio.es\/wp-content\/uploads\/2025\/10\/081025-MIGUEL-OLIVARES.-BALONMANO.mp3\">https:\/\/arealorcaradio.es\/wp-content\/uploads\/2025\/10\/081025-MIGUEL-OLIVARES.-BALONMANO.mp3<\/a><\/audio>\n<p><img loading=\"lazy\" decoding=\"async\" class=\"alignnone size-medium wp-image-8125\" src=\"https:\/\/arealorcaradio.es\/wp-content\/uploads\/2025\/10\/20251008_173111-300x225.jpg\" alt=\"\" width=\"300\" height=\"225\" srcset=\"https:\/\/arealorcaradio.es\/wp-content\/uploads\/2025\/10\/20251008_173111-300x225.jpg 300w, https:\/\/arealorcaradio.es\/wp-content\/uploads\/2025\/10\/20251008_173111-1024x768.jpg 1024w, https:\/\/arealorcaradio.es\/wp-content\/uploads\/2025\/10\/20251008_173111-768x576.jpg 768w, https:\/\/arealorcaradio.es\/wp-content\/uploads\/2025\/10\/20251008_173111-1536x1152.jpg 1536w, https:\/\/arealorcaradio.es\/wp-content\/uploads\/2025\/10\/20251008_173111-2048x1536.jpg 2048w, https:\/\/arealorcaradio.es\/wp-content\/uploads\/2025\/10\/20251008_173111-86x64.jpg 86w\" sizes=\"auto, (max-width: 300px) 100vw, 300px\" \/><\/p>\n<p>Cinco fueron los equipos de la AD Eliocroca Balonmano que compet\u00edan el pasado fin de semana, tres de ellos comenzaban la competici\u00f3n (infantil femenino, infantil masculino y cadete masculino) mientras que los senior y juvenil masculino cumpl\u00edan su tercera jornada de liga en sus respectivas categor\u00edas.<\/p>\n<p>En senior lleg\u00f3 la primera victoria de la temporada, fue en Cieza 24-28 con Jos\u00e9 \u00c1ngel L\u00f3pez aportando 7 goles, mientras que los juveniles sumaron su tercer triunfo, tambi\u00e9n en Cieza 18-23, por lo que contin\u00faan invictos. El mejor de los lorquinos en el \u00e1mbito goleador fue Juan Carlos Molina con seis goles.<\/p>\n<p>De los debutantes, destacar la victoria del infantil masculino en casa frente a UCAM 36-27, con Mario Calventus como mejor jugador de los lorquinos con 15 goles, el empate del cadete masculino en casa 40-40 frente a UCAM, donde volvi\u00f3 a destacar Mario Calventus con 10 goles,\u00a0 mientras que la \u00fanica derrota la sufri\u00f3 el infantil femenino en casa 14-18 frente a \u00c1guilas, siendo la m\u00e1xima anotadora de las lorquinas Alba Gazquez con 5 goles.<\/p>\n<p>El pr\u00f3ximo fin de semana solo jugar\u00e1n el senior y juvenil masculino en casa frente a Balonmano Jumilla.<\/p>\n<p>&nbsp;<\/p>\n","protected":false},"excerpt":{"rendered":"<p>\u00c1REA LORCA RADIO. Deportes. Escucha aqu\u00ed la entrevista que ha realizado Paco S\u00e1nchez a Miguel Olivares, jugador del equipo senior y entrenador del juvenil masculino. Cinco fueron los equipos de la AD Eliocroca Balonmano que compet\u00edan el pasado fin de semana, tres de ellos comenzaban la competici\u00f3n (infantil femenino, infantil masculino y cadete masculino) mientras [&hellip;]<\/p>\n","protected":false},"author":1,"featured_media":8124,"comment_status":"open","ping_status":"open","sticky":false,"template":"","format":"standard","meta":{"iawp_total_views":41,"footnotes":""},"categories":[4,7],"tags":[],"class_list":["post-8121","post","type-post","status-publish","format-standard","has-post-thumbnail","hentry","category-deportes","category-lorca"],"yoast_head":"<!-- This site is optimized with the Yoast SEO plugin v27.5 - https:\/\/yoast.com\/product\/yoast-seo-wordpress\/ -->\n<title>El fin de semana para el Balonmano Eliocroca se salda con tres victorias, un empate y una derrota - AREA LORCA RADIO<\/title>\n<meta name=\"robots\" content=\"index, follow, max-snippet:-1, max-image-preview:large, max-video-preview:-1\" \/>\n<link rel=\"canonical\" href=\"https:\/\/arealorcaradio.es\/index.php\/2025\/10\/08\/el-fin-de-semana-para-el-balonmano-eliocroca-se-salda-con-tres-victorias-un-empate-y-una-derrota\/\" \/>\n<meta property=\"og:locale\" content=\"es_ES\" \/>\n<meta property=\"og:type\" content=\"article\" \/>\n<meta property=\"og:title\" content=\"El fin de semana para el Balonmano Eliocroca se salda con tres victorias, un empate y una derrota - AREA LORCA RADIO\" \/>\n<meta property=\"og:description\" content=\"\u00c1REA LORCA RADIO. Deportes. Escucha aqu\u00ed la entrevista que ha realizado Paco S\u00e1nchez a Miguel Olivares, jugador del equipo senior y entrenador del juvenil masculino. Cinco fueron los equipos de la AD Eliocroca Balonmano que compet\u00edan el pasado fin de semana, tres de ellos comenzaban la competici\u00f3n (infantil femenino, infantil masculino y cadete masculino) mientras [&hellip;]\" \/>\n<meta property=\"og:url\" content=\"https:\/\/arealorcaradio.es\/index.php\/2025\/10\/08\/el-fin-de-semana-para-el-balonmano-eliocroca-se-salda-con-tres-victorias-un-empate-y-una-derrota\/\" \/>\n<meta property=\"og:site_name\" content=\"AREA LORCA RADIO\" \/>\n<meta property=\"article:published_time\" content=\"2025-10-08T16:44:01+00:00\" \/>\n<meta property=\"og:image\" content=\"https:\/\/arealorcaradio.es\/wp-content\/uploads\/2025\/10\/20251008_173132-scaled.jpg\" \/>\n\t<meta property=\"og:image:width\" content=\"2560\" \/>\n\t<meta property=\"og:image:height\" content=\"1920\" \/>\n\t<meta property=\"og:image:type\" content=\"image\/jpeg\" \/>\n<meta name=\"author\" content=\"Paco S\u00e1nchez\" \/>\n<meta name=\"twitter:card\" content=\"summary_large_image\" \/>\n<meta name=\"twitter:label1\" content=\"Escrito por\" \/>\n\t<meta name=\"twitter:data1\" content=\"Paco S\u00e1nchez\" \/>\n\t<meta name=\"twitter:label2\" content=\"Tiempo de lectura\" \/>\n\t<meta name=\"twitter:data2\" content=\"2 minutos\" \/>\n<script type=\"application\/ld+json\" class=\"yoast-schema-graph\">{\"@context\":\"https:\\\/\\\/schema.org\",\"@graph\":[{\"@type\":\"Article\",\"@id\":\"https:\\\/\\\/arealorcaradio.es\\\/index.php\\\/2025\\\/10\\\/08\\\/el-fin-de-semana-para-el-balonmano-eliocroca-se-salda-con-tres-victorias-un-empate-y-una-derrota\\\/#article\",\"isPartOf\":{\"@id\":\"https:\\\/\\\/arealorcaradio.es\\\/index.php\\\/2025\\\/10\\\/08\\\/el-fin-de-semana-para-el-balonmano-eliocroca-se-salda-con-tres-victorias-un-empate-y-una-derrota\\\/\"},\"author\":{\"name\":\"Paco S\u00e1nchez\",\"@id\":\"https:\\\/\\\/arealorcaradio.es\\\/#\\\/schema\\\/person\\\/9fae605fc25b0f2c83c1ab207139bd27\"},\"headline\":\"El fin de semana para el Balonmano Eliocroca se salda con tres victorias, un empate y una derrota\",\"datePublished\":\"2025-10-08T16:44:01+00:00\",\"mainEntityOfPage\":{\"@id\":\"https:\\\/\\\/arealorcaradio.es\\\/index.php\\\/2025\\\/10\\\/08\\\/el-fin-de-semana-para-el-balonmano-eliocroca-se-salda-con-tres-victorias-un-empate-y-una-derrota\\\/\"},\"wordCount\":254,\"commentCount\":0,\"image\":{\"@id\":\"https:\\\/\\\/arealorcaradio.es\\\/index.php\\\/2025\\\/10\\\/08\\\/el-fin-de-semana-para-el-balonmano-eliocroca-se-salda-con-tres-victorias-un-empate-y-una-derrota\\\/#primaryimage\"},\"thumbnailUrl\":\"https:\\\/\\\/arealorcaradio.es\\\/wp-content\\\/uploads\\\/2025\\\/10\\\/20251008_173132-scaled.jpg\",\"articleSection\":[\"DEPORTES\",\"LORCA\"],\"inLanguage\":\"es\",\"potentialAction\":[{\"@type\":\"CommentAction\",\"name\":\"Comment\",\"target\":[\"https:\\\/\\\/arealorcaradio.es\\\/index.php\\\/2025\\\/10\\\/08\\\/el-fin-de-semana-para-el-balonmano-eliocroca-se-salda-con-tres-victorias-un-empate-y-una-derrota\\\/#respond\"]}]},{\"@type\":\"WebPage\",\"@id\":\"https:\\\/\\\/arealorcaradio.es\\\/index.php\\\/2025\\\/10\\\/08\\\/el-fin-de-semana-para-el-balonmano-eliocroca-se-salda-con-tres-victorias-un-empate-y-una-derrota\\\/\",\"url\":\"https:\\\/\\\/arealorcaradio.es\\\/index.php\\\/2025\\\/10\\\/08\\\/el-fin-de-semana-para-el-balonmano-eliocroca-se-salda-con-tres-victorias-un-empate-y-una-derrota\\\/\",\"name\":\"El fin de semana para el Balonmano Eliocroca se salda con tres victorias, un empate y una derrota - AREA LORCA RADIO\",\"isPartOf\":{\"@id\":\"https:\\\/\\\/arealorcaradio.es\\\/#website\"},\"primaryImageOfPage\":{\"@id\":\"https:\\\/\\\/arealorcaradio.es\\\/index.php\\\/2025\\\/10\\\/08\\\/el-fin-de-semana-para-el-balonmano-eliocroca-se-salda-con-tres-victorias-un-empate-y-una-derrota\\\/#primaryimage\"},\"image\":{\"@id\":\"https:\\\/\\\/arealorcaradio.es\\\/index.php\\\/2025\\\/10\\\/08\\\/el-fin-de-semana-para-el-balonmano-eliocroca-se-salda-con-tres-victorias-un-empate-y-una-derrota\\\/#primaryimage\"},\"thumbnailUrl\":\"https:\\\/\\\/arealorcaradio.es\\\/wp-content\\\/uploads\\\/2025\\\/10\\\/20251008_173132-scaled.jpg\",\"datePublished\":\"2025-10-08T16:44:01+00:00\",\"author\":{\"@id\":\"https:\\\/\\\/arealorcaradio.es\\\/#\\\/schema\\\/person\\\/9fae605fc25b0f2c83c1ab207139bd27\"},\"breadcrumb\":{\"@id\":\"https:\\\/\\\/arealorcaradio.es\\\/index.php\\\/2025\\\/10\\\/08\\\/el-fin-de-semana-para-el-balonmano-eliocroca-se-salda-con-tres-victorias-un-empate-y-una-derrota\\\/#breadcrumb\"},\"inLanguage\":\"es\",\"potentialAction\":[{\"@type\":\"ReadAction\",\"target\":[\"https:\\\/\\\/arealorcaradio.es\\\/index.php\\\/2025\\\/10\\\/08\\\/el-fin-de-semana-para-el-balonmano-eliocroca-se-salda-con-tres-victorias-un-empate-y-una-derrota\\\/\"]}]},{\"@type\":\"ImageObject\",\"inLanguage\":\"es\",\"@id\":\"https:\\\/\\\/arealorcaradio.es\\\/index.php\\\/2025\\\/10\\\/08\\\/el-fin-de-semana-para-el-balonmano-eliocroca-se-salda-con-tres-victorias-un-empate-y-una-derrota\\\/#primaryimage\",\"url\":\"https:\\\/\\\/arealorcaradio.es\\\/wp-content\\\/uploads\\\/2025\\\/10\\\/20251008_173132-scaled.jpg\",\"contentUrl\":\"https:\\\/\\\/arealorcaradio.es\\\/wp-content\\\/uploads\\\/2025\\\/10\\\/20251008_173132-scaled.jpg\",\"width\":2560,\"height\":1920},{\"@type\":\"BreadcrumbList\",\"@id\":\"https:\\\/\\\/arealorcaradio.es\\\/index.php\\\/2025\\\/10\\\/08\\\/el-fin-de-semana-para-el-balonmano-eliocroca-se-salda-con-tres-victorias-un-empate-y-una-derrota\\\/#breadcrumb\",\"itemListElement\":[{\"@type\":\"ListItem\",\"position\":1,\"name\":\"Portada\",\"item\":\"https:\\\/\\\/arealorcaradio.es\\\/\"},{\"@type\":\"ListItem\",\"position\":2,\"name\":\"El fin de semana para el Balonmano Eliocroca se salda con tres victorias, un empate y una derrota\"}]},{\"@type\":\"WebSite\",\"@id\":\"https:\\\/\\\/arealorcaradio.es\\\/#website\",\"url\":\"https:\\\/\\\/arealorcaradio.es\\\/\",\"name\":\"AREA LORCA RADIO\",\"description\":\"Descubre la programaci\u00f3n actual en \u00c1rea Lorca Radio, tu fuente de entrenamiento y noticias locales. Sintoniza ahora y mantente conectado online.\",\"potentialAction\":[{\"@type\":\"SearchAction\",\"target\":{\"@type\":\"EntryPoint\",\"urlTemplate\":\"https:\\\/\\\/arealorcaradio.es\\\/?s={search_term_string}\"},\"query-input\":{\"@type\":\"PropertyValueSpecification\",\"valueRequired\":true,\"valueName\":\"search_term_string\"}}],\"inLanguage\":\"es\"},{\"@type\":\"Person\",\"@id\":\"https:\\\/\\\/arealorcaradio.es\\\/#\\\/schema\\\/person\\\/9fae605fc25b0f2c83c1ab207139bd27\",\"name\":\"Paco S\u00e1nchez\",\"image\":{\"@type\":\"ImageObject\",\"inLanguage\":\"es\",\"@id\":\"https:\\\/\\\/secure.gravatar.com\\\/avatar\\\/d67144e966420fb74aa84c9f2a0103be4724fd14db52b52d3b6bca749f257e79?s=96&d=mm&r=g\",\"url\":\"https:\\\/\\\/secure.gravatar.com\\\/avatar\\\/d67144e966420fb74aa84c9f2a0103be4724fd14db52b52d3b6bca749f257e79?s=96&d=mm&r=g\",\"contentUrl\":\"https:\\\/\\\/secure.gravatar.com\\\/avatar\\\/d67144e966420fb74aa84c9f2a0103be4724fd14db52b52d3b6bca749f257e79?s=96&d=mm&r=g\",\"caption\":\"Paco S\u00e1nchez\"},\"sameAs\":[\"https:\\\/\\\/arealorcaradio.es\"],\"url\":\"https:\\\/\\\/arealorcaradio.es\\\/index.php\\\/author\\\/admin_alorcaradio\\\/\"}]}<\/script>\n<!-- \/ Yoast SEO plugin. -->","yoast_head_json":{"title":"El fin de semana para el Balonmano Eliocroca se salda con tres victorias, un empate y una derrota - AREA LORCA RADIO","robots":{"index":"index","follow":"follow","max-snippet":"max-snippet:-1","max-image-preview":"max-image-preview:large","max-video-preview":"max-video-preview:-1"},"canonical":"https:\/\/arealorcaradio.es\/index.php\/2025\/10\/08\/el-fin-de-semana-para-el-balonmano-eliocroca-se-salda-con-tres-victorias-un-empate-y-una-derrota\/","og_locale":"es_ES","og_type":"article","og_title":"El fin de semana para el Balonmano Eliocroca se salda con tres victorias, un empate y una derrota - AREA LORCA RADIO","og_description":"\u00c1REA LORCA RADIO. Deportes. Escucha aqu\u00ed la entrevista que ha realizado Paco S\u00e1nchez a Miguel Olivares, jugador del equipo senior y entrenador del juvenil masculino. Cinco fueron los equipos de la AD Eliocroca Balonmano que compet\u00edan el pasado fin de semana, tres de ellos comenzaban la competici\u00f3n (infantil femenino, infantil masculino y cadete masculino) mientras [&hellip;]","og_url":"https:\/\/arealorcaradio.es\/index.php\/2025\/10\/08\/el-fin-de-semana-para-el-balonmano-eliocroca-se-salda-con-tres-victorias-un-empate-y-una-derrota\/","og_site_name":"AREA LORCA RADIO","article_published_time":"2025-10-08T16:44:01+00:00","og_image":[{"width":2560,"height":1920,"url":"https:\/\/arealorcaradio.es\/wp-content\/uploads\/2025\/10\/20251008_173132-scaled.jpg","type":"image\/jpeg"}],"author":"Paco S\u00e1nchez","twitter_card":"summary_large_image","twitter_misc":{"Escrito por":"Paco S\u00e1nchez","Tiempo de lectura":"2 minutos"},"schema":{"@context":"https:\/\/schema.org","@graph":[{"@type":"Article","@id":"https:\/\/arealorcaradio.es\/index.php\/2025\/10\/08\/el-fin-de-semana-para-el-balonmano-eliocroca-se-salda-con-tres-victorias-un-empate-y-una-derrota\/#article","isPartOf":{"@id":"https:\/\/arealorcaradio.es\/index.php\/2025\/10\/08\/el-fin-de-semana-para-el-balonmano-eliocroca-se-salda-con-tres-victorias-un-empate-y-una-derrota\/"},"author":{"name":"Paco S\u00e1nchez","@id":"https:\/\/arealorcaradio.es\/#\/schema\/person\/9fae605fc25b0f2c83c1ab207139bd27"},"headline":"El fin de semana para el Balonmano Eliocroca se salda con tres victorias, un empate y una derrota","datePublished":"2025-10-08T16:44:01+00:00","mainEntityOfPage":{"@id":"https:\/\/arealorcaradio.es\/index.php\/2025\/10\/08\/el-fin-de-semana-para-el-balonmano-eliocroca-se-salda-con-tres-victorias-un-empate-y-una-derrota\/"},"wordCount":254,"commentCount":0,"image":{"@id":"https:\/\/arealorcaradio.es\/index.php\/2025\/10\/08\/el-fin-de-semana-para-el-balonmano-eliocroca-se-salda-con-tres-victorias-un-empate-y-una-derrota\/#primaryimage"},"thumbnailUrl":"https:\/\/arealorcaradio.es\/wp-content\/uploads\/2025\/10\/20251008_173132-scaled.jpg","articleSection":["DEPORTES","LORCA"],"inLanguage":"es","potentialAction":[{"@type":"CommentAction","name":"Comment","target":["https:\/\/arealorcaradio.es\/index.php\/2025\/10\/08\/el-fin-de-semana-para-el-balonmano-eliocroca-se-salda-con-tres-victorias-un-empate-y-una-derrota\/#respond"]}]},{"@type":"WebPage","@id":"https:\/\/arealorcaradio.es\/index.php\/2025\/10\/08\/el-fin-de-semana-para-el-balonmano-eliocroca-se-salda-con-tres-victorias-un-empate-y-una-derrota\/","url":"https:\/\/arealorcaradio.es\/index.php\/2025\/10\/08\/el-fin-de-semana-para-el-balonmano-eliocroca-se-salda-con-tres-victorias-un-empate-y-una-derrota\/","name":"El fin de semana para el Balonmano Eliocroca se salda con tres victorias, un empate y una derrota - AREA LORCA RADIO","isPartOf":{"@id":"https:\/\/arealorcaradio.es\/#website"},"primaryImageOfPage":{"@id":"https:\/\/arealorcaradio.es\/index.php\/2025\/10\/08\/el-fin-de-semana-para-el-balonmano-eliocroca-se-salda-con-tres-victorias-un-empate-y-una-derrota\/#primaryimage"},"image":{"@id":"https:\/\/arealorcaradio.es\/index.php\/2025\/10\/08\/el-fin-de-semana-para-el-balonmano-eliocroca-se-salda-con-tres-victorias-un-empate-y-una-derrota\/#primaryimage"},"thumbnailUrl":"https:\/\/arealorcaradio.es\/wp-content\/uploads\/2025\/10\/20251008_173132-scaled.jpg","datePublished":"2025-10-08T16:44:01+00:00","author":{"@id":"https:\/\/arealorcaradio.es\/#\/schema\/person\/9fae605fc25b0f2c83c1ab207139bd27"},"breadcrumb":{"@id":"https:\/\/arealorcaradio.es\/index.php\/2025\/10\/08\/el-fin-de-semana-para-el-balonmano-eliocroca-se-salda-con-tres-victorias-un-empate-y-una-derrota\/#breadcrumb"},"inLanguage":"es","potentialAction":[{"@type":"ReadAction","target":["https:\/\/arealorcaradio.es\/index.php\/2025\/10\/08\/el-fin-de-semana-para-el-balonmano-eliocroca-se-salda-con-tres-victorias-un-empate-y-una-derrota\/"]}]},{"@type":"ImageObject","inLanguage":"es","@id":"https:\/\/arealorcaradio.es\/index.php\/2025\/10\/08\/el-fin-de-semana-para-el-balonmano-eliocroca-se-salda-con-tres-victorias-un-empate-y-una-derrota\/#primaryimage","url":"https:\/\/arealorcaradio.es\/wp-content\/uploads\/2025\/10\/20251008_173132-scaled.jpg","contentUrl":"https:\/\/arealorcaradio.es\/wp-content\/uploads\/2025\/10\/20251008_173132-scaled.jpg","width":2560,"height":1920},{"@type":"BreadcrumbList","@id":"https:\/\/arealorcaradio.es\/index.php\/2025\/10\/08\/el-fin-de-semana-para-el-balonmano-eliocroca-se-salda-con-tres-victorias-un-empate-y-una-derrota\/#breadcrumb","itemListElement":[{"@type":"ListItem","position":1,"name":"Portada","item":"https:\/\/arealorcaradio.es\/"},{"@type":"ListItem","position":2,"name":"El fin de semana para el Balonmano Eliocroca se salda con tres victorias, un empate y una derrota"}]},{"@type":"WebSite","@id":"https:\/\/arealorcaradio.es\/#website","url":"https:\/\/arealorcaradio.es\/","name":"AREA LORCA RADIO","description":"Descubre la programaci\u00f3n actual en \u00c1rea Lorca Radio, tu fuente de entrenamiento y noticias locales. Sintoniza ahora y mantente conectado online.","potentialAction":[{"@type":"SearchAction","target":{"@type":"EntryPoint","urlTemplate":"https:\/\/arealorcaradio.es\/?s={search_term_string}"},"query-input":{"@type":"PropertyValueSpecification","valueRequired":true,"valueName":"search_term_string"}}],"inLanguage":"es"},{"@type":"Person","@id":"https:\/\/arealorcaradio.es\/#\/schema\/person\/9fae605fc25b0f2c83c1ab207139bd27","name":"Paco S\u00e1nchez","image":{"@type":"ImageObject","inLanguage":"es","@id":"https:\/\/secure.gravatar.com\/avatar\/d67144e966420fb74aa84c9f2a0103be4724fd14db52b52d3b6bca749f257e79?s=96&d=mm&r=g","url":"https:\/\/secure.gravatar.com\/avatar\/d67144e966420fb74aa84c9f2a0103be4724fd14db52b52d3b6bca749f257e79?s=96&d=mm&r=g","contentUrl":"https:\/\/secure.gravatar.com\/avatar\/d67144e966420fb74aa84c9f2a0103be4724fd14db52b52d3b6bca749f257e79?s=96&d=mm&r=g","caption":"Paco S\u00e1nchez"},"sameAs":["https:\/\/arealorcaradio.es"],"url":"https:\/\/arealorcaradio.es\/index.php\/author\/admin_alorcaradio\/"}]}},"_links":{"self":[{"href":"https:\/\/arealorcaradio.es\/index.php\/wp-json\/wp\/v2\/posts\/8121","targetHints":{"allow":["GET"]}}],"collection":[{"href":"https:\/\/arealorcaradio.es\/index.php\/wp-json\/wp\/v2\/posts"}],"about":[{"href":"https:\/\/arealorcaradio.es\/index.php\/wp-json\/wp\/v2\/types\/post"}],"author":[{"embeddable":true,"href":"https:\/\/arealorcaradio.es\/index.php\/wp-json\/wp\/v2\/users\/1"}],"replies":[{"embeddable":true,"href":"https:\/\/arealorcaradio.es\/index.php\/wp-json\/wp\/v2\/comments?post=8121"}],"version-history":[{"count":3,"href":"https:\/\/arealorcaradio.es\/index.php\/wp-json\/wp\/v2\/posts\/8121\/revisions"}],"predecessor-version":[{"id":8128,"href":"https:\/\/arealorcaradio.es\/index.php\/wp-json\/wp\/v2\/posts\/8121\/revisions\/8128"}],"wp:featuredmedia":[{"embeddable":true,"href":"https:\/\/arealorcaradio.es\/index.php\/wp-json\/wp\/v2\/media\/8124"}],"wp:attachment":[{"href":"https:\/\/arealorcaradio.es\/index.php\/wp-json\/wp\/v2\/media?parent=8121"}],"wp:term":[{"taxonomy":"category","embeddable":true,"href":"https:\/\/arealorcaradio.es\/index.php\/wp-json\/wp\/v2\/categories?post=8121"},{"taxonomy":"post_tag","embeddable":true,"href":"https:\/\/arealorcaradio.es\/index.php\/wp-json\/wp\/v2\/tags?post=8121"}],"curies":[{"name":"wp","href":"https:\/\/api.w.org\/{rel}","templated":true}]}}