{"id":810,"date":"2023-05-09T17:26:13","date_gmt":"2023-05-09T17:26:13","guid":{"rendered":"https:\/\/arealorcaradio.es\/?p=810"},"modified":"2023-05-17T14:19:15","modified_gmt":"2023-05-17T14:19:15","slug":"morante-de-la-puebla-sublime-en-sevilla-jorge-martinez-dos-ovaciones-en-la-maestranza-y-paco-urena-prepara-madrid","status":"publish","type":"post","link":"https:\/\/arealorcaradio.es\/index.php\/2023\/05\/09\/morante-de-la-puebla-sublime-en-sevilla-jorge-martinez-dos-ovaciones-en-la-maestranza-y-paco-urena-prepara-madrid\/","title":{"rendered":"Morante de la Puebla sublime en Sevilla, Jorge Mart\u00ednez dos ovaciones en La Maestranza y Paco Ure\u00f1a prepara Madrid."},"content":{"rendered":"<p>\u00c1REA LORCA RADIO.<\/p>\n<p>Escucha aqu\u00ed la secci\u00f3n taurina de \u00c1rea Lorca Radio de la mano de Fran P\u00e9rez, qui\u00e9n analiza la Feria de Abril con un Morante de la Puebla estelar. No falta la informaci\u00f3n del novillero de Totana Jorge Mart\u00ednez y Paco Ure\u00f1a.<\/p>\n<audio class=\"wp-audio-shortcode\" id=\"audio-810-1\" preload=\"none\" style=\"width: 100%;\" controls=\"controls\"><source type=\"audio\/mpeg\" src=\"https:\/\/arealorcaradio.es\/wp-content\/uploads\/2023\/05\/090523-FRAN-PEREZ.-TOROS.mp3?_=1\" \/><a href=\"https:\/\/arealorcaradio.es\/wp-content\/uploads\/2023\/05\/090523-FRAN-PEREZ.-TOROS.mp3\">https:\/\/arealorcaradio.es\/wp-content\/uploads\/2023\/05\/090523-FRAN-PEREZ.-TOROS.mp3<\/a><\/audio>\n","protected":false},"excerpt":{"rendered":"<p>\u00c1REA LORCA RADIO. Escucha aqu\u00ed la secci\u00f3n taurina de \u00c1rea Lorca Radio de la mano de Fran P\u00e9rez, qui\u00e9n analiza la Feria de Abril con un Morante de la Puebla estelar. No falta la informaci\u00f3n del novillero de Totana Jorge Mart\u00ednez y Paco Ure\u00f1a.<\/p>\n","protected":false},"author":1,"featured_media":812,"comment_status":"open","ping_status":"open","sticky":false,"template":"","format":"standard","meta":{"iawp_total_views":5,"footnotes":""},"categories":[5],"tags":[],"class_list":["post-810","post","type-post","status-publish","format-standard","has-post-thumbnail","hentry","category-actualidad"],"yoast_head":"<!-- This site is optimized with the Yoast SEO plugin v27.5 - https:\/\/yoast.com\/product\/yoast-seo-wordpress\/ -->\n<title>Morante de la Puebla sublime en Sevilla, Jorge Mart\u00ednez dos ovaciones en La Maestranza y Paco Ure\u00f1a prepara Madrid. - AREA LORCA RADIO<\/title>\n<meta name=\"robots\" content=\"index, follow, max-snippet:-1, max-image-preview:large, max-video-preview:-1\" \/>\n<link rel=\"canonical\" href=\"https:\/\/arealorcaradio.es\/index.php\/2023\/05\/09\/morante-de-la-puebla-sublime-en-sevilla-jorge-martinez-dos-ovaciones-en-la-maestranza-y-paco-urena-prepara-madrid\/\" \/>\n<meta property=\"og:locale\" content=\"es_ES\" \/>\n<meta property=\"og:type\" content=\"article\" \/>\n<meta property=\"og:title\" content=\"Morante de la Puebla sublime en Sevilla, Jorge Mart\u00ednez dos ovaciones en La Maestranza y Paco Ure\u00f1a prepara Madrid. - AREA LORCA RADIO\" \/>\n<meta property=\"og:description\" content=\"\u00c1REA LORCA RADIO. Escucha aqu\u00ed la secci\u00f3n taurina de \u00c1rea Lorca Radio de la mano de Fran P\u00e9rez, qui\u00e9n analiza la Feria de Abril con un Morante de la Puebla estelar. No falta la informaci\u00f3n del novillero de Totana Jorge Mart\u00ednez y Paco Ure\u00f1a.\" \/>\n<meta property=\"og:url\" content=\"https:\/\/arealorcaradio.es\/index.php\/2023\/05\/09\/morante-de-la-puebla-sublime-en-sevilla-jorge-martinez-dos-ovaciones-en-la-maestranza-y-paco-urena-prepara-madrid\/\" \/>\n<meta property=\"og:site_name\" content=\"AREA LORCA RADIO\" \/>\n<meta property=\"article:published_time\" content=\"2023-05-09T17:26:13+00:00\" \/>\n<meta property=\"article:modified_time\" content=\"2023-05-17T14:19:15+00:00\" \/>\n<meta property=\"og:image\" content=\"https:\/\/arealorcaradio.es\/wp-content\/uploads\/2023\/05\/20230509_175846-scaled.jpg\" \/>\n\t<meta property=\"og:image:width\" content=\"2560\" \/>\n\t<meta property=\"og:image:height\" content=\"1920\" \/>\n\t<meta property=\"og:image:type\" content=\"image\/jpeg\" \/>\n<meta name=\"author\" content=\"Paco S\u00e1nchez\" \/>\n<meta name=\"twitter:card\" content=\"summary_large_image\" \/>\n<meta name=\"twitter:label1\" content=\"Escrito por\" \/>\n\t<meta name=\"twitter:data1\" content=\"Paco S\u00e1nchez\" \/>\n\t<meta name=\"twitter:label2\" content=\"Tiempo de lectura\" \/>\n\t<meta name=\"twitter:data2\" content=\"1 minuto\" \/>\n<script type=\"application\/ld+json\" class=\"yoast-schema-graph\">{\"@context\":\"https:\\\/\\\/schema.org\",\"@graph\":[{\"@type\":\"Article\",\"@id\":\"https:\\\/\\\/arealorcaradio.es\\\/index.php\\\/2023\\\/05\\\/09\\\/morante-de-la-puebla-sublime-en-sevilla-jorge-martinez-dos-ovaciones-en-la-maestranza-y-paco-urena-prepara-madrid\\\/#article\",\"isPartOf\":{\"@id\":\"https:\\\/\\\/arealorcaradio.es\\\/index.php\\\/2023\\\/05\\\/09\\\/morante-de-la-puebla-sublime-en-sevilla-jorge-martinez-dos-ovaciones-en-la-maestranza-y-paco-urena-prepara-madrid\\\/\"},\"author\":{\"name\":\"Paco S\u00e1nchez\",\"@id\":\"https:\\\/\\\/arealorcaradio.es\\\/#\\\/schema\\\/person\\\/9fae605fc25b0f2c83c1ab207139bd27\"},\"headline\":\"Morante de la Puebla sublime en Sevilla, Jorge Mart\u00ednez dos ovaciones en La Maestranza y Paco Ure\u00f1a prepara Madrid.\",\"datePublished\":\"2023-05-09T17:26:13+00:00\",\"dateModified\":\"2023-05-17T14:19:15+00:00\",\"mainEntityOfPage\":{\"@id\":\"https:\\\/\\\/arealorcaradio.es\\\/index.php\\\/2023\\\/05\\\/09\\\/morante-de-la-puebla-sublime-en-sevilla-jorge-martinez-dos-ovaciones-en-la-maestranza-y-paco-urena-prepara-madrid\\\/\"},\"wordCount\":82,\"commentCount\":0,\"image\":{\"@id\":\"https:\\\/\\\/arealorcaradio.es\\\/index.php\\\/2023\\\/05\\\/09\\\/morante-de-la-puebla-sublime-en-sevilla-jorge-martinez-dos-ovaciones-en-la-maestranza-y-paco-urena-prepara-madrid\\\/#primaryimage\"},\"thumbnailUrl\":\"https:\\\/\\\/arealorcaradio.es\\\/wp-content\\\/uploads\\\/2023\\\/05\\\/20230509_175846-scaled.jpg\",\"articleSection\":[\"ACTUALIDAD\"],\"inLanguage\":\"es\",\"potentialAction\":[{\"@type\":\"CommentAction\",\"name\":\"Comment\",\"target\":[\"https:\\\/\\\/arealorcaradio.es\\\/index.php\\\/2023\\\/05\\\/09\\\/morante-de-la-puebla-sublime-en-sevilla-jorge-martinez-dos-ovaciones-en-la-maestranza-y-paco-urena-prepara-madrid\\\/#respond\"]}]},{\"@type\":\"WebPage\",\"@id\":\"https:\\\/\\\/arealorcaradio.es\\\/index.php\\\/2023\\\/05\\\/09\\\/morante-de-la-puebla-sublime-en-sevilla-jorge-martinez-dos-ovaciones-en-la-maestranza-y-paco-urena-prepara-madrid\\\/\",\"url\":\"https:\\\/\\\/arealorcaradio.es\\\/index.php\\\/2023\\\/05\\\/09\\\/morante-de-la-puebla-sublime-en-sevilla-jorge-martinez-dos-ovaciones-en-la-maestranza-y-paco-urena-prepara-madrid\\\/\",\"name\":\"Morante de la Puebla sublime en Sevilla, Jorge Mart\u00ednez dos ovaciones en La Maestranza y Paco Ure\u00f1a prepara Madrid. - AREA LORCA RADIO\",\"isPartOf\":{\"@id\":\"https:\\\/\\\/arealorcaradio.es\\\/#website\"},\"primaryImageOfPage\":{\"@id\":\"https:\\\/\\\/arealorcaradio.es\\\/index.php\\\/2023\\\/05\\\/09\\\/morante-de-la-puebla-sublime-en-sevilla-jorge-martinez-dos-ovaciones-en-la-maestranza-y-paco-urena-prepara-madrid\\\/#primaryimage\"},\"image\":{\"@id\":\"https:\\\/\\\/arealorcaradio.es\\\/index.php\\\/2023\\\/05\\\/09\\\/morante-de-la-puebla-sublime-en-sevilla-jorge-martinez-dos-ovaciones-en-la-maestranza-y-paco-urena-prepara-madrid\\\/#primaryimage\"},\"thumbnailUrl\":\"https:\\\/\\\/arealorcaradio.es\\\/wp-content\\\/uploads\\\/2023\\\/05\\\/20230509_175846-scaled.jpg\",\"datePublished\":\"2023-05-09T17:26:13+00:00\",\"dateModified\":\"2023-05-17T14:19:15+00:00\",\"author\":{\"@id\":\"https:\\\/\\\/arealorcaradio.es\\\/#\\\/schema\\\/person\\\/9fae605fc25b0f2c83c1ab207139bd27\"},\"breadcrumb\":{\"@id\":\"https:\\\/\\\/arealorcaradio.es\\\/index.php\\\/2023\\\/05\\\/09\\\/morante-de-la-puebla-sublime-en-sevilla-jorge-martinez-dos-ovaciones-en-la-maestranza-y-paco-urena-prepara-madrid\\\/#breadcrumb\"},\"inLanguage\":\"es\",\"potentialAction\":[{\"@type\":\"ReadAction\",\"target\":[\"https:\\\/\\\/arealorcaradio.es\\\/index.php\\\/2023\\\/05\\\/09\\\/morante-de-la-puebla-sublime-en-sevilla-jorge-martinez-dos-ovaciones-en-la-maestranza-y-paco-urena-prepara-madrid\\\/\"]}]},{\"@type\":\"ImageObject\",\"inLanguage\":\"es\",\"@id\":\"https:\\\/\\\/arealorcaradio.es\\\/index.php\\\/2023\\\/05\\\/09\\\/morante-de-la-puebla-sublime-en-sevilla-jorge-martinez-dos-ovaciones-en-la-maestranza-y-paco-urena-prepara-madrid\\\/#primaryimage\",\"url\":\"https:\\\/\\\/arealorcaradio.es\\\/wp-content\\\/uploads\\\/2023\\\/05\\\/20230509_175846-scaled.jpg\",\"contentUrl\":\"https:\\\/\\\/arealorcaradio.es\\\/wp-content\\\/uploads\\\/2023\\\/05\\\/20230509_175846-scaled.jpg\",\"width\":2560,\"height\":1920},{\"@type\":\"BreadcrumbList\",\"@id\":\"https:\\\/\\\/arealorcaradio.es\\\/index.php\\\/2023\\\/05\\\/09\\\/morante-de-la-puebla-sublime-en-sevilla-jorge-martinez-dos-ovaciones-en-la-maestranza-y-paco-urena-prepara-madrid\\\/#breadcrumb\",\"itemListElement\":[{\"@type\":\"ListItem\",\"position\":1,\"name\":\"Portada\",\"item\":\"https:\\\/\\\/arealorcaradio.es\\\/\"},{\"@type\":\"ListItem\",\"position\":2,\"name\":\"Morante de la Puebla sublime en Sevilla, Jorge Mart\u00ednez dos ovaciones en La Maestranza y Paco Ure\u00f1a prepara Madrid.\"}]},{\"@type\":\"WebSite\",\"@id\":\"https:\\\/\\\/arealorcaradio.es\\\/#website\",\"url\":\"https:\\\/\\\/arealorcaradio.es\\\/\",\"name\":\"AREA LORCA RADIO\",\"description\":\"Descubre la programaci\u00f3n actual en \u00c1rea Lorca Radio, tu fuente de entrenamiento y noticias locales. Sintoniza ahora y mantente conectado online.\",\"potentialAction\":[{\"@type\":\"SearchAction\",\"target\":{\"@type\":\"EntryPoint\",\"urlTemplate\":\"https:\\\/\\\/arealorcaradio.es\\\/?s={search_term_string}\"},\"query-input\":{\"@type\":\"PropertyValueSpecification\",\"valueRequired\":true,\"valueName\":\"search_term_string\"}}],\"inLanguage\":\"es\"},{\"@type\":\"Person\",\"@id\":\"https:\\\/\\\/arealorcaradio.es\\\/#\\\/schema\\\/person\\\/9fae605fc25b0f2c83c1ab207139bd27\",\"name\":\"Paco S\u00e1nchez\",\"image\":{\"@type\":\"ImageObject\",\"inLanguage\":\"es\",\"@id\":\"https:\\\/\\\/secure.gravatar.com\\\/avatar\\\/d67144e966420fb74aa84c9f2a0103be4724fd14db52b52d3b6bca749f257e79?s=96&d=mm&r=g\",\"url\":\"https:\\\/\\\/secure.gravatar.com\\\/avatar\\\/d67144e966420fb74aa84c9f2a0103be4724fd14db52b52d3b6bca749f257e79?s=96&d=mm&r=g\",\"contentUrl\":\"https:\\\/\\\/secure.gravatar.com\\\/avatar\\\/d67144e966420fb74aa84c9f2a0103be4724fd14db52b52d3b6bca749f257e79?s=96&d=mm&r=g\",\"caption\":\"Paco S\u00e1nchez\"},\"sameAs\":[\"https:\\\/\\\/arealorcaradio.es\"],\"url\":\"https:\\\/\\\/arealorcaradio.es\\\/index.php\\\/author\\\/admin_alorcaradio\\\/\"}]}<\/script>\n<!-- \/ Yoast SEO plugin. -->","yoast_head_json":{"title":"Morante de la Puebla sublime en Sevilla, Jorge Mart\u00ednez dos ovaciones en La Maestranza y Paco Ure\u00f1a prepara Madrid. - AREA LORCA RADIO","robots":{"index":"index","follow":"follow","max-snippet":"max-snippet:-1","max-image-preview":"max-image-preview:large","max-video-preview":"max-video-preview:-1"},"canonical":"https:\/\/arealorcaradio.es\/index.php\/2023\/05\/09\/morante-de-la-puebla-sublime-en-sevilla-jorge-martinez-dos-ovaciones-en-la-maestranza-y-paco-urena-prepara-madrid\/","og_locale":"es_ES","og_type":"article","og_title":"Morante de la Puebla sublime en Sevilla, Jorge Mart\u00ednez dos ovaciones en La Maestranza y Paco Ure\u00f1a prepara Madrid. - AREA LORCA RADIO","og_description":"\u00c1REA LORCA RADIO. Escucha aqu\u00ed la secci\u00f3n taurina de \u00c1rea Lorca Radio de la mano de Fran P\u00e9rez, qui\u00e9n analiza la Feria de Abril con un Morante de la Puebla estelar. No falta la informaci\u00f3n del novillero de Totana Jorge Mart\u00ednez y Paco Ure\u00f1a.","og_url":"https:\/\/arealorcaradio.es\/index.php\/2023\/05\/09\/morante-de-la-puebla-sublime-en-sevilla-jorge-martinez-dos-ovaciones-en-la-maestranza-y-paco-urena-prepara-madrid\/","og_site_name":"AREA LORCA RADIO","article_published_time":"2023-05-09T17:26:13+00:00","article_modified_time":"2023-05-17T14:19:15+00:00","og_image":[{"width":2560,"height":1920,"url":"https:\/\/arealorcaradio.es\/wp-content\/uploads\/2023\/05\/20230509_175846-scaled.jpg","type":"image\/jpeg"}],"author":"Paco S\u00e1nchez","twitter_card":"summary_large_image","twitter_misc":{"Escrito por":"Paco S\u00e1nchez","Tiempo de lectura":"1 minuto"},"schema":{"@context":"https:\/\/schema.org","@graph":[{"@type":"Article","@id":"https:\/\/arealorcaradio.es\/index.php\/2023\/05\/09\/morante-de-la-puebla-sublime-en-sevilla-jorge-martinez-dos-ovaciones-en-la-maestranza-y-paco-urena-prepara-madrid\/#article","isPartOf":{"@id":"https:\/\/arealorcaradio.es\/index.php\/2023\/05\/09\/morante-de-la-puebla-sublime-en-sevilla-jorge-martinez-dos-ovaciones-en-la-maestranza-y-paco-urena-prepara-madrid\/"},"author":{"name":"Paco S\u00e1nchez","@id":"https:\/\/arealorcaradio.es\/#\/schema\/person\/9fae605fc25b0f2c83c1ab207139bd27"},"headline":"Morante de la Puebla sublime en Sevilla, Jorge Mart\u00ednez dos ovaciones en La Maestranza y Paco Ure\u00f1a prepara Madrid.","datePublished":"2023-05-09T17:26:13+00:00","dateModified":"2023-05-17T14:19:15+00:00","mainEntityOfPage":{"@id":"https:\/\/arealorcaradio.es\/index.php\/2023\/05\/09\/morante-de-la-puebla-sublime-en-sevilla-jorge-martinez-dos-ovaciones-en-la-maestranza-y-paco-urena-prepara-madrid\/"},"wordCount":82,"commentCount":0,"image":{"@id":"https:\/\/arealorcaradio.es\/index.php\/2023\/05\/09\/morante-de-la-puebla-sublime-en-sevilla-jorge-martinez-dos-ovaciones-en-la-maestranza-y-paco-urena-prepara-madrid\/#primaryimage"},"thumbnailUrl":"https:\/\/arealorcaradio.es\/wp-content\/uploads\/2023\/05\/20230509_175846-scaled.jpg","articleSection":["ACTUALIDAD"],"inLanguage":"es","potentialAction":[{"@type":"CommentAction","name":"Comment","target":["https:\/\/arealorcaradio.es\/index.php\/2023\/05\/09\/morante-de-la-puebla-sublime-en-sevilla-jorge-martinez-dos-ovaciones-en-la-maestranza-y-paco-urena-prepara-madrid\/#respond"]}]},{"@type":"WebPage","@id":"https:\/\/arealorcaradio.es\/index.php\/2023\/05\/09\/morante-de-la-puebla-sublime-en-sevilla-jorge-martinez-dos-ovaciones-en-la-maestranza-y-paco-urena-prepara-madrid\/","url":"https:\/\/arealorcaradio.es\/index.php\/2023\/05\/09\/morante-de-la-puebla-sublime-en-sevilla-jorge-martinez-dos-ovaciones-en-la-maestranza-y-paco-urena-prepara-madrid\/","name":"Morante de la Puebla sublime en Sevilla, Jorge Mart\u00ednez dos ovaciones en La Maestranza y Paco Ure\u00f1a prepara Madrid. - AREA LORCA RADIO","isPartOf":{"@id":"https:\/\/arealorcaradio.es\/#website"},"primaryImageOfPage":{"@id":"https:\/\/arealorcaradio.es\/index.php\/2023\/05\/09\/morante-de-la-puebla-sublime-en-sevilla-jorge-martinez-dos-ovaciones-en-la-maestranza-y-paco-urena-prepara-madrid\/#primaryimage"},"image":{"@id":"https:\/\/arealorcaradio.es\/index.php\/2023\/05\/09\/morante-de-la-puebla-sublime-en-sevilla-jorge-martinez-dos-ovaciones-en-la-maestranza-y-paco-urena-prepara-madrid\/#primaryimage"},"thumbnailUrl":"https:\/\/arealorcaradio.es\/wp-content\/uploads\/2023\/05\/20230509_175846-scaled.jpg","datePublished":"2023-05-09T17:26:13+00:00","dateModified":"2023-05-17T14:19:15+00:00","author":{"@id":"https:\/\/arealorcaradio.es\/#\/schema\/person\/9fae605fc25b0f2c83c1ab207139bd27"},"breadcrumb":{"@id":"https:\/\/arealorcaradio.es\/index.php\/2023\/05\/09\/morante-de-la-puebla-sublime-en-sevilla-jorge-martinez-dos-ovaciones-en-la-maestranza-y-paco-urena-prepara-madrid\/#breadcrumb"},"inLanguage":"es","potentialAction":[{"@type":"ReadAction","target":["https:\/\/arealorcaradio.es\/index.php\/2023\/05\/09\/morante-de-la-puebla-sublime-en-sevilla-jorge-martinez-dos-ovaciones-en-la-maestranza-y-paco-urena-prepara-madrid\/"]}]},{"@type":"ImageObject","inLanguage":"es","@id":"https:\/\/arealorcaradio.es\/index.php\/2023\/05\/09\/morante-de-la-puebla-sublime-en-sevilla-jorge-martinez-dos-ovaciones-en-la-maestranza-y-paco-urena-prepara-madrid\/#primaryimage","url":"https:\/\/arealorcaradio.es\/wp-content\/uploads\/2023\/05\/20230509_175846-scaled.jpg","contentUrl":"https:\/\/arealorcaradio.es\/wp-content\/uploads\/2023\/05\/20230509_175846-scaled.jpg","width":2560,"height":1920},{"@type":"BreadcrumbList","@id":"https:\/\/arealorcaradio.es\/index.php\/2023\/05\/09\/morante-de-la-puebla-sublime-en-sevilla-jorge-martinez-dos-ovaciones-en-la-maestranza-y-paco-urena-prepara-madrid\/#breadcrumb","itemListElement":[{"@type":"ListItem","position":1,"name":"Portada","item":"https:\/\/arealorcaradio.es\/"},{"@type":"ListItem","position":2,"name":"Morante de la Puebla sublime en Sevilla, Jorge Mart\u00ednez dos ovaciones en La Maestranza y Paco Ure\u00f1a prepara Madrid."}]},{"@type":"WebSite","@id":"https:\/\/arealorcaradio.es\/#website","url":"https:\/\/arealorcaradio.es\/","name":"AREA LORCA RADIO","description":"Descubre la programaci\u00f3n actual en \u00c1rea Lorca Radio, tu fuente de entrenamiento y noticias locales. Sintoniza ahora y mantente conectado online.","potentialAction":[{"@type":"SearchAction","target":{"@type":"EntryPoint","urlTemplate":"https:\/\/arealorcaradio.es\/?s={search_term_string}"},"query-input":{"@type":"PropertyValueSpecification","valueRequired":true,"valueName":"search_term_string"}}],"inLanguage":"es"},{"@type":"Person","@id":"https:\/\/arealorcaradio.es\/#\/schema\/person\/9fae605fc25b0f2c83c1ab207139bd27","name":"Paco S\u00e1nchez","image":{"@type":"ImageObject","inLanguage":"es","@id":"https:\/\/secure.gravatar.com\/avatar\/d67144e966420fb74aa84c9f2a0103be4724fd14db52b52d3b6bca749f257e79?s=96&d=mm&r=g","url":"https:\/\/secure.gravatar.com\/avatar\/d67144e966420fb74aa84c9f2a0103be4724fd14db52b52d3b6bca749f257e79?s=96&d=mm&r=g","contentUrl":"https:\/\/secure.gravatar.com\/avatar\/d67144e966420fb74aa84c9f2a0103be4724fd14db52b52d3b6bca749f257e79?s=96&d=mm&r=g","caption":"Paco S\u00e1nchez"},"sameAs":["https:\/\/arealorcaradio.es"],"url":"https:\/\/arealorcaradio.es\/index.php\/author\/admin_alorcaradio\/"}]}},"_links":{"self":[{"href":"https:\/\/arealorcaradio.es\/index.php\/wp-json\/wp\/v2\/posts\/810","targetHints":{"allow":["GET"]}}],"collection":[{"href":"https:\/\/arealorcaradio.es\/index.php\/wp-json\/wp\/v2\/posts"}],"about":[{"href":"https:\/\/arealorcaradio.es\/index.php\/wp-json\/wp\/v2\/types\/post"}],"author":[{"embeddable":true,"href":"https:\/\/arealorcaradio.es\/index.php\/wp-json\/wp\/v2\/users\/1"}],"replies":[{"embeddable":true,"href":"https:\/\/arealorcaradio.es\/index.php\/wp-json\/wp\/v2\/comments?post=810"}],"version-history":[{"count":1,"href":"https:\/\/arealorcaradio.es\/index.php\/wp-json\/wp\/v2\/posts\/810\/revisions"}],"predecessor-version":[{"id":813,"href":"https:\/\/arealorcaradio.es\/index.php\/wp-json\/wp\/v2\/posts\/810\/revisions\/813"}],"wp:featuredmedia":[{"embeddable":true,"href":"https:\/\/arealorcaradio.es\/index.php\/wp-json\/wp\/v2\/media\/812"}],"wp:attachment":[{"href":"https:\/\/arealorcaradio.es\/index.php\/wp-json\/wp\/v2\/media?parent=810"}],"wp:term":[{"taxonomy":"category","embeddable":true,"href":"https:\/\/arealorcaradio.es\/index.php\/wp-json\/wp\/v2\/categories?post=810"},{"taxonomy":"post_tag","embeddable":true,"href":"https:\/\/arealorcaradio.es\/index.php\/wp-json\/wp\/v2\/tags?post=810"}],"curies":[{"name":"wp","href":"https:\/\/api.w.org\/{rel}","templated":true}]}}